{"id":10220,"date":"2020-03-15T16:45:38","date_gmt":"2020-03-15T15:45:38","guid":{"rendered":"http:\/\/www.fileasbl.be\/membres\/?p=10220"},"modified":"2020-06-09T09:45:30","modified_gmt":"2020-06-09T08:45:30","slug":"inclure-par-lart-et-la-culture","status":"publish","type":"post","link":"https:\/\/www.fileasbl.be\/membres\/inclure-par-lart-et-la-culture\/","title":{"rendered":"Mus\u00e9es accessibles \u00e0 la petite enfance"},"content":{"rendered":"<!--themify_builder_content-->\n<div id=\"themify_builder_content-10220\" data-postid=\"10220\" class=\"themify_builder_content themify_builder_content-10220 themify_builder tf_clear\">\n    \t<!-- module_row -->\n\t<div  data-lazy=\"1\" class=\"module_row themify_builder_row tb_sh55388 tb_first tf_clearfix\">\n\t    \t\t<div class=\"row_inner col_align_top col-count-1 tf_box tf_w tf_rel\">\n\t\t\t<div  data-lazy=\"1\" class=\"module_column tb-column col-full first tb_x5i8389 tf_box\">\n\t\t\t    \t        <div class=\"tb-column-inner tf_box tf_w\">\n\t\t    <!-- module image -->\n<div  class=\"module module-image tb_vyc9147   image-top auto_fullwidth tf_mw\" data-lazy=\"1\">\n        <div class=\"image-wrap tf_rel tf_mw\">\n\t\t    <img decoding=\"async\" src=\"http:\/\/www.fileasbl.be\/membres\/wp-content\/uploads\/2020\/03\/2020-Site-article-800x200-Mus\u00e9es.jpg\" title=\"Mus\u00e9es accessibles \u00e0 la petite enfance\" alt=\"Mus\u00e9es accessibles \u00e0 la petite enfance\">\t\n\t\t<\/div>\n\t<!-- \/image-wrap -->\n    \n    \t<\/div>\n<!-- \/module image --><!-- module text -->\n<div  class=\"module module-text tb_zsmz75   \" data-lazy=\"1\">\n        <div  class=\"tb_text_wrap\">\n    <h2 style=\"text-align: left;\">Colloque \u00ab Petite enfance : Inclure par l\u2019art et la culture \u00bb\u00a0<br \/>18 octobre 2019 \u2013 Antibes<\/h2>\n<p>\u00a0<\/p>\n<p>Dans la ville d\u2019Antibes, les mus\u00e9es s\u2019ouvrent petit \u00e0 petit \u00e0 la petite enfance.<\/p>    <\/div>\n<\/div>\n<!-- \/module text --><!-- module text -->\n<div  class=\"module module-text tb_db9h607   \" data-lazy=\"1\">\n        <div  class=\"tb_text_wrap\">\n    <h3><strong><a href=\"http:\/\/www.fileasbl.be\/membres\/wp-content\/uploads\/2020\/03\/Antibes_Museum_Picasso.jpg\"><img loading=\"lazy\" decoding=\"async\" class=\"alignright wp-image-10586 size-medium\" src=\"http:\/\/www.fileasbl.be\/membres\/wp-content\/uploads\/2020\/03\/Antibes_Museum_Picasso-300x201.jpg\" alt=\"\" width=\"300\" height=\"201\" srcset=\"https:\/\/www.fileasbl.be\/membres\/wp-content\/uploads\/2020\/03\/Antibes_Museum_Picasso-300x201.jpg 300w, https:\/\/www.fileasbl.be\/membres\/wp-content\/uploads\/2020\/03\/Antibes_Museum_Picasso-768x514.jpg 768w, https:\/\/www.fileasbl.be\/membres\/wp-content\/uploads\/2020\/03\/Antibes_Museum_Picasso-1024x685.jpg 1024w, https:\/\/www.fileasbl.be\/membres\/wp-content\/uploads\/2020\/03\/Antibes_Museum_Picasso-400x268.jpg 400w\" sizes=\"auto, (max-width: 300px) 100vw, 300px\" \/><\/a><span style=\"color: #333399;\">Le mus\u00e9e Picasso (1966)<\/span><\/strong><\/h3>\n<p><a href=\"http:\/\/www.antibes-juanlespins.com\/culture\/musee-picasso\" target=\"_blank\" rel=\"noopener\">Le mus\u00e9e municipal Picasso<\/a> propose des ateliers pour tout petits depuis quelques ann\u00e9es\u00a0autour des cinq sens. Pour les enfants de 2 ans et demi \u00e0 4 ans\u00a0; le mus\u00e9e organise des s\u00e9ances qui pr\u00e9sentent une \u0153uvre d\u2019art via une bo\u00eete \u00e0 tr\u00e9sors, avec des supports, des photos, des formes, des couleurs, des sons&#8230; <br \/>Les enfants sont assis devant l\u2019\u0153uvre et la bo\u00eete est \u00e0 leur disposition pour enrichir la d\u00e9couverte du tableau. Des puzzles et des ateliers plastiques sont aussi propos\u00e9s afin d\u2019aller plus loin dans l\u2019exploration. Les cinq sens sont utilis\u00e9s et cette approche pla\u00eet beaucoup aux enfants\u00a0!<\/p>\n<p>Pour les professionnels de la petite enfance, le mus\u00e9e propose des activit\u00e9s comme \u00ab\u00a0Ulysse et ses matelots en herbe\u00a0\u00bb\u00a0: plusieurs s\u00e9ances avec la bo\u00eete \u00e0 tr\u00e9sors (voir ci-dessus) pour s\u2019approprier une oeuvre, r\u00e9interpr\u00e9tation de la bo\u00eete en dehors du mus\u00e9e, dans le milieu d\u2019accueil, et pour cl\u00f4turer, un retour au mus\u00e9e avec cr\u00e9ation d\u2019une \u0153uvre en lien avec celle d\u00e9couverte. \u00a0<br \/><br \/>Le mus\u00e9e propose \u00e9galement d\u2019autres ateliers pour tout-petits comme \u00ab\u00a0En avant la musique\u00a0\u00bb qui allie l\u2019art plastique et la musique (ex\u00a0: peinture avec le corps en se laissant guider par une musique).<\/p>\n<p>Les activit\u00e9s sont gratuites pour les milieux d\u2019accueil\u00a0!<\/p>    <\/div>\n<\/div>\n<!-- \/module text -->\t        <\/div>\n\t    \t<\/div>\n\t\t    <\/div>\n\t    <!-- \/row_inner -->\n\t<\/div>\n\t<!-- \/module_row -->\n\t\t<!-- module_row -->\n\t<div  data-lazy=\"1\" class=\"module_row themify_builder_row tb_kloa56 tf_clearfix\">\n\t    \t\t<div class=\"row_inner col_align_top col-count-1 tf_box tf_w tf_rel\">\n\t\t\t<div  data-lazy=\"1\" class=\"module_column tb-column col-full first tb_itvc58 tf_box\">\n\t\t\t    \t        <div class=\"tb-column-inner tf_box tf_w\">\n\t\t    <!-- module text -->\n<div  class=\"module module-text tb_dxsk524   \" data-lazy=\"1\">\n        <div  class=\"tb_text_wrap\">\n    <h3 style=\"text-align: left;\"><a href=\"http:\/\/www.fileasbl.be\/membres\/wp-content\/uploads\/2020\/03\/Le_Cannet_-_Le_mus\u00e9e_Bonnard_et_l\u00e9glise.jpg\"><img loading=\"lazy\" decoding=\"async\" class=\"size-medium wp-image-10576 alignright\" src=\"http:\/\/www.fileasbl.be\/membres\/wp-content\/uploads\/2020\/03\/Le_Cannet_-_Le_mus\u00e9e_Bonnard_et_l\u00e9glise-300x195.jpg\" alt=\"\" width=\"300\" height=\"195\" srcset=\"https:\/\/www.fileasbl.be\/membres\/wp-content\/uploads\/2020\/03\/Le_Cannet_-_Le_mus\u00e9e_Bonnard_et_l\u00e9glise-300x195.jpg 300w, https:\/\/www.fileasbl.be\/membres\/wp-content\/uploads\/2020\/03\/Le_Cannet_-_Le_mus\u00e9e_Bonnard_et_l\u00e9glise-768x499.jpg 768w, https:\/\/www.fileasbl.be\/membres\/wp-content\/uploads\/2020\/03\/Le_Cannet_-_Le_mus\u00e9e_Bonnard_et_l\u00e9glise-1024x666.jpg 1024w, https:\/\/www.fileasbl.be\/membres\/wp-content\/uploads\/2020\/03\/Le_Cannet_-_Le_mus\u00e9e_Bonnard_et_l\u00e9glise-400x260.jpg 400w\" sizes=\"auto, (max-width: 300px) 100vw, 300px\" \/><\/a><\/h3>\n<h3><strong><span style=\"color: #333399;\">Le mus\u00e9e Bonnard (2011)<\/span><\/strong><\/h3>\n<p><a href=\"http:\/\/www.museebonnard.fr\/\">Le mus\u00e9e Bonnard<\/a> est un autre exemple du lien entre l\u2019art et la petite enfance \u00e0 Antibes. Leur projet \u00ab Le b\u00e9b\u00e9 et l\u2019art \u00bb a pris un peu de temps \u00e0 voir le jour car il fallait convaincre la hi\u00e9rarchie de l\u2019importance de l\u2019art pour les enfants. Le mus\u00e9e a finalement d\u00e9cid\u00e9 d\u2019investir ce public des b\u00e9b\u00e9s de 20 mois \u00e0 3 ans : Ils dansent, jouent, marchent, explorent et d\u00e9couvrent\u2026 La motivation du personnel a donc grandi pour ce public et un espace adapt\u00e9 et accessible aux b\u00e9b\u00e9s a vu le jour (ex : chaises et tables \u00e0 leur hauteur).<br \/><br \/>Le mus\u00e9e propose 3 ateliers gratuits\u00a0: Un atelier d\u2019\u00e9veil pour les particuliers, un atelier d\u2019\u00e9veil pour milieux d\u2019accueil et un atelier qui se r\u00e9alise en dehors du mus\u00e9e (l\u2019animatrice se d\u00e9place en milieu d\u2019accueil). <br \/><br \/><\/p>    <\/div>\n<\/div>\n<!-- \/module text -->\t        <\/div>\n\t    \t<\/div>\n\t\t    <\/div>\n\t    <!-- \/row_inner -->\n\t<\/div>\n\t<!-- \/module_row -->\n\t\t<!-- module_row -->\n\t<div  data-lazy=\"1\" class=\"module_row themify_builder_row tb_ju7l488 tf_clearfix\">\n\t    \t\t<div class=\"row_inner col_align_top col-count-1 tf_box tf_w tf_rel\">\n\t\t\t<div  data-lazy=\"1\" class=\"module_column tb-column col-full first tb_48gw489 tf_box\">\n\t\t\t    \t        <div class=\"tb-column-inner tf_box tf_w\">\n\t\t    <!-- module text -->\n<div  class=\"module module-text tb_yoym489   \" data-lazy=\"1\">\n        <div  class=\"tb_text_wrap\">\n    <p>En ce qui concerne les ateliers pour particuliers, le mus\u00e9e organise :<\/p>\n<p>\u00ab\u00a0Yog\u2019ART\u00a0\u00bb \u00e0 destination des parents et enfants (dans le mus\u00e9e).<br \/>\u00ab\u00a0Peinture\u00a0\u00bb \u00e0 destination des enfants de 23 mois \u00e0 3 ans.<br \/>\u00ab\u00a0Photographie\u00a0\u00bb avec du papier photo-solaire. <br \/><br \/>En ce qui concerne les ateliers pour les cr\u00e8ches\u00a0: une visite guid\u00e9e est propos\u00e9e avec des outils qui se r\u00e9f\u00e8rent aux diff\u00e9rentes \u0153uvres (d\u00e9guisements, formes, puzzles\u2026) et ensuite un atelier ludique prend place sur la th\u00e9matique des r\u00e8gles d\u2019un mus\u00e9e (ne pas toucher, de pas prendre le tableau avec soi\u2026) pour sensibiliser les enfants au \u00ab\u00a0monde de la culture\u00a0\u00bb.<br \/><br \/>Le mus\u00e9e se d\u00e9place \u00e9galement dans les milieux d\u2019accueil et propose des ateliers tels que <em>\u00ab\u00a0les \u00e9motions des tout petits \u00e0 travers l\u2019art\u00a0\u00bb<\/em>. Sur base d\u2019un tableau, quelles sont les \u00e9motions qui en ressortent\u00a0? Une activit\u00e9 de cr\u00e9ation d\u2019un nuancier et de photos de l\u2019enfant qui reproduisent les \u00e9motions est, par apr\u00e8s, propos\u00e9e. La cr\u00e8che peut afficher les photos et les nuanciers afin de les utiliser en guise de r\u00e9f\u00e9rence au quotidien.<\/p>\n<p><a href=\"http:\/\/www.fileasbl.be\/membres\/wp-content\/uploads\/2020\/03\/school-supplies-1581760_1920.jpg\"><img loading=\"lazy\" decoding=\"async\" class=\"alignleft wp-image-10911 size-medium\" src=\"http:\/\/www.fileasbl.be\/membres\/wp-content\/uploads\/2020\/03\/school-supplies-1581760_1920-300x200.jpg\" alt=\"\" width=\"300\" height=\"200\" srcset=\"https:\/\/www.fileasbl.be\/membres\/wp-content\/uploads\/2020\/03\/school-supplies-1581760_1920-300x200.jpg 300w, https:\/\/www.fileasbl.be\/membres\/wp-content\/uploads\/2020\/03\/school-supplies-1581760_1920-768x512.jpg 768w, https:\/\/www.fileasbl.be\/membres\/wp-content\/uploads\/2020\/03\/school-supplies-1581760_1920-1024x683.jpg 1024w, https:\/\/www.fileasbl.be\/membres\/wp-content\/uploads\/2020\/03\/school-supplies-1581760_1920-400x267.jpg 400w, https:\/\/www.fileasbl.be\/membres\/wp-content\/uploads\/2020\/03\/school-supplies-1581760_1920.jpg 1920w\" sizes=\"auto, (max-width: 300px) 100vw, 300px\" \/><\/a>Une autre id\u00e9e qui pourrait vous inspirer est celle d\u2019un atelier r\u00e9alis\u00e9 \u00e9galement dans les milieux d\u2019accueil\u00a0: \u00ab\u00a0La peinture libre\u00a0\u00bb. Une cr\u00e9ation de peinture voit le jour \u00e0 partir d\u2019une \u0153uvre (avec le corps, des pinceaux, des \u00e9ponges\u2026)\u00a0; les enfants s\u2019inspirent de ce qu\u2019ils voient, ressentent\u2026 et il est possible de faire un vernissage, par la suite, avec toutes ces nouvelles \u0153uvres, ce qui am\u00e8ne un moment festif avec les parents.<br \/><br \/>Le mus\u00e9e ne s\u2019arr\u00eate pas l\u00e0\u2026 En projet pour 2020\u00a0: <em>\u00ab\u00a0La peinture culinaire\u00a0! Miam\u00a0!\u00a0\u00bb<\/em>\u00a0&#8211; Il s\u2019agira d\u2019art et de cuisine 100% v\u00e9g\u00e9tale\u00a0: un atelier qui proposera de r\u00e9aliser une \u0153uvre \u00e0 base de v\u00e9g\u00e9tale. Le mus\u00e9e Bonnard a pour projet de d\u00e9velopper \u00e9galement un espace <em>\u00ab\u00a0mus\u00e9e des enfants\u00a0\u00bb<\/em> avec des tableaux \u00e0 leur hauteur et qui pourraient \u00eatre touch\u00e9s et investis par ce public si curieux et avide d\u2019exploration&#8230;<\/p>\n<p style=\"text-align: right;\"><em>Laur\u00e8ne Trevisan, FILE asbl, 10\/2019<\/em><\/p>    <\/div>\n<\/div>\n<!-- \/module text -->\t        <\/div>\n\t    \t<\/div>\n\t\t    <\/div>\n\t    <!-- \/row_inner -->\n\t<\/div>\n\t<!-- \/module_row -->\n\t<\/div>\n<!--\/themify_builder_content-->","protected":false},"excerpt":{"rendered":"<p>Colloque \u00ab Petite enfance : Inclure par l\u2019art et la culture \u00bb<br \/>\n18 octobre 2019 \u2013 Antibes<\/p>\n","protected":false},"author":2,"featured_media":10569,"comment_status":"open","ping_status":"open","sticky":false,"template":"","format":"standard","meta":{"footnotes":""},"categories":[293,300],"tags":[],"class_list":["post-10220","post","type-post","status-publish","format-standard","has-post-thumbnail","hentry","category-art","category-notes-pedagogiques","has-post-title","has-post-date","has-post-category","has-post-tag","has-post-comment","has-post-author",""],"yoast_head":"<!-- This site is optimized with the Yoast SEO plugin v27.4 - https:\/\/yoast.com\/product\/yoast-seo-wordpress\/ -->\n<title>Mus\u00e9es accessibles \u00e0 la petite enfance - Site de la FILE<\/title>\n<meta name=\"description\" content=\"La FILE vous invite le 9 juin 2020 \u00e0 une matin\u00e9e de conf\u00e9rence sur les intelligences multiples avec Perrine Bigot ! Renseignements suppl\u00e9mentaires \u00e0 venir.\" \/>\n<meta name=\"robots\" content=\"index, follow, max-snippet:-1, max-image-preview:large, max-video-preview:-1\" \/>\n<link rel=\"canonical\" href=\"https:\/\/www.fileasbl.be\/membres\/inclure-par-lart-et-la-culture\/\" \/>\n<meta property=\"og:locale\" content=\"fr_FR\" \/>\n<meta property=\"og:type\" content=\"article\" \/>\n<meta property=\"og:title\" content=\"Mus\u00e9es accessibles \u00e0 la petite enfance - Site de la FILE\" \/>\n<meta property=\"og:description\" content=\"La FILE vous invite le 9 juin 2020 \u00e0 une matin\u00e9e de conf\u00e9rence sur les intelligences multiples avec Perrine Bigot ! Renseignements suppl\u00e9mentaires \u00e0 venir.\" \/>\n<meta property=\"og:url\" content=\"https:\/\/www.fileasbl.be\/membres\/inclure-par-lart-et-la-culture\/\" \/>\n<meta property=\"og:site_name\" content=\"Site de la FILE\" \/>\n<meta property=\"article:publisher\" content=\"https:\/\/www.facebook.com\/fileasbl\/\" \/>\n<meta property=\"article:published_time\" content=\"2020-03-15T15:45:38+00:00\" \/>\n<meta property=\"article:modified_time\" content=\"2020-06-09T08:45:30+00:00\" \/>\n<meta property=\"og:image\" content=\"https:\/\/www.fileasbl.be\/membres\/wp-content\/uploads\/2020\/03\/2020-Site-A-la-une-Mus\u00e9es.jpg\" \/>\n\t<meta property=\"og:image:width\" content=\"1600\" \/>\n\t<meta property=\"og:image:height\" content=\"837\" \/>\n\t<meta property=\"og:image:type\" content=\"image\/jpeg\" \/>\n<meta name=\"author\" content=\"Contact FILE\" \/>\n<meta name=\"twitter:card\" content=\"summary_large_image\" \/>\n<meta name=\"twitter:label1\" content=\"\u00c9crit par\" \/>\n\t<meta name=\"twitter:data1\" content=\"Contact FILE\" \/>\n\t<meta name=\"twitter:label2\" content=\"Dur\u00e9e de lecture estim\u00e9e\" \/>\n\t<meta name=\"twitter:data2\" content=\"4 minutes\" \/>\n<script type=\"application\/ld+json\" class=\"yoast-schema-graph\">{\"@context\":\"https:\\\/\\\/schema.org\",\"@graph\":[{\"@type\":\"Article\",\"@id\":\"https:\\\/\\\/www.fileasbl.be\\\/membres\\\/inclure-par-lart-et-la-culture\\\/#article\",\"isPartOf\":{\"@id\":\"https:\\\/\\\/www.fileasbl.be\\\/membres\\\/inclure-par-lart-et-la-culture\\\/\"},\"author\":{\"name\":\"Contact FILE\",\"@id\":\"https:\\\/\\\/www.fileasbl.be\\\/membres\\\/#\\\/schema\\\/person\\\/5954a0c68c3a6f92f805465caa00d25f\"},\"headline\":\"Mus\u00e9es accessibles \u00e0 la petite enfance\",\"datePublished\":\"2020-03-15T15:45:38+00:00\",\"dateModified\":\"2020-06-09T08:45:30+00:00\",\"mainEntityOfPage\":{\"@id\":\"https:\\\/\\\/www.fileasbl.be\\\/membres\\\/inclure-par-lart-et-la-culture\\\/\"},\"wordCount\":775,\"commentCount\":0,\"image\":{\"@id\":\"https:\\\/\\\/www.fileasbl.be\\\/membres\\\/inclure-par-lart-et-la-culture\\\/#primaryimage\"},\"thumbnailUrl\":\"https:\\\/\\\/www.fileasbl.be\\\/membres\\\/wp-content\\\/uploads\\\/2020\\\/03\\\/2020-Site-A-la-une-Mus\u00e9es.jpg\",\"articleSection\":[\"Art Culturel\",\"Notes p\u00e9dagogiques\"],\"inLanguage\":\"fr-FR\",\"potentialAction\":[{\"@type\":\"CommentAction\",\"name\":\"Comment\",\"target\":[\"https:\\\/\\\/www.fileasbl.be\\\/membres\\\/inclure-par-lart-et-la-culture\\\/#respond\"]}]},{\"@type\":\"WebPage\",\"@id\":\"https:\\\/\\\/www.fileasbl.be\\\/membres\\\/inclure-par-lart-et-la-culture\\\/\",\"url\":\"https:\\\/\\\/www.fileasbl.be\\\/membres\\\/inclure-par-lart-et-la-culture\\\/\",\"name\":\"Mus\u00e9es accessibles \u00e0 la petite enfance - Site de la FILE\",\"isPartOf\":{\"@id\":\"https:\\\/\\\/www.fileasbl.be\\\/membres\\\/#website\"},\"primaryImageOfPage\":{\"@id\":\"https:\\\/\\\/www.fileasbl.be\\\/membres\\\/inclure-par-lart-et-la-culture\\\/#primaryimage\"},\"image\":{\"@id\":\"https:\\\/\\\/www.fileasbl.be\\\/membres\\\/inclure-par-lart-et-la-culture\\\/#primaryimage\"},\"thumbnailUrl\":\"https:\\\/\\\/www.fileasbl.be\\\/membres\\\/wp-content\\\/uploads\\\/2020\\\/03\\\/2020-Site-A-la-une-Mus\u00e9es.jpg\",\"datePublished\":\"2020-03-15T15:45:38+00:00\",\"dateModified\":\"2020-06-09T08:45:30+00:00\",\"author\":{\"@id\":\"https:\\\/\\\/www.fileasbl.be\\\/membres\\\/#\\\/schema\\\/person\\\/5954a0c68c3a6f92f805465caa00d25f\"},\"description\":\"La FILE vous invite le 9 juin 2020 \u00e0 une matin\u00e9e de conf\u00e9rence sur les intelligences multiples avec Perrine Bigot ! Renseignements suppl\u00e9mentaires \u00e0 venir.\",\"breadcrumb\":{\"@id\":\"https:\\\/\\\/www.fileasbl.be\\\/membres\\\/inclure-par-lart-et-la-culture\\\/#breadcrumb\"},\"inLanguage\":\"fr-FR\",\"potentialAction\":[{\"@type\":\"ReadAction\",\"target\":[\"https:\\\/\\\/www.fileasbl.be\\\/membres\\\/inclure-par-lart-et-la-culture\\\/\"]}]},{\"@type\":\"ImageObject\",\"inLanguage\":\"fr-FR\",\"@id\":\"https:\\\/\\\/www.fileasbl.be\\\/membres\\\/inclure-par-lart-et-la-culture\\\/#primaryimage\",\"url\":\"https:\\\/\\\/www.fileasbl.be\\\/membres\\\/wp-content\\\/uploads\\\/2020\\\/03\\\/2020-Site-A-la-une-Mus\u00e9es.jpg\",\"contentUrl\":\"https:\\\/\\\/www.fileasbl.be\\\/membres\\\/wp-content\\\/uploads\\\/2020\\\/03\\\/2020-Site-A-la-une-Mus\u00e9es.jpg\",\"width\":1600,\"height\":837},{\"@type\":\"BreadcrumbList\",\"@id\":\"https:\\\/\\\/www.fileasbl.be\\\/membres\\\/inclure-par-lart-et-la-culture\\\/#breadcrumb\",\"itemListElement\":[{\"@type\":\"ListItem\",\"position\":1,\"name\":\"Accueil\",\"item\":\"https:\\\/\\\/www.fileasbl.be\\\/membres\\\/\"},{\"@type\":\"ListItem\",\"position\":2,\"name\":\"Mus\u00e9es accessibles \u00e0 la petite enfance\"}]},{\"@type\":\"WebSite\",\"@id\":\"https:\\\/\\\/www.fileasbl.be\\\/membres\\\/#website\",\"url\":\"https:\\\/\\\/www.fileasbl.be\\\/membres\\\/\",\"name\":\"Site de la FILE\",\"description\":\"FILE Un accueil de qualit\u00e9 accessible \u00e0 tous\",\"potentialAction\":[{\"@type\":\"SearchAction\",\"target\":{\"@type\":\"EntryPoint\",\"urlTemplate\":\"https:\\\/\\\/www.fileasbl.be\\\/membres\\\/?s={search_term_string}\"},\"query-input\":{\"@type\":\"PropertyValueSpecification\",\"valueRequired\":true,\"valueName\":\"search_term_string\"}}],\"inLanguage\":\"fr-FR\"},{\"@type\":\"Person\",\"@id\":\"https:\\\/\\\/www.fileasbl.be\\\/membres\\\/#\\\/schema\\\/person\\\/5954a0c68c3a6f92f805465caa00d25f\",\"name\":\"Contact FILE\",\"url\":\"https:\\\/\\\/www.fileasbl.be\\\/membres\\\/author\\\/contactfile\\\/\"}]}<\/script>\n<!-- \/ Yoast SEO plugin. -->","yoast_head_json":{"title":"Mus\u00e9es accessibles \u00e0 la petite enfance - Site de la FILE","description":"La FILE vous invite le 9 juin 2020 \u00e0 une matin\u00e9e de conf\u00e9rence sur les intelligences multiples avec Perrine Bigot ! Renseignements suppl\u00e9mentaires \u00e0 venir.","robots":{"index":"index","follow":"follow","max-snippet":"max-snippet:-1","max-image-preview":"max-image-preview:large","max-video-preview":"max-video-preview:-1"},"canonical":"https:\/\/www.fileasbl.be\/membres\/inclure-par-lart-et-la-culture\/","og_locale":"fr_FR","og_type":"article","og_title":"Mus\u00e9es accessibles \u00e0 la petite enfance - Site de la FILE","og_description":"La FILE vous invite le 9 juin 2020 \u00e0 une matin\u00e9e de conf\u00e9rence sur les intelligences multiples avec Perrine Bigot ! Renseignements suppl\u00e9mentaires \u00e0 venir.","og_url":"https:\/\/www.fileasbl.be\/membres\/inclure-par-lart-et-la-culture\/","og_site_name":"Site de la FILE","article_publisher":"https:\/\/www.facebook.com\/fileasbl\/","article_published_time":"2020-03-15T15:45:38+00:00","article_modified_time":"2020-06-09T08:45:30+00:00","og_image":[{"width":1600,"height":837,"url":"https:\/\/www.fileasbl.be\/membres\/wp-content\/uploads\/2020\/03\/2020-Site-A-la-une-Mus\u00e9es.jpg","type":"image\/jpeg"}],"author":"Contact FILE","twitter_card":"summary_large_image","twitter_misc":{"\u00c9crit par":"Contact FILE","Dur\u00e9e de lecture estim\u00e9e":"4 minutes"},"schema":{"@context":"https:\/\/schema.org","@graph":[{"@type":"Article","@id":"https:\/\/www.fileasbl.be\/membres\/inclure-par-lart-et-la-culture\/#article","isPartOf":{"@id":"https:\/\/www.fileasbl.be\/membres\/inclure-par-lart-et-la-culture\/"},"author":{"name":"Contact FILE","@id":"https:\/\/www.fileasbl.be\/membres\/#\/schema\/person\/5954a0c68c3a6f92f805465caa00d25f"},"headline":"Mus\u00e9es accessibles \u00e0 la petite enfance","datePublished":"2020-03-15T15:45:38+00:00","dateModified":"2020-06-09T08:45:30+00:00","mainEntityOfPage":{"@id":"https:\/\/www.fileasbl.be\/membres\/inclure-par-lart-et-la-culture\/"},"wordCount":775,"commentCount":0,"image":{"@id":"https:\/\/www.fileasbl.be\/membres\/inclure-par-lart-et-la-culture\/#primaryimage"},"thumbnailUrl":"https:\/\/www.fileasbl.be\/membres\/wp-content\/uploads\/2020\/03\/2020-Site-A-la-une-Mus\u00e9es.jpg","articleSection":["Art Culturel","Notes p\u00e9dagogiques"],"inLanguage":"fr-FR","potentialAction":[{"@type":"CommentAction","name":"Comment","target":["https:\/\/www.fileasbl.be\/membres\/inclure-par-lart-et-la-culture\/#respond"]}]},{"@type":"WebPage","@id":"https:\/\/www.fileasbl.be\/membres\/inclure-par-lart-et-la-culture\/","url":"https:\/\/www.fileasbl.be\/membres\/inclure-par-lart-et-la-culture\/","name":"Mus\u00e9es accessibles \u00e0 la petite enfance - Site de la FILE","isPartOf":{"@id":"https:\/\/www.fileasbl.be\/membres\/#website"},"primaryImageOfPage":{"@id":"https:\/\/www.fileasbl.be\/membres\/inclure-par-lart-et-la-culture\/#primaryimage"},"image":{"@id":"https:\/\/www.fileasbl.be\/membres\/inclure-par-lart-et-la-culture\/#primaryimage"},"thumbnailUrl":"https:\/\/www.fileasbl.be\/membres\/wp-content\/uploads\/2020\/03\/2020-Site-A-la-une-Mus\u00e9es.jpg","datePublished":"2020-03-15T15:45:38+00:00","dateModified":"2020-06-09T08:45:30+00:00","author":{"@id":"https:\/\/www.fileasbl.be\/membres\/#\/schema\/person\/5954a0c68c3a6f92f805465caa00d25f"},"description":"La FILE vous invite le 9 juin 2020 \u00e0 une matin\u00e9e de conf\u00e9rence sur les intelligences multiples avec Perrine Bigot ! Renseignements suppl\u00e9mentaires \u00e0 venir.","breadcrumb":{"@id":"https:\/\/www.fileasbl.be\/membres\/inclure-par-lart-et-la-culture\/#breadcrumb"},"inLanguage":"fr-FR","potentialAction":[{"@type":"ReadAction","target":["https:\/\/www.fileasbl.be\/membres\/inclure-par-lart-et-la-culture\/"]}]},{"@type":"ImageObject","inLanguage":"fr-FR","@id":"https:\/\/www.fileasbl.be\/membres\/inclure-par-lart-et-la-culture\/#primaryimage","url":"https:\/\/www.fileasbl.be\/membres\/wp-content\/uploads\/2020\/03\/2020-Site-A-la-une-Mus\u00e9es.jpg","contentUrl":"https:\/\/www.fileasbl.be\/membres\/wp-content\/uploads\/2020\/03\/2020-Site-A-la-une-Mus\u00e9es.jpg","width":1600,"height":837},{"@type":"BreadcrumbList","@id":"https:\/\/www.fileasbl.be\/membres\/inclure-par-lart-et-la-culture\/#breadcrumb","itemListElement":[{"@type":"ListItem","position":1,"name":"Accueil","item":"https:\/\/www.fileasbl.be\/membres\/"},{"@type":"ListItem","position":2,"name":"Mus\u00e9es accessibles \u00e0 la petite enfance"}]},{"@type":"WebSite","@id":"https:\/\/www.fileasbl.be\/membres\/#website","url":"https:\/\/www.fileasbl.be\/membres\/","name":"Site de la FILE","description":"FILE Un accueil de qualit\u00e9 accessible \u00e0 tous","potentialAction":[{"@type":"SearchAction","target":{"@type":"EntryPoint","urlTemplate":"https:\/\/www.fileasbl.be\/membres\/?s={search_term_string}"},"query-input":{"@type":"PropertyValueSpecification","valueRequired":true,"valueName":"search_term_string"}}],"inLanguage":"fr-FR"},{"@type":"Person","@id":"https:\/\/www.fileasbl.be\/membres\/#\/schema\/person\/5954a0c68c3a6f92f805465caa00d25f","name":"Contact FILE","url":"https:\/\/www.fileasbl.be\/membres\/author\/contactfile\/"}]}},"builder_content":"<img src=\"http:\/\/www.fileasbl.be\/membres\/wp-content\/uploads\/2020\/03\/2020-Site-article-800x200-Mus\u00e9es.jpg\" title=\"Mus\u00e9es accessibles \u00e0 la petite enfance\" alt=\"Mus\u00e9es accessibles \u00e0 la petite enfance\">\n<h2 style=\"text-align: left;\">Colloque \u00ab Petite enfance : Inclure par l\u2019art et la culture \u00bb\u00a0<br \/>18 octobre 2019 \u2013 Antibes<\/h2> <p>\u00a0<\/p> <p>Dans la ville d\u2019Antibes, les mus\u00e9es s\u2019ouvrent petit \u00e0 petit \u00e0 la petite enfance.<\/p>\n<h3><strong><a href=\"http:\/\/www.fileasbl.be\/membres\/wp-content\/uploads\/2020\/03\/Antibes_Museum_Picasso.jpg\"><img loading=\"lazy\" decoding=\"async\" src=\"http:\/\/www.fileasbl.be\/membres\/wp-content\/uploads\/2020\/03\/Antibes_Museum_Picasso-300x201.jpg\" alt=\"\" width=\"300\" height=\"201\" srcset=\"https:\/\/www.fileasbl.be\/membres\/wp-content\/uploads\/2020\/03\/Antibes_Museum_Picasso-300x201.jpg 300w, https:\/\/www.fileasbl.be\/membres\/wp-content\/uploads\/2020\/03\/Antibes_Museum_Picasso-768x514.jpg 768w, https:\/\/www.fileasbl.be\/membres\/wp-content\/uploads\/2020\/03\/Antibes_Museum_Picasso-1024x685.jpg 1024w, https:\/\/www.fileasbl.be\/membres\/wp-content\/uploads\/2020\/03\/Antibes_Museum_Picasso-400x268.jpg 400w\" sizes=\"auto, (max-width: 300px) 100vw, 300px\" \/><\/a>Le mus\u00e9e Picasso (1966)<\/strong><\/h3> <p><a href=\"http:\/\/www.antibes-juanlespins.com\/culture\/musee-picasso\" target=\"_blank\" rel=\"noopener\">Le mus\u00e9e municipal Picasso<\/a> propose des ateliers pour tout petits depuis quelques ann\u00e9es\u00a0autour des cinq sens. Pour les enfants de 2 ans et demi \u00e0 4 ans\u00a0; le mus\u00e9e organise des s\u00e9ances qui pr\u00e9sentent une \u0153uvre d\u2019art via une bo\u00eete \u00e0 tr\u00e9sors, avec des supports, des photos, des formes, des couleurs, des sons... <br \/>Les enfants sont assis devant l\u2019\u0153uvre et la bo\u00eete est \u00e0 leur disposition pour enrichir la d\u00e9couverte du tableau. Des puzzles et des ateliers plastiques sont aussi propos\u00e9s afin d\u2019aller plus loin dans l\u2019exploration. Les cinq sens sont utilis\u00e9s et cette approche pla\u00eet beaucoup aux enfants\u00a0!<\/p> <p>Pour les professionnels de la petite enfance, le mus\u00e9e propose des activit\u00e9s comme \u00ab\u00a0Ulysse et ses matelots en herbe\u00a0\u00bb\u00a0: plusieurs s\u00e9ances avec la bo\u00eete \u00e0 tr\u00e9sors (voir ci-dessus) pour s\u2019approprier une oeuvre, r\u00e9interpr\u00e9tation de la bo\u00eete en dehors du mus\u00e9e, dans le milieu d\u2019accueil, et pour cl\u00f4turer, un retour au mus\u00e9e avec cr\u00e9ation d\u2019une \u0153uvre en lien avec celle d\u00e9couverte. \u00a0<br \/><br \/>Le mus\u00e9e propose \u00e9galement d\u2019autres ateliers pour tout-petits comme \u00ab\u00a0En avant la musique\u00a0\u00bb qui allie l\u2019art plastique et la musique (ex\u00a0: peinture avec le corps en se laissant guider par une musique).<\/p> <p>Les activit\u00e9s sont gratuites pour les milieux d\u2019accueil\u00a0!<\/p>\n<h3 style=\"text-align: left;\"><a href=\"http:\/\/www.fileasbl.be\/membres\/wp-content\/uploads\/2020\/03\/Le_Cannet_-_Le_mus\u00e9e_Bonnard_et_l\u00e9glise.jpg\"><img loading=\"lazy\" decoding=\"async\" src=\"http:\/\/www.fileasbl.be\/membres\/wp-content\/uploads\/2020\/03\/Le_Cannet_-_Le_mus\u00e9e_Bonnard_et_l\u00e9glise-300x195.jpg\" alt=\"\" width=\"300\" height=\"195\" srcset=\"https:\/\/www.fileasbl.be\/membres\/wp-content\/uploads\/2020\/03\/Le_Cannet_-_Le_mus\u00e9e_Bonnard_et_l\u00e9glise-300x195.jpg 300w, https:\/\/www.fileasbl.be\/membres\/wp-content\/uploads\/2020\/03\/Le_Cannet_-_Le_mus\u00e9e_Bonnard_et_l\u00e9glise-768x499.jpg 768w, https:\/\/www.fileasbl.be\/membres\/wp-content\/uploads\/2020\/03\/Le_Cannet_-_Le_mus\u00e9e_Bonnard_et_l\u00e9glise-1024x666.jpg 1024w, https:\/\/www.fileasbl.be\/membres\/wp-content\/uploads\/2020\/03\/Le_Cannet_-_Le_mus\u00e9e_Bonnard_et_l\u00e9glise-400x260.jpg 400w\" sizes=\"auto, (max-width: 300px) 100vw, 300px\" \/><\/a><\/h3> <h3><strong>Le mus\u00e9e Bonnard (2011)<\/strong><\/h3> <p><a href=\"http:\/\/www.museebonnard.fr\/\">Le mus\u00e9e Bonnard<\/a> est un autre exemple du lien entre l\u2019art et la petite enfance \u00e0 Antibes. Leur projet \u00ab Le b\u00e9b\u00e9 et l\u2019art \u00bb a pris un peu de temps \u00e0 voir le jour car il fallait convaincre la hi\u00e9rarchie de l\u2019importance de l\u2019art pour les enfants. Le mus\u00e9e a finalement d\u00e9cid\u00e9 d\u2019investir ce public des b\u00e9b\u00e9s de 20 mois \u00e0 3 ans : Ils dansent, jouent, marchent, explorent et d\u00e9couvrent\u2026 La motivation du personnel a donc grandi pour ce public et un espace adapt\u00e9 et accessible aux b\u00e9b\u00e9s a vu le jour (ex : chaises et tables \u00e0 leur hauteur).<br \/><br \/>Le mus\u00e9e propose 3 ateliers gratuits\u00a0: Un atelier d\u2019\u00e9veil pour les particuliers, un atelier d\u2019\u00e9veil pour milieux d\u2019accueil et un atelier qui se r\u00e9alise en dehors du mus\u00e9e (l\u2019animatrice se d\u00e9place en milieu d\u2019accueil). <br \/><br \/><\/p>\n<p>En ce qui concerne les ateliers pour particuliers, le mus\u00e9e organise :<\/p> <p>\u00ab\u00a0Yog\u2019ART\u00a0\u00bb \u00e0 destination des parents et enfants (dans le mus\u00e9e).<br \/>\u00ab\u00a0Peinture\u00a0\u00bb \u00e0 destination des enfants de 23 mois \u00e0 3 ans.<br \/>\u00ab\u00a0Photographie\u00a0\u00bb avec du papier photo-solaire. <br \/><br \/>En ce qui concerne les ateliers pour les cr\u00e8ches\u00a0: une visite guid\u00e9e est propos\u00e9e avec des outils qui se r\u00e9f\u00e8rent aux diff\u00e9rentes \u0153uvres (d\u00e9guisements, formes, puzzles\u2026) et ensuite un atelier ludique prend place sur la th\u00e9matique des r\u00e8gles d\u2019un mus\u00e9e (ne pas toucher, de pas prendre le tableau avec soi\u2026) pour sensibiliser les enfants au \u00ab\u00a0monde de la culture\u00a0\u00bb.<br \/><br \/>Le mus\u00e9e se d\u00e9place \u00e9galement dans les milieux d\u2019accueil et propose des ateliers tels que <em>\u00ab\u00a0les \u00e9motions des tout petits \u00e0 travers l\u2019art\u00a0\u00bb<\/em>. Sur base d\u2019un tableau, quelles sont les \u00e9motions qui en ressortent\u00a0? Une activit\u00e9 de cr\u00e9ation d\u2019un nuancier et de photos de l\u2019enfant qui reproduisent les \u00e9motions est, par apr\u00e8s, propos\u00e9e. La cr\u00e8che peut afficher les photos et les nuanciers afin de les utiliser en guise de r\u00e9f\u00e9rence au quotidien.<\/p> <p><a href=\"http:\/\/www.fileasbl.be\/membres\/wp-content\/uploads\/2020\/03\/school-supplies-1581760_1920.jpg\"><img loading=\"lazy\" decoding=\"async\" src=\"http:\/\/www.fileasbl.be\/membres\/wp-content\/uploads\/2020\/03\/school-supplies-1581760_1920-300x200.jpg\" alt=\"\" width=\"300\" height=\"200\" srcset=\"https:\/\/www.fileasbl.be\/membres\/wp-content\/uploads\/2020\/03\/school-supplies-1581760_1920-300x200.jpg 300w, https:\/\/www.fileasbl.be\/membres\/wp-content\/uploads\/2020\/03\/school-supplies-1581760_1920-768x512.jpg 768w, https:\/\/www.fileasbl.be\/membres\/wp-content\/uploads\/2020\/03\/school-supplies-1581760_1920-1024x683.jpg 1024w, https:\/\/www.fileasbl.be\/membres\/wp-content\/uploads\/2020\/03\/school-supplies-1581760_1920-400x267.jpg 400w, https:\/\/www.fileasbl.be\/membres\/wp-content\/uploads\/2020\/03\/school-supplies-1581760_1920.jpg 1920w\" sizes=\"auto, (max-width: 300px) 100vw, 300px\" \/><\/a>Une autre id\u00e9e qui pourrait vous inspirer est celle d\u2019un atelier r\u00e9alis\u00e9 \u00e9galement dans les milieux d\u2019accueil\u00a0: \u00ab\u00a0La peinture libre\u00a0\u00bb. Une cr\u00e9ation de peinture voit le jour \u00e0 partir d\u2019une \u0153uvre (avec le corps, des pinceaux, des \u00e9ponges\u2026)\u00a0; les enfants s\u2019inspirent de ce qu\u2019ils voient, ressentent\u2026 et il est possible de faire un vernissage, par la suite, avec toutes ces nouvelles \u0153uvres, ce qui am\u00e8ne un moment festif avec les parents.<br \/><br \/>Le mus\u00e9e ne s\u2019arr\u00eate pas l\u00e0\u2026 En projet pour 2020\u00a0: <em>\u00ab\u00a0La peinture culinaire\u00a0! Miam\u00a0!\u00a0\u00bb<\/em>\u00a0- Il s\u2019agira d\u2019art et de cuisine 100% v\u00e9g\u00e9tale\u00a0: un atelier qui proposera de r\u00e9aliser une \u0153uvre \u00e0 base de v\u00e9g\u00e9tale. Le mus\u00e9e Bonnard a pour projet de d\u00e9velopper \u00e9galement un espace <em>\u00ab\u00a0mus\u00e9e des enfants\u00a0\u00bb<\/em> avec des tableaux \u00e0 leur hauteur et qui pourraient \u00eatre touch\u00e9s et investis par ce public si curieux et avide d\u2019exploration...<\/p> <p style=\"text-align: right;\"><em>Laur\u00e8ne Trevisan, FILE asbl, 10\/2019<\/em><\/p>","_links":{"self":[{"href":"https:\/\/www.fileasbl.be\/membres\/wp-json\/wp\/v2\/posts\/10220","targetHints":{"allow":["GET"]}}],"collection":[{"href":"https:\/\/www.fileasbl.be\/membres\/wp-json\/wp\/v2\/posts"}],"about":[{"href":"https:\/\/www.fileasbl.be\/membres\/wp-json\/wp\/v2\/types\/post"}],"author":[{"embeddable":true,"href":"https:\/\/www.fileasbl.be\/membres\/wp-json\/wp\/v2\/users\/2"}],"replies":[{"embeddable":true,"href":"https:\/\/www.fileasbl.be\/membres\/wp-json\/wp\/v2\/comments?post=10220"}],"version-history":[{"count":0,"href":"https:\/\/www.fileasbl.be\/membres\/wp-json\/wp\/v2\/posts\/10220\/revisions"}],"wp:featuredmedia":[{"embeddable":true,"href":"https:\/\/www.fileasbl.be\/membres\/wp-json\/wp\/v2\/media\/10569"}],"wp:attachment":[{"href":"https:\/\/www.fileasbl.be\/membres\/wp-json\/wp\/v2\/media?parent=10220"}],"wp:term":[{"taxonomy":"category","embeddable":true,"href":"https:\/\/www.fileasbl.be\/membres\/wp-json\/wp\/v2\/categories?post=10220"},{"taxonomy":"post_tag","embeddable":true,"href":"https:\/\/www.fileasbl.be\/membres\/wp-json\/wp\/v2\/tags?post=10220"}],"curies":[{"name":"wp","href":"https:\/\/api.w.org\/{rel}","templated":true}]}}