{"id":10443,"date":"2020-03-14T15:55:16","date_gmt":"2020-03-14T14:55:16","guid":{"rendered":"http:\/\/www.fileasbl.be\/membres\/?p=10443"},"modified":"2020-06-09T09:46:12","modified_gmt":"2020-06-09T08:46:12","slug":"leveil-artistique-et-culturel-de-tous","status":"publish","type":"post","link":"https:\/\/www.fileasbl.be\/membres\/leveil-artistique-et-culturel-de-tous\/","title":{"rendered":"L\u2019\u00e9veil artistique et culturel de tous"},"content":{"rendered":"<!--themify_builder_content-->\n<div id=\"themify_builder_content-10443\" data-postid=\"10443\" class=\"themify_builder_content themify_builder_content-10443 themify_builder tf_clear\">\n    \t<!-- module_row -->\n\t<div  data-lazy=\"1\" class=\"module_row themify_builder_row tb_sh55388 tb_first tf_clearfix\">\n\t    \t\t<div class=\"row_inner col_align_top col-count-1 tf_box tf_w tf_rel\">\n\t\t\t<div  data-lazy=\"1\" class=\"module_column tb-column col-full first tb_x5i8389 tf_box\">\n\t\t\t    \t        <div class=\"tb-column-inner tf_box tf_w\">\n\t\t    <!-- module image -->\n<div  class=\"module module-image tb_vyc9147   image-top auto_fullwidth tf_mw\" data-lazy=\"1\">\n        <div class=\"image-wrap tf_rel tf_mw\">\n\t\t    <img decoding=\"async\" src=\"http:\/\/www.fileasbl.be\/membres\/wp-content\/uploads\/2020\/02\/2020-Site-article-800x200-Eveil-artistique.jpg\" title=\"L\u2019\u00e9veil artistique et culturel de tous\" alt=\"L\u2019\u00e9veil artistique et culturel de tous\">\t\n\t\t<\/div>\n\t<!-- \/image-wrap -->\n    \n    \t<\/div>\n<!-- \/module image --><!-- module text -->\n<div  class=\"module module-text tb_zsmz75   \" data-lazy=\"1\">\n        <div  class=\"tb_text_wrap\">\n    <h2><strong>La sant\u00e9 culturelle de Sophie Marinopoulos<\/strong><\/h2>\n<h2 style=\"text-align: left;\">Colloque \u00ab Petite enfance : Inclure par l\u2019art et la culture \u00bb\u00a0<br \/>18 octobre 2019 \u2013 Antibes<\/h2>\n<p>\u00a0<\/p>\n<p>\u00ab\u00a0<em>Ce qui est culturel, c\u2019est la mani\u00e8re dont on vient au monde et dont on <a href=\"http:\/\/www.fileasbl.be\/membres\/wp-content\/uploads\/2020\/03\/SophieM.jpg\"><img loading=\"lazy\" decoding=\"async\" class=\"size-medium wp-image-10731 alignright\" src=\"http:\/\/www.fileasbl.be\/membres\/wp-content\/uploads\/2020\/03\/SophieM-300x200.jpg\" alt=\"\" width=\"300\" height=\"200\" \/><\/a>rentre en communication avec un autre que soi<\/em>\u00a0\u00bb, souligne Sophie Marinopoulos, psychologue psychanalyste sp\u00e9cialiste de l\u2019enfant et de la famille. <br \/><br \/>Pour Sophie Marinopoulos, l\u2019\u00e9veil doit \u00eatre compris dans la sant\u00e9. Il s\u2019agit d\u2019accompagner et de prendre soin de l\u2019enfant dans ce sens et de lutter contre \u00ab la malnutrition culturelle \u00bb et les discriminations \u00e0 l\u2019acc\u00e8s \u00e0 la culture. Cette malnutrition prend place dans notre soci\u00e9t\u00e9 moderne : hyper-consommation, \u00e9crans, perte de contact avec la nature, entassement de jouets, pas assez de jeu libre, peu d\u2019\u00e9veil\u2026 et tout ceci a des cons\u00e9quences sur le d\u00e9veloppement de l\u2019enfant. <br \/><br \/>L\u2019\u00e9veil passe par les sens et il est important de privil\u00e9gier l\u2019ensemble de ceux-ci chez l\u2019enfant. Par exemple, la lecture passe par l\u2019ou\u00efe, l\u2019\u00e9coute mais aussi par le sensoriel, par le corps : un enfant qui joue \u00e0 c\u00f4t\u00e9 d\u2019un moment de lecture, entend et vit aussi, \u00e0 sa mani\u00e8re, l\u2019histoire. Il ne faut pas n\u00e9gliger cela.<\/p>\n<p>\n<div class=\"post-video\"><iframe loading=\"lazy\" title=\"Pages en partage - Pour nourrir les liens enfants-parents\" width=\"1165\" height=\"655\" src=\"https:\/\/www.youtube.com\/embed\/V4yg5Zw9z5s?feature=oembed\" frameborder=\"0\" allow=\"accelerometer; autoplay; encrypted-media; gyroscope; picture-in-picture\" allowfullscreen><\/iframe><\/div>\n<\/p>\n<p>Pour lire une synth\u00e8se du rapport <em>\u00ab\u00a0<a href=\"https:\/\/www.culture.gouv.fr\/Sites-thematiques\/Education-artistique-et-culturelle\/Eveil-artistique-et-culturel-des-jeunes-enfants\/Mission-Culture-petite-enfance-et-parentalite\" target=\"_blank\" rel=\"noopener\">Promouvoir et p\u00e9renniser l\u2019\u00e9veil culturel et artistique de l\u2019enfant de la naissance \u00e0 3 ans dans le lien \u00e0 son parent<\/a>\u00a0<\/em><\/p>\n<p style=\"text-align: right;\"><br \/><em>Laur\u00e8ne Trevisan, FILE asbl, 10\/2019<\/em><\/p>    <\/div>\n<\/div>\n<!-- \/module text -->\t        <\/div>\n\t    \t<\/div>\n\t\t    <\/div>\n\t    <!-- \/row_inner -->\n\t<\/div>\n\t<!-- \/module_row -->\n\t<\/div>\n<!--\/themify_builder_content-->","protected":false},"excerpt":{"rendered":"<p>La sant\u00e9 culturelle de Sophie Marinopoulos<br \/>\nColloque \u00ab Petite enfance : Inclure par l\u2019art et la culture \u00bb<br \/>\n18 octobre 2019 \u2013 Antibes<\/p>\n","protected":false},"author":2,"featured_media":10600,"comment_status":"open","ping_status":"open","sticky":false,"template":"","format":"standard","meta":{"footnotes":""},"categories":[293,304,320,313,300],"tags":[],"class_list":["post-10443","post","type-post","status-publish","format-standard","has-post-thumbnail","hentry","category-art","category-bien-etre-enfant","category-jeu-en-ma","category-jeu-enfant","category-notes-pedagogiques","has-post-title","has-post-date","has-post-category","has-post-tag","has-post-comment","has-post-author",""],"yoast_head":"<!-- This site is optimized with the Yoast SEO plugin v27.4 - https:\/\/yoast.com\/product\/yoast-seo-wordpress\/ -->\n<title>L\u2019\u00e9veil artistique et culturel de tous - Site de la FILE<\/title>\n<meta name=\"description\" content=\"La FILE vous invite le 9 juin 2020 \u00e0 une matin\u00e9e de conf\u00e9rence sur les intelligences multiples avec Perrine Bigot ! Renseignements suppl\u00e9mentaires \u00e0 venir.\" \/>\n<meta name=\"robots\" content=\"index, follow, max-snippet:-1, max-image-preview:large, max-video-preview:-1\" \/>\n<link rel=\"canonical\" href=\"https:\/\/www.fileasbl.be\/membres\/leveil-artistique-et-culturel-de-tous\/\" \/>\n<meta property=\"og:locale\" content=\"fr_FR\" \/>\n<meta property=\"og:type\" content=\"article\" \/>\n<meta property=\"og:title\" content=\"L\u2019\u00e9veil artistique et culturel de tous - Site de la FILE\" \/>\n<meta property=\"og:description\" content=\"La FILE vous invite le 9 juin 2020 \u00e0 une matin\u00e9e de conf\u00e9rence sur les intelligences multiples avec Perrine Bigot ! Renseignements suppl\u00e9mentaires \u00e0 venir.\" \/>\n<meta property=\"og:url\" content=\"https:\/\/www.fileasbl.be\/membres\/leveil-artistique-et-culturel-de-tous\/\" \/>\n<meta property=\"og:site_name\" content=\"Site de la FILE\" \/>\n<meta property=\"article:publisher\" content=\"https:\/\/www.facebook.com\/fileasbl\/\" \/>\n<meta property=\"article:published_time\" content=\"2020-03-14T14:55:16+00:00\" \/>\n<meta property=\"article:modified_time\" content=\"2020-06-09T08:46:12+00:00\" \/>\n<meta property=\"og:image\" content=\"https:\/\/www.fileasbl.be\/membres\/wp-content\/uploads\/2020\/02\/2020-Site-A-la-une-Eveil-artistique.jpg\" \/>\n\t<meta property=\"og:image:width\" content=\"1600\" \/>\n\t<meta property=\"og:image:height\" content=\"837\" \/>\n\t<meta property=\"og:image:type\" content=\"image\/jpeg\" \/>\n<meta name=\"author\" content=\"Contact FILE\" \/>\n<meta name=\"twitter:card\" content=\"summary_large_image\" \/>\n<meta name=\"twitter:label1\" content=\"\u00c9crit par\" \/>\n\t<meta name=\"twitter:data1\" content=\"Contact FILE\" \/>\n\t<meta name=\"twitter:label2\" content=\"Dur\u00e9e de lecture estim\u00e9e\" \/>\n\t<meta name=\"twitter:data2\" content=\"1 minute\" \/>\n<script type=\"application\/ld+json\" class=\"yoast-schema-graph\">{\"@context\":\"https:\\\/\\\/schema.org\",\"@graph\":[{\"@type\":\"Article\",\"@id\":\"https:\\\/\\\/www.fileasbl.be\\\/membres\\\/leveil-artistique-et-culturel-de-tous\\\/#article\",\"isPartOf\":{\"@id\":\"https:\\\/\\\/www.fileasbl.be\\\/membres\\\/leveil-artistique-et-culturel-de-tous\\\/\"},\"author\":{\"name\":\"Contact FILE\",\"@id\":\"https:\\\/\\\/www.fileasbl.be\\\/membres\\\/#\\\/schema\\\/person\\\/5954a0c68c3a6f92f805465caa00d25f\"},\"headline\":\"L\u2019\u00e9veil artistique et culturel de tous\",\"datePublished\":\"2020-03-14T14:55:16+00:00\",\"dateModified\":\"2020-06-09T08:46:12+00:00\",\"mainEntityOfPage\":{\"@id\":\"https:\\\/\\\/www.fileasbl.be\\\/membres\\\/leveil-artistique-et-culturel-de-tous\\\/\"},\"wordCount\":257,\"commentCount\":0,\"image\":{\"@id\":\"https:\\\/\\\/www.fileasbl.be\\\/membres\\\/leveil-artistique-et-culturel-de-tous\\\/#primaryimage\"},\"thumbnailUrl\":\"https:\\\/\\\/www.fileasbl.be\\\/membres\\\/wp-content\\\/uploads\\\/2020\\\/02\\\/2020-Site-A-la-une-Eveil-artistique.jpg\",\"articleSection\":[\"Art Culturel\",\"Bien \u00eatre enfant\",\"Jeu en MA\",\"Jeu enfant\",\"Notes p\u00e9dagogiques\"],\"inLanguage\":\"fr-FR\",\"potentialAction\":[{\"@type\":\"CommentAction\",\"name\":\"Comment\",\"target\":[\"https:\\\/\\\/www.fileasbl.be\\\/membres\\\/leveil-artistique-et-culturel-de-tous\\\/#respond\"]}]},{\"@type\":\"WebPage\",\"@id\":\"https:\\\/\\\/www.fileasbl.be\\\/membres\\\/leveil-artistique-et-culturel-de-tous\\\/\",\"url\":\"https:\\\/\\\/www.fileasbl.be\\\/membres\\\/leveil-artistique-et-culturel-de-tous\\\/\",\"name\":\"L\u2019\u00e9veil artistique et culturel de tous - Site de la FILE\",\"isPartOf\":{\"@id\":\"https:\\\/\\\/www.fileasbl.be\\\/membres\\\/#website\"},\"primaryImageOfPage\":{\"@id\":\"https:\\\/\\\/www.fileasbl.be\\\/membres\\\/leveil-artistique-et-culturel-de-tous\\\/#primaryimage\"},\"image\":{\"@id\":\"https:\\\/\\\/www.fileasbl.be\\\/membres\\\/leveil-artistique-et-culturel-de-tous\\\/#primaryimage\"},\"thumbnailUrl\":\"https:\\\/\\\/www.fileasbl.be\\\/membres\\\/wp-content\\\/uploads\\\/2020\\\/02\\\/2020-Site-A-la-une-Eveil-artistique.jpg\",\"datePublished\":\"2020-03-14T14:55:16+00:00\",\"dateModified\":\"2020-06-09T08:46:12+00:00\",\"author\":{\"@id\":\"https:\\\/\\\/www.fileasbl.be\\\/membres\\\/#\\\/schema\\\/person\\\/5954a0c68c3a6f92f805465caa00d25f\"},\"description\":\"La FILE vous invite le 9 juin 2020 \u00e0 une matin\u00e9e de conf\u00e9rence sur les intelligences multiples avec Perrine Bigot ! Renseignements suppl\u00e9mentaires \u00e0 venir.\",\"breadcrumb\":{\"@id\":\"https:\\\/\\\/www.fileasbl.be\\\/membres\\\/leveil-artistique-et-culturel-de-tous\\\/#breadcrumb\"},\"inLanguage\":\"fr-FR\",\"potentialAction\":[{\"@type\":\"ReadAction\",\"target\":[\"https:\\\/\\\/www.fileasbl.be\\\/membres\\\/leveil-artistique-et-culturel-de-tous\\\/\"]}]},{\"@type\":\"ImageObject\",\"inLanguage\":\"fr-FR\",\"@id\":\"https:\\\/\\\/www.fileasbl.be\\\/membres\\\/leveil-artistique-et-culturel-de-tous\\\/#primaryimage\",\"url\":\"https:\\\/\\\/www.fileasbl.be\\\/membres\\\/wp-content\\\/uploads\\\/2020\\\/02\\\/2020-Site-A-la-une-Eveil-artistique.jpg\",\"contentUrl\":\"https:\\\/\\\/www.fileasbl.be\\\/membres\\\/wp-content\\\/uploads\\\/2020\\\/02\\\/2020-Site-A-la-une-Eveil-artistique.jpg\",\"width\":1600,\"height\":837},{\"@type\":\"BreadcrumbList\",\"@id\":\"https:\\\/\\\/www.fileasbl.be\\\/membres\\\/leveil-artistique-et-culturel-de-tous\\\/#breadcrumb\",\"itemListElement\":[{\"@type\":\"ListItem\",\"position\":1,\"name\":\"Accueil\",\"item\":\"https:\\\/\\\/www.fileasbl.be\\\/membres\\\/\"},{\"@type\":\"ListItem\",\"position\":2,\"name\":\"L\u2019\u00e9veil artistique et culturel de tous\"}]},{\"@type\":\"WebSite\",\"@id\":\"https:\\\/\\\/www.fileasbl.be\\\/membres\\\/#website\",\"url\":\"https:\\\/\\\/www.fileasbl.be\\\/membres\\\/\",\"name\":\"Site de la FILE\",\"description\":\"FILE Un accueil de qualit\u00e9 accessible \u00e0 tous\",\"potentialAction\":[{\"@type\":\"SearchAction\",\"target\":{\"@type\":\"EntryPoint\",\"urlTemplate\":\"https:\\\/\\\/www.fileasbl.be\\\/membres\\\/?s={search_term_string}\"},\"query-input\":{\"@type\":\"PropertyValueSpecification\",\"valueRequired\":true,\"valueName\":\"search_term_string\"}}],\"inLanguage\":\"fr-FR\"},{\"@type\":\"Person\",\"@id\":\"https:\\\/\\\/www.fileasbl.be\\\/membres\\\/#\\\/schema\\\/person\\\/5954a0c68c3a6f92f805465caa00d25f\",\"name\":\"Contact FILE\",\"url\":\"https:\\\/\\\/www.fileasbl.be\\\/membres\\\/author\\\/contactfile\\\/\"}]}<\/script>\n<!-- \/ Yoast SEO plugin. -->","yoast_head_json":{"title":"L\u2019\u00e9veil artistique et culturel de tous - Site de la FILE","description":"La FILE vous invite le 9 juin 2020 \u00e0 une matin\u00e9e de conf\u00e9rence sur les intelligences multiples avec Perrine Bigot ! Renseignements suppl\u00e9mentaires \u00e0 venir.","robots":{"index":"index","follow":"follow","max-snippet":"max-snippet:-1","max-image-preview":"max-image-preview:large","max-video-preview":"max-video-preview:-1"},"canonical":"https:\/\/www.fileasbl.be\/membres\/leveil-artistique-et-culturel-de-tous\/","og_locale":"fr_FR","og_type":"article","og_title":"L\u2019\u00e9veil artistique et culturel de tous - Site de la FILE","og_description":"La FILE vous invite le 9 juin 2020 \u00e0 une matin\u00e9e de conf\u00e9rence sur les intelligences multiples avec Perrine Bigot ! Renseignements suppl\u00e9mentaires \u00e0 venir.","og_url":"https:\/\/www.fileasbl.be\/membres\/leveil-artistique-et-culturel-de-tous\/","og_site_name":"Site de la FILE","article_publisher":"https:\/\/www.facebook.com\/fileasbl\/","article_published_time":"2020-03-14T14:55:16+00:00","article_modified_time":"2020-06-09T08:46:12+00:00","og_image":[{"width":1600,"height":837,"url":"https:\/\/www.fileasbl.be\/membres\/wp-content\/uploads\/2020\/02\/2020-Site-A-la-une-Eveil-artistique.jpg","type":"image\/jpeg"}],"author":"Contact FILE","twitter_card":"summary_large_image","twitter_misc":{"\u00c9crit par":"Contact FILE","Dur\u00e9e de lecture estim\u00e9e":"1 minute"},"schema":{"@context":"https:\/\/schema.org","@graph":[{"@type":"Article","@id":"https:\/\/www.fileasbl.be\/membres\/leveil-artistique-et-culturel-de-tous\/#article","isPartOf":{"@id":"https:\/\/www.fileasbl.be\/membres\/leveil-artistique-et-culturel-de-tous\/"},"author":{"name":"Contact FILE","@id":"https:\/\/www.fileasbl.be\/membres\/#\/schema\/person\/5954a0c68c3a6f92f805465caa00d25f"},"headline":"L\u2019\u00e9veil artistique et culturel de tous","datePublished":"2020-03-14T14:55:16+00:00","dateModified":"2020-06-09T08:46:12+00:00","mainEntityOfPage":{"@id":"https:\/\/www.fileasbl.be\/membres\/leveil-artistique-et-culturel-de-tous\/"},"wordCount":257,"commentCount":0,"image":{"@id":"https:\/\/www.fileasbl.be\/membres\/leveil-artistique-et-culturel-de-tous\/#primaryimage"},"thumbnailUrl":"https:\/\/www.fileasbl.be\/membres\/wp-content\/uploads\/2020\/02\/2020-Site-A-la-une-Eveil-artistique.jpg","articleSection":["Art Culturel","Bien \u00eatre enfant","Jeu en MA","Jeu enfant","Notes p\u00e9dagogiques"],"inLanguage":"fr-FR","potentialAction":[{"@type":"CommentAction","name":"Comment","target":["https:\/\/www.fileasbl.be\/membres\/leveil-artistique-et-culturel-de-tous\/#respond"]}]},{"@type":"WebPage","@id":"https:\/\/www.fileasbl.be\/membres\/leveil-artistique-et-culturel-de-tous\/","url":"https:\/\/www.fileasbl.be\/membres\/leveil-artistique-et-culturel-de-tous\/","name":"L\u2019\u00e9veil artistique et culturel de tous - Site de la FILE","isPartOf":{"@id":"https:\/\/www.fileasbl.be\/membres\/#website"},"primaryImageOfPage":{"@id":"https:\/\/www.fileasbl.be\/membres\/leveil-artistique-et-culturel-de-tous\/#primaryimage"},"image":{"@id":"https:\/\/www.fileasbl.be\/membres\/leveil-artistique-et-culturel-de-tous\/#primaryimage"},"thumbnailUrl":"https:\/\/www.fileasbl.be\/membres\/wp-content\/uploads\/2020\/02\/2020-Site-A-la-une-Eveil-artistique.jpg","datePublished":"2020-03-14T14:55:16+00:00","dateModified":"2020-06-09T08:46:12+00:00","author":{"@id":"https:\/\/www.fileasbl.be\/membres\/#\/schema\/person\/5954a0c68c3a6f92f805465caa00d25f"},"description":"La FILE vous invite le 9 juin 2020 \u00e0 une matin\u00e9e de conf\u00e9rence sur les intelligences multiples avec Perrine Bigot ! Renseignements suppl\u00e9mentaires \u00e0 venir.","breadcrumb":{"@id":"https:\/\/www.fileasbl.be\/membres\/leveil-artistique-et-culturel-de-tous\/#breadcrumb"},"inLanguage":"fr-FR","potentialAction":[{"@type":"ReadAction","target":["https:\/\/www.fileasbl.be\/membres\/leveil-artistique-et-culturel-de-tous\/"]}]},{"@type":"ImageObject","inLanguage":"fr-FR","@id":"https:\/\/www.fileasbl.be\/membres\/leveil-artistique-et-culturel-de-tous\/#primaryimage","url":"https:\/\/www.fileasbl.be\/membres\/wp-content\/uploads\/2020\/02\/2020-Site-A-la-une-Eveil-artistique.jpg","contentUrl":"https:\/\/www.fileasbl.be\/membres\/wp-content\/uploads\/2020\/02\/2020-Site-A-la-une-Eveil-artistique.jpg","width":1600,"height":837},{"@type":"BreadcrumbList","@id":"https:\/\/www.fileasbl.be\/membres\/leveil-artistique-et-culturel-de-tous\/#breadcrumb","itemListElement":[{"@type":"ListItem","position":1,"name":"Accueil","item":"https:\/\/www.fileasbl.be\/membres\/"},{"@type":"ListItem","position":2,"name":"L\u2019\u00e9veil artistique et culturel de tous"}]},{"@type":"WebSite","@id":"https:\/\/www.fileasbl.be\/membres\/#website","url":"https:\/\/www.fileasbl.be\/membres\/","name":"Site de la FILE","description":"FILE Un accueil de qualit\u00e9 accessible \u00e0 tous","potentialAction":[{"@type":"SearchAction","target":{"@type":"EntryPoint","urlTemplate":"https:\/\/www.fileasbl.be\/membres\/?s={search_term_string}"},"query-input":{"@type":"PropertyValueSpecification","valueRequired":true,"valueName":"search_term_string"}}],"inLanguage":"fr-FR"},{"@type":"Person","@id":"https:\/\/www.fileasbl.be\/membres\/#\/schema\/person\/5954a0c68c3a6f92f805465caa00d25f","name":"Contact FILE","url":"https:\/\/www.fileasbl.be\/membres\/author\/contactfile\/"}]}},"builder_content":"<img src=\"http:\/\/www.fileasbl.be\/membres\/wp-content\/uploads\/2020\/02\/2020-Site-article-800x200-Eveil-artistique.jpg\" title=\"L\u2019\u00e9veil artistique et culturel de tous\" alt=\"L\u2019\u00e9veil artistique et culturel de tous\">\n<h2><strong>La sant\u00e9 culturelle de Sophie Marinopoulos<\/strong><\/h2> <h2 style=\"text-align: left;\">Colloque \u00ab Petite enfance : Inclure par l\u2019art et la culture \u00bb\u00a0<br \/>18 octobre 2019 \u2013 Antibes<\/h2> <p>\u00a0<\/p> <p>\u00ab\u00a0<em>Ce qui est culturel, c\u2019est la mani\u00e8re dont on vient au monde et dont on <a href=\"http:\/\/www.fileasbl.be\/membres\/wp-content\/uploads\/2020\/03\/SophieM.jpg\"><img loading=\"lazy\" decoding=\"async\" src=\"http:\/\/www.fileasbl.be\/membres\/wp-content\/uploads\/2020\/03\/SophieM-300x200.jpg\" alt=\"\" width=\"300\" height=\"200\" \/><\/a>rentre en communication avec un autre que soi<\/em>\u00a0\u00bb, souligne Sophie Marinopoulos, psychologue psychanalyste sp\u00e9cialiste de l\u2019enfant et de la famille. <br \/><br \/>Pour Sophie Marinopoulos, l\u2019\u00e9veil doit \u00eatre compris dans la sant\u00e9. Il s\u2019agit d\u2019accompagner et de prendre soin de l\u2019enfant dans ce sens et de lutter contre \u00ab la malnutrition culturelle \u00bb et les discriminations \u00e0 l\u2019acc\u00e8s \u00e0 la culture. Cette malnutrition prend place dans notre soci\u00e9t\u00e9 moderne : hyper-consommation, \u00e9crans, perte de contact avec la nature, entassement de jouets, pas assez de jeu libre, peu d\u2019\u00e9veil\u2026 et tout ceci a des cons\u00e9quences sur le d\u00e9veloppement de l\u2019enfant. <br \/><br \/>L\u2019\u00e9veil passe par les sens et il est important de privil\u00e9gier l\u2019ensemble de ceux-ci chez l\u2019enfant. Par exemple, la lecture passe par l\u2019ou\u00efe, l\u2019\u00e9coute mais aussi par le sensoriel, par le corps : un enfant qui joue \u00e0 c\u00f4t\u00e9 d\u2019un moment de lecture, entend et vit aussi, \u00e0 sa mani\u00e8re, l\u2019histoire. Il ne faut pas n\u00e9gliger cela.<\/p> <p>https:\/\/www.youtube.com\/watch?v=V4yg5Zw9z5s<\/p> <p>Pour lire une synth\u00e8se du rapport <em>\u00ab\u00a0<a href=\"https:\/\/www.culture.gouv.fr\/Sites-thematiques\/Education-artistique-et-culturelle\/Eveil-artistique-et-culturel-des-jeunes-enfants\/Mission-Culture-petite-enfance-et-parentalite\" target=\"_blank\" rel=\"noopener\">Promouvoir et p\u00e9renniser l\u2019\u00e9veil culturel et artistique de l\u2019enfant de la naissance \u00e0 3 ans dans le lien \u00e0 son parent<\/a>\u00a0<\/em><\/p> <p style=\"text-align: right;\"><br \/><em>Laur\u00e8ne Trevisan, FILE asbl, 10\/2019<\/em><\/p>","_links":{"self":[{"href":"https:\/\/www.fileasbl.be\/membres\/wp-json\/wp\/v2\/posts\/10443","targetHints":{"allow":["GET"]}}],"collection":[{"href":"https:\/\/www.fileasbl.be\/membres\/wp-json\/wp\/v2\/posts"}],"about":[{"href":"https:\/\/www.fileasbl.be\/membres\/wp-json\/wp\/v2\/types\/post"}],"author":[{"embeddable":true,"href":"https:\/\/www.fileasbl.be\/membres\/wp-json\/wp\/v2\/users\/2"}],"replies":[{"embeddable":true,"href":"https:\/\/www.fileasbl.be\/membres\/wp-json\/wp\/v2\/comments?post=10443"}],"version-history":[{"count":0,"href":"https:\/\/www.fileasbl.be\/membres\/wp-json\/wp\/v2\/posts\/10443\/revisions"}],"wp:featuredmedia":[{"embeddable":true,"href":"https:\/\/www.fileasbl.be\/membres\/wp-json\/wp\/v2\/media\/10600"}],"wp:attachment":[{"href":"https:\/\/www.fileasbl.be\/membres\/wp-json\/wp\/v2\/media?parent=10443"}],"wp:term":[{"taxonomy":"category","embeddable":true,"href":"https:\/\/www.fileasbl.be\/membres\/wp-json\/wp\/v2\/categories?post=10443"},{"taxonomy":"post_tag","embeddable":true,"href":"https:\/\/www.fileasbl.be\/membres\/wp-json\/wp\/v2\/tags?post=10443"}],"curies":[{"name":"wp","href":"https:\/\/api.w.org\/{rel}","templated":true}]}}