{"id":10506,"date":"2020-03-02T17:11:20","date_gmt":"2020-03-02T16:11:20","guid":{"rendered":"http:\/\/www.fileasbl.be\/membres\/?p=10506"},"modified":"2024-08-13T12:38:55","modified_gmt":"2024-08-13T11:38:55","slug":"pistoia-vers-une-sobriete-heureuse-a-la-creche","status":"publish","type":"post","link":"https:\/\/www.fileasbl.be\/membres\/pistoia-vers-une-sobriete-heureuse-a-la-creche\/","title":{"rendered":"Pistoia vers une sobri\u00e9t\u00e9 heureuse \u00e0 la cr\u00e8che"},"content":{"rendered":"<!--themify_builder_content-->\n<div id=\"themify_builder_content-10506\" data-postid=\"10506\" class=\"themify_builder_content themify_builder_content-10506 themify_builder tf_clear\">\n    \t<!-- module_row -->\n\t<div  data-lazy=\"1\" class=\"module_row themify_builder_row tb_sh55388 tb_first tf_clearfix\">\n\t    \t\t<div class=\"row_inner col_align_top col-count-1 tf_box tf_w tf_rel\">\n\t\t\t<div  data-lazy=\"1\" class=\"module_column tb-column col-full first tb_x5i8389 tf_box\">\n\t\t\t    \t        <div class=\"tb-column-inner tf_box tf_w\">\n\t\t    <!-- module image -->\n<div  class=\"module module-image tb_vyc9147   image-top auto_fullwidth tf_mw\" data-lazy=\"1\">\n        <div class=\"image-wrap tf_rel tf_mw\">\n\t\t    <img decoding=\"async\" src=\"http:\/\/www.fileasbl.be\/membres\/wp-content\/uploads\/2020\/02\/2020-Site-article-800x200-T\u00e9moignage.jpg\" title=\"Pistoia vers une sobri\u00e9t\u00e9 heureuse \u00e0 la cr\u00e8che\" alt=\"Pistoia vers une sobri\u00e9t\u00e9 heureuse \u00e0 la cr\u00e8che\">\t\n\t\t<\/div>\n\t<!-- \/image-wrap -->\n    \n    \t<\/div>\n<!-- \/module image --><!-- module text -->\n<div  class=\"module module-text tb_zsmz75   \" data-lazy=\"1\">\n        <div  class=\"tb_text_wrap\">\n    <p><strong>T\u00e9moignage d\u2019une \u00e9ducatrice de jeunes enfants \u2013 <em>\u00ab\u00a0Pistoia vers une sobri\u00e9t\u00e9 heureuse \u00e0 la cr\u00e8che\u00a0\u00bb<\/em><\/strong><\/p>\n<p><em>Colloque \u00ab\u00a0La culture de la petite enfance \u00e0 Pisto\u00efa\u00a0\u00bb 19\/10\/2019 \u00e0 Cagnes-sur-Mer &#8211; France<\/em><\/p>\n<p>\u00a0 \u00a0\u00a0<\/p>\n<p>Audrey Sevean est partie deux mois dans une cr\u00e8che de Pistoia pour effectuer son stage lors de ses \u00e9tudes. Elle a tr\u00e8s vite constat\u00e9 qu\u2019il n\u2019y a pas de p\u00e9dagogie fixe, rien n\u2019est fig\u00e9 et tout s\u2019inspire de divers horizons. Il y a toutefois certains concepts cl\u00e9s :<\/p>\n<ul>\n<li>Prendre soin des relations<\/li>\n<li>Place \u00e0 la rencontre via l\u2019espace (exemple\u00a0: des fauteuils sont mis \u00e0 disposition dans un sas, ce qui invite les parents \u00e0 rester)<\/li>\n<li>L\u2019espace comme troisi\u00e8me \u00e9ducateur<\/li>\n<li>L\u2019enfant et ses 100 langages\u00a0: Le milieu d\u2019accueil offre \u00e0 chaque enfant une possibilit\u00e9 de s\u2019exprimer via diff\u00e9rents mat\u00e9riaux<\/li>\n<li>Tout enfant a des capacit\u00e9s<\/li>\n<li>Focus sur les rituels<\/li>\n<li>Partir des envies des enfants pour les activit\u00e9s<\/li>\n<li>Mat\u00e9riel ouvert, pi\u00e8ces symboliques et beaucoup de mat\u00e9riel neutre<\/li>\n<\/ul>\n<p style=\"text-align: right;\">\u00a0<\/p>    <\/div>\n<\/div>\n<!-- \/module text -->\t        <\/div>\n\t    \t<\/div>\n\t\t    <\/div>\n\t    <!-- \/row_inner -->\n\t<\/div>\n\t<!-- \/module_row -->\n\t<\/div>\n<!--\/themify_builder_content-->","protected":false},"excerpt":{"rendered":"<p>T\u00e9moignage d\u2019une \u00e9ducatrice de jeunes enfants \u2013 Colloque \u00ab La culture de la petite enfance \u00e0 Pisto\u00efa \u00bb 19\/10\/2019 \u00e0 Cagnes-sur-Mer \u2013 France<\/p>\n","protected":false},"author":2,"featured_media":10637,"comment_status":"open","ping_status":"open","sticky":false,"template":"","format":"standard","meta":{"footnotes":""},"categories":[293,300,294],"tags":[],"class_list":["post-10506","post","type-post","status-publish","format-standard","has-post-thumbnail","hentry","category-art","category-notes-pedagogiques","category-pistoia","has-post-title","has-post-date","has-post-category","has-post-tag","has-post-comment","has-post-author",""],"yoast_head":"<!-- This site is optimized with the Yoast SEO plugin v27.5 - https:\/\/yoast.com\/product\/yoast-seo-wordpress\/ -->\n<title>Pistoia vers une sobri\u00e9t\u00e9 heureuse \u00e0 la cr\u00e8che - Site de la FILE<\/title>\n<meta name=\"description\" content=\"La FILE vous invite le 9 juin 2020 \u00e0 une matin\u00e9e de conf\u00e9rence sur les intelligences multiples avec Perrine Bigot ! Renseignements suppl\u00e9mentaires \u00e0 venir.\" \/>\n<meta name=\"robots\" content=\"index, follow, max-snippet:-1, max-image-preview:large, max-video-preview:-1\" \/>\n<link rel=\"canonical\" href=\"https:\/\/www.fileasbl.be\/membres\/pistoia-vers-une-sobriete-heureuse-a-la-creche\/\" \/>\n<meta property=\"og:locale\" content=\"fr_FR\" \/>\n<meta property=\"og:type\" content=\"article\" \/>\n<meta property=\"og:title\" content=\"Pistoia vers une sobri\u00e9t\u00e9 heureuse \u00e0 la cr\u00e8che - Site de la FILE\" \/>\n<meta property=\"og:description\" content=\"La FILE vous invite le 9 juin 2020 \u00e0 une matin\u00e9e de conf\u00e9rence sur les intelligences multiples avec Perrine Bigot ! Renseignements suppl\u00e9mentaires \u00e0 venir.\" \/>\n<meta property=\"og:url\" content=\"https:\/\/www.fileasbl.be\/membres\/pistoia-vers-une-sobriete-heureuse-a-la-creche\/\" \/>\n<meta property=\"og:site_name\" content=\"Site de la FILE\" \/>\n<meta property=\"article:publisher\" content=\"https:\/\/www.facebook.com\/fileasbl\/\" \/>\n<meta property=\"article:published_time\" content=\"2020-03-02T16:11:20+00:00\" \/>\n<meta property=\"article:modified_time\" content=\"2024-08-13T11:38:55+00:00\" \/>\n<meta property=\"og:image\" content=\"https:\/\/www.fileasbl.be\/membres\/wp-content\/uploads\/2020\/02\/2020-Site-A-la-une-T\u00e9moignage.jpg\" \/>\n\t<meta property=\"og:image:width\" content=\"1600\" \/>\n\t<meta property=\"og:image:height\" content=\"837\" \/>\n\t<meta property=\"og:image:type\" content=\"image\/jpeg\" \/>\n<meta name=\"author\" content=\"Contact FILE\" \/>\n<meta name=\"twitter:card\" content=\"summary_large_image\" \/>\n<meta name=\"twitter:label1\" content=\"\u00c9crit par\" \/>\n\t<meta name=\"twitter:data1\" content=\"Contact FILE\" \/>\n\t<meta name=\"twitter:label2\" content=\"Dur\u00e9e de lecture estim\u00e9e\" \/>\n\t<meta name=\"twitter:data2\" content=\"1 minute\" \/>\n<script type=\"application\/ld+json\" class=\"yoast-schema-graph\">{\"@context\":\"https:\\\/\\\/schema.org\",\"@graph\":[{\"@type\":\"Article\",\"@id\":\"https:\\\/\\\/www.fileasbl.be\\\/membres\\\/pistoia-vers-une-sobriete-heureuse-a-la-creche\\\/#article\",\"isPartOf\":{\"@id\":\"https:\\\/\\\/www.fileasbl.be\\\/membres\\\/pistoia-vers-une-sobriete-heureuse-a-la-creche\\\/\"},\"author\":{\"name\":\"Contact FILE\",\"@id\":\"https:\\\/\\\/www.fileasbl.be\\\/membres\\\/#\\\/schema\\\/person\\\/5954a0c68c3a6f92f805465caa00d25f\"},\"headline\":\"Pistoia vers une sobri\u00e9t\u00e9 heureuse \u00e0 la cr\u00e8che\",\"datePublished\":\"2020-03-02T16:11:20+00:00\",\"dateModified\":\"2024-08-13T11:38:55+00:00\",\"mainEntityOfPage\":{\"@id\":\"https:\\\/\\\/www.fileasbl.be\\\/membres\\\/pistoia-vers-une-sobriete-heureuse-a-la-creche\\\/\"},\"wordCount\":177,\"commentCount\":0,\"image\":{\"@id\":\"https:\\\/\\\/www.fileasbl.be\\\/membres\\\/pistoia-vers-une-sobriete-heureuse-a-la-creche\\\/#primaryimage\"},\"thumbnailUrl\":\"https:\\\/\\\/www.fileasbl.be\\\/membres\\\/wp-content\\\/uploads\\\/2020\\\/02\\\/2020-Site-A-la-une-T\u00e9moignage.jpg\",\"articleSection\":[\"Art Culturel\",\"Notes p\u00e9dagogiques\",\"Pistoia\"],\"inLanguage\":\"fr-FR\",\"potentialAction\":[{\"@type\":\"CommentAction\",\"name\":\"Comment\",\"target\":[\"https:\\\/\\\/www.fileasbl.be\\\/membres\\\/pistoia-vers-une-sobriete-heureuse-a-la-creche\\\/#respond\"]}]},{\"@type\":\"WebPage\",\"@id\":\"https:\\\/\\\/www.fileasbl.be\\\/membres\\\/pistoia-vers-une-sobriete-heureuse-a-la-creche\\\/\",\"url\":\"https:\\\/\\\/www.fileasbl.be\\\/membres\\\/pistoia-vers-une-sobriete-heureuse-a-la-creche\\\/\",\"name\":\"Pistoia vers une sobri\u00e9t\u00e9 heureuse \u00e0 la cr\u00e8che - Site de la FILE\",\"isPartOf\":{\"@id\":\"https:\\\/\\\/www.fileasbl.be\\\/membres\\\/#website\"},\"primaryImageOfPage\":{\"@id\":\"https:\\\/\\\/www.fileasbl.be\\\/membres\\\/pistoia-vers-une-sobriete-heureuse-a-la-creche\\\/#primaryimage\"},\"image\":{\"@id\":\"https:\\\/\\\/www.fileasbl.be\\\/membres\\\/pistoia-vers-une-sobriete-heureuse-a-la-creche\\\/#primaryimage\"},\"thumbnailUrl\":\"https:\\\/\\\/www.fileasbl.be\\\/membres\\\/wp-content\\\/uploads\\\/2020\\\/02\\\/2020-Site-A-la-une-T\u00e9moignage.jpg\",\"datePublished\":\"2020-03-02T16:11:20+00:00\",\"dateModified\":\"2024-08-13T11:38:55+00:00\",\"author\":{\"@id\":\"https:\\\/\\\/www.fileasbl.be\\\/membres\\\/#\\\/schema\\\/person\\\/5954a0c68c3a6f92f805465caa00d25f\"},\"description\":\"La FILE vous invite le 9 juin 2020 \u00e0 une matin\u00e9e de conf\u00e9rence sur les intelligences multiples avec Perrine Bigot ! Renseignements suppl\u00e9mentaires \u00e0 venir.\",\"breadcrumb\":{\"@id\":\"https:\\\/\\\/www.fileasbl.be\\\/membres\\\/pistoia-vers-une-sobriete-heureuse-a-la-creche\\\/#breadcrumb\"},\"inLanguage\":\"fr-FR\",\"potentialAction\":[{\"@type\":\"ReadAction\",\"target\":[\"https:\\\/\\\/www.fileasbl.be\\\/membres\\\/pistoia-vers-une-sobriete-heureuse-a-la-creche\\\/\"]}]},{\"@type\":\"ImageObject\",\"inLanguage\":\"fr-FR\",\"@id\":\"https:\\\/\\\/www.fileasbl.be\\\/membres\\\/pistoia-vers-une-sobriete-heureuse-a-la-creche\\\/#primaryimage\",\"url\":\"https:\\\/\\\/www.fileasbl.be\\\/membres\\\/wp-content\\\/uploads\\\/2020\\\/02\\\/2020-Site-A-la-une-T\u00e9moignage.jpg\",\"contentUrl\":\"https:\\\/\\\/www.fileasbl.be\\\/membres\\\/wp-content\\\/uploads\\\/2020\\\/02\\\/2020-Site-A-la-une-T\u00e9moignage.jpg\",\"width\":1600,\"height\":837},{\"@type\":\"BreadcrumbList\",\"@id\":\"https:\\\/\\\/www.fileasbl.be\\\/membres\\\/pistoia-vers-une-sobriete-heureuse-a-la-creche\\\/#breadcrumb\",\"itemListElement\":[{\"@type\":\"ListItem\",\"position\":1,\"name\":\"Accueil\",\"item\":\"https:\\\/\\\/www.fileasbl.be\\\/membres\\\/\"},{\"@type\":\"ListItem\",\"position\":2,\"name\":\"Pistoia vers une sobri\u00e9t\u00e9 heureuse \u00e0 la cr\u00e8che\"}]},{\"@type\":\"WebSite\",\"@id\":\"https:\\\/\\\/www.fileasbl.be\\\/membres\\\/#website\",\"url\":\"https:\\\/\\\/www.fileasbl.be\\\/membres\\\/\",\"name\":\"Site de la FILE\",\"description\":\"FILE Un accueil de qualit\u00e9 accessible \u00e0 tous\",\"potentialAction\":[{\"@type\":\"SearchAction\",\"target\":{\"@type\":\"EntryPoint\",\"urlTemplate\":\"https:\\\/\\\/www.fileasbl.be\\\/membres\\\/?s={search_term_string}\"},\"query-input\":{\"@type\":\"PropertyValueSpecification\",\"valueRequired\":true,\"valueName\":\"search_term_string\"}}],\"inLanguage\":\"fr-FR\"},{\"@type\":\"Person\",\"@id\":\"https:\\\/\\\/www.fileasbl.be\\\/membres\\\/#\\\/schema\\\/person\\\/5954a0c68c3a6f92f805465caa00d25f\",\"name\":\"Contact FILE\",\"url\":\"https:\\\/\\\/www.fileasbl.be\\\/membres\\\/author\\\/contactfile\\\/\"}]}<\/script>\n<!-- \/ Yoast SEO plugin. -->","yoast_head_json":{"title":"Pistoia vers une sobri\u00e9t\u00e9 heureuse \u00e0 la cr\u00e8che - Site de la FILE","description":"La FILE vous invite le 9 juin 2020 \u00e0 une matin\u00e9e de conf\u00e9rence sur les intelligences multiples avec Perrine Bigot ! Renseignements suppl\u00e9mentaires \u00e0 venir.","robots":{"index":"index","follow":"follow","max-snippet":"max-snippet:-1","max-image-preview":"max-image-preview:large","max-video-preview":"max-video-preview:-1"},"canonical":"https:\/\/www.fileasbl.be\/membres\/pistoia-vers-une-sobriete-heureuse-a-la-creche\/","og_locale":"fr_FR","og_type":"article","og_title":"Pistoia vers une sobri\u00e9t\u00e9 heureuse \u00e0 la cr\u00e8che - Site de la FILE","og_description":"La FILE vous invite le 9 juin 2020 \u00e0 une matin\u00e9e de conf\u00e9rence sur les intelligences multiples avec Perrine Bigot ! Renseignements suppl\u00e9mentaires \u00e0 venir.","og_url":"https:\/\/www.fileasbl.be\/membres\/pistoia-vers-une-sobriete-heureuse-a-la-creche\/","og_site_name":"Site de la FILE","article_publisher":"https:\/\/www.facebook.com\/fileasbl\/","article_published_time":"2020-03-02T16:11:20+00:00","article_modified_time":"2024-08-13T11:38:55+00:00","og_image":[{"width":1600,"height":837,"url":"https:\/\/www.fileasbl.be\/membres\/wp-content\/uploads\/2020\/02\/2020-Site-A-la-une-T\u00e9moignage.jpg","type":"image\/jpeg"}],"author":"Contact FILE","twitter_card":"summary_large_image","twitter_misc":{"\u00c9crit par":"Contact FILE","Dur\u00e9e de lecture estim\u00e9e":"1 minute"},"schema":{"@context":"https:\/\/schema.org","@graph":[{"@type":"Article","@id":"https:\/\/www.fileasbl.be\/membres\/pistoia-vers-une-sobriete-heureuse-a-la-creche\/#article","isPartOf":{"@id":"https:\/\/www.fileasbl.be\/membres\/pistoia-vers-une-sobriete-heureuse-a-la-creche\/"},"author":{"name":"Contact FILE","@id":"https:\/\/www.fileasbl.be\/membres\/#\/schema\/person\/5954a0c68c3a6f92f805465caa00d25f"},"headline":"Pistoia vers une sobri\u00e9t\u00e9 heureuse \u00e0 la cr\u00e8che","datePublished":"2020-03-02T16:11:20+00:00","dateModified":"2024-08-13T11:38:55+00:00","mainEntityOfPage":{"@id":"https:\/\/www.fileasbl.be\/membres\/pistoia-vers-une-sobriete-heureuse-a-la-creche\/"},"wordCount":177,"commentCount":0,"image":{"@id":"https:\/\/www.fileasbl.be\/membres\/pistoia-vers-une-sobriete-heureuse-a-la-creche\/#primaryimage"},"thumbnailUrl":"https:\/\/www.fileasbl.be\/membres\/wp-content\/uploads\/2020\/02\/2020-Site-A-la-une-T\u00e9moignage.jpg","articleSection":["Art Culturel","Notes p\u00e9dagogiques","Pistoia"],"inLanguage":"fr-FR","potentialAction":[{"@type":"CommentAction","name":"Comment","target":["https:\/\/www.fileasbl.be\/membres\/pistoia-vers-une-sobriete-heureuse-a-la-creche\/#respond"]}]},{"@type":"WebPage","@id":"https:\/\/www.fileasbl.be\/membres\/pistoia-vers-une-sobriete-heureuse-a-la-creche\/","url":"https:\/\/www.fileasbl.be\/membres\/pistoia-vers-une-sobriete-heureuse-a-la-creche\/","name":"Pistoia vers une sobri\u00e9t\u00e9 heureuse \u00e0 la cr\u00e8che - Site de la FILE","isPartOf":{"@id":"https:\/\/www.fileasbl.be\/membres\/#website"},"primaryImageOfPage":{"@id":"https:\/\/www.fileasbl.be\/membres\/pistoia-vers-une-sobriete-heureuse-a-la-creche\/#primaryimage"},"image":{"@id":"https:\/\/www.fileasbl.be\/membres\/pistoia-vers-une-sobriete-heureuse-a-la-creche\/#primaryimage"},"thumbnailUrl":"https:\/\/www.fileasbl.be\/membres\/wp-content\/uploads\/2020\/02\/2020-Site-A-la-une-T\u00e9moignage.jpg","datePublished":"2020-03-02T16:11:20+00:00","dateModified":"2024-08-13T11:38:55+00:00","author":{"@id":"https:\/\/www.fileasbl.be\/membres\/#\/schema\/person\/5954a0c68c3a6f92f805465caa00d25f"},"description":"La FILE vous invite le 9 juin 2020 \u00e0 une matin\u00e9e de conf\u00e9rence sur les intelligences multiples avec Perrine Bigot ! Renseignements suppl\u00e9mentaires \u00e0 venir.","breadcrumb":{"@id":"https:\/\/www.fileasbl.be\/membres\/pistoia-vers-une-sobriete-heureuse-a-la-creche\/#breadcrumb"},"inLanguage":"fr-FR","potentialAction":[{"@type":"ReadAction","target":["https:\/\/www.fileasbl.be\/membres\/pistoia-vers-une-sobriete-heureuse-a-la-creche\/"]}]},{"@type":"ImageObject","inLanguage":"fr-FR","@id":"https:\/\/www.fileasbl.be\/membres\/pistoia-vers-une-sobriete-heureuse-a-la-creche\/#primaryimage","url":"https:\/\/www.fileasbl.be\/membres\/wp-content\/uploads\/2020\/02\/2020-Site-A-la-une-T\u00e9moignage.jpg","contentUrl":"https:\/\/www.fileasbl.be\/membres\/wp-content\/uploads\/2020\/02\/2020-Site-A-la-une-T\u00e9moignage.jpg","width":1600,"height":837},{"@type":"BreadcrumbList","@id":"https:\/\/www.fileasbl.be\/membres\/pistoia-vers-une-sobriete-heureuse-a-la-creche\/#breadcrumb","itemListElement":[{"@type":"ListItem","position":1,"name":"Accueil","item":"https:\/\/www.fileasbl.be\/membres\/"},{"@type":"ListItem","position":2,"name":"Pistoia vers une sobri\u00e9t\u00e9 heureuse \u00e0 la cr\u00e8che"}]},{"@type":"WebSite","@id":"https:\/\/www.fileasbl.be\/membres\/#website","url":"https:\/\/www.fileasbl.be\/membres\/","name":"Site de la FILE","description":"FILE Un accueil de qualit\u00e9 accessible \u00e0 tous","potentialAction":[{"@type":"SearchAction","target":{"@type":"EntryPoint","urlTemplate":"https:\/\/www.fileasbl.be\/membres\/?s={search_term_string}"},"query-input":{"@type":"PropertyValueSpecification","valueRequired":true,"valueName":"search_term_string"}}],"inLanguage":"fr-FR"},{"@type":"Person","@id":"https:\/\/www.fileasbl.be\/membres\/#\/schema\/person\/5954a0c68c3a6f92f805465caa00d25f","name":"Contact FILE","url":"https:\/\/www.fileasbl.be\/membres\/author\/contactfile\/"}]}},"builder_content":"<img src=\"http:\/\/www.fileasbl.be\/membres\/wp-content\/uploads\/2020\/02\/2020-Site-article-800x200-T\u00e9moignage.jpg\" title=\"Pistoia vers une sobri\u00e9t\u00e9 heureuse \u00e0 la cr\u00e8che\" alt=\"Pistoia vers une sobri\u00e9t\u00e9 heureuse \u00e0 la cr\u00e8che\">\n<p><strong>T\u00e9moignage d\u2019une \u00e9ducatrice de jeunes enfants \u2013 <em>\"Pistoia vers une sobri\u00e9t\u00e9 heureuse \u00e0 la cr\u00e8che\"<\/em><\/strong><\/p> <p><em>Colloque \"La culture de la petite enfance \u00e0 Pisto\u00efa\" 19\/10\/2019 \u00e0 Cagnes-sur-Mer - France<\/em><\/p> <p>\u00a0 \u00a0\u00a0<\/p> <p>Audrey Sevean est partie deux mois dans une cr\u00e8che de Pistoia pour effectuer son stage lors de ses \u00e9tudes. Elle a tr\u00e8s vite constat\u00e9 qu\u2019il n\u2019y a pas de p\u00e9dagogie fixe, rien n\u2019est fig\u00e9 et tout s\u2019inspire de divers horizons. Il y a toutefois certains concepts cl\u00e9s :<\/p> <ul> <li>Prendre soin des relations<\/li> <li>Place \u00e0 la rencontre via l\u2019espace (exemple\u00a0: des fauteuils sont mis \u00e0 disposition dans un sas, ce qui invite les parents \u00e0 rester)<\/li> <li>L\u2019espace comme troisi\u00e8me \u00e9ducateur<\/li> <li>L\u2019enfant et ses 100 langages\u00a0: Le milieu d\u2019accueil offre \u00e0 chaque enfant une possibilit\u00e9 de s\u2019exprimer via diff\u00e9rents mat\u00e9riaux<\/li> <li>Tout enfant a des capacit\u00e9s<\/li> <li>Focus sur les rituels<\/li> <li>Partir des envies des enfants pour les activit\u00e9s<\/li> <li>Mat\u00e9riel ouvert, pi\u00e8ces symboliques et beaucoup de mat\u00e9riel neutre<\/li> <\/ul> <p style=\"text-align: right;\">\u00a0<\/p>","_links":{"self":[{"href":"https:\/\/www.fileasbl.be\/membres\/wp-json\/wp\/v2\/posts\/10506","targetHints":{"allow":["GET"]}}],"collection":[{"href":"https:\/\/www.fileasbl.be\/membres\/wp-json\/wp\/v2\/posts"}],"about":[{"href":"https:\/\/www.fileasbl.be\/membres\/wp-json\/wp\/v2\/types\/post"}],"author":[{"embeddable":true,"href":"https:\/\/www.fileasbl.be\/membres\/wp-json\/wp\/v2\/users\/2"}],"replies":[{"embeddable":true,"href":"https:\/\/www.fileasbl.be\/membres\/wp-json\/wp\/v2\/comments?post=10506"}],"version-history":[{"count":0,"href":"https:\/\/www.fileasbl.be\/membres\/wp-json\/wp\/v2\/posts\/10506\/revisions"}],"wp:featuredmedia":[{"embeddable":true,"href":"https:\/\/www.fileasbl.be\/membres\/wp-json\/wp\/v2\/media\/10637"}],"wp:attachment":[{"href":"https:\/\/www.fileasbl.be\/membres\/wp-json\/wp\/v2\/media?parent=10506"}],"wp:term":[{"taxonomy":"category","embeddable":true,"href":"https:\/\/www.fileasbl.be\/membres\/wp-json\/wp\/v2\/categories?post=10506"},{"taxonomy":"post_tag","embeddable":true,"href":"https:\/\/www.fileasbl.be\/membres\/wp-json\/wp\/v2\/tags?post=10506"}],"curies":[{"name":"wp","href":"https:\/\/api.w.org\/{rel}","templated":true}]}}