{"id":10666,"date":"2020-03-20T20:22:25","date_gmt":"2020-03-20T19:22:25","guid":{"rendered":"http:\/\/www.fileasbl.be\/membres\/?p=10666"},"modified":"2020-04-30T19:49:52","modified_gmt":"2020-04-30T18:49:52","slug":"covid19-interpellation-des-partenaires-sociaux-aux-autorites-publiques","status":"publish","type":"post","link":"https:\/\/www.fileasbl.be\/membres\/covid19-interpellation-des-partenaires-sociaux-aux-autorites-publiques\/","title":{"rendered":"Covid19 : Interpellation des partenaires sociaux"},"content":{"rendered":"<!--themify_builder_content-->\n<div id=\"themify_builder_content-10666\" data-postid=\"10666\" class=\"themify_builder_content themify_builder_content-10666 themify_builder tf_clear\">\n    \t<!-- module_row -->\n\t<div  data-lazy=\"1\" class=\"module_row themify_builder_row tb_e17h886 tb_first tf_clearfix\">\n\t    \t\t<div class=\"row_inner col_align_top col-count-1 tf_box tf_w tf_rel\">\n\t\t\t<div  data-lazy=\"1\" class=\"module_column tb-column col-full first tb_3fn3887 tf_box\">\n\t\t\t    \t        <div class=\"tb-column-inner tf_box tf_w\">\n\t\t    <!-- module text -->\n<div  class=\"module module-text tb_n8f9478   \" data-lazy=\"1\">\n        <div  class=\"tb_text_wrap\">\n    <p><strong>20 mars 2020<\/strong><\/p>\n<p>Toutes les actualit\u00e9s <a href=\"https:\/\/fileasbl.us19.list-manage.com\/track\/click?u=6ee8fd8d279afe53981b72411&amp;id=7fa75e78fe&amp;e=69624887f8\" target=\"_blank\" rel=\"noopener\">sur notre page.<\/a><br \/>\u00a0<\/p>\n<table width=\"100%\">\n<tbody>\n<tr>\n<td>\n<table width=\"100%\">\n<tbody>\n<tr>\n<td width=\"600\">\n<table width=\"100%\">\n<tbody>\n<tr>\n<td>\n<p>Les partenaires sociaux de la CP332 se sont r\u00e9unis ce matin et ont interpell\u00e9 les autorit\u00e9s publiques concernant la situation des milieux d\u2019accueil des enfants et de leur personnel.\u00a0<\/p>\n<p>Soyez rassur\u00e9s sur le fait que tant les organisations syndicales que les repr\u00e9sentants des employeurs et le cabinet minist\u00e9riel sont sur la m\u00eame longueur d&rsquo;onde et mettent tout en \u0153uvre pour que les salaires de tous les travailleurs soient maintenus d&rsquo;une mani\u00e8re ou d&rsquo;une autre, dans la mesure du possible, tout en pr\u00e9servant la viabilit\u00e9 financi\u00e8re\u00a0des milieux d\u2019accueil, subventionn\u00e9s ou non.\u00a0<\/p>\n<p>Toutes les solutions sont actuellement activement envisag\u00e9es pour parvenir \u00e0 l&rsquo;\u00e9quit\u00e9 entre les travailleurs.<\/p>\n<p>Nous consultons actuellement \u00e9galement la Ministre sur les modalit\u00e9s concr\u00e8tes de compensation des PFP et de remboursement \u00e9ventuel aux parents, en ayant en point d&rsquo;attention la tr\u00e9sorerie des milieux d&rsquo;accueil.<\/p>\n<p>L&rsquo;investissement de tous \u00e0 trouver rapidement une solution est \u00e9norme mais la recherche de pistes concr\u00e8tes \u00e0 tous niveaux de pouvoirs demande un peu de\u00a0temps, raison pour laquelle nous conseillons aux pouvoirs organisateurs d&rsquo;attendre, dans la mesure du possible, avant de prendre l&rsquo;une ou l&rsquo;autre mesure, sauf urgence pour leur structure (ex: certains aes 1,&#8230;).<\/p>\n<p>La FILE ne manquera pas de vous tenir inform\u00e9s de toute \u00e9volution dans les meilleurs d\u00e9lais.<\/p>\n<p>Vous trouverez ici l&rsquo;<a href=\"https:\/\/fileasbl.us19.list-manage.com\/track\/click?u=6ee8fd8d279afe53981b72411&amp;id=9a8f10a740&amp;e=69624887f8\">interpellation des partenaires sociaux aux autorit\u00e9s publiques concernant l&rsquo;accueil de l&rsquo;enfant (20 mars 2020)<\/a>.<\/p>\n<\/td>\n<\/tr>\n<\/tbody>\n<\/table>\n<\/td>\n<\/tr>\n<\/tbody>\n<\/table>\n<\/td>\n<\/tr>\n<\/tbody>\n<\/table>    <\/div>\n<\/div>\n<!-- \/module text -->\t        <\/div>\n\t    \t<\/div>\n\t\t    <\/div>\n\t    <!-- \/row_inner -->\n\t<\/div>\n\t<!-- \/module_row -->\n\t<\/div>\n<!--\/themify_builder_content-->","protected":false},"excerpt":{"rendered":"<p>20 mars 2020 Toutes les actualit\u00e9s sur notre page.\u00a0 Les partenaires sociaux de la CP332 se sont r\u00e9unis ce matin et ont interpell\u00e9 les autorit\u00e9s publiques concernant la situation des milieux d\u2019accueil des enfants et de leur personnel.\u00a0 Soyez rassur\u00e9s sur le fait que tant les organisations syndicales que les repr\u00e9sentants des employeurs et le [&hellip;]<\/p>\n","protected":false},"author":2,"featured_media":0,"comment_status":"open","ping_status":"open","sticky":false,"template":"","format":"standard","meta":{"footnotes":""},"categories":[248,235,304,298,232,315,246,301],"tags":[],"class_list":["post-10666","post","type-post","status-publish","format-standard","hentry","category-atl","category-bien-etre-au-travail","category-bien-etre-enfant","category-chomage-temporaire","category-contrats-de-travail","category-droit-enfant","category-milac","category-notes-politiques","has-post-title","has-post-date","has-post-category","has-post-tag","has-post-comment","has-post-author",""],"yoast_head":"<!-- This site is optimized with the Yoast SEO plugin v27.4 - https:\/\/yoast.com\/product\/yoast-seo-wordpress\/ -->\n<title>Covid19 : Interpellation des partenaires sociaux - Site de la FILE<\/title>\n<meta name=\"robots\" content=\"index, follow, max-snippet:-1, max-image-preview:large, max-video-preview:-1\" \/>\n<link rel=\"canonical\" href=\"https:\/\/www.fileasbl.be\/membres\/covid19-interpellation-des-partenaires-sociaux-aux-autorites-publiques\/\" \/>\n<meta property=\"og:locale\" content=\"fr_FR\" \/>\n<meta property=\"og:type\" content=\"article\" \/>\n<meta property=\"og:title\" content=\"Covid19 : Interpellation des partenaires sociaux - Site de la FILE\" \/>\n<meta property=\"og:description\" content=\"20 mars 2020 Toutes les actualit\u00e9s sur notre page.\u00a0 Les partenaires sociaux de la CP332 se sont r\u00e9unis ce matin et ont interpell\u00e9 les autorit\u00e9s publiques concernant la situation des milieux d\u2019accueil des enfants et de leur personnel.\u00a0 Soyez rassur\u00e9s sur le fait que tant les organisations syndicales que les repr\u00e9sentants des employeurs et le [&hellip;]\" \/>\n<meta property=\"og:url\" content=\"https:\/\/www.fileasbl.be\/membres\/covid19-interpellation-des-partenaires-sociaux-aux-autorites-publiques\/\" \/>\n<meta property=\"og:site_name\" content=\"Site de la FILE\" \/>\n<meta property=\"article:publisher\" content=\"https:\/\/www.facebook.com\/fileasbl\/\" \/>\n<meta property=\"article:published_time\" content=\"2020-03-20T19:22:25+00:00\" \/>\n<meta property=\"article:modified_time\" content=\"2020-04-30T18:49:52+00:00\" \/>\n<meta property=\"og:image\" content=\"https:\/\/www.fileasbl.be\/membres\/wp-content\/uploads\/2020\/03\/2020-Site-A-la-une-Covid20.3.jpg\" \/>\n\t<meta property=\"og:image:width\" content=\"1600\" \/>\n\t<meta property=\"og:image:height\" content=\"837\" \/>\n\t<meta property=\"og:image:type\" content=\"image\/jpeg\" \/>\n<meta name=\"author\" content=\"Contact FILE\" \/>\n<meta name=\"twitter:card\" content=\"summary_large_image\" \/>\n<meta name=\"twitter:label1\" content=\"\u00c9crit par\" \/>\n\t<meta name=\"twitter:data1\" content=\"Contact FILE\" \/>\n\t<meta name=\"twitter:label2\" content=\"Dur\u00e9e de lecture estim\u00e9e\" \/>\n\t<meta name=\"twitter:data2\" content=\"1 minute\" \/>\n<script type=\"application\/ld+json\" class=\"yoast-schema-graph\">{\"@context\":\"https:\\\/\\\/schema.org\",\"@graph\":[{\"@type\":\"Article\",\"@id\":\"https:\\\/\\\/www.fileasbl.be\\\/membres\\\/covid19-interpellation-des-partenaires-sociaux-aux-autorites-publiques\\\/#article\",\"isPartOf\":{\"@id\":\"https:\\\/\\\/www.fileasbl.be\\\/membres\\\/covid19-interpellation-des-partenaires-sociaux-aux-autorites-publiques\\\/\"},\"author\":{\"name\":\"Contact FILE\",\"@id\":\"https:\\\/\\\/www.fileasbl.be\\\/membres\\\/#\\\/schema\\\/person\\\/5954a0c68c3a6f92f805465caa00d25f\"},\"headline\":\"Covid19 : Interpellation des partenaires sociaux\",\"datePublished\":\"2020-03-20T19:22:25+00:00\",\"dateModified\":\"2020-04-30T18:49:52+00:00\",\"mainEntityOfPage\":{\"@id\":\"https:\\\/\\\/www.fileasbl.be\\\/membres\\\/covid19-interpellation-des-partenaires-sociaux-aux-autorites-publiques\\\/\"},\"wordCount\":264,\"commentCount\":0,\"articleSection\":[\"ATL\",\"Bien \u00eatre au travail\",\"Bien \u00eatre enfant\",\"Chomage temporaire\",\"Contrats de travail\",\"Droit enfant\",\"Milieu d'accueil 0-3 ans\",\"Notes politiques\"],\"inLanguage\":\"fr-FR\",\"potentialAction\":[{\"@type\":\"CommentAction\",\"name\":\"Comment\",\"target\":[\"https:\\\/\\\/www.fileasbl.be\\\/membres\\\/covid19-interpellation-des-partenaires-sociaux-aux-autorites-publiques\\\/#respond\"]}]},{\"@type\":\"WebPage\",\"@id\":\"https:\\\/\\\/www.fileasbl.be\\\/membres\\\/covid19-interpellation-des-partenaires-sociaux-aux-autorites-publiques\\\/\",\"url\":\"https:\\\/\\\/www.fileasbl.be\\\/membres\\\/covid19-interpellation-des-partenaires-sociaux-aux-autorites-publiques\\\/\",\"name\":\"Covid19 : Interpellation des partenaires sociaux - Site de la FILE\",\"isPartOf\":{\"@id\":\"https:\\\/\\\/www.fileasbl.be\\\/membres\\\/#website\"},\"datePublished\":\"2020-03-20T19:22:25+00:00\",\"dateModified\":\"2020-04-30T18:49:52+00:00\",\"author\":{\"@id\":\"https:\\\/\\\/www.fileasbl.be\\\/membres\\\/#\\\/schema\\\/person\\\/5954a0c68c3a6f92f805465caa00d25f\"},\"breadcrumb\":{\"@id\":\"https:\\\/\\\/www.fileasbl.be\\\/membres\\\/covid19-interpellation-des-partenaires-sociaux-aux-autorites-publiques\\\/#breadcrumb\"},\"inLanguage\":\"fr-FR\",\"potentialAction\":[{\"@type\":\"ReadAction\",\"target\":[\"https:\\\/\\\/www.fileasbl.be\\\/membres\\\/covid19-interpellation-des-partenaires-sociaux-aux-autorites-publiques\\\/\"]}]},{\"@type\":\"BreadcrumbList\",\"@id\":\"https:\\\/\\\/www.fileasbl.be\\\/membres\\\/covid19-interpellation-des-partenaires-sociaux-aux-autorites-publiques\\\/#breadcrumb\",\"itemListElement\":[{\"@type\":\"ListItem\",\"position\":1,\"name\":\"Accueil\",\"item\":\"https:\\\/\\\/www.fileasbl.be\\\/membres\\\/\"},{\"@type\":\"ListItem\",\"position\":2,\"name\":\"Covid19 : Interpellation des partenaires sociaux\"}]},{\"@type\":\"WebSite\",\"@id\":\"https:\\\/\\\/www.fileasbl.be\\\/membres\\\/#website\",\"url\":\"https:\\\/\\\/www.fileasbl.be\\\/membres\\\/\",\"name\":\"Site de la FILE\",\"description\":\"FILE Un accueil de qualit\u00e9 accessible \u00e0 tous\",\"potentialAction\":[{\"@type\":\"SearchAction\",\"target\":{\"@type\":\"EntryPoint\",\"urlTemplate\":\"https:\\\/\\\/www.fileasbl.be\\\/membres\\\/?s={search_term_string}\"},\"query-input\":{\"@type\":\"PropertyValueSpecification\",\"valueRequired\":true,\"valueName\":\"search_term_string\"}}],\"inLanguage\":\"fr-FR\"},{\"@type\":\"Person\",\"@id\":\"https:\\\/\\\/www.fileasbl.be\\\/membres\\\/#\\\/schema\\\/person\\\/5954a0c68c3a6f92f805465caa00d25f\",\"name\":\"Contact FILE\",\"url\":\"https:\\\/\\\/www.fileasbl.be\\\/membres\\\/author\\\/contactfile\\\/\"}]}<\/script>\n<!-- \/ Yoast SEO plugin. -->","yoast_head_json":{"title":"Covid19 : Interpellation des partenaires sociaux - Site de la FILE","robots":{"index":"index","follow":"follow","max-snippet":"max-snippet:-1","max-image-preview":"max-image-preview:large","max-video-preview":"max-video-preview:-1"},"canonical":"https:\/\/www.fileasbl.be\/membres\/covid19-interpellation-des-partenaires-sociaux-aux-autorites-publiques\/","og_locale":"fr_FR","og_type":"article","og_title":"Covid19 : Interpellation des partenaires sociaux - Site de la FILE","og_description":"20 mars 2020 Toutes les actualit\u00e9s sur notre page.\u00a0 Les partenaires sociaux de la CP332 se sont r\u00e9unis ce matin et ont interpell\u00e9 les autorit\u00e9s publiques concernant la situation des milieux d\u2019accueil des enfants et de leur personnel.\u00a0 Soyez rassur\u00e9s sur le fait que tant les organisations syndicales que les repr\u00e9sentants des employeurs et le [&hellip;]","og_url":"https:\/\/www.fileasbl.be\/membres\/covid19-interpellation-des-partenaires-sociaux-aux-autorites-publiques\/","og_site_name":"Site de la FILE","article_publisher":"https:\/\/www.facebook.com\/fileasbl\/","article_published_time":"2020-03-20T19:22:25+00:00","article_modified_time":"2020-04-30T18:49:52+00:00","og_image":[{"width":1600,"height":837,"url":"https:\/\/www.fileasbl.be\/membres\/wp-content\/uploads\/2020\/03\/2020-Site-A-la-une-Covid20.3.jpg","type":"image\/jpeg"}],"author":"Contact FILE","twitter_card":"summary_large_image","twitter_misc":{"\u00c9crit par":"Contact FILE","Dur\u00e9e de lecture estim\u00e9e":"1 minute"},"schema":{"@context":"https:\/\/schema.org","@graph":[{"@type":"Article","@id":"https:\/\/www.fileasbl.be\/membres\/covid19-interpellation-des-partenaires-sociaux-aux-autorites-publiques\/#article","isPartOf":{"@id":"https:\/\/www.fileasbl.be\/membres\/covid19-interpellation-des-partenaires-sociaux-aux-autorites-publiques\/"},"author":{"name":"Contact FILE","@id":"https:\/\/www.fileasbl.be\/membres\/#\/schema\/person\/5954a0c68c3a6f92f805465caa00d25f"},"headline":"Covid19 : Interpellation des partenaires sociaux","datePublished":"2020-03-20T19:22:25+00:00","dateModified":"2020-04-30T18:49:52+00:00","mainEntityOfPage":{"@id":"https:\/\/www.fileasbl.be\/membres\/covid19-interpellation-des-partenaires-sociaux-aux-autorites-publiques\/"},"wordCount":264,"commentCount":0,"articleSection":["ATL","Bien \u00eatre au travail","Bien \u00eatre enfant","Chomage temporaire","Contrats de travail","Droit enfant","Milieu d'accueil 0-3 ans","Notes politiques"],"inLanguage":"fr-FR","potentialAction":[{"@type":"CommentAction","name":"Comment","target":["https:\/\/www.fileasbl.be\/membres\/covid19-interpellation-des-partenaires-sociaux-aux-autorites-publiques\/#respond"]}]},{"@type":"WebPage","@id":"https:\/\/www.fileasbl.be\/membres\/covid19-interpellation-des-partenaires-sociaux-aux-autorites-publiques\/","url":"https:\/\/www.fileasbl.be\/membres\/covid19-interpellation-des-partenaires-sociaux-aux-autorites-publiques\/","name":"Covid19 : Interpellation des partenaires sociaux - Site de la FILE","isPartOf":{"@id":"https:\/\/www.fileasbl.be\/membres\/#website"},"datePublished":"2020-03-20T19:22:25+00:00","dateModified":"2020-04-30T18:49:52+00:00","author":{"@id":"https:\/\/www.fileasbl.be\/membres\/#\/schema\/person\/5954a0c68c3a6f92f805465caa00d25f"},"breadcrumb":{"@id":"https:\/\/www.fileasbl.be\/membres\/covid19-interpellation-des-partenaires-sociaux-aux-autorites-publiques\/#breadcrumb"},"inLanguage":"fr-FR","potentialAction":[{"@type":"ReadAction","target":["https:\/\/www.fileasbl.be\/membres\/covid19-interpellation-des-partenaires-sociaux-aux-autorites-publiques\/"]}]},{"@type":"BreadcrumbList","@id":"https:\/\/www.fileasbl.be\/membres\/covid19-interpellation-des-partenaires-sociaux-aux-autorites-publiques\/#breadcrumb","itemListElement":[{"@type":"ListItem","position":1,"name":"Accueil","item":"https:\/\/www.fileasbl.be\/membres\/"},{"@type":"ListItem","position":2,"name":"Covid19 : Interpellation des partenaires sociaux"}]},{"@type":"WebSite","@id":"https:\/\/www.fileasbl.be\/membres\/#website","url":"https:\/\/www.fileasbl.be\/membres\/","name":"Site de la FILE","description":"FILE Un accueil de qualit\u00e9 accessible \u00e0 tous","potentialAction":[{"@type":"SearchAction","target":{"@type":"EntryPoint","urlTemplate":"https:\/\/www.fileasbl.be\/membres\/?s={search_term_string}"},"query-input":{"@type":"PropertyValueSpecification","valueRequired":true,"valueName":"search_term_string"}}],"inLanguage":"fr-FR"},{"@type":"Person","@id":"https:\/\/www.fileasbl.be\/membres\/#\/schema\/person\/5954a0c68c3a6f92f805465caa00d25f","name":"Contact FILE","url":"https:\/\/www.fileasbl.be\/membres\/author\/contactfile\/"}]}},"builder_content":"<p><strong>20 mars 2020<\/strong><\/p> <p>Toutes les actualit\u00e9s <a href=\"https:\/\/fileasbl.us19.list-manage.com\/track\/click?u=6ee8fd8d279afe53981b72411&amp;id=7fa75e78fe&amp;e=69624887f8\" target=\"_blank\" rel=\"noopener\">sur notre page.<\/a><br \/>\u00a0<\/p> <table width=\"100%\"> <tbody> <tr> <td> <table width=\"100%\"> <tbody> <tr> <td width=\"600\"> <table width=\"100%\"> <tbody> <tr> <td> <p>Les partenaires sociaux de la CP332 se sont r\u00e9unis ce matin et ont interpell\u00e9 les autorit\u00e9s publiques concernant la situation des milieux d\u2019accueil des enfants et de leur personnel.\u00a0<\/p> <p>Soyez rassur\u00e9s sur le fait que tant les organisations syndicales que les repr\u00e9sentants des employeurs et le cabinet minist\u00e9riel sont sur la m\u00eame longueur d'onde et mettent tout en \u0153uvre pour que les salaires de tous les travailleurs soient maintenus d'une mani\u00e8re ou d'une autre, dans la mesure du possible, tout en pr\u00e9servant la viabilit\u00e9 financi\u00e8re\u00a0des milieux d\u2019accueil, subventionn\u00e9s ou non.\u00a0<\/p> <p>Toutes les solutions sont actuellement activement envisag\u00e9es pour parvenir \u00e0 l'\u00e9quit\u00e9 entre les travailleurs.<\/p> <p>Nous consultons actuellement \u00e9galement la Ministre sur les modalit\u00e9s concr\u00e8tes de compensation des PFP et de remboursement \u00e9ventuel aux parents, en ayant en point d'attention la tr\u00e9sorerie des milieux d'accueil.<\/p> <p>L'investissement de tous \u00e0 trouver rapidement une solution est \u00e9norme mais la recherche de pistes concr\u00e8tes \u00e0 tous niveaux de pouvoirs demande un peu de\u00a0temps, raison pour laquelle nous conseillons aux pouvoirs organisateurs d'attendre, dans la mesure du possible, avant de prendre l'une ou l'autre mesure, sauf urgence pour leur structure (ex: certains aes 1,...).<\/p> <p>La FILE ne manquera pas de vous tenir inform\u00e9s de toute \u00e9volution dans les meilleurs d\u00e9lais.<\/p> <p>Vous trouverez ici l'<a href=\"https:\/\/fileasbl.us19.list-manage.com\/track\/click?u=6ee8fd8d279afe53981b72411&amp;id=9a8f10a740&amp;e=69624887f8\">interpellation des partenaires sociaux aux autorit\u00e9s publiques concernant l'accueil de l'enfant (20 mars 2020)<\/a>.<\/p> <\/td> <\/tr> <\/tbody> <\/table> <\/td> <\/tr> <\/tbody> <\/table> <\/td> <\/tr> <\/tbody> <\/table>","_links":{"self":[{"href":"https:\/\/www.fileasbl.be\/membres\/wp-json\/wp\/v2\/posts\/10666","targetHints":{"allow":["GET"]}}],"collection":[{"href":"https:\/\/www.fileasbl.be\/membres\/wp-json\/wp\/v2\/posts"}],"about":[{"href":"https:\/\/www.fileasbl.be\/membres\/wp-json\/wp\/v2\/types\/post"}],"author":[{"embeddable":true,"href":"https:\/\/www.fileasbl.be\/membres\/wp-json\/wp\/v2\/users\/2"}],"replies":[{"embeddable":true,"href":"https:\/\/www.fileasbl.be\/membres\/wp-json\/wp\/v2\/comments?post=10666"}],"version-history":[{"count":0,"href":"https:\/\/www.fileasbl.be\/membres\/wp-json\/wp\/v2\/posts\/10666\/revisions"}],"wp:attachment":[{"href":"https:\/\/www.fileasbl.be\/membres\/wp-json\/wp\/v2\/media?parent=10666"}],"wp:term":[{"taxonomy":"category","embeddable":true,"href":"https:\/\/www.fileasbl.be\/membres\/wp-json\/wp\/v2\/categories?post=10666"},{"taxonomy":"post_tag","embeddable":true,"href":"https:\/\/www.fileasbl.be\/membres\/wp-json\/wp\/v2\/tags?post=10666"}],"curies":[{"name":"wp","href":"https:\/\/api.w.org\/{rel}","templated":true}]}}