{"id":12780,"date":"2020-05-12T19:09:15","date_gmt":"2020-05-12T18:09:15","guid":{"rendered":"http:\/\/www.fileasbl.be\/membres\/?p=12780"},"modified":"2020-05-15T20:05:29","modified_gmt":"2020-05-15T19:05:29","slug":"lettre-a-la-ministre-soutien-aux-familles-et-petite-enfance","status":"publish","type":"post","link":"https:\/\/www.fileasbl.be\/membres\/lettre-a-la-ministre-soutien-aux-familles-et-petite-enfance\/","title":{"rendered":"Soutien aux familles mis \u00e0 mal"},"content":{"rendered":"<!--themify_builder_content-->\n<div id=\"themify_builder_content-12780\" data-postid=\"12780\" class=\"themify_builder_content themify_builder_content-12780 themify_builder tf_clear\">\n    \t<!-- module_row -->\n\t<div  data-lazy=\"1\" class=\"module_row themify_builder_row tb_e17h886 tb_first tf_clearfix\">\n\t    \t\t<div class=\"row_inner col_align_top col-count-1 tf_box tf_w tf_rel\">\n\t\t\t<div  data-lazy=\"1\" class=\"module_column tb-column col-full first tb_3fn3887 tf_box\">\n\t\t\t    \t        <div class=\"tb-column-inner tf_box tf_w\">\n\t\t    <!-- module text -->\n<div  class=\"module module-text tb_n8f9478   \" data-lazy=\"1\">\n        <div  class=\"tb_text_wrap\">\n    <p style=\"text-align: right;\">11 mai 2020<\/p>\n<p><strong>Lettre \u00e0 Madame B\u00e9n\u00e9dicte Linard, Ministre de l\u2019Enfance \u2013 <a href=\"http:\/\/www.fileasbl.be\/membres\/wp-content\/uploads\/2020\/05\/20.05.11-FILE-milieux-daccueil-et-parents-la-tension-risque-de-monter.pdf\" target=\"_blank\" rel=\"noopener\">tensions entre parents et milieux d\u2019accueil<\/a><\/strong><\/p>\n<p>\u00a0<\/p>\n<p>Madame la Ministre,<\/p>\n<p>La concertation du secteur de la Petite enfance de ce jeudi 7 mai et celle du secteur ATL \u00e9largi du vendredi 8 mai ont encore une fois mis en avant le r\u00f4le essentiel du secteur de l\u2019accueil de l\u2019enfant.<\/p>\n<p>Dans les milieux d\u2019accueil, c\u2019est <strong>l\u2019enfant qui est plac\u00e9 au centre<\/strong> et le soutien aux familles qui est mis en avant. Les accueillants, form\u00e9s et comp\u00e9tents, sont attentifs au bien-\u00eatre de l\u2019enfant, \u00e0 son \u00e9mancipation sociale, \u00e0 son d\u00e9veloppement personnel.<\/p>\n<p>Malheureusement, force est de constater que l\u2019enfant dans cette p\u00e9riode de crise du Covid19, n\u2019a pas su \u00eatre consid\u00e9r\u00e9 dans toutes ses dimensions, dans l\u2019espace public et politique. Il est surtout question de l\u2019enfant \u00ab \u00e9l\u00e8ve \u00bb, consid\u00e9r\u00e9 comme sujet d\u2019apprentissages scolaires ou d\u2019enfant \u00ab \u00e0 garder \u00bb pour que les parents puissent travailler\u2026<\/p>\n<p>Le <strong>soutien et l\u2019accompagnement aux familles<\/strong> est aussi au centre des pr\u00e9occupations. Encore plus durant cette p\u00e9riode de crise sanitaire\u00a0: \u00e9coute et accueil afin d\u2019offrir une bulle d\u2019air aux parents, mesures de protection de l\u2019enfant, accessibilit\u00e9 financi\u00e8re, culturelle et sociale des milieux d\u2019accueil, travail social de proximit\u00e9, de qualit\u00e9\u2026 Ce soutien<strong> indispensable afin de soutenir toutes les familles dans cette crise, est un engagement fort des op\u00e9rateurs de l\u2019accueil<\/strong>.<\/p>\n<p>N\u00e9anmoins, comme l\u2019ont soulign\u00e9 toutes les coordinations, <strong>une tension est en train de naitre au sein des milieux d\u2019accueil\u00a0: entre le soutien aux familles d\u2019une part et leur propre survie financi\u00e8re de l\u2019autre. <\/strong>Et ce, notamment en raison de la d\u00e9cision du gouvernement de ne pas prolonger les mesures d\u2019indemnit\u00e9s de participation financi\u00e8re des parents \u00e0 partir du 18 mai.<\/p>\n<p>Les milieux d\u2019accueil Petite enfance sont pris entre deux feux, entre leur soutien aux parents, leur compr\u00e9hension des r\u00e9alit\u00e9s sociales et financi\u00e8res que vivent les familles, leur envie d\u2019accompagner les parents en faisant preuve de souplesse, d\u2019adaptation des contrats d\u2019accueil\u2026 et la question de la viabilit\u00e9 financi\u00e8re des structures.<\/p>\n<p>Rappelons-le une nouvelle fois\u00a0: le secteur de l\u2019enfance n\u2019est que partiellement ou parfois pas du tout subsidi\u00e9 par les pouvoirs publics, la <strong>participation financi\u00e8re des parents est donc essentielle \u00e0 leur survie\u00a0!<\/strong><\/p>\n<p>Les indemnit\u00e9s ont permis de \u00ab\u00a0tenir le coup\u00a0\u00bb mais n\u2019\u00e9taient pas suffisantes. Un deuxi\u00e8me lot d\u2019interventions \u00e9tait esp\u00e9r\u00e9 par tous. Un arr\u00eat net des indemnit\u00e9s du Gouvernement est catastrophique pour la viabilit\u00e9 des structures et pour la relation entre les op\u00e9rateurs d\u2019accueil et les parents.<\/p>\n<p>Nous attendons un engagement fort, <strong>en termes de reconnaissance et de garanties financi\u00e8res<\/strong>, du Gouvernement pour soutenir ce secteur de 1<sup>\u00e8re<\/sup> ligne, qui fait un travail de qualit\u00e9 au jour le jour et qui fait preuve d\u2019une cr\u00e9ativit\u00e9 et d\u2019une r\u00e9activit\u00e9 exceptionnelles.<\/p>\n<p>C\u2019est un enjeu crucial pour notre soci\u00e9t\u00e9\u00a0: les milieux d\u2019accueil\u00a0sont essentiels en termes de lutte contre la pr\u00e9carit\u00e9, d\u2019\u00e9galit\u00e9 des chances, et de droits des enfants.<\/p>\n<p>\u00a0<\/p>\n<p>Cordialement,<\/p>\n<p>Natacha Verstraeten, Pr\u00e9sidente FILE asbl<\/p>\n<p>C\u00e9cile Van Honst\u00e9, Directrice FILE asbl<\/p>    <\/div>\n<\/div>\n<!-- \/module text -->\t        <\/div>\n\t    \t<\/div>\n\t\t    <\/div>\n\t    <!-- \/row_inner -->\n\t<\/div>\n\t<!-- \/module_row -->\n\t<\/div>\n<!--\/themify_builder_content-->","protected":false},"excerpt":{"rendered":"<p>11 mai 2020 Lettre \u00e0 Madame B\u00e9n\u00e9dicte Linard, Ministre de l\u2019Enfance \u2013 tensions entre parents et milieux d\u2019accueil \u00a0 Madame la Ministre, La concertation du secteur de la Petite enfance de ce jeudi 7 mai et celle du secteur ATL \u00e9largi du vendredi 8 mai ont encore une fois mis en avant le r\u00f4le essentiel [&hellip;]<\/p>\n","protected":false},"author":2,"featured_media":0,"comment_status":"open","ping_status":"open","sticky":false,"template":"","format":"standard","meta":{"footnotes":""},"categories":[315,280,246,301],"tags":[],"class_list":["post-12780","post","type-post","status-publish","format-standard","hentry","category-droit-enfant","category-inegalites","category-milac","category-notes-politiques","has-post-title","has-post-date","has-post-category","has-post-tag","has-post-comment","has-post-author",""],"yoast_head":"<!-- This site is optimized with the Yoast SEO plugin v27.5 - https:\/\/yoast.com\/product\/yoast-seo-wordpress\/ -->\n<title>Soutien aux familles mis \u00e0 mal - Site de la FILE<\/title>\n<meta name=\"robots\" content=\"index, follow, max-snippet:-1, max-image-preview:large, max-video-preview:-1\" \/>\n<link rel=\"canonical\" href=\"https:\/\/www.fileasbl.be\/membres\/lettre-a-la-ministre-soutien-aux-familles-et-petite-enfance\/\" \/>\n<meta property=\"og:locale\" content=\"fr_FR\" \/>\n<meta property=\"og:type\" content=\"article\" \/>\n<meta property=\"og:title\" content=\"Soutien aux familles mis \u00e0 mal - Site de la FILE\" \/>\n<meta property=\"og:description\" content=\"11 mai 2020 Lettre \u00e0 Madame B\u00e9n\u00e9dicte Linard, Ministre de l\u2019Enfance \u2013 tensions entre parents et milieux d\u2019accueil \u00a0 Madame la Ministre, La concertation du secteur de la Petite enfance de ce jeudi 7 mai et celle du secteur ATL \u00e9largi du vendredi 8 mai ont encore une fois mis en avant le r\u00f4le essentiel [&hellip;]\" \/>\n<meta property=\"og:url\" content=\"https:\/\/www.fileasbl.be\/membres\/lettre-a-la-ministre-soutien-aux-familles-et-petite-enfance\/\" \/>\n<meta property=\"og:site_name\" content=\"Site de la FILE\" \/>\n<meta property=\"article:publisher\" content=\"https:\/\/www.facebook.com\/fileasbl\/\" \/>\n<meta property=\"article:published_time\" content=\"2020-05-12T18:09:15+00:00\" \/>\n<meta property=\"article:modified_time\" content=\"2020-05-15T19:05:29+00:00\" \/>\n<meta property=\"og:image\" content=\"https:\/\/www.fileasbl.be\/membres\/wp-content\/uploads\/2020\/05\/Communiqu\u00e9Filec.jpg\" \/>\n\t<meta property=\"og:image:width\" content=\"1600\" \/>\n\t<meta property=\"og:image:height\" content=\"837\" \/>\n\t<meta property=\"og:image:type\" content=\"image\/jpeg\" \/>\n<meta name=\"author\" content=\"Contact FILE\" \/>\n<meta name=\"twitter:card\" content=\"summary_large_image\" \/>\n<meta name=\"twitter:label1\" content=\"\u00c9crit par\" \/>\n\t<meta name=\"twitter:data1\" content=\"Contact FILE\" \/>\n\t<meta name=\"twitter:label2\" content=\"Dur\u00e9e de lecture estim\u00e9e\" \/>\n\t<meta name=\"twitter:data2\" content=\"3 minutes\" \/>\n<script type=\"application\/ld+json\" class=\"yoast-schema-graph\">{\"@context\":\"https:\\\/\\\/schema.org\",\"@graph\":[{\"@type\":\"Article\",\"@id\":\"https:\\\/\\\/www.fileasbl.be\\\/membres\\\/lettre-a-la-ministre-soutien-aux-familles-et-petite-enfance\\\/#article\",\"isPartOf\":{\"@id\":\"https:\\\/\\\/www.fileasbl.be\\\/membres\\\/lettre-a-la-ministre-soutien-aux-familles-et-petite-enfance\\\/\"},\"author\":{\"name\":\"Contact FILE\",\"@id\":\"https:\\\/\\\/www.fileasbl.be\\\/membres\\\/#\\\/schema\\\/person\\\/5954a0c68c3a6f92f805465caa00d25f\"},\"headline\":\"Soutien aux familles mis \u00e0 mal\",\"datePublished\":\"2020-05-12T18:09:15+00:00\",\"dateModified\":\"2020-05-15T19:05:29+00:00\",\"mainEntityOfPage\":{\"@id\":\"https:\\\/\\\/www.fileasbl.be\\\/membres\\\/lettre-a-la-ministre-soutien-aux-familles-et-petite-enfance\\\/\"},\"wordCount\":557,\"commentCount\":0,\"articleSection\":[\"Droit enfant\",\"Lutte contre les in\u00e9galit\u00e9s\",\"Milieu d'accueil 0-3 ans\",\"Notes politiques\"],\"inLanguage\":\"fr-FR\",\"potentialAction\":[{\"@type\":\"CommentAction\",\"name\":\"Comment\",\"target\":[\"https:\\\/\\\/www.fileasbl.be\\\/membres\\\/lettre-a-la-ministre-soutien-aux-familles-et-petite-enfance\\\/#respond\"]}]},{\"@type\":\"WebPage\",\"@id\":\"https:\\\/\\\/www.fileasbl.be\\\/membres\\\/lettre-a-la-ministre-soutien-aux-familles-et-petite-enfance\\\/\",\"url\":\"https:\\\/\\\/www.fileasbl.be\\\/membres\\\/lettre-a-la-ministre-soutien-aux-familles-et-petite-enfance\\\/\",\"name\":\"Soutien aux familles mis \u00e0 mal - Site de la FILE\",\"isPartOf\":{\"@id\":\"https:\\\/\\\/www.fileasbl.be\\\/membres\\\/#website\"},\"datePublished\":\"2020-05-12T18:09:15+00:00\",\"dateModified\":\"2020-05-15T19:05:29+00:00\",\"author\":{\"@id\":\"https:\\\/\\\/www.fileasbl.be\\\/membres\\\/#\\\/schema\\\/person\\\/5954a0c68c3a6f92f805465caa00d25f\"},\"breadcrumb\":{\"@id\":\"https:\\\/\\\/www.fileasbl.be\\\/membres\\\/lettre-a-la-ministre-soutien-aux-familles-et-petite-enfance\\\/#breadcrumb\"},\"inLanguage\":\"fr-FR\",\"potentialAction\":[{\"@type\":\"ReadAction\",\"target\":[\"https:\\\/\\\/www.fileasbl.be\\\/membres\\\/lettre-a-la-ministre-soutien-aux-familles-et-petite-enfance\\\/\"]}]},{\"@type\":\"BreadcrumbList\",\"@id\":\"https:\\\/\\\/www.fileasbl.be\\\/membres\\\/lettre-a-la-ministre-soutien-aux-familles-et-petite-enfance\\\/#breadcrumb\",\"itemListElement\":[{\"@type\":\"ListItem\",\"position\":1,\"name\":\"Accueil\",\"item\":\"https:\\\/\\\/www.fileasbl.be\\\/membres\\\/\"},{\"@type\":\"ListItem\",\"position\":2,\"name\":\"Soutien aux familles mis \u00e0 mal\"}]},{\"@type\":\"WebSite\",\"@id\":\"https:\\\/\\\/www.fileasbl.be\\\/membres\\\/#website\",\"url\":\"https:\\\/\\\/www.fileasbl.be\\\/membres\\\/\",\"name\":\"Site de la FILE\",\"description\":\"FILE Un accueil de qualit\u00e9 accessible \u00e0 tous\",\"potentialAction\":[{\"@type\":\"SearchAction\",\"target\":{\"@type\":\"EntryPoint\",\"urlTemplate\":\"https:\\\/\\\/www.fileasbl.be\\\/membres\\\/?s={search_term_string}\"},\"query-input\":{\"@type\":\"PropertyValueSpecification\",\"valueRequired\":true,\"valueName\":\"search_term_string\"}}],\"inLanguage\":\"fr-FR\"},{\"@type\":\"Person\",\"@id\":\"https:\\\/\\\/www.fileasbl.be\\\/membres\\\/#\\\/schema\\\/person\\\/5954a0c68c3a6f92f805465caa00d25f\",\"name\":\"Contact FILE\",\"url\":\"https:\\\/\\\/www.fileasbl.be\\\/membres\\\/author\\\/contactfile\\\/\"}]}<\/script>\n<!-- \/ Yoast SEO plugin. -->","yoast_head_json":{"title":"Soutien aux familles mis \u00e0 mal - Site de la FILE","robots":{"index":"index","follow":"follow","max-snippet":"max-snippet:-1","max-image-preview":"max-image-preview:large","max-video-preview":"max-video-preview:-1"},"canonical":"https:\/\/www.fileasbl.be\/membres\/lettre-a-la-ministre-soutien-aux-familles-et-petite-enfance\/","og_locale":"fr_FR","og_type":"article","og_title":"Soutien aux familles mis \u00e0 mal - Site de la FILE","og_description":"11 mai 2020 Lettre \u00e0 Madame B\u00e9n\u00e9dicte Linard, Ministre de l\u2019Enfance \u2013 tensions entre parents et milieux d\u2019accueil \u00a0 Madame la Ministre, La concertation du secteur de la Petite enfance de ce jeudi 7 mai et celle du secteur ATL \u00e9largi du vendredi 8 mai ont encore une fois mis en avant le r\u00f4le essentiel [&hellip;]","og_url":"https:\/\/www.fileasbl.be\/membres\/lettre-a-la-ministre-soutien-aux-familles-et-petite-enfance\/","og_site_name":"Site de la FILE","article_publisher":"https:\/\/www.facebook.com\/fileasbl\/","article_published_time":"2020-05-12T18:09:15+00:00","article_modified_time":"2020-05-15T19:05:29+00:00","og_image":[{"width":1600,"height":837,"url":"https:\/\/www.fileasbl.be\/membres\/wp-content\/uploads\/2020\/05\/Communiqu\u00e9Filec.jpg","type":"image\/jpeg"}],"author":"Contact FILE","twitter_card":"summary_large_image","twitter_misc":{"\u00c9crit par":"Contact FILE","Dur\u00e9e de lecture estim\u00e9e":"3 minutes"},"schema":{"@context":"https:\/\/schema.org","@graph":[{"@type":"Article","@id":"https:\/\/www.fileasbl.be\/membres\/lettre-a-la-ministre-soutien-aux-familles-et-petite-enfance\/#article","isPartOf":{"@id":"https:\/\/www.fileasbl.be\/membres\/lettre-a-la-ministre-soutien-aux-familles-et-petite-enfance\/"},"author":{"name":"Contact FILE","@id":"https:\/\/www.fileasbl.be\/membres\/#\/schema\/person\/5954a0c68c3a6f92f805465caa00d25f"},"headline":"Soutien aux familles mis \u00e0 mal","datePublished":"2020-05-12T18:09:15+00:00","dateModified":"2020-05-15T19:05:29+00:00","mainEntityOfPage":{"@id":"https:\/\/www.fileasbl.be\/membres\/lettre-a-la-ministre-soutien-aux-familles-et-petite-enfance\/"},"wordCount":557,"commentCount":0,"articleSection":["Droit enfant","Lutte contre les in\u00e9galit\u00e9s","Milieu d'accueil 0-3 ans","Notes politiques"],"inLanguage":"fr-FR","potentialAction":[{"@type":"CommentAction","name":"Comment","target":["https:\/\/www.fileasbl.be\/membres\/lettre-a-la-ministre-soutien-aux-familles-et-petite-enfance\/#respond"]}]},{"@type":"WebPage","@id":"https:\/\/www.fileasbl.be\/membres\/lettre-a-la-ministre-soutien-aux-familles-et-petite-enfance\/","url":"https:\/\/www.fileasbl.be\/membres\/lettre-a-la-ministre-soutien-aux-familles-et-petite-enfance\/","name":"Soutien aux familles mis \u00e0 mal - Site de la FILE","isPartOf":{"@id":"https:\/\/www.fileasbl.be\/membres\/#website"},"datePublished":"2020-05-12T18:09:15+00:00","dateModified":"2020-05-15T19:05:29+00:00","author":{"@id":"https:\/\/www.fileasbl.be\/membres\/#\/schema\/person\/5954a0c68c3a6f92f805465caa00d25f"},"breadcrumb":{"@id":"https:\/\/www.fileasbl.be\/membres\/lettre-a-la-ministre-soutien-aux-familles-et-petite-enfance\/#breadcrumb"},"inLanguage":"fr-FR","potentialAction":[{"@type":"ReadAction","target":["https:\/\/www.fileasbl.be\/membres\/lettre-a-la-ministre-soutien-aux-familles-et-petite-enfance\/"]}]},{"@type":"BreadcrumbList","@id":"https:\/\/www.fileasbl.be\/membres\/lettre-a-la-ministre-soutien-aux-familles-et-petite-enfance\/#breadcrumb","itemListElement":[{"@type":"ListItem","position":1,"name":"Accueil","item":"https:\/\/www.fileasbl.be\/membres\/"},{"@type":"ListItem","position":2,"name":"Soutien aux familles mis \u00e0 mal"}]},{"@type":"WebSite","@id":"https:\/\/www.fileasbl.be\/membres\/#website","url":"https:\/\/www.fileasbl.be\/membres\/","name":"Site de la FILE","description":"FILE Un accueil de qualit\u00e9 accessible \u00e0 tous","potentialAction":[{"@type":"SearchAction","target":{"@type":"EntryPoint","urlTemplate":"https:\/\/www.fileasbl.be\/membres\/?s={search_term_string}"},"query-input":{"@type":"PropertyValueSpecification","valueRequired":true,"valueName":"search_term_string"}}],"inLanguage":"fr-FR"},{"@type":"Person","@id":"https:\/\/www.fileasbl.be\/membres\/#\/schema\/person\/5954a0c68c3a6f92f805465caa00d25f","name":"Contact FILE","url":"https:\/\/www.fileasbl.be\/membres\/author\/contactfile\/"}]}},"builder_content":"<p style=\"text-align: right;\">11 mai 2020<\/p> <p><strong>Lettre \u00e0 Madame B\u00e9n\u00e9dicte Linard, Ministre de l\u2019Enfance \u2013 <a href=\"http:\/\/www.fileasbl.be\/membres\/wp-content\/uploads\/2020\/05\/20.05.11-FILE-milieux-daccueil-et-parents-la-tension-risque-de-monter.pdf\" target=\"_blank\" rel=\"noopener\">tensions entre parents et milieux d\u2019accueil<\/a><\/strong><\/p> <p>\u00a0<\/p> <p>Madame la Ministre,<\/p> <p>La concertation du secteur de la Petite enfance de ce jeudi 7 mai et celle du secteur ATL \u00e9largi du vendredi 8 mai ont encore une fois mis en avant le r\u00f4le essentiel du secteur de l\u2019accueil de l\u2019enfant.<\/p> <p>Dans les milieux d\u2019accueil, c\u2019est <strong>l\u2019enfant qui est plac\u00e9 au centre<\/strong> et le soutien aux familles qui est mis en avant. Les accueillants, form\u00e9s et comp\u00e9tents, sont attentifs au bien-\u00eatre de l\u2019enfant, \u00e0 son \u00e9mancipation sociale, \u00e0 son d\u00e9veloppement personnel.<\/p> <p>Malheureusement, force est de constater que l\u2019enfant dans cette p\u00e9riode de crise du Covid19, n\u2019a pas su \u00eatre consid\u00e9r\u00e9 dans toutes ses dimensions, dans l\u2019espace public et politique. Il est surtout question de l\u2019enfant \u00ab \u00e9l\u00e8ve \u00bb, consid\u00e9r\u00e9 comme sujet d\u2019apprentissages scolaires ou d\u2019enfant \u00ab \u00e0 garder \u00bb pour que les parents puissent travailler\u2026<\/p> <p>Le <strong>soutien et l\u2019accompagnement aux familles<\/strong> est aussi au centre des pr\u00e9occupations. Encore plus durant cette p\u00e9riode de crise sanitaire\u00a0: \u00e9coute et accueil afin d\u2019offrir une bulle d\u2019air aux parents, mesures de protection de l\u2019enfant, accessibilit\u00e9 financi\u00e8re, culturelle et sociale des milieux d\u2019accueil, travail social de proximit\u00e9, de qualit\u00e9\u2026 Ce soutien<strong> indispensable afin de soutenir toutes les familles dans cette crise, est un engagement fort des op\u00e9rateurs de l\u2019accueil<\/strong>.<\/p> <p>N\u00e9anmoins, comme l\u2019ont soulign\u00e9 toutes les coordinations, <strong>une tension est en train de naitre au sein des milieux d\u2019accueil\u00a0: entre le soutien aux familles d\u2019une part et leur propre survie financi\u00e8re de l\u2019autre. <\/strong>Et ce, notamment en raison de la d\u00e9cision du gouvernement de ne pas prolonger les mesures d\u2019indemnit\u00e9s de participation financi\u00e8re des parents \u00e0 partir du 18 mai.<\/p> <p>Les milieux d\u2019accueil Petite enfance sont pris entre deux feux, entre leur soutien aux parents, leur compr\u00e9hension des r\u00e9alit\u00e9s sociales et financi\u00e8res que vivent les familles, leur envie d\u2019accompagner les parents en faisant preuve de souplesse, d\u2019adaptation des contrats d\u2019accueil\u2026 et la question de la viabilit\u00e9 financi\u00e8re des structures.<\/p> <p>Rappelons-le une nouvelle fois\u00a0: le secteur de l\u2019enfance n\u2019est que partiellement ou parfois pas du tout subsidi\u00e9 par les pouvoirs publics, la <strong>participation financi\u00e8re des parents est donc essentielle \u00e0 leur survie\u00a0!<\/strong><\/p> <p>Les indemnit\u00e9s ont permis de \u00ab\u00a0tenir le coup\u00a0\u00bb mais n\u2019\u00e9taient pas suffisantes. Un deuxi\u00e8me lot d\u2019interventions \u00e9tait esp\u00e9r\u00e9 par tous. Un arr\u00eat net des indemnit\u00e9s du Gouvernement est catastrophique pour la viabilit\u00e9 des structures et pour la relation entre les op\u00e9rateurs d\u2019accueil et les parents.<\/p> <p>Nous attendons un engagement fort, <strong>en termes de reconnaissance et de garanties financi\u00e8res<\/strong>, du Gouvernement pour soutenir ce secteur de 1<sup>\u00e8re<\/sup> ligne, qui fait un travail de qualit\u00e9 au jour le jour et qui fait preuve d\u2019une cr\u00e9ativit\u00e9 et d\u2019une r\u00e9activit\u00e9 exceptionnelles.<\/p> <p>C\u2019est un enjeu crucial pour notre soci\u00e9t\u00e9\u00a0: les milieux d\u2019accueil\u00a0sont essentiels en termes de lutte contre la pr\u00e9carit\u00e9, d\u2019\u00e9galit\u00e9 des chances, et de droits des enfants.<\/p> <p>\u00a0<\/p> <p>Cordialement,<\/p> <p>Natacha Verstraeten, Pr\u00e9sidente FILE asbl<\/p> <p>C\u00e9cile Van Honst\u00e9, Directrice FILE asbl<\/p>","_links":{"self":[{"href":"https:\/\/www.fileasbl.be\/membres\/wp-json\/wp\/v2\/posts\/12780","targetHints":{"allow":["GET"]}}],"collection":[{"href":"https:\/\/www.fileasbl.be\/membres\/wp-json\/wp\/v2\/posts"}],"about":[{"href":"https:\/\/www.fileasbl.be\/membres\/wp-json\/wp\/v2\/types\/post"}],"author":[{"embeddable":true,"href":"https:\/\/www.fileasbl.be\/membres\/wp-json\/wp\/v2\/users\/2"}],"replies":[{"embeddable":true,"href":"https:\/\/www.fileasbl.be\/membres\/wp-json\/wp\/v2\/comments?post=12780"}],"version-history":[{"count":0,"href":"https:\/\/www.fileasbl.be\/membres\/wp-json\/wp\/v2\/posts\/12780\/revisions"}],"wp:attachment":[{"href":"https:\/\/www.fileasbl.be\/membres\/wp-json\/wp\/v2\/media?parent=12780"}],"wp:term":[{"taxonomy":"category","embeddable":true,"href":"https:\/\/www.fileasbl.be\/membres\/wp-json\/wp\/v2\/categories?post=12780"},{"taxonomy":"post_tag","embeddable":true,"href":"https:\/\/www.fileasbl.be\/membres\/wp-json\/wp\/v2\/tags?post=12780"}],"curies":[{"name":"wp","href":"https:\/\/api.w.org\/{rel}","templated":true}]}}