{"id":12808,"date":"2020-05-13T14:30:18","date_gmt":"2020-05-13T13:30:18","guid":{"rendered":"http:\/\/www.fileasbl.be\/membres\/?p=12808"},"modified":"2020-08-04T15:56:22","modified_gmt":"2020-08-04T14:56:22","slug":"secteur-atl-oublie","status":"publish","type":"post","link":"https:\/\/www.fileasbl.be\/membres\/secteur-atl-oublie\/","title":{"rendered":"Secteur ATL oubli\u00e9 ?"},"content":{"rendered":"<!--themify_builder_content-->\n<div id=\"themify_builder_content-12808\" data-postid=\"12808\" class=\"themify_builder_content themify_builder_content-12808 themify_builder tf_clear\">\n    \t<!-- module_row -->\n\t<div  data-lazy=\"1\" class=\"module_row themify_builder_row tb_e17h886 tb_first tf_clearfix\">\n\t    \t\t<div class=\"row_inner col_align_top col-count-1 tf_box tf_w tf_rel\">\n\t\t\t<div  data-lazy=\"1\" class=\"module_column tb-column col-full first tb_3fn3887 tf_box\">\n\t\t\t    \t        <div class=\"tb-column-inner tf_box tf_w\">\n\t\t    <!-- module image -->\n<div  class=\"module module-image tb_fyyz780   image-top auto_fullwidth tf_mw\" data-lazy=\"1\">\n        <div class=\"image-wrap tf_rel tf_mw\">\n\t\t    <img decoding=\"async\" src=\"http:\/\/www.fileasbl.be\/membres\/wp-content\/uploads\/2020\/04\/Bandeau-article-800-150-EtLesEnfants.jpg\" title=\"Secteur ATL oubli\u00e9 ?\" alt=\"Secteur ATL oubli\u00e9 ?\">\t\n\t\t<\/div>\n\t<!-- \/image-wrap -->\n    \n    \t<\/div>\n<!-- \/module image -->\t        <\/div>\n\t    \t<\/div>\n\t\t    <\/div>\n\t    <!-- \/row_inner -->\n\t<\/div>\n\t<!-- \/module_row -->\n\t\t<!-- module_row -->\n\t<div  data-lazy=\"1\" class=\"module_row themify_builder_row tb_21bl682 tf_clearfix\">\n\t    \t\t<div class=\"row_inner col_align_top col-count-1 tf_box tf_w tf_rel\">\n\t\t\t<div  data-lazy=\"1\" class=\"module_column tb-column col-full first tb_304u683 tf_box\">\n\t\t\t    \t        <div class=\"tb-column-inner tf_box tf_w\">\n\t\t    <!-- module text -->\n<div  class=\"module module-text tb_n8f9478   \" data-lazy=\"1\">\n        <div  class=\"tb_text_wrap\">\n    <p style=\"text-align: right;\"><strong>13 mai 2020<\/strong><\/p>\n<p><strong>Lettre \u00e0 l&rsquo;initiative de la FILE \u00e0 l&rsquo;attention de Madame B\u00e9n\u00e9dicte Linard, Ministre de l\u2019Enfance &#8211; <a href=\"http:\/\/www.fileasbl.be\/membres\/wp-content\/uploads\/2020\/05\/20.05.13-Appel-courrier-commun-Lettre-\u00e0-la-Ministre-ATL.pdf\" target=\"_blank\" rel=\"noopener\">Secteur ATL oubli\u00e9 ?<\/a><\/strong><\/p>\n<p><strong>\u00a0<\/strong><\/p>\n<p>Madame la Ministre,<\/p>\n<p>Les milieux d\u2019accueil de l\u2019enfance constituent un outil indispensable d&rsquo;une v\u00e9ritable politique d\u2019\u00e9galit\u00e9 des droits entre tous les enfants et de conciliation des temps de vie. L\u2019accueil de l\u2019enfance r\u00e9pond \u00e0 trois fonctions essentielles\u00a0:<\/p>\n<ul>\n<li>\u00e9ducative (lieux d\u2019\u00e9ducation et d\u2019apprentissages),<\/li>\n<li>sociale (socialisation, r\u00e9duction des in\u00e9galit\u00e9s, lutte contre la pauvret\u00e9 et l\u2019exclusion sociale)<\/li>\n<li>et \u00e9conomique (acc\u00e8s et\/ou maintien sur le march\u00e9 du travail pour les parents).<\/li>\n<\/ul>\n<p><strong>Ce secteur, d\u00e9j\u00e0 au d\u00e9part largement sous-financ\u00e9, est encore davantage mis \u00e0 mal dans cette p\u00e9riode de crise.<\/strong><\/p>\n<p>Le secteur de l\u2019accueil temps libre regroupe des structures d\u2019accueil associatives et publiques\u00a0accessibles et de qualit\u00e9, reconnues par l\u2019ONE, partiellement subsidi\u00e9es. Il recouvre des r\u00e9alit\u00e9s diverses adapt\u00e9es aux besoins des parents et des enfants\u00a0: accueil avant et apr\u00e8s l\u2019\u00e9cole (accueil extrascolaire), centres de vacances, \u00e9coles de devoirs\u2026 \u00c0 ce titre, ce secteur offre un troisi\u00e8me lieu de vie \u00e0 l\u2019enfant, compl\u00e9mentaire \u00e0 l\u2019\u00e9cole et de sa famille, essentiel \u00e0 son d\u00e9veloppement.<\/p>\n<p>Si l\u2019enfant, dans toutes ses dimensions, est au centre des pr\u00e9occupations, l\u2019accent est mis aussi sur le soutien \u00e0 la parentalit\u00e9, l\u2019accueil de publics fragilis\u00e9s, le soutien aux familles, le travail de proximit\u00e9, la lutte contre la pr\u00e9carit\u00e9.<\/p>\n<p>L\u2019ATL souffre d\u2019un manque criant de reconnaissance dans la sph\u00e8re publique et politique et est malheureusement largement m\u00e9connu. Il semble \u00eatre consid\u00e9r\u00e9 comme un secteur \u00ab\u00a0parascolaire\u00a0\u00bb, englu\u00e9 dans les mati\u00e8res de l\u2019\u00e9cole, comme une \u00ab\u00a0garderie\u00a0\u00bb. Cela ne correspond pourtant pas \u00e0 la r\u00e9alit\u00e9 des op\u00e9rateurs et des enfants qu\u2019ils accueillent, ni \u00e0 la volont\u00e9 et l\u2019engagement du Gouvernement au d\u00e9but de sa l\u00e9gislature (d\u00e9claration de politique communautaire).<\/p>\n<p>Ce sont plusieurs centaines d\u2019animateur-trice-s, d\u2019accueillant-e-s, form\u00e9-e-s et motiv\u00e9-e-s, qui accueillent chaque jour, avec des horaires d\u00e9cal\u00e9s, et souvent sous conditions d\u2019emploi pr\u00e9caires (CDD de quelques heures par semaine, statut ALE\u2026) des milliers d\u2019enfants dans toute la F\u00e9d\u00e9ration Wallonie-Bruxelles. Depuis peu, des efforts importants ont \u00e9t\u00e9 d\u00e9ploy\u00e9s pour professionnaliser le secteur et rendre son financement plus structurel.<\/p>\n<p>Le secteur s\u2019inqui\u00e8te car malgr\u00e9 les nombreuses interpellations des op\u00e9rateurs, aucune mesure de compensation de la perte de participation financi\u00e8re des parents<strong> n\u2019a encore \u00e9t\u00e9 prise<\/strong>. Comment d\u00e8s lors assurer la viabilit\u00e9 financi\u00e8re sur du long terme de ce secteur essentiel\u00a0? Et comment ne pas r\u00e9duire \u00e0 n\u00e9ant les efforts de professionnalisation du secteur\u00a0?<\/p>\n<p>Ce n\u2019est pas acceptable. Cette <strong>participation financi\u00e8re des parents est essentielle<\/strong> \u00e0 leur survie. Dans ce secteur sp\u00e9cifiquement : c\u2019est elle qui permet de couvrir les emplois non pr\u00e9vus par la norme minimale actuelle et d&rsquo;assurer des frais de fonctionnement comme les frais li\u00e9s aux infrastructures qui ne sont pas couverts par des subsides.<\/p>\n<p>Madame la Ministre, nous attendons du Gouvernement qu\u2019une <strong>enveloppe financi\u00e8re soit pr\u00e9vue<\/strong> pour l\u2019accueil temps libre dans l\u2019enveloppe globale des Fonds d\u2019urgence. Sans cette enveloppe, d\u00e9gag\u00e9e d\u00e8s maintenant, de nombreuses structures ATL n\u2019assureront pas leur viabilit\u00e9 sur du long terme. Ce qui inqui\u00e8te les op\u00e9rateurs, les travailleurs et les familles.<\/p>\n<p>Au-del\u00e0 de cet aspect financier, le secteur s\u2019inqui\u00e8te aussi de l\u2019absence de perspectives organisationnelles. Comment d\u00e8s lors proposer un accueil de qualit\u00e9 dans le respect des enfants, des parents, des travailleurs mais aussi des r\u00e8gles d\u2019hygi\u00e8ne\u00a0?<\/p>\n<p>Madame la Ministre, nous attendons de toute urgence des clarifications qui permettent au secteur de s\u2019organiser au mieux pour \u00eatre au plus pr\u00e8s de ses fonctions essentielles li\u00e9es au bien-\u00eatre de l\u2019enfant.<\/p>\n<p>Signataires :\u00a0<\/p>\n<ul>\n<li><strong>BADJE<\/strong><\/li>\n<li><strong>Brulocalis &#8211; St\u00e9phane Roberti, Pr\u00e9sident<\/strong><\/li>\n<li><strong>CEMEA<\/strong><\/li>\n<li><strong>CHACOF<\/strong><\/li>\n<li><strong>CGSLB<\/strong><\/li>\n<li><strong>CGSP<\/strong><\/li>\n<li><strong>CNE<\/strong><\/li>\n<li><strong>COALA<\/strong><\/li>\n<li><strong>CODEF<\/strong><\/li>\n<li><strong>Comit\u00e9 de gestion de la Plateforme communautaire des coordinations ATL<\/strong><\/li>\n<li><strong>COSEGE<\/strong><\/li>\n<li><strong>CSC &#8211; services publics<\/strong><\/li>\n<li><strong>FAPEO<\/strong><\/li>\n<li><strong>FASS<\/strong><\/li>\n<li><strong>FFEDD<\/strong><\/li>\n<li><strong>FILE<\/strong><\/li>\n<li><strong>FPS<\/strong><\/li>\n<li><strong>FSMI<\/strong><\/li>\n<li><strong>IBEFE-Hainaut Sud \u2013 V\u00e9ronique Monville<\/strong><\/li>\n<li><strong>Latitude jeunes<\/strong><\/li>\n<li><strong>Ligue des familles<\/strong><\/li>\n<li><strong>Promemploi<\/strong><\/li>\n<li><strong>SETCA<\/strong><\/li>\n<li><strong>SLFP \u2013 service publics<\/strong><\/li>\n<li><strong>UFAPEC<\/strong><\/li>\n<li><strong>UNESSA<\/strong><\/li>\n<li><strong>UVCW &#8211; Maxime Daye, Pr\u00e9sident<\/strong><\/li>\n<li><strong>Vie F\u00e9minine<\/strong><\/li>\n<\/ul>    <\/div>\n<\/div>\n<!-- \/module text -->\t        <\/div>\n\t    \t<\/div>\n\t\t    <\/div>\n\t    <!-- \/row_inner -->\n\t<\/div>\n\t<!-- \/module_row -->\n\t<\/div>\n<!--\/themify_builder_content-->","protected":false},"excerpt":{"rendered":"<p>13 mai 2020 &#8211; Lettre \u00e0 l\u2019initiative de la FILE \u00e0 l\u2019attention de Madame B\u00e9n\u00e9dicte Linard, Ministre de l\u2019Enfance.<\/p>\n","protected":false},"author":2,"featured_media":12288,"comment_status":"open","ping_status":"open","sticky":false,"template":"","format":"standard","meta":{"footnotes":""},"categories":[248,234,304,315,319,280,301,303],"tags":[],"class_list":["post-12808","post","type-post","status-publish","format-standard","has-post-thumbnail","hentry","category-atl","category-baremes-remuneration-et-frais","category-bien-etre-enfant","category-droit-enfant","category-ecole-devoirs","category-inegalites","category-notes-politiques","category-reforme-atl","has-post-title","has-post-date","has-post-category","has-post-tag","has-post-comment","has-post-author",""],"yoast_head":"<!-- This site is optimized with the Yoast SEO plugin v27.5 - https:\/\/yoast.com\/product\/yoast-seo-wordpress\/ -->\n<title>Secteur ATL oubli\u00e9 ? - Site de la FILE<\/title>\n<meta name=\"robots\" content=\"index, follow, max-snippet:-1, max-image-preview:large, max-video-preview:-1\" \/>\n<link rel=\"canonical\" href=\"https:\/\/www.fileasbl.be\/membres\/secteur-atl-oublie\/\" \/>\n<meta property=\"og:locale\" content=\"fr_FR\" \/>\n<meta property=\"og:type\" content=\"article\" \/>\n<meta property=\"og:title\" content=\"Secteur ATL oubli\u00e9 ? - Site de la FILE\" \/>\n<meta property=\"og:description\" content=\"13 mai 2020 - Lettre \u00e0 l\u2019initiative de la FILE \u00e0 l\u2019attention de Madame B\u00e9n\u00e9dicte Linard, Ministre de l\u2019Enfance.\" \/>\n<meta property=\"og:url\" content=\"https:\/\/www.fileasbl.be\/membres\/secteur-atl-oublie\/\" \/>\n<meta property=\"og:site_name\" content=\"Site de la FILE\" \/>\n<meta property=\"article:publisher\" content=\"https:\/\/www.facebook.com\/fileasbl\/\" \/>\n<meta property=\"article:published_time\" content=\"2020-05-13T13:30:18+00:00\" \/>\n<meta property=\"article:modified_time\" content=\"2020-08-04T14:56:22+00:00\" \/>\n<meta property=\"og:image\" content=\"https:\/\/www.fileasbl.be\/membres\/wp-content\/uploads\/2020\/04\/Enfantsb-1024x536.jpg\" \/>\n\t<meta property=\"og:image:width\" content=\"1024\" \/>\n\t<meta property=\"og:image:height\" content=\"536\" \/>\n\t<meta property=\"og:image:type\" content=\"image\/jpeg\" \/>\n<meta name=\"author\" content=\"Contact FILE\" \/>\n<meta name=\"twitter:card\" content=\"summary_large_image\" \/>\n<meta name=\"twitter:label1\" content=\"\u00c9crit par\" \/>\n\t<meta name=\"twitter:data1\" content=\"Contact FILE\" \/>\n\t<meta name=\"twitter:label2\" content=\"Dur\u00e9e de lecture estim\u00e9e\" \/>\n\t<meta name=\"twitter:data2\" content=\"4 minutes\" \/>\n<script type=\"application\/ld+json\" class=\"yoast-schema-graph\">{\"@context\":\"https:\\\/\\\/schema.org\",\"@graph\":[{\"@type\":\"Article\",\"@id\":\"https:\\\/\\\/www.fileasbl.be\\\/membres\\\/secteur-atl-oublie\\\/#article\",\"isPartOf\":{\"@id\":\"https:\\\/\\\/www.fileasbl.be\\\/membres\\\/secteur-atl-oublie\\\/\"},\"author\":{\"name\":\"Contact FILE\",\"@id\":\"https:\\\/\\\/www.fileasbl.be\\\/membres\\\/#\\\/schema\\\/person\\\/5954a0c68c3a6f92f805465caa00d25f\"},\"headline\":\"Secteur ATL oubli\u00e9 ?\",\"datePublished\":\"2020-05-13T13:30:18+00:00\",\"dateModified\":\"2020-08-04T14:56:22+00:00\",\"mainEntityOfPage\":{\"@id\":\"https:\\\/\\\/www.fileasbl.be\\\/membres\\\/secteur-atl-oublie\\\/\"},\"wordCount\":728,\"commentCount\":0,\"image\":{\"@id\":\"https:\\\/\\\/www.fileasbl.be\\\/membres\\\/secteur-atl-oublie\\\/#primaryimage\"},\"thumbnailUrl\":\"https:\\\/\\\/www.fileasbl.be\\\/membres\\\/wp-content\\\/uploads\\\/2020\\\/04\\\/Enfantsb.jpg\",\"articleSection\":[\"ATL\",\"Bar\u00e8mes r\u00e9mun\u00e9ration et frais\",\"Bien \u00eatre enfant\",\"Droit enfant\",\"Ecole devoirs\",\"Lutte contre les in\u00e9galit\u00e9s\",\"Notes politiques\",\"R\u00e9forme ATL\"],\"inLanguage\":\"fr-FR\",\"potentialAction\":[{\"@type\":\"CommentAction\",\"name\":\"Comment\",\"target\":[\"https:\\\/\\\/www.fileasbl.be\\\/membres\\\/secteur-atl-oublie\\\/#respond\"]}]},{\"@type\":\"WebPage\",\"@id\":\"https:\\\/\\\/www.fileasbl.be\\\/membres\\\/secteur-atl-oublie\\\/\",\"url\":\"https:\\\/\\\/www.fileasbl.be\\\/membres\\\/secteur-atl-oublie\\\/\",\"name\":\"Secteur ATL oubli\u00e9 ? - Site de la FILE\",\"isPartOf\":{\"@id\":\"https:\\\/\\\/www.fileasbl.be\\\/membres\\\/#website\"},\"primaryImageOfPage\":{\"@id\":\"https:\\\/\\\/www.fileasbl.be\\\/membres\\\/secteur-atl-oublie\\\/#primaryimage\"},\"image\":{\"@id\":\"https:\\\/\\\/www.fileasbl.be\\\/membres\\\/secteur-atl-oublie\\\/#primaryimage\"},\"thumbnailUrl\":\"https:\\\/\\\/www.fileasbl.be\\\/membres\\\/wp-content\\\/uploads\\\/2020\\\/04\\\/Enfantsb.jpg\",\"datePublished\":\"2020-05-13T13:30:18+00:00\",\"dateModified\":\"2020-08-04T14:56:22+00:00\",\"author\":{\"@id\":\"https:\\\/\\\/www.fileasbl.be\\\/membres\\\/#\\\/schema\\\/person\\\/5954a0c68c3a6f92f805465caa00d25f\"},\"breadcrumb\":{\"@id\":\"https:\\\/\\\/www.fileasbl.be\\\/membres\\\/secteur-atl-oublie\\\/#breadcrumb\"},\"inLanguage\":\"fr-FR\",\"potentialAction\":[{\"@type\":\"ReadAction\",\"target\":[\"https:\\\/\\\/www.fileasbl.be\\\/membres\\\/secteur-atl-oublie\\\/\"]}]},{\"@type\":\"ImageObject\",\"inLanguage\":\"fr-FR\",\"@id\":\"https:\\\/\\\/www.fileasbl.be\\\/membres\\\/secteur-atl-oublie\\\/#primaryimage\",\"url\":\"https:\\\/\\\/www.fileasbl.be\\\/membres\\\/wp-content\\\/uploads\\\/2020\\\/04\\\/Enfantsb.jpg\",\"contentUrl\":\"https:\\\/\\\/www.fileasbl.be\\\/membres\\\/wp-content\\\/uploads\\\/2020\\\/04\\\/Enfantsb.jpg\",\"width\":1600,\"height\":837},{\"@type\":\"BreadcrumbList\",\"@id\":\"https:\\\/\\\/www.fileasbl.be\\\/membres\\\/secteur-atl-oublie\\\/#breadcrumb\",\"itemListElement\":[{\"@type\":\"ListItem\",\"position\":1,\"name\":\"Accueil\",\"item\":\"https:\\\/\\\/www.fileasbl.be\\\/membres\\\/\"},{\"@type\":\"ListItem\",\"position\":2,\"name\":\"Secteur ATL oubli\u00e9 ?\"}]},{\"@type\":\"WebSite\",\"@id\":\"https:\\\/\\\/www.fileasbl.be\\\/membres\\\/#website\",\"url\":\"https:\\\/\\\/www.fileasbl.be\\\/membres\\\/\",\"name\":\"Site de la FILE\",\"description\":\"FILE Un accueil de qualit\u00e9 accessible \u00e0 tous\",\"potentialAction\":[{\"@type\":\"SearchAction\",\"target\":{\"@type\":\"EntryPoint\",\"urlTemplate\":\"https:\\\/\\\/www.fileasbl.be\\\/membres\\\/?s={search_term_string}\"},\"query-input\":{\"@type\":\"PropertyValueSpecification\",\"valueRequired\":true,\"valueName\":\"search_term_string\"}}],\"inLanguage\":\"fr-FR\"},{\"@type\":\"Person\",\"@id\":\"https:\\\/\\\/www.fileasbl.be\\\/membres\\\/#\\\/schema\\\/person\\\/5954a0c68c3a6f92f805465caa00d25f\",\"name\":\"Contact FILE\",\"url\":\"https:\\\/\\\/www.fileasbl.be\\\/membres\\\/author\\\/contactfile\\\/\"}]}<\/script>\n<!-- \/ Yoast SEO plugin. -->","yoast_head_json":{"title":"Secteur ATL oubli\u00e9 ? - Site de la FILE","robots":{"index":"index","follow":"follow","max-snippet":"max-snippet:-1","max-image-preview":"max-image-preview:large","max-video-preview":"max-video-preview:-1"},"canonical":"https:\/\/www.fileasbl.be\/membres\/secteur-atl-oublie\/","og_locale":"fr_FR","og_type":"article","og_title":"Secteur ATL oubli\u00e9 ? - Site de la FILE","og_description":"13 mai 2020 - Lettre \u00e0 l\u2019initiative de la FILE \u00e0 l\u2019attention de Madame B\u00e9n\u00e9dicte Linard, Ministre de l\u2019Enfance.","og_url":"https:\/\/www.fileasbl.be\/membres\/secteur-atl-oublie\/","og_site_name":"Site de la FILE","article_publisher":"https:\/\/www.facebook.com\/fileasbl\/","article_published_time":"2020-05-13T13:30:18+00:00","article_modified_time":"2020-08-04T14:56:22+00:00","og_image":[{"width":1024,"height":536,"url":"https:\/\/www.fileasbl.be\/membres\/wp-content\/uploads\/2020\/04\/Enfantsb-1024x536.jpg","type":"image\/jpeg"}],"author":"Contact FILE","twitter_card":"summary_large_image","twitter_misc":{"\u00c9crit par":"Contact FILE","Dur\u00e9e de lecture estim\u00e9e":"4 minutes"},"schema":{"@context":"https:\/\/schema.org","@graph":[{"@type":"Article","@id":"https:\/\/www.fileasbl.be\/membres\/secteur-atl-oublie\/#article","isPartOf":{"@id":"https:\/\/www.fileasbl.be\/membres\/secteur-atl-oublie\/"},"author":{"name":"Contact FILE","@id":"https:\/\/www.fileasbl.be\/membres\/#\/schema\/person\/5954a0c68c3a6f92f805465caa00d25f"},"headline":"Secteur ATL oubli\u00e9 ?","datePublished":"2020-05-13T13:30:18+00:00","dateModified":"2020-08-04T14:56:22+00:00","mainEntityOfPage":{"@id":"https:\/\/www.fileasbl.be\/membres\/secteur-atl-oublie\/"},"wordCount":728,"commentCount":0,"image":{"@id":"https:\/\/www.fileasbl.be\/membres\/secteur-atl-oublie\/#primaryimage"},"thumbnailUrl":"https:\/\/www.fileasbl.be\/membres\/wp-content\/uploads\/2020\/04\/Enfantsb.jpg","articleSection":["ATL","Bar\u00e8mes r\u00e9mun\u00e9ration et frais","Bien \u00eatre enfant","Droit enfant","Ecole devoirs","Lutte contre les in\u00e9galit\u00e9s","Notes politiques","R\u00e9forme ATL"],"inLanguage":"fr-FR","potentialAction":[{"@type":"CommentAction","name":"Comment","target":["https:\/\/www.fileasbl.be\/membres\/secteur-atl-oublie\/#respond"]}]},{"@type":"WebPage","@id":"https:\/\/www.fileasbl.be\/membres\/secteur-atl-oublie\/","url":"https:\/\/www.fileasbl.be\/membres\/secteur-atl-oublie\/","name":"Secteur ATL oubli\u00e9 ? - Site de la FILE","isPartOf":{"@id":"https:\/\/www.fileasbl.be\/membres\/#website"},"primaryImageOfPage":{"@id":"https:\/\/www.fileasbl.be\/membres\/secteur-atl-oublie\/#primaryimage"},"image":{"@id":"https:\/\/www.fileasbl.be\/membres\/secteur-atl-oublie\/#primaryimage"},"thumbnailUrl":"https:\/\/www.fileasbl.be\/membres\/wp-content\/uploads\/2020\/04\/Enfantsb.jpg","datePublished":"2020-05-13T13:30:18+00:00","dateModified":"2020-08-04T14:56:22+00:00","author":{"@id":"https:\/\/www.fileasbl.be\/membres\/#\/schema\/person\/5954a0c68c3a6f92f805465caa00d25f"},"breadcrumb":{"@id":"https:\/\/www.fileasbl.be\/membres\/secteur-atl-oublie\/#breadcrumb"},"inLanguage":"fr-FR","potentialAction":[{"@type":"ReadAction","target":["https:\/\/www.fileasbl.be\/membres\/secteur-atl-oublie\/"]}]},{"@type":"ImageObject","inLanguage":"fr-FR","@id":"https:\/\/www.fileasbl.be\/membres\/secteur-atl-oublie\/#primaryimage","url":"https:\/\/www.fileasbl.be\/membres\/wp-content\/uploads\/2020\/04\/Enfantsb.jpg","contentUrl":"https:\/\/www.fileasbl.be\/membres\/wp-content\/uploads\/2020\/04\/Enfantsb.jpg","width":1600,"height":837},{"@type":"BreadcrumbList","@id":"https:\/\/www.fileasbl.be\/membres\/secteur-atl-oublie\/#breadcrumb","itemListElement":[{"@type":"ListItem","position":1,"name":"Accueil","item":"https:\/\/www.fileasbl.be\/membres\/"},{"@type":"ListItem","position":2,"name":"Secteur ATL oubli\u00e9 ?"}]},{"@type":"WebSite","@id":"https:\/\/www.fileasbl.be\/membres\/#website","url":"https:\/\/www.fileasbl.be\/membres\/","name":"Site de la FILE","description":"FILE Un accueil de qualit\u00e9 accessible \u00e0 tous","potentialAction":[{"@type":"SearchAction","target":{"@type":"EntryPoint","urlTemplate":"https:\/\/www.fileasbl.be\/membres\/?s={search_term_string}"},"query-input":{"@type":"PropertyValueSpecification","valueRequired":true,"valueName":"search_term_string"}}],"inLanguage":"fr-FR"},{"@type":"Person","@id":"https:\/\/www.fileasbl.be\/membres\/#\/schema\/person\/5954a0c68c3a6f92f805465caa00d25f","name":"Contact FILE","url":"https:\/\/www.fileasbl.be\/membres\/author\/contactfile\/"}]}},"builder_content":"<img src=\"http:\/\/www.fileasbl.be\/membres\/wp-content\/uploads\/2020\/04\/Bandeau-article-800-150-EtLesEnfants.jpg\" title=\"Secteur ATL oubli\u00e9 ?\" alt=\"Secteur ATL oubli\u00e9 ?\">\n<p style=\"text-align: right;\"><strong>13 mai 2020<\/strong><\/p> <p><strong>Lettre \u00e0 l'initiative de la FILE \u00e0 l'attention de Madame B\u00e9n\u00e9dicte Linard, Ministre de l\u2019Enfance - <a href=\"http:\/\/www.fileasbl.be\/membres\/wp-content\/uploads\/2020\/05\/20.05.13-Appel-courrier-commun-Lettre-\u00e0-la-Ministre-ATL.pdf\" target=\"_blank\" rel=\"noopener\">Secteur ATL oubli\u00e9 ?<\/a><\/strong><\/p> <p><strong>\u00a0<\/strong><\/p> <p>Madame la Ministre,<\/p> <p>Les milieux d\u2019accueil de l\u2019enfance constituent un outil indispensable d'une v\u00e9ritable politique d\u2019\u00e9galit\u00e9 des droits entre tous les enfants et de conciliation des temps de vie. L\u2019accueil de l\u2019enfance r\u00e9pond \u00e0 trois fonctions essentielles\u00a0:<\/p> <ul> <li>\u00e9ducative (lieux d\u2019\u00e9ducation et d\u2019apprentissages),<\/li> <li>sociale (socialisation, r\u00e9duction des in\u00e9galit\u00e9s, lutte contre la pauvret\u00e9 et l\u2019exclusion sociale)<\/li> <li>et \u00e9conomique (acc\u00e8s et\/ou maintien sur le march\u00e9 du travail pour les parents).<\/li> <\/ul> <p><strong>Ce secteur, d\u00e9j\u00e0 au d\u00e9part largement sous-financ\u00e9, est encore davantage mis \u00e0 mal dans cette p\u00e9riode de crise.<\/strong><\/p> <p>Le secteur de l\u2019accueil temps libre regroupe des structures d\u2019accueil associatives et publiques\u00a0accessibles et de qualit\u00e9, reconnues par l\u2019ONE, partiellement subsidi\u00e9es. Il recouvre des r\u00e9alit\u00e9s diverses adapt\u00e9es aux besoins des parents et des enfants\u00a0: accueil avant et apr\u00e8s l\u2019\u00e9cole (accueil extrascolaire), centres de vacances, \u00e9coles de devoirs\u2026 \u00c0 ce titre, ce secteur offre un troisi\u00e8me lieu de vie \u00e0 l\u2019enfant, compl\u00e9mentaire \u00e0 l\u2019\u00e9cole et de sa famille, essentiel \u00e0 son d\u00e9veloppement.<\/p> <p>Si l\u2019enfant, dans toutes ses dimensions, est au centre des pr\u00e9occupations, l\u2019accent est mis aussi sur le soutien \u00e0 la parentalit\u00e9, l\u2019accueil de publics fragilis\u00e9s, le soutien aux familles, le travail de proximit\u00e9, la lutte contre la pr\u00e9carit\u00e9.<\/p> <p>L\u2019ATL souffre d\u2019un manque criant de reconnaissance dans la sph\u00e8re publique et politique et est malheureusement largement m\u00e9connu. Il semble \u00eatre consid\u00e9r\u00e9 comme un secteur \u00ab\u00a0parascolaire\u00a0\u00bb, englu\u00e9 dans les mati\u00e8res de l\u2019\u00e9cole, comme une \u00ab\u00a0garderie\u00a0\u00bb. Cela ne correspond pourtant pas \u00e0 la r\u00e9alit\u00e9 des op\u00e9rateurs et des enfants qu\u2019ils accueillent, ni \u00e0 la volont\u00e9 et l\u2019engagement du Gouvernement au d\u00e9but de sa l\u00e9gislature (d\u00e9claration de politique communautaire).<\/p> <p>Ce sont plusieurs centaines d\u2019animateur-trice-s, d\u2019accueillant-e-s, form\u00e9-e-s et motiv\u00e9-e-s, qui accueillent chaque jour, avec des horaires d\u00e9cal\u00e9s, et souvent sous conditions d\u2019emploi pr\u00e9caires (CDD de quelques heures par semaine, statut ALE\u2026) des milliers d\u2019enfants dans toute la F\u00e9d\u00e9ration Wallonie-Bruxelles. Depuis peu, des efforts importants ont \u00e9t\u00e9 d\u00e9ploy\u00e9s pour professionnaliser le secteur et rendre son financement plus structurel.<\/p> <p>Le secteur s\u2019inqui\u00e8te car malgr\u00e9 les nombreuses interpellations des op\u00e9rateurs, aucune mesure de compensation de la perte de participation financi\u00e8re des parents<strong> n\u2019a encore \u00e9t\u00e9 prise<\/strong>. Comment d\u00e8s lors assurer la viabilit\u00e9 financi\u00e8re sur du long terme de ce secteur essentiel\u00a0? Et comment ne pas r\u00e9duire \u00e0 n\u00e9ant les efforts de professionnalisation du secteur\u00a0?<\/p> <p>Ce n\u2019est pas acceptable. Cette <strong>participation financi\u00e8re des parents est essentielle<\/strong> \u00e0 leur survie. Dans ce secteur sp\u00e9cifiquement : c\u2019est elle qui permet de couvrir les emplois non pr\u00e9vus par la norme minimale actuelle et d'assurer des frais de fonctionnement comme les frais li\u00e9s aux infrastructures qui ne sont pas couverts par des subsides.<\/p> <p>Madame la Ministre, nous attendons du Gouvernement qu\u2019une <strong>enveloppe financi\u00e8re soit pr\u00e9vue<\/strong> pour l\u2019accueil temps libre dans l\u2019enveloppe globale des Fonds d\u2019urgence. Sans cette enveloppe, d\u00e9gag\u00e9e d\u00e8s maintenant, de nombreuses structures ATL n\u2019assureront pas leur viabilit\u00e9 sur du long terme. Ce qui inqui\u00e8te les op\u00e9rateurs, les travailleurs et les familles.<\/p> <p>Au-del\u00e0 de cet aspect financier, le secteur s\u2019inqui\u00e8te aussi de l\u2019absence de perspectives organisationnelles. Comment d\u00e8s lors proposer un accueil de qualit\u00e9 dans le respect des enfants, des parents, des travailleurs mais aussi des r\u00e8gles d\u2019hygi\u00e8ne\u00a0?<\/p> <p>Madame la Ministre, nous attendons de toute urgence des clarifications qui permettent au secteur de s\u2019organiser au mieux pour \u00eatre au plus pr\u00e8s de ses fonctions essentielles li\u00e9es au bien-\u00eatre de l\u2019enfant.<\/p> <p>Signataires :\u00a0<\/p> <ul> <li><strong>BADJE<\/strong><\/li> <li><strong>Brulocalis - St\u00e9phane Roberti, Pr\u00e9sident<\/strong><\/li> <li><strong>CEMEA<\/strong><\/li> <li><strong>CHACOF<\/strong><\/li> <li><strong>CGSLB<\/strong><\/li> <li><strong>CGSP<\/strong><\/li> <li><strong>CNE<\/strong><\/li> <li><strong>COALA<\/strong><\/li> <li><strong>CODEF<\/strong><\/li> <li><strong>Comit\u00e9 de gestion de la Plateforme communautaire des coordinations ATL<\/strong><\/li> <li><strong>COSEGE<\/strong><\/li> <li><strong>CSC - services publics<\/strong><\/li> <li><strong>FAPEO<\/strong><\/li> <li><strong>FASS<\/strong><\/li> <li><strong>FFEDD<\/strong><\/li> <li><strong>FILE<\/strong><\/li> <li><strong>FPS<\/strong><\/li> <li><strong>FSMI<\/strong><\/li> <li><strong>IBEFE-Hainaut Sud \u2013 V\u00e9ronique Monville<\/strong><\/li> <li><strong>Latitude jeunes<\/strong><\/li> <li><strong>Ligue des familles<\/strong><\/li> <li><strong>Promemploi<\/strong><\/li> <li><strong>SETCA<\/strong><\/li> <li><strong>SLFP \u2013 service publics<\/strong><\/li> <li><strong>UFAPEC<\/strong><\/li> <li><strong>UNESSA<\/strong><\/li> <li><strong>UVCW - Maxime Daye, Pr\u00e9sident<\/strong><\/li> <li><strong>Vie F\u00e9minine<\/strong><\/li> <\/ul>","_links":{"self":[{"href":"https:\/\/www.fileasbl.be\/membres\/wp-json\/wp\/v2\/posts\/12808","targetHints":{"allow":["GET"]}}],"collection":[{"href":"https:\/\/www.fileasbl.be\/membres\/wp-json\/wp\/v2\/posts"}],"about":[{"href":"https:\/\/www.fileasbl.be\/membres\/wp-json\/wp\/v2\/types\/post"}],"author":[{"embeddable":true,"href":"https:\/\/www.fileasbl.be\/membres\/wp-json\/wp\/v2\/users\/2"}],"replies":[{"embeddable":true,"href":"https:\/\/www.fileasbl.be\/membres\/wp-json\/wp\/v2\/comments?post=12808"}],"version-history":[{"count":0,"href":"https:\/\/www.fileasbl.be\/membres\/wp-json\/wp\/v2\/posts\/12808\/revisions"}],"wp:featuredmedia":[{"embeddable":true,"href":"https:\/\/www.fileasbl.be\/membres\/wp-json\/wp\/v2\/media\/12288"}],"wp:attachment":[{"href":"https:\/\/www.fileasbl.be\/membres\/wp-json\/wp\/v2\/media?parent=12808"}],"wp:term":[{"taxonomy":"category","embeddable":true,"href":"https:\/\/www.fileasbl.be\/membres\/wp-json\/wp\/v2\/categories?post=12808"},{"taxonomy":"post_tag","embeddable":true,"href":"https:\/\/www.fileasbl.be\/membres\/wp-json\/wp\/v2\/tags?post=12808"}],"curies":[{"name":"wp","href":"https:\/\/api.w.org\/{rel}","templated":true}]}}