{"id":13283,"date":"2020-05-19T12:57:56","date_gmt":"2020-05-19T11:57:56","guid":{"rendered":"http:\/\/www.fileasbl.be\/membres\/?p=13283"},"modified":"2025-09-01T15:35:53","modified_gmt":"2025-09-01T14:35:53","slug":"obligations-comptables-des-asbl","status":"publish","type":"post","link":"https:\/\/www.fileasbl.be\/membres\/obligations-comptables-des-asbl\/","title":{"rendered":"Obligations comptables des ASBL"},"content":{"rendered":"<!--themify_builder_content-->\n<div id=\"themify_builder_content-13283\" data-postid=\"13283\" class=\"themify_builder_content themify_builder_content-13283 themify_builder tf_clear\">\n    \t<!-- module_row -->\n\t<div  data-lazy=\"1\" class=\"module_row themify_builder_row tb_vtjc922 tb_first tf_clearfix\">\n\t    \t\t<div class=\"row_inner col_align_top col-count-1 tf_box tf_w tf_rel\">\n\t\t\t<div  data-lazy=\"1\" class=\"module_column tb-column col-full first tb_1ogh923 tf_box\">\n\t\t\t    \t        <div class=\"tb-column-inner tf_box tf_w\">\n\t\t    <!-- module image -->\n<div  class=\"module module-image tb_bb9c22   image-top auto_fullwidth tf_mw\" data-lazy=\"1\">\n        <div class=\"image-wrap tf_rel tf_mw\">\n\t\t    <img decoding=\"async\" src=\"http:\/\/www.fileasbl.be\/membres\/wp-content\/uploads\/2020\/05\/Bandeau-article-800-150-compta-asbl.jpg\" title=\"Obligations comptables des ASBL\" alt=\"Obligations comptables des ASBL\">\t\n\t\t<\/div>\n\t<!-- \/image-wrap -->\n    \n    \t<\/div>\n<!-- \/module image -->\t        <\/div>\n\t    \t<\/div>\n\t\t    <\/div>\n\t    <!-- \/row_inner -->\n\t<\/div>\n\t<!-- \/module_row -->\n\t\t<!-- module_row -->\n\t<div  data-lazy=\"1\" class=\"module_row themify_builder_row tb_g4kw125 tf_clearfix\" >\n\t    \t\t<div class=\"row_inner col_align_top col-count-2 tf_box tf_w tf_rel\">\n\t\t\t<div  data-lazy=\"1\" style=\"width: 56.8%\" class=\"module_column tb-column col2-1 first tb_p2oj126 tf_box\">\n\t\t\t    \t        <div class=\"tb-column-inner tf_box tf_w\">\n\t\t    <!-- module text -->\n<div  class=\"module module-text tb_kd15844   \" data-lazy=\"1\">\n        <div  class=\"tb_text_wrap\">\n    <h4 style=\"text-align: right;\"><span style=\"color: #333300;\"><strong>Mise \u00e0 jour du 10 septembre 2024<\/strong><\/span><\/h4>\n<p>\u00a0<\/p>\n<h1>Obligations comptables des ASBL selon le Code des Soci\u00e9t\u00e9s et des Associations (CSA) et son AR d\u2019ex\u00e9cution<\/h1>\n<h3>Pr\u00e9ambule<\/h3>\n<p>Cette ann\u00e9e 2020 voit l\u2019application pour la 1<sup>\u00e8re<\/sup> fois des nouvelles r\u00e8gles comptables prescrites par le CSA , notamment pour les ASBL.<\/p>\n<p>Cet article a pour but de faire un r\u00e9sum\u00e9 des (nouvelles) obligations comptables uniquement pour les ASBL, sans entrer dans le d\u00e9tail des proc\u00e9d\u00e9s comptables.<\/p>    <\/div>\n<\/div>\n<!-- \/module text -->\t        <\/div>\n\t    \t<\/div>\n\t\t<div  data-lazy=\"1\" style=\"width: 40%\" class=\"module_column tb-column col2-1 last tb_4f45127 tf_box\">\n\t\t\t    \t        <div class=\"tb-column-inner tf_box tf_w\">\n\t\t    <!-- module text -->\n<div  class=\"module module-text tb_bjbg412   \" data-lazy=\"1\">\n        <div  class=\"tb_text_wrap\">\n    <h2 style=\"text-align: center;\"><span style=\"color: #333399;\">Personne de contact<\/span><\/h2>\n<p style=\"text-align: center;\">Carine Delr\u00e9e, Aurore Destr\u00e9e et Isaline De Plaen,<\/p>\n<p style=\"text-align: center;\">Conseill\u00e8res juridiques<\/p>\n<p style=\"text-align: center;\">juridique(at)fileasbl.be<\/p>\n<p style=\"text-align: center;\">+32 10 22 52 02<\/p>    <\/div>\n<\/div>\n<!-- \/module text -->\t        <\/div>\n\t    \t<\/div>\n\t\t    <\/div>\n\t    <!-- \/row_inner -->\n\t<\/div>\n\t<!-- \/module_row -->\n\t\t<!-- module_row -->\n\t<div  data-lazy=\"1\" class=\"module_row themify_builder_row tb_hz8k506 tf_clearfix\">\n\t    \t\t<div class=\"row_inner col_align_top col-count-2 tf_box tf_w tf_rel\">\n\t\t\t<div  data-lazy=\"1\" class=\"module_column tb-column col2-1 first tb_jkzw507 tf_box\">\n\t\t\t    \t        <div class=\"tb-column-inner tf_box tf_w\">\n\t\t    <!-- module text -->\n<div  class=\"module module-text tb_fkrc62   \" data-lazy=\"1\">\n        <div  class=\"tb_text_wrap\">\n    <h2>Acc\u00e8s r\u00e9serv\u00e9 aux membres<\/h2>    <\/div>\n<\/div>\n<!-- \/module text -->\t        <\/div>\n\t    \t<\/div>\n\t\t<div  data-lazy=\"1\" class=\"module_column tb-column col2-1 last tb_zzn7507 tf_box\">\n\t\t\t    \t        <div class=\"tb-column-inner tf_box tf_w\">\n\t\t    <!-- module login -->\n<div  class=\"module module-login tb_cns3196 \" data-lazy=\"1\">\n\t<div classss=\"tb_login_wrap \">\n\t\n\t\t\t\n\t\t<form class=\"tb_login_form tf_clearfix tf_box tf_clear\" name=\"loginform\" action=\"https:\/\/www.fileasbl.be\/membres\/wp-login.php\" method=\"post\">\n\t\t\t<p class=\"tb_login_username\">\n\t\t\t\t<label>\n\t\t\t\t\t<span class=\"tb_login_username_text\">Username or Email<\/span>\n\t\t\t\t\t<input type=\"text\" name=\"log\" required=\"required\">\n\t\t\t\t<\/label>\n\t\t\t<\/p>\n\t\t\t<p class=\"tb_login_password\">\n\t\t\t\t<label>\n\t\t\t\t\t<span class=\"tb_login_password_text\">Password<\/span>\n\t\t\t\t\t<input type=\"password\" name=\"pwd\" required=\"required\">\n\t\t\t\t<\/label>\n\t\t\t<\/p>\n\t\t\t<div class=\"tb_login_links tf_box tf_clear\">\n\t\t\t\t<a href=\"https:\/\/www.fileasbl.be\/membres\/wp-login.php?action=lostpassword\">Forgotten Password?<\/a>\n\t\t\t<\/div>\n\n\t\t\t\n\t\t\t\t\t\t<p class=\"tb_login_remember tf_left tf_box\">\n\t\t\t\t<label>\n\t\t\t\t\t<input name=\"rememberme\" type=\"checkbox\" value=\"forever\"> \n\t\t\t\t\t<span class=\"tb_login_remember_text\">Remember Me<\/span>\n\t\t\t\t<\/label>\n\t\t\t<\/p>\n\t\t\t\t\t\t<p class=\"tb_login_submit tf_right\">\n\t\t\t\t<button name=\"wp-submit\">Log In<\/button>\n\t\t\t\t<input type=\"hidden\" name=\"redirect_to\" value=\"\/membres\/wp-json\/wp\/v2\/posts\/13283?login_success=1\">\n\t\t\t\t<input type=\"hidden\" name=\"tb_login\" value=\"1\">\n\n\t\t\t\t\t\t\t<\/p>\n\n\t\t<\/form>\n\n\t\t<form class=\"tb_lostpassword_form tf_clearfix tf_box tf_clear\" name=\"lostpasswordform\" action=\"https:\/\/www.fileasbl.be\/membres\/wp-login.php?action=lostpassword\" method=\"post\" style=\"display:none\">\n\t\t\t<p class=\"tb_lostpassword_username\">\n\t\t\t\t<label>\n\t\t\t\t\t<span class=\"tb_lostpassword_username_text\">Username or Email<\/span>\n\t\t\t\t\t<input type=\"text\" name=\"user_login\" required=\"required\">\n\t\t\t\t<\/label>\n\t\t\t<\/p>\n\n\t\t\t\n\t\t\t\t\t\t<p class=\"tb_lostpassword_submit tf_right\">\n\t\t\t\t<button>Reset Password<\/button>\n\t\t\t<\/p>\n\n\t\t\t<div class=\"tb_login_links tf_left tf_box\">\n\t\t\t\t<a href=\"https:\/\/www.fileasbl.be\/membres\/wp-login.php\">Log In<\/a>\n\t\t\t<\/div>\n\t\t<\/form>\n\n\t    <\/div>\n<\/div><!-- \/module login -->\t        <\/div>\n\t    \t<\/div>\n\t\t    <\/div>\n\t    <!-- \/row_inner -->\n\t<\/div>\n\t<!-- \/module_row -->\n\t\t<!-- module_row -->\n\t<div  data-lazy=\"1\" class=\"module_row themify_builder_row tb_tjq3146 tf_clearfix\">\n\t    \t\t<div class=\"row_inner col_align_top col-count-1 tf_box tf_w tf_rel\">\n\t\t\t<div  data-lazy=\"1\" class=\"module_column tb-column col-full first tb_nj2t147 tf_box\">\n\t\t\t    \t        <div class=\"tb-column-inner tf_box tf_w\">\n\t\t    <!-- module text -->\n<div  class=\"module module-text tb_9k96619   \" data-lazy=\"1\">\n        <div  class=\"tb_text_wrap\">\n    <p>Le CSA <a href=\"#_ftn1\" name=\"_ftnref1\">[1]<\/a> ainsi que son Arr\u00eat\u00e9 royal d\u2019ex\u00e9cution <a href=\"#_ftn2\" name=\"_ftnref2\">[2]<\/a> ont modifi\u00e9 et complexifi\u00e9 la mani\u00e8re de classer les ASBL en tailles diff\u00e9rentes. Les montants utiles pour cette classification ont \u00e9t\u00e9 modifi\u00e9s par la Loi du 27 mars 2024.\u00a0<\/p>\n<p>\u00a0<\/p>\n<p>Pr\u00e9c\u00e9demment, dans la loi de 1921 telle que modifi\u00e9e en 2002, il y avait 3 cat\u00e9gories bien claires<a href=\"#_ftn3\" name=\"_ftnref3\">[3]<\/a>\u00a0: les petites, les grandes et les tr\u00e8s grandes ASBL et \u00e0 chaque cat\u00e9gorie correspondait un sch\u00e9ma comptable \u00e0 appliquer.<\/p>\n<p>\u00a0<\/p>\n<p>Avec le CSA, ces distinctions ont \u00e9t\u00e9 remplac\u00e9es par d\u2019autres crit\u00e8res et les sch\u00e9mas comptables ne sont plus n\u00e9cessairement li\u00e9s aux cat\u00e9gories d\u2019ASBL\u00a0: le CSA ne parle en effet que de 2 cat\u00e9gories\u00a0: les \u00ab\u00a0ASBL\u00a0\u00bb et les \u00ab\u00a0petites ASBL\u00a0\u00bb<\/p>\n<p>Nous allons essayer de sch\u00e9matiser ces nouvelles r\u00e8gles avec les nouveaux crit\u00e8res afin de vous permettre d\u2019y voir plus clair. Pour ce faire, nous allons expliquer les r\u00e8gles comptables d\u2019abord pour la plus petite structure et puis graduellement jusqu\u2019\u00e0 la plus grande ASBL.<\/p>\n<p>Pour des pr\u00e9cisions sur la d\u00e9finition et le mode de calcul des crit\u00e8res distinctifs, nous vous renvoyons en fin de cet article.<\/p>\n<p><a href=\"#_ftnref1\" name=\"_ftn1\">[1]<\/a> Code des Soci\u00e9t\u00e9s et des Associations du 23 mars 2019, MB 4-04-2019.<\/p>\n<p><a href=\"#_ftnref2\" name=\"_ftn2\">[2]<\/a> AR 29 avril 2019 portant ex\u00e9cution du Code des Soci\u00e9t\u00e9s et des Associations, MB 30-04-2019.<\/p>\n<p><a href=\"#_ftnref3\" name=\"_ftn3\">[3]<\/a> Art 17, L. 27-06-1921 telle que modifi\u00e9e par la L. 2-05-2002 sur les associations sans but lucratif, les associations internationales sans but lucratif et les fondations, MB 18-10-2002.<\/p>    <\/div>\n<\/div>\n<!-- \/module text --><!-- module accordion -->\n<div  class=\"module module-accordion tb_v8qy996 \" data-behavior=\"toggle\" data-lazy=\"1\">\n    \n    <ul class=\"ui module-accordion plus-icon-button  tb_default_color\">\n\t\t    <li>\n\t\t\t<div class=\"accordion-title tf_rel\">\n\t\t\t\t<a href=\"#acc-v8qy996-0\" aria-controls=\"acc-v8qy996-0-content\" aria-expanded=\"false\">\n\t\t\t\t\t\t\t\t\t\t\t\t\t\t\t<span class=\"tb_title_accordion tf_w\">R\u00e8gles applicables pour toutes les ASBL<\/span>\n\t\t\t\t<\/a>\n\t\t\t<\/div><!-- .accordion-title -->\n\n\t\t\t<div id=\"acc-v8qy996-0-content\" data-id=\"acc-v8qy996-0\" aria-hidden=\"true\" class=\"accordion-content tf_hide\">\n\n\t\t\t\t\t\t\t\t\t<div\t\t\t\t\t\tclass=\"tb_text_wrap\"\n\t\t\t\t\t\t>\n\t\t\t\t\t\t<p><a href=\"https:\/\/www.nbb.be\/fr\/centrale-des-bilans\/je-dois-deposer-pour\/une-association-fondation-ou-mutualite#_associations-fondations-mutualite-standard\"><u>https:\/\/www.nbb.be\/fr\/centrale-des-bilans\/je-dois-deposer-pour\/une-association-fondation-ou-mutualite#_associations-fondations-mutualite-standard<\/u><\/a>\u00a0<\/p>\n<p>Pour toutes les ASBL, quelle que soit leur taille, le Conseil d\u2019administration doit \u00e9tablir chaque ann\u00e9e des <strong>comptes annuels ainsi qu\u2019un inventaire<\/strong><a href=\"#_ftn1\" name=\"_ftnref1\">[1]<\/a>. Les comptes annuels et le budget pour l\u2019ann\u00e9e qui suit doivent \u00eatre soumis pour <strong>approbation \u00e0 l\u2019Assembl\u00e9e g\u00e9n\u00e9rale<\/strong> dans les 6 mois de la date de cl\u00f4ture de l\u2019exercice social. La forme et le contenu des comptes sont d\u00e9finis par Arr\u00eat\u00e9 royal et d\u00e9pendent de la taille de l\u2019ASBL.<\/p>\n<p>Toutes les ASBL doivent \u00e9galement <strong>d\u00e9poser leurs comptes dans leur dossier au greffe<\/strong> du tribunal de l\u2019entreprise<a href=\"#_ftn2\" name=\"_ftnref2\">[2]<\/a>, m\u00eame s\u2019il y a souvent en plus une obligation de d\u00e9p\u00f4t des comptes \u00e0 la Banque Nationale de Belgique (BNB).<\/p>\n<p>Si seules les \u00ab\u00a0grandes ASBL\u00a0\u00bb doivent obligatoirement r\u00e9diger <strong>un rapport de gestion<\/strong>, il peut \u00eatre utile pour les autres ASBL d\u2019\u00e9galement r\u00e9diger un tel rapport explicatif des comptes, quitte \u00e0 le rendre obligatoire dans une clause statutaire<a href=\"#_ftn3\" name=\"_ftnref3\">[3]<\/a>.<\/p>\n<p><a href=\"#_ftnref1\" name=\"_ftn1\">[1]<\/a> Art 3\u00a0:47, CSA.<\/p>\n<p><a href=\"#_ftnref2\" name=\"_ftn2\">[2]<\/a> Art 2\u00a0:9, CSA.<\/p>\n<p><a href=\"#_ftnref3\" name=\"_ftn3\">[3]<\/a> Davagle, M., Memento des ASBL 2019, ed Kluwer, n\u00b01593.<\/p>\t\t\t\t\t<\/div>\n\t\t\t\t\n\t\t\t<\/div><!-- .accordion-content -->\n\t    <\/li>\n\t\t    <li>\n\t\t\t<div class=\"accordion-title tf_rel\">\n\t\t\t\t<a href=\"#acc-v8qy996-1\" aria-controls=\"acc-v8qy996-1-content\" aria-expanded=\"false\">\n\t\t\t\t\t\t\t\t\t\t\t\t\t\t\t<span class=\"tb_title_accordion tf_w\">Les \u00ab tr\u00e8s petites ASBL \u00bb  - possibilit\u00e9 d\u2019une comptabilit\u00e9 simplifi\u00e9e<\/span>\n\t\t\t\t<\/a>\n\t\t\t<\/div><!-- .accordion-title -->\n\n\t\t\t<div id=\"acc-v8qy996-1-content\" data-id=\"acc-v8qy996-1\" aria-hidden=\"true\" class=\"accordion-content tf_hide\">\n\n\t\t\t\t\t\t\t\t\t<div\t\t\t\t\t\tclass=\"tb_text_wrap\"\n\t\t\t\t\t\t>\n\t\t\t\t\t\t<p>Les \u00ab\u00a0tr\u00e8s petites ASBL\u00a0\u00bb sont des ASBL <strong>qui ne d\u00e9passent pas plus d\u2019un des crit\u00e8res suivants <\/strong>\u00e0 la date du bilan du dernier exercice cl\u00f4tur\u00e9\u00a0:<\/p>\n<ul>\n<li>5 ETP en moyenne annuelle<\/li>\n<li>391 000 \u20ac de recettes r\u00e9currentes (HTVA)<\/li>\n<li>1 562 000 \u20ac total des avoirs<\/li>\n<li>1 562 000 \u20ac total des dettes<\/li>\n<\/ul>\n<p>Ces \u00ab\u00a0tr\u00e8s petites ASBL\u00a0\u00bb peuvent \u00e9tablir leurs comptes annuels conform\u00e9ment \u00e0 un mod\u00e8le simplifi\u00e9 tel que pr\u00e9vu dans l\u2019AR CSA en son <a href=\"http:\/\/www.fileasbl.be\/membres\/wp-content\/uploads\/2020\/05\/Comptabilit\u00e9-simplifi\u00e9e-annexe-8-AR-CSA.docx\" target=\"_blank\" rel=\"noopener\">annexe 8<\/a>.<\/p>\n<p>Cette comptabilit\u00e9 simplifi\u00e9e porte au minimum sur les mouvements des disponibilit\u00e9s en esp\u00e8ces et en compte selon le mod\u00e8le impos\u00e9 par l<a href=\"http:\/\/www.fileasbl.be\/membres\/wp-content\/uploads\/2020\/05\/Comptabilit\u00e9-simplifi\u00e9e-annexe-2-AR-2018-10-21.png\" target=\"_blank\" rel=\"noopener\">\u2019annexe 2<\/a> de l\u2019AR du 21-10-2018<a href=\"#_ftn1\" name=\"_ftnref1\">[1]<\/a>.<\/p>\n<p>La tenue d\u2019une comptabilit\u00e9 simplifi\u00e9e n\u2019est pas syst\u00e9matique, la r\u00e8gle g\u00e9n\u00e9rale \u00e9tant la comptabilit\u00e9 en partie double. Les \u00ab\u00a0tr\u00e8s petites ASBL\u00a0\u00bb devront donc faire ce choix et pourront le remettre en question chaque ann\u00e9e.<\/p>\n<p>D\u00e8s l\u2019instant o\u00f9 les \u00ab\u00a0tr\u00e8s petites ASBL\u00a0\u00bb optent pour une comptabilit\u00e9 en partie double, elles devront pr\u00e9senter leurs comptes selon le sch\u00e9ma abr\u00e9g\u00e9 ou le micro-sch\u00e9ma (voir ci-dessous).<\/p>\n<p>Les \u00ab\u00a0tr\u00e8s petites ASBL\u00a0\u00bb qui optent pour une comptabilit\u00e9 simplifi\u00e9e ne doivent pas d\u00e9poser leurs comptes \u00e0 la BNB mais bien uniquement dans leur <strong>dossier aupr\u00e8s du greffe du tribunal de l\u2019entreprise<\/strong><a href=\"#_ftn2\" name=\"_ftnref2\">[2]<\/a><strong>.<\/strong><\/p>\n<p><a href=\"#_ftnref1\" name=\"_ftn1\">[1]<\/a> AR du 21-10-2018 portant ex\u00e9cution des articles III.82 A III.95 du code de droit Economique, MB 29-10-2018.<\/p>\n<p><a href=\"#_ftnref2\" name=\"_ftn2\">[2]<\/a> Art 2\u00a0:9, \u00a71, 8\u00b0, CSA.<\/p>\t\t\t\t\t<\/div>\n\t\t\t\t\n\t\t\t<\/div><!-- .accordion-content -->\n\t    <\/li>\n\t\t    <li>\n\t\t\t<div class=\"accordion-title tf_rel\">\n\t\t\t\t<a href=\"#acc-v8qy996-2\" aria-controls=\"acc-v8qy996-2-content\" aria-expanded=\"false\">\n\t\t\t\t\t\t\t\t\t\t\t\t\t\t\t<span class=\"tb_title_accordion tf_w\">Les \u00ab micro-ASBL \u00bb - possibilit\u00e9 d\u2019utiliser un micro-sch\u00e9ma <\/span>\n\t\t\t\t<\/a>\n\t\t\t<\/div><!-- .accordion-title -->\n\n\t\t\t<div id=\"acc-v8qy996-2-content\" data-id=\"acc-v8qy996-2\" aria-hidden=\"true\" class=\"accordion-content tf_hide\">\n\n\t\t\t\t\t\t\t\t\t<div\t\t\t\t\t\tclass=\"tb_text_wrap\"\n\t\t\t\t\t\t>\n\t\t\t\t\t\t<p>Les \u00ab\u00a0micro-ASBL\u00a0\u00bb sont des petites ASBL qui, \u00e0 la date du bilan du dernier exercice cl\u00f4tur\u00e9, <strong>ne d\u00e9passent pas plus d\u2019un des crit\u00e8res suivants<\/strong>\u00a0:<\/p>\n<ul>\n<li>10 ETP en moyenne annuelle<\/li>\n<li>900 000 \u20ac de chiffre d\u2019affaire annuel (HTVA)<\/li>\n<li>450 000 \u20ac au total du bilan<\/li>\n<\/ul>\n<p>Ces \u00ab\u00a0micro-ASBL\u00a0\u00bb doivent tenir leur comptabilit\u00e9 en partie double mais peuvent \u00e9tablir leur bilan et leur compte de r\u00e9sultats selon un <strong>micro-sch\u00e9ma<\/strong><a href=\"#_ftn1\" name=\"_ftnref1\">[1]<\/a> repris \u00e0 l\u2019annexe 7 de l\u2019AR CSA. Un mod\u00e8le de micro-sch\u00e9ma est disponible sur le site de la BNB.\u00a0<\/p>\n<p>Les comptes des \u00ab\u00a0micro-ASBL\u00a0\u00bb doivent \u00eatre d\u00e9pos\u00e9es \u00e0 la BNB ainsi que dans leur dossier aupr\u00e8s du greffe du tribunal de l\u2019entreprise.<\/p>\n<p><a href=\"#_ftnref1\" name=\"_ftn1\">[1]<\/a> Art 3\u00a0:47, \u00a74, CSA.<\/p>\t\t\t\t\t<\/div>\n\t\t\t\t\n\t\t\t<\/div><!-- .accordion-content -->\n\t    <\/li>\n\t\t    <li>\n\t\t\t<div class=\"accordion-title tf_rel\">\n\t\t\t\t<a href=\"#acc-v8qy996-3\" aria-controls=\"acc-v8qy996-3-content\" aria-expanded=\"false\">\n\t\t\t\t\t\t\t\t\t\t\t\t\t\t\t<span class=\"tb_title_accordion tf_w\">Les \u00ab petites ASBL \u00bb - possibilit\u00e9 d\u2019utiliser un sch\u00e9ma abr\u00e9g\u00e9 <\/span>\n\t\t\t\t<\/a>\n\t\t\t<\/div><!-- .accordion-title -->\n\n\t\t\t<div id=\"acc-v8qy996-3-content\" data-id=\"acc-v8qy996-3\" aria-hidden=\"true\" class=\"accordion-content tf_hide\">\n\n\t\t\t\t\t\t\t\t\t<div\t\t\t\t\t\tclass=\"tb_text_wrap\"\n\t\t\t\t\t\t>\n\t\t\t\t\t\t<p>Les \u00ab\u00a0petites ASBL\u00a0\u00bb sont les ASBL qui, \u00e0 la date du bilan du dernier exercice cl\u00f4tur\u00e9, <strong>ne d\u00e9passent pas plus d\u2019un des crit\u00e8res suivants<\/strong>\u00a0:<\/p>\n<ul>\n<li>50 ETP en moyenne annuelle<\/li>\n<li>11 250 000 \u20ac de chiffre d\u2019affaire annuel (HTVA)<\/li>\n<li>6 000 000 \u20ac au total du bilan<\/li>\n<\/ul>\n<p>Ces \u00ab\u00a0petites ASBL\u00a0\u00bb doivent tenir leur comptabilit\u00e9 en partie double mais peuvent \u00e9tablir leur bilan et leur compte de r\u00e9sultats selon un <a href=\"http:\/\/www.fileasbl.be\/membres\/wp-content\/uploads\/2020\/05\/Comptes-mod\u00e8le-abr\u00e9g\u00e9-BNB-2019.pdf\" target=\"_blank\" rel=\"noopener\"><strong>sch\u00e9ma abr\u00e9g\u00e9<\/strong><\/a><a href=\"#_ftn1\" name=\"_ftnref1\">[1]<\/a> .<\/p>\n<p>Les comptes des \u00ab\u00a0petites-ASBL\u00a0\u00bb doivent \u00eatre d\u00e9pos\u00e9es \u00e0 la BNB ainsi que dans le dossier aupr\u00e8s du greffe du tribunal de l\u2019entreprise.<\/p>\n<p><a href=\"#_ftnref1\" name=\"_ftn1\">[1]<\/a> Art 3\u00a0:47, \u00a73, CSA.<\/p>\t\t\t\t\t<\/div>\n\t\t\t\t\n\t\t\t<\/div><!-- .accordion-content -->\n\t    <\/li>\n\t\t    <li>\n\t\t\t<div class=\"accordion-title tf_rel\">\n\t\t\t\t<a href=\"#acc-v8qy996-4\" aria-controls=\"acc-v8qy996-4-content\" aria-expanded=\"false\">\n\t\t\t\t\t\t\t\t\t\t\t\t\t\t\t<span class=\"tb_title_accordion tf_w\">Les \u00ab grandes ASBL \u00bb - sch\u00e9ma complet, commissaire et rapport de gestion<\/span>\n\t\t\t\t<\/a>\n\t\t\t<\/div><!-- .accordion-title -->\n\n\t\t\t<div id=\"acc-v8qy996-4-content\" data-id=\"acc-v8qy996-4\" aria-hidden=\"true\" class=\"accordion-content tf_hide\">\n\n\t\t\t\t\t\t\t\t\t<div\t\t\t\t\t\tclass=\"tb_text_wrap\"\n\t\t\t\t\t\t>\n\t\t\t\t\t\t<p>Les \u00ab\u00a0grandes ASBL\u00a0\u00bb sont les ASBL qui, \u00e0 la date du bilan du dernier exercice cl\u00f4tur\u00e9, <strong>d\u00e9passent au moins 2 des crit\u00e8res suivants<\/strong>\u00a0:<\/p>\n<ul>\n<li>50 ETP en moyenne annuelle<\/li>\n<li>11 250 000 \u20ac de chiffre d\u2019affaire annuel (HTVA)<\/li>\n<li>6 000 000 \u20ac au total du bilan<\/li>\n<\/ul>\n<p>Ces \u00ab\u00a0grandes ASBL\u00a0\u00bb doivent tenir leur comptabilit\u00e9 en partie double et \u00e9tablir leurs comptes annuels selon le <strong>sch\u00e9ma complet<\/strong> pr\u00e9vu \u00e0 l\u2019annexe 6 de l\u2019AR CSA.<\/p>\n<p>Elles sont tenues de confier le contr\u00f4le de la situation financi\u00e8re, des comptes annuels et de la r\u00e9gularit\u00e9 au regard de la loi et des statuts, des op\u00e9rations devant \u00eatre constat\u00e9es dans les comptes annuels \u00e0 <strong>un ou plusieurs commissaires<\/strong><a href=\"#_ftn1\" name=\"_ftnref1\">[1]<\/a>. Ce(s) commissaire(s) doivent \u00eatre nomm\u00e9s par l\u2019Assembl\u00e9e g\u00e9n\u00e9rale parmi les membres, personnes physiques ou morales, de l\u2019Institut des r\u00e9viseurs d\u2019entreprise.<\/p>\n<p>Le Conseil d\u2019administration des \u00ab\u00a0grandes ASBL\u00a0\u00bb est \u00e9galement tenu de r\u00e9diger un rapport dans lequel il rend compte de sa gestion<a href=\"#_ftn2\" name=\"_ftnref2\">[2]<\/a>. Ce <strong>rapport de gestion<\/strong> doit comporter notamment\u00a0:<\/p>\n<p>&#8211; un expos\u00e9 fid\u00e8le sur l\u2019\u00e9volution et les r\u00e9sultats des activit\u00e9s et sur la situation de l\u2019association\u00a0;<\/p>\n<p>&#8211; une description des principaux risques et incertitudes auxquels l\u2019ASBL doit\/peut faire face\u00a0;<\/p>\n<p>&#8211; des donn\u00e9es sur les \u00e9v\u00e9nements importants survenus apr\u00e8s la cl\u00f4ture de l\u2019exercice\u00a0;<\/p>\n<p>&#8211; des indications sur les circonstances susceptibles d\u2019avoir une influence notable sur le d\u00e9veloppement de l\u2019association\u00a0;<\/p>\n<p>&#8211; au cas o\u00f9 le bilan fait appara\u00eetre une perte report\u00e9e ou le compte de r\u00e9sultats fait appara\u00eetre pendant 2 exercices successifs une perte de l\u2019exercice, une justification de l\u2019application des r\u00e8gles comptables de continuit\u00e9\u00a0;<\/p>\n<p>&#8211; \u2026<a href=\"#_ftn3\" name=\"_ftnref3\">[3]<\/a><\/p>\n<p>Les comptes des \u00ab\u00a0grandes ASBL\u00a0\u00bb doivent \u00eatre d\u00e9pos\u00e9es \u00e0 la BNB ainsi que dans le dossier aupr\u00e8s du greffe du tribunal de l\u2019entreprise.<\/p>\n<p><a href=\"#_ftnref1\" name=\"_ftn1\">[1]<\/a> Art 3\u00a0:47, \u00a76, CSA.<\/p>\n<p><a href=\"#_ftnref2\" name=\"_ftn2\">[2]<\/a> Art 3\u00a0:48, CSA.<\/p>\n<p><a href=\"#_ftnref3\" name=\"_ftn3\">[3]<\/a> Art 3\u00a0:48, \u00a72, CSA.<\/p>\t\t\t\t\t<\/div>\n\t\t\t\t\n\t\t\t<\/div><!-- .accordion-content -->\n\t    <\/li>\n\t    <\/ul>\n\n<\/div><!-- \/module accordion --><!-- module image -->\n<div  class=\"module module-image tb_fr3n237   image-top auto_fullwidth tf_mw\" data-lazy=\"1\">\n        <div class=\"image-wrap tf_rel tf_mw\">\n\t\t    <img loading=\"lazy\" decoding=\"async\" src=\"http:\/\/www.fileasbl.be\/membres\/wp-content\/uploads\/2020\/05\/sch\u00e9ma-file-asbl.png\" width=\"936\" height=\"596\" title=\"Obligations comptables des ASBL\" alt=\"Obligations comptables des ASBL\">\t\n\t\t<\/div>\n\t<!-- \/image-wrap -->\n    \n    \t<\/div>\n<!-- \/module image --><!-- module text -->\n<div  class=\"module module-text tb_wgfn309   \" data-lazy=\"1\">\n        <div  class=\"tb_text_wrap\">\n    <h2>Crit\u00e8res de classement<\/h2>\n<p>Le classement par taille des ASBL ainsi que les obligations comptables \u00e0 respecter sont fonction de diff\u00e9rents crit\u00e8res\u00a0: le nombre d\u2019\u00e9quivalent temps plein en moyenne annuelle, le chiffre d\u2019affaire, le total du bilan, \u2026. Ces crit\u00e8res sont d\u00e9finis par le CSA.<\/p>\n<p>Il est \u00e0 noter que le fait de d\u00e9passer ou de ne plus d\u00e9passer plus d\u2019un de ces crit\u00e8res n\u2019a d\u2019incidence que si cette circonstance se produit <strong>pendant 2 exercices cons\u00e9cutifs<\/strong><a href=\"#_ftn1\" name=\"_ftnref1\">[1]<\/a>. Dans ce cas, les cons\u00e9quences de ce d\u00e9passement s\u2019appliqueront \u00e0 partir de l\u2019exercice suivant l\u2019exercice au cours duquel, pour la 2<sup>\u00e8me<\/sup> fois, plus d\u2019un des crit\u00e8res ont \u00e9t\u00e9 d\u00e9pass\u00e9s ou ne sont plus d\u00e9pass\u00e9s.<\/p>\n<h3>Nombre moyen d\u2019\u00e9quivalent temps plein <a href=\"#_ftn2\" name=\"_ftnref2\">[2]<\/a><\/h3>\n<p>Les travailleurs qu\u2019il faut prendre en consid\u00e9ration sont <strong>tous les travailleurs qui font l\u2019objet d\u2019une DIMONA<\/strong> (y compris les stagiaires inscrits dans le registre du personnel). Le calcul doit se faire sur base de l\u2019ann\u00e9e de l\u2019exercice social (qui n\u2019est pas n\u00e9cessairement l\u2019ann\u00e9e civile).<\/p>\n<p>Le nombre moyen de travailleurs occup\u00e9s est exprim\u00e9 en \u00e9quivalent temps plein.<\/p>\n<p><u>Pour les travailleurs \u00e0 temps plein<\/u>\u00a0: On divise la somme des travailleurs \u00e0 temps plein d\u00e9clar\u00e9s \u00e0 la fin de chaque mois par le nombre de mois de l\u2019exercice social.<\/p>\n<p><u>Pour les travailleurs \u00e0 temps partiel<\/u>\u00a0: il faut diviser le nombre d\u2019heures effectu\u00e9es par les travailleurs \u00e0 temps partiel par la dur\u00e9e de travail du temps plein de r\u00e9f\u00e9rence. Cette op\u00e9ration doit se r\u00e9aliser \u00e0 la fin de chaque mois de l\u2019exercice comptable.<\/p>\n<h3>Total du chiffre d\u2019affaire ou des recettes <a href=\"#_ftn3\" name=\"_ftnref3\">[3]<\/a><\/h3>\n<p>Le terme \u00ab\u00a0recettes\u00a0\u00bb concerne les ASBL qui optent pour une comptabilit\u00e9 simplifi\u00e9e.<\/p>\n<p>Le chiffre d\u2019affaire (ou montant des recettes) comprend les produits d\u2019exploitation et financier, \u00e0 l\u2019exception des produits non r\u00e9currents (valeur totale hors TVA). Il reprend notamment les cotisations des membres ainsi que les subsides octroy\u00e9s par les pouvoirs publics.<\/p>\n<h3>Total du bilan <a href=\"#_ftn4\" name=\"_ftnref4\">[4]<\/a><\/h3>\n<p>Le total du bilan est la valeur comptable totale de l\u2019actif tel qu\u2019il appara\u00eet au sch\u00e9ma (micro, abr\u00e9g\u00e9 ou complet) du bilan. Le patrimoine de l\u2019ASBL est donc pris en compte pour \u00e9valuer le total de l\u2019actif.<\/p>\n<p>En ce qui concerne les tr\u00e8s petites ASBL qui tiennent une comptabilit\u00e9 simplifi\u00e9e, la notion de \u00ab\u00a0total du bilan\u00a0\u00bb est remplac\u00e9e par le \u00ab\u00a0total des avoirs\u00a0\u00bb et le \u00ab\u00a0total des dettes\u00a0\u00bb.<\/p>\n<h2>Pour conclure\u2026<\/h2>\n<p>Au-del\u00e0 des d\u00e9p\u00f4ts au greffe et souvent \u00e0 la BNB, les ASBL sont \u00e9galement soumises, sous certaines conditions, \u00e0 d\u00e9clarer annuellement leur patrimoine et \u00e0 entrer leur d\u00e9claration d\u2019imp\u00f4t personnes morales (IPM) ou d\u2019imp\u00f4t des soci\u00e9t\u00e9s (ISOC).<\/p>\n<p>\u00a0<\/p>\n<p>Cette mati\u00e8re est complexe et des sp\u00e9cialistes, vos comptables et\/ou experts-comptables, sont l\u00e0 pour r\u00e9pondre \u00e0 vos questions plus pr\u00e9cises.<\/p>\n<p>\u00a0<\/p>\n<h2>Pour plus d\u2019informations<\/h2>\n<p>Les mod\u00e8les des comptes annuels disponibles sur le site de la BNB\u00a0: <a href=\"https:\/\/www.nbb.be\/fr\/centrale-des-bilans\/etablir\/modeles\/modeles-pour-associations-et-fondations\">https:\/\/www.nbb.be\/fr\/centrale-des-bilans\/etablir\/modeles\/modeles-pour-associations-et-fondations<\/a><\/p>\n<p>Site du SPF Finances pour la d\u00e9claration de patrimoine et les imp\u00f4ts\u00a0: <a href=\"https:\/\/finances.belgium.be\/fr\/asbl\/impots_et_tva\/declaration-asbl-impot-des-personnes-morales\">https:\/\/finances.belgium.be\/fr\/asbl\/impots_et_tva\/declaration-asbl-impot-des-personnes-morales<\/a><\/p>\n<p><a href=\"https:\/\/finances.belgium.be\/fr\/asbl\/impots-et-tva\/taxe-annuelle-sur-les-asbl\">https:\/\/finances.belgium.be\/fr\/asbl\/impots-et-tva\/taxe-annuelle-sur-les-asbl<\/a><\/p>\n<p>\u00a0<\/p>\n<p><a href=\"#_ftnref1\" name=\"_ftn1\">[1]<\/a> Art 1\u00a0:28, \u00a72, CSA.<\/p>\n<p><a href=\"#_ftnref2\" name=\"_ftn2\">[2]<\/a> Art 1\u00a0:28, \u00a75, CSA\u00a0; M. DAVAGLE, Memento des ASBL 2019, Kluwer, n\u00b01515 et suivants.<\/p>\n<p><a href=\"#_ftnref3\" name=\"_ftn3\">[3]<\/a> Art 1\u00a0:28, \u00a75, CSA\u00a0; M. DAVAGLE, Memento des ASBL 2019, Kluwer, n\u00b01517 et suivants.<\/p>\n<p><a href=\"#_ftnref4\" name=\"_ftn4\">[4]<\/a> Art 1 :28, \u00a75, CSA ; M. DAVAGLE, Memento des ASBL 2019, Kluwer, n\u00b01521 et suivants.<\/p>    <\/div>\n<\/div>\n<!-- \/module text -->\t        <\/div>\n\t    \t<\/div>\n\t\t    <\/div>\n\t    <!-- \/row_inner -->\n\t<\/div>\n\t<!-- \/module_row -->\n\t\t<!-- module_row -->\n\t<div  data-lazy=\"1\" class=\"module_row themify_builder_row tb_957x457 tf_clearfix\">\n\t    \t\t<div class=\"row_inner col_align_top col-count-1 tf_box tf_w tf_rel\">\n\t\t\t<div  data-lazy=\"1\" class=\"module_column tb-column col-full first tb_pdge458 tf_box\">\n\t\t\t    \t        <div class=\"tb-column-inner tf_box tf_w\">\n\t\t    <!-- module image -->\n<div  class=\"module module-image tb_ddb0290   image-top tf_mw\" data-lazy=\"1\">\n        <div class=\"image-wrap tf_rel tf_mw\">\n\t\t    <img loading=\"lazy\" decoding=\"async\" width=\"1396\" height=\"988\" src=\"https:\/\/www.fileasbl.be\/membres\/wp-content\/uploads\/2020\/05\/Comptabilite-schema-2024-08-27.png\" class=\"wp-post-image wp-image-32678\" title=\"Comptabilit\u00e9-sch\u00e9ma-2024-08-27\" alt=\"Comptabilit\u00e9-sch\u00e9ma-2024-08-27\" srcset=\"https:\/\/www.fileasbl.be\/membres\/wp-content\/uploads\/2020\/05\/Comptabilite-schema-2024-08-27.png 1396w, https:\/\/www.fileasbl.be\/membres\/wp-content\/uploads\/2020\/05\/Comptabilite-schema-2024-08-27-300x212.png 300w, https:\/\/www.fileasbl.be\/membres\/wp-content\/uploads\/2020\/05\/Comptabilite-schema-2024-08-27-1024x725.png 1024w, https:\/\/www.fileasbl.be\/membres\/wp-content\/uploads\/2020\/05\/Comptabilite-schema-2024-08-27-768x544.png 768w, https:\/\/www.fileasbl.be\/membres\/wp-content\/uploads\/2020\/05\/Comptabilite-schema-2024-08-27-400x283.png 400w\" sizes=\"auto, (max-width: 1396px) 100vw, 1396px\" \/>\t\n\t\t<\/div>\n\t<!-- \/image-wrap -->\n    \n    \t<\/div>\n<!-- \/module image -->\t        <\/div>\n\t    \t<\/div>\n\t\t    <\/div>\n\t    <!-- \/row_inner -->\n\t<\/div>\n\t<!-- \/module_row -->\n\t<\/div>\n<!--\/themify_builder_content-->","protected":false},"excerpt":{"rendered":"<p>Mise \u00e0 jour du 19 mai 2020 &#8211; Obligations comptables des ASBL selon le Code des Soci\u00e9t\u00e9s et des Associations et son AR d\u2019ex\u00e9cution.<\/p>\n","protected":false},"author":2,"featured_media":0,"comment_status":"open","ping_status":"open","sticky":false,"template":"","format":"standard","meta":{"footnotes":""},"categories":[241,235,288,231,299],"tags":[],"class_list":["post-13283","post","type-post","status-publish","format-standard","hentry","category-asbl","category-bien-etre-au-travail","category-conge-parental","category-conges","category-notes-juridiques","has-post-title","has-post-date","has-post-category","has-post-tag","has-post-comment","has-post-author",""],"yoast_head":"<!-- This site is optimized with the Yoast SEO plugin v27.5 - https:\/\/yoast.com\/product\/yoast-seo-wordpress\/ -->\n<title>Obligations comptables des ASBL - Site de la FILE<\/title>\n<meta name=\"robots\" content=\"index, follow, max-snippet:-1, max-image-preview:large, max-video-preview:-1\" \/>\n<link rel=\"canonical\" href=\"https:\/\/www.fileasbl.be\/membres\/obligations-comptables-des-asbl\/\" \/>\n<meta property=\"og:locale\" content=\"fr_FR\" \/>\n<meta property=\"og:type\" content=\"article\" \/>\n<meta property=\"og:title\" content=\"Obligations comptables des ASBL - Site de la FILE\" \/>\n<meta property=\"og:description\" content=\"Mise \u00e0 jour du 19 mai 2020 - Obligations comptables des ASBL selon le Code des Soci\u00e9t\u00e9s et des Associations et son AR d\u2019ex\u00e9cution.\" \/>\n<meta property=\"og:url\" content=\"https:\/\/www.fileasbl.be\/membres\/obligations-comptables-des-asbl\/\" \/>\n<meta property=\"og:site_name\" content=\"Site de la FILE\" \/>\n<meta property=\"article:publisher\" content=\"https:\/\/www.facebook.com\/fileasbl\/\" \/>\n<meta property=\"article:published_time\" content=\"2020-05-19T11:57:56+00:00\" \/>\n<meta property=\"article:modified_time\" content=\"2025-09-01T14:35:53+00:00\" \/>\n<meta name=\"author\" content=\"Contact FILE\" \/>\n<meta name=\"twitter:card\" content=\"summary_large_image\" \/>\n<meta name=\"twitter:label1\" content=\"\u00c9crit par\" \/>\n\t<meta name=\"twitter:data1\" content=\"Contact FILE\" \/>\n\t<meta name=\"twitter:label2\" content=\"Dur\u00e9e de lecture estim\u00e9e\" \/>\n\t<meta name=\"twitter:data2\" content=\"10 minutes\" \/>\n<script type=\"application\/ld+json\" class=\"yoast-schema-graph\">{\"@context\":\"https:\\\/\\\/schema.org\",\"@graph\":[{\"@type\":\"Article\",\"@id\":\"https:\\\/\\\/www.fileasbl.be\\\/membres\\\/obligations-comptables-des-asbl\\\/#article\",\"isPartOf\":{\"@id\":\"https:\\\/\\\/www.fileasbl.be\\\/membres\\\/obligations-comptables-des-asbl\\\/\"},\"author\":{\"name\":\"Contact FILE\",\"@id\":\"https:\\\/\\\/www.fileasbl.be\\\/membres\\\/#\\\/schema\\\/person\\\/5954a0c68c3a6f92f805465caa00d25f\"},\"headline\":\"Obligations comptables des ASBL\",\"datePublished\":\"2020-05-19T11:57:56+00:00\",\"dateModified\":\"2025-09-01T14:35:53+00:00\",\"mainEntityOfPage\":{\"@id\":\"https:\\\/\\\/www.fileasbl.be\\\/membres\\\/obligations-comptables-des-asbl\\\/\"},\"wordCount\":1964,\"commentCount\":0,\"image\":{\"@id\":\"https:\\\/\\\/www.fileasbl.be\\\/membres\\\/obligations-comptables-des-asbl\\\/#primaryimage\"},\"thumbnailUrl\":\"http:\\\/\\\/www.fileasbl.be\\\/membres\\\/wp-content\\\/uploads\\\/2020\\\/05\\\/Bandeau-article-800-150-compta-asbl.jpg\",\"articleSection\":[\"ASBL\",\"Bien \u00eatre au travail\",\"Cong\u00e9 parental\",\"Cong\u00e9s\",\"Notes juridiques\"],\"inLanguage\":\"fr-FR\",\"potentialAction\":[{\"@type\":\"CommentAction\",\"name\":\"Comment\",\"target\":[\"https:\\\/\\\/www.fileasbl.be\\\/membres\\\/obligations-comptables-des-asbl\\\/#respond\"]}]},{\"@type\":\"WebPage\",\"@id\":\"https:\\\/\\\/www.fileasbl.be\\\/membres\\\/obligations-comptables-des-asbl\\\/\",\"url\":\"https:\\\/\\\/www.fileasbl.be\\\/membres\\\/obligations-comptables-des-asbl\\\/\",\"name\":\"Obligations comptables des ASBL - Site de la FILE\",\"isPartOf\":{\"@id\":\"https:\\\/\\\/www.fileasbl.be\\\/membres\\\/#website\"},\"primaryImageOfPage\":{\"@id\":\"https:\\\/\\\/www.fileasbl.be\\\/membres\\\/obligations-comptables-des-asbl\\\/#primaryimage\"},\"image\":{\"@id\":\"https:\\\/\\\/www.fileasbl.be\\\/membres\\\/obligations-comptables-des-asbl\\\/#primaryimage\"},\"thumbnailUrl\":\"http:\\\/\\\/www.fileasbl.be\\\/membres\\\/wp-content\\\/uploads\\\/2020\\\/05\\\/Bandeau-article-800-150-compta-asbl.jpg\",\"datePublished\":\"2020-05-19T11:57:56+00:00\",\"dateModified\":\"2025-09-01T14:35:53+00:00\",\"author\":{\"@id\":\"https:\\\/\\\/www.fileasbl.be\\\/membres\\\/#\\\/schema\\\/person\\\/5954a0c68c3a6f92f805465caa00d25f\"},\"breadcrumb\":{\"@id\":\"https:\\\/\\\/www.fileasbl.be\\\/membres\\\/obligations-comptables-des-asbl\\\/#breadcrumb\"},\"inLanguage\":\"fr-FR\",\"potentialAction\":[{\"@type\":\"ReadAction\",\"target\":[\"https:\\\/\\\/www.fileasbl.be\\\/membres\\\/obligations-comptables-des-asbl\\\/\"]}]},{\"@type\":\"ImageObject\",\"inLanguage\":\"fr-FR\",\"@id\":\"https:\\\/\\\/www.fileasbl.be\\\/membres\\\/obligations-comptables-des-asbl\\\/#primaryimage\",\"url\":\"http:\\\/\\\/www.fileasbl.be\\\/membres\\\/wp-content\\\/uploads\\\/2020\\\/05\\\/Bandeau-article-800-150-compta-asbl.jpg\",\"contentUrl\":\"http:\\\/\\\/www.fileasbl.be\\\/membres\\\/wp-content\\\/uploads\\\/2020\\\/05\\\/Bandeau-article-800-150-compta-asbl.jpg\"},{\"@type\":\"BreadcrumbList\",\"@id\":\"https:\\\/\\\/www.fileasbl.be\\\/membres\\\/obligations-comptables-des-asbl\\\/#breadcrumb\",\"itemListElement\":[{\"@type\":\"ListItem\",\"position\":1,\"name\":\"Accueil\",\"item\":\"https:\\\/\\\/www.fileasbl.be\\\/membres\\\/\"},{\"@type\":\"ListItem\",\"position\":2,\"name\":\"Obligations comptables des ASBL\"}]},{\"@type\":\"WebSite\",\"@id\":\"https:\\\/\\\/www.fileasbl.be\\\/membres\\\/#website\",\"url\":\"https:\\\/\\\/www.fileasbl.be\\\/membres\\\/\",\"name\":\"Site de la FILE\",\"description\":\"FILE Un accueil de qualit\u00e9 accessible \u00e0 tous\",\"potentialAction\":[{\"@type\":\"SearchAction\",\"target\":{\"@type\":\"EntryPoint\",\"urlTemplate\":\"https:\\\/\\\/www.fileasbl.be\\\/membres\\\/?s={search_term_string}\"},\"query-input\":{\"@type\":\"PropertyValueSpecification\",\"valueRequired\":true,\"valueName\":\"search_term_string\"}}],\"inLanguage\":\"fr-FR\"},{\"@type\":\"Person\",\"@id\":\"https:\\\/\\\/www.fileasbl.be\\\/membres\\\/#\\\/schema\\\/person\\\/5954a0c68c3a6f92f805465caa00d25f\",\"name\":\"Contact FILE\",\"url\":\"https:\\\/\\\/www.fileasbl.be\\\/membres\\\/author\\\/contactfile\\\/\"}]}<\/script>\n<!-- \/ Yoast SEO plugin. -->","yoast_head_json":{"title":"Obligations comptables des ASBL - Site de la FILE","robots":{"index":"index","follow":"follow","max-snippet":"max-snippet:-1","max-image-preview":"max-image-preview:large","max-video-preview":"max-video-preview:-1"},"canonical":"https:\/\/www.fileasbl.be\/membres\/obligations-comptables-des-asbl\/","og_locale":"fr_FR","og_type":"article","og_title":"Obligations comptables des ASBL - Site de la FILE","og_description":"Mise \u00e0 jour du 19 mai 2020 - Obligations comptables des ASBL selon le Code des Soci\u00e9t\u00e9s et des Associations et son AR d\u2019ex\u00e9cution.","og_url":"https:\/\/www.fileasbl.be\/membres\/obligations-comptables-des-asbl\/","og_site_name":"Site de la FILE","article_publisher":"https:\/\/www.facebook.com\/fileasbl\/","article_published_time":"2020-05-19T11:57:56+00:00","article_modified_time":"2025-09-01T14:35:53+00:00","author":"Contact FILE","twitter_card":"summary_large_image","twitter_misc":{"\u00c9crit par":"Contact FILE","Dur\u00e9e de lecture estim\u00e9e":"10 minutes"},"schema":{"@context":"https:\/\/schema.org","@graph":[{"@type":"Article","@id":"https:\/\/www.fileasbl.be\/membres\/obligations-comptables-des-asbl\/#article","isPartOf":{"@id":"https:\/\/www.fileasbl.be\/membres\/obligations-comptables-des-asbl\/"},"author":{"name":"Contact FILE","@id":"https:\/\/www.fileasbl.be\/membres\/#\/schema\/person\/5954a0c68c3a6f92f805465caa00d25f"},"headline":"Obligations comptables des ASBL","datePublished":"2020-05-19T11:57:56+00:00","dateModified":"2025-09-01T14:35:53+00:00","mainEntityOfPage":{"@id":"https:\/\/www.fileasbl.be\/membres\/obligations-comptables-des-asbl\/"},"wordCount":1964,"commentCount":0,"image":{"@id":"https:\/\/www.fileasbl.be\/membres\/obligations-comptables-des-asbl\/#primaryimage"},"thumbnailUrl":"http:\/\/www.fileasbl.be\/membres\/wp-content\/uploads\/2020\/05\/Bandeau-article-800-150-compta-asbl.jpg","articleSection":["ASBL","Bien \u00eatre au travail","Cong\u00e9 parental","Cong\u00e9s","Notes juridiques"],"inLanguage":"fr-FR","potentialAction":[{"@type":"CommentAction","name":"Comment","target":["https:\/\/www.fileasbl.be\/membres\/obligations-comptables-des-asbl\/#respond"]}]},{"@type":"WebPage","@id":"https:\/\/www.fileasbl.be\/membres\/obligations-comptables-des-asbl\/","url":"https:\/\/www.fileasbl.be\/membres\/obligations-comptables-des-asbl\/","name":"Obligations comptables des ASBL - Site de la FILE","isPartOf":{"@id":"https:\/\/www.fileasbl.be\/membres\/#website"},"primaryImageOfPage":{"@id":"https:\/\/www.fileasbl.be\/membres\/obligations-comptables-des-asbl\/#primaryimage"},"image":{"@id":"https:\/\/www.fileasbl.be\/membres\/obligations-comptables-des-asbl\/#primaryimage"},"thumbnailUrl":"http:\/\/www.fileasbl.be\/membres\/wp-content\/uploads\/2020\/05\/Bandeau-article-800-150-compta-asbl.jpg","datePublished":"2020-05-19T11:57:56+00:00","dateModified":"2025-09-01T14:35:53+00:00","author":{"@id":"https:\/\/www.fileasbl.be\/membres\/#\/schema\/person\/5954a0c68c3a6f92f805465caa00d25f"},"breadcrumb":{"@id":"https:\/\/www.fileasbl.be\/membres\/obligations-comptables-des-asbl\/#breadcrumb"},"inLanguage":"fr-FR","potentialAction":[{"@type":"ReadAction","target":["https:\/\/www.fileasbl.be\/membres\/obligations-comptables-des-asbl\/"]}]},{"@type":"ImageObject","inLanguage":"fr-FR","@id":"https:\/\/www.fileasbl.be\/membres\/obligations-comptables-des-asbl\/#primaryimage","url":"http:\/\/www.fileasbl.be\/membres\/wp-content\/uploads\/2020\/05\/Bandeau-article-800-150-compta-asbl.jpg","contentUrl":"http:\/\/www.fileasbl.be\/membres\/wp-content\/uploads\/2020\/05\/Bandeau-article-800-150-compta-asbl.jpg"},{"@type":"BreadcrumbList","@id":"https:\/\/www.fileasbl.be\/membres\/obligations-comptables-des-asbl\/#breadcrumb","itemListElement":[{"@type":"ListItem","position":1,"name":"Accueil","item":"https:\/\/www.fileasbl.be\/membres\/"},{"@type":"ListItem","position":2,"name":"Obligations comptables des ASBL"}]},{"@type":"WebSite","@id":"https:\/\/www.fileasbl.be\/membres\/#website","url":"https:\/\/www.fileasbl.be\/membres\/","name":"Site de la FILE","description":"FILE Un accueil de qualit\u00e9 accessible \u00e0 tous","potentialAction":[{"@type":"SearchAction","target":{"@type":"EntryPoint","urlTemplate":"https:\/\/www.fileasbl.be\/membres\/?s={search_term_string}"},"query-input":{"@type":"PropertyValueSpecification","valueRequired":true,"valueName":"search_term_string"}}],"inLanguage":"fr-FR"},{"@type":"Person","@id":"https:\/\/www.fileasbl.be\/membres\/#\/schema\/person\/5954a0c68c3a6f92f805465caa00d25f","name":"Contact FILE","url":"https:\/\/www.fileasbl.be\/membres\/author\/contactfile\/"}]}},"builder_content":"<img src=\"http:\/\/www.fileasbl.be\/membres\/wp-content\/uploads\/2020\/05\/Bandeau-article-800-150-compta-asbl.jpg\" title=\"Obligations comptables des ASBL\" alt=\"Obligations comptables des ASBL\">\n<h4 style=\"text-align: right;\"><strong>Mise \u00e0 jour du 10 septembre 2024<\/strong><\/h4> <p>\u00a0<\/p> <h1>Obligations comptables des ASBL selon le Code des Soci\u00e9t\u00e9s et des Associations (CSA) et son AR d\u2019ex\u00e9cution<\/h1> <h3>Pr\u00e9ambule<\/h3> <p>Cette ann\u00e9e 2020 voit l\u2019application pour la 1<sup>\u00e8re<\/sup> fois des nouvelles r\u00e8gles comptables prescrites par le CSA , notamment pour les ASBL.<\/p> <p>Cet article a pour but de faire un r\u00e9sum\u00e9 des (nouvelles) obligations comptables uniquement pour les ASBL, sans entrer dans le d\u00e9tail des proc\u00e9d\u00e9s comptables.<\/p>\n<h2 style=\"text-align: center;\">Personne de contact<\/h2> <p style=\"text-align: center;\">Carine Delr\u00e9e, Aurore Destr\u00e9e et Isaline De Plaen,<\/p> <p style=\"text-align: center;\">Conseill\u00e8res juridiques<\/p> <p style=\"text-align: center;\">juridique(at)fileasbl.be<\/p> <p style=\"text-align: center;\">+32 10 22 52 02<\/p>\n<h2>Acc\u00e8s r\u00e9serv\u00e9 aux membres<\/h2>\n<p>Le CSA <a href=\"#_ftn1\" name=\"_ftnref1\">[1]<\/a> ainsi que son Arr\u00eat\u00e9 royal d\u2019ex\u00e9cution <a href=\"#_ftn2\" name=\"_ftnref2\">[2]<\/a> ont modifi\u00e9 et complexifi\u00e9 la mani\u00e8re de classer les ASBL en tailles diff\u00e9rentes. Les montants utiles pour cette classification ont \u00e9t\u00e9 modifi\u00e9s par la Loi du 27 mars 2024.\u00a0<\/p> <p>\u00a0<\/p> <p>Pr\u00e9c\u00e9demment, dans la loi de 1921 telle que modifi\u00e9e en 2002, il y avait 3 cat\u00e9gories bien claires<a href=\"#_ftn3\" name=\"_ftnref3\">[3]<\/a>\u00a0: les petites, les grandes et les tr\u00e8s grandes ASBL et \u00e0 chaque cat\u00e9gorie correspondait un sch\u00e9ma comptable \u00e0 appliquer.<\/p> <p>\u00a0<\/p> <p>Avec le CSA, ces distinctions ont \u00e9t\u00e9 remplac\u00e9es par d\u2019autres crit\u00e8res et les sch\u00e9mas comptables ne sont plus n\u00e9cessairement li\u00e9s aux cat\u00e9gories d\u2019ASBL\u00a0: le CSA ne parle en effet que de 2 cat\u00e9gories\u00a0: les \u00ab\u00a0ASBL\u00a0\u00bb et les \u00ab\u00a0petites ASBL\u00a0\u00bb<\/p> <p>Nous allons essayer de sch\u00e9matiser ces nouvelles r\u00e8gles avec les nouveaux crit\u00e8res afin de vous permettre d\u2019y voir plus clair. Pour ce faire, nous allons expliquer les r\u00e8gles comptables d\u2019abord pour la plus petite structure et puis graduellement jusqu\u2019\u00e0 la plus grande ASBL.<\/p> <p>Pour des pr\u00e9cisions sur la d\u00e9finition et le mode de calcul des crit\u00e8res distinctifs, nous vous renvoyons en fin de cet article.<\/p> <p><a href=\"#_ftnref1\" name=\"_ftn1\">[1]<\/a> Code des Soci\u00e9t\u00e9s et des Associations du 23 mars 2019, MB 4-04-2019.<\/p> <p><a href=\"#_ftnref2\" name=\"_ftn2\">[2]<\/a> AR 29 avril 2019 portant ex\u00e9cution du Code des Soci\u00e9t\u00e9s et des Associations, MB 30-04-2019.<\/p> <p><a href=\"#_ftnref3\" name=\"_ftn3\">[3]<\/a> Art 17, L. 27-06-1921 telle que modifi\u00e9e par la L. 2-05-2002 sur les associations sans but lucratif, les associations internationales sans but lucratif et les fondations, MB 18-10-2002.<\/p>\n<ul><li><h4>R\u00e8gles applicables pour toutes les ASBL<\/h4><p><a href=\"https:\/\/www.nbb.be\/fr\/centrale-des-bilans\/je-dois-deposer-pour\/une-association-fondation-ou-mutualite#_associations-fondations-mutualite-standard\"><u>https:\/\/www.nbb.be\/fr\/centrale-des-bilans\/je-dois-deposer-pour\/une-association-fondation-ou-mutualite#_associations-fondations-mutualite-standard<\/u><\/a>\u00a0<\/p> <p>Pour toutes les ASBL, quelle que soit leur taille, le Conseil d\u2019administration doit \u00e9tablir chaque ann\u00e9e des <strong>comptes annuels ainsi qu\u2019un inventaire<\/strong><a href=\"#_ftn1\" name=\"_ftnref1\">[1]<\/a>. Les comptes annuels et le budget pour l\u2019ann\u00e9e qui suit doivent \u00eatre soumis pour <strong>approbation \u00e0 l\u2019Assembl\u00e9e g\u00e9n\u00e9rale<\/strong> dans les 6 mois de la date de cl\u00f4ture de l\u2019exercice social. La forme et le contenu des comptes sont d\u00e9finis par Arr\u00eat\u00e9 royal et d\u00e9pendent de la taille de l\u2019ASBL.<\/p> <p>Toutes les ASBL doivent \u00e9galement <strong>d\u00e9poser leurs comptes dans leur dossier au greffe<\/strong> du tribunal de l\u2019entreprise<a href=\"#_ftn2\" name=\"_ftnref2\">[2]<\/a>, m\u00eame s\u2019il y a souvent en plus une obligation de d\u00e9p\u00f4t des comptes \u00e0 la Banque Nationale de Belgique (BNB).<\/p> <p>Si seules les \u00ab\u00a0grandes ASBL\u00a0\u00bb doivent obligatoirement r\u00e9diger <strong>un rapport de gestion<\/strong>, il peut \u00eatre utile pour les autres ASBL d\u2019\u00e9galement r\u00e9diger un tel rapport explicatif des comptes, quitte \u00e0 le rendre obligatoire dans une clause statutaire<a href=\"#_ftn3\" name=\"_ftnref3\">[3]<\/a>.<\/p> <p><a href=\"#_ftnref1\" name=\"_ftn1\">[1]<\/a> Art 3\u00a0:47, CSA.<\/p> <p><a href=\"#_ftnref2\" name=\"_ftn2\">[2]<\/a> Art 2\u00a0:9, CSA.<\/p> <p><a href=\"#_ftnref3\" name=\"_ftn3\">[3]<\/a> Davagle, M., Memento des ASBL 2019, ed Kluwer, n\u00b01593.<\/p><\/li><li><h4>Les \u00ab tr\u00e8s petites ASBL \u00bb - possibilit\u00e9 d\u2019une comptabilit\u00e9 simplifi\u00e9e<\/h4><p>Les \u00ab\u00a0tr\u00e8s petites ASBL\u00a0\u00bb sont des ASBL <strong>qui ne d\u00e9passent pas plus d\u2019un des crit\u00e8res suivants <\/strong>\u00e0 la date du bilan du dernier exercice cl\u00f4tur\u00e9\u00a0:<\/p> <ul> <li>5 ETP en moyenne annuelle<\/li> <li>391 000 \u20ac de recettes r\u00e9currentes (HTVA)<\/li> <li>1 562 000 \u20ac total des avoirs<\/li> <li>1 562 000 \u20ac total des dettes<\/li> <\/ul> <p>Ces \u00ab\u00a0tr\u00e8s petites ASBL\u00a0\u00bb peuvent \u00e9tablir leurs comptes annuels conform\u00e9ment \u00e0 un mod\u00e8le simplifi\u00e9 tel que pr\u00e9vu dans l\u2019AR CSA en son <a href=\"http:\/\/www.fileasbl.be\/membres\/wp-content\/uploads\/2020\/05\/Comptabilit\u00e9-simplifi\u00e9e-annexe-8-AR-CSA.docx\" target=\"_blank\" rel=\"noopener\">annexe 8<\/a>.<\/p> <p>Cette comptabilit\u00e9 simplifi\u00e9e porte au minimum sur les mouvements des disponibilit\u00e9s en esp\u00e8ces et en compte selon le mod\u00e8le impos\u00e9 par l<a href=\"http:\/\/www.fileasbl.be\/membres\/wp-content\/uploads\/2020\/05\/Comptabilit\u00e9-simplifi\u00e9e-annexe-2-AR-2018-10-21.png\" target=\"_blank\" rel=\"noopener\">\u2019annexe 2<\/a> de l\u2019AR du 21-10-2018<a href=\"#_ftn1\" name=\"_ftnref1\">[1]<\/a>.<\/p> <p>La tenue d\u2019une comptabilit\u00e9 simplifi\u00e9e n\u2019est pas syst\u00e9matique, la r\u00e8gle g\u00e9n\u00e9rale \u00e9tant la comptabilit\u00e9 en partie double. Les \u00ab\u00a0tr\u00e8s petites ASBL\u00a0\u00bb devront donc faire ce choix et pourront le remettre en question chaque ann\u00e9e.<\/p> <p>D\u00e8s l\u2019instant o\u00f9 les \u00ab\u00a0tr\u00e8s petites ASBL\u00a0\u00bb optent pour une comptabilit\u00e9 en partie double, elles devront pr\u00e9senter leurs comptes selon le sch\u00e9ma abr\u00e9g\u00e9 ou le micro-sch\u00e9ma (voir ci-dessous).<\/p> <p>Les \u00ab\u00a0tr\u00e8s petites ASBL\u00a0\u00bb qui optent pour une comptabilit\u00e9 simplifi\u00e9e ne doivent pas d\u00e9poser leurs comptes \u00e0 la BNB mais bien uniquement dans leur <strong>dossier aupr\u00e8s du greffe du tribunal de l\u2019entreprise<\/strong><a href=\"#_ftn2\" name=\"_ftnref2\">[2]<\/a><strong>.<\/strong><\/p> <p><a href=\"#_ftnref1\" name=\"_ftn1\">[1]<\/a> AR du 21-10-2018 portant ex\u00e9cution des articles III.82 A III.95 du code de droit Economique, MB 29-10-2018.<\/p> <p><a href=\"#_ftnref2\" name=\"_ftn2\">[2]<\/a> Art 2\u00a0:9, \u00a71, 8\u00b0, CSA.<\/p><\/li><li><h4>Les \u00ab micro-ASBL \u00bb - possibilit\u00e9 d\u2019utiliser un micro-sch\u00e9ma <\/h4><p>Les \u00ab\u00a0micro-ASBL\u00a0\u00bb sont des petites ASBL qui, \u00e0 la date du bilan du dernier exercice cl\u00f4tur\u00e9, <strong>ne d\u00e9passent pas plus d\u2019un des crit\u00e8res suivants<\/strong>\u00a0:<\/p> <ul> <li>10 ETP en moyenne annuelle<\/li> <li>900 000 \u20ac de chiffre d\u2019affaire annuel (HTVA)<\/li> <li>450 000 \u20ac au total du bilan<\/li> <\/ul> <p>Ces \u00ab\u00a0micro-ASBL\u00a0\u00bb doivent tenir leur comptabilit\u00e9 en partie double mais peuvent \u00e9tablir leur bilan et leur compte de r\u00e9sultats selon un <strong>micro-sch\u00e9ma<\/strong><a href=\"#_ftn1\" name=\"_ftnref1\">[1]<\/a> repris \u00e0 l\u2019annexe 7 de l\u2019AR CSA. Un mod\u00e8le de micro-sch\u00e9ma est disponible sur le site de la BNB.\u00a0<\/p> <p>Les comptes des \u00ab\u00a0micro-ASBL\u00a0\u00bb doivent \u00eatre d\u00e9pos\u00e9es \u00e0 la BNB ainsi que dans leur dossier aupr\u00e8s du greffe du tribunal de l\u2019entreprise.<\/p> <p><a href=\"#_ftnref1\" name=\"_ftn1\">[1]<\/a> Art 3\u00a0:47, \u00a74, CSA.<\/p><\/li><li><h4>Les \u00ab petites ASBL \u00bb - possibilit\u00e9 d\u2019utiliser un sch\u00e9ma abr\u00e9g\u00e9 <\/h4><p>Les \u00ab\u00a0petites ASBL\u00a0\u00bb sont les ASBL qui, \u00e0 la date du bilan du dernier exercice cl\u00f4tur\u00e9, <strong>ne d\u00e9passent pas plus d\u2019un des crit\u00e8res suivants<\/strong>\u00a0:<\/p> <ul> <li>50 ETP en moyenne annuelle<\/li> <li>11 250 000 \u20ac de chiffre d\u2019affaire annuel (HTVA)<\/li> <li>6 000 000 \u20ac au total du bilan<\/li> <\/ul> <p>Ces \u00ab\u00a0petites ASBL\u00a0\u00bb doivent tenir leur comptabilit\u00e9 en partie double mais peuvent \u00e9tablir leur bilan et leur compte de r\u00e9sultats selon un <a href=\"http:\/\/www.fileasbl.be\/membres\/wp-content\/uploads\/2020\/05\/Comptes-mod\u00e8le-abr\u00e9g\u00e9-BNB-2019.pdf\" target=\"_blank\" rel=\"noopener\"><strong>sch\u00e9ma abr\u00e9g\u00e9<\/strong><\/a><a href=\"#_ftn1\" name=\"_ftnref1\">[1]<\/a> .<\/p> <p>Les comptes des \u00ab\u00a0petites-ASBL\u00a0\u00bb doivent \u00eatre d\u00e9pos\u00e9es \u00e0 la BNB ainsi que dans le dossier aupr\u00e8s du greffe du tribunal de l\u2019entreprise.<\/p> <p><a href=\"#_ftnref1\" name=\"_ftn1\">[1]<\/a> Art 3\u00a0:47, \u00a73, CSA.<\/p><\/li><li><h4>Les \u00ab grandes ASBL \u00bb - sch\u00e9ma complet, commissaire et rapport de gestion<\/h4><p>Les \u00ab\u00a0grandes ASBL\u00a0\u00bb sont les ASBL qui, \u00e0 la date du bilan du dernier exercice cl\u00f4tur\u00e9, <strong>d\u00e9passent au moins 2 des crit\u00e8res suivants<\/strong>\u00a0:<\/p> <ul> <li>50 ETP en moyenne annuelle<\/li> <li>11 250 000 \u20ac de chiffre d\u2019affaire annuel (HTVA)<\/li> <li>6 000 000 \u20ac au total du bilan<\/li> <\/ul> <p>Ces \u00ab\u00a0grandes ASBL\u00a0\u00bb doivent tenir leur comptabilit\u00e9 en partie double et \u00e9tablir leurs comptes annuels selon le <strong>sch\u00e9ma complet<\/strong> pr\u00e9vu \u00e0 l\u2019annexe 6 de l\u2019AR CSA.<\/p> <p>Elles sont tenues de confier le contr\u00f4le de la situation financi\u00e8re, des comptes annuels et de la r\u00e9gularit\u00e9 au regard de la loi et des statuts, des op\u00e9rations devant \u00eatre constat\u00e9es dans les comptes annuels \u00e0 <strong>un ou plusieurs commissaires<\/strong><a href=\"#_ftn1\" name=\"_ftnref1\">[1]<\/a>. Ce(s) commissaire(s) doivent \u00eatre nomm\u00e9s par l\u2019Assembl\u00e9e g\u00e9n\u00e9rale parmi les membres, personnes physiques ou morales, de l\u2019Institut des r\u00e9viseurs d\u2019entreprise.<\/p> <p>Le Conseil d\u2019administration des \u00ab\u00a0grandes ASBL\u00a0\u00bb est \u00e9galement tenu de r\u00e9diger un rapport dans lequel il rend compte de sa gestion<a href=\"#_ftn2\" name=\"_ftnref2\">[2]<\/a>. Ce <strong>rapport de gestion<\/strong> doit comporter notamment\u00a0:<\/p> <p>- un expos\u00e9 fid\u00e8le sur l\u2019\u00e9volution et les r\u00e9sultats des activit\u00e9s et sur la situation de l\u2019association\u00a0;<\/p> <p>- une description des principaux risques et incertitudes auxquels l\u2019ASBL doit\/peut faire face\u00a0;<\/p> <p>- des donn\u00e9es sur les \u00e9v\u00e9nements importants survenus apr\u00e8s la cl\u00f4ture de l\u2019exercice\u00a0;<\/p> <p>- des indications sur les circonstances susceptibles d\u2019avoir une influence notable sur le d\u00e9veloppement de l\u2019association\u00a0;<\/p> <p>- au cas o\u00f9 le bilan fait appara\u00eetre une perte report\u00e9e ou le compte de r\u00e9sultats fait appara\u00eetre pendant 2 exercices successifs une perte de l\u2019exercice, une justification de l\u2019application des r\u00e8gles comptables de continuit\u00e9\u00a0;<\/p> <p>- \u2026<a href=\"#_ftn3\" name=\"_ftnref3\">[3]<\/a><\/p> <p>Les comptes des \u00ab\u00a0grandes ASBL\u00a0\u00bb doivent \u00eatre d\u00e9pos\u00e9es \u00e0 la BNB ainsi que dans le dossier aupr\u00e8s du greffe du tribunal de l\u2019entreprise.<\/p> <p><a href=\"#_ftnref1\" name=\"_ftn1\">[1]<\/a> Art 3\u00a0:47, \u00a76, CSA.<\/p> <p><a href=\"#_ftnref2\" name=\"_ftn2\">[2]<\/a> Art 3\u00a0:48, CSA.<\/p> <p><a href=\"#_ftnref3\" name=\"_ftn3\">[3]<\/a> Art 3\u00a0:48, \u00a72, CSA.<\/p><\/li><\/ul>\n<img src=\"http:\/\/www.fileasbl.be\/membres\/wp-content\/uploads\/2020\/05\/sch\u00e9ma-file-asbl.png\" width=\"936\" height=\"596\" title=\"Obligations comptables des ASBL\" alt=\"Obligations comptables des ASBL\">\n<h2>Crit\u00e8res de classement<\/h2> <p>Le classement par taille des ASBL ainsi que les obligations comptables \u00e0 respecter sont fonction de diff\u00e9rents crit\u00e8res\u00a0: le nombre d\u2019\u00e9quivalent temps plein en moyenne annuelle, le chiffre d\u2019affaire, le total du bilan, \u2026. Ces crit\u00e8res sont d\u00e9finis par le CSA.<\/p> <p>Il est \u00e0 noter que le fait de d\u00e9passer ou de ne plus d\u00e9passer plus d\u2019un de ces crit\u00e8res n\u2019a d\u2019incidence que si cette circonstance se produit <strong>pendant 2 exercices cons\u00e9cutifs<\/strong><a href=\"#_ftn1\" name=\"_ftnref1\">[1]<\/a>. Dans ce cas, les cons\u00e9quences de ce d\u00e9passement s\u2019appliqueront \u00e0 partir de l\u2019exercice suivant l\u2019exercice au cours duquel, pour la 2<sup>\u00e8me<\/sup> fois, plus d\u2019un des crit\u00e8res ont \u00e9t\u00e9 d\u00e9pass\u00e9s ou ne sont plus d\u00e9pass\u00e9s.<\/p> <h3>Nombre moyen d\u2019\u00e9quivalent temps plein <a href=\"#_ftn2\" name=\"_ftnref2\">[2]<\/a><\/h3> <p>Les travailleurs qu\u2019il faut prendre en consid\u00e9ration sont <strong>tous les travailleurs qui font l\u2019objet d\u2019une DIMONA<\/strong> (y compris les stagiaires inscrits dans le registre du personnel). Le calcul doit se faire sur base de l\u2019ann\u00e9e de l\u2019exercice social (qui n\u2019est pas n\u00e9cessairement l\u2019ann\u00e9e civile).<\/p> <p>Le nombre moyen de travailleurs occup\u00e9s est exprim\u00e9 en \u00e9quivalent temps plein.<\/p> <p><u>Pour les travailleurs \u00e0 temps plein<\/u>\u00a0: On divise la somme des travailleurs \u00e0 temps plein d\u00e9clar\u00e9s \u00e0 la fin de chaque mois par le nombre de mois de l\u2019exercice social.<\/p> <p><u>Pour les travailleurs \u00e0 temps partiel<\/u>\u00a0: il faut diviser le nombre d\u2019heures effectu\u00e9es par les travailleurs \u00e0 temps partiel par la dur\u00e9e de travail du temps plein de r\u00e9f\u00e9rence. Cette op\u00e9ration doit se r\u00e9aliser \u00e0 la fin de chaque mois de l\u2019exercice comptable.<\/p> <h3>Total du chiffre d\u2019affaire ou des recettes <a href=\"#_ftn3\" name=\"_ftnref3\">[3]<\/a><\/h3> <p>Le terme \u00ab\u00a0recettes\u00a0\u00bb concerne les ASBL qui optent pour une comptabilit\u00e9 simplifi\u00e9e.<\/p> <p>Le chiffre d\u2019affaire (ou montant des recettes) comprend les produits d\u2019exploitation et financier, \u00e0 l\u2019exception des produits non r\u00e9currents (valeur totale hors TVA). Il reprend notamment les cotisations des membres ainsi que les subsides octroy\u00e9s par les pouvoirs publics.<\/p> <h3>Total du bilan <a href=\"#_ftn4\" name=\"_ftnref4\">[4]<\/a><\/h3> <p>Le total du bilan est la valeur comptable totale de l\u2019actif tel qu\u2019il appara\u00eet au sch\u00e9ma (micro, abr\u00e9g\u00e9 ou complet) du bilan. Le patrimoine de l\u2019ASBL est donc pris en compte pour \u00e9valuer le total de l\u2019actif.<\/p> <p>En ce qui concerne les tr\u00e8s petites ASBL qui tiennent une comptabilit\u00e9 simplifi\u00e9e, la notion de \u00ab\u00a0total du bilan\u00a0\u00bb est remplac\u00e9e par le \u00ab\u00a0total des avoirs\u00a0\u00bb et le \u00ab\u00a0total des dettes\u00a0\u00bb.<\/p> <h2>Pour conclure\u2026<\/h2> <p>Au-del\u00e0 des d\u00e9p\u00f4ts au greffe et souvent \u00e0 la BNB, les ASBL sont \u00e9galement soumises, sous certaines conditions, \u00e0 d\u00e9clarer annuellement leur patrimoine et \u00e0 entrer leur d\u00e9claration d\u2019imp\u00f4t personnes morales (IPM) ou d\u2019imp\u00f4t des soci\u00e9t\u00e9s (ISOC).<\/p> <p>\u00a0<\/p> <p>Cette mati\u00e8re est complexe et des sp\u00e9cialistes, vos comptables et\/ou experts-comptables, sont l\u00e0 pour r\u00e9pondre \u00e0 vos questions plus pr\u00e9cises.<\/p> <p>\u00a0<\/p> <h2>Pour plus d\u2019informations<\/h2> <p>Les mod\u00e8les des comptes annuels disponibles sur le site de la BNB\u00a0: <a href=\"https:\/\/www.nbb.be\/fr\/centrale-des-bilans\/etablir\/modeles\/modeles-pour-associations-et-fondations\">https:\/\/www.nbb.be\/fr\/centrale-des-bilans\/etablir\/modeles\/modeles-pour-associations-et-fondations<\/a><\/p> <p>Site du SPF Finances pour la d\u00e9claration de patrimoine et les imp\u00f4ts\u00a0: <a href=\"https:\/\/finances.belgium.be\/fr\/asbl\/impots_et_tva\/declaration-asbl-impot-des-personnes-morales\">https:\/\/finances.belgium.be\/fr\/asbl\/impots_et_tva\/declaration-asbl-impot-des-personnes-morales<\/a><\/p> <p><a href=\"https:\/\/finances.belgium.be\/fr\/asbl\/impots-et-tva\/taxe-annuelle-sur-les-asbl\">https:\/\/finances.belgium.be\/fr\/asbl\/impots-et-tva\/taxe-annuelle-sur-les-asbl<\/a><\/p> <p>\u00a0<\/p> <p><a href=\"#_ftnref1\" name=\"_ftn1\">[1]<\/a> Art 1\u00a0:28, \u00a72, CSA.<\/p> <p><a href=\"#_ftnref2\" name=\"_ftn2\">[2]<\/a> Art 1\u00a0:28, \u00a75, CSA\u00a0; M. DAVAGLE, Memento des ASBL 2019, Kluwer, n\u00b01515 et suivants.<\/p> <p><a href=\"#_ftnref3\" name=\"_ftn3\">[3]<\/a> Art 1\u00a0:28, \u00a75, CSA\u00a0; M. DAVAGLE, Memento des ASBL 2019, Kluwer, n\u00b01517 et suivants.<\/p> <p><a href=\"#_ftnref4\" name=\"_ftn4\">[4]<\/a> Art 1 :28, \u00a75, CSA ; M. DAVAGLE, Memento des ASBL 2019, Kluwer, n\u00b01521 et suivants.<\/p>\n<img loading=\"lazy\" decoding=\"async\" width=\"1396\" height=\"988\" src=\"https:\/\/www.fileasbl.be\/membres\/wp-content\/uploads\/2020\/05\/Comptabilite-schema-2024-08-27.png\" title=\"Comptabilit\u00e9-sch\u00e9ma-2024-08-27\" alt=\"Comptabilit\u00e9-sch\u00e9ma-2024-08-27\" srcset=\"https:\/\/www.fileasbl.be\/membres\/wp-content\/uploads\/2020\/05\/Comptabilite-schema-2024-08-27.png 1396w, https:\/\/www.fileasbl.be\/membres\/wp-content\/uploads\/2020\/05\/Comptabilite-schema-2024-08-27-300x212.png 300w, https:\/\/www.fileasbl.be\/membres\/wp-content\/uploads\/2020\/05\/Comptabilite-schema-2024-08-27-1024x725.png 1024w, https:\/\/www.fileasbl.be\/membres\/wp-content\/uploads\/2020\/05\/Comptabilite-schema-2024-08-27-768x544.png 768w, https:\/\/www.fileasbl.be\/membres\/wp-content\/uploads\/2020\/05\/Comptabilite-schema-2024-08-27-400x283.png 400w\" sizes=\"auto, (max-width: 1396px) 100vw, 1396px\" \/>","_links":{"self":[{"href":"https:\/\/www.fileasbl.be\/membres\/wp-json\/wp\/v2\/posts\/13283","targetHints":{"allow":["GET"]}}],"collection":[{"href":"https:\/\/www.fileasbl.be\/membres\/wp-json\/wp\/v2\/posts"}],"about":[{"href":"https:\/\/www.fileasbl.be\/membres\/wp-json\/wp\/v2\/types\/post"}],"author":[{"embeddable":true,"href":"https:\/\/www.fileasbl.be\/membres\/wp-json\/wp\/v2\/users\/2"}],"replies":[{"embeddable":true,"href":"https:\/\/www.fileasbl.be\/membres\/wp-json\/wp\/v2\/comments?post=13283"}],"version-history":[{"count":0,"href":"https:\/\/www.fileasbl.be\/membres\/wp-json\/wp\/v2\/posts\/13283\/revisions"}],"wp:attachment":[{"href":"https:\/\/www.fileasbl.be\/membres\/wp-json\/wp\/v2\/media?parent=13283"}],"wp:term":[{"taxonomy":"category","embeddable":true,"href":"https:\/\/www.fileasbl.be\/membres\/wp-json\/wp\/v2\/categories?post=13283"},{"taxonomy":"post_tag","embeddable":true,"href":"https:\/\/www.fileasbl.be\/membres\/wp-json\/wp\/v2\/tags?post=13283"}],"curies":[{"name":"wp","href":"https:\/\/api.w.org\/{rel}","templated":true}]}}