{"id":13619,"date":"2020-05-28T14:38:37","date_gmt":"2020-05-28T13:38:37","guid":{"rendered":"http:\/\/www.fileasbl.be\/membres\/?p=13619"},"modified":"2025-09-04T09:51:45","modified_gmt":"2025-09-04T08:51:45","slug":"limportance-de-la-lecture-conference-de-roxane-de-limelette","status":"publish","type":"post","link":"https:\/\/www.fileasbl.be\/membres\/limportance-de-la-lecture-conference-de-roxane-de-limelette\/","title":{"rendered":"L\u2019importance de la lecture \u2013 Conf\u00e9rence de Roxane de Limelette"},"content":{"rendered":"<!--themify_builder_content-->\n<div id=\"themify_builder_content-13619\" data-postid=\"13619\" class=\"themify_builder_content themify_builder_content-13619 themify_builder tf_clear\">\n    \t<!-- module_row -->\n\t<div  data-lazy=\"1\" class=\"module_row themify_builder_row tb_wwip63 tb_first tf_clearfix\">\n\t    \t\t<div class=\"row_inner col_align_top col-count-1 tf_box tf_w tf_rel\">\n\t\t\t<div  data-lazy=\"1\" class=\"module_column tb-column col-full first tb_caob64 tf_box\">\n\t\t\t    \t        <div class=\"tb-column-inner tf_box tf_w\">\n\t\t    <!-- module image -->\n<div  class=\"module module-image tb_afp1943   image-top auto_fullwidth tf_mw\" data-lazy=\"1\">\n        <div class=\"image-wrap tf_rel tf_mw\">\n\t\t    <img decoding=\"async\" src=\"http:\/\/www.fileasbl.be\/membres\/wp-content\/uploads\/2020\/05\/Bandeau-article-800-150-Lecture.jpg\" title=\"L\u2019importance de la lecture \u2013 Conf\u00e9rence de Roxane de Limelette\" alt=\"L\u2019importance de la lecture \u2013 Conf\u00e9rence de Roxane de Limelette\">\t\n\t\t<\/div>\n\t<!-- \/image-wrap -->\n    \n    \t<\/div>\n<!-- \/module image --><!-- module text -->\n<div  class=\"module module-text tb_k1ap619   \" data-lazy=\"1\">\n        <div  class=\"tb_text_wrap\">\n    <p>En 2017, la FILE a organis\u00e9 deux matin\u00e9es de conf\u00e9rence sur l\u2019importance de la lecture avec Roxane de Limelette. <br><u><br><\/u><u>Intervenante <em>:<\/em><\/u><strong> Roxane de Limelette<br><br><\/strong><\/p>\n<figure id=\"attachment_13648\" class=\"wp-caption alignright\" style=\"width: 300px;\" aria-describedby=\"caption-attachment-13648\"><a href=\"http:\/\/www.fileasbl.be\/membres\/wp-content\/uploads\/2020\/05\/05-1.jpg\"><img loading=\"lazy\" decoding=\"async\" class=\"wp-image-13648 size-medium\" src=\"http:\/\/www.fileasbl.be\/membres\/wp-content\/uploads\/2020\/05\/05-1-300x169.jpg\" alt=\"\" width=\"300\" height=\"169\" srcset=\"https:\/\/www.fileasbl.be\/membres\/wp-content\/uploads\/2020\/05\/05-1-300x169.jpg 300w, https:\/\/www.fileasbl.be\/membres\/wp-content\/uploads\/2020\/05\/05-1-768x432.jpg 768w, https:\/\/www.fileasbl.be\/membres\/wp-content\/uploads\/2020\/05\/05-1-1024x576.jpg 1024w, https:\/\/www.fileasbl.be\/membres\/wp-content\/uploads\/2020\/05\/05-1-400x225.jpg 400w, https:\/\/www.fileasbl.be\/membres\/wp-content\/uploads\/2020\/05\/05-1.jpg 1280w\" sizes=\"auto, (max-width: 300px) 100vw, 300px\" \/><\/a>\n<figcaption id=\"caption-attachment-13648\" class=\"wp-caption-text\">Source image : airdefamilles.be<\/figcaption>\n<\/figure>\n<p>Psychologue clinicienne et com\u00e9dienne, form\u00e9e \u00e0 la cr\u00e9ation, l\u2019animation et l\u2019accompagnement de projets\/coins lecture avec les tout-petits aupr\u00e8s de l\u2019association ACCES \u2013 Actions Culturelles Contre les Exclusions et les S\u00e9gr\u00e9gations (Paris).<\/p>\n<p><br>Quel plaisir d\u2019\u00e9couter Roxane, passionn\u00e9e et passionnante nous parler des albums jeunesses et de son exp\u00e9rience avec les livres et les enfants.<\/p>\n<p>Lorsque celle-ci commence \u00e0 parler du livre, de la lecture d\u00e8s le plus jeune \u00e2ge, vous \u00eates embarqu\u00e9s dans son monde et sa passion. Que vous aimiez ou non lire, Roxane sait vous emmener avec elle en voyage au fil des nombreux livres qui l\u2019accompagnent lors des rencontres. Elle transmet avec aisance et passion sa conviction de <strong>l\u2019importance d\u2019introduire d\u00e8s le plus jeune \u00e2ge le livre chez tous les enfants, sans barri\u00e8re ni d\u00e9terminisme social<\/strong>. C\u2019est avec beaucoup de conviction et de justesse qu\u2019elle pr\u00e9cise que <strong>jusque 5-6 ans, tous les enfants aiment les histoires<\/strong>. Ce n\u2019est que par la suite que certains enfants se d\u00e9tournent des livres parce que bien souvent la lecture devient une contrainte et non plus un plaisir. <br><br>Roxane insiste sur <strong>les avantages de la lecture<\/strong>. Elle soutient le d\u00e9veloppement de l\u2019enfant, l\u2019accompagne dans tous les moments faciles ou difficiles de sa vie. Avec les livres, on peut faire et dire ce qui n\u2019est pas toujours permis dans le quotidien. Le livre donne du sens aux \u00e9v\u00e9nements, soutient la cr\u00e9ativit\u00e9, l\u2019imaginaire et le d\u00e9veloppement du langage narratif. <br>Plus l\u2019enfant sera baign\u00e9 dans le monde du livre t\u00f4t plus il augmentera ses chances de r\u00e9ussite scolaire. En effet, le niveau de vocabulaire constitue un meilleur pr\u00e9dicteur de r\u00e9ussite scolaire que le QI.<\/p>\n<p>Elle nous rappelle \u00e9galement que tous les b\u00e9b\u00e9s viennent au monde avec <strong>des comp\u00e9tences et des capacit\u00e9s au niveau du langage<\/strong>. Le nouveau-n\u00e9 acc\u00e8de au langage car on lui parle d\u00e8s sa naissance. Le langage utilis\u00e9 avec le b\u00e9b\u00e9 (motherese) est fait de r\u00e9p\u00e9titions et de sonorit\u00e9s courtes. Il s\u2019agit d\u2019un langage rassurant pour les enfants.<\/p>\n<p>L\u2019importance de la lecture individuelle est aussi mise en avant car elle permet de donner un meilleur acc\u00e8s \u00e0 la lecture et offre un moment personnalis\u00e9 avec l\u2019enfant.<\/p>\n<p>Pour terminer, voici les quelques \u00ab\u00a0trucs et astuces\u00a0\u00bb de Roxane de Limelette\u00a0:<\/p>\n<p>\u00a0<\/p>\n<ul>\n<li>Un bon livre est un livre qui peut accompagner l\u2019enfant pendant plusieurs ann\u00e9es.<\/li>\n<li>Le livre ne sera plus ab\u00eem\u00e9 quand l\u2019enfant le consid\u00e9rera comme un tr\u00e9sor, son tr\u00e9sor. L\u2019enfant comprendra que le livre est pr\u00e9cieux car il verra l\u2019importance que vous lui donnez.<\/li>\n<li>C\u2019est mieux que l\u2019enfant puisse voir l\u2019image au moment o\u00f9 on lit le texte pour deux raisons : d\u2019une part, car montrer l\u2019image apr\u00e8s la lecture saccade l\u2019histoire et d\u2019autre part, car dans de nombreux livres r\u00e9cents, les images ne racontent pas toujours la m\u00eame histoire que celle qui est \u00e9crite. La d\u00e9couverte de ces petites incoh\u00e9rences peut \u00eatre source de plaisir pour les enfants.<\/li>\n<li>L\u2019enfant prend plaisir \u00e0 \u00e9couter la m\u00eame histoire car \u00e7a le rassure, il garde un certain contr\u00f4le.<\/li>\n<li>L\u2019enfant prend beaucoup de plaisir \u00e0 d\u00e9couvrir par lui-m\u00eame, laissons-le donc<\/li>\n<li>Il est important de mettre \u00e0 disposition des enfants des livres en bon \u00e9tat. En effet, un livre d\u00e9chir\u00e9 donne l\u2019envie de le d\u00e9chirer.<\/li>\n<li>Croyons en la comp\u00e9tence de nos enfants !<\/li>\n<li>Un enfant saura toujours choisir le livre qui lui fait du bien au moment voulu\u2026 Il sait !<\/li>\n<li>Lorsque vous lisez un livre de qualit\u00e9, ne changez pas le texte, ne le raccourcissez pas ou ne modifiez pas les mots par peur que l\u2019enfant ne comprenne pas le vocabulaire. Si l\u2019auteur est bon alors, l\u2019histoire et le vocabulaire ont \u00e9t\u00e9 pens\u00e9s pour convenir \u00e0 l\u2019enfant.<\/li>\n<li>Il est bien de pr\u00e9senter les livres sur un pr\u00e9sentoir ou dans un bac o\u00f9 l\u2019enfant sait facilement les voir, les toucher en tout cas avant l\u2019\u00e2ge de l\u2019acc\u00e8s \u00e0 la lecture.<\/li>\n<li>N\u2019h\u00e9sitez pas \u00e0 varier les livres, les graphismes car chaque enfant est unique et peut \u00eatre int\u00e9ress\u00e9 par des choses diff\u00e9rentes.<\/li>\n<li>Un enfant qui bouge tout autour de vous pendant que vous lisez est peut-\u00eatre un enfant qui ne se sent pas concern\u00e9 par l\u2019histoire que vous \u00eates en train de lire et qui se trouve dans tout autre chose <strong>mais<\/strong> il est \u00e9galement possible qu\u2019il soit tout de m\u00eame en train de vous \u00e9couter car n\u2019oublions pas que la pens\u00e9e se construit par la motricit\u00e9 chez les plus jeunes\u2026 Il faut donc \u00eatre attentif et essayer de d\u00e9celer s\u2019il s\u2019agit de l\u2019un ou de l\u2019autre.<\/li>\n<li>Il n\u2019est pas n\u00e9cessaire d\u2019interpr\u00e9ter la lecture que l\u2019on fait car plus on interpr\u00e8te (ex : voix m\u00e9chante sur le loup) moins on laisse l\u2019enfant comprendre l\u2019histoire avec sa personnalit\u00e9.<\/li>\n<li>D\u00e8s que l\u2019enfant sait se saisir d\u2019un livre, on peut lui proposer des livres solides et cartonn\u00e9s.<\/li>\n<li>L\u2019enfant mord, l\u00e8che, marche sur le livre\u2026 en fait c\u2019est l\u2019apprentissage de la lecture qui est en cours\u2026 c\u2019est son \u00ab 4 pattes \u00bb de la lecture.<\/li>\n<\/ul>    <\/div>\n<\/div>\n<!-- \/module text -->\t        <\/div>\n\t    \t<\/div>\n\t\t    <\/div>\n\t    <!-- \/row_inner -->\n\t<\/div>\n\t<!-- \/module_row -->\n\t\t<!-- module_row -->\n\t<div  data-lazy=\"1\" class=\"module_row themify_builder_row tb_55x424 tf_clearfix\">\n\t    \t\t<div class=\"row_inner col_align_top col-count-2 tf_box tf_w tf_rel\">\n\t\t\t<div  data-lazy=\"1\" class=\"module_column tb-column col2-1 first tb_2p6j27 tf_box\">\n\t\t\t    \t        <div class=\"tb-column-inner tf_box tf_w\">\n\t\t    <!-- module image -->\n<div  class=\"module module-image tb_uych770 drop-shadow bordered  image-top auto_fullwidth tf_mw\" data-lazy=\"1\">\n        <div class=\"image-wrap tf_rel tf_mw\">\n\t\t    <img decoding=\"async\" src=\"http:\/\/www.fileasbl.be\/membres\/wp-content\/uploads\/2020\/05\/Lecture-1.jpg\" title=\"L\u2019importance de la lecture \u2013 Conf\u00e9rence de Roxane de Limelette\" alt=\"L\u2019importance de la lecture \u2013 Conf\u00e9rence de Roxane de Limelette\">\t\n\t\t<\/div>\n\t<!-- \/image-wrap -->\n    \n    \t<\/div>\n<!-- \/module image -->\t        <\/div>\n\t    \t<\/div>\n\t\t<div  data-lazy=\"1\" class=\"module_column tb-column col2-1 last tb_fkk428 tf_box\">\n\t\t\t    \t        <div class=\"tb-column-inner tf_box tf_w\">\n\t\t    <!-- module image -->\n<div  class=\"module module-image tb_y41e448 drop-shadow bordered  image-top auto_fullwidth tf_mw\" data-lazy=\"1\">\n        <div class=\"image-wrap tf_rel tf_mw\">\n\t\t    <img decoding=\"async\" src=\"http:\/\/www.fileasbl.be\/membres\/wp-content\/uploads\/2020\/05\/Lecture-3.jpg\" title=\"L\u2019importance de la lecture \u2013 Conf\u00e9rence de Roxane de Limelette\" alt=\"L\u2019importance de la lecture \u2013 Conf\u00e9rence de Roxane de Limelette\">\t\n\t\t<\/div>\n\t<!-- \/image-wrap -->\n    \n    \t<\/div>\n<!-- \/module image -->\t        <\/div>\n\t    \t<\/div>\n\t\t    <\/div>\n\t    <!-- \/row_inner -->\n\t<\/div>\n\t<!-- \/module_row -->\n\t\t<!-- module_row -->\n\t<div  data-lazy=\"1\" class=\"module_row themify_builder_row tb_wgar391 tf_clearfix\" >\n\t    \t\t<div class=\"row_inner col_align_top col-count-2 tf_box tf_w tf_rel\">\n\t\t\t<div  data-lazy=\"1\" class=\"module_column tb-column col2-1 first tb_c3at391 tf_box\">\n\t\t\t    \t        <div class=\"tb-column-inner tf_box tf_w\">\n\t\t    <!-- module image -->\n<div  class=\"module module-image tb_squ0106 drop-shadow bordered  image-top auto_fullwidth tf_mw\" data-lazy=\"1\">\n        <div class=\"image-wrap tf_rel tf_mw\">\n\t\t    <img decoding=\"async\" src=\"http:\/\/www.fileasbl.be\/membres\/wp-content\/uploads\/2020\/05\/Lecture-2.jpg\" title=\"L\u2019importance de la lecture \u2013 Conf\u00e9rence de Roxane de Limelette\" alt=\"L\u2019importance de la lecture \u2013 Conf\u00e9rence de Roxane de Limelette\">\t\n\t\t<\/div>\n\t<!-- \/image-wrap -->\n    \n    \t<\/div>\n<!-- \/module image -->\t        <\/div>\n\t    \t<\/div>\n\t\t<div  data-lazy=\"1\" class=\"module_column tb-column col2-1 last tb_8bvh391 tf_box\">\n\t\t\t    \t        <div class=\"tb-column-inner tf_box tf_w\">\n\t\t    <!-- module image -->\n<div  class=\"module module-image tb_d5om863 drop-shadow bordered  image-top auto_fullwidth tf_mw\" data-lazy=\"1\">\n        <div class=\"image-wrap tf_rel tf_mw\">\n\t\t    <img decoding=\"async\" src=\"http:\/\/www.fileasbl.be\/membres\/wp-content\/uploads\/2020\/05\/Lecture-4.jpg\" title=\"L\u2019importance de la lecture \u2013 Conf\u00e9rence de Roxane de Limelette\" alt=\"L\u2019importance de la lecture \u2013 Conf\u00e9rence de Roxane de Limelette\">\t\n\t\t<\/div>\n\t<!-- \/image-wrap -->\n    \n    \t<\/div>\n<!-- \/module image -->\t        <\/div>\n\t    \t<\/div>\n\t\t    <\/div>\n\t    <!-- \/row_inner -->\n\t<\/div>\n\t<!-- \/module_row -->\n\t\t<!-- module_row -->\n\t<div  data-lazy=\"1\" class=\"module_row themify_builder_row tb_9xbs187 tf_clearfix\">\n\t    \t\t<div class=\"row_inner col_align_top col-count-2 tf_box tf_w tf_rel\">\n\t\t\t<div  data-lazy=\"1\" class=\"module_column tb-column col2-1 first tb_9ty9187 tf_box\">\n\t\t\t    \t        <div class=\"tb-column-inner tf_box tf_w\">\n\t\t    <!-- module text -->\n<div  class=\"module module-text tb_iewr63   \" data-lazy=\"1\">\n        <div  class=\"tb_text_wrap\">\n    <p style=\"text-align: center;\">ROXANE chez EPATT Les Galipettes \u00e0 Tournai<\/p>    <\/div>\n<\/div>\n<!-- \/module text -->\t        <\/div>\n\t    \t<\/div>\n\t\t<div  data-lazy=\"1\" class=\"module_column tb-column col2-1 last tb_5hxq187 tf_box\">\n\t\t\t    \t        <div class=\"tb-column-inner tf_box tf_w\">\n\t\t    <!-- module text -->\n<div  class=\"module module-text tb_icss475   \" data-lazy=\"1\">\n        <div  class=\"tb_text_wrap\">\n    <p style=\"text-align: center;\">ROXANE \u00e0 l\u2019accueil extra-scolaire \u00e0 Huy- Asbl \u00ab Petit \u00e0 Petit \u00bb<\/p>    <\/div>\n<\/div>\n<!-- \/module text -->\t        <\/div>\n\t    \t<\/div>\n\t\t    <\/div>\n\t    <!-- \/row_inner -->\n\t<\/div>\n\t<!-- \/module_row -->\n\t\t<!-- module_row -->\n\t<div  data-lazy=\"1\" class=\"module_row themify_builder_row tb_3q3194 tf_clearfix\">\n\t    \t\t<div class=\"row_inner col_align_top col-count-1 tf_box tf_w tf_rel\">\n\t\t\t<div  data-lazy=\"1\" class=\"module_column tb-column col-full first tb_nol994 tf_box\">\n\t\t\t    \t        <div class=\"tb-column-inner tf_box tf_w\">\n\t\t    <!-- module text -->\n<div  class=\"module module-text tb_xdka95   \" data-lazy=\"1\">\n        <div  class=\"tb_text_wrap\">\n    <h3><span style=\"color: #008000;\"><strong>Id\u00e9es d\u2019albums pour les petits<\/strong><\/span><\/h3>\n<hr \/>\n<p><span style=\"color: #008000;\"><strong>(<a href=\"http:\/\/www.fileasbl.be\/membres\/wp-content\/uploads\/2020\/05\/Liste-dalbums-article-lecture.pdf\">Liste pdf &#8211; 1.58MB<\/a>)<\/strong><\/span><\/p>\n<p>\u00a0<\/p>    <\/div>\n<\/div>\n<!-- \/module text -->\t        <\/div>\n\t    \t<\/div>\n\t\t    <\/div>\n\t    <!-- \/row_inner -->\n\t<\/div>\n\t<!-- \/module_row -->\n\t\t<!-- module_row -->\n\t<div  data-lazy=\"1\" class=\"module_row themify_builder_row tb_june540 tf_clearfix\">\n\t    \t\t<div class=\"row_inner col_align_top col-count-4 tf_box tf_w tf_rel\">\n\t\t\t<div  data-lazy=\"1\" class=\"module_column tb-column col4-1 first tb_q9tt541 tf_box\">\n\t\t\t    \t        <div class=\"tb-column-inner tf_box tf_w\">\n\t\t    <!-- module image -->\n<div  class=\"module module-image tb_6lpj510   image-top tf_mw\" data-lazy=\"1\">\n        <div class=\"image-wrap tf_rel tf_mw\">\n\t\t    <img loading=\"lazy\" decoding=\"async\" src=\"http:\/\/www.fileasbl.be\/membres\/wp-content\/uploads\/2020\/05\/Livre-LouLou-PETITE-BIBLIOTHEQUE-31.jpg\" width=\"300\" height=\"320\" title=\"L\u2019importance de la lecture \u2013 Conf\u00e9rence de Roxane de Limelette\" alt=\"L\u2019importance de la lecture \u2013 Conf\u00e9rence de Roxane de Limelette\">\t\n\t\t<\/div>\n\t<!-- \/image-wrap -->\n    \n    \t<\/div>\n<!-- \/module image -->\t        <\/div>\n\t    \t<\/div>\n\t\t<div  data-lazy=\"1\" class=\"module_column tb-column col4-1 second tb_mvgu45 tf_box\">\n\t\t\t    \t        <div class=\"tb-column-inner tf_box tf_w\">\n\t\t    <!-- module text -->\n<div  class=\"module module-text tb_bbyj924  repeat \" data-lazy=\"1\">\n        <div  class=\"tb_text_wrap\">\n    <h5 style=\"text-align: center;\"><span style=\"color: #ffffff;\"><strong>Loulou<\/strong><\/span><\/h5>    <\/div>\n<\/div>\n<!-- \/module text --><!-- module text -->\n<div  class=\"module module-text tb_rvmk545   \" data-lazy=\"1\">\n        <div  class=\"tb_text_wrap\">\n    <p>Gr\u00e9goire Solotareff <br \/>Ecole des Loisirs, 1989<\/p>\n<p><em>Loulou, un jeune loup, fait la rencontre de Tom, un petit lapin. Ils se lient d&rsquo;amiti\u00e9 et grandissent ensemble, jouant tant\u00f4t \u00e0 \u00ab\u00a0Peur-du-loup\u00a0\u00bb, tant\u00f4t \u00e0 \u00ab\u00a0Peur-du-lapin\u00a0\u00bb !<\/em><em> Jusqu&rsquo;au jour o\u00f9 Loulou effraye tellement Tom, que celui-ci d\u00e9cide de ne plus sortir de chez lui&#8230; Une fable inoubliable sur le th\u00e8me d&rsquo;une amiti\u00e9 qui para\u00eet impossible.<\/em><\/p>    <\/div>\n<\/div>\n<!-- \/module text -->\t        <\/div>\n\t    \t<\/div>\n\t\t<div  data-lazy=\"1\" class=\"module_column tb-column col4-1 third tb_6fbw45 tf_box\">\n\t\t\t    \t        <div class=\"tb-column-inner tf_box tf_w\">\n\t\t    <!-- module image -->\n<div  class=\"module module-image tb_755g453   image-top tf_mw\" data-lazy=\"1\">\n        <div class=\"image-wrap tf_rel tf_mw\">\n\t\t    <img loading=\"lazy\" decoding=\"async\" src=\"http:\/\/www.fileasbl.be\/membres\/wp-content\/uploads\/2020\/05\/13870.jpg\" width=\"1000\" height=\"1000\" title=\"L\u2019importance de la lecture \u2013 Conf\u00e9rence de Roxane de Limelette\" alt=\"L\u2019importance de la lecture \u2013 Conf\u00e9rence de Roxane de Limelette\">\t\n\t\t<\/div>\n\t<!-- \/image-wrap -->\n    \n    \t<\/div>\n<!-- \/module image -->\t        <\/div>\n\t    \t<\/div>\n\t\t<div  data-lazy=\"1\" class=\"module_column tb-column col4-1 last tb_swz945 tf_box\">\n\t\t\t    \t        <div class=\"tb-column-inner tf_box tf_w\">\n\t\t    <!-- module text -->\n<div  class=\"module module-text tb_aiqe545  repeat \" data-lazy=\"1\">\n        <div  class=\"tb_text_wrap\">\n    <h5 style=\"text-align: center;\"><span style=\"color: #ffffff;\"><strong>La couleur des \u00e9motions<\/strong><\/span><\/h5>    <\/div>\n<\/div>\n<!-- \/module text --><!-- module text -->\n<div  class=\"module module-text tb_w17r976   \" data-lazy=\"1\">\n        <div  class=\"tb_text_wrap\">\n    <p>Anna Llenas<br \/>Quatre Fleuves Eds, 2014 <br \/><br \/><em>Le <\/em><em>monstre gentil des couleurs partage avec les enfants la couleur de ses sentiments. Chaque pliage exprime une \u00e9motion que les enfants peuvent s&rsquo;amuser \u00e0 reconna\u00eetre.<\/em><\/p>    <\/div>\n<\/div>\n<!-- \/module text -->\t        <\/div>\n\t    \t<\/div>\n\t\t    <\/div>\n\t    <!-- \/row_inner -->\n\t<\/div>\n\t<!-- \/module_row -->\n\t\t<!-- module_row -->\n\t<div  data-lazy=\"1\" class=\"module_row themify_builder_row tb_cb2n131 tf_clearfix\">\n\t    \t\t<div class=\"row_inner col_align_top col-count-4 tf_box tf_w tf_rel\">\n\t\t\t<div  data-lazy=\"1\" class=\"module_column tb-column col4-1 first tb_3jkn132 tf_box\">\n\t\t\t    \t        <div class=\"tb-column-inner tf_box tf_w\">\n\t\t    <!-- module text -->\n<div  class=\"module module-text tb_rw1p133  repeat \" data-lazy=\"1\">\n        <div  class=\"tb_text_wrap\">\n    <h5 style=\"text-align: center;\"><span style=\"color: #ffffff;\"><strong>Regarde !<\/strong><\/span><\/h5>    <\/div>\n<\/div>\n<!-- \/module text --><!-- module text -->\n<div  class=\"module module-text tb_e8ym133   \" data-lazy=\"1\">\n        <div  class=\"tb_text_wrap\">\n    <p>Corinne Dreyfuss<\/p>\n<p>\u00c9ditions Seuil Jeunesse, 2018<\/p>\n<p><em>Il suffit de prendre un enfant par la main pour l\u2019emmener au jardin. Regarde ! Ouvre grand tes yeux ! Dans ce jardin c\u2019est \u00e0 toi de jouer : gratter la terre, taper dans tes mains pour chasser les oiseaux, arroser, cueillir des fruits, d\u00e9couvrir qui se cache dans les hautes herbes, poursuivre une sauterelle, sentir les fleurs\u2026Un album tendre et interactif pour apprendre \u00e0 regarder, \u00e0 prendre son temps et d\u00e9couvrir les joies du jardin.<\/em><\/p>    <\/div>\n<\/div>\n<!-- \/module text -->\t        <\/div>\n\t    \t<\/div>\n\t\t<div  data-lazy=\"1\" class=\"module_column tb-column col4-1 second tb_b3ew133 tf_box\">\n\t\t\t    \t        <div class=\"tb-column-inner tf_box tf_w\">\n\t\t    <!-- module image -->\n<div  class=\"module module-image tb_s254133   image-top tf_mw\" data-lazy=\"1\">\n        <div class=\"image-wrap tf_rel tf_mw\">\n\t\t    <img loading=\"lazy\" decoding=\"async\" src=\"http:\/\/www.fileasbl.be\/membres\/wp-content\/uploads\/2020\/05\/ob_66e89b_9791023510386fs.gif\" width=\"475\" height=\"485\" title=\"L\u2019importance de la lecture \u2013 Conf\u00e9rence de Roxane de Limelette\" alt=\"L\u2019importance de la lecture \u2013 Conf\u00e9rence de Roxane de Limelette\">\t\n\t\t<\/div>\n\t<!-- \/image-wrap -->\n    \n    \t<\/div>\n<!-- \/module image -->\t        <\/div>\n\t    \t<\/div>\n\t\t<div  data-lazy=\"1\" class=\"module_column tb-column col4-1 third tb_pfq2134 tf_box\">\n\t\t\t    \t        <div class=\"tb-column-inner tf_box tf_w\">\n\t\t    <!-- module text -->\n<div  class=\"module module-text tb_okb5134  repeat \" data-lazy=\"1\">\n        <div  class=\"tb_text_wrap\">\n    <h5 style=\"text-align: center;\"><span style=\"color: #ffffff;\"><strong>Bon&#8230;<\/strong><\/span><\/h5>    <\/div>\n<\/div>\n<!-- \/module text --><!-- module text -->\n<div  class=\"module module-text tb_q0fo134   \" data-lazy=\"1\">\n        <div  class=\"tb_text_wrap\">\n    <p>Anne Ashb\u00e9<br \/>Pastel, Ecole des Loisirs, 2019<br \/><br \/><em>Petit canard sort de son oeuf. Qu&rsquo;il est beau ! Mais il tombe dans l&rsquo;eau&#8230; Il y a aussi deux, trois, quatre petits canards qui s&rsquo;en vont sur l&rsquo;eau, et puis s&rsquo;envolent tr\u00e8s tr\u00e8s haut !<\/em><\/p>    <\/div>\n<\/div>\n<!-- \/module text -->\t        <\/div>\n\t    \t<\/div>\n\t\t<div  data-lazy=\"1\" class=\"module_column tb-column col4-1 last tb_mdw6134 tf_box\">\n\t\t\t    \t        <div class=\"tb-column-inner tf_box tf_w\">\n\t\t    <!-- module image -->\n<div  class=\"module module-image tb_4dcy134   image-top tf_mw\" data-lazy=\"1\">\n        <div class=\"image-wrap tf_rel tf_mw\">\n\t\t    <img loading=\"lazy\" decoding=\"async\" src=\"http:\/\/www.fileasbl.be\/membres\/wp-content\/uploads\/2020\/05\/jeanne-ashbe-bon-1.jpg\" width=\"340\" height=\"340\" title=\"L\u2019importance de la lecture \u2013 Conf\u00e9rence de Roxane de Limelette\" alt=\"L\u2019importance de la lecture \u2013 Conf\u00e9rence de Roxane de Limelette\">\t\n\t\t<\/div>\n\t<!-- \/image-wrap -->\n    \n    \t<\/div>\n<!-- \/module image -->\t        <\/div>\n\t    \t<\/div>\n\t\t    <\/div>\n\t    <!-- \/row_inner -->\n\t<\/div>\n\t<!-- \/module_row -->\n\t\t<!-- module_row -->\n\t<div  data-lazy=\"1\" class=\"module_row themify_builder_row tb_iv1u380 tf_clearfix\">\n\t    \t\t<div class=\"row_inner col_align_top col-count-4 tf_box tf_w tf_rel\">\n\t\t\t<div  data-lazy=\"1\" class=\"module_column tb-column col4-1 first tb_6bhj381 tf_box\">\n\t\t\t    \t        <div class=\"tb-column-inner tf_box tf_w\">\n\t\t    <!-- module image -->\n<div  class=\"module module-image tb_zp37382   image-top tf_mw\" data-lazy=\"1\">\n        <div class=\"image-wrap tf_rel tf_mw\">\n\t\t    <img loading=\"lazy\" decoding=\"async\" src=\"http:\/\/www.fileasbl.be\/membres\/wp-content\/uploads\/2020\/05\/jardiniers.jpg\" width=\"372\" height=\"450\" title=\"L\u2019importance de la lecture \u2013 Conf\u00e9rence de Roxane de Limelette\" alt=\"L\u2019importance de la lecture \u2013 Conf\u00e9rence de Roxane de Limelette\">\t\n\t\t<\/div>\n\t<!-- \/image-wrap -->\n    \n    \t<\/div>\n<!-- \/module image -->\t        <\/div>\n\t    \t<\/div>\n\t\t<div  data-lazy=\"1\" class=\"module_column tb-column col4-1 second tb_or3g384 tf_box\">\n\t\t\t    \t        <div class=\"tb-column-inner tf_box tf_w\">\n\t\t    <!-- module text -->\n<div  class=\"module module-text tb_7ijf385  repeat \" data-lazy=\"1\">\n        <div  class=\"tb_text_wrap\">\n    <h5 style=\"text-align: center;\"><span style=\"color: #ffffff;\"><strong>L\u2019imagerie des petits jardiniers<\/strong><\/span><\/h5>    <\/div>\n<\/div>\n<!-- \/module text --><!-- module text -->\n<div  class=\"module module-text tb_7kt0385   \" data-lazy=\"1\">\n        <div  class=\"tb_text_wrap\">\n    <p>Philippe Simon &amp;\u00a0Marie-Laure Bouet \u00a0<br \/>Les imageries, Fleurus, 2013<br \/><br \/><em>Pour les jardiniers en herbe qui souhaitent faire des plantations sur le balcon, dans la maison ou au jardin&#8230; Permet d\u2019appr\u00e9hender le monde du jardinage.<\/em><\/p>    <\/div>\n<\/div>\n<!-- \/module text -->\t        <\/div>\n\t    \t<\/div>\n\t\t<div  data-lazy=\"1\" class=\"module_column tb-column col4-1 third tb_uqg8385 tf_box\">\n\t\t\t    \t        <div class=\"tb-column-inner tf_box tf_w\">\n\t\t    <!-- module image -->\n<div  class=\"module module-image tb_k9fp385   image-top tf_mw\" data-lazy=\"1\">\n        <div class=\"image-wrap tf_rel tf_mw\">\n\t\t    <img loading=\"lazy\" decoding=\"async\" src=\"http:\/\/www.fileasbl.be\/membres\/wp-content\/uploads\/2020\/05\/cvt_Super-Bobo_8611.jpeg\" width=\"245\" height=\"256\" title=\"L\u2019importance de la lecture \u2013 Conf\u00e9rence de Roxane de Limelette\" alt=\"L\u2019importance de la lecture \u2013 Conf\u00e9rence de Roxane de Limelette\">\t\n\t\t<\/div>\n\t<!-- \/image-wrap -->\n    \n    \t<\/div>\n<!-- \/module image -->\t        <\/div>\n\t    \t<\/div>\n\t\t<div  data-lazy=\"1\" class=\"module_column tb-column col4-1 last tb_rqxx386 tf_box\">\n\t\t\t    \t        <div class=\"tb-column-inner tf_box tf_w\">\n\t\t    <!-- module text -->\n<div  class=\"module module-text tb_2zp4386  repeat \" data-lazy=\"1\">\n        <div  class=\"tb_text_wrap\">\n    <h5 style=\"text-align: center;\"><span style=\"color: #ffffff;\"><strong>Super bobo<\/strong><\/span><\/h5>    <\/div>\n<\/div>\n<!-- \/module text --><!-- module text -->\n<div  class=\"module module-text tb_onj2386   \" data-lazy=\"1\">\n        <div  class=\"tb_text_wrap\">\n    <p>Beno\u00eet Charlat<br \/>Ecole des Loisirs, 2008<br \/><br \/><em>Super Bobo a tellement de bobos partout qu\u2019il est oblig\u00e9 de rester au lit\u2026 \u00e0 moins qu\u2019une bonne brioche au chocolat ne le gu\u00e9risse de tous ses maux\u2009!<\/em><\/p>    <\/div>\n<\/div>\n<!-- \/module text -->\t        <\/div>\n\t    \t<\/div>\n\t\t    <\/div>\n\t    <!-- \/row_inner -->\n\t<\/div>\n\t<!-- \/module_row -->\n\t\t<!-- module_row -->\n\t<div  data-lazy=\"1\" class=\"module_row themify_builder_row tb_k9jy163 tf_clearfix\">\n\t    \t\t<div class=\"row_inner col_align_top col-count-4 tf_box tf_w tf_rel\">\n\t\t\t<div  data-lazy=\"1\" class=\"module_column tb-column col4-1 first tb_1td0163 tf_box\">\n\t\t\t    \t        <div class=\"tb-column-inner tf_box tf_w\">\n\t\t    <!-- module text -->\n<div  class=\"module module-text tb_t8f2164  repeat \" data-lazy=\"1\">\n        <div  class=\"tb_text_wrap\">\n    <h5 style=\"text-align: center;\"><span style=\"color: #ffffff;\"><strong>Mon grand imagier de la nature<\/strong><\/span><\/h5>    <\/div>\n<\/div>\n<!-- \/module text --><!-- module text -->\n<div  class=\"module module-text tb_om6a164   \" data-lazy=\"1\">\n        <div  class=\"tb_text_wrap\">\n    <p>Bathie Holly &amp; Cabrol Marta<br \/>\u00c9ditions Usborne, 2018<br \/><br \/><em>Les tout-petits trouveront un tas de choses \u00e0 observer et \u00e0 nommer dans ce bel imagier : des oiseaux, des animaux sauvages, des plantes\u2026 <br \/>Pour int\u00e9resser les enfants \u00e0 la nature et les inciter \u00e0 rep\u00e9rer les animaux, les plantes et les fleurs lors de promenades au parc ou \u00e0 la campagne. <\/em><\/p>    <\/div>\n<\/div>\n<!-- \/module text -->\t        <\/div>\n\t    \t<\/div>\n\t\t<div  data-lazy=\"1\" class=\"module_column tb-column col4-1 second tb_qk6h163 tf_box\">\n\t\t\t    \t        <div class=\"tb-column-inner tf_box tf_w\">\n\t\t    <!-- module image -->\n<div  class=\"module module-image tb_y3s4359   image-top tf_mw\" data-lazy=\"1\">\n        <div class=\"image-wrap tf_rel tf_mw\">\n\t\t    <img loading=\"lazy\" decoding=\"async\" src=\"http:\/\/www.fileasbl.be\/membres\/wp-content\/uploads\/2020\/05\/119656308.jpg\" width=\"698\" height=\"800\" title=\"L\u2019importance de la lecture \u2013 Conf\u00e9rence de Roxane de Limelette\" alt=\"L\u2019importance de la lecture \u2013 Conf\u00e9rence de Roxane de Limelette\">\t\n\t\t<\/div>\n\t<!-- \/image-wrap -->\n    \n    \t<\/div>\n<!-- \/module image -->\t        <\/div>\n\t    \t<\/div>\n\t\t<div  data-lazy=\"1\" class=\"module_column tb-column col4-1 third tb_8pjz164 tf_box\">\n\t\t\t    \t        <div class=\"tb-column-inner tf_box tf_w\">\n\t\t    <!-- module text -->\n<div  class=\"module module-text tb_w0qz165  repeat \" data-lazy=\"1\">\n        <div  class=\"tb_text_wrap\">\n    <h5 style=\"text-align: center;\"><span style=\"color: #ffffff;\"><strong>Picoti\u2026 tous partis\u00a0?<\/strong><\/span><\/h5>    <\/div>\n<\/div>\n<!-- \/module text --><!-- module text -->\n<div  class=\"module module-text tb_ygzj165   \" data-lazy=\"1\">\n        <div  class=\"tb_text_wrap\">\n    <p>Fran\u00e7oise Rogier<br \/>Cr\u00e9\u00e9 dans le cadre de la Fureur de lire et du Plan Lecture. Coordination \u00e9ditoriale : \u00c0 pas de loups, 2017<br \/><br \/><em>Picoti\u2026 Tous partis ? s\u2019inspire de la comptine Une poule sur un mur. La comptine se d\u00e9finit comme une formule simple et courte qui appartient au patrimoine culturel. Elle m\u00eale le geste \u00e0 la parole rythm\u00e9e et rim\u00e9e.<\/em><\/p>    <\/div>\n<\/div>\n<!-- \/module text -->\t        <\/div>\n\t    \t<\/div>\n\t\t<div  data-lazy=\"1\" class=\"module_column tb-column col4-1 last tb_z42l164 tf_box\">\n\t\t\t    \t        <div class=\"tb-column-inner tf_box tf_w\">\n\t\t    <!-- module image -->\n<div  class=\"module module-image tb_huo9164   image-top tf_mw\" data-lazy=\"1\">\n        <div class=\"image-wrap tf_rel tf_mw\">\n\t\t    <img loading=\"lazy\" decoding=\"async\" src=\"http:\/\/www.fileasbl.be\/membres\/wp-content\/uploads\/2020\/05\/Picoti...Touspartis-Couverture-Fran\u00e7oiseRogier.jpg\" width=\"1000\" height=\"1020\" title=\"L\u2019importance de la lecture \u2013 Conf\u00e9rence de Roxane de Limelette\" alt=\"L\u2019importance de la lecture \u2013 Conf\u00e9rence de Roxane de Limelette\">\t\n\t\t<\/div>\n\t<!-- \/image-wrap -->\n    \n    \t<\/div>\n<!-- \/module image -->\t        <\/div>\n\t    \t<\/div>\n\t\t    <\/div>\n\t    <!-- \/row_inner -->\n\t<\/div>\n\t<!-- \/module_row -->\n\t\t<!-- module_row -->\n\t<div  data-lazy=\"1\" class=\"module_row themify_builder_row tb_vmv9427 tf_clearfix\">\n\t    \t\t<div class=\"row_inner col_align_top col-count-4 tf_box tf_w tf_rel\">\n\t\t\t<div  data-lazy=\"1\" class=\"module_column tb-column col4-1 first tb_akc8427 tf_box\">\n\t\t\t    \t        <div class=\"tb-column-inner tf_box tf_w\">\n\t\t    <!-- module image -->\n<div  class=\"module module-image tb_9pia428   image-top tf_mw\" data-lazy=\"1\">\n        <div class=\"image-wrap tf_rel tf_mw\">\n\t\t    <img loading=\"lazy\" decoding=\"async\" src=\"http:\/\/www.fileasbl.be\/membres\/wp-content\/uploads\/2020\/05\/51E4-tnBxRL._SX394_BO1204203200_.jpg\" width=\"396\" height=\"499\" title=\"L\u2019importance de la lecture \u2013 Conf\u00e9rence de Roxane de Limelette\" alt=\"L\u2019importance de la lecture \u2013 Conf\u00e9rence de Roxane de Limelette\">\t\n\t\t<\/div>\n\t<!-- \/image-wrap -->\n    \n    \t<\/div>\n<!-- \/module image -->\t        <\/div>\n\t    \t<\/div>\n\t\t<div  data-lazy=\"1\" class=\"module_column tb-column col4-1 second tb_hbj3428 tf_box\">\n\t\t\t    \t        <div class=\"tb-column-inner tf_box tf_w\">\n\t\t    <!-- module text -->\n<div  class=\"module module-text tb_au0k427  repeat \" data-lazy=\"1\">\n        <div  class=\"tb_text_wrap\">\n    <h5 style=\"text-align: center;\"><span style=\"color: #ffffff;\"><strong>CHHHT\u00a0! <\/strong><\/span><\/h5>    <\/div>\n<\/div>\n<!-- \/module text --><!-- module text -->\n<div  class=\"module module-text tb_vtta428   \" data-lazy=\"1\">\n        <div  class=\"tb_text_wrap\">\n    <p>Peter Utton &amp; Sally Grindley<br \/>Pastel, Ecole des Loisirs, 1991<em><br \/><br \/>Chut ! Il ne faut surtout pas faire de bruit !<br \/>Un ogre amateur de chair fra\u00eeche fait sa sieste dans un recoin du ch\u00e2teau, et il ne faut pas le r\u00e9veiller, sinon&#8230;<br \/>Un album anim\u00e9 palpitant dans lequel chaque volet \u00e0 soulever r\u00e9serve bien des surprises.<br \/>Suspens et humour garanti \u00e0 chaque page !<br \/><\/em><\/p>    <\/div>\n<\/div>\n<!-- \/module text -->\t        <\/div>\n\t    \t<\/div>\n\t\t<div  data-lazy=\"1\" class=\"module_column tb-column col4-1 third tb_bf2z428 tf_box\">\n\t\t\t    \t        <div class=\"tb-column-inner tf_box tf_w\">\n\t\t    <!-- module text -->\n<div  class=\"module module-text tb_m9fi429  repeat \" data-lazy=\"1\">\n        <div  class=\"tb_text_wrap\">\n    <h5 style=\"text-align: center;\"><span style=\"color: #ffffff;\"><strong>Caca Boudin<\/strong><\/span><\/h5>    <\/div>\n<\/div>\n<!-- \/module text --><!-- module text -->\n<div  class=\"module module-text tb_br9k429   \" data-lazy=\"1\">\n        <div  class=\"tb_text_wrap\">\n    <p>St\u00e9phanie Blake<br \/>Ecole des Loisirs, 2004<\/p>\n<p><em>Il \u00e9tait une fois un petit lapin qui ne savait dire qu&rsquo;une chose : CACA BOUDIN ! Du matin au soir et du soir au matin : CACA BOUDIN ! \u00c0 l&rsquo;heure de la soupe et \u00e0 l&rsquo;heure du bain : CACA BOUDIN ! Il manque un loup \u00e0 cette histoire, le voil\u00e0, tiens : CACA BOUDIN !<\/em><\/p>    <\/div>\n<\/div>\n<!-- \/module text -->\t        <\/div>\n\t    \t<\/div>\n\t\t<div  data-lazy=\"1\" class=\"module_column tb-column col4-1 last tb_uyj7429 tf_box\">\n\t\t\t    \t        <div class=\"tb-column-inner tf_box tf_w\">\n\t\t    <!-- module image -->\n<div  class=\"module module-image tb_evvn429   image-top tf_mw\" data-lazy=\"1\">\n        <div class=\"image-wrap tf_rel tf_mw\">\n\t\t    <img loading=\"lazy\" decoding=\"async\" src=\"http:\/\/www.fileasbl.be\/membres\/wp-content\/uploads\/2020\/05\/9782211067089.jpg\" width=\"340\" height=\"340\" title=\"L\u2019importance de la lecture \u2013 Conf\u00e9rence de Roxane de Limelette\" alt=\"L\u2019importance de la lecture \u2013 Conf\u00e9rence de Roxane de Limelette\">\t\n\t\t<\/div>\n\t<!-- \/image-wrap -->\n    \n    \t<\/div>\n<!-- \/module image -->\t        <\/div>\n\t    \t<\/div>\n\t\t    <\/div>\n\t    <!-- \/row_inner -->\n\t<\/div>\n\t<!-- \/module_row -->\n\t\t<!-- module_row -->\n\t<div  data-lazy=\"1\" class=\"module_row themify_builder_row tb_jiat994 tf_clearfix\">\n\t    \t\t<div class=\"row_inner col_align_top col-count-4 tf_box tf_w tf_rel\">\n\t\t\t<div  data-lazy=\"1\" class=\"module_column tb-column col4-1 first tb_ubmi995 tf_box\">\n\t\t\t    \t        <div class=\"tb-column-inner tf_box tf_w\">\n\t\t    <!-- module text -->\n<div  class=\"module module-text tb_lj3h995  repeat \" data-lazy=\"1\">\n        <div  class=\"tb_text_wrap\">\n    <h5 style=\"text-align: center;\"><span style=\"color: #ffffff;\"><strong>Grosse col\u00e8re<\/strong><\/span><\/h5>    <\/div>\n<\/div>\n<!-- \/module text --><!-- module text -->\n<div  class=\"module module-text tb_4qnd995   \" data-lazy=\"1\">\n        <div  class=\"tb_text_wrap\">\n    <p>Mireille D\u2019allanc\u00e9<br>Ecole des Loisirs, 2004<\/p>\n<p><em>Robert a pass\u00e9 une tr\u00e8s mauvaise journ\u00e9e. Il n&rsquo;est pas de bonne humeur et en plus, son papa l&rsquo;a envoy\u00e9 dans sa chambre. Alors Robert sent tout \u00e0 coup monter une Chose terrible. Une Chose qui peut faire de gros, gros d\u00e9g\u00e2ts&#8230; si on ne l&rsquo;arr\u00eate pas \u00e0 temps.<\/em><em>.<br><br>Chouette livre pour aborder les \u00e9motions.<\/em><\/p>    <\/div>\n<\/div>\n<!-- \/module text -->\t        <\/div>\n\t    \t<\/div>\n\t\t<div  data-lazy=\"1\" class=\"module_column tb-column col4-1 second tb_kj5b995 tf_box\">\n\t\t\t    \t        <div class=\"tb-column-inner tf_box tf_w\">\n\t\t    <!-- module image -->\n<div  class=\"module module-image tb_9t1x995   image-top tf_mw\" data-lazy=\"1\">\n        <div class=\"image-wrap tf_rel tf_mw\">\n\t\t    <img loading=\"lazy\" decoding=\"async\" src=\"http:\/\/www.fileasbl.be\/membres\/wp-content\/uploads\/2020\/05\/Grosse_colere.jpg\" width=\"338\" height=\"473\" title=\"L\u2019importance de la lecture \u2013 Conf\u00e9rence de Roxane de Limelette\" alt=\"L\u2019importance de la lecture \u2013 Conf\u00e9rence de Roxane de Limelette\">\t\n\t\t<\/div>\n\t<!-- \/image-wrap -->\n    \n    \t<\/div>\n<!-- \/module image -->\t        <\/div>\n\t    \t<\/div>\n\t\t<div  data-lazy=\"1\" class=\"module_column tb-column col4-1 third tb_towv996 tf_box\">\n\t\t\t    \t        <div class=\"tb-column-inner tf_box tf_w\">\n\t\t    <!-- module text -->\n<div  class=\"module module-text tb_53r8172  repeat \" data-lazy=\"1\">\n        <div  class=\"tb_text_wrap\">\n    <h5 style=\"text-align: center;\"><span style=\"color: #ffffff;\"><strong>Nora petit rat de l\u2019op\u00e9ra<\/strong><\/span><\/h5>    <\/div>\n<\/div>\n<!-- \/module text --><!-- module text -->\n<div  class=\"module module-text tb_dr50172   \" data-lazy=\"1\">\n        <div  class=\"tb_text_wrap\">\n    <p>Antoon Krings<br \/>Gallimard Jeunesse, 2016<br \/><br \/><em>Avec ses ballerines et son tutu roses, Nora est jolie comme un coeur. Il faut la voir trottiner avenue de l&rsquo;Op\u00e9ra en fredonnant \u00e0 tue-t\u00eate ! Mais un jour, distraite, elle tr\u00e9buche sur une plaque d&rsquo;\u00e9go\u00fbt et la voil\u00e0 qui bascule dans le vide. Plouf ! Tout au fond, l\u00e0 m\u00eame o\u00f9 vit une famille de rats peu reluisants, les vilains Rabouille. Raoul, leur petit, gentil, timide et musicien, n&rsquo;a jamais rien vu d&rsquo;aussi gracieux que cet ange tomb\u00e9 du ciel ! Trois petites notes de musique et ces deux-l\u00e0 se sont trouv\u00e9s pour la vie.<\/em><\/p>    <\/div>\n<\/div>\n<!-- \/module text -->\t        <\/div>\n\t    \t<\/div>\n\t\t<div  data-lazy=\"1\" class=\"module_column tb-column col4-1 last tb_wylw996 tf_box\">\n\t\t\t    \t        <div class=\"tb-column-inner tf_box tf_w\">\n\t\t    <!-- module image -->\n<div  class=\"module module-image tb_anun171   image-top tf_mw\" data-lazy=\"1\">\n        <div class=\"image-wrap tf_rel tf_mw\">\n\t\t    <img loading=\"lazy\" decoding=\"async\" src=\"http:\/\/www.fileasbl.be\/membres\/wp-content\/uploads\/2020\/05\/Nora-petit-rat-de-l-Opera_gj_news_home.jpg\" width=\"244\" height=\"251\" title=\"L\u2019importance de la lecture \u2013 Conf\u00e9rence de Roxane de Limelette\" alt=\"L\u2019importance de la lecture \u2013 Conf\u00e9rence de Roxane de Limelette\">\t\n\t\t<\/div>\n\t<!-- \/image-wrap -->\n    \n    \t<\/div>\n<!-- \/module image -->\t        <\/div>\n\t    \t<\/div>\n\t\t    <\/div>\n\t    <!-- \/row_inner -->\n\t<\/div>\n\t<!-- \/module_row -->\n\t\t<!-- module_row -->\n\t<div  data-lazy=\"1\" class=\"module_row themify_builder_row tb_0jcx171 tf_clearfix\">\n\t    \t\t<div class=\"row_inner col_align_top col-count-4 tf_box tf_w tf_rel\">\n\t\t\t<div  data-lazy=\"1\" class=\"module_column tb-column col4-1 first tb_s90t171 tf_box\">\n\t\t\t    \t        <div class=\"tb-column-inner tf_box tf_w\">\n\t\t    <!-- module image -->\n<div  class=\"module module-image tb_gw0z943   image-top tf_mw\" data-lazy=\"1\">\n        <div class=\"image-wrap tf_rel tf_mw\">\n\t\t    <img loading=\"lazy\" decoding=\"async\" src=\"http:\/\/www.fileasbl.be\/membres\/wp-content\/uploads\/2020\/06\/ver.jpg\" width=\"800\" height=\"1086\" title=\"L\u2019importance de la lecture \u2013 Conf\u00e9rence de Roxane de Limelette\" alt=\"L\u2019importance de la lecture \u2013 Conf\u00e9rence de Roxane de Limelette\">\t\n\t\t<\/div>\n\t<!-- \/image-wrap -->\n    \n    \t<\/div>\n<!-- \/module image -->\t        <\/div>\n\t    \t<\/div>\n\t\t<div  data-lazy=\"1\" class=\"module_column tb-column col4-1 second tb_1dj4172 tf_box\">\n\t\t\t    \t        <div class=\"tb-column-inner tf_box tf_w\">\n\t\t    <!-- module text -->\n<div  class=\"module module-text tb_l0nx173  repeat \" data-lazy=\"1\">\n        <div  class=\"tb_text_wrap\">\n    <h5 style=\"text-align: center;\"><span style=\"color: #ffffff;\"><strong>Le petit ver tout nu<\/strong><\/span><\/h5>    <\/div>\n<\/div>\n<!-- \/module text --><!-- module text -->\n<div  class=\"module module-text tb_br5x173   \" data-lazy=\"1\">\n        <div  class=\"tb_text_wrap\">\n    <p>Thierry Dedieu<strong><br \/><\/strong>\u00c9ditions Seuil Jeunesse, 2018<\/p>\n<p><em>Grand livre de comptine \u00e0 chanter, imag\u00e9 en noir et blanc.\u00a0 <br \/><\/em><em>\u00ab\u00a0Qui a vu, dans la rue, tout menu,<br \/>Le petit ver de terre ?\u00a0\u00bb<\/em><\/p>\n<p>On retrouve 10 livres dans cette collection\u00a0: <strong>Tas de riz, tas de rats \/ La Tirade du nez \/ Dans sa maison, un grand cerf \/ Le Th\u00e9or\u00e8me de Pythagore \/ Pinich\u00f4 \/ Une souris verte \/ Le Corbeau et le Renard \/ Bon app\u00e9tit ! \/ L&rsquo;Empereur, sa femme et le p&rsquo;tit prince\/ La M\u00e9t\u00e9o marine.<\/strong><\/p>    <\/div>\n<\/div>\n<!-- \/module text -->\t        <\/div>\n\t    \t<\/div>\n\t\t<div  data-lazy=\"1\" class=\"module_column tb-column col4-1 third tb_6lyu172 tf_box\">\n\t\t\t    \t        <div class=\"tb-column-inner tf_box tf_w\">\n\t\t    <!-- module text -->\n<div  class=\"module module-text tb_33q8652  repeat \" data-lazy=\"1\">\n        <div  class=\"tb_text_wrap\">\n    <h5 style=\"text-align: center;\"><span style=\"color: #ffffff;\"><strong>O\u00f9 dors-tu petite chouette\u00a0? <\/strong><\/span><\/h5>    <\/div>\n<\/div>\n<!-- \/module text --><!-- module text -->\n<div  class=\"module module-text tb_apd2652   \" data-lazy=\"1\">\n        <div  class=\"tb_text_wrap\">\n    <p>Fr\u00e9d\u00e9rique Fraisse<strong><br \/><\/strong>Paris, Quatre Fleuves, 2018<\/p>\n<p><em>O\u00f9 dort le renard ? La grenouille ? L&rsquo;\u00e2ne ? La chouette ? Il suffit de soulever les rabats pour le d\u00e9couvrir.<\/em><\/p>    <\/div>\n<\/div>\n<!-- \/module text -->\t        <\/div>\n\t    \t<\/div>\n\t\t<div  data-lazy=\"1\" class=\"module_column tb-column col4-1 last tb_tii9173 tf_box\">\n\t\t\t    \t        <div class=\"tb-column-inner tf_box tf_w\">\n\t\t    <!-- module image -->\n<div  class=\"module module-image tb_tpk6290   image-top tf_mw\" data-lazy=\"1\">\n        <div class=\"image-wrap tf_rel tf_mw\">\n\t\t    <img loading=\"lazy\" decoding=\"async\" src=\"http:\/\/www.fileasbl.be\/membres\/wp-content\/uploads\/2020\/06\/ou-dors-tu-petite-chouette-9791026401957_0.jpg\" width=\"1000\" height=\"1000\" title=\"L\u2019importance de la lecture \u2013 Conf\u00e9rence de Roxane de Limelette\" alt=\"L\u2019importance de la lecture \u2013 Conf\u00e9rence de Roxane de Limelette\">\t\n\t\t<\/div>\n\t<!-- \/image-wrap -->\n    \n    \t<\/div>\n<!-- \/module image -->\t        <\/div>\n\t    \t<\/div>\n\t\t    <\/div>\n\t    <!-- \/row_inner -->\n\t<\/div>\n\t<!-- \/module_row -->\n\t\t<!-- module_row -->\n\t<div  data-lazy=\"1\" class=\"module_row themify_builder_row tb_pq9l651 tf_clearfix\">\n\t    \t\t<div class=\"row_inner col_align_top col-count-4 tf_box tf_w tf_rel\">\n\t\t\t<div  data-lazy=\"1\" class=\"module_column tb-column col4-1 first tb_gqni652 tf_box\">\n\t\t\t    \t        <div class=\"tb-column-inner tf_box tf_w\">\n\t\t    <!-- module text -->\n<div  class=\"module module-text tb_6gui653  repeat \" data-lazy=\"1\">\n        <div  class=\"tb_text_wrap\">\n    <h5 style=\"text-align: center;\"><span style=\"color: #ffffff;\"><strong>Les habits de Lulu<\/strong><\/span><\/h5>    <\/div>\n<\/div>\n<!-- \/module text --><!-- module text -->\n<div  class=\"module module-text tb_e47b654   \" data-lazy=\"1\">\n        <div  class=\"tb_text_wrap\">\n    <p>Alex Sanders<strong><br \/><\/strong>Collection Loulou &amp; Cie, 2014<\/p>\n<p><em>Lulu va faire la f\u00eate avec ses amis qui ont mis leurs v\u00eatements n\u2019importe comment ! Heureusement, Lulu est l\u00e0 et leur montre comment s\u2019habiller.<\/em><\/p>    <\/div>\n<\/div>\n<!-- \/module text -->\t        <\/div>\n\t    \t<\/div>\n\t\t<div  data-lazy=\"1\" class=\"module_column tb-column col4-1 second tb_zmmb653 tf_box\">\n\t\t\t    \t        <div class=\"tb-column-inner tf_box tf_w\">\n\t\t    <!-- module image -->\n<div  class=\"module module-image tb_gltr654   image-top tf_mw\" data-lazy=\"1\">\n        <div class=\"image-wrap tf_rel tf_mw\">\n\t\t    <img loading=\"lazy\" decoding=\"async\" src=\"http:\/\/www.fileasbl.be\/membres\/wp-content\/uploads\/2020\/05\/1540-1.jpg\" width=\"340\" height=\"340\" title=\"L\u2019importance de la lecture \u2013 Conf\u00e9rence de Roxane de Limelette\" alt=\"L\u2019importance de la lecture \u2013 Conf\u00e9rence de Roxane de Limelette\">\t\n\t\t<\/div>\n\t<!-- \/image-wrap -->\n    \n    \t<\/div>\n<!-- \/module image -->\t        <\/div>\n\t    \t<\/div>\n\t\t<div  data-lazy=\"1\" class=\"module_column tb-column col4-1 third tb_ax1m653 tf_box\">\n\t\t\t    \t        <div class=\"tb-column-inner tf_box tf_w\">\n\t\t    <!-- module image -->\n<div  class=\"module module-image tb_5xw2212   image-top tf_mw\" data-lazy=\"1\">\n        <div class=\"image-wrap tf_rel tf_mw\">\n\t\t    <img loading=\"lazy\" decoding=\"async\" src=\"http:\/\/www.fileasbl.be\/membres\/wp-content\/uploads\/2020\/05\/9782211211871-475x500-1.jpg\" width=\"435\" height=\"500\" title=\"L\u2019importance de la lecture \u2013 Conf\u00e9rence de Roxane de Limelette\" alt=\"L\u2019importance de la lecture \u2013 Conf\u00e9rence de Roxane de Limelette\">\t\n\t\t<\/div>\n\t<!-- \/image-wrap -->\n    \n    \t<\/div>\n<!-- \/module image -->\t        <\/div>\n\t    \t<\/div>\n\t\t<div  data-lazy=\"1\" class=\"module_column tb-column col4-1 last tb_4ge1654 tf_box\">\n\t\t\t    \t        <div class=\"tb-column-inner tf_box tf_w\">\n\t\t    <!-- module text -->\n<div  class=\"module module-text tb_dqjm978  repeat \" data-lazy=\"1\">\n        <div  class=\"tb_text_wrap\">\n    <h5 style=\"text-align: center;\"><span style=\"color: #ffffff;\"><strong>Attends, Petit \u00e9l\u00e9phant !<\/strong><\/span><\/h5>    <\/div>\n<\/div>\n<!-- \/module text --><!-- module text -->\n<div  class=\"module module-text tb_lmig114   \" data-lazy=\"1\">\n        <div  class=\"tb_text_wrap\">\n    <p>Jeanne Ashb\u00e9<br \/>Ecole des Loisirs, 2013 <br \/><em><br \/>Grand \u00e9l\u00e9phant appelle Petit \u00e9l\u00e9phant pour manger. Mais Petit \u00e9l\u00e9phant a bien mieux \u00e0 faire : jouer, lire, travailler&#8230; \u00ab Ce n&rsquo;est pas grave, dit Grand \u00e9l\u00e9phant, nous mangerons ton go\u00fbter ! \u00bb Alors l\u00e0, Petit \u00e9l\u00e9phant court tr\u00e8s, tr\u00e8s vite. Parce que l&rsquo;heure du go\u00fbter, c&rsquo;est l&rsquo;heure du go\u00fbter !<\/em><\/p>    <\/div>\n<\/div>\n<!-- \/module text -->\t        <\/div>\n\t    \t<\/div>\n\t\t    <\/div>\n\t    <!-- \/row_inner -->\n\t<\/div>\n\t<!-- \/module_row -->\n\t\t<!-- module_row -->\n\t<div  data-lazy=\"1\" class=\"module_row themify_builder_row tb_mg4t578 tf_clearfix\">\n\t    \t\t<div class=\"row_inner col_align_top col-count-4 tf_box tf_w tf_rel\">\n\t\t\t<div  data-lazy=\"1\" class=\"module_column tb-column col4-1 first tb_rjv1579 tf_box\">\n\t\t\t    \t        <div class=\"tb-column-inner tf_box tf_w\">\n\t\t    <!-- module image -->\n<div  class=\"module module-image tb_zogr378   image-top tf_mw\" data-lazy=\"1\">\n        <div class=\"image-wrap tf_rel tf_mw\">\n\t\t    <img loading=\"lazy\" decoding=\"async\" src=\"http:\/\/www.fileasbl.be\/membres\/wp-content\/uploads\/2020\/06\/t\u00e9l\u00e9chargement.jpg\" width=\"224\" height=\"225\" title=\"L\u2019importance de la lecture \u2013 Conf\u00e9rence de Roxane de Limelette\" alt=\"L\u2019importance de la lecture \u2013 Conf\u00e9rence de Roxane de Limelette\">\t\n\t\t<\/div>\n\t<!-- \/image-wrap -->\n    \n    \t<\/div>\n<!-- \/module image -->\t        <\/div>\n\t    \t<\/div>\n\t\t<div  data-lazy=\"1\" class=\"module_column tb-column col4-1 second tb_vuna579 tf_box\">\n\t\t\t    \t        <div class=\"tb-column-inner tf_box tf_w\">\n\t\t    <!-- module text -->\n<div  class=\"module module-text tb_lfvh579  repeat \" data-lazy=\"1\">\n        <div  class=\"tb_text_wrap\">\n    <h4 style=\"text-align: center;\"><span style=\"color: #ffffff;\"><strong>L&rsquo;oiseau<\/strong><\/span><\/h4>    <\/div>\n<\/div>\n<!-- \/module text --><!-- module text -->\n<div  class=\"module module-text tb_kwik579   \" data-lazy=\"1\">\n        <div  class=\"tb_text_wrap\">\n    <p>Olivia Cosneau<br \/>Collection Ma Petite Nature, Amaterra, 2014<\/p>\n<p><em>Cette collection explique la nature de fa\u00e7on simple et ludique aux tout-petits. Chaque page est ajour\u00e9e et incite l&rsquo;enfant \u00e0 d\u00e9couvrir ce qui se passe derri\u00e8re. <\/em><\/p>    <\/div>\n<\/div>\n<!-- \/module text -->\t        <\/div>\n\t    \t<\/div>\n\t\t<div  data-lazy=\"1\" class=\"module_column tb-column col4-1 third tb_d0kz580 tf_box\">\n\t\t\t    \t        <div class=\"tb-column-inner tf_box tf_w\">\n\t\t    <!-- module image -->\n<div  class=\"module module-image tb_btla580   image-top tf_mw\" data-lazy=\"1\">\n        <div class=\"image-wrap tf_rel tf_mw\">\n\t\t    <img loading=\"lazy\" decoding=\"async\" src=\"http:\/\/www.fileasbl.be\/membres\/wp-content\/uploads\/2020\/05\/002117398.jpg\" width=\"684\" height=\"621\" title=\"L\u2019importance de la lecture \u2013 Conf\u00e9rence de Roxane de Limelette\" alt=\"L\u2019importance de la lecture \u2013 Conf\u00e9rence de Roxane de Limelette\">\t\n\t\t<\/div>\n\t<!-- \/image-wrap -->\n    \n    \t<\/div>\n<!-- \/module image -->\t        <\/div>\n\t    \t<\/div>\n\t\t<div  data-lazy=\"1\" class=\"module_column tb-column col4-1 last tb_byzk580 tf_box\">\n\t\t\t    \t        <div class=\"tb-column-inner tf_box tf_w\">\n\t\t    <!-- module text -->\n<div  class=\"module module-text tb_f7lm580  repeat \" data-lazy=\"1\">\n        <div  class=\"tb_text_wrap\">\n    <h4 style=\"text-align: center;\"><span style=\"color: #ffffff;\"><strong>C&rsquo;est la nuit !<\/strong><\/span><\/h4>    <\/div>\n<\/div>\n<!-- \/module text --><!-- module text -->\n<div  class=\"module module-text tb_nfdh580   \" data-lazy=\"1\">\n        <div  class=\"tb_text_wrap\">\n    <p>Magali Bonniol<\/p>\n<p>Ecole des Loisirs, 2013<\/p>\n<p><em>C&rsquo;est la nuit. Tout le monde dort, sauf le Petit Lapin en peluche d&rsquo;\u00c9tienne. \u00ab Comme j&rsquo;aimerais \u00eatre un vrai lapin sauvage et me promener sous la lune ! \u00bb se dit-il. Arm\u00e9 d&rsquo;un crayon pointu, au cas o\u00f9 il rencontrerait un renard, Petit Lapin s&rsquo;aventure dans le jardin. <\/em><\/p>    <\/div>\n<\/div>\n<!-- \/module text -->\t        <\/div>\n\t    \t<\/div>\n\t\t    <\/div>\n\t    <!-- \/row_inner -->\n\t<\/div>\n\t<!-- \/module_row -->\n\t\t<!-- module_row -->\n\t<div  data-lazy=\"1\" class=\"module_row themify_builder_row tb_zzx9689 tf_clearfix\">\n\t    \t\t<div class=\"row_inner col_align_top col-count-4 tf_box tf_w tf_rel\">\n\t\t\t<div  data-lazy=\"1\" class=\"module_column tb-column col4-1 first tb_kkf6690 tf_box\">\n\t\t\t    \t        <div class=\"tb-column-inner tf_box tf_w\">\n\t\t    <!-- module text -->\n<div  class=\"module module-text tb_8rfc691  repeat \" data-lazy=\"1\">\n        <div  class=\"tb_text_wrap\">\n    <h5 style=\"text-align: center;\"><span style=\"color: #ffffff;\"><strong>T\u2019as la trouille, Pistrouille\u00a0? <\/strong><\/span><\/h5>    <\/div>\n<\/div>\n<!-- \/module text --><!-- module text -->\n<div  class=\"module module-text tb_0h4z691   \" data-lazy=\"1\">\n        <div  class=\"tb_text_wrap\">\n    <p>Charlotte Ameling<br \/>Milan Eds, 2016<br \/><em><br \/>Tiraill\u00e9 entre la peur et l&rsquo;irr\u00e9sistible curiosit\u00e9 d&rsquo;affronter le loup, l&rsquo;enfant est invit\u00e9 \u00e0 suivre les empreintes de ses pas, \u00e0 caresser ses oreilles, \u00e0 tirer sa queue&#8230; jusqu&rsquo;\u00e0 tomber nez \u00e0 nez avec lui\u00a0!<\/em><\/p>    <\/div>\n<\/div>\n<!-- \/module text -->\t        <\/div>\n\t    \t<\/div>\n\t\t<div  data-lazy=\"1\" class=\"module_column tb-column col4-1 second tb_wbi9692 tf_box\">\n\t\t\t    \t        <div class=\"tb-column-inner tf_box tf_w\">\n\t\t    <!-- module image -->\n<div  class=\"module module-image tb_pksf692   image-top tf_mw\" data-lazy=\"1\">\n        <div class=\"image-wrap tf_rel tf_mw\">\n\t\t    <img loading=\"lazy\" decoding=\"async\" src=\"http:\/\/www.fileasbl.be\/membres\/wp-content\/uploads\/2020\/05\/T-as-la-trouille-pistrouille-.jpg\" width=\"340\" height=\"340\" title=\"L\u2019importance de la lecture \u2013 Conf\u00e9rence de Roxane de Limelette\" alt=\"L\u2019importance de la lecture \u2013 Conf\u00e9rence de Roxane de Limelette\">\t\n\t\t<\/div>\n\t<!-- \/image-wrap -->\n    \n    \t<\/div>\n<!-- \/module image -->\t        <\/div>\n\t    \t<\/div>\n\t\t<div  data-lazy=\"1\" class=\"module_column tb-column col4-1 third tb_p1k8692 tf_box\">\n\t\t\t    \t        <div class=\"tb-column-inner tf_box tf_w\">\n\t\t    <!-- module text -->\n<div  class=\"module module-text tb_fad9692  repeat \" data-lazy=\"1\">\n        <div  class=\"tb_text_wrap\">\n    <h5 style=\"text-align: center;\"><span style=\"color: #ffffff;\"><strong>La chenille qui fait des trous<\/strong><\/span><\/h5>    <\/div>\n<\/div>\n<!-- \/module text --><!-- module text -->\n<div  class=\"module module-text tb_1ecc692   \" data-lazy=\"1\">\n        <div  class=\"tb_text_wrap\">\n    <p>Eric Carle<br \/>Mijade, 1999<br \/><br \/><em>La petite chenille est tr\u00e8s gourmande. Au bout d\u2019une semaine, elle est devenue \u00e9norme\u2026<\/em><\/p>    <\/div>\n<\/div>\n<!-- \/module text -->\t        <\/div>\n\t    \t<\/div>\n\t\t<div  data-lazy=\"1\" class=\"module_column tb-column col4-1 last tb_wc0d693 tf_box\">\n\t\t\t    \t        <div class=\"tb-column-inner tf_box tf_w\">\n\t\t    <!-- module image -->\n<div  class=\"module module-image tb_y26g693   image-top tf_mw\" data-lazy=\"1\">\n        <div class=\"image-wrap tf_rel tf_mw\">\n\t\t    <img loading=\"lazy\" decoding=\"async\" src=\"http:\/\/www.fileasbl.be\/membres\/wp-content\/uploads\/2020\/05\/51P5H7abdAL._SX258_BO1204203200_.jpg\" width=\"260\" height=\"213\" title=\"L\u2019importance de la lecture \u2013 Conf\u00e9rence de Roxane de Limelette\" alt=\"L\u2019importance de la lecture \u2013 Conf\u00e9rence de Roxane de Limelette\">\t\n\t\t<\/div>\n\t<!-- \/image-wrap -->\n    \n    \t<\/div>\n<!-- \/module image -->\t        <\/div>\n\t    \t<\/div>\n\t\t    <\/div>\n\t    <!-- \/row_inner -->\n\t<\/div>\n\t<!-- \/module_row -->\n\t<\/div>\n<!--\/themify_builder_content-->","protected":false},"excerpt":{"rendered":"<p>En 2017, la FILE a organis\u00e9 deux matin\u00e9es de conf\u00e9rence sur l\u2019importance de la lecture avec Roxane de Limelette.<\/p>\n","protected":false},"author":2,"featured_media":13655,"comment_status":"open","ping_status":"open","sticky":false,"template":"","format":"standard","meta":{"footnotes":""},"categories":[325,300],"tags":[],"class_list":["post-13619","post","type-post","status-publish","format-standard","has-post-thumbnail","hentry","category-language","category-notes-pedagogiques","has-post-title","has-post-date","has-post-category","has-post-tag","has-post-comment","has-post-author",""],"yoast_head":"<!-- This site is optimized with the Yoast SEO plugin v27.5 - https:\/\/yoast.com\/product\/yoast-seo-wordpress\/ -->\n<title>L\u2019importance de la lecture \u2013 Conf\u00e9rence de Roxane de Limelette - Site de la FILE<\/title>\n<meta name=\"robots\" content=\"index, follow, max-snippet:-1, max-image-preview:large, max-video-preview:-1\" \/>\n<link rel=\"canonical\" href=\"https:\/\/www.fileasbl.be\/membres\/limportance-de-la-lecture-conference-de-roxane-de-limelette\/\" \/>\n<meta property=\"og:locale\" content=\"fr_FR\" \/>\n<meta property=\"og:type\" content=\"article\" \/>\n<meta property=\"og:title\" content=\"L\u2019importance de la lecture \u2013 Conf\u00e9rence de Roxane de Limelette - Site de la FILE\" \/>\n<meta property=\"og:description\" content=\"En 2017, la FILE a organis\u00e9 deux matin\u00e9es de conf\u00e9rence sur l\u2019importance de la lecture avec Roxane de Limelette.\" \/>\n<meta property=\"og:url\" content=\"https:\/\/www.fileasbl.be\/membres\/limportance-de-la-lecture-conference-de-roxane-de-limelette\/\" \/>\n<meta property=\"og:site_name\" content=\"Site de la FILE\" \/>\n<meta property=\"article:publisher\" content=\"https:\/\/www.facebook.com\/fileasbl\/\" \/>\n<meta property=\"article:published_time\" content=\"2020-05-28T13:38:37+00:00\" \/>\n<meta property=\"article:modified_time\" content=\"2025-09-04T08:51:45+00:00\" \/>\n<meta property=\"og:image\" content=\"https:\/\/www.fileasbl.be\/membres\/wp-content\/uploads\/2020\/05\/Site-A-la-une-Lecture-1024x512.jpg\" \/>\n\t<meta property=\"og:image:width\" content=\"1024\" \/>\n\t<meta property=\"og:image:height\" content=\"512\" \/>\n\t<meta property=\"og:image:type\" content=\"image\/jpeg\" \/>\n<meta name=\"author\" content=\"Contact FILE\" \/>\n<meta name=\"twitter:card\" content=\"summary_large_image\" \/>\n<meta name=\"twitter:label1\" content=\"\u00c9crit par\" \/>\n\t<meta name=\"twitter:data1\" content=\"Contact FILE\" \/>\n\t<meta name=\"twitter:label2\" content=\"Dur\u00e9e de lecture estim\u00e9e\" \/>\n\t<meta name=\"twitter:data2\" content=\"10 minutes\" \/>\n<script type=\"application\/ld+json\" class=\"yoast-schema-graph\">{\"@context\":\"https:\\\/\\\/schema.org\",\"@graph\":[{\"@type\":\"Article\",\"@id\":\"https:\\\/\\\/www.fileasbl.be\\\/membres\\\/limportance-de-la-lecture-conference-de-roxane-de-limelette\\\/#article\",\"isPartOf\":{\"@id\":\"https:\\\/\\\/www.fileasbl.be\\\/membres\\\/limportance-de-la-lecture-conference-de-roxane-de-limelette\\\/\"},\"author\":{\"name\":\"Contact FILE\",\"@id\":\"https:\\\/\\\/www.fileasbl.be\\\/membres\\\/#\\\/schema\\\/person\\\/5954a0c68c3a6f92f805465caa00d25f\"},\"headline\":\"L\u2019importance de la lecture \u2013 Conf\u00e9rence de Roxane de Limelette\",\"datePublished\":\"2020-05-28T13:38:37+00:00\",\"dateModified\":\"2025-09-04T08:51:45+00:00\",\"mainEntityOfPage\":{\"@id\":\"https:\\\/\\\/www.fileasbl.be\\\/membres\\\/limportance-de-la-lecture-conference-de-roxane-de-limelette\\\/\"},\"wordCount\":2111,\"commentCount\":0,\"image\":{\"@id\":\"https:\\\/\\\/www.fileasbl.be\\\/membres\\\/limportance-de-la-lecture-conference-de-roxane-de-limelette\\\/#primaryimage\"},\"thumbnailUrl\":\"https:\\\/\\\/www.fileasbl.be\\\/membres\\\/wp-content\\\/uploads\\\/2020\\\/05\\\/Site-A-la-une-Lecture.jpg\",\"articleSection\":[\"Langage\",\"Notes p\u00e9dagogiques\"],\"inLanguage\":\"fr-FR\",\"potentialAction\":[{\"@type\":\"CommentAction\",\"name\":\"Comment\",\"target\":[\"https:\\\/\\\/www.fileasbl.be\\\/membres\\\/limportance-de-la-lecture-conference-de-roxane-de-limelette\\\/#respond\"]}]},{\"@type\":\"WebPage\",\"@id\":\"https:\\\/\\\/www.fileasbl.be\\\/membres\\\/limportance-de-la-lecture-conference-de-roxane-de-limelette\\\/\",\"url\":\"https:\\\/\\\/www.fileasbl.be\\\/membres\\\/limportance-de-la-lecture-conference-de-roxane-de-limelette\\\/\",\"name\":\"L\u2019importance de la lecture \u2013 Conf\u00e9rence de Roxane de Limelette - Site de la FILE\",\"isPartOf\":{\"@id\":\"https:\\\/\\\/www.fileasbl.be\\\/membres\\\/#website\"},\"primaryImageOfPage\":{\"@id\":\"https:\\\/\\\/www.fileasbl.be\\\/membres\\\/limportance-de-la-lecture-conference-de-roxane-de-limelette\\\/#primaryimage\"},\"image\":{\"@id\":\"https:\\\/\\\/www.fileasbl.be\\\/membres\\\/limportance-de-la-lecture-conference-de-roxane-de-limelette\\\/#primaryimage\"},\"thumbnailUrl\":\"https:\\\/\\\/www.fileasbl.be\\\/membres\\\/wp-content\\\/uploads\\\/2020\\\/05\\\/Site-A-la-une-Lecture.jpg\",\"datePublished\":\"2020-05-28T13:38:37+00:00\",\"dateModified\":\"2025-09-04T08:51:45+00:00\",\"author\":{\"@id\":\"https:\\\/\\\/www.fileasbl.be\\\/membres\\\/#\\\/schema\\\/person\\\/5954a0c68c3a6f92f805465caa00d25f\"},\"breadcrumb\":{\"@id\":\"https:\\\/\\\/www.fileasbl.be\\\/membres\\\/limportance-de-la-lecture-conference-de-roxane-de-limelette\\\/#breadcrumb\"},\"inLanguage\":\"fr-FR\",\"potentialAction\":[{\"@type\":\"ReadAction\",\"target\":[\"https:\\\/\\\/www.fileasbl.be\\\/membres\\\/limportance-de-la-lecture-conference-de-roxane-de-limelette\\\/\"]}]},{\"@type\":\"ImageObject\",\"inLanguage\":\"fr-FR\",\"@id\":\"https:\\\/\\\/www.fileasbl.be\\\/membres\\\/limportance-de-la-lecture-conference-de-roxane-de-limelette\\\/#primaryimage\",\"url\":\"https:\\\/\\\/www.fileasbl.be\\\/membres\\\/wp-content\\\/uploads\\\/2020\\\/05\\\/Site-A-la-une-Lecture.jpg\",\"contentUrl\":\"https:\\\/\\\/www.fileasbl.be\\\/membres\\\/wp-content\\\/uploads\\\/2020\\\/05\\\/Site-A-la-une-Lecture.jpg\",\"width\":1600,\"height\":800},{\"@type\":\"BreadcrumbList\",\"@id\":\"https:\\\/\\\/www.fileasbl.be\\\/membres\\\/limportance-de-la-lecture-conference-de-roxane-de-limelette\\\/#breadcrumb\",\"itemListElement\":[{\"@type\":\"ListItem\",\"position\":1,\"name\":\"Accueil\",\"item\":\"https:\\\/\\\/www.fileasbl.be\\\/membres\\\/\"},{\"@type\":\"ListItem\",\"position\":2,\"name\":\"L\u2019importance de la lecture \u2013 Conf\u00e9rence de Roxane de Limelette\"}]},{\"@type\":\"WebSite\",\"@id\":\"https:\\\/\\\/www.fileasbl.be\\\/membres\\\/#website\",\"url\":\"https:\\\/\\\/www.fileasbl.be\\\/membres\\\/\",\"name\":\"Site de la FILE\",\"description\":\"FILE Un accueil de qualit\u00e9 accessible \u00e0 tous\",\"potentialAction\":[{\"@type\":\"SearchAction\",\"target\":{\"@type\":\"EntryPoint\",\"urlTemplate\":\"https:\\\/\\\/www.fileasbl.be\\\/membres\\\/?s={search_term_string}\"},\"query-input\":{\"@type\":\"PropertyValueSpecification\",\"valueRequired\":true,\"valueName\":\"search_term_string\"}}],\"inLanguage\":\"fr-FR\"},{\"@type\":\"Person\",\"@id\":\"https:\\\/\\\/www.fileasbl.be\\\/membres\\\/#\\\/schema\\\/person\\\/5954a0c68c3a6f92f805465caa00d25f\",\"name\":\"Contact FILE\",\"url\":\"https:\\\/\\\/www.fileasbl.be\\\/membres\\\/author\\\/contactfile\\\/\"}]}<\/script>\n<!-- \/ Yoast SEO plugin. -->","yoast_head_json":{"title":"L\u2019importance de la lecture \u2013 Conf\u00e9rence de Roxane de Limelette - Site de la FILE","robots":{"index":"index","follow":"follow","max-snippet":"max-snippet:-1","max-image-preview":"max-image-preview:large","max-video-preview":"max-video-preview:-1"},"canonical":"https:\/\/www.fileasbl.be\/membres\/limportance-de-la-lecture-conference-de-roxane-de-limelette\/","og_locale":"fr_FR","og_type":"article","og_title":"L\u2019importance de la lecture \u2013 Conf\u00e9rence de Roxane de Limelette - Site de la FILE","og_description":"En 2017, la FILE a organis\u00e9 deux matin\u00e9es de conf\u00e9rence sur l\u2019importance de la lecture avec Roxane de Limelette.","og_url":"https:\/\/www.fileasbl.be\/membres\/limportance-de-la-lecture-conference-de-roxane-de-limelette\/","og_site_name":"Site de la FILE","article_publisher":"https:\/\/www.facebook.com\/fileasbl\/","article_published_time":"2020-05-28T13:38:37+00:00","article_modified_time":"2025-09-04T08:51:45+00:00","og_image":[{"width":1024,"height":512,"url":"https:\/\/www.fileasbl.be\/membres\/wp-content\/uploads\/2020\/05\/Site-A-la-une-Lecture-1024x512.jpg","type":"image\/jpeg"}],"author":"Contact FILE","twitter_card":"summary_large_image","twitter_misc":{"\u00c9crit par":"Contact FILE","Dur\u00e9e de lecture estim\u00e9e":"10 minutes"},"schema":{"@context":"https:\/\/schema.org","@graph":[{"@type":"Article","@id":"https:\/\/www.fileasbl.be\/membres\/limportance-de-la-lecture-conference-de-roxane-de-limelette\/#article","isPartOf":{"@id":"https:\/\/www.fileasbl.be\/membres\/limportance-de-la-lecture-conference-de-roxane-de-limelette\/"},"author":{"name":"Contact FILE","@id":"https:\/\/www.fileasbl.be\/membres\/#\/schema\/person\/5954a0c68c3a6f92f805465caa00d25f"},"headline":"L\u2019importance de la lecture \u2013 Conf\u00e9rence de Roxane de Limelette","datePublished":"2020-05-28T13:38:37+00:00","dateModified":"2025-09-04T08:51:45+00:00","mainEntityOfPage":{"@id":"https:\/\/www.fileasbl.be\/membres\/limportance-de-la-lecture-conference-de-roxane-de-limelette\/"},"wordCount":2111,"commentCount":0,"image":{"@id":"https:\/\/www.fileasbl.be\/membres\/limportance-de-la-lecture-conference-de-roxane-de-limelette\/#primaryimage"},"thumbnailUrl":"https:\/\/www.fileasbl.be\/membres\/wp-content\/uploads\/2020\/05\/Site-A-la-une-Lecture.jpg","articleSection":["Langage","Notes p\u00e9dagogiques"],"inLanguage":"fr-FR","potentialAction":[{"@type":"CommentAction","name":"Comment","target":["https:\/\/www.fileasbl.be\/membres\/limportance-de-la-lecture-conference-de-roxane-de-limelette\/#respond"]}]},{"@type":"WebPage","@id":"https:\/\/www.fileasbl.be\/membres\/limportance-de-la-lecture-conference-de-roxane-de-limelette\/","url":"https:\/\/www.fileasbl.be\/membres\/limportance-de-la-lecture-conference-de-roxane-de-limelette\/","name":"L\u2019importance de la lecture \u2013 Conf\u00e9rence de Roxane de Limelette - Site de la FILE","isPartOf":{"@id":"https:\/\/www.fileasbl.be\/membres\/#website"},"primaryImageOfPage":{"@id":"https:\/\/www.fileasbl.be\/membres\/limportance-de-la-lecture-conference-de-roxane-de-limelette\/#primaryimage"},"image":{"@id":"https:\/\/www.fileasbl.be\/membres\/limportance-de-la-lecture-conference-de-roxane-de-limelette\/#primaryimage"},"thumbnailUrl":"https:\/\/www.fileasbl.be\/membres\/wp-content\/uploads\/2020\/05\/Site-A-la-une-Lecture.jpg","datePublished":"2020-05-28T13:38:37+00:00","dateModified":"2025-09-04T08:51:45+00:00","author":{"@id":"https:\/\/www.fileasbl.be\/membres\/#\/schema\/person\/5954a0c68c3a6f92f805465caa00d25f"},"breadcrumb":{"@id":"https:\/\/www.fileasbl.be\/membres\/limportance-de-la-lecture-conference-de-roxane-de-limelette\/#breadcrumb"},"inLanguage":"fr-FR","potentialAction":[{"@type":"ReadAction","target":["https:\/\/www.fileasbl.be\/membres\/limportance-de-la-lecture-conference-de-roxane-de-limelette\/"]}]},{"@type":"ImageObject","inLanguage":"fr-FR","@id":"https:\/\/www.fileasbl.be\/membres\/limportance-de-la-lecture-conference-de-roxane-de-limelette\/#primaryimage","url":"https:\/\/www.fileasbl.be\/membres\/wp-content\/uploads\/2020\/05\/Site-A-la-une-Lecture.jpg","contentUrl":"https:\/\/www.fileasbl.be\/membres\/wp-content\/uploads\/2020\/05\/Site-A-la-une-Lecture.jpg","width":1600,"height":800},{"@type":"BreadcrumbList","@id":"https:\/\/www.fileasbl.be\/membres\/limportance-de-la-lecture-conference-de-roxane-de-limelette\/#breadcrumb","itemListElement":[{"@type":"ListItem","position":1,"name":"Accueil","item":"https:\/\/www.fileasbl.be\/membres\/"},{"@type":"ListItem","position":2,"name":"L\u2019importance de la lecture \u2013 Conf\u00e9rence de Roxane de Limelette"}]},{"@type":"WebSite","@id":"https:\/\/www.fileasbl.be\/membres\/#website","url":"https:\/\/www.fileasbl.be\/membres\/","name":"Site de la FILE","description":"FILE Un accueil de qualit\u00e9 accessible \u00e0 tous","potentialAction":[{"@type":"SearchAction","target":{"@type":"EntryPoint","urlTemplate":"https:\/\/www.fileasbl.be\/membres\/?s={search_term_string}"},"query-input":{"@type":"PropertyValueSpecification","valueRequired":true,"valueName":"search_term_string"}}],"inLanguage":"fr-FR"},{"@type":"Person","@id":"https:\/\/www.fileasbl.be\/membres\/#\/schema\/person\/5954a0c68c3a6f92f805465caa00d25f","name":"Contact FILE","url":"https:\/\/www.fileasbl.be\/membres\/author\/contactfile\/"}]}},"builder_content":"<img src=\"http:\/\/www.fileasbl.be\/membres\/wp-content\/uploads\/2020\/05\/Bandeau-article-800-150-Lecture.jpg\" title=\"L\u2019importance de la lecture \u2013 Conf\u00e9rence de Roxane de Limelette\" alt=\"L\u2019importance de la lecture \u2013 Conf\u00e9rence de Roxane de Limelette\">\n<p>En 2017, la FILE a organis\u00e9 deux matin\u00e9es de conf\u00e9rence sur l\u2019importance de la lecture avec Roxane de Limelette. <br><u><br><\/u><u>Intervenante <em>:<\/em><\/u><strong> Roxane de Limelette<br><br><\/strong><\/p> <figure id=\"attachment_13648\" style=\"width: 300px;\" aria-describedby=\"caption-attachment-13648\"><a href=\"http:\/\/www.fileasbl.be\/membres\/wp-content\/uploads\/2020\/05\/05-1.jpg\"><img loading=\"lazy\" decoding=\"async\" src=\"http:\/\/www.fileasbl.be\/membres\/wp-content\/uploads\/2020\/05\/05-1-300x169.jpg\" alt=\"\" width=\"300\" height=\"169\" srcset=\"https:\/\/www.fileasbl.be\/membres\/wp-content\/uploads\/2020\/05\/05-1-300x169.jpg 300w, https:\/\/www.fileasbl.be\/membres\/wp-content\/uploads\/2020\/05\/05-1-768x432.jpg 768w, https:\/\/www.fileasbl.be\/membres\/wp-content\/uploads\/2020\/05\/05-1-1024x576.jpg 1024w, https:\/\/www.fileasbl.be\/membres\/wp-content\/uploads\/2020\/05\/05-1-400x225.jpg 400w, https:\/\/www.fileasbl.be\/membres\/wp-content\/uploads\/2020\/05\/05-1.jpg 1280w\" sizes=\"auto, (max-width: 300px) 100vw, 300px\" \/><\/a> <figcaption id=\"caption-attachment-13648\">Source image : airdefamilles.be<\/figcaption> <\/figure> <p>Psychologue clinicienne et com\u00e9dienne, form\u00e9e \u00e0 la cr\u00e9ation, l\u2019animation et l\u2019accompagnement de projets\/coins lecture avec les tout-petits aupr\u00e8s de l\u2019association ACCES \u2013 Actions Culturelles Contre les Exclusions et les S\u00e9gr\u00e9gations (Paris).<\/p> <p><br>Quel plaisir d\u2019\u00e9couter Roxane, passionn\u00e9e et passionnante nous parler des albums jeunesses et de son exp\u00e9rience avec les livres et les enfants.<\/p> <p>Lorsque celle-ci commence \u00e0 parler du livre, de la lecture d\u00e8s le plus jeune \u00e2ge, vous \u00eates embarqu\u00e9s dans son monde et sa passion. Que vous aimiez ou non lire, Roxane sait vous emmener avec elle en voyage au fil des nombreux livres qui l\u2019accompagnent lors des rencontres. Elle transmet avec aisance et passion sa conviction de <strong>l\u2019importance d\u2019introduire d\u00e8s le plus jeune \u00e2ge le livre chez tous les enfants, sans barri\u00e8re ni d\u00e9terminisme social<\/strong>. C\u2019est avec beaucoup de conviction et de justesse qu\u2019elle pr\u00e9cise que <strong>jusque 5-6 ans, tous les enfants aiment les histoires<\/strong>. Ce n\u2019est que par la suite que certains enfants se d\u00e9tournent des livres parce que bien souvent la lecture devient une contrainte et non plus un plaisir. <br><br>Roxane insiste sur <strong>les avantages de la lecture<\/strong>. Elle soutient le d\u00e9veloppement de l\u2019enfant, l\u2019accompagne dans tous les moments faciles ou difficiles de sa vie. Avec les livres, on peut faire et dire ce qui n\u2019est pas toujours permis dans le quotidien. Le livre donne du sens aux \u00e9v\u00e9nements, soutient la cr\u00e9ativit\u00e9, l\u2019imaginaire et le d\u00e9veloppement du langage narratif. <br>Plus l\u2019enfant sera baign\u00e9 dans le monde du livre t\u00f4t plus il augmentera ses chances de r\u00e9ussite scolaire. En effet, le niveau de vocabulaire constitue un meilleur pr\u00e9dicteur de r\u00e9ussite scolaire que le QI.<\/p> <p>Elle nous rappelle \u00e9galement que tous les b\u00e9b\u00e9s viennent au monde avec <strong>des comp\u00e9tences et des capacit\u00e9s au niveau du langage<\/strong>. Le nouveau-n\u00e9 acc\u00e8de au langage car on lui parle d\u00e8s sa naissance. Le langage utilis\u00e9 avec le b\u00e9b\u00e9 (motherese) est fait de r\u00e9p\u00e9titions et de sonorit\u00e9s courtes. Il s\u2019agit d\u2019un langage rassurant pour les enfants.<\/p> <p>L\u2019importance de la lecture individuelle est aussi mise en avant car elle permet de donner un meilleur acc\u00e8s \u00e0 la lecture et offre un moment personnalis\u00e9 avec l\u2019enfant.<\/p> <p>Pour terminer, voici les quelques \u00ab\u00a0trucs et astuces\u00a0\u00bb de Roxane de Limelette\u00a0:<\/p> <p>\u00a0<\/p> <ul> <li>Un bon livre est un livre qui peut accompagner l\u2019enfant pendant plusieurs ann\u00e9es.<\/li> <li>Le livre ne sera plus ab\u00eem\u00e9 quand l\u2019enfant le consid\u00e9rera comme un tr\u00e9sor, son tr\u00e9sor. L\u2019enfant comprendra que le livre est pr\u00e9cieux car il verra l\u2019importance que vous lui donnez.<\/li> <li>C\u2019est mieux que l\u2019enfant puisse voir l\u2019image au moment o\u00f9 on lit le texte pour deux raisons : d\u2019une part, car montrer l\u2019image apr\u00e8s la lecture saccade l\u2019histoire et d\u2019autre part, car dans de nombreux livres r\u00e9cents, les images ne racontent pas toujours la m\u00eame histoire que celle qui est \u00e9crite. La d\u00e9couverte de ces petites incoh\u00e9rences peut \u00eatre source de plaisir pour les enfants.<\/li> <li>L\u2019enfant prend plaisir \u00e0 \u00e9couter la m\u00eame histoire car \u00e7a le rassure, il garde un certain contr\u00f4le.<\/li> <li>L\u2019enfant prend beaucoup de plaisir \u00e0 d\u00e9couvrir par lui-m\u00eame, laissons-le donc<\/li> <li>Il est important de mettre \u00e0 disposition des enfants des livres en bon \u00e9tat. En effet, un livre d\u00e9chir\u00e9 donne l\u2019envie de le d\u00e9chirer.<\/li> <li>Croyons en la comp\u00e9tence de nos enfants !<\/li> <li>Un enfant saura toujours choisir le livre qui lui fait du bien au moment voulu\u2026 Il sait !<\/li> <li>Lorsque vous lisez un livre de qualit\u00e9, ne changez pas le texte, ne le raccourcissez pas ou ne modifiez pas les mots par peur que l\u2019enfant ne comprenne pas le vocabulaire. Si l\u2019auteur est bon alors, l\u2019histoire et le vocabulaire ont \u00e9t\u00e9 pens\u00e9s pour convenir \u00e0 l\u2019enfant.<\/li> <li>Il est bien de pr\u00e9senter les livres sur un pr\u00e9sentoir ou dans un bac o\u00f9 l\u2019enfant sait facilement les voir, les toucher en tout cas avant l\u2019\u00e2ge de l\u2019acc\u00e8s \u00e0 la lecture.<\/li> <li>N\u2019h\u00e9sitez pas \u00e0 varier les livres, les graphismes car chaque enfant est unique et peut \u00eatre int\u00e9ress\u00e9 par des choses diff\u00e9rentes.<\/li> <li>Un enfant qui bouge tout autour de vous pendant que vous lisez est peut-\u00eatre un enfant qui ne se sent pas concern\u00e9 par l\u2019histoire que vous \u00eates en train de lire et qui se trouve dans tout autre chose <strong>mais<\/strong> il est \u00e9galement possible qu\u2019il soit tout de m\u00eame en train de vous \u00e9couter car n\u2019oublions pas que la pens\u00e9e se construit par la motricit\u00e9 chez les plus jeunes\u2026 Il faut donc \u00eatre attentif et essayer de d\u00e9celer s\u2019il s\u2019agit de l\u2019un ou de l\u2019autre.<\/li> <li>Il n\u2019est pas n\u00e9cessaire d\u2019interpr\u00e9ter la lecture que l\u2019on fait car plus on interpr\u00e8te (ex : voix m\u00e9chante sur le loup) moins on laisse l\u2019enfant comprendre l\u2019histoire avec sa personnalit\u00e9.<\/li> <li>D\u00e8s que l\u2019enfant sait se saisir d\u2019un livre, on peut lui proposer des livres solides et cartonn\u00e9s.<\/li> <li>L\u2019enfant mord, l\u00e8che, marche sur le livre\u2026 en fait c\u2019est l\u2019apprentissage de la lecture qui est en cours\u2026 c\u2019est son \u00ab 4 pattes \u00bb de la lecture.<\/li> <\/ul>\n<img src=\"http:\/\/www.fileasbl.be\/membres\/wp-content\/uploads\/2020\/05\/Lecture-1.jpg\" title=\"L\u2019importance de la lecture \u2013 Conf\u00e9rence de Roxane de Limelette\" alt=\"L\u2019importance de la lecture \u2013 Conf\u00e9rence de Roxane de Limelette\">\n<img src=\"http:\/\/www.fileasbl.be\/membres\/wp-content\/uploads\/2020\/05\/Lecture-3.jpg\" title=\"L\u2019importance de la lecture \u2013 Conf\u00e9rence de Roxane de Limelette\" alt=\"L\u2019importance de la lecture \u2013 Conf\u00e9rence de Roxane de Limelette\">\n<img src=\"http:\/\/www.fileasbl.be\/membres\/wp-content\/uploads\/2020\/05\/Lecture-2.jpg\" title=\"L\u2019importance de la lecture \u2013 Conf\u00e9rence de Roxane de Limelette\" alt=\"L\u2019importance de la lecture \u2013 Conf\u00e9rence de Roxane de Limelette\">\n<img src=\"http:\/\/www.fileasbl.be\/membres\/wp-content\/uploads\/2020\/05\/Lecture-4.jpg\" title=\"L\u2019importance de la lecture \u2013 Conf\u00e9rence de Roxane de Limelette\" alt=\"L\u2019importance de la lecture \u2013 Conf\u00e9rence de Roxane de Limelette\">\n<p style=\"text-align: center;\">ROXANE chez EPATT Les Galipettes \u00e0 Tournai<\/p>\n<p style=\"text-align: center;\">ROXANE \u00e0 l\u2019accueil extra-scolaire \u00e0 Huy- Asbl \u00ab Petit \u00e0 Petit \u00bb<\/p>\n<h3><strong>Id\u00e9es d\u2019albums pour les petits<\/strong><\/h3> <hr \/> <p><strong>(<a href=\"http:\/\/www.fileasbl.be\/membres\/wp-content\/uploads\/2020\/05\/Liste-dalbums-article-lecture.pdf\">Liste pdf - 1.58MB<\/a>)<\/strong><\/p> <p>\u00a0<\/p>\n<img src=\"http:\/\/www.fileasbl.be\/membres\/wp-content\/uploads\/2020\/05\/Livre-LouLou-PETITE-BIBLIOTHEQUE-31.jpg\" width=\"300\" height=\"320\" title=\"L\u2019importance de la lecture \u2013 Conf\u00e9rence de Roxane de Limelette\" alt=\"L\u2019importance de la lecture \u2013 Conf\u00e9rence de Roxane de Limelette\">\n<h5 style=\"text-align: center;\"><strong>Loulou<\/strong><\/h5>\n<p>Gr\u00e9goire Solotareff <br \/>Ecole des Loisirs, 1989<\/p> <p><em>Loulou, un jeune loup, fait la rencontre de Tom, un petit lapin. Ils se lient d'amiti\u00e9 et grandissent ensemble, jouant tant\u00f4t \u00e0 \"Peur-du-loup\", tant\u00f4t \u00e0 \"Peur-du-lapin\" !<\/em><em> Jusqu'au jour o\u00f9 Loulou effraye tellement Tom, que celui-ci d\u00e9cide de ne plus sortir de chez lui... Une fable inoubliable sur le th\u00e8me d'une amiti\u00e9 qui para\u00eet impossible.<\/em><\/p>\n<img src=\"http:\/\/www.fileasbl.be\/membres\/wp-content\/uploads\/2020\/05\/13870.jpg\" width=\"1000\" height=\"1000\" title=\"L\u2019importance de la lecture \u2013 Conf\u00e9rence de Roxane de Limelette\" alt=\"L\u2019importance de la lecture \u2013 Conf\u00e9rence de Roxane de Limelette\">\n<h5 style=\"text-align: center;\"><strong>La couleur des \u00e9motions<\/strong><\/h5>\n<p>Anna Llenas<br \/>Quatre Fleuves Eds, 2014 <br \/><br \/><em>Le <\/em><em>monstre gentil des couleurs partage avec les enfants la couleur de ses sentiments. Chaque pliage exprime une \u00e9motion que les enfants peuvent s'amuser \u00e0 reconna\u00eetre.<\/em><\/p>\n<h5 style=\"text-align: center;\"><strong>Regarde !<\/strong><\/h5>\n<p>Corinne Dreyfuss<\/p> <p>\u00c9ditions Seuil Jeunesse, 2018<\/p> <p><em>Il suffit de prendre un enfant par la main pour l\u2019emmener au jardin. Regarde ! Ouvre grand tes yeux ! Dans ce jardin c\u2019est \u00e0 toi de jouer : gratter la terre, taper dans tes mains pour chasser les oiseaux, arroser, cueillir des fruits, d\u00e9couvrir qui se cache dans les hautes herbes, poursuivre une sauterelle, sentir les fleurs\u2026Un album tendre et interactif pour apprendre \u00e0 regarder, \u00e0 prendre son temps et d\u00e9couvrir les joies du jardin.<\/em><\/p>\n<img src=\"http:\/\/www.fileasbl.be\/membres\/wp-content\/uploads\/2020\/05\/ob_66e89b_9791023510386fs.gif\" width=\"475\" height=\"485\" title=\"L\u2019importance de la lecture \u2013 Conf\u00e9rence de Roxane de Limelette\" alt=\"L\u2019importance de la lecture \u2013 Conf\u00e9rence de Roxane de Limelette\">\n<h5 style=\"text-align: center;\"><strong>Bon...<\/strong><\/h5>\n<p>Anne Ashb\u00e9<br \/>Pastel, Ecole des Loisirs, 2019<br \/><br \/><em>Petit canard sort de son oeuf. Qu'il est beau ! Mais il tombe dans l'eau... Il y a aussi deux, trois, quatre petits canards qui s'en vont sur l'eau, et puis s'envolent tr\u00e8s tr\u00e8s haut !<\/em><\/p>\n<img src=\"http:\/\/www.fileasbl.be\/membres\/wp-content\/uploads\/2020\/05\/jeanne-ashbe-bon-1.jpg\" width=\"340\" height=\"340\" title=\"L\u2019importance de la lecture \u2013 Conf\u00e9rence de Roxane de Limelette\" alt=\"L\u2019importance de la lecture \u2013 Conf\u00e9rence de Roxane de Limelette\">\n<img src=\"http:\/\/www.fileasbl.be\/membres\/wp-content\/uploads\/2020\/05\/jardiniers.jpg\" width=\"372\" height=\"450\" title=\"L\u2019importance de la lecture \u2013 Conf\u00e9rence de Roxane de Limelette\" alt=\"L\u2019importance de la lecture \u2013 Conf\u00e9rence de Roxane de Limelette\">\n<h5 style=\"text-align: center;\"><strong>L\u2019imagerie des petits jardiniers<\/strong><\/h5>\n<p>Philippe Simon &amp;\u00a0Marie-Laure Bouet \u00a0<br \/>Les imageries, Fleurus, 2013<br \/><br \/><em>Pour les jardiniers en herbe qui souhaitent faire des plantations sur le balcon, dans la maison ou au jardin... Permet d\u2019appr\u00e9hender le monde du jardinage.<\/em><\/p>\n<img src=\"http:\/\/www.fileasbl.be\/membres\/wp-content\/uploads\/2020\/05\/cvt_Super-Bobo_8611.jpeg\" width=\"245\" height=\"256\" title=\"L\u2019importance de la lecture \u2013 Conf\u00e9rence de Roxane de Limelette\" alt=\"L\u2019importance de la lecture \u2013 Conf\u00e9rence de Roxane de Limelette\">\n<h5 style=\"text-align: center;\"><strong>Super bobo<\/strong><\/h5>\n<p>Beno\u00eet Charlat<br \/>Ecole des Loisirs, 2008<br \/><br \/><em>Super Bobo a tellement de bobos partout qu\u2019il est oblig\u00e9 de rester au lit\u2026 \u00e0 moins qu\u2019une bonne brioche au chocolat ne le gu\u00e9risse de tous ses maux\u2009!<\/em><\/p>\n<h5 style=\"text-align: center;\"><strong>Mon grand imagier de la nature<\/strong><\/h5>\n<p>Bathie Holly &amp; Cabrol Marta<br \/>\u00c9ditions Usborne, 2018<br \/><br \/><em>Les tout-petits trouveront un tas de choses \u00e0 observer et \u00e0 nommer dans ce bel imagier : des oiseaux, des animaux sauvages, des plantes\u2026 <br \/>Pour int\u00e9resser les enfants \u00e0 la nature et les inciter \u00e0 rep\u00e9rer les animaux, les plantes et les fleurs lors de promenades au parc ou \u00e0 la campagne. <\/em><\/p>\n<img src=\"http:\/\/www.fileasbl.be\/membres\/wp-content\/uploads\/2020\/05\/119656308.jpg\" width=\"698\" height=\"800\" title=\"L\u2019importance de la lecture \u2013 Conf\u00e9rence de Roxane de Limelette\" alt=\"L\u2019importance de la lecture \u2013 Conf\u00e9rence de Roxane de Limelette\">\n<h5 style=\"text-align: center;\"><strong>Picoti\u2026 tous partis\u00a0?<\/strong><\/h5>\n<p>Fran\u00e7oise Rogier<br \/>Cr\u00e9\u00e9 dans le cadre de la Fureur de lire et du Plan Lecture. Coordination \u00e9ditoriale : \u00c0 pas de loups, 2017<br \/><br \/><em>Picoti\u2026 Tous partis ? s\u2019inspire de la comptine Une poule sur un mur. La comptine se d\u00e9finit comme une formule simple et courte qui appartient au patrimoine culturel. Elle m\u00eale le geste \u00e0 la parole rythm\u00e9e et rim\u00e9e.<\/em><\/p>\n<img src=\"http:\/\/www.fileasbl.be\/membres\/wp-content\/uploads\/2020\/05\/Picoti...Touspartis-Couverture-Fran\u00e7oiseRogier.jpg\" width=\"1000\" height=\"1020\" title=\"L\u2019importance de la lecture \u2013 Conf\u00e9rence de Roxane de Limelette\" alt=\"L\u2019importance de la lecture \u2013 Conf\u00e9rence de Roxane de Limelette\">\n<img src=\"http:\/\/www.fileasbl.be\/membres\/wp-content\/uploads\/2020\/05\/51E4-tnBxRL._SX394_BO1204203200_.jpg\" width=\"396\" height=\"499\" title=\"L\u2019importance de la lecture \u2013 Conf\u00e9rence de Roxane de Limelette\" alt=\"L\u2019importance de la lecture \u2013 Conf\u00e9rence de Roxane de Limelette\">\n<h5 style=\"text-align: center;\"><strong>CHHHT\u00a0! <\/strong><\/h5>\n<p>Peter Utton &amp; Sally Grindley<br \/>Pastel, Ecole des Loisirs, 1991<em><br \/><br \/>Chut ! Il ne faut surtout pas faire de bruit !<br \/>Un ogre amateur de chair fra\u00eeche fait sa sieste dans un recoin du ch\u00e2teau, et il ne faut pas le r\u00e9veiller, sinon...<br \/>Un album anim\u00e9 palpitant dans lequel chaque volet \u00e0 soulever r\u00e9serve bien des surprises.<br \/>Suspens et humour garanti \u00e0 chaque page !<br \/><\/em><\/p>\n<h5 style=\"text-align: center;\"><strong>Caca Boudin<\/strong><\/h5>\n<p>St\u00e9phanie Blake<br \/>Ecole des Loisirs, 2004<\/p> <p><em>Il \u00e9tait une fois un petit lapin qui ne savait dire qu'une chose : CACA BOUDIN ! Du matin au soir et du soir au matin : CACA BOUDIN ! \u00c0 l'heure de la soupe et \u00e0 l'heure du bain : CACA BOUDIN ! Il manque un loup \u00e0 cette histoire, le voil\u00e0, tiens : CACA BOUDIN !<\/em><\/p>\n<img src=\"http:\/\/www.fileasbl.be\/membres\/wp-content\/uploads\/2020\/05\/9782211067089.jpg\" width=\"340\" height=\"340\" title=\"L\u2019importance de la lecture \u2013 Conf\u00e9rence de Roxane de Limelette\" alt=\"L\u2019importance de la lecture \u2013 Conf\u00e9rence de Roxane de Limelette\">\n<h5 style=\"text-align: center;\"><strong>Grosse col\u00e8re<\/strong><\/h5>\n<p>Mireille D\u2019allanc\u00e9<br>Ecole des Loisirs, 2004<\/p> <p><em>Robert a pass\u00e9 une tr\u00e8s mauvaise journ\u00e9e. Il n'est pas de bonne humeur et en plus, son papa l'a envoy\u00e9 dans sa chambre. Alors Robert sent tout \u00e0 coup monter une Chose terrible. Une Chose qui peut faire de gros, gros d\u00e9g\u00e2ts... si on ne l'arr\u00eate pas \u00e0 temps.<\/em><em>.<br><br>Chouette livre pour aborder les \u00e9motions.<\/em><\/p>\n<img src=\"http:\/\/www.fileasbl.be\/membres\/wp-content\/uploads\/2020\/05\/Grosse_colere.jpg\" width=\"338\" height=\"473\" title=\"L\u2019importance de la lecture \u2013 Conf\u00e9rence de Roxane de Limelette\" alt=\"L\u2019importance de la lecture \u2013 Conf\u00e9rence de Roxane de Limelette\">\n<h5 style=\"text-align: center;\"><strong>Nora petit rat de l\u2019op\u00e9ra<\/strong><\/h5>\n<p>Antoon Krings<br \/>Gallimard Jeunesse, 2016<br \/><br \/><em>Avec ses ballerines et son tutu roses, Nora est jolie comme un coeur. Il faut la voir trottiner avenue de l'Op\u00e9ra en fredonnant \u00e0 tue-t\u00eate ! Mais un jour, distraite, elle tr\u00e9buche sur une plaque d'\u00e9go\u00fbt et la voil\u00e0 qui bascule dans le vide. Plouf ! Tout au fond, l\u00e0 m\u00eame o\u00f9 vit une famille de rats peu reluisants, les vilains Rabouille. Raoul, leur petit, gentil, timide et musicien, n'a jamais rien vu d'aussi gracieux que cet ange tomb\u00e9 du ciel ! Trois petites notes de musique et ces deux-l\u00e0 se sont trouv\u00e9s pour la vie.<\/em><\/p>\n<img src=\"http:\/\/www.fileasbl.be\/membres\/wp-content\/uploads\/2020\/05\/Nora-petit-rat-de-l-Opera_gj_news_home.jpg\" width=\"244\" height=\"251\" title=\"L\u2019importance de la lecture \u2013 Conf\u00e9rence de Roxane de Limelette\" alt=\"L\u2019importance de la lecture \u2013 Conf\u00e9rence de Roxane de Limelette\">\n<img src=\"http:\/\/www.fileasbl.be\/membres\/wp-content\/uploads\/2020\/06\/ver.jpg\" width=\"800\" height=\"1086\" title=\"L\u2019importance de la lecture \u2013 Conf\u00e9rence de Roxane de Limelette\" alt=\"L\u2019importance de la lecture \u2013 Conf\u00e9rence de Roxane de Limelette\">\n<h5 style=\"text-align: center;\"><strong>Le petit ver tout nu<\/strong><\/h5>\n<p>Thierry Dedieu<strong><br \/><\/strong>\u00c9ditions Seuil Jeunesse, 2018<\/p> <p><em>Grand livre de comptine \u00e0 chanter, imag\u00e9 en noir et blanc.\u00a0 <br \/><\/em><em>\"Qui a vu, dans la rue, tout menu,<br \/>Le petit ver de terre ?\u00a0\u00bb<\/em><\/p> <p>On retrouve 10 livres dans cette collection\u00a0: <strong>Tas de riz, tas de rats \/ La Tirade du nez \/ Dans sa maison, un grand cerf \/ Le Th\u00e9or\u00e8me de Pythagore \/ Pinich\u00f4 \/ Une souris verte \/ Le Corbeau et le Renard \/ Bon app\u00e9tit ! \/ L'Empereur, sa femme et le p'tit prince\/ La M\u00e9t\u00e9o marine.<\/strong><\/p>\n<h5 style=\"text-align: center;\"><strong>O\u00f9 dors-tu petite chouette\u00a0? <\/strong><\/h5>\n<p>Fr\u00e9d\u00e9rique Fraisse<strong><br \/><\/strong>Paris, Quatre Fleuves, 2018<\/p> <p><em>O\u00f9 dort le renard ? La grenouille ? L'\u00e2ne ? La chouette ? Il suffit de soulever les rabats pour le d\u00e9couvrir.<\/em><\/p>\n<img src=\"http:\/\/www.fileasbl.be\/membres\/wp-content\/uploads\/2020\/06\/ou-dors-tu-petite-chouette-9791026401957_0.jpg\" width=\"1000\" height=\"1000\" title=\"L\u2019importance de la lecture \u2013 Conf\u00e9rence de Roxane de Limelette\" alt=\"L\u2019importance de la lecture \u2013 Conf\u00e9rence de Roxane de Limelette\">\n<h5 style=\"text-align: center;\"><strong>Les habits de Lulu<\/strong><\/h5>\n<p>Alex Sanders<strong><br \/><\/strong>Collection Loulou &amp; Cie, 2014<\/p> <p><em>Lulu va faire la f\u00eate avec ses amis qui ont mis leurs v\u00eatements n\u2019importe comment ! Heureusement, Lulu est l\u00e0 et leur montre comment s\u2019habiller.<\/em><\/p>\n<img src=\"http:\/\/www.fileasbl.be\/membres\/wp-content\/uploads\/2020\/05\/1540-1.jpg\" width=\"340\" height=\"340\" title=\"L\u2019importance de la lecture \u2013 Conf\u00e9rence de Roxane de Limelette\" alt=\"L\u2019importance de la lecture \u2013 Conf\u00e9rence de Roxane de Limelette\">\n<img src=\"http:\/\/www.fileasbl.be\/membres\/wp-content\/uploads\/2020\/05\/9782211211871-475x500-1.jpg\" width=\"435\" height=\"500\" title=\"L\u2019importance de la lecture \u2013 Conf\u00e9rence de Roxane de Limelette\" alt=\"L\u2019importance de la lecture \u2013 Conf\u00e9rence de Roxane de Limelette\">\n<h5 style=\"text-align: center;\"><strong>Attends, Petit \u00e9l\u00e9phant !<\/strong><\/h5>\n<p>Jeanne Ashb\u00e9<br \/>Ecole des Loisirs, 2013 <br \/><em><br \/>Grand \u00e9l\u00e9phant appelle Petit \u00e9l\u00e9phant pour manger. Mais Petit \u00e9l\u00e9phant a bien mieux \u00e0 faire : jouer, lire, travailler... \u00ab Ce n'est pas grave, dit Grand \u00e9l\u00e9phant, nous mangerons ton go\u00fbter ! \u00bb Alors l\u00e0, Petit \u00e9l\u00e9phant court tr\u00e8s, tr\u00e8s vite. Parce que l'heure du go\u00fbter, c'est l'heure du go\u00fbter !<\/em><\/p>\n<img src=\"http:\/\/www.fileasbl.be\/membres\/wp-content\/uploads\/2020\/06\/t\u00e9l\u00e9chargement.jpg\" width=\"224\" height=\"225\" title=\"L\u2019importance de la lecture \u2013 Conf\u00e9rence de Roxane de Limelette\" alt=\"L\u2019importance de la lecture \u2013 Conf\u00e9rence de Roxane de Limelette\">\n<h4 style=\"text-align: center;\"><strong>L'oiseau<\/strong><\/h4>\n<p>Olivia Cosneau<br \/>Collection Ma Petite Nature, Amaterra, 2014<\/p> <p><em>Cette collection explique la nature de fa\u00e7on simple et ludique aux tout-petits. Chaque page est ajour\u00e9e et incite l'enfant \u00e0 d\u00e9couvrir ce qui se passe derri\u00e8re. <\/em><\/p>\n<img src=\"http:\/\/www.fileasbl.be\/membres\/wp-content\/uploads\/2020\/05\/002117398.jpg\" width=\"684\" height=\"621\" title=\"L\u2019importance de la lecture \u2013 Conf\u00e9rence de Roxane de Limelette\" alt=\"L\u2019importance de la lecture \u2013 Conf\u00e9rence de Roxane de Limelette\">\n<h4 style=\"text-align: center;\"><strong>C'est la nuit !<\/strong><\/h4>\n<p>Magali Bonniol<\/p> <p>Ecole des Loisirs, 2013<\/p> <p><em>C'est la nuit. Tout le monde dort, sauf le Petit Lapin en peluche d'\u00c9tienne. \u00ab Comme j'aimerais \u00eatre un vrai lapin sauvage et me promener sous la lune ! \u00bb se dit-il. Arm\u00e9 d'un crayon pointu, au cas o\u00f9 il rencontrerait un renard, Petit Lapin s'aventure dans le jardin. <\/em><\/p>\n<h5 style=\"text-align: center;\"><strong>T\u2019as la trouille, Pistrouille\u00a0? <\/strong><\/h5>\n<p>Charlotte Ameling<br \/>Milan Eds, 2016<br \/><em><br \/>Tiraill\u00e9 entre la peur et l'irr\u00e9sistible curiosit\u00e9 d'affronter le loup, l'enfant est invit\u00e9 \u00e0 suivre les empreintes de ses pas, \u00e0 caresser ses oreilles, \u00e0 tirer sa queue... jusqu'\u00e0 tomber nez \u00e0 nez avec lui\u00a0!<\/em><\/p>\n<img src=\"http:\/\/www.fileasbl.be\/membres\/wp-content\/uploads\/2020\/05\/T-as-la-trouille-pistrouille-.jpg\" width=\"340\" height=\"340\" title=\"L\u2019importance de la lecture \u2013 Conf\u00e9rence de Roxane de Limelette\" alt=\"L\u2019importance de la lecture \u2013 Conf\u00e9rence de Roxane de Limelette\">\n<h5 style=\"text-align: center;\"><strong>La chenille qui fait des trous<\/strong><\/h5>\n<p>Eric Carle<br \/>Mijade, 1999<br \/><br \/><em>La petite chenille est tr\u00e8s gourmande. Au bout d\u2019une semaine, elle est devenue \u00e9norme\u2026<\/em><\/p>\n<img src=\"http:\/\/www.fileasbl.be\/membres\/wp-content\/uploads\/2020\/05\/51P5H7abdAL._SX258_BO1204203200_.jpg\" width=\"260\" height=\"213\" title=\"L\u2019importance de la lecture \u2013 Conf\u00e9rence de Roxane de Limelette\" alt=\"L\u2019importance de la lecture \u2013 Conf\u00e9rence de Roxane de Limelette\">","_links":{"self":[{"href":"https:\/\/www.fileasbl.be\/membres\/wp-json\/wp\/v2\/posts\/13619","targetHints":{"allow":["GET"]}}],"collection":[{"href":"https:\/\/www.fileasbl.be\/membres\/wp-json\/wp\/v2\/posts"}],"about":[{"href":"https:\/\/www.fileasbl.be\/membres\/wp-json\/wp\/v2\/types\/post"}],"author":[{"embeddable":true,"href":"https:\/\/www.fileasbl.be\/membres\/wp-json\/wp\/v2\/users\/2"}],"replies":[{"embeddable":true,"href":"https:\/\/www.fileasbl.be\/membres\/wp-json\/wp\/v2\/comments?post=13619"}],"version-history":[{"count":0,"href":"https:\/\/www.fileasbl.be\/membres\/wp-json\/wp\/v2\/posts\/13619\/revisions"}],"wp:featuredmedia":[{"embeddable":true,"href":"https:\/\/www.fileasbl.be\/membres\/wp-json\/wp\/v2\/media\/13655"}],"wp:attachment":[{"href":"https:\/\/www.fileasbl.be\/membres\/wp-json\/wp\/v2\/media?parent=13619"}],"wp:term":[{"taxonomy":"category","embeddable":true,"href":"https:\/\/www.fileasbl.be\/membres\/wp-json\/wp\/v2\/categories?post=13619"},{"taxonomy":"post_tag","embeddable":true,"href":"https:\/\/www.fileasbl.be\/membres\/wp-json\/wp\/v2\/tags?post=13619"}],"curies":[{"name":"wp","href":"https:\/\/api.w.org\/{rel}","templated":true}]}}