{"id":13686,"date":"2020-05-30T06:39:33","date_gmt":"2020-05-30T05:39:33","guid":{"rendered":"http:\/\/www.fileasbl.be\/membres\/?p=13686"},"modified":"2020-06-09T16:00:45","modified_gmt":"2020-06-09T15:00:45","slug":"laccueil-extrascolaire-de-lisbw-pendant-le-confinement","status":"publish","type":"post","link":"https:\/\/www.fileasbl.be\/membres\/laccueil-extrascolaire-de-lisbw-pendant-le-confinement\/","title":{"rendered":"L\u2019Accueil extrascolaire de l\u2019ISBW pendant le confinement"},"content":{"rendered":"<!--themify_builder_content-->\n<div id=\"themify_builder_content-13686\" data-postid=\"13686\" class=\"themify_builder_content themify_builder_content-13686 themify_builder tf_clear\">\n    \t<!-- module_row -->\n\t<div  data-lazy=\"1\" class=\"module_row themify_builder_row tb_sh55388 tb_first tf_clearfix\">\n\t    \t\t<div class=\"row_inner col_align_top col-count-1 tf_box tf_w tf_rel\">\n\t\t\t<div  data-lazy=\"1\" class=\"module_column tb-column col-full first tb_x5i8389 tf_box\">\n\t\t\t    \t        <div class=\"tb-column-inner tf_box tf_w\">\n\t\t    <!-- module image -->\n<div  class=\"module module-image tb_vyc9147   image-top auto_fullwidth tf_mw\" data-lazy=\"1\">\n        <div class=\"image-wrap tf_rel tf_mw\">\n\t\t    <img decoding=\"async\" src=\"http:\/\/www.fileasbl.be\/membres\/wp-content\/uploads\/2020\/05\/Bandeau-article-800-150-ISBW.jpg\" title=\"L\u2019Accueil extrascolaire de l\u2019ISBW pendant le confinement\" alt=\"L\u2019Accueil extrascolaire de l\u2019ISBW pendant le confinement\">\t\n\t\t<\/div>\n\t<!-- \/image-wrap -->\n    \n    \t<\/div>\n<!-- \/module image --><!-- module text -->\n<div  class=\"module module-text tb_zsmz75   \" data-lazy=\"1\">\n        <div  class=\"tb_text_wrap\">\n    <h2 style=\"text-align: left;\"><span style=\"color: #333399;\"><strong><em>Sortir les grandes voiles et continuer \u00e0 naviguer vers l\u2019enfant.<\/em><\/strong><\/span><\/h2>\n<p style=\"text-align: right;\">28\/05\/2020<\/p>\n<p>L\u2019ISBW et son service d\u2019accueil extrascolaire qui comporte 23 lieux d\u2019accueil dans tout le Brabant Wallon a appris \u00e0 la mi-Mars, comme tout le pays, la nouvelle du confinement. Malgr\u00e9 tout, notre mission d\u2019accueillir les enfants en accueil extrascolaire devait se poursuivre, mais bien s\u00fbr selon de nouvelles normes&#8230;<\/p>\n<p>Notre service \u2013 un gros bateau &#8211; compte une centaine d\u2019animateurs extrascolaires, du personnel administratif, 7 coordinateurs, 2 chefs de service et une chef de d\u00e9partement\u2026 La premi\u00e8re difficult\u00e9, qui est finalement vite devenue un d\u00e9fi \u00e0 relever, \u00e9tait de maintenir ce lien entre la hi\u00e9rarchie qui t\u00e9l\u00e9travaille et les animateurs en premi\u00e8re ligne sur le terrain. Rapidement, nous avons saisi toute l\u2019importance d\u2019entretenir la relation et de communiquer\u00a0: comment s\u2019organiser, communiquer les informations,\u00a0 les consignes et directives de la mani\u00e8re la plus claire possible \u00e0 l\u2019ensemble des membres du service en tenant compte du stress et de tant d\u2019autres \u00e9motions engendr\u00e9s par une telle situation, comme dans une \u00e9quation \u00e0 multiples inconnues.<\/p>\n<p>Les craintes, les frustrations, l\u2019\u00e9ventuel ennui de certains, le besoin d\u2019informations, sont autant de param\u00e8tres que nous avons tent\u00e9 de prendre en compte. Notre challenge dans cette situation, a finalement \u00e9t\u00e9 de maintenir nos animateurs en vie professionnellement parlant, en restant centr\u00e9s sur les enfants. Le service s\u2019est donc mis rapidement en r\u00e9flexion pour garder une dynamique, continuer \u00e0 \u00eatre dans le mouvement, dans la r\u00e9flexion, en projet, mais bien s\u00fbr, avec de nouvelles conditions de fonctionnement. En d\u2019autres mots, il s\u2019agissait de prendre soin des \u00e9quipes pour qu\u2019\u00e0 leur tour, elles puissent continuer \u00e0 prendre soin des enfants accueillis.<\/p>\n<p><a href=\"http:\/\/www.fileasbl.be\/membres\/wp-content\/uploads\/2020\/06\/internet-3113279_1920.jpg\"><img loading=\"lazy\" decoding=\"async\" class=\"alignright wp-image-13845\" src=\"http:\/\/www.fileasbl.be\/membres\/wp-content\/uploads\/2020\/06\/internet-3113279_1920-300x200.jpg\" alt=\"\" width=\"400\" height=\"267\" \/><\/a>En tr\u00e8s peu de temps, nous avons mis un r\u00e9el coup d\u2019acc\u00e9l\u00e9rateur pour renforcer la communication en cette p\u00e9riode de confinement. Pour cela, des sms et mails hebdomadaires (voire plus souvent) du service, les informant des avanc\u00e9es, des directives et m\u00eame des questions encore en suspens ont \u00e9t\u00e9 envoy\u00e9s aux animateurs et continuent \u00e0 l\u2019\u00eatre. Ces communications \u00e9taient aussi l\u2019occasion de leur rappeler que nous pensions bien \u00e0 eux et que nous \u00e9tions l\u00e0 pour la moindre question ou inqui\u00e9tude. Aussi, chaque coordinateur a d\u00e9velopp\u00e9 de nouveaux outils de communication avec ses \u00e9quipes, comme des groupes Whatsapp et m\u00eame quelques courtes r\u00e9unions virtuelles. Effectivement, la communication individuelle via les moyens de communication que nous connaissons est ais\u00e9e mais souvent d\u00e9laisse la dimension \u00ab \u00e9quipe \u00bb ; retrouver des moments en \u00e9quipe et m\u00eame \u00e0 distance a donc \u00e9t\u00e9 \u00e9galement important. En plus de la r\u00e9flexion men\u00e9e sur la communication, une de nos pr\u00e9occupations \u00e9tait de maintenir le lien entre tous les acteurs. De belles initiatives sont n\u00e9es : des messages touchants en vid\u00e9o envoy\u00e9s par les animateurs aux enfants de certains lieux (via la page facebook de l\u2019\u00e9cole), des messages de soutien entre coll\u00e8gues, de beaux remerciements venant de l\u2019un ou l\u2019autre, une communication renforc\u00e9e avec les directions d\u2019\u00e9cole pour imaginer une nouvelle organisation, etc. Aussi, il \u00e9tait important pour nous de savoir comment chacun des animateurs vivait cette p\u00e9riode : quels avaient \u00e9t\u00e9 (ou seraient) les freins, ce qui les avait aid\u00e9s ou les aiderait pour la suite. Il est facile d\u2019imaginer qu\u2019avec une centaine d\u2019animateurs, la t\u00e2che n\u2019\u00e9tait pas ais\u00e9e \u00e0 r\u00e9aliser mais l\u2019id\u00e9e est venue de lancer un grand sondage (framaforms) avec des questions tr\u00e8s ouvertes, et un large espace d\u2019expression \u00e9crite. Ce sondage a rencontr\u00e9 un grand succ\u00e8s puisque plus de 2\/3 du service y a r\u00e9pondu. Parall\u00e8lement \u00e0 cela, des contacts tr\u00e8s r\u00e9guliers par t\u00e9l\u00e9phone \u00e9taient pris avec chacun des animateurs pour savoir comment ils allaient et vivaient les choses.<\/p>\n<p>Une fois l\u2019\u00e9tape de la communication bien pens\u00e9e et mise en place, une r\u00e9flexion autour de \u00ab\u00a0comment continuer \u00e0 \u00eatre en projet\u00a0?\u00a0\u00bb nous titillait. Et l\u00e0, l\u2019id\u00e9e est venue\u00a0: pourquoi ne pas cr\u00e9er un concours\u00a0d\u2019activit\u00e9s ? C\u2019\u00e9tait parti\u00a0! Nous l\u2019avons nomm\u00e9\u00a0: Le grand concours \u00ab\u00a0balance ta cr\u00e9ativit\u00e9\u00a0\u00bb. Nous savions, et en sommes encore plus convaincus aujourd\u2019hui, que les animateurs sont dot\u00e9s d\u2019une tr\u00e8s grande cr\u00e9ativit\u00e9 pour faire r\u00eaver les enfants et nous avions envie de la mettre au d\u00e9fi. De nouveau, mails et sms pour mettre en mouvement nos \u00e9quipes en annon\u00e7ant une r\u00e9compense sympa \u00e0 la cl\u00e9 : un petit d\u00e9jeuner \u00e0 la sortie du confinement organis\u00e9 pour l\u2019\u00e9quipe gagnante et concoct\u00e9 par les coordinateurs, les chefs de service et la chef de d\u00e9partement. Nous avons re\u00e7u une quinzaine d\u2019activit\u00e9s toutes plus cr\u00e9atives les unes que les autres et consultables sur notre intranet (plateforme partag\u00e9e propre au personnel de l\u2019ISBW). Afin de rendre cela participatif, nous avons propos\u00e9 \u00e0 tous les animateurs de voter pour l\u2019activit\u00e9 qu\u2019ils avaient pr\u00e9f\u00e9r\u00e9e sur \u00ab\u00a0framaforms\u00a0\u00bb. En fin de semaine, le sms pour annoncer le grand gagnant est parti, avec la surprise que nous allions organiser ce petit d\u00e9jeuner pour tous nos animateurs\u00a0; un chouette moment de retrouvailles en perspective\u00a0!<\/p>\n<p><a href=\"http:\/\/www.fileasbl.be\/membres\/wp-content\/uploads\/2020\/05\/human-763156_1920.jpg\"><img loading=\"lazy\" decoding=\"async\" class=\"alignright wp-image-13850\" src=\"http:\/\/www.fileasbl.be\/membres\/wp-content\/uploads\/2020\/05\/human-763156_1920-300x163.jpg\" alt=\"\" width=\"400\" height=\"217\" srcset=\"https:\/\/www.fileasbl.be\/membres\/wp-content\/uploads\/2020\/05\/human-763156_1920-300x163.jpg 300w, https:\/\/www.fileasbl.be\/membres\/wp-content\/uploads\/2020\/05\/human-763156_1920-768x416.jpg 768w, https:\/\/www.fileasbl.be\/membres\/wp-content\/uploads\/2020\/05\/human-763156_1920-1024x555.jpg 1024w, https:\/\/www.fileasbl.be\/membres\/wp-content\/uploads\/2020\/05\/human-763156_1920-400x217.jpg 400w, https:\/\/www.fileasbl.be\/membres\/wp-content\/uploads\/2020\/05\/human-763156_1920.jpg 1920w\" sizes=\"auto, (max-width: 400px) 100vw, 400px\" \/><\/a>Une question continuait \u00e0 tarauder tous les esprits. Allions-nous pouvoir offrir des plaines d\u2019\u00e9t\u00e9 aux enfants\u00a0? D\u2019ailleurs, certains nous faisaient r\u00e9guli\u00e8rement part de leur envie de retrouver les enfants, la joie de l\u2019extrascolaire et peut-\u00eatre, nous l\u2019esp\u00e9rions tous, des plaines. Nous souhaitions, alors m\u00eame que beaucoup d\u2019incertitudes planaient encore, avancer sur la pr\u00e9paration des vacances d\u2019\u00e9t\u00e9. Se projeter, quel plaisir\u00a0! Cela fait un moment que notre service est convaincu de l\u2019int\u00e9r\u00eat d\u2019exploiter la nature avec les enfants, pour leur \u00e9panouissement, leurs d\u00e9couvertes, leur bien-\u00eatre. Cette p\u00e9riode particuli\u00e8re nous a permis de r\u00e9fl\u00e9chir tous ensemble \u00e0 la mani\u00e8re de faire vivre encore plus l\u2019ext\u00e9rieur en plaines, de les rendre plus \u00ab\u00a0vertes\u00a0\u00bb. Par \u00e9quipe de plaines, les coordinateurs ont donc lanc\u00e9 les animateurs sur ce sujet. D\u2019abord, une note a \u00e9t\u00e9 r\u00e9alis\u00e9e par le service pour titiller leur cr\u00e9ativit\u00e9 et poursuivre cette r\u00e9flexion centr\u00e9e sur les enfants. Groupes whatsapp, appels, mails, tout \u00e9tait bon pour \u00e9changer nos id\u00e9es. Et autant dire que cela a \u00e9t\u00e9 productif, tant les id\u00e9es ont germ\u00e9\u00a0: faire toutes les plaines \u00e0 l\u2019ext\u00e9rieur, sieste et repas compris, d\u00e9velopper des activit\u00e9s nature totalement folles, mettre l\u2019int\u00e9rieur \u00e0 l\u2019ext\u00e9rieur, jouer dans la terre, la boue, l\u2019eau, exploiter l\u2019environnement proche, etc. Et finalement, \u00e0 l\u2019heure o\u00f9 nous \u00e9crivons ces quelques lignes, tous les membres du service se r\u00e9jouissent enfin de la nouvelle du maintien des plaines de vacances\u00a0; quel bonheur\u00a0! Cela risque d\u2019\u00eatre magique tant pour les enfants que pour les animateurs, nous n\u2019en doutons pas !<\/p>\n<p>Enfin, nous avons vu approcher le 18 Mai avec son d\u00e9confinement progressif et surtout un retour \u00e0 l\u2019\u00e9cole et \u00e0 l\u2019extrascolaire d\u2019un plus grand nombre d\u2019enfants. Cela a suscit\u00e9 beaucoup d\u2019interrogations, notamment comment allier le respect des mesures sanitaires avec le maintien de la qualit\u00e9 de la relation \u00e0 l\u2019enfant\u00a0? Encore une belle occasion de nous mettre en projet tous ensemble\u00a0! Afin d\u2019attiser l\u2019envie de r\u00e9fl\u00e9chir sur cette question, \u00e0 nouveau le service a envoy\u00e9 aux animateurs une petite note reprenant quelques id\u00e9es et r\u00e9flexions. \u00a0Nous avons cr\u00e9\u00e9 sur notre intranet, une plateforme permettant de partager les divers outils favorisant l\u2019expression des \u00e9motions des enfants dans cette p\u00e9riode difficile, des supports pour appr\u00e9hender les mesures d\u2019hygi\u00e8ne et enfin des id\u00e9es d\u2019activit\u00e9s. Une vraie mine d\u2019or o\u00f9 puiser l\u2019inspiration pour accompagner les enfants dans ce retour vers l\u2019accueil extrascolaire.<\/p>\n<p>Durant toute cette p\u00e9riode, nous avons \u00e9t\u00e9 \u00e9merveill\u00e9s de voir \u00e0 quel point les animateurs vibraient pour leur m\u00e9tier, \u00e9taient anim\u00e9s par l\u2019id\u00e9e d\u2019offrir le meilleur accueil possible aux enfants et, dans des conditions boulevers\u00e9es. Les enfants et m\u00eame \u00e0 distance pour la plupart, ont r\u00e9ussi \u00e0 guider tout notre service vers un chemin \u00e9clair\u00e9, positif et rempli de projets\u00a0! Finalement, nous avons m\u00eame l\u2019impression d\u2019en sortir plus forts, plus unis, et avec une vision encore plus claire de ce pour quoi nous travaillons\u00a0!<\/p>\n<p style=\"text-align: right;\">Mathilde Petit et V\u00e9ronique Schmitz, Chefs de service<\/p>    <\/div>\n<\/div>\n<!-- \/module text -->\t        <\/div>\n\t    \t<\/div>\n\t\t    <\/div>\n\t    <!-- \/row_inner -->\n\t<\/div>\n\t<!-- \/module_row -->\n\t<\/div>\n<!--\/themify_builder_content-->","protected":false},"excerpt":{"rendered":"<p>Sortir les grandes voiles et continuer \u00e0 naviguer vers l\u2019enfant. T\u00e9moignage de l&rsquo;ISBW<\/p>\n","protected":false},"author":2,"featured_media":0,"comment_status":"open","ping_status":"open","sticky":false,"template":"","format":"standard","meta":{"footnotes":""},"categories":[248,300],"tags":[],"class_list":["post-13686","post","type-post","status-publish","format-standard","hentry","category-atl","category-notes-pedagogiques","has-post-title","has-post-date","has-post-category","has-post-tag","has-post-comment","has-post-author",""],"yoast_head":"<!-- This site is optimized with the Yoast SEO plugin v27.5 - https:\/\/yoast.com\/product\/yoast-seo-wordpress\/ -->\n<title>L\u2019Accueil extrascolaire de l\u2019ISBW pendant le confinement - Site de la FILE<\/title>\n<meta name=\"description\" content=\"La FILE vous invite le 9 juin 2020 \u00e0 une matin\u00e9e de conf\u00e9rence sur les intelligences multiples avec Perrine Bigot ! Renseignements suppl\u00e9mentaires \u00e0 venir.\" \/>\n<meta name=\"robots\" content=\"index, follow, max-snippet:-1, max-image-preview:large, max-video-preview:-1\" \/>\n<link rel=\"canonical\" href=\"https:\/\/www.fileasbl.be\/membres\/laccueil-extrascolaire-de-lisbw-pendant-le-confinement\/\" \/>\n<meta property=\"og:locale\" content=\"fr_FR\" \/>\n<meta property=\"og:type\" content=\"article\" \/>\n<meta property=\"og:title\" content=\"L\u2019Accueil extrascolaire de l\u2019ISBW pendant le confinement - Site de la FILE\" \/>\n<meta property=\"og:description\" content=\"La FILE vous invite le 9 juin 2020 \u00e0 une matin\u00e9e de conf\u00e9rence sur les intelligences multiples avec Perrine Bigot ! Renseignements suppl\u00e9mentaires \u00e0 venir.\" \/>\n<meta property=\"og:url\" content=\"https:\/\/www.fileasbl.be\/membres\/laccueil-extrascolaire-de-lisbw-pendant-le-confinement\/\" \/>\n<meta property=\"og:site_name\" content=\"Site de la FILE\" \/>\n<meta property=\"article:publisher\" content=\"https:\/\/www.facebook.com\/fileasbl\/\" \/>\n<meta property=\"article:published_time\" content=\"2020-05-30T05:39:33+00:00\" \/>\n<meta property=\"article:modified_time\" content=\"2020-06-09T15:00:45+00:00\" \/>\n<meta property=\"og:image\" content=\"https:\/\/www.fileasbl.be\/membres\/wp-content\/uploads\/2018\/05\/ISBW-une.jpg\" \/>\n\t<meta property=\"og:image:width\" content=\"1200\" \/>\n\t<meta property=\"og:image:height\" content=\"628\" \/>\n\t<meta property=\"og:image:type\" content=\"image\/jpeg\" \/>\n<meta name=\"author\" content=\"Contact FILE\" \/>\n<meta name=\"twitter:card\" content=\"summary_large_image\" \/>\n<meta name=\"twitter:label1\" content=\"\u00c9crit par\" \/>\n\t<meta name=\"twitter:data1\" content=\"Contact FILE\" \/>\n\t<meta name=\"twitter:label2\" content=\"Dur\u00e9e de lecture estim\u00e9e\" \/>\n\t<meta name=\"twitter:data2\" content=\"7 minutes\" \/>\n<script type=\"application\/ld+json\" class=\"yoast-schema-graph\">{\"@context\":\"https:\\\/\\\/schema.org\",\"@graph\":[{\"@type\":\"Article\",\"@id\":\"https:\\\/\\\/www.fileasbl.be\\\/membres\\\/laccueil-extrascolaire-de-lisbw-pendant-le-confinement\\\/#article\",\"isPartOf\":{\"@id\":\"https:\\\/\\\/www.fileasbl.be\\\/membres\\\/laccueil-extrascolaire-de-lisbw-pendant-le-confinement\\\/\"},\"author\":{\"name\":\"Contact FILE\",\"@id\":\"https:\\\/\\\/www.fileasbl.be\\\/membres\\\/#\\\/schema\\\/person\\\/5954a0c68c3a6f92f805465caa00d25f\"},\"headline\":\"L\u2019Accueil extrascolaire de l\u2019ISBW pendant le confinement\",\"datePublished\":\"2020-05-30T05:39:33+00:00\",\"dateModified\":\"2020-06-09T15:00:45+00:00\",\"mainEntityOfPage\":{\"@id\":\"https:\\\/\\\/www.fileasbl.be\\\/membres\\\/laccueil-extrascolaire-de-lisbw-pendant-le-confinement\\\/\"},\"wordCount\":1448,\"commentCount\":0,\"image\":{\"@id\":\"https:\\\/\\\/www.fileasbl.be\\\/membres\\\/laccueil-extrascolaire-de-lisbw-pendant-le-confinement\\\/#primaryimage\"},\"thumbnailUrl\":\"http:\\\/\\\/www.fileasbl.be\\\/membres\\\/wp-content\\\/uploads\\\/2020\\\/05\\\/Bandeau-article-800-150-ISBW.jpg\",\"articleSection\":[\"ATL\",\"Notes p\u00e9dagogiques\"],\"inLanguage\":\"fr-FR\",\"potentialAction\":[{\"@type\":\"CommentAction\",\"name\":\"Comment\",\"target\":[\"https:\\\/\\\/www.fileasbl.be\\\/membres\\\/laccueil-extrascolaire-de-lisbw-pendant-le-confinement\\\/#respond\"]}]},{\"@type\":\"WebPage\",\"@id\":\"https:\\\/\\\/www.fileasbl.be\\\/membres\\\/laccueil-extrascolaire-de-lisbw-pendant-le-confinement\\\/\",\"url\":\"https:\\\/\\\/www.fileasbl.be\\\/membres\\\/laccueil-extrascolaire-de-lisbw-pendant-le-confinement\\\/\",\"name\":\"L\u2019Accueil extrascolaire de l\u2019ISBW pendant le confinement - Site de la FILE\",\"isPartOf\":{\"@id\":\"https:\\\/\\\/www.fileasbl.be\\\/membres\\\/#website\"},\"primaryImageOfPage\":{\"@id\":\"https:\\\/\\\/www.fileasbl.be\\\/membres\\\/laccueil-extrascolaire-de-lisbw-pendant-le-confinement\\\/#primaryimage\"},\"image\":{\"@id\":\"https:\\\/\\\/www.fileasbl.be\\\/membres\\\/laccueil-extrascolaire-de-lisbw-pendant-le-confinement\\\/#primaryimage\"},\"thumbnailUrl\":\"http:\\\/\\\/www.fileasbl.be\\\/membres\\\/wp-content\\\/uploads\\\/2020\\\/05\\\/Bandeau-article-800-150-ISBW.jpg\",\"datePublished\":\"2020-05-30T05:39:33+00:00\",\"dateModified\":\"2020-06-09T15:00:45+00:00\",\"author\":{\"@id\":\"https:\\\/\\\/www.fileasbl.be\\\/membres\\\/#\\\/schema\\\/person\\\/5954a0c68c3a6f92f805465caa00d25f\"},\"description\":\"La FILE vous invite le 9 juin 2020 \u00e0 une matin\u00e9e de conf\u00e9rence sur les intelligences multiples avec Perrine Bigot ! Renseignements suppl\u00e9mentaires \u00e0 venir.\",\"breadcrumb\":{\"@id\":\"https:\\\/\\\/www.fileasbl.be\\\/membres\\\/laccueil-extrascolaire-de-lisbw-pendant-le-confinement\\\/#breadcrumb\"},\"inLanguage\":\"fr-FR\",\"potentialAction\":[{\"@type\":\"ReadAction\",\"target\":[\"https:\\\/\\\/www.fileasbl.be\\\/membres\\\/laccueil-extrascolaire-de-lisbw-pendant-le-confinement\\\/\"]}]},{\"@type\":\"ImageObject\",\"inLanguage\":\"fr-FR\",\"@id\":\"https:\\\/\\\/www.fileasbl.be\\\/membres\\\/laccueil-extrascolaire-de-lisbw-pendant-le-confinement\\\/#primaryimage\",\"url\":\"http:\\\/\\\/www.fileasbl.be\\\/membres\\\/wp-content\\\/uploads\\\/2020\\\/05\\\/Bandeau-article-800-150-ISBW.jpg\",\"contentUrl\":\"http:\\\/\\\/www.fileasbl.be\\\/membres\\\/wp-content\\\/uploads\\\/2020\\\/05\\\/Bandeau-article-800-150-ISBW.jpg\"},{\"@type\":\"BreadcrumbList\",\"@id\":\"https:\\\/\\\/www.fileasbl.be\\\/membres\\\/laccueil-extrascolaire-de-lisbw-pendant-le-confinement\\\/#breadcrumb\",\"itemListElement\":[{\"@type\":\"ListItem\",\"position\":1,\"name\":\"Accueil\",\"item\":\"https:\\\/\\\/www.fileasbl.be\\\/membres\\\/\"},{\"@type\":\"ListItem\",\"position\":2,\"name\":\"L\u2019Accueil extrascolaire de l\u2019ISBW pendant le confinement\"}]},{\"@type\":\"WebSite\",\"@id\":\"https:\\\/\\\/www.fileasbl.be\\\/membres\\\/#website\",\"url\":\"https:\\\/\\\/www.fileasbl.be\\\/membres\\\/\",\"name\":\"Site de la FILE\",\"description\":\"FILE Un accueil de qualit\u00e9 accessible \u00e0 tous\",\"potentialAction\":[{\"@type\":\"SearchAction\",\"target\":{\"@type\":\"EntryPoint\",\"urlTemplate\":\"https:\\\/\\\/www.fileasbl.be\\\/membres\\\/?s={search_term_string}\"},\"query-input\":{\"@type\":\"PropertyValueSpecification\",\"valueRequired\":true,\"valueName\":\"search_term_string\"}}],\"inLanguage\":\"fr-FR\"},{\"@type\":\"Person\",\"@id\":\"https:\\\/\\\/www.fileasbl.be\\\/membres\\\/#\\\/schema\\\/person\\\/5954a0c68c3a6f92f805465caa00d25f\",\"name\":\"Contact FILE\",\"url\":\"https:\\\/\\\/www.fileasbl.be\\\/membres\\\/author\\\/contactfile\\\/\"}]}<\/script>\n<!-- \/ Yoast SEO plugin. -->","yoast_head_json":{"title":"L\u2019Accueil extrascolaire de l\u2019ISBW pendant le confinement - Site de la FILE","description":"La FILE vous invite le 9 juin 2020 \u00e0 une matin\u00e9e de conf\u00e9rence sur les intelligences multiples avec Perrine Bigot ! Renseignements suppl\u00e9mentaires \u00e0 venir.","robots":{"index":"index","follow":"follow","max-snippet":"max-snippet:-1","max-image-preview":"max-image-preview:large","max-video-preview":"max-video-preview:-1"},"canonical":"https:\/\/www.fileasbl.be\/membres\/laccueil-extrascolaire-de-lisbw-pendant-le-confinement\/","og_locale":"fr_FR","og_type":"article","og_title":"L\u2019Accueil extrascolaire de l\u2019ISBW pendant le confinement - Site de la FILE","og_description":"La FILE vous invite le 9 juin 2020 \u00e0 une matin\u00e9e de conf\u00e9rence sur les intelligences multiples avec Perrine Bigot ! Renseignements suppl\u00e9mentaires \u00e0 venir.","og_url":"https:\/\/www.fileasbl.be\/membres\/laccueil-extrascolaire-de-lisbw-pendant-le-confinement\/","og_site_name":"Site de la FILE","article_publisher":"https:\/\/www.facebook.com\/fileasbl\/","article_published_time":"2020-05-30T05:39:33+00:00","article_modified_time":"2020-06-09T15:00:45+00:00","og_image":[{"width":1200,"height":628,"url":"https:\/\/www.fileasbl.be\/membres\/wp-content\/uploads\/2018\/05\/ISBW-une.jpg","type":"image\/jpeg"}],"author":"Contact FILE","twitter_card":"summary_large_image","twitter_misc":{"\u00c9crit par":"Contact FILE","Dur\u00e9e de lecture estim\u00e9e":"7 minutes"},"schema":{"@context":"https:\/\/schema.org","@graph":[{"@type":"Article","@id":"https:\/\/www.fileasbl.be\/membres\/laccueil-extrascolaire-de-lisbw-pendant-le-confinement\/#article","isPartOf":{"@id":"https:\/\/www.fileasbl.be\/membres\/laccueil-extrascolaire-de-lisbw-pendant-le-confinement\/"},"author":{"name":"Contact FILE","@id":"https:\/\/www.fileasbl.be\/membres\/#\/schema\/person\/5954a0c68c3a6f92f805465caa00d25f"},"headline":"L\u2019Accueil extrascolaire de l\u2019ISBW pendant le confinement","datePublished":"2020-05-30T05:39:33+00:00","dateModified":"2020-06-09T15:00:45+00:00","mainEntityOfPage":{"@id":"https:\/\/www.fileasbl.be\/membres\/laccueil-extrascolaire-de-lisbw-pendant-le-confinement\/"},"wordCount":1448,"commentCount":0,"image":{"@id":"https:\/\/www.fileasbl.be\/membres\/laccueil-extrascolaire-de-lisbw-pendant-le-confinement\/#primaryimage"},"thumbnailUrl":"http:\/\/www.fileasbl.be\/membres\/wp-content\/uploads\/2020\/05\/Bandeau-article-800-150-ISBW.jpg","articleSection":["ATL","Notes p\u00e9dagogiques"],"inLanguage":"fr-FR","potentialAction":[{"@type":"CommentAction","name":"Comment","target":["https:\/\/www.fileasbl.be\/membres\/laccueil-extrascolaire-de-lisbw-pendant-le-confinement\/#respond"]}]},{"@type":"WebPage","@id":"https:\/\/www.fileasbl.be\/membres\/laccueil-extrascolaire-de-lisbw-pendant-le-confinement\/","url":"https:\/\/www.fileasbl.be\/membres\/laccueil-extrascolaire-de-lisbw-pendant-le-confinement\/","name":"L\u2019Accueil extrascolaire de l\u2019ISBW pendant le confinement - Site de la FILE","isPartOf":{"@id":"https:\/\/www.fileasbl.be\/membres\/#website"},"primaryImageOfPage":{"@id":"https:\/\/www.fileasbl.be\/membres\/laccueil-extrascolaire-de-lisbw-pendant-le-confinement\/#primaryimage"},"image":{"@id":"https:\/\/www.fileasbl.be\/membres\/laccueil-extrascolaire-de-lisbw-pendant-le-confinement\/#primaryimage"},"thumbnailUrl":"http:\/\/www.fileasbl.be\/membres\/wp-content\/uploads\/2020\/05\/Bandeau-article-800-150-ISBW.jpg","datePublished":"2020-05-30T05:39:33+00:00","dateModified":"2020-06-09T15:00:45+00:00","author":{"@id":"https:\/\/www.fileasbl.be\/membres\/#\/schema\/person\/5954a0c68c3a6f92f805465caa00d25f"},"description":"La FILE vous invite le 9 juin 2020 \u00e0 une matin\u00e9e de conf\u00e9rence sur les intelligences multiples avec Perrine Bigot ! Renseignements suppl\u00e9mentaires \u00e0 venir.","breadcrumb":{"@id":"https:\/\/www.fileasbl.be\/membres\/laccueil-extrascolaire-de-lisbw-pendant-le-confinement\/#breadcrumb"},"inLanguage":"fr-FR","potentialAction":[{"@type":"ReadAction","target":["https:\/\/www.fileasbl.be\/membres\/laccueil-extrascolaire-de-lisbw-pendant-le-confinement\/"]}]},{"@type":"ImageObject","inLanguage":"fr-FR","@id":"https:\/\/www.fileasbl.be\/membres\/laccueil-extrascolaire-de-lisbw-pendant-le-confinement\/#primaryimage","url":"http:\/\/www.fileasbl.be\/membres\/wp-content\/uploads\/2020\/05\/Bandeau-article-800-150-ISBW.jpg","contentUrl":"http:\/\/www.fileasbl.be\/membres\/wp-content\/uploads\/2020\/05\/Bandeau-article-800-150-ISBW.jpg"},{"@type":"BreadcrumbList","@id":"https:\/\/www.fileasbl.be\/membres\/laccueil-extrascolaire-de-lisbw-pendant-le-confinement\/#breadcrumb","itemListElement":[{"@type":"ListItem","position":1,"name":"Accueil","item":"https:\/\/www.fileasbl.be\/membres\/"},{"@type":"ListItem","position":2,"name":"L\u2019Accueil extrascolaire de l\u2019ISBW pendant le confinement"}]},{"@type":"WebSite","@id":"https:\/\/www.fileasbl.be\/membres\/#website","url":"https:\/\/www.fileasbl.be\/membres\/","name":"Site de la FILE","description":"FILE Un accueil de qualit\u00e9 accessible \u00e0 tous","potentialAction":[{"@type":"SearchAction","target":{"@type":"EntryPoint","urlTemplate":"https:\/\/www.fileasbl.be\/membres\/?s={search_term_string}"},"query-input":{"@type":"PropertyValueSpecification","valueRequired":true,"valueName":"search_term_string"}}],"inLanguage":"fr-FR"},{"@type":"Person","@id":"https:\/\/www.fileasbl.be\/membres\/#\/schema\/person\/5954a0c68c3a6f92f805465caa00d25f","name":"Contact FILE","url":"https:\/\/www.fileasbl.be\/membres\/author\/contactfile\/"}]}},"builder_content":"<img src=\"http:\/\/www.fileasbl.be\/membres\/wp-content\/uploads\/2020\/05\/Bandeau-article-800-150-ISBW.jpg\" title=\"L\u2019Accueil extrascolaire de l\u2019ISBW pendant le confinement\" alt=\"L\u2019Accueil extrascolaire de l\u2019ISBW pendant le confinement\">\n<h2 style=\"text-align: left;\"><strong><em>Sortir les grandes voiles et continuer \u00e0 naviguer vers l\u2019enfant.<\/em><\/strong><\/h2> <p style=\"text-align: right;\">28\/05\/2020<\/p> <p>L\u2019ISBW et son service d\u2019accueil extrascolaire qui comporte 23 lieux d\u2019accueil dans tout le Brabant Wallon a appris \u00e0 la mi-Mars, comme tout le pays, la nouvelle du confinement. Malgr\u00e9 tout, notre mission d\u2019accueillir les enfants en accueil extrascolaire devait se poursuivre, mais bien s\u00fbr selon de nouvelles normes...<\/p> <p>Notre service \u2013 un gros bateau - compte une centaine d\u2019animateurs extrascolaires, du personnel administratif, 7 coordinateurs, 2 chefs de service et une chef de d\u00e9partement\u2026 La premi\u00e8re difficult\u00e9, qui est finalement vite devenue un d\u00e9fi \u00e0 relever, \u00e9tait de maintenir ce lien entre la hi\u00e9rarchie qui t\u00e9l\u00e9travaille et les animateurs en premi\u00e8re ligne sur le terrain. Rapidement, nous avons saisi toute l\u2019importance d\u2019entretenir la relation et de communiquer\u00a0: comment s\u2019organiser, communiquer les informations,\u00a0 les consignes et directives de la mani\u00e8re la plus claire possible \u00e0 l\u2019ensemble des membres du service en tenant compte du stress et de tant d\u2019autres \u00e9motions engendr\u00e9s par une telle situation, comme dans une \u00e9quation \u00e0 multiples inconnues.<\/p> <p>Les craintes, les frustrations, l\u2019\u00e9ventuel ennui de certains, le besoin d\u2019informations, sont autant de param\u00e8tres que nous avons tent\u00e9 de prendre en compte. Notre challenge dans cette situation, a finalement \u00e9t\u00e9 de maintenir nos animateurs en vie professionnellement parlant, en restant centr\u00e9s sur les enfants. Le service s\u2019est donc mis rapidement en r\u00e9flexion pour garder une dynamique, continuer \u00e0 \u00eatre dans le mouvement, dans la r\u00e9flexion, en projet, mais bien s\u00fbr, avec de nouvelles conditions de fonctionnement. En d\u2019autres mots, il s\u2019agissait de prendre soin des \u00e9quipes pour qu\u2019\u00e0 leur tour, elles puissent continuer \u00e0 prendre soin des enfants accueillis.<\/p> <p><a href=\"http:\/\/www.fileasbl.be\/membres\/wp-content\/uploads\/2020\/06\/internet-3113279_1920.jpg\"><img loading=\"lazy\" decoding=\"async\" src=\"http:\/\/www.fileasbl.be\/membres\/wp-content\/uploads\/2020\/06\/internet-3113279_1920-300x200.jpg\" alt=\"\" width=\"400\" height=\"267\" \/><\/a>En tr\u00e8s peu de temps, nous avons mis un r\u00e9el coup d\u2019acc\u00e9l\u00e9rateur pour renforcer la communication en cette p\u00e9riode de confinement. Pour cela, des sms et mails hebdomadaires (voire plus souvent) du service, les informant des avanc\u00e9es, des directives et m\u00eame des questions encore en suspens ont \u00e9t\u00e9 envoy\u00e9s aux animateurs et continuent \u00e0 l\u2019\u00eatre. Ces communications \u00e9taient aussi l\u2019occasion de leur rappeler que nous pensions bien \u00e0 eux et que nous \u00e9tions l\u00e0 pour la moindre question ou inqui\u00e9tude. Aussi, chaque coordinateur a d\u00e9velopp\u00e9 de nouveaux outils de communication avec ses \u00e9quipes, comme des groupes Whatsapp et m\u00eame quelques courtes r\u00e9unions virtuelles. Effectivement, la communication individuelle via les moyens de communication que nous connaissons est ais\u00e9e mais souvent d\u00e9laisse la dimension \u00ab \u00e9quipe \u00bb ; retrouver des moments en \u00e9quipe et m\u00eame \u00e0 distance a donc \u00e9t\u00e9 \u00e9galement important. En plus de la r\u00e9flexion men\u00e9e sur la communication, une de nos pr\u00e9occupations \u00e9tait de maintenir le lien entre tous les acteurs. De belles initiatives sont n\u00e9es : des messages touchants en vid\u00e9o envoy\u00e9s par les animateurs aux enfants de certains lieux (via la page facebook de l\u2019\u00e9cole), des messages de soutien entre coll\u00e8gues, de beaux remerciements venant de l\u2019un ou l\u2019autre, une communication renforc\u00e9e avec les directions d\u2019\u00e9cole pour imaginer une nouvelle organisation, etc. Aussi, il \u00e9tait important pour nous de savoir comment chacun des animateurs vivait cette p\u00e9riode : quels avaient \u00e9t\u00e9 (ou seraient) les freins, ce qui les avait aid\u00e9s ou les aiderait pour la suite. Il est facile d\u2019imaginer qu\u2019avec une centaine d\u2019animateurs, la t\u00e2che n\u2019\u00e9tait pas ais\u00e9e \u00e0 r\u00e9aliser mais l\u2019id\u00e9e est venue de lancer un grand sondage (framaforms) avec des questions tr\u00e8s ouvertes, et un large espace d\u2019expression \u00e9crite. Ce sondage a rencontr\u00e9 un grand succ\u00e8s puisque plus de 2\/3 du service y a r\u00e9pondu. Parall\u00e8lement \u00e0 cela, des contacts tr\u00e8s r\u00e9guliers par t\u00e9l\u00e9phone \u00e9taient pris avec chacun des animateurs pour savoir comment ils allaient et vivaient les choses.<\/p> <p>Une fois l\u2019\u00e9tape de la communication bien pens\u00e9e et mise en place, une r\u00e9flexion autour de \u00ab\u00a0comment continuer \u00e0 \u00eatre en projet\u00a0?\u00a0\u00bb nous titillait. Et l\u00e0, l\u2019id\u00e9e est venue\u00a0: pourquoi ne pas cr\u00e9er un concours\u00a0d\u2019activit\u00e9s ? C\u2019\u00e9tait parti\u00a0! Nous l\u2019avons nomm\u00e9\u00a0: Le grand concours \u00ab\u00a0balance ta cr\u00e9ativit\u00e9\u00a0\u00bb. Nous savions, et en sommes encore plus convaincus aujourd\u2019hui, que les animateurs sont dot\u00e9s d\u2019une tr\u00e8s grande cr\u00e9ativit\u00e9 pour faire r\u00eaver les enfants et nous avions envie de la mettre au d\u00e9fi. De nouveau, mails et sms pour mettre en mouvement nos \u00e9quipes en annon\u00e7ant une r\u00e9compense sympa \u00e0 la cl\u00e9 : un petit d\u00e9jeuner \u00e0 la sortie du confinement organis\u00e9 pour l\u2019\u00e9quipe gagnante et concoct\u00e9 par les coordinateurs, les chefs de service et la chef de d\u00e9partement. Nous avons re\u00e7u une quinzaine d\u2019activit\u00e9s toutes plus cr\u00e9atives les unes que les autres et consultables sur notre intranet (plateforme partag\u00e9e propre au personnel de l\u2019ISBW). Afin de rendre cela participatif, nous avons propos\u00e9 \u00e0 tous les animateurs de voter pour l\u2019activit\u00e9 qu\u2019ils avaient pr\u00e9f\u00e9r\u00e9e sur \u00ab\u00a0framaforms\u00a0\u00bb. En fin de semaine, le sms pour annoncer le grand gagnant est parti, avec la surprise que nous allions organiser ce petit d\u00e9jeuner pour tous nos animateurs\u00a0; un chouette moment de retrouvailles en perspective\u00a0!<\/p> <p><a href=\"http:\/\/www.fileasbl.be\/membres\/wp-content\/uploads\/2020\/05\/human-763156_1920.jpg\"><img loading=\"lazy\" decoding=\"async\" src=\"http:\/\/www.fileasbl.be\/membres\/wp-content\/uploads\/2020\/05\/human-763156_1920-300x163.jpg\" alt=\"\" width=\"400\" height=\"217\" srcset=\"https:\/\/www.fileasbl.be\/membres\/wp-content\/uploads\/2020\/05\/human-763156_1920-300x163.jpg 300w, https:\/\/www.fileasbl.be\/membres\/wp-content\/uploads\/2020\/05\/human-763156_1920-768x416.jpg 768w, https:\/\/www.fileasbl.be\/membres\/wp-content\/uploads\/2020\/05\/human-763156_1920-1024x555.jpg 1024w, https:\/\/www.fileasbl.be\/membres\/wp-content\/uploads\/2020\/05\/human-763156_1920-400x217.jpg 400w, https:\/\/www.fileasbl.be\/membres\/wp-content\/uploads\/2020\/05\/human-763156_1920.jpg 1920w\" sizes=\"auto, (max-width: 400px) 100vw, 400px\" \/><\/a>Une question continuait \u00e0 tarauder tous les esprits. Allions-nous pouvoir offrir des plaines d\u2019\u00e9t\u00e9 aux enfants\u00a0? D\u2019ailleurs, certains nous faisaient r\u00e9guli\u00e8rement part de leur envie de retrouver les enfants, la joie de l\u2019extrascolaire et peut-\u00eatre, nous l\u2019esp\u00e9rions tous, des plaines. Nous souhaitions, alors m\u00eame que beaucoup d\u2019incertitudes planaient encore, avancer sur la pr\u00e9paration des vacances d\u2019\u00e9t\u00e9. Se projeter, quel plaisir\u00a0! Cela fait un moment que notre service est convaincu de l\u2019int\u00e9r\u00eat d\u2019exploiter la nature avec les enfants, pour leur \u00e9panouissement, leurs d\u00e9couvertes, leur bien-\u00eatre. Cette p\u00e9riode particuli\u00e8re nous a permis de r\u00e9fl\u00e9chir tous ensemble \u00e0 la mani\u00e8re de faire vivre encore plus l\u2019ext\u00e9rieur en plaines, de les rendre plus \u00ab\u00a0vertes\u00a0\u00bb. Par \u00e9quipe de plaines, les coordinateurs ont donc lanc\u00e9 les animateurs sur ce sujet. D\u2019abord, une note a \u00e9t\u00e9 r\u00e9alis\u00e9e par le service pour titiller leur cr\u00e9ativit\u00e9 et poursuivre cette r\u00e9flexion centr\u00e9e sur les enfants. Groupes whatsapp, appels, mails, tout \u00e9tait bon pour \u00e9changer nos id\u00e9es. Et autant dire que cela a \u00e9t\u00e9 productif, tant les id\u00e9es ont germ\u00e9\u00a0: faire toutes les plaines \u00e0 l\u2019ext\u00e9rieur, sieste et repas compris, d\u00e9velopper des activit\u00e9s nature totalement folles, mettre l\u2019int\u00e9rieur \u00e0 l\u2019ext\u00e9rieur, jouer dans la terre, la boue, l\u2019eau, exploiter l\u2019environnement proche, etc. Et finalement, \u00e0 l\u2019heure o\u00f9 nous \u00e9crivons ces quelques lignes, tous les membres du service se r\u00e9jouissent enfin de la nouvelle du maintien des plaines de vacances\u00a0; quel bonheur\u00a0! Cela risque d\u2019\u00eatre magique tant pour les enfants que pour les animateurs, nous n\u2019en doutons pas !<\/p> <p>Enfin, nous avons vu approcher le 18 Mai avec son d\u00e9confinement progressif et surtout un retour \u00e0 l\u2019\u00e9cole et \u00e0 l\u2019extrascolaire d\u2019un plus grand nombre d\u2019enfants. Cela a suscit\u00e9 beaucoup d\u2019interrogations, notamment comment allier le respect des mesures sanitaires avec le maintien de la qualit\u00e9 de la relation \u00e0 l\u2019enfant\u00a0? Encore une belle occasion de nous mettre en projet tous ensemble\u00a0! Afin d\u2019attiser l\u2019envie de r\u00e9fl\u00e9chir sur cette question, \u00e0 nouveau le service a envoy\u00e9 aux animateurs une petite note reprenant quelques id\u00e9es et r\u00e9flexions. \u00a0Nous avons cr\u00e9\u00e9 sur notre intranet, une plateforme permettant de partager les divers outils favorisant l\u2019expression des \u00e9motions des enfants dans cette p\u00e9riode difficile, des supports pour appr\u00e9hender les mesures d\u2019hygi\u00e8ne et enfin des id\u00e9es d\u2019activit\u00e9s. Une vraie mine d\u2019or o\u00f9 puiser l\u2019inspiration pour accompagner les enfants dans ce retour vers l\u2019accueil extrascolaire.<\/p> <p>Durant toute cette p\u00e9riode, nous avons \u00e9t\u00e9 \u00e9merveill\u00e9s de voir \u00e0 quel point les animateurs vibraient pour leur m\u00e9tier, \u00e9taient anim\u00e9s par l\u2019id\u00e9e d\u2019offrir le meilleur accueil possible aux enfants et, dans des conditions boulevers\u00e9es. Les enfants et m\u00eame \u00e0 distance pour la plupart, ont r\u00e9ussi \u00e0 guider tout notre service vers un chemin \u00e9clair\u00e9, positif et rempli de projets\u00a0! Finalement, nous avons m\u00eame l\u2019impression d\u2019en sortir plus forts, plus unis, et avec une vision encore plus claire de ce pour quoi nous travaillons\u00a0!<\/p> <p style=\"text-align: right;\">Mathilde Petit et V\u00e9ronique Schmitz, Chefs de service<\/p>","_links":{"self":[{"href":"https:\/\/www.fileasbl.be\/membres\/wp-json\/wp\/v2\/posts\/13686","targetHints":{"allow":["GET"]}}],"collection":[{"href":"https:\/\/www.fileasbl.be\/membres\/wp-json\/wp\/v2\/posts"}],"about":[{"href":"https:\/\/www.fileasbl.be\/membres\/wp-json\/wp\/v2\/types\/post"}],"author":[{"embeddable":true,"href":"https:\/\/www.fileasbl.be\/membres\/wp-json\/wp\/v2\/users\/2"}],"replies":[{"embeddable":true,"href":"https:\/\/www.fileasbl.be\/membres\/wp-json\/wp\/v2\/comments?post=13686"}],"version-history":[{"count":0,"href":"https:\/\/www.fileasbl.be\/membres\/wp-json\/wp\/v2\/posts\/13686\/revisions"}],"wp:attachment":[{"href":"https:\/\/www.fileasbl.be\/membres\/wp-json\/wp\/v2\/media?parent=13686"}],"wp:term":[{"taxonomy":"category","embeddable":true,"href":"https:\/\/www.fileasbl.be\/membres\/wp-json\/wp\/v2\/categories?post=13686"},{"taxonomy":"post_tag","embeddable":true,"href":"https:\/\/www.fileasbl.be\/membres\/wp-json\/wp\/v2\/tags?post=13686"}],"curies":[{"name":"wp","href":"https:\/\/api.w.org\/{rel}","templated":true}]}}