{"id":1700,"date":"2017-06-20T14:25:53","date_gmt":"2017-06-20T13:25:53","guid":{"rendered":"http:\/\/www.fileasbl.be\/membres\/la-file-recrute-un-conseiller-pedagogique-hfx-copy\/"},"modified":"2020-07-16T14:38:30","modified_gmt":"2020-07-16T13:38:30","slug":"communique-presse-inquietudes-secteur-accueil-petite-enfance","status":"publish","type":"post","link":"https:\/\/www.fileasbl.be\/membres\/communique-presse-inquietudes-secteur-accueil-petite-enfance\/","title":{"rendered":"Inqui\u00e9tudes dans le secteur de l&rsquo;accueil de la petite enfance"},"content":{"rendered":"<h2>Communiqu\u00e9 de presse du 19\/06\/2017 : Inqui\u00e9tudes dans le secteur de l&rsquo;accueil de la petite enfance.<\/h2>\n<h3>Le statut de salari\u00e9 pour les accueillantes d\u2019enfants conventionn\u00e9es&nbsp;va-t-il \u00eatre encore report\u00e9&nbsp;?<\/h3>\n<p>Depuis plusieurs ann\u00e9es, une plate-forme s\u2019est constitu\u00e9e pour exiger un statut de travailleur salari\u00e9 pour les accueillantes conventionn\u00e9es. Elle rassemble les repr\u00e9sentants des services et des accueillantes, les mouvements familiaux et f\u00e9minins, les organisations syndicales et une f\u00e9d\u00e9ration patronale.<\/p>\n<p>Pour rappel, les accueillantes travaillent sous un statut social hybride depuis 2003 (droits partiels de s\u00e9curit\u00e9 sociale) et b\u00e9n\u00e9ficient d\u2019un d\u00e9fraiement pour l\u2019accueil, \u00e0 leur domicile, d\u2019enfants de 0 \u00e0 3 ans. Convaincus de la n\u00e9cessit\u00e9 de reconna\u00eetre le travail des accueillantes en tant que salari\u00e9es, les membres de la Plate-forme se sont rassembl\u00e9s autour d\u2019un objectif commun&nbsp;: un statut de professionnel de l\u2019accueil de l\u2019enfance avec un bar\u00e8me et une qualification \u00e9quivalents \u00e0 celui de la pu\u00e9ricultrice.<\/p>\n<p>Malgr\u00e9 les engagements politiques et les annonces qui se sont succ\u00e9d\u00e9s au cours des l\u00e9gislatures, le statut de salari\u00e9e pour ces plus de 2.600 accueillantes n\u2019a toujours pas abouti. Si nous ne doutons pas de la volont\u00e9 de la Ministre de l\u2019Enfance, Alda GREOLI, de voir avancer ce dossier, force est de constater que nous ne voyons pas de concr\u00e9tisation possible, dans de bonnes conditions d\u2019information, dans les d\u00e9lais annonc\u00e9s \u2026 et sans cesse report\u00e9s.<\/p>\n<p>Pendant ce temps, les services d\u2019accueillantes ne peuvent que constater la perte de places dans ce secteur et une offre d\u2019accueil (d\u00e9j\u00e0 largement insuffisante) pour les tout-petits qui diminue\u2026 Tout cela au d\u00e9triment des parents qui se d\u00e9m\u00e8nent avec difficult\u00e9 pour trouver une place d\u2019accueil pour leur b\u00e9b\u00e9&nbsp;!<\/p>\n<p>Nous tenons \u00e0 manifester aujourd\u2019hui notre inqui\u00e9tude face \u00e0 cette situation. Nous r\u00e9affirmons l\u2019importance de voir aboutir un statut de qualit\u00e9 dans le respect des d\u00e9lais annonc\u00e9s, sous peine de perte de l\u00e9gitimit\u00e9 pour les acteurs politiques et de d\u00e9couragement comme de col\u00e8re du secteur. Nous demandons \u00e0 \u00eatre associ\u00e9s aux d\u00e9bats et aux d\u00e9cisions en tant que partenaires connaissant de mani\u00e8re approfondie les r\u00e9alit\u00e9s de terrain.<\/p>\n<h3>Les signataires du communiqu\u00e9 de presse pour la Plate-forme<\/h3>\n<p style=\"text-align: center;\">Eric DUBOIS \u2013 CGSLB<\/p>\n<p style=\"text-align: center;\">Olivier NYSSEN \u2013 CGSP<\/p>\n<p style=\"text-align: center;\">Yves HELLENDORFF \u2013 CNE<\/p>\n<p style=\"text-align: center;\">Aur\u00e9lie GAZIAUX et Fran\u00e7oise PICHOT \u2013 COSEGE<\/p>\n<p style=\"text-align: center;\">Marie TILLIERE et Guy CRIJNS&nbsp; \u2013 CSC Services publics<\/p>\n<p style=\"text-align: center;\">Fabiola FRIPPIAT et Natacha VERSTRAETEN \u2013 FILE<\/p>\n<p style=\"text-align: center;\">Carmen CASTELLANO et Fran\u00e7oise CLAUDE \u2013 FPS<\/p>\n<p style=\"text-align: center;\">Anne TEHEUX et Christine VANDEVOORDE\u2013 FSMI<\/p>\n<p style=\"text-align: center;\">Delphine CHABBERT &#8211; Ligue des Familles<\/p>\n<p style=\"text-align: center;\">Christian MASAI \u2013 SETCa<\/p>\n<p style=\"text-align: center;\">Nicole DELBROUCK &#8211; SLFP- ALR<\/p>\n<p style=\"text-align: center;\">Hafida BACHIR \u2013 Vie F\u00e9minine<\/p>\n<p>&nbsp;<\/p>\n<h3>La presse en a parl\u00e9<\/h3>\n<ul>\n<li><a href=\"http:\/\/www.7sur7.be\/7s7\/fr\/1523\/Famille\/article\/detail\/3186626\/2017\/06\/19\/Les-accueillantes-d-enfants-veulent-un-statut-de-salarie-au-plus-vite.dhtml\" target=\"_blank\" rel=\"noopener noreferrer\">7 sur 7 du 19\/06\/2017 Les accueillantes d&rsquo;enfants veulent un statut de salari\u00e9 au plus vite.<\/a><\/li>\n<li>L&rsquo;Avenir &#8211; Huy-Waremme du 20\/06\/2017 : Les accueillantes veulent \u00eatre salari\u00e9es<\/li>\n<\/ul>\n<p><em>Les accueillantes d\u2019enfants conventionn\u00e9es souhaitent que leur soit octroy\u00e9 un statut de travailleur salari\u00e9. Malgr\u00e9 plusieurs engagements politiques au cours de la l\u00e9gislature, elles craignent que l\u2019id\u00e9e soit \u00e0 nouveau report\u00e9e.<\/em><\/p>\n<p><em>Les accueillantes d\u2019enfants conventionn\u00e9es sont des personnes physiques autoris\u00e9es par l\u2019ONE (Office national de l\u2019enfance) \u00e0 accueillir des enfants \u00e2g\u00e9s de 0 \u00e0 6 ans. Elles sont r\u00e9mun\u00e9r\u00e9es \u00e0 la prestation, ce qui rend leur revenu fortement variable et leur situation pr\u00e9caire.<\/em><\/p>\n<p><em>\u00abIl est indispensable d\u2019amener une stabilit\u00e9 de revenu dans le secteur, au risque de voir les accueillantes se d\u00e9tourner de la profession, explique Natacha Verstraeten, pr\u00e9sidente de la F\u00e9d\u00e9ration des initiatives locales pour l\u2019enfance (File) et coordinatrice de la plate-forme.&nbsp;Les accueillantes conventionn\u00e9es sont indispensables<\/em><\/p>\n<p><em>\u00bb&nbsp;car elles offrent une alternative au secteur priv\u00e9, inaccessible pour de nombreux parents.<\/em><\/p>\n<p><em>Un groupe d\u2019organisations s\u2019est donc constitu\u00e9 il y a quatre ans afin de r\u00e9clamer un statut de salari\u00e9 pour les accueillantes conventionn\u00e9es, qui sont r\u00e9mun\u00e9r\u00e9es par l\u2019ONE (via un CPAS, une commune ou une ASBL).<\/em><\/p>\n<p><em>\u00abDepuis 2013, on ne l\u00e2che pas\u00bb, dit Natacha Verstraeten. Il y a bien eu des engagements politiques, mais qui n\u2019ont \u00e0 ce jour pas \u00e9t\u00e9 appliqu\u00e9s. \u00abOn n\u2019arr\u00eate pas de reporter le projet. Maintenant, \u00e7a suffit.\u00bb<\/em><\/p>\n<ul>\n<li><a href=\"http:\/\/bx1.be\/news\/les-accueillantes-denfants-veulent-un-statut-de-salarie-au-plus-vite\/\" target=\"_blank\" rel=\"noopener noreferrer\">BX1.be du 19\/06\/2017 : Les accueillantes d&rsquo;enfants veulent un statut de salari\u00e9 au plus vite<\/a><\/li>\n<li><a href=\"http:\/\/bx1.be\/news\/la-situation-politique-inquiete-les-accueillantes-denfants\/\" target=\"_blank\" rel=\"noopener noreferrer\">BX1.be du 20\/06\/2017 : La situation politique inqui\u00e8te les accueillantes d&rsquo;enfants<\/a><\/li>\n<li>Le VIF du 20\/06\/2017 : L&rsquo;\u00e9cole ne peut subir les cons\u00e9quences de la crise<\/li>\n<\/ul>\n<p><em>&#8230;&nbsp;<strong>Les syndicats des enseignants ont exprim\u00e9 mardi en front commun leurs \u00ab\u00a0plus vives inqui\u00e9tudes\u00a0\u00bb au lendemain de la chute de la majorit\u00e9 PS-cdH, redoutant la \u00ab\u00a0mise au frigo\u00a0\u00bb d&rsquo;une s\u00e9rie de dossiers dont la concr\u00e9tisation est attendue d&rsquo;ici la prochaine rentr\u00e9e scolaire de septembre.<\/strong><\/em><\/p>\n<p><em><strong>La situation politique inqui\u00e8te les accueillantes d&rsquo;enfants<\/strong><\/em><\/p>\n<p><em>Les accueillantes d&rsquo;enfants conventionn\u00e9es ont fait part mardi de leur inqui\u00e9tude quant \u00e0 la situation politique en F\u00e9d\u00e9ration Wallonie-Bruxelles, o\u00f9 le cdH a annonc\u00e9 lundi sa volont\u00e9 de ne plus gouverner avec le PS. Une rencontre pr\u00e9vue avec la ministre de l&rsquo;Enfance Alda Greoli (cdH) a bien eu lieu dans l&rsquo;apr\u00e8s-midi. Elle n&rsquo;a pas permis d&rsquo;att\u00e9nuer les craintes du secteur.<\/em><\/p>\n<p><em>\u00ab\u00a0La ministre a tenu \u00e0 nous rassurer et a r\u00e9affirm\u00e9 sa volont\u00e9 d&rsquo;aboutir. Mais elle nous a \u00e9galement dit qu&rsquo;elle ne devait pr\u00e9juger de rien\u00a0\u00bb, rel\u00e8ve Natacha Verstraeten, pr\u00e9sidente de la F\u00e9d\u00e9ration des initiatives locales pour l&rsquo;enfance (File) et coordinatrice de la plate-forme regroupant syndicats, associations professionnelles et monde associatif.<\/em><\/p>\n<p><em>Les accueillantes d&rsquo;enfants conventionn\u00e9es sont des personnes physiques autoris\u00e9es par l&rsquo;ONE (Office national de l&rsquo;enfance) \u00e0 accueillir des enfants \u00e2g\u00e9s de z\u00e9ro \u00e0 six ans. Elles sont r\u00e9mun\u00e9r\u00e9es \u00e0 la prestation, ce qui rend leur revenu fortement variable et leur situation pr\u00e9caire.<\/em><\/p>\n<p><em>Un groupe d&rsquo;organisations s&rsquo;est donc constitu\u00e9 il y a quatre ans afin de r\u00e9clamer un statut de salari\u00e9 pour les accueillantes conventionn\u00e9es, qui sont r\u00e9mun\u00e9r\u00e9es par l&rsquo;ONE (via un CPAS, une commune ou une ASBL). Des discussions sont en cours avec la ministre Greoli, qui a d\u00e9j\u00e0 annonc\u00e9 qu&rsquo;un statut des accueillantes conventionn\u00e9es \u00e9tait en pr\u00e9paration.<\/em><\/p>\n<p><em>La crise politique francophone pourrait mettre \u00e0 mal la concertation, estime la plate-forme. \u00ab\u00a0Le statut des accueillantes conventionn\u00e9es n&rsquo;est pas une priorit\u00e9 pour le MR (pressenti pour monter dans la majorit\u00e9, ndlr)\u00a0\u00bb, estime Mme Verstraeten. Ce parti \u00ab\u00a0est davantage sensible \u00e0 la situation des accueillantes autonomes qui travaillent comme ind\u00e9pendantes, alors que le syst\u00e8me de l&rsquo;accueil conventionn\u00e9 permet une meilleure accessibilit\u00e9.\u00a0\u00bb<\/em><\/p>\n<p><em>Une nouvelle rencontre est programm\u00e9e le 11 juillet \u00ab\u00a0&#8230; si la ministre est toujours en poste\u00a0\u00bb, conclut Mme Verstraeten.<\/em><\/p>\n<p><em>L&rsquo;accueil conventionn\u00e9 englobe 2.600 personnes en F\u00e9d\u00e9ration Wallonie-Bruxelles, dont une large majorit\u00e9 de femmes qui vivent dans des conditions difficiles&#8230;<\/em><\/p>\n<!--themify_builder_content-->\n<div id=\"themify_builder_content-1700\" data-postid=\"1700\" class=\"themify_builder_content themify_builder_content-1700 themify_builder tf_clear\">\n    <\/div>\n<!--\/themify_builder_content-->","protected":false},"excerpt":{"rendered":"<p>Communiqu\u00e9 de presse de la plate-forme accueillantes sur les inqui\u00e9tudes du secteur face au report du statut des accueillantes d&rsquo;enfants conventionn\u00e9es.<\/p>\n","protected":false},"author":1,"featured_media":0,"comment_status":"open","ping_status":"open","sticky":false,"template":"","format":"standard","meta":{"footnotes":""},"categories":[217,246,299,301,302,9],"tags":[192,30],"class_list":["post-1700","post","type-post","status-publish","format-standard","hentry","category-actu-statut-accueillantes","category-milac","category-notes-juridiques","category-notes-politiques","category-reforme-milac","category-statut-des-accueillantes","tag-communique-de-presse","tag-plate-forme","has-post-title","has-post-date","has-post-category","has-post-tag","has-post-comment","has-post-author",""],"yoast_head":"<!-- This site is optimized with the Yoast SEO plugin v27.5 - https:\/\/yoast.com\/product\/yoast-seo-wordpress\/ -->\n<title>Inqui\u00e9tudes dans le secteur de l&#039;accueil de la petite enfance - Site de la FILE<\/title>\n<meta name=\"description\" content=\"Communiqu\u00e9 de presse de la plate-forme accueillantes sur les inqui\u00e9tudes du secteur face au report du statut des accueillantes d&#039;enfants conventionn\u00e9es\" \/>\n<meta name=\"robots\" content=\"index, follow, max-snippet:-1, max-image-preview:large, max-video-preview:-1\" \/>\n<link rel=\"canonical\" href=\"https:\/\/www.fileasbl.be\/membres\/communique-presse-inquietudes-secteur-accueil-petite-enfance\/\" \/>\n<meta property=\"og:locale\" content=\"fr_FR\" \/>\n<meta property=\"og:type\" content=\"article\" \/>\n<meta property=\"og:title\" content=\"Inqui\u00e9tudes dans le secteur de l&#039;accueil de la petite enfance - Site de la FILE\" \/>\n<meta property=\"og:description\" content=\"Communiqu\u00e9 de presse de la plate-forme accueillantes sur les inqui\u00e9tudes du secteur face au report du statut des accueillantes d&#039;enfants conventionn\u00e9es\" \/>\n<meta property=\"og:url\" content=\"https:\/\/www.fileasbl.be\/membres\/communique-presse-inquietudes-secteur-accueil-petite-enfance\/\" \/>\n<meta property=\"og:site_name\" content=\"Site de la FILE\" \/>\n<meta property=\"article:publisher\" content=\"https:\/\/www.facebook.com\/fileasbl\/\" \/>\n<meta property=\"article:published_time\" content=\"2017-06-20T13:25:53+00:00\" \/>\n<meta property=\"article:modified_time\" content=\"2020-07-16T13:38:30+00:00\" \/>\n<meta property=\"og:image\" content=\"https:\/\/www.fileasbl.be\/membres\/wp-content\/uploads\/2017\/06\/com-press-e1594906506217.jpg\" \/>\n\t<meta property=\"og:image:width\" content=\"261\" \/>\n\t<meta property=\"og:image:height\" content=\"260\" \/>\n\t<meta property=\"og:image:type\" content=\"image\/jpeg\" \/>\n<meta name=\"author\" content=\"sd@membresfile\" \/>\n<meta name=\"twitter:card\" content=\"summary_large_image\" \/>\n<meta name=\"twitter:label1\" content=\"\u00c9crit par\" \/>\n\t<meta name=\"twitter:data1\" content=\"sd@membresfile\" \/>\n\t<meta name=\"twitter:label2\" content=\"Dur\u00e9e de lecture estim\u00e9e\" \/>\n\t<meta name=\"twitter:data2\" content=\"6 minutes\" \/>\n<script type=\"application\/ld+json\" class=\"yoast-schema-graph\">{\"@context\":\"https:\\\/\\\/schema.org\",\"@graph\":[{\"@type\":\"Article\",\"@id\":\"https:\\\/\\\/www.fileasbl.be\\\/membres\\\/communique-presse-inquietudes-secteur-accueil-petite-enfance\\\/#article\",\"isPartOf\":{\"@id\":\"https:\\\/\\\/www.fileasbl.be\\\/membres\\\/communique-presse-inquietudes-secteur-accueil-petite-enfance\\\/\"},\"author\":{\"name\":\"sd@membresfile\",\"@id\":\"https:\\\/\\\/www.fileasbl.be\\\/membres\\\/#\\\/schema\\\/person\\\/603dde223e96764c2a7d9c35d264266d\"},\"headline\":\"Inqui\u00e9tudes dans le secteur de l&rsquo;accueil de la petite enfance\",\"datePublished\":\"2017-06-20T13:25:53+00:00\",\"dateModified\":\"2020-07-16T13:38:30+00:00\",\"mainEntityOfPage\":{\"@id\":\"https:\\\/\\\/www.fileasbl.be\\\/membres\\\/communique-presse-inquietudes-secteur-accueil-petite-enfance\\\/\"},\"wordCount\":1189,\"commentCount\":0,\"keywords\":[\"communiqu\u00e9 de presse\",\"plate-forme\"],\"articleSection\":[\"Actu statut accueillantes\",\"Milieu d'accueil 0-3 ans\",\"Notes juridiques\",\"Notes politiques\",\"R\u00e9forme MILAC\",\"Statut des accueillantes\"],\"inLanguage\":\"fr-FR\",\"potentialAction\":[{\"@type\":\"CommentAction\",\"name\":\"Comment\",\"target\":[\"https:\\\/\\\/www.fileasbl.be\\\/membres\\\/communique-presse-inquietudes-secteur-accueil-petite-enfance\\\/#respond\"]}]},{\"@type\":\"WebPage\",\"@id\":\"https:\\\/\\\/www.fileasbl.be\\\/membres\\\/communique-presse-inquietudes-secteur-accueil-petite-enfance\\\/\",\"url\":\"https:\\\/\\\/www.fileasbl.be\\\/membres\\\/communique-presse-inquietudes-secteur-accueil-petite-enfance\\\/\",\"name\":\"Inqui\u00e9tudes dans le secteur de l'accueil de la petite enfance - Site de la FILE\",\"isPartOf\":{\"@id\":\"https:\\\/\\\/www.fileasbl.be\\\/membres\\\/#website\"},\"datePublished\":\"2017-06-20T13:25:53+00:00\",\"dateModified\":\"2020-07-16T13:38:30+00:00\",\"author\":{\"@id\":\"https:\\\/\\\/www.fileasbl.be\\\/membres\\\/#\\\/schema\\\/person\\\/603dde223e96764c2a7d9c35d264266d\"},\"description\":\"Communiqu\u00e9 de presse de la plate-forme accueillantes sur les inqui\u00e9tudes du secteur face au report du statut des accueillantes d'enfants conventionn\u00e9es\",\"breadcrumb\":{\"@id\":\"https:\\\/\\\/www.fileasbl.be\\\/membres\\\/communique-presse-inquietudes-secteur-accueil-petite-enfance\\\/#breadcrumb\"},\"inLanguage\":\"fr-FR\",\"potentialAction\":[{\"@type\":\"ReadAction\",\"target\":[\"https:\\\/\\\/www.fileasbl.be\\\/membres\\\/communique-presse-inquietudes-secteur-accueil-petite-enfance\\\/\"]}]},{\"@type\":\"BreadcrumbList\",\"@id\":\"https:\\\/\\\/www.fileasbl.be\\\/membres\\\/communique-presse-inquietudes-secteur-accueil-petite-enfance\\\/#breadcrumb\",\"itemListElement\":[{\"@type\":\"ListItem\",\"position\":1,\"name\":\"Accueil\",\"item\":\"https:\\\/\\\/www.fileasbl.be\\\/membres\\\/\"},{\"@type\":\"ListItem\",\"position\":2,\"name\":\"Inqui\u00e9tudes dans le secteur de l&#8217;accueil de la petite enfance\"}]},{\"@type\":\"WebSite\",\"@id\":\"https:\\\/\\\/www.fileasbl.be\\\/membres\\\/#website\",\"url\":\"https:\\\/\\\/www.fileasbl.be\\\/membres\\\/\",\"name\":\"Site de la FILE\",\"description\":\"FILE Un accueil de qualit\u00e9 accessible \u00e0 tous\",\"potentialAction\":[{\"@type\":\"SearchAction\",\"target\":{\"@type\":\"EntryPoint\",\"urlTemplate\":\"https:\\\/\\\/www.fileasbl.be\\\/membres\\\/?s={search_term_string}\"},\"query-input\":{\"@type\":\"PropertyValueSpecification\",\"valueRequired\":true,\"valueName\":\"search_term_string\"}}],\"inLanguage\":\"fr-FR\"},{\"@type\":\"Person\",\"@id\":\"https:\\\/\\\/www.fileasbl.be\\\/membres\\\/#\\\/schema\\\/person\\\/603dde223e96764c2a7d9c35d264266d\",\"name\":\"sd@membresfile\",\"url\":\"https:\\\/\\\/www.fileasbl.be\\\/membres\\\/author\\\/sdmembresfile\\\/\"}]}<\/script>\n<!-- \/ Yoast SEO plugin. -->","yoast_head_json":{"title":"Inqui\u00e9tudes dans le secteur de l'accueil de la petite enfance - Site de la FILE","description":"Communiqu\u00e9 de presse de la plate-forme accueillantes sur les inqui\u00e9tudes du secteur face au report du statut des accueillantes d'enfants conventionn\u00e9es","robots":{"index":"index","follow":"follow","max-snippet":"max-snippet:-1","max-image-preview":"max-image-preview:large","max-video-preview":"max-video-preview:-1"},"canonical":"https:\/\/www.fileasbl.be\/membres\/communique-presse-inquietudes-secteur-accueil-petite-enfance\/","og_locale":"fr_FR","og_type":"article","og_title":"Inqui\u00e9tudes dans le secteur de l'accueil de la petite enfance - Site de la FILE","og_description":"Communiqu\u00e9 de presse de la plate-forme accueillantes sur les inqui\u00e9tudes du secteur face au report du statut des accueillantes d'enfants conventionn\u00e9es","og_url":"https:\/\/www.fileasbl.be\/membres\/communique-presse-inquietudes-secteur-accueil-petite-enfance\/","og_site_name":"Site de la FILE","article_publisher":"https:\/\/www.facebook.com\/fileasbl\/","article_published_time":"2017-06-20T13:25:53+00:00","article_modified_time":"2020-07-16T13:38:30+00:00","og_image":[{"width":261,"height":260,"url":"https:\/\/www.fileasbl.be\/membres\/wp-content\/uploads\/2017\/06\/com-press-e1594906506217.jpg","type":"image\/jpeg"}],"author":"sd@membresfile","twitter_card":"summary_large_image","twitter_misc":{"\u00c9crit par":"sd@membresfile","Dur\u00e9e de lecture estim\u00e9e":"6 minutes"},"schema":{"@context":"https:\/\/schema.org","@graph":[{"@type":"Article","@id":"https:\/\/www.fileasbl.be\/membres\/communique-presse-inquietudes-secteur-accueil-petite-enfance\/#article","isPartOf":{"@id":"https:\/\/www.fileasbl.be\/membres\/communique-presse-inquietudes-secteur-accueil-petite-enfance\/"},"author":{"name":"sd@membresfile","@id":"https:\/\/www.fileasbl.be\/membres\/#\/schema\/person\/603dde223e96764c2a7d9c35d264266d"},"headline":"Inqui\u00e9tudes dans le secteur de l&rsquo;accueil de la petite enfance","datePublished":"2017-06-20T13:25:53+00:00","dateModified":"2020-07-16T13:38:30+00:00","mainEntityOfPage":{"@id":"https:\/\/www.fileasbl.be\/membres\/communique-presse-inquietudes-secteur-accueil-petite-enfance\/"},"wordCount":1189,"commentCount":0,"keywords":["communiqu\u00e9 de presse","plate-forme"],"articleSection":["Actu statut accueillantes","Milieu d'accueil 0-3 ans","Notes juridiques","Notes politiques","R\u00e9forme MILAC","Statut des accueillantes"],"inLanguage":"fr-FR","potentialAction":[{"@type":"CommentAction","name":"Comment","target":["https:\/\/www.fileasbl.be\/membres\/communique-presse-inquietudes-secteur-accueil-petite-enfance\/#respond"]}]},{"@type":"WebPage","@id":"https:\/\/www.fileasbl.be\/membres\/communique-presse-inquietudes-secteur-accueil-petite-enfance\/","url":"https:\/\/www.fileasbl.be\/membres\/communique-presse-inquietudes-secteur-accueil-petite-enfance\/","name":"Inqui\u00e9tudes dans le secteur de l'accueil de la petite enfance - Site de la FILE","isPartOf":{"@id":"https:\/\/www.fileasbl.be\/membres\/#website"},"datePublished":"2017-06-20T13:25:53+00:00","dateModified":"2020-07-16T13:38:30+00:00","author":{"@id":"https:\/\/www.fileasbl.be\/membres\/#\/schema\/person\/603dde223e96764c2a7d9c35d264266d"},"description":"Communiqu\u00e9 de presse de la plate-forme accueillantes sur les inqui\u00e9tudes du secteur face au report du statut des accueillantes d'enfants conventionn\u00e9es","breadcrumb":{"@id":"https:\/\/www.fileasbl.be\/membres\/communique-presse-inquietudes-secteur-accueil-petite-enfance\/#breadcrumb"},"inLanguage":"fr-FR","potentialAction":[{"@type":"ReadAction","target":["https:\/\/www.fileasbl.be\/membres\/communique-presse-inquietudes-secteur-accueil-petite-enfance\/"]}]},{"@type":"BreadcrumbList","@id":"https:\/\/www.fileasbl.be\/membres\/communique-presse-inquietudes-secteur-accueil-petite-enfance\/#breadcrumb","itemListElement":[{"@type":"ListItem","position":1,"name":"Accueil","item":"https:\/\/www.fileasbl.be\/membres\/"},{"@type":"ListItem","position":2,"name":"Inqui\u00e9tudes dans le secteur de l&#8217;accueil de la petite enfance"}]},{"@type":"WebSite","@id":"https:\/\/www.fileasbl.be\/membres\/#website","url":"https:\/\/www.fileasbl.be\/membres\/","name":"Site de la FILE","description":"FILE Un accueil de qualit\u00e9 accessible \u00e0 tous","potentialAction":[{"@type":"SearchAction","target":{"@type":"EntryPoint","urlTemplate":"https:\/\/www.fileasbl.be\/membres\/?s={search_term_string}"},"query-input":{"@type":"PropertyValueSpecification","valueRequired":true,"valueName":"search_term_string"}}],"inLanguage":"fr-FR"},{"@type":"Person","@id":"https:\/\/www.fileasbl.be\/membres\/#\/schema\/person\/603dde223e96764c2a7d9c35d264266d","name":"sd@membresfile","url":"https:\/\/www.fileasbl.be\/membres\/author\/sdmembresfile\/"}]}},"builder_content":"","_links":{"self":[{"href":"https:\/\/www.fileasbl.be\/membres\/wp-json\/wp\/v2\/posts\/1700","targetHints":{"allow":["GET"]}}],"collection":[{"href":"https:\/\/www.fileasbl.be\/membres\/wp-json\/wp\/v2\/posts"}],"about":[{"href":"https:\/\/www.fileasbl.be\/membres\/wp-json\/wp\/v2\/types\/post"}],"author":[{"embeddable":true,"href":"https:\/\/www.fileasbl.be\/membres\/wp-json\/wp\/v2\/users\/1"}],"replies":[{"embeddable":true,"href":"https:\/\/www.fileasbl.be\/membres\/wp-json\/wp\/v2\/comments?post=1700"}],"version-history":[{"count":0,"href":"https:\/\/www.fileasbl.be\/membres\/wp-json\/wp\/v2\/posts\/1700\/revisions"}],"wp:attachment":[{"href":"https:\/\/www.fileasbl.be\/membres\/wp-json\/wp\/v2\/media?parent=1700"}],"wp:term":[{"taxonomy":"category","embeddable":true,"href":"https:\/\/www.fileasbl.be\/membres\/wp-json\/wp\/v2\/categories?post=1700"},{"taxonomy":"post_tag","embeddable":true,"href":"https:\/\/www.fileasbl.be\/membres\/wp-json\/wp\/v2\/tags?post=1700"}],"curies":[{"name":"wp","href":"https:\/\/api.w.org\/{rel}","templated":true}]}}