{"id":1715,"date":"2017-07-06T08:04:54","date_gmt":"2017-07-06T07:04:54","guid":{"rendered":"http:\/\/www.fileasbl.be\/membres\/votre-arrivee-au-colloque-du-28-juin-2017-copy\/"},"modified":"2022-07-28T10:54:11","modified_gmt":"2022-07-28T09:54:11","slug":"colloque-2017-quelques-souvenirs","status":"publish","type":"post","link":"https:\/\/www.fileasbl.be\/membres\/colloque-2017-quelques-souvenirs\/","title":{"rendered":"Colloque 2017 &#8211; Les rythmes de l&rsquo;enfant"},"content":{"rendered":"<h1 style=\"text-align: left;\">Quelques souvenirs&#8230;<\/h1>\n<h2 style=\"text-align: left;\">Merci pour votre participation \u00e0 notre colloque de ce 28\/06\/2017<\/h2>\n<p>La FILE organisait ce mercredi 28\/06\/2017 \u00e0 la Marlagne un colloque sur les rythmes de l&rsquo;enfant.<\/p>\n<p>L&rsquo;\u00e9quipe organisatrice est ravie de cette journ\u00e9e et remercie sinc\u00e8rement tous les participants et les intervenants pour leur pr\u00e9sence et leur prestation.<\/p>\n<p>Nous souhaitons remercier \u00e9galement les administrateurs qui n&rsquo;ont pas h\u00e9sit\u00e9 \u00e0 mouiller leur chemise pour accueillir les participants dans les meilleures conditions.<\/p>\n<p>Voici un petit message de notre intervenant phare de la journ\u00e9e :<\/p>\n<blockquote>\n<p>Chers amis,<\/p>\n<p>J\u2019ai vraiment pass\u00e9 une excellente journ\u00e9e \u00e0 La Marlagne en votre compagnie et j\u2019esp\u00e8re que mes propos auront pu r\u00e9pondre \u00e0 vos attentes.<br \/>Ce lieu de conf\u00e9rences est merveilleux et la disposition des choses permet une attention mutuelle entre le public et les intervenants v\u00e9ritablement tr\u00e8s pr\u00e9cieuse.<br \/>Bravo pour votre dynamisme et votre cr\u00e9ativit\u00e9.<br \/>Encore un grand merci pour la qualit\u00e9 et la chaleur de votre accueil.<br \/>Tr\u00e8s amicalement,<\/p>\n<p>Bernard Golse<\/p>\n<\/blockquote>\n<p><img loading=\"lazy\" decoding=\"async\" class=\"aligncenter size-full wp-image-1719\" src=\"https:\/\/www.fileasbl.be\/membres\/wp-content\/uploads\/2017\/06\/colloque2.jpg\" alt=\"colloque2\" width=\"1200\" height=\"798\" \/><\/p>\n<p>\u00a0<\/p>\n<h2>Quelques photos de la journ\u00e9e<\/h2>\n<p>\u00a0<\/p>\n<p>\u00a0<\/p>\n<!--themify_builder_content-->\n<div id=\"themify_builder_content-1715\" data-postid=\"1715\" class=\"themify_builder_content themify_builder_content-1715 themify_builder tf_clear\">\n    \t<!-- module_row -->\n\t<div  data-lazy=\"1\" class=\"module_row themify_builder_row tb_fw9o966 tb_first tf_clearfix\">\n\t    \t\t<div class=\"row_inner col_align_top col-count-1 tf_box tf_w tf_rel\">\n\t\t\t<div  data-lazy=\"1\" class=\"module_column tb-column col-full first tb_ifyg400 tf_box\">\n\t\t\t    \t        <div class=\"tb-column-inner tf_box tf_w\">\n\t\t    <!-- module gallery -->\n<div  class=\"module gallery module-gallery tb_9i09035 layout-grid rounded \" data-lazy=\"1\">\n    <\/div>\n<!-- \/module gallery -->\t        <\/div>\n\t    \t<\/div>\n\t\t    <\/div>\n\t    <!-- \/row_inner -->\n\t<\/div>\n\t<!-- \/module_row -->\n\t<\/div>\n<!--\/themify_builder_content-->","protected":false},"excerpt":{"rendered":"<p>Le colloque de la FILE sur les rythmes de l&rsquo;enfant ferme ses portes. L&rsquo;\u00e9quipe de la FILE remercie les participants, les intervenants et les administrateurs.<\/p>\n","protected":false},"author":1,"featured_media":1718,"comment_status":"open","ping_status":"open","sticky":false,"template":"","format":"standard","meta":{"footnotes":""},"categories":[291,300,321,226],"tags":[],"class_list":["post-1715","post","type-post","status-publish","format-standard","has-post-thumbnail","hentry","category-colloque","category-notes-pedagogiques","category-publication","category-rythmes-de-lenfant","has-post-title","has-post-date","has-post-category","has-post-tag","has-post-comment","has-post-author",""],"yoast_head":"<!-- This site is optimized with the Yoast SEO plugin v27.5 - https:\/\/yoast.com\/product\/yoast-seo-wordpress\/ -->\n<title>Colloque 2017 - Les rythmes de l&#039;enfant - Site de la FILE<\/title>\n<meta name=\"description\" content=\"Le colloque de la FILE sur les rythmes de l&#039;enfant ferme ses portes. L&#039;\u00e9quipe de la FILE remercie les participants, les intervenants et les administrateurs.\" \/>\n<meta name=\"robots\" content=\"index, follow, max-snippet:-1, max-image-preview:large, max-video-preview:-1\" \/>\n<link rel=\"canonical\" href=\"https:\/\/www.fileasbl.be\/membres\/colloque-2017-quelques-souvenirs\/\" \/>\n<meta property=\"og:locale\" content=\"fr_FR\" \/>\n<meta property=\"og:type\" content=\"article\" \/>\n<meta property=\"og:title\" content=\"Colloque 2017 - Les rythmes de l&#039;enfant - Site de la FILE\" \/>\n<meta property=\"og:description\" content=\"Le colloque de la FILE sur les rythmes de l&#039;enfant ferme ses portes. L&#039;\u00e9quipe de la FILE remercie les participants, les intervenants et les administrateurs.\" \/>\n<meta property=\"og:url\" content=\"https:\/\/www.fileasbl.be\/membres\/colloque-2017-quelques-souvenirs\/\" \/>\n<meta property=\"og:site_name\" content=\"Site de la FILE\" \/>\n<meta property=\"article:publisher\" content=\"https:\/\/www.facebook.com\/fileasbl\/\" \/>\n<meta property=\"article:published_time\" content=\"2017-07-06T07:04:54+00:00\" \/>\n<meta property=\"article:modified_time\" content=\"2022-07-28T09:54:11+00:00\" \/>\n<meta property=\"og:image\" content=\"https:\/\/www.fileasbl.be\/membres\/wp-content\/uploads\/2017\/06\/colloque1.jpg\" \/>\n\t<meta property=\"og:image:width\" content=\"800\" \/>\n\t<meta property=\"og:image:height\" content=\"532\" \/>\n\t<meta property=\"og:image:type\" content=\"image\/jpeg\" \/>\n<meta name=\"author\" content=\"sd@membresfile\" \/>\n<meta name=\"twitter:card\" content=\"summary_large_image\" \/>\n<meta name=\"twitter:label1\" content=\"\u00c9crit par\" \/>\n\t<meta name=\"twitter:data1\" content=\"sd@membresfile\" \/>\n\t<meta name=\"twitter:label2\" content=\"Dur\u00e9e de lecture estim\u00e9e\" \/>\n\t<meta name=\"twitter:data2\" content=\"1 minute\" \/>\n<script type=\"application\/ld+json\" class=\"yoast-schema-graph\">{\"@context\":\"https:\\\/\\\/schema.org\",\"@graph\":[{\"@type\":\"Article\",\"@id\":\"https:\\\/\\\/www.fileasbl.be\\\/membres\\\/colloque-2017-quelques-souvenirs\\\/#article\",\"isPartOf\":{\"@id\":\"https:\\\/\\\/www.fileasbl.be\\\/membres\\\/colloque-2017-quelques-souvenirs\\\/\"},\"author\":{\"name\":\"sd@membresfile\",\"@id\":\"https:\\\/\\\/www.fileasbl.be\\\/membres\\\/#\\\/schema\\\/person\\\/603dde223e96764c2a7d9c35d264266d\"},\"headline\":\"Colloque 2017 &#8211; Les rythmes de l&rsquo;enfant\",\"datePublished\":\"2017-07-06T07:04:54+00:00\",\"dateModified\":\"2022-07-28T09:54:11+00:00\",\"mainEntityOfPage\":{\"@id\":\"https:\\\/\\\/www.fileasbl.be\\\/membres\\\/colloque-2017-quelques-souvenirs\\\/\"},\"wordCount\":183,\"commentCount\":0,\"image\":{\"@id\":\"https:\\\/\\\/www.fileasbl.be\\\/membres\\\/colloque-2017-quelques-souvenirs\\\/#primaryimage\"},\"thumbnailUrl\":\"https:\\\/\\\/www.fileasbl.be\\\/membres\\\/wp-content\\\/uploads\\\/2017\\\/06\\\/colloque1.jpg\",\"articleSection\":[\"Colloque, conf\u00e9rences\",\"Notes p\u00e9dagogiques\",\"Publications\",\"Rythmes de l'enfant\"],\"inLanguage\":\"fr-FR\",\"potentialAction\":[{\"@type\":\"CommentAction\",\"name\":\"Comment\",\"target\":[\"https:\\\/\\\/www.fileasbl.be\\\/membres\\\/colloque-2017-quelques-souvenirs\\\/#respond\"]}]},{\"@type\":\"WebPage\",\"@id\":\"https:\\\/\\\/www.fileasbl.be\\\/membres\\\/colloque-2017-quelques-souvenirs\\\/\",\"url\":\"https:\\\/\\\/www.fileasbl.be\\\/membres\\\/colloque-2017-quelques-souvenirs\\\/\",\"name\":\"Colloque 2017 - Les rythmes de l'enfant - Site de la FILE\",\"isPartOf\":{\"@id\":\"https:\\\/\\\/www.fileasbl.be\\\/membres\\\/#website\"},\"primaryImageOfPage\":{\"@id\":\"https:\\\/\\\/www.fileasbl.be\\\/membres\\\/colloque-2017-quelques-souvenirs\\\/#primaryimage\"},\"image\":{\"@id\":\"https:\\\/\\\/www.fileasbl.be\\\/membres\\\/colloque-2017-quelques-souvenirs\\\/#primaryimage\"},\"thumbnailUrl\":\"https:\\\/\\\/www.fileasbl.be\\\/membres\\\/wp-content\\\/uploads\\\/2017\\\/06\\\/colloque1.jpg\",\"datePublished\":\"2017-07-06T07:04:54+00:00\",\"dateModified\":\"2022-07-28T09:54:11+00:00\",\"author\":{\"@id\":\"https:\\\/\\\/www.fileasbl.be\\\/membres\\\/#\\\/schema\\\/person\\\/603dde223e96764c2a7d9c35d264266d\"},\"description\":\"Le colloque de la FILE sur les rythmes de l'enfant ferme ses portes. L'\u00e9quipe de la FILE remercie les participants, les intervenants et les administrateurs.\",\"breadcrumb\":{\"@id\":\"https:\\\/\\\/www.fileasbl.be\\\/membres\\\/colloque-2017-quelques-souvenirs\\\/#breadcrumb\"},\"inLanguage\":\"fr-FR\",\"potentialAction\":[{\"@type\":\"ReadAction\",\"target\":[\"https:\\\/\\\/www.fileasbl.be\\\/membres\\\/colloque-2017-quelques-souvenirs\\\/\"]}]},{\"@type\":\"ImageObject\",\"inLanguage\":\"fr-FR\",\"@id\":\"https:\\\/\\\/www.fileasbl.be\\\/membres\\\/colloque-2017-quelques-souvenirs\\\/#primaryimage\",\"url\":\"https:\\\/\\\/www.fileasbl.be\\\/membres\\\/wp-content\\\/uploads\\\/2017\\\/06\\\/colloque1.jpg\",\"contentUrl\":\"https:\\\/\\\/www.fileasbl.be\\\/membres\\\/wp-content\\\/uploads\\\/2017\\\/06\\\/colloque1.jpg\",\"width\":800,\"height\":532},{\"@type\":\"BreadcrumbList\",\"@id\":\"https:\\\/\\\/www.fileasbl.be\\\/membres\\\/colloque-2017-quelques-souvenirs\\\/#breadcrumb\",\"itemListElement\":[{\"@type\":\"ListItem\",\"position\":1,\"name\":\"Accueil\",\"item\":\"https:\\\/\\\/www.fileasbl.be\\\/membres\\\/\"},{\"@type\":\"ListItem\",\"position\":2,\"name\":\"Colloque 2017 &#8211; Les rythmes de l&#8217;enfant\"}]},{\"@type\":\"WebSite\",\"@id\":\"https:\\\/\\\/www.fileasbl.be\\\/membres\\\/#website\",\"url\":\"https:\\\/\\\/www.fileasbl.be\\\/membres\\\/\",\"name\":\"Site de la FILE\",\"description\":\"FILE Un accueil de qualit\u00e9 accessible \u00e0 tous\",\"potentialAction\":[{\"@type\":\"SearchAction\",\"target\":{\"@type\":\"EntryPoint\",\"urlTemplate\":\"https:\\\/\\\/www.fileasbl.be\\\/membres\\\/?s={search_term_string}\"},\"query-input\":{\"@type\":\"PropertyValueSpecification\",\"valueRequired\":true,\"valueName\":\"search_term_string\"}}],\"inLanguage\":\"fr-FR\"},{\"@type\":\"Person\",\"@id\":\"https:\\\/\\\/www.fileasbl.be\\\/membres\\\/#\\\/schema\\\/person\\\/603dde223e96764c2a7d9c35d264266d\",\"name\":\"sd@membresfile\",\"url\":\"https:\\\/\\\/www.fileasbl.be\\\/membres\\\/author\\\/sdmembresfile\\\/\"}]}<\/script>\n<!-- \/ Yoast SEO plugin. -->","yoast_head_json":{"title":"Colloque 2017 - Les rythmes de l'enfant - Site de la FILE","description":"Le colloque de la FILE sur les rythmes de l'enfant ferme ses portes. L'\u00e9quipe de la FILE remercie les participants, les intervenants et les administrateurs.","robots":{"index":"index","follow":"follow","max-snippet":"max-snippet:-1","max-image-preview":"max-image-preview:large","max-video-preview":"max-video-preview:-1"},"canonical":"https:\/\/www.fileasbl.be\/membres\/colloque-2017-quelques-souvenirs\/","og_locale":"fr_FR","og_type":"article","og_title":"Colloque 2017 - Les rythmes de l'enfant - Site de la FILE","og_description":"Le colloque de la FILE sur les rythmes de l'enfant ferme ses portes. L'\u00e9quipe de la FILE remercie les participants, les intervenants et les administrateurs.","og_url":"https:\/\/www.fileasbl.be\/membres\/colloque-2017-quelques-souvenirs\/","og_site_name":"Site de la FILE","article_publisher":"https:\/\/www.facebook.com\/fileasbl\/","article_published_time":"2017-07-06T07:04:54+00:00","article_modified_time":"2022-07-28T09:54:11+00:00","og_image":[{"width":800,"height":532,"url":"https:\/\/www.fileasbl.be\/membres\/wp-content\/uploads\/2017\/06\/colloque1.jpg","type":"image\/jpeg"}],"author":"sd@membresfile","twitter_card":"summary_large_image","twitter_misc":{"\u00c9crit par":"sd@membresfile","Dur\u00e9e de lecture estim\u00e9e":"1 minute"},"schema":{"@context":"https:\/\/schema.org","@graph":[{"@type":"Article","@id":"https:\/\/www.fileasbl.be\/membres\/colloque-2017-quelques-souvenirs\/#article","isPartOf":{"@id":"https:\/\/www.fileasbl.be\/membres\/colloque-2017-quelques-souvenirs\/"},"author":{"name":"sd@membresfile","@id":"https:\/\/www.fileasbl.be\/membres\/#\/schema\/person\/603dde223e96764c2a7d9c35d264266d"},"headline":"Colloque 2017 &#8211; Les rythmes de l&rsquo;enfant","datePublished":"2017-07-06T07:04:54+00:00","dateModified":"2022-07-28T09:54:11+00:00","mainEntityOfPage":{"@id":"https:\/\/www.fileasbl.be\/membres\/colloque-2017-quelques-souvenirs\/"},"wordCount":183,"commentCount":0,"image":{"@id":"https:\/\/www.fileasbl.be\/membres\/colloque-2017-quelques-souvenirs\/#primaryimage"},"thumbnailUrl":"https:\/\/www.fileasbl.be\/membres\/wp-content\/uploads\/2017\/06\/colloque1.jpg","articleSection":["Colloque, conf\u00e9rences","Notes p\u00e9dagogiques","Publications","Rythmes de l'enfant"],"inLanguage":"fr-FR","potentialAction":[{"@type":"CommentAction","name":"Comment","target":["https:\/\/www.fileasbl.be\/membres\/colloque-2017-quelques-souvenirs\/#respond"]}]},{"@type":"WebPage","@id":"https:\/\/www.fileasbl.be\/membres\/colloque-2017-quelques-souvenirs\/","url":"https:\/\/www.fileasbl.be\/membres\/colloque-2017-quelques-souvenirs\/","name":"Colloque 2017 - Les rythmes de l'enfant - Site de la FILE","isPartOf":{"@id":"https:\/\/www.fileasbl.be\/membres\/#website"},"primaryImageOfPage":{"@id":"https:\/\/www.fileasbl.be\/membres\/colloque-2017-quelques-souvenirs\/#primaryimage"},"image":{"@id":"https:\/\/www.fileasbl.be\/membres\/colloque-2017-quelques-souvenirs\/#primaryimage"},"thumbnailUrl":"https:\/\/www.fileasbl.be\/membres\/wp-content\/uploads\/2017\/06\/colloque1.jpg","datePublished":"2017-07-06T07:04:54+00:00","dateModified":"2022-07-28T09:54:11+00:00","author":{"@id":"https:\/\/www.fileasbl.be\/membres\/#\/schema\/person\/603dde223e96764c2a7d9c35d264266d"},"description":"Le colloque de la FILE sur les rythmes de l'enfant ferme ses portes. L'\u00e9quipe de la FILE remercie les participants, les intervenants et les administrateurs.","breadcrumb":{"@id":"https:\/\/www.fileasbl.be\/membres\/colloque-2017-quelques-souvenirs\/#breadcrumb"},"inLanguage":"fr-FR","potentialAction":[{"@type":"ReadAction","target":["https:\/\/www.fileasbl.be\/membres\/colloque-2017-quelques-souvenirs\/"]}]},{"@type":"ImageObject","inLanguage":"fr-FR","@id":"https:\/\/www.fileasbl.be\/membres\/colloque-2017-quelques-souvenirs\/#primaryimage","url":"https:\/\/www.fileasbl.be\/membres\/wp-content\/uploads\/2017\/06\/colloque1.jpg","contentUrl":"https:\/\/www.fileasbl.be\/membres\/wp-content\/uploads\/2017\/06\/colloque1.jpg","width":800,"height":532},{"@type":"BreadcrumbList","@id":"https:\/\/www.fileasbl.be\/membres\/colloque-2017-quelques-souvenirs\/#breadcrumb","itemListElement":[{"@type":"ListItem","position":1,"name":"Accueil","item":"https:\/\/www.fileasbl.be\/membres\/"},{"@type":"ListItem","position":2,"name":"Colloque 2017 &#8211; Les rythmes de l&#8217;enfant"}]},{"@type":"WebSite","@id":"https:\/\/www.fileasbl.be\/membres\/#website","url":"https:\/\/www.fileasbl.be\/membres\/","name":"Site de la FILE","description":"FILE Un accueil de qualit\u00e9 accessible \u00e0 tous","potentialAction":[{"@type":"SearchAction","target":{"@type":"EntryPoint","urlTemplate":"https:\/\/www.fileasbl.be\/membres\/?s={search_term_string}"},"query-input":{"@type":"PropertyValueSpecification","valueRequired":true,"valueName":"search_term_string"}}],"inLanguage":"fr-FR"},{"@type":"Person","@id":"https:\/\/www.fileasbl.be\/membres\/#\/schema\/person\/603dde223e96764c2a7d9c35d264266d","name":"sd@membresfile","url":"https:\/\/www.fileasbl.be\/membres\/author\/sdmembresfile\/"}]}},"builder_content":"[gallery ids=\"1733,1732,1735,1734,1737,1736,1738,1739,1741,1740,1743,1742,1744,1745,1747,1746,1749,1748,1751,1750,1752,1753,1754,1756,1755,1758,1757,1760,1759,1761,1762,1763,1764,1766,1765,1767,1769,1768,1770\"]","_links":{"self":[{"href":"https:\/\/www.fileasbl.be\/membres\/wp-json\/wp\/v2\/posts\/1715","targetHints":{"allow":["GET"]}}],"collection":[{"href":"https:\/\/www.fileasbl.be\/membres\/wp-json\/wp\/v2\/posts"}],"about":[{"href":"https:\/\/www.fileasbl.be\/membres\/wp-json\/wp\/v2\/types\/post"}],"author":[{"embeddable":true,"href":"https:\/\/www.fileasbl.be\/membres\/wp-json\/wp\/v2\/users\/1"}],"replies":[{"embeddable":true,"href":"https:\/\/www.fileasbl.be\/membres\/wp-json\/wp\/v2\/comments?post=1715"}],"version-history":[{"count":0,"href":"https:\/\/www.fileasbl.be\/membres\/wp-json\/wp\/v2\/posts\/1715\/revisions"}],"wp:featuredmedia":[{"embeddable":true,"href":"https:\/\/www.fileasbl.be\/membres\/wp-json\/wp\/v2\/media\/1718"}],"wp:attachment":[{"href":"https:\/\/www.fileasbl.be\/membres\/wp-json\/wp\/v2\/media?parent=1715"}],"wp:term":[{"taxonomy":"category","embeddable":true,"href":"https:\/\/www.fileasbl.be\/membres\/wp-json\/wp\/v2\/categories?post=1715"},{"taxonomy":"post_tag","embeddable":true,"href":"https:\/\/www.fileasbl.be\/membres\/wp-json\/wp\/v2\/tags?post=1715"}],"curies":[{"name":"wp","href":"https:\/\/api.w.org\/{rel}","templated":true}]}}