{"id":17254,"date":"2020-12-01T16:15:00","date_gmt":"2020-12-01T15:15:00","guid":{"rendered":"http:\/\/www.fileasbl.be\/membres\/?p=17254"},"modified":"2025-09-02T15:54:26","modified_gmt":"2025-09-02T14:54:26","slug":"les-emotions-des-professionnels-de-lenfance-dans-ce-contexte-sanitaire-avec-monique-meyfroet","status":"publish","type":"post","link":"https:\/\/www.fileasbl.be\/membres\/les-emotions-des-professionnels-de-lenfance-dans-ce-contexte-sanitaire-avec-monique-meyfroet\/","title":{"rendered":"Quelle prise en compte des \u00e9motions des professionnels dans la crise sanitaire actuelle ?"},"content":{"rendered":"<p><\/p>\n\n<!--themify_builder_content-->\n<div id=\"themify_builder_content-17254\" data-postid=\"17254\" class=\"themify_builder_content themify_builder_content-17254 themify_builder tf_clear\">\n    \t<!-- module_row -->\n\t<div  data-lazy=\"1\" class=\"module_row themify_builder_row tb_vtjc922 tb_first tf_clearfix\">\n\t    \t\t<div class=\"row_inner col_align_top col-count-1 tf_box tf_w tf_rel\">\n\t\t\t<div  data-lazy=\"1\" class=\"module_column tb-column col-full first tb_1ogh923 tf_box\">\n\t\t\t    \t        <div class=\"tb-column-inner tf_box tf_w\">\n\t\t    <!-- module image -->\n<div  class=\"module module-image tb_bb9c22   image-top auto_fullwidth tf_mw\" data-lazy=\"1\">\n        <div class=\"image-wrap tf_rel tf_mw\">\n\t\t    <img decoding=\"async\" src=\"http:\/\/www.fileasbl.be\/membres\/wp-content\/uploads\/2020\/12\/Bandeau-article-800-150-En-ligne.jpg\" title=\"Quelle prise en compte des \u00e9motions des professionnels dans la crise sanitaire actuelle ?\" alt=\"Quelle prise en compte des \u00e9motions des professionnels dans la crise sanitaire actuelle ?\">\t\n\t\t<\/div>\n\t<!-- \/image-wrap -->\n    \n    \t<\/div>\n<!-- \/module image -->\t        <\/div>\n\t    \t<\/div>\n\t\t    <\/div>\n\t    <!-- \/row_inner -->\n\t<\/div>\n\t<!-- \/module_row -->\n\t\t<!-- module_row -->\n\t<div  data-lazy=\"1\" class=\"module_row themify_builder_row tb_g4kw125 tf_clearfix\" >\n\t    \t\t<div class=\"row_inner col_align_top col-count-2 tf_box tf_w tf_rel\">\n\t\t\t<div  data-lazy=\"1\" style=\"width: 55.8%\" class=\"module_column tb-column col2-1 first tb_p2oj126 tf_box\">\n\t\t\t    \t        <div class=\"tb-column-inner tf_box tf_w\">\n\t\t    <!-- module text -->\n<div  class=\"module module-text tb_kd15844   \" data-lazy=\"1\">\n        <div  class=\"tb_text_wrap\">\n    <p style=\"text-align: right;\">\u00a0<\/p>\n<p>\u00a0<\/p>    <\/div>\n<\/div>\n<!-- \/module text -->\t        <\/div>\n\t    \t<\/div>\n\t\t<div  data-lazy=\"1\" style=\"width: 41%\" class=\"module_column tb-column col2-1 last tb_4f45127 tf_box\">\n\t\t\t    \t        <div class=\"tb-column-inner tf_box tf_w\">\n\t\t    <!-- module text -->\n<div  class=\"module module-text tb_bjbg412   \" data-lazy=\"1\">\n        <div  class=\"tb_text_wrap\">\n    <h2 style=\"text-align: center;\"><span style=\"color: #333399;\">Personne de contact<\/span><\/h2>\n<p style=\"text-align: center;\">Laur\u00e8ne Trevisan &#8211; Conseill\u00e8re p\u00e9dagogique<\/p>\n<p style=\"text-align: center;\">contact(at)fileasbl.be<\/p>\n<p style=\"text-align: center;\">010 22 52 02<\/p>    <\/div>\n<\/div>\n<!-- \/module text -->\t        <\/div>\n\t    \t<\/div>\n\t\t    <\/div>\n\t    <!-- \/row_inner -->\n\t<\/div>\n\t<!-- \/module_row -->\n\t\t<!-- module_row -->\n\t<div  data-lazy=\"1\" class=\"module_row themify_builder_row tb_tjq3146 tf_clearfix\">\n\t    \t\t<div class=\"row_inner col_align_top col-count-1 tf_box tf_w tf_rel\">\n\t\t\t<div  data-lazy=\"1\" class=\"module_column tb-column col-full first tb_nj2t147 tf_box\">\n\t\t\t    \t        <div class=\"tb-column-inner tf_box tf_w\">\n\t\t    <!-- module text -->\n<div  class=\"module module-text tb_5jl6247   \" data-lazy=\"1\">\n        <div  class=\"tb_text_wrap\">\n    <h3><strong>Description :<\/strong><\/h3>\n<hr>\n<p>Vous le savez\u00a0: nous sommes malheureusement contraints de reporter notre colloque annuel portant sur les \u00e9motions des professionnels de l\u2019enfance\u00a0(Nouvelle date \u00e0 bloquer pour celui-ci\u00a0: <strong>1<sup>er<\/sup> juin 2021<\/strong>).<br>\u00a0<br>Un paradoxe alors que, face \u00e0 la crise sanitaire actuelle, il est, plus que jamais, important et n\u00e9cessaire de prendre en consid\u00e9ration vos ressentis et v\u00e9cus en tant que professionnels\u00a0! L\u2019investissement dont vous faites preuve au quotidien pour offrir un accueil de qualit\u00e9 aux enfants et \u00e0 leur famille est remarquable mais ne se r\u00e9alise bien s\u00fbr pas sans efforts ni difficult\u00e9s.<\/p>\n<p>C\u2019est pourquoi, la FILE vous a propos\u00e9 de prendre un temps pour mettre en mots, analyser et partager les \u00e9motions que vous vivez au quotidien via une conf\u00e9rence vid\u00e9o pr\u00e9sent\u00e9e en trois capsules.<\/p>\n<p>Suite aux nombreux t\u00e9moignages dont vous nous avez fait part, Monique Meyfroet, psychologue bien connue de notre secteur et qui l\u2019accompagne depuis de nombreuses ann\u00e9es, a r\u00e9pondu aux questions et s\u2019est exprim\u00e9e sur ces t\u00e9moignages autour de la th\u00e9matique <strong>\u00ab\u00a0Quelle prise en compte des \u00e9motions des professionnels dans la crise sanitaire actuelle\u00a0?\u00a0\u00bb<\/strong>.\u00a0<\/p>    <\/div>\n<\/div>\n<!-- \/module text --><!-- module text -->\n<div  class=\"module module-text tb_6iwi938   \" data-lazy=\"1\">\n        <div  class=\"tb_text_wrap\">\n    <h3><strong>Contenu (en 3 capsules) : :<\/strong><\/h3>\n<hr \/>\n<p>\u00a0<\/p>    <\/div>\n<\/div>\n<!-- \/module text --><!-- module image -->\n<div  class=\"module module-image tb_5ghi253 rounded  image-top auto_fullwidth tf_mw\" data-lazy=\"1\">\n        <div class=\"image-wrap tf_rel tf_mw\">\n\t\t    <a href=\"https:\/\/youtu.be\/5GPka5fUI6Q\"\n\t       \t       >\n\t\t   \t\t<img decoding=\"async\" src=\"http:\/\/www.fileasbl.be\/membres\/wp-content\/uploads\/2020\/11\/MailChimp-564-75-Monique-1.jpg\" title=\"Quelle prise en compte des \u00e9motions des professionnels dans la crise sanitaire actuelle ?\" alt=\"Quelle prise en compte des \u00e9motions des professionnels dans la crise sanitaire actuelle ?\">\t    <\/a>\n\t\n\t\t<\/div>\n\t<!-- \/image-wrap -->\n    \n    \t<\/div>\n<!-- \/module image --><!-- module text -->\n<div  class=\"module module-text tb_mspv726   \" data-lazy=\"1\">\n        <div  class=\"tb_text_wrap\">\n    <p><em>\u00ab Qu\u2019est-ce qui est difficile \u00e0 g\u00e9rer pour les professionnels de l\u2019enfance ? Peur, col\u00e8re, culpabilit\u00e9\u2026 Quelle est la place laiss\u00e9e aux \u00e9motions ? Quelles sont les pistes qui peuvent aider pendant cette p\u00e9riode\u00a0? \u2026\u00a0\u00bb<\/em><\/p>    <\/div>\n<\/div>\n<!-- \/module text --><!-- module image -->\n<div  class=\"module module-image tb_yl0t651 rounded  image-top auto_fullwidth tf_mw\" data-lazy=\"1\">\n        <div class=\"image-wrap tf_rel tf_mw\">\n\t\t    <a href=\"https:\/\/youtu.be\/iVw_SrzeLNI\"\n\t       \t       >\n\t\t   \t\t<img decoding=\"async\" src=\"http:\/\/www.fileasbl.be\/membres\/wp-content\/uploads\/2020\/11\/MailChimp-564-75-Monique-2.jpg\" title=\"Quelle prise en compte des \u00e9motions des professionnels dans la crise sanitaire actuelle ?\" alt=\"Quelle prise en compte des \u00e9motions des professionnels dans la crise sanitaire actuelle ?\">\t    <\/a>\n\t\n\t\t<\/div>\n\t<!-- \/image-wrap -->\n    \n    \t<\/div>\n<!-- \/module image --><!-- module text -->\n<div  class=\"module module-text tb_zblt938   \" data-lazy=\"1\">\n        <div  class=\"tb_text_wrap\">\n    <p><em>\u00ab\u00a0Les enfants et familles accueillis pendant cette crise sont-ils diff\u00e9rents\u00a0?\u00a0Si oui, en quoi\u00a0?\u00a0Faut-il parler de la crise aux enfants\u00a0? Comment\u00a0g\u00e9rer le manque de contact physique, le port du masque\u00a0?\u00a0\u2026 \u00bb<\/em><\/p>    <\/div>\n<\/div>\n<!-- \/module text --><!-- module image -->\n<div  class=\"module module-image tb_tmdb26 rounded  image-top auto_fullwidth tf_mw\" data-lazy=\"1\">\n        <div class=\"image-wrap tf_rel tf_mw\">\n\t\t    <a href=\"https:\/\/youtu.be\/3Wh5Rhfmagg\"\n\t       \t       >\n\t\t   \t\t<img decoding=\"async\" src=\"http:\/\/www.fileasbl.be\/membres\/wp-content\/uploads\/2020\/11\/MailChimp-564-75-Monique-3.jpg\" title=\"Quelle prise en compte des \u00e9motions des professionnels dans la crise sanitaire actuelle ?\" alt=\"Quelle prise en compte des \u00e9motions des professionnels dans la crise sanitaire actuelle ?\">\t    <\/a>\n\t\n\t\t<\/div>\n\t<!-- \/image-wrap -->\n    \n    \t<\/div>\n<!-- \/module image --><!-- module text -->\n<div  class=\"module module-text tb_1upv682   \" data-lazy=\"1\">\n        <div  class=\"tb_text_wrap\">\n    <p><em>\u00ab\u00a0Reconnu \u00e0 deux reprises comme essentiel, comment le m\u00e9tier de professionnel de l\u2019enfance va-t-il \u00e9voluer ?<\/em>\u00a0Risquons-nous un retour vers \u00ab\u00a0l\u2019hygi\u00e8ne avant tout\u00a0\u00bb\u00a0<em>? Que retenir de positif suite aux d\u00e9marches mises en place face \u00e0 cette crise ? \u2026\u00a0\u00bb<\/em><\/p>    <\/div>\n<\/div>\n<!-- \/module text --><!-- module text -->\n<div  class=\"module module-text tb_t3im230   \" data-lazy=\"1\">\n        <div  class=\"tb_text_wrap\">\n    <h3><strong>Public cible :<\/strong><\/h3>\n<hr \/>\n<ul>\n<li>Cette conf\u00e9rence s\u2019adresse aux professionnels du secteur de l\u2019accueil de l\u2019enfance<\/li>\n<\/ul>    <\/div>\n<\/div>\n<!-- \/module text --><!-- module text -->\n<div  class=\"module module-text tb_rgfm331   \" data-lazy=\"1\">\n        <div  class=\"tb_text_wrap\">\n    <h3><strong>Pratique :<\/strong><\/h3>\n<hr>\n<ul>\n<li>Conf\u00e9rence gratuite<\/li>\n<li>Mise en ligne le 1er d\u00e9cembre 2020 \u00e0 09h00<\/li>\n<li>Aussi disponible sur un de nos media :\n<ul>\n<li><a href=\"https:\/\/www.facebook.com\/fileasbl\/\" target=\"_blank\" rel=\"noopener\">Notre page Facebook<\/a><\/li>\n<li><a href=\"https:\/\/www.youtube.com\/channel\/UCR8sVng5pK38sQqYXVRuyFQ\" target=\"_blank\" rel=\"noopener\">Notre chaine YouTube<\/a><\/li>\n<li>Cette page<\/li>\n<\/ul>\n<\/li>\n<\/ul>    <\/div>\n<\/div>\n<!-- \/module text -->\t        <\/div>\n\t    \t<\/div>\n\t\t    <\/div>\n\t    <!-- \/row_inner -->\n\t<\/div>\n\t<!-- \/module_row -->\n\t\t<!-- module_row -->\n\t<div  data-lazy=\"1\" class=\"module_row themify_builder_row tb_bvzv382 tf_clearfix\">\n\t    \t\t<div class=\"row_inner col_align_top col-count-2 tf_box tf_w tf_rel\">\n\t\t\t<div  data-lazy=\"1\" class=\"module_column tb-column col2-1 first tb_xpuh384 tf_box\">\n\t\t\t    \t        <div class=\"tb-column-inner tf_box tf_w\">\n\t\t    <!-- module text -->\n<div  class=\"module module-text tb_xt8k355   \" data-lazy=\"1\">\n        <div  class=\"tb_text_wrap\">\n    <h3><strong>Notre intervenante :<\/strong><\/h3>\n<hr>\n<h4>\u00a0<\/h4>\n<h4>Monique Meyfroet<\/h4>\n<p>Monique Meyfroet est psycholoque clinicienne dipl\u00f4m\u00e9e de l\u2019ULB.<\/p>\n<p>Sa carri\u00e8re professionnelle comporte 2 volets: \u00a0<\/p>\n<ul>\n<li>L\u2019un purement clinique au centre de sant\u00e9 mentale l\u2019Et\u00e9 \u00e0 Anderlecht,<\/li>\n<li>L\u2019autre est un travail de formation continu\u00e9e pour le personnel des cr\u00e8ches, pr\u00e9gardenniats, pouponni\u00e8res&#8230;\u00e0 la <a href=\"https:\/\/ccf.brussels\/\" target=\"_blank\" rel=\"noopener\">Cocof<\/a> et puis au <a href=\"https:\/\/www.fraje.be\/\" target=\"_blank\" rel=\"noopener\">FRAJE<\/a>.<\/li>\n<\/ul>\n<p>Retrait\u00e9e, elle poursuit un travail de formation et de supervision pour les professionnels de la petite enfance et les institutions de l\u2019aide \u00e0 la jeunesse.<\/p>    <\/div>\n<\/div>\n<!-- \/module text -->\t        <\/div>\n\t    \t<\/div>\n\t\t<div  data-lazy=\"1\" class=\"module_column tb-column col2-1 last tb_y6me384 tf_box\">\n\t\t\t    \t        <div class=\"tb-column-inner tf_box tf_w\">\n\t\t    <!-- module image -->\n<div  class=\"module module-image tb_ngw1494   image-top tf_mw\" data-lazy=\"1\">\n        <div class=\"image-wrap tf_rel tf_mw\">\n\t\t    <img decoding=\"async\" src=\"http:\/\/www.fileasbl.be\/membres\/wp-content\/uploads\/2020\/11\/Site-A-la-une-M-Meyfroet-1.jpg\" title=\"Quelle prise en compte des \u00e9motions des professionnels dans la crise sanitaire actuelle ?\" alt=\"Quelle prise en compte des \u00e9motions des professionnels dans la crise sanitaire actuelle ?\">\t\n\t\t<\/div>\n\t<!-- \/image-wrap -->\n    \n    \t<\/div>\n<!-- \/module image -->\t        <\/div>\n\t    \t<\/div>\n\t\t    <\/div>\n\t    <!-- \/row_inner -->\n\t<\/div>\n\t<!-- \/module_row -->\n\t\t<!-- module_row -->\n\t<div  data-lazy=\"1\" class=\"module_row themify_builder_row tb_t553894 tf_clearfix\">\n\t    \t\t<div class=\"row_inner col_align_top col-count-1 tf_box tf_w tf_rel\">\n\t\t\t<div  data-lazy=\"1\" class=\"module_column tb-column col-full first tb_c0tg895 tf_box\">\n\t\t\t    \t        <div class=\"tb-column-inner tf_box tf_w\">\n\t\t    <!-- module text -->\n<div  class=\"module module-text tb_ve67568   \" data-lazy=\"1\">\n        <div  class=\"tb_text_wrap\">\n    <h3><strong>Les videos :<\/strong><\/h3>\n<hr \/>\n<ul>\n<li>en ligne depuis le 1\/12\/2020<\/li>\n<\/ul>    <\/div>\n<\/div>\n<!-- \/module text -->\t<div  data-lazy=\"1\" class=\"module_subrow themify_builder_sub_row tb_6ajx881 tf_w tf_clearfix\">\n\t    \t\t<div class=\"subrow_inner col_align_top col-count-3 tf_box tf_w\">\n\t\t\t<div  data-lazy=\"1\" class=\"sub_column module_column tf_box col3-1 first tb_zyhs881\"> \n\t    \t    \t        <div class=\"tb-column-inner tf_box tf_w\">\n\t\t    <!-- module text -->\n<div  class=\"module module-text tb_w934693   \" data-lazy=\"1\">\n        <div  class=\"tb_text_wrap\">\n    <p style=\"text-align: center;\">Capsule 1<\/p>    <\/div>\n<\/div>\n<!-- \/module text -->\t        <\/div>\n\t    \t<\/div>\n\t\t<div  data-lazy=\"1\" class=\"sub_column module_column tf_box col3-1 middle tb_cg3q881\"> \n\t    \t    \t        <div class=\"tb-column-inner tf_box tf_w\">\n\t\t    <!-- module text -->\n<div  class=\"module module-text tb_3i31811   \" data-lazy=\"1\">\n        <div  class=\"tb_text_wrap\">\n    <p style=\"text-align: center;\">Capsule 2<\/p>    <\/div>\n<\/div>\n<!-- \/module text -->\t        <\/div>\n\t    \t<\/div>\n\t\t<div  data-lazy=\"1\" class=\"sub_column module_column tf_box col3-1 last tb_h8kb881\"> \n\t    \t    \t        <div class=\"tb-column-inner tf_box tf_w\">\n\t\t    <!-- module text -->\n<div  class=\"module module-text tb_9t9k554   \" data-lazy=\"1\">\n        <div  class=\"tb_text_wrap\">\n    <p style=\"text-align: center;\">Capsule 3<\/p>    <\/div>\n<\/div>\n<!-- \/module text -->\t        <\/div>\n\t    \t<\/div>\n\t\t    <\/div>\n\t<\/div><!-- \/themify_builder_sub_row -->\n\t\t<div  data-lazy=\"1\" class=\"module_subrow themify_builder_sub_row tb_3eus90 tf_w tf_clearfix\">\n\t    \t\t<div class=\"subrow_inner col_align_top col-count-3 tf_box tf_w\">\n\t\t\t<div  data-lazy=\"1\" class=\"sub_column module_column tf_box col3-1 first tb_l7zv91\"> \n\t    \t    \t        <div class=\"tb-column-inner tf_box tf_w\">\n\t\t    <!-- module video -->\n<div  class=\"module module-video tb_1fm6615 video-top  \" data-lazy=\"1\" data-url=\"https:\/\/youtu.be\/5GPka5fUI6Q\">\n    \t\t\t\t<div class=\"video-wrap-outer\">\n\t\t\t<div class=\"video-wrap tf_rel tf_overflow\">\n\t\t\t\t\t\t\t<\/div>\n\t\t\t<!-- \/video-wrap -->\n\t\t<\/div>\n\t\t<!-- \/video-wrap-outer -->\n\t\t\t<\/div>\n\t        <\/div>\n\t    \t<\/div>\n\t\t<div  data-lazy=\"1\" class=\"sub_column module_column tf_box col3-1 middle tb_9v3b91\"> \n\t    \t    \t        <div class=\"tb-column-inner tf_box tf_w\">\n\t\t    <!-- module video -->\n<div  class=\"module module-video tb_vwoo771 video-top  \" data-lazy=\"1\" data-url=\"https:\/\/youtu.be\/iVw_SrzeLNI\">\n    \t\t\t\t<div class=\"video-wrap-outer\">\n\t\t\t<div class=\"video-wrap tf_rel tf_overflow\">\n\t\t\t\t\t\t\t<\/div>\n\t\t\t<!-- \/video-wrap -->\n\t\t<\/div>\n\t\t<!-- \/video-wrap-outer -->\n\t\t\t<\/div>\n\t        <\/div>\n\t    \t<\/div>\n\t\t<div  data-lazy=\"1\" class=\"sub_column module_column tf_box col3-1 last tb_yynd92\"> \n\t    \t    \t        <div class=\"tb-column-inner tf_box tf_w\">\n\t\t    <!-- module video -->\n<div  class=\"module module-video tb_o9i721 video-top  \" data-lazy=\"1\" data-url=\"https:\/\/youtu.be\/3Wh5Rhfmagg\">\n    \t\t\t\t<div class=\"video-wrap-outer\">\n\t\t\t<div class=\"video-wrap tf_rel tf_overflow\">\n\t\t\t\t\t\t\t<\/div>\n\t\t\t<!-- \/video-wrap -->\n\t\t<\/div>\n\t\t<!-- \/video-wrap-outer -->\n\t\t\t<\/div>\n\t        <\/div>\n\t    \t<\/div>\n\t\t    <\/div>\n\t<\/div><!-- \/themify_builder_sub_row -->\n\t\t        <\/div>\n\t    \t<\/div>\n\t\t    <\/div>\n\t    <!-- \/row_inner -->\n\t<\/div>\n\t<!-- \/module_row -->\n\t\t<!-- module_row -->\n\t<div  data-lazy=\"1\" class=\"module_row themify_builder_row tb_9w4g868 tf_clearfix\" >\n\t    \t\t<div class=\"row_inner col_align_top col-count-1 tf_box tf_w tf_rel\">\n\t\t\t<div  data-lazy=\"1\" class=\"module_column tb-column col-full first tb_gd9j869 tf_box\">\n\t\t\t    \t        <div class=\"tb-column-inner tf_box tf_w\">\n\t\t    <!-- module accordion -->\n<div  class=\"module module-accordion tb_ptpm816 \" data-behavior=\"toggle\" data-lazy=\"1\">\n    \n    <ul class=\"ui module-accordion plus-icon-button  tb_default_color\">\n\t\t    <li>\n\t\t\t<div class=\"accordion-title tf_rel\">\n\t\t\t\t<a href=\"#acc-ptpm816-0\" aria-controls=\"acc-ptpm816-0-content\" aria-expanded=\"false\">\n\t\t\t\t\t\t\t\t\t\t\t\t\t\t\t<span class=\"tb_title_accordion tf_w\">Comment travailler ces capsules ? <\/span>\n\t\t\t\t<\/a>\n\t\t\t<\/div><!-- .accordion-title -->\n\n\t\t\t<div id=\"acc-ptpm816-0-content\" data-id=\"acc-ptpm816-0\" aria-hidden=\"true\" class=\"accordion-content tf_hide\">\n\n\t\t\t\t\t\t\t\t\t<div\t\t\t\t\t\tclass=\"tb_text_wrap\"\n\t\t\t\t\t\t>\n\t\t\t\t\t\t<p>Afin que ce moment de r\u00e9flexion soit le plus riche possible pour vous, voici quelques pistes pour aborder les capsules\u00a0: <br \/><br \/>Voici quelques possibilit\u00e9s de travail :<\/p>\n<ul>\n<li>Nous vous conseillons de regarder les capsules dans l\u2019ordre. Celles-ci seront num\u00e9rot\u00e9es.<\/li>\n<li>Donnez-vous la possibilit\u00e9 d\u2019en parler avec vos coll\u00e8gues par la suite.<\/li>\n<li>Chaque personne de l\u2019\u00e9quipe regarde les capsules de son c\u00f4t\u00e9 en m\u00eame temps. Apr\u00e8s chaque capsule, un retour en \u00e9quipe est pr\u00e9vu par vid\u00e9oconf\u00e9rence : le but est de reconna\u00eetre ce que l\u2019\u00e9quipe vit et de permettre un certain accompagnement du visionnage, de pouvoir laisser l\u2019\u00e9quipe s\u2019exprimer mais aussi de trouver des solutions pour all\u00e9ger le quotidien et les ressentis de l\u2019\u00e9quipe. Les capsules peuvent \u00eatre un point de d\u00e9part pour aller plus loin dans la r\u00e9flexion.<\/li>\n<li>Apr\u00e8s avoir visionn\u00e9 les capsules, chacun de son c\u00f4t\u00e9 en m\u00eame temps (ou pas) ou possibilit\u00e9 de visionner les capsules par section ? R\u00e9unir 2 ou 3 pu\u00e9ricultrices\/animateurs tout en respectant les mesures de s\u00e9curit\u00e9 (masques, distance, a\u00e9ration du local\u2026), proposition \u00e0 chaque membre de l\u2019\u00e9quipe d\u2019\u00e9crire ce que cela a provoqu\u00e9 en eux afin, par la suite, de proposer un retour en \u00e9quipe par vid\u00e9oconf\u00e9rence.<\/li>\n<\/ul>\n<p>N\u2019h\u00e9sitez pas \u00e0 revenir vers nous. En effet, nous avons <strong>besoin de vos retours<\/strong> suite au visionnage des capsules\u00a0: Comment le visionnage s\u2019est-il pass\u00e9\u00a0? Quel est votre ressenti\u00a0? En avez-vous parl\u00e9 en \u00e9quipe\u00a0?\u00a0Y avez-vous trouv\u00e9 des pistes ? Les capsules ont-elles r\u00e9pondu \u00e0 vos attentes\u00a0? Souhaitez-vous partager d\u2019autres pratiques mises en place pour prendre en consid\u00e9ration les \u00e9motions des professionnels de l\u2019enfance\u00a0? Avez-vous envie de donner un prolongement \u00e0 ces capsules vid\u00e9os\u00a0?<\/p>\t\t\t\t\t<\/div>\n\t\t\t\t\n\t\t\t<\/div><!-- .accordion-content -->\n\t    <\/li>\n\t    <\/ul>\n\n<\/div><!-- \/module accordion -->\t        <\/div>\n\t    \t<\/div>\n\t\t    <\/div>\n\t    <!-- \/row_inner -->\n\t<\/div>\n\t<!-- \/module_row -->\n\t<\/div>\n<!--\/themify_builder_content-->","protected":false},"excerpt":{"rendered":"<p>Mise \u00e0 jour du 19 juin 2020 &#8211; <\/p>\n","protected":false},"author":2,"featured_media":0,"comment_status":"open","ping_status":"open","sticky":false,"template":"","format":"standard","meta":{"footnotes":""},"categories":[235,304,225,300],"tags":[],"class_list":["post-17254","post","type-post","status-publish","format-standard","hentry","category-bien-etre-au-travail","category-bien-etre-enfant","category-emotions-de-lenfant","category-notes-pedagogiques","has-post-title","has-post-date","has-post-category","has-post-tag","has-post-comment","has-post-author",""],"yoast_head":"<!-- This site is optimized with the Yoast SEO plugin v27.4 - https:\/\/yoast.com\/product\/yoast-seo-wordpress\/ -->\n<title>Quelle prise en compte des \u00e9motions des professionnels dans la crise sanitaire actuelle ? - Site de la FILE<\/title>\n<meta name=\"robots\" content=\"index, follow, max-snippet:-1, max-image-preview:large, max-video-preview:-1\" \/>\n<link rel=\"canonical\" href=\"https:\/\/www.fileasbl.be\/membres\/les-emotions-des-professionnels-de-lenfance-dans-ce-contexte-sanitaire-avec-monique-meyfroet\/\" \/>\n<meta property=\"og:locale\" content=\"fr_FR\" \/>\n<meta property=\"og:type\" content=\"article\" \/>\n<meta property=\"og:title\" content=\"Quelle prise en compte des \u00e9motions des professionnels dans la crise sanitaire actuelle ? - Site de la FILE\" \/>\n<meta property=\"og:description\" content=\"Mise \u00e0 jour du 19 juin 2020 -\" \/>\n<meta property=\"og:url\" content=\"https:\/\/www.fileasbl.be\/membres\/les-emotions-des-professionnels-de-lenfance-dans-ce-contexte-sanitaire-avec-monique-meyfroet\/\" \/>\n<meta property=\"og:site_name\" content=\"Site de la FILE\" \/>\n<meta property=\"article:publisher\" content=\"https:\/\/www.facebook.com\/fileasbl\/\" \/>\n<meta property=\"article:published_time\" content=\"2020-12-01T15:15:00+00:00\" \/>\n<meta property=\"article:modified_time\" content=\"2025-09-02T14:54:26+00:00\" \/>\n<meta property=\"og:image\" content=\"http:\/\/www.fileasbl.be\/membres\/wp-content\/uploads\/2020\/12\/Bandeau-article-800-150-En-ligne.jpg\" \/>\n<meta name=\"author\" content=\"Contact FILE\" \/>\n<meta name=\"twitter:card\" content=\"summary_large_image\" \/>\n<meta name=\"twitter:label1\" content=\"\u00c9crit par\" \/>\n\t<meta name=\"twitter:data1\" content=\"Contact FILE\" \/>\n<script type=\"application\/ld+json\" class=\"yoast-schema-graph\">{\"@context\":\"https:\\\/\\\/schema.org\",\"@graph\":[{\"@type\":\"Article\",\"@id\":\"https:\\\/\\\/www.fileasbl.be\\\/membres\\\/les-emotions-des-professionnels-de-lenfance-dans-ce-contexte-sanitaire-avec-monique-meyfroet\\\/#article\",\"isPartOf\":{\"@id\":\"https:\\\/\\\/www.fileasbl.be\\\/membres\\\/les-emotions-des-professionnels-de-lenfance-dans-ce-contexte-sanitaire-avec-monique-meyfroet\\\/\"},\"author\":{\"name\":\"Contact FILE\",\"@id\":\"https:\\\/\\\/www.fileasbl.be\\\/membres\\\/#\\\/schema\\\/person\\\/5954a0c68c3a6f92f805465caa00d25f\"},\"headline\":\"Quelle prise en compte des \u00e9motions des professionnels dans la crise sanitaire actuelle ?\",\"datePublished\":\"2020-12-01T15:15:00+00:00\",\"dateModified\":\"2025-09-02T14:54:26+00:00\",\"mainEntityOfPage\":{\"@id\":\"https:\\\/\\\/www.fileasbl.be\\\/membres\\\/les-emotions-des-professionnels-de-lenfance-dans-ce-contexte-sanitaire-avec-monique-meyfroet\\\/\"},\"wordCount\":772,\"commentCount\":0,\"image\":{\"@id\":\"https:\\\/\\\/www.fileasbl.be\\\/membres\\\/les-emotions-des-professionnels-de-lenfance-dans-ce-contexte-sanitaire-avec-monique-meyfroet\\\/#primaryimage\"},\"thumbnailUrl\":\"http:\\\/\\\/www.fileasbl.be\\\/membres\\\/wp-content\\\/uploads\\\/2020\\\/12\\\/Bandeau-article-800-150-En-ligne.jpg\",\"articleSection\":[\"Bien \u00eatre au travail\",\"Bien \u00eatre enfant\",\"Emotions de l'enfant\",\"Notes p\u00e9dagogiques\"],\"inLanguage\":\"fr-FR\",\"potentialAction\":[{\"@type\":\"CommentAction\",\"name\":\"Comment\",\"target\":[\"https:\\\/\\\/www.fileasbl.be\\\/membres\\\/les-emotions-des-professionnels-de-lenfance-dans-ce-contexte-sanitaire-avec-monique-meyfroet\\\/#respond\"]}]},{\"@type\":\"WebPage\",\"@id\":\"https:\\\/\\\/www.fileasbl.be\\\/membres\\\/les-emotions-des-professionnels-de-lenfance-dans-ce-contexte-sanitaire-avec-monique-meyfroet\\\/\",\"url\":\"https:\\\/\\\/www.fileasbl.be\\\/membres\\\/les-emotions-des-professionnels-de-lenfance-dans-ce-contexte-sanitaire-avec-monique-meyfroet\\\/\",\"name\":\"Quelle prise en compte des \u00e9motions des professionnels dans la crise sanitaire actuelle ? - Site de la FILE\",\"isPartOf\":{\"@id\":\"https:\\\/\\\/www.fileasbl.be\\\/membres\\\/#website\"},\"primaryImageOfPage\":{\"@id\":\"https:\\\/\\\/www.fileasbl.be\\\/membres\\\/les-emotions-des-professionnels-de-lenfance-dans-ce-contexte-sanitaire-avec-monique-meyfroet\\\/#primaryimage\"},\"image\":{\"@id\":\"https:\\\/\\\/www.fileasbl.be\\\/membres\\\/les-emotions-des-professionnels-de-lenfance-dans-ce-contexte-sanitaire-avec-monique-meyfroet\\\/#primaryimage\"},\"thumbnailUrl\":\"http:\\\/\\\/www.fileasbl.be\\\/membres\\\/wp-content\\\/uploads\\\/2020\\\/12\\\/Bandeau-article-800-150-En-ligne.jpg\",\"datePublished\":\"2020-12-01T15:15:00+00:00\",\"dateModified\":\"2025-09-02T14:54:26+00:00\",\"author\":{\"@id\":\"https:\\\/\\\/www.fileasbl.be\\\/membres\\\/#\\\/schema\\\/person\\\/5954a0c68c3a6f92f805465caa00d25f\"},\"breadcrumb\":{\"@id\":\"https:\\\/\\\/www.fileasbl.be\\\/membres\\\/les-emotions-des-professionnels-de-lenfance-dans-ce-contexte-sanitaire-avec-monique-meyfroet\\\/#breadcrumb\"},\"inLanguage\":\"fr-FR\",\"potentialAction\":[{\"@type\":\"ReadAction\",\"target\":[\"https:\\\/\\\/www.fileasbl.be\\\/membres\\\/les-emotions-des-professionnels-de-lenfance-dans-ce-contexte-sanitaire-avec-monique-meyfroet\\\/\"]}]},{\"@type\":\"ImageObject\",\"inLanguage\":\"fr-FR\",\"@id\":\"https:\\\/\\\/www.fileasbl.be\\\/membres\\\/les-emotions-des-professionnels-de-lenfance-dans-ce-contexte-sanitaire-avec-monique-meyfroet\\\/#primaryimage\",\"url\":\"http:\\\/\\\/www.fileasbl.be\\\/membres\\\/wp-content\\\/uploads\\\/2020\\\/12\\\/Bandeau-article-800-150-En-ligne.jpg\",\"contentUrl\":\"http:\\\/\\\/www.fileasbl.be\\\/membres\\\/wp-content\\\/uploads\\\/2020\\\/12\\\/Bandeau-article-800-150-En-ligne.jpg\"},{\"@type\":\"BreadcrumbList\",\"@id\":\"https:\\\/\\\/www.fileasbl.be\\\/membres\\\/les-emotions-des-professionnels-de-lenfance-dans-ce-contexte-sanitaire-avec-monique-meyfroet\\\/#breadcrumb\",\"itemListElement\":[{\"@type\":\"ListItem\",\"position\":1,\"name\":\"Accueil\",\"item\":\"https:\\\/\\\/www.fileasbl.be\\\/membres\\\/\"},{\"@type\":\"ListItem\",\"position\":2,\"name\":\"Quelle prise en compte des \u00e9motions des professionnels dans la crise sanitaire actuelle ?\"}]},{\"@type\":\"WebSite\",\"@id\":\"https:\\\/\\\/www.fileasbl.be\\\/membres\\\/#website\",\"url\":\"https:\\\/\\\/www.fileasbl.be\\\/membres\\\/\",\"name\":\"Site de la FILE\",\"description\":\"FILE Un accueil de qualit\u00e9 accessible \u00e0 tous\",\"potentialAction\":[{\"@type\":\"SearchAction\",\"target\":{\"@type\":\"EntryPoint\",\"urlTemplate\":\"https:\\\/\\\/www.fileasbl.be\\\/membres\\\/?s={search_term_string}\"},\"query-input\":{\"@type\":\"PropertyValueSpecification\",\"valueRequired\":true,\"valueName\":\"search_term_string\"}}],\"inLanguage\":\"fr-FR\"},{\"@type\":\"Person\",\"@id\":\"https:\\\/\\\/www.fileasbl.be\\\/membres\\\/#\\\/schema\\\/person\\\/5954a0c68c3a6f92f805465caa00d25f\",\"name\":\"Contact FILE\",\"url\":\"https:\\\/\\\/www.fileasbl.be\\\/membres\\\/author\\\/contactfile\\\/\"}]}<\/script>\n<!-- \/ Yoast SEO plugin. -->","yoast_head_json":{"title":"Quelle prise en compte des \u00e9motions des professionnels dans la crise sanitaire actuelle ? - Site de la FILE","robots":{"index":"index","follow":"follow","max-snippet":"max-snippet:-1","max-image-preview":"max-image-preview:large","max-video-preview":"max-video-preview:-1"},"canonical":"https:\/\/www.fileasbl.be\/membres\/les-emotions-des-professionnels-de-lenfance-dans-ce-contexte-sanitaire-avec-monique-meyfroet\/","og_locale":"fr_FR","og_type":"article","og_title":"Quelle prise en compte des \u00e9motions des professionnels dans la crise sanitaire actuelle ? - Site de la FILE","og_description":"Mise \u00e0 jour du 19 juin 2020 -","og_url":"https:\/\/www.fileasbl.be\/membres\/les-emotions-des-professionnels-de-lenfance-dans-ce-contexte-sanitaire-avec-monique-meyfroet\/","og_site_name":"Site de la FILE","article_publisher":"https:\/\/www.facebook.com\/fileasbl\/","article_published_time":"2020-12-01T15:15:00+00:00","article_modified_time":"2025-09-02T14:54:26+00:00","og_image":[{"url":"http:\/\/www.fileasbl.be\/membres\/wp-content\/uploads\/2020\/12\/Bandeau-article-800-150-En-ligne.jpg","type":"","width":"","height":""}],"author":"Contact FILE","twitter_card":"summary_large_image","twitter_misc":{"\u00c9crit par":"Contact FILE"},"schema":{"@context":"https:\/\/schema.org","@graph":[{"@type":"Article","@id":"https:\/\/www.fileasbl.be\/membres\/les-emotions-des-professionnels-de-lenfance-dans-ce-contexte-sanitaire-avec-monique-meyfroet\/#article","isPartOf":{"@id":"https:\/\/www.fileasbl.be\/membres\/les-emotions-des-professionnels-de-lenfance-dans-ce-contexte-sanitaire-avec-monique-meyfroet\/"},"author":{"name":"Contact FILE","@id":"https:\/\/www.fileasbl.be\/membres\/#\/schema\/person\/5954a0c68c3a6f92f805465caa00d25f"},"headline":"Quelle prise en compte des \u00e9motions des professionnels dans la crise sanitaire actuelle ?","datePublished":"2020-12-01T15:15:00+00:00","dateModified":"2025-09-02T14:54:26+00:00","mainEntityOfPage":{"@id":"https:\/\/www.fileasbl.be\/membres\/les-emotions-des-professionnels-de-lenfance-dans-ce-contexte-sanitaire-avec-monique-meyfroet\/"},"wordCount":772,"commentCount":0,"image":{"@id":"https:\/\/www.fileasbl.be\/membres\/les-emotions-des-professionnels-de-lenfance-dans-ce-contexte-sanitaire-avec-monique-meyfroet\/#primaryimage"},"thumbnailUrl":"http:\/\/www.fileasbl.be\/membres\/wp-content\/uploads\/2020\/12\/Bandeau-article-800-150-En-ligne.jpg","articleSection":["Bien \u00eatre au travail","Bien \u00eatre enfant","Emotions de l'enfant","Notes p\u00e9dagogiques"],"inLanguage":"fr-FR","potentialAction":[{"@type":"CommentAction","name":"Comment","target":["https:\/\/www.fileasbl.be\/membres\/les-emotions-des-professionnels-de-lenfance-dans-ce-contexte-sanitaire-avec-monique-meyfroet\/#respond"]}]},{"@type":"WebPage","@id":"https:\/\/www.fileasbl.be\/membres\/les-emotions-des-professionnels-de-lenfance-dans-ce-contexte-sanitaire-avec-monique-meyfroet\/","url":"https:\/\/www.fileasbl.be\/membres\/les-emotions-des-professionnels-de-lenfance-dans-ce-contexte-sanitaire-avec-monique-meyfroet\/","name":"Quelle prise en compte des \u00e9motions des professionnels dans la crise sanitaire actuelle ? - Site de la FILE","isPartOf":{"@id":"https:\/\/www.fileasbl.be\/membres\/#website"},"primaryImageOfPage":{"@id":"https:\/\/www.fileasbl.be\/membres\/les-emotions-des-professionnels-de-lenfance-dans-ce-contexte-sanitaire-avec-monique-meyfroet\/#primaryimage"},"image":{"@id":"https:\/\/www.fileasbl.be\/membres\/les-emotions-des-professionnels-de-lenfance-dans-ce-contexte-sanitaire-avec-monique-meyfroet\/#primaryimage"},"thumbnailUrl":"http:\/\/www.fileasbl.be\/membres\/wp-content\/uploads\/2020\/12\/Bandeau-article-800-150-En-ligne.jpg","datePublished":"2020-12-01T15:15:00+00:00","dateModified":"2025-09-02T14:54:26+00:00","author":{"@id":"https:\/\/www.fileasbl.be\/membres\/#\/schema\/person\/5954a0c68c3a6f92f805465caa00d25f"},"breadcrumb":{"@id":"https:\/\/www.fileasbl.be\/membres\/les-emotions-des-professionnels-de-lenfance-dans-ce-contexte-sanitaire-avec-monique-meyfroet\/#breadcrumb"},"inLanguage":"fr-FR","potentialAction":[{"@type":"ReadAction","target":["https:\/\/www.fileasbl.be\/membres\/les-emotions-des-professionnels-de-lenfance-dans-ce-contexte-sanitaire-avec-monique-meyfroet\/"]}]},{"@type":"ImageObject","inLanguage":"fr-FR","@id":"https:\/\/www.fileasbl.be\/membres\/les-emotions-des-professionnels-de-lenfance-dans-ce-contexte-sanitaire-avec-monique-meyfroet\/#primaryimage","url":"http:\/\/www.fileasbl.be\/membres\/wp-content\/uploads\/2020\/12\/Bandeau-article-800-150-En-ligne.jpg","contentUrl":"http:\/\/www.fileasbl.be\/membres\/wp-content\/uploads\/2020\/12\/Bandeau-article-800-150-En-ligne.jpg"},{"@type":"BreadcrumbList","@id":"https:\/\/www.fileasbl.be\/membres\/les-emotions-des-professionnels-de-lenfance-dans-ce-contexte-sanitaire-avec-monique-meyfroet\/#breadcrumb","itemListElement":[{"@type":"ListItem","position":1,"name":"Accueil","item":"https:\/\/www.fileasbl.be\/membres\/"},{"@type":"ListItem","position":2,"name":"Quelle prise en compte des \u00e9motions des professionnels dans la crise sanitaire actuelle ?"}]},{"@type":"WebSite","@id":"https:\/\/www.fileasbl.be\/membres\/#website","url":"https:\/\/www.fileasbl.be\/membres\/","name":"Site de la FILE","description":"FILE Un accueil de qualit\u00e9 accessible \u00e0 tous","potentialAction":[{"@type":"SearchAction","target":{"@type":"EntryPoint","urlTemplate":"https:\/\/www.fileasbl.be\/membres\/?s={search_term_string}"},"query-input":{"@type":"PropertyValueSpecification","valueRequired":true,"valueName":"search_term_string"}}],"inLanguage":"fr-FR"},{"@type":"Person","@id":"https:\/\/www.fileasbl.be\/membres\/#\/schema\/person\/5954a0c68c3a6f92f805465caa00d25f","name":"Contact FILE","url":"https:\/\/www.fileasbl.be\/membres\/author\/contactfile\/"}]}},"builder_content":"<img src=\"http:\/\/www.fileasbl.be\/membres\/wp-content\/uploads\/2020\/12\/Bandeau-article-800-150-En-ligne.jpg\" title=\"Quelle prise en compte des \u00e9motions des professionnels dans la crise sanitaire actuelle ?\" alt=\"Quelle prise en compte des \u00e9motions des professionnels dans la crise sanitaire actuelle ?\">\n<p style=\"text-align: right;\">\u00a0<\/p> <p>\u00a0<\/p>\n<h2 style=\"text-align: center;\">Personne de contact<\/h2> <p style=\"text-align: center;\">Laur\u00e8ne Trevisan - Conseill\u00e8re p\u00e9dagogique<\/p> <p style=\"text-align: center;\">contact(at)fileasbl.be<\/p> <p style=\"text-align: center;\">010 22 52 02<\/p>\n<h3><strong>Description :<\/strong><\/h3> <hr> <p>Vous le savez\u00a0: nous sommes malheureusement contraints de reporter notre colloque annuel portant sur les \u00e9motions des professionnels de l\u2019enfance\u00a0(Nouvelle date \u00e0 bloquer pour celui-ci\u00a0: <strong>1<sup>er<\/sup> juin 2021<\/strong>).<br>\u00a0<br>Un paradoxe alors que, face \u00e0 la crise sanitaire actuelle, il est, plus que jamais, important et n\u00e9cessaire de prendre en consid\u00e9ration vos ressentis et v\u00e9cus en tant que professionnels\u00a0! L\u2019investissement dont vous faites preuve au quotidien pour offrir un accueil de qualit\u00e9 aux enfants et \u00e0 leur famille est remarquable mais ne se r\u00e9alise bien s\u00fbr pas sans efforts ni difficult\u00e9s.<\/p> <p>C\u2019est pourquoi, la FILE vous a propos\u00e9 de prendre un temps pour mettre en mots, analyser et partager les \u00e9motions que vous vivez au quotidien via une conf\u00e9rence vid\u00e9o pr\u00e9sent\u00e9e en trois capsules.<\/p> <p>Suite aux nombreux t\u00e9moignages dont vous nous avez fait part, Monique Meyfroet, psychologue bien connue de notre secteur et qui l\u2019accompagne depuis de nombreuses ann\u00e9es, a r\u00e9pondu aux questions et s\u2019est exprim\u00e9e sur ces t\u00e9moignages autour de la th\u00e9matique <strong>\u00ab\u00a0Quelle prise en compte des \u00e9motions des professionnels dans la crise sanitaire actuelle\u00a0?\u00a0\u00bb<\/strong>.\u00a0<\/p>\n<h3><strong>Contenu (en 3 capsules) : :<\/strong><\/h3> <hr \/> <p>\u00a0<\/p>\n<a href=\"https:\/\/youtu.be\/5GPka5fUI6Q\" > <img src=\"http:\/\/www.fileasbl.be\/membres\/wp-content\/uploads\/2020\/11\/MailChimp-564-75-Monique-1.jpg\" title=\"Quelle prise en compte des \u00e9motions des professionnels dans la crise sanitaire actuelle ?\" alt=\"Quelle prise en compte des \u00e9motions des professionnels dans la crise sanitaire actuelle ?\"> <\/a>\n<p><em>\u00ab Qu\u2019est-ce qui est difficile \u00e0 g\u00e9rer pour les professionnels de l\u2019enfance ? Peur, col\u00e8re, culpabilit\u00e9\u2026 Quelle est la place laiss\u00e9e aux \u00e9motions ? Quelles sont les pistes qui peuvent aider pendant cette p\u00e9riode\u00a0? \u2026\u00a0\u00bb<\/em><\/p>\n<a href=\"https:\/\/youtu.be\/iVw_SrzeLNI\" > <img src=\"http:\/\/www.fileasbl.be\/membres\/wp-content\/uploads\/2020\/11\/MailChimp-564-75-Monique-2.jpg\" title=\"Quelle prise en compte des \u00e9motions des professionnels dans la crise sanitaire actuelle ?\" alt=\"Quelle prise en compte des \u00e9motions des professionnels dans la crise sanitaire actuelle ?\"> <\/a>\n<p><em>\u00ab\u00a0Les enfants et familles accueillis pendant cette crise sont-ils diff\u00e9rents\u00a0?\u00a0Si oui, en quoi\u00a0?\u00a0Faut-il parler de la crise aux enfants\u00a0? Comment\u00a0g\u00e9rer le manque de contact physique, le port du masque\u00a0?\u00a0\u2026 \u00bb<\/em><\/p>\n<a href=\"https:\/\/youtu.be\/3Wh5Rhfmagg\" > <img src=\"http:\/\/www.fileasbl.be\/membres\/wp-content\/uploads\/2020\/11\/MailChimp-564-75-Monique-3.jpg\" title=\"Quelle prise en compte des \u00e9motions des professionnels dans la crise sanitaire actuelle ?\" alt=\"Quelle prise en compte des \u00e9motions des professionnels dans la crise sanitaire actuelle ?\"> <\/a>\n<p><em>\u00ab\u00a0Reconnu \u00e0 deux reprises comme essentiel, comment le m\u00e9tier de professionnel de l\u2019enfance va-t-il \u00e9voluer ?<\/em>\u00a0Risquons-nous un retour vers \u00ab\u00a0l\u2019hygi\u00e8ne avant tout\u00a0\u00bb\u00a0<em>? Que retenir de positif suite aux d\u00e9marches mises en place face \u00e0 cette crise ? \u2026\u00a0\u00bb<\/em><\/p>\n<h3><strong>Public cible :<\/strong><\/h3> <hr \/> <ul> <li>Cette conf\u00e9rence s\u2019adresse aux professionnels du secteur de l\u2019accueil de l\u2019enfance<\/li> <\/ul>\n<h3><strong>Pratique :<\/strong><\/h3> <hr> <ul> <li>Conf\u00e9rence gratuite<\/li> <li>Mise en ligne le 1er d\u00e9cembre 2020 \u00e0 09h00<\/li> <li>Aussi disponible sur un de nos media : <ul> <li><a href=\"https:\/\/www.facebook.com\/fileasbl\/\" target=\"_blank\" rel=\"noopener\">Notre page Facebook<\/a><\/li> <li><a href=\"https:\/\/www.youtube.com\/channel\/UCR8sVng5pK38sQqYXVRuyFQ\" target=\"_blank\" rel=\"noopener\">Notre chaine YouTube<\/a><\/li> <li>Cette page<\/li> <\/ul> <\/li> <\/ul>\n<h3><strong>Notre intervenante :<\/strong><\/h3> <hr> <h4>\u00a0<\/h4> <h4>Monique Meyfroet<\/h4> <p>Monique Meyfroet est psycholoque clinicienne dipl\u00f4m\u00e9e de l\u2019ULB.<\/p> <p>Sa carri\u00e8re professionnelle comporte 2 volets: \u00a0<\/p> <ul> <li>L\u2019un purement clinique au centre de sant\u00e9 mentale l\u2019Et\u00e9 \u00e0 Anderlecht,<\/li> <li>L\u2019autre est un travail de formation continu\u00e9e pour le personnel des cr\u00e8ches, pr\u00e9gardenniats, pouponni\u00e8res...\u00e0 la <a href=\"https:\/\/ccf.brussels\/\" target=\"_blank\" rel=\"noopener\">Cocof<\/a> et puis au <a href=\"https:\/\/www.fraje.be\/\" target=\"_blank\" rel=\"noopener\">FRAJE<\/a>.<\/li> <\/ul> <p>Retrait\u00e9e, elle poursuit un travail de formation et de supervision pour les professionnels de la petite enfance et les institutions de l\u2019aide \u00e0 la jeunesse.<\/p>\n<img src=\"http:\/\/www.fileasbl.be\/membres\/wp-content\/uploads\/2020\/11\/Site-A-la-une-M-Meyfroet-1.jpg\" title=\"Quelle prise en compte des \u00e9motions des professionnels dans la crise sanitaire actuelle ?\" alt=\"Quelle prise en compte des \u00e9motions des professionnels dans la crise sanitaire actuelle ?\">\n<h3><strong>Les videos :<\/strong><\/h3> <hr \/> <ul> <li>en ligne depuis le 1\/12\/2020<\/li> <\/ul>\n<p style=\"text-align: center;\">Capsule 1<\/p>\n<p style=\"text-align: center;\">Capsule 2<\/p>\n<p style=\"text-align: center;\">Capsule 3<\/p>\n\n\n\n<ul><li><h4>Comment travailler ces capsules ? <\/h4><p>Afin que ce moment de r\u00e9flexion soit le plus riche possible pour vous, voici quelques pistes pour aborder les capsules\u00a0: <br \/><br \/>Voici quelques possibilit\u00e9s de travail :<\/p> <ul> <li>Nous vous conseillons de regarder les capsules dans l\u2019ordre. Celles-ci seront num\u00e9rot\u00e9es.<\/li> <li>Donnez-vous la possibilit\u00e9 d\u2019en parler avec vos coll\u00e8gues par la suite.<\/li> <li>Chaque personne de l\u2019\u00e9quipe regarde les capsules de son c\u00f4t\u00e9 en m\u00eame temps. Apr\u00e8s chaque capsule, un retour en \u00e9quipe est pr\u00e9vu par vid\u00e9oconf\u00e9rence : le but est de reconna\u00eetre ce que l\u2019\u00e9quipe vit et de permettre un certain accompagnement du visionnage, de pouvoir laisser l\u2019\u00e9quipe s\u2019exprimer mais aussi de trouver des solutions pour all\u00e9ger le quotidien et les ressentis de l\u2019\u00e9quipe. Les capsules peuvent \u00eatre un point de d\u00e9part pour aller plus loin dans la r\u00e9flexion.<\/li> <li>Apr\u00e8s avoir visionn\u00e9 les capsules, chacun de son c\u00f4t\u00e9 en m\u00eame temps (ou pas) ou possibilit\u00e9 de visionner les capsules par section ? R\u00e9unir 2 ou 3 pu\u00e9ricultrices\/animateurs tout en respectant les mesures de s\u00e9curit\u00e9 (masques, distance, a\u00e9ration du local\u2026), proposition \u00e0 chaque membre de l\u2019\u00e9quipe d\u2019\u00e9crire ce que cela a provoqu\u00e9 en eux afin, par la suite, de proposer un retour en \u00e9quipe par vid\u00e9oconf\u00e9rence.<\/li> <\/ul> <p>N\u2019h\u00e9sitez pas \u00e0 revenir vers nous. En effet, nous avons <strong>besoin de vos retours<\/strong> suite au visionnage des capsules\u00a0: Comment le visionnage s\u2019est-il pass\u00e9\u00a0? Quel est votre ressenti\u00a0? En avez-vous parl\u00e9 en \u00e9quipe\u00a0?\u00a0Y avez-vous trouv\u00e9 des pistes ? Les capsules ont-elles r\u00e9pondu \u00e0 vos attentes\u00a0? Souhaitez-vous partager d\u2019autres pratiques mises en place pour prendre en consid\u00e9ration les \u00e9motions des professionnels de l\u2019enfance\u00a0? Avez-vous envie de donner un prolongement \u00e0 ces capsules vid\u00e9os\u00a0?<\/p><\/li><\/ul>","_links":{"self":[{"href":"https:\/\/www.fileasbl.be\/membres\/wp-json\/wp\/v2\/posts\/17254","targetHints":{"allow":["GET"]}}],"collection":[{"href":"https:\/\/www.fileasbl.be\/membres\/wp-json\/wp\/v2\/posts"}],"about":[{"href":"https:\/\/www.fileasbl.be\/membres\/wp-json\/wp\/v2\/types\/post"}],"author":[{"embeddable":true,"href":"https:\/\/www.fileasbl.be\/membres\/wp-json\/wp\/v2\/users\/2"}],"replies":[{"embeddable":true,"href":"https:\/\/www.fileasbl.be\/membres\/wp-json\/wp\/v2\/comments?post=17254"}],"version-history":[{"count":0,"href":"https:\/\/www.fileasbl.be\/membres\/wp-json\/wp\/v2\/posts\/17254\/revisions"}],"wp:attachment":[{"href":"https:\/\/www.fileasbl.be\/membres\/wp-json\/wp\/v2\/media?parent=17254"}],"wp:term":[{"taxonomy":"category","embeddable":true,"href":"https:\/\/www.fileasbl.be\/membres\/wp-json\/wp\/v2\/categories?post=17254"},{"taxonomy":"post_tag","embeddable":true,"href":"https:\/\/www.fileasbl.be\/membres\/wp-json\/wp\/v2\/tags?post=17254"}],"curies":[{"name":"wp","href":"https:\/\/api.w.org\/{rel}","templated":true}]}}