{"id":19077,"date":"2021-02-11T11:51:22","date_gmt":"2021-02-11T10:51:22","guid":{"rendered":"http:\/\/www.fileasbl.be\/membres\/?p=19077"},"modified":"2021-02-12T11:15:50","modified_gmt":"2021-02-12T10:15:50","slug":"actualite-reforme-milac-ne-janvier-2021","status":"publish","type":"post","link":"https:\/\/www.fileasbl.be\/membres\/actualite-reforme-milac-ne-janvier-2021\/","title":{"rendered":"Actualit\u00e9 &#8211; R\u00e9forme MilAc en janvier 2021"},"content":{"rendered":"<!--themify_builder_content-->\n<div id=\"themify_builder_content-19077\" data-postid=\"19077\" class=\"themify_builder_content themify_builder_content-19077 themify_builder tf_clear\">\n    \t<!-- module_row -->\n\t<div  data-lazy=\"1\" class=\"module_row themify_builder_row tb_vtjc922 tb_first tf_clearfix\">\n\t    \t\t<div class=\"row_inner col_align_top col-count-1 tf_box tf_w tf_rel\">\n\t\t\t<div  data-lazy=\"1\" class=\"module_column tb-column col-full first tb_1ogh923 tf_box\">\n\t\t\t    \t        <div class=\"tb-column-inner tf_box tf_w\">\n\t\t    <!-- module image -->\n<div  class=\"module module-image tb_bb9c22   image-top auto_fullwidth tf_mw\" data-lazy=\"1\">\n        <div class=\"image-wrap tf_rel tf_mw\">\n\t\t    <img decoding=\"async\" src=\"http:\/\/www.fileasbl.be\/membres\/wp-content\/uploads\/2020\/11\/Site-article-800x200-Reforme-MILAC.jpg\" title=\"Actualit\u00e9 &#8211; R\u00e9forme MilAc en janvier 2021\" alt=\"Actualit\u00e9 &#8211; R\u00e9forme MilAc en janvier 2021\">\t\n\t\t<\/div>\n\t<!-- \/image-wrap -->\n    \n    \t<\/div>\n<!-- \/module image -->\t        <\/div>\n\t    \t<\/div>\n\t\t    <\/div>\n\t    <!-- \/row_inner -->\n\t<\/div>\n\t<!-- \/module_row -->\n\t\t<!-- module_row -->\n\t<div  data-lazy=\"1\" class=\"module_row themify_builder_row tb_g4kw125 tf_clearfix\" >\n\t    \t\t<div class=\"row_inner col_align_top col-count-2 tf_box tf_w tf_rel\">\n\t\t\t<div  data-lazy=\"1\" class=\"module_column tb-column col2-1 first tb_p2oj126 tf_box\">\n\t\t\t    \t        <div class=\"tb-column-inner tf_box tf_w\">\n\t\t    <!-- module text -->\n<div  class=\"module module-text tb_kd15844   \" data-lazy=\"1\">\n        <div  class=\"tb_text_wrap\">\n    <p>\u00a0<\/p>\n<p style=\"text-align: right;\"><strong><span style=\"color: #333300;\">Mise \u00e0 jour du 15 f\u00e9vrier 2021<\/span><\/strong><\/p>\n<p>L\u2019ann\u00e9e 2021 d\u00e9marre fort pour la r\u00e9forme MILAC avec de nombreuses informations que nous vous compilons ci-apr\u00e8s\u00a0: :<\/p>    <\/div>\n<\/div>\n<!-- \/module text -->\t        <\/div>\n\t    \t<\/div>\n\t\t<div  data-lazy=\"1\" class=\"module_column tb-column col2-1 last tb_4f45127 tf_box\">\n\t\t\t    \t        <div class=\"tb-column-inner tf_box tf_w\">\n\t\t    <!-- module text -->\n<div  class=\"module module-text tb_bjbg412   \" data-lazy=\"1\">\n        <div  class=\"tb_text_wrap\">\n    <h2 style=\"text-align: center;\"><span style=\"color: #333399;\">Personne de contact<\/span><\/h2>\n<p style=\"text-align: center;\">Isaline De Plaen, assistance juridique<\/p>\n<p style=\"text-align: center;\">C\u00e9cile Van Honst\u00e9, directrice<\/p>\n<p style=\"text-align: center;\">contact(at)fileasbl.be<\/p>    <\/div>\n<\/div>\n<!-- \/module text -->\t        <\/div>\n\t    \t<\/div>\n\t\t    <\/div>\n\t    <!-- \/row_inner -->\n\t<\/div>\n\t<!-- \/module_row -->\n\t\t<!-- module_row -->\n\t<div  data-lazy=\"1\" class=\"module_row themify_builder_row tb_tjq3146 tf_clearfix\">\n\t    \t\t<div class=\"row_inner col_align_top col-count-1 tf_box tf_w tf_rel\">\n\t\t\t<div  data-lazy=\"1\" class=\"module_column tb-column col-full first tb_nj2t147 tf_box\">\n\t\t\t    \t        <div class=\"tb-column-inner tf_box tf_w\">\n\t\t    <!-- module text -->\n<div  class=\"module module-text tb_47l5576   \" data-lazy=\"1\">\n        <div  class=\"tb_text_wrap\">\n    <ul>\n<li><strong>Outil de simulation Butterfly\u00a0: nouveau report des d\u00e9lais au 31 mars 2021<\/strong><\/li>\n<\/ul>\n<p>Pour les milieux d\u2019accueil qui se transforment en cr\u00e8che de niveau 2 ou 3 et qui ont remis leur d\u00e9claration d\u2019intention, vous aurez en principe re\u00e7u la communication ONE du 20 janvier dernier reportant le d\u00e9lai pour la remise du cadastre \u00e0 l\u2019emploi et du contrat-programme (g\u00e9n\u00e9r\u00e9s par l\u2019outil butterfly) au 31 mars 2021.<\/p>\n<p>Les transformations dans la r\u00e9forme d\u00e9pendent de la remise de la d\u00e9claration d\u2019intention et non de la remise de votre cadastre via l\u2019outil Butterfly. De nombreux pouvoirs organisateurs ont des difficult\u00e9s avec l\u2019utilisation de l\u2019outil. Nous recherchons des solutions alternatives avec l\u2019ONE.<\/p>\n<p>Vous pouvez nous contacter \u00e0 l\u2019adresse <a href=\"mailto:assistancejuridique@fileasbl.be\">assistancejuridique@fileasbl.be<\/a> pour un accompagnement et pour plus d\u2019informations.\u00a0<\/p>\n<ul>\n<li><strong>Milieux d\u2019accueil atypiques, co-accueil et autres chantiers r\u00e9forme<\/strong><\/li>\n<\/ul>\n<p>Les chantiers r\u00e9forme mis en place par le cabinet de la Ministre LINARD au cours de l\u2019ann\u00e9e 2020 ont d\u00e9bouch\u00e9 sur l\u2019\u00e9laboration d\u2019un arr\u00eat\u00e9 \u00abajustements\u00a0\u00bb publi\u00e9 en septembre 2020. Sur la page r\u00e9forme de notre site, vous trouverez le texte de cet arr\u00eat\u00e9 ainsi que les textes coordonn\u00e9s (=mis \u00e0 jour) des diff\u00e9rents arr\u00eat\u00e9s r\u00e9forme sur base de ces ajustements.<\/p>\n<p>Cet arr\u00eat\u00e9 \u00ab\u00a0ajustement\u00a0\u00bb pr\u00e9voit notamment, pour les milieux d\u2019accueil atypiques (ex-FESC, ex-FSE, ex-HA,..) la mise en place d\u2019un comit\u00e9 d\u2019accompagnement pour permettre le passage dans la r\u00e9forme de ces milieux d\u2019accueil. Nous attendons avec impatience la constitution de ce comit\u00e9 au sein de l\u2019ONE dont nous vous tiendrons inform\u00e9s. Pour rappel, les milieux d\u2019accueil atypiques ont jusqu\u2019au 31 d\u00e9cembre 2022 pour se transformer et conservent dans l\u2019intervalle leurs subsides.<\/p>\n<p>Restent actuellement ouverts\u00a0:<\/p>\n<ul>\n<li style=\"list-style-type: none;\">\n<ul>\n<li>Un chantier \u00ab\u00a0formations et qualifications\u00a0\u00bb dont l\u2019\u00e9valuation aura lieu sur toute l\u2019ann\u00e9e 2021. Dans l\u2019intervalle tant les anciennes qualifications que les nouvelles qualifications r\u00e9forme restent valables ;<\/li>\n<li>Un chantier \u00ab\u00a0co-accueil\u00a0\u00bb qui est en cours de constitution en collaboration avec la Ministre LINARD, l\u2019ONE et la plate-forme pour les accueillantes salari\u00e9es (dont la FILE). Nous esp\u00e9rons pouvoir rapidement vous en donner des nouvelles.<\/li>\n<\/ul>\n<\/li>\n<\/ul>\n<ul>\n<li><strong>Entr\u00e9e en vigueur des dispositions de la r\u00e9forme<\/strong><\/li>\n<\/ul>\n<p>Bon nombre d\u2019entre vous nous avaient d\u00e9j\u00e0 relay\u00e9 certaines difficult\u00e9s rencontr\u00e9es pour savoir quelles dispositions de la r\u00e9forme \u00e9taient applicables et \u00e0 partir de quel moment.<\/p>\n<p>Afin de vous aider, l\u2019ONE a mis en ligne deux tableaux reprenant les dates d\u2019entr\u00e9e en vigueur des diff\u00e9rentes dispositions de la r\u00e9forme\u00a0: un tableau pour les cr\u00e8ches et un tableau pour les SAE et les AEI.<\/p>\n<p>Vous trouverez ces tableaux <a href=\"https:\/\/www.one.be\/professionnel\/milieux-daccueil\/accueil-en-transition\/dates-dentree-en-vigueur\/\" target=\"_blank\" rel=\"noopener\">en suivant ce lien<\/a>.<\/p>\n<p>Sont entr\u00e9es en vigueur au 1<sup>er<\/sup> janvier 2021 les dispositions suivantes\u00a0:<\/p>\n<ul>\n<li><u>Communication \u00e0 l&rsquo;ONE d\u2019un num\u00e9ro de t\u00e9l\u00e9phone mobile pour permettre \u00e0 l&rsquo;ONE d&rsquo;entrer en contact en cas d&rsquo;urgence<\/u>: cette communication d\u00e9j\u00e0 recommand\u00e9e en 2020 est \u00e0 pr\u00e9sent devenue obligatoire.<\/li>\n<li><u>Proc\u00e9dures relatives \u00e0 l\u2019analyse de risque et \u00e0 la gestion de crise<\/u>: \u00e0 ce propos, une brochure est en cours d\u2019\u00e9laboration avec la FILE, via le Fonds MAE pour les milieux d\u2019accueil. N\u2019h\u00e9sitez \u00e9galement pas \u00e0 poser vos questions \u00e9ventuelles \u00e0 notre conseill\u00e8re juridique, Carine Delr\u00e9e (<a href=\"mailto:juriste@fileasbl.be\">juriste(at)fileasbl.be<\/a> \u2013 010 22 52 02)<\/li>\n<\/ul>\n<p>\u00a0<\/p>\n<ul>\n<li><strong>Nouveaux mod\u00e8les de contrat d\u2019accueil et autres mod\u00e8les ONE<\/strong><\/li>\n<\/ul>\n<p>Vous en aviez peut-\u00eatre d\u00e9j\u00e0 \u00e9t\u00e9 inform\u00e9s, vos contrats d\u2019accueil devront \u00eatre adapt\u00e9s aux nouveaux mod\u00e8les ONE <u>pour le 1<sup>er<\/sup> janvier 2022 au plus tard<\/u>. Les nouveaux mod\u00e8les ainsi que leurs modes d\u2019emploi sont d\u00e8s \u00e0 pr\u00e9sent disponibles sur le site de l\u2019ONE. Vous les trouverez <a href=\"https:\/\/www.one.be\/professionnel\/milieux-daccueil\/accueil-en-transition\/nouveaux-modeles-one\/\" target=\"_blank\" rel=\"noopener\">en suivant ce lien<\/a>.<\/p>\n<p><a href=\"https:\/\/www.one.be\/professionnel\/milieux-daccueil\/accueil-en-transition\/nouveaux-modeles-one\/\" target=\"_blank\" rel=\"noopener\">Sur la m\u00eame page<\/a>, vous trouverez le mod\u00e8le de tableau r\u00e9capitulatif du personnel et de personnes en contact r\u00e9gulier avec les enfants. Seules les accueillantes d\u2019enfants (non salari\u00e9es) remettent ce document au mois de janvier de chaque ann\u00e9e. Pour les milieux d\u2019accueil collectifs et les accueillantes salari\u00e9es, l\u2019encodage se fera directement via pro.one vers la mi-f\u00e9vrier 2021. Vous recevrez au pr\u00e9alable une communication ONE pour y proc\u00e9der.<\/p>\n<ul>\n<li><strong>\u00ab\u00a0Donn\u00e9es du cadastre\u00a0\u00bb Butterfly \/\u00a0\u00ab\u00a0mon \u00e9quipe\u00a0\u00bb<\/strong><\/li>\n<\/ul>\n<p>Afin de compl\u00e9ter un cadastre non marchand via l\u2019outil pro.one, certains d\u2019entre vous ont \u00e9t\u00e9 invit\u00e9s \u00e0 remplir la phase test du projet \u00ab\u00a0Mon \u00e9quipe\u00a0\u00bb. La FILE fait partie du comit\u00e9 d\u2019accompagnement de ce projet. Ce projet ambitieux a pour vocation pour les PO de remplir leur cadastre de travailleur via pro.one. De cette mani\u00e8re, les mises \u00e0 jour du personnel, les demandes de subsides et autres seront regroup\u00e9es au m\u00eame endroit. Les donn\u00e9es de l\u2019outil Butterfly devraient y \u00eatre pr\u00e9encod\u00e9es. N\u2019h\u00e9sitez pas \u00e0 faire appel \u00e0 nous pour toute question.\u00a0<\/p>    <\/div>\n<\/div>\n<!-- \/module text -->\t        <\/div>\n\t    \t<\/div>\n\t\t    <\/div>\n\t    <!-- \/row_inner -->\n\t<\/div>\n\t<!-- \/module_row -->\n\t<\/div>\n<!--\/themify_builder_content-->","protected":false},"excerpt":{"rendered":"<p>Mise \u00e0 jour du 19 mai 2020 &#8211; Note juridique \u00e0 propos du cong\u00e9 parental Corona<\/p>\n","protected":false},"author":2,"featured_media":0,"comment_status":"open","ping_status":"open","sticky":false,"template":"","format":"standard","meta":{"footnotes":""},"categories":[299,302],"tags":[],"class_list":["post-19077","post","type-post","status-publish","format-standard","hentry","category-notes-juridiques","category-reforme-milac","has-post-title","has-post-date","has-post-category","has-post-tag","has-post-comment","has-post-author",""],"yoast_head":"<!-- This site is optimized with the Yoast SEO plugin v27.5 - https:\/\/yoast.com\/product\/yoast-seo-wordpress\/ -->\n<title>Actualit\u00e9 - R\u00e9forme MilAc en janvier 2021 - Site de la FILE<\/title>\n<meta name=\"robots\" content=\"index, follow, max-snippet:-1, max-image-preview:large, max-video-preview:-1\" \/>\n<link rel=\"canonical\" href=\"https:\/\/www.fileasbl.be\/membres\/actualite-reforme-milac-ne-janvier-2021\/\" \/>\n<meta property=\"og:locale\" content=\"fr_FR\" \/>\n<meta property=\"og:type\" content=\"article\" \/>\n<meta property=\"og:title\" content=\"Actualit\u00e9 - R\u00e9forme MilAc en janvier 2021 - Site de la FILE\" \/>\n<meta property=\"og:description\" content=\"Mise \u00e0 jour du 19 mai 2020 - Note juridique \u00e0 propos du cong\u00e9 parental Corona\" \/>\n<meta property=\"og:url\" content=\"https:\/\/www.fileasbl.be\/membres\/actualite-reforme-milac-ne-janvier-2021\/\" \/>\n<meta property=\"og:site_name\" content=\"Site de la FILE\" \/>\n<meta property=\"article:publisher\" content=\"https:\/\/www.facebook.com\/fileasbl\/\" \/>\n<meta property=\"article:published_time\" content=\"2021-02-11T10:51:22+00:00\" \/>\n<meta property=\"article:modified_time\" content=\"2021-02-12T10:15:50+00:00\" \/>\n<meta property=\"og:image\" content=\"https:\/\/www.fileasbl.be\/membres\/wp-content\/uploads\/2020\/11\/Site-A-la-une-Actualite.jpg\" \/>\n\t<meta property=\"og:image:width\" content=\"1600\" \/>\n\t<meta property=\"og:image:height\" content=\"800\" \/>\n\t<meta property=\"og:image:type\" content=\"image\/jpeg\" \/>\n<meta name=\"author\" content=\"Contact FILE\" \/>\n<meta name=\"twitter:card\" content=\"summary_large_image\" \/>\n<meta name=\"twitter:label1\" content=\"\u00c9crit par\" \/>\n\t<meta name=\"twitter:data1\" content=\"Contact FILE\" \/>\n<script type=\"application\/ld+json\" class=\"yoast-schema-graph\">{\"@context\":\"https:\\\/\\\/schema.org\",\"@graph\":[{\"@type\":\"Article\",\"@id\":\"https:\\\/\\\/www.fileasbl.be\\\/membres\\\/actualite-reforme-milac-ne-janvier-2021\\\/#article\",\"isPartOf\":{\"@id\":\"https:\\\/\\\/www.fileasbl.be\\\/membres\\\/actualite-reforme-milac-ne-janvier-2021\\\/\"},\"author\":{\"name\":\"Contact FILE\",\"@id\":\"https:\\\/\\\/www.fileasbl.be\\\/membres\\\/#\\\/schema\\\/person\\\/5954a0c68c3a6f92f805465caa00d25f\"},\"headline\":\"Actualit\u00e9 &#8211; R\u00e9forme MilAc en janvier 2021\",\"datePublished\":\"2021-02-11T10:51:22+00:00\",\"dateModified\":\"2021-02-12T10:15:50+00:00\",\"mainEntityOfPage\":{\"@id\":\"https:\\\/\\\/www.fileasbl.be\\\/membres\\\/actualite-reforme-milac-ne-janvier-2021\\\/\"},\"wordCount\":872,\"commentCount\":0,\"image\":{\"@id\":\"https:\\\/\\\/www.fileasbl.be\\\/membres\\\/actualite-reforme-milac-ne-janvier-2021\\\/#primaryimage\"},\"thumbnailUrl\":\"http:\\\/\\\/www.fileasbl.be\\\/membres\\\/wp-content\\\/uploads\\\/2020\\\/11\\\/Site-article-800x200-Reforme-MILAC.jpg\",\"articleSection\":[\"Notes juridiques\",\"R\u00e9forme MILAC\"],\"inLanguage\":\"fr-FR\",\"potentialAction\":[{\"@type\":\"CommentAction\",\"name\":\"Comment\",\"target\":[\"https:\\\/\\\/www.fileasbl.be\\\/membres\\\/actualite-reforme-milac-ne-janvier-2021\\\/#respond\"]}]},{\"@type\":\"WebPage\",\"@id\":\"https:\\\/\\\/www.fileasbl.be\\\/membres\\\/actualite-reforme-milac-ne-janvier-2021\\\/\",\"url\":\"https:\\\/\\\/www.fileasbl.be\\\/membres\\\/actualite-reforme-milac-ne-janvier-2021\\\/\",\"name\":\"Actualit\u00e9 - R\u00e9forme MilAc en janvier 2021 - Site de la FILE\",\"isPartOf\":{\"@id\":\"https:\\\/\\\/www.fileasbl.be\\\/membres\\\/#website\"},\"primaryImageOfPage\":{\"@id\":\"https:\\\/\\\/www.fileasbl.be\\\/membres\\\/actualite-reforme-milac-ne-janvier-2021\\\/#primaryimage\"},\"image\":{\"@id\":\"https:\\\/\\\/www.fileasbl.be\\\/membres\\\/actualite-reforme-milac-ne-janvier-2021\\\/#primaryimage\"},\"thumbnailUrl\":\"http:\\\/\\\/www.fileasbl.be\\\/membres\\\/wp-content\\\/uploads\\\/2020\\\/11\\\/Site-article-800x200-Reforme-MILAC.jpg\",\"datePublished\":\"2021-02-11T10:51:22+00:00\",\"dateModified\":\"2021-02-12T10:15:50+00:00\",\"author\":{\"@id\":\"https:\\\/\\\/www.fileasbl.be\\\/membres\\\/#\\\/schema\\\/person\\\/5954a0c68c3a6f92f805465caa00d25f\"},\"breadcrumb\":{\"@id\":\"https:\\\/\\\/www.fileasbl.be\\\/membres\\\/actualite-reforme-milac-ne-janvier-2021\\\/#breadcrumb\"},\"inLanguage\":\"fr-FR\",\"potentialAction\":[{\"@type\":\"ReadAction\",\"target\":[\"https:\\\/\\\/www.fileasbl.be\\\/membres\\\/actualite-reforme-milac-ne-janvier-2021\\\/\"]}]},{\"@type\":\"ImageObject\",\"inLanguage\":\"fr-FR\",\"@id\":\"https:\\\/\\\/www.fileasbl.be\\\/membres\\\/actualite-reforme-milac-ne-janvier-2021\\\/#primaryimage\",\"url\":\"http:\\\/\\\/www.fileasbl.be\\\/membres\\\/wp-content\\\/uploads\\\/2020\\\/11\\\/Site-article-800x200-Reforme-MILAC.jpg\",\"contentUrl\":\"http:\\\/\\\/www.fileasbl.be\\\/membres\\\/wp-content\\\/uploads\\\/2020\\\/11\\\/Site-article-800x200-Reforme-MILAC.jpg\"},{\"@type\":\"BreadcrumbList\",\"@id\":\"https:\\\/\\\/www.fileasbl.be\\\/membres\\\/actualite-reforme-milac-ne-janvier-2021\\\/#breadcrumb\",\"itemListElement\":[{\"@type\":\"ListItem\",\"position\":1,\"name\":\"Accueil\",\"item\":\"https:\\\/\\\/www.fileasbl.be\\\/membres\\\/\"},{\"@type\":\"ListItem\",\"position\":2,\"name\":\"Actualit\u00e9 &#8211; R\u00e9forme MilAc en janvier 2021\"}]},{\"@type\":\"WebSite\",\"@id\":\"https:\\\/\\\/www.fileasbl.be\\\/membres\\\/#website\",\"url\":\"https:\\\/\\\/www.fileasbl.be\\\/membres\\\/\",\"name\":\"Site de la FILE\",\"description\":\"FILE Un accueil de qualit\u00e9 accessible \u00e0 tous\",\"potentialAction\":[{\"@type\":\"SearchAction\",\"target\":{\"@type\":\"EntryPoint\",\"urlTemplate\":\"https:\\\/\\\/www.fileasbl.be\\\/membres\\\/?s={search_term_string}\"},\"query-input\":{\"@type\":\"PropertyValueSpecification\",\"valueRequired\":true,\"valueName\":\"search_term_string\"}}],\"inLanguage\":\"fr-FR\"},{\"@type\":\"Person\",\"@id\":\"https:\\\/\\\/www.fileasbl.be\\\/membres\\\/#\\\/schema\\\/person\\\/5954a0c68c3a6f92f805465caa00d25f\",\"name\":\"Contact FILE\",\"url\":\"https:\\\/\\\/www.fileasbl.be\\\/membres\\\/author\\\/contactfile\\\/\"}]}<\/script>\n<!-- \/ Yoast SEO plugin. -->","yoast_head_json":{"title":"Actualit\u00e9 - R\u00e9forme MilAc en janvier 2021 - Site de la FILE","robots":{"index":"index","follow":"follow","max-snippet":"max-snippet:-1","max-image-preview":"max-image-preview:large","max-video-preview":"max-video-preview:-1"},"canonical":"https:\/\/www.fileasbl.be\/membres\/actualite-reforme-milac-ne-janvier-2021\/","og_locale":"fr_FR","og_type":"article","og_title":"Actualit\u00e9 - R\u00e9forme MilAc en janvier 2021 - Site de la FILE","og_description":"Mise \u00e0 jour du 19 mai 2020 - Note juridique \u00e0 propos du cong\u00e9 parental Corona","og_url":"https:\/\/www.fileasbl.be\/membres\/actualite-reforme-milac-ne-janvier-2021\/","og_site_name":"Site de la FILE","article_publisher":"https:\/\/www.facebook.com\/fileasbl\/","article_published_time":"2021-02-11T10:51:22+00:00","article_modified_time":"2021-02-12T10:15:50+00:00","og_image":[{"width":1600,"height":800,"url":"https:\/\/www.fileasbl.be\/membres\/wp-content\/uploads\/2020\/11\/Site-A-la-une-Actualite.jpg","type":"image\/jpeg"}],"author":"Contact FILE","twitter_card":"summary_large_image","twitter_misc":{"\u00c9crit par":"Contact FILE"},"schema":{"@context":"https:\/\/schema.org","@graph":[{"@type":"Article","@id":"https:\/\/www.fileasbl.be\/membres\/actualite-reforme-milac-ne-janvier-2021\/#article","isPartOf":{"@id":"https:\/\/www.fileasbl.be\/membres\/actualite-reforme-milac-ne-janvier-2021\/"},"author":{"name":"Contact FILE","@id":"https:\/\/www.fileasbl.be\/membres\/#\/schema\/person\/5954a0c68c3a6f92f805465caa00d25f"},"headline":"Actualit\u00e9 &#8211; R\u00e9forme MilAc en janvier 2021","datePublished":"2021-02-11T10:51:22+00:00","dateModified":"2021-02-12T10:15:50+00:00","mainEntityOfPage":{"@id":"https:\/\/www.fileasbl.be\/membres\/actualite-reforme-milac-ne-janvier-2021\/"},"wordCount":872,"commentCount":0,"image":{"@id":"https:\/\/www.fileasbl.be\/membres\/actualite-reforme-milac-ne-janvier-2021\/#primaryimage"},"thumbnailUrl":"http:\/\/www.fileasbl.be\/membres\/wp-content\/uploads\/2020\/11\/Site-article-800x200-Reforme-MILAC.jpg","articleSection":["Notes juridiques","R\u00e9forme MILAC"],"inLanguage":"fr-FR","potentialAction":[{"@type":"CommentAction","name":"Comment","target":["https:\/\/www.fileasbl.be\/membres\/actualite-reforme-milac-ne-janvier-2021\/#respond"]}]},{"@type":"WebPage","@id":"https:\/\/www.fileasbl.be\/membres\/actualite-reforme-milac-ne-janvier-2021\/","url":"https:\/\/www.fileasbl.be\/membres\/actualite-reforme-milac-ne-janvier-2021\/","name":"Actualit\u00e9 - R\u00e9forme MilAc en janvier 2021 - Site de la FILE","isPartOf":{"@id":"https:\/\/www.fileasbl.be\/membres\/#website"},"primaryImageOfPage":{"@id":"https:\/\/www.fileasbl.be\/membres\/actualite-reforme-milac-ne-janvier-2021\/#primaryimage"},"image":{"@id":"https:\/\/www.fileasbl.be\/membres\/actualite-reforme-milac-ne-janvier-2021\/#primaryimage"},"thumbnailUrl":"http:\/\/www.fileasbl.be\/membres\/wp-content\/uploads\/2020\/11\/Site-article-800x200-Reforme-MILAC.jpg","datePublished":"2021-02-11T10:51:22+00:00","dateModified":"2021-02-12T10:15:50+00:00","author":{"@id":"https:\/\/www.fileasbl.be\/membres\/#\/schema\/person\/5954a0c68c3a6f92f805465caa00d25f"},"breadcrumb":{"@id":"https:\/\/www.fileasbl.be\/membres\/actualite-reforme-milac-ne-janvier-2021\/#breadcrumb"},"inLanguage":"fr-FR","potentialAction":[{"@type":"ReadAction","target":["https:\/\/www.fileasbl.be\/membres\/actualite-reforme-milac-ne-janvier-2021\/"]}]},{"@type":"ImageObject","inLanguage":"fr-FR","@id":"https:\/\/www.fileasbl.be\/membres\/actualite-reforme-milac-ne-janvier-2021\/#primaryimage","url":"http:\/\/www.fileasbl.be\/membres\/wp-content\/uploads\/2020\/11\/Site-article-800x200-Reforme-MILAC.jpg","contentUrl":"http:\/\/www.fileasbl.be\/membres\/wp-content\/uploads\/2020\/11\/Site-article-800x200-Reforme-MILAC.jpg"},{"@type":"BreadcrumbList","@id":"https:\/\/www.fileasbl.be\/membres\/actualite-reforme-milac-ne-janvier-2021\/#breadcrumb","itemListElement":[{"@type":"ListItem","position":1,"name":"Accueil","item":"https:\/\/www.fileasbl.be\/membres\/"},{"@type":"ListItem","position":2,"name":"Actualit\u00e9 &#8211; R\u00e9forme MilAc en janvier 2021"}]},{"@type":"WebSite","@id":"https:\/\/www.fileasbl.be\/membres\/#website","url":"https:\/\/www.fileasbl.be\/membres\/","name":"Site de la FILE","description":"FILE Un accueil de qualit\u00e9 accessible \u00e0 tous","potentialAction":[{"@type":"SearchAction","target":{"@type":"EntryPoint","urlTemplate":"https:\/\/www.fileasbl.be\/membres\/?s={search_term_string}"},"query-input":{"@type":"PropertyValueSpecification","valueRequired":true,"valueName":"search_term_string"}}],"inLanguage":"fr-FR"},{"@type":"Person","@id":"https:\/\/www.fileasbl.be\/membres\/#\/schema\/person\/5954a0c68c3a6f92f805465caa00d25f","name":"Contact FILE","url":"https:\/\/www.fileasbl.be\/membres\/author\/contactfile\/"}]}},"builder_content":"<img src=\"http:\/\/www.fileasbl.be\/membres\/wp-content\/uploads\/2020\/11\/Site-article-800x200-Reforme-MILAC.jpg\" title=\"Actualit\u00e9 &#8211; R\u00e9forme MilAc en janvier 2021\" alt=\"Actualit\u00e9 &#8211; R\u00e9forme MilAc en janvier 2021\">\n<p>\u00a0<\/p> <p style=\"text-align: right;\"><strong>Mise \u00e0 jour du 15 f\u00e9vrier 2021<\/strong><\/p> <p>L\u2019ann\u00e9e 2021 d\u00e9marre fort pour la r\u00e9forme MILAC avec de nombreuses informations que nous vous compilons ci-apr\u00e8s\u00a0: :<\/p>\n<h2 style=\"text-align: center;\">Personne de contact<\/h2> <p style=\"text-align: center;\">Isaline De Plaen, assistance juridique<\/p> <p style=\"text-align: center;\">C\u00e9cile Van Honst\u00e9, directrice<\/p> <p style=\"text-align: center;\">contact(at)fileasbl.be<\/p>\n<ul> <li><strong>Outil de simulation Butterfly\u00a0: nouveau report des d\u00e9lais au 31 mars 2021<\/strong><\/li> <\/ul> <p>Pour les milieux d\u2019accueil qui se transforment en cr\u00e8che de niveau 2 ou 3 et qui ont remis leur d\u00e9claration d\u2019intention, vous aurez en principe re\u00e7u la communication ONE du 20 janvier dernier reportant le d\u00e9lai pour la remise du cadastre \u00e0 l\u2019emploi et du contrat-programme (g\u00e9n\u00e9r\u00e9s par l\u2019outil butterfly) au 31 mars 2021.<\/p> <p>Les transformations dans la r\u00e9forme d\u00e9pendent de la remise de la d\u00e9claration d\u2019intention et non de la remise de votre cadastre via l\u2019outil Butterfly. De nombreux pouvoirs organisateurs ont des difficult\u00e9s avec l\u2019utilisation de l\u2019outil. Nous recherchons des solutions alternatives avec l\u2019ONE.<\/p> <p>Vous pouvez nous contacter \u00e0 l\u2019adresse <a href=\"mailto:assistancejuridique@fileasbl.be\">assistancejuridique@fileasbl.be<\/a> pour un accompagnement et pour plus d\u2019informations.\u00a0<\/p> <ul> <li><strong>Milieux d\u2019accueil atypiques, co-accueil et autres chantiers r\u00e9forme<\/strong><\/li> <\/ul> <p>Les chantiers r\u00e9forme mis en place par le cabinet de la Ministre LINARD au cours de l\u2019ann\u00e9e 2020 ont d\u00e9bouch\u00e9 sur l\u2019\u00e9laboration d\u2019un arr\u00eat\u00e9 \u00abajustements\u00a0\u00bb publi\u00e9 en septembre 2020. Sur la page r\u00e9forme de notre site, vous trouverez le texte de cet arr\u00eat\u00e9 ainsi que les textes coordonn\u00e9s (=mis \u00e0 jour) des diff\u00e9rents arr\u00eat\u00e9s r\u00e9forme sur base de ces ajustements.<\/p> <p>Cet arr\u00eat\u00e9 \u00ab\u00a0ajustement\u00a0\u00bb pr\u00e9voit notamment, pour les milieux d\u2019accueil atypiques (ex-FESC, ex-FSE, ex-HA,..) la mise en place d\u2019un comit\u00e9 d\u2019accompagnement pour permettre le passage dans la r\u00e9forme de ces milieux d\u2019accueil. Nous attendons avec impatience la constitution de ce comit\u00e9 au sein de l\u2019ONE dont nous vous tiendrons inform\u00e9s. Pour rappel, les milieux d\u2019accueil atypiques ont jusqu\u2019au 31 d\u00e9cembre 2022 pour se transformer et conservent dans l\u2019intervalle leurs subsides.<\/p> <p>Restent actuellement ouverts\u00a0:<\/p> <ul> <li style=\"list-style-type: none;\"> <ul> <li>Un chantier \"formations et qualifications\" dont l\u2019\u00e9valuation aura lieu sur toute l\u2019ann\u00e9e 2021. Dans l\u2019intervalle tant les anciennes qualifications que les nouvelles qualifications r\u00e9forme restent valables ;<\/li> <li>Un chantier \"co-accueil\" qui est en cours de constitution en collaboration avec la Ministre LINARD, l\u2019ONE et la plate-forme pour les accueillantes salari\u00e9es (dont la FILE). Nous esp\u00e9rons pouvoir rapidement vous en donner des nouvelles.<\/li> <\/ul> <\/li> <\/ul> <ul> <li><strong>Entr\u00e9e en vigueur des dispositions de la r\u00e9forme<\/strong><\/li> <\/ul> <p>Bon nombre d\u2019entre vous nous avaient d\u00e9j\u00e0 relay\u00e9 certaines difficult\u00e9s rencontr\u00e9es pour savoir quelles dispositions de la r\u00e9forme \u00e9taient applicables et \u00e0 partir de quel moment.<\/p> <p>Afin de vous aider, l\u2019ONE a mis en ligne deux tableaux reprenant les dates d\u2019entr\u00e9e en vigueur des diff\u00e9rentes dispositions de la r\u00e9forme\u00a0: un tableau pour les cr\u00e8ches et un tableau pour les SAE et les AEI.<\/p> <p>Vous trouverez ces tableaux <a href=\"https:\/\/www.one.be\/professionnel\/milieux-daccueil\/accueil-en-transition\/dates-dentree-en-vigueur\/\" target=\"_blank\" rel=\"noopener\">en suivant ce lien<\/a>.<\/p> <p>Sont entr\u00e9es en vigueur au 1<sup>er<\/sup> janvier 2021 les dispositions suivantes\u00a0:<\/p> <ul> <li><u>Communication \u00e0 l'ONE d\u2019un num\u00e9ro de t\u00e9l\u00e9phone mobile pour permettre \u00e0 l'ONE d'entrer en contact en cas d'urgence<\/u>: cette communication d\u00e9j\u00e0 recommand\u00e9e en 2020 est \u00e0 pr\u00e9sent devenue obligatoire.<\/li> <li><u>Proc\u00e9dures relatives \u00e0 l\u2019analyse de risque et \u00e0 la gestion de crise<\/u>: \u00e0 ce propos, une brochure est en cours d\u2019\u00e9laboration avec la FILE, via le Fonds MAE pour les milieux d\u2019accueil. N\u2019h\u00e9sitez \u00e9galement pas \u00e0 poser vos questions \u00e9ventuelles \u00e0 notre conseill\u00e8re juridique, Carine Delr\u00e9e (<a href=\"mailto:juriste@fileasbl.be\">juriste(at)fileasbl.be<\/a> \u2013 010 22 52 02)<\/li> <\/ul> <p>\u00a0<\/p> <ul> <li><strong>Nouveaux mod\u00e8les de contrat d\u2019accueil et autres mod\u00e8les ONE<\/strong><\/li> <\/ul> <p>Vous en aviez peut-\u00eatre d\u00e9j\u00e0 \u00e9t\u00e9 inform\u00e9s, vos contrats d\u2019accueil devront \u00eatre adapt\u00e9s aux nouveaux mod\u00e8les ONE <u>pour le 1<sup>er<\/sup> janvier 2022 au plus tard<\/u>. Les nouveaux mod\u00e8les ainsi que leurs modes d\u2019emploi sont d\u00e8s \u00e0 pr\u00e9sent disponibles sur le site de l\u2019ONE. Vous les trouverez <a href=\"https:\/\/www.one.be\/professionnel\/milieux-daccueil\/accueil-en-transition\/nouveaux-modeles-one\/\" target=\"_blank\" rel=\"noopener\">en suivant ce lien<\/a>.<\/p> <p><a href=\"https:\/\/www.one.be\/professionnel\/milieux-daccueil\/accueil-en-transition\/nouveaux-modeles-one\/\" target=\"_blank\" rel=\"noopener\">Sur la m\u00eame page<\/a>, vous trouverez le mod\u00e8le de tableau r\u00e9capitulatif du personnel et de personnes en contact r\u00e9gulier avec les enfants. Seules les accueillantes d\u2019enfants (non salari\u00e9es) remettent ce document au mois de janvier de chaque ann\u00e9e. Pour les milieux d\u2019accueil collectifs et les accueillantes salari\u00e9es, l\u2019encodage se fera directement via pro.one vers la mi-f\u00e9vrier 2021. Vous recevrez au pr\u00e9alable une communication ONE pour y proc\u00e9der.<\/p> <ul> <li><strong>\u00ab\u00a0Donn\u00e9es du cadastre\u00a0\u00bb Butterfly \/\u00a0\u00ab\u00a0mon \u00e9quipe\u00a0\u00bb<\/strong><\/li> <\/ul> <p>Afin de compl\u00e9ter un cadastre non marchand via l\u2019outil pro.one, certains d\u2019entre vous ont \u00e9t\u00e9 invit\u00e9s \u00e0 remplir la phase test du projet \"Mon \u00e9quipe\". La FILE fait partie du comit\u00e9 d\u2019accompagnement de ce projet. Ce projet ambitieux a pour vocation pour les PO de remplir leur cadastre de travailleur via pro.one. De cette mani\u00e8re, les mises \u00e0 jour du personnel, les demandes de subsides et autres seront regroup\u00e9es au m\u00eame endroit. Les donn\u00e9es de l\u2019outil Butterfly devraient y \u00eatre pr\u00e9encod\u00e9es. N\u2019h\u00e9sitez pas \u00e0 faire appel \u00e0 nous pour toute question.\u00a0<\/p>","_links":{"self":[{"href":"https:\/\/www.fileasbl.be\/membres\/wp-json\/wp\/v2\/posts\/19077","targetHints":{"allow":["GET"]}}],"collection":[{"href":"https:\/\/www.fileasbl.be\/membres\/wp-json\/wp\/v2\/posts"}],"about":[{"href":"https:\/\/www.fileasbl.be\/membres\/wp-json\/wp\/v2\/types\/post"}],"author":[{"embeddable":true,"href":"https:\/\/www.fileasbl.be\/membres\/wp-json\/wp\/v2\/users\/2"}],"replies":[{"embeddable":true,"href":"https:\/\/www.fileasbl.be\/membres\/wp-json\/wp\/v2\/comments?post=19077"}],"version-history":[{"count":0,"href":"https:\/\/www.fileasbl.be\/membres\/wp-json\/wp\/v2\/posts\/19077\/revisions"}],"wp:attachment":[{"href":"https:\/\/www.fileasbl.be\/membres\/wp-json\/wp\/v2\/media?parent=19077"}],"wp:term":[{"taxonomy":"category","embeddable":true,"href":"https:\/\/www.fileasbl.be\/membres\/wp-json\/wp\/v2\/categories?post=19077"},{"taxonomy":"post_tag","embeddable":true,"href":"https:\/\/www.fileasbl.be\/membres\/wp-json\/wp\/v2\/tags?post=19077"}],"curies":[{"name":"wp","href":"https:\/\/api.w.org\/{rel}","templated":true}]}}