{"id":19141,"date":"2021-04-08T10:33:00","date_gmt":"2021-04-08T09:33:00","guid":{"rendered":"http:\/\/www.fileasbl.be\/membres\/?p=19141"},"modified":"2024-08-13T15:35:25","modified_gmt":"2024-08-13T14:35:25","slug":"colloque-ouvrir-la-porte-aux-parents-une-evidence-et-un-defi","status":"publish","type":"post","link":"https:\/\/www.fileasbl.be\/membres\/colloque-ouvrir-la-porte-aux-parents-une-evidence-et-un-defi\/","title":{"rendered":"Colloque \u00ab\u00a0Ouvrir la porte aux parents\u00a0: une \u00e9vidence et un d\u00e9fi\u00a0!\u00a0\u00bb 15\/09\/2021 (Sold out)"},"content":{"rendered":"<!--themify_builder_content-->\n<div id=\"themify_builder_content-19141\" data-postid=\"19141\" class=\"themify_builder_content themify_builder_content-19141 themify_builder tf_clear\">\n    \t<!-- module_row -->\n\t<div  data-lazy=\"1\" class=\"module_row themify_builder_row tb_wwip63 tb_first tf_clearfix\">\n\t    \t\t<div class=\"row_inner col_align_top col-count-1 tf_box tf_w tf_rel\">\n\t\t\t<div  data-lazy=\"1\" class=\"module_column tb-column col-full first tb_caob64 tf_box\">\n\t\t\t    \t        <div class=\"tb-column-inner tf_box tf_w\">\n\t\t    <!-- module image -->\n<div  class=\"module module-image tb_afp1943   image-top auto_fullwidth tf_mw\" data-lazy=\"1\">\n        <div class=\"image-wrap tf_rel tf_mw\">\n\t\t    <img decoding=\"async\" src=\"https:\/\/www.fileasbl.be\/membres\/wp-content\/uploads\/2021\/06\/Bandeau-2-800-150.jpg\" title=\"Colloque \u00ab\u00a0Ouvrir la porte aux parents\u00a0: une \u00e9vidence et un d\u00e9fi\u00a0!\u00a0\u00bb 15\/09\/2021 (Sold out)\" alt=\"Colloque \u00ab\u00a0Ouvrir la porte aux parents\u00a0: une \u00e9vidence et un d\u00e9fi\u00a0!\u00a0\u00bb 15\/09\/2021 (Sold out)\">\t\n\t\t<\/div>\n\t<!-- \/image-wrap -->\n    \n    \t<\/div>\n<!-- \/module image -->\t<div  data-lazy=\"1\" class=\"module_subrow themify_builder_sub_row tb_mjx81 tf_w tf_clearfix\">\n\t    \t\t<div class=\"subrow_inner col_align_top col-count-2 tf_box tf_w\">\n\t\t\t<div  style=\"width: 63.8%\" data-lazy=\"1\" class=\"sub_column module_column tf_box col2-1 first tb_zwkn1\"> \n\t    \t    \t        <div class=\"tb-column-inner tf_box tf_w\">\n\t\t    <!-- module text -->\n<div  class=\"module module-text tb_64hi1   \" data-lazy=\"1\">\n        <div  class=\"tb_text_wrap\">\n    <p style=\"text-align: center;\">La FILE vous invite \u00e0 son colloque annuel sur la th\u00e9matique :<br \/><strong>\u00ab\u00a0Ouvrir la porte aux parents\u00a0: une \u00e9vidence et un d\u00e9fi\u00a0!\u00a0\u00bb<\/strong>.<\/p>\n<p>\u00a0 \u00a0 \u00a0 \u00a0 \u00a0 Le partenariat parents-professionnels est primordial pour l\u2019\u00e9panouissement de l\u2019enfant et est n\u00e9cessaire pour d\u00e9velopper des milieux d\u2019accueil accessibles et de qualit\u00e9. \u00a0\u00ab On n\u2019accueille pas un enfant sans accueillir ses parents \u00bb\u2026 Si cette phrase semble une \u00e9vidence, elle n\u2019en reste pas moins un d\u00e9fi ! Les structures d\u2019accueil sont invit\u00e9es \u00e0 laisser entrer les parents, \u00e0 d\u00e9velopper avec eux une relation bienveillante, de confiance et de collaboration. Quels pourraient \u00eatre les leviers ou les freins pour ouvrir la porte aux parents ? Comment accueillir toutes les familles, dans toute leur diversit\u00e9 ? Comment entrer en lien avec elles ? Comment reconna\u00eetre, valoriser et accueillir la diversit\u00e9 des parents, des familles ? Les parents peuvent-ils participer \u00e0 la construction du projet d\u2019accueil ?\u00a0 Comment arriver \u00e0 assurer une continuit\u00e9 pour les enfants ?<br \/><br \/>Nous vous invitons \u00e0 se questionner sur cette th\u00e9matique avec, entre autres, l\u2019expertise de Michel Vandenbroeck, professeur \u00e0 la Facult\u00e9 de psychologie et des sciences de l\u2019\u00e9ducation (Universiteit Gent) photo et de Monique Meyfroet, psychologue bien connue et exp\u00e9riment\u00e9e de notre secteur.<\/p>\n<p>Cette journ\u00e9e dynamique de r\u00e9flexion, de d\u00e9bats, d\u2019\u00e9changes, se veut \u00eatre un pas de plus vers une accessibilit\u00e9 de tous les milieux d\u2019accueil, petite enfance et accueils temps libres, aux familles. Cette ouverture se travaille au sein des \u00e9quipes \u00e9ducatives, par un questionnement sur le sens des pratiques et sur les missions sociales de notre secteur.<\/p>    <\/div>\n<\/div>\n<!-- \/module text --><!-- module text -->\n<div  class=\"module module-text tb_izsf631   \" data-lazy=\"1\">\n        <div  class=\"tb_text_wrap\">\n    <h3><span style=\"color: #003366;\"><strong>Horaire :<\/strong><\/span><\/h3>\n<ul>\n<li>09h00 : Accueil<\/li>\n<li>09h30 : Introduction de la journ\u00e9e par Natacha Verstraeten, Pr\u00e9sidente de la F.I.L.E.<\/li>\n<li>09h40 : Intervention de Laur\u00e8ne Trevisan, conseill\u00e8re p\u00e9dagogique de la F.I.L.E.<\/li>\n<li>10h10 : Intervention de Michel Vandenbroeck \u00ab Ouvrir la porte aux parents \u00bb<\/li>\n<li>10h55 : Pause &#8211; caf\u00e9 (restaurant \u00e0 l\u2019\u00e9tage)<\/li>\n<li>11h25 : Intervention de Monique Meyfroet \u00ab Je t&rsquo;aime, moi non plus \u00bb : la complexit\u00e9 des relations parents\/professionnel(le)s \u00bb<\/li>\n<li>12h10 : Temps pour compl\u00e9ter la fiche \u00ab Questions-r\u00e9ponses \u00bb<\/li>\n<li>12h20 : Pause midi (Repas sandwiches et stands dans la salle multim\u00e9dia)<\/li>\n<li>13h40 : Interm\u00e8de humoristique (David Nobrega)<\/li>\n<li>14h00 : Panel anim\u00e9 par Natacha Verstraeten, avec la participation de Monique Meyfroet, Michel Vandenbroeck, Laurence Marchal (ONE) et du R\u00e9seau Wallon de Lutte contre la pauvret\u00e9<\/li>\n<li>15h30 : Temps pour compl\u00e9ter la fiche \u00ab \u00c9valuation \u00bb<\/li>\n<li>15h40 : Conclusions de la journ\u00e9e par le Cabinet de la Ministre de l\u2019Enfance<\/li>\n<\/ul>\n<p>\u00a0<\/p>    <\/div>\n<\/div>\n<!-- \/module text -->\t        <\/div>\n\t    \t<\/div>\n\t\t<div  style=\"width: 33%\" data-lazy=\"1\" class=\"sub_column module_column tf_box col2-1 last tb_8a592\" > \n\t    \t    \t        <div class=\"tb-column-inner tf_box tf_w\">\n\t\t    <!-- module text -->\n<div  class=\"module module-text tb_1j5o2   \" data-lazy=\"1\">\n        <div  class=\"tb_text_wrap\">\n    <h2 style=\"text-align: center;\"><span style=\"color: #666699;\">Contact \u00e0 la FILE<\/span><\/h2>\n<p>Laur\u00e8ne Trevisan &#8211; Conseill\u00e8re p\u00e9dagogique<\/p>\n<p>contact(at)fileasbl.be &#8211; +32 10 22 52 02<\/p>    <\/div>\n<\/div>\n<!-- \/module text --><!-- module buttons -->\n<div  class=\"module module-buttons tb_30hd2 buttons-horizontal solid  circle buttons-fullwidth\" data-lazy=\"1\">\n    \t<div class=\"module-buttons-item tf_inline_b\">\n\t\t\t\t\t\t\t\t\t\t\t\t<em class=\"tf_inline_b tf_vmiddle\"><svg  aria-hidden=\"true\" class=\"tf_fa tf-ti-pencil\"><use href=\"#tf-ti-pencil\"><\/use><\/svg><\/em>\t\t\t\t\t\t\t\t<span class=\"tf_inline_b tf_vmiddle\">INSCRIPTIONS<\/span>\n\t\t\t\t\t\t\t    \t<\/div>\n\t<\/div>\n<!-- \/module buttons -->\n<!-- module text -->\n<div  class=\"module module-text tb_4wsg831   \" data-lazy=\"1\">\n        <div  class=\"tb_text_wrap\">\n    <p style=\"text-align: center;\"><em><strong>Sold out<\/strong><\/em><\/p>    <\/div>\n<\/div>\n<!-- \/module text --><!-- module image -->\n<div  class=\"module module-image tb_1gcx564   image-top auto_fullwidth tf_mw\" data-lazy=\"1\">\n        <div class=\"image-wrap tf_rel tf_mw\">\n\t\t    <img decoding=\"async\" src=\"http:\/\/www.fileasbl.be\/membres\/wp-content\/uploads\/2021\/02\/Affiche-2021-01-A4-vertical.jpg\" title=\"Colloque \u00ab\u00a0Ouvrir la porte aux parents\u00a0: une \u00e9vidence et un d\u00e9fi\u00a0!\u00a0\u00bb 15\/09\/2021 (Sold out)\" alt=\"Colloque \u00ab\u00a0Ouvrir la porte aux parents\u00a0: une \u00e9vidence et un d\u00e9fi\u00a0!\u00a0\u00bb 15\/09\/2021 (Sold out)\">\t\n\t\t<\/div>\n\t<!-- \/image-wrap -->\n    \n    \t<\/div>\n<!-- \/module image -->\t        <\/div>\n\t    \t<\/div>\n\t\t    <\/div>\n\t<\/div><!-- \/themify_builder_sub_row -->\n\t<!-- module text -->\n<div  class=\"module module-text tb_tsx2469   \" data-lazy=\"1\">\n        <div  class=\"tb_text_wrap\">\n    <h3><span style=\"color: #003366;\"><strong>Public cible :<\/strong><\/span><\/h3>\n<hr \/>\n<ul>\n<li style=\"list-style-type: none;\">Ce colloque s\u2019adresse aux professionnels des secteurs de l\u2019accueil de l\u2019enfance (pu\u00e9ricultrices, responsables, coordinateurs p\u00e9dagogiques, animateurs extrascolaires\u2026), aux formateurs et enseignants, aux responsables politiques ayant en charge l\u2019enfance, aux parents et \u00e0 tous ceux qui s\u2019int\u00e9ressent \u00e0 l\u2019enfant dans toute sa diversit\u00e9.<\/li>\n<\/ul>    <\/div>\n<\/div>\n<!-- \/module text --><!-- module text -->\n<div  class=\"module module-text tb_5hyc731   \" data-lazy=\"1\">\n        <div  class=\"tb_text_wrap\">\n    <h3><span style=\"color: #003366;\"><strong>En pratique :<\/strong><\/span><\/h3>\n<hr \/>\n<ul>\n<li style=\"list-style-type: none;\">1 journ\u00e9e de colloque avec accueil caf\u00e9, pause et lunch.\u00a0<\/li>\n<\/ul>\n<p>\u00a0 \u00a0 \u00a0 \u00a0 \u00a0 Cette journ\u00e9e de colloque est reconnue par l&rsquo;ONE comme journ\u00e9e de formation pour les professionnels de la petite enfance et de l&rsquo;ATL !<\/p>\n<h3 style=\"padding-left: 40px;\"><strong>Calendrier :<\/strong><\/h3>\n<ul>\n<li style=\"list-style-type: none;\">\n<ul>\n<li>Date : 15 septembre 2021<\/li>\n<li>Horaire : de 9h00 \u00e0 16h00 (d\u00e9tail ci-dessus prochainement)<\/li>\n<\/ul>\n<\/li>\n<\/ul>\n<h3 style=\"padding-left: 40px;\"><strong>Lieu :<\/strong><\/h3>\n<ul>\n<li style=\"list-style-type: none;\">\n<ul>\n<li>Adresse : <strong><strong><strong>Centre Culturel Marcel Hicter &#8211; La Marlagne<\/strong><br \/><\/strong><\/strong>Chemin des marronniers, 26<br \/>5100 WEPION<br \/>+32 81\/559 570 &#8211; <a href=\"https:\/\/lamarlagne.cfwb.be\/contact\/acces\/\" target=\"_blank\" rel=\"noopener\">Acc\u00e8s au Centre<\/a><\/li>\n<\/ul>\n<\/li>\n<\/ul>\n<h3 style=\"padding-left: 40px;\"><strong>Prix :<\/strong><\/h3>\n<p style=\"padding-left: 40px;\">Frais (comprenant aussi le lunch et les boissons)<\/p>\n<ul>\n<li style=\"list-style-type: none;\">\n<ul>\n<li>Membres de la FILE : 35\u20ac<\/li>\n<li>Non membres de la FILE : 45\u20ac<\/li>\n<\/ul>\n<\/li>\n<\/ul>\n<p style=\"padding-left: 40px;\">Ce prix comprend donc la journ\u00e9e de colloque, le lunch et boissons, les pauses ainsi que les supports \/ documentation.<\/p>\n<p style=\"padding-left: 40px;\">Les frais d\u2019inscription sont \u00e0 payer sur le compte de la FILE <strong><em><span style=\"color: red;\">\u00e0 la r\u00e9ception de votre facture<\/span><\/em><\/strong>. L\u2019inscription est d\u00e9finitive une fois le paiement effectu\u00e9. Nous vous conseillons d\u2019effectuer le paiement au plus vite pour garantir votre place \u00e0 ce colloque.<\/p>\n<p><em><strong><span style=\"color: red;\">Attention, pour les inscriptions n\u00e9cessitant un accord du PO (ville, commune&#8230; ) merci d&rsquo;attendre cet accord avant de confirmer votre enregistrement.<\/span><\/strong><\/em><\/p>\n<h3>\u00a0<\/h3>\n<h3><span style=\"color: #003366;\"><strong>Remboursement des frais d\u2019inscription :<\/strong><\/span><\/h3>\n<hr \/>\n<p>\u00a0\u00bb Si vous relevez de la commission paritaire 332 et que plusieurs membres de votre \u00e9quipe participent au colloque, le Fonds social peut vous rembourser les frais d\u2019inscriptions <a href=\"https:\/\/www.apefasbl.org\/les-fonds-de-formation\/mae-milieux-daccueil-denfants\" target=\"_blank\" rel=\"noopener\">sous certaines conditions<\/a> \u00ab\u00a0<\/p>    <\/div>\n<\/div>\n<!-- \/module text --><!-- module text -->\n<div  class=\"module module-text tb_0yqz579   \" data-lazy=\"1\">\n        <div  class=\"tb_text_wrap\">\n    <h3><span style=\"color: #003366;\"><strong>Nos intervenants :<\/strong><\/span><\/h3>\n<hr \/>\n<p>\u00a0<\/p>    <\/div>\n<\/div>\n<!-- \/module text -->\t<div  data-lazy=\"1\" class=\"module_subrow themify_builder_sub_row tb_ckxs278 tf_w tf_clearfix\">\n\t    \t\t<div class=\"subrow_inner col_align_top col-count-2 tf_box tf_w\">\n\t\t\t<div  style=\"width: 71.8%\" data-lazy=\"1\" class=\"sub_column module_column tf_box col2-1 first tb_al27279\"> \n\t    \t    \t        <div class=\"tb-column-inner tf_box tf_w\">\n\t\t    <!-- module text -->\n<div  class=\"module module-text tb_atvm615   \" data-lazy=\"1\">\n        <div  class=\"tb_text_wrap\">\n    <h4><span style=\"color: #008080;\">Michel Vandenbroeck<\/span><\/h4>\n<p>\u00a0<\/p>\n<p style=\"padding-left: 40px;\">Michel Vandenbroeck est professeur en p\u00e9dagogie de la famille et responsable du d\u00e9partement du travail social et de la p\u00e9dagogie sociale \u00e0 l\u2019Universit\u00e9 de Gand. Il est \u00e9galement pr\u00e9sident du VBJK \u2013 Centre d\u2019innovation dans la petite enfance. Ses recherches portent sur les milieux d\u2019accueil de la petite enfance et sur les politiques de la famille. Il a \u00e9t\u00e9 co-responsible de la recherche MeMoQ sur la qualit\u00e9 des milieux d\u2019accueil en Flandre et a r\u00e9cemment supervis\u00e9 deux \u00e9tudes doctorales sur la place des parents. En outre, il a men\u00e9 des recherches sur les lieux d\u2019accueil parents enfants en Flandres, et en collaboration avec des coll\u00e8gues de France, d\u2019Italie et du Japon. Michel Vandenbroeck est membre du conseil de Agentschap Opgroeien (pr\u00e9c\u00e9demment Kind en Gezin).<\/p>    <\/div>\n<\/div>\n<!-- \/module text -->\t        <\/div>\n\t    \t<\/div>\n\t\t<div  style=\"width: 25%\" data-lazy=\"1\" class=\"sub_column module_column tf_box col2-1 last tb_ho2k279\"> \n\t    \t    \t        <div class=\"tb-column-inner tf_box tf_w\">\n\t\t    <!-- module image -->\n<div  class=\"module module-image tb_d4l1639 rounded drop-shadow bordered  image-top tf_mw\" data-lazy=\"1\">\n        <div class=\"image-wrap tf_rel tf_mw\">\n\t\t    <img loading=\"lazy\" decoding=\"async\" src=\"http:\/\/www.fileasbl.be\/membres\/wp-content\/uploads\/2021\/02\/MVandenbroek-scaled.jpeg\" width=\"2560\" height=\"1920\" title=\"Colloque \u00ab\u00a0Ouvrir la porte aux parents\u00a0: une \u00e9vidence et un d\u00e9fi\u00a0!\u00a0\u00bb 15\/09\/2021 (Sold out)\" alt=\"Colloque \u00ab\u00a0Ouvrir la porte aux parents\u00a0: une \u00e9vidence et un d\u00e9fi\u00a0!\u00a0\u00bb 15\/09\/2021 (Sold out)\">\t\n\t\t<\/div>\n\t<!-- \/image-wrap -->\n    \n    \t<\/div>\n<!-- \/module image -->\t        <\/div>\n\t    \t<\/div>\n\t\t    <\/div>\n\t<\/div><!-- \/themify_builder_sub_row -->\n\t\t<div  data-lazy=\"1\" class=\"module_subrow themify_builder_sub_row tb_tgk9909 tf_w tf_clearfix\">\n\t    \t\t<div class=\"subrow_inner col_align_top col-count-2 tf_box tf_w\">\n\t\t\t<div  style=\"width: 25%\" data-lazy=\"1\" class=\"sub_column module_column tf_box col2-1 first tb_q4cm909\"> \n\t    \t    \t        <div class=\"tb-column-inner tf_box tf_w\">\n\t\t    <!-- module image -->\n<div  class=\"module module-image tb_c3m9910 rounded drop-shadow bordered  image-top tf_mw\" data-lazy=\"1\">\n        <div class=\"image-wrap tf_rel tf_mw\">\n\t\t    <img loading=\"lazy\" decoding=\"async\" src=\"http:\/\/www.fileasbl.be\/membres\/wp-content\/uploads\/2021\/02\/MMeyfroet.png\" width=\"1461\" height=\"1097\" title=\"Colloque \u00ab\u00a0Ouvrir la porte aux parents\u00a0: une \u00e9vidence et un d\u00e9fi\u00a0!\u00a0\u00bb 15\/09\/2021 (Sold out)\" alt=\"Colloque \u00ab\u00a0Ouvrir la porte aux parents\u00a0: une \u00e9vidence et un d\u00e9fi\u00a0!\u00a0\u00bb 15\/09\/2021 (Sold out)\">\t\n\t\t<\/div>\n\t<!-- \/image-wrap -->\n    \n    \t<\/div>\n<!-- \/module image -->\t        <\/div>\n\t    \t<\/div>\n\t\t<div  style=\"width: 71.8%\" data-lazy=\"1\" class=\"sub_column module_column tf_box col2-1 last tb_g9z3910\"> \n\t    \t    \t        <div class=\"tb-column-inner tf_box tf_w\">\n\t\t    <!-- module text -->\n<div  class=\"module module-text tb_rroi910   \" data-lazy=\"1\">\n        <div  class=\"tb_text_wrap\">\n    <h4><span style=\"color: #008080;\">Monique Meyfroet<\/span><\/h4>\n<p>Monique Meyfroet est psychologue clinicienne dipl\u00f4m\u00e9e de l\u2019ULB et bien connue de notre secteur.<\/p>\n<p>Sa carri\u00e8re professionnelle comporte 2 volets: \u00a0<\/p>\n<ul>\n<li>L\u2019un purement clinique au centre de sant\u00e9 mentale l\u2019Et\u00e9 \u00e0 Anderlecht\u00a0<\/li>\n<li>L\u2019autre est un travail de formation continu\u00e9e pour le personnel des cr\u00e8ches, pr\u00e9gardenniats, pouponni\u00e8res\u2026 \u00e0 la <a href=\"https:\/\/ccf.brussels\/\" target=\"_blank\" rel=\"noopener\">Cocof<\/a>\u00a0et puis au\u00a0<a href=\"https:\/\/www.fraje.be\/\" target=\"_blank\" rel=\"noopener\">FRAJE.<\/a><\/li>\n<\/ul>\n<p>Retrait\u00e9e, elle poursuit un travail de formation et de supervision pour les professionnels de la petite enfance et les institutions de l\u2019aide \u00e0 la jeunesse.<\/p>\n<p style=\"padding-left: 40px;\">\u00a0<\/p>    <\/div>\n<\/div>\n<!-- \/module text -->\t        <\/div>\n\t    \t<\/div>\n\t\t    <\/div>\n\t<\/div><!-- \/themify_builder_sub_row -->\n\t<!-- module box -->\n<div  class=\"module module-box tb_c30k534 \" data-lazy=\"1\">\n        <div class=\"module-box-content ui  tb_default_color \">\n\t\t\t\t<div class=\"tb_text_wrap\"><h3><span style=\"color: #003366;\"><strong>Retrouvez ci-dessous les PPT des intervenants et la synth\u00e8se de la journ\u00e9e : <\/strong><\/span><\/h3>\n<hr \/>\n<p><a href=\"https:\/\/www.fileasbl.be\/membres\/wp-content\/uploads\/2021\/04\/PPT-Laurene-Trevisan-Colloque-FILE-15.09.21.pdf\">PPT Laur\u00e8ne Trevisan Colloque FILE 15.09.21<\/a><\/p>\n<p><a href=\"https:\/\/www.fileasbl.be\/membres\/wp-content\/uploads\/2021\/04\/M.-Vandenbroeck-Colloque-FILE-15.09.21.pdf\">M. Vandenbroeck Colloque FILE 15.09.21<\/a><\/p>\n<p><a href=\"https:\/\/www.fileasbl.be\/membres\/wp-content\/uploads\/2021\/11\/Synthese-colloque-FILE-15.09.21-.pdf\">Synth\u00e8se colloque FILE 15.09.21<\/a><\/p>\n<p><a href=\"https:\/\/www.fileasbl.be\/membres\/colloque-ouvrir-la-porte-aux-parents-une-evidence-et-un-defi-2\/\" target=\"_blank\" rel=\"noopener\"><img loading=\"lazy\" decoding=\"async\" class=\"alignnone size-medium wp-image-23376\" src=\"https:\/\/www.fileasbl.be\/membres\/wp-content\/uploads\/2021\/11\/Copie-de-Colloque-Ouvrir-la-porte-aux-parents-une-evidence-et-un-defi-300x75.gif\" alt=\"\" width=\"300\" height=\"75\" srcset=\"https:\/\/www.fileasbl.be\/membres\/wp-content\/uploads\/2021\/11\/Copie-de-Colloque-Ouvrir-la-porte-aux-parents-une-evidence-et-un-defi-300x75.gif 300w, https:\/\/www.fileasbl.be\/membres\/wp-content\/uploads\/2021\/11\/Copie-de-Colloque-Ouvrir-la-porte-aux-parents-une-evidence-et-un-defi-1024x256.gif 1024w, https:\/\/www.fileasbl.be\/membres\/wp-content\/uploads\/2021\/11\/Copie-de-Colloque-Ouvrir-la-porte-aux-parents-une-evidence-et-un-defi-768x192.gif 768w, https:\/\/www.fileasbl.be\/membres\/wp-content\/uploads\/2021\/11\/Copie-de-Colloque-Ouvrir-la-porte-aux-parents-une-evidence-et-un-defi-1536x384.gif 1536w, https:\/\/www.fileasbl.be\/membres\/wp-content\/uploads\/2021\/11\/Copie-de-Colloque-Ouvrir-la-porte-aux-parents-une-evidence-et-un-defi-400x100.gif 400w, https:\/\/www.fileasbl.be\/membres\/wp-content\/uploads\/2021\/11\/Copie-de-Colloque-Ouvrir-la-porte-aux-parents-une-evidence-et-un-defi-1024x256-700x175.gif 700w\" sizes=\"auto, (max-width: 300px) 100vw, 300px\" \/><\/a><\/p><\/div>\n    <\/div>\n<\/div>\n<!-- \/module box -->\n<!-- module buttons -->\n<div  class=\"module module-buttons tb_6mym72 buttons-horizontal solid  hide-desktop hide-tablet hide-tablet_landscape hide-mobile circle buttons-fullwidth\" data-lazy=\"1\">\n    \t<div class=\"module-buttons-item tf_inline_b\">\n\t\t\t\t\t\t\t\t\t\t\t\t<em class=\"tf_inline_b tf_vmiddle\"><svg  aria-hidden=\"true\" class=\"tf_fa tf-ti-pencil\"><use href=\"#tf-ti-pencil\"><\/use><\/svg><\/em>\t\t\t\t\t\t\t\t<span class=\"tf_inline_b tf_vmiddle\">INSCRIPTIONS<\/span>\n\t\t\t\t\t\t\t    \t<\/div>\n\t<\/div>\n<!-- \/module buttons -->\n<!-- module text -->\n<div  class=\"module module-text tb_uc2c442    hide-desktop hide-tablet hide-tablet_landscape hide-mobile\" data-lazy=\"1\">\n        <div  class=\"tb_text_wrap\">\n    <div class=\"wpforms-container wpforms-container-full\" id=\"wpforms-21253\"><form id=\"wpforms-form-21253\" class=\"wpforms-validate wpforms-form\" data-formid=\"21253\" method=\"post\" enctype=\"multipart\/form-data\" action=\"\/membres\/wp-json\/wp\/v2\/posts\/19141\" data-token=\"b49da10f40d8d00e3a19d75ce327aec0\" data-token-time=\"1777500136\"><noscript class=\"wpforms-error-noscript\">Veuillez activer JavaScript dans votre navigateur pour remplir ce formulaire.<\/noscript><div class=\"wpforms-field-container\"><div id=\"wpforms-21253-field_1-container\" class=\"wpforms-field wpforms-field-email\" data-field-id=\"1\"><label class=\"wpforms-field-label\" for=\"wpforms-21253-field_1\">E-mail <span class=\"wpforms-required-label\">*<\/span><\/label><input type=\"email\" id=\"wpforms-21253-field_1\" class=\"wpforms-field-medium wpforms-field-required\" name=\"wpforms[fields][1]\" spellcheck=\"false\" required><div class=\"wpforms-field-description\">Adresse mail du demandeur<\/div><\/div><div id=\"wpforms-21253-field_0-container\" class=\"wpforms-field wpforms-field-name\" data-field-id=\"0\"><label class=\"wpforms-field-label\">Pr\u00e9nom &amp; Nom <span class=\"wpforms-required-label\">*<\/span><\/label><div class=\"wpforms-field-row wpforms-field-medium\"><div class=\"wpforms-field-row-block wpforms-first wpforms-one-half\"><input type=\"text\" id=\"wpforms-21253-field_0\" class=\"wpforms-field-name-first wpforms-field-required\" name=\"wpforms[fields][0][first]\" required><label for=\"wpforms-21253-field_0\" class=\"wpforms-field-sublabel after\">Pr\u00e9nom<\/label><\/div><div class=\"wpforms-field-row-block wpforms-one-half\"><input type=\"text\" id=\"wpforms-21253-field_0-last\" class=\"wpforms-field-name-last wpforms-field-required\" name=\"wpforms[fields][0][last]\" required><label for=\"wpforms-21253-field_0-last\" class=\"wpforms-field-sublabel after\">Nom<\/label><\/div><\/div><div class=\"wpforms-field-description\">Identit\u00e9 du demandeur<\/div><\/div><div id=\"wpforms-21253-field_10-container\" class=\"wpforms-field wpforms-field-text\" data-field-id=\"10\"><label class=\"wpforms-field-label\" for=\"wpforms-21253-field_10\">Num. de t\u00e9l\u00e9phone de contact<\/label><input type=\"text\" id=\"wpforms-21253-field_10\" class=\"wpforms-field-medium\" name=\"wpforms[fields][10]\" ><div class=\"wpforms-field-description\">En cas de soucis \u00e0 propos de votre inscription.<\/div><\/div><div id=\"wpforms-21253-field_5-container\" class=\"wpforms-field wpforms-field-text\" data-field-id=\"5\"><label class=\"wpforms-field-label\" for=\"wpforms-21253-field_5\">Institution \/ Nom (intitul\u00e9 de facturation) <span class=\"wpforms-required-label\">*<\/span><\/label><input type=\"text\" id=\"wpforms-21253-field_5\" class=\"wpforms-field-medium wpforms-field-required\" name=\"wpforms[fields][5]\" required><\/div><div id=\"wpforms-21253-field_7-container\" class=\"wpforms-field wpforms-field-select wpforms-field-select-style-classic\" data-field-id=\"7\"><label class=\"wpforms-field-label\" for=\"wpforms-21253-field_7\">Membre de la F.I.L.E. <span class=\"wpforms-required-label\">*<\/span><\/label><select id=\"wpforms-21253-field_7\" class=\"wpforms-field-medium wpforms-field-required\" name=\"wpforms[fields][7]\" required=\"required\"><option value=\"Membre F.I.L.E. (35\u20ac)\"  class=\"choice-1 depth-1\"  >Membre F.I.L.E. (35\u20ac)<\/option><option value=\"Pas (encore) membre F.I.L.E. (45\u20ac)\"  class=\"choice-2 depth-1\"  >Pas (encore) membre F.I.L.E. (45\u20ac)<\/option><\/select><div class=\"wpforms-field-description\">Ce prix comprend donc la journ\u00e9e de colloque, le lunch et boissons, les pauses ainsi que les supports \/ documentation<\/div><\/div><div id=\"wpforms-21253-field_9-container\" class=\"wpforms-field wpforms-field-text\" data-field-id=\"9\"><label class=\"wpforms-field-label\" for=\"wpforms-21253-field_9\">Rue et num\u00e9ro (adresse de facturation) <span class=\"wpforms-required-label\">*<\/span><\/label><input type=\"text\" id=\"wpforms-21253-field_9\" class=\"wpforms-field-medium wpforms-field-required\" name=\"wpforms[fields][9]\" required><\/div><div id=\"wpforms-21253-field_6-container\" class=\"wpforms-field wpforms-field-text\" data-field-id=\"6\"><label class=\"wpforms-field-label\" for=\"wpforms-21253-field_6\">Code postal &amp; Commune (adresse de facturation) <span class=\"wpforms-required-label\">*<\/span><\/label><input type=\"text\" id=\"wpforms-21253-field_6\" class=\"wpforms-field-medium wpforms-field-required\" name=\"wpforms[fields][6]\" required><\/div><div id=\"wpforms-21253-field_8-container\" class=\"wpforms-field wpforms-field-number\" data-field-id=\"8\"><label class=\"wpforms-field-label\" for=\"wpforms-21253-field_8\">Nombre d&#039;inscription(s) demand\u00e9e(s) <span class=\"wpforms-required-label\">*<\/span><\/label><input type=\"number\" id=\"wpforms-21253-field_8\" class=\"wpforms-field-small wpforms-field-required\" name=\"wpforms[fields][8]\" value=\"1\" step=\"any\" required><div class=\"wpforms-field-description\">Nous nous basons sur cette information pour votre facture (x 35\u20ac ou 45\u20ac en fonction de votre statut de membre de la F.I.L.E.)\r\nLe nom des participant(e)s n'est pas demand\u00e9. Seul le nombre total d'inscription est important.<\/div><\/div><div id=\"wpforms-21253-field_4-container\" class=\"wpforms-field wpforms-field-checkbox\" data-field-id=\"4\"><label class=\"wpforms-field-label\">Case \u00e0 cocher pour confirmer votre r\u00e9servation : <span class=\"wpforms-required-label\">*<\/span><\/label><ul id=\"wpforms-21253-field_4\" class=\"wpforms-field-required\"><li class=\"choice-1 depth-1\"><input type=\"checkbox\" id=\"wpforms-21253-field_4_1\" name=\"wpforms[fields][4][]\" value=\"Je confirme ma demande d&#039;inscription(s) au colloque de la F.I.L.E. du 15.09.2021\" required ><label class=\"wpforms-field-label-inline\" for=\"wpforms-21253-field_4_1\">Je confirme ma demande d'inscription(s) au colloque de la F.I.L.E. du 15.09.2021<\/label><\/li><\/ul><\/div><\/div><!-- .wpforms-field-container --><div class=\"wpforms-submit-container\" ><input type=\"hidden\" name=\"wpforms[id]\" value=\"21253\"><input type=\"hidden\" name=\"page_title\" value=\"\"><input type=\"hidden\" name=\"page_url\" value=\"https:\/\/www.fileasbl.be\/membres\/wp-json\/wp\/v2\/posts\/19141\"><input type=\"hidden\" name=\"url_referer\" value=\"\"><button type=\"submit\" name=\"wpforms[submit]\" id=\"wpforms-submit-21253\" class=\"wpforms-submit\" data-alt-text=\"Envoi en cours...\" data-submit-text=\"Envoyer\" aria-live=\"assertive\" value=\"wpforms-submit\">Envoyer<\/button><\/div><\/form><\/div>  <!-- .wpforms-container -->    <\/div>\n<\/div>\n<!-- \/module text -->\t<div  data-lazy=\"1\" class=\"module_subrow themify_builder_sub_row tb_uf4l794 tf_w tf_clearfix\">\n\t    \t\t<div class=\"subrow_inner col_align_top col-count-1 tf_box tf_w\">\n\t\t\t<div  data-lazy=\"1\" class=\"sub_column module_column tf_box col-full first tb_lsml795\"> \n\t    \t    \t        <div class=\"tb-column-inner tf_box tf_w\">\n\t\t    <!-- module gallery -->\n<div  class=\"module gallery module-gallery tb_npun801 layout-grid  \" data-lazy=\"1\">\n    <div class=\"module-gallery-grid gallery-columns-4 tf_clear\">\n\t\t\t<dl class=\"gallery-item\">\n\t\t\t<dt class=\"gallery-icon\">\n\t\t\t<a data-title=\"\" title=\"\" href=\"https:\/\/www.fileasbl.be\/membres\/wp-content\/uploads\/2021\/04\/20210915_091059-scaled.jpg\" data-rel=\"tb_npun801\" class=\"themify_lightbox\"><img loading=\"lazy\" decoding=\"async\" src=\"https:\/\/www.fileasbl.be\/membres\/wp-content\/uploads\/2021\/04\/20210915_091059-1024x768-300x200.jpg\" width=\"300\" height=\"200\" class=\"wp-post-image wp-image-22421\" title=\"20210915_091059\" alt=\"20210915_091059\"><\/a>\t\t\t<\/dt>\n\t\t\t<dd>\n\t\t\t\t\t\t\t\t\t\t\t<\/dd>\n\t\t<\/dl>\n\t\t\t<dl class=\"gallery-item\">\n\t\t\t<dt class=\"gallery-icon\">\n\t\t\t<a data-title=\"\" title=\"\" href=\"https:\/\/www.fileasbl.be\/membres\/wp-content\/uploads\/2021\/04\/20210915_0924041-scaled.jpg\" data-rel=\"tb_npun801\" class=\"themify_lightbox\"><img loading=\"lazy\" decoding=\"async\" src=\"https:\/\/www.fileasbl.be\/membres\/wp-content\/uploads\/2021\/04\/20210915_0924041-1024x768-300x200.jpg\" width=\"300\" height=\"200\" class=\"wp-post-image wp-image-22484\" title=\"20210915_092404[1]\" alt=\"20210915_092404[1]\"><\/a>\t\t\t<\/dt>\n\t\t\t<dd>\n\t\t\t\t\t\t\t\t\t\t\t<\/dd>\n\t\t<\/dl>\n\t\t\t<dl class=\"gallery-item\">\n\t\t\t<dt class=\"gallery-icon\">\n\t\t\t<a data-title=\"\" title=\"\" href=\"https:\/\/www.fileasbl.be\/membres\/wp-content\/uploads\/2021\/04\/20210915_113358-scaled.jpg\" data-rel=\"tb_npun801\" class=\"themify_lightbox\"><img loading=\"lazy\" decoding=\"async\" src=\"https:\/\/www.fileasbl.be\/membres\/wp-content\/uploads\/2021\/04\/20210915_113358-1024x768-300x200.jpg\" width=\"300\" height=\"200\" class=\"wp-post-image wp-image-22426\" title=\"20210915_113358\" alt=\"20210915_113358\"><\/a>\t\t\t<\/dt>\n\t\t\t<dd>\n\t\t\t\t\t\t\t\t\t\t\t<\/dd>\n\t\t<\/dl>\n\t\t\t<dl class=\"gallery-item\">\n\t\t\t<dt class=\"gallery-icon\">\n\t\t\t<a data-title=\"\" title=\"\" href=\"https:\/\/www.fileasbl.be\/membres\/wp-content\/uploads\/2021\/04\/20210915_091836-scaled.jpg\" data-rel=\"tb_npun801\" class=\"themify_lightbox\"><img loading=\"lazy\" decoding=\"async\" src=\"https:\/\/www.fileasbl.be\/membres\/wp-content\/uploads\/2021\/04\/20210915_091836-1024x768-300x200.jpg\" width=\"300\" height=\"200\" class=\"wp-post-image wp-image-22422\" title=\"20210915_091836\" alt=\"20210915_091836\" srcset=\"https:\/\/www.fileasbl.be\/membres\/wp-content\/uploads\/2021\/04\/20210915_091836-1024x768-300x200.jpg 300w, https:\/\/www.fileasbl.be\/membres\/wp-content\/uploads\/2021\/04\/20210915_091836-1024x768-600x400.jpg 600w\" sizes=\"auto, (max-width: 300px) 100vw, 300px\" \/><\/a>\t\t\t<\/dt>\n\t\t\t<dd>\n\t\t\t\t\t\t\t\t\t\t\t<\/dd>\n\t\t<\/dl>\n\t\t\t<dl class=\"gallery-item\">\n\t\t\t<dt class=\"gallery-icon\">\n\t\t\t<a data-title=\"\" title=\"\" href=\"https:\/\/www.fileasbl.be\/membres\/wp-content\/uploads\/2021\/04\/20210915_0908551-scaled.jpg\" data-rel=\"tb_npun801\" class=\"themify_lightbox\"><img loading=\"lazy\" decoding=\"async\" src=\"https:\/\/www.fileasbl.be\/membres\/wp-content\/uploads\/2021\/04\/20210915_0908551-1024x768-300x200.jpg\" width=\"300\" height=\"200\" class=\"wp-post-image wp-image-22459\" title=\"20210915_090855[1]\" alt=\"20210915_090855[1]\"><\/a>\t\t\t<\/dt>\n\t\t\t<dd>\n\t\t\t\t\t\t\t\t\t\t\t<\/dd>\n\t\t<\/dl>\n\t\t\t<dl class=\"gallery-item\">\n\t\t\t<dt class=\"gallery-icon\">\n\t\t\t<a data-title=\"\" title=\"\" href=\"https:\/\/www.fileasbl.be\/membres\/wp-content\/uploads\/2021\/04\/20210915_0858021-scaled.jpg\" data-rel=\"tb_npun801\" class=\"themify_lightbox\"><img loading=\"lazy\" decoding=\"async\" src=\"https:\/\/www.fileasbl.be\/membres\/wp-content\/uploads\/2021\/04\/20210915_0858021-1024x768-300x200.jpg\" width=\"300\" height=\"200\" class=\"wp-post-image wp-image-22457\" title=\"20210915_085802[1]\" alt=\"20210915_085802[1]\"><\/a>\t\t\t<\/dt>\n\t\t\t<dd>\n\t\t\t\t\t\t\t\t\t\t\t<\/dd>\n\t\t<\/dl>\n\t\t\t<dl class=\"gallery-item\">\n\t\t\t<dt class=\"gallery-icon\">\n\t\t\t<a data-title=\"\" title=\"\" href=\"https:\/\/www.fileasbl.be\/membres\/wp-content\/uploads\/2021\/04\/20210915_1316091-scaled.jpg\" data-rel=\"tb_npun801\" class=\"themify_lightbox\"><img loading=\"lazy\" decoding=\"async\" src=\"https:\/\/www.fileasbl.be\/membres\/wp-content\/uploads\/2021\/04\/20210915_1316091-1024x768-300x200.jpg\" width=\"300\" height=\"200\" class=\"wp-post-image wp-image-22482\" title=\"20210915_131609[1]\" alt=\"20210915_131609[1]\"><\/a>\t\t\t<\/dt>\n\t\t\t<dd>\n\t\t\t\t\t\t\t\t\t\t\t<\/dd>\n\t\t<\/dl>\n\t\t\t<dl class=\"gallery-item\">\n\t\t\t<dt class=\"gallery-icon\">\n\t\t\t<a data-title=\"\" title=\"\" href=\"https:\/\/www.fileasbl.be\/membres\/wp-content\/uploads\/2021\/04\/20210915_0915481.jpg\" data-rel=\"tb_npun801\" class=\"themify_lightbox\"><img loading=\"lazy\" decoding=\"async\" src=\"https:\/\/www.fileasbl.be\/membres\/wp-content\/uploads\/2021\/04\/20210915_0915481-1024x727-300x200.jpg\" width=\"300\" height=\"200\" class=\"wp-post-image wp-image-22455\" title=\"20210915_091548[1]\" alt=\"20210915_091548[1]\"><\/a>\t\t\t<\/dt>\n\t\t\t<dd>\n\t\t\t\t\t\t\t\t\t\t\t<\/dd>\n\t\t<\/dl>\n\t\t\t<dl class=\"gallery-item\">\n\t\t\t<dt class=\"gallery-icon\">\n\t\t\t<a data-title=\"\" title=\"\" href=\"https:\/\/www.fileasbl.be\/membres\/wp-content\/uploads\/2021\/04\/20210915_100634-scaled.jpg\" data-rel=\"tb_npun801\" class=\"themify_lightbox\"><img loading=\"lazy\" decoding=\"async\" src=\"https:\/\/www.fileasbl.be\/membres\/wp-content\/uploads\/2021\/04\/20210915_100634-1024x768-300x200.jpg\" width=\"300\" height=\"200\" class=\"wp-post-image wp-image-22448\" title=\"20210915_100634\" alt=\"20210915_100634\"><\/a>\t\t\t<\/dt>\n\t\t\t<dd>\n\t\t\t\t\t\t\t\t\t\t\t<\/dd>\n\t\t<\/dl>\n\t\t\t<dl class=\"gallery-item\">\n\t\t\t<dt class=\"gallery-icon\">\n\t\t\t<a data-title=\"\" title=\"\" href=\"https:\/\/www.fileasbl.be\/membres\/wp-content\/uploads\/2021\/04\/20210915_140904-scaled.jpg\" data-rel=\"tb_npun801\" class=\"themify_lightbox\"><img loading=\"lazy\" decoding=\"async\" src=\"https:\/\/www.fileasbl.be\/membres\/wp-content\/uploads\/2021\/04\/20210915_140904-1024x768-300x200.jpg\" width=\"300\" height=\"200\" class=\"wp-post-image wp-image-22437\" title=\"20210915_140904\" alt=\"20210915_140904\"><\/a>\t\t\t<\/dt>\n\t\t\t<dd>\n\t\t\t\t\t\t\t\t\t\t\t<\/dd>\n\t\t<\/dl>\n\t\t\t<dl class=\"gallery-item\">\n\t\t\t<dt class=\"gallery-icon\">\n\t\t\t<a data-title=\"\" title=\"\" href=\"https:\/\/www.fileasbl.be\/membres\/wp-content\/uploads\/2021\/04\/20210915_141017-scaled.jpg\" data-rel=\"tb_npun801\" class=\"themify_lightbox\"><img loading=\"lazy\" decoding=\"async\" src=\"https:\/\/www.fileasbl.be\/membres\/wp-content\/uploads\/2021\/04\/20210915_141017-1024x768-300x200.jpg\" width=\"300\" height=\"200\" class=\"wp-post-image wp-image-22439\" title=\"20210915_141017\" alt=\"20210915_141017\"><\/a>\t\t\t<\/dt>\n\t\t\t<dd>\n\t\t\t\t\t\t\t\t\t\t\t<\/dd>\n\t\t<\/dl>\n\t\t\t<dl class=\"gallery-item\">\n\t\t\t<dt class=\"gallery-icon\">\n\t\t\t<a data-title=\"\" title=\"\" href=\"https:\/\/www.fileasbl.be\/membres\/wp-content\/uploads\/2021\/04\/20210915_141014-scaled.jpg\" data-rel=\"tb_npun801\" class=\"themify_lightbox\"><img loading=\"lazy\" decoding=\"async\" src=\"https:\/\/www.fileasbl.be\/membres\/wp-content\/uploads\/2021\/04\/20210915_141014-1024x768-300x200.jpg\" width=\"300\" height=\"200\" class=\"wp-post-image wp-image-22438\" title=\"20210915_141014\" alt=\"20210915_141014\"><\/a>\t\t\t<\/dt>\n\t\t\t<dd>\n\t\t\t\t\t\t\t\t\t\t\t<\/dd>\n\t\t<\/dl>\n\t\t\t<dl class=\"gallery-item\">\n\t\t\t<dt class=\"gallery-icon\">\n\t\t\t<a data-title=\"\" title=\"\" href=\"https:\/\/www.fileasbl.be\/membres\/wp-content\/uploads\/2021\/04\/20210915_141835-scaled.jpg\" data-rel=\"tb_npun801\" class=\"themify_lightbox\"><img loading=\"lazy\" decoding=\"async\" src=\"https:\/\/www.fileasbl.be\/membres\/wp-content\/uploads\/2021\/04\/20210915_141835-1024x768-300x200.jpg\" width=\"300\" height=\"200\" class=\"wp-post-image wp-image-22440\" title=\"20210915_141835\" alt=\"20210915_141835\"><\/a>\t\t\t<\/dt>\n\t\t\t<dd>\n\t\t\t\t\t\t\t\t\t\t\t<\/dd>\n\t\t<\/dl>\n\t\t\t<dl class=\"gallery-item\">\n\t\t\t<dt class=\"gallery-icon\">\n\t\t\t<a data-title=\"\" title=\"\" href=\"https:\/\/www.fileasbl.be\/membres\/wp-content\/uploads\/2021\/04\/20210915_140259-scaled.jpg\" data-rel=\"tb_npun801\" class=\"themify_lightbox\"><img loading=\"lazy\" decoding=\"async\" src=\"https:\/\/www.fileasbl.be\/membres\/wp-content\/uploads\/2021\/04\/20210915_140259-1024x768-300x200.jpg\" width=\"300\" height=\"200\" class=\"wp-post-image wp-image-22436\" title=\"20210915_140259\" alt=\"20210915_140259\"><\/a>\t\t\t<\/dt>\n\t\t\t<dd>\n\t\t\t\t\t\t\t\t\t\t\t<\/dd>\n\t\t<\/dl>\n\t\t\t<dl class=\"gallery-item\">\n\t\t\t<dt class=\"gallery-icon\">\n\t\t\t<a data-title=\"\" title=\"\" href=\"https:\/\/www.fileasbl.be\/membres\/wp-content\/uploads\/2021\/04\/20210915_115722-scaled.jpg\" data-rel=\"tb_npun801\" class=\"themify_lightbox\"><img loading=\"lazy\" decoding=\"async\" src=\"https:\/\/www.fileasbl.be\/membres\/wp-content\/uploads\/2021\/04\/20210915_115722-1024x692-300x200.jpg\" width=\"300\" height=\"200\" class=\"wp-post-image wp-image-22430\" title=\"20210915_115722\" alt=\"20210915_115722\"><\/a>\t\t\t<\/dt>\n\t\t\t<dd>\n\t\t\t\t\t\t\t\t\t\t\t<\/dd>\n\t\t<\/dl>\n\t\t\t<dl class=\"gallery-item\">\n\t\t\t<dt class=\"gallery-icon\">\n\t\t\t<a data-title=\"\" title=\"\" href=\"https:\/\/www.fileasbl.be\/membres\/wp-content\/uploads\/2021\/04\/20210915_094139-scaled.jpg\" data-rel=\"tb_npun801\" class=\"themify_lightbox\"><img loading=\"lazy\" decoding=\"async\" src=\"https:\/\/www.fileasbl.be\/membres\/wp-content\/uploads\/2021\/04\/20210915_094139-1024x701-300x200.jpg\" width=\"300\" height=\"200\" class=\"wp-post-image wp-image-22424\" title=\"20210915_094139\" alt=\"20210915_094139\"><\/a>\t\t\t<\/dt>\n\t\t\t<dd>\n\t\t\t\t\t\t\t\t\t\t\t<\/dd>\n\t\t<\/dl>\n\t\t\t<dl class=\"gallery-item\">\n\t\t\t<dt class=\"gallery-icon\">\n\t\t\t<a data-title=\"\" title=\"\" href=\"https:\/\/www.fileasbl.be\/membres\/wp-content\/uploads\/2021\/04\/20210915_130423-scaled.jpg\" data-rel=\"tb_npun801\" class=\"themify_lightbox\"><img loading=\"lazy\" decoding=\"async\" src=\"https:\/\/www.fileasbl.be\/membres\/wp-content\/uploads\/2021\/04\/20210915_130423-1024x768-300x200.jpg\" width=\"300\" height=\"200\" class=\"wp-post-image wp-image-22431\" title=\"20210915_130423\" alt=\"20210915_130423\"><\/a>\t\t\t<\/dt>\n\t\t\t<dd>\n\t\t\t\t\t\t\t\t\t\t\t<\/dd>\n\t\t<\/dl>\n\t\t\t<dl class=\"gallery-item\">\n\t\t\t<dt class=\"gallery-icon\">\n\t\t\t<a data-title=\"\" title=\"\" href=\"https:\/\/www.fileasbl.be\/membres\/wp-content\/uploads\/2021\/04\/20210915_134126-scaled.jpg\" data-rel=\"tb_npun801\" class=\"themify_lightbox\"><img loading=\"lazy\" decoding=\"async\" src=\"https:\/\/www.fileasbl.be\/membres\/wp-content\/uploads\/2021\/04\/20210915_134126-1024x755-300x200.jpg\" width=\"300\" height=\"200\" class=\"wp-post-image wp-image-22435\" title=\"20210915_134126\" alt=\"20210915_134126\"><\/a>\t\t\t<\/dt>\n\t\t\t<dd>\n\t\t\t\t\t\t\t\t\t\t\t<\/dd>\n\t\t<\/dl>\n\t\t\t<dl class=\"gallery-item\">\n\t\t\t<dt class=\"gallery-icon\">\n\t\t\t<a data-title=\"\" title=\"\" href=\"https:\/\/www.fileasbl.be\/membres\/wp-content\/uploads\/2021\/04\/20210915_130432-scaled.jpg\" data-rel=\"tb_npun801\" class=\"themify_lightbox\"><img loading=\"lazy\" decoding=\"async\" src=\"https:\/\/www.fileasbl.be\/membres\/wp-content\/uploads\/2021\/04\/20210915_130432-1024x768-300x200.jpg\" width=\"300\" height=\"200\" class=\"wp-post-image wp-image-22432\" title=\"20210915_130432\" alt=\"20210915_130432\"><\/a>\t\t\t<\/dt>\n\t\t\t<dd>\n\t\t\t\t\t\t\t\t\t\t\t<\/dd>\n\t\t<\/dl>\n\t\t\t<dl class=\"gallery-item\">\n\t\t\t<dt class=\"gallery-icon\">\n\t\t\t<a data-title=\"\" title=\"\" href=\"https:\/\/www.fileasbl.be\/membres\/wp-content\/uploads\/2021\/04\/20210915_130518-scaled.jpg\" data-rel=\"tb_npun801\" class=\"themify_lightbox\"><img loading=\"lazy\" decoding=\"async\" src=\"https:\/\/www.fileasbl.be\/membres\/wp-content\/uploads\/2021\/04\/20210915_130518-1024x778-300x200.jpg\" width=\"300\" height=\"200\" class=\"wp-post-image wp-image-22433\" title=\"20210915_130518\" alt=\"20210915_130518\"><\/a>\t\t\t<\/dt>\n\t\t\t<dd>\n\t\t\t\t\t\t\t\t\t\t\t<\/dd>\n\t\t<\/dl>\n\t\t\t<dl class=\"gallery-item\">\n\t\t\t<dt class=\"gallery-icon\">\n\t\t\t<a data-title=\"\" title=\"\" href=\"https:\/\/www.fileasbl.be\/membres\/wp-content\/uploads\/2021\/04\/20210915_145747-scaled-e1632227660678.jpg\" data-rel=\"tb_npun801\" class=\"themify_lightbox\"><img loading=\"lazy\" decoding=\"async\" src=\"https:\/\/www.fileasbl.be\/membres\/wp-content\/uploads\/2021\/04\/20210915_145747-scaled-e1632227660678-1004x1024-300x200.jpg\" width=\"300\" height=\"200\" class=\"wp-post-image wp-image-22444\" title=\"20210915_145747\" alt=\"20210915_145747\"><\/a>\t\t\t<\/dt>\n\t\t\t<dd>\n\t\t\t\t\t\t\t\t\t\t\t<\/dd>\n\t\t<\/dl>\n\t\t\t<dl class=\"gallery-item\">\n\t\t\t<dt class=\"gallery-icon\">\n\t\t\t<a data-title=\"\" title=\"\" href=\"https:\/\/www.fileasbl.be\/membres\/wp-content\/uploads\/2021\/04\/20210915_085246-scaled.jpg\" data-rel=\"tb_npun801\" class=\"themify_lightbox\"><img loading=\"lazy\" decoding=\"async\" src=\"https:\/\/www.fileasbl.be\/membres\/wp-content\/uploads\/2021\/04\/20210915_085246-1024x768-300x200.jpg\" width=\"300\" height=\"200\" class=\"wp-post-image wp-image-22420\" title=\"20210915_085246\" alt=\"20210915_085246\"><\/a>\t\t\t<\/dt>\n\t\t\t<dd>\n\t\t\t\t\t\t\t\t\t\t\t<\/dd>\n\t\t<\/dl>\n\t\t\t<dl class=\"gallery-item\">\n\t\t\t<dt class=\"gallery-icon\">\n\t\t\t<a data-title=\"\" title=\"\" href=\"https:\/\/www.fileasbl.be\/membres\/wp-content\/uploads\/2021\/04\/20210915_134116-scaled.jpg\" data-rel=\"tb_npun801\" class=\"themify_lightbox\"><img loading=\"lazy\" decoding=\"async\" src=\"https:\/\/www.fileasbl.be\/membres\/wp-content\/uploads\/2021\/04\/20210915_134116-1024x768-300x200.jpg\" width=\"300\" height=\"200\" class=\"wp-post-image wp-image-22434\" title=\"20210915_134116\" alt=\"20210915_134116\"><\/a>\t\t\t<\/dt>\n\t\t\t<dd>\n\t\t\t\t\t\t\t\t\t\t\t<\/dd>\n\t\t<\/dl>\n\t\t\t<dl class=\"gallery-item\">\n\t\t\t<dt class=\"gallery-icon\">\n\t\t\t<a data-title=\"\" title=\"\" href=\"https:\/\/www.fileasbl.be\/membres\/wp-content\/uploads\/2021\/04\/20210915_093920-scaled.jpg\" data-rel=\"tb_npun801\" class=\"themify_lightbox\"><img loading=\"lazy\" decoding=\"async\" src=\"https:\/\/www.fileasbl.be\/membres\/wp-content\/uploads\/2021\/04\/20210915_093920-1024x768-300x200.jpg\" width=\"300\" height=\"200\" class=\"wp-post-image wp-image-22423\" title=\"20210915_093920\" alt=\"20210915_093920\"><\/a>\t\t\t<\/dt>\n\t\t\t<dd>\n\t\t\t\t\t\t\t\t\t\t\t<\/dd>\n\t\t<\/dl>\n\t\t\t<dl class=\"gallery-item\">\n\t\t\t<dt class=\"gallery-icon\">\n\t\t\t<a data-title=\"\" title=\"\" href=\"https:\/\/www.fileasbl.be\/membres\/wp-content\/uploads\/2021\/04\/20210915_115601-scaled-e1632227734253.jpg\" data-rel=\"tb_npun801\" class=\"themify_lightbox\"><img loading=\"lazy\" decoding=\"async\" src=\"https:\/\/www.fileasbl.be\/membres\/wp-content\/uploads\/2021\/04\/20210915_115601-scaled-e1632227734253-762x1024-300x200.jpg\" width=\"300\" height=\"200\" class=\"wp-post-image wp-image-22429\" title=\"20210915_115601\" alt=\"20210915_115601\"><\/a>\t\t\t<\/dt>\n\t\t\t<dd>\n\t\t\t\t\t\t\t\t\t\t\t<\/dd>\n\t\t<\/dl>\n\t\t\t<dl class=\"gallery-item\">\n\t\t\t<dt class=\"gallery-icon\">\n\t\t\t<a data-title=\"\" title=\"\" href=\"https:\/\/www.fileasbl.be\/membres\/wp-content\/uploads\/2021\/04\/20210915_144312-scaled.jpg\" data-rel=\"tb_npun801\" class=\"themify_lightbox\"><img loading=\"lazy\" decoding=\"async\" src=\"https:\/\/www.fileasbl.be\/membres\/wp-content\/uploads\/2021\/04\/20210915_144312-1024x700-300x200.jpg\" width=\"300\" height=\"200\" class=\"wp-post-image wp-image-22443\" title=\"20210915_144312\" alt=\"20210915_144312\"><\/a>\t\t\t<\/dt>\n\t\t\t<dd>\n\t\t\t\t\t\t\t\t\t\t\t<\/dd>\n\t\t<\/dl>\n\t\t\t<dl class=\"gallery-item\">\n\t\t\t<dt class=\"gallery-icon\">\n\t\t\t<a data-title=\"\" title=\"\" href=\"https:\/\/www.fileasbl.be\/membres\/wp-content\/uploads\/2021\/04\/20210915_115230-scaled.jpg\" data-rel=\"tb_npun801\" class=\"themify_lightbox\"><img loading=\"lazy\" decoding=\"async\" src=\"https:\/\/www.fileasbl.be\/membres\/wp-content\/uploads\/2021\/04\/20210915_115230-1024x725-300x200.jpg\" width=\"300\" height=\"200\" class=\"wp-post-image wp-image-22427\" title=\"20210915_115230\" alt=\"20210915_115230\"><\/a>\t\t\t<\/dt>\n\t\t\t<dd>\n\t\t\t\t\t\t\t\t\t\t\t<\/dd>\n\t\t<\/dl>\n\t\t\t<dl class=\"gallery-item\">\n\t\t\t<dt class=\"gallery-icon\">\n\t\t\t<a data-title=\"\" title=\"\" href=\"https:\/\/www.fileasbl.be\/membres\/wp-content\/uploads\/2021\/04\/20210915_1543031-scaled.jpg\" data-rel=\"tb_npun801\" class=\"themify_lightbox\"><img loading=\"lazy\" decoding=\"async\" src=\"https:\/\/www.fileasbl.be\/membres\/wp-content\/uploads\/2021\/04\/20210915_1543031-1024x768-300x200.jpg\" width=\"300\" height=\"200\" class=\"wp-post-image wp-image-22486\" title=\"20210915_154303[1]\" alt=\"20210915_154303[1]\"><\/a>\t\t\t<\/dt>\n\t\t\t<dd>\n\t\t\t\t\t\t\t\t\t\t\t<\/dd>\n\t\t<\/dl>\n\t\t\t<dl class=\"gallery-item\">\n\t\t\t<dt class=\"gallery-icon\">\n\t\t\t<a data-title=\"\" title=\"\" href=\"https:\/\/www.fileasbl.be\/membres\/wp-content\/uploads\/2021\/04\/20210915_0958021-scaled.jpg\" data-rel=\"tb_npun801\" class=\"themify_lightbox\"><img loading=\"lazy\" decoding=\"async\" src=\"https:\/\/www.fileasbl.be\/membres\/wp-content\/uploads\/2021\/04\/20210915_0958021-768x1024-300x200.jpg\" width=\"300\" height=\"200\" class=\"wp-post-image wp-image-22453\" title=\"20210915_095802[1]\" alt=\"20210915_095802[1]\"><\/a>\t\t\t<\/dt>\n\t\t\t<dd>\n\t\t\t\t\t\t\t\t\t\t\t<\/dd>\n\t\t<\/dl>\n\t\t\t<dl class=\"gallery-item\">\n\t\t\t<dt class=\"gallery-icon\">\n\t\t\t<a data-title=\"\" title=\"\" href=\"https:\/\/www.fileasbl.be\/membres\/wp-content\/uploads\/2021\/04\/20210915_103535-scaled.jpg\" data-rel=\"tb_npun801\" class=\"themify_lightbox\"><img loading=\"lazy\" decoding=\"async\" src=\"https:\/\/www.fileasbl.be\/membres\/wp-content\/uploads\/2021\/04\/20210915_103535-768x1024-300x200.jpg\" width=\"300\" height=\"200\" class=\"wp-post-image wp-image-22425\" title=\"20210915_103535\" alt=\"20210915_103535\"><\/a>\t\t\t<\/dt>\n\t\t\t<dd>\n\t\t\t\t\t\t\t\t\t\t\t<\/dd>\n\t\t<\/dl>\n\t\t\t<dl class=\"gallery-item\">\n\t\t\t<dt class=\"gallery-icon\">\n\t\t\t<a data-title=\"\" title=\"\" href=\"https:\/\/www.fileasbl.be\/membres\/wp-content\/uploads\/2021\/04\/20210915_143003-scaled.jpg\" data-rel=\"tb_npun801\" class=\"themify_lightbox\"><img loading=\"lazy\" decoding=\"async\" src=\"https:\/\/www.fileasbl.be\/membres\/wp-content\/uploads\/2021\/04\/20210915_143003-768x1024-300x200.jpg\" width=\"300\" height=\"200\" class=\"wp-post-image wp-image-22441\" title=\"20210915_143003\" alt=\"20210915_143003\"><\/a>\t\t\t<\/dt>\n\t\t\t<dd>\n\t\t\t\t\t\t\t\t\t\t\t<\/dd>\n\t\t<\/dl>\n\t<\/div>\n<\/div>\n<!-- \/module gallery -->\t        <\/div>\n\t    \t<\/div>\n\t\t    <\/div>\n\t<\/div><!-- \/themify_builder_sub_row -->\n\t\t        <\/div>\n\t    \t<\/div>\n\t\t    <\/div>\n\t    <!-- \/row_inner -->\n\t<\/div>\n\t<!-- \/module_row -->\n\t<\/div>\n<!--\/themify_builder_content-->","protected":false},"excerpt":{"rendered":"<p>La FILE vous invite \u00e0 son colloque annuel sur la th\u00e9matique :\u00ab\u00a0Ouvrir la porte aux parents\u00a0: une \u00e9vidence et un d\u00e9fi\u00a0!\u00a0\u00bb. \u00a0 \u00a0 \u00a0 \u00a0 \u00a0 Le partenariat parents-professionnels est primordial pour l\u2019\u00e9panouissement de l\u2019enfant et est n\u00e9cessaire pour d\u00e9velopper des milieux d\u2019accueil accessibles et de qualit\u00e9. \u00a0\u00ab On n\u2019accueille pas un enfant sans accueillir [&hellip;]<\/p>\n","protected":false},"author":2,"featured_media":21385,"comment_status":"open","ping_status":"open","sticky":false,"template":"","format":"standard","meta":{"footnotes":""},"categories":[304,291,315,222,280,246,300,226],"tags":[],"class_list":["post-19141","post","type-post","status-publish","format-standard","has-post-thumbnail","hentry","category-bien-etre-enfant","category-colloque","category-droit-enfant","category-inclusion","category-inegalites","category-milac","category-notes-pedagogiques","category-rythmes-de-lenfant","has-post-title","has-post-date","has-post-category","has-post-tag","has-post-comment","has-post-author",""],"yoast_head":"<!-- This site is optimized with the Yoast SEO plugin v27.5 - https:\/\/yoast.com\/product\/yoast-seo-wordpress\/ -->\n<title>Colloque &quot;Ouvrir la porte aux parents\u00a0: une \u00e9vidence et un d\u00e9fi\u00a0!&quot; 15\/09\/2021 (Sold out) - Site de la FILE<\/title>\n<meta name=\"robots\" content=\"index, follow, max-snippet:-1, max-image-preview:large, max-video-preview:-1\" \/>\n<link rel=\"canonical\" href=\"https:\/\/www.fileasbl.be\/membres\/colloque-ouvrir-la-porte-aux-parents-une-evidence-et-un-defi\/\" \/>\n<meta property=\"og:locale\" content=\"fr_FR\" \/>\n<meta property=\"og:type\" content=\"article\" \/>\n<meta property=\"og:title\" content=\"Colloque &quot;Ouvrir la porte aux parents\u00a0: une \u00e9vidence et un d\u00e9fi\u00a0!&quot; 15\/09\/2021 (Sold out) - Site de la FILE\" \/>\n<meta property=\"og:description\" content=\"La FILE vous invite \u00e0 son colloque annuel sur la th\u00e9matique :\u00ab\u00a0Ouvrir la porte aux parents\u00a0: une \u00e9vidence et un d\u00e9fi\u00a0!\u00a0\u00bb. \u00a0 \u00a0 \u00a0 \u00a0 \u00a0 Le partenariat parents-professionnels est primordial pour l\u2019\u00e9panouissement de l\u2019enfant et est n\u00e9cessaire pour d\u00e9velopper des milieux d\u2019accueil accessibles et de qualit\u00e9. \u00a0\u00ab On n\u2019accueille pas un enfant sans accueillir [&hellip;]\" \/>\n<meta property=\"og:url\" content=\"https:\/\/www.fileasbl.be\/membres\/colloque-ouvrir-la-porte-aux-parents-une-evidence-et-un-defi\/\" \/>\n<meta property=\"og:site_name\" content=\"Site de la FILE\" \/>\n<meta property=\"article:publisher\" content=\"https:\/\/www.facebook.com\/fileasbl\/\" \/>\n<meta property=\"article:published_time\" content=\"2021-04-08T09:33:00+00:00\" \/>\n<meta property=\"article:modified_time\" content=\"2024-08-13T14:35:25+00:00\" \/>\n<meta property=\"og:image\" content=\"https:\/\/www.fileasbl.be\/membres\/wp-content\/uploads\/2021\/06\/Site-A-la-une-3-1024x512.jpg\" \/>\n\t<meta property=\"og:image:width\" content=\"1024\" \/>\n\t<meta property=\"og:image:height\" content=\"512\" \/>\n\t<meta property=\"og:image:type\" content=\"image\/jpeg\" \/>\n<meta name=\"author\" content=\"Contact FILE\" \/>\n<meta name=\"twitter:card\" content=\"summary_large_image\" \/>\n<meta name=\"twitter:label1\" content=\"\u00c9crit par\" \/>\n\t<meta name=\"twitter:data1\" content=\"Contact FILE\" \/>\n<script type=\"application\/ld+json\" class=\"yoast-schema-graph\">{\"@context\":\"https:\\\/\\\/schema.org\",\"@graph\":[{\"@type\":\"Article\",\"@id\":\"https:\\\/\\\/www.fileasbl.be\\\/membres\\\/colloque-ouvrir-la-porte-aux-parents-une-evidence-et-un-defi\\\/#article\",\"isPartOf\":{\"@id\":\"https:\\\/\\\/www.fileasbl.be\\\/membres\\\/colloque-ouvrir-la-porte-aux-parents-une-evidence-et-un-defi\\\/\"},\"author\":{\"name\":\"Contact FILE\",\"@id\":\"https:\\\/\\\/www.fileasbl.be\\\/membres\\\/#\\\/schema\\\/person\\\/5954a0c68c3a6f92f805465caa00d25f\"},\"headline\":\"Colloque \u00ab\u00a0Ouvrir la porte aux parents\u00a0: une \u00e9vidence et un d\u00e9fi\u00a0!\u00a0\u00bb 15\\\/09\\\/2021 (Sold out)\",\"datePublished\":\"2021-04-08T09:33:00+00:00\",\"dateModified\":\"2024-08-13T14:35:25+00:00\",\"mainEntityOfPage\":{\"@id\":\"https:\\\/\\\/www.fileasbl.be\\\/membres\\\/colloque-ouvrir-la-porte-aux-parents-une-evidence-et-un-defi\\\/\"},\"wordCount\":963,\"commentCount\":0,\"image\":{\"@id\":\"https:\\\/\\\/www.fileasbl.be\\\/membres\\\/colloque-ouvrir-la-porte-aux-parents-une-evidence-et-un-defi\\\/#primaryimage\"},\"thumbnailUrl\":\"https:\\\/\\\/www.fileasbl.be\\\/membres\\\/wp-content\\\/uploads\\\/2021\\\/06\\\/Site-A-la-une-3.jpg\",\"articleSection\":[\"Bien \u00eatre enfant\",\"Colloque, conf\u00e9rences\",\"Droit enfant\",\"Inclusion\",\"Lutte contre les in\u00e9galit\u00e9s\",\"Milieu d'accueil 0-3 ans\",\"Notes p\u00e9dagogiques\",\"Rythmes de l'enfant\"],\"inLanguage\":\"fr-FR\",\"potentialAction\":[{\"@type\":\"CommentAction\",\"name\":\"Comment\",\"target\":[\"https:\\\/\\\/www.fileasbl.be\\\/membres\\\/colloque-ouvrir-la-porte-aux-parents-une-evidence-et-un-defi\\\/#respond\"]}]},{\"@type\":\"WebPage\",\"@id\":\"https:\\\/\\\/www.fileasbl.be\\\/membres\\\/colloque-ouvrir-la-porte-aux-parents-une-evidence-et-un-defi\\\/\",\"url\":\"https:\\\/\\\/www.fileasbl.be\\\/membres\\\/colloque-ouvrir-la-porte-aux-parents-une-evidence-et-un-defi\\\/\",\"name\":\"Colloque \\\"Ouvrir la porte aux parents\u00a0: une \u00e9vidence et un d\u00e9fi\u00a0!\\\" 15\\\/09\\\/2021 (Sold out) - Site de la FILE\",\"isPartOf\":{\"@id\":\"https:\\\/\\\/www.fileasbl.be\\\/membres\\\/#website\"},\"primaryImageOfPage\":{\"@id\":\"https:\\\/\\\/www.fileasbl.be\\\/membres\\\/colloque-ouvrir-la-porte-aux-parents-une-evidence-et-un-defi\\\/#primaryimage\"},\"image\":{\"@id\":\"https:\\\/\\\/www.fileasbl.be\\\/membres\\\/colloque-ouvrir-la-porte-aux-parents-une-evidence-et-un-defi\\\/#primaryimage\"},\"thumbnailUrl\":\"https:\\\/\\\/www.fileasbl.be\\\/membres\\\/wp-content\\\/uploads\\\/2021\\\/06\\\/Site-A-la-une-3.jpg\",\"datePublished\":\"2021-04-08T09:33:00+00:00\",\"dateModified\":\"2024-08-13T14:35:25+00:00\",\"author\":{\"@id\":\"https:\\\/\\\/www.fileasbl.be\\\/membres\\\/#\\\/schema\\\/person\\\/5954a0c68c3a6f92f805465caa00d25f\"},\"breadcrumb\":{\"@id\":\"https:\\\/\\\/www.fileasbl.be\\\/membres\\\/colloque-ouvrir-la-porte-aux-parents-une-evidence-et-un-defi\\\/#breadcrumb\"},\"inLanguage\":\"fr-FR\",\"potentialAction\":[{\"@type\":\"ReadAction\",\"target\":[\"https:\\\/\\\/www.fileasbl.be\\\/membres\\\/colloque-ouvrir-la-porte-aux-parents-une-evidence-et-un-defi\\\/\"]}]},{\"@type\":\"ImageObject\",\"inLanguage\":\"fr-FR\",\"@id\":\"https:\\\/\\\/www.fileasbl.be\\\/membres\\\/colloque-ouvrir-la-porte-aux-parents-une-evidence-et-un-defi\\\/#primaryimage\",\"url\":\"https:\\\/\\\/www.fileasbl.be\\\/membres\\\/wp-content\\\/uploads\\\/2021\\\/06\\\/Site-A-la-une-3.jpg\",\"contentUrl\":\"https:\\\/\\\/www.fileasbl.be\\\/membres\\\/wp-content\\\/uploads\\\/2021\\\/06\\\/Site-A-la-une-3.jpg\",\"width\":1600,\"height\":800},{\"@type\":\"BreadcrumbList\",\"@id\":\"https:\\\/\\\/www.fileasbl.be\\\/membres\\\/colloque-ouvrir-la-porte-aux-parents-une-evidence-et-un-defi\\\/#breadcrumb\",\"itemListElement\":[{\"@type\":\"ListItem\",\"position\":1,\"name\":\"Accueil\",\"item\":\"https:\\\/\\\/www.fileasbl.be\\\/membres\\\/\"},{\"@type\":\"ListItem\",\"position\":2,\"name\":\"Colloque \u00ab\u00a0Ouvrir la porte aux parents\u00a0: une \u00e9vidence et un d\u00e9fi\u00a0!\u00a0\u00bb 15\\\/09\\\/2021 (Sold out)\"}]},{\"@type\":\"WebSite\",\"@id\":\"https:\\\/\\\/www.fileasbl.be\\\/membres\\\/#website\",\"url\":\"https:\\\/\\\/www.fileasbl.be\\\/membres\\\/\",\"name\":\"Site de la FILE\",\"description\":\"FILE Un accueil de qualit\u00e9 accessible \u00e0 tous\",\"potentialAction\":[{\"@type\":\"SearchAction\",\"target\":{\"@type\":\"EntryPoint\",\"urlTemplate\":\"https:\\\/\\\/www.fileasbl.be\\\/membres\\\/?s={search_term_string}\"},\"query-input\":{\"@type\":\"PropertyValueSpecification\",\"valueRequired\":true,\"valueName\":\"search_term_string\"}}],\"inLanguage\":\"fr-FR\"},{\"@type\":\"Person\",\"@id\":\"https:\\\/\\\/www.fileasbl.be\\\/membres\\\/#\\\/schema\\\/person\\\/5954a0c68c3a6f92f805465caa00d25f\",\"name\":\"Contact FILE\",\"url\":\"https:\\\/\\\/www.fileasbl.be\\\/membres\\\/author\\\/contactfile\\\/\"}]}<\/script>\n<!-- \/ Yoast SEO plugin. -->","yoast_head_json":{"title":"Colloque \"Ouvrir la porte aux parents\u00a0: une \u00e9vidence et un d\u00e9fi\u00a0!\" 15\/09\/2021 (Sold out) - Site de la FILE","robots":{"index":"index","follow":"follow","max-snippet":"max-snippet:-1","max-image-preview":"max-image-preview:large","max-video-preview":"max-video-preview:-1"},"canonical":"https:\/\/www.fileasbl.be\/membres\/colloque-ouvrir-la-porte-aux-parents-une-evidence-et-un-defi\/","og_locale":"fr_FR","og_type":"article","og_title":"Colloque \"Ouvrir la porte aux parents\u00a0: une \u00e9vidence et un d\u00e9fi\u00a0!\" 15\/09\/2021 (Sold out) - Site de la FILE","og_description":"La FILE vous invite \u00e0 son colloque annuel sur la th\u00e9matique :\u00ab\u00a0Ouvrir la porte aux parents\u00a0: une \u00e9vidence et un d\u00e9fi\u00a0!\u00a0\u00bb. \u00a0 \u00a0 \u00a0 \u00a0 \u00a0 Le partenariat parents-professionnels est primordial pour l\u2019\u00e9panouissement de l\u2019enfant et est n\u00e9cessaire pour d\u00e9velopper des milieux d\u2019accueil accessibles et de qualit\u00e9. \u00a0\u00ab On n\u2019accueille pas un enfant sans accueillir [&hellip;]","og_url":"https:\/\/www.fileasbl.be\/membres\/colloque-ouvrir-la-porte-aux-parents-une-evidence-et-un-defi\/","og_site_name":"Site de la FILE","article_publisher":"https:\/\/www.facebook.com\/fileasbl\/","article_published_time":"2021-04-08T09:33:00+00:00","article_modified_time":"2024-08-13T14:35:25+00:00","og_image":[{"width":1024,"height":512,"url":"https:\/\/www.fileasbl.be\/membres\/wp-content\/uploads\/2021\/06\/Site-A-la-une-3-1024x512.jpg","type":"image\/jpeg"}],"author":"Contact FILE","twitter_card":"summary_large_image","twitter_misc":{"\u00c9crit par":"Contact FILE"},"schema":{"@context":"https:\/\/schema.org","@graph":[{"@type":"Article","@id":"https:\/\/www.fileasbl.be\/membres\/colloque-ouvrir-la-porte-aux-parents-une-evidence-et-un-defi\/#article","isPartOf":{"@id":"https:\/\/www.fileasbl.be\/membres\/colloque-ouvrir-la-porte-aux-parents-une-evidence-et-un-defi\/"},"author":{"name":"Contact FILE","@id":"https:\/\/www.fileasbl.be\/membres\/#\/schema\/person\/5954a0c68c3a6f92f805465caa00d25f"},"headline":"Colloque \u00ab\u00a0Ouvrir la porte aux parents\u00a0: une \u00e9vidence et un d\u00e9fi\u00a0!\u00a0\u00bb 15\/09\/2021 (Sold out)","datePublished":"2021-04-08T09:33:00+00:00","dateModified":"2024-08-13T14:35:25+00:00","mainEntityOfPage":{"@id":"https:\/\/www.fileasbl.be\/membres\/colloque-ouvrir-la-porte-aux-parents-une-evidence-et-un-defi\/"},"wordCount":963,"commentCount":0,"image":{"@id":"https:\/\/www.fileasbl.be\/membres\/colloque-ouvrir-la-porte-aux-parents-une-evidence-et-un-defi\/#primaryimage"},"thumbnailUrl":"https:\/\/www.fileasbl.be\/membres\/wp-content\/uploads\/2021\/06\/Site-A-la-une-3.jpg","articleSection":["Bien \u00eatre enfant","Colloque, conf\u00e9rences","Droit enfant","Inclusion","Lutte contre les in\u00e9galit\u00e9s","Milieu d'accueil 0-3 ans","Notes p\u00e9dagogiques","Rythmes de l'enfant"],"inLanguage":"fr-FR","potentialAction":[{"@type":"CommentAction","name":"Comment","target":["https:\/\/www.fileasbl.be\/membres\/colloque-ouvrir-la-porte-aux-parents-une-evidence-et-un-defi\/#respond"]}]},{"@type":"WebPage","@id":"https:\/\/www.fileasbl.be\/membres\/colloque-ouvrir-la-porte-aux-parents-une-evidence-et-un-defi\/","url":"https:\/\/www.fileasbl.be\/membres\/colloque-ouvrir-la-porte-aux-parents-une-evidence-et-un-defi\/","name":"Colloque \"Ouvrir la porte aux parents\u00a0: une \u00e9vidence et un d\u00e9fi\u00a0!\" 15\/09\/2021 (Sold out) - Site de la FILE","isPartOf":{"@id":"https:\/\/www.fileasbl.be\/membres\/#website"},"primaryImageOfPage":{"@id":"https:\/\/www.fileasbl.be\/membres\/colloque-ouvrir-la-porte-aux-parents-une-evidence-et-un-defi\/#primaryimage"},"image":{"@id":"https:\/\/www.fileasbl.be\/membres\/colloque-ouvrir-la-porte-aux-parents-une-evidence-et-un-defi\/#primaryimage"},"thumbnailUrl":"https:\/\/www.fileasbl.be\/membres\/wp-content\/uploads\/2021\/06\/Site-A-la-une-3.jpg","datePublished":"2021-04-08T09:33:00+00:00","dateModified":"2024-08-13T14:35:25+00:00","author":{"@id":"https:\/\/www.fileasbl.be\/membres\/#\/schema\/person\/5954a0c68c3a6f92f805465caa00d25f"},"breadcrumb":{"@id":"https:\/\/www.fileasbl.be\/membres\/colloque-ouvrir-la-porte-aux-parents-une-evidence-et-un-defi\/#breadcrumb"},"inLanguage":"fr-FR","potentialAction":[{"@type":"ReadAction","target":["https:\/\/www.fileasbl.be\/membres\/colloque-ouvrir-la-porte-aux-parents-une-evidence-et-un-defi\/"]}]},{"@type":"ImageObject","inLanguage":"fr-FR","@id":"https:\/\/www.fileasbl.be\/membres\/colloque-ouvrir-la-porte-aux-parents-une-evidence-et-un-defi\/#primaryimage","url":"https:\/\/www.fileasbl.be\/membres\/wp-content\/uploads\/2021\/06\/Site-A-la-une-3.jpg","contentUrl":"https:\/\/www.fileasbl.be\/membres\/wp-content\/uploads\/2021\/06\/Site-A-la-une-3.jpg","width":1600,"height":800},{"@type":"BreadcrumbList","@id":"https:\/\/www.fileasbl.be\/membres\/colloque-ouvrir-la-porte-aux-parents-une-evidence-et-un-defi\/#breadcrumb","itemListElement":[{"@type":"ListItem","position":1,"name":"Accueil","item":"https:\/\/www.fileasbl.be\/membres\/"},{"@type":"ListItem","position":2,"name":"Colloque \u00ab\u00a0Ouvrir la porte aux parents\u00a0: une \u00e9vidence et un d\u00e9fi\u00a0!\u00a0\u00bb 15\/09\/2021 (Sold out)"}]},{"@type":"WebSite","@id":"https:\/\/www.fileasbl.be\/membres\/#website","url":"https:\/\/www.fileasbl.be\/membres\/","name":"Site de la FILE","description":"FILE Un accueil de qualit\u00e9 accessible \u00e0 tous","potentialAction":[{"@type":"SearchAction","target":{"@type":"EntryPoint","urlTemplate":"https:\/\/www.fileasbl.be\/membres\/?s={search_term_string}"},"query-input":{"@type":"PropertyValueSpecification","valueRequired":true,"valueName":"search_term_string"}}],"inLanguage":"fr-FR"},{"@type":"Person","@id":"https:\/\/www.fileasbl.be\/membres\/#\/schema\/person\/5954a0c68c3a6f92f805465caa00d25f","name":"Contact FILE","url":"https:\/\/www.fileasbl.be\/membres\/author\/contactfile\/"}]}},"builder_content":"<img src=\"https:\/\/www.fileasbl.be\/membres\/wp-content\/uploads\/2021\/06\/Bandeau-2-800-150.jpg\" title=\"Colloque \u00ab\u00a0Ouvrir la porte aux parents\u00a0: une \u00e9vidence et un d\u00e9fi\u00a0!\u00a0\u00bb 15\/09\/2021 (Sold out)\" alt=\"Colloque \u00ab\u00a0Ouvrir la porte aux parents\u00a0: une \u00e9vidence et un d\u00e9fi\u00a0!\u00a0\u00bb 15\/09\/2021 (Sold out)\">\n<p style=\"text-align: center;\">La FILE vous invite \u00e0 son colloque annuel sur la th\u00e9matique :<br \/><strong>\"Ouvrir la porte aux parents\u00a0: une \u00e9vidence et un d\u00e9fi\u00a0!\"<\/strong>.<\/p> <p>\u00a0 \u00a0 \u00a0 \u00a0 \u00a0 Le partenariat parents-professionnels est primordial pour l\u2019\u00e9panouissement de l\u2019enfant et est n\u00e9cessaire pour d\u00e9velopper des milieux d\u2019accueil accessibles et de qualit\u00e9. \u00a0\u00ab On n\u2019accueille pas un enfant sans accueillir ses parents \u00bb\u2026 Si cette phrase semble une \u00e9vidence, elle n\u2019en reste pas moins un d\u00e9fi ! Les structures d\u2019accueil sont invit\u00e9es \u00e0 laisser entrer les parents, \u00e0 d\u00e9velopper avec eux une relation bienveillante, de confiance et de collaboration. Quels pourraient \u00eatre les leviers ou les freins pour ouvrir la porte aux parents ? Comment accueillir toutes les familles, dans toute leur diversit\u00e9 ? Comment entrer en lien avec elles ? Comment reconna\u00eetre, valoriser et accueillir la diversit\u00e9 des parents, des familles ? Les parents peuvent-ils participer \u00e0 la construction du projet d\u2019accueil ?\u00a0 Comment arriver \u00e0 assurer une continuit\u00e9 pour les enfants ?<br \/><br \/>Nous vous invitons \u00e0 se questionner sur cette th\u00e9matique avec, entre autres, l\u2019expertise de Michel Vandenbroeck, professeur \u00e0 la Facult\u00e9 de psychologie et des sciences de l\u2019\u00e9ducation (Universiteit Gent) photo et de Monique Meyfroet, psychologue bien connue et exp\u00e9riment\u00e9e de notre secteur.<\/p> <p>Cette journ\u00e9e dynamique de r\u00e9flexion, de d\u00e9bats, d\u2019\u00e9changes, se veut \u00eatre un pas de plus vers une accessibilit\u00e9 de tous les milieux d\u2019accueil, petite enfance et accueils temps libres, aux familles. Cette ouverture se travaille au sein des \u00e9quipes \u00e9ducatives, par un questionnement sur le sens des pratiques et sur les missions sociales de notre secteur.<\/p>\n<h3><strong>Horaire :<\/strong><\/h3> <ul> <li>09h00 : Accueil<\/li> <li>09h30 : Introduction de la journ\u00e9e par Natacha Verstraeten, Pr\u00e9sidente de la F.I.L.E.<\/li> <li>09h40 : Intervention de Laur\u00e8ne Trevisan, conseill\u00e8re p\u00e9dagogique de la F.I.L.E.<\/li> <li>10h10 : Intervention de Michel Vandenbroeck \u00ab Ouvrir la porte aux parents \u00bb<\/li> <li>10h55 : Pause - caf\u00e9 (restaurant \u00e0 l\u2019\u00e9tage)<\/li> <li>11h25 : Intervention de Monique Meyfroet \u00ab Je t'aime, moi non plus \u00bb : la complexit\u00e9 des relations parents\/professionnel(le)s \u00bb<\/li> <li>12h10 : Temps pour compl\u00e9ter la fiche \u00ab Questions-r\u00e9ponses \u00bb<\/li> <li>12h20 : Pause midi (Repas sandwiches et stands dans la salle multim\u00e9dia)<\/li> <li>13h40 : Interm\u00e8de humoristique (David Nobrega)<\/li> <li>14h00 : Panel anim\u00e9 par Natacha Verstraeten, avec la participation de Monique Meyfroet, Michel Vandenbroeck, Laurence Marchal (ONE) et du R\u00e9seau Wallon de Lutte contre la pauvret\u00e9<\/li> <li>15h30 : Temps pour compl\u00e9ter la fiche \u00ab \u00c9valuation \u00bb<\/li> <li>15h40 : Conclusions de la journ\u00e9e par le Cabinet de la Ministre de l\u2019Enfance<\/li> <\/ul> <p>\u00a0<\/p>\n<h2 style=\"text-align: center;\">Contact \u00e0 la FILE<\/h2> <p>Laur\u00e8ne Trevisan - Conseill\u00e8re p\u00e9dagogique<\/p> <p>contact(at)fileasbl.be - +32 10 22 52 02<\/p>\n<em><svg aria-hidden=\"true\"><use href=\"#tf-ti-pencil\"><\/use><\/svg><\/em> INSCRIPTIONS\n<p style=\"text-align: center;\"><em><strong>Sold out<\/strong><\/em><\/p>\n<img src=\"http:\/\/www.fileasbl.be\/membres\/wp-content\/uploads\/2021\/02\/Affiche-2021-01-A4-vertical.jpg\" title=\"Colloque \u00ab\u00a0Ouvrir la porte aux parents\u00a0: une \u00e9vidence et un d\u00e9fi\u00a0!\u00a0\u00bb 15\/09\/2021 (Sold out)\" alt=\"Colloque \u00ab\u00a0Ouvrir la porte aux parents\u00a0: une \u00e9vidence et un d\u00e9fi\u00a0!\u00a0\u00bb 15\/09\/2021 (Sold out)\">\n<h3><strong>Public cible :<\/strong><\/h3> <hr \/> <ul> <li style=\"list-style-type: none;\">Ce colloque s\u2019adresse aux professionnels des secteurs de l\u2019accueil de l\u2019enfance (pu\u00e9ricultrices, responsables, coordinateurs p\u00e9dagogiques, animateurs extrascolaires\u2026), aux formateurs et enseignants, aux responsables politiques ayant en charge l\u2019enfance, aux parents et \u00e0 tous ceux qui s\u2019int\u00e9ressent \u00e0 l\u2019enfant dans toute sa diversit\u00e9.<\/li> <\/ul>\n<h3><strong>En pratique :<\/strong><\/h3> <hr \/> <ul> <li style=\"list-style-type: none;\">1 journ\u00e9e de colloque avec accueil caf\u00e9, pause et lunch.\u00a0<\/li> <\/ul> <p>\u00a0 \u00a0 \u00a0 \u00a0 \u00a0 Cette journ\u00e9e de colloque est reconnue par l'ONE comme journ\u00e9e de formation pour les professionnels de la petite enfance et de l'ATL !<\/p> <h3 style=\"padding-left: 40px;\"><strong>Calendrier :<\/strong><\/h3> <ul> <li style=\"list-style-type: none;\"> <ul> <li>Date : 15 septembre 2021<\/li> <li>Horaire : de 9h00 \u00e0 16h00 (d\u00e9tail ci-dessus prochainement)<\/li> <\/ul> <\/li> <\/ul> <h3 style=\"padding-left: 40px;\"><strong>Lieu :<\/strong><\/h3> <ul> <li style=\"list-style-type: none;\"> <ul> <li>Adresse : <strong><strong><strong>Centre Culturel Marcel Hicter - La Marlagne<\/strong><br \/><\/strong><\/strong>Chemin des marronniers, 26<br \/>5100 WEPION<br \/>+32 81\/559 570 - <a href=\"https:\/\/lamarlagne.cfwb.be\/contact\/acces\/\" target=\"_blank\" rel=\"noopener\">Acc\u00e8s au Centre<\/a><\/li> <\/ul> <\/li> <\/ul> <h3 style=\"padding-left: 40px;\"><strong>Prix :<\/strong><\/h3> <p style=\"padding-left: 40px;\">Frais (comprenant aussi le lunch et les boissons)<\/p> <ul> <li style=\"list-style-type: none;\"> <ul> <li>Membres de la FILE : 35\u20ac<\/li> <li>Non membres de la FILE : 45\u20ac<\/li> <\/ul> <\/li> <\/ul> <p style=\"padding-left: 40px;\">Ce prix comprend donc la journ\u00e9e de colloque, le lunch et boissons, les pauses ainsi que les supports \/ documentation.<\/p> <p style=\"padding-left: 40px;\">Les frais d\u2019inscription sont \u00e0 payer sur le compte de la FILE <strong><em>\u00e0 la r\u00e9ception de votre facture<\/em><\/strong>. L\u2019inscription est d\u00e9finitive une fois le paiement effectu\u00e9. Nous vous conseillons d\u2019effectuer le paiement au plus vite pour garantir votre place \u00e0 ce colloque.<\/p> <p><em><strong>Attention, pour les inscriptions n\u00e9cessitant un accord du PO (ville, commune... ) merci d'attendre cet accord avant de confirmer votre enregistrement.<\/strong><\/em><\/p> <h3>\u00a0<\/h3> <h3><strong>Remboursement des frais d\u2019inscription :<\/strong><\/h3> <hr \/> <p>\" Si vous relevez de la commission paritaire 332 et que plusieurs membres de votre \u00e9quipe participent au colloque, le Fonds social peut vous rembourser les frais d\u2019inscriptions <a href=\"https:\/\/www.apefasbl.org\/les-fonds-de-formation\/mae-milieux-daccueil-denfants\" target=\"_blank\" rel=\"noopener\">sous certaines conditions<\/a> \"<\/p>\n<h3><strong>Nos intervenants :<\/strong><\/h3> <hr \/> <p>\u00a0<\/p>\n<h4>Michel Vandenbroeck<\/h4> <p>\u00a0<\/p> <p style=\"padding-left: 40px;\">Michel Vandenbroeck est professeur en p\u00e9dagogie de la famille et responsable du d\u00e9partement du travail social et de la p\u00e9dagogie sociale \u00e0 l\u2019Universit\u00e9 de Gand. Il est \u00e9galement pr\u00e9sident du VBJK \u2013 Centre d\u2019innovation dans la petite enfance. Ses recherches portent sur les milieux d\u2019accueil de la petite enfance et sur les politiques de la famille. Il a \u00e9t\u00e9 co-responsible de la recherche MeMoQ sur la qualit\u00e9 des milieux d\u2019accueil en Flandre et a r\u00e9cemment supervis\u00e9 deux \u00e9tudes doctorales sur la place des parents. En outre, il a men\u00e9 des recherches sur les lieux d\u2019accueil parents enfants en Flandres, et en collaboration avec des coll\u00e8gues de France, d\u2019Italie et du Japon. Michel Vandenbroeck est membre du conseil de Agentschap Opgroeien (pr\u00e9c\u00e9demment Kind en Gezin).<\/p>\n<img src=\"http:\/\/www.fileasbl.be\/membres\/wp-content\/uploads\/2021\/02\/MVandenbroek-scaled.jpeg\" width=\"2560\" height=\"1920\" title=\"Colloque \u00ab\u00a0Ouvrir la porte aux parents\u00a0: une \u00e9vidence et un d\u00e9fi\u00a0!\u00a0\u00bb 15\/09\/2021 (Sold out)\" alt=\"Colloque \u00ab\u00a0Ouvrir la porte aux parents\u00a0: une \u00e9vidence et un d\u00e9fi\u00a0!\u00a0\u00bb 15\/09\/2021 (Sold out)\">\n<img src=\"http:\/\/www.fileasbl.be\/membres\/wp-content\/uploads\/2021\/02\/MMeyfroet.png\" width=\"1461\" height=\"1097\" title=\"Colloque \u00ab\u00a0Ouvrir la porte aux parents\u00a0: une \u00e9vidence et un d\u00e9fi\u00a0!\u00a0\u00bb 15\/09\/2021 (Sold out)\" alt=\"Colloque \u00ab\u00a0Ouvrir la porte aux parents\u00a0: une \u00e9vidence et un d\u00e9fi\u00a0!\u00a0\u00bb 15\/09\/2021 (Sold out)\">\n<h4>Monique Meyfroet<\/h4> <p>Monique Meyfroet est psychologue clinicienne dipl\u00f4m\u00e9e de l\u2019ULB et bien connue de notre secteur.<\/p> <p>Sa carri\u00e8re professionnelle comporte 2 volets: \u00a0<\/p> <ul> <li>L\u2019un purement clinique au centre de sant\u00e9 mentale l\u2019Et\u00e9 \u00e0 Anderlecht\u00a0<\/li> <li>L\u2019autre est un travail de formation continu\u00e9e pour le personnel des cr\u00e8ches, pr\u00e9gardenniats, pouponni\u00e8res\u2026 \u00e0 la <a href=\"https:\/\/ccf.brussels\/\" target=\"_blank\" rel=\"noopener\">Cocof<\/a>\u00a0et puis au\u00a0<a href=\"https:\/\/www.fraje.be\/\" target=\"_blank\" rel=\"noopener\">FRAJE.<\/a><\/li> <\/ul> <p>Retrait\u00e9e, elle poursuit un travail de formation et de supervision pour les professionnels de la petite enfance et les institutions de l\u2019aide \u00e0 la jeunesse.<\/p> <p style=\"padding-left: 40px;\">\u00a0<\/p>\n<h3><strong>Retrouvez ci-dessous les PPT des intervenants et la synth\u00e8se de la journ\u00e9e : <\/strong><\/h3> <hr \/> <p><a href=\"https:\/\/www.fileasbl.be\/membres\/wp-content\/uploads\/2021\/04\/PPT-Laurene-Trevisan-Colloque-FILE-15.09.21.pdf\">PPT Laur\u00e8ne Trevisan Colloque FILE 15.09.21<\/a><\/p> <p><a href=\"https:\/\/www.fileasbl.be\/membres\/wp-content\/uploads\/2021\/04\/M.-Vandenbroeck-Colloque-FILE-15.09.21.pdf\">M. Vandenbroeck Colloque FILE 15.09.21<\/a><\/p> <p><a href=\"https:\/\/www.fileasbl.be\/membres\/wp-content\/uploads\/2021\/11\/Synthese-colloque-FILE-15.09.21-.pdf\">Synth\u00e8se colloque FILE 15.09.21<\/a><\/p> <p><a href=\"https:\/\/www.fileasbl.be\/membres\/colloque-ouvrir-la-porte-aux-parents-une-evidence-et-un-defi-2\/\" target=\"_blank\" rel=\"noopener\"><img loading=\"lazy\" decoding=\"async\" src=\"https:\/\/www.fileasbl.be\/membres\/wp-content\/uploads\/2021\/11\/Copie-de-Colloque-Ouvrir-la-porte-aux-parents-une-evidence-et-un-defi-300x75.gif\" alt=\"\" width=\"300\" height=\"75\" srcset=\"https:\/\/www.fileasbl.be\/membres\/wp-content\/uploads\/2021\/11\/Copie-de-Colloque-Ouvrir-la-porte-aux-parents-une-evidence-et-un-defi-300x75.gif 300w, https:\/\/www.fileasbl.be\/membres\/wp-content\/uploads\/2021\/11\/Copie-de-Colloque-Ouvrir-la-porte-aux-parents-une-evidence-et-un-defi-1024x256.gif 1024w, https:\/\/www.fileasbl.be\/membres\/wp-content\/uploads\/2021\/11\/Copie-de-Colloque-Ouvrir-la-porte-aux-parents-une-evidence-et-un-defi-768x192.gif 768w, https:\/\/www.fileasbl.be\/membres\/wp-content\/uploads\/2021\/11\/Copie-de-Colloque-Ouvrir-la-porte-aux-parents-une-evidence-et-un-defi-1536x384.gif 1536w, https:\/\/www.fileasbl.be\/membres\/wp-content\/uploads\/2021\/11\/Copie-de-Colloque-Ouvrir-la-porte-aux-parents-une-evidence-et-un-defi-400x100.gif 400w, https:\/\/www.fileasbl.be\/membres\/wp-content\/uploads\/2021\/11\/Copie-de-Colloque-Ouvrir-la-porte-aux-parents-une-evidence-et-un-defi-1024x256-700x175.gif 700w\" sizes=\"auto, (max-width: 300px) 100vw, 300px\" \/><\/a><\/p>\n<em><svg aria-hidden=\"true\"><use href=\"#tf-ti-pencil\"><\/use><\/svg><\/em> INSCRIPTIONS\n\n<p>[wpforms id=\"21253\" title=\"false\"]<\/p>\n[gallery ids=\"22421,22484,22426,22422,22459,22457,22482,22455,22448,22437,22439,22438,22440,22436,22430,22424,22431,22435,22432,22433,22444,22420,22434,22423,22429,22443,22427,22486,22453,22425,22441\"]","_links":{"self":[{"href":"https:\/\/www.fileasbl.be\/membres\/wp-json\/wp\/v2\/posts\/19141","targetHints":{"allow":["GET"]}}],"collection":[{"href":"https:\/\/www.fileasbl.be\/membres\/wp-json\/wp\/v2\/posts"}],"about":[{"href":"https:\/\/www.fileasbl.be\/membres\/wp-json\/wp\/v2\/types\/post"}],"author":[{"embeddable":true,"href":"https:\/\/www.fileasbl.be\/membres\/wp-json\/wp\/v2\/users\/2"}],"replies":[{"embeddable":true,"href":"https:\/\/www.fileasbl.be\/membres\/wp-json\/wp\/v2\/comments?post=19141"}],"version-history":[{"count":0,"href":"https:\/\/www.fileasbl.be\/membres\/wp-json\/wp\/v2\/posts\/19141\/revisions"}],"wp:featuredmedia":[{"embeddable":true,"href":"https:\/\/www.fileasbl.be\/membres\/wp-json\/wp\/v2\/media\/21385"}],"wp:attachment":[{"href":"https:\/\/www.fileasbl.be\/membres\/wp-json\/wp\/v2\/media?parent=19141"}],"wp:term":[{"taxonomy":"category","embeddable":true,"href":"https:\/\/www.fileasbl.be\/membres\/wp-json\/wp\/v2\/categories?post=19141"},{"taxonomy":"post_tag","embeddable":true,"href":"https:\/\/www.fileasbl.be\/membres\/wp-json\/wp\/v2\/tags?post=19141"}],"curies":[{"name":"wp","href":"https:\/\/api.w.org\/{rel}","templated":true}]}}