{"id":20582,"date":"2021-04-15T10:55:00","date_gmt":"2021-04-15T09:55:00","guid":{"rendered":"https:\/\/www.fileasbl.be\/membres\/?p=20582"},"modified":"2024-08-13T13:39:36","modified_gmt":"2024-08-13T12:39:36","slug":"colloque-le-developpement-de-lempathie-chez-les-enfants-01-06-2021","status":"publish","type":"post","link":"https:\/\/www.fileasbl.be\/membres\/colloque-le-developpement-de-lempathie-chez-les-enfants-01-06-2021\/","title":{"rendered":"Webinaire \u00ab\u00a0Le d\u00e9veloppement de l\u2019empathie chez les enfants\u00a0\u00bb"},"content":{"rendered":"<!--themify_builder_content-->\n<div id=\"themify_builder_content-20582\" data-postid=\"20582\" class=\"themify_builder_content themify_builder_content-20582 themify_builder tf_clear\">\n    \t<!-- module_row -->\n\t<div  data-lazy=\"1\" class=\"module_row themify_builder_row tb_wwip63 tb_first tf_clearfix\">\n\t    \t\t<div class=\"row_inner col_align_top col-count-1 tf_box tf_w tf_rel\">\n\t\t\t<div  data-lazy=\"1\" class=\"module_column tb-column col-full first tb_caob64 tf_box\">\n\t\t\t    \t        <div class=\"tb-column-inner tf_box tf_w\">\n\t\t    <!-- module text -->\n<div  class=\"module module-text tb_3b0w417   \" data-lazy=\"1\">\n        <div  class=\"tb_text_wrap\">\n    <h3><span style=\"color: #003366;\"><strong>Communiqu\u00e9 :<\/strong><\/span><\/h3>\n<hr \/>\n<blockquote>\n<p><span style=\"color: #003366;\">Le 1<sup>er<\/sup> juin, nous devions vous accueillir pour un moment de r\u00e9flexion \u00e0 la Marlagne, sur les \u00e9motions des professionnels. Malheureusement, nous avons \u00e9t\u00e9 contraints de reporter \u00e0 nouveau notre colloque. En effet, les mesures sanitaires actuelles ne nous permettent pas de le maintenir et nous souhaitons vivement que celui-ci puisse avoir lieu en pr\u00e9sentiel. La th\u00e9matique des \u00e9motions des professionnels n\u00e9cessite que nous puissions en discuter en vrai, \u00e9changer, r\u00e9fl\u00e9chir et avoir ce contact rapproch\u00e9 qui nous manque tant. C\u2019est pourquoi, nous reportons cette belle journ\u00e9e au <strong>8 novembre 2022.<\/strong><\/span><\/p>\n<p><span style=\"color: #003366;\">Cependant, durant plus d\u2019une ann\u00e9e, les professionnel.le.s de l\u2019accueil de l\u2019enfance n\u2019ont pas cess\u00e9 d\u2019accueillir au mieux les enfants, de g\u00e9rer les urgences, d\u2019appliquer des protocoles sanitaires changeants\u2026<br \/><br \/>Nous avons tous besoin de prendre du temps pour nous, professionnel\u00b7le\u00b7s, de souffler, de se retrouver, de reprendre des forces et de l\u2019\u00e9nergie et de partager un moment de r\u00e9flexion et de perspectives. Pour ce faire, le 1er juin 2021, la FILE vous<br \/>propose un moment <strong>\u00ab bulle d\u2019air \u00bb,<\/strong> une matin\u00e9e de webinaire en ligne (via Zoom) dynamique et joyeux sur : <br \/><br \/><em><strong>Le d\u00e9veloppement de l\u2019empathie chez les enfants\u00a0par la lecture et les histoires d\u2019une part et d\u2019autre part par le corps et son mouvement.<\/strong><\/em><br \/><\/span><\/p>\n<\/blockquote>    <\/div>\n<\/div>\n<!-- \/module text -->\t<div  data-lazy=\"1\" class=\"module_subrow themify_builder_sub_row tb_zbjp56 tf_w tf_clearfix\">\n\t    \t\t<div class=\"subrow_inner col_align_top col-count-1 tf_box tf_w\">\n\t\t\t<div  data-lazy=\"1\" class=\"sub_column module_column tf_box col-full first tb_to4q56\"> \n\t    \t    \t<\/div>\n\t\t    <\/div>\n\t<\/div><!-- \/themify_builder_sub_row -->\n\t\t<div  data-lazy=\"1\" class=\"module_subrow themify_builder_sub_row tb_mjx81 tf_w tf_clearfix\">\n\t    \t\t<div class=\"subrow_inner col_align_top col-count-2 tf_box tf_w\">\n\t\t\t<div  style=\"width: 63.8%\" data-lazy=\"1\" class=\"sub_column module_column tf_box col2-1 first tb_zwkn1\"> \n\t    \t    \t        <div class=\"tb-column-inner tf_box tf_w\">\n\t\t    <!-- module text -->\n<div  class=\"module module-text tb_64hi1   \" data-lazy=\"1\">\n        <div  class=\"tb_text_wrap\">\n    <h3><span style=\"color: #003366;\"><strong>Description :<\/strong><\/span><\/h3>\n<hr \/>\n<p>L\u2019empathie est la capacit\u00e9 \u00e0 reconna\u00eetre et comprendre ce que l\u2019autre ressent, pense et \u00e0 se mettre \u00e0 sa place. Chez les enfants, l\u2019empathie est la base de l\u2019apprentissage de la vie sociale et de la vie en soci\u00e9t\u00e9.<\/p>    <\/div>\n<\/div>\n<!-- \/module text -->\t        <\/div>\n\t    \t<\/div>\n\t\t<div  style=\"width: 33%\" data-lazy=\"1\" class=\"sub_column module_column tf_box col2-1 last tb_8a592\" > \n\t    \t    \t        <div class=\"tb-column-inner tf_box tf_w\">\n\t\t    <!-- module text -->\n<div  class=\"module module-text tb_1j5o2   \" data-lazy=\"1\">\n        <div  class=\"tb_text_wrap\">\n    <p style=\"text-align: center;\"><span style=\"color: #3a4a5a; font-size: 22px;\"><strong>Contact(s) \u00e0 la FILE<\/strong><\/span><\/p>\n<p style=\"text-align: center;\">Laur\u00e8ne Trevisan &#8211; Conseill\u00e8re p\u00e9dagogique<\/p>\n<p style=\"text-align: center;\">contact(at)fileasbl.be &#8211; +32 10 22 52 02<\/p>    <\/div>\n<\/div>\n<!-- \/module text -->\t        <\/div>\n\t    \t<\/div>\n\t\t    <\/div>\n\t<\/div><!-- \/themify_builder_sub_row -->\n\t<!-- module text -->\n<div  class=\"module module-text tb_wnl2276   \" data-lazy=\"1\">\n        <div  class=\"tb_text_wrap\">\n    <p>Cet apprentissage est l\u2019une des missions prioritaires de l\u2019accueil de l\u2019enfance et les accueillant(e)s 0-3 et 3-12 participent quotidiennement au d\u00e9veloppement de l\u2019empathie des enfants qu\u2019ils et elles accueillent.\u00a0<\/p>\n<p>L\u2019empathie se d\u00e9veloppe de nombreuses fa\u00e7ons chez l\u2019enfant. Nous vous avons propos\u00e9 le 1<sup>er<\/sup> juin d\u2019en explorer deux mani\u00e8res\u00a0:<\/p>\n<p>Une premi\u00e8re bulle d\u2019air avec <strong>Arnaud Deroo,<\/strong> psychanalyste, \u00e9ducateur et formateur, qui est venu nous parler <strong>du mouvement du corps chez l\u2019enfant\u00a0: comment l\u2019enfant vit-il son corps et comment celui-ci est-il un vecteur de l\u2019empathie\u00a0?<\/strong><\/p>\n<p>Une deuxi\u00e8me bulle d\u2019air avec <strong>Roxane de Limelette<\/strong>, psychologue, com\u00e9dienne et lectrice, qui est intervenue sur <strong>l\u2019importance et les b\u00e9n\u00e9fices des livres et des histoires pour les enfants ainsi que l\u2019impact que ceux-ci peuvent avoir sur le d\u00e9veloppement de leur empathie.<\/strong><\/p>    <\/div>\n<\/div>\n<!-- \/module text --><!-- module text -->\n<div  class=\"module module-text tb_tsx2469   \" data-lazy=\"1\">\n        <div  class=\"tb_text_wrap\">\n    <h3><span style=\"color: #003366;\"><strong>Public cible :<\/strong><\/span><\/h3>\n<hr \/>\n<ul>\n<li style=\"list-style-type: none;\">Cette journ\u00e9e de colloque s\u2019adresse aux professionnel.le.s de l\u2019enfance 0-12 ans<\/li>\n<\/ul>    <\/div>\n<\/div>\n<!-- \/module text --><!-- module text -->\n<div  class=\"module module-text tb_izsf631   \" data-lazy=\"1\">\n        <div  class=\"tb_text_wrap\">\n    <h3><span style=\"color: #003366;\"><strong>Horaire :<\/strong><\/span><\/h3>\n<hr \/>\n<p>8h30 : Connexion \u00e0 la plateforme Zoom<br \/>9h00 : Introduction par Natacha Verstraeten, Pr\u00e9sidente de la FILE<br \/>9h10 : Intervention d\u2019Arnaud Deroo<br \/>\u00ab Vivre son corps pour une meilleure empathie \u00e0 soi et aux autres \u00bb<br \/>9h50 : Pause<br \/>10h00 : Intervention de Roxane De Limelette<br \/>\u00ab Il pleure, le b\u00e9b\u00e9 \u00bb : Ces livres qui nous ressemblent et nous rassemblent<br \/>10h40 : Pause<br \/>10h50 : Bulle d\u2019air musicale \u2013 Interm\u00e8de Muriel Kouyat\u00e9 Drums<br \/>11h15 : D\u00e9bat interactif anim\u00e9 par Natacha Verstraeten<br \/>12h15 : Conclusion et fin<\/p>    <\/div>\n<\/div>\n<!-- \/module text --><!-- module text -->\n<div  class=\"module module-text tb_5hyc731   \" data-lazy=\"1\">\n        <div  class=\"tb_text_wrap\">\n    <h3><span style=\"color: #003366;\"><strong>En pratique :<\/strong><\/span><\/h3>\n<hr \/>\n<p>Une matin\u00e9e de &lsquo;webinaire&rsquo;.<\/p>\n<h3 style=\"padding-left: 40px;\"><strong>Calendrier :<\/strong><\/h3>\n<ul>\n<li style=\"list-style-type: none;\">\n<ul>\n<li>Date : 1<sup>er<\/sup> juin 2021 de 9h00 \u00e0 12h30<\/li>\n<\/ul>\n<\/li>\n<\/ul>\n<h3 style=\"padding-left: 40px;\"><strong>O\u00f9\/comment :<\/strong><\/h3>\n<ul>\n<li style=\"list-style-type: none;\">\n<ul>\n<li>Via Zoom<\/li>\n<\/ul>\n<\/li>\n<\/ul>\n<h3 style=\"padding-left: 40px;\"><strong>Prix :<\/strong><\/h3>\n<ul>\n<li style=\"list-style-type: none;\">\n<ul>\n<li>\n<p>Gratuit sur inscription<\/p>\n<\/li>\n<\/ul>\n<\/li>\n<\/ul>    <\/div>\n<\/div>\n<!-- \/module text --><!-- module text -->\n<div  class=\"module module-text tb_0yqz579   \" data-lazy=\"1\">\n        <div  class=\"tb_text_wrap\">\n    <h3><span style=\"color: #003366;\"><strong>Nos intervenants :<\/strong><\/span><\/h3>\n<hr \/>\n<p>&nbsp;<\/p>\n    <\/div>\n<\/div>\n<!-- \/module text -->\t<div  data-lazy=\"1\" class=\"module_subrow themify_builder_sub_row tb_ckxs278 tf_w tf_clearfix\">\n\t    \t\t<div class=\"subrow_inner col_align_top col-count-2 tf_box tf_w\">\n\t\t\t<div  style=\"width: 76.8%\" data-lazy=\"1\" class=\"sub_column module_column tf_box col2-1 first tb_al27279\"> \n\t    \t    \t        <div class=\"tb-column-inner tf_box tf_w\">\n\t\t    <!-- module text -->\n<div  class=\"module module-text tb_atvm615   \" data-lazy=\"1\">\n        <div  class=\"tb_text_wrap\">\n    <h4><span style=\"color: #008080;\">Roxane De Limelette<\/span><\/h4>\n<p style=\"padding-left: 40px;\">Roxane De Limelette est psychologue, com\u00e9dienne et lectrice.<br>Form\u00e9e \u00e0 la cr\u00e9ation, l\u2019animation et l\u2019accompagnement de projets\/coins lecture avec les tout-petits aupr\u00e8s de l\u2019association ACCES \u2013 Actions Culturelles Contre les Exclusions et\u00a0les S\u00e9gr\u00e9gations (Paris). Elle est \u00e9galement la fondatrice de l\u2019asbl Boucle d\u2019Or\u00a0: Les livres au service du lien et de l\u2019int\u00e9gration sociale.<\/p>    <\/div>\n<\/div>\n<!-- \/module text -->\t        <\/div>\n\t    \t<\/div>\n\t\t<div  style=\"width: 20%\" data-lazy=\"1\" class=\"sub_column module_column tf_box col2-1 last tb_ho2k279\"> \n\t    \t    \t        <div class=\"tb-column-inner tf_box tf_w\">\n\t\t    <!-- module image -->\n<div  class=\"module module-image tb_d4l1639 rounded drop-shadow bordered  image-top tf_mw\" data-lazy=\"1\">\n        <div class=\"image-wrap tf_rel tf_mw\">\n\t\t    <img loading=\"lazy\" decoding=\"async\" width=\"800\" height=\"800\" src=\"https:\/\/www.fileasbl.be\/membres\/wp-content\/uploads\/2024\/08\/RDeLimelette.jpg\" class=\"wp-post-image wp-image-32476\" title=\"RDeLimelette\" alt=\"RDeLimelette\" srcset=\"https:\/\/www.fileasbl.be\/membres\/wp-content\/uploads\/2024\/08\/RDeLimelette.jpg 800w, https:\/\/www.fileasbl.be\/membres\/wp-content\/uploads\/2024\/08\/RDeLimelette-300x300.jpg 300w, https:\/\/www.fileasbl.be\/membres\/wp-content\/uploads\/2024\/08\/RDeLimelette-150x150.jpg 150w, https:\/\/www.fileasbl.be\/membres\/wp-content\/uploads\/2024\/08\/RDeLimelette-768x768.jpg 768w, https:\/\/www.fileasbl.be\/membres\/wp-content\/uploads\/2024\/08\/RDeLimelette-400x400.jpg 400w, https:\/\/www.fileasbl.be\/membres\/wp-content\/uploads\/2024\/08\/RDeLimelette-100x100.jpg 100w\" sizes=\"auto, (max-width: 800px) 100vw, 800px\" \/>\t\n\t\t<\/div>\n\t<!-- \/image-wrap -->\n    \n    \t<\/div>\n<!-- \/module image -->\t        <\/div>\n\t    \t<\/div>\n\t\t    <\/div>\n\t<\/div><!-- \/themify_builder_sub_row -->\n\t\t<div  data-lazy=\"1\" class=\"module_subrow themify_builder_sub_row tb_tgk9909 tf_w tf_clearfix\">\n\t    \t\t<div class=\"subrow_inner col_align_top col-count-2 tf_box tf_w\">\n\t\t\t<div  style=\"width: 20%\" data-lazy=\"1\" class=\"sub_column module_column tf_box col2-1 first tb_q4cm909\"> \n\t    \t    \t        <div class=\"tb-column-inner tf_box tf_w\">\n\t\t    <!-- module image -->\n<div  class=\"module module-image tb_c3m9910 rounded drop-shadow bordered  image-top tf_mw\" data-lazy=\"1\">\n        <div class=\"image-wrap tf_rel tf_mw\">\n\t\t    <img loading=\"lazy\" decoding=\"async\" width=\"800\" height=\"800\" src=\"https:\/\/www.fileasbl.be\/membres\/wp-content\/uploads\/2024\/08\/ADeroo.jpg\" class=\"wp-post-image wp-image-32475\" title=\"ADeroo\" alt=\"ADeroo\" srcset=\"https:\/\/www.fileasbl.be\/membres\/wp-content\/uploads\/2024\/08\/ADeroo.jpg 800w, https:\/\/www.fileasbl.be\/membres\/wp-content\/uploads\/2024\/08\/ADeroo-300x300.jpg 300w, https:\/\/www.fileasbl.be\/membres\/wp-content\/uploads\/2024\/08\/ADeroo-150x150.jpg 150w, https:\/\/www.fileasbl.be\/membres\/wp-content\/uploads\/2024\/08\/ADeroo-768x768.jpg 768w, https:\/\/www.fileasbl.be\/membres\/wp-content\/uploads\/2024\/08\/ADeroo-400x400.jpg 400w, https:\/\/www.fileasbl.be\/membres\/wp-content\/uploads\/2024\/08\/ADeroo-100x100.jpg 100w\" sizes=\"auto, (max-width: 800px) 100vw, 800px\" \/>\t\n\t\t<\/div>\n\t<!-- \/image-wrap -->\n    \n    \t<\/div>\n<!-- \/module image -->\t        <\/div>\n\t    \t<\/div>\n\t\t<div  style=\"width: 76.8%\" data-lazy=\"1\" class=\"sub_column module_column tf_box col2-1 last tb_g9z3910\"> \n\t    \t    \t        <div class=\"tb-column-inner tf_box tf_w\">\n\t\t    <!-- module text -->\n<div  class=\"module module-text tb_rroi910   \" data-lazy=\"1\">\n        <div  class=\"tb_text_wrap\">\n    <h4><span style=\"color: #008080;\">Arnaud Deroo<\/span><\/h4>\n<p style=\"padding-left: 40px;\">Arnaud Deroo est th\u00e9rapeute-psychanalyste, consultant en \u00e9ducation psycho-social, formateur, praticien en neurofeedback optimal et auteur de nombreux ouvrages \u00e0 destination des professionnels de la petite enfance. \u00c9galement form\u00e9 \u00e0 la communication non-violente, \u00e0 la gestion mentale et \u00e0 des programmes de pr\u00e9vention-sant\u00e9 pour les enfants et adolescents, Arnaud Deroo a exerc\u00e9 pendant plusieurs ann\u00e9es comme \u00e9ducateur de jeunes enfants en cr\u00e8che, foyer d&rsquo;enfants et milieu ouvert, et dirig\u00e9 un service petite enfance. Il accompagne sur le terrain des \u00e9quipes dans leurs pratiques professionnelles et d\u00e9fend avec enthousiasme et \u00e9nergie un accueil bien-traitant pour l&rsquo;enfant et sa famille.<\/p>\n<p>\u00a0<\/p>    <\/div>\n<\/div>\n<!-- \/module text -->\t        <\/div>\n\t    \t<\/div>\n\t\t    <\/div>\n\t<\/div><!-- \/themify_builder_sub_row -->\n\t\t<div  data-lazy=\"1\" class=\"module_subrow themify_builder_sub_row tb_8dfd87 tf_w tf_clearfix\">\n\t    \t\t<div class=\"subrow_inner col_align_top col-count-1 tf_box tf_w\">\n\t\t\t<div  data-lazy=\"1\" class=\"sub_column module_column tf_box col-full first tb_o88i89\"> \n\t    \t    \t        <div class=\"tb-column-inner tf_box tf_w\">\n\t\t    <!-- module text -->\n<div  class=\"module module-text tb_a7tb87   \" data-lazy=\"1\">\n        <div  class=\"tb_text_wrap\">\n    <h3><span style=\"color: #003366;\"><strong>Le dossier p\u00e9dagogique :<\/strong><\/span><\/h3>\n<hr>\n<ul>\n<li style=\"list-style-type: none;\">Pour compl\u00e9ter ce webinaire, vous trouverez ici le <a href=\"https:\/\/www.fileasbl.be\/membres\/wp-content\/uploads\/2021\/06\/Dossier-pedagogique-webinaire-.pdf\">Dossier p\u00e9dagogique<\/a> en pdf.<br>Et quelques informations compl\u00e9mentaires et instructives : <a href=\"https:\/\/www.fileasbl.be\/membres\/lempathie-pour-aller-plus-loin\/\">L&#8217;empathie, pour aller plus loin<\/a>.<\/li>\n<\/ul>    <\/div>\n<\/div>\n<!-- \/module text -->\t        <\/div>\n\t    \t<\/div>\n\t\t    <\/div>\n\t<\/div><!-- \/themify_builder_sub_row -->\n\t\t<div  data-lazy=\"1\" class=\"module_subrow themify_builder_sub_row tb_xv1y266 tf_w tf_clearfix\">\n\t    \t\t<div class=\"subrow_inner col_align_top col-count-1 tf_box tf_w\">\n\t\t\t<div  data-lazy=\"1\" class=\"sub_column module_column tf_box col-full first tb_q7iu267\"> \n\t    \t    \t        <div class=\"tb-column-inner tf_box tf_w\">\n\t\t    <!-- module text -->\n<div  class=\"module module-text tb_6cht267   \" data-lazy=\"1\">\n        <div  class=\"tb_text_wrap\">\n    <h3><span style=\"color: #003366;\"><strong>Les vid\u00e9os :<\/strong><\/span><\/h3>\n<hr \/>\n<ul>\n<li style=\"list-style-type: none;\">\u00a0<\/li>\n<\/ul>    <\/div>\n<\/div>\n<!-- \/module text -->\t        <\/div>\n\t    \t<\/div>\n\t\t    <\/div>\n\t<\/div><!-- \/themify_builder_sub_row -->\n\t\t<div  data-lazy=\"1\" class=\"module_subrow themify_builder_sub_row tb_u2m6600 tf_w tf_clearfix\">\n\t    \t\t<div class=\"subrow_inner col_align_top col-count-2 tf_box tf_w\">\n\t\t\t<div  data-lazy=\"1\" class=\"sub_column module_column tf_box col2-1 first tb_676s600\"> \n\t    \t    \t        <div class=\"tb-column-inner tf_box tf_w\">\n\t\t    <!-- module video -->\n<div  class=\"module module-video tb_0oy9740 video-top  \" data-lazy=\"1\" data-url=\"https:\/\/youtu.be\/lHBg0hrLZ9E\">\n    \t\t\t\t<div class=\"video-wrap-outer\">\n\t\t\t<div class=\"video-wrap tf_rel tf_overflow\">\n\t\t\t\t\t\t\t<\/div>\n\t\t\t<!-- \/video-wrap -->\n\t\t<\/div>\n\t\t<!-- \/video-wrap-outer -->\n\t\t\t\t\t<div class=\"video-content\">\n\t\t\t\t\n\t\t\t\t\t\t\t\t\t<div class=\"video-caption tb_text_wrap\">\n\t\t\t\t\t\tIntervention d&rsquo;Arnaud Deroo &#8211; Webinaire FILE du 1er juin 2021\t\t\t\t\t<\/div>\n\t\t\t\t\t<!-- \/video-caption -->\n\t\t\t\t\t\t\t<\/div>\n\t\t\t<!-- \/video-content -->\n\t\t\t<\/div>\n\t        <\/div>\n\t    \t<\/div>\n\t\t<div  data-lazy=\"1\" class=\"sub_column module_column tf_box col2-1 last tb_iyqn601\"> \n\t    \t    \t        <div class=\"tb-column-inner tf_box tf_w\">\n\t\t    <!-- module video -->\n<div  class=\"module module-video tb_wll1904 video-top  \" data-lazy=\"1\" data-url=\"https:\/\/youtu.be\/PmIjNR5mR-s\">\n    \t\t\t\t<div class=\"video-wrap-outer\">\n\t\t\t<div class=\"video-wrap tf_rel tf_overflow\">\n\t\t\t\t\t\t\t<\/div>\n\t\t\t<!-- \/video-wrap -->\n\t\t<\/div>\n\t\t<!-- \/video-wrap-outer -->\n\t\t\t\t\t<div class=\"video-content\">\n\t\t\t\t\n\t\t\t\t\t\t\t\t\t<div class=\"video-caption tb_text_wrap\">\n\t\t\t\t\t\tIntervention de Roxane de Limelette. (sans les lectures pour des questions de droits) \t\t\t\t\t<\/div>\n\t\t\t\t\t<!-- \/video-caption -->\n\t\t\t\t\t\t\t<\/div>\n\t\t\t<!-- \/video-content -->\n\t\t\t<\/div>\n\t        <\/div>\n\t    \t<\/div>\n\t\t    <\/div>\n\t<\/div><!-- \/themify_builder_sub_row -->\n\t\t<div  data-lazy=\"1\" class=\"module_subrow themify_builder_sub_row tb_rs6o806 tf_w tf_clearfix\">\n\t    \t\t<div class=\"subrow_inner col_align_top col-count-1 tf_box tf_w\">\n\t\t\t<div  data-lazy=\"1\" class=\"sub_column module_column tf_box col-full first tb_39qb806\"> \n\t    \t    \t        <div class=\"tb-column-inner tf_box tf_w\">\n\t\t    <!-- module text -->\n<div  class=\"module module-text tb_jdl4244   \" data-lazy=\"1\">\n        <div  class=\"tb_text_wrap\">\n    <p>Une <a href=\"https:\/\/youtu.be\/SirjRoP4Sso\" target=\"_blank\" rel=\"noopener\">version plus compl\u00e8te de notre webinaire<\/a> (avec notre interm\u00e8de musical Djemb\u00e9) est toujours disponible sur notre cha\u00eene YouTube. Vous y retrouverez aussi les r\u00e9sum\u00e9s de nos colloques pr\u00e9c\u00e9dents.<\/p>    <\/div>\n<\/div>\n<!-- \/module text -->\t        <\/div>\n\t    \t<\/div>\n\t\t    <\/div>\n\t<\/div><!-- \/themify_builder_sub_row -->\n\t\t        <\/div>\n\t    \t<\/div>\n\t\t    <\/div>\n\t    <!-- \/row_inner -->\n\t<\/div>\n\t<!-- \/module_row -->\n\t\t<!-- module_row -->\n\t<div  data-lazy=\"1\" class=\"module_row themify_builder_row tb_6xo0632 tf_clearfix\">\n\t    \t\t<div class=\"row_inner col_align_top col-count-1 tf_box tf_w tf_rel\">\n\t\t\t<div  data-lazy=\"1\" class=\"module_column tb-column col-full first tb_iaxa633 tf_box\">\n\t\t\t    \t        <div class=\"tb-column-inner tf_box tf_w\">\n\t\t    <!-- module text -->\n<div  class=\"module module-text tb_s0zn49   \" data-lazy=\"1\">\n        <div  class=\"tb_text_wrap\">\n    <h3><span style=\"color: #003366;\"><strong>Pour aller plus loin :<\/strong><\/span><\/h3>\n<hr \/>\n<ul>\n<li style=\"list-style-type: none;\">Pour compl\u00e9ter ce webinaire, vous trouverez ici le <a href=\"https:\/\/www.fileasbl.be\/membres\/wp-content\/uploads\/2021\/06\/Dossier-pedagogique-webinaire-.pdf\">Dossier p\u00e9dagogique<\/a> en pdf.<br \/>Et quelques informations compl\u00e9mentaires et instructives : <a href=\"https:\/\/www.fileasbl.be\/membres\/lempathie-pour-aller-plus-loin\/\">L&#8217;empathie, pour aller plus loin<\/a>.<\/li>\n<\/ul>    <\/div>\n<\/div>\n<!-- \/module text -->\t        <\/div>\n\t    \t<\/div>\n\t\t    <\/div>\n\t    <!-- \/row_inner -->\n\t<\/div>\n\t<!-- \/module_row -->\n\t<\/div>\n<!--\/themify_builder_content-->","protected":false},"excerpt":{"rendered":"<p>Communiqu\u00e9 : Le 1er juin, nous devions vous accueillir pour un moment de r\u00e9flexion \u00e0 la Marlagne, sur les \u00e9motions des professionnels. Malheureusement, nous avons \u00e9t\u00e9 contraints de reporter \u00e0 nouveau notre colloque. En effet, les mesures sanitaires actuelles ne nous permettent pas de le maintenir et nous souhaitons vivement que celui-ci puisse avoir lieu [&hellip;]<\/p>\n","protected":false},"author":2,"featured_media":0,"comment_status":"open","ping_status":"open","sticky":false,"template":"","format":"standard","meta":{"footnotes":""},"categories":[304,291,315,225,330,313,325,246,300,226],"tags":[],"class_list":["post-20582","post","type-post","status-publish","format-standard","hentry","category-bien-etre-enfant","category-colloque","category-droit-enfant","category-emotions-de-lenfant","category-empathie","category-jeu-enfant","category-language","category-milac","category-notes-pedagogiques","category-rythmes-de-lenfant","has-post-title","has-post-date","has-post-category","has-post-tag","has-post-comment","has-post-author",""],"yoast_head":"<!-- This site is optimized with the Yoast SEO plugin v27.4 - https:\/\/yoast.com\/product\/yoast-seo-wordpress\/ -->\n<title>Webinaire &quot;Le d\u00e9veloppement de l\u2019empathie chez les enfants&quot; - Site de la FILE<\/title>\n<meta name=\"robots\" content=\"index, follow, max-snippet:-1, max-image-preview:large, max-video-preview:-1\" \/>\n<link rel=\"canonical\" href=\"https:\/\/www.fileasbl.be\/membres\/colloque-le-developpement-de-lempathie-chez-les-enfants-01-06-2021\/\" \/>\n<meta property=\"og:locale\" content=\"fr_FR\" \/>\n<meta property=\"og:type\" content=\"article\" \/>\n<meta property=\"og:title\" content=\"Webinaire &quot;Le d\u00e9veloppement de l\u2019empathie chez les enfants&quot; - Site de la FILE\" \/>\n<meta property=\"og:description\" content=\"Communiqu\u00e9 : Le 1er juin, nous devions vous accueillir pour un moment de r\u00e9flexion \u00e0 la Marlagne, sur les \u00e9motions des professionnels. Malheureusement, nous avons \u00e9t\u00e9 contraints de reporter \u00e0 nouveau notre colloque. En effet, les mesures sanitaires actuelles ne nous permettent pas de le maintenir et nous souhaitons vivement que celui-ci puisse avoir lieu [&hellip;]\" \/>\n<meta property=\"og:url\" content=\"https:\/\/www.fileasbl.be\/membres\/colloque-le-developpement-de-lempathie-chez-les-enfants-01-06-2021\/\" \/>\n<meta property=\"og:site_name\" content=\"Site de la FILE\" \/>\n<meta property=\"article:publisher\" content=\"https:\/\/www.facebook.com\/fileasbl\/\" \/>\n<meta property=\"article:published_time\" content=\"2021-04-15T09:55:00+00:00\" \/>\n<meta property=\"article:modified_time\" content=\"2024-08-13T12:39:36+00:00\" \/>\n<meta property=\"og:image\" content=\"https:\/\/www.fileasbl.be\/membres\/wp-content\/uploads\/2020\/04\/Site-A-la-une-1024x512.jpg\" \/>\n\t<meta property=\"og:image:width\" content=\"1024\" \/>\n\t<meta property=\"og:image:height\" content=\"512\" \/>\n\t<meta property=\"og:image:type\" content=\"image\/jpeg\" \/>\n<meta name=\"author\" content=\"Contact FILE\" \/>\n<meta name=\"twitter:card\" content=\"summary_large_image\" \/>\n<meta name=\"twitter:label1\" content=\"\u00c9crit par\" \/>\n\t<meta name=\"twitter:data1\" content=\"Contact FILE\" \/>\n<script type=\"application\/ld+json\" class=\"yoast-schema-graph\">{\"@context\":\"https:\\\/\\\/schema.org\",\"@graph\":[{\"@type\":\"Article\",\"@id\":\"https:\\\/\\\/www.fileasbl.be\\\/membres\\\/colloque-le-developpement-de-lempathie-chez-les-enfants-01-06-2021\\\/#article\",\"isPartOf\":{\"@id\":\"https:\\\/\\\/www.fileasbl.be\\\/membres\\\/colloque-le-developpement-de-lempathie-chez-les-enfants-01-06-2021\\\/\"},\"author\":{\"name\":\"Contact FILE\",\"@id\":\"https:\\\/\\\/www.fileasbl.be\\\/membres\\\/#\\\/schema\\\/person\\\/5954a0c68c3a6f92f805465caa00d25f\"},\"headline\":\"Webinaire \u00ab\u00a0Le d\u00e9veloppement de l\u2019empathie chez les enfants\u00a0\u00bb\",\"datePublished\":\"2021-04-15T09:55:00+00:00\",\"dateModified\":\"2024-08-13T12:39:36+00:00\",\"mainEntityOfPage\":{\"@id\":\"https:\\\/\\\/www.fileasbl.be\\\/membres\\\/colloque-le-developpement-de-lempathie-chez-les-enfants-01-06-2021\\\/\"},\"wordCount\":862,\"commentCount\":0,\"image\":{\"@id\":\"https:\\\/\\\/www.fileasbl.be\\\/membres\\\/colloque-le-developpement-de-lempathie-chez-les-enfants-01-06-2021\\\/#primaryimage\"},\"thumbnailUrl\":\"https:\\\/\\\/www.fileasbl.be\\\/membres\\\/wp-content\\\/uploads\\\/2024\\\/08\\\/RDeLimelette.jpg\",\"articleSection\":[\"Bien \u00eatre enfant\",\"Colloque, conf\u00e9rences\",\"Droit enfant\",\"Emotions de l'enfant\",\"Empathie\",\"Jeu enfant\",\"Langage\",\"Milieu d'accueil 0-3 ans\",\"Notes p\u00e9dagogiques\",\"Rythmes de l'enfant\"],\"inLanguage\":\"fr-FR\",\"potentialAction\":[{\"@type\":\"CommentAction\",\"name\":\"Comment\",\"target\":[\"https:\\\/\\\/www.fileasbl.be\\\/membres\\\/colloque-le-developpement-de-lempathie-chez-les-enfants-01-06-2021\\\/#respond\"]}]},{\"@type\":\"WebPage\",\"@id\":\"https:\\\/\\\/www.fileasbl.be\\\/membres\\\/colloque-le-developpement-de-lempathie-chez-les-enfants-01-06-2021\\\/\",\"url\":\"https:\\\/\\\/www.fileasbl.be\\\/membres\\\/colloque-le-developpement-de-lempathie-chez-les-enfants-01-06-2021\\\/\",\"name\":\"Webinaire \\\"Le d\u00e9veloppement de l\u2019empathie chez les enfants\\\" - Site de la FILE\",\"isPartOf\":{\"@id\":\"https:\\\/\\\/www.fileasbl.be\\\/membres\\\/#website\"},\"primaryImageOfPage\":{\"@id\":\"https:\\\/\\\/www.fileasbl.be\\\/membres\\\/colloque-le-developpement-de-lempathie-chez-les-enfants-01-06-2021\\\/#primaryimage\"},\"image\":{\"@id\":\"https:\\\/\\\/www.fileasbl.be\\\/membres\\\/colloque-le-developpement-de-lempathie-chez-les-enfants-01-06-2021\\\/#primaryimage\"},\"thumbnailUrl\":\"https:\\\/\\\/www.fileasbl.be\\\/membres\\\/wp-content\\\/uploads\\\/2024\\\/08\\\/RDeLimelette.jpg\",\"datePublished\":\"2021-04-15T09:55:00+00:00\",\"dateModified\":\"2024-08-13T12:39:36+00:00\",\"author\":{\"@id\":\"https:\\\/\\\/www.fileasbl.be\\\/membres\\\/#\\\/schema\\\/person\\\/5954a0c68c3a6f92f805465caa00d25f\"},\"breadcrumb\":{\"@id\":\"https:\\\/\\\/www.fileasbl.be\\\/membres\\\/colloque-le-developpement-de-lempathie-chez-les-enfants-01-06-2021\\\/#breadcrumb\"},\"inLanguage\":\"fr-FR\",\"potentialAction\":[{\"@type\":\"ReadAction\",\"target\":[\"https:\\\/\\\/www.fileasbl.be\\\/membres\\\/colloque-le-developpement-de-lempathie-chez-les-enfants-01-06-2021\\\/\"]}]},{\"@type\":\"ImageObject\",\"inLanguage\":\"fr-FR\",\"@id\":\"https:\\\/\\\/www.fileasbl.be\\\/membres\\\/colloque-le-developpement-de-lempathie-chez-les-enfants-01-06-2021\\\/#primaryimage\",\"url\":\"https:\\\/\\\/www.fileasbl.be\\\/membres\\\/wp-content\\\/uploads\\\/2024\\\/08\\\/RDeLimelette.jpg\",\"contentUrl\":\"https:\\\/\\\/www.fileasbl.be\\\/membres\\\/wp-content\\\/uploads\\\/2024\\\/08\\\/RDeLimelette.jpg\",\"width\":800,\"height\":800},{\"@type\":\"BreadcrumbList\",\"@id\":\"https:\\\/\\\/www.fileasbl.be\\\/membres\\\/colloque-le-developpement-de-lempathie-chez-les-enfants-01-06-2021\\\/#breadcrumb\",\"itemListElement\":[{\"@type\":\"ListItem\",\"position\":1,\"name\":\"Accueil\",\"item\":\"https:\\\/\\\/www.fileasbl.be\\\/membres\\\/\"},{\"@type\":\"ListItem\",\"position\":2,\"name\":\"Webinaire &#8220;Le d\u00e9veloppement de l\u2019empathie chez les enfants&#8221;\"}]},{\"@type\":\"WebSite\",\"@id\":\"https:\\\/\\\/www.fileasbl.be\\\/membres\\\/#website\",\"url\":\"https:\\\/\\\/www.fileasbl.be\\\/membres\\\/\",\"name\":\"Site de la FILE\",\"description\":\"FILE Un accueil de qualit\u00e9 accessible \u00e0 tous\",\"potentialAction\":[{\"@type\":\"SearchAction\",\"target\":{\"@type\":\"EntryPoint\",\"urlTemplate\":\"https:\\\/\\\/www.fileasbl.be\\\/membres\\\/?s={search_term_string}\"},\"query-input\":{\"@type\":\"PropertyValueSpecification\",\"valueRequired\":true,\"valueName\":\"search_term_string\"}}],\"inLanguage\":\"fr-FR\"},{\"@type\":\"Person\",\"@id\":\"https:\\\/\\\/www.fileasbl.be\\\/membres\\\/#\\\/schema\\\/person\\\/5954a0c68c3a6f92f805465caa00d25f\",\"name\":\"Contact FILE\",\"url\":\"https:\\\/\\\/www.fileasbl.be\\\/membres\\\/author\\\/contactfile\\\/\"}]}<\/script>\n<!-- \/ Yoast SEO plugin. -->","yoast_head_json":{"title":"Webinaire \"Le d\u00e9veloppement de l\u2019empathie chez les enfants\" - Site de la FILE","robots":{"index":"index","follow":"follow","max-snippet":"max-snippet:-1","max-image-preview":"max-image-preview:large","max-video-preview":"max-video-preview:-1"},"canonical":"https:\/\/www.fileasbl.be\/membres\/colloque-le-developpement-de-lempathie-chez-les-enfants-01-06-2021\/","og_locale":"fr_FR","og_type":"article","og_title":"Webinaire \"Le d\u00e9veloppement de l\u2019empathie chez les enfants\" - Site de la FILE","og_description":"Communiqu\u00e9 : Le 1er juin, nous devions vous accueillir pour un moment de r\u00e9flexion \u00e0 la Marlagne, sur les \u00e9motions des professionnels. Malheureusement, nous avons \u00e9t\u00e9 contraints de reporter \u00e0 nouveau notre colloque. En effet, les mesures sanitaires actuelles ne nous permettent pas de le maintenir et nous souhaitons vivement que celui-ci puisse avoir lieu [&hellip;]","og_url":"https:\/\/www.fileasbl.be\/membres\/colloque-le-developpement-de-lempathie-chez-les-enfants-01-06-2021\/","og_site_name":"Site de la FILE","article_publisher":"https:\/\/www.facebook.com\/fileasbl\/","article_published_time":"2021-04-15T09:55:00+00:00","article_modified_time":"2024-08-13T12:39:36+00:00","og_image":[{"width":1024,"height":512,"url":"https:\/\/www.fileasbl.be\/membres\/wp-content\/uploads\/2020\/04\/Site-A-la-une-1024x512.jpg","type":"image\/jpeg"}],"author":"Contact FILE","twitter_card":"summary_large_image","twitter_misc":{"\u00c9crit par":"Contact FILE"},"schema":{"@context":"https:\/\/schema.org","@graph":[{"@type":"Article","@id":"https:\/\/www.fileasbl.be\/membres\/colloque-le-developpement-de-lempathie-chez-les-enfants-01-06-2021\/#article","isPartOf":{"@id":"https:\/\/www.fileasbl.be\/membres\/colloque-le-developpement-de-lempathie-chez-les-enfants-01-06-2021\/"},"author":{"name":"Contact FILE","@id":"https:\/\/www.fileasbl.be\/membres\/#\/schema\/person\/5954a0c68c3a6f92f805465caa00d25f"},"headline":"Webinaire \u00ab\u00a0Le d\u00e9veloppement de l\u2019empathie chez les enfants\u00a0\u00bb","datePublished":"2021-04-15T09:55:00+00:00","dateModified":"2024-08-13T12:39:36+00:00","mainEntityOfPage":{"@id":"https:\/\/www.fileasbl.be\/membres\/colloque-le-developpement-de-lempathie-chez-les-enfants-01-06-2021\/"},"wordCount":862,"commentCount":0,"image":{"@id":"https:\/\/www.fileasbl.be\/membres\/colloque-le-developpement-de-lempathie-chez-les-enfants-01-06-2021\/#primaryimage"},"thumbnailUrl":"https:\/\/www.fileasbl.be\/membres\/wp-content\/uploads\/2024\/08\/RDeLimelette.jpg","articleSection":["Bien \u00eatre enfant","Colloque, conf\u00e9rences","Droit enfant","Emotions de l'enfant","Empathie","Jeu enfant","Langage","Milieu d'accueil 0-3 ans","Notes p\u00e9dagogiques","Rythmes de l'enfant"],"inLanguage":"fr-FR","potentialAction":[{"@type":"CommentAction","name":"Comment","target":["https:\/\/www.fileasbl.be\/membres\/colloque-le-developpement-de-lempathie-chez-les-enfants-01-06-2021\/#respond"]}]},{"@type":"WebPage","@id":"https:\/\/www.fileasbl.be\/membres\/colloque-le-developpement-de-lempathie-chez-les-enfants-01-06-2021\/","url":"https:\/\/www.fileasbl.be\/membres\/colloque-le-developpement-de-lempathie-chez-les-enfants-01-06-2021\/","name":"Webinaire \"Le d\u00e9veloppement de l\u2019empathie chez les enfants\" - Site de la FILE","isPartOf":{"@id":"https:\/\/www.fileasbl.be\/membres\/#website"},"primaryImageOfPage":{"@id":"https:\/\/www.fileasbl.be\/membres\/colloque-le-developpement-de-lempathie-chez-les-enfants-01-06-2021\/#primaryimage"},"image":{"@id":"https:\/\/www.fileasbl.be\/membres\/colloque-le-developpement-de-lempathie-chez-les-enfants-01-06-2021\/#primaryimage"},"thumbnailUrl":"https:\/\/www.fileasbl.be\/membres\/wp-content\/uploads\/2024\/08\/RDeLimelette.jpg","datePublished":"2021-04-15T09:55:00+00:00","dateModified":"2024-08-13T12:39:36+00:00","author":{"@id":"https:\/\/www.fileasbl.be\/membres\/#\/schema\/person\/5954a0c68c3a6f92f805465caa00d25f"},"breadcrumb":{"@id":"https:\/\/www.fileasbl.be\/membres\/colloque-le-developpement-de-lempathie-chez-les-enfants-01-06-2021\/#breadcrumb"},"inLanguage":"fr-FR","potentialAction":[{"@type":"ReadAction","target":["https:\/\/www.fileasbl.be\/membres\/colloque-le-developpement-de-lempathie-chez-les-enfants-01-06-2021\/"]}]},{"@type":"ImageObject","inLanguage":"fr-FR","@id":"https:\/\/www.fileasbl.be\/membres\/colloque-le-developpement-de-lempathie-chez-les-enfants-01-06-2021\/#primaryimage","url":"https:\/\/www.fileasbl.be\/membres\/wp-content\/uploads\/2024\/08\/RDeLimelette.jpg","contentUrl":"https:\/\/www.fileasbl.be\/membres\/wp-content\/uploads\/2024\/08\/RDeLimelette.jpg","width":800,"height":800},{"@type":"BreadcrumbList","@id":"https:\/\/www.fileasbl.be\/membres\/colloque-le-developpement-de-lempathie-chez-les-enfants-01-06-2021\/#breadcrumb","itemListElement":[{"@type":"ListItem","position":1,"name":"Accueil","item":"https:\/\/www.fileasbl.be\/membres\/"},{"@type":"ListItem","position":2,"name":"Webinaire &#8220;Le d\u00e9veloppement de l\u2019empathie chez les enfants&#8221;"}]},{"@type":"WebSite","@id":"https:\/\/www.fileasbl.be\/membres\/#website","url":"https:\/\/www.fileasbl.be\/membres\/","name":"Site de la FILE","description":"FILE Un accueil de qualit\u00e9 accessible \u00e0 tous","potentialAction":[{"@type":"SearchAction","target":{"@type":"EntryPoint","urlTemplate":"https:\/\/www.fileasbl.be\/membres\/?s={search_term_string}"},"query-input":{"@type":"PropertyValueSpecification","valueRequired":true,"valueName":"search_term_string"}}],"inLanguage":"fr-FR"},{"@type":"Person","@id":"https:\/\/www.fileasbl.be\/membres\/#\/schema\/person\/5954a0c68c3a6f92f805465caa00d25f","name":"Contact FILE","url":"https:\/\/www.fileasbl.be\/membres\/author\/contactfile\/"}]}},"builder_content":"<h3><strong>Communiqu\u00e9 :<\/strong><\/h3> <hr \/> <blockquote> <p>Le 1<sup>er<\/sup> juin, nous devions vous accueillir pour un moment de r\u00e9flexion \u00e0 la Marlagne, sur les \u00e9motions des professionnels. Malheureusement, nous avons \u00e9t\u00e9 contraints de reporter \u00e0 nouveau notre colloque. En effet, les mesures sanitaires actuelles ne nous permettent pas de le maintenir et nous souhaitons vivement que celui-ci puisse avoir lieu en pr\u00e9sentiel. La th\u00e9matique des \u00e9motions des professionnels n\u00e9cessite que nous puissions en discuter en vrai, \u00e9changer, r\u00e9fl\u00e9chir et avoir ce contact rapproch\u00e9 qui nous manque tant. C\u2019est pourquoi, nous reportons cette belle journ\u00e9e au <strong>8 novembre 2022.<\/strong><\/p> <p>Cependant, durant plus d\u2019une ann\u00e9e, les professionnel.le.s de l\u2019accueil de l\u2019enfance n\u2019ont pas cess\u00e9 d\u2019accueillir au mieux les enfants, de g\u00e9rer les urgences, d\u2019appliquer des protocoles sanitaires changeants\u2026<br \/><br \/>Nous avons tous besoin de prendre du temps pour nous, professionnel\u00b7le\u00b7s, de souffler, de se retrouver, de reprendre des forces et de l\u2019\u00e9nergie et de partager un moment de r\u00e9flexion et de perspectives. Pour ce faire, le 1er juin 2021, la FILE vous<br \/>propose un moment <strong>\u00ab bulle d\u2019air \u00bb,<\/strong> une matin\u00e9e de webinaire en ligne (via Zoom) dynamique et joyeux sur : <br \/><br \/><em><strong>Le d\u00e9veloppement de l\u2019empathie chez les enfants\u00a0par la lecture et les histoires d\u2019une part et d\u2019autre part par le corps et son mouvement.<\/strong><\/em><br \/><\/p> <\/blockquote>\n<h3><strong>Description :<\/strong><\/h3> <hr \/> <p>L\u2019empathie est la capacit\u00e9 \u00e0 reconna\u00eetre et comprendre ce que l\u2019autre ressent, pense et \u00e0 se mettre \u00e0 sa place. Chez les enfants, l\u2019empathie est la base de l\u2019apprentissage de la vie sociale et de la vie en soci\u00e9t\u00e9.<\/p>\n<p style=\"text-align: center;\"><strong>Contact(s) \u00e0 la FILE<\/strong><\/p> <p style=\"text-align: center;\">Laur\u00e8ne Trevisan - Conseill\u00e8re p\u00e9dagogique<\/p> <p style=\"text-align: center;\">contact(at)fileasbl.be - +32 10 22 52 02<\/p>\n<p>Cet apprentissage est l\u2019une des missions prioritaires de l\u2019accueil de l\u2019enfance et les accueillant(e)s 0-3 et 3-12 participent quotidiennement au d\u00e9veloppement de l\u2019empathie des enfants qu\u2019ils et elles accueillent.\u00a0<\/p> <p>L\u2019empathie se d\u00e9veloppe de nombreuses fa\u00e7ons chez l\u2019enfant. Nous vous avons propos\u00e9 le 1<sup>er<\/sup> juin d\u2019en explorer deux mani\u00e8res\u00a0:<\/p> <p>Une premi\u00e8re bulle d\u2019air avec <strong>Arnaud Deroo,<\/strong> psychanalyste, \u00e9ducateur et formateur, qui est venu nous parler <strong>du mouvement du corps chez l\u2019enfant\u00a0: comment l\u2019enfant vit-il son corps et comment celui-ci est-il un vecteur de l\u2019empathie\u00a0?<\/strong><\/p> <p>Une deuxi\u00e8me bulle d\u2019air avec <strong>Roxane de Limelette<\/strong>, psychologue, com\u00e9dienne et lectrice, qui est intervenue sur <strong>l\u2019importance et les b\u00e9n\u00e9fices des livres et des histoires pour les enfants ainsi que l\u2019impact que ceux-ci peuvent avoir sur le d\u00e9veloppement de leur empathie.<\/strong><\/p>\n<h3><strong>Public cible :<\/strong><\/h3> <hr \/> <ul> <li style=\"list-style-type: none;\">Cette journ\u00e9e de colloque s\u2019adresse aux professionnel.le.s de l\u2019enfance 0-12 ans<\/li> <\/ul>\n<h3><strong>Horaire :<\/strong><\/h3> <hr \/> <p>8h30 : Connexion \u00e0 la plateforme Zoom<br \/>9h00 : Introduction par Natacha Verstraeten, Pr\u00e9sidente de la FILE<br \/>9h10 : Intervention d\u2019Arnaud Deroo<br \/>\u00ab Vivre son corps pour une meilleure empathie \u00e0 soi et aux autres \u00bb<br \/>9h50 : Pause<br \/>10h00 : Intervention de Roxane De Limelette<br \/>\u00ab Il pleure, le b\u00e9b\u00e9 \u00bb : Ces livres qui nous ressemblent et nous rassemblent<br \/>10h40 : Pause<br \/>10h50 : Bulle d\u2019air musicale \u2013 Interm\u00e8de Muriel Kouyat\u00e9 Drums<br \/>11h15 : D\u00e9bat interactif anim\u00e9 par Natacha Verstraeten<br \/>12h15 : Conclusion et fin<\/p>\n<h3><strong>En pratique :<\/strong><\/h3> <hr \/> <p>Une matin\u00e9e de 'webinaire'.<\/p> <h3 style=\"padding-left: 40px;\"><strong>Calendrier :<\/strong><\/h3> <ul> <li style=\"list-style-type: none;\"> <ul> <li>Date : 1<sup>er<\/sup> juin 2021 de 9h00 \u00e0 12h30<\/li> <\/ul> <\/li> <\/ul> <h3 style=\"padding-left: 40px;\"><strong>O\u00f9\/comment :<\/strong><\/h3> <ul> <li style=\"list-style-type: none;\"> <ul> <li>Via Zoom<\/li> <\/ul> <\/li> <\/ul> <h3 style=\"padding-left: 40px;\"><strong>Prix :<\/strong><\/h3> <ul> <li style=\"list-style-type: none;\"> <ul> <li> <p>Gratuit sur inscription<\/p> <\/li> <\/ul> <\/li> <\/ul>\n<h3><strong>Nos intervenants :<\/strong><\/h3> <hr \/> <p>&nbsp;<\/p>\n<h4>Roxane De Limelette<\/h4> <p style=\"padding-left: 40px;\">Roxane De Limelette est psychologue, com\u00e9dienne et lectrice.<br>Form\u00e9e \u00e0 la cr\u00e9ation, l\u2019animation et l\u2019accompagnement de projets\/coins lecture avec les tout-petits aupr\u00e8s de l\u2019association ACCES \u2013 Actions Culturelles Contre les Exclusions et\u00a0les S\u00e9gr\u00e9gations (Paris). Elle est \u00e9galement la fondatrice de l\u2019asbl Boucle d\u2019Or\u00a0: Les livres au service du lien et de l\u2019int\u00e9gration sociale.<\/p>\n<img loading=\"lazy\" decoding=\"async\" width=\"800\" height=\"800\" src=\"https:\/\/www.fileasbl.be\/membres\/wp-content\/uploads\/2024\/08\/RDeLimelette.jpg\" title=\"RDeLimelette\" alt=\"RDeLimelette\" srcset=\"https:\/\/www.fileasbl.be\/membres\/wp-content\/uploads\/2024\/08\/RDeLimelette.jpg 800w, https:\/\/www.fileasbl.be\/membres\/wp-content\/uploads\/2024\/08\/RDeLimelette-300x300.jpg 300w, https:\/\/www.fileasbl.be\/membres\/wp-content\/uploads\/2024\/08\/RDeLimelette-150x150.jpg 150w, https:\/\/www.fileasbl.be\/membres\/wp-content\/uploads\/2024\/08\/RDeLimelette-768x768.jpg 768w, https:\/\/www.fileasbl.be\/membres\/wp-content\/uploads\/2024\/08\/RDeLimelette-400x400.jpg 400w, https:\/\/www.fileasbl.be\/membres\/wp-content\/uploads\/2024\/08\/RDeLimelette-100x100.jpg 100w\" sizes=\"auto, (max-width: 800px) 100vw, 800px\" \/>\n<img loading=\"lazy\" decoding=\"async\" width=\"800\" height=\"800\" src=\"https:\/\/www.fileasbl.be\/membres\/wp-content\/uploads\/2024\/08\/ADeroo.jpg\" title=\"ADeroo\" alt=\"ADeroo\" srcset=\"https:\/\/www.fileasbl.be\/membres\/wp-content\/uploads\/2024\/08\/ADeroo.jpg 800w, https:\/\/www.fileasbl.be\/membres\/wp-content\/uploads\/2024\/08\/ADeroo-300x300.jpg 300w, https:\/\/www.fileasbl.be\/membres\/wp-content\/uploads\/2024\/08\/ADeroo-150x150.jpg 150w, https:\/\/www.fileasbl.be\/membres\/wp-content\/uploads\/2024\/08\/ADeroo-768x768.jpg 768w, https:\/\/www.fileasbl.be\/membres\/wp-content\/uploads\/2024\/08\/ADeroo-400x400.jpg 400w, https:\/\/www.fileasbl.be\/membres\/wp-content\/uploads\/2024\/08\/ADeroo-100x100.jpg 100w\" sizes=\"auto, (max-width: 800px) 100vw, 800px\" \/>\n<h4>Arnaud Deroo<\/h4> <p style=\"padding-left: 40px;\">Arnaud Deroo est th\u00e9rapeute-psychanalyste, consultant en \u00e9ducation psycho-social, formateur, praticien en neurofeedback optimal et auteur de nombreux ouvrages \u00e0 destination des professionnels de la petite enfance. \u00c9galement form\u00e9 \u00e0 la communication non-violente, \u00e0 la gestion mentale et \u00e0 des programmes de pr\u00e9vention-sant\u00e9 pour les enfants et adolescents, Arnaud Deroo a exerc\u00e9 pendant plusieurs ann\u00e9es comme \u00e9ducateur de jeunes enfants en cr\u00e8che, foyer d'enfants et milieu ouvert, et dirig\u00e9 un service petite enfance. Il accompagne sur le terrain des \u00e9quipes dans leurs pratiques professionnelles et d\u00e9fend avec enthousiasme et \u00e9nergie un accueil bien-traitant pour l'enfant et sa famille.<\/p> <p>\u00a0<\/p>\n<h3><strong>Le dossier p\u00e9dagogique :<\/strong><\/h3> <hr> <ul> <li style=\"list-style-type: none;\">Pour compl\u00e9ter ce webinaire, vous trouverez ici le <a href=\"https:\/\/www.fileasbl.be\/membres\/wp-content\/uploads\/2021\/06\/Dossier-pedagogique-webinaire-.pdf\">Dossier p\u00e9dagogique<\/a> en pdf.<br>Et quelques informations compl\u00e9mentaires et instructives : <a href=\"https:\/\/www.fileasbl.be\/membres\/lempathie-pour-aller-plus-loin\/\">L'empathie, pour aller plus loin<\/a>.<\/li> <\/ul>\n<h3><strong>Les vid\u00e9os :<\/strong><\/h3> <hr \/> <ul> <li style=\"list-style-type: none;\">\u00a0<\/li> <\/ul>\nIntervention d'Arnaud Deroo - Webinaire FILE du 1er juin 2021\nIntervention de Roxane de Limelette. (sans les lectures pour des questions de droits)\n<p>Une <a href=\"https:\/\/youtu.be\/SirjRoP4Sso\" target=\"_blank\" rel=\"noopener\">version plus compl\u00e8te de notre webinaire<\/a> (avec notre interm\u00e8de musical Djemb\u00e9) est toujours disponible sur notre cha\u00eene YouTube. Vous y retrouverez aussi les r\u00e9sum\u00e9s de nos colloques pr\u00e9c\u00e9dents.<\/p>\n<h3><strong>Pour aller plus loin :<\/strong><\/h3> <hr \/> <ul> <li style=\"list-style-type: none;\">Pour compl\u00e9ter ce webinaire, vous trouverez ici le <a href=\"https:\/\/www.fileasbl.be\/membres\/wp-content\/uploads\/2021\/06\/Dossier-pedagogique-webinaire-.pdf\">Dossier p\u00e9dagogique<\/a> en pdf.<br \/>Et quelques informations compl\u00e9mentaires et instructives : <a href=\"https:\/\/www.fileasbl.be\/membres\/lempathie-pour-aller-plus-loin\/\">L'empathie, pour aller plus loin<\/a>.<\/li> <\/ul>","_links":{"self":[{"href":"https:\/\/www.fileasbl.be\/membres\/wp-json\/wp\/v2\/posts\/20582","targetHints":{"allow":["GET"]}}],"collection":[{"href":"https:\/\/www.fileasbl.be\/membres\/wp-json\/wp\/v2\/posts"}],"about":[{"href":"https:\/\/www.fileasbl.be\/membres\/wp-json\/wp\/v2\/types\/post"}],"author":[{"embeddable":true,"href":"https:\/\/www.fileasbl.be\/membres\/wp-json\/wp\/v2\/users\/2"}],"replies":[{"embeddable":true,"href":"https:\/\/www.fileasbl.be\/membres\/wp-json\/wp\/v2\/comments?post=20582"}],"version-history":[{"count":0,"href":"https:\/\/www.fileasbl.be\/membres\/wp-json\/wp\/v2\/posts\/20582\/revisions"}],"wp:attachment":[{"href":"https:\/\/www.fileasbl.be\/membres\/wp-json\/wp\/v2\/media?parent=20582"}],"wp:term":[{"taxonomy":"category","embeddable":true,"href":"https:\/\/www.fileasbl.be\/membres\/wp-json\/wp\/v2\/categories?post=20582"},{"taxonomy":"post_tag","embeddable":true,"href":"https:\/\/www.fileasbl.be\/membres\/wp-json\/wp\/v2\/tags?post=20582"}],"curies":[{"name":"wp","href":"https:\/\/api.w.org\/{rel}","templated":true}]}}