{"id":22605,"date":"2022-02-15T17:12:33","date_gmt":"2022-02-15T16:12:33","guid":{"rendered":"https:\/\/www.fileasbl.be\/membres\/?p=22605"},"modified":"2025-09-02T09:33:39","modified_gmt":"2025-09-02T08:33:39","slug":"retour-sur-la-conference-les-intelligences-multiples-20-01-2022","status":"publish","type":"post","link":"https:\/\/www.fileasbl.be\/membres\/retour-sur-la-conference-les-intelligences-multiples-20-01-2022\/","title":{"rendered":"Les Intelligences Multiples en enfance"},"content":{"rendered":"<!--themify_builder_content-->\n<div id=\"themify_builder_content-22605\" data-postid=\"22605\" class=\"themify_builder_content themify_builder_content-22605 themify_builder tf_clear\">\n    \t<!-- module_row -->\n\t<div  data-lazy=\"1\" class=\"module_row themify_builder_row tb_wwip63 tb_first tf_clearfix\">\n\t    \t\t<div class=\"row_inner col_align_top col-count-1 tf_box tf_w tf_rel\">\n\t\t\t<div  data-lazy=\"1\" class=\"module_column tb-column col-full first tb_caob64 tf_box\">\n\t\t\t    \t        <div class=\"tb-column-inner tf_box tf_w\">\n\t\t    <!-- module image -->\n<div  class=\"module module-image tb_f2n344 rounded bordered  image-top tf_mw\" data-lazy=\"1\">\n        <div class=\"image-wrap tf_rel tf_mw\">\n\t\t    <img loading=\"lazy\" decoding=\"async\" width=\"1584\" height=\"396\" src=\"https:\/\/www.fileasbl.be\/membres\/wp-content\/uploads\/2022\/02\/Banniere-Intelligences-Multiples.png\" class=\"wp-post-image wp-image-24922\" title=\"Banni\u00e8re Intelligences Multiples\" alt=\"Banni\u00e8re Intelligences Multiples\" srcset=\"https:\/\/www.fileasbl.be\/membres\/wp-content\/uploads\/2022\/02\/Banniere-Intelligences-Multiples.png 1584w, https:\/\/www.fileasbl.be\/membres\/wp-content\/uploads\/2022\/02\/Banniere-Intelligences-Multiples-300x75.png 300w, https:\/\/www.fileasbl.be\/membres\/wp-content\/uploads\/2022\/02\/Banniere-Intelligences-Multiples-1024x256.png 1024w, https:\/\/www.fileasbl.be\/membres\/wp-content\/uploads\/2022\/02\/Banniere-Intelligences-Multiples-768x192.png 768w, https:\/\/www.fileasbl.be\/membres\/wp-content\/uploads\/2022\/02\/Banniere-Intelligences-Multiples-1536x384.png 1536w, https:\/\/www.fileasbl.be\/membres\/wp-content\/uploads\/2022\/02\/Banniere-Intelligences-Multiples-400x100.png 400w\" sizes=\"auto, (max-width: 1584px) 100vw, 1584px\" \/>\t\n\t\t<\/div>\n\t<!-- \/image-wrap -->\n    \n    \t<\/div>\n<!-- \/module image --><!-- module divider -->\n<div  class=\"module tf_mw module-divider tb_fhoe134 solid   \" style=\"border-width: 1px;border-color: #118f22;margin-top: 30px;margin-bottom: 30px;\" data-lazy=\"1\">\n    <\/div>\n<!-- \/module divider -->\n<!-- module text -->\n<div  class=\"module module-text tb_gvaj894   \" data-lazy=\"1\">\n        <div  class=\"tb_text_wrap\">\n    <p>Le 20 janvier 2022, nous organisions une conf\u00e9rence sous format webinaire sur les intelligences multiples avec l\u2019orthop\u00e9dagogue Perrine Bigot\u00a0! Pr\u00e8s de 90 professionnel.le.s de l\u2019Accueil Temps Libre ont pu profiter de son expertise et participer \u00e0 cette matin\u00e9e riche d\u2019\u00e9changes\u00a0!<\/p>    <\/div>\n<\/div>\n<!-- \/module text --><!-- module video -->\n<div  class=\"module module-video tb_55dc862 video-top  \" data-lazy=\"1\" data-url=\"https:\/\/www.youtube.com\/watch?v=oe7Nwsxziak&#038;ab_channel=FederationdesInitiativesLocalespourl%27Enfance\">\n    \t\t<h3 class=\"module-title\">Retrouvez l'essence de cette conf\u00e9rence par ici !<\/h3>\t\t<div class=\"video-wrap-outer\">\n\t\t\t<div class=\"video-wrap tf_rel tf_overflow\">\n\t\t\t\t\t\t\t<\/div>\n\t\t\t<!-- \/video-wrap -->\n\t\t<\/div>\n\t\t<!-- \/video-wrap-outer -->\n\t\t\t<\/div>\n<!-- module divider -->\n<div  class=\"module tf_mw module-divider tb_9kmg21 solid   \" style=\"border-width: 1px;border-color: #118f22;margin-top: 30px;margin-bottom: 30px;\" data-lazy=\"1\">\n    <\/div>\n<!-- \/module divider -->\n\t<div  data-lazy=\"1\" class=\"module_subrow themify_builder_sub_row tb_okl8287 tf_w tf_clearfix\">\n\t    \t\t<div class=\"subrow_inner col_align_top col-count-2 tf_box tf_w\">\n\t\t\t<div  data-lazy=\"1\" class=\"sub_column module_column tf_box col2-1 first tb_ff13288\"> \n\t    \t    \t        <div class=\"tb-column-inner tf_box tf_w\">\n\t\t    <!-- module image -->\n<div  class=\"module module-image tb_dp4w166 rounded bordered  image-right tf_mw\" data-lazy=\"1\">\n        <div class=\"image-wrap tf_rel tf_mw\">\n\t\t    <img loading=\"lazy\" decoding=\"async\" src=\"https:\/\/www.fileasbl.be\/membres\/wp-content\/uploads\/2022\/02\/Sans-titre-300x300.png\" width=\"300\" height=\"300\" class=\"wp-post-image wp-image-24987\" title=\"Sans titre\" alt=\"Sans titre\" srcset=\"https:\/\/www.fileasbl.be\/membres\/wp-content\/uploads\/2022\/02\/Sans-titre-300x300.png 300w, https:\/\/www.fileasbl.be\/membres\/wp-content\/uploads\/2022\/02\/Sans-titre-150x150.png 150w, https:\/\/www.fileasbl.be\/membres\/wp-content\/uploads\/2022\/02\/Sans-titre-400x400.png 400w, https:\/\/www.fileasbl.be\/membres\/wp-content\/uploads\/2022\/02\/Sans-titre-100x100.png 100w, https:\/\/www.fileasbl.be\/membres\/wp-content\/uploads\/2022\/02\/Sans-titre.png 500w\" sizes=\"auto, (max-width: 300px) 100vw, 300px\" \/>\t\n\t\t<\/div>\n\t<!-- \/image-wrap -->\n    \n    \t<\/div>\n<!-- \/module image -->\t        <\/div>\n\t    \t<\/div>\n\t\t<div  data-lazy=\"1\" class=\"sub_column module_column tf_box col2-1 last tb_bi5g289\"> \n\t    \t    \t        <div class=\"tb-column-inner tf_box tf_w\">\n\t\t    <!-- module text -->\n<div  class=\"module module-text tb_anso849   \" data-lazy=\"1\">\n        <div  class=\"tb_text_wrap\">\n    <h4><span style=\"color: #298009;\"><strong>Perrine BIGOT<\/strong><\/span><\/h4>\n<p>Formatrice sp\u00e9cialis\u00e9e en Orthop\u00e9dagogie (accompagnement des jeunes en difficult\u00e9 d&rsquo;apprentissage). <br \/>Formatrice pour l&rsquo;outil OCTOFUN.<\/p>\n<p>Coordinatrice du centre M\u00e9taM\u00f4<\/p>\n<p>Auteure du livre \u00ab\u00a0Merci aux enseignants flexibles pour leurs am\u00e9nagements\u00a0\u00bb<\/p>\n<p>Coach enfant dans le monde cin\u00e9matographique<\/p>    <\/div>\n<\/div>\n<!-- \/module text -->\t        <\/div>\n\t    \t<\/div>\n\t\t    <\/div>\n\t<\/div><!-- \/themify_builder_sub_row -->\n\t<!-- module divider -->\n<div  class=\"module tf_mw module-divider tb_hgww733 solid   \" style=\"border-width: 1px;border-color: #118f22;margin-top: 30px;margin-bottom: 30px;\" data-lazy=\"1\">\n    <\/div>\n<!-- \/module divider -->\n<!-- module fancy heading -->\n<div  class=\"module module-fancy-heading tb_wrc6613 \" data-lazy=\"1\">\n        <h1 class=\"fancy-heading tf_textl\">\n    <span class=\"main-head tf_block\">\n\t\t\t\t\tQue retenir de la matin\u00e9e ?\t\t    <\/span>\n\n\t\n    <span class=\"sub-head tf_block tf_rel\">\n\t\t\t\t\t\t\t    <\/span>\n    <\/h1>\n<\/div>\n<!-- \/module fancy heading -->\n<!-- module text -->\n<div  class=\"module module-text tb_a2jr549   \" data-lazy=\"1\">\n        <div  class=\"tb_text_wrap\">\n    <p>Notre soci\u00e9t\u00e9 rapporte tr\u00e8s souvent l\u2019intelligence au quotient intellectuel (QI). Pourtant, celui-ci ne comprend pas toutes les formes d\u2019intelligences. Au contraire, le QI ne mesure que tr\u00e8s peu des huit formes d\u2019intelligences mises en \u00e9vidence par Howard Gardner dans les ann\u00e9es 80.<\/p>\n<p>Notre soci\u00e9t\u00e9 et le syst\u00e8me scolaire ne consid\u00e8rent pas assez ces diff\u00e9rentes forces et capacit\u00e9s et restent sur une conception globale de l\u2019intelligence. Nous apprenons pourtant mieux lorsque nous sommes actifs, lors d\u2019activit\u00e9s pratiques et diversifi\u00e9es et lorsqu\u2019il est possible de choisir sa mani\u00e8re favorite d\u2019apprendre. L\u2019accueil extrascolaire est beaucoup plus dans l\u2019action en faisant en sorte que les enfants soient acteurs dans leurs apprentissages et dans leur vie. Il est donc primordial de valoriser cet accueil de qualit\u00e9 pour tous les enfants.<\/p>\n<p>Ces 8 intelligences, nous les avons toutes en nous. Toutes ne sont pas d\u00e9velopp\u00e9es au m\u00eame niveau. En effet, cela va d\u00e9pendre de celles que l\u2019on va entrainer tout au long de notre vie et il n\u2019est jamais trop tard pour d\u00e9velopper l\u2019une d\u2019elle. Ces intelligences sont subtiles et sont utilis\u00e9es de mani\u00e8re dynamique, c\u2019est-\u00e0-dire via de nombreuses mani\u00e8res diff\u00e9rentes\u00a0!<\/p>    <\/div>\n<\/div>\n<!-- \/module text --><!-- module divider -->\n<div  class=\"module tf_mw module-divider tb_f6qp28 solid   \" style=\"border-width: 1px;border-color: #118f22;margin-top: 30px;margin-bottom: 30px;\" data-lazy=\"1\">\n    <\/div>\n<!-- \/module divider -->\n<!-- module fancy heading -->\n<div  class=\"module module-fancy-heading tb_jtcz774 \" data-lazy=\"1\">\n        <h1 class=\"fancy-heading tf_textl\">\n    <span class=\"main-head tf_block\">\n\t\t\t\t\tFocus sur l\u2019outil Octofun \t\t    <\/span>\n\n\t\n    <span class=\"sub-head tf_block tf_rel\">\n\t\t\t\t\t\t\t    <\/span>\n    <\/h1>\n<\/div>\n<!-- \/module fancy heading -->\n<!-- module text -->\n<div  class=\"module module-text tb_c2qp486   \" data-lazy=\"1\">\n        <div  class=\"tb_text_wrap\">\n    <p>L\u2019outil \u00ab\u00a0Octofun\u00a0\u00bb, cr\u00e9\u00e9 par la belge Fran\u00e7oise Roemers Poumay, est une p\u00e9dagogie. Mais attention\u00a0: il ne s\u2019agit surtout pas d\u2019une m\u00e9thode\u00a0\u00e0 appliquer telle quelle ! Cet outil s\u2019appuie sur 3 ingr\u00e9dients\u00a0: les intelligences multiples, la gestion mentale et la psychologie positive. Il met en \u00e9vidence ces huit formes d\u2019intelligences d\u00e9velopp\u00e9es par Howard Gardner de mani\u00e8re ludique. \u00a0<\/p>\n<p>Les Octofuns repr\u00e9sentent en quelques sortes des boules d\u2019\u00e9nergie que nous avons tous et toutes en nous, dont il faut prendre soin en les nourrissant et en les entretenant. Pour faire grandir une intelligence, il est n\u00e9cessaire d\u2019en avoir l\u2019envie, de stimuler l\u2019apprentissage et de pratiquer. Arr\u00eatons-nous quelques instants sur ces diff\u00e9rents intelligences\u00a0:<\/p>    <\/div>\n<\/div>\n<!-- \/module text --><!-- module divider -->\n<div  class=\"module tf_mw module-divider tb_0d3v789 solid   \" style=\"border-width: 0px;margin-top: 30px;margin-bottom: 30px;\" data-lazy=\"1\">\n    <\/div>\n<!-- \/module divider -->\n<div  class=\"module tf_clearfix themify_builder_slider_wrap module-slider tb_qvxl790  slider-default  \" data-lazy=\"1\">\n        <div class=\"themify_builder_slider tf_carousel tf_swiper-container tf_rel tf_overflow\" data-lazy=\"1\"\t\t    data-tbreakpoints=\"1024\"\n\t\t    data-mbreakpoints=\"480\"\n\tdata-visible=\"1\"\n\tdata-tab-visible=\"1\"\n\tdata-mob-visible=\"1\"\n\tdata-scroll=\"1\"\n\t\t    \t\t    \tdata-speed=\"1\"\n\tdata-wrapvar=\"1\"\n\tdata-slider_nav=\"1\"\n\tdata-pager=\"1\"\n\tdata-effect=\"scroll\" \n\tdata-height=\"variable\"\n\tdata-horizontal=\"0\"\n\t\t    data-css_url=\"https:\/\/www.fileasbl.be\/membres\/wp-content\/themes\/themify-ultra\/themify\/themify-builder\/css\/modules\/sliders\/carousel.css,https:\/\/www.fileasbl.be\/membres\/wp-content\/themes\/themify-ultra\/themify\/themify-builder\/css\/modules\/sliders\/slider.css\"\n\t>\n\t\t    <div class=\"tf_swiper-wrapper tf_lazy tf_rel tf_w tf_h tf_textc\">\n\t                 <div class=\"tf_swiper-slide\">\n            <div class=\"slide-inner-wrap\">\n                <div class=\"slide-content tb_text_wrap\">\n                    <ol>\n<li>\n<h2><span style=\"color: #ff0000;\"><strong><em>L\u2019intelligence kinesth\u00e9sique (appel\u00e9e \u00e9galement Bodyfun)\u00a0:<\/em><\/strong><\/span><\/h2>\n<\/li>\n<\/ol>\n<p>C\u2019est l\u2019intelligence du mouvement, du corps\u00a0; la capacit\u00e9 \u00e0 utiliser son corps et \u00e0 s\u2019exprimer par lui : toucher, bouger, faire du sport, la psychomotricit\u00e9, la m\u00e9moire corporelle, la coordination, respecter son corps, reconna\u00eetre ses limites\u2026 Cette intelligence permet de contr\u00f4ler son corps de mani\u00e8re adapt\u00e9e \u00e0 la situation.<\/p>\n<p>Id\u00e9e : redynamiser les enfants quand il y a une perte d\u2019\u00e9nergie ou d\u2019attention via le corps, en bougeant, sautant, en allant prendre l\u2019air\u2026<\/p>\n<p>\u00a0\u00a0<a href=\"https:\/\/www.fileasbl.be\/membres\/wp-content\/uploads\/2022\/02\/7.png\"><img src=\"data:image\/svg+xml;charset=UTF-8,%3Csvg%20xmlns%3D%22http%3A%2F%2Fwww.w3.org%2F2000%2Fsvg%22%20width%3D%22300%22%20height%3D%22300%22%3E%3Cg%20fill%3D%22%23000000%22%3E%3Crect%20width%3D%22100%22%20height%3D%22100%22%2F%3E%3Crect%20width%3D%22100%22%20height%3D%22100%22%20x%3D%22100%22%2F%3E%3Crect%20width%3D%22100%22%20height%3D%22100%22%20x%3D%22200%22%2F%3E%3Crect%20width%3D%22100%22%20height%3D%22100%22%20y%3D%22100%22%2F%3E%3Crect%20width%3D%22100%22%20height%3D%22100%22%20x%3D%22100%22%20y%3D%22100%22%2F%3E%3Crect%20width%3D%22100%22%20height%3D%22100%22%20fill%3D%22%23e30613%22%20x%3D%22200%22%20y%3D%22100%22%2F%3E%3Crect%20width%3D%22100%22%20height%3D%22100%22%20y%3D%22200%22%2F%3E%3Crect%20width%3D%22100%22%20height%3D%22100%22%20fill%3D%22%23e30613%22%20x%3D%22100%22%20y%3D%22200%22%2F%3E%3Crect%20width%3D%22100%22%20height%3D%22100%22%20x%3D%22200%22%20y%3D%22200%22%2F%3E%3C%2Fg%3E%3C%2Fsvg%3E\" decoding=\"async\" loading=\"lazy\" data-lazy=\"1\" class=\"tf_svg_lazy size-medium wp-image-24955 aligncenter\" data-tf-src=\"https:\/\/www.fileasbl.be\/membres\/wp-content\/uploads\/2022\/02\/7-300x300.png\" alt=\"\" width=\"300\" height=\"300\" data-tf-srcset=\"https:\/\/www.fileasbl.be\/membres\/wp-content\/uploads\/2022\/02\/7-300x300.png 300w, https:\/\/www.fileasbl.be\/membres\/wp-content\/uploads\/2022\/02\/7-150x150.png 150w, https:\/\/www.fileasbl.be\/membres\/wp-content\/uploads\/2022\/02\/7-400x400.png 400w, https:\/\/www.fileasbl.be\/membres\/wp-content\/uploads\/2022\/02\/7-100x100.png 100w, https:\/\/www.fileasbl.be\/membres\/wp-content\/uploads\/2022\/02\/7.png 500w\" data-tf-sizes=\"(max-width: 300px) 100vw, 300px\" \/><noscript><img loading=\"lazy\" decoding=\"async\" class=\"size-medium wp-image-24955 aligncenter\" data-tf-not-load src=\"https:\/\/www.fileasbl.be\/membres\/wp-content\/uploads\/2022\/02\/7-300x300.png\" alt=\"\" width=\"300\" height=\"300\" srcset=\"https:\/\/www.fileasbl.be\/membres\/wp-content\/uploads\/2022\/02\/7-300x300.png 300w, https:\/\/www.fileasbl.be\/membres\/wp-content\/uploads\/2022\/02\/7-150x150.png 150w, https:\/\/www.fileasbl.be\/membres\/wp-content\/uploads\/2022\/02\/7-400x400.png 400w, https:\/\/www.fileasbl.be\/membres\/wp-content\/uploads\/2022\/02\/7-100x100.png 100w, https:\/\/www.fileasbl.be\/membres\/wp-content\/uploads\/2022\/02\/7.png 500w\" sizes=\"auto, (max-width: 300px) 100vw, 300px\" \/><\/noscript><\/a>\u00a0<\/p>                <\/div><!-- \/slide-content -->\n            <\/div>\n        <\/div>\n             <div class=\"tf_swiper-slide\">\n            <div class=\"slide-inner-wrap\">\n                <div class=\"slide-content tb_text_wrap\">\n                    <ol start=\"2\">\n<li>\n<h2><span style=\"color: #ff6600;\"><strong><em>\u00a0L\u2019intelligence musicale (appel\u00e9e \u00e9galement Melofun) :<\/em><\/strong><\/span><\/h2>\n<\/li>\n<\/ol>\n<p>C\u2019est la capacit\u00e9 \u00e0 \u00eatre sensible aux sons, aux rythmes et \u00e0 la musique\u00a0: chanter, \u00e9couter et\/ou pratiquer de la musique, avoir une conscience phonologique, le sens du rythme\u2026<\/p>\n<p>Id\u00e9e\u00a0: faire une playlist avec les enfants, trouver des chansons qu\u2019ils aiment, qui leur font du bien.<\/p>\n<p><a href=\"https:\/\/www.fileasbl.be\/membres\/wp-content\/uploads\/2022\/02\/8.png\"><img src=\"data:image\/svg+xml;charset=UTF-8,%3Csvg%20xmlns%3D%22http%3A%2F%2Fwww.w3.org%2F2000%2Fsvg%22%20width%3D%22300%22%20height%3D%22300%22%3E%3Cg%20fill%3D%22%23000000%22%3E%3Crect%20width%3D%22100%22%20height%3D%22100%22%2F%3E%3Crect%20width%3D%22100%22%20height%3D%22100%22%20x%3D%22100%22%2F%3E%3Crect%20width%3D%22100%22%20height%3D%22100%22%20x%3D%22200%22%2F%3E%3Crect%20width%3D%22100%22%20height%3D%22100%22%20y%3D%22100%22%2F%3E%3Crect%20width%3D%22100%22%20height%3D%22100%22%20x%3D%22100%22%20y%3D%22100%22%2F%3E%3Crect%20width%3D%22100%22%20height%3D%22100%22%20fill%3D%22%23ec6608%22%20x%3D%22200%22%20y%3D%22100%22%2F%3E%3Crect%20width%3D%22100%22%20height%3D%22100%22%20y%3D%22200%22%2F%3E%3Crect%20width%3D%22100%22%20height%3D%22100%22%20fill%3D%22%23ec6608%22%20x%3D%22100%22%20y%3D%22200%22%2F%3E%3Crect%20width%3D%22100%22%20height%3D%22100%22%20x%3D%22200%22%20y%3D%22200%22%2F%3E%3C%2Fg%3E%3C%2Fsvg%3E\" decoding=\"async\" loading=\"lazy\" data-lazy=\"1\" class=\"tf_svg_lazy size-medium wp-image-24956 aligncenter\" data-tf-src=\"https:\/\/www.fileasbl.be\/membres\/wp-content\/uploads\/2022\/02\/8-300x300.png\" alt=\"\" width=\"300\" height=\"300\" data-tf-srcset=\"https:\/\/www.fileasbl.be\/membres\/wp-content\/uploads\/2022\/02\/8-300x300.png 300w, https:\/\/www.fileasbl.be\/membres\/wp-content\/uploads\/2022\/02\/8-150x150.png 150w, https:\/\/www.fileasbl.be\/membres\/wp-content\/uploads\/2022\/02\/8-400x400.png 400w, https:\/\/www.fileasbl.be\/membres\/wp-content\/uploads\/2022\/02\/8-100x100.png 100w, https:\/\/www.fileasbl.be\/membres\/wp-content\/uploads\/2022\/02\/8.png 500w\" data-tf-sizes=\"(max-width: 300px) 100vw, 300px\" \/><noscript><img loading=\"lazy\" decoding=\"async\" class=\"size-medium wp-image-24956 aligncenter\" data-tf-not-load src=\"https:\/\/www.fileasbl.be\/membres\/wp-content\/uploads\/2022\/02\/8-300x300.png\" alt=\"\" width=\"300\" height=\"300\" srcset=\"https:\/\/www.fileasbl.be\/membres\/wp-content\/uploads\/2022\/02\/8-300x300.png 300w, https:\/\/www.fileasbl.be\/membres\/wp-content\/uploads\/2022\/02\/8-150x150.png 150w, https:\/\/www.fileasbl.be\/membres\/wp-content\/uploads\/2022\/02\/8-400x400.png 400w, https:\/\/www.fileasbl.be\/membres\/wp-content\/uploads\/2022\/02\/8-100x100.png 100w, https:\/\/www.fileasbl.be\/membres\/wp-content\/uploads\/2022\/02\/8.png 500w\" sizes=\"auto, (max-width: 300px) 100vw, 300px\" \/><\/noscript><\/a><\/p>                <\/div><!-- \/slide-content -->\n            <\/div>\n        <\/div>\n             <div class=\"tf_swiper-slide\">\n            <div class=\"slide-inner-wrap\">\n                <div class=\"slide-content tb_text_wrap\">\n                    <ol start=\"3\">\n<li>\n<h2><span style=\"color: #ffcc00;\"><strong><em>\u00a0L\u2019intelligence intrapersonnelle (ou Funego)<\/em><\/strong><\/span><\/h2>\n<\/li>\n<\/ol>\n<p>L\u2019intelligence \u00ab\u00a0avec soi-m\u00eame\u00a0\u00bb\u00a0: avoir une bonne connaissance de soi, exploiter ses qualit\u00e9s, prendre en consid\u00e9ration ses faiblesses, se respecter, s\u2019\u00e9couter, comprendre ses \u00e9motions, \u00eatre bienveillant avec soi-m\u00eame, se fixer des objectifs, savoir \u00eatre seul.e avec soi-m\u00eame\u2026<\/p>\n<p>Attention, beaucoup d\u2019endroits peuvent venir d\u00e9t\u00e9riorer cette intelligence intrapersonnelle et l\u2019accueil extrascolaire peut aider, soutenir et restaurer cette intelligence.<\/p>\n<p>Id\u00e9e\u00a0: Mettre \u00e0 disposition un pot de fiert\u00e9 avec des mots d\u2019encouragement que les enfants peuvent venir piocher.<\/p>\n<p><a href=\"https:\/\/www.fileasbl.be\/membres\/wp-content\/uploads\/2022\/02\/6.png\"><img src=\"data:image\/svg+xml;charset=UTF-8,%3Csvg%20xmlns%3D%22http%3A%2F%2Fwww.w3.org%2F2000%2Fsvg%22%20width%3D%22300%22%20height%3D%22300%22%3E%3Cg%20fill%3D%22%23000000%22%3E%3Crect%20width%3D%22100%22%20height%3D%22100%22%2F%3E%3Crect%20width%3D%22100%22%20height%3D%22100%22%20x%3D%22100%22%2F%3E%3Crect%20width%3D%22100%22%20height%3D%22100%22%20x%3D%22200%22%2F%3E%3Crect%20width%3D%22100%22%20height%3D%22100%22%20y%3D%22100%22%2F%3E%3Crect%20width%3D%22100%22%20height%3D%22100%22%20x%3D%22100%22%20y%3D%22100%22%2F%3E%3Crect%20width%3D%22100%22%20height%3D%22100%22%20fill%3D%22%23ffed00%22%20x%3D%22200%22%20y%3D%22100%22%2F%3E%3Crect%20width%3D%22100%22%20height%3D%22100%22%20y%3D%22200%22%2F%3E%3Crect%20width%3D%22100%22%20height%3D%22100%22%20fill%3D%22%23ffed00%22%20x%3D%22100%22%20y%3D%22200%22%2F%3E%3Crect%20width%3D%22100%22%20height%3D%22100%22%20fill%3D%22%23ffffff%22%20x%3D%22200%22%20y%3D%22200%22%2F%3E%3C%2Fg%3E%3C%2Fsvg%3E\" decoding=\"async\" loading=\"lazy\" data-lazy=\"1\" class=\"tf_svg_lazy size-medium wp-image-24954 aligncenter\" data-tf-src=\"https:\/\/www.fileasbl.be\/membres\/wp-content\/uploads\/2022\/02\/6-300x300.png\" alt=\"\" width=\"300\" height=\"300\" data-tf-srcset=\"https:\/\/www.fileasbl.be\/membres\/wp-content\/uploads\/2022\/02\/6-300x300.png 300w, https:\/\/www.fileasbl.be\/membres\/wp-content\/uploads\/2022\/02\/6-150x150.png 150w, https:\/\/www.fileasbl.be\/membres\/wp-content\/uploads\/2022\/02\/6-400x400.png 400w, https:\/\/www.fileasbl.be\/membres\/wp-content\/uploads\/2022\/02\/6-100x100.png 100w, https:\/\/www.fileasbl.be\/membres\/wp-content\/uploads\/2022\/02\/6.png 500w\" data-tf-sizes=\"(max-width: 300px) 100vw, 300px\" \/><noscript><img loading=\"lazy\" decoding=\"async\" class=\"size-medium wp-image-24954 aligncenter\" data-tf-not-load src=\"https:\/\/www.fileasbl.be\/membres\/wp-content\/uploads\/2022\/02\/6-300x300.png\" alt=\"\" width=\"300\" height=\"300\" srcset=\"https:\/\/www.fileasbl.be\/membres\/wp-content\/uploads\/2022\/02\/6-300x300.png 300w, https:\/\/www.fileasbl.be\/membres\/wp-content\/uploads\/2022\/02\/6-150x150.png 150w, https:\/\/www.fileasbl.be\/membres\/wp-content\/uploads\/2022\/02\/6-400x400.png 400w, https:\/\/www.fileasbl.be\/membres\/wp-content\/uploads\/2022\/02\/6-100x100.png 100w, https:\/\/www.fileasbl.be\/membres\/wp-content\/uploads\/2022\/02\/6.png 500w\" sizes=\"auto, (max-width: 300px) 100vw, 300px\" \/><\/noscript><\/a><\/p>                <\/div><!-- \/slide-content -->\n            <\/div>\n        <\/div>\n             <div class=\"tf_swiper-slide\">\n            <div class=\"slide-inner-wrap\">\n                <div class=\"slide-content tb_text_wrap\">\n                    <ol start=\"4\">\n<li>\n<h2><span style=\"color: #99cc00;\"><strong><em>L\u2019intelligence interpersonnelle (ou Multifun)\u00a0:<\/em><\/strong><\/span><\/h2>\n<\/li>\n<\/ol>\n<p>Il s\u2019agit de l\u2019intelligence avec les autres\u00a0: les comprendre, interagir de fa\u00e7on appropri\u00e9e avec eux, avoir de l\u2019empathie, s\u2019int\u00e9grer, coop\u00e9rer, partager des id\u00e9es, r\u00e9soudre des conflits, \u00eatre bienveillant envers autrui\u2026<\/p>\n<p>Id\u00e9e\u00a0: proposer des activit\u00e9s o\u00f9 il est possible d\u2019apprendre sur les autres, sur qui ils sont, ce qu\u2019ils aiment\u2026<\/p>\n<p><a href=\"https:\/\/www.fileasbl.be\/membres\/wp-content\/uploads\/2022\/02\/5.png\"><img src=\"data:image\/svg+xml;charset=UTF-8,%3Csvg%20xmlns%3D%22http%3A%2F%2Fwww.w3.org%2F2000%2Fsvg%22%20width%3D%22300%22%20height%3D%22300%22%3E%3Cg%20fill%3D%22%23000000%22%3E%3Crect%20width%3D%22100%22%20height%3D%22100%22%2F%3E%3Crect%20width%3D%22100%22%20height%3D%22100%22%20x%3D%22100%22%2F%3E%3Crect%20width%3D%22100%22%20height%3D%22100%22%20x%3D%22200%22%2F%3E%3Crect%20width%3D%22100%22%20height%3D%22100%22%20y%3D%22100%22%2F%3E%3Crect%20width%3D%22100%22%20height%3D%22100%22%20x%3D%22100%22%20y%3D%22100%22%2F%3E%3Crect%20width%3D%22100%22%20height%3D%22100%22%20fill%3D%22%2395c11f%22%20x%3D%22200%22%20y%3D%22100%22%2F%3E%3Crect%20width%3D%22100%22%20height%3D%22100%22%20y%3D%22200%22%2F%3E%3Crect%20width%3D%22100%22%20height%3D%22100%22%20fill%3D%22%2395c11f%22%20x%3D%22100%22%20y%3D%22200%22%2F%3E%3Crect%20width%3D%22100%22%20height%3D%22100%22%20fill%3D%22%23ffffff%22%20x%3D%22200%22%20y%3D%22200%22%2F%3E%3C%2Fg%3E%3C%2Fsvg%3E\" decoding=\"async\" loading=\"lazy\" data-lazy=\"1\" class=\"tf_svg_lazy size-medium wp-image-24952 aligncenter\" data-tf-src=\"https:\/\/www.fileasbl.be\/membres\/wp-content\/uploads\/2022\/02\/5-300x300.png\" alt=\"\" width=\"300\" height=\"300\" data-tf-srcset=\"https:\/\/www.fileasbl.be\/membres\/wp-content\/uploads\/2022\/02\/5-300x300.png 300w, https:\/\/www.fileasbl.be\/membres\/wp-content\/uploads\/2022\/02\/5-150x150.png 150w, https:\/\/www.fileasbl.be\/membres\/wp-content\/uploads\/2022\/02\/5-400x400.png 400w, https:\/\/www.fileasbl.be\/membres\/wp-content\/uploads\/2022\/02\/5-100x100.png 100w, https:\/\/www.fileasbl.be\/membres\/wp-content\/uploads\/2022\/02\/5.png 500w\" data-tf-sizes=\"(max-width: 300px) 100vw, 300px\" \/><noscript><img loading=\"lazy\" decoding=\"async\" class=\"size-medium wp-image-24952 aligncenter\" data-tf-not-load src=\"https:\/\/www.fileasbl.be\/membres\/wp-content\/uploads\/2022\/02\/5-300x300.png\" alt=\"\" width=\"300\" height=\"300\" srcset=\"https:\/\/www.fileasbl.be\/membres\/wp-content\/uploads\/2022\/02\/5-300x300.png 300w, https:\/\/www.fileasbl.be\/membres\/wp-content\/uploads\/2022\/02\/5-150x150.png 150w, https:\/\/www.fileasbl.be\/membres\/wp-content\/uploads\/2022\/02\/5-400x400.png 400w, https:\/\/www.fileasbl.be\/membres\/wp-content\/uploads\/2022\/02\/5-100x100.png 100w, https:\/\/www.fileasbl.be\/membres\/wp-content\/uploads\/2022\/02\/5.png 500w\" sizes=\"auto, (max-width: 300px) 100vw, 300px\" \/><\/noscript><\/a><\/p>                <\/div><!-- \/slide-content -->\n            <\/div>\n        <\/div>\n             <div class=\"tf_swiper-slide\">\n            <div class=\"slide-inner-wrap\">\n                <div class=\"slide-content tb_text_wrap\">\n                    <ol start=\"5\">\n<li>\n<h2><span style=\"color: #33cccc;\"><strong><em>L\u2019intelligence verbo-linguistique (ou Alphafun)\u00a0:<\/em><\/strong><\/span><\/h2>\n<\/li>\n<\/ol>\n<p>C\u2019est la capacit\u00e9 \u00e0 utiliser les mots sous toutes ses formes pour verbaliser et comprendre des id\u00e9es\u00a0: \u00e9couter, parler, \u00e9crire, lire, raconter des histoires, savoir s\u2019exprimer\u2026<\/p>\n<p>Id\u00e9e\u00a0: jeu de m\u00e9li-m\u00e9lo, jeu des expressions\u2026<\/p>\n<p><a href=\"https:\/\/www.fileasbl.be\/membres\/wp-content\/uploads\/2022\/02\/3.png\"><img src=\"data:image\/svg+xml;charset=UTF-8,%3Csvg%20xmlns%3D%22http%3A%2F%2Fwww.w3.org%2F2000%2Fsvg%22%20width%3D%22300%22%20height%3D%22300%22%3E%3Cg%20fill%3D%22%23000000%22%3E%3Crect%20width%3D%22100%22%20height%3D%22100%22%2F%3E%3Crect%20width%3D%22100%22%20height%3D%22100%22%20x%3D%22100%22%2F%3E%3Crect%20width%3D%22100%22%20height%3D%22100%22%20x%3D%22200%22%2F%3E%3Crect%20width%3D%22100%22%20height%3D%22100%22%20y%3D%22100%22%2F%3E%3Crect%20width%3D%22100%22%20height%3D%22100%22%20fill%3D%22%23222220%22%20x%3D%22100%22%20y%3D%22100%22%2F%3E%3Crect%20width%3D%22100%22%20height%3D%22100%22%20fill%3D%22%23039fe3%22%20x%3D%22200%22%20y%3D%22100%22%2F%3E%3Crect%20width%3D%22100%22%20height%3D%22100%22%20y%3D%22200%22%2F%3E%3Crect%20width%3D%22100%22%20height%3D%22100%22%20fill%3D%22%230398d9%22%20x%3D%22100%22%20y%3D%22200%22%2F%3E%3Crect%20width%3D%22100%22%20height%3D%22100%22%20fill%3D%22%23ffffff%22%20x%3D%22200%22%20y%3D%22200%22%2F%3E%3C%2Fg%3E%3C%2Fsvg%3E\" decoding=\"async\" loading=\"lazy\" data-lazy=\"1\" class=\"tf_svg_lazy size-medium wp-image-24950 aligncenter\" data-tf-src=\"https:\/\/www.fileasbl.be\/membres\/wp-content\/uploads\/2022\/02\/3-300x300.png\" alt=\"\" width=\"300\" height=\"300\" data-tf-srcset=\"https:\/\/www.fileasbl.be\/membres\/wp-content\/uploads\/2022\/02\/3-300x300.png 300w, https:\/\/www.fileasbl.be\/membres\/wp-content\/uploads\/2022\/02\/3-150x150.png 150w, https:\/\/www.fileasbl.be\/membres\/wp-content\/uploads\/2022\/02\/3-400x400.png 400w, https:\/\/www.fileasbl.be\/membres\/wp-content\/uploads\/2022\/02\/3-100x100.png 100w, https:\/\/www.fileasbl.be\/membres\/wp-content\/uploads\/2022\/02\/3.png 500w\" data-tf-sizes=\"(max-width: 300px) 100vw, 300px\" \/><noscript><img loading=\"lazy\" decoding=\"async\" class=\"size-medium wp-image-24950 aligncenter\" data-tf-not-load src=\"https:\/\/www.fileasbl.be\/membres\/wp-content\/uploads\/2022\/02\/3-300x300.png\" alt=\"\" width=\"300\" height=\"300\" srcset=\"https:\/\/www.fileasbl.be\/membres\/wp-content\/uploads\/2022\/02\/3-300x300.png 300w, https:\/\/www.fileasbl.be\/membres\/wp-content\/uploads\/2022\/02\/3-150x150.png 150w, https:\/\/www.fileasbl.be\/membres\/wp-content\/uploads\/2022\/02\/3-400x400.png 400w, https:\/\/www.fileasbl.be\/membres\/wp-content\/uploads\/2022\/02\/3-100x100.png 100w, https:\/\/www.fileasbl.be\/membres\/wp-content\/uploads\/2022\/02\/3.png 500w\" sizes=\"auto, (max-width: 300px) 100vw, 300px\" \/><\/noscript><\/a><\/p>                <\/div><!-- \/slide-content -->\n            <\/div>\n        <\/div>\n             <div class=\"tf_swiper-slide\">\n            <div class=\"slide-inner-wrap\">\n                <div class=\"slide-content tb_text_wrap\">\n                    <ol start=\"6\">\n<li>\n<h2><span style=\"color: #003366;\"><strong><em>L\u2019intelligence visuospatiale (ou 3Dfun)\u00a0: <\/em><\/strong><\/span><\/h2>\n<\/li>\n<\/ol>\n<p>C\u2019est la capacit\u00e9 \u00e0 percevoir et \u00e0 cr\u00e9er des images mentales sur base de ce qu\u2019on voit\u00a0: se les repr\u00e9senter, les dessiner, se rep\u00e9rer dans l\u2019espace, avoir le sens de l\u2019orientation, observer les couleurs et les formes\u2026<\/p>\n<p>Id\u00e9e\u00a0: proposer des activit\u00e9s autour des puzzles.<\/p>\n<p><a href=\"https:\/\/www.fileasbl.be\/membres\/wp-content\/uploads\/2022\/02\/4.png\"><img src=\"data:image\/svg+xml;charset=UTF-8,%3Csvg%20xmlns%3D%22http%3A%2F%2Fwww.w3.org%2F2000%2Fsvg%22%20width%3D%22300%22%20height%3D%22300%22%3E%3Cg%20fill%3D%22%23000000%22%3E%3Crect%20width%3D%22100%22%20height%3D%22100%22%2F%3E%3Crect%20width%3D%22100%22%20height%3D%22100%22%20x%3D%22100%22%2F%3E%3Crect%20width%3D%22100%22%20height%3D%22100%22%20x%3D%22200%22%2F%3E%3Crect%20width%3D%22100%22%20height%3D%22100%22%20y%3D%22100%22%2F%3E%3Crect%20width%3D%22100%22%20height%3D%22100%22%20fill%3D%22%23211a5b%22%20x%3D%22100%22%20y%3D%22100%22%2F%3E%3Crect%20width%3D%22100%22%20height%3D%22100%22%20fill%3D%22%23312783%22%20x%3D%22200%22%20y%3D%22100%22%2F%3E%3Crect%20width%3D%22100%22%20height%3D%22100%22%20y%3D%22200%22%2F%3E%3Crect%20width%3D%22100%22%20height%3D%22100%22%20fill%3D%22%23312783%22%20x%3D%22100%22%20y%3D%22200%22%2F%3E%3Crect%20width%3D%22100%22%20height%3D%22100%22%20fill%3D%22%23ffffff%22%20x%3D%22200%22%20y%3D%22200%22%2F%3E%3C%2Fg%3E%3C%2Fsvg%3E\" decoding=\"async\" loading=\"lazy\" data-lazy=\"1\" class=\"tf_svg_lazy size-medium wp-image-24951 aligncenter\" data-tf-src=\"https:\/\/www.fileasbl.be\/membres\/wp-content\/uploads\/2022\/02\/4-300x300.png\" alt=\"\" width=\"300\" height=\"300\" data-tf-srcset=\"https:\/\/www.fileasbl.be\/membres\/wp-content\/uploads\/2022\/02\/4-300x300.png 300w, https:\/\/www.fileasbl.be\/membres\/wp-content\/uploads\/2022\/02\/4-150x150.png 150w, https:\/\/www.fileasbl.be\/membres\/wp-content\/uploads\/2022\/02\/4-400x400.png 400w, https:\/\/www.fileasbl.be\/membres\/wp-content\/uploads\/2022\/02\/4-100x100.png 100w, https:\/\/www.fileasbl.be\/membres\/wp-content\/uploads\/2022\/02\/4.png 500w\" data-tf-sizes=\"(max-width: 300px) 100vw, 300px\" \/><noscript><img loading=\"lazy\" decoding=\"async\" class=\"size-medium wp-image-24951 aligncenter\" data-tf-not-load src=\"https:\/\/www.fileasbl.be\/membres\/wp-content\/uploads\/2022\/02\/4-300x300.png\" alt=\"\" width=\"300\" height=\"300\" srcset=\"https:\/\/www.fileasbl.be\/membres\/wp-content\/uploads\/2022\/02\/4-300x300.png 300w, https:\/\/www.fileasbl.be\/membres\/wp-content\/uploads\/2022\/02\/4-150x150.png 150w, https:\/\/www.fileasbl.be\/membres\/wp-content\/uploads\/2022\/02\/4-400x400.png 400w, https:\/\/www.fileasbl.be\/membres\/wp-content\/uploads\/2022\/02\/4-100x100.png 100w, https:\/\/www.fileasbl.be\/membres\/wp-content\/uploads\/2022\/02\/4.png 500w\" sizes=\"auto, (max-width: 300px) 100vw, 300px\" \/><\/noscript><\/a><\/p>                <\/div><!-- \/slide-content -->\n            <\/div>\n        <\/div>\n             <div class=\"tf_swiper-slide\">\n            <div class=\"slide-inner-wrap\">\n                <div class=\"slide-content tb_text_wrap\">\n                    <ol start=\"7\">\n<li>\n<h2><span style=\"color: #800080;\"><strong><em>L\u2019intelligence logico-math\u00e9matique (ou Mathifun) :<\/em><\/strong><\/span><\/h2>\n<\/li>\n<\/ol>\n<p>Il s\u2019agit de l\u2019intelligence qui permet de raisonner de fa\u00e7on logique pour calculer, compter, organiser, planifier, structurer, g\u00e9rer son temps\u2026<\/p>\n<p>Id\u00e9e\u00a0: proposer la m\u00e9thode \u00ab\u00a0des petits pas\u00a0\u00bb pour arriver \u00e0 un objectif pr\u00e9cis.<\/p>\n<p><a href=\"https:\/\/www.fileasbl.be\/membres\/wp-content\/uploads\/2022\/02\/2.png\"><img src=\"data:image\/svg+xml;charset=UTF-8,%3Csvg%20xmlns%3D%22http%3A%2F%2Fwww.w3.org%2F2000%2Fsvg%22%20width%3D%22300%22%20height%3D%22300%22%3E%3Cg%20fill%3D%22%23000000%22%3E%3Crect%20width%3D%22100%22%20height%3D%22100%22%2F%3E%3Crect%20width%3D%22100%22%20height%3D%22100%22%20x%3D%22100%22%2F%3E%3Crect%20width%3D%22100%22%20height%3D%22100%22%20x%3D%22200%22%2F%3E%3Crect%20width%3D%22100%22%20height%3D%22100%22%20y%3D%22100%22%2F%3E%3Crect%20width%3D%22100%22%20height%3D%22100%22%20fill%3D%22%23080808%22%20x%3D%22100%22%20y%3D%22100%22%2F%3E%3Crect%20width%3D%22100%22%20height%3D%22100%22%20fill%3D%22%238f116e%22%20x%3D%22200%22%20y%3D%22100%22%2F%3E%3Crect%20width%3D%22100%22%20height%3D%22100%22%20y%3D%22200%22%2F%3E%3Crect%20width%3D%22100%22%20height%3D%22100%22%20fill%3D%22%238f116e%22%20x%3D%22100%22%20y%3D%22200%22%2F%3E%3Crect%20width%3D%22100%22%20height%3D%22100%22%20fill%3D%22%23ffffff%22%20x%3D%22200%22%20y%3D%22200%22%2F%3E%3C%2Fg%3E%3C%2Fsvg%3E\" decoding=\"async\" loading=\"lazy\" data-lazy=\"1\" class=\"tf_svg_lazy size-medium wp-image-24949 aligncenter\" data-tf-src=\"https:\/\/www.fileasbl.be\/membres\/wp-content\/uploads\/2022\/02\/2-300x300.png\" alt=\"\" width=\"300\" height=\"300\" data-tf-srcset=\"https:\/\/www.fileasbl.be\/membres\/wp-content\/uploads\/2022\/02\/2-300x300.png 300w, https:\/\/www.fileasbl.be\/membres\/wp-content\/uploads\/2022\/02\/2-150x150.png 150w, https:\/\/www.fileasbl.be\/membres\/wp-content\/uploads\/2022\/02\/2-400x400.png 400w, https:\/\/www.fileasbl.be\/membres\/wp-content\/uploads\/2022\/02\/2-100x100.png 100w, https:\/\/www.fileasbl.be\/membres\/wp-content\/uploads\/2022\/02\/2.png 500w\" data-tf-sizes=\"(max-width: 300px) 100vw, 300px\" \/><noscript><img loading=\"lazy\" decoding=\"async\" class=\"size-medium wp-image-24949 aligncenter\" data-tf-not-load src=\"https:\/\/www.fileasbl.be\/membres\/wp-content\/uploads\/2022\/02\/2-300x300.png\" alt=\"\" width=\"300\" height=\"300\" srcset=\"https:\/\/www.fileasbl.be\/membres\/wp-content\/uploads\/2022\/02\/2-300x300.png 300w, https:\/\/www.fileasbl.be\/membres\/wp-content\/uploads\/2022\/02\/2-150x150.png 150w, https:\/\/www.fileasbl.be\/membres\/wp-content\/uploads\/2022\/02\/2-400x400.png 400w, https:\/\/www.fileasbl.be\/membres\/wp-content\/uploads\/2022\/02\/2-100x100.png 100w, https:\/\/www.fileasbl.be\/membres\/wp-content\/uploads\/2022\/02\/2.png 500w\" sizes=\"auto, (max-width: 300px) 100vw, 300px\" \/><\/noscript><\/a><\/p>                <\/div><!-- \/slide-content -->\n            <\/div>\n        <\/div>\n             <div class=\"tf_swiper-slide\">\n            <div class=\"slide-inner-wrap\">\n                <div class=\"slide-content tb_text_wrap\">\n                    <ol start=\"8\">\n<li style=\"text-align: left;\">\n<h2><strong><em><span style=\"color: #ff0000;\">L\u2019in<\/span><span style=\"color: #ff6600;\">tell<\/span><span style=\"color: #ffcc00;\">ige<\/span><span style=\"color: #99cc00;\">nce<\/span> <span style=\"color: #33cccc;\">nat<\/span><span style=\"color: #000080;\">ural<\/span><span style=\"color: #800080;\">iste<\/span> <span style=\"color: #800080;\">(ou Vitafun)\u00a0:<\/span><\/em><\/strong><\/h2>\n<\/li>\n<\/ol>\n<p>\u00catre sensible \u00e0 la nature, aux min\u00e9raux, aux animaux : observer, reconna\u00eetre, chercher \u00e0 comprendre la nature, \u00eatre \u00e9co-citoyen, identifier et classer, prot\u00e9ger l\u2019environnement, \u00eatre intelligent avec la nature.<\/p>\n<p>Id\u00e9e\u00a0: proposer une activit\u00e9 autour des 3 Re\u00a0: r\u00e9duire, r\u00e9utiliser, recycler.<\/p>\n<p><a href=\"https:\/\/www.fileasbl.be\/membres\/wp-content\/uploads\/2022\/02\/1.png\"><img src=\"data:image\/svg+xml;charset=UTF-8,%3Csvg%20xmlns%3D%22http%3A%2F%2Fwww.w3.org%2F2000%2Fsvg%22%20width%3D%22300%22%20height%3D%22300%22%3E%3Cg%20fill%3D%22%23000000%22%3E%3Crect%20width%3D%22100%22%20height%3D%22100%22%2F%3E%3Crect%20width%3D%22100%22%20height%3D%22100%22%20x%3D%22100%22%2F%3E%3Crect%20width%3D%22100%22%20height%3D%22100%22%20x%3D%22200%22%2F%3E%3Crect%20width%3D%22100%22%20height%3D%22100%22%20y%3D%22100%22%2F%3E%3Crect%20width%3D%22100%22%20height%3D%22100%22%20x%3D%22100%22%20y%3D%22100%22%2F%3E%3Crect%20width%3D%22100%22%20height%3D%22100%22%20fill%3D%22%23ec6608%22%20x%3D%22200%22%20y%3D%22100%22%2F%3E%3Crect%20width%3D%22100%22%20height%3D%22100%22%20y%3D%22200%22%2F%3E%3Crect%20width%3D%22100%22%20height%3D%22100%22%20fill%3D%22%23feec00%22%20x%3D%22100%22%20y%3D%22200%22%2F%3E%3Crect%20width%3D%22100%22%20height%3D%22100%22%20fill%3D%22%230f0f0f%22%20x%3D%22200%22%20y%3D%22200%22%2F%3E%3C%2Fg%3E%3C%2Fsvg%3E\" decoding=\"async\" loading=\"lazy\" data-lazy=\"1\" class=\"tf_svg_lazy size-medium wp-image-24953 aligncenter\" data-tf-src=\"https:\/\/www.fileasbl.be\/membres\/wp-content\/uploads\/2022\/02\/1-300x300.png\" alt=\"\" width=\"300\" height=\"300\" data-tf-srcset=\"https:\/\/www.fileasbl.be\/membres\/wp-content\/uploads\/2022\/02\/1-300x300.png 300w, https:\/\/www.fileasbl.be\/membres\/wp-content\/uploads\/2022\/02\/1-150x150.png 150w, https:\/\/www.fileasbl.be\/membres\/wp-content\/uploads\/2022\/02\/1-400x400.png 400w, https:\/\/www.fileasbl.be\/membres\/wp-content\/uploads\/2022\/02\/1-100x100.png 100w, https:\/\/www.fileasbl.be\/membres\/wp-content\/uploads\/2022\/02\/1.png 500w\" data-tf-sizes=\"(max-width: 300px) 100vw, 300px\" \/><noscript><img loading=\"lazy\" decoding=\"async\" class=\"size-medium wp-image-24953 aligncenter\" data-tf-not-load src=\"https:\/\/www.fileasbl.be\/membres\/wp-content\/uploads\/2022\/02\/1-300x300.png\" alt=\"\" width=\"300\" height=\"300\" srcset=\"https:\/\/www.fileasbl.be\/membres\/wp-content\/uploads\/2022\/02\/1-300x300.png 300w, https:\/\/www.fileasbl.be\/membres\/wp-content\/uploads\/2022\/02\/1-150x150.png 150w, https:\/\/www.fileasbl.be\/membres\/wp-content\/uploads\/2022\/02\/1-400x400.png 400w, https:\/\/www.fileasbl.be\/membres\/wp-content\/uploads\/2022\/02\/1-100x100.png 100w, https:\/\/www.fileasbl.be\/membres\/wp-content\/uploads\/2022\/02\/1.png 500w\" sizes=\"auto, (max-width: 300px) 100vw, 300px\" \/><\/noscript><\/a><\/p>                <\/div><!-- \/slide-content -->\n            <\/div>\n        <\/div>\n    \t\t    <\/div>\n    <\/div>\n<\/div>\n<!-- module divider -->\n<div  class=\"module tf_mw module-divider tb_0ry7574 solid   \" style=\"border-width: 1px;border-color: #118f22;margin-top: 30px;margin-bottom: 30px;\" data-lazy=\"1\">\n    <\/div>\n<!-- \/module divider -->\n<!-- module text -->\n<div  class=\"module module-text tb_1low158   \" data-lazy=\"1\">\n        <div  class=\"tb_text_wrap\">\n    <p>L\u2019id\u00e9e de cette matin\u00e9e \u00e9tait de mieux comprendre les diff\u00e9rentes intelligences et de mettre en \u00e9vidence l\u2019importance de soutenir celles-ci dans toutes leurs dimensions sans se limiter \u00e0 celles d\u00e9velopp\u00e9es habituellement. L\u2019accueil extrascolaire est un lieu riche de partage, d\u2019\u00e9changes, de soutien, de moments de qualit\u00e9 et est un donc un endroit o\u00f9 ces intelligences sont soutenues et nourries. Le regard de confiance qu\u2019ont les accueillant.e.s envers les enfants ont toute leur importance et ont un grand impact dans leur d\u00e9veloppement.<\/p>    <\/div>\n<\/div>\n<!-- \/module text --><!-- module accordion -->\n<div  class=\"module module-accordion tb_ebfm79 \" data-behavior=\"toggle\" data-lazy=\"1\">\n    \n    <ul class=\"ui module-accordion plus-icon-button rounded embossed tb_default_color\">\n\t\t    <li>\n\t\t\t<div class=\"accordion-title tf_rel\">\n\t\t\t\t<a href=\"#acc-ebfm79-0\" aria-controls=\"acc-ebfm79-0-content\" aria-expanded=\"false\">\n\t\t\t\t\t\t\t\t\t\t\t\t\t\t\t<span class=\"tb_title_accordion tf_w\">Pour en apprendre plus, voici quelques ressources mises en \u00e9vidence par Perrine Bigot : <\/span>\n\t\t\t\t<\/a>\n\t\t\t<\/div><!-- .accordion-title -->\n\n\t\t\t<div id=\"acc-ebfm79-0-content\" data-id=\"acc-ebfm79-0\" aria-hidden=\"true\" class=\"accordion-content tf_hide\">\n\n\t\t\t\t\t\t\t\t\t<div\t\t\t\t\t\tclass=\"tb_text_wrap\"\n\t\t\t\t\t\t>\n\t\t\t\t\t\t<p>Site<a href=\"https:\/\/octofun.org\/\"> OCTOFUN<\/a> (pr\u00e9sentation, t\u00e9l\u00e9chargement d&rsquo;outils&#8230;)<\/p>\n<p>Site internet du <a href=\"https:\/\/www.centremetamo.be\/\">centre M\u00e9taM\u00f4<\/a><\/p>\n<p><a href=\"https:\/\/www.atzeo.com\/produit\/merci-aux-enseignants-flexibles-pour-leurs-amenagements\/\">Livre de Perrine BIGOT<\/a> aux \u00e9ditions ATZEO<\/p>\n<p>Pages <a href=\"https:\/\/www.facebook.com\/Perrine-BIGOT-Orthop%C3%A9dagogue-874610512623873\/\">Facebook Perrine BIGOT<\/a><\/p>\n<p>Page<a href=\"https:\/\/m.facebook.com\/metamocentrepedagogique\/\"> Facebook M\u00e9taM\u00f4<\/a><\/p>\n<p>Page <a href=\"https:\/\/www.facebook.com\/lesoctofun\/\">Facebook Octofun<\/a><\/p>\t\t\t\t\t<\/div>\n\t\t\t\t\n\t\t\t<\/div><!-- .accordion-content -->\n\t    <\/li>\n\t    <\/ul>\n\n<\/div><!-- \/module accordion -->\t        <\/div>\n\t    \t<\/div>\n\t\t    <\/div>\n\t    <!-- \/row_inner -->\n\t<\/div>\n\t<!-- \/module_row -->\n\t<\/div>\n<!--\/themify_builder_content-->","protected":false},"excerpt":{"rendered":"<p>La documentation p\u00e9dagogique (observations, photos, vid\u00e9os, journaux, tableaux\u2026) est une pratique assez commune dans les milieux d\u2019accueil situ\u00e9s dans le Nord et le Centre de l\u2019Italie.<\/p>\n","protected":false},"author":2,"featured_media":0,"comment_status":"open","ping_status":"open","sticky":false,"template":"","format":"standard","meta":{"footnotes":""},"categories":[248,291,300],"tags":[],"class_list":["post-22605","post","type-post","status-publish","format-standard","hentry","category-atl","category-colloque","category-notes-pedagogiques","has-post-title","has-post-date","has-post-category","has-post-tag","has-post-comment","has-post-author",""],"yoast_head":"<!-- This site is optimized with the Yoast SEO plugin v27.5 - https:\/\/yoast.com\/product\/yoast-seo-wordpress\/ -->\n<title>Les Intelligences Multiples en enfance - Site de la FILE<\/title>\n<meta name=\"robots\" content=\"index, follow, max-snippet:-1, max-image-preview:large, max-video-preview:-1\" \/>\n<link rel=\"canonical\" href=\"https:\/\/www.fileasbl.be\/membres\/retour-sur-la-conference-les-intelligences-multiples-20-01-2022\/\" \/>\n<meta property=\"og:locale\" content=\"fr_FR\" \/>\n<meta property=\"og:type\" content=\"article\" \/>\n<meta property=\"og:title\" content=\"Les Intelligences Multiples en enfance - Site de la FILE\" \/>\n<meta property=\"og:description\" content=\"La documentation p\u00e9dagogique (observations, photos, vid\u00e9os, journaux, tableaux\u2026) est une pratique assez commune dans les milieux d\u2019accueil situ\u00e9s dans le Nord et le Centre de l\u2019Italie.\" \/>\n<meta property=\"og:url\" content=\"https:\/\/www.fileasbl.be\/membres\/retour-sur-la-conference-les-intelligences-multiples-20-01-2022\/\" \/>\n<meta property=\"og:site_name\" content=\"Site de la FILE\" \/>\n<meta property=\"article:publisher\" content=\"https:\/\/www.facebook.com\/fileasbl\/\" \/>\n<meta property=\"article:published_time\" content=\"2022-02-15T16:12:33+00:00\" \/>\n<meta property=\"article:modified_time\" content=\"2025-09-02T08:33:39+00:00\" \/>\n<meta property=\"og:image\" content=\"https:\/\/www.fileasbl.be\/membres\/wp-content\/uploads\/2020\/02\/2020-Site-article-800x200-Intelligences-multiples.jpg\" \/>\n\t<meta property=\"og:image:width\" content=\"1067\" \/>\n\t<meta property=\"og:image:height\" content=\"267\" \/>\n\t<meta property=\"og:image:type\" content=\"image\/jpeg\" \/>\n<meta name=\"author\" content=\"Contact FILE\" \/>\n<meta name=\"twitter:card\" content=\"summary_large_image\" \/>\n<meta name=\"twitter:label1\" content=\"\u00c9crit par\" \/>\n\t<meta name=\"twitter:data1\" content=\"Contact FILE\" \/>\n<script type=\"application\/ld+json\" class=\"yoast-schema-graph\">{\"@context\":\"https:\\\/\\\/schema.org\",\"@graph\":[{\"@type\":\"Article\",\"@id\":\"https:\\\/\\\/www.fileasbl.be\\\/membres\\\/retour-sur-la-conference-les-intelligences-multiples-20-01-2022\\\/#article\",\"isPartOf\":{\"@id\":\"https:\\\/\\\/www.fileasbl.be\\\/membres\\\/retour-sur-la-conference-les-intelligences-multiples-20-01-2022\\\/\"},\"author\":{\"name\":\"Contact FILE\",\"@id\":\"https:\\\/\\\/www.fileasbl.be\\\/membres\\\/#\\\/schema\\\/person\\\/5954a0c68c3a6f92f805465caa00d25f\"},\"headline\":\"Les Intelligences Multiples en enfance\",\"datePublished\":\"2022-02-15T16:12:33+00:00\",\"dateModified\":\"2025-09-02T08:33:39+00:00\",\"mainEntityOfPage\":{\"@id\":\"https:\\\/\\\/www.fileasbl.be\\\/membres\\\/retour-sur-la-conference-les-intelligences-multiples-20-01-2022\\\/\"},\"wordCount\":1093,\"commentCount\":0,\"image\":{\"@id\":\"https:\\\/\\\/www.fileasbl.be\\\/membres\\\/retour-sur-la-conference-les-intelligences-multiples-20-01-2022\\\/#primaryimage\"},\"thumbnailUrl\":\"https:\\\/\\\/www.fileasbl.be\\\/membres\\\/wp-content\\\/uploads\\\/2022\\\/02\\\/Banniere-Intelligences-Multiples.png\",\"articleSection\":[\"ATL\",\"Colloque, conf\u00e9rences\",\"Notes p\u00e9dagogiques\"],\"inLanguage\":\"fr-FR\",\"potentialAction\":[{\"@type\":\"CommentAction\",\"name\":\"Comment\",\"target\":[\"https:\\\/\\\/www.fileasbl.be\\\/membres\\\/retour-sur-la-conference-les-intelligences-multiples-20-01-2022\\\/#respond\"]}]},{\"@type\":\"WebPage\",\"@id\":\"https:\\\/\\\/www.fileasbl.be\\\/membres\\\/retour-sur-la-conference-les-intelligences-multiples-20-01-2022\\\/\",\"url\":\"https:\\\/\\\/www.fileasbl.be\\\/membres\\\/retour-sur-la-conference-les-intelligences-multiples-20-01-2022\\\/\",\"name\":\"Les Intelligences Multiples en enfance - Site de la FILE\",\"isPartOf\":{\"@id\":\"https:\\\/\\\/www.fileasbl.be\\\/membres\\\/#website\"},\"primaryImageOfPage\":{\"@id\":\"https:\\\/\\\/www.fileasbl.be\\\/membres\\\/retour-sur-la-conference-les-intelligences-multiples-20-01-2022\\\/#primaryimage\"},\"image\":{\"@id\":\"https:\\\/\\\/www.fileasbl.be\\\/membres\\\/retour-sur-la-conference-les-intelligences-multiples-20-01-2022\\\/#primaryimage\"},\"thumbnailUrl\":\"https:\\\/\\\/www.fileasbl.be\\\/membres\\\/wp-content\\\/uploads\\\/2022\\\/02\\\/Banniere-Intelligences-Multiples.png\",\"datePublished\":\"2022-02-15T16:12:33+00:00\",\"dateModified\":\"2025-09-02T08:33:39+00:00\",\"author\":{\"@id\":\"https:\\\/\\\/www.fileasbl.be\\\/membres\\\/#\\\/schema\\\/person\\\/5954a0c68c3a6f92f805465caa00d25f\"},\"breadcrumb\":{\"@id\":\"https:\\\/\\\/www.fileasbl.be\\\/membres\\\/retour-sur-la-conference-les-intelligences-multiples-20-01-2022\\\/#breadcrumb\"},\"inLanguage\":\"fr-FR\",\"potentialAction\":[{\"@type\":\"ReadAction\",\"target\":[\"https:\\\/\\\/www.fileasbl.be\\\/membres\\\/retour-sur-la-conference-les-intelligences-multiples-20-01-2022\\\/\"]}]},{\"@type\":\"ImageObject\",\"inLanguage\":\"fr-FR\",\"@id\":\"https:\\\/\\\/www.fileasbl.be\\\/membres\\\/retour-sur-la-conference-les-intelligences-multiples-20-01-2022\\\/#primaryimage\",\"url\":\"https:\\\/\\\/www.fileasbl.be\\\/membres\\\/wp-content\\\/uploads\\\/2022\\\/02\\\/Banniere-Intelligences-Multiples.png\",\"contentUrl\":\"https:\\\/\\\/www.fileasbl.be\\\/membres\\\/wp-content\\\/uploads\\\/2022\\\/02\\\/Banniere-Intelligences-Multiples.png\",\"width\":1584,\"height\":396},{\"@type\":\"BreadcrumbList\",\"@id\":\"https:\\\/\\\/www.fileasbl.be\\\/membres\\\/retour-sur-la-conference-les-intelligences-multiples-20-01-2022\\\/#breadcrumb\",\"itemListElement\":[{\"@type\":\"ListItem\",\"position\":1,\"name\":\"Accueil\",\"item\":\"https:\\\/\\\/www.fileasbl.be\\\/membres\\\/\"},{\"@type\":\"ListItem\",\"position\":2,\"name\":\"Les Intelligences Multiples en enfance\"}]},{\"@type\":\"WebSite\",\"@id\":\"https:\\\/\\\/www.fileasbl.be\\\/membres\\\/#website\",\"url\":\"https:\\\/\\\/www.fileasbl.be\\\/membres\\\/\",\"name\":\"Site de la FILE\",\"description\":\"FILE Un accueil de qualit\u00e9 accessible \u00e0 tous\",\"potentialAction\":[{\"@type\":\"SearchAction\",\"target\":{\"@type\":\"EntryPoint\",\"urlTemplate\":\"https:\\\/\\\/www.fileasbl.be\\\/membres\\\/?s={search_term_string}\"},\"query-input\":{\"@type\":\"PropertyValueSpecification\",\"valueRequired\":true,\"valueName\":\"search_term_string\"}}],\"inLanguage\":\"fr-FR\"},{\"@type\":\"Person\",\"@id\":\"https:\\\/\\\/www.fileasbl.be\\\/membres\\\/#\\\/schema\\\/person\\\/5954a0c68c3a6f92f805465caa00d25f\",\"name\":\"Contact FILE\",\"url\":\"https:\\\/\\\/www.fileasbl.be\\\/membres\\\/author\\\/contactfile\\\/\"}]}<\/script>\n<!-- \/ Yoast SEO plugin. -->","yoast_head_json":{"title":"Les Intelligences Multiples en enfance - Site de la FILE","robots":{"index":"index","follow":"follow","max-snippet":"max-snippet:-1","max-image-preview":"max-image-preview:large","max-video-preview":"max-video-preview:-1"},"canonical":"https:\/\/www.fileasbl.be\/membres\/retour-sur-la-conference-les-intelligences-multiples-20-01-2022\/","og_locale":"fr_FR","og_type":"article","og_title":"Les Intelligences Multiples en enfance - Site de la FILE","og_description":"La documentation p\u00e9dagogique (observations, photos, vid\u00e9os, journaux, tableaux\u2026) est une pratique assez commune dans les milieux d\u2019accueil situ\u00e9s dans le Nord et le Centre de l\u2019Italie.","og_url":"https:\/\/www.fileasbl.be\/membres\/retour-sur-la-conference-les-intelligences-multiples-20-01-2022\/","og_site_name":"Site de la FILE","article_publisher":"https:\/\/www.facebook.com\/fileasbl\/","article_published_time":"2022-02-15T16:12:33+00:00","article_modified_time":"2025-09-02T08:33:39+00:00","og_image":[{"width":1067,"height":267,"url":"https:\/\/www.fileasbl.be\/membres\/wp-content\/uploads\/2020\/02\/2020-Site-article-800x200-Intelligences-multiples.jpg","type":"image\/jpeg"}],"author":"Contact FILE","twitter_card":"summary_large_image","twitter_misc":{"\u00c9crit par":"Contact FILE"},"schema":{"@context":"https:\/\/schema.org","@graph":[{"@type":"Article","@id":"https:\/\/www.fileasbl.be\/membres\/retour-sur-la-conference-les-intelligences-multiples-20-01-2022\/#article","isPartOf":{"@id":"https:\/\/www.fileasbl.be\/membres\/retour-sur-la-conference-les-intelligences-multiples-20-01-2022\/"},"author":{"name":"Contact FILE","@id":"https:\/\/www.fileasbl.be\/membres\/#\/schema\/person\/5954a0c68c3a6f92f805465caa00d25f"},"headline":"Les Intelligences Multiples en enfance","datePublished":"2022-02-15T16:12:33+00:00","dateModified":"2025-09-02T08:33:39+00:00","mainEntityOfPage":{"@id":"https:\/\/www.fileasbl.be\/membres\/retour-sur-la-conference-les-intelligences-multiples-20-01-2022\/"},"wordCount":1093,"commentCount":0,"image":{"@id":"https:\/\/www.fileasbl.be\/membres\/retour-sur-la-conference-les-intelligences-multiples-20-01-2022\/#primaryimage"},"thumbnailUrl":"https:\/\/www.fileasbl.be\/membres\/wp-content\/uploads\/2022\/02\/Banniere-Intelligences-Multiples.png","articleSection":["ATL","Colloque, conf\u00e9rences","Notes p\u00e9dagogiques"],"inLanguage":"fr-FR","potentialAction":[{"@type":"CommentAction","name":"Comment","target":["https:\/\/www.fileasbl.be\/membres\/retour-sur-la-conference-les-intelligences-multiples-20-01-2022\/#respond"]}]},{"@type":"WebPage","@id":"https:\/\/www.fileasbl.be\/membres\/retour-sur-la-conference-les-intelligences-multiples-20-01-2022\/","url":"https:\/\/www.fileasbl.be\/membres\/retour-sur-la-conference-les-intelligences-multiples-20-01-2022\/","name":"Les Intelligences Multiples en enfance - Site de la FILE","isPartOf":{"@id":"https:\/\/www.fileasbl.be\/membres\/#website"},"primaryImageOfPage":{"@id":"https:\/\/www.fileasbl.be\/membres\/retour-sur-la-conference-les-intelligences-multiples-20-01-2022\/#primaryimage"},"image":{"@id":"https:\/\/www.fileasbl.be\/membres\/retour-sur-la-conference-les-intelligences-multiples-20-01-2022\/#primaryimage"},"thumbnailUrl":"https:\/\/www.fileasbl.be\/membres\/wp-content\/uploads\/2022\/02\/Banniere-Intelligences-Multiples.png","datePublished":"2022-02-15T16:12:33+00:00","dateModified":"2025-09-02T08:33:39+00:00","author":{"@id":"https:\/\/www.fileasbl.be\/membres\/#\/schema\/person\/5954a0c68c3a6f92f805465caa00d25f"},"breadcrumb":{"@id":"https:\/\/www.fileasbl.be\/membres\/retour-sur-la-conference-les-intelligences-multiples-20-01-2022\/#breadcrumb"},"inLanguage":"fr-FR","potentialAction":[{"@type":"ReadAction","target":["https:\/\/www.fileasbl.be\/membres\/retour-sur-la-conference-les-intelligences-multiples-20-01-2022\/"]}]},{"@type":"ImageObject","inLanguage":"fr-FR","@id":"https:\/\/www.fileasbl.be\/membres\/retour-sur-la-conference-les-intelligences-multiples-20-01-2022\/#primaryimage","url":"https:\/\/www.fileasbl.be\/membres\/wp-content\/uploads\/2022\/02\/Banniere-Intelligences-Multiples.png","contentUrl":"https:\/\/www.fileasbl.be\/membres\/wp-content\/uploads\/2022\/02\/Banniere-Intelligences-Multiples.png","width":1584,"height":396},{"@type":"BreadcrumbList","@id":"https:\/\/www.fileasbl.be\/membres\/retour-sur-la-conference-les-intelligences-multiples-20-01-2022\/#breadcrumb","itemListElement":[{"@type":"ListItem","position":1,"name":"Accueil","item":"https:\/\/www.fileasbl.be\/membres\/"},{"@type":"ListItem","position":2,"name":"Les Intelligences Multiples en enfance"}]},{"@type":"WebSite","@id":"https:\/\/www.fileasbl.be\/membres\/#website","url":"https:\/\/www.fileasbl.be\/membres\/","name":"Site de la FILE","description":"FILE Un accueil de qualit\u00e9 accessible \u00e0 tous","potentialAction":[{"@type":"SearchAction","target":{"@type":"EntryPoint","urlTemplate":"https:\/\/www.fileasbl.be\/membres\/?s={search_term_string}"},"query-input":{"@type":"PropertyValueSpecification","valueRequired":true,"valueName":"search_term_string"}}],"inLanguage":"fr-FR"},{"@type":"Person","@id":"https:\/\/www.fileasbl.be\/membres\/#\/schema\/person\/5954a0c68c3a6f92f805465caa00d25f","name":"Contact FILE","url":"https:\/\/www.fileasbl.be\/membres\/author\/contactfile\/"}]}},"builder_content":"<img loading=\"lazy\" decoding=\"async\" width=\"1584\" height=\"396\" src=\"https:\/\/www.fileasbl.be\/membres\/wp-content\/uploads\/2022\/02\/Banniere-Intelligences-Multiples.png\" title=\"Banni\u00e8re Intelligences Multiples\" alt=\"Banni\u00e8re Intelligences Multiples\" srcset=\"https:\/\/www.fileasbl.be\/membres\/wp-content\/uploads\/2022\/02\/Banniere-Intelligences-Multiples.png 1584w, https:\/\/www.fileasbl.be\/membres\/wp-content\/uploads\/2022\/02\/Banniere-Intelligences-Multiples-300x75.png 300w, https:\/\/www.fileasbl.be\/membres\/wp-content\/uploads\/2022\/02\/Banniere-Intelligences-Multiples-1024x256.png 1024w, https:\/\/www.fileasbl.be\/membres\/wp-content\/uploads\/2022\/02\/Banniere-Intelligences-Multiples-768x192.png 768w, https:\/\/www.fileasbl.be\/membres\/wp-content\/uploads\/2022\/02\/Banniere-Intelligences-Multiples-1536x384.png 1536w, https:\/\/www.fileasbl.be\/membres\/wp-content\/uploads\/2022\/02\/Banniere-Intelligences-Multiples-400x100.png 400w\" sizes=\"auto, (max-width: 1584px) 100vw, 1584px\" \/>\n\n<p>Le 20 janvier 2022, nous organisions une conf\u00e9rence sous format webinaire sur les intelligences multiples avec l\u2019orthop\u00e9dagogue Perrine Bigot\u00a0! Pr\u00e8s de 90 professionnel.le.s de l\u2019Accueil Temps Libre ont pu profiter de son expertise et participer \u00e0 cette matin\u00e9e riche d\u2019\u00e9changes\u00a0!<\/p>\n<h3>Retrouvez l'essence de cette conf\u00e9rence par ici !<\/h3>\n\n<img loading=\"lazy\" decoding=\"async\" src=\"https:\/\/www.fileasbl.be\/membres\/wp-content\/uploads\/2022\/02\/Sans-titre-300x300.png\" width=\"300\" height=\"300\" title=\"Sans titre\" alt=\"Sans titre\" srcset=\"https:\/\/www.fileasbl.be\/membres\/wp-content\/uploads\/2022\/02\/Sans-titre-300x300.png 300w, https:\/\/www.fileasbl.be\/membres\/wp-content\/uploads\/2022\/02\/Sans-titre-150x150.png 150w, https:\/\/www.fileasbl.be\/membres\/wp-content\/uploads\/2022\/02\/Sans-titre-400x400.png 400w, https:\/\/www.fileasbl.be\/membres\/wp-content\/uploads\/2022\/02\/Sans-titre-100x100.png 100w, https:\/\/www.fileasbl.be\/membres\/wp-content\/uploads\/2022\/02\/Sans-titre.png 500w\" sizes=\"auto, (max-width: 300px) 100vw, 300px\" \/>\n<h4><strong>Perrine BIGOT<\/strong><\/h4> <p>Formatrice sp\u00e9cialis\u00e9e en Orthop\u00e9dagogie (accompagnement des jeunes en difficult\u00e9 d'apprentissage). <br \/>Formatrice pour l'outil OCTOFUN.<\/p> <p>Coordinatrice du centre M\u00e9taM\u00f4<\/p> <p>Auteure du livre \"Merci aux enseignants flexibles pour leurs am\u00e9nagements\"<\/p> <p>Coach enfant dans le monde cin\u00e9matographique<\/p>\n\n<h1>Que retenir de la matin\u00e9e ?<br\/><\/h1>\n<p>Notre soci\u00e9t\u00e9 rapporte tr\u00e8s souvent l\u2019intelligence au quotient intellectuel (QI). Pourtant, celui-ci ne comprend pas toutes les formes d\u2019intelligences. Au contraire, le QI ne mesure que tr\u00e8s peu des huit formes d\u2019intelligences mises en \u00e9vidence par Howard Gardner dans les ann\u00e9es 80.<\/p> <p>Notre soci\u00e9t\u00e9 et le syst\u00e8me scolaire ne consid\u00e8rent pas assez ces diff\u00e9rentes forces et capacit\u00e9s et restent sur une conception globale de l\u2019intelligence. Nous apprenons pourtant mieux lorsque nous sommes actifs, lors d\u2019activit\u00e9s pratiques et diversifi\u00e9es et lorsqu\u2019il est possible de choisir sa mani\u00e8re favorite d\u2019apprendre. L\u2019accueil extrascolaire est beaucoup plus dans l\u2019action en faisant en sorte que les enfants soient acteurs dans leurs apprentissages et dans leur vie. Il est donc primordial de valoriser cet accueil de qualit\u00e9 pour tous les enfants.<\/p> <p>Ces 8 intelligences, nous les avons toutes en nous. Toutes ne sont pas d\u00e9velopp\u00e9es au m\u00eame niveau. En effet, cela va d\u00e9pendre de celles que l\u2019on va entrainer tout au long de notre vie et il n\u2019est jamais trop tard pour d\u00e9velopper l\u2019une d\u2019elle. Ces intelligences sont subtiles et sont utilis\u00e9es de mani\u00e8re dynamique, c\u2019est-\u00e0-dire via de nombreuses mani\u00e8res diff\u00e9rentes\u00a0!<\/p>\n\n<h1>Focus sur l\u2019outil Octofun <br\/><\/h1>\n<p>L\u2019outil \u00ab\u00a0Octofun\u00a0\u00bb, cr\u00e9\u00e9 par la belge Fran\u00e7oise Roemers Poumay, est une p\u00e9dagogie. Mais attention\u00a0: il ne s\u2019agit surtout pas d\u2019une m\u00e9thode\u00a0\u00e0 appliquer telle quelle ! Cet outil s\u2019appuie sur 3 ingr\u00e9dients\u00a0: les intelligences multiples, la gestion mentale et la psychologie positive. Il met en \u00e9vidence ces huit formes d\u2019intelligences d\u00e9velopp\u00e9es par Howard Gardner de mani\u00e8re ludique. \u00a0<\/p> <p>Les Octofuns repr\u00e9sentent en quelques sortes des boules d\u2019\u00e9nergie que nous avons tous et toutes en nous, dont il faut prendre soin en les nourrissant et en les entretenant. Pour faire grandir une intelligence, il est n\u00e9cessaire d\u2019en avoir l\u2019envie, de stimuler l\u2019apprentissage et de pratiquer. Arr\u00eatons-nous quelques instants sur ces diff\u00e9rents intelligences\u00a0:<\/p>\n\n<ol> <li> <h2><strong><em>L\u2019intelligence kinesth\u00e9sique (appel\u00e9e \u00e9galement Bodyfun)\u00a0:<\/em><\/strong><\/h2> <\/li> <\/ol> <p>C\u2019est l\u2019intelligence du mouvement, du corps\u00a0; la capacit\u00e9 \u00e0 utiliser son corps et \u00e0 s\u2019exprimer par lui : toucher, bouger, faire du sport, la psychomotricit\u00e9, la m\u00e9moire corporelle, la coordination, respecter son corps, reconna\u00eetre ses limites\u2026 Cette intelligence permet de contr\u00f4ler son corps de mani\u00e8re adapt\u00e9e \u00e0 la situation.<\/p> <p>Id\u00e9e : redynamiser les enfants quand il y a une perte d\u2019\u00e9nergie ou d\u2019attention via le corps, en bougeant, sautant, en allant prendre l\u2019air\u2026<\/p> <p>\u00a0\u00a0<a href=\"https:\/\/www.fileasbl.be\/membres\/wp-content\/uploads\/2022\/02\/7.png\"><img src=\"data:image\/svg+xml;charset=UTF-8,%3Csvg%20xmlns%3D%22http%3A%2F%2Fwww.w3.org%2F2000%2Fsvg%22%20width%3D%22300%22%20height%3D%22300%22%3E%3Cg%20fill%3D%22%23000000%22%3E%3Crect%20width%3D%22100%22%20height%3D%22100%22%2F%3E%3Crect%20width%3D%22100%22%20height%3D%22100%22%20x%3D%22100%22%2F%3E%3Crect%20width%3D%22100%22%20height%3D%22100%22%20x%3D%22200%22%2F%3E%3Crect%20width%3D%22100%22%20height%3D%22100%22%20y%3D%22100%22%2F%3E%3Crect%20width%3D%22100%22%20height%3D%22100%22%20x%3D%22100%22%20y%3D%22100%22%2F%3E%3Crect%20width%3D%22100%22%20height%3D%22100%22%20fill%3D%22%23e30613%22%20x%3D%22200%22%20y%3D%22100%22%2F%3E%3Crect%20width%3D%22100%22%20height%3D%22100%22%20y%3D%22200%22%2F%3E%3Crect%20width%3D%22100%22%20height%3D%22100%22%20fill%3D%22%23e30613%22%20x%3D%22100%22%20y%3D%22200%22%2F%3E%3Crect%20width%3D%22100%22%20height%3D%22100%22%20x%3D%22200%22%20y%3D%22200%22%2F%3E%3C%2Fg%3E%3C%2Fsvg%3E\" data-lazy=\"1\" loading=\"lazy\" decoding=\"async\" data-tf-src=\"https:\/\/www.fileasbl.be\/membres\/wp-content\/uploads\/2022\/02\/7-300x300.png\" alt=\"\" width=\"300\" height=\"300\" data-tf-srcset=\"https:\/\/www.fileasbl.be\/membres\/wp-content\/uploads\/2022\/02\/7-300x300.png 300w, https:\/\/www.fileasbl.be\/membres\/wp-content\/uploads\/2022\/02\/7-150x150.png 150w, https:\/\/www.fileasbl.be\/membres\/wp-content\/uploads\/2022\/02\/7-400x400.png 400w, https:\/\/www.fileasbl.be\/membres\/wp-content\/uploads\/2022\/02\/7-100x100.png 100w, https:\/\/www.fileasbl.be\/membres\/wp-content\/uploads\/2022\/02\/7.png 500w\" data-tf-sizes=\"auto, (max-width: 300px) 100vw, 300px\" \/><noscript><img loading=\"lazy\" decoding=\"async\" data-tf-not-load src=\"https:\/\/www.fileasbl.be\/membres\/wp-content\/uploads\/2022\/02\/7-300x300.png\" alt=\"\" width=\"300\" height=\"300\" srcset=\"https:\/\/www.fileasbl.be\/membres\/wp-content\/uploads\/2022\/02\/7-300x300.png 300w, https:\/\/www.fileasbl.be\/membres\/wp-content\/uploads\/2022\/02\/7-150x150.png 150w, https:\/\/www.fileasbl.be\/membres\/wp-content\/uploads\/2022\/02\/7-400x400.png 400w, https:\/\/www.fileasbl.be\/membres\/wp-content\/uploads\/2022\/02\/7-100x100.png 100w, https:\/\/www.fileasbl.be\/membres\/wp-content\/uploads\/2022\/02\/7.png 500w\" sizes=\"auto, (max-width: 300px) 100vw, 300px\" \/><\/noscript><\/a>\u00a0<\/p> <ol start=\"2\"> <li> <h2><strong><em>\u00a0L\u2019intelligence musicale (appel\u00e9e \u00e9galement Melofun) :<\/em><\/strong><\/h2> <\/li> <\/ol> <p>C\u2019est la capacit\u00e9 \u00e0 \u00eatre sensible aux sons, aux rythmes et \u00e0 la musique\u00a0: chanter, \u00e9couter et\/ou pratiquer de la musique, avoir une conscience phonologique, le sens du rythme\u2026<\/p> <p>Id\u00e9e\u00a0: faire une playlist avec les enfants, trouver des chansons qu\u2019ils aiment, qui leur font du bien.<\/p> <p><a href=\"https:\/\/www.fileasbl.be\/membres\/wp-content\/uploads\/2022\/02\/8.png\"><img src=\"data:image\/svg+xml;charset=UTF-8,%3Csvg%20xmlns%3D%22http%3A%2F%2Fwww.w3.org%2F2000%2Fsvg%22%20width%3D%22300%22%20height%3D%22300%22%3E%3Cg%20fill%3D%22%23000000%22%3E%3Crect%20width%3D%22100%22%20height%3D%22100%22%2F%3E%3Crect%20width%3D%22100%22%20height%3D%22100%22%20x%3D%22100%22%2F%3E%3Crect%20width%3D%22100%22%20height%3D%22100%22%20x%3D%22200%22%2F%3E%3Crect%20width%3D%22100%22%20height%3D%22100%22%20y%3D%22100%22%2F%3E%3Crect%20width%3D%22100%22%20height%3D%22100%22%20x%3D%22100%22%20y%3D%22100%22%2F%3E%3Crect%20width%3D%22100%22%20height%3D%22100%22%20fill%3D%22%23ec6608%22%20x%3D%22200%22%20y%3D%22100%22%2F%3E%3Crect%20width%3D%22100%22%20height%3D%22100%22%20y%3D%22200%22%2F%3E%3Crect%20width%3D%22100%22%20height%3D%22100%22%20fill%3D%22%23ec6608%22%20x%3D%22100%22%20y%3D%22200%22%2F%3E%3Crect%20width%3D%22100%22%20height%3D%22100%22%20x%3D%22200%22%20y%3D%22200%22%2F%3E%3C%2Fg%3E%3C%2Fsvg%3E\" data-lazy=\"1\" loading=\"lazy\" decoding=\"async\" data-tf-src=\"https:\/\/www.fileasbl.be\/membres\/wp-content\/uploads\/2022\/02\/8-300x300.png\" alt=\"\" width=\"300\" height=\"300\" data-tf-srcset=\"https:\/\/www.fileasbl.be\/membres\/wp-content\/uploads\/2022\/02\/8-300x300.png 300w, https:\/\/www.fileasbl.be\/membres\/wp-content\/uploads\/2022\/02\/8-150x150.png 150w, https:\/\/www.fileasbl.be\/membres\/wp-content\/uploads\/2022\/02\/8-400x400.png 400w, https:\/\/www.fileasbl.be\/membres\/wp-content\/uploads\/2022\/02\/8-100x100.png 100w, https:\/\/www.fileasbl.be\/membres\/wp-content\/uploads\/2022\/02\/8.png 500w\" data-tf-sizes=\"auto, (max-width: 300px) 100vw, 300px\" \/><noscript><img loading=\"lazy\" decoding=\"async\" data-tf-not-load src=\"https:\/\/www.fileasbl.be\/membres\/wp-content\/uploads\/2022\/02\/8-300x300.png\" alt=\"\" width=\"300\" height=\"300\" srcset=\"https:\/\/www.fileasbl.be\/membres\/wp-content\/uploads\/2022\/02\/8-300x300.png 300w, https:\/\/www.fileasbl.be\/membres\/wp-content\/uploads\/2022\/02\/8-150x150.png 150w, https:\/\/www.fileasbl.be\/membres\/wp-content\/uploads\/2022\/02\/8-400x400.png 400w, https:\/\/www.fileasbl.be\/membres\/wp-content\/uploads\/2022\/02\/8-100x100.png 100w, https:\/\/www.fileasbl.be\/membres\/wp-content\/uploads\/2022\/02\/8.png 500w\" sizes=\"auto, (max-width: 300px) 100vw, 300px\" \/><\/noscript><\/a><\/p> <ol start=\"3\"> <li> <h2><strong><em>\u00a0L\u2019intelligence intrapersonnelle (ou Funego)<\/em><\/strong><\/h2> <\/li> <\/ol> <p>L\u2019intelligence \u00ab\u00a0avec soi-m\u00eame\u00a0\u00bb\u00a0: avoir une bonne connaissance de soi, exploiter ses qualit\u00e9s, prendre en consid\u00e9ration ses faiblesses, se respecter, s\u2019\u00e9couter, comprendre ses \u00e9motions, \u00eatre bienveillant avec soi-m\u00eame, se fixer des objectifs, savoir \u00eatre seul.e avec soi-m\u00eame\u2026<\/p> <p>Attention, beaucoup d\u2019endroits peuvent venir d\u00e9t\u00e9riorer cette intelligence intrapersonnelle et l\u2019accueil extrascolaire peut aider, soutenir et restaurer cette intelligence.<\/p> <p>Id\u00e9e\u00a0: Mettre \u00e0 disposition un pot de fiert\u00e9 avec des mots d\u2019encouragement que les enfants peuvent venir piocher.<\/p> <p><a href=\"https:\/\/www.fileasbl.be\/membres\/wp-content\/uploads\/2022\/02\/6.png\"><img src=\"data:image\/svg+xml;charset=UTF-8,%3Csvg%20xmlns%3D%22http%3A%2F%2Fwww.w3.org%2F2000%2Fsvg%22%20width%3D%22300%22%20height%3D%22300%22%3E%3Cg%20fill%3D%22%23000000%22%3E%3Crect%20width%3D%22100%22%20height%3D%22100%22%2F%3E%3Crect%20width%3D%22100%22%20height%3D%22100%22%20x%3D%22100%22%2F%3E%3Crect%20width%3D%22100%22%20height%3D%22100%22%20x%3D%22200%22%2F%3E%3Crect%20width%3D%22100%22%20height%3D%22100%22%20y%3D%22100%22%2F%3E%3Crect%20width%3D%22100%22%20height%3D%22100%22%20x%3D%22100%22%20y%3D%22100%22%2F%3E%3Crect%20width%3D%22100%22%20height%3D%22100%22%20fill%3D%22%23ffed00%22%20x%3D%22200%22%20y%3D%22100%22%2F%3E%3Crect%20width%3D%22100%22%20height%3D%22100%22%20y%3D%22200%22%2F%3E%3Crect%20width%3D%22100%22%20height%3D%22100%22%20fill%3D%22%23ffed00%22%20x%3D%22100%22%20y%3D%22200%22%2F%3E%3Crect%20width%3D%22100%22%20height%3D%22100%22%20fill%3D%22%23ffffff%22%20x%3D%22200%22%20y%3D%22200%22%2F%3E%3C%2Fg%3E%3C%2Fsvg%3E\" data-lazy=\"1\" loading=\"lazy\" decoding=\"async\" data-tf-src=\"https:\/\/www.fileasbl.be\/membres\/wp-content\/uploads\/2022\/02\/6-300x300.png\" alt=\"\" width=\"300\" height=\"300\" data-tf-srcset=\"https:\/\/www.fileasbl.be\/membres\/wp-content\/uploads\/2022\/02\/6-300x300.png 300w, https:\/\/www.fileasbl.be\/membres\/wp-content\/uploads\/2022\/02\/6-150x150.png 150w, https:\/\/www.fileasbl.be\/membres\/wp-content\/uploads\/2022\/02\/6-400x400.png 400w, https:\/\/www.fileasbl.be\/membres\/wp-content\/uploads\/2022\/02\/6-100x100.png 100w, https:\/\/www.fileasbl.be\/membres\/wp-content\/uploads\/2022\/02\/6.png 500w\" data-tf-sizes=\"auto, (max-width: 300px) 100vw, 300px\" \/><noscript><img loading=\"lazy\" decoding=\"async\" data-tf-not-load src=\"https:\/\/www.fileasbl.be\/membres\/wp-content\/uploads\/2022\/02\/6-300x300.png\" alt=\"\" width=\"300\" height=\"300\" srcset=\"https:\/\/www.fileasbl.be\/membres\/wp-content\/uploads\/2022\/02\/6-300x300.png 300w, https:\/\/www.fileasbl.be\/membres\/wp-content\/uploads\/2022\/02\/6-150x150.png 150w, https:\/\/www.fileasbl.be\/membres\/wp-content\/uploads\/2022\/02\/6-400x400.png 400w, https:\/\/www.fileasbl.be\/membres\/wp-content\/uploads\/2022\/02\/6-100x100.png 100w, https:\/\/www.fileasbl.be\/membres\/wp-content\/uploads\/2022\/02\/6.png 500w\" sizes=\"auto, (max-width: 300px) 100vw, 300px\" \/><\/noscript><\/a><\/p> <ol start=\"4\"> <li> <h2><strong><em>L\u2019intelligence interpersonnelle (ou Multifun)\u00a0:<\/em><\/strong><\/h2> <\/li> <\/ol> <p>Il s\u2019agit de l\u2019intelligence avec les autres\u00a0: les comprendre, interagir de fa\u00e7on appropri\u00e9e avec eux, avoir de l\u2019empathie, s\u2019int\u00e9grer, coop\u00e9rer, partager des id\u00e9es, r\u00e9soudre des conflits, \u00eatre bienveillant envers autrui\u2026<\/p> <p>Id\u00e9e\u00a0: proposer des activit\u00e9s o\u00f9 il est possible d\u2019apprendre sur les autres, sur qui ils sont, ce qu\u2019ils aiment\u2026<\/p> <p><a href=\"https:\/\/www.fileasbl.be\/membres\/wp-content\/uploads\/2022\/02\/5.png\"><img src=\"data:image\/svg+xml;charset=UTF-8,%3Csvg%20xmlns%3D%22http%3A%2F%2Fwww.w3.org%2F2000%2Fsvg%22%20width%3D%22300%22%20height%3D%22300%22%3E%3Cg%20fill%3D%22%23000000%22%3E%3Crect%20width%3D%22100%22%20height%3D%22100%22%2F%3E%3Crect%20width%3D%22100%22%20height%3D%22100%22%20x%3D%22100%22%2F%3E%3Crect%20width%3D%22100%22%20height%3D%22100%22%20x%3D%22200%22%2F%3E%3Crect%20width%3D%22100%22%20height%3D%22100%22%20y%3D%22100%22%2F%3E%3Crect%20width%3D%22100%22%20height%3D%22100%22%20x%3D%22100%22%20y%3D%22100%22%2F%3E%3Crect%20width%3D%22100%22%20height%3D%22100%22%20fill%3D%22%2395c11f%22%20x%3D%22200%22%20y%3D%22100%22%2F%3E%3Crect%20width%3D%22100%22%20height%3D%22100%22%20y%3D%22200%22%2F%3E%3Crect%20width%3D%22100%22%20height%3D%22100%22%20fill%3D%22%2395c11f%22%20x%3D%22100%22%20y%3D%22200%22%2F%3E%3Crect%20width%3D%22100%22%20height%3D%22100%22%20fill%3D%22%23ffffff%22%20x%3D%22200%22%20y%3D%22200%22%2F%3E%3C%2Fg%3E%3C%2Fsvg%3E\" data-lazy=\"1\" loading=\"lazy\" decoding=\"async\" data-tf-src=\"https:\/\/www.fileasbl.be\/membres\/wp-content\/uploads\/2022\/02\/5-300x300.png\" alt=\"\" width=\"300\" height=\"300\" data-tf-srcset=\"https:\/\/www.fileasbl.be\/membres\/wp-content\/uploads\/2022\/02\/5-300x300.png 300w, https:\/\/www.fileasbl.be\/membres\/wp-content\/uploads\/2022\/02\/5-150x150.png 150w, https:\/\/www.fileasbl.be\/membres\/wp-content\/uploads\/2022\/02\/5-400x400.png 400w, https:\/\/www.fileasbl.be\/membres\/wp-content\/uploads\/2022\/02\/5-100x100.png 100w, https:\/\/www.fileasbl.be\/membres\/wp-content\/uploads\/2022\/02\/5.png 500w\" data-tf-sizes=\"auto, (max-width: 300px) 100vw, 300px\" \/><noscript><img loading=\"lazy\" decoding=\"async\" data-tf-not-load src=\"https:\/\/www.fileasbl.be\/membres\/wp-content\/uploads\/2022\/02\/5-300x300.png\" alt=\"\" width=\"300\" height=\"300\" srcset=\"https:\/\/www.fileasbl.be\/membres\/wp-content\/uploads\/2022\/02\/5-300x300.png 300w, https:\/\/www.fileasbl.be\/membres\/wp-content\/uploads\/2022\/02\/5-150x150.png 150w, https:\/\/www.fileasbl.be\/membres\/wp-content\/uploads\/2022\/02\/5-400x400.png 400w, https:\/\/www.fileasbl.be\/membres\/wp-content\/uploads\/2022\/02\/5-100x100.png 100w, https:\/\/www.fileasbl.be\/membres\/wp-content\/uploads\/2022\/02\/5.png 500w\" sizes=\"auto, (max-width: 300px) 100vw, 300px\" \/><\/noscript><\/a><\/p> <ol start=\"5\"> <li> <h2><strong><em>L\u2019intelligence verbo-linguistique (ou Alphafun)\u00a0:<\/em><\/strong><\/h2> <\/li> <\/ol> <p>C\u2019est la capacit\u00e9 \u00e0 utiliser les mots sous toutes ses formes pour verbaliser et comprendre des id\u00e9es\u00a0: \u00e9couter, parler, \u00e9crire, lire, raconter des histoires, savoir s\u2019exprimer\u2026<\/p> <p>Id\u00e9e\u00a0: jeu de m\u00e9li-m\u00e9lo, jeu des expressions\u2026<\/p> <p><a href=\"https:\/\/www.fileasbl.be\/membres\/wp-content\/uploads\/2022\/02\/3.png\"><img src=\"data:image\/svg+xml;charset=UTF-8,%3Csvg%20xmlns%3D%22http%3A%2F%2Fwww.w3.org%2F2000%2Fsvg%22%20width%3D%22300%22%20height%3D%22300%22%3E%3Cg%20fill%3D%22%23000000%22%3E%3Crect%20width%3D%22100%22%20height%3D%22100%22%2F%3E%3Crect%20width%3D%22100%22%20height%3D%22100%22%20x%3D%22100%22%2F%3E%3Crect%20width%3D%22100%22%20height%3D%22100%22%20x%3D%22200%22%2F%3E%3Crect%20width%3D%22100%22%20height%3D%22100%22%20y%3D%22100%22%2F%3E%3Crect%20width%3D%22100%22%20height%3D%22100%22%20fill%3D%22%23222220%22%20x%3D%22100%22%20y%3D%22100%22%2F%3E%3Crect%20width%3D%22100%22%20height%3D%22100%22%20fill%3D%22%23039fe3%22%20x%3D%22200%22%20y%3D%22100%22%2F%3E%3Crect%20width%3D%22100%22%20height%3D%22100%22%20y%3D%22200%22%2F%3E%3Crect%20width%3D%22100%22%20height%3D%22100%22%20fill%3D%22%230398d9%22%20x%3D%22100%22%20y%3D%22200%22%2F%3E%3Crect%20width%3D%22100%22%20height%3D%22100%22%20fill%3D%22%23ffffff%22%20x%3D%22200%22%20y%3D%22200%22%2F%3E%3C%2Fg%3E%3C%2Fsvg%3E\" data-lazy=\"1\" loading=\"lazy\" decoding=\"async\" data-tf-src=\"https:\/\/www.fileasbl.be\/membres\/wp-content\/uploads\/2022\/02\/3-300x300.png\" alt=\"\" width=\"300\" height=\"300\" data-tf-srcset=\"https:\/\/www.fileasbl.be\/membres\/wp-content\/uploads\/2022\/02\/3-300x300.png 300w, https:\/\/www.fileasbl.be\/membres\/wp-content\/uploads\/2022\/02\/3-150x150.png 150w, https:\/\/www.fileasbl.be\/membres\/wp-content\/uploads\/2022\/02\/3-400x400.png 400w, https:\/\/www.fileasbl.be\/membres\/wp-content\/uploads\/2022\/02\/3-100x100.png 100w, https:\/\/www.fileasbl.be\/membres\/wp-content\/uploads\/2022\/02\/3.png 500w\" data-tf-sizes=\"auto, (max-width: 300px) 100vw, 300px\" \/><noscript><img loading=\"lazy\" decoding=\"async\" data-tf-not-load src=\"https:\/\/www.fileasbl.be\/membres\/wp-content\/uploads\/2022\/02\/3-300x300.png\" alt=\"\" width=\"300\" height=\"300\" srcset=\"https:\/\/www.fileasbl.be\/membres\/wp-content\/uploads\/2022\/02\/3-300x300.png 300w, https:\/\/www.fileasbl.be\/membres\/wp-content\/uploads\/2022\/02\/3-150x150.png 150w, https:\/\/www.fileasbl.be\/membres\/wp-content\/uploads\/2022\/02\/3-400x400.png 400w, https:\/\/www.fileasbl.be\/membres\/wp-content\/uploads\/2022\/02\/3-100x100.png 100w, https:\/\/www.fileasbl.be\/membres\/wp-content\/uploads\/2022\/02\/3.png 500w\" sizes=\"auto, (max-width: 300px) 100vw, 300px\" \/><\/noscript><\/a><\/p> <ol start=\"6\"> <li> <h2><strong><em>L\u2019intelligence visuospatiale (ou 3Dfun)\u00a0: <\/em><\/strong><\/h2> <\/li> <\/ol> <p>C\u2019est la capacit\u00e9 \u00e0 percevoir et \u00e0 cr\u00e9er des images mentales sur base de ce qu\u2019on voit\u00a0: se les repr\u00e9senter, les dessiner, se rep\u00e9rer dans l\u2019espace, avoir le sens de l\u2019orientation, observer les couleurs et les formes\u2026<\/p> <p>Id\u00e9e\u00a0: proposer des activit\u00e9s autour des puzzles.<\/p> <p><a href=\"https:\/\/www.fileasbl.be\/membres\/wp-content\/uploads\/2022\/02\/4.png\"><img src=\"data:image\/svg+xml;charset=UTF-8,%3Csvg%20xmlns%3D%22http%3A%2F%2Fwww.w3.org%2F2000%2Fsvg%22%20width%3D%22300%22%20height%3D%22300%22%3E%3Cg%20fill%3D%22%23000000%22%3E%3Crect%20width%3D%22100%22%20height%3D%22100%22%2F%3E%3Crect%20width%3D%22100%22%20height%3D%22100%22%20x%3D%22100%22%2F%3E%3Crect%20width%3D%22100%22%20height%3D%22100%22%20x%3D%22200%22%2F%3E%3Crect%20width%3D%22100%22%20height%3D%22100%22%20y%3D%22100%22%2F%3E%3Crect%20width%3D%22100%22%20height%3D%22100%22%20fill%3D%22%23211a5b%22%20x%3D%22100%22%20y%3D%22100%22%2F%3E%3Crect%20width%3D%22100%22%20height%3D%22100%22%20fill%3D%22%23312783%22%20x%3D%22200%22%20y%3D%22100%22%2F%3E%3Crect%20width%3D%22100%22%20height%3D%22100%22%20y%3D%22200%22%2F%3E%3Crect%20width%3D%22100%22%20height%3D%22100%22%20fill%3D%22%23312783%22%20x%3D%22100%22%20y%3D%22200%22%2F%3E%3Crect%20width%3D%22100%22%20height%3D%22100%22%20fill%3D%22%23ffffff%22%20x%3D%22200%22%20y%3D%22200%22%2F%3E%3C%2Fg%3E%3C%2Fsvg%3E\" data-lazy=\"1\" loading=\"lazy\" decoding=\"async\" data-tf-src=\"https:\/\/www.fileasbl.be\/membres\/wp-content\/uploads\/2022\/02\/4-300x300.png\" alt=\"\" width=\"300\" height=\"300\" data-tf-srcset=\"https:\/\/www.fileasbl.be\/membres\/wp-content\/uploads\/2022\/02\/4-300x300.png 300w, https:\/\/www.fileasbl.be\/membres\/wp-content\/uploads\/2022\/02\/4-150x150.png 150w, https:\/\/www.fileasbl.be\/membres\/wp-content\/uploads\/2022\/02\/4-400x400.png 400w, https:\/\/www.fileasbl.be\/membres\/wp-content\/uploads\/2022\/02\/4-100x100.png 100w, https:\/\/www.fileasbl.be\/membres\/wp-content\/uploads\/2022\/02\/4.png 500w\" data-tf-sizes=\"auto, (max-width: 300px) 100vw, 300px\" \/><noscript><img loading=\"lazy\" decoding=\"async\" data-tf-not-load src=\"https:\/\/www.fileasbl.be\/membres\/wp-content\/uploads\/2022\/02\/4-300x300.png\" alt=\"\" width=\"300\" height=\"300\" srcset=\"https:\/\/www.fileasbl.be\/membres\/wp-content\/uploads\/2022\/02\/4-300x300.png 300w, https:\/\/www.fileasbl.be\/membres\/wp-content\/uploads\/2022\/02\/4-150x150.png 150w, https:\/\/www.fileasbl.be\/membres\/wp-content\/uploads\/2022\/02\/4-400x400.png 400w, https:\/\/www.fileasbl.be\/membres\/wp-content\/uploads\/2022\/02\/4-100x100.png 100w, https:\/\/www.fileasbl.be\/membres\/wp-content\/uploads\/2022\/02\/4.png 500w\" sizes=\"auto, (max-width: 300px) 100vw, 300px\" \/><\/noscript><\/a><\/p> <ol start=\"7\"> <li> <h2><strong><em>L\u2019intelligence logico-math\u00e9matique (ou Mathifun) :<\/em><\/strong><\/h2> <\/li> <\/ol> <p>Il s\u2019agit de l\u2019intelligence qui permet de raisonner de fa\u00e7on logique pour calculer, compter, organiser, planifier, structurer, g\u00e9rer son temps\u2026<\/p> <p>Id\u00e9e\u00a0: proposer la m\u00e9thode \u00ab\u00a0des petits pas\u00a0\u00bb pour arriver \u00e0 un objectif pr\u00e9cis.<\/p> <p><a href=\"https:\/\/www.fileasbl.be\/membres\/wp-content\/uploads\/2022\/02\/2.png\"><img src=\"data:image\/svg+xml;charset=UTF-8,%3Csvg%20xmlns%3D%22http%3A%2F%2Fwww.w3.org%2F2000%2Fsvg%22%20width%3D%22300%22%20height%3D%22300%22%3E%3Cg%20fill%3D%22%23000000%22%3E%3Crect%20width%3D%22100%22%20height%3D%22100%22%2F%3E%3Crect%20width%3D%22100%22%20height%3D%22100%22%20x%3D%22100%22%2F%3E%3Crect%20width%3D%22100%22%20height%3D%22100%22%20x%3D%22200%22%2F%3E%3Crect%20width%3D%22100%22%20height%3D%22100%22%20y%3D%22100%22%2F%3E%3Crect%20width%3D%22100%22%20height%3D%22100%22%20fill%3D%22%23080808%22%20x%3D%22100%22%20y%3D%22100%22%2F%3E%3Crect%20width%3D%22100%22%20height%3D%22100%22%20fill%3D%22%238f116e%22%20x%3D%22200%22%20y%3D%22100%22%2F%3E%3Crect%20width%3D%22100%22%20height%3D%22100%22%20y%3D%22200%22%2F%3E%3Crect%20width%3D%22100%22%20height%3D%22100%22%20fill%3D%22%238f116e%22%20x%3D%22100%22%20y%3D%22200%22%2F%3E%3Crect%20width%3D%22100%22%20height%3D%22100%22%20fill%3D%22%23ffffff%22%20x%3D%22200%22%20y%3D%22200%22%2F%3E%3C%2Fg%3E%3C%2Fsvg%3E\" data-lazy=\"1\" loading=\"lazy\" decoding=\"async\" data-tf-src=\"https:\/\/www.fileasbl.be\/membres\/wp-content\/uploads\/2022\/02\/2-300x300.png\" alt=\"\" width=\"300\" height=\"300\" data-tf-srcset=\"https:\/\/www.fileasbl.be\/membres\/wp-content\/uploads\/2022\/02\/2-300x300.png 300w, https:\/\/www.fileasbl.be\/membres\/wp-content\/uploads\/2022\/02\/2-150x150.png 150w, https:\/\/www.fileasbl.be\/membres\/wp-content\/uploads\/2022\/02\/2-400x400.png 400w, https:\/\/www.fileasbl.be\/membres\/wp-content\/uploads\/2022\/02\/2-100x100.png 100w, https:\/\/www.fileasbl.be\/membres\/wp-content\/uploads\/2022\/02\/2.png 500w\" data-tf-sizes=\"auto, (max-width: 300px) 100vw, 300px\" \/><noscript><img loading=\"lazy\" decoding=\"async\" data-tf-not-load src=\"https:\/\/www.fileasbl.be\/membres\/wp-content\/uploads\/2022\/02\/2-300x300.png\" alt=\"\" width=\"300\" height=\"300\" srcset=\"https:\/\/www.fileasbl.be\/membres\/wp-content\/uploads\/2022\/02\/2-300x300.png 300w, https:\/\/www.fileasbl.be\/membres\/wp-content\/uploads\/2022\/02\/2-150x150.png 150w, https:\/\/www.fileasbl.be\/membres\/wp-content\/uploads\/2022\/02\/2-400x400.png 400w, https:\/\/www.fileasbl.be\/membres\/wp-content\/uploads\/2022\/02\/2-100x100.png 100w, https:\/\/www.fileasbl.be\/membres\/wp-content\/uploads\/2022\/02\/2.png 500w\" sizes=\"auto, (max-width: 300px) 100vw, 300px\" \/><\/noscript><\/a><\/p> <ol start=\"8\"> <li style=\"text-align: left;\"> <h2><strong><em>L\u2019intelligence naturaliste (ou Vitafun)\u00a0:<\/em><\/strong><\/h2> <\/li> <\/ol> <p>\u00catre sensible \u00e0 la nature, aux min\u00e9raux, aux animaux : observer, reconna\u00eetre, chercher \u00e0 comprendre la nature, \u00eatre \u00e9co-citoyen, identifier et classer, prot\u00e9ger l\u2019environnement, \u00eatre intelligent avec la nature.<\/p> <p>Id\u00e9e\u00a0: proposer une activit\u00e9 autour des 3 Re\u00a0: r\u00e9duire, r\u00e9utiliser, recycler.<\/p> <p><a href=\"https:\/\/www.fileasbl.be\/membres\/wp-content\/uploads\/2022\/02\/1.png\"><img src=\"data:image\/svg+xml;charset=UTF-8,%3Csvg%20xmlns%3D%22http%3A%2F%2Fwww.w3.org%2F2000%2Fsvg%22%20width%3D%22300%22%20height%3D%22300%22%3E%3Cg%20fill%3D%22%23000000%22%3E%3Crect%20width%3D%22100%22%20height%3D%22100%22%2F%3E%3Crect%20width%3D%22100%22%20height%3D%22100%22%20x%3D%22100%22%2F%3E%3Crect%20width%3D%22100%22%20height%3D%22100%22%20x%3D%22200%22%2F%3E%3Crect%20width%3D%22100%22%20height%3D%22100%22%20y%3D%22100%22%2F%3E%3Crect%20width%3D%22100%22%20height%3D%22100%22%20x%3D%22100%22%20y%3D%22100%22%2F%3E%3Crect%20width%3D%22100%22%20height%3D%22100%22%20fill%3D%22%23ec6608%22%20x%3D%22200%22%20y%3D%22100%22%2F%3E%3Crect%20width%3D%22100%22%20height%3D%22100%22%20y%3D%22200%22%2F%3E%3Crect%20width%3D%22100%22%20height%3D%22100%22%20fill%3D%22%23feec00%22%20x%3D%22100%22%20y%3D%22200%22%2F%3E%3Crect%20width%3D%22100%22%20height%3D%22100%22%20fill%3D%22%230f0f0f%22%20x%3D%22200%22%20y%3D%22200%22%2F%3E%3C%2Fg%3E%3C%2Fsvg%3E\" data-lazy=\"1\" loading=\"lazy\" decoding=\"async\" data-tf-src=\"https:\/\/www.fileasbl.be\/membres\/wp-content\/uploads\/2022\/02\/1-300x300.png\" alt=\"\" width=\"300\" height=\"300\" data-tf-srcset=\"https:\/\/www.fileasbl.be\/membres\/wp-content\/uploads\/2022\/02\/1-300x300.png 300w, https:\/\/www.fileasbl.be\/membres\/wp-content\/uploads\/2022\/02\/1-150x150.png 150w, https:\/\/www.fileasbl.be\/membres\/wp-content\/uploads\/2022\/02\/1-400x400.png 400w, https:\/\/www.fileasbl.be\/membres\/wp-content\/uploads\/2022\/02\/1-100x100.png 100w, https:\/\/www.fileasbl.be\/membres\/wp-content\/uploads\/2022\/02\/1.png 500w\" data-tf-sizes=\"auto, (max-width: 300px) 100vw, 300px\" \/><noscript><img loading=\"lazy\" decoding=\"async\" data-tf-not-load src=\"https:\/\/www.fileasbl.be\/membres\/wp-content\/uploads\/2022\/02\/1-300x300.png\" alt=\"\" width=\"300\" height=\"300\" srcset=\"https:\/\/www.fileasbl.be\/membres\/wp-content\/uploads\/2022\/02\/1-300x300.png 300w, https:\/\/www.fileasbl.be\/membres\/wp-content\/uploads\/2022\/02\/1-150x150.png 150w, https:\/\/www.fileasbl.be\/membres\/wp-content\/uploads\/2022\/02\/1-400x400.png 400w, https:\/\/www.fileasbl.be\/membres\/wp-content\/uploads\/2022\/02\/1-100x100.png 100w, https:\/\/www.fileasbl.be\/membres\/wp-content\/uploads\/2022\/02\/1.png 500w\" sizes=\"auto, (max-width: 300px) 100vw, 300px\" \/><\/noscript><\/a><\/p>\n\n<p>L\u2019id\u00e9e de cette matin\u00e9e \u00e9tait de mieux comprendre les diff\u00e9rentes intelligences et de mettre en \u00e9vidence l\u2019importance de soutenir celles-ci dans toutes leurs dimensions sans se limiter \u00e0 celles d\u00e9velopp\u00e9es habituellement. L\u2019accueil extrascolaire est un lieu riche de partage, d\u2019\u00e9changes, de soutien, de moments de qualit\u00e9 et est un donc un endroit o\u00f9 ces intelligences sont soutenues et nourries. Le regard de confiance qu\u2019ont les accueillant.e.s envers les enfants ont toute leur importance et ont un grand impact dans leur d\u00e9veloppement.<\/p>\n<ul><li><h4>Pour en apprendre plus, voici quelques ressources mises en \u00e9vidence par Perrine Bigot : <\/h4><p>Site<a href=\"https:\/\/octofun.org\/\"> OCTOFUN<\/a> (pr\u00e9sentation, t\u00e9l\u00e9chargement d'outils...)<\/p> <p>Site internet du <a href=\"https:\/\/www.centremetamo.be\/\">centre M\u00e9taM\u00f4<\/a><\/p> <p><a href=\"https:\/\/www.atzeo.com\/produit\/merci-aux-enseignants-flexibles-pour-leurs-amenagements\/\">Livre de Perrine BIGOT<\/a> aux \u00e9ditions ATZEO<\/p> <p>Pages <a href=\"https:\/\/www.facebook.com\/Perrine-BIGOT-Orthop%C3%A9dagogue-874610512623873\/\">Facebook Perrine BIGOT<\/a><\/p> <p>Page<a href=\"https:\/\/m.facebook.com\/metamocentrepedagogique\/\"> Facebook M\u00e9taM\u00f4<\/a><\/p> <p>Page <a href=\"https:\/\/www.facebook.com\/lesoctofun\/\">Facebook Octofun<\/a><\/p><\/li><\/ul>","_links":{"self":[{"href":"https:\/\/www.fileasbl.be\/membres\/wp-json\/wp\/v2\/posts\/22605","targetHints":{"allow":["GET"]}}],"collection":[{"href":"https:\/\/www.fileasbl.be\/membres\/wp-json\/wp\/v2\/posts"}],"about":[{"href":"https:\/\/www.fileasbl.be\/membres\/wp-json\/wp\/v2\/types\/post"}],"author":[{"embeddable":true,"href":"https:\/\/www.fileasbl.be\/membres\/wp-json\/wp\/v2\/users\/2"}],"replies":[{"embeddable":true,"href":"https:\/\/www.fileasbl.be\/membres\/wp-json\/wp\/v2\/comments?post=22605"}],"version-history":[{"count":0,"href":"https:\/\/www.fileasbl.be\/membres\/wp-json\/wp\/v2\/posts\/22605\/revisions"}],"wp:attachment":[{"href":"https:\/\/www.fileasbl.be\/membres\/wp-json\/wp\/v2\/media?parent=22605"}],"wp:term":[{"taxonomy":"category","embeddable":true,"href":"https:\/\/www.fileasbl.be\/membres\/wp-json\/wp\/v2\/categories?post=22605"},{"taxonomy":"post_tag","embeddable":true,"href":"https:\/\/www.fileasbl.be\/membres\/wp-json\/wp\/v2\/tags?post=22605"}],"curies":[{"name":"wp","href":"https:\/\/api.w.org\/{rel}","templated":true}]}}