{"id":26723,"date":"2022-04-28T08:07:47","date_gmt":"2022-04-28T07:07:47","guid":{"rendered":"https:\/\/www.fileasbl.be\/membres\/?p=26723"},"modified":"2024-08-09T11:41:17","modified_gmt":"2024-08-09T10:41:17","slug":"reforme-des-rythmes-annuels","status":"publish","type":"post","link":"https:\/\/www.fileasbl.be\/membres\/reforme-des-rythmes-annuels\/","title":{"rendered":"R\u00e9forme des rythmes annuels"},"content":{"rendered":"<!--themify_builder_content-->\n<div id=\"themify_builder_content-26723\" data-postid=\"26723\" class=\"themify_builder_content themify_builder_content-26723 themify_builder tf_clear\">\n    \t<!-- module_row -->\n\t<div  data-lazy=\"1\" class=\"module_row themify_builder_row tb_kd5z977 tb_first tf_clearfix\">\n\t    \t\t<div class=\"row_inner col_align_top col-count-1 tf_box tf_w tf_rel\">\n\t\t\t<div  data-lazy=\"1\" class=\"module_column tb-column col-full first tb_lmef978 tf_box\">\n\t\t\t    \t        <div class=\"tb-column-inner tf_box tf_w\">\n\t\t    <!-- module image -->\n<div  class=\"module module-image tb_xsc6183   image-top tf_mw\" data-lazy=\"1\">\n        <div class=\"image-wrap tf_rel tf_mw\">\n\t\t    <img loading=\"lazy\" decoding=\"async\" width=\"1584\" height=\"396\" src=\"https:\/\/www.fileasbl.be\/membres\/wp-content\/uploads\/2022\/04\/Rythme-annuel.gif\" class=\"wp-post-image wp-image-26870\" title=\"Rythme annuel\" alt=\"Rythme annuel\">\t\n\t\t<\/div>\n\t<!-- \/image-wrap -->\n    \n    \t<\/div>\n<!-- \/module image --><!-- module divider -->\n<div  class=\"module tf_mw module-divider tb_n49t779 solid   \" style=\"border-width: 2px;border-color: #9fbccc;margin-top: 30px;margin-bottom: 30px;\" data-lazy=\"1\">\n    <\/div>\n<!-- \/module divider -->\n\t<div  data-lazy=\"1\" class=\"module_subrow themify_builder_sub_row tb_x99y4 tf_w tf_clearfix\">\n\t    \t\t<div class=\"subrow_inner col_align_top col-count-2 tf_box tf_w\">\n\t\t\t<div  style=\"width: 57%\" data-lazy=\"1\" class=\"sub_column module_column tf_box col2-1 first tb_yaw44\"> \n\t    \t    \t        <div class=\"tb-column-inner tf_box tf_w\">\n\t\t    <!-- module divider -->\n<div  class=\"module tf_mw module-divider tb_m0yw308 solid   \" style=\"border-width: 0px;margin-top: 50px;margin-bottom: 50px;\" data-lazy=\"1\">\n    <\/div>\n<!-- \/module divider -->\n<!-- module box -->\n<div  class=\"module module-box tb_d5s4539 \" data-lazy=\"1\">\n        <div class=\"module-box-content ui  tb_default_color \">\n\t\t\t\t<div class=\"tb_text_wrap\"><p>La <a href=\"https:\/\/www.fileasbl.be\/membres\/wp-content\/uploads\/2022\/04\/doc-0357-90-L2019-2024-1.pdf\" target=\"_blank\" rel=\"noopener\">R\u00e9forme des rythmes scolaires annuels<\/a> a \u00e9t\u00e9 enfin adopt\u00e9e ce mercredi 30 mars\u00a0par le Gouvernement de la F\u00e9d\u00e9ration Wallonie-Bruxelles. La FILE se r\u00e9jouit de cette avanc\u00e9e centr\u00e9e sur le bien-\u00eatre de l\u2019enfant.<\/p><\/div>\n    <\/div>\n<\/div>\n<!-- \/module box -->\n\t        <\/div>\n\t    \t<\/div>\n\t\t<div  style=\"width: 39.8%\" data-lazy=\"1\" class=\"sub_column module_column tf_box col2-1 last tb_lb0b5\"> \n\t    \t    \t        <div class=\"tb-column-inner tf_box tf_w\">\n\t\t    <!-- module image -->\n<div  class=\"module module-image tb_b87d432   image-center tf_mw\" data-lazy=\"1\">\n        <div class=\"image-wrap tf_rel tf_mw\">\n\t\t    <img loading=\"lazy\" decoding=\"async\" src=\"https:\/\/www.fileasbl.be\/membres\/wp-content\/uploads\/2022\/04\/Reforme-des-rythmes-annuels-1.gif\" width=\"400\" height=\"400\" title=\"R\u00e9forme des rythmes annuels\" alt=\"R\u00e9forme des rythmes annuels\">\t\n\t\t<\/div>\n\t<!-- \/image-wrap -->\n    \n    \t<\/div>\n<!-- \/module image -->\t        <\/div>\n\t    \t<\/div>\n\t\t    <\/div>\n\t<\/div><!-- \/themify_builder_sub_row -->\n\t<!-- module divider -->\n<div  class=\"module tf_mw module-divider tb_r7a920 solid   \" style=\"border-width: 2px;border-color: #9fbccc;margin-top: 30px;margin-bottom: 30px;\" data-lazy=\"1\">\n    <\/div>\n<!-- \/module divider -->\n<!-- module fancy heading -->\n<div  class=\"module module-fancy-heading tb_zbqu939 \" data-lazy=\"1\">\n        <h1 class=\"fancy-heading tf_textl\">\n    <span class=\"main-head tf_block\">\n\t\t\t\t\tAdaptation du calendrier scolaire\t\t    <\/span>\n\n\t\n    <span class=\"sub-head tf_block tf_rel\">\n\t\t\t\t\t\t\t    <\/span>\n    <\/h1>\n<\/div>\n<!-- \/module fancy heading -->\n<!-- module text -->\n<div  class=\"module module-text tb_pns0907   \" data-lazy=\"1\">\n        <div  class=\"tb_text_wrap\">\n    <p>Le <strong><a href=\"http:\/\/www.enseignement.be\/index.php?page=28588&amp;navi=4912\">calendrier scolaire est adapt\u00e9<\/a><\/strong>. Il s\u2019agira \u00e0 pr\u00e9sent, pour les enfants, d\u2019alterner des p\u00e9riodes de cours (+-7 semaines) et de vacances (de 2 semaines pour les \u00ab petites vacances \u00bb et de +- 6 semaines pour les grandes vacances).<\/p>    <\/div>\n<\/div>\n<!-- \/module text --><!-- module divider -->\n<div  class=\"module tf_mw module-divider tb_rwyw691 solid   \" style=\"border-width: 2px;border-color: #9fbccc;margin-top: 30px;margin-bottom: 30px;\" data-lazy=\"1\">\n    <\/div>\n<!-- \/module divider -->\n<!-- module fancy heading -->\n<div  class=\"module module-fancy-heading tb_6idy417 \" data-lazy=\"1\">\n        <h1 class=\"fancy-heading tf_textl\">\n    <span class=\"main-head tf_block\">\n\t\t\t\t\tAdaptation des p\u00e9riodes subventionnables pour les Centres de vacances\t\t    <\/span>\n\n\t\n    <span class=\"sub-head tf_block tf_rel\">\n\t\t\t\t\t\t\t    <\/span>\n    <\/h1>\n<\/div>\n<!-- \/module fancy heading -->\n<!-- module text -->\n<div  class=\"module module-text tb_fb1z904   \" data-lazy=\"1\">\n        <div  class=\"tb_text_wrap\">\n    <p>Les enveloppes budg\u00e9taires ont \u00e9t\u00e9 adapt\u00e9es \u00e0 la hausse pour permettre aux Centres de vacances de justifier des deux plaines suppl\u00e9mentaires (\u00e0 Carnaval\/cong\u00e9 de d\u00e9tente et \u00e0 la Toussaint\/cong\u00e9 d\u2019automne).<\/p>\n<p>Montant pr\u00e9vu\u00a0: 500 000\u20ac<\/p>    <\/div>\n<\/div>\n<!-- \/module text --><!-- module divider -->\n<div  class=\"module tf_mw module-divider tb_q335809 solid   \" style=\"border-width: 2px;border-color: #9fbccc;margin-top: 30px;margin-bottom: 30px;\" data-lazy=\"1\">\n    <\/div>\n<!-- \/module divider -->\n<!-- module fancy heading -->\n<div  class=\"module module-fancy-heading tb_oek635 \" data-lazy=\"1\">\n        <h1 class=\"fancy-heading tf_textl\">\n    <span class=\"main-head tf_block\">\n\t\t\t\t\tBudget suppl\u00e9mentaire pour l\u2019ATL pour les deux semaines de plaines (cong\u00e9 de d\u00e9tente\/cong\u00e9 d\u2019automne)\t\t    <\/span>\n\n\t\n    <span class=\"sub-head tf_block tf_rel\">\n\t\t\t\t\t\t\t    <\/span>\n    <\/h1>\n<\/div>\n<!-- \/module fancy heading -->\n<!-- module text -->\n<div  class=\"module module-text tb_r86s163   \" data-lazy=\"1\">\n        <div  class=\"tb_text_wrap\">\n    <p>Une enveloppe budg\u00e9taire cons\u00e9quente a \u00e9t\u00e9 pr\u00e9vue afin de financer des initiatives de plaines accessibles et de qualit\u00e9 pour ces m\u00eames deux semaines de vacances.\u00a0<\/p>\n<p>Montant pr\u00e9vu : 1 millions d\u2019euros.<\/p>\n<ul>\n<li><a href=\"https:\/\/www.fileasbl.be\/membres\/wp-content\/uploads\/2022\/04\/Convention-partenaires-rythmes-scolaires-annuels.docx\">Convention partenaires rythmes scolaires annuels<\/a><\/li>\n<li><a href=\"https:\/\/www.fileasbl.be\/membres\/wp-content\/uploads\/2022\/04\/Convention-rythmes-scolaires.pdf\">Convention rythmes scolaires<\/a><\/li>\n<li><a href=\"https:\/\/www.fileasbl.be\/membres\/wp-content\/uploads\/2022\/04\/Circulaire-rythmes-scolaires-annuels.pdf\">Circulaire rythmes scolaires annuels<\/a><\/li>\n<li><a href=\"https:\/\/www.fileasbl.be\/membres\/wp-content\/uploads\/2022\/04\/Transmis-rythmes-scolaires.pdf\">Coordonn\u00e9es accompagnement rythmes scolaires<\/a><\/li>\n<\/ul>    <\/div>\n<\/div>\n<!-- \/module text -->\t<div  data-lazy=\"1\" class=\"module_subrow themify_builder_sub_row tb_y5a2480 tf_w tf_clearfix\">\n\t    \t\t<div class=\"subrow_inner col_align_top col-count-3 tf_box tf_w\">\n\t\t\t<div  style=\"width: 7%\" data-lazy=\"1\" class=\"sub_column module_column tf_box col3-1 first tb_y18w481\"> \n\t    \t    \t<\/div>\n\t\t<div  style=\"width: 80%\" data-lazy=\"1\" class=\"sub_column module_column tf_box col3-1 middle tb_myee481\"> \n\t    \t    \t        <div class=\"tb-column-inner tf_box tf_w\">\n\t\t    <!-- module image -->\n<div  class=\"module module-image tb_rvrb855   image-full-overlay tf_mw\" data-lazy=\"1\">\n        <div class=\"image-wrap tf_rel tf_mw\">\n\t\t    <img decoding=\"async\" src=\"https:\/\/www.fileasbl.be\/membres\/wp-content\/uploads\/2022\/04\/Sans-titre-1.png\" title=\"R\u00e9forme des rythmes annuels\" alt=\"R\u00e9forme des rythmes annuels\">\t\n\t\t<\/div>\n\t<!-- \/image-wrap -->\n    \n    \t<\/div>\n<!-- \/module image -->\t        <\/div>\n\t    \t<\/div>\n\t\t<div  style=\"width: 6.6%\" data-lazy=\"1\" class=\"sub_column module_column tf_box col3-1 last tb_328i482\"> \n\t    \t    \t<\/div>\n\t\t    <\/div>\n\t<\/div><!-- \/themify_builder_sub_row -->\n\t<!-- module divider -->\n<div  class=\"module tf_mw module-divider tb_q3fy579 solid   \" style=\"border-width: 2px;border-color: #9fbccc;margin-bottom: 30px;\" data-lazy=\"1\">\n    <\/div>\n<!-- \/module divider -->\n<!-- module fancy heading -->\n<div  class=\"module module-fancy-heading tb_cppl715 \" data-lazy=\"1\">\n        <h1 class=\"fancy-heading tf_textl\">\n    <span class=\"main-head tf_block\">\n\t\t\t\t\tFocus sur l\u2019accessibilit\u00e9 \u00e0 tous les enfants\t\t    <\/span>\n\n\t\n    <span class=\"sub-head tf_block tf_rel\">\n\t\t\t\t\t\t\t    <\/span>\n    <\/h1>\n<\/div>\n<!-- \/module fancy heading -->\n\t<div  data-lazy=\"1\" class=\"module_subrow themify_builder_sub_row tb_q2id477 tf_w tf_clearfix\">\n\t    \t\t<div class=\"subrow_inner col_align_top col-count-3 tf_box tf_w\">\n\t\t\t<div  style=\"width: 36%\" data-lazy=\"1\" class=\"sub_column module_column tf_box col3-1 first tb_296s477\"> \n\t    \t    \t        <div class=\"tb-column-inner tf_box tf_w\">\n\t\t    <!-- module image -->\n<div  class=\"module module-image tb_24bt477   image-center tf_mw\" data-lazy=\"1\">\n        <div class=\"image-wrap tf_rel tf_mw\">\n\t\t    <img loading=\"lazy\" decoding=\"async\" width=\"500\" height=\"500\" src=\"https:\/\/www.fileasbl.be\/membres\/wp-content\/uploads\/2022\/04\/Reforme-des-rythmes-annuels-1.png\" class=\"wp-post-image wp-image-26744\" title=\"R\u00e9forme des rythmes annuels (1)\" alt=\"R\u00e9forme des rythmes annuels (1)\" srcset=\"https:\/\/www.fileasbl.be\/membres\/wp-content\/uploads\/2022\/04\/Reforme-des-rythmes-annuels-1.png 500w, https:\/\/www.fileasbl.be\/membres\/wp-content\/uploads\/2022\/04\/Reforme-des-rythmes-annuels-1-300x300.png 300w, https:\/\/www.fileasbl.be\/membres\/wp-content\/uploads\/2022\/04\/Reforme-des-rythmes-annuels-1-150x150.png 150w, https:\/\/www.fileasbl.be\/membres\/wp-content\/uploads\/2022\/04\/Reforme-des-rythmes-annuels-1-400x400.png 400w, https:\/\/www.fileasbl.be\/membres\/wp-content\/uploads\/2022\/04\/Reforme-des-rythmes-annuels-1-100x100.png 100w\" sizes=\"auto, (max-width: 500px) 100vw, 500px\" \/>\t\n\t\t<\/div>\n\t<!-- \/image-wrap -->\n    \n    \t<\/div>\n<!-- \/module image -->\t        <\/div>\n\t    \t<\/div>\n\t\t<div  style=\"width: 21%\" data-lazy=\"1\" class=\"sub_column module_column tf_box col3-1 middle tb_xgc0478\"> \n\t    \t    \t        <div class=\"tb-column-inner tf_box tf_w\">\n\t\t    <!-- module text -->\n<div  class=\"module module-text tb_esls478   \" data-lazy=\"1\">\n        <div  class=\"tb_text_wrap\">\n    <p>L\u2019accessibilit\u00e9 \u00e0 toutes les familles et le focus sur les enfants en situation de pr\u00e9carit\u00e9 est une des priorit\u00e9 de la D\u00e9claration de Politique Communautaire de notre Gouvernement et du Contrat de gestion de l\u2019ONE. Afin de garantir cela, plusieurs modalit\u00e9s et conditions seront mises en place. \u00c0 savoir dans un premier temps la priorit\u00e9 pour des initiatives (cf. ci-dessus) accessibles au public d\u2019enfant en situation de pr\u00e9carit\u00e9 ainsi que l\u2019instauration d\u2019un montant journalier maximal de participation financi\u00e8re des parents ( fix\u00e9 en concertation avec le secteur).<\/p>    <\/div>\n<\/div>\n<!-- \/module text -->\t        <\/div>\n\t    \t<\/div>\n\t\t<div  style=\"width: 36.6%\" data-lazy=\"1\" class=\"sub_column module_column tf_box col3-1 last tb_55u4478\"> \n\t    \t    \t        <div class=\"tb-column-inner tf_box tf_w\">\n\t\t    <!-- module image -->\n<div  class=\"module module-image tb_lm1z478   image-center tf_mw\" data-lazy=\"1\">\n        <div class=\"image-wrap tf_rel tf_mw\">\n\t\t    <img loading=\"lazy\" decoding=\"async\" width=\"500\" height=\"500\" src=\"https:\/\/www.fileasbl.be\/membres\/wp-content\/uploads\/2022\/04\/Copie-de-Reforme-des-rythmes-annuels.png\" class=\"wp-post-image wp-image-26745\" title=\"Copie de R\u00e9forme des rythmes annuels\" alt=\"Copie de R\u00e9forme des rythmes annuels\" srcset=\"https:\/\/www.fileasbl.be\/membres\/wp-content\/uploads\/2022\/04\/Copie-de-Reforme-des-rythmes-annuels.png 500w, https:\/\/www.fileasbl.be\/membres\/wp-content\/uploads\/2022\/04\/Copie-de-Reforme-des-rythmes-annuels-300x300.png 300w, https:\/\/www.fileasbl.be\/membres\/wp-content\/uploads\/2022\/04\/Copie-de-Reforme-des-rythmes-annuels-150x150.png 150w, https:\/\/www.fileasbl.be\/membres\/wp-content\/uploads\/2022\/04\/Copie-de-Reforme-des-rythmes-annuels-400x400.png 400w, https:\/\/www.fileasbl.be\/membres\/wp-content\/uploads\/2022\/04\/Copie-de-Reforme-des-rythmes-annuels-100x100.png 100w\" sizes=\"auto, (max-width: 500px) 100vw, 500px\" \/>\t\n\t\t<\/div>\n\t<!-- \/image-wrap -->\n    \n    \t<\/div>\n<!-- \/module image -->\t        <\/div>\n\t    \t<\/div>\n\t\t    <\/div>\n\t<\/div><!-- \/themify_builder_sub_row -->\n\t<!-- module box -->\n<div  class=\"module module-box tb_plp0644 \" data-lazy=\"1\">\n        <div class=\"module-box-content ui  tb_default_color \">\n\t\t\t\t<div class=\"tb_text_wrap\"><p style=\"text-align: center;\"><strong>Ressources\u00a0: <\/strong><\/p>\n<ul>\n<li><a href=\"https:\/\/www.fileasbl.be\/membres\/wp-content\/uploads\/2022\/04\/22.05.02-Reforme-rythmes-scolaire-CDV-EDD-ATL.pdf\" target=\"_blank\" rel=\"noopener\">Communication ONE du 9 mai 2022<\/a><\/li>\n<li>Articles 214 et suivants du projet de d\u00e9cret : <a href=\"https:\/\/www.fileasbl.be\/membres\/wp-content\/uploads\/2022\/04\/doc-0357-90-L2019-2024-1.pdf\" target=\"_blank\" rel=\"noopener\">D\u00e9cret rythmes scolaires<\/a><\/li>\n<li>FAQ enseignement\u00a0: <a href=\"http:\/\/www.enseignement.be\/index.php?page=28589&amp;navi=4914#haut\" target=\"_blank\" rel=\"noopener\">Foire aux questions<\/a><\/li>\n<li>Calendriers 2022-2023-2024 <a href=\"http:\/\/www.enseignement.be\/index.php?page=28588&amp;navi=4912\" target=\"_blank\" rel=\"noopener\">Tous les calendriers scolaires<\/a><\/li>\n<li><a href=\"https:\/\/www.fileasbl.be\/membres\/wp-content\/uploads\/2022\/04\/Convention-partenaires-rythmes-scolaires-annuels.docx\">Convention partenaires rythmes scolaires annuels<\/a><\/li>\n<li><a href=\"https:\/\/www.fileasbl.be\/membres\/wp-content\/uploads\/2022\/04\/Convention-rythmes-scolaires.pdf\">Convention rythmes scolaires<\/a><\/li>\n<li><a href=\"https:\/\/www.fileasbl.be\/membres\/wp-content\/uploads\/2022\/04\/Circulaire-rythmes-scolaires-annuels.pdf\">Circulaire rythmes scolaires annuels<\/a><\/li>\n<li><a href=\"https:\/\/www.fileasbl.be\/membres\/wp-content\/uploads\/2022\/04\/Transmis-rythmes-scolaires.pdf\">Coordonn\u00e9es accompagnement rythmes scolaires<\/a><\/li>\n<\/ul><\/div>\n    <\/div>\n<\/div>\n<!-- \/module box -->\n\t        <\/div>\n\t    \t<\/div>\n\t\t    <\/div>\n\t    <!-- \/row_inner -->\n\t<\/div>\n\t<!-- \/module_row -->\n\t\t<!-- module_row -->\n\t<div  data-lazy=\"1\" class=\"module_row themify_builder_row tb_kvk4732 tf_clearfix\">\n\t    \t\t<div class=\"row_inner col_align_top col-count-2 tf_box tf_w tf_rel\">\n\t\t\t<div  data-lazy=\"1\" class=\"module_column tb-column col2-1 first tb_htef732 tf_box\">\n\t\t\t    \t        <div class=\"tb-column-inner tf_box tf_w\">\n\t\t    <!-- module login -->\n<div  class=\"module module-login tb_qabq802 \" data-lazy=\"1\">\n\t<div classss=\"tb_login_wrap \">\n\t\n\t\t\t\n\t\t<form class=\"tb_login_form tf_clearfix tf_box tf_clear\" name=\"loginform\" action=\"https:\/\/www.fileasbl.be\/membres\/wp-login.php\" method=\"post\">\n\t\t\t<p class=\"tb_login_username\">\n\t\t\t\t<label>\n\t\t\t\t\t<span class=\"tb_login_username_text\">Username or Email<\/span>\n\t\t\t\t\t<input type=\"text\" name=\"log\" required=\"required\">\n\t\t\t\t<\/label>\n\t\t\t<\/p>\n\t\t\t<p class=\"tb_login_password\">\n\t\t\t\t<label>\n\t\t\t\t\t<span class=\"tb_login_password_text\">Password<\/span>\n\t\t\t\t\t<input type=\"password\" name=\"pwd\" required=\"required\">\n\t\t\t\t<\/label>\n\t\t\t<\/p>\n\t\t\t<div class=\"tb_login_links tf_box tf_clear\">\n\t\t\t\t<a href=\"https:\/\/www.fileasbl.be\/membres\/wp-login.php?action=lostpassword\">Forgotten Password?<\/a>\n\t\t\t<\/div>\n\n\t\t\t\n\t\t\t\t\t\t<p class=\"tb_login_remember tf_left tf_box\">\n\t\t\t\t<label>\n\t\t\t\t\t<input name=\"rememberme\" type=\"checkbox\" value=\"forever\"> \n\t\t\t\t\t<span class=\"tb_login_remember_text\">Remember Me<\/span>\n\t\t\t\t<\/label>\n\t\t\t<\/p>\n\t\t\t\t\t\t<p class=\"tb_login_submit tf_right\">\n\t\t\t\t<button name=\"wp-submit\">Log In<\/button>\n\t\t\t\t<input type=\"hidden\" name=\"redirect_to\" value=\"\/membres\/wp-json\/wp\/v2\/posts\/26723?login_success=1\">\n\t\t\t\t<input type=\"hidden\" name=\"tb_login\" value=\"1\">\n\n\t\t\t\t\t\t\t<\/p>\n\n\t\t<\/form>\n\n\t\t<form class=\"tb_lostpassword_form tf_clearfix tf_box tf_clear\" name=\"lostpasswordform\" action=\"https:\/\/www.fileasbl.be\/membres\/wp-login.php?action=lostpassword\" method=\"post\" style=\"display:none\">\n\t\t\t<p class=\"tb_lostpassword_username\">\n\t\t\t\t<label>\n\t\t\t\t\t<span class=\"tb_lostpassword_username_text\">Username or Email<\/span>\n\t\t\t\t\t<input type=\"text\" name=\"user_login\" required=\"required\">\n\t\t\t\t<\/label>\n\t\t\t<\/p>\n\n\t\t\t\n\t\t\t\t\t\t<p class=\"tb_lostpassword_submit tf_right\">\n\t\t\t\t<button>Reset Password<\/button>\n\t\t\t<\/p>\n\n\t\t\t<div class=\"tb_login_links tf_left tf_box\">\n\t\t\t\t<a href=\"https:\/\/www.fileasbl.be\/membres\/wp-login.php\">Log In<\/a>\n\t\t\t<\/div>\n\t\t<\/form>\n\n\t    <\/div>\n<\/div><!-- \/module login -->\t        <\/div>\n\t    \t<\/div>\n\t\t<div  data-lazy=\"1\" class=\"module_column tb-column col2-1 last tb_z71n733 tf_box\">\n\t\t\t    \t        <div class=\"tb-column-inner tf_box tf_w\">\n\t\t    <!-- module text -->\n<div  class=\"module module-text tb_wzfp323   \" data-lazy=\"1\">\n        <div  class=\"tb_text_wrap\">\n    <p>Connectez-vous pour lire l&rsquo;article complet<\/p>    <\/div>\n<\/div>\n<!-- \/module text -->\t        <\/div>\n\t    \t<\/div>\n\t\t    <\/div>\n\t    <!-- \/row_inner -->\n\t<\/div>\n\t<!-- \/module_row -->\n\t<\/div>\n<!--\/themify_builder_content-->","protected":false},"excerpt":{"rendered":"<p>La R\u00e9forme des rythmes scolaires annuels a \u00e9t\u00e9 enfin adopt\u00e9e ce mercredi 30 mars\u00a0par le Gouvernement de la F\u00e9d\u00e9ration Wallonie-Bruxelles. La FILE se r\u00e9jouit de cette avanc\u00e9e centr\u00e9e sur le bien-\u00eatre de l\u2019enfant. Adaptation du calendrier scolaire Le calendrier scolaire est adapt\u00e9. Il s\u2019agira \u00e0 pr\u00e9sent, pour les enfants, d\u2019alterner des p\u00e9riodes de cours (+-7 [&hellip;]<\/p>\n","protected":false},"author":2,"featured_media":27033,"comment_status":"open","ping_status":"open","sticky":false,"template":"","format":"standard","meta":{"footnotes":""},"categories":[248,226],"tags":[],"class_list":["post-26723","post","type-post","status-publish","format-standard","has-post-thumbnail","hentry","category-atl","category-rythmes-de-lenfant","has-post-title","has-post-date","has-post-category","has-post-tag","has-post-comment","has-post-author",""],"yoast_head":"<!-- This site is optimized with the Yoast SEO plugin v27.5 - https:\/\/yoast.com\/product\/yoast-seo-wordpress\/ -->\n<title>R\u00e9forme des rythmes annuels - Site de la FILE<\/title>\n<meta name=\"robots\" content=\"index, follow, max-snippet:-1, max-image-preview:large, max-video-preview:-1\" \/>\n<link rel=\"canonical\" href=\"https:\/\/www.fileasbl.be\/membres\/reforme-des-rythmes-annuels\/\" \/>\n<meta property=\"og:locale\" content=\"fr_FR\" \/>\n<meta property=\"og:type\" content=\"article\" \/>\n<meta property=\"og:title\" content=\"R\u00e9forme des rythmes annuels - Site de la FILE\" \/>\n<meta property=\"og:description\" content=\"La R\u00e9forme des rythmes scolaires annuels a \u00e9t\u00e9 enfin adopt\u00e9e ce mercredi 30 mars\u00a0par le Gouvernement de la F\u00e9d\u00e9ration Wallonie-Bruxelles. La FILE se r\u00e9jouit de cette avanc\u00e9e centr\u00e9e sur le bien-\u00eatre de l\u2019enfant. Adaptation du calendrier scolaire Le calendrier scolaire est adapt\u00e9. Il s\u2019agira \u00e0 pr\u00e9sent, pour les enfants, d\u2019alterner des p\u00e9riodes de cours (+-7 [&hellip;]\" \/>\n<meta property=\"og:url\" content=\"https:\/\/www.fileasbl.be\/membres\/reforme-des-rythmes-annuels\/\" \/>\n<meta property=\"og:site_name\" content=\"Site de la FILE\" \/>\n<meta property=\"article:publisher\" content=\"https:\/\/www.facebook.com\/fileasbl\/\" \/>\n<meta property=\"article:published_time\" content=\"2022-04-28T07:07:47+00:00\" \/>\n<meta property=\"article:modified_time\" content=\"2024-08-09T10:41:17+00:00\" \/>\n<meta property=\"og:image\" content=\"https:\/\/www.fileasbl.be\/membres\/wp-content\/uploads\/2022\/04\/rythmes-annuels-.png\" \/>\n\t<meta property=\"og:image:width\" content=\"500\" \/>\n\t<meta property=\"og:image:height\" content=\"500\" \/>\n\t<meta property=\"og:image:type\" content=\"image\/png\" \/>\n<meta name=\"author\" content=\"Contact FILE\" \/>\n<meta name=\"twitter:card\" content=\"summary_large_image\" \/>\n<meta name=\"twitter:label1\" content=\"\u00c9crit par\" \/>\n\t<meta name=\"twitter:data1\" content=\"Contact FILE\" \/>\n<script type=\"application\/ld+json\" class=\"yoast-schema-graph\">{\"@context\":\"https:\\\/\\\/schema.org\",\"@graph\":[{\"@type\":\"Article\",\"@id\":\"https:\\\/\\\/www.fileasbl.be\\\/membres\\\/reforme-des-rythmes-annuels\\\/#article\",\"isPartOf\":{\"@id\":\"https:\\\/\\\/www.fileasbl.be\\\/membres\\\/reforme-des-rythmes-annuels\\\/\"},\"author\":{\"name\":\"Contact FILE\",\"@id\":\"https:\\\/\\\/www.fileasbl.be\\\/membres\\\/#\\\/schema\\\/person\\\/5954a0c68c3a6f92f805465caa00d25f\"},\"headline\":\"R\u00e9forme des rythmes annuels\",\"datePublished\":\"2022-04-28T07:07:47+00:00\",\"dateModified\":\"2024-08-09T10:41:17+00:00\",\"mainEntityOfPage\":{\"@id\":\"https:\\\/\\\/www.fileasbl.be\\\/membres\\\/reforme-des-rythmes-annuels\\\/\"},\"wordCount\":361,\"commentCount\":0,\"image\":{\"@id\":\"https:\\\/\\\/www.fileasbl.be\\\/membres\\\/reforme-des-rythmes-annuels\\\/#primaryimage\"},\"thumbnailUrl\":\"https:\\\/\\\/www.fileasbl.be\\\/membres\\\/wp-content\\\/uploads\\\/2022\\\/04\\\/rythmes-annuels-.png\",\"articleSection\":[\"ATL\",\"Rythmes de l'enfant\"],\"inLanguage\":\"fr-FR\",\"potentialAction\":[{\"@type\":\"CommentAction\",\"name\":\"Comment\",\"target\":[\"https:\\\/\\\/www.fileasbl.be\\\/membres\\\/reforme-des-rythmes-annuels\\\/#respond\"]}]},{\"@type\":\"WebPage\",\"@id\":\"https:\\\/\\\/www.fileasbl.be\\\/membres\\\/reforme-des-rythmes-annuels\\\/\",\"url\":\"https:\\\/\\\/www.fileasbl.be\\\/membres\\\/reforme-des-rythmes-annuels\\\/\",\"name\":\"R\u00e9forme des rythmes annuels - Site de la FILE\",\"isPartOf\":{\"@id\":\"https:\\\/\\\/www.fileasbl.be\\\/membres\\\/#website\"},\"primaryImageOfPage\":{\"@id\":\"https:\\\/\\\/www.fileasbl.be\\\/membres\\\/reforme-des-rythmes-annuels\\\/#primaryimage\"},\"image\":{\"@id\":\"https:\\\/\\\/www.fileasbl.be\\\/membres\\\/reforme-des-rythmes-annuels\\\/#primaryimage\"},\"thumbnailUrl\":\"https:\\\/\\\/www.fileasbl.be\\\/membres\\\/wp-content\\\/uploads\\\/2022\\\/04\\\/rythmes-annuels-.png\",\"datePublished\":\"2022-04-28T07:07:47+00:00\",\"dateModified\":\"2024-08-09T10:41:17+00:00\",\"author\":{\"@id\":\"https:\\\/\\\/www.fileasbl.be\\\/membres\\\/#\\\/schema\\\/person\\\/5954a0c68c3a6f92f805465caa00d25f\"},\"breadcrumb\":{\"@id\":\"https:\\\/\\\/www.fileasbl.be\\\/membres\\\/reforme-des-rythmes-annuels\\\/#breadcrumb\"},\"inLanguage\":\"fr-FR\",\"potentialAction\":[{\"@type\":\"ReadAction\",\"target\":[\"https:\\\/\\\/www.fileasbl.be\\\/membres\\\/reforme-des-rythmes-annuels\\\/\"]}]},{\"@type\":\"ImageObject\",\"inLanguage\":\"fr-FR\",\"@id\":\"https:\\\/\\\/www.fileasbl.be\\\/membres\\\/reforme-des-rythmes-annuels\\\/#primaryimage\",\"url\":\"https:\\\/\\\/www.fileasbl.be\\\/membres\\\/wp-content\\\/uploads\\\/2022\\\/04\\\/rythmes-annuels-.png\",\"contentUrl\":\"https:\\\/\\\/www.fileasbl.be\\\/membres\\\/wp-content\\\/uploads\\\/2022\\\/04\\\/rythmes-annuels-.png\",\"width\":500,\"height\":500},{\"@type\":\"BreadcrumbList\",\"@id\":\"https:\\\/\\\/www.fileasbl.be\\\/membres\\\/reforme-des-rythmes-annuels\\\/#breadcrumb\",\"itemListElement\":[{\"@type\":\"ListItem\",\"position\":1,\"name\":\"Accueil\",\"item\":\"https:\\\/\\\/www.fileasbl.be\\\/membres\\\/\"},{\"@type\":\"ListItem\",\"position\":2,\"name\":\"R\u00e9forme des rythmes annuels\"}]},{\"@type\":\"WebSite\",\"@id\":\"https:\\\/\\\/www.fileasbl.be\\\/membres\\\/#website\",\"url\":\"https:\\\/\\\/www.fileasbl.be\\\/membres\\\/\",\"name\":\"Site de la FILE\",\"description\":\"FILE Un accueil de qualit\u00e9 accessible \u00e0 tous\",\"potentialAction\":[{\"@type\":\"SearchAction\",\"target\":{\"@type\":\"EntryPoint\",\"urlTemplate\":\"https:\\\/\\\/www.fileasbl.be\\\/membres\\\/?s={search_term_string}\"},\"query-input\":{\"@type\":\"PropertyValueSpecification\",\"valueRequired\":true,\"valueName\":\"search_term_string\"}}],\"inLanguage\":\"fr-FR\"},{\"@type\":\"Person\",\"@id\":\"https:\\\/\\\/www.fileasbl.be\\\/membres\\\/#\\\/schema\\\/person\\\/5954a0c68c3a6f92f805465caa00d25f\",\"name\":\"Contact FILE\",\"url\":\"https:\\\/\\\/www.fileasbl.be\\\/membres\\\/author\\\/contactfile\\\/\"}]}<\/script>\n<!-- \/ Yoast SEO plugin. -->","yoast_head_json":{"title":"R\u00e9forme des rythmes annuels - Site de la FILE","robots":{"index":"index","follow":"follow","max-snippet":"max-snippet:-1","max-image-preview":"max-image-preview:large","max-video-preview":"max-video-preview:-1"},"canonical":"https:\/\/www.fileasbl.be\/membres\/reforme-des-rythmes-annuels\/","og_locale":"fr_FR","og_type":"article","og_title":"R\u00e9forme des rythmes annuels - Site de la FILE","og_description":"La R\u00e9forme des rythmes scolaires annuels a \u00e9t\u00e9 enfin adopt\u00e9e ce mercredi 30 mars\u00a0par le Gouvernement de la F\u00e9d\u00e9ration Wallonie-Bruxelles. La FILE se r\u00e9jouit de cette avanc\u00e9e centr\u00e9e sur le bien-\u00eatre de l\u2019enfant. Adaptation du calendrier scolaire Le calendrier scolaire est adapt\u00e9. Il s\u2019agira \u00e0 pr\u00e9sent, pour les enfants, d\u2019alterner des p\u00e9riodes de cours (+-7 [&hellip;]","og_url":"https:\/\/www.fileasbl.be\/membres\/reforme-des-rythmes-annuels\/","og_site_name":"Site de la FILE","article_publisher":"https:\/\/www.facebook.com\/fileasbl\/","article_published_time":"2022-04-28T07:07:47+00:00","article_modified_time":"2024-08-09T10:41:17+00:00","og_image":[{"width":500,"height":500,"url":"https:\/\/www.fileasbl.be\/membres\/wp-content\/uploads\/2022\/04\/rythmes-annuels-.png","type":"image\/png"}],"author":"Contact FILE","twitter_card":"summary_large_image","twitter_misc":{"\u00c9crit par":"Contact FILE"},"schema":{"@context":"https:\/\/schema.org","@graph":[{"@type":"Article","@id":"https:\/\/www.fileasbl.be\/membres\/reforme-des-rythmes-annuels\/#article","isPartOf":{"@id":"https:\/\/www.fileasbl.be\/membres\/reforme-des-rythmes-annuels\/"},"author":{"name":"Contact FILE","@id":"https:\/\/www.fileasbl.be\/membres\/#\/schema\/person\/5954a0c68c3a6f92f805465caa00d25f"},"headline":"R\u00e9forme des rythmes annuels","datePublished":"2022-04-28T07:07:47+00:00","dateModified":"2024-08-09T10:41:17+00:00","mainEntityOfPage":{"@id":"https:\/\/www.fileasbl.be\/membres\/reforme-des-rythmes-annuels\/"},"wordCount":361,"commentCount":0,"image":{"@id":"https:\/\/www.fileasbl.be\/membres\/reforme-des-rythmes-annuels\/#primaryimage"},"thumbnailUrl":"https:\/\/www.fileasbl.be\/membres\/wp-content\/uploads\/2022\/04\/rythmes-annuels-.png","articleSection":["ATL","Rythmes de l'enfant"],"inLanguage":"fr-FR","potentialAction":[{"@type":"CommentAction","name":"Comment","target":["https:\/\/www.fileasbl.be\/membres\/reforme-des-rythmes-annuels\/#respond"]}]},{"@type":"WebPage","@id":"https:\/\/www.fileasbl.be\/membres\/reforme-des-rythmes-annuels\/","url":"https:\/\/www.fileasbl.be\/membres\/reforme-des-rythmes-annuels\/","name":"R\u00e9forme des rythmes annuels - Site de la FILE","isPartOf":{"@id":"https:\/\/www.fileasbl.be\/membres\/#website"},"primaryImageOfPage":{"@id":"https:\/\/www.fileasbl.be\/membres\/reforme-des-rythmes-annuels\/#primaryimage"},"image":{"@id":"https:\/\/www.fileasbl.be\/membres\/reforme-des-rythmes-annuels\/#primaryimage"},"thumbnailUrl":"https:\/\/www.fileasbl.be\/membres\/wp-content\/uploads\/2022\/04\/rythmes-annuels-.png","datePublished":"2022-04-28T07:07:47+00:00","dateModified":"2024-08-09T10:41:17+00:00","author":{"@id":"https:\/\/www.fileasbl.be\/membres\/#\/schema\/person\/5954a0c68c3a6f92f805465caa00d25f"},"breadcrumb":{"@id":"https:\/\/www.fileasbl.be\/membres\/reforme-des-rythmes-annuels\/#breadcrumb"},"inLanguage":"fr-FR","potentialAction":[{"@type":"ReadAction","target":["https:\/\/www.fileasbl.be\/membres\/reforme-des-rythmes-annuels\/"]}]},{"@type":"ImageObject","inLanguage":"fr-FR","@id":"https:\/\/www.fileasbl.be\/membres\/reforme-des-rythmes-annuels\/#primaryimage","url":"https:\/\/www.fileasbl.be\/membres\/wp-content\/uploads\/2022\/04\/rythmes-annuels-.png","contentUrl":"https:\/\/www.fileasbl.be\/membres\/wp-content\/uploads\/2022\/04\/rythmes-annuels-.png","width":500,"height":500},{"@type":"BreadcrumbList","@id":"https:\/\/www.fileasbl.be\/membres\/reforme-des-rythmes-annuels\/#breadcrumb","itemListElement":[{"@type":"ListItem","position":1,"name":"Accueil","item":"https:\/\/www.fileasbl.be\/membres\/"},{"@type":"ListItem","position":2,"name":"R\u00e9forme des rythmes annuels"}]},{"@type":"WebSite","@id":"https:\/\/www.fileasbl.be\/membres\/#website","url":"https:\/\/www.fileasbl.be\/membres\/","name":"Site de la FILE","description":"FILE Un accueil de qualit\u00e9 accessible \u00e0 tous","potentialAction":[{"@type":"SearchAction","target":{"@type":"EntryPoint","urlTemplate":"https:\/\/www.fileasbl.be\/membres\/?s={search_term_string}"},"query-input":{"@type":"PropertyValueSpecification","valueRequired":true,"valueName":"search_term_string"}}],"inLanguage":"fr-FR"},{"@type":"Person","@id":"https:\/\/www.fileasbl.be\/membres\/#\/schema\/person\/5954a0c68c3a6f92f805465caa00d25f","name":"Contact FILE","url":"https:\/\/www.fileasbl.be\/membres\/author\/contactfile\/"}]}},"builder_content":"<img loading=\"lazy\" decoding=\"async\" width=\"1584\" height=\"396\" src=\"https:\/\/www.fileasbl.be\/membres\/wp-content\/uploads\/2022\/04\/Rythme-annuel.gif\" title=\"Rythme annuel\" alt=\"Rythme annuel\">\n\n\n<p>La <a href=\"https:\/\/www.fileasbl.be\/membres\/wp-content\/uploads\/2022\/04\/doc-0357-90-L2019-2024-1.pdf\" target=\"_blank\" rel=\"noopener\">R\u00e9forme des rythmes scolaires annuels<\/a> a \u00e9t\u00e9 enfin adopt\u00e9e ce mercredi 30 mars\u00a0par le Gouvernement de la F\u00e9d\u00e9ration Wallonie-Bruxelles. La FILE se r\u00e9jouit de cette avanc\u00e9e centr\u00e9e sur le bien-\u00eatre de l\u2019enfant.<\/p>\n<img src=\"https:\/\/www.fileasbl.be\/membres\/wp-content\/uploads\/2022\/04\/Reforme-des-rythmes-annuels-1.gif\" width=\"400\" height=\"400\" title=\"R\u00e9forme des rythmes annuels\" alt=\"R\u00e9forme des rythmes annuels\">\n\n<h1>Adaptation du calendrier scolaire<br\/><\/h1>\n<p>Le <strong><a href=\"http:\/\/www.enseignement.be\/index.php?page=28588&amp;navi=4912\">calendrier scolaire est adapt\u00e9<\/a><\/strong>. Il s\u2019agira \u00e0 pr\u00e9sent, pour les enfants, d\u2019alterner des p\u00e9riodes de cours (+-7 semaines) et de vacances (de 2 semaines pour les \u00ab petites vacances \u00bb et de +- 6 semaines pour les grandes vacances).<\/p>\n\n<h1>Adaptation des p\u00e9riodes subventionnables pour les Centres de vacances<br\/><\/h1>\n<p>Les enveloppes budg\u00e9taires ont \u00e9t\u00e9 adapt\u00e9es \u00e0 la hausse pour permettre aux Centres de vacances de justifier des deux plaines suppl\u00e9mentaires (\u00e0 Carnaval\/cong\u00e9 de d\u00e9tente et \u00e0 la Toussaint\/cong\u00e9 d\u2019automne).<\/p> <p>Montant pr\u00e9vu\u00a0: 500 000\u20ac<\/p>\n\n<h1>Budget suppl\u00e9mentaire pour l\u2019ATL pour les deux semaines de plaines (cong\u00e9 de d\u00e9tente\/cong\u00e9 d\u2019automne)<br\/><\/h1>\n<p>Une enveloppe budg\u00e9taire cons\u00e9quente a \u00e9t\u00e9 pr\u00e9vue afin de financer des initiatives de plaines accessibles et de qualit\u00e9 pour ces m\u00eames deux semaines de vacances.\u00a0<\/p> <p>Montant pr\u00e9vu : 1 millions d\u2019euros.<\/p> <ul> <li><a href=\"https:\/\/www.fileasbl.be\/membres\/wp-content\/uploads\/2022\/04\/Convention-partenaires-rythmes-scolaires-annuels.docx\">Convention partenaires rythmes scolaires annuels<\/a><\/li> <li><a href=\"https:\/\/www.fileasbl.be\/membres\/wp-content\/uploads\/2022\/04\/Convention-rythmes-scolaires.pdf\">Convention rythmes scolaires<\/a><\/li> <li><a href=\"https:\/\/www.fileasbl.be\/membres\/wp-content\/uploads\/2022\/04\/Circulaire-rythmes-scolaires-annuels.pdf\">Circulaire rythmes scolaires annuels<\/a><\/li> <li><a href=\"https:\/\/www.fileasbl.be\/membres\/wp-content\/uploads\/2022\/04\/Transmis-rythmes-scolaires.pdf\">Coordonn\u00e9es accompagnement rythmes scolaires<\/a><\/li> <\/ul>\n<img src=\"https:\/\/www.fileasbl.be\/membres\/wp-content\/uploads\/2022\/04\/Sans-titre-1.png\" title=\"R\u00e9forme des rythmes annuels\" alt=\"R\u00e9forme des rythmes annuels\">\n\n<h1>Focus sur l\u2019accessibilit\u00e9 \u00e0 tous les enfants<br\/><\/h1>\n<img loading=\"lazy\" decoding=\"async\" width=\"500\" height=\"500\" src=\"https:\/\/www.fileasbl.be\/membres\/wp-content\/uploads\/2022\/04\/Reforme-des-rythmes-annuels-1.png\" title=\"R\u00e9forme des rythmes annuels (1)\" alt=\"R\u00e9forme des rythmes annuels (1)\" srcset=\"https:\/\/www.fileasbl.be\/membres\/wp-content\/uploads\/2022\/04\/Reforme-des-rythmes-annuels-1.png 500w, https:\/\/www.fileasbl.be\/membres\/wp-content\/uploads\/2022\/04\/Reforme-des-rythmes-annuels-1-300x300.png 300w, https:\/\/www.fileasbl.be\/membres\/wp-content\/uploads\/2022\/04\/Reforme-des-rythmes-annuels-1-150x150.png 150w, https:\/\/www.fileasbl.be\/membres\/wp-content\/uploads\/2022\/04\/Reforme-des-rythmes-annuels-1-400x400.png 400w, https:\/\/www.fileasbl.be\/membres\/wp-content\/uploads\/2022\/04\/Reforme-des-rythmes-annuels-1-100x100.png 100w\" sizes=\"auto, (max-width: 500px) 100vw, 500px\" \/>\n<p>L\u2019accessibilit\u00e9 \u00e0 toutes les familles et le focus sur les enfants en situation de pr\u00e9carit\u00e9 est une des priorit\u00e9 de la D\u00e9claration de Politique Communautaire de notre Gouvernement et du Contrat de gestion de l\u2019ONE. Afin de garantir cela, plusieurs modalit\u00e9s et conditions seront mises en place. \u00c0 savoir dans un premier temps la priorit\u00e9 pour des initiatives (cf. ci-dessus) accessibles au public d\u2019enfant en situation de pr\u00e9carit\u00e9 ainsi que l\u2019instauration d\u2019un montant journalier maximal de participation financi\u00e8re des parents ( fix\u00e9 en concertation avec le secteur).<\/p>\n<img loading=\"lazy\" decoding=\"async\" width=\"500\" height=\"500\" src=\"https:\/\/www.fileasbl.be\/membres\/wp-content\/uploads\/2022\/04\/Copie-de-Reforme-des-rythmes-annuels.png\" title=\"Copie de R\u00e9forme des rythmes annuels\" alt=\"Copie de R\u00e9forme des rythmes annuels\" srcset=\"https:\/\/www.fileasbl.be\/membres\/wp-content\/uploads\/2022\/04\/Copie-de-Reforme-des-rythmes-annuels.png 500w, https:\/\/www.fileasbl.be\/membres\/wp-content\/uploads\/2022\/04\/Copie-de-Reforme-des-rythmes-annuels-300x300.png 300w, https:\/\/www.fileasbl.be\/membres\/wp-content\/uploads\/2022\/04\/Copie-de-Reforme-des-rythmes-annuels-150x150.png 150w, https:\/\/www.fileasbl.be\/membres\/wp-content\/uploads\/2022\/04\/Copie-de-Reforme-des-rythmes-annuels-400x400.png 400w, https:\/\/www.fileasbl.be\/membres\/wp-content\/uploads\/2022\/04\/Copie-de-Reforme-des-rythmes-annuels-100x100.png 100w\" sizes=\"auto, (max-width: 500px) 100vw, 500px\" \/>\n<p style=\"text-align: center;\"><strong>Ressources\u00a0: <\/strong><\/p> <ul> <li><a href=\"https:\/\/www.fileasbl.be\/membres\/wp-content\/uploads\/2022\/04\/22.05.02-Reforme-rythmes-scolaire-CDV-EDD-ATL.pdf\" target=\"_blank\" rel=\"noopener\">Communication ONE du 9 mai 2022<\/a><\/li> <li>Articles 214 et suivants du projet de d\u00e9cret : <a href=\"https:\/\/www.fileasbl.be\/membres\/wp-content\/uploads\/2022\/04\/doc-0357-90-L2019-2024-1.pdf\" target=\"_blank\" rel=\"noopener\">D\u00e9cret rythmes scolaires<\/a><\/li> <li>FAQ enseignement\u00a0: <a href=\"http:\/\/www.enseignement.be\/index.php?page=28589&amp;navi=4914#haut\" target=\"_blank\" rel=\"noopener\">Foire aux questions<\/a><\/li> <li>Calendriers 2022-2023-2024 <a href=\"http:\/\/www.enseignement.be\/index.php?page=28588&amp;navi=4912\" target=\"_blank\" rel=\"noopener\">Tous les calendriers scolaires<\/a><\/li> <li><a href=\"https:\/\/www.fileasbl.be\/membres\/wp-content\/uploads\/2022\/04\/Convention-partenaires-rythmes-scolaires-annuels.docx\">Convention partenaires rythmes scolaires annuels<\/a><\/li> <li><a href=\"https:\/\/www.fileasbl.be\/membres\/wp-content\/uploads\/2022\/04\/Convention-rythmes-scolaires.pdf\">Convention rythmes scolaires<\/a><\/li> <li><a href=\"https:\/\/www.fileasbl.be\/membres\/wp-content\/uploads\/2022\/04\/Circulaire-rythmes-scolaires-annuels.pdf\">Circulaire rythmes scolaires annuels<\/a><\/li> <li><a href=\"https:\/\/www.fileasbl.be\/membres\/wp-content\/uploads\/2022\/04\/Transmis-rythmes-scolaires.pdf\">Coordonn\u00e9es accompagnement rythmes scolaires<\/a><\/li> <\/ul>\n<p>Connectez-vous pour lire l'article complet<\/p>","_links":{"self":[{"href":"https:\/\/www.fileasbl.be\/membres\/wp-json\/wp\/v2\/posts\/26723","targetHints":{"allow":["GET"]}}],"collection":[{"href":"https:\/\/www.fileasbl.be\/membres\/wp-json\/wp\/v2\/posts"}],"about":[{"href":"https:\/\/www.fileasbl.be\/membres\/wp-json\/wp\/v2\/types\/post"}],"author":[{"embeddable":true,"href":"https:\/\/www.fileasbl.be\/membres\/wp-json\/wp\/v2\/users\/2"}],"replies":[{"embeddable":true,"href":"https:\/\/www.fileasbl.be\/membres\/wp-json\/wp\/v2\/comments?post=26723"}],"version-history":[{"count":0,"href":"https:\/\/www.fileasbl.be\/membres\/wp-json\/wp\/v2\/posts\/26723\/revisions"}],"wp:featuredmedia":[{"embeddable":true,"href":"https:\/\/www.fileasbl.be\/membres\/wp-json\/wp\/v2\/media\/27033"}],"wp:attachment":[{"href":"https:\/\/www.fileasbl.be\/membres\/wp-json\/wp\/v2\/media?parent=26723"}],"wp:term":[{"taxonomy":"category","embeddable":true,"href":"https:\/\/www.fileasbl.be\/membres\/wp-json\/wp\/v2\/categories?post=26723"},{"taxonomy":"post_tag","embeddable":true,"href":"https:\/\/www.fileasbl.be\/membres\/wp-json\/wp\/v2\/tags?post=26723"}],"curies":[{"name":"wp","href":"https:\/\/api.w.org\/{rel}","templated":true}]}}