{"id":30312,"date":"2023-01-10T18:05:05","date_gmt":"2023-01-10T17:05:05","guid":{"rendered":"https:\/\/www.fileasbl.be\/membres\/?p=30312"},"modified":"2024-08-13T15:27:33","modified_gmt":"2024-08-13T14:27:33","slug":"eveil-creatif-et-plaisir-en-milieu-daccueil-et-si-on-osait-prendre-le-temps-et-se-faire-confiance","status":"publish","type":"post","link":"https:\/\/www.fileasbl.be\/membres\/eveil-creatif-et-plaisir-en-milieu-daccueil-et-si-on-osait-prendre-le-temps-et-se-faire-confiance\/","title":{"rendered":"Eveil cr\u00e9atif et plaisir en milieu d\u2019accueil\u00a0: et si on osait\u00a0prendre le temps et se faire confiance ?\u00a0"},"content":{"rendered":"<!--themify_builder_content-->\n<div id=\"themify_builder_content-30312\" data-postid=\"30312\" class=\"themify_builder_content themify_builder_content-30312 themify_builder tf_clear\">\n    \t<!-- module_row -->\n\t<div  data-lazy=\"1\" class=\"module_row themify_builder_row tb_wwip63 tb_first tf_clearfix\">\n\t    \t\t<div class=\"row_inner col_align_top col-count-1 tf_box tf_w tf_rel\">\n\t\t\t<div  data-lazy=\"1\" class=\"module_column tb-column col-full first tb_caob64 tf_box\">\n\t\t\t    \t        <div class=\"tb-column-inner tf_box tf_w\">\n\t\t    <!-- module image -->\n<div  class=\"module module-image tb_afp1943   image-top auto_fullwidth tf_mw\" data-lazy=\"1\">\n        <div class=\"image-wrap tf_rel tf_mw\">\n\t\t    <img loading=\"lazy\" decoding=\"async\" width=\"1584\" height=\"396\" src=\"https:\/\/www.fileasbl.be\/membres\/wp-content\/uploads\/2023\/01\/Colloque-2023-1.gif\" class=\"wp-post-image wp-image-30359\" title=\"Colloque 2023 (1)\" alt=\"Colloque 2023 (1)\">\t\n\t\t<\/div>\n\t<!-- \/image-wrap -->\n    \n    \t<\/div>\n<!-- \/module image -->\t<div  data-lazy=\"1\" class=\"module_subrow themify_builder_sub_row tb_mjx81 tf_w tf_clearfix\">\n\t    \t\t<div class=\"subrow_inner col_align_top col-count-2 tf_box tf_w\">\n\t\t\t<div  style=\"width: 63.8%\" data-lazy=\"1\" class=\"sub_column module_column tf_box col2-1 first tb_zwkn1\"> \n\t    \t    \t        <div class=\"tb-column-inner tf_box tf_w\">\n\t\t    <!-- module text -->\n<div  class=\"module module-text tb_64hi1   \" data-lazy=\"1\">\n        <div  class=\"tb_text_wrap\">\n    <p>Le 3 octobre 2023, nous vous avons accueilli \u00e0 la Marlagne \u00e0 Namur pour une journ\u00e9e de colloque sur la th\u00e9matique de l\u2019\u00e9veil cr\u00e9atif et du plaisir en milieu d\u2019accueil de la petite enfance. Vous avez \u00e9t\u00e9 plus de 375 \u00e0 participer \u00e0 cette journ\u00e9e riche en exp\u00e9riences, d\u00e9couvertes, cr\u00e9ativit\u00e9, plaisirs et \u00e9merveillements ! En effet, cette ann\u00e9e, ce n\u2019\u00e9tait pas un colloque comme les autres, vous \u00e9tiez invit\u00e9.e.s \u00e0 participer \u00e0 hauteur d\u2019enfants \u00e0 18 ateliers autour de l\u2019\u00e9veil cr\u00e9atif !<\/p>\n<p>\u00a0<\/p>    <\/div>\n<\/div>\n<!-- \/module text -->\t        <\/div>\n\t    \t<\/div>\n\t\t<div  style=\"width: 33%\" data-lazy=\"1\" class=\"sub_column module_column tf_box col2-1 last tb_8a592\" > \n\t    \t    \t<\/div>\n\t\t    <\/div>\n\t<\/div><!-- \/themify_builder_sub_row -->\n\t<!-- module divider -->\n<div  class=\"module tf_mw module-divider tb_iq4c241 solid   \" style=\"border-width: 1px;border-color: #000;margin-top: 30px;margin-bottom: 30px;\" data-lazy=\"1\">\n    <\/div>\n<!-- \/module divider -->\n<!-- module image -->\n<div  class=\"module module-image tb_8axs435 rounded bordered  image-center tf_mw\" data-lazy=\"1\">\n        <div class=\"image-wrap tf_rel tf_mw\">\n\t\t    <img loading=\"lazy\" decoding=\"async\" width=\"494\" height=\"824\" src=\"https:\/\/www.fileasbl.be\/membres\/wp-content\/uploads\/2023\/01\/Capture-decran-2023-11-14-11.44.34.png\" class=\"wp-post-image wp-image-31040\" title=\"Capture d&#039;\u00e9cran 2023-11-14 11.44.34\" alt=\"Capture d&#039;\u00e9cran 2023-11-14 11.44.34\" srcset=\"https:\/\/www.fileasbl.be\/membres\/wp-content\/uploads\/2023\/01\/Capture-decran-2023-11-14-11.44.34.png 494w, https:\/\/www.fileasbl.be\/membres\/wp-content\/uploads\/2023\/01\/Capture-decran-2023-11-14-11.44.34-180x300.png 180w, https:\/\/www.fileasbl.be\/membres\/wp-content\/uploads\/2023\/01\/Capture-decran-2023-11-14-11.44.34-400x667.png 400w\" sizes=\"auto, (max-width: 494px) 100vw, 494px\" \/>\t\n\t\t<\/div>\n\t<!-- \/image-wrap -->\n    \n    \t<\/div>\n<!-- \/module image --><!-- module text -->\n<div  class=\"module module-text tb_tsx2469   \" data-lazy=\"1\">\n        <div  class=\"tb_text_wrap\">\n    <p><em>Pourquoi nous centrer sur la d\u00e9marche cr\u00e9ative ?<\/em><\/p>\n<p>Parce que la cr\u00e9ativit\u00e9, nous l\u2019avons tous en nous mais elle s\u2019\u00e9veille, elle s\u2019apprivoise, elle s\u2019entraine, elle s\u2019exerce ! C\u2019est ce que nous vous avons propos\u00e9 de vivre lors de cette journ\u00e9e. Parce que ce n\u2019est qu\u2019en le vivant que l&rsquo;on peut ressentir ce qu\u2019une exp\u00e9rience cr\u00e9ative apporte, lib\u00e8re, renforce\u2026 et s&rsquo;autoriser ensuite \u00e0 prendre le temps de proposer de telles exp\u00e9riences aux enfants, \u00e0 se faire confiance, \u00e0 leur faire confiance, \u00e0 oser, conscient.e.s que ce n\u2019est pas une petite activit\u00e9 anecdotique et sympa mais des moments fondateurs pour l\u2019enfant.<\/p>\n<p>\u00a0Parce que nous sommes convaincus que c\u2019est une comp\u00e9tence essentielle qui servira \u00e0 l\u2019enfant toute sa vie durant pour faire face \u00e0 la r\u00e9alit\u00e9 des choses \u2026 une r\u00e9alit\u00e9 qu\u2019on ne choisit pas : il faut \u00ab faire avec \u00bb ! mais comment \u00ab faire avec \u00bb si on n\u2019a pas l\u2019habitude de faire avec ce que l\u2019on a l\u00e0 devant soi et si on n\u2019a pas assez de confiance en soi pour se lancer, pour l\u00e2cher-prise \u2026<\/p>\n<p>La cr\u00e9ativit\u00e9 est au c\u0153ur \u2013 m\u00eame de la capacit\u00e9 \u00e0 avancer dans la vie et \u00e0 faire face aux difficult\u00e9s \u2026 Le r\u00f4le du professionnel.l.e sera de d\u00e9velopper et de renforcer la confiance en soi chez l\u2019enfant en lui permettant de vivre des exp\u00e9riences de d\u00e9marches cr\u00e9atives.<\/p>\n<p>En effet, la cr\u00e9ativit\u00e9 est utile dans la vie ; elle augmente l\u2019estime de soi, le bien-\u00eatre, la curiosit\u00e9, la connaissance de soi, le go\u00fbt d\u2019exp\u00e9rimenter, l\u2019ouverture d\u2019esprit, le l\u00e2cher-prise, l\u2019imagination, l\u2019empathie, le respect, l\u2019observation, l\u2019\u00e9merveillement, l\u2019expression de soi et de ses \u00e9motions,\u2026 La cr\u00e9ativit\u00e9 permet de prendre le temps de d\u00e9poser des v\u00e9cus, pens\u00e9es et ressentis et favorise \u00e9galement la connexion et le lien entre les enfants mais aussi entre les enfants et les adultes.\u00a0<\/p>\n<p>La cr\u00e9ativit\u00e9 est pour nous une capacit\u00e9, un processus et non un r\u00e9sultat. Sortons de la valorisation de la finalit\u00e9, du produit fini, focalisons-nous sur le processus, sur les \u00e9motions, sur les attitudes et sur l\u2019enfant qui est acteur dans sa cr\u00e9ation. Proposer des moments d\u2019\u00e9veil cr\u00e9atif en milieu d\u2019accueil n\u00e9cessite de prendre conscience de ce processus et de cette rencontre cr\u00e9ative avec soi-m\u00eame et avec les enfants mais aussi de prendre le temps.<\/p>\n<p>Alors, pour travailler l\u2019\u00e9veil cr\u00e9atif dans la confiance et le plaisir, nous avons fait appel \u00e0 des champions de la cr\u00e9ativit\u00e9, des artistes et formateurs que nous remercions vivement pour leur participation ! Ceux-ci vont ont fait bouger, danser, chanter, toucher, peindre, construire, d\u00e9construire, transformer, inventer, jouer avec la lumi\u00e8re, go\u00fbter, \u00e9couter, sentir, observer, r\u00e9cup\u00e9rer, imaginer, cr\u00e9er et prendre du plaisir pour pouvoir transmettre ces plaisirs aux enfants\u00a0!<\/p>\n<p>D\u00e9couvrons sans plus attendre nos diff\u00e9rents intervenant.e.s et leurs ateliers !\u00a0<\/p>    <\/div>\n<\/div>\n<!-- \/module text --><!-- module divider -->\n<div  class=\"module tf_mw module-divider tb_a7c2318 solid   \" style=\"border-width: 1px;border-color: #000;margin-top: 30px;margin-bottom: 30px;\" data-lazy=\"1\">\n    <\/div>\n<!-- \/module divider -->\n<!-- module box -->\n<div  class=\"module module-box tb_pecq522 \" data-lazy=\"1\">\n        <div class=\"module-box-content ui  tb_default_color \">\n\t\t\t\t<div class=\"tb_text_wrap\"><h2 style=\"text-align: center;\"><strong><a href=\"https:\/\/www.youtube.com\/watch?v=hNpi13_4ovU&amp;ab_channel=FederationdesInitiativesLocalespourl%27Enfance\">Retrouvez ici la vid\u00e9o de cet \u00e9v\u00e8nement !\u00a0<\/a><\/strong><\/h2><\/div>\n    <\/div>\n<\/div>\n<!-- \/module box -->\n<!-- module text -->\n<div  class=\"module module-text tb_ewmc762   \" data-lazy=\"1\">\n        <div  class=\"tb_text_wrap\">\n    <h3><span style=\"color: #003366;\">Les op\u00e9rateurs de formation, artistes et leurs ateliers :\u00a0<\/span><\/h3>\n<hr \/>\n<p>\u00a0<\/p>    <\/div>\n<\/div>\n<!-- \/module text --><!-- module accordion -->\n<div  class=\"module module-accordion tb_qpzp405 \" data-behavior=\"toggle\" data-lazy=\"1\">\n    \n    <ul class=\"ui module-accordion plus-icon-button  tb_default_color\">\n\t\t    <li>\n\t\t\t<div class=\"accordion-title tf_rel\">\n\t\t\t\t<a href=\"#acc-qpzp405-0\" aria-controls=\"acc-qpzp405-0-content\" aria-expanded=\"false\">\n\t\t\t\t\t\t\t\t\t\t\t\t\t\t\t<span class=\"tb_title_accordion tf_w\">Le Th\u00e9\u00e2tre de la Guimbarde<\/span>\n\t\t\t\t<\/a>\n\t\t\t<\/div><!-- .accordion-title -->\n\n\t\t\t<div id=\"acc-qpzp405-0-content\" data-id=\"acc-qpzp405-0\" aria-hidden=\"true\" class=\"accordion-content tf_hide\">\n\n\t\t\t\t\t\t\t\t\t<div\t\t\t\t\t\tclass=\"tb_text_wrap\"\n\t\t\t\t\t\t>\n\t\t\t\t\t\t<p><strong>Qui sont-ils ?\u00a0<\/strong><\/p>\n<p>Le Th\u00e9\u00e2tre de la Guimbarde est une compagnie professionnelle de th\u00e9\u00e2tre jeune public reconnue par la FWB. Elle a initi\u00e9 en Belgique la cr\u00e9ation th\u00e9\u00e2trale \u00e0 destination des tout-petits (0-3 ans). Depuis l\u2019ann\u00e9e 2000, seize spectacles \u00e0 destination des enfants des cr\u00e8ches ont vu le jour, les derniers en dates \u00e9tant :\u00abKubik\u00bb, \u00abEtc.\u00bb, \u00abRoi d\u2019Argile\u00bb, \u00abSweet&amp;Swing\u00bb, \u00abCacheCache\u00bb, \u00abTaama\u00bb, \u00ab Canto \u00bb. La nouvelle cr\u00e9ation s\u2019intitule \u00abTi\u00e9b\u00e9l\u00e9\u00bb. Ces cr\u00e9ations sont nourries d\u2019un \u00e9change constant entre les professionnel\u00b7le\u00b7s de la petite enfance et les artistes de la compagnie. R\u00e9fl\u00e9chir ensemble \u00e0 la mani\u00e8re dont les tout-petits appr\u00e9hendent le monde et \u00e0 leur bien-\u00eatre nous am\u00e8ne \u00e0 repenser nos attitudes d\u2019adultes. Leur curiosit\u00e9 nous aide \u00e0 rester \u00e9veill\u00e9s au quotidien.<br \/>Site : laguimbarde.be<\/p>\n<p><strong>Leur atelier\u00a0<\/strong><\/p>\n<p>Gwen du Th\u00e9\u00e2tre de la Guimbarde nous a propos\u00e9 un atelier autour de la danse et du mouvement. Apprendre \u00e0 l\u00e2cher prise en musique, se mouvoir dans l&rsquo;espace, jouer avec le rythme, l&rsquo;environnement, son corps, les autres&#8230;\u00a0 Cet atelier ne n\u00e9cessite aucun mat\u00e9riel \u00e0 part soi-m\u00eame et de la musique !<\/p>\n<p><a href=\"https:\/\/www.fileasbl.be\/membres\/wp-content\/uploads\/2023\/11\/FILE-Colloque-126.jpg\"><img loading=\"lazy\" decoding=\"async\" class=\"size-medium wp-image-31145 alignleft\" src=\"https:\/\/www.fileasbl.be\/membres\/wp-content\/uploads\/2023\/11\/FILE-Colloque-126-300x200.jpg\" alt=\"\" width=\"300\" height=\"200\" srcset=\"https:\/\/www.fileasbl.be\/membres\/wp-content\/uploads\/2023\/11\/FILE-Colloque-126-1024x684-300x200.jpg 300w, https:\/\/www.fileasbl.be\/membres\/wp-content\/uploads\/2023\/11\/FILE-Colloque-126-1024x684.jpg 1024w, https:\/\/www.fileasbl.be\/membres\/wp-content\/uploads\/2023\/11\/FILE-Colloque-126-768x513.jpg 768w, https:\/\/www.fileasbl.be\/membres\/wp-content\/uploads\/2023\/11\/FILE-Colloque-126-1536x1026.jpg 1536w, https:\/\/www.fileasbl.be\/membres\/wp-content\/uploads\/2023\/11\/FILE-Colloque-126-400x267.jpg 400w, https:\/\/www.fileasbl.be\/membres\/wp-content\/uploads\/2023\/11\/FILE-Colloque-126.jpg 2000w\" sizes=\"auto, (max-width: 300px) 100vw, 300px\" \/><\/a> <a href=\"https:\/\/www.fileasbl.be\/membres\/wp-content\/uploads\/2023\/11\/FILE-Colloque-143.jpg\"><img loading=\"lazy\" decoding=\"async\" class=\"size-medium wp-image-31144 alignleft\" src=\"https:\/\/www.fileasbl.be\/membres\/wp-content\/uploads\/2023\/11\/FILE-Colloque-143-300x200.jpg\" alt=\"\" width=\"300\" height=\"200\" srcset=\"https:\/\/www.fileasbl.be\/membres\/wp-content\/uploads\/2023\/11\/FILE-Colloque-143-1024x684-300x200.jpg 300w, https:\/\/www.fileasbl.be\/membres\/wp-content\/uploads\/2023\/11\/FILE-Colloque-143-1024x684.jpg 1024w, https:\/\/www.fileasbl.be\/membres\/wp-content\/uploads\/2023\/11\/FILE-Colloque-143-768x513.jpg 768w, https:\/\/www.fileasbl.be\/membres\/wp-content\/uploads\/2023\/11\/FILE-Colloque-143-1536x1026.jpg 1536w, https:\/\/www.fileasbl.be\/membres\/wp-content\/uploads\/2023\/11\/FILE-Colloque-143-400x267.jpg 400w, https:\/\/www.fileasbl.be\/membres\/wp-content\/uploads\/2023\/11\/FILE-Colloque-143.jpg 2000w\" sizes=\"auto, (max-width: 300px) 100vw, 300px\" \/><\/a> <a href=\"https:\/\/www.fileasbl.be\/membres\/wp-content\/uploads\/2023\/11\/FILE-Colloque-135.jpg\"><img loading=\"lazy\" decoding=\"async\" class=\"size-medium wp-image-31143 alignleft\" src=\"https:\/\/www.fileasbl.be\/membres\/wp-content\/uploads\/2023\/11\/FILE-Colloque-135-300x200.jpg\" alt=\"\" width=\"300\" height=\"200\" srcset=\"https:\/\/www.fileasbl.be\/membres\/wp-content\/uploads\/2023\/11\/FILE-Colloque-135-1024x684-300x200.jpg 300w, https:\/\/www.fileasbl.be\/membres\/wp-content\/uploads\/2023\/11\/FILE-Colloque-135-1024x684.jpg 1024w, https:\/\/www.fileasbl.be\/membres\/wp-content\/uploads\/2023\/11\/FILE-Colloque-135-768x513.jpg 768w, https:\/\/www.fileasbl.be\/membres\/wp-content\/uploads\/2023\/11\/FILE-Colloque-135-1536x1026.jpg 1536w, https:\/\/www.fileasbl.be\/membres\/wp-content\/uploads\/2023\/11\/FILE-Colloque-135-400x267.jpg 400w, https:\/\/www.fileasbl.be\/membres\/wp-content\/uploads\/2023\/11\/FILE-Colloque-135.jpg 2000w\" sizes=\"auto, (max-width: 300px) 100vw, 300px\" \/><\/a> <a href=\"https:\/\/www.fileasbl.be\/membres\/wp-content\/uploads\/2023\/11\/FILE-Colloque-123.jpg\"><img loading=\"lazy\" decoding=\"async\" class=\"size-medium wp-image-31142 alignleft\" src=\"https:\/\/www.fileasbl.be\/membres\/wp-content\/uploads\/2023\/11\/FILE-Colloque-123-300x200.jpg\" alt=\"\" width=\"300\" height=\"200\" srcset=\"https:\/\/www.fileasbl.be\/membres\/wp-content\/uploads\/2023\/11\/FILE-Colloque-123-1024x684-300x200.jpg 300w, https:\/\/www.fileasbl.be\/membres\/wp-content\/uploads\/2023\/11\/FILE-Colloque-123-1024x684.jpg 1024w, https:\/\/www.fileasbl.be\/membres\/wp-content\/uploads\/2023\/11\/FILE-Colloque-123-768x513.jpg 768w, https:\/\/www.fileasbl.be\/membres\/wp-content\/uploads\/2023\/11\/FILE-Colloque-123-1536x1026.jpg 1536w, https:\/\/www.fileasbl.be\/membres\/wp-content\/uploads\/2023\/11\/FILE-Colloque-123-400x267.jpg 400w, https:\/\/www.fileasbl.be\/membres\/wp-content\/uploads\/2023\/11\/FILE-Colloque-123.jpg 2000w\" sizes=\"auto, (max-width: 300px) 100vw, 300px\" \/><\/a><\/p>\t\t\t\t\t<\/div>\n\t\t\t\t\n\t\t\t<\/div><!-- .accordion-content -->\n\t    <\/li>\n\t    <\/ul>\n\n<\/div><!-- \/module accordion --><!-- module accordion -->\n<div  class=\"module module-accordion tb_4uoe778 \" data-behavior=\"toggle\" data-lazy=\"1\">\n    \n    <ul class=\"ui module-accordion plus-icon-button  tb_default_color\">\n\t\t    <li>\n\t\t\t<div class=\"accordion-title tf_rel\">\n\t\t\t\t<a href=\"#acc-4uoe778-0\" aria-controls=\"acc-4uoe778-0-content\" aria-expanded=\"false\">\n\t\t\t\t\t\t\t\t\t\t\t\t\t\t\t<span class=\"tb_title_accordion tf_w\">FRAJE<\/span>\n\t\t\t\t<\/a>\n\t\t\t<\/div><!-- .accordion-title -->\n\n\t\t\t<div id=\"acc-4uoe778-0-content\" data-id=\"acc-4uoe778-0\" aria-hidden=\"true\" class=\"accordion-content tf_hide\">\n\n\t\t\t\t\t\t\t\t\t<div\t\t\t\t\t\tclass=\"tb_text_wrap\"\n\t\t\t\t\t\t>\n\t\t\t\t\t\t<p><strong>Qui sont-ils ?\u00a0<\/strong><\/p>\n<p style=\"text-align: left;\">Le FRAJE (Centre de Formation permanente et de Recherche dans les<br \/>milieux d\u2019Accueil du Jeune Enfant) est une asbl dont la mission consiste en la formation continue des professionnel.le.s des milieux d\u2019accueil (0 \u2013 12 ans) d\u2019une part et la recherche en mati\u00e8re d\u2019enfance d\u2019autre part.<br \/>Leurs objectifs sont de favoriser la \u00ab continuit\u00e9 d\u2019\u00eatre \u00bb chez le b\u00e9b\u00e9 et<br \/>l\u2019enfant dans ses diff\u00e9rents milieux de vie ; de rendre ad\u00e9quates les pratiques professionnelles dans le respect des valeurs familiales et culturelles rencontr\u00e9es ; de rencontrer les professionnel.le.s dans leur contexte de travail, consid\u00e9rant les contraintes et opportunit\u00e9s que celui-ci offre ; de viser l\u2019excellence des comp\u00e9tences des professionnel.le.s, l\u2019exercice de leur esprit critique et l\u2019actualisation constante des connaissances concernant le d\u00e9veloppement de l\u2019enfant ; de favoriser les pratiques de bientraitance et de porter notre attention sur les processus de d\u00e9veloppement de la vie psychique, physique et sociale du b\u00e9b\u00e9 et de l\u2019enfant.<br \/>Site : fraje.be<\/p>\n<p><strong>Leur atelier\u00a0<\/strong><\/p>\n<p>L&rsquo;atelier <em>\u00ab\u00a0Aller \u00e0 la rencontre d&rsquo;une \u0153uvre\u00a0d&rsquo;art\u00a0\u00bb <\/em>propos\u00e9 par le FRAJE a offert aux participant.e.s d&rsquo;aller \u00e0 la rencontre d&rsquo;objets du quotidien et de reproductions d&rsquo;\u0153uvres d&rsquo;art, sur carte postale. Au travers de sa propre sensibilit\u00e9 et cr\u00e9ativit\u00e9, chaque personne a \u00e9t\u00e9 invit\u00e9e, dans un premier temps, \u00e0 extraire la po\u00e9sie qui existe en chaque objet et dans un second temps, \u00e0 donner la parole \u00e0 une \u0153uvre d&rsquo;art s\u00e9lectionn\u00e9e. L&rsquo;atelier a \u00e9t\u00e9 cl\u00f4tur\u00e9 par un mini-mus\u00e9e \u00ab\u00a0des curiosit\u00e9s ordinaires du quotidien\u00a0\u00bb.\u00a0<\/p>\n<p>Cet atelier \u00e9tait en continuit\u00e9 du Manifeste \u00ab\u00a0Mus\u00e9es d&rsquo;art, Amis des tout-petits\u00a0\u00bb co\u00e9crit par Charlotte Fallon et Isabelle Chavepeyer et \u00e9dit\u00e9 par le FRAJE.<\/p>\n<p><a href=\"https:\/\/www.fileasbl.be\/membres\/wp-content\/uploads\/2023\/01\/FILE-Colloque-231.jpg\"><img loading=\"lazy\" decoding=\"async\" class=\"alignnone size-medium wp-image-31148\" src=\"https:\/\/www.fileasbl.be\/membres\/wp-content\/uploads\/2023\/01\/FILE-Colloque-231-200x300.jpg\" alt=\"\" width=\"200\" height=\"300\" srcset=\"https:\/\/www.fileasbl.be\/membres\/wp-content\/uploads\/2023\/01\/FILE-Colloque-231-200x300.jpg 200w, https:\/\/www.fileasbl.be\/membres\/wp-content\/uploads\/2023\/01\/FILE-Colloque-231-684x1024.jpg 684w, https:\/\/www.fileasbl.be\/membres\/wp-content\/uploads\/2023\/01\/FILE-Colloque-231-768x1150.jpg 768w, https:\/\/www.fileasbl.be\/membres\/wp-content\/uploads\/2023\/01\/FILE-Colloque-231-1026x1536.jpg 1026w, https:\/\/www.fileasbl.be\/membres\/wp-content\/uploads\/2023\/01\/FILE-Colloque-231-400x599.jpg 400w, https:\/\/www.fileasbl.be\/membres\/wp-content\/uploads\/2023\/01\/FILE-Colloque-231.jpg 1336w\" sizes=\"auto, (max-width: 200px) 100vw, 200px\" \/><\/a> <a href=\"https:\/\/www.fileasbl.be\/membres\/wp-content\/uploads\/2023\/01\/FILE-Colloque-230.jpg\"><img loading=\"lazy\" decoding=\"async\" class=\"alignnone size-medium wp-image-31149\" src=\"https:\/\/www.fileasbl.be\/membres\/wp-content\/uploads\/2023\/01\/FILE-Colloque-230-300x200.jpg\" alt=\"\" width=\"300\" height=\"200\" srcset=\"https:\/\/www.fileasbl.be\/membres\/wp-content\/uploads\/2023\/01\/FILE-Colloque-230-300x200.jpg 300w, https:\/\/www.fileasbl.be\/membres\/wp-content\/uploads\/2023\/01\/FILE-Colloque-230-1024x684.jpg 1024w, https:\/\/www.fileasbl.be\/membres\/wp-content\/uploads\/2023\/01\/FILE-Colloque-230-768x513.jpg 768w, https:\/\/www.fileasbl.be\/membres\/wp-content\/uploads\/2023\/01\/FILE-Colloque-230-1536x1026.jpg 1536w, https:\/\/www.fileasbl.be\/membres\/wp-content\/uploads\/2023\/01\/FILE-Colloque-230-400x267.jpg 400w, https:\/\/www.fileasbl.be\/membres\/wp-content\/uploads\/2023\/01\/FILE-Colloque-230.jpg 2000w\" sizes=\"auto, (max-width: 300px) 100vw, 300px\" \/><\/a> <a href=\"https:\/\/www.fileasbl.be\/membres\/wp-content\/uploads\/2023\/01\/FILE-Colloque-237.jpg\"><img loading=\"lazy\" decoding=\"async\" class=\"alignnone size-medium wp-image-31150\" src=\"https:\/\/www.fileasbl.be\/membres\/wp-content\/uploads\/2023\/01\/FILE-Colloque-237-300x200.jpg\" alt=\"\" width=\"300\" height=\"200\" srcset=\"https:\/\/www.fileasbl.be\/membres\/wp-content\/uploads\/2023\/01\/FILE-Colloque-237-300x200.jpg 300w, https:\/\/www.fileasbl.be\/membres\/wp-content\/uploads\/2023\/01\/FILE-Colloque-237-1024x684.jpg 1024w, https:\/\/www.fileasbl.be\/membres\/wp-content\/uploads\/2023\/01\/FILE-Colloque-237-768x513.jpg 768w, https:\/\/www.fileasbl.be\/membres\/wp-content\/uploads\/2023\/01\/FILE-Colloque-237-1536x1026.jpg 1536w, https:\/\/www.fileasbl.be\/membres\/wp-content\/uploads\/2023\/01\/FILE-Colloque-237-400x267.jpg 400w, https:\/\/www.fileasbl.be\/membres\/wp-content\/uploads\/2023\/01\/FILE-Colloque-237.jpg 2000w\" sizes=\"auto, (max-width: 300px) 100vw, 300px\" \/><\/a><\/p>\t\t\t\t\t<\/div>\n\t\t\t\t\n\t\t\t<\/div><!-- .accordion-content -->\n\t    <\/li>\n\t    <\/ul>\n\n<\/div><!-- \/module accordion --><!-- module accordion -->\n<div  class=\"module module-accordion tb_3ueh38 \" data-behavior=\"toggle\" data-lazy=\"1\">\n    \n    <ul class=\"ui module-accordion plus-icon-button  tb_default_color\">\n\t\t    <li>\n\t\t\t<div class=\"accordion-title tf_rel\">\n\t\t\t\t<a href=\"#acc-3ueh38-0\" aria-controls=\"acc-3ueh38-0-content\" aria-expanded=\"false\">\n\t\t\t\t\t\t\t\t\t\t\t\t\t\t\t<span class=\"tb_title_accordion tf_w\">C-PAJE<\/span>\n\t\t\t\t<\/a>\n\t\t\t<\/div><!-- .accordion-title -->\n\n\t\t\t<div id=\"acc-3ueh38-0-content\" data-id=\"acc-3ueh38-0\" aria-hidden=\"true\" class=\"accordion-content tf_hide\">\n\n\t\t\t\t\t\t\t\t\t<div\t\t\t\t\t\tclass=\"tb_text_wrap\"\n\t\t\t\t\t\t>\n\t\t\t\t\t\t<p><strong>Qui sont-ils ?\u00a0<\/strong><\/p>\n<p style=\"text-align: left;\">L\u2019ASBL C-paje, reconnue Organisation de Jeunesse par la FWB depuis<br \/>1979, propose des formations aux professionnel\u00b7le\u00b7s de l\u2019animation, de<br \/>l\u2019\u00e9ducation et de la petite enfance, porte des projets d\u2019animation avec les jeunes et multiplie les initiatives pour renforcer le r\u00e9seau au sein du secteur socioculturel. Par ces actions, le C-paje souhaite \u0153uvrer en faveur de l\u2019\u00e9mancipation culturelle des enfants et des jeunes. Sa m\u00e9thode pour atteindre ses missions s\u2019appuie sur l\u2019appropriation d\u2019outils d\u2019expression cr\u00e9ative, la diversit\u00e9 des approches p\u00e9dagogiques et la transversalit\u00e9 des publics. Nos formations 0-3 ans, ouvertes \u00e0 tout\u00b7e professionnel\u00b7le de la petite enfance, vous proposent de stimuler votre cr\u00e9ativit\u00e9 et d\u2019enrichir vos comp\u00e9tences, en offrant une m\u00e9thodologie transf\u00e9rable sur le terrain et en vous mettant en contact avec d&rsquo;autres professionnel\u00b7le\u00b7s. \u00c0 partir d&rsquo;ateliers et d&rsquo;exp\u00e9rimentations th\u00e9matiques tels que l\u2019\u00e9veil culturel et artistique, la pratique d\u2019activit\u00e9s ou la place active de l\u2019enfant, les participant.e.s sont amen\u00e9\u00b7e\u00b7s \u00e0 \u00e9changer leurs savoirs, leurs acquis et leurs pratiques du m\u00e9tier, ainsi qu\u2019\u00e0 approfondir ou \u00e0 renouveler leurs comp\u00e9tences.<br \/>Site : www.c-paje.be<\/p>\n<p><strong>Leurs ateliers\u00a0<\/strong><\/p>\n<p>Le C-PAJE nous a propos\u00e9 3 ateliers hauts en couleurs !\u00a0<\/p>\n<p><strong>Un atelier \u00a0\u00bb premiers pas arts plastiques\u00a0\u00bb :<\/strong><\/p>\n<p>Le but de cet atelier \u00e9tait de faire red\u00e9couvrir \u00e0 l&rsquo;adulte le plaisir de jouer avec les mati\u00e8res, les contrastes et faire na\u00eetre une \u00e9motion. Red\u00e9couvrir \u00e9galement le monde des couleurs et des sensations en se mettant \u00e0 hauteur d&rsquo;enfants et en exp\u00e9rimentant via la peinture (entre autre sur fen\u00eatre) et le modelage.\u00a0<\/p>\n<p><strong>Un atelier \u00ab\u00a0\u00e9veil musical\u00a0\u00bb :<\/strong><\/p>\n<p>Il n\u2019est pas n\u00e9cessaire de conna\u00eetre la musique pour s\u2019enrichir et s\u2019amuser avec le tout-petit. Les participant.e.s ont \u00e9t\u00e9 amen\u00e9 \u00e0 d\u00e9couvrir une s\u00e9rie d\u2019activit\u00e9s ludiques autour de chansons, de comptines, de rythme, de rondes et de jeux de doigts et de la voix pour stimuler chez l\u2019enfant le plaisir et le jeu. Des petits instruments de musique aux plus grands, tout est \u00e0 exp\u00e9rimenter et \u00e0 d\u00e9couvrir !<\/p>\n<p><strong>Un atelier \u00ab\u00a0Nature, r\u00e9cup et tissage\u00a0\u00bb<\/strong><\/p>\n<p>Les participant.e.s ont \u00e9t\u00e9 amen\u00e9es sur base de mat\u00e9riel de r\u00e9cup\u00e9ration et sur ce qu&rsquo;iels ont pu trouver dans la nature \u00e0 cr\u00e9er un tissage collectif. Coller, tisser, d\u00e9couper, cr\u00e9er et amener la nature \u00e0 l&rsquo;int\u00e9rieur afin d&rsquo;exp\u00e9rimenter diverses textures, senteurs, cr\u00e9ations&#8230; Cet atelier est peu co\u00fbteux, avec du mat\u00e9riel adapt\u00e9 aux tout-petits et stimule les sensations pour d\u00e9couvrir ses cinq sens.\u00a0<\/p>\n<p><a href=\"https:\/\/www.fileasbl.be\/membres\/wp-content\/uploads\/2023\/01\/FILE-Colloque-253.jpg\"><img loading=\"lazy\" decoding=\"async\" class=\"alignnone size-medium wp-image-31204\" src=\"https:\/\/www.fileasbl.be\/membres\/wp-content\/uploads\/2023\/01\/FILE-Colloque-253-300x200.jpg\" alt=\"\" width=\"300\" height=\"200\" srcset=\"https:\/\/www.fileasbl.be\/membres\/wp-content\/uploads\/2023\/01\/FILE-Colloque-253-300x200.jpg 300w, https:\/\/www.fileasbl.be\/membres\/wp-content\/uploads\/2023\/01\/FILE-Colloque-253-1024x684.jpg 1024w, https:\/\/www.fileasbl.be\/membres\/wp-content\/uploads\/2023\/01\/FILE-Colloque-253-768x513.jpg 768w, https:\/\/www.fileasbl.be\/membres\/wp-content\/uploads\/2023\/01\/FILE-Colloque-253-1536x1026.jpg 1536w, https:\/\/www.fileasbl.be\/membres\/wp-content\/uploads\/2023\/01\/FILE-Colloque-253-400x267.jpg 400w, https:\/\/www.fileasbl.be\/membres\/wp-content\/uploads\/2023\/01\/FILE-Colloque-253.jpg 2000w\" sizes=\"auto, (max-width: 300px) 100vw, 300px\" \/><\/a> <a href=\"https:\/\/www.fileasbl.be\/membres\/wp-content\/uploads\/2023\/01\/FILE-Colloque-254.jpg\"><img loading=\"lazy\" decoding=\"async\" class=\"alignnone size-medium wp-image-31205\" src=\"https:\/\/www.fileasbl.be\/membres\/wp-content\/uploads\/2023\/01\/FILE-Colloque-254-300x200.jpg\" alt=\"\" width=\"300\" height=\"200\" srcset=\"https:\/\/www.fileasbl.be\/membres\/wp-content\/uploads\/2023\/01\/FILE-Colloque-254-300x200.jpg 300w, https:\/\/www.fileasbl.be\/membres\/wp-content\/uploads\/2023\/01\/FILE-Colloque-254-1024x684.jpg 1024w, https:\/\/www.fileasbl.be\/membres\/wp-content\/uploads\/2023\/01\/FILE-Colloque-254-768x513.jpg 768w, https:\/\/www.fileasbl.be\/membres\/wp-content\/uploads\/2023\/01\/FILE-Colloque-254-1536x1026.jpg 1536w, https:\/\/www.fileasbl.be\/membres\/wp-content\/uploads\/2023\/01\/FILE-Colloque-254-400x267.jpg 400w, https:\/\/www.fileasbl.be\/membres\/wp-content\/uploads\/2023\/01\/FILE-Colloque-254.jpg 2000w\" sizes=\"auto, (max-width: 300px) 100vw, 300px\" \/><\/a> <a href=\"https:\/\/www.fileasbl.be\/membres\/wp-content\/uploads\/2023\/01\/FILE-Colloque-298.jpg\"><img loading=\"lazy\" decoding=\"async\" class=\"alignnone size-medium wp-image-31154\" src=\"https:\/\/www.fileasbl.be\/membres\/wp-content\/uploads\/2023\/01\/FILE-Colloque-298-200x300.jpg\" alt=\"\" width=\"200\" height=\"300\" srcset=\"https:\/\/www.fileasbl.be\/membres\/wp-content\/uploads\/2023\/01\/FILE-Colloque-298-200x300.jpg 200w, https:\/\/www.fileasbl.be\/membres\/wp-content\/uploads\/2023\/01\/FILE-Colloque-298-684x1024.jpg 684w, https:\/\/www.fileasbl.be\/membres\/wp-content\/uploads\/2023\/01\/FILE-Colloque-298-768x1150.jpg 768w, https:\/\/www.fileasbl.be\/membres\/wp-content\/uploads\/2023\/01\/FILE-Colloque-298-1026x1536.jpg 1026w, https:\/\/www.fileasbl.be\/membres\/wp-content\/uploads\/2023\/01\/FILE-Colloque-298-400x599.jpg 400w, https:\/\/www.fileasbl.be\/membres\/wp-content\/uploads\/2023\/01\/FILE-Colloque-298.jpg 1336w\" sizes=\"auto, (max-width: 200px) 100vw, 200px\" \/><\/a> <a href=\"https:\/\/www.fileasbl.be\/membres\/wp-content\/uploads\/2023\/01\/FILE-Colloque-304.jpg\"><img loading=\"lazy\" decoding=\"async\" class=\"alignnone size-medium wp-image-31155\" src=\"https:\/\/www.fileasbl.be\/membres\/wp-content\/uploads\/2023\/01\/FILE-Colloque-304-300x200.jpg\" alt=\"\" width=\"300\" height=\"200\" srcset=\"https:\/\/www.fileasbl.be\/membres\/wp-content\/uploads\/2023\/01\/FILE-Colloque-304-300x200.jpg 300w, https:\/\/www.fileasbl.be\/membres\/wp-content\/uploads\/2023\/01\/FILE-Colloque-304-1024x684.jpg 1024w, https:\/\/www.fileasbl.be\/membres\/wp-content\/uploads\/2023\/01\/FILE-Colloque-304-768x513.jpg 768w, https:\/\/www.fileasbl.be\/membres\/wp-content\/uploads\/2023\/01\/FILE-Colloque-304-1536x1026.jpg 1536w, https:\/\/www.fileasbl.be\/membres\/wp-content\/uploads\/2023\/01\/FILE-Colloque-304-400x267.jpg 400w, https:\/\/www.fileasbl.be\/membres\/wp-content\/uploads\/2023\/01\/FILE-Colloque-304.jpg 2000w\" sizes=\"auto, (max-width: 300px) 100vw, 300px\" \/><\/a><a href=\"https:\/\/www.fileasbl.be\/membres\/wp-content\/uploads\/2023\/01\/FILE-Colloque-166.jpg\"><img loading=\"lazy\" decoding=\"async\" class=\"alignnone size-medium wp-image-31180\" src=\"https:\/\/www.fileasbl.be\/membres\/wp-content\/uploads\/2023\/01\/FILE-Colloque-166-300x200.jpg\" alt=\"\" width=\"300\" height=\"200\" srcset=\"https:\/\/www.fileasbl.be\/membres\/wp-content\/uploads\/2023\/01\/FILE-Colloque-166-300x200.jpg 300w, https:\/\/www.fileasbl.be\/membres\/wp-content\/uploads\/2023\/01\/FILE-Colloque-166-1024x684.jpg 1024w, https:\/\/www.fileasbl.be\/membres\/wp-content\/uploads\/2023\/01\/FILE-Colloque-166-768x513.jpg 768w, https:\/\/www.fileasbl.be\/membres\/wp-content\/uploads\/2023\/01\/FILE-Colloque-166-1536x1026.jpg 1536w, https:\/\/www.fileasbl.be\/membres\/wp-content\/uploads\/2023\/01\/FILE-Colloque-166-400x267.jpg 400w, https:\/\/www.fileasbl.be\/membres\/wp-content\/uploads\/2023\/01\/FILE-Colloque-166.jpg 2000w\" sizes=\"auto, (max-width: 300px) 100vw, 300px\" \/><\/a><\/p>\n<p>\u00a0<\/p>\t\t\t\t\t<\/div>\n\t\t\t\t\n\t\t\t<\/div><!-- .accordion-content -->\n\t    <\/li>\n\t    <\/ul>\n\n<\/div><!-- \/module accordion --><!-- module accordion -->\n<div  class=\"module module-accordion tb_7oih923 \" data-behavior=\"toggle\" data-lazy=\"1\">\n    \n    <ul class=\"ui module-accordion plus-icon-button  tb_default_color\">\n\t\t    <li>\n\t\t\t<div class=\"accordion-title tf_rel\">\n\t\t\t\t<a href=\"#acc-7oih923-0\" aria-controls=\"acc-7oih923-0-content\" aria-expanded=\"false\">\n\t\t\t\t\t\t\t\t\t\t\t\t\t\t\t<span class=\"tb_title_accordion tf_w\">CEMEA<\/span>\n\t\t\t\t<\/a>\n\t\t\t<\/div><!-- .accordion-title -->\n\n\t\t\t<div id=\"acc-7oih923-0-content\" data-id=\"acc-7oih923-0\" aria-hidden=\"true\" class=\"accordion-content tf_hide\">\n\n\t\t\t\t\t\t\t\t\t<div\t\t\t\t\t\tclass=\"tb_text_wrap\"\n\t\t\t\t\t\t>\n\t\t\t\t\t\t<p><strong>Qui sont-ils ?\u00a0<\/strong><\/p>\n<p style=\"text-align: left;\">Organisation de Jeunesse et organisme d&rsquo;\u00e9ducation permanente, reconnu par la FWB, les Centres d&rsquo;entra\u00eenement aux m\u00e9thodes d&rsquo;\u00e9ducation active (CEMEA) sont un mouvement d&rsquo;\u00e9ducation et de formation, proposant des m\u00e9thodes d&rsquo;\u00e9ducation active.<br \/>Les CEM\u00c9A proposent des formations fond\u00e9es sur l\u2019appropriation active de connaissances et l\u2019exp\u00e9rimentation personnelle et fondent leurs pratiques p\u00e9dagogiques sur les principes suivants : la personne est \u00e0 consid\u00e9rer dans sa globalit\u00e9, l\u2019\u00e9ducation dans sa continuit\u00e9 ; le milieu est primordial dans le d\u00e9veloppement de l\u2019individu ; l\u2019activit\u00e9 est \u00e0 la base de l\u2019acquisition des connaissances ; la formation na\u00eet du contact \u00e9troit et permanent avec la r\u00e9alit\u00e9, de l\u2019interaction entre l\u2019expression de soi et la communication avec autrui.<br \/>Site : www.cemea.be<\/p>\n<p><strong>Leurs ateliers\u00a0<\/strong><\/p>\n<p>Les CEMEA nous a propos\u00e9 deux ateliers :<\/p>\n<p><strong>Un atelier \u00ab\u00a0Exp\u00e9rimentation de la terre glaise\u00a0\u00bb :<\/strong><\/p>\n<p>Avec une table et de la terre glaise, on peut faire beaucoup ! Les participant.e.s ont \u00e9t\u00e9 invit\u00e9es \u00e0 plonger dans l&rsquo;univers de la terre glaise en exp\u00e9rimentant cette mati\u00e8re unique. Cr\u00e9ations imaginaires, textures particuli\u00e8res et diff\u00e9rents sens en \u00e9veil !<\/p>\n<p><strong>Un atelier \u00ab\u00a0Fresque collective, peinture avec bambou\u00a0\u00bb :<\/strong><\/p>\n<p>De longues affiches blanches dispos\u00e9es au mur, des pinceaux-bambou et une \u0153uvre collective : voici ce que les participant.e.s ont pu d\u00e9couvrir et exp\u00e9rimenter lors de cet atelier. Diff\u00e9rentes techniques ont \u00e9t\u00e9 propos\u00e9es et surtout beaucoup de couleurs !<\/p>\n<p><a href=\"https:\/\/www.fileasbl.be\/membres\/wp-content\/uploads\/2023\/01\/FILE-Colloque-299.jpg\"><img loading=\"lazy\" decoding=\"async\" class=\"alignnone size-medium wp-image-31156\" src=\"https:\/\/www.fileasbl.be\/membres\/wp-content\/uploads\/2023\/01\/FILE-Colloque-299-300x200.jpg\" alt=\"\" width=\"300\" height=\"200\" srcset=\"https:\/\/www.fileasbl.be\/membres\/wp-content\/uploads\/2023\/01\/FILE-Colloque-299-300x200.jpg 300w, https:\/\/www.fileasbl.be\/membres\/wp-content\/uploads\/2023\/01\/FILE-Colloque-299-1024x684.jpg 1024w, https:\/\/www.fileasbl.be\/membres\/wp-content\/uploads\/2023\/01\/FILE-Colloque-299-768x513.jpg 768w, https:\/\/www.fileasbl.be\/membres\/wp-content\/uploads\/2023\/01\/FILE-Colloque-299-1536x1026.jpg 1536w, https:\/\/www.fileasbl.be\/membres\/wp-content\/uploads\/2023\/01\/FILE-Colloque-299-400x267.jpg 400w, https:\/\/www.fileasbl.be\/membres\/wp-content\/uploads\/2023\/01\/FILE-Colloque-299.jpg 2000w\" sizes=\"auto, (max-width: 300px) 100vw, 300px\" \/><\/a><a href=\"https:\/\/www.fileasbl.be\/membres\/wp-content\/uploads\/2023\/01\/FILE-Colloque-289.jpg\"><img loading=\"lazy\" decoding=\"async\" class=\"alignnone size-medium wp-image-31153\" src=\"https:\/\/www.fileasbl.be\/membres\/wp-content\/uploads\/2023\/01\/FILE-Colloque-289-300x200.jpg\" alt=\"\" width=\"300\" height=\"200\" srcset=\"https:\/\/www.fileasbl.be\/membres\/wp-content\/uploads\/2023\/01\/FILE-Colloque-289-300x200.jpg 300w, https:\/\/www.fileasbl.be\/membres\/wp-content\/uploads\/2023\/01\/FILE-Colloque-289-1024x684.jpg 1024w, https:\/\/www.fileasbl.be\/membres\/wp-content\/uploads\/2023\/01\/FILE-Colloque-289-768x513.jpg 768w, https:\/\/www.fileasbl.be\/membres\/wp-content\/uploads\/2023\/01\/FILE-Colloque-289-1536x1026.jpg 1536w, https:\/\/www.fileasbl.be\/membres\/wp-content\/uploads\/2023\/01\/FILE-Colloque-289-400x267.jpg 400w, https:\/\/www.fileasbl.be\/membres\/wp-content\/uploads\/2023\/01\/FILE-Colloque-289.jpg 2000w\" sizes=\"auto, (max-width: 300px) 100vw, 300px\" \/><\/a> <a href=\"https:\/\/www.fileasbl.be\/membres\/wp-content\/uploads\/2023\/01\/FILE-Colloque-288.jpg\"><img loading=\"lazy\" decoding=\"async\" class=\"alignnone size-medium wp-image-31158\" src=\"https:\/\/www.fileasbl.be\/membres\/wp-content\/uploads\/2023\/01\/FILE-Colloque-288-300x200.jpg\" alt=\"\" width=\"300\" height=\"200\" srcset=\"https:\/\/www.fileasbl.be\/membres\/wp-content\/uploads\/2023\/01\/FILE-Colloque-288-300x200.jpg 300w, https:\/\/www.fileasbl.be\/membres\/wp-content\/uploads\/2023\/01\/FILE-Colloque-288-1024x684.jpg 1024w, https:\/\/www.fileasbl.be\/membres\/wp-content\/uploads\/2023\/01\/FILE-Colloque-288-768x513.jpg 768w, https:\/\/www.fileasbl.be\/membres\/wp-content\/uploads\/2023\/01\/FILE-Colloque-288-1536x1026.jpg 1536w, https:\/\/www.fileasbl.be\/membres\/wp-content\/uploads\/2023\/01\/FILE-Colloque-288-400x267.jpg 400w, https:\/\/www.fileasbl.be\/membres\/wp-content\/uploads\/2023\/01\/FILE-Colloque-288.jpg 2000w\" sizes=\"auto, (max-width: 300px) 100vw, 300px\" \/><\/a> <a href=\"https:\/\/www.fileasbl.be\/membres\/wp-content\/uploads\/2023\/01\/FILE-Colloque-354.jpg\"><img loading=\"lazy\" decoding=\"async\" class=\"alignnone size-medium wp-image-31159\" src=\"https:\/\/www.fileasbl.be\/membres\/wp-content\/uploads\/2023\/01\/FILE-Colloque-354-300x200.jpg\" alt=\"\" width=\"300\" height=\"200\" srcset=\"https:\/\/www.fileasbl.be\/membres\/wp-content\/uploads\/2023\/01\/FILE-Colloque-354-300x200.jpg 300w, https:\/\/www.fileasbl.be\/membres\/wp-content\/uploads\/2023\/01\/FILE-Colloque-354-1024x684.jpg 1024w, https:\/\/www.fileasbl.be\/membres\/wp-content\/uploads\/2023\/01\/FILE-Colloque-354-768x513.jpg 768w, https:\/\/www.fileasbl.be\/membres\/wp-content\/uploads\/2023\/01\/FILE-Colloque-354-1536x1026.jpg 1536w, https:\/\/www.fileasbl.be\/membres\/wp-content\/uploads\/2023\/01\/FILE-Colloque-354-400x267.jpg 400w, https:\/\/www.fileasbl.be\/membres\/wp-content\/uploads\/2023\/01\/FILE-Colloque-354.jpg 2000w\" sizes=\"auto, (max-width: 300px) 100vw, 300px\" \/><\/a> <a href=\"https:\/\/www.fileasbl.be\/membres\/wp-content\/uploads\/2023\/01\/FILE-Colloque-358.jpg\"><img loading=\"lazy\" decoding=\"async\" class=\"alignnone size-medium wp-image-31160\" src=\"https:\/\/www.fileasbl.be\/membres\/wp-content\/uploads\/2023\/01\/FILE-Colloque-358-200x300.jpg\" alt=\"\" width=\"200\" height=\"300\" srcset=\"https:\/\/www.fileasbl.be\/membres\/wp-content\/uploads\/2023\/01\/FILE-Colloque-358-200x300.jpg 200w, https:\/\/www.fileasbl.be\/membres\/wp-content\/uploads\/2023\/01\/FILE-Colloque-358-684x1024.jpg 684w, https:\/\/www.fileasbl.be\/membres\/wp-content\/uploads\/2023\/01\/FILE-Colloque-358-768x1150.jpg 768w, https:\/\/www.fileasbl.be\/membres\/wp-content\/uploads\/2023\/01\/FILE-Colloque-358-1026x1536.jpg 1026w, https:\/\/www.fileasbl.be\/membres\/wp-content\/uploads\/2023\/01\/FILE-Colloque-358-400x599.jpg 400w, https:\/\/www.fileasbl.be\/membres\/wp-content\/uploads\/2023\/01\/FILE-Colloque-358.jpg 1336w\" sizes=\"auto, (max-width: 200px) 100vw, 200px\" \/><\/a><\/p>\t\t\t\t\t<\/div>\n\t\t\t\t\n\t\t\t<\/div><!-- .accordion-content -->\n\t    <\/li>\n\t    <\/ul>\n\n<\/div><!-- \/module accordion --><!-- module accordion -->\n<div  class=\"module module-accordion tb_9l9f222 \" data-behavior=\"toggle\" data-lazy=\"1\">\n    \n    <ul class=\"ui module-accordion plus-icon-button  tb_default_color\">\n\t\t    <li>\n\t\t\t<div class=\"accordion-title tf_rel\">\n\t\t\t\t<a href=\"#acc-9l9f222-0\" aria-controls=\"acc-9l9f222-0-content\" aria-expanded=\"false\">\n\t\t\t\t\t\t\t\t\t\t\t\t\t\t\t<span class=\"tb_title_accordion tf_w\">CARAVELLES<\/span>\n\t\t\t\t<\/a>\n\t\t\t<\/div><!-- .accordion-title -->\n\n\t\t\t<div id=\"acc-9l9f222-0-content\" data-id=\"acc-9l9f222-0\" aria-hidden=\"true\" class=\"accordion-content tf_hide\">\n\n\t\t\t\t\t\t\t\t\t<div\t\t\t\t\t\tclass=\"tb_text_wrap\"\n\t\t\t\t\t\t>\n\t\t\t\t\t\t<p><strong>Qui sont-ils ?\u00a0<\/strong><\/p>\n<p style=\"text-align: left;\">Caravelles asbl est un Dispositif mobile de Soutien \u00e0 l\u2019Inclusion (DSI)<br \/>agr\u00e9\u00e9 et subsidi\u00e9 par l\u2019AVIQ, et reconnu par l\u2019ONE. Convaincu de l\u2019importance que tous les enfants puissent grandir ensemble et fr\u00e9quenter les m\u00eames milieux de vie, le dispositif Caravelles vise \u00e0 favoriser et soutenir l\u2019inclusion des enfants a besoins sp\u00e9cifiques de 0 \u00e0 12 ans dans les structures d\u2019accueil dites \u00ab ordinaires \u00bb. Caravelles est un dispositif issu d\u2019une \u00e9troite collaboration entre l\u2019AVIQ et l\u2019ONE. Notre travail est donc encadr\u00e9 et accompagn\u00e9 par ces deux structures<br \/>qui nous offrent un regard ext\u00e9rieur sur des aspects li\u00e9s \u00e0 l\u2019accueil de<br \/>l\u2019enfance, tant sur le plan psychop\u00e9dagogique que m\u00e9dical ou l\u00e9gal. Cette collaboration nous permet \u00e9galement, lors de rencontres communes, de d\u00e9velopper des connaissances et comp\u00e9tences mutuelles.<br \/>Site : www.caravelles.be<\/p>\n<p><strong>Leur atelier<\/strong><\/p>\n<p>Caravelles a propos\u00e9 un atelier unique autour de la cr\u00e9ation de conte multisensoriel. Les participant.e.s sont entr\u00e9s dans un univers f\u00e9\u00e9rique, rempli de mat\u00e9riel divers et vari\u00e9s : livres, mousses, liquides, peluches, coussins, jeux, \u00e9corces et bien d&rsquo;autres encore&#8230; L&rsquo;id\u00e9e \u00e9tait de raconter une histoire diff\u00e9remment en l&rsquo;enrichissant de mat\u00e9riel et en venant stimuler les 5 sens.\u00a0<\/p>\n<p><a href=\"https:\/\/www.fileasbl.be\/membres\/wp-content\/uploads\/2023\/01\/FILE-Colloque-261.jpg\"><img loading=\"lazy\" decoding=\"async\" class=\"alignnone size-medium wp-image-31161\" src=\"https:\/\/www.fileasbl.be\/membres\/wp-content\/uploads\/2023\/01\/FILE-Colloque-261-300x200.jpg\" alt=\"\" width=\"300\" height=\"200\" srcset=\"https:\/\/www.fileasbl.be\/membres\/wp-content\/uploads\/2023\/01\/FILE-Colloque-261-300x200.jpg 300w, https:\/\/www.fileasbl.be\/membres\/wp-content\/uploads\/2023\/01\/FILE-Colloque-261-1024x684.jpg 1024w, https:\/\/www.fileasbl.be\/membres\/wp-content\/uploads\/2023\/01\/FILE-Colloque-261-768x513.jpg 768w, https:\/\/www.fileasbl.be\/membres\/wp-content\/uploads\/2023\/01\/FILE-Colloque-261-1536x1026.jpg 1536w, https:\/\/www.fileasbl.be\/membres\/wp-content\/uploads\/2023\/01\/FILE-Colloque-261-400x267.jpg 400w, https:\/\/www.fileasbl.be\/membres\/wp-content\/uploads\/2023\/01\/FILE-Colloque-261.jpg 2000w\" sizes=\"auto, (max-width: 300px) 100vw, 300px\" \/><\/a> <a href=\"https:\/\/www.fileasbl.be\/membres\/wp-content\/uploads\/2023\/01\/FILE-Colloque-258.jpg\"><img loading=\"lazy\" decoding=\"async\" class=\"alignnone size-medium wp-image-31162\" src=\"https:\/\/www.fileasbl.be\/membres\/wp-content\/uploads\/2023\/01\/FILE-Colloque-258-300x200.jpg\" alt=\"\" width=\"300\" height=\"200\" srcset=\"https:\/\/www.fileasbl.be\/membres\/wp-content\/uploads\/2023\/01\/FILE-Colloque-258-300x200.jpg 300w, https:\/\/www.fileasbl.be\/membres\/wp-content\/uploads\/2023\/01\/FILE-Colloque-258-1024x684.jpg 1024w, https:\/\/www.fileasbl.be\/membres\/wp-content\/uploads\/2023\/01\/FILE-Colloque-258-768x513.jpg 768w, https:\/\/www.fileasbl.be\/membres\/wp-content\/uploads\/2023\/01\/FILE-Colloque-258-1536x1026.jpg 1536w, https:\/\/www.fileasbl.be\/membres\/wp-content\/uploads\/2023\/01\/FILE-Colloque-258-400x267.jpg 400w, https:\/\/www.fileasbl.be\/membres\/wp-content\/uploads\/2023\/01\/FILE-Colloque-258.jpg 2000w\" sizes=\"auto, (max-width: 300px) 100vw, 300px\" \/><\/a> <a href=\"https:\/\/www.fileasbl.be\/membres\/wp-content\/uploads\/2023\/01\/FILE-Colloque-270.jpg\"><img loading=\"lazy\" decoding=\"async\" class=\"alignnone size-medium wp-image-31163\" src=\"https:\/\/www.fileasbl.be\/membres\/wp-content\/uploads\/2023\/01\/FILE-Colloque-270-200x300.jpg\" alt=\"\" width=\"200\" height=\"300\" srcset=\"https:\/\/www.fileasbl.be\/membres\/wp-content\/uploads\/2023\/01\/FILE-Colloque-270-200x300.jpg 200w, https:\/\/www.fileasbl.be\/membres\/wp-content\/uploads\/2023\/01\/FILE-Colloque-270-684x1024.jpg 684w, https:\/\/www.fileasbl.be\/membres\/wp-content\/uploads\/2023\/01\/FILE-Colloque-270-768x1150.jpg 768w, https:\/\/www.fileasbl.be\/membres\/wp-content\/uploads\/2023\/01\/FILE-Colloque-270-1026x1536.jpg 1026w, https:\/\/www.fileasbl.be\/membres\/wp-content\/uploads\/2023\/01\/FILE-Colloque-270-400x599.jpg 400w, https:\/\/www.fileasbl.be\/membres\/wp-content\/uploads\/2023\/01\/FILE-Colloque-270.jpg 1336w\" sizes=\"auto, (max-width: 200px) 100vw, 200px\" \/><\/a> <a href=\"https:\/\/www.fileasbl.be\/membres\/wp-content\/uploads\/2023\/01\/FILE-Colloque-271.jpg\"><img loading=\"lazy\" decoding=\"async\" class=\"alignnone size-medium wp-image-31164\" src=\"https:\/\/www.fileasbl.be\/membres\/wp-content\/uploads\/2023\/01\/FILE-Colloque-271-300x200.jpg\" alt=\"\" width=\"300\" height=\"200\" srcset=\"https:\/\/www.fileasbl.be\/membres\/wp-content\/uploads\/2023\/01\/FILE-Colloque-271-300x200.jpg 300w, https:\/\/www.fileasbl.be\/membres\/wp-content\/uploads\/2023\/01\/FILE-Colloque-271-1024x684.jpg 1024w, https:\/\/www.fileasbl.be\/membres\/wp-content\/uploads\/2023\/01\/FILE-Colloque-271-768x513.jpg 768w, https:\/\/www.fileasbl.be\/membres\/wp-content\/uploads\/2023\/01\/FILE-Colloque-271-1536x1026.jpg 1536w, https:\/\/www.fileasbl.be\/membres\/wp-content\/uploads\/2023\/01\/FILE-Colloque-271-400x267.jpg 400w, https:\/\/www.fileasbl.be\/membres\/wp-content\/uploads\/2023\/01\/FILE-Colloque-271.jpg 2000w\" sizes=\"auto, (max-width: 300px) 100vw, 300px\" \/><\/a> <a href=\"https:\/\/www.fileasbl.be\/membres\/wp-content\/uploads\/2023\/01\/FILE-Colloque-272.jpg\"><img loading=\"lazy\" decoding=\"async\" class=\"alignnone size-medium wp-image-31165\" src=\"https:\/\/www.fileasbl.be\/membres\/wp-content\/uploads\/2023\/01\/FILE-Colloque-272-200x300.jpg\" alt=\"\" width=\"200\" height=\"300\" srcset=\"https:\/\/www.fileasbl.be\/membres\/wp-content\/uploads\/2023\/01\/FILE-Colloque-272-200x300.jpg 200w, https:\/\/www.fileasbl.be\/membres\/wp-content\/uploads\/2023\/01\/FILE-Colloque-272-684x1024.jpg 684w, https:\/\/www.fileasbl.be\/membres\/wp-content\/uploads\/2023\/01\/FILE-Colloque-272-768x1150.jpg 768w, https:\/\/www.fileasbl.be\/membres\/wp-content\/uploads\/2023\/01\/FILE-Colloque-272-1026x1536.jpg 1026w, https:\/\/www.fileasbl.be\/membres\/wp-content\/uploads\/2023\/01\/FILE-Colloque-272-400x599.jpg 400w, https:\/\/www.fileasbl.be\/membres\/wp-content\/uploads\/2023\/01\/FILE-Colloque-272.jpg 1336w\" sizes=\"auto, (max-width: 200px) 100vw, 200px\" \/><\/a><\/p>\t\t\t\t\t<\/div>\n\t\t\t\t\n\t\t\t<\/div><!-- .accordion-content -->\n\t    <\/li>\n\t    <\/ul>\n\n<\/div><!-- \/module accordion --><!-- module accordion -->\n<div  class=\"module module-accordion tb_cr3k995 \" data-behavior=\"toggle\" data-lazy=\"1\">\n    \n    <ul class=\"ui module-accordion plus-icon-button  tb_default_color\">\n\t\t    <li>\n\t\t\t<div class=\"accordion-title tf_rel\">\n\t\t\t\t<a href=\"#acc-cr3k995-0\" aria-controls=\"acc-cr3k995-0-content\" aria-expanded=\"false\">\n\t\t\t\t\t\t\t\t\t\t\t\t\t\t\t<span class=\"tb_title_accordion tf_w\">Compagnie La Bulle \u00e0 Sons<\/span>\n\t\t\t\t<\/a>\n\t\t\t<\/div><!-- .accordion-title -->\n\n\t\t\t<div id=\"acc-cr3k995-0-content\" data-id=\"acc-cr3k995-0\" aria-hidden=\"true\" class=\"accordion-content tf_hide\">\n\n\t\t\t\t\t\t\t\t\t<div\t\t\t\t\t\tclass=\"tb_text_wrap\"\n\t\t\t\t\t\t>\n\t\t\t\t\t\t<p><strong>Qui sont-ils ?\u00a0<\/strong><\/p>\n<p>Dans nos vies de musiciens professionnels et, plus tard dans nos vies de<br \/>parents nous avons pu constater \u00e0 quel point les enfants sont sensibles \u00e0 la musique. Tr\u00e8s t\u00f4t ils ressentent dans leur corps la pulsation. Ils \u00ab chantent\u00bb leurs premiers sons bien avant de parler. Nous avons choisi d\u2019orienter nos spectacles et nos formations vers la d\u00e9couverte de ces sensations. Nous sommes persuad\u00e9s que les b\u00e9b\u00e9s sont cr\u00e9atifs par essence, \u00e0 nous de les observer et de nous reconnecter \u00e0 notre propre attitude cr\u00e9atrice pour les accompagner au mieux. Que ce soit notre sens du rythme, notre qualit\u00e9 d\u2019\u00e9coute \u00e0 nous-m\u00eame et aux autres, notre voix chant\u00e9e ou notre ouverture au r\u00e9pertoire immense de tous<br \/>les styles musicaux, toutes ces comp\u00e9tences intuitives seront explor\u00e9es par la porte de la sensation physique et du ressenti \u00e9motionnel. Le tout en pleine confiance et s\u00e9curit\u00e9\u2026osons !<br \/>Site : www.bulleasons.be<\/p>\n<p><strong>Leurs ateliers \u00ab\u00a0Musique et Mouvement\u00a0\u00bb<\/strong><\/p>\n<p>Deux ateliers ont \u00e9t\u00e9 propos\u00e9s par La Bulle \u00e0 Sons autour de l&rsquo;exploration des rythmes et de la musique : Donner confiance, permettre de prendre conscience que le rythme fait partie de nos vies. En effet, la marche, les battements de notre c\u0153ur et notre respiration sont des rythmes (parmi d\u2019autres) qui font partie de notre vie quotidienne. Ecoute de soi, partage en groupe, prendre conscience de l\u2019immensit\u00e9 du r\u00e9pertoire des musiques que l\u2019on peut proposer aux enfants&#8230; Des ateliers musicaux et rythm\u00e9s originaux !<\/p>\n<p><a href=\"https:\/\/www.fileasbl.be\/membres\/wp-content\/uploads\/2023\/01\/FILE-Colloque-347.jpg\"><img loading=\"lazy\" decoding=\"async\" class=\"alignnone size-medium wp-image-31172\" src=\"https:\/\/www.fileasbl.be\/membres\/wp-content\/uploads\/2023\/01\/FILE-Colloque-347-300x200.jpg\" alt=\"\" width=\"300\" height=\"200\" srcset=\"https:\/\/www.fileasbl.be\/membres\/wp-content\/uploads\/2023\/01\/FILE-Colloque-347-300x200.jpg 300w, https:\/\/www.fileasbl.be\/membres\/wp-content\/uploads\/2023\/01\/FILE-Colloque-347-1024x684.jpg 1024w, https:\/\/www.fileasbl.be\/membres\/wp-content\/uploads\/2023\/01\/FILE-Colloque-347-768x513.jpg 768w, https:\/\/www.fileasbl.be\/membres\/wp-content\/uploads\/2023\/01\/FILE-Colloque-347-1536x1026.jpg 1536w, https:\/\/www.fileasbl.be\/membres\/wp-content\/uploads\/2023\/01\/FILE-Colloque-347-400x267.jpg 400w, https:\/\/www.fileasbl.be\/membres\/wp-content\/uploads\/2023\/01\/FILE-Colloque-347.jpg 2000w\" sizes=\"auto, (max-width: 300px) 100vw, 300px\" \/><\/a> <a href=\"https:\/\/www.fileasbl.be\/membres\/wp-content\/uploads\/2023\/01\/FILE-Colloque-344.jpg\"><img loading=\"lazy\" decoding=\"async\" class=\"alignnone size-medium wp-image-31170\" src=\"https:\/\/www.fileasbl.be\/membres\/wp-content\/uploads\/2023\/01\/FILE-Colloque-344-200x300.jpg\" alt=\"\" width=\"200\" height=\"300\" srcset=\"https:\/\/www.fileasbl.be\/membres\/wp-content\/uploads\/2023\/01\/FILE-Colloque-344-200x300.jpg 200w, https:\/\/www.fileasbl.be\/membres\/wp-content\/uploads\/2023\/01\/FILE-Colloque-344-684x1024.jpg 684w, https:\/\/www.fileasbl.be\/membres\/wp-content\/uploads\/2023\/01\/FILE-Colloque-344-768x1150.jpg 768w, https:\/\/www.fileasbl.be\/membres\/wp-content\/uploads\/2023\/01\/FILE-Colloque-344-1026x1536.jpg 1026w, https:\/\/www.fileasbl.be\/membres\/wp-content\/uploads\/2023\/01\/FILE-Colloque-344-400x599.jpg 400w, https:\/\/www.fileasbl.be\/membres\/wp-content\/uploads\/2023\/01\/FILE-Colloque-344.jpg 1336w\" sizes=\"auto, (max-width: 200px) 100vw, 200px\" \/><\/a> <a href=\"https:\/\/www.fileasbl.be\/membres\/wp-content\/uploads\/2023\/01\/FILE-Colloque-348.jpg\"><img loading=\"lazy\" decoding=\"async\" class=\"alignnone size-medium wp-image-31169\" src=\"https:\/\/www.fileasbl.be\/membres\/wp-content\/uploads\/2023\/01\/FILE-Colloque-348-200x300.jpg\" alt=\"\" width=\"200\" height=\"300\" srcset=\"https:\/\/www.fileasbl.be\/membres\/wp-content\/uploads\/2023\/01\/FILE-Colloque-348-200x300.jpg 200w, https:\/\/www.fileasbl.be\/membres\/wp-content\/uploads\/2023\/01\/FILE-Colloque-348-684x1024.jpg 684w, https:\/\/www.fileasbl.be\/membres\/wp-content\/uploads\/2023\/01\/FILE-Colloque-348-768x1150.jpg 768w, https:\/\/www.fileasbl.be\/membres\/wp-content\/uploads\/2023\/01\/FILE-Colloque-348-1026x1536.jpg 1026w, https:\/\/www.fileasbl.be\/membres\/wp-content\/uploads\/2023\/01\/FILE-Colloque-348-400x599.jpg 400w, https:\/\/www.fileasbl.be\/membres\/wp-content\/uploads\/2023\/01\/FILE-Colloque-348.jpg 1336w\" sizes=\"auto, (max-width: 200px) 100vw, 200px\" \/><\/a> <a href=\"https:\/\/www.fileasbl.be\/membres\/wp-content\/uploads\/2023\/01\/FILE-Colloque-333.jpg\"><img loading=\"lazy\" decoding=\"async\" class=\"alignnone size-medium wp-image-31168\" src=\"https:\/\/www.fileasbl.be\/membres\/wp-content\/uploads\/2023\/01\/FILE-Colloque-333-300x200.jpg\" alt=\"\" width=\"300\" height=\"200\" srcset=\"https:\/\/www.fileasbl.be\/membres\/wp-content\/uploads\/2023\/01\/FILE-Colloque-333-300x200.jpg 300w, https:\/\/www.fileasbl.be\/membres\/wp-content\/uploads\/2023\/01\/FILE-Colloque-333-1024x684.jpg 1024w, https:\/\/www.fileasbl.be\/membres\/wp-content\/uploads\/2023\/01\/FILE-Colloque-333-768x513.jpg 768w, https:\/\/www.fileasbl.be\/membres\/wp-content\/uploads\/2023\/01\/FILE-Colloque-333-1536x1026.jpg 1536w, https:\/\/www.fileasbl.be\/membres\/wp-content\/uploads\/2023\/01\/FILE-Colloque-333-400x267.jpg 400w, https:\/\/www.fileasbl.be\/membres\/wp-content\/uploads\/2023\/01\/FILE-Colloque-333.jpg 2000w\" sizes=\"auto, (max-width: 300px) 100vw, 300px\" \/><\/a> <a href=\"https:\/\/www.fileasbl.be\/membres\/wp-content\/uploads\/2023\/01\/FILE-Colloque-322.jpg\"><img loading=\"lazy\" decoding=\"async\" class=\"alignnone size-medium wp-image-31167\" src=\"https:\/\/www.fileasbl.be\/membres\/wp-content\/uploads\/2023\/01\/FILE-Colloque-322-200x300.jpg\" alt=\"\" width=\"200\" height=\"300\" srcset=\"https:\/\/www.fileasbl.be\/membres\/wp-content\/uploads\/2023\/01\/FILE-Colloque-322-200x300.jpg 200w, https:\/\/www.fileasbl.be\/membres\/wp-content\/uploads\/2023\/01\/FILE-Colloque-322-684x1024.jpg 684w, https:\/\/www.fileasbl.be\/membres\/wp-content\/uploads\/2023\/01\/FILE-Colloque-322-768x1150.jpg 768w, https:\/\/www.fileasbl.be\/membres\/wp-content\/uploads\/2023\/01\/FILE-Colloque-322-1026x1536.jpg 1026w, https:\/\/www.fileasbl.be\/membres\/wp-content\/uploads\/2023\/01\/FILE-Colloque-322-400x599.jpg 400w, https:\/\/www.fileasbl.be\/membres\/wp-content\/uploads\/2023\/01\/FILE-Colloque-322.jpg 1336w\" sizes=\"auto, (max-width: 200px) 100vw, 200px\" \/><\/a> <a href=\"https:\/\/www.fileasbl.be\/membres\/wp-content\/uploads\/2023\/01\/FILE-Colloque-315.jpg\"><img loading=\"lazy\" decoding=\"async\" class=\"alignnone size-medium wp-image-31166\" src=\"https:\/\/www.fileasbl.be\/membres\/wp-content\/uploads\/2023\/01\/FILE-Colloque-315-300x200.jpg\" alt=\"\" width=\"300\" height=\"200\" srcset=\"https:\/\/www.fileasbl.be\/membres\/wp-content\/uploads\/2023\/01\/FILE-Colloque-315-300x200.jpg 300w, https:\/\/www.fileasbl.be\/membres\/wp-content\/uploads\/2023\/01\/FILE-Colloque-315-1024x684.jpg 1024w, https:\/\/www.fileasbl.be\/membres\/wp-content\/uploads\/2023\/01\/FILE-Colloque-315-768x513.jpg 768w, https:\/\/www.fileasbl.be\/membres\/wp-content\/uploads\/2023\/01\/FILE-Colloque-315-1536x1026.jpg 1536w, https:\/\/www.fileasbl.be\/membres\/wp-content\/uploads\/2023\/01\/FILE-Colloque-315-400x267.jpg 400w, https:\/\/www.fileasbl.be\/membres\/wp-content\/uploads\/2023\/01\/FILE-Colloque-315.jpg 2000w\" sizes=\"auto, (max-width: 300px) 100vw, 300px\" \/><\/a><\/p>\t\t\t\t\t<\/div>\n\t\t\t\t\n\t\t\t<\/div><!-- .accordion-content -->\n\t    <\/li>\n\t    <\/ul>\n\n<\/div><!-- \/module accordion --><!-- module accordion -->\n<div  class=\"module module-accordion tb_usjm419 \" data-behavior=\"toggle\" data-lazy=\"1\">\n    \n    <ul class=\"ui module-accordion plus-icon-button  tb_default_color\">\n\t\t    <li>\n\t\t\t<div class=\"accordion-title tf_rel\">\n\t\t\t\t<a href=\"#acc-usjm419-0\" aria-controls=\"acc-usjm419-0-content\" aria-expanded=\"false\">\n\t\t\t\t\t\t\t\t\t\t\t\t\t\t\t<span class=\"tb_title_accordion tf_w\">Ecoline et Caracole<\/span>\n\t\t\t\t<\/a>\n\t\t\t<\/div><!-- .accordion-title -->\n\n\t\t\t<div id=\"acc-usjm419-0-content\" data-id=\"acc-usjm419-0\" aria-hidden=\"true\" class=\"accordion-content tf_hide\">\n\n\t\t\t\t\t\t\t\t\t<div\t\t\t\t\t\tclass=\"tb_text_wrap\"\n\t\t\t\t\t\t>\n\t\t\t\t\t\t<p><strong>Qui sont-ils ?\u00a0<\/strong><\/p>\n<p>Ecoline &amp; Caracole est une association cr\u00e9\u00e9e en 2007 qui poss\u00e8de diff\u00e9rents axes de travail : elle offre des animations de soutien \u00e0 la parentalit\u00e9 pour les enfants de 0 \u00e0 3 ans via la mise en place d\u2019installations artistiques itin\u00e9rantes. Elle va \u00e0 la rencontre de public fragilis\u00e9 dans les quartiers \u00e0 pr\u00e9carit\u00e9 sociale et elle propose des centres de vacances et des stages \u00e0 th\u00e8me pour les enfants \u00e0 partir de 2,5 ans. Elle met \u00e0 disposition des enfants, des espaces am\u00e9nag\u00e9s pour susciter l\u2019exp\u00e9rimentation, le jeu libre, les interactions entre pairs. Elle s\u2019appuie sur la p\u00e9dagogie du dehors, de l\u2019exp\u00e9rimentation et de l\u2019\u00e9merveillement. Elle d\u00e9veloppe un axe autour de la formation continue pour les professionnel\u00b7le\u00b7s. L\u2019\u00e9quipe de formateurs est pluridisciplinaire, elle est compos\u00e9e de psychologues, \u00e9ducateur\u00b7trice\u00b7s, enseignant\u00b7e\u00b7s, artistes, animateur\u00b7trice\u00b7s qui sont passionn\u00e9\u00b7e\u00b7s par les questions d\u2019\u00e9ducation informelle, d\u2019\u00e9veil culturel, d\u2019environnement, de nature au sein des les milieux d\u2019accueil. Elle est \u00e9galement attentive aux in\u00e9galit\u00e9s sociales via la mise en place de diff\u00e9rents projets favorisant l\u2019accessibilit\u00e9.<br \/><br \/>Site : www.ecoline-caracole-asbl.be<\/p>\n<p><strong>Leurs ateliers<\/strong><\/p>\n<p>Ecoline et Caracole ont propos\u00e9s deux ateliers singuliers :\u00a0<\/p>\n<p><strong>Un atelier \u00ab\u00a0F\u00e9\u00e9rie dans le bocal \u00ab\u00a0<\/strong><\/p>\n<p>Durant cet atelier, les participant.es sont entr\u00e9s dans un espace de d\u00e9couverte autour des jeux de lumi\u00e8res. Iels ont \u00e9t\u00e9 plong\u00e9 dans un univers fluo dans un local pouvant \u00eatre occult\u00e9 totalement. L&rsquo;univers imagin\u00e9 permet d&rsquo;exp\u00e9rimenter des jeux de lumi\u00e8res, de manipuler du mat\u00e9riel in\u00e9dit, de jouer \u00e0 faire semblant&#8230; Les participants ont d\u00e9couvert la f\u00e9\u00e9rie qui se d\u00e9gage d&rsquo;une installation qui fait la part belle \u00e0 la lumi\u00e8re, la mise en sc\u00e8ne, le d\u00e9tournement d&rsquo;objet&#8230; Chacun a pu prendre une part active pour enrichir l&rsquo;installation au fur et \u00e0 mesure.<\/p>\n<p><strong>Un atelier \u00ab\u00a0Archi&rsquo;textura\u00a0\u00bb<\/strong><\/p>\n<p>Les participant.e.s ont d\u00e9couvert un espace\u00a0 autour de l&rsquo;architecture et des textures. Il s&rsquo;agissait d&rsquo;une installation pour partir \u00e0 la d\u00e9couverte du jeu libre o\u00f9 la notion d&rsquo;habitat, de construction, d&rsquo;architecture, mais aussi de texture ouvre les portes de l&rsquo;imaginaire ! Car Habiter&#8230; une notion qui veut dire tant de choses ! Entre le dedans et le dehors, il y a cette petite parcelle de territoire qui n&rsquo;appartient qu&rsquo;\u00e0 ceux et celles qui y vivent&#8230; Un espace pour se retrouver, se raconter des histoires,<br \/>r\u00eaver \u00e0 l&rsquo;abris des regards&#8230; Construire des maisons du bout du monde ou des tours g\u00e9antes pour rejoindre le ciel&#8230;\u00a0<\/p>\n<p><a href=\"https:\/\/www.fileasbl.be\/membres\/wp-content\/uploads\/2023\/01\/FILE-Colloque-188.jpg\"><img loading=\"lazy\" decoding=\"async\" class=\"alignnone size-medium wp-image-31173\" src=\"https:\/\/www.fileasbl.be\/membres\/wp-content\/uploads\/2023\/01\/FILE-Colloque-188-300x200.jpg\" alt=\"\" width=\"300\" height=\"200\" srcset=\"https:\/\/www.fileasbl.be\/membres\/wp-content\/uploads\/2023\/01\/FILE-Colloque-188-300x200.jpg 300w, https:\/\/www.fileasbl.be\/membres\/wp-content\/uploads\/2023\/01\/FILE-Colloque-188-1024x684.jpg 1024w, https:\/\/www.fileasbl.be\/membres\/wp-content\/uploads\/2023\/01\/FILE-Colloque-188-768x513.jpg 768w, https:\/\/www.fileasbl.be\/membres\/wp-content\/uploads\/2023\/01\/FILE-Colloque-188-1536x1026.jpg 1536w, https:\/\/www.fileasbl.be\/membres\/wp-content\/uploads\/2023\/01\/FILE-Colloque-188-400x267.jpg 400w, https:\/\/www.fileasbl.be\/membres\/wp-content\/uploads\/2023\/01\/FILE-Colloque-188.jpg 2000w\" sizes=\"auto, (max-width: 300px) 100vw, 300px\" \/><\/a> <a href=\"https:\/\/www.fileasbl.be\/membres\/wp-content\/uploads\/2023\/01\/FILE-Colloque-186.jpg\"><img loading=\"lazy\" decoding=\"async\" class=\"alignnone size-medium wp-image-31174\" src=\"https:\/\/www.fileasbl.be\/membres\/wp-content\/uploads\/2023\/01\/FILE-Colloque-186-300x200.jpg\" alt=\"\" width=\"300\" height=\"200\" srcset=\"https:\/\/www.fileasbl.be\/membres\/wp-content\/uploads\/2023\/01\/FILE-Colloque-186-300x200.jpg 300w, https:\/\/www.fileasbl.be\/membres\/wp-content\/uploads\/2023\/01\/FILE-Colloque-186-1024x684.jpg 1024w, https:\/\/www.fileasbl.be\/membres\/wp-content\/uploads\/2023\/01\/FILE-Colloque-186-768x513.jpg 768w, https:\/\/www.fileasbl.be\/membres\/wp-content\/uploads\/2023\/01\/FILE-Colloque-186-1536x1026.jpg 1536w, https:\/\/www.fileasbl.be\/membres\/wp-content\/uploads\/2023\/01\/FILE-Colloque-186-400x267.jpg 400w, https:\/\/www.fileasbl.be\/membres\/wp-content\/uploads\/2023\/01\/FILE-Colloque-186.jpg 2000w\" sizes=\"auto, (max-width: 300px) 100vw, 300px\" \/><\/a> <a href=\"https:\/\/www.fileasbl.be\/membres\/wp-content\/uploads\/2023\/01\/FILE-Colloque-198.jpg\"><img loading=\"lazy\" decoding=\"async\" class=\"alignnone size-medium wp-image-31175\" src=\"https:\/\/www.fileasbl.be\/membres\/wp-content\/uploads\/2023\/01\/FILE-Colloque-198-200x300.jpg\" alt=\"\" width=\"200\" height=\"300\" srcset=\"https:\/\/www.fileasbl.be\/membres\/wp-content\/uploads\/2023\/01\/FILE-Colloque-198-200x300.jpg 200w, https:\/\/www.fileasbl.be\/membres\/wp-content\/uploads\/2023\/01\/FILE-Colloque-198-684x1024.jpg 684w, https:\/\/www.fileasbl.be\/membres\/wp-content\/uploads\/2023\/01\/FILE-Colloque-198-768x1150.jpg 768w, https:\/\/www.fileasbl.be\/membres\/wp-content\/uploads\/2023\/01\/FILE-Colloque-198-1026x1536.jpg 1026w, https:\/\/www.fileasbl.be\/membres\/wp-content\/uploads\/2023\/01\/FILE-Colloque-198-400x599.jpg 400w, https:\/\/www.fileasbl.be\/membres\/wp-content\/uploads\/2023\/01\/FILE-Colloque-198.jpg 1336w\" sizes=\"auto, (max-width: 200px) 100vw, 200px\" \/><\/a> <a href=\"https:\/\/www.fileasbl.be\/membres\/wp-content\/uploads\/2023\/01\/FILE-Colloque-192.jpg\"><img loading=\"lazy\" decoding=\"async\" class=\"alignnone size-medium wp-image-31176\" src=\"https:\/\/www.fileasbl.be\/membres\/wp-content\/uploads\/2023\/01\/FILE-Colloque-192-200x300.jpg\" alt=\"\" width=\"200\" height=\"300\" srcset=\"https:\/\/www.fileasbl.be\/membres\/wp-content\/uploads\/2023\/01\/FILE-Colloque-192-200x300.jpg 200w, https:\/\/www.fileasbl.be\/membres\/wp-content\/uploads\/2023\/01\/FILE-Colloque-192-684x1024.jpg 684w, https:\/\/www.fileasbl.be\/membres\/wp-content\/uploads\/2023\/01\/FILE-Colloque-192-768x1150.jpg 768w, https:\/\/www.fileasbl.be\/membres\/wp-content\/uploads\/2023\/01\/FILE-Colloque-192-1026x1536.jpg 1026w, https:\/\/www.fileasbl.be\/membres\/wp-content\/uploads\/2023\/01\/FILE-Colloque-192-400x599.jpg 400w, https:\/\/www.fileasbl.be\/membres\/wp-content\/uploads\/2023\/01\/FILE-Colloque-192.jpg 1336w\" sizes=\"auto, (max-width: 200px) 100vw, 200px\" \/><\/a> <a href=\"https:\/\/www.fileasbl.be\/membres\/wp-content\/uploads\/2023\/01\/FILE-Colloque-195.jpg\"><img loading=\"lazy\" decoding=\"async\" class=\"alignnone size-medium wp-image-31177\" src=\"https:\/\/www.fileasbl.be\/membres\/wp-content\/uploads\/2023\/01\/FILE-Colloque-195-300x200.jpg\" alt=\"\" width=\"300\" height=\"200\" srcset=\"https:\/\/www.fileasbl.be\/membres\/wp-content\/uploads\/2023\/01\/FILE-Colloque-195-300x200.jpg 300w, https:\/\/www.fileasbl.be\/membres\/wp-content\/uploads\/2023\/01\/FILE-Colloque-195-1024x684.jpg 1024w, https:\/\/www.fileasbl.be\/membres\/wp-content\/uploads\/2023\/01\/FILE-Colloque-195-768x513.jpg 768w, https:\/\/www.fileasbl.be\/membres\/wp-content\/uploads\/2023\/01\/FILE-Colloque-195-1536x1026.jpg 1536w, https:\/\/www.fileasbl.be\/membres\/wp-content\/uploads\/2023\/01\/FILE-Colloque-195-400x267.jpg 400w, https:\/\/www.fileasbl.be\/membres\/wp-content\/uploads\/2023\/01\/FILE-Colloque-195.jpg 2000w\" sizes=\"auto, (max-width: 300px) 100vw, 300px\" \/><\/a><\/p>\t\t\t\t\t<\/div>\n\t\t\t\t\n\t\t\t<\/div><!-- .accordion-content -->\n\t    <\/li>\n\t    <\/ul>\n\n<\/div><!-- \/module accordion --><!-- module accordion -->\n<div  class=\"module module-accordion tb_vk9v250 \" data-behavior=\"toggle\" data-lazy=\"1\">\n    \n    <ul class=\"ui module-accordion plus-icon-button  tb_default_color\">\n\t\t    <li>\n\t\t\t<div class=\"accordion-title tf_rel\">\n\t\t\t\t<a href=\"#acc-vk9v250-0\" aria-controls=\"acc-vk9v250-0-content\" aria-expanded=\"false\">\n\t\t\t\t\t\t\t\t\t\t\t\t\t\t\t<span class=\"tb_title_accordion tf_w\">LILY&COMPAGNIE \u2013 V\u00e9ronique Morel-Odjomah<\/span>\n\t\t\t\t<\/a>\n\t\t\t<\/div><!-- .accordion-title -->\n\n\t\t\t<div id=\"acc-vk9v250-0-content\" data-id=\"acc-vk9v250-0\" aria-hidden=\"true\" class=\"accordion-content tf_hide\">\n\n\t\t\t\t\t\t\t\t\t<div\t\t\t\t\t\tclass=\"tb_text_wrap\"\n\t\t\t\t\t\t>\n\t\t\t\t\t\t<p><strong>Qui est-elle ?<\/strong><\/p>\n<p>Lily&amp;Compagnie est une compagnie de th\u00e9\u00e2tre jeune public professionnelle cr\u00e9\u00e9 en 2012 par V\u00e9ronique Morel-Odjomah, com\u00e9dienne et chanteuse. V\u00e9ronique con\u00e7oit des spectacles et des ateliers dont les langages artistiques privil\u00e9gi\u00e9s sont le chant, le mouvement et une esth\u00e9tique visuelle et po\u00e9tique. Chacun des spectacles donne naissance \u00e0 un personnage intemporel dont le<br \/>premier, Melle Lily, a initi\u00e9 le nom de la compagnie. Les spectacles<br \/>privil\u00e9gient la relation enfant-adulte. Le th\u00e9\u00e2tre est alors un moyen de<br \/>partager des \u00e9motions, il invite l&rsquo;enfant et ses proches \u00e0 se d\u00e9couvrir et \u00e0 se rencontrer autrement. Un axe p\u00e9dagogique est d\u00e9velopp\u00e9 via des formations artistiques destin\u00e9es aux professionnel.le.s et artistes intervenants aupr\u00e8s des enfants de 0 \u00e0 6 ans. L&rsquo;ouverture et la rencontre avec l&rsquo;autre sont au c\u0153ur du travail de Lily&amp;Compagnie. Les spectacles et ateliers sont diffus\u00e9s dans les milieux d&rsquo;accueil de la petite enfance, les \u00e9coles maternelles et les r\u00e9seaux des arts de la sc\u00e8ne.<br \/><br \/>Site : www.lilycompagnie.com<\/p>\n<p><strong>Son atelier \u00ab\u00a0La voix dans tous ses \u00e9tats !\u00a0\u00bb<\/strong><\/p>\n<p class=\"font_8 wixui-rich-text__text\"><span class=\"wixui-rich-text__text\">L&rsquo;atelier propos\u00e9 par V\u00e9ronique avait pour but de d\u00e9ployer et de se connecter \u00e0 son enfant int\u00e9rieur et son imaginaire par l\u2019exploration du mouvement et de la voix. Les participant.e.s ont pu saisir<\/span><span class=\"wixui-rich-text__text\"> l\u2019importance des nuances de la voix, la<\/span><span class=\"wixui-rich-text__text\"> prise de conscience de son volume sonore, de sa pr\u00e9sence vocale et de son impact sur son environnement. Prendre conscience de sa capacit\u00e9 \u00e0 cr\u00e9er par sa voix, son corps, exprimer ses \u00e9motions via la voix et faire des liens avec sa pratique aupr\u00e8s des enfants&#8230;<\/span><span class=\"wixui-rich-text__text\"> Un atelier o\u00f9 douceur et rire ont cohabit\u00e9 pendant une heure autour de lectures, de chants de comptines et d&rsquo;\u00e9criture&#8230; <\/span><span class=\"wixui-rich-text__text\">\u00a0<\/span><\/p>\n<p><em><u>Mat\u00e9riel<\/u><\/em><em>\u00a0<\/em>: Aucun<\/p>\n<p><a href=\"https:\/\/www.fileasbl.be\/membres\/wp-content\/uploads\/2023\/01\/FILE-Colloque-165.jpg\"><img loading=\"lazy\" decoding=\"async\" class=\"alignnone size-medium wp-image-31178\" src=\"https:\/\/www.fileasbl.be\/membres\/wp-content\/uploads\/2023\/01\/FILE-Colloque-165-300x200.jpg\" alt=\"\" width=\"300\" height=\"200\" srcset=\"https:\/\/www.fileasbl.be\/membres\/wp-content\/uploads\/2023\/01\/FILE-Colloque-165-300x200.jpg 300w, https:\/\/www.fileasbl.be\/membres\/wp-content\/uploads\/2023\/01\/FILE-Colloque-165-1024x684.jpg 1024w, https:\/\/www.fileasbl.be\/membres\/wp-content\/uploads\/2023\/01\/FILE-Colloque-165-768x513.jpg 768w, https:\/\/www.fileasbl.be\/membres\/wp-content\/uploads\/2023\/01\/FILE-Colloque-165-1536x1026.jpg 1536w, https:\/\/www.fileasbl.be\/membres\/wp-content\/uploads\/2023\/01\/FILE-Colloque-165-400x267.jpg 400w, https:\/\/www.fileasbl.be\/membres\/wp-content\/uploads\/2023\/01\/FILE-Colloque-165.jpg 2000w\" sizes=\"auto, (max-width: 300px) 100vw, 300px\" \/><\/a> <a href=\"https:\/\/www.fileasbl.be\/membres\/wp-content\/uploads\/2023\/01\/FILE-Colloque-163.jpg\"><img loading=\"lazy\" decoding=\"async\" class=\"alignnone size-medium wp-image-31179\" src=\"https:\/\/www.fileasbl.be\/membres\/wp-content\/uploads\/2023\/01\/FILE-Colloque-163-300x200.jpg\" alt=\"\" width=\"300\" height=\"200\" srcset=\"https:\/\/www.fileasbl.be\/membres\/wp-content\/uploads\/2023\/01\/FILE-Colloque-163-300x200.jpg 300w, https:\/\/www.fileasbl.be\/membres\/wp-content\/uploads\/2023\/01\/FILE-Colloque-163-1024x684.jpg 1024w, https:\/\/www.fileasbl.be\/membres\/wp-content\/uploads\/2023\/01\/FILE-Colloque-163-768x513.jpg 768w, https:\/\/www.fileasbl.be\/membres\/wp-content\/uploads\/2023\/01\/FILE-Colloque-163-1536x1026.jpg 1536w, https:\/\/www.fileasbl.be\/membres\/wp-content\/uploads\/2023\/01\/FILE-Colloque-163-400x267.jpg 400w, https:\/\/www.fileasbl.be\/membres\/wp-content\/uploads\/2023\/01\/FILE-Colloque-163.jpg 2000w\" sizes=\"auto, (max-width: 300px) 100vw, 300px\" \/><\/a><\/p>\t\t\t\t\t<\/div>\n\t\t\t\t\n\t\t\t<\/div><!-- .accordion-content -->\n\t    <\/li>\n\t    <\/ul>\n\n<\/div><!-- \/module accordion --><!-- module accordion -->\n<div  class=\"module module-accordion tb_u4ve177 \" data-behavior=\"toggle\" data-lazy=\"1\">\n    \n    <ul class=\"ui module-accordion plus-icon-button  tb_default_color\">\n\t\t    <li>\n\t\t\t<div class=\"accordion-title tf_rel\">\n\t\t\t\t<a href=\"#acc-u4ve177-0\" aria-controls=\"acc-u4ve177-0-content\" aria-expanded=\"false\">\n\t\t\t\t\t\t\t\t\t\t\t\t\t\t\t<span class=\"tb_title_accordion tf_w\">TISSEUSE D\u2019ETOILES - Kiriaki Spanoudis<\/span>\n\t\t\t\t<\/a>\n\t\t\t<\/div><!-- .accordion-title -->\n\n\t\t\t<div id=\"acc-u4ve177-0-content\" data-id=\"acc-u4ve177-0\" aria-hidden=\"true\" class=\"accordion-content tf_hide\">\n\n\t\t\t\t\t\t\t\t\t<div\t\t\t\t\t\tclass=\"tb_text_wrap\"\n\t\t\t\t\t\t>\n\t\t\t\t\t\t<p><strong>Qui est-elle ?\u00a0<\/strong><\/p>\n<p>Tisseuse d\u2019Etoiles est n\u00e9e \u00e0 Bruxelles au printemps 2016, tendrement et<br \/>passionn\u00e9ment tiss\u00e9e par Kiriaki Spanoudis. Com\u00e9dienne, clowne, musicienne, chanteuse, travailleuse sociale et intervenante pour des ateliers artistiques dans les cr\u00e8ches aupr\u00e8s des b\u00e9b\u00e9s et de leurs accueillant.e.s, je m\u2019inscris dans un parcours polyvalent. D\u00e8s ma plus tendre enfance, je r\u00e9gale d\u00e9j\u00e0 les quidams dans le tram, en chantant \u00e0 tue-t\u00eate de vieilles chansons traditionnelles grecques que me chante mon grand-p\u00e8re et que je remanie \u00e0 ma sauce&#8230; Le bonheur, \u00e7a se<br \/>partage ! Quarante ans plus tard les choses n&rsquo;ont pas tellement chang\u00e9&#8230;<br \/>Le travail artistique \u00e9tant pour moi une fa\u00e7on de vivre, un lieu o\u00f9 je milite en pratiquant mon m\u00e9tier comme un mode de vie, je r\u00e9alise que ce qui m&rsquo;y touche, au-del\u00e0 de la dimension artistique, c&rsquo;est l&rsquo;aspect social, relationnel et humain\u2026 Comment fonctionnons-nous, ensemble, avec nos f\u00ealures et nos beaut\u00e9s? Au fil de ma pratique professionnelle, qu&rsquo;elle soit artistique ou sociale, je per\u00e7ois que le sens et l&rsquo;axe de mon travail est en r\u00e9alit\u00e9, avant tout autre chose, une qualit\u00e9 de pr\u00e9sence, un \u00e9tat d&rsquo;\u00eatre en relation \u00e0 l&rsquo;Autre, un coeur \u00e0 coeur(s). C\u2019est de ce cheminement qu\u2019est n\u00e9 Tisseuse d\u2019Etoiles, pour mettre le public<br \/>directement au centre de l\u2019expression artistique et en faire un partenaire de jeu et de vie \u00e0 part enti\u00e8re. Pour tisser du lien, partager de l\u2019\u00e9motion, diss\u00e9miner une joie sauvage et contagieuse ou r\u00e9pandre un torrent de larmes communes, se rassembler comme des petites loupiotes qui brillent dans la nuit, chanter, danser, partager des<br \/>histoires, (se) raconter, s&rsquo;enivrer de belles \u00e2mes et se nourrir le c\u0153ur de<br \/>petits moments de bonheur, se (re)donner des forces dans la douce chaleur de l\u2019humanit\u00e9 en partage.<br \/><br \/>Site : www.tisseusedetoiles.be<\/p>\n<p><strong>Son atelier \u00ab\u00a0exp\u00e9rience vibratoire et \u00e9veil musical\u00a0\u00bb<\/strong><\/p>\n<p>Les participant.e.s de cet atelier ont pu entrer dans un univers \u00ab\u00a0cocoon\u00a0\u00bb tamis\u00e9 pour exp\u00e9rimenter une vibration commune. Les voix, les corps, les rythmes, les sons, les vibrations et les chansons nous relient de fa\u00e7on tr\u00e8s organique via un accordage du son avec le mouvement, le corps et les \u00e9motions. Cet atelier \u00e9tait une exp\u00e9rience sonore, vocale et musicale avec des instruments plus ou moins insolites ou attendus mais qui tous (certains plus que d&rsquo;autres comme les koshis, le tinka tong, les bols tib\u00e9tains, le Ken, la guimbarde et bien d&rsquo;autres) ont des vertus relaxantes et apaisantes. Sans oublier la voix et le c\u0153ur&#8230;<\/p>\n<p><em><u>Mat\u00e9riel<\/u><\/em><em>\u00a0<\/em>: Des tapis, des coussins, de la musique, des instruments de musique.<\/p>\n<p><a href=\"https:\/\/www.fileasbl.be\/membres\/wp-content\/uploads\/2023\/01\/FILE-Colloque-374.jpg\"><img loading=\"lazy\" decoding=\"async\" class=\"alignnone size-medium wp-image-31183\" src=\"https:\/\/www.fileasbl.be\/membres\/wp-content\/uploads\/2023\/01\/FILE-Colloque-374-200x300.jpg\" alt=\"\" width=\"200\" height=\"300\" srcset=\"https:\/\/www.fileasbl.be\/membres\/wp-content\/uploads\/2023\/01\/FILE-Colloque-374-200x300.jpg 200w, https:\/\/www.fileasbl.be\/membres\/wp-content\/uploads\/2023\/01\/FILE-Colloque-374-684x1024.jpg 684w, https:\/\/www.fileasbl.be\/membres\/wp-content\/uploads\/2023\/01\/FILE-Colloque-374-768x1150.jpg 768w, https:\/\/www.fileasbl.be\/membres\/wp-content\/uploads\/2023\/01\/FILE-Colloque-374-1026x1536.jpg 1026w, https:\/\/www.fileasbl.be\/membres\/wp-content\/uploads\/2023\/01\/FILE-Colloque-374-400x599.jpg 400w, https:\/\/www.fileasbl.be\/membres\/wp-content\/uploads\/2023\/01\/FILE-Colloque-374.jpg 1336w\" sizes=\"auto, (max-width: 200px) 100vw, 200px\" \/><\/a> <a href=\"https:\/\/www.fileasbl.be\/membres\/wp-content\/uploads\/2023\/01\/FILE-Colloque-377.jpg\"><img loading=\"lazy\" decoding=\"async\" class=\"alignnone size-medium wp-image-31184\" src=\"https:\/\/www.fileasbl.be\/membres\/wp-content\/uploads\/2023\/01\/FILE-Colloque-377-200x300.jpg\" alt=\"\" width=\"200\" height=\"300\" srcset=\"https:\/\/www.fileasbl.be\/membres\/wp-content\/uploads\/2023\/01\/FILE-Colloque-377-200x300.jpg 200w, https:\/\/www.fileasbl.be\/membres\/wp-content\/uploads\/2023\/01\/FILE-Colloque-377-684x1024.jpg 684w, https:\/\/www.fileasbl.be\/membres\/wp-content\/uploads\/2023\/01\/FILE-Colloque-377-768x1150.jpg 768w, https:\/\/www.fileasbl.be\/membres\/wp-content\/uploads\/2023\/01\/FILE-Colloque-377-1026x1536.jpg 1026w, https:\/\/www.fileasbl.be\/membres\/wp-content\/uploads\/2023\/01\/FILE-Colloque-377-400x599.jpg 400w, https:\/\/www.fileasbl.be\/membres\/wp-content\/uploads\/2023\/01\/FILE-Colloque-377.jpg 1336w\" sizes=\"auto, (max-width: 200px) 100vw, 200px\" \/><\/a> <a href=\"https:\/\/www.fileasbl.be\/membres\/wp-content\/uploads\/2023\/01\/FILE-Colloque-201.jpg\"><img loading=\"lazy\" decoding=\"async\" class=\"alignnone size-medium wp-image-31185\" src=\"https:\/\/www.fileasbl.be\/membres\/wp-content\/uploads\/2023\/01\/FILE-Colloque-201-300x200.jpg\" alt=\"\" width=\"300\" height=\"200\" srcset=\"https:\/\/www.fileasbl.be\/membres\/wp-content\/uploads\/2023\/01\/FILE-Colloque-201-300x200.jpg 300w, https:\/\/www.fileasbl.be\/membres\/wp-content\/uploads\/2023\/01\/FILE-Colloque-201-1024x684.jpg 1024w, https:\/\/www.fileasbl.be\/membres\/wp-content\/uploads\/2023\/01\/FILE-Colloque-201-768x513.jpg 768w, https:\/\/www.fileasbl.be\/membres\/wp-content\/uploads\/2023\/01\/FILE-Colloque-201-1536x1026.jpg 1536w, https:\/\/www.fileasbl.be\/membres\/wp-content\/uploads\/2023\/01\/FILE-Colloque-201-400x267.jpg 400w, https:\/\/www.fileasbl.be\/membres\/wp-content\/uploads\/2023\/01\/FILE-Colloque-201.jpg 2000w\" sizes=\"auto, (max-width: 300px) 100vw, 300px\" \/><\/a> <a href=\"https:\/\/www.fileasbl.be\/membres\/wp-content\/uploads\/2023\/01\/FILE-Colloque-209.jpg\"><img loading=\"lazy\" decoding=\"async\" class=\"alignnone size-medium wp-image-31186\" src=\"https:\/\/www.fileasbl.be\/membres\/wp-content\/uploads\/2023\/01\/FILE-Colloque-209-200x300.jpg\" alt=\"\" width=\"200\" height=\"300\" srcset=\"https:\/\/www.fileasbl.be\/membres\/wp-content\/uploads\/2023\/01\/FILE-Colloque-209-200x300.jpg 200w, https:\/\/www.fileasbl.be\/membres\/wp-content\/uploads\/2023\/01\/FILE-Colloque-209-684x1024.jpg 684w, https:\/\/www.fileasbl.be\/membres\/wp-content\/uploads\/2023\/01\/FILE-Colloque-209-768x1150.jpg 768w, https:\/\/www.fileasbl.be\/membres\/wp-content\/uploads\/2023\/01\/FILE-Colloque-209-1026x1536.jpg 1026w, https:\/\/www.fileasbl.be\/membres\/wp-content\/uploads\/2023\/01\/FILE-Colloque-209-400x599.jpg 400w, https:\/\/www.fileasbl.be\/membres\/wp-content\/uploads\/2023\/01\/FILE-Colloque-209.jpg 1336w\" sizes=\"auto, (max-width: 200px) 100vw, 200px\" \/><\/a><\/p>\t\t\t\t\t<\/div>\n\t\t\t\t\n\t\t\t<\/div><!-- .accordion-content -->\n\t    <\/li>\n\t    <\/ul>\n\n<\/div><!-- \/module accordion --><!-- module accordion -->\n<div  class=\"module module-accordion tb_3jcb855 \" data-behavior=\"toggle\" data-lazy=\"1\">\n    \n    <ul class=\"ui module-accordion plus-icon-button  tb_default_color\">\n\t\t    <li>\n\t\t\t<div class=\"accordion-title tf_rel\">\n\t\t\t\t<a href=\"#acc-3jcb855-0\" aria-controls=\"acc-3jcb855-0-content\" aria-expanded=\"false\">\n\t\t\t\t\t\t\t\t\t\t\t\t\t\t\t<span class=\"tb_title_accordion tf_w\">Nathalie Strickaert<\/span>\n\t\t\t\t<\/a>\n\t\t\t<\/div><!-- .accordion-title -->\n\n\t\t\t<div id=\"acc-3jcb855-0-content\" data-id=\"acc-3jcb855-0\" aria-hidden=\"true\" class=\"accordion-content tf_hide\">\n\n\t\t\t\t\t\t\t\t\t<div\t\t\t\t\t\tclass=\"tb_text_wrap\"\n\t\t\t\t\t\t>\n\t\t\t\t\t\t<p><strong>Qui est-elle ?\u00a0<\/strong><\/p>\n<p>J\u2019ai r\u00eav\u00e9 \u00e0 mon enfance&#8230;o\u00f9 les jours \u00e9taient rythm\u00e9s par les explorations, qu\u2019enfants, nous lancions ensemble dans notre environnement proche. Nous passions nos journ\u00e9es \u00e0 l&rsquo;ext\u00e9rieur, dans les jardins, les terrains vagues, friches et champs qui \u00e9taient alors si nombreux. Nous y jouions avec une tr\u00e8s grande libert\u00e9 et les \u00e9l\u00e9ments que nous glanions sur place \u2013 branches, herbes, terre, fruits\u2026<br \/>Dans mes premi\u00e8res ann\u00e9es, j&rsquo;\u00e9tais entour\u00e9e de femmes fortes et douces qui savaient travailler l\u2019une la laine, l\u2019autre le coton, les v\u00e9g\u00e9taux, les plumes, la soie\u2026 souvent en groupe, et elles aussi \u00e0 l&rsquo;ext\u00e9rieur.<br \/>C\u2019\u00e9taient des femmes curieuses et cr\u00e9atives, qui distribuaient leur<br \/>connaissance. Tout en travaillant, elles partageaient l\u2019espace avec les enfants dans une tr\u00e8s grande libert\u00e9, confiantes en leur capacit\u00e9 cr\u00e9ative. Eux, dans leur giron, vaquaient sereinement \u00e0 leurs occupations. Elles avaient acquis par empirisme la connaissance des richesses que pouvait leur apporter leur environnement naturel.<br \/>Elles savaient en extraire ce qui leur fallait pour combler certains de leurs besoins cela leur procurait de la fiert\u00e9 et du plaisir. J&rsquo;ai appris d&rsquo;elles la libert\u00e9 et la cr\u00e9ativit\u00e9&#8230;<br \/><br \/>nathaliestrickaert@gmail.com<\/p>\n<p><strong>Ses ateliers \u00ab\u00a0Instal&rsquo;actions<\/strong><strong>\u00ab\u00a0<\/strong><\/p>\n<p>Nathalie nous a propos\u00e9 trois instal&rsquo;actions distinctes. Chaque atelier consiste en un dispositif spatial propice \u00e0 susciter l\u2019envie d&rsquo;explorer, s&rsquo;\u00e9merveiller, exp\u00e9rimenter, jouer \u00e0 laisser des traces \u00e9ph\u00e9m\u00e8res, plaisir de d\u00e9couvertes par petites touches ou en grands mouvements. Il s&rsquo;agit d&rsquo;un processus de recherche-action o\u00f9 le seul but est de vivre un espace d\u2019exploration et de libert\u00e9. Chaque dispositif \u00ab <em>Instal-actions<\/em> \u00bb est pr\u00e9vu pour \u00eatre adapt\u00e9 \u00e0 des espaces vari\u00e9s et au mieux avec la possibilit\u00e9 d&rsquo;investir le sol sur min 3m par 4m.<\/p>\n<p><strong>La laine\u00a0<\/strong><\/p>\n<p>Ce dispositif singulier par sa forme et la mati\u00e8re qui le compose permet un espace de curiosit\u00e9 et de douceur apaisant comme un cocon. La laine \u00e9tait dispos\u00e9e en grande quantit\u00e9 comme un \u00e9norme nuage que l&rsquo;on peut toucher, exp\u00e9rimenter, d\u00e9former, aplatir, fractionner, plier, nouer, d\u00e9chiqueter&#8230; Les participant.e.s pouvaient \u00e9galement se blottir, se cacher, se d\u00e9poser, se coucher, s&rsquo;enrouler&#8230;<\/p>\n<p><em><u>Mat\u00e9riel<\/u><\/em><em>\u00a0<\/em>: Un tapis, de la laine.<\/p>\n<p><strong>Les petits papiers<\/strong><\/p>\n<p>Installer un espace d\u00e9limit\u00e9 au sol par un tapis de papier noir, proposer du papier blanc en rouleaux ou en feuilles, l\u00e9g\u00e8res, translucides, opaques, granuleuses, douces ou lisses\u2026 \u00e0 d\u00e9rouler, \u00e0 triturer, \u00e0 d\u00e9chiqueter&#8230; Le papier se transforme en flocons ou en un cocon doux ou encore en matelas, en montagne\u2026 de papier douillet?<\/p>\n<p><em><u>Mat\u00e9riel<\/u><\/em><em>\u00a0<\/em>: rouleaux de masking-tape, diff\u00e9rentes sorte de papier en feuilles et en rouleau.\u00a0<\/p>\n<p><strong>Le sable<\/strong><\/p>\n<p>Cet atelier propose de jouer \u00e0 laisser des traces sur le sol recouvert de papier noir. Des contenants de toutes formes (bouteilles, boites\u2026), recouvert de papier jaunes, trou\u00e9es \u00e0 leur base, d\u00e9poser sur le sol de carton noir permettent de laisser \u00e9chapper le sable color\u00e9 en traces nettes, lorsqu\u2019on les soul\u00e8ve. Faire couler le sable de couleur sur la main ou les pieds, appr\u00e9cier le \u00ab\u00a0chatouillis\u00a0\u00bb que fait le sable sur sa peau\u2026Les couleurs se m\u00e9langent sur le sol ou sur les pieds, sur le corps aussi\u2026\u00a0<\/p>\n<p><em><u>Mat\u00e9riel<\/u><\/em> : des panneaux de carton noir, des rouleaux de masking-tape noir, des sacs de sable fin et des pots d&rsquo;encre de couleur.\u00a0 \u00a0 \u00a0 \u00a0 \u00a0 \u00a0 \u00a0 \u00a0 \u00a0<\/p>\n<p><a href=\"https:\/\/www.fileasbl.be\/membres\/wp-content\/uploads\/2023\/01\/FILE-Colloque-250.jpg\"><img loading=\"lazy\" decoding=\"async\" class=\"alignnone size-medium wp-image-31187\" src=\"https:\/\/www.fileasbl.be\/membres\/wp-content\/uploads\/2023\/01\/FILE-Colloque-250-200x300.jpg\" alt=\"\" width=\"200\" height=\"300\" srcset=\"https:\/\/www.fileasbl.be\/membres\/wp-content\/uploads\/2023\/01\/FILE-Colloque-250-200x300.jpg 200w, https:\/\/www.fileasbl.be\/membres\/wp-content\/uploads\/2023\/01\/FILE-Colloque-250-684x1024.jpg 684w, https:\/\/www.fileasbl.be\/membres\/wp-content\/uploads\/2023\/01\/FILE-Colloque-250-768x1150.jpg 768w, https:\/\/www.fileasbl.be\/membres\/wp-content\/uploads\/2023\/01\/FILE-Colloque-250-1026x1536.jpg 1026w, https:\/\/www.fileasbl.be\/membres\/wp-content\/uploads\/2023\/01\/FILE-Colloque-250-400x599.jpg 400w, https:\/\/www.fileasbl.be\/membres\/wp-content\/uploads\/2023\/01\/FILE-Colloque-250.jpg 1336w\" sizes=\"auto, (max-width: 200px) 100vw, 200px\" \/><\/a> <a href=\"https:\/\/www.fileasbl.be\/membres\/wp-content\/uploads\/2023\/01\/FILE-Colloque-246.jpg\"><img loading=\"lazy\" decoding=\"async\" class=\"alignnone size-medium wp-image-31188\" src=\"https:\/\/www.fileasbl.be\/membres\/wp-content\/uploads\/2023\/01\/FILE-Colloque-246-200x300.jpg\" alt=\"\" width=\"200\" height=\"300\" srcset=\"https:\/\/www.fileasbl.be\/membres\/wp-content\/uploads\/2023\/01\/FILE-Colloque-246-200x300.jpg 200w, https:\/\/www.fileasbl.be\/membres\/wp-content\/uploads\/2023\/01\/FILE-Colloque-246-684x1024.jpg 684w, https:\/\/www.fileasbl.be\/membres\/wp-content\/uploads\/2023\/01\/FILE-Colloque-246-768x1150.jpg 768w, https:\/\/www.fileasbl.be\/membres\/wp-content\/uploads\/2023\/01\/FILE-Colloque-246-1026x1536.jpg 1026w, https:\/\/www.fileasbl.be\/membres\/wp-content\/uploads\/2023\/01\/FILE-Colloque-246-400x599.jpg 400w, https:\/\/www.fileasbl.be\/membres\/wp-content\/uploads\/2023\/01\/FILE-Colloque-246.jpg 1336w\" sizes=\"auto, (max-width: 200px) 100vw, 200px\" \/><\/a> <a href=\"https:\/\/www.fileasbl.be\/membres\/wp-content\/uploads\/2023\/01\/FILE-Colloque-244.jpg\"><img loading=\"lazy\" decoding=\"async\" class=\"alignnone size-medium wp-image-31189\" src=\"https:\/\/www.fileasbl.be\/membres\/wp-content\/uploads\/2023\/01\/FILE-Colloque-244-200x300.jpg\" alt=\"\" width=\"200\" height=\"300\" srcset=\"https:\/\/www.fileasbl.be\/membres\/wp-content\/uploads\/2023\/01\/FILE-Colloque-244-200x300.jpg 200w, https:\/\/www.fileasbl.be\/membres\/wp-content\/uploads\/2023\/01\/FILE-Colloque-244-684x1024.jpg 684w, https:\/\/www.fileasbl.be\/membres\/wp-content\/uploads\/2023\/01\/FILE-Colloque-244-768x1150.jpg 768w, https:\/\/www.fileasbl.be\/membres\/wp-content\/uploads\/2023\/01\/FILE-Colloque-244-1026x1536.jpg 1026w, https:\/\/www.fileasbl.be\/membres\/wp-content\/uploads\/2023\/01\/FILE-Colloque-244-400x599.jpg 400w, https:\/\/www.fileasbl.be\/membres\/wp-content\/uploads\/2023\/01\/FILE-Colloque-244.jpg 1336w\" sizes=\"auto, (max-width: 200px) 100vw, 200px\" \/><\/a> <a href=\"https:\/\/www.fileasbl.be\/membres\/wp-content\/uploads\/2023\/01\/FILE-Colloque-277.jpg\"><img loading=\"lazy\" decoding=\"async\" class=\"alignnone size-medium wp-image-31190\" src=\"https:\/\/www.fileasbl.be\/membres\/wp-content\/uploads\/2023\/01\/FILE-Colloque-277-200x300.jpg\" alt=\"\" width=\"200\" height=\"300\" srcset=\"https:\/\/www.fileasbl.be\/membres\/wp-content\/uploads\/2023\/01\/FILE-Colloque-277-200x300.jpg 200w, https:\/\/www.fileasbl.be\/membres\/wp-content\/uploads\/2023\/01\/FILE-Colloque-277-684x1024.jpg 684w, https:\/\/www.fileasbl.be\/membres\/wp-content\/uploads\/2023\/01\/FILE-Colloque-277-768x1150.jpg 768w, https:\/\/www.fileasbl.be\/membres\/wp-content\/uploads\/2023\/01\/FILE-Colloque-277-1026x1536.jpg 1026w, https:\/\/www.fileasbl.be\/membres\/wp-content\/uploads\/2023\/01\/FILE-Colloque-277-400x599.jpg 400w, https:\/\/www.fileasbl.be\/membres\/wp-content\/uploads\/2023\/01\/FILE-Colloque-277.jpg 1336w\" sizes=\"auto, (max-width: 200px) 100vw, 200px\" \/><\/a> <a href=\"https:\/\/www.fileasbl.be\/membres\/wp-content\/uploads\/2023\/01\/FILE-Colloque-279.jpg\"><img loading=\"lazy\" decoding=\"async\" class=\"alignnone size-medium wp-image-31191\" src=\"https:\/\/www.fileasbl.be\/membres\/wp-content\/uploads\/2023\/01\/FILE-Colloque-279-200x300.jpg\" alt=\"\" width=\"200\" height=\"300\" srcset=\"https:\/\/www.fileasbl.be\/membres\/wp-content\/uploads\/2023\/01\/FILE-Colloque-279-200x300.jpg 200w, https:\/\/www.fileasbl.be\/membres\/wp-content\/uploads\/2023\/01\/FILE-Colloque-279-684x1024.jpg 684w, https:\/\/www.fileasbl.be\/membres\/wp-content\/uploads\/2023\/01\/FILE-Colloque-279-768x1150.jpg 768w, https:\/\/www.fileasbl.be\/membres\/wp-content\/uploads\/2023\/01\/FILE-Colloque-279-1026x1536.jpg 1026w, https:\/\/www.fileasbl.be\/membres\/wp-content\/uploads\/2023\/01\/FILE-Colloque-279-400x599.jpg 400w, https:\/\/www.fileasbl.be\/membres\/wp-content\/uploads\/2023\/01\/FILE-Colloque-279.jpg 1336w\" sizes=\"auto, (max-width: 200px) 100vw, 200px\" \/><\/a>\u00a0 \u00a0 \u00a0 \u00a0 \u00a0 \u00a0<\/p>\t\t\t\t\t<\/div>\n\t\t\t\t\n\t\t\t<\/div><!-- .accordion-content -->\n\t    <\/li>\n\t    <\/ul>\n\n<\/div><!-- \/module accordion --><!-- module accordion -->\n<div  class=\"module module-accordion tb_0dzd572 \" data-behavior=\"toggle\" data-lazy=\"1\">\n    \n    <ul class=\"ui module-accordion plus-icon-button  tb_default_color\">\n\t\t    <li>\n\t\t\t<div class=\"accordion-title tf_rel\">\n\t\t\t\t<a href=\"#acc-0dzd572-0\" aria-controls=\"acc-0dzd572-0-content\" aria-expanded=\"false\">\n\t\t\t\t\t\t\t\t\t\t\t\t\t\t\t<span class=\"tb_title_accordion tf_w\">Anne-Claire Van Oudenhove<\/span>\n\t\t\t\t<\/a>\n\t\t\t<\/div><!-- .accordion-title -->\n\n\t\t\t<div id=\"acc-0dzd572-0-content\" data-id=\"acc-0dzd572-0\" aria-hidden=\"true\" class=\"accordion-content tf_hide\">\n\n\t\t\t\t\t\t\t\t\t<div\t\t\t\t\t\tclass=\"tb_text_wrap\"\n\t\t\t\t\t\t>\n\t\t\t\t\t\t<p><strong>Qui est-elle ?\u00a0<\/strong><\/p>\n<p>Anne-Claire Van Oudenhove est n\u00e9e en 1980.Elle est licenci\u00e9e en Langues et Litt\u00e9rature romanes, agr\u00e9g\u00e9e de l&rsquo;enseignement sup\u00e9rieur et form\u00e9e en Th\u00e9\u00e2tre \u00e0 La Kleine Akademie. C&rsquo;est \u00e0 l&rsquo;intersection entre sa formation artistique et sa formation d&rsquo;enseignante que se trouve son go\u00fbt pour la p\u00e9dagogie et l&rsquo;enfance qui la conduit tr\u00e8s naturellement vers le th\u00e9\u00e2tre jeune public. Elle fonde avec ses deux complices M\u00e9lissa Leon Martin et St\u00e9phanie Mangez La Compagnie de Th\u00e9\u00e2tre La T\u00eate \u00e0 l&rsquo;Envers qui verra naitre plusieurs spectacles jeune public dans lesquels elle joue, \u00e9crit et met en sc\u00e8ne ses r\u00eaves et ses id\u00e9es. Curieuse d&rsquo;approfondir la cr\u00e9ation de spectacles \u00e0 destination de la petite<br \/>enfance, elle se forme avec le Th\u00e9\u00e2tre de la Guimbarde au th\u00e9\u00e2tre pour les touts petits. Cet int\u00e9r\u00eat sp\u00e9cifique d\u00e9bouche sur la mise en sc\u00e8ne de plusieurs spectacles et petites formes th\u00e9\u00e2trales ou cont\u00e9es \u00e0 destination des toutpetits et des b\u00e9b\u00e9s qu&rsquo;elle tourne et pr\u00e9sente en cr\u00e8ches, en \u00e9coles et en centres culturels. Parall\u00e8lement \u00e0 la cr\u00e9ation, elle d\u00e9veloppe une activit\u00e9 de formatrice et d&rsquo;accompagnatrice. Elle donne notamment des formations \u00e0 destination des enseignant.e.s et pu\u00e9riculteur.rice.s mais elle anime \u00e9galement des cours, des ateliers et des stages dans des sph\u00e8res tr\u00e8s vari\u00e9es comme les \u00e9coles, Hautes<br \/>Ecoles, les entreprises, les CEC, les compagnies de th\u00e9\u00e2tre,&#8230;etc. Enfin, elle fait de l&rsquo;accompagnement de projets individuels, professionnels ou amateurs, en utilisant l&rsquo;art et le th\u00e9\u00e2tre comme langage d&rsquo;expression et de recherche.<br \/><br \/>www.latetealenvers.be<br \/>vanouac@hotmail.com<\/p>\n<p><strong>Son atelier<\/strong><\/p>\n<p>Anne-Claire a propos\u00e9 un atelier pratique abordant le jeu et son importance dans la relation adulte enfant et ce de mani\u00e8re appliqu\u00e9e. Il a \u00e9t\u00e9 propos\u00e9 aux participant.e.s d&rsquo;exp\u00e9rimenter eux-m\u00eames le jeu a partir de leur propre imaginaire et de leur disponibilit\u00e9 au moment et ce, en utilisant des outils emprunt\u00e9s au th\u00e9\u00e2tre et \u00e0 l&rsquo;improvisation th\u00e9\u00e2trale.\u00a0<\/p>\n<p><em><u>Mat\u00e9riel<\/u><\/em><em>\u00a0<\/em>: Aucun<\/p>\n<p><a href=\"https:\/\/www.fileasbl.be\/membres\/wp-content\/uploads\/2023\/01\/FILE-Colloque-169.jpg\"><img loading=\"lazy\" decoding=\"async\" class=\"alignnone size-medium wp-image-31193\" src=\"https:\/\/www.fileasbl.be\/membres\/wp-content\/uploads\/2023\/01\/FILE-Colloque-169-200x300.jpg\" alt=\"\" width=\"200\" height=\"300\" srcset=\"https:\/\/www.fileasbl.be\/membres\/wp-content\/uploads\/2023\/01\/FILE-Colloque-169-200x300.jpg 200w, https:\/\/www.fileasbl.be\/membres\/wp-content\/uploads\/2023\/01\/FILE-Colloque-169-684x1024.jpg 684w, https:\/\/www.fileasbl.be\/membres\/wp-content\/uploads\/2023\/01\/FILE-Colloque-169-768x1150.jpg 768w, https:\/\/www.fileasbl.be\/membres\/wp-content\/uploads\/2023\/01\/FILE-Colloque-169-1026x1536.jpg 1026w, https:\/\/www.fileasbl.be\/membres\/wp-content\/uploads\/2023\/01\/FILE-Colloque-169-400x599.jpg 400w, https:\/\/www.fileasbl.be\/membres\/wp-content\/uploads\/2023\/01\/FILE-Colloque-169.jpg 1336w\" sizes=\"auto, (max-width: 200px) 100vw, 200px\" \/><\/a> <a href=\"https:\/\/www.fileasbl.be\/membres\/wp-content\/uploads\/2023\/01\/FILE-Colloque-171.jpg\"><img loading=\"lazy\" decoding=\"async\" class=\"alignnone size-medium wp-image-31194\" src=\"https:\/\/www.fileasbl.be\/membres\/wp-content\/uploads\/2023\/01\/FILE-Colloque-171-200x300.jpg\" alt=\"\" width=\"200\" height=\"300\" srcset=\"https:\/\/www.fileasbl.be\/membres\/wp-content\/uploads\/2023\/01\/FILE-Colloque-171-200x300.jpg 200w, https:\/\/www.fileasbl.be\/membres\/wp-content\/uploads\/2023\/01\/FILE-Colloque-171-684x1024.jpg 684w, https:\/\/www.fileasbl.be\/membres\/wp-content\/uploads\/2023\/01\/FILE-Colloque-171-768x1150.jpg 768w, https:\/\/www.fileasbl.be\/membres\/wp-content\/uploads\/2023\/01\/FILE-Colloque-171-1026x1536.jpg 1026w, https:\/\/www.fileasbl.be\/membres\/wp-content\/uploads\/2023\/01\/FILE-Colloque-171-400x599.jpg 400w, https:\/\/www.fileasbl.be\/membres\/wp-content\/uploads\/2023\/01\/FILE-Colloque-171.jpg 1336w\" sizes=\"auto, (max-width: 200px) 100vw, 200px\" \/><\/a> <a href=\"https:\/\/www.fileasbl.be\/membres\/wp-content\/uploads\/2023\/01\/FILE-Colloque-172.jpg\"><img loading=\"lazy\" decoding=\"async\" class=\"alignnone size-medium wp-image-31195\" src=\"https:\/\/www.fileasbl.be\/membres\/wp-content\/uploads\/2023\/01\/FILE-Colloque-172-300x200.jpg\" alt=\"\" width=\"300\" height=\"200\" srcset=\"https:\/\/www.fileasbl.be\/membres\/wp-content\/uploads\/2023\/01\/FILE-Colloque-172-300x200.jpg 300w, https:\/\/www.fileasbl.be\/membres\/wp-content\/uploads\/2023\/01\/FILE-Colloque-172-1024x684.jpg 1024w, https:\/\/www.fileasbl.be\/membres\/wp-content\/uploads\/2023\/01\/FILE-Colloque-172-768x513.jpg 768w, https:\/\/www.fileasbl.be\/membres\/wp-content\/uploads\/2023\/01\/FILE-Colloque-172-1536x1026.jpg 1536w, https:\/\/www.fileasbl.be\/membres\/wp-content\/uploads\/2023\/01\/FILE-Colloque-172-400x267.jpg 400w, https:\/\/www.fileasbl.be\/membres\/wp-content\/uploads\/2023\/01\/FILE-Colloque-172.jpg 2000w\" sizes=\"auto, (max-width: 300px) 100vw, 300px\" \/><\/a> <a href=\"https:\/\/www.fileasbl.be\/membres\/wp-content\/uploads\/2023\/01\/FILE-Colloque-179.jpg\"><img loading=\"lazy\" decoding=\"async\" class=\"alignnone size-medium wp-image-31196\" src=\"https:\/\/www.fileasbl.be\/membres\/wp-content\/uploads\/2023\/01\/FILE-Colloque-179-300x200.jpg\" alt=\"\" width=\"300\" height=\"200\" srcset=\"https:\/\/www.fileasbl.be\/membres\/wp-content\/uploads\/2023\/01\/FILE-Colloque-179-300x200.jpg 300w, https:\/\/www.fileasbl.be\/membres\/wp-content\/uploads\/2023\/01\/FILE-Colloque-179-1024x684.jpg 1024w, https:\/\/www.fileasbl.be\/membres\/wp-content\/uploads\/2023\/01\/FILE-Colloque-179-768x513.jpg 768w, https:\/\/www.fileasbl.be\/membres\/wp-content\/uploads\/2023\/01\/FILE-Colloque-179-1536x1026.jpg 1536w, https:\/\/www.fileasbl.be\/membres\/wp-content\/uploads\/2023\/01\/FILE-Colloque-179-400x267.jpg 400w, https:\/\/www.fileasbl.be\/membres\/wp-content\/uploads\/2023\/01\/FILE-Colloque-179.jpg 2000w\" sizes=\"auto, (max-width: 300px) 100vw, 300px\" \/><\/a><\/p>\t\t\t\t\t<\/div>\n\t\t\t\t\n\t\t\t<\/div><!-- .accordion-content -->\n\t    <\/li>\n\t    <\/ul>\n\n<\/div><!-- \/module accordion --><!-- module text -->\n<div  class=\"module module-text tb_lkd6804   \" data-lazy=\"1\">\n        <div  class=\"tb_text_wrap\">\n    <h3><span style=\"color: #003366;\"><strong>Les ressources :\u00a0<\/strong><\/span><\/h3>\n<hr \/>\n<ul>\n<li style=\"list-style-type: none;\"><a href=\"https:\/\/www.fileasbl.be\/membres\/wp-content\/uploads\/2023\/01\/Capture-decran-2023-11-14-12.08.29.png\"><img loading=\"lazy\" decoding=\"async\" class=\"alignnone size-medium wp-image-31045\" src=\"https:\/\/www.fileasbl.be\/membres\/wp-content\/uploads\/2023\/01\/Capture-decran-2023-11-14-12.08.29-209x300.png\" alt=\"\" width=\"209\" height=\"300\" srcset=\"https:\/\/www.fileasbl.be\/membres\/wp-content\/uploads\/2023\/01\/Capture-decran-2023-11-14-12.08.29-209x300.png 209w, https:\/\/www.fileasbl.be\/membres\/wp-content\/uploads\/2023\/01\/Capture-decran-2023-11-14-12.08.29-400x575.png 400w, https:\/\/www.fileasbl.be\/membres\/wp-content\/uploads\/2023\/01\/Capture-decran-2023-11-14-12.08.29.png 488w\" sizes=\"auto, (max-width: 209px) 100vw, 209px\" \/><\/a> <a href=\"https:\/\/www.fileasbl.be\/membres\/wp-content\/uploads\/2023\/01\/Capture-decran-2023-11-14-12.08.36.png\"><img loading=\"lazy\" decoding=\"async\" class=\"alignnone size-medium wp-image-31046\" src=\"https:\/\/www.fileasbl.be\/membres\/wp-content\/uploads\/2023\/01\/Capture-decran-2023-11-14-12.08.36-209x300.png\" alt=\"\" width=\"209\" height=\"300\" srcset=\"https:\/\/www.fileasbl.be\/membres\/wp-content\/uploads\/2023\/01\/Capture-decran-2023-11-14-12.08.36-209x300.png 209w, https:\/\/www.fileasbl.be\/membres\/wp-content\/uploads\/2023\/01\/Capture-decran-2023-11-14-12.08.36-400x574.png 400w, https:\/\/www.fileasbl.be\/membres\/wp-content\/uploads\/2023\/01\/Capture-decran-2023-11-14-12.08.36.png 485w\" sizes=\"auto, (max-width: 209px) 100vw, 209px\" \/><\/a><\/li>\n<\/ul>    <\/div>\n<\/div>\n<!-- \/module text --><!-- module text -->\n<div  class=\"module module-text tb_0yqz579   \" data-lazy=\"1\">\n        <div  class=\"tb_text_wrap\">\n    <h3><span style=\"color: #003366;\"><strong>L&rsquo;ab\u00e9c\u00e9daire\u00a0<\/strong><\/span><\/h3>\n<p><a href=\"https:\/\/www.fileasbl.be\/membres\/wp-content\/uploads\/2023\/01\/Capture-decran-2023-11-14-13.22.28-2.png\"><img loading=\"lazy\" decoding=\"async\" class=\"size-medium wp-image-31058 alignleft\" src=\"https:\/\/www.fileasbl.be\/membres\/wp-content\/uploads\/2023\/01\/Capture-decran-2023-11-14-13.22.28-2-209x300.png\" alt=\"\" width=\"209\" height=\"300\" srcset=\"https:\/\/www.fileasbl.be\/membres\/wp-content\/uploads\/2023\/01\/Capture-decran-2023-11-14-13.22.28-2-209x300.png 209w, https:\/\/www.fileasbl.be\/membres\/wp-content\/uploads\/2023\/01\/Capture-decran-2023-11-14-13.22.28-2-400x574.png 400w, https:\/\/www.fileasbl.be\/membres\/wp-content\/uploads\/2023\/01\/Capture-decran-2023-11-14-13.22.28-2.png 489w\" sizes=\"auto, (max-width: 209px) 100vw, 209px\" \/><\/a> <a href=\"https:\/\/www.fileasbl.be\/membres\/wp-content\/uploads\/2023\/01\/Capture-decran-2023-11-14-13.22.32-1.png\"><img loading=\"lazy\" decoding=\"async\" class=\"size-medium wp-image-31056 alignleft\" src=\"https:\/\/www.fileasbl.be\/membres\/wp-content\/uploads\/2023\/01\/Capture-decran-2023-11-14-13.22.32-1-211x300.png\" alt=\"\" width=\"211\" height=\"300\" srcset=\"https:\/\/www.fileasbl.be\/membres\/wp-content\/uploads\/2023\/01\/Capture-decran-2023-11-14-13.22.32-1-211x300.png 211w, https:\/\/www.fileasbl.be\/membres\/wp-content\/uploads\/2023\/01\/Capture-decran-2023-11-14-13.22.32-1-400x570.png 400w, https:\/\/www.fileasbl.be\/membres\/wp-content\/uploads\/2023\/01\/Capture-decran-2023-11-14-13.22.32-1.png 486w\" sizes=\"auto, (max-width: 211px) 100vw, 211px\" \/><\/a> <a href=\"https:\/\/www.fileasbl.be\/membres\/wp-content\/uploads\/2023\/01\/Capture-decran-2023-11-14-13.25.24.png\"><img loading=\"lazy\" decoding=\"async\" class=\"size-medium wp-image-31057 alignleft\" src=\"https:\/\/www.fileasbl.be\/membres\/wp-content\/uploads\/2023\/01\/Capture-decran-2023-11-14-13.25.24-207x300.png\" alt=\"\" width=\"207\" height=\"300\" srcset=\"https:\/\/www.fileasbl.be\/membres\/wp-content\/uploads\/2023\/01\/Capture-decran-2023-11-14-13.25.24-207x300.png 207w, https:\/\/www.fileasbl.be\/membres\/wp-content\/uploads\/2023\/01\/Capture-decran-2023-11-14-13.25.24-400x578.png 400w, https:\/\/www.fileasbl.be\/membres\/wp-content\/uploads\/2023\/01\/Capture-decran-2023-11-14-13.25.24.png 482w\" sizes=\"auto, (max-width: 207px) 100vw, 207px\" \/><\/a><\/p>\n<hr \/>\n<p>\u00a0<\/p>    <\/div>\n<\/div>\n<!-- \/module text --><!-- module text -->\n<div  class=\"module module-text tb_yoa830   \" data-lazy=\"1\">\n        <div  class=\"tb_text_wrap\">\n    <h3><span style=\"color: #003366;\"><strong>Conf\u00e9rence de Charlotte Fallon<\/strong><\/span><\/h3>\n<p><em>Quelques id\u00e9es cl\u00e9s \u00e0 retenir de son intervention :<\/em><\/p>\n<hr \/>\n<ul>\n<li>Placer les enfants comme acteurs dans la cr\u00e9ation et le plaisir<\/li>\n<li>Sortir de la valorisation de la finalit\u00e9, du produit fini, du r\u00e9sultat pour mettre en avant les processus et les \u00e9motions v\u00e9cues. La cr\u00e9ativit\u00e9 est une capacit\u00e9, un processus et non un r\u00e9sultat. Proposer des moments d\u2019\u00e9veil cr\u00e9atif en milieu d\u2019accueil n\u00e9cessite de prendre conscience de ce processus et de cette rencontre cr\u00e9ative avec soi-m\u00eame et avec les enfants mais aussi de prendre le temps<\/li>\n<li>Sortir de sa zone de confort. En tant qu&rsquo;adulte, nous avons tendance \u00e0 rester dans ce que nous connaissons et aimons (lecture, peinture&#8230;). Oser et avoir confiance afin de donner confiance aux enfants dans leurs capacit\u00e9s et leurs explorations<\/li>\n<li>Importance d\u2019un suivi et d&rsquo;un accompagnement du projet pour changer les pratiques professionnelles dans la dur\u00e9e<\/li>\n<li>\u00ab Faire un pas \u00bb vers l\u2019\u00e9veil cr\u00e9atif, c&rsquo;est d\u00e9j\u00e0 cr\u00e9er, d\u00e9couvrir et s&rsquo;\u00e9merveiller<\/li>\n<li>Une fois que l\u2019enfant est scolaris\u00e9 il est tr\u00e8s vite \u00ab format\u00e9 \u00bb dans l\u2019artistique, importance de laisser libre cours \u00e0 la cr\u00e9ativit\u00e9 et \u00e0 l\u2019imaginaire<\/li>\n<li>Importance de la communication aux parents via des retours, des collaborations et de la documentation p\u00e9dagogique<\/li>\n<li>La cr\u00e9ativit\u00e9 est utile dans la vie, il faut donc redonner de la l\u00e9gitimit\u00e9 \u00e0 cette pratique<\/li>\n<li>Les professionnel.le.s de l&rsquo;enfance sont comp\u00e9tentes : osez !\u00a0<\/li>\n<li>Le \u00ab faire faire \u00bb cr\u00e9e du lien, des \u00e9motions et fait grandir<\/li>\n<\/ul>    <\/div>\n<\/div>\n<!-- \/module text -->\t<div  data-lazy=\"1\" class=\"module_subrow themify_builder_sub_row tb_f5cg823 tf_w tf_clearfix\">\n\t    \t\t<div class=\"subrow_inner col_align_top col-count-2 tf_box tf_w\">\n\t\t\t<div  style=\"width: 35.65%\" data-lazy=\"1\" class=\"sub_column module_column tf_box col2-1 first tb_02b0823\"> \n\t    \t    \t        <div class=\"tb-column-inner tf_box tf_w\">\n\t\t    <!-- module image -->\n<div  class=\"module module-image tb_qqru651 rounded bordered  image-full-overlay tf_mw\" data-lazy=\"1\">\n        <div class=\"image-wrap tf_rel tf_mw\">\n\t\t    <img loading=\"lazy\" decoding=\"async\" width=\"1920\" height=\"2560\" src=\"https:\/\/www.fileasbl.be\/membres\/wp-content\/uploads\/2023\/01\/Charlotte-Fallon-scaled.jpg\" class=\"wp-post-image wp-image-30752\" title=\"Charlotte Fallon\" alt=\"Charlotte Fallon\" srcset=\"https:\/\/www.fileasbl.be\/membres\/wp-content\/uploads\/2023\/01\/Charlotte-Fallon-scaled.jpg 1920w, https:\/\/www.fileasbl.be\/membres\/wp-content\/uploads\/2023\/01\/Charlotte-Fallon-225x300.jpg 225w, https:\/\/www.fileasbl.be\/membres\/wp-content\/uploads\/2023\/01\/Charlotte-Fallon-768x1024.jpg 768w, https:\/\/www.fileasbl.be\/membres\/wp-content\/uploads\/2023\/01\/Charlotte-Fallon-1152x1536.jpg 1152w, https:\/\/www.fileasbl.be\/membres\/wp-content\/uploads\/2023\/01\/Charlotte-Fallon-1536x2048.jpg 1536w, https:\/\/www.fileasbl.be\/membres\/wp-content\/uploads\/2023\/01\/Charlotte-Fallon-400x533.jpg 400w\" sizes=\"auto, (max-width: 1920px) 100vw, 1920px\" \/>\t\n\t\t<\/div>\n\t<!-- \/image-wrap -->\n    \n    \t<\/div>\n<!-- \/module image -->\t        <\/div>\n\t    \t<\/div>\n\t\t<div  style=\"width: 61.15%\" data-lazy=\"1\" class=\"sub_column module_column tf_box col2-1 last tb_cyj3823\"> \n\t    \t    \t        <div class=\"tb-column-inner tf_box tf_w\">\n\t\t    <!-- module box -->\n<div  class=\"module module-box tb_v19492 \" data-lazy=\"1\">\n        <div class=\"module-box-content ui rounded tb_default_color \">\n\t\t\t\t<div class=\"tb_text_wrap\"><p>En 2000, j\u2019ai initi\u00e9\u00a0 le mouvement de \u00ab\u00a0l\u2019art et les b\u00e9b\u00e9s\u00a0\u00bb en Belgique francophone en cr\u00e9ant un spectacle pour les tout petits d\u00e9s 3 mois\u00a0 avec le Th\u00e9\u00e2tre de la Guimbarde<\/p>\n<p>En 2001, la Guimbarde a organis\u00e9 un festival \u00e0 Charleroi pour faire conna\u00eetre et r\u00e9fl\u00e9chir au sens de cette d\u00e9marche avec les adultes proches des tout petits\u00a0: les professionnel(le)s de la petite enfance, les \u00e9coles de pu\u00e9ricultures, les parents.<\/p>\n<p>J\u2019ai particip\u00e9 \u00e0 la cr\u00e9ation du projet europ\u00e9en Small Size qui a rassembl\u00e9 une quinzaine de pays.<\/p>\n<p>J\u2019ai cr\u00e9\u00e9 de nombreux spectacles au sein de la Guimbarde et d\u2019autres compagnies belges et \u00e9trang\u00e8res, anim\u00e9 des formations et donn\u00e9 des conf\u00e9rences dans ces lieux pour les professionnelles de la petite enfance et les artistes.<\/p>\n<p>J\u2019ai \u00e9t\u00e9 \u00e0 la\u00a0 rencontres de mus\u00e9es pour r\u00e9fl\u00e9chir \u00e0 l\u2019accueil des tout petits et\u00a0 particip\u00e9 \u00e0 la l\u2019\u00e9criture de deux livres\u00a0: \u00ab\u00a0Mus\u00e9es d\u2019art Amis des tout petits\u00a0\u00bb et \u00ab\u00a0Pour toi promenades\u00a0\u00bb avec Isabelle Chavepeyer \u00e9dit\u00e9s par le FRAJE (Centre de Formation permanente et de Recherche dans les milieux d\u2019accueil du jeune Enfant)<\/p>\n<p>\u00ab\u00a0Il n\u2019y a pas d\u2019\u00e2ge pour m\u00e9riter la culture\u00a0\u00bb, cette phrase r\u00e9sume ma philosophie de travail<\/p><\/div>\n    <\/div>\n<\/div>\n<!-- \/module box -->\n\t        <\/div>\n\t    \t<\/div>\n\t\t    <\/div>\n\t<\/div><!-- \/themify_builder_sub_row -->\n\t<!-- module text -->\n<div  class=\"module module-text tb_wsa7394   \" data-lazy=\"1\">\n    <h3 class=\"module-title\">A vous !<\/h3>    <div  class=\"tb_text_wrap\">\n    <p>N&rsquo;h\u00e9sitez pas \u00e0 nous envoyer (contact@fileasbl.be) des photos de vos ateliers ou exp\u00e9rimentations r\u00e9alis\u00e9es dans votre milieu d&rsquo;accueil suite \u00e0 cette journ\u00e9e de colloque. Nous esp\u00e9rons que cette journ\u00e9e a pu semer des petites graines et vous donner confiance dans vos capacit\u00e9s \u00e0 accompagner les enfants dans leur cr\u00e9ativit\u00e9 !\u00a0<\/p>\n<p>\u00a0<\/p>    <\/div>\n<\/div>\n<!-- \/module text --><!-- module text -->\n<div  class=\"module module-text tb_1j5o2   \" data-lazy=\"1\">\n        <div  class=\"tb_text_wrap\">\n    <h2 style=\"text-align: center;\"><span style=\"color: #666699;\">Contact \u00e0 la FILE<\/span><\/h2>\n<p>Laur\u00e8ne Trevisan &#8211; Conseill\u00e8re p\u00e9dagogique<\/p>\n<p>contact(at)fileasbl.be &#8211; +32 10 22 52 02<\/p>    <\/div>\n<\/div>\n<!-- \/module text -->\t        <\/div>\n\t    \t<\/div>\n\t\t    <\/div>\n\t    <!-- \/row_inner -->\n\t<\/div>\n\t<!-- \/module_row -->\n\t<\/div>\n<!--\/themify_builder_content-->","protected":false},"excerpt":{"rendered":"<p>Le 3 octobre 2023, nous vous avons accueilli \u00e0 la Marlagne \u00e0 Namur pour une journ\u00e9e de colloque sur la th\u00e9matique de l\u2019\u00e9veil cr\u00e9atif et du plaisir en milieu d\u2019accueil de la petite enfance. Vous avez \u00e9t\u00e9 plus de 375 \u00e0 participer \u00e0 cette journ\u00e9e riche en exp\u00e9riences, d\u00e9couvertes, cr\u00e9ativit\u00e9, plaisirs et \u00e9merveillements ! En [&hellip;]<\/p>\n","protected":false},"author":2,"featured_media":30328,"comment_status":"open","ping_status":"open","sticky":false,"template":"","format":"standard","meta":{"footnotes":""},"categories":[293,304,291,225,246,300,226],"tags":[],"class_list":["post-30312","post","type-post","status-publish","format-standard","has-post-thumbnail","hentry","category-art","category-bien-etre-enfant","category-colloque","category-emotions-de-lenfant","category-milac","category-notes-pedagogiques","category-rythmes-de-lenfant","has-post-title","has-post-date","has-post-category","has-post-tag","has-post-comment","has-post-author",""],"yoast_head":"<!-- This site is optimized with the Yoast SEO plugin v27.5 - https:\/\/yoast.com\/product\/yoast-seo-wordpress\/ -->\n<title>Eveil cr\u00e9atif et plaisir en milieu d\u2019accueil\u00a0: et si on osait\u00a0prendre le temps et se faire confiance ?\u00a0 - Site de la FILE<\/title>\n<meta name=\"robots\" content=\"index, follow, max-snippet:-1, max-image-preview:large, max-video-preview:-1\" \/>\n<link rel=\"canonical\" href=\"https:\/\/www.fileasbl.be\/membres\/eveil-creatif-et-plaisir-en-milieu-daccueil-et-si-on-osait-prendre-le-temps-et-se-faire-confiance\/\" \/>\n<meta property=\"og:locale\" content=\"fr_FR\" \/>\n<meta property=\"og:type\" content=\"article\" \/>\n<meta property=\"og:title\" content=\"Eveil cr\u00e9atif et plaisir en milieu d\u2019accueil\u00a0: et si on osait\u00a0prendre le temps et se faire confiance ?\u00a0 - Site de la FILE\" \/>\n<meta property=\"og:description\" content=\"Le 3 octobre 2023, nous vous avons accueilli \u00e0 la Marlagne \u00e0 Namur pour une journ\u00e9e de colloque sur la th\u00e9matique de l\u2019\u00e9veil cr\u00e9atif et du plaisir en milieu d\u2019accueil de la petite enfance. Vous avez \u00e9t\u00e9 plus de 375 \u00e0 participer \u00e0 cette journ\u00e9e riche en exp\u00e9riences, d\u00e9couvertes, cr\u00e9ativit\u00e9, plaisirs et \u00e9merveillements ! En [&hellip;]\" \/>\n<meta property=\"og:url\" content=\"https:\/\/www.fileasbl.be\/membres\/eveil-creatif-et-plaisir-en-milieu-daccueil-et-si-on-osait-prendre-le-temps-et-se-faire-confiance\/\" \/>\n<meta property=\"og:site_name\" content=\"Site de la FILE\" \/>\n<meta property=\"article:publisher\" content=\"https:\/\/www.facebook.com\/fileasbl\/\" \/>\n<meta property=\"article:published_time\" content=\"2023-01-10T17:05:05+00:00\" \/>\n<meta property=\"article:modified_time\" content=\"2024-08-13T14:27:33+00:00\" \/>\n<meta property=\"og:image\" content=\"https:\/\/www.fileasbl.be\/membres\/wp-content\/uploads\/2023\/01\/Colloque-2023.png\" \/>\n\t<meta property=\"og:image:width\" content=\"500\" \/>\n\t<meta property=\"og:image:height\" content=\"500\" \/>\n\t<meta property=\"og:image:type\" content=\"image\/png\" \/>\n<meta name=\"author\" content=\"Contact FILE\" \/>\n<meta name=\"twitter:card\" content=\"summary_large_image\" \/>\n<meta name=\"twitter:label1\" content=\"\u00c9crit par\" \/>\n\t<meta name=\"twitter:data1\" content=\"Contact FILE\" \/>\n<script type=\"application\/ld+json\" class=\"yoast-schema-graph\">{\"@context\":\"https:\\\/\\\/schema.org\",\"@graph\":[{\"@type\":\"Article\",\"@id\":\"https:\\\/\\\/www.fileasbl.be\\\/membres\\\/eveil-creatif-et-plaisir-en-milieu-daccueil-et-si-on-osait-prendre-le-temps-et-se-faire-confiance\\\/#article\",\"isPartOf\":{\"@id\":\"https:\\\/\\\/www.fileasbl.be\\\/membres\\\/eveil-creatif-et-plaisir-en-milieu-daccueil-et-si-on-osait-prendre-le-temps-et-se-faire-confiance\\\/\"},\"author\":{\"name\":\"Contact FILE\",\"@id\":\"https:\\\/\\\/www.fileasbl.be\\\/membres\\\/#\\\/schema\\\/person\\\/5954a0c68c3a6f92f805465caa00d25f\"},\"headline\":\"Eveil cr\u00e9atif et plaisir en milieu d\u2019accueil\u00a0: et si on osait\u00a0prendre le temps et se faire confiance ?\u00a0\",\"datePublished\":\"2023-01-10T17:05:05+00:00\",\"dateModified\":\"2024-08-13T14:27:33+00:00\",\"mainEntityOfPage\":{\"@id\":\"https:\\\/\\\/www.fileasbl.be\\\/membres\\\/eveil-creatif-et-plaisir-en-milieu-daccueil-et-si-on-osait-prendre-le-temps-et-se-faire-confiance\\\/\"},\"wordCount\":20,\"commentCount\":0,\"image\":{\"@id\":\"https:\\\/\\\/www.fileasbl.be\\\/membres\\\/eveil-creatif-et-plaisir-en-milieu-daccueil-et-si-on-osait-prendre-le-temps-et-se-faire-confiance\\\/#primaryimage\"},\"thumbnailUrl\":\"https:\\\/\\\/www.fileasbl.be\\\/membres\\\/wp-content\\\/uploads\\\/2023\\\/01\\\/Colloque-2023.png\",\"articleSection\":[\"Art Culturel\",\"Bien \u00eatre enfant\",\"Colloque, conf\u00e9rences\",\"Emotions de l'enfant\",\"Milieu d'accueil 0-3 ans\",\"Notes p\u00e9dagogiques\",\"Rythmes de l'enfant\"],\"inLanguage\":\"fr-FR\",\"potentialAction\":[{\"@type\":\"CommentAction\",\"name\":\"Comment\",\"target\":[\"https:\\\/\\\/www.fileasbl.be\\\/membres\\\/eveil-creatif-et-plaisir-en-milieu-daccueil-et-si-on-osait-prendre-le-temps-et-se-faire-confiance\\\/#respond\"]}]},{\"@type\":\"WebPage\",\"@id\":\"https:\\\/\\\/www.fileasbl.be\\\/membres\\\/eveil-creatif-et-plaisir-en-milieu-daccueil-et-si-on-osait-prendre-le-temps-et-se-faire-confiance\\\/\",\"url\":\"https:\\\/\\\/www.fileasbl.be\\\/membres\\\/eveil-creatif-et-plaisir-en-milieu-daccueil-et-si-on-osait-prendre-le-temps-et-se-faire-confiance\\\/\",\"name\":\"Eveil cr\u00e9atif et plaisir en milieu d\u2019accueil\u00a0: et si on osait\u00a0prendre le temps et se faire confiance ?\u00a0 - Site de la FILE\",\"isPartOf\":{\"@id\":\"https:\\\/\\\/www.fileasbl.be\\\/membres\\\/#website\"},\"primaryImageOfPage\":{\"@id\":\"https:\\\/\\\/www.fileasbl.be\\\/membres\\\/eveil-creatif-et-plaisir-en-milieu-daccueil-et-si-on-osait-prendre-le-temps-et-se-faire-confiance\\\/#primaryimage\"},\"image\":{\"@id\":\"https:\\\/\\\/www.fileasbl.be\\\/membres\\\/eveil-creatif-et-plaisir-en-milieu-daccueil-et-si-on-osait-prendre-le-temps-et-se-faire-confiance\\\/#primaryimage\"},\"thumbnailUrl\":\"https:\\\/\\\/www.fileasbl.be\\\/membres\\\/wp-content\\\/uploads\\\/2023\\\/01\\\/Colloque-2023.png\",\"datePublished\":\"2023-01-10T17:05:05+00:00\",\"dateModified\":\"2024-08-13T14:27:33+00:00\",\"author\":{\"@id\":\"https:\\\/\\\/www.fileasbl.be\\\/membres\\\/#\\\/schema\\\/person\\\/5954a0c68c3a6f92f805465caa00d25f\"},\"breadcrumb\":{\"@id\":\"https:\\\/\\\/www.fileasbl.be\\\/membres\\\/eveil-creatif-et-plaisir-en-milieu-daccueil-et-si-on-osait-prendre-le-temps-et-se-faire-confiance\\\/#breadcrumb\"},\"inLanguage\":\"fr-FR\",\"potentialAction\":[{\"@type\":\"ReadAction\",\"target\":[\"https:\\\/\\\/www.fileasbl.be\\\/membres\\\/eveil-creatif-et-plaisir-en-milieu-daccueil-et-si-on-osait-prendre-le-temps-et-se-faire-confiance\\\/\"]}]},{\"@type\":\"ImageObject\",\"inLanguage\":\"fr-FR\",\"@id\":\"https:\\\/\\\/www.fileasbl.be\\\/membres\\\/eveil-creatif-et-plaisir-en-milieu-daccueil-et-si-on-osait-prendre-le-temps-et-se-faire-confiance\\\/#primaryimage\",\"url\":\"https:\\\/\\\/www.fileasbl.be\\\/membres\\\/wp-content\\\/uploads\\\/2023\\\/01\\\/Colloque-2023.png\",\"contentUrl\":\"https:\\\/\\\/www.fileasbl.be\\\/membres\\\/wp-content\\\/uploads\\\/2023\\\/01\\\/Colloque-2023.png\",\"width\":500,\"height\":500},{\"@type\":\"BreadcrumbList\",\"@id\":\"https:\\\/\\\/www.fileasbl.be\\\/membres\\\/eveil-creatif-et-plaisir-en-milieu-daccueil-et-si-on-osait-prendre-le-temps-et-se-faire-confiance\\\/#breadcrumb\",\"itemListElement\":[{\"@type\":\"ListItem\",\"position\":1,\"name\":\"Accueil\",\"item\":\"https:\\\/\\\/www.fileasbl.be\\\/membres\\\/\"},{\"@type\":\"ListItem\",\"position\":2,\"name\":\"Eveil cr\u00e9atif et plaisir en milieu d\u2019accueil\u00a0: et si on osait\u00a0prendre le temps et se faire confiance ?\u00a0\"}]},{\"@type\":\"WebSite\",\"@id\":\"https:\\\/\\\/www.fileasbl.be\\\/membres\\\/#website\",\"url\":\"https:\\\/\\\/www.fileasbl.be\\\/membres\\\/\",\"name\":\"Site de la FILE\",\"description\":\"FILE Un accueil de qualit\u00e9 accessible \u00e0 tous\",\"potentialAction\":[{\"@type\":\"SearchAction\",\"target\":{\"@type\":\"EntryPoint\",\"urlTemplate\":\"https:\\\/\\\/www.fileasbl.be\\\/membres\\\/?s={search_term_string}\"},\"query-input\":{\"@type\":\"PropertyValueSpecification\",\"valueRequired\":true,\"valueName\":\"search_term_string\"}}],\"inLanguage\":\"fr-FR\"},{\"@type\":\"Person\",\"@id\":\"https:\\\/\\\/www.fileasbl.be\\\/membres\\\/#\\\/schema\\\/person\\\/5954a0c68c3a6f92f805465caa00d25f\",\"name\":\"Contact FILE\",\"url\":\"https:\\\/\\\/www.fileasbl.be\\\/membres\\\/author\\\/contactfile\\\/\"}]}<\/script>\n<!-- \/ Yoast SEO plugin. -->","yoast_head_json":{"title":"Eveil cr\u00e9atif et plaisir en milieu d\u2019accueil\u00a0: et si on osait\u00a0prendre le temps et se faire confiance ?\u00a0 - Site de la FILE","robots":{"index":"index","follow":"follow","max-snippet":"max-snippet:-1","max-image-preview":"max-image-preview:large","max-video-preview":"max-video-preview:-1"},"canonical":"https:\/\/www.fileasbl.be\/membres\/eveil-creatif-et-plaisir-en-milieu-daccueil-et-si-on-osait-prendre-le-temps-et-se-faire-confiance\/","og_locale":"fr_FR","og_type":"article","og_title":"Eveil cr\u00e9atif et plaisir en milieu d\u2019accueil\u00a0: et si on osait\u00a0prendre le temps et se faire confiance ?\u00a0 - Site de la FILE","og_description":"Le 3 octobre 2023, nous vous avons accueilli \u00e0 la Marlagne \u00e0 Namur pour une journ\u00e9e de colloque sur la th\u00e9matique de l\u2019\u00e9veil cr\u00e9atif et du plaisir en milieu d\u2019accueil de la petite enfance. Vous avez \u00e9t\u00e9 plus de 375 \u00e0 participer \u00e0 cette journ\u00e9e riche en exp\u00e9riences, d\u00e9couvertes, cr\u00e9ativit\u00e9, plaisirs et \u00e9merveillements ! En [&hellip;]","og_url":"https:\/\/www.fileasbl.be\/membres\/eveil-creatif-et-plaisir-en-milieu-daccueil-et-si-on-osait-prendre-le-temps-et-se-faire-confiance\/","og_site_name":"Site de la FILE","article_publisher":"https:\/\/www.facebook.com\/fileasbl\/","article_published_time":"2023-01-10T17:05:05+00:00","article_modified_time":"2024-08-13T14:27:33+00:00","og_image":[{"width":500,"height":500,"url":"https:\/\/www.fileasbl.be\/membres\/wp-content\/uploads\/2023\/01\/Colloque-2023.png","type":"image\/png"}],"author":"Contact FILE","twitter_card":"summary_large_image","twitter_misc":{"\u00c9crit par":"Contact FILE"},"schema":{"@context":"https:\/\/schema.org","@graph":[{"@type":"Article","@id":"https:\/\/www.fileasbl.be\/membres\/eveil-creatif-et-plaisir-en-milieu-daccueil-et-si-on-osait-prendre-le-temps-et-se-faire-confiance\/#article","isPartOf":{"@id":"https:\/\/www.fileasbl.be\/membres\/eveil-creatif-et-plaisir-en-milieu-daccueil-et-si-on-osait-prendre-le-temps-et-se-faire-confiance\/"},"author":{"name":"Contact FILE","@id":"https:\/\/www.fileasbl.be\/membres\/#\/schema\/person\/5954a0c68c3a6f92f805465caa00d25f"},"headline":"Eveil cr\u00e9atif et plaisir en milieu d\u2019accueil\u00a0: et si on osait\u00a0prendre le temps et se faire confiance ?\u00a0","datePublished":"2023-01-10T17:05:05+00:00","dateModified":"2024-08-13T14:27:33+00:00","mainEntityOfPage":{"@id":"https:\/\/www.fileasbl.be\/membres\/eveil-creatif-et-plaisir-en-milieu-daccueil-et-si-on-osait-prendre-le-temps-et-se-faire-confiance\/"},"wordCount":20,"commentCount":0,"image":{"@id":"https:\/\/www.fileasbl.be\/membres\/eveil-creatif-et-plaisir-en-milieu-daccueil-et-si-on-osait-prendre-le-temps-et-se-faire-confiance\/#primaryimage"},"thumbnailUrl":"https:\/\/www.fileasbl.be\/membres\/wp-content\/uploads\/2023\/01\/Colloque-2023.png","articleSection":["Art Culturel","Bien \u00eatre enfant","Colloque, conf\u00e9rences","Emotions de l'enfant","Milieu d'accueil 0-3 ans","Notes p\u00e9dagogiques","Rythmes de l'enfant"],"inLanguage":"fr-FR","potentialAction":[{"@type":"CommentAction","name":"Comment","target":["https:\/\/www.fileasbl.be\/membres\/eveil-creatif-et-plaisir-en-milieu-daccueil-et-si-on-osait-prendre-le-temps-et-se-faire-confiance\/#respond"]}]},{"@type":"WebPage","@id":"https:\/\/www.fileasbl.be\/membres\/eveil-creatif-et-plaisir-en-milieu-daccueil-et-si-on-osait-prendre-le-temps-et-se-faire-confiance\/","url":"https:\/\/www.fileasbl.be\/membres\/eveil-creatif-et-plaisir-en-milieu-daccueil-et-si-on-osait-prendre-le-temps-et-se-faire-confiance\/","name":"Eveil cr\u00e9atif et plaisir en milieu d\u2019accueil\u00a0: et si on osait\u00a0prendre le temps et se faire confiance ?\u00a0 - Site de la FILE","isPartOf":{"@id":"https:\/\/www.fileasbl.be\/membres\/#website"},"primaryImageOfPage":{"@id":"https:\/\/www.fileasbl.be\/membres\/eveil-creatif-et-plaisir-en-milieu-daccueil-et-si-on-osait-prendre-le-temps-et-se-faire-confiance\/#primaryimage"},"image":{"@id":"https:\/\/www.fileasbl.be\/membres\/eveil-creatif-et-plaisir-en-milieu-daccueil-et-si-on-osait-prendre-le-temps-et-se-faire-confiance\/#primaryimage"},"thumbnailUrl":"https:\/\/www.fileasbl.be\/membres\/wp-content\/uploads\/2023\/01\/Colloque-2023.png","datePublished":"2023-01-10T17:05:05+00:00","dateModified":"2024-08-13T14:27:33+00:00","author":{"@id":"https:\/\/www.fileasbl.be\/membres\/#\/schema\/person\/5954a0c68c3a6f92f805465caa00d25f"},"breadcrumb":{"@id":"https:\/\/www.fileasbl.be\/membres\/eveil-creatif-et-plaisir-en-milieu-daccueil-et-si-on-osait-prendre-le-temps-et-se-faire-confiance\/#breadcrumb"},"inLanguage":"fr-FR","potentialAction":[{"@type":"ReadAction","target":["https:\/\/www.fileasbl.be\/membres\/eveil-creatif-et-plaisir-en-milieu-daccueil-et-si-on-osait-prendre-le-temps-et-se-faire-confiance\/"]}]},{"@type":"ImageObject","inLanguage":"fr-FR","@id":"https:\/\/www.fileasbl.be\/membres\/eveil-creatif-et-plaisir-en-milieu-daccueil-et-si-on-osait-prendre-le-temps-et-se-faire-confiance\/#primaryimage","url":"https:\/\/www.fileasbl.be\/membres\/wp-content\/uploads\/2023\/01\/Colloque-2023.png","contentUrl":"https:\/\/www.fileasbl.be\/membres\/wp-content\/uploads\/2023\/01\/Colloque-2023.png","width":500,"height":500},{"@type":"BreadcrumbList","@id":"https:\/\/www.fileasbl.be\/membres\/eveil-creatif-et-plaisir-en-milieu-daccueil-et-si-on-osait-prendre-le-temps-et-se-faire-confiance\/#breadcrumb","itemListElement":[{"@type":"ListItem","position":1,"name":"Accueil","item":"https:\/\/www.fileasbl.be\/membres\/"},{"@type":"ListItem","position":2,"name":"Eveil cr\u00e9atif et plaisir en milieu d\u2019accueil\u00a0: et si on osait\u00a0prendre le temps et se faire confiance ?\u00a0"}]},{"@type":"WebSite","@id":"https:\/\/www.fileasbl.be\/membres\/#website","url":"https:\/\/www.fileasbl.be\/membres\/","name":"Site de la FILE","description":"FILE Un accueil de qualit\u00e9 accessible \u00e0 tous","potentialAction":[{"@type":"SearchAction","target":{"@type":"EntryPoint","urlTemplate":"https:\/\/www.fileasbl.be\/membres\/?s={search_term_string}"},"query-input":{"@type":"PropertyValueSpecification","valueRequired":true,"valueName":"search_term_string"}}],"inLanguage":"fr-FR"},{"@type":"Person","@id":"https:\/\/www.fileasbl.be\/membres\/#\/schema\/person\/5954a0c68c3a6f92f805465caa00d25f","name":"Contact FILE","url":"https:\/\/www.fileasbl.be\/membres\/author\/contactfile\/"}]}},"builder_content":"<img loading=\"lazy\" decoding=\"async\" width=\"1584\" height=\"396\" src=\"https:\/\/www.fileasbl.be\/membres\/wp-content\/uploads\/2023\/01\/Colloque-2023-1.gif\" title=\"Colloque 2023 (1)\" alt=\"Colloque 2023 (1)\">\n<p>Le 3 octobre 2023, nous vous avons accueilli \u00e0 la Marlagne \u00e0 Namur pour une journ\u00e9e de colloque sur la th\u00e9matique de l\u2019\u00e9veil cr\u00e9atif et du plaisir en milieu d\u2019accueil de la petite enfance. Vous avez \u00e9t\u00e9 plus de 375 \u00e0 participer \u00e0 cette journ\u00e9e riche en exp\u00e9riences, d\u00e9couvertes, cr\u00e9ativit\u00e9, plaisirs et \u00e9merveillements ! En effet, cette ann\u00e9e, ce n\u2019\u00e9tait pas un colloque comme les autres, vous \u00e9tiez invit\u00e9.e.s \u00e0 participer \u00e0 hauteur d\u2019enfants \u00e0 18 ateliers autour de l\u2019\u00e9veil cr\u00e9atif !<\/p> <p>\u00a0<\/p>\n\n<img loading=\"lazy\" decoding=\"async\" width=\"494\" height=\"824\" src=\"https:\/\/www.fileasbl.be\/membres\/wp-content\/uploads\/2023\/01\/Capture-decran-2023-11-14-11.44.34.png\" title=\"Capture d&#039;\u00e9cran 2023-11-14 11.44.34\" alt=\"Capture d&#039;\u00e9cran 2023-11-14 11.44.34\" srcset=\"https:\/\/www.fileasbl.be\/membres\/wp-content\/uploads\/2023\/01\/Capture-decran-2023-11-14-11.44.34.png 494w, https:\/\/www.fileasbl.be\/membres\/wp-content\/uploads\/2023\/01\/Capture-decran-2023-11-14-11.44.34-180x300.png 180w, https:\/\/www.fileasbl.be\/membres\/wp-content\/uploads\/2023\/01\/Capture-decran-2023-11-14-11.44.34-400x667.png 400w\" sizes=\"auto, (max-width: 494px) 100vw, 494px\" \/>\n<p><em>Pourquoi nous centrer sur la d\u00e9marche cr\u00e9ative ?<\/em><\/p> <p>Parce que la cr\u00e9ativit\u00e9, nous l\u2019avons tous en nous mais elle s\u2019\u00e9veille, elle s\u2019apprivoise, elle s\u2019entraine, elle s\u2019exerce ! C\u2019est ce que nous vous avons propos\u00e9 de vivre lors de cette journ\u00e9e. Parce que ce n\u2019est qu\u2019en le vivant que l'on peut ressentir ce qu\u2019une exp\u00e9rience cr\u00e9ative apporte, lib\u00e8re, renforce\u2026 et s'autoriser ensuite \u00e0 prendre le temps de proposer de telles exp\u00e9riences aux enfants, \u00e0 se faire confiance, \u00e0 leur faire confiance, \u00e0 oser, conscient.e.s que ce n\u2019est pas une petite activit\u00e9 anecdotique et sympa mais des moments fondateurs pour l\u2019enfant.<\/p> <p>\u00a0Parce que nous sommes convaincus que c\u2019est une comp\u00e9tence essentielle qui servira \u00e0 l\u2019enfant toute sa vie durant pour faire face \u00e0 la r\u00e9alit\u00e9 des choses \u2026 une r\u00e9alit\u00e9 qu\u2019on ne choisit pas : il faut \u00ab faire avec \u00bb ! mais comment \u00ab faire avec \u00bb si on n\u2019a pas l\u2019habitude de faire avec ce que l\u2019on a l\u00e0 devant soi et si on n\u2019a pas assez de confiance en soi pour se lancer, pour l\u00e2cher-prise \u2026<\/p> <p>La cr\u00e9ativit\u00e9 est au c\u0153ur \u2013 m\u00eame de la capacit\u00e9 \u00e0 avancer dans la vie et \u00e0 faire face aux difficult\u00e9s \u2026 Le r\u00f4le du professionnel.l.e sera de d\u00e9velopper et de renforcer la confiance en soi chez l\u2019enfant en lui permettant de vivre des exp\u00e9riences de d\u00e9marches cr\u00e9atives.<\/p> <p>En effet, la cr\u00e9ativit\u00e9 est utile dans la vie ; elle augmente l\u2019estime de soi, le bien-\u00eatre, la curiosit\u00e9, la connaissance de soi, le go\u00fbt d\u2019exp\u00e9rimenter, l\u2019ouverture d\u2019esprit, le l\u00e2cher-prise, l\u2019imagination, l\u2019empathie, le respect, l\u2019observation, l\u2019\u00e9merveillement, l\u2019expression de soi et de ses \u00e9motions,\u2026 La cr\u00e9ativit\u00e9 permet de prendre le temps de d\u00e9poser des v\u00e9cus, pens\u00e9es et ressentis et favorise \u00e9galement la connexion et le lien entre les enfants mais aussi entre les enfants et les adultes.\u00a0<\/p> <p>La cr\u00e9ativit\u00e9 est pour nous une capacit\u00e9, un processus et non un r\u00e9sultat. Sortons de la valorisation de la finalit\u00e9, du produit fini, focalisons-nous sur le processus, sur les \u00e9motions, sur les attitudes et sur l\u2019enfant qui est acteur dans sa cr\u00e9ation. Proposer des moments d\u2019\u00e9veil cr\u00e9atif en milieu d\u2019accueil n\u00e9cessite de prendre conscience de ce processus et de cette rencontre cr\u00e9ative avec soi-m\u00eame et avec les enfants mais aussi de prendre le temps.<\/p> <p>Alors, pour travailler l\u2019\u00e9veil cr\u00e9atif dans la confiance et le plaisir, nous avons fait appel \u00e0 des champions de la cr\u00e9ativit\u00e9, des artistes et formateurs que nous remercions vivement pour leur participation ! Ceux-ci vont ont fait bouger, danser, chanter, toucher, peindre, construire, d\u00e9construire, transformer, inventer, jouer avec la lumi\u00e8re, go\u00fbter, \u00e9couter, sentir, observer, r\u00e9cup\u00e9rer, imaginer, cr\u00e9er et prendre du plaisir pour pouvoir transmettre ces plaisirs aux enfants\u00a0!<\/p> <p>D\u00e9couvrons sans plus attendre nos diff\u00e9rents intervenant.e.s et leurs ateliers !\u00a0<\/p>\n\n<h2 style=\"text-align: center;\"><strong><a href=\"https:\/\/www.youtube.com\/watch?v=hNpi13_4ovU&amp;ab_channel=FederationdesInitiativesLocalespourl%27Enfance\">Retrouvez ici la vid\u00e9o de cet \u00e9v\u00e8nement !\u00a0<\/a><\/strong><\/h2>\n<h3>Les op\u00e9rateurs de formation, artistes et leurs ateliers :\u00a0<\/h3> <hr \/> <p>\u00a0<\/p>\n<ul><li><h4>Le Th\u00e9\u00e2tre de la Guimbarde<\/h4><p><strong>Qui sont-ils ?\u00a0<\/strong><\/p> <p>Le Th\u00e9\u00e2tre de la Guimbarde est une compagnie professionnelle de th\u00e9\u00e2tre jeune public reconnue par la FWB. Elle a initi\u00e9 en Belgique la cr\u00e9ation th\u00e9\u00e2trale \u00e0 destination des tout-petits (0-3 ans). Depuis l\u2019ann\u00e9e 2000, seize spectacles \u00e0 destination des enfants des cr\u00e8ches ont vu le jour, les derniers en dates \u00e9tant :\u00abKubik\u00bb, \u00abEtc.\u00bb, \u00abRoi d\u2019Argile\u00bb, \u00abSweet&amp;Swing\u00bb, \u00abCacheCache\u00bb, \u00abTaama\u00bb, \u00ab Canto \u00bb. La nouvelle cr\u00e9ation s\u2019intitule \u00abTi\u00e9b\u00e9l\u00e9\u00bb. Ces cr\u00e9ations sont nourries d\u2019un \u00e9change constant entre les professionnel\u00b7le\u00b7s de la petite enfance et les artistes de la compagnie. R\u00e9fl\u00e9chir ensemble \u00e0 la mani\u00e8re dont les tout-petits appr\u00e9hendent le monde et \u00e0 leur bien-\u00eatre nous am\u00e8ne \u00e0 repenser nos attitudes d\u2019adultes. Leur curiosit\u00e9 nous aide \u00e0 rester \u00e9veill\u00e9s au quotidien.<br \/>Site : laguimbarde.be<\/p> <p><strong>Leur atelier\u00a0<\/strong><\/p> <p>Gwen du Th\u00e9\u00e2tre de la Guimbarde nous a propos\u00e9 un atelier autour de la danse et du mouvement. Apprendre \u00e0 l\u00e2cher prise en musique, se mouvoir dans l'espace, jouer avec le rythme, l'environnement, son corps, les autres...\u00a0 Cet atelier ne n\u00e9cessite aucun mat\u00e9riel \u00e0 part soi-m\u00eame et de la musique !<\/p> <p><a href=\"https:\/\/www.fileasbl.be\/membres\/wp-content\/uploads\/2023\/11\/FILE-Colloque-126.jpg\"><img src=\"https:\/\/www.fileasbl.be\/membres\/wp-content\/uploads\/2023\/11\/FILE-Colloque-126-300x200.jpg\" alt=\"\" width=\"300\" height=\"200\" \/><\/a> <a href=\"https:\/\/www.fileasbl.be\/membres\/wp-content\/uploads\/2023\/11\/FILE-Colloque-143.jpg\"><img src=\"https:\/\/www.fileasbl.be\/membres\/wp-content\/uploads\/2023\/11\/FILE-Colloque-143-300x200.jpg\" alt=\"\" width=\"300\" height=\"200\" \/><\/a> <a href=\"https:\/\/www.fileasbl.be\/membres\/wp-content\/uploads\/2023\/11\/FILE-Colloque-135.jpg\"><img src=\"https:\/\/www.fileasbl.be\/membres\/wp-content\/uploads\/2023\/11\/FILE-Colloque-135-300x200.jpg\" alt=\"\" width=\"300\" height=\"200\" \/><\/a> <a href=\"https:\/\/www.fileasbl.be\/membres\/wp-content\/uploads\/2023\/11\/FILE-Colloque-123.jpg\"><img src=\"https:\/\/www.fileasbl.be\/membres\/wp-content\/uploads\/2023\/11\/FILE-Colloque-123-300x200.jpg\" alt=\"\" width=\"300\" height=\"200\" \/><\/a><\/p><\/li><\/ul>\n<ul><li><h4>FRAJE<\/h4><p><strong>Qui sont-ils ?\u00a0<\/strong><\/p> <p style=\"text-align: left;\">Le FRAJE (Centre de Formation permanente et de Recherche dans les<br \/>milieux d\u2019Accueil du Jeune Enfant) est une asbl dont la mission consiste en la formation continue des professionnel.le.s des milieux d\u2019accueil (0 \u2013 12 ans) d\u2019une part et la recherche en mati\u00e8re d\u2019enfance d\u2019autre part.<br \/>Leurs objectifs sont de favoriser la \u00ab continuit\u00e9 d\u2019\u00eatre \u00bb chez le b\u00e9b\u00e9 et<br \/>l\u2019enfant dans ses diff\u00e9rents milieux de vie ; de rendre ad\u00e9quates les pratiques professionnelles dans le respect des valeurs familiales et culturelles rencontr\u00e9es ; de rencontrer les professionnel.le.s dans leur contexte de travail, consid\u00e9rant les contraintes et opportunit\u00e9s que celui-ci offre ; de viser l\u2019excellence des comp\u00e9tences des professionnel.le.s, l\u2019exercice de leur esprit critique et l\u2019actualisation constante des connaissances concernant le d\u00e9veloppement de l\u2019enfant ; de favoriser les pratiques de bientraitance et de porter notre attention sur les processus de d\u00e9veloppement de la vie psychique, physique et sociale du b\u00e9b\u00e9 et de l\u2019enfant.<br \/>Site : fraje.be<\/p> <p><strong>Leur atelier\u00a0<\/strong><\/p> <p>L'atelier <em>\"Aller \u00e0 la rencontre d'une \u0153uvre\u00a0d'art\" <\/em>propos\u00e9 par le FRAJE a offert aux participant.e.s d'aller \u00e0 la rencontre d'objets du quotidien et de reproductions d'\u0153uvres d'art, sur carte postale. Au travers de sa propre sensibilit\u00e9 et cr\u00e9ativit\u00e9, chaque personne a \u00e9t\u00e9 invit\u00e9e, dans un premier temps, \u00e0 extraire la po\u00e9sie qui existe en chaque objet et dans un second temps, \u00e0 donner la parole \u00e0 une \u0153uvre d'art s\u00e9lectionn\u00e9e. L'atelier a \u00e9t\u00e9 cl\u00f4tur\u00e9 par un mini-mus\u00e9e \"des curiosit\u00e9s ordinaires du quotidien\".\u00a0<\/p> <p>Cet atelier \u00e9tait en continuit\u00e9 du Manifeste \"Mus\u00e9es d'art, Amis des tout-petits\" co\u00e9crit par Charlotte Fallon et Isabelle Chavepeyer et \u00e9dit\u00e9 par le FRAJE.<\/p> <p><a href=\"https:\/\/www.fileasbl.be\/membres\/wp-content\/uploads\/2023\/01\/FILE-Colloque-231.jpg\"><img src=\"https:\/\/www.fileasbl.be\/membres\/wp-content\/uploads\/2023\/01\/FILE-Colloque-231-200x300.jpg\" alt=\"\" width=\"200\" height=\"300\" \/><\/a> <a href=\"https:\/\/www.fileasbl.be\/membres\/wp-content\/uploads\/2023\/01\/FILE-Colloque-230.jpg\"><img src=\"https:\/\/www.fileasbl.be\/membres\/wp-content\/uploads\/2023\/01\/FILE-Colloque-230-300x200.jpg\" alt=\"\" width=\"300\" height=\"200\" \/><\/a> <a href=\"https:\/\/www.fileasbl.be\/membres\/wp-content\/uploads\/2023\/01\/FILE-Colloque-237.jpg\"><img src=\"https:\/\/www.fileasbl.be\/membres\/wp-content\/uploads\/2023\/01\/FILE-Colloque-237-300x200.jpg\" alt=\"\" width=\"300\" height=\"200\" \/><\/a><\/p><\/li><\/ul>\n<ul><li><h4>C-PAJE<\/h4><p><strong>Qui sont-ils ?\u00a0<\/strong><\/p> <p style=\"text-align: left;\">L\u2019ASBL C-paje, reconnue Organisation de Jeunesse par la FWB depuis<br \/>1979, propose des formations aux professionnel\u00b7le\u00b7s de l\u2019animation, de<br \/>l\u2019\u00e9ducation et de la petite enfance, porte des projets d\u2019animation avec les jeunes et multiplie les initiatives pour renforcer le r\u00e9seau au sein du secteur socioculturel. Par ces actions, le C-paje souhaite \u0153uvrer en faveur de l\u2019\u00e9mancipation culturelle des enfants et des jeunes. Sa m\u00e9thode pour atteindre ses missions s\u2019appuie sur l\u2019appropriation d\u2019outils d\u2019expression cr\u00e9ative, la diversit\u00e9 des approches p\u00e9dagogiques et la transversalit\u00e9 des publics. Nos formations 0-3 ans, ouvertes \u00e0 tout\u00b7e professionnel\u00b7le de la petite enfance, vous proposent de stimuler votre cr\u00e9ativit\u00e9 et d\u2019enrichir vos comp\u00e9tences, en offrant une m\u00e9thodologie transf\u00e9rable sur le terrain et en vous mettant en contact avec d'autres professionnel\u00b7le\u00b7s. \u00c0 partir d'ateliers et d'exp\u00e9rimentations th\u00e9matiques tels que l\u2019\u00e9veil culturel et artistique, la pratique d\u2019activit\u00e9s ou la place active de l\u2019enfant, les participant.e.s sont amen\u00e9\u00b7e\u00b7s \u00e0 \u00e9changer leurs savoirs, leurs acquis et leurs pratiques du m\u00e9tier, ainsi qu\u2019\u00e0 approfondir ou \u00e0 renouveler leurs comp\u00e9tences.<br \/>Site : www.c-paje.be<\/p> <p><strong>Leurs ateliers\u00a0<\/strong><\/p> <p>Le C-PAJE nous a propos\u00e9 3 ateliers hauts en couleurs !\u00a0<\/p> <p><strong>Un atelier \" premiers pas arts plastiques\" :<\/strong><\/p> <p>Le but de cet atelier \u00e9tait de faire red\u00e9couvrir \u00e0 l'adulte le plaisir de jouer avec les mati\u00e8res, les contrastes et faire na\u00eetre une \u00e9motion. Red\u00e9couvrir \u00e9galement le monde des couleurs et des sensations en se mettant \u00e0 hauteur d'enfants et en exp\u00e9rimentant via la peinture (entre autre sur fen\u00eatre) et le modelage.\u00a0<\/p> <p><strong>Un atelier \"\u00e9veil musical\" :<\/strong><\/p> <p>Il n\u2019est pas n\u00e9cessaire de conna\u00eetre la musique pour s\u2019enrichir et s\u2019amuser avec le tout-petit. Les participant.e.s ont \u00e9t\u00e9 amen\u00e9 \u00e0 d\u00e9couvrir une s\u00e9rie d\u2019activit\u00e9s ludiques autour de chansons, de comptines, de rythme, de rondes et de jeux de doigts et de la voix pour stimuler chez l\u2019enfant le plaisir et le jeu. Des petits instruments de musique aux plus grands, tout est \u00e0 exp\u00e9rimenter et \u00e0 d\u00e9couvrir !<\/p> <p><strong>Un atelier \"Nature, r\u00e9cup et tissage\"<\/strong><\/p> <p>Les participant.e.s ont \u00e9t\u00e9 amen\u00e9es sur base de mat\u00e9riel de r\u00e9cup\u00e9ration et sur ce qu'iels ont pu trouver dans la nature \u00e0 cr\u00e9er un tissage collectif. Coller, tisser, d\u00e9couper, cr\u00e9er et amener la nature \u00e0 l'int\u00e9rieur afin d'exp\u00e9rimenter diverses textures, senteurs, cr\u00e9ations... Cet atelier est peu co\u00fbteux, avec du mat\u00e9riel adapt\u00e9 aux tout-petits et stimule les sensations pour d\u00e9couvrir ses cinq sens.\u00a0<\/p> <p><a href=\"https:\/\/www.fileasbl.be\/membres\/wp-content\/uploads\/2023\/01\/FILE-Colloque-253.jpg\"><img src=\"https:\/\/www.fileasbl.be\/membres\/wp-content\/uploads\/2023\/01\/FILE-Colloque-253-300x200.jpg\" alt=\"\" width=\"300\" height=\"200\" \/><\/a> <a href=\"https:\/\/www.fileasbl.be\/membres\/wp-content\/uploads\/2023\/01\/FILE-Colloque-254.jpg\"><img src=\"https:\/\/www.fileasbl.be\/membres\/wp-content\/uploads\/2023\/01\/FILE-Colloque-254-300x200.jpg\" alt=\"\" width=\"300\" height=\"200\" \/><\/a> <a href=\"https:\/\/www.fileasbl.be\/membres\/wp-content\/uploads\/2023\/01\/FILE-Colloque-298.jpg\"><img src=\"https:\/\/www.fileasbl.be\/membres\/wp-content\/uploads\/2023\/01\/FILE-Colloque-298-200x300.jpg\" alt=\"\" width=\"200\" height=\"300\" \/><\/a> <a href=\"https:\/\/www.fileasbl.be\/membres\/wp-content\/uploads\/2023\/01\/FILE-Colloque-304.jpg\"><img src=\"https:\/\/www.fileasbl.be\/membres\/wp-content\/uploads\/2023\/01\/FILE-Colloque-304-300x200.jpg\" alt=\"\" width=\"300\" height=\"200\" \/><\/a><a href=\"https:\/\/www.fileasbl.be\/membres\/wp-content\/uploads\/2023\/01\/FILE-Colloque-166.jpg\"><img src=\"https:\/\/www.fileasbl.be\/membres\/wp-content\/uploads\/2023\/01\/FILE-Colloque-166-300x200.jpg\" alt=\"\" width=\"300\" height=\"200\" \/><\/a><\/p> <p>\u00a0<\/p><\/li><\/ul>\n<ul><li><h4>CEMEA<\/h4><p><strong>Qui sont-ils ?\u00a0<\/strong><\/p> <p style=\"text-align: left;\">Organisation de Jeunesse et organisme d'\u00e9ducation permanente, reconnu par la FWB, les Centres d'entra\u00eenement aux m\u00e9thodes d'\u00e9ducation active (CEMEA) sont un mouvement d'\u00e9ducation et de formation, proposant des m\u00e9thodes d'\u00e9ducation active.<br \/>Les CEM\u00c9A proposent des formations fond\u00e9es sur l\u2019appropriation active de connaissances et l\u2019exp\u00e9rimentation personnelle et fondent leurs pratiques p\u00e9dagogiques sur les principes suivants : la personne est \u00e0 consid\u00e9rer dans sa globalit\u00e9, l\u2019\u00e9ducation dans sa continuit\u00e9 ; le milieu est primordial dans le d\u00e9veloppement de l\u2019individu ; l\u2019activit\u00e9 est \u00e0 la base de l\u2019acquisition des connaissances ; la formation na\u00eet du contact \u00e9troit et permanent avec la r\u00e9alit\u00e9, de l\u2019interaction entre l\u2019expression de soi et la communication avec autrui.<br \/>Site : www.cemea.be<\/p> <p><strong>Leurs ateliers\u00a0<\/strong><\/p> <p>Les CEMEA nous a propos\u00e9 deux ateliers :<\/p> <p><strong>Un atelier \"Exp\u00e9rimentation de la terre glaise\" :<\/strong><\/p> <p>Avec une table et de la terre glaise, on peut faire beaucoup ! Les participant.e.s ont \u00e9t\u00e9 invit\u00e9es \u00e0 plonger dans l'univers de la terre glaise en exp\u00e9rimentant cette mati\u00e8re unique. Cr\u00e9ations imaginaires, textures particuli\u00e8res et diff\u00e9rents sens en \u00e9veil !<\/p> <p><strong>Un atelier \"Fresque collective, peinture avec bambou\" :<\/strong><\/p> <p>De longues affiches blanches dispos\u00e9es au mur, des pinceaux-bambou et une \u0153uvre collective : voici ce que les participant.e.s ont pu d\u00e9couvrir et exp\u00e9rimenter lors de cet atelier. Diff\u00e9rentes techniques ont \u00e9t\u00e9 propos\u00e9es et surtout beaucoup de couleurs !<\/p> <p><a href=\"https:\/\/www.fileasbl.be\/membres\/wp-content\/uploads\/2023\/01\/FILE-Colloque-299.jpg\"><img src=\"https:\/\/www.fileasbl.be\/membres\/wp-content\/uploads\/2023\/01\/FILE-Colloque-299-300x200.jpg\" alt=\"\" width=\"300\" height=\"200\" \/><\/a><a href=\"https:\/\/www.fileasbl.be\/membres\/wp-content\/uploads\/2023\/01\/FILE-Colloque-289.jpg\"><img src=\"https:\/\/www.fileasbl.be\/membres\/wp-content\/uploads\/2023\/01\/FILE-Colloque-289-300x200.jpg\" alt=\"\" width=\"300\" height=\"200\" \/><\/a> <a href=\"https:\/\/www.fileasbl.be\/membres\/wp-content\/uploads\/2023\/01\/FILE-Colloque-288.jpg\"><img src=\"https:\/\/www.fileasbl.be\/membres\/wp-content\/uploads\/2023\/01\/FILE-Colloque-288-300x200.jpg\" alt=\"\" width=\"300\" height=\"200\" \/><\/a> <a href=\"https:\/\/www.fileasbl.be\/membres\/wp-content\/uploads\/2023\/01\/FILE-Colloque-354.jpg\"><img src=\"https:\/\/www.fileasbl.be\/membres\/wp-content\/uploads\/2023\/01\/FILE-Colloque-354-300x200.jpg\" alt=\"\" width=\"300\" height=\"200\" \/><\/a> <a href=\"https:\/\/www.fileasbl.be\/membres\/wp-content\/uploads\/2023\/01\/FILE-Colloque-358.jpg\"><img src=\"https:\/\/www.fileasbl.be\/membres\/wp-content\/uploads\/2023\/01\/FILE-Colloque-358-200x300.jpg\" alt=\"\" width=\"200\" height=\"300\" \/><\/a><\/p><\/li><\/ul>\n<ul><li><h4>CARAVELLES<\/h4><p><strong>Qui sont-ils ?\u00a0<\/strong><\/p> <p style=\"text-align: left;\">Caravelles asbl est un Dispositif mobile de Soutien \u00e0 l\u2019Inclusion (DSI)<br \/>agr\u00e9\u00e9 et subsidi\u00e9 par l\u2019AVIQ, et reconnu par l\u2019ONE. Convaincu de l\u2019importance que tous les enfants puissent grandir ensemble et fr\u00e9quenter les m\u00eames milieux de vie, le dispositif Caravelles vise \u00e0 favoriser et soutenir l\u2019inclusion des enfants a besoins sp\u00e9cifiques de 0 \u00e0 12 ans dans les structures d\u2019accueil dites \u00ab ordinaires \u00bb. Caravelles est un dispositif issu d\u2019une \u00e9troite collaboration entre l\u2019AVIQ et l\u2019ONE. Notre travail est donc encadr\u00e9 et accompagn\u00e9 par ces deux structures<br \/>qui nous offrent un regard ext\u00e9rieur sur des aspects li\u00e9s \u00e0 l\u2019accueil de<br \/>l\u2019enfance, tant sur le plan psychop\u00e9dagogique que m\u00e9dical ou l\u00e9gal. Cette collaboration nous permet \u00e9galement, lors de rencontres communes, de d\u00e9velopper des connaissances et comp\u00e9tences mutuelles.<br \/>Site : www.caravelles.be<\/p> <p><strong>Leur atelier<\/strong><\/p> <p>Caravelles a propos\u00e9 un atelier unique autour de la cr\u00e9ation de conte multisensoriel. Les participant.e.s sont entr\u00e9s dans un univers f\u00e9\u00e9rique, rempli de mat\u00e9riel divers et vari\u00e9s : livres, mousses, liquides, peluches, coussins, jeux, \u00e9corces et bien d'autres encore... L'id\u00e9e \u00e9tait de raconter une histoire diff\u00e9remment en l'enrichissant de mat\u00e9riel et en venant stimuler les 5 sens.\u00a0<\/p> <p><a href=\"https:\/\/www.fileasbl.be\/membres\/wp-content\/uploads\/2023\/01\/FILE-Colloque-261.jpg\"><img src=\"https:\/\/www.fileasbl.be\/membres\/wp-content\/uploads\/2023\/01\/FILE-Colloque-261-300x200.jpg\" alt=\"\" width=\"300\" height=\"200\" \/><\/a> <a href=\"https:\/\/www.fileasbl.be\/membres\/wp-content\/uploads\/2023\/01\/FILE-Colloque-258.jpg\"><img src=\"https:\/\/www.fileasbl.be\/membres\/wp-content\/uploads\/2023\/01\/FILE-Colloque-258-300x200.jpg\" alt=\"\" width=\"300\" height=\"200\" \/><\/a> <a href=\"https:\/\/www.fileasbl.be\/membres\/wp-content\/uploads\/2023\/01\/FILE-Colloque-270.jpg\"><img src=\"https:\/\/www.fileasbl.be\/membres\/wp-content\/uploads\/2023\/01\/FILE-Colloque-270-200x300.jpg\" alt=\"\" width=\"200\" height=\"300\" \/><\/a> <a href=\"https:\/\/www.fileasbl.be\/membres\/wp-content\/uploads\/2023\/01\/FILE-Colloque-271.jpg\"><img src=\"https:\/\/www.fileasbl.be\/membres\/wp-content\/uploads\/2023\/01\/FILE-Colloque-271-300x200.jpg\" alt=\"\" width=\"300\" height=\"200\" \/><\/a> <a href=\"https:\/\/www.fileasbl.be\/membres\/wp-content\/uploads\/2023\/01\/FILE-Colloque-272.jpg\"><img src=\"https:\/\/www.fileasbl.be\/membres\/wp-content\/uploads\/2023\/01\/FILE-Colloque-272-200x300.jpg\" alt=\"\" width=\"200\" height=\"300\" \/><\/a><\/p><\/li><\/ul>\n<ul><li><h4>Compagnie La Bulle \u00e0 Sons<\/h4><p><strong>Qui sont-ils ?\u00a0<\/strong><\/p> <p>Dans nos vies de musiciens professionnels et, plus tard dans nos vies de<br \/>parents nous avons pu constater \u00e0 quel point les enfants sont sensibles \u00e0 la musique. Tr\u00e8s t\u00f4t ils ressentent dans leur corps la pulsation. Ils \u00ab chantent\u00bb leurs premiers sons bien avant de parler. Nous avons choisi d\u2019orienter nos spectacles et nos formations vers la d\u00e9couverte de ces sensations. Nous sommes persuad\u00e9s que les b\u00e9b\u00e9s sont cr\u00e9atifs par essence, \u00e0 nous de les observer et de nous reconnecter \u00e0 notre propre attitude cr\u00e9atrice pour les accompagner au mieux. Que ce soit notre sens du rythme, notre qualit\u00e9 d\u2019\u00e9coute \u00e0 nous-m\u00eame et aux autres, notre voix chant\u00e9e ou notre ouverture au r\u00e9pertoire immense de tous<br \/>les styles musicaux, toutes ces comp\u00e9tences intuitives seront explor\u00e9es par la porte de la sensation physique et du ressenti \u00e9motionnel. Le tout en pleine confiance et s\u00e9curit\u00e9\u2026osons !<br \/>Site : www.bulleasons.be<\/p> <p><strong>Leurs ateliers \"Musique et Mouvement\"<\/strong><\/p> <p>Deux ateliers ont \u00e9t\u00e9 propos\u00e9s par La Bulle \u00e0 Sons autour de l'exploration des rythmes et de la musique : Donner confiance, permettre de prendre conscience que le rythme fait partie de nos vies. En effet, la marche, les battements de notre c\u0153ur et notre respiration sont des rythmes (parmi d\u2019autres) qui font partie de notre vie quotidienne. Ecoute de soi, partage en groupe, prendre conscience de l\u2019immensit\u00e9 du r\u00e9pertoire des musiques que l\u2019on peut proposer aux enfants... Des ateliers musicaux et rythm\u00e9s originaux !<\/p> <p><a href=\"https:\/\/www.fileasbl.be\/membres\/wp-content\/uploads\/2023\/01\/FILE-Colloque-347.jpg\"><img src=\"https:\/\/www.fileasbl.be\/membres\/wp-content\/uploads\/2023\/01\/FILE-Colloque-347-300x200.jpg\" alt=\"\" width=\"300\" height=\"200\" \/><\/a> <a href=\"https:\/\/www.fileasbl.be\/membres\/wp-content\/uploads\/2023\/01\/FILE-Colloque-344.jpg\"><img src=\"https:\/\/www.fileasbl.be\/membres\/wp-content\/uploads\/2023\/01\/FILE-Colloque-344-200x300.jpg\" alt=\"\" width=\"200\" height=\"300\" \/><\/a> <a href=\"https:\/\/www.fileasbl.be\/membres\/wp-content\/uploads\/2023\/01\/FILE-Colloque-348.jpg\"><img src=\"https:\/\/www.fileasbl.be\/membres\/wp-content\/uploads\/2023\/01\/FILE-Colloque-348-200x300.jpg\" alt=\"\" width=\"200\" height=\"300\" \/><\/a> <a href=\"https:\/\/www.fileasbl.be\/membres\/wp-content\/uploads\/2023\/01\/FILE-Colloque-333.jpg\"><img src=\"https:\/\/www.fileasbl.be\/membres\/wp-content\/uploads\/2023\/01\/FILE-Colloque-333-300x200.jpg\" alt=\"\" width=\"300\" height=\"200\" \/><\/a> <a href=\"https:\/\/www.fileasbl.be\/membres\/wp-content\/uploads\/2023\/01\/FILE-Colloque-322.jpg\"><img src=\"https:\/\/www.fileasbl.be\/membres\/wp-content\/uploads\/2023\/01\/FILE-Colloque-322-200x300.jpg\" alt=\"\" width=\"200\" height=\"300\" \/><\/a> <a href=\"https:\/\/www.fileasbl.be\/membres\/wp-content\/uploads\/2023\/01\/FILE-Colloque-315.jpg\"><img src=\"https:\/\/www.fileasbl.be\/membres\/wp-content\/uploads\/2023\/01\/FILE-Colloque-315-300x200.jpg\" alt=\"\" width=\"300\" height=\"200\" \/><\/a><\/p><\/li><\/ul>\n<ul><li><h4>Ecoline et Caracole<\/h4><p><strong>Qui sont-ils ?\u00a0<\/strong><\/p> <p>Ecoline &amp; Caracole est une association cr\u00e9\u00e9e en 2007 qui poss\u00e8de diff\u00e9rents axes de travail : elle offre des animations de soutien \u00e0 la parentalit\u00e9 pour les enfants de 0 \u00e0 3 ans via la mise en place d\u2019installations artistiques itin\u00e9rantes. Elle va \u00e0 la rencontre de public fragilis\u00e9 dans les quartiers \u00e0 pr\u00e9carit\u00e9 sociale et elle propose des centres de vacances et des stages \u00e0 th\u00e8me pour les enfants \u00e0 partir de 2,5 ans. Elle met \u00e0 disposition des enfants, des espaces am\u00e9nag\u00e9s pour susciter l\u2019exp\u00e9rimentation, le jeu libre, les interactions entre pairs. Elle s\u2019appuie sur la p\u00e9dagogie du dehors, de l\u2019exp\u00e9rimentation et de l\u2019\u00e9merveillement. Elle d\u00e9veloppe un axe autour de la formation continue pour les professionnel\u00b7le\u00b7s. L\u2019\u00e9quipe de formateurs est pluridisciplinaire, elle est compos\u00e9e de psychologues, \u00e9ducateur\u00b7trice\u00b7s, enseignant\u00b7e\u00b7s, artistes, animateur\u00b7trice\u00b7s qui sont passionn\u00e9\u00b7e\u00b7s par les questions d\u2019\u00e9ducation informelle, d\u2019\u00e9veil culturel, d\u2019environnement, de nature au sein des les milieux d\u2019accueil. Elle est \u00e9galement attentive aux in\u00e9galit\u00e9s sociales via la mise en place de diff\u00e9rents projets favorisant l\u2019accessibilit\u00e9.<br \/><br \/>Site : www.ecoline-caracole-asbl.be<\/p> <p><strong>Leurs ateliers<\/strong><\/p> <p>Ecoline et Caracole ont propos\u00e9s deux ateliers singuliers :\u00a0<\/p> <p><strong>Un atelier \"F\u00e9\u00e9rie dans le bocal \"<\/strong><\/p> <p>Durant cet atelier, les participant.es sont entr\u00e9s dans un espace de d\u00e9couverte autour des jeux de lumi\u00e8res. Iels ont \u00e9t\u00e9 plong\u00e9 dans un univers fluo dans un local pouvant \u00eatre occult\u00e9 totalement. L'univers imagin\u00e9 permet d'exp\u00e9rimenter des jeux de lumi\u00e8res, de manipuler du mat\u00e9riel in\u00e9dit, de jouer \u00e0 faire semblant... Les participants ont d\u00e9couvert la f\u00e9\u00e9rie qui se d\u00e9gage d'une installation qui fait la part belle \u00e0 la lumi\u00e8re, la mise en sc\u00e8ne, le d\u00e9tournement d'objet... Chacun a pu prendre une part active pour enrichir l'installation au fur et \u00e0 mesure.<\/p> <p><strong>Un atelier \"Archi'textura\"<\/strong><\/p> <p>Les participant.e.s ont d\u00e9couvert un espace\u00a0 autour de l'architecture et des textures. Il s'agissait d'une installation pour partir \u00e0 la d\u00e9couverte du jeu libre o\u00f9 la notion d'habitat, de construction, d'architecture, mais aussi de texture ouvre les portes de l'imaginaire ! Car Habiter... une notion qui veut dire tant de choses ! Entre le dedans et le dehors, il y a cette petite parcelle de territoire qui n'appartient qu'\u00e0 ceux et celles qui y vivent... Un espace pour se retrouver, se raconter des histoires,<br \/>r\u00eaver \u00e0 l'abris des regards... Construire des maisons du bout du monde ou des tours g\u00e9antes pour rejoindre le ciel...\u00a0<\/p> <p><a href=\"https:\/\/www.fileasbl.be\/membres\/wp-content\/uploads\/2023\/01\/FILE-Colloque-188.jpg\"><img src=\"https:\/\/www.fileasbl.be\/membres\/wp-content\/uploads\/2023\/01\/FILE-Colloque-188-300x200.jpg\" alt=\"\" width=\"300\" height=\"200\" \/><\/a> <a href=\"https:\/\/www.fileasbl.be\/membres\/wp-content\/uploads\/2023\/01\/FILE-Colloque-186.jpg\"><img src=\"https:\/\/www.fileasbl.be\/membres\/wp-content\/uploads\/2023\/01\/FILE-Colloque-186-300x200.jpg\" alt=\"\" width=\"300\" height=\"200\" \/><\/a> <a href=\"https:\/\/www.fileasbl.be\/membres\/wp-content\/uploads\/2023\/01\/FILE-Colloque-198.jpg\"><img src=\"https:\/\/www.fileasbl.be\/membres\/wp-content\/uploads\/2023\/01\/FILE-Colloque-198-200x300.jpg\" alt=\"\" width=\"200\" height=\"300\" \/><\/a> <a href=\"https:\/\/www.fileasbl.be\/membres\/wp-content\/uploads\/2023\/01\/FILE-Colloque-192.jpg\"><img src=\"https:\/\/www.fileasbl.be\/membres\/wp-content\/uploads\/2023\/01\/FILE-Colloque-192-200x300.jpg\" alt=\"\" width=\"200\" height=\"300\" \/><\/a> <a href=\"https:\/\/www.fileasbl.be\/membres\/wp-content\/uploads\/2023\/01\/FILE-Colloque-195.jpg\"><img src=\"https:\/\/www.fileasbl.be\/membres\/wp-content\/uploads\/2023\/01\/FILE-Colloque-195-300x200.jpg\" alt=\"\" width=\"300\" height=\"200\" \/><\/a><\/p><\/li><\/ul>\n<ul><li><h4>LILY&COMPAGNIE \u2013 V\u00e9ronique Morel-Odjomah<\/h4><p><strong>Qui est-elle ?<\/strong><\/p> <p>Lily&amp;Compagnie est une compagnie de th\u00e9\u00e2tre jeune public professionnelle cr\u00e9\u00e9 en 2012 par V\u00e9ronique Morel-Odjomah, com\u00e9dienne et chanteuse. V\u00e9ronique con\u00e7oit des spectacles et des ateliers dont les langages artistiques privil\u00e9gi\u00e9s sont le chant, le mouvement et une esth\u00e9tique visuelle et po\u00e9tique. Chacun des spectacles donne naissance \u00e0 un personnage intemporel dont le<br \/>premier, Melle Lily, a initi\u00e9 le nom de la compagnie. Les spectacles<br \/>privil\u00e9gient la relation enfant-adulte. Le th\u00e9\u00e2tre est alors un moyen de<br \/>partager des \u00e9motions, il invite l'enfant et ses proches \u00e0 se d\u00e9couvrir et \u00e0 se rencontrer autrement. Un axe p\u00e9dagogique est d\u00e9velopp\u00e9 via des formations artistiques destin\u00e9es aux professionnel.le.s et artistes intervenants aupr\u00e8s des enfants de 0 \u00e0 6 ans. L'ouverture et la rencontre avec l'autre sont au c\u0153ur du travail de Lily&amp;Compagnie. Les spectacles et ateliers sont diffus\u00e9s dans les milieux d'accueil de la petite enfance, les \u00e9coles maternelles et les r\u00e9seaux des arts de la sc\u00e8ne.<br \/><br \/>Site : www.lilycompagnie.com<\/p> <p><strong>Son atelier \"La voix dans tous ses \u00e9tats !\"<\/strong><\/p> <p>L'atelier propos\u00e9 par V\u00e9ronique avait pour but de d\u00e9ployer et de se connecter \u00e0 son enfant int\u00e9rieur et son imaginaire par l\u2019exploration du mouvement et de la voix. Les participant.e.s ont pu saisir l\u2019importance des nuances de la voix, la prise de conscience de son volume sonore, de sa pr\u00e9sence vocale et de son impact sur son environnement. Prendre conscience de sa capacit\u00e9 \u00e0 cr\u00e9er par sa voix, son corps, exprimer ses \u00e9motions via la voix et faire des liens avec sa pratique aupr\u00e8s des enfants... Un atelier o\u00f9 douceur et rire ont cohabit\u00e9 pendant une heure autour de lectures, de chants de comptines et d'\u00e9criture... \u00a0<\/p> <p><em><u>Mat\u00e9riel<\/u><\/em><em>\u00a0<\/em>: Aucun<\/p> <p><a href=\"https:\/\/www.fileasbl.be\/membres\/wp-content\/uploads\/2023\/01\/FILE-Colloque-165.jpg\"><img src=\"https:\/\/www.fileasbl.be\/membres\/wp-content\/uploads\/2023\/01\/FILE-Colloque-165-300x200.jpg\" alt=\"\" width=\"300\" height=\"200\" \/><\/a> <a href=\"https:\/\/www.fileasbl.be\/membres\/wp-content\/uploads\/2023\/01\/FILE-Colloque-163.jpg\"><img src=\"https:\/\/www.fileasbl.be\/membres\/wp-content\/uploads\/2023\/01\/FILE-Colloque-163-300x200.jpg\" alt=\"\" width=\"300\" height=\"200\" \/><\/a><\/p><\/li><\/ul>\n<ul><li><h4>TISSEUSE D\u2019ETOILES - Kiriaki Spanoudis<\/h4><p><strong>Qui est-elle ?\u00a0<\/strong><\/p> <p>Tisseuse d\u2019Etoiles est n\u00e9e \u00e0 Bruxelles au printemps 2016, tendrement et<br \/>passionn\u00e9ment tiss\u00e9e par Kiriaki Spanoudis. Com\u00e9dienne, clowne, musicienne, chanteuse, travailleuse sociale et intervenante pour des ateliers artistiques dans les cr\u00e8ches aupr\u00e8s des b\u00e9b\u00e9s et de leurs accueillant.e.s, je m\u2019inscris dans un parcours polyvalent. D\u00e8s ma plus tendre enfance, je r\u00e9gale d\u00e9j\u00e0 les quidams dans le tram, en chantant \u00e0 tue-t\u00eate de vieilles chansons traditionnelles grecques que me chante mon grand-p\u00e8re et que je remanie \u00e0 ma sauce... Le bonheur, \u00e7a se<br \/>partage ! Quarante ans plus tard les choses n'ont pas tellement chang\u00e9...<br \/>Le travail artistique \u00e9tant pour moi une fa\u00e7on de vivre, un lieu o\u00f9 je milite en pratiquant mon m\u00e9tier comme un mode de vie, je r\u00e9alise que ce qui m'y touche, au-del\u00e0 de la dimension artistique, c'est l'aspect social, relationnel et humain\u2026 Comment fonctionnons-nous, ensemble, avec nos f\u00ealures et nos beaut\u00e9s? Au fil de ma pratique professionnelle, qu'elle soit artistique ou sociale, je per\u00e7ois que le sens et l'axe de mon travail est en r\u00e9alit\u00e9, avant tout autre chose, une qualit\u00e9 de pr\u00e9sence, un \u00e9tat d'\u00eatre en relation \u00e0 l'Autre, un coeur \u00e0 coeur(s). C\u2019est de ce cheminement qu\u2019est n\u00e9 Tisseuse d\u2019Etoiles, pour mettre le public<br \/>directement au centre de l\u2019expression artistique et en faire un partenaire de jeu et de vie \u00e0 part enti\u00e8re. Pour tisser du lien, partager de l\u2019\u00e9motion, diss\u00e9miner une joie sauvage et contagieuse ou r\u00e9pandre un torrent de larmes communes, se rassembler comme des petites loupiotes qui brillent dans la nuit, chanter, danser, partager des<br \/>histoires, (se) raconter, s'enivrer de belles \u00e2mes et se nourrir le c\u0153ur de<br \/>petits moments de bonheur, se (re)donner des forces dans la douce chaleur de l\u2019humanit\u00e9 en partage.<br \/><br \/>Site : www.tisseusedetoiles.be<\/p> <p><strong>Son atelier \"exp\u00e9rience vibratoire et \u00e9veil musical\"<\/strong><\/p> <p>Les participant.e.s de cet atelier ont pu entrer dans un univers \"cocoon\" tamis\u00e9 pour exp\u00e9rimenter une vibration commune. Les voix, les corps, les rythmes, les sons, les vibrations et les chansons nous relient de fa\u00e7on tr\u00e8s organique via un accordage du son avec le mouvement, le corps et les \u00e9motions. Cet atelier \u00e9tait une exp\u00e9rience sonore, vocale et musicale avec des instruments plus ou moins insolites ou attendus mais qui tous (certains plus que d'autres comme les koshis, le tinka tong, les bols tib\u00e9tains, le Ken, la guimbarde et bien d'autres) ont des vertus relaxantes et apaisantes. Sans oublier la voix et le c\u0153ur...<\/p> <p><em><u>Mat\u00e9riel<\/u><\/em><em>\u00a0<\/em>: Des tapis, des coussins, de la musique, des instruments de musique.<\/p> <p><a href=\"https:\/\/www.fileasbl.be\/membres\/wp-content\/uploads\/2023\/01\/FILE-Colloque-374.jpg\"><img src=\"https:\/\/www.fileasbl.be\/membres\/wp-content\/uploads\/2023\/01\/FILE-Colloque-374-200x300.jpg\" alt=\"\" width=\"200\" height=\"300\" \/><\/a> <a href=\"https:\/\/www.fileasbl.be\/membres\/wp-content\/uploads\/2023\/01\/FILE-Colloque-377.jpg\"><img src=\"https:\/\/www.fileasbl.be\/membres\/wp-content\/uploads\/2023\/01\/FILE-Colloque-377-200x300.jpg\" alt=\"\" width=\"200\" height=\"300\" \/><\/a> <a href=\"https:\/\/www.fileasbl.be\/membres\/wp-content\/uploads\/2023\/01\/FILE-Colloque-201.jpg\"><img src=\"https:\/\/www.fileasbl.be\/membres\/wp-content\/uploads\/2023\/01\/FILE-Colloque-201-300x200.jpg\" alt=\"\" width=\"300\" height=\"200\" \/><\/a> <a href=\"https:\/\/www.fileasbl.be\/membres\/wp-content\/uploads\/2023\/01\/FILE-Colloque-209.jpg\"><img src=\"https:\/\/www.fileasbl.be\/membres\/wp-content\/uploads\/2023\/01\/FILE-Colloque-209-200x300.jpg\" alt=\"\" width=\"200\" height=\"300\" \/><\/a><\/p><\/li><\/ul>\n<ul><li><h4>Nathalie Strickaert<\/h4><p><strong>Qui est-elle ?\u00a0<\/strong><\/p> <p>J\u2019ai r\u00eav\u00e9 \u00e0 mon enfance...o\u00f9 les jours \u00e9taient rythm\u00e9s par les explorations, qu\u2019enfants, nous lancions ensemble dans notre environnement proche. Nous passions nos journ\u00e9es \u00e0 l'ext\u00e9rieur, dans les jardins, les terrains vagues, friches et champs qui \u00e9taient alors si nombreux. Nous y jouions avec une tr\u00e8s grande libert\u00e9 et les \u00e9l\u00e9ments que nous glanions sur place \u2013 branches, herbes, terre, fruits\u2026<br \/>Dans mes premi\u00e8res ann\u00e9es, j'\u00e9tais entour\u00e9e de femmes fortes et douces qui savaient travailler l\u2019une la laine, l\u2019autre le coton, les v\u00e9g\u00e9taux, les plumes, la soie\u2026 souvent en groupe, et elles aussi \u00e0 l'ext\u00e9rieur.<br \/>C\u2019\u00e9taient des femmes curieuses et cr\u00e9atives, qui distribuaient leur<br \/>connaissance. Tout en travaillant, elles partageaient l\u2019espace avec les enfants dans une tr\u00e8s grande libert\u00e9, confiantes en leur capacit\u00e9 cr\u00e9ative. Eux, dans leur giron, vaquaient sereinement \u00e0 leurs occupations. Elles avaient acquis par empirisme la connaissance des richesses que pouvait leur apporter leur environnement naturel.<br \/>Elles savaient en extraire ce qui leur fallait pour combler certains de leurs besoins cela leur procurait de la fiert\u00e9 et du plaisir. J'ai appris d'elles la libert\u00e9 et la cr\u00e9ativit\u00e9...<br \/><br \/>nathaliestrickaert@gmail.com<\/p> <p><strong>Ses ateliers \"Instal'actions<\/strong><strong>\"<\/strong><\/p> <p>Nathalie nous a propos\u00e9 trois instal'actions distinctes. Chaque atelier consiste en un dispositif spatial propice \u00e0 susciter l\u2019envie d'explorer, s'\u00e9merveiller, exp\u00e9rimenter, jouer \u00e0 laisser des traces \u00e9ph\u00e9m\u00e8res, plaisir de d\u00e9couvertes par petites touches ou en grands mouvements. Il s'agit d'un processus de recherche-action o\u00f9 le seul but est de vivre un espace d\u2019exploration et de libert\u00e9. Chaque dispositif \u00ab <em>Instal-actions<\/em> \u00bb est pr\u00e9vu pour \u00eatre adapt\u00e9 \u00e0 des espaces vari\u00e9s et au mieux avec la possibilit\u00e9 d'investir le sol sur min 3m par 4m.<\/p> <p><strong>La laine\u00a0<\/strong><\/p> <p>Ce dispositif singulier par sa forme et la mati\u00e8re qui le compose permet un espace de curiosit\u00e9 et de douceur apaisant comme un cocon. La laine \u00e9tait dispos\u00e9e en grande quantit\u00e9 comme un \u00e9norme nuage que l'on peut toucher, exp\u00e9rimenter, d\u00e9former, aplatir, fractionner, plier, nouer, d\u00e9chiqueter... Les participant.e.s pouvaient \u00e9galement se blottir, se cacher, se d\u00e9poser, se coucher, s'enrouler...<\/p> <p><em><u>Mat\u00e9riel<\/u><\/em><em>\u00a0<\/em>: Un tapis, de la laine.<\/p> <p><strong>Les petits papiers<\/strong><\/p> <p>Installer un espace d\u00e9limit\u00e9 au sol par un tapis de papier noir, proposer du papier blanc en rouleaux ou en feuilles, l\u00e9g\u00e8res, translucides, opaques, granuleuses, douces ou lisses\u2026 \u00e0 d\u00e9rouler, \u00e0 triturer, \u00e0 d\u00e9chiqueter... Le papier se transforme en flocons ou en un cocon doux ou encore en matelas, en montagne\u2026 de papier douillet?<\/p> <p><em><u>Mat\u00e9riel<\/u><\/em><em>\u00a0<\/em>: rouleaux de masking-tape, diff\u00e9rentes sorte de papier en feuilles et en rouleau.\u00a0<\/p> <p><strong>Le sable<\/strong><\/p> <p>Cet atelier propose de jouer \u00e0 laisser des traces sur le sol recouvert de papier noir. Des contenants de toutes formes (bouteilles, boites\u2026), recouvert de papier jaunes, trou\u00e9es \u00e0 leur base, d\u00e9poser sur le sol de carton noir permettent de laisser \u00e9chapper le sable color\u00e9 en traces nettes, lorsqu\u2019on les soul\u00e8ve. Faire couler le sable de couleur sur la main ou les pieds, appr\u00e9cier le \u00ab\u00a0chatouillis\u00a0\u00bb que fait le sable sur sa peau\u2026Les couleurs se m\u00e9langent sur le sol ou sur les pieds, sur le corps aussi\u2026\u00a0<\/p> <p><em><u>Mat\u00e9riel<\/u><\/em> : des panneaux de carton noir, des rouleaux de masking-tape noir, des sacs de sable fin et des pots d'encre de couleur.\u00a0 \u00a0 \u00a0 \u00a0 \u00a0 \u00a0 \u00a0 \u00a0 \u00a0<\/p> <p><a href=\"https:\/\/www.fileasbl.be\/membres\/wp-content\/uploads\/2023\/01\/FILE-Colloque-250.jpg\"><img src=\"https:\/\/www.fileasbl.be\/membres\/wp-content\/uploads\/2023\/01\/FILE-Colloque-250-200x300.jpg\" alt=\"\" width=\"200\" height=\"300\" \/><\/a> <a href=\"https:\/\/www.fileasbl.be\/membres\/wp-content\/uploads\/2023\/01\/FILE-Colloque-246.jpg\"><img src=\"https:\/\/www.fileasbl.be\/membres\/wp-content\/uploads\/2023\/01\/FILE-Colloque-246-200x300.jpg\" alt=\"\" width=\"200\" height=\"300\" \/><\/a> <a href=\"https:\/\/www.fileasbl.be\/membres\/wp-content\/uploads\/2023\/01\/FILE-Colloque-244.jpg\"><img src=\"https:\/\/www.fileasbl.be\/membres\/wp-content\/uploads\/2023\/01\/FILE-Colloque-244-200x300.jpg\" alt=\"\" width=\"200\" height=\"300\" \/><\/a> <a href=\"https:\/\/www.fileasbl.be\/membres\/wp-content\/uploads\/2023\/01\/FILE-Colloque-277.jpg\"><img src=\"https:\/\/www.fileasbl.be\/membres\/wp-content\/uploads\/2023\/01\/FILE-Colloque-277-200x300.jpg\" alt=\"\" width=\"200\" height=\"300\" \/><\/a> <a href=\"https:\/\/www.fileasbl.be\/membres\/wp-content\/uploads\/2023\/01\/FILE-Colloque-279.jpg\"><img src=\"https:\/\/www.fileasbl.be\/membres\/wp-content\/uploads\/2023\/01\/FILE-Colloque-279-200x300.jpg\" alt=\"\" width=\"200\" height=\"300\" \/><\/a>\u00a0 \u00a0 \u00a0 \u00a0 \u00a0 \u00a0<\/p><\/li><\/ul>\n<ul><li><h4>Anne-Claire Van Oudenhove<\/h4><p><strong>Qui est-elle ?\u00a0<\/strong><\/p> <p>Anne-Claire Van Oudenhove est n\u00e9e en 1980.Elle est licenci\u00e9e en Langues et Litt\u00e9rature romanes, agr\u00e9g\u00e9e de l'enseignement sup\u00e9rieur et form\u00e9e en Th\u00e9\u00e2tre \u00e0 La Kleine Akademie. C'est \u00e0 l'intersection entre sa formation artistique et sa formation d'enseignante que se trouve son go\u00fbt pour la p\u00e9dagogie et l'enfance qui la conduit tr\u00e8s naturellement vers le th\u00e9\u00e2tre jeune public. Elle fonde avec ses deux complices M\u00e9lissa Leon Martin et St\u00e9phanie Mangez La Compagnie de Th\u00e9\u00e2tre La T\u00eate \u00e0 l'Envers qui verra naitre plusieurs spectacles jeune public dans lesquels elle joue, \u00e9crit et met en sc\u00e8ne ses r\u00eaves et ses id\u00e9es. Curieuse d'approfondir la cr\u00e9ation de spectacles \u00e0 destination de la petite<br \/>enfance, elle se forme avec le Th\u00e9\u00e2tre de la Guimbarde au th\u00e9\u00e2tre pour les touts petits. Cet int\u00e9r\u00eat sp\u00e9cifique d\u00e9bouche sur la mise en sc\u00e8ne de plusieurs spectacles et petites formes th\u00e9\u00e2trales ou cont\u00e9es \u00e0 destination des toutpetits et des b\u00e9b\u00e9s qu'elle tourne et pr\u00e9sente en cr\u00e8ches, en \u00e9coles et en centres culturels. Parall\u00e8lement \u00e0 la cr\u00e9ation, elle d\u00e9veloppe une activit\u00e9 de formatrice et d'accompagnatrice. Elle donne notamment des formations \u00e0 destination des enseignant.e.s et pu\u00e9riculteur.rice.s mais elle anime \u00e9galement des cours, des ateliers et des stages dans des sph\u00e8res tr\u00e8s vari\u00e9es comme les \u00e9coles, Hautes<br \/>Ecoles, les entreprises, les CEC, les compagnies de th\u00e9\u00e2tre,...etc. Enfin, elle fait de l'accompagnement de projets individuels, professionnels ou amateurs, en utilisant l'art et le th\u00e9\u00e2tre comme langage d'expression et de recherche.<br \/><br \/>www.latetealenvers.be<br \/>vanouac@hotmail.com<\/p> <p><strong>Son atelier<\/strong><\/p> <p>Anne-Claire a propos\u00e9 un atelier pratique abordant le jeu et son importance dans la relation adulte enfant et ce de mani\u00e8re appliqu\u00e9e. Il a \u00e9t\u00e9 propos\u00e9 aux participant.e.s d'exp\u00e9rimenter eux-m\u00eames le jeu a partir de leur propre imaginaire et de leur disponibilit\u00e9 au moment et ce, en utilisant des outils emprunt\u00e9s au th\u00e9\u00e2tre et \u00e0 l'improvisation th\u00e9\u00e2trale.\u00a0<\/p> <p><em><u>Mat\u00e9riel<\/u><\/em><em>\u00a0<\/em>: Aucun<\/p> <p><a href=\"https:\/\/www.fileasbl.be\/membres\/wp-content\/uploads\/2023\/01\/FILE-Colloque-169.jpg\"><img src=\"https:\/\/www.fileasbl.be\/membres\/wp-content\/uploads\/2023\/01\/FILE-Colloque-169-200x300.jpg\" alt=\"\" width=\"200\" height=\"300\" \/><\/a> <a href=\"https:\/\/www.fileasbl.be\/membres\/wp-content\/uploads\/2023\/01\/FILE-Colloque-171.jpg\"><img src=\"https:\/\/www.fileasbl.be\/membres\/wp-content\/uploads\/2023\/01\/FILE-Colloque-171-200x300.jpg\" alt=\"\" width=\"200\" height=\"300\" \/><\/a> <a href=\"https:\/\/www.fileasbl.be\/membres\/wp-content\/uploads\/2023\/01\/FILE-Colloque-172.jpg\"><img src=\"https:\/\/www.fileasbl.be\/membres\/wp-content\/uploads\/2023\/01\/FILE-Colloque-172-300x200.jpg\" alt=\"\" width=\"300\" height=\"200\" \/><\/a> <a href=\"https:\/\/www.fileasbl.be\/membres\/wp-content\/uploads\/2023\/01\/FILE-Colloque-179.jpg\"><img src=\"https:\/\/www.fileasbl.be\/membres\/wp-content\/uploads\/2023\/01\/FILE-Colloque-179-300x200.jpg\" alt=\"\" width=\"300\" height=\"200\" \/><\/a><\/p><\/li><\/ul>\n<h3><strong>Les ressources :\u00a0<\/strong><\/h3> <hr \/> <ul> <li style=\"list-style-type: none;\"><a href=\"https:\/\/www.fileasbl.be\/membres\/wp-content\/uploads\/2023\/01\/Capture-decran-2023-11-14-12.08.29.png\"><img loading=\"lazy\" decoding=\"async\" src=\"https:\/\/www.fileasbl.be\/membres\/wp-content\/uploads\/2023\/01\/Capture-decran-2023-11-14-12.08.29-209x300.png\" alt=\"\" width=\"209\" height=\"300\" srcset=\"https:\/\/www.fileasbl.be\/membres\/wp-content\/uploads\/2023\/01\/Capture-decran-2023-11-14-12.08.29-209x300.png 209w, https:\/\/www.fileasbl.be\/membres\/wp-content\/uploads\/2023\/01\/Capture-decran-2023-11-14-12.08.29-400x575.png 400w, https:\/\/www.fileasbl.be\/membres\/wp-content\/uploads\/2023\/01\/Capture-decran-2023-11-14-12.08.29.png 488w\" sizes=\"auto, (max-width: 209px) 100vw, 209px\" \/><\/a> <a href=\"https:\/\/www.fileasbl.be\/membres\/wp-content\/uploads\/2023\/01\/Capture-decran-2023-11-14-12.08.36.png\"><img loading=\"lazy\" decoding=\"async\" src=\"https:\/\/www.fileasbl.be\/membres\/wp-content\/uploads\/2023\/01\/Capture-decran-2023-11-14-12.08.36-209x300.png\" alt=\"\" width=\"209\" height=\"300\" srcset=\"https:\/\/www.fileasbl.be\/membres\/wp-content\/uploads\/2023\/01\/Capture-decran-2023-11-14-12.08.36-209x300.png 209w, https:\/\/www.fileasbl.be\/membres\/wp-content\/uploads\/2023\/01\/Capture-decran-2023-11-14-12.08.36-400x574.png 400w, https:\/\/www.fileasbl.be\/membres\/wp-content\/uploads\/2023\/01\/Capture-decran-2023-11-14-12.08.36.png 485w\" sizes=\"auto, (max-width: 209px) 100vw, 209px\" \/><\/a><\/li> <\/ul>\n<h3><strong>L'ab\u00e9c\u00e9daire\u00a0<\/strong><\/h3> <p><a href=\"https:\/\/www.fileasbl.be\/membres\/wp-content\/uploads\/2023\/01\/Capture-decran-2023-11-14-13.22.28-2.png\"><img loading=\"lazy\" decoding=\"async\" src=\"https:\/\/www.fileasbl.be\/membres\/wp-content\/uploads\/2023\/01\/Capture-decran-2023-11-14-13.22.28-2-209x300.png\" alt=\"\" width=\"209\" height=\"300\" srcset=\"https:\/\/www.fileasbl.be\/membres\/wp-content\/uploads\/2023\/01\/Capture-decran-2023-11-14-13.22.28-2-209x300.png 209w, https:\/\/www.fileasbl.be\/membres\/wp-content\/uploads\/2023\/01\/Capture-decran-2023-11-14-13.22.28-2-400x574.png 400w, https:\/\/www.fileasbl.be\/membres\/wp-content\/uploads\/2023\/01\/Capture-decran-2023-11-14-13.22.28-2.png 489w\" sizes=\"auto, (max-width: 209px) 100vw, 209px\" \/><\/a> <a href=\"https:\/\/www.fileasbl.be\/membres\/wp-content\/uploads\/2023\/01\/Capture-decran-2023-11-14-13.22.32-1.png\"><img loading=\"lazy\" decoding=\"async\" src=\"https:\/\/www.fileasbl.be\/membres\/wp-content\/uploads\/2023\/01\/Capture-decran-2023-11-14-13.22.32-1-211x300.png\" alt=\"\" width=\"211\" height=\"300\" srcset=\"https:\/\/www.fileasbl.be\/membres\/wp-content\/uploads\/2023\/01\/Capture-decran-2023-11-14-13.22.32-1-211x300.png 211w, https:\/\/www.fileasbl.be\/membres\/wp-content\/uploads\/2023\/01\/Capture-decran-2023-11-14-13.22.32-1-400x570.png 400w, https:\/\/www.fileasbl.be\/membres\/wp-content\/uploads\/2023\/01\/Capture-decran-2023-11-14-13.22.32-1.png 486w\" sizes=\"auto, (max-width: 211px) 100vw, 211px\" \/><\/a> <a href=\"https:\/\/www.fileasbl.be\/membres\/wp-content\/uploads\/2023\/01\/Capture-decran-2023-11-14-13.25.24.png\"><img loading=\"lazy\" decoding=\"async\" src=\"https:\/\/www.fileasbl.be\/membres\/wp-content\/uploads\/2023\/01\/Capture-decran-2023-11-14-13.25.24-207x300.png\" alt=\"\" width=\"207\" height=\"300\" srcset=\"https:\/\/www.fileasbl.be\/membres\/wp-content\/uploads\/2023\/01\/Capture-decran-2023-11-14-13.25.24-207x300.png 207w, https:\/\/www.fileasbl.be\/membres\/wp-content\/uploads\/2023\/01\/Capture-decran-2023-11-14-13.25.24-400x578.png 400w, https:\/\/www.fileasbl.be\/membres\/wp-content\/uploads\/2023\/01\/Capture-decran-2023-11-14-13.25.24.png 482w\" sizes=\"auto, (max-width: 207px) 100vw, 207px\" \/><\/a><\/p> <hr \/> <p>\u00a0<\/p>\n<h3><strong>Conf\u00e9rence de Charlotte Fallon<\/strong><\/h3> <p><em>Quelques id\u00e9es cl\u00e9s \u00e0 retenir de son intervention :<\/em><\/p> <hr \/> <ul> <li>Placer les enfants comme acteurs dans la cr\u00e9ation et le plaisir<\/li> <li>Sortir de la valorisation de la finalit\u00e9, du produit fini, du r\u00e9sultat pour mettre en avant les processus et les \u00e9motions v\u00e9cues. La cr\u00e9ativit\u00e9 est une capacit\u00e9, un processus et non un r\u00e9sultat. Proposer des moments d\u2019\u00e9veil cr\u00e9atif en milieu d\u2019accueil n\u00e9cessite de prendre conscience de ce processus et de cette rencontre cr\u00e9ative avec soi-m\u00eame et avec les enfants mais aussi de prendre le temps<\/li> <li>Sortir de sa zone de confort. En tant qu'adulte, nous avons tendance \u00e0 rester dans ce que nous connaissons et aimons (lecture, peinture...). Oser et avoir confiance afin de donner confiance aux enfants dans leurs capacit\u00e9s et leurs explorations<\/li> <li>Importance d\u2019un suivi et d'un accompagnement du projet pour changer les pratiques professionnelles dans la dur\u00e9e<\/li> <li>\u00ab Faire un pas \u00bb vers l\u2019\u00e9veil cr\u00e9atif, c'est d\u00e9j\u00e0 cr\u00e9er, d\u00e9couvrir et s'\u00e9merveiller<\/li> <li>Une fois que l\u2019enfant est scolaris\u00e9 il est tr\u00e8s vite \u00ab format\u00e9 \u00bb dans l\u2019artistique, importance de laisser libre cours \u00e0 la cr\u00e9ativit\u00e9 et \u00e0 l\u2019imaginaire<\/li> <li>Importance de la communication aux parents via des retours, des collaborations et de la documentation p\u00e9dagogique<\/li> <li>La cr\u00e9ativit\u00e9 est utile dans la vie, il faut donc redonner de la l\u00e9gitimit\u00e9 \u00e0 cette pratique<\/li> <li>Les professionnel.le.s de l'enfance sont comp\u00e9tentes : osez !\u00a0<\/li> <li>Le \u00ab faire faire \u00bb cr\u00e9e du lien, des \u00e9motions et fait grandir<\/li> <\/ul>\n<img loading=\"lazy\" decoding=\"async\" width=\"1920\" height=\"2560\" src=\"https:\/\/www.fileasbl.be\/membres\/wp-content\/uploads\/2023\/01\/Charlotte-Fallon-scaled.jpg\" title=\"Charlotte Fallon\" alt=\"Charlotte Fallon\" srcset=\"https:\/\/www.fileasbl.be\/membres\/wp-content\/uploads\/2023\/01\/Charlotte-Fallon-scaled.jpg 1920w, https:\/\/www.fileasbl.be\/membres\/wp-content\/uploads\/2023\/01\/Charlotte-Fallon-225x300.jpg 225w, https:\/\/www.fileasbl.be\/membres\/wp-content\/uploads\/2023\/01\/Charlotte-Fallon-768x1024.jpg 768w, https:\/\/www.fileasbl.be\/membres\/wp-content\/uploads\/2023\/01\/Charlotte-Fallon-1152x1536.jpg 1152w, https:\/\/www.fileasbl.be\/membres\/wp-content\/uploads\/2023\/01\/Charlotte-Fallon-1536x2048.jpg 1536w, https:\/\/www.fileasbl.be\/membres\/wp-content\/uploads\/2023\/01\/Charlotte-Fallon-400x533.jpg 400w\" sizes=\"auto, (max-width: 1920px) 100vw, 1920px\" \/>\n<p>En 2000, j\u2019ai initi\u00e9\u00a0 le mouvement de \u00ab\u00a0l\u2019art et les b\u00e9b\u00e9s\u00a0\u00bb en Belgique francophone en cr\u00e9ant un spectacle pour les tout petits d\u00e9s 3 mois\u00a0 avec le Th\u00e9\u00e2tre de la Guimbarde<\/p> <p>En 2001, la Guimbarde a organis\u00e9 un festival \u00e0 Charleroi pour faire conna\u00eetre et r\u00e9fl\u00e9chir au sens de cette d\u00e9marche avec les adultes proches des tout petits\u00a0: les professionnel(le)s de la petite enfance, les \u00e9coles de pu\u00e9ricultures, les parents.<\/p> <p>J\u2019ai particip\u00e9 \u00e0 la cr\u00e9ation du projet europ\u00e9en Small Size qui a rassembl\u00e9 une quinzaine de pays.<\/p> <p>J\u2019ai cr\u00e9\u00e9 de nombreux spectacles au sein de la Guimbarde et d\u2019autres compagnies belges et \u00e9trang\u00e8res, anim\u00e9 des formations et donn\u00e9 des conf\u00e9rences dans ces lieux pour les professionnelles de la petite enfance et les artistes.<\/p> <p>J\u2019ai \u00e9t\u00e9 \u00e0 la\u00a0 rencontres de mus\u00e9es pour r\u00e9fl\u00e9chir \u00e0 l\u2019accueil des tout petits et\u00a0 particip\u00e9 \u00e0 la l\u2019\u00e9criture de deux livres\u00a0: \u00ab\u00a0Mus\u00e9es d\u2019art Amis des tout petits\u00a0\u00bb et \u00ab\u00a0Pour toi promenades\u00a0\u00bb avec Isabelle Chavepeyer \u00e9dit\u00e9s par le FRAJE (Centre de Formation permanente et de Recherche dans les milieux d\u2019accueil du jeune Enfant)<\/p> <p>\u00ab\u00a0Il n\u2019y a pas d\u2019\u00e2ge pour m\u00e9riter la culture\u00a0\u00bb, cette phrase r\u00e9sume ma philosophie de travail<\/p>\n<h3>A vous !<\/h3> <p>N'h\u00e9sitez pas \u00e0 nous envoyer (contact@fileasbl.be) des photos de vos ateliers ou exp\u00e9rimentations r\u00e9alis\u00e9es dans votre milieu d'accueil suite \u00e0 cette journ\u00e9e de colloque. Nous esp\u00e9rons que cette journ\u00e9e a pu semer des petites graines et vous donner confiance dans vos capacit\u00e9s \u00e0 accompagner les enfants dans leur cr\u00e9ativit\u00e9 !\u00a0<\/p> <p>\u00a0<\/p>\n<h2 style=\"text-align: center;\">Contact \u00e0 la FILE<\/h2> <p>Laur\u00e8ne Trevisan - Conseill\u00e8re p\u00e9dagogique<\/p> <p>contact(at)fileasbl.be - +32 10 22 52 02<\/p>","_links":{"self":[{"href":"https:\/\/www.fileasbl.be\/membres\/wp-json\/wp\/v2\/posts\/30312","targetHints":{"allow":["GET"]}}],"collection":[{"href":"https:\/\/www.fileasbl.be\/membres\/wp-json\/wp\/v2\/posts"}],"about":[{"href":"https:\/\/www.fileasbl.be\/membres\/wp-json\/wp\/v2\/types\/post"}],"author":[{"embeddable":true,"href":"https:\/\/www.fileasbl.be\/membres\/wp-json\/wp\/v2\/users\/2"}],"replies":[{"embeddable":true,"href":"https:\/\/www.fileasbl.be\/membres\/wp-json\/wp\/v2\/comments?post=30312"}],"version-history":[{"count":0,"href":"https:\/\/www.fileasbl.be\/membres\/wp-json\/wp\/v2\/posts\/30312\/revisions"}],"wp:featuredmedia":[{"embeddable":true,"href":"https:\/\/www.fileasbl.be\/membres\/wp-json\/wp\/v2\/media\/30328"}],"wp:attachment":[{"href":"https:\/\/www.fileasbl.be\/membres\/wp-json\/wp\/v2\/media?parent=30312"}],"wp:term":[{"taxonomy":"category","embeddable":true,"href":"https:\/\/www.fileasbl.be\/membres\/wp-json\/wp\/v2\/categories?post=30312"},{"taxonomy":"post_tag","embeddable":true,"href":"https:\/\/www.fileasbl.be\/membres\/wp-json\/wp\/v2\/tags?post=30312"}],"curies":[{"name":"wp","href":"https:\/\/api.w.org\/{rel}","templated":true}]}}