{"id":30667,"date":"2023-04-28T11:08:43","date_gmt":"2023-04-28T10:08:43","guid":{"rendered":"https:\/\/www.fileasbl.be\/membres\/?p=30667"},"modified":"2025-09-02T12:30:45","modified_gmt":"2025-09-02T11:30:45","slug":"26-avril-2023-mobilisation-du-secteur-de-lenfance-petite-enfance-et-atl","status":"publish","type":"post","link":"https:\/\/www.fileasbl.be\/membres\/26-avril-2023-mobilisation-du-secteur-de-lenfance-petite-enfance-et-atl\/","title":{"rendered":"26 avril 2023 : Mobilisation du secteur de l\u2019enfance (petite enfance et ATL)"},"content":{"rendered":"<!--themify_builder_content-->\n<div id=\"themify_builder_content-30667\" data-postid=\"30667\" class=\"themify_builder_content themify_builder_content-30667 themify_builder tf_clear\">\n    \t<!-- module_row -->\n\t<div  data-lazy=\"1\" class=\"module_row themify_builder_row tb_z66051 tb_first tf_clearfix\">\n\t    \t\t<div class=\"row_inner col_align_top col-count-1 tf_box tf_w tf_rel\">\n\t\t\t<div  data-lazy=\"1\" class=\"module_column tb-column col-full first tb_3on551 tf_box\">\n\t\t\t    \t        <div class=\"tb-column-inner tf_box tf_w\">\n\t\t    <!-- module image -->\n<div  class=\"module module-image tb_2vcd700   image-top tf_mw\" data-lazy=\"1\">\n        <div class=\"image-wrap tf_rel tf_mw\">\n\t\t    <img loading=\"lazy\" decoding=\"async\" width=\"6912\" height=\"3456\" src=\"https:\/\/www.fileasbl.be\/membres\/wp-content\/uploads\/2023\/04\/Grevemobilisation.png\" class=\"wp-post-image wp-image-30670\" title=\"Gr\u00e8vemobilisation\" alt=\"Gr\u00e8vemobilisation\" srcset=\"https:\/\/www.fileasbl.be\/membres\/wp-content\/uploads\/2023\/04\/Grevemobilisation.png 6912w, https:\/\/www.fileasbl.be\/membres\/wp-content\/uploads\/2023\/04\/Grevemobilisation-300x150.png 300w, https:\/\/www.fileasbl.be\/membres\/wp-content\/uploads\/2023\/04\/Grevemobilisation-1024x512.png 1024w, https:\/\/www.fileasbl.be\/membres\/wp-content\/uploads\/2023\/04\/Grevemobilisation-768x384.png 768w, https:\/\/www.fileasbl.be\/membres\/wp-content\/uploads\/2023\/04\/Grevemobilisation-1536x768.png 1536w, https:\/\/www.fileasbl.be\/membres\/wp-content\/uploads\/2023\/04\/Grevemobilisation-2048x1024.png 2048w, https:\/\/www.fileasbl.be\/membres\/wp-content\/uploads\/2023\/04\/Grevemobilisation-400x200.png 400w\" sizes=\"auto, (max-width: 6912px) 100vw, 6912px\" \/>\t\n\t\t<\/div>\n\t<!-- \/image-wrap -->\n    \n    \t<\/div>\n<!-- \/module image --><!-- module divider -->\n<div  class=\"module tf_mw module-divider tb_rcqq139 solid   \" style=\"border-width: 1px;border-color: #ffffff;margin-top: 30px;margin-bottom: 30px;\" data-lazy=\"1\">\n    <\/div>\n<!-- \/module divider -->\n<!-- module text -->\n<div  class=\"module module-text tb_hkfw985   \" data-lazy=\"1\">\n        <div  class=\"tb_text_wrap\">\n    <p>Vous \u00e9tiez nombreux \u00e0 soutenir hier la mobilisation du secteur de l\u2019enfance (petite enfance et ATL) et \u00e0 r\u00e9clamer une politique ambitieuse pour tout le secteur\u00a0!<\/p>\n<p>Les recommandations \u00e9taient port\u00e9es par l\u2019ensemble des partenaires :<\/p>\n<ul>\n<li><a href=\"https:\/\/mcusercontent.com\/6ee8fd8d279afe53981b72411\/files\/322a1b12-392d-d883-42d6-2f0b912928bc\/230420_CB_R%C3%A9formeATL_VF.pdf\">Carte blanche ATL<\/a><\/li>\n<li><a href=\"https:\/\/www.fileasbl.be\/membres\/wp-content\/uploads\/2023\/04\/230426_fondamentauxEnfance.docx\">Fondamentaux r\u00e9affirm\u00e9s par les partenaires sociaux<\/a><\/li>\n<li><a href=\"https:\/\/mcusercontent.com\/6ee8fd8d279afe53981b72411\/files\/d5a3be9d-c7bb-9610-a705-2b17d79b412b\/Interpellation_FWB_accueil_enfance.pdf\">Lettre aux parlementaires de la FWB<\/a><\/li>\n<\/ul>\n<p>La FILE a fait partie de la d\u00e9l\u00e9gation qui a rencontr\u00e9 notre Ministre. \u00c0 l\u2019occasion de cette rencontre, nous avons pu r\u00e9affirmer les valeurs port\u00e9es par le secteur et le projet de soci\u00e9t\u00e9 que nous d\u00e9fendons, centr\u00e9 sur les enfants, leur droit d\u2019avoir une place d\u2019accueil de qualit\u00e9, accessible, et d\u2019\u00eatre accueillis par des professionnel.le.s qualifi\u00e9.e.s, disposant de temps r\u00e9flexifs (formations continues, temps de r\u00e9unions), en suffisance, et b\u00e9n\u00e9ficiant de conditions de travail d\u00e9centes.<\/p>\n<p>La Ministre a affirm\u00e9 son adh\u00e9sion au projet que nous d\u00e9fendons et s\u2019est engag\u00e9e\u00a0:<\/p>\n<ul>\n<li>Pour la r\u00e9forme ATL\u00a0: \u00e0 ne pas d\u00e9poser le projet de d\u00e9cret r\u00e9dig\u00e9 par son Cabinet au Gouvernement. Le Cabinet demande au secteur de revenir avec des propositions.<\/li>\n<li>Pour la r\u00e9forme MILAC, la p\u00e9nurie de personnel et de places d\u2019accueil\u00a0: \u00e0 rouvrir les discussions avec les partenaires sociaux et \u00e0 proposer des am\u00e9nagements l\u00e9gislatifs afin de d\u00e9gager des moyens pour les accueillant.e.s \u00e0 domicile (augmentation des 10% de frais de fonctionnement) et les milieux d\u2019accueil subventionn\u00e9s (augmentation du seuil de la p\u00e9r\u00e9quation). Une concertation sera pr\u00e9vue prochainement.<\/li>\n<\/ul>\n<p>Nous continuons de nous mobiliser \u00e0 tous les niveaux afin que l\u2019enfance soit la priorit\u00e9 des diff\u00e9rents Gouvernements.<\/p>    <\/div>\n<\/div>\n<!-- \/module text -->\t        <\/div>\n\t    \t<\/div>\n\t\t    <\/div>\n\t    <!-- \/row_inner -->\n\t<\/div>\n\t<!-- \/module_row -->\n\t<\/div>\n<!--\/themify_builder_content-->","protected":false},"excerpt":{"rendered":"<p>Vous \u00e9tiez nombreux \u00e0 soutenir hier la mobilisation du secteur de l\u2019enfance (petite enfance et ATL) et \u00e0 r\u00e9clamer une politique ambitieuse pour tout le secteur\u00a0! Les recommandations \u00e9taient port\u00e9es par l\u2019ensemble des partenaires : Carte blanche ATL Fondamentaux r\u00e9affirm\u00e9s par les partenaires sociaux Lettre aux parlementaires de la FWB La FILE a fait partie [&hellip;]<\/p>\n","protected":false},"author":2,"featured_media":30677,"comment_status":"open","ping_status":"open","sticky":false,"template":"","format":"standard","meta":{"footnotes":""},"categories":[322,217,248,323,319,218,246,301,321,303,302,216,9],"tags":[],"class_list":["post-30667","post","type-post","status-publish","format-standard","has-post-thumbnail","hentry","category-accueil-extrascolaire","category-actu-statut-accueillantes","category-atl","category-centres-de-vacances","category-ecole-devoirs","category-formations-statut-accueillantes","category-milac","category-notes-politiques","category-publication","category-reforme-atl","category-reforme-milac","category-ressources-statut-accueillantes","category-statut-des-accueillantes","has-post-title","has-post-date","has-post-category","has-post-tag","has-post-comment","has-post-author",""],"yoast_head":"<!-- This site is optimized with the Yoast SEO plugin v27.5 - https:\/\/yoast.com\/product\/yoast-seo-wordpress\/ -->\n<title>26 avril 2023 : Mobilisation du secteur de l\u2019enfance (petite enfance et ATL) - Site de la FILE<\/title>\n<meta name=\"robots\" content=\"index, follow, max-snippet:-1, max-image-preview:large, max-video-preview:-1\" \/>\n<link rel=\"canonical\" href=\"https:\/\/www.fileasbl.be\/membres\/26-avril-2023-mobilisation-du-secteur-de-lenfance-petite-enfance-et-atl\/\" \/>\n<meta property=\"og:locale\" content=\"fr_FR\" \/>\n<meta property=\"og:type\" content=\"article\" \/>\n<meta property=\"og:title\" content=\"26 avril 2023 : Mobilisation du secteur de l\u2019enfance (petite enfance et ATL) - Site de la FILE\" \/>\n<meta property=\"og:description\" content=\"Vous \u00e9tiez nombreux \u00e0 soutenir hier la mobilisation du secteur de l\u2019enfance (petite enfance et ATL) et \u00e0 r\u00e9clamer une politique ambitieuse pour tout le secteur\u00a0! Les recommandations \u00e9taient port\u00e9es par l\u2019ensemble des partenaires : Carte blanche ATL Fondamentaux r\u00e9affirm\u00e9s par les partenaires sociaux Lettre aux parlementaires de la FWB La FILE a fait partie [&hellip;]\" \/>\n<meta property=\"og:url\" content=\"https:\/\/www.fileasbl.be\/membres\/26-avril-2023-mobilisation-du-secteur-de-lenfance-petite-enfance-et-atl\/\" \/>\n<meta property=\"og:site_name\" content=\"Site de la FILE\" \/>\n<meta property=\"article:publisher\" content=\"https:\/\/www.facebook.com\/fileasbl\/\" \/>\n<meta property=\"article:published_time\" content=\"2023-04-28T10:08:43+00:00\" \/>\n<meta property=\"article:modified_time\" content=\"2025-09-02T11:30:45+00:00\" \/>\n<meta property=\"og:image\" content=\"https:\/\/www.fileasbl.be\/membres\/wp-content\/uploads\/2023\/04\/GreveMobilisation-2.png\" \/>\n\t<meta property=\"og:image:width\" content=\"500\" \/>\n\t<meta property=\"og:image:height\" content=\"500\" \/>\n\t<meta property=\"og:image:type\" content=\"image\/png\" \/>\n<meta name=\"author\" content=\"Contact FILE\" \/>\n<meta name=\"twitter:card\" content=\"summary_large_image\" \/>\n<meta name=\"twitter:label1\" content=\"\u00c9crit par\" \/>\n\t<meta name=\"twitter:data1\" content=\"Contact FILE\" \/>\n<script type=\"application\/ld+json\" class=\"yoast-schema-graph\">{\"@context\":\"https:\\\/\\\/schema.org\",\"@graph\":[{\"@type\":\"Article\",\"@id\":\"https:\\\/\\\/www.fileasbl.be\\\/membres\\\/26-avril-2023-mobilisation-du-secteur-de-lenfance-petite-enfance-et-atl\\\/#article\",\"isPartOf\":{\"@id\":\"https:\\\/\\\/www.fileasbl.be\\\/membres\\\/26-avril-2023-mobilisation-du-secteur-de-lenfance-petite-enfance-et-atl\\\/\"},\"author\":{\"name\":\"Contact FILE\",\"@id\":\"https:\\\/\\\/www.fileasbl.be\\\/membres\\\/#\\\/schema\\\/person\\\/5954a0c68c3a6f92f805465caa00d25f\"},\"headline\":\"26 avril 2023 : Mobilisation du secteur de l\u2019enfance (petite enfance et ATL)\",\"datePublished\":\"2023-04-28T10:08:43+00:00\",\"dateModified\":\"2025-09-02T11:30:45+00:00\",\"mainEntityOfPage\":{\"@id\":\"https:\\\/\\\/www.fileasbl.be\\\/membres\\\/26-avril-2023-mobilisation-du-secteur-de-lenfance-petite-enfance-et-atl\\\/\"},\"wordCount\":292,\"commentCount\":0,\"image\":{\"@id\":\"https:\\\/\\\/www.fileasbl.be\\\/membres\\\/26-avril-2023-mobilisation-du-secteur-de-lenfance-petite-enfance-et-atl\\\/#primaryimage\"},\"thumbnailUrl\":\"https:\\\/\\\/www.fileasbl.be\\\/membres\\\/wp-content\\\/uploads\\\/2023\\\/04\\\/GreveMobilisation-2.png\",\"articleSection\":[\"Accueil extrascolaire\",\"Actu statut accueillantes\",\"ATL\",\"Centres de vacances\",\"Ecole devoirs\",\"Formations statut accueillantes\",\"Milieu d'accueil 0-3 ans\",\"Notes politiques\",\"Publications\",\"R\u00e9forme ATL\",\"R\u00e9forme MILAC\",\"Ressources statut accueillantes\",\"Statut des accueillantes\"],\"inLanguage\":\"fr-FR\",\"potentialAction\":[{\"@type\":\"CommentAction\",\"name\":\"Comment\",\"target\":[\"https:\\\/\\\/www.fileasbl.be\\\/membres\\\/26-avril-2023-mobilisation-du-secteur-de-lenfance-petite-enfance-et-atl\\\/#respond\"]}]},{\"@type\":\"WebPage\",\"@id\":\"https:\\\/\\\/www.fileasbl.be\\\/membres\\\/26-avril-2023-mobilisation-du-secteur-de-lenfance-petite-enfance-et-atl\\\/\",\"url\":\"https:\\\/\\\/www.fileasbl.be\\\/membres\\\/26-avril-2023-mobilisation-du-secteur-de-lenfance-petite-enfance-et-atl\\\/\",\"name\":\"26 avril 2023 : Mobilisation du secteur de l\u2019enfance (petite enfance et ATL) - Site de la FILE\",\"isPartOf\":{\"@id\":\"https:\\\/\\\/www.fileasbl.be\\\/membres\\\/#website\"},\"primaryImageOfPage\":{\"@id\":\"https:\\\/\\\/www.fileasbl.be\\\/membres\\\/26-avril-2023-mobilisation-du-secteur-de-lenfance-petite-enfance-et-atl\\\/#primaryimage\"},\"image\":{\"@id\":\"https:\\\/\\\/www.fileasbl.be\\\/membres\\\/26-avril-2023-mobilisation-du-secteur-de-lenfance-petite-enfance-et-atl\\\/#primaryimage\"},\"thumbnailUrl\":\"https:\\\/\\\/www.fileasbl.be\\\/membres\\\/wp-content\\\/uploads\\\/2023\\\/04\\\/GreveMobilisation-2.png\",\"datePublished\":\"2023-04-28T10:08:43+00:00\",\"dateModified\":\"2025-09-02T11:30:45+00:00\",\"author\":{\"@id\":\"https:\\\/\\\/www.fileasbl.be\\\/membres\\\/#\\\/schema\\\/person\\\/5954a0c68c3a6f92f805465caa00d25f\"},\"breadcrumb\":{\"@id\":\"https:\\\/\\\/www.fileasbl.be\\\/membres\\\/26-avril-2023-mobilisation-du-secteur-de-lenfance-petite-enfance-et-atl\\\/#breadcrumb\"},\"inLanguage\":\"fr-FR\",\"potentialAction\":[{\"@type\":\"ReadAction\",\"target\":[\"https:\\\/\\\/www.fileasbl.be\\\/membres\\\/26-avril-2023-mobilisation-du-secteur-de-lenfance-petite-enfance-et-atl\\\/\"]}]},{\"@type\":\"ImageObject\",\"inLanguage\":\"fr-FR\",\"@id\":\"https:\\\/\\\/www.fileasbl.be\\\/membres\\\/26-avril-2023-mobilisation-du-secteur-de-lenfance-petite-enfance-et-atl\\\/#primaryimage\",\"url\":\"https:\\\/\\\/www.fileasbl.be\\\/membres\\\/wp-content\\\/uploads\\\/2023\\\/04\\\/GreveMobilisation-2.png\",\"contentUrl\":\"https:\\\/\\\/www.fileasbl.be\\\/membres\\\/wp-content\\\/uploads\\\/2023\\\/04\\\/GreveMobilisation-2.png\",\"width\":500,\"height\":500},{\"@type\":\"BreadcrumbList\",\"@id\":\"https:\\\/\\\/www.fileasbl.be\\\/membres\\\/26-avril-2023-mobilisation-du-secteur-de-lenfance-petite-enfance-et-atl\\\/#breadcrumb\",\"itemListElement\":[{\"@type\":\"ListItem\",\"position\":1,\"name\":\"Accueil\",\"item\":\"https:\\\/\\\/www.fileasbl.be\\\/membres\\\/\"},{\"@type\":\"ListItem\",\"position\":2,\"name\":\"26 avril 2023 : Mobilisation du secteur de l\u2019enfance (petite enfance et ATL)\"}]},{\"@type\":\"WebSite\",\"@id\":\"https:\\\/\\\/www.fileasbl.be\\\/membres\\\/#website\",\"url\":\"https:\\\/\\\/www.fileasbl.be\\\/membres\\\/\",\"name\":\"Site de la FILE\",\"description\":\"FILE Un accueil de qualit\u00e9 accessible \u00e0 tous\",\"potentialAction\":[{\"@type\":\"SearchAction\",\"target\":{\"@type\":\"EntryPoint\",\"urlTemplate\":\"https:\\\/\\\/www.fileasbl.be\\\/membres\\\/?s={search_term_string}\"},\"query-input\":{\"@type\":\"PropertyValueSpecification\",\"valueRequired\":true,\"valueName\":\"search_term_string\"}}],\"inLanguage\":\"fr-FR\"},{\"@type\":\"Person\",\"@id\":\"https:\\\/\\\/www.fileasbl.be\\\/membres\\\/#\\\/schema\\\/person\\\/5954a0c68c3a6f92f805465caa00d25f\",\"name\":\"Contact FILE\",\"url\":\"https:\\\/\\\/www.fileasbl.be\\\/membres\\\/author\\\/contactfile\\\/\"}]}<\/script>\n<!-- \/ Yoast SEO plugin. -->","yoast_head_json":{"title":"26 avril 2023 : Mobilisation du secteur de l\u2019enfance (petite enfance et ATL) - Site de la FILE","robots":{"index":"index","follow":"follow","max-snippet":"max-snippet:-1","max-image-preview":"max-image-preview:large","max-video-preview":"max-video-preview:-1"},"canonical":"https:\/\/www.fileasbl.be\/membres\/26-avril-2023-mobilisation-du-secteur-de-lenfance-petite-enfance-et-atl\/","og_locale":"fr_FR","og_type":"article","og_title":"26 avril 2023 : Mobilisation du secteur de l\u2019enfance (petite enfance et ATL) - Site de la FILE","og_description":"Vous \u00e9tiez nombreux \u00e0 soutenir hier la mobilisation du secteur de l\u2019enfance (petite enfance et ATL) et \u00e0 r\u00e9clamer une politique ambitieuse pour tout le secteur\u00a0! Les recommandations \u00e9taient port\u00e9es par l\u2019ensemble des partenaires : Carte blanche ATL Fondamentaux r\u00e9affirm\u00e9s par les partenaires sociaux Lettre aux parlementaires de la FWB La FILE a fait partie [&hellip;]","og_url":"https:\/\/www.fileasbl.be\/membres\/26-avril-2023-mobilisation-du-secteur-de-lenfance-petite-enfance-et-atl\/","og_site_name":"Site de la FILE","article_publisher":"https:\/\/www.facebook.com\/fileasbl\/","article_published_time":"2023-04-28T10:08:43+00:00","article_modified_time":"2025-09-02T11:30:45+00:00","og_image":[{"width":500,"height":500,"url":"https:\/\/www.fileasbl.be\/membres\/wp-content\/uploads\/2023\/04\/GreveMobilisation-2.png","type":"image\/png"}],"author":"Contact FILE","twitter_card":"summary_large_image","twitter_misc":{"\u00c9crit par":"Contact FILE"},"schema":{"@context":"https:\/\/schema.org","@graph":[{"@type":"Article","@id":"https:\/\/www.fileasbl.be\/membres\/26-avril-2023-mobilisation-du-secteur-de-lenfance-petite-enfance-et-atl\/#article","isPartOf":{"@id":"https:\/\/www.fileasbl.be\/membres\/26-avril-2023-mobilisation-du-secteur-de-lenfance-petite-enfance-et-atl\/"},"author":{"name":"Contact FILE","@id":"https:\/\/www.fileasbl.be\/membres\/#\/schema\/person\/5954a0c68c3a6f92f805465caa00d25f"},"headline":"26 avril 2023 : Mobilisation du secteur de l\u2019enfance (petite enfance et ATL)","datePublished":"2023-04-28T10:08:43+00:00","dateModified":"2025-09-02T11:30:45+00:00","mainEntityOfPage":{"@id":"https:\/\/www.fileasbl.be\/membres\/26-avril-2023-mobilisation-du-secteur-de-lenfance-petite-enfance-et-atl\/"},"wordCount":292,"commentCount":0,"image":{"@id":"https:\/\/www.fileasbl.be\/membres\/26-avril-2023-mobilisation-du-secteur-de-lenfance-petite-enfance-et-atl\/#primaryimage"},"thumbnailUrl":"https:\/\/www.fileasbl.be\/membres\/wp-content\/uploads\/2023\/04\/GreveMobilisation-2.png","articleSection":["Accueil extrascolaire","Actu statut accueillantes","ATL","Centres de vacances","Ecole devoirs","Formations statut accueillantes","Milieu d'accueil 0-3 ans","Notes politiques","Publications","R\u00e9forme ATL","R\u00e9forme MILAC","Ressources statut accueillantes","Statut des accueillantes"],"inLanguage":"fr-FR","potentialAction":[{"@type":"CommentAction","name":"Comment","target":["https:\/\/www.fileasbl.be\/membres\/26-avril-2023-mobilisation-du-secteur-de-lenfance-petite-enfance-et-atl\/#respond"]}]},{"@type":"WebPage","@id":"https:\/\/www.fileasbl.be\/membres\/26-avril-2023-mobilisation-du-secteur-de-lenfance-petite-enfance-et-atl\/","url":"https:\/\/www.fileasbl.be\/membres\/26-avril-2023-mobilisation-du-secteur-de-lenfance-petite-enfance-et-atl\/","name":"26 avril 2023 : Mobilisation du secteur de l\u2019enfance (petite enfance et ATL) - Site de la FILE","isPartOf":{"@id":"https:\/\/www.fileasbl.be\/membres\/#website"},"primaryImageOfPage":{"@id":"https:\/\/www.fileasbl.be\/membres\/26-avril-2023-mobilisation-du-secteur-de-lenfance-petite-enfance-et-atl\/#primaryimage"},"image":{"@id":"https:\/\/www.fileasbl.be\/membres\/26-avril-2023-mobilisation-du-secteur-de-lenfance-petite-enfance-et-atl\/#primaryimage"},"thumbnailUrl":"https:\/\/www.fileasbl.be\/membres\/wp-content\/uploads\/2023\/04\/GreveMobilisation-2.png","datePublished":"2023-04-28T10:08:43+00:00","dateModified":"2025-09-02T11:30:45+00:00","author":{"@id":"https:\/\/www.fileasbl.be\/membres\/#\/schema\/person\/5954a0c68c3a6f92f805465caa00d25f"},"breadcrumb":{"@id":"https:\/\/www.fileasbl.be\/membres\/26-avril-2023-mobilisation-du-secteur-de-lenfance-petite-enfance-et-atl\/#breadcrumb"},"inLanguage":"fr-FR","potentialAction":[{"@type":"ReadAction","target":["https:\/\/www.fileasbl.be\/membres\/26-avril-2023-mobilisation-du-secteur-de-lenfance-petite-enfance-et-atl\/"]}]},{"@type":"ImageObject","inLanguage":"fr-FR","@id":"https:\/\/www.fileasbl.be\/membres\/26-avril-2023-mobilisation-du-secteur-de-lenfance-petite-enfance-et-atl\/#primaryimage","url":"https:\/\/www.fileasbl.be\/membres\/wp-content\/uploads\/2023\/04\/GreveMobilisation-2.png","contentUrl":"https:\/\/www.fileasbl.be\/membres\/wp-content\/uploads\/2023\/04\/GreveMobilisation-2.png","width":500,"height":500},{"@type":"BreadcrumbList","@id":"https:\/\/www.fileasbl.be\/membres\/26-avril-2023-mobilisation-du-secteur-de-lenfance-petite-enfance-et-atl\/#breadcrumb","itemListElement":[{"@type":"ListItem","position":1,"name":"Accueil","item":"https:\/\/www.fileasbl.be\/membres\/"},{"@type":"ListItem","position":2,"name":"26 avril 2023 : Mobilisation du secteur de l\u2019enfance (petite enfance et ATL)"}]},{"@type":"WebSite","@id":"https:\/\/www.fileasbl.be\/membres\/#website","url":"https:\/\/www.fileasbl.be\/membres\/","name":"Site de la FILE","description":"FILE Un accueil de qualit\u00e9 accessible \u00e0 tous","potentialAction":[{"@type":"SearchAction","target":{"@type":"EntryPoint","urlTemplate":"https:\/\/www.fileasbl.be\/membres\/?s={search_term_string}"},"query-input":{"@type":"PropertyValueSpecification","valueRequired":true,"valueName":"search_term_string"}}],"inLanguage":"fr-FR"},{"@type":"Person","@id":"https:\/\/www.fileasbl.be\/membres\/#\/schema\/person\/5954a0c68c3a6f92f805465caa00d25f","name":"Contact FILE","url":"https:\/\/www.fileasbl.be\/membres\/author\/contactfile\/"}]}},"builder_content":"<img loading=\"lazy\" decoding=\"async\" width=\"6912\" height=\"3456\" src=\"https:\/\/www.fileasbl.be\/membres\/wp-content\/uploads\/2023\/04\/Grevemobilisation.png\" title=\"Gr\u00e8vemobilisation\" alt=\"Gr\u00e8vemobilisation\" srcset=\"https:\/\/www.fileasbl.be\/membres\/wp-content\/uploads\/2023\/04\/Grevemobilisation.png 6912w, https:\/\/www.fileasbl.be\/membres\/wp-content\/uploads\/2023\/04\/Grevemobilisation-300x150.png 300w, https:\/\/www.fileasbl.be\/membres\/wp-content\/uploads\/2023\/04\/Grevemobilisation-1024x512.png 1024w, https:\/\/www.fileasbl.be\/membres\/wp-content\/uploads\/2023\/04\/Grevemobilisation-768x384.png 768w, https:\/\/www.fileasbl.be\/membres\/wp-content\/uploads\/2023\/04\/Grevemobilisation-1536x768.png 1536w, https:\/\/www.fileasbl.be\/membres\/wp-content\/uploads\/2023\/04\/Grevemobilisation-2048x1024.png 2048w, https:\/\/www.fileasbl.be\/membres\/wp-content\/uploads\/2023\/04\/Grevemobilisation-400x200.png 400w\" sizes=\"auto, (max-width: 6912px) 100vw, 6912px\" \/>\n\n<p>Vous \u00e9tiez nombreux \u00e0 soutenir hier la mobilisation du secteur de l\u2019enfance (petite enfance et ATL) et \u00e0 r\u00e9clamer une politique ambitieuse pour tout le secteur\u00a0!<\/p> <p>Les recommandations \u00e9taient port\u00e9es par l\u2019ensemble des partenaires :<\/p> <ul> <li><a href=\"https:\/\/mcusercontent.com\/6ee8fd8d279afe53981b72411\/files\/322a1b12-392d-d883-42d6-2f0b912928bc\/230420_CB_R%C3%A9formeATL_VF.pdf\">Carte blanche ATL<\/a><\/li> <li><a href=\"https:\/\/www.fileasbl.be\/membres\/wp-content\/uploads\/2023\/04\/230426_fondamentauxEnfance.docx\">Fondamentaux r\u00e9affirm\u00e9s par les partenaires sociaux<\/a><\/li> <li><a href=\"https:\/\/mcusercontent.com\/6ee8fd8d279afe53981b72411\/files\/d5a3be9d-c7bb-9610-a705-2b17d79b412b\/Interpellation_FWB_accueil_enfance.pdf\">Lettre aux parlementaires de la FWB<\/a><\/li> <\/ul> <p>La FILE a fait partie de la d\u00e9l\u00e9gation qui a rencontr\u00e9 notre Ministre. \u00c0 l\u2019occasion de cette rencontre, nous avons pu r\u00e9affirmer les valeurs port\u00e9es par le secteur et le projet de soci\u00e9t\u00e9 que nous d\u00e9fendons, centr\u00e9 sur les enfants, leur droit d\u2019avoir une place d\u2019accueil de qualit\u00e9, accessible, et d\u2019\u00eatre accueillis par des professionnel.le.s qualifi\u00e9.e.s, disposant de temps r\u00e9flexifs (formations continues, temps de r\u00e9unions), en suffisance, et b\u00e9n\u00e9ficiant de conditions de travail d\u00e9centes.<\/p> <p>La Ministre a affirm\u00e9 son adh\u00e9sion au projet que nous d\u00e9fendons et s\u2019est engag\u00e9e\u00a0:<\/p> <ul> <li>Pour la r\u00e9forme ATL\u00a0: \u00e0 ne pas d\u00e9poser le projet de d\u00e9cret r\u00e9dig\u00e9 par son Cabinet au Gouvernement. Le Cabinet demande au secteur de revenir avec des propositions.<\/li> <li>Pour la r\u00e9forme MILAC, la p\u00e9nurie de personnel et de places d\u2019accueil\u00a0: \u00e0 rouvrir les discussions avec les partenaires sociaux et \u00e0 proposer des am\u00e9nagements l\u00e9gislatifs afin de d\u00e9gager des moyens pour les accueillant.e.s \u00e0 domicile (augmentation des 10% de frais de fonctionnement) et les milieux d\u2019accueil subventionn\u00e9s (augmentation du seuil de la p\u00e9r\u00e9quation). Une concertation sera pr\u00e9vue prochainement.<\/li> <\/ul> <p>Nous continuons de nous mobiliser \u00e0 tous les niveaux afin que l\u2019enfance soit la priorit\u00e9 des diff\u00e9rents Gouvernements.<\/p>","_links":{"self":[{"href":"https:\/\/www.fileasbl.be\/membres\/wp-json\/wp\/v2\/posts\/30667","targetHints":{"allow":["GET"]}}],"collection":[{"href":"https:\/\/www.fileasbl.be\/membres\/wp-json\/wp\/v2\/posts"}],"about":[{"href":"https:\/\/www.fileasbl.be\/membres\/wp-json\/wp\/v2\/types\/post"}],"author":[{"embeddable":true,"href":"https:\/\/www.fileasbl.be\/membres\/wp-json\/wp\/v2\/users\/2"}],"replies":[{"embeddable":true,"href":"https:\/\/www.fileasbl.be\/membres\/wp-json\/wp\/v2\/comments?post=30667"}],"version-history":[{"count":0,"href":"https:\/\/www.fileasbl.be\/membres\/wp-json\/wp\/v2\/posts\/30667\/revisions"}],"wp:featuredmedia":[{"embeddable":true,"href":"https:\/\/www.fileasbl.be\/membres\/wp-json\/wp\/v2\/media\/30677"}],"wp:attachment":[{"href":"https:\/\/www.fileasbl.be\/membres\/wp-json\/wp\/v2\/media?parent=30667"}],"wp:term":[{"taxonomy":"category","embeddable":true,"href":"https:\/\/www.fileasbl.be\/membres\/wp-json\/wp\/v2\/categories?post=30667"},{"taxonomy":"post_tag","embeddable":true,"href":"https:\/\/www.fileasbl.be\/membres\/wp-json\/wp\/v2\/tags?post=30667"}],"curies":[{"name":"wp","href":"https:\/\/api.w.org\/{rel}","templated":true}]}}