{"id":30699,"date":"2023-05-22T10:32:37","date_gmt":"2023-05-22T09:32:37","guid":{"rendered":"https:\/\/www.fileasbl.be\/membres\/?p=30699"},"modified":"2025-09-02T12:58:20","modified_gmt":"2025-09-02T11:58:20","slug":"rapport-igas-sur-les-creches-en-france-qualite-de-laccueil-et-prevention-de-la-maltraitance-dans-les-creches","status":"publish","type":"post","link":"https:\/\/www.fileasbl.be\/membres\/rapport-igas-sur-les-creches-en-france-qualite-de-laccueil-et-prevention-de-la-maltraitance-dans-les-creches\/","title":{"rendered":"Rapport IGAS sur les cr\u00e8ches\u00a0en France : Qualit\u00e9 de l\u2019accueil et pr\u00e9vention de la maltraitance dans les cr\u00e8ches"},"content":{"rendered":"<!--themify_builder_content-->\n<div id=\"themify_builder_content-30699\" data-postid=\"30699\" class=\"themify_builder_content themify_builder_content-30699 themify_builder tf_clear\">\n    \t<!-- module_row -->\n\t<div  data-lazy=\"1\" class=\"module_row themify_builder_row tb_z66051 tb_first tf_clearfix\">\n\t    \t\t<div class=\"row_inner col_align_top col-count-1 tf_box tf_w tf_rel\">\n\t\t\t<div  data-lazy=\"1\" class=\"module_column tb-column col-full first tb_3on551 tf_box\">\n\t\t\t    \t        <div class=\"tb-column-inner tf_box tf_w\">\n\t\t    <!-- module image -->\n<div  class=\"module module-image tb_2vcd700   image-top tf_mw\" data-lazy=\"1\">\n        <div class=\"image-wrap tf_rel tf_mw\">\n\t\t    <img loading=\"lazy\" decoding=\"async\" width=\"1584\" height=\"396\" src=\"https:\/\/www.fileasbl.be\/membres\/wp-content\/uploads\/2023\/05\/Rapport-IGAS-sur-les-creches-en-France-Qualite-de-laccueil-et-prevention-de-la-maltraitance-dans-les-creches.png\" class=\"wp-post-image wp-image-30704\" title=\"Rapport IGAS sur les cr\u00e8ches\u00a0en France Qualit\u00e9 de l\u2019accueil et pr\u00e9vention de la maltraitance dans les cr\u00e8ches\" alt=\"Rapport IGAS sur les cr\u00e8ches\u00a0en France Qualit\u00e9 de l\u2019accueil et pr\u00e9vention de la maltraitance dans les cr\u00e8ches\" srcset=\"https:\/\/www.fileasbl.be\/membres\/wp-content\/uploads\/2023\/05\/Rapport-IGAS-sur-les-creches-en-France-Qualite-de-laccueil-et-prevention-de-la-maltraitance-dans-les-creches.png 1584w, https:\/\/www.fileasbl.be\/membres\/wp-content\/uploads\/2023\/05\/Rapport-IGAS-sur-les-creches-en-France-Qualite-de-laccueil-et-prevention-de-la-maltraitance-dans-les-creches-300x75.png 300w, https:\/\/www.fileasbl.be\/membres\/wp-content\/uploads\/2023\/05\/Rapport-IGAS-sur-les-creches-en-France-Qualite-de-laccueil-et-prevention-de-la-maltraitance-dans-les-creches-1024x256.png 1024w, https:\/\/www.fileasbl.be\/membres\/wp-content\/uploads\/2023\/05\/Rapport-IGAS-sur-les-creches-en-France-Qualite-de-laccueil-et-prevention-de-la-maltraitance-dans-les-creches-768x192.png 768w, https:\/\/www.fileasbl.be\/membres\/wp-content\/uploads\/2023\/05\/Rapport-IGAS-sur-les-creches-en-France-Qualite-de-laccueil-et-prevention-de-la-maltraitance-dans-les-creches-1536x384.png 1536w, https:\/\/www.fileasbl.be\/membres\/wp-content\/uploads\/2023\/05\/Rapport-IGAS-sur-les-creches-en-France-Qualite-de-laccueil-et-prevention-de-la-maltraitance-dans-les-creches-400x100.png 400w\" sizes=\"auto, (max-width: 1584px) 100vw, 1584px\" \/>\t\n\t\t<\/div>\n\t<!-- \/image-wrap -->\n    \n    \t<\/div>\n<!-- \/module image --><!-- module divider -->\n<div  class=\"module tf_mw module-divider tb_rcqq139 solid   \" style=\"border-width: 1px;border-color: #ffffff;margin-top: 30px;margin-bottom: 30px;\" data-lazy=\"1\">\n    <\/div>\n<!-- \/module divider -->\n<!-- module text -->\n<div  class=\"module module-text tb_hkfw985   \" data-lazy=\"1\">\n        <div  class=\"tb_text_wrap\">\n    <p>En 2022, suite \u00e0 un incident grave dans une cr\u00e8che de Lyon, le Ministre fran\u00e7ais des Solidarit\u00e9s, de l\u2019autonomie et des personnes handicap\u00e9es a confi\u00e9 \u00e0 l\u2019inspection g\u00e9n\u00e9rale des affaires sociales (IGAS) une mission \u00ab\u00a0d\u2019\u00e9valuation des processus et des mesures mis en \u0153uvre afin de garantir la s\u00e9curit\u00e9 et la bientraitance des enfants accueillis en \u00e9tablissement d\u2019accueil du jeune enfant (EAJE)\u00a0\u00bb.<\/p>\n<p>Cette mission avait pour but d\u2019identifier les facteurs qui influencent la qualit\u00e9 de l\u2019accueil ou qui constituent des risques de d\u00e9rives et de maltraitance individuelle et institutionnelle. Celle-ci avait \u00e9galement comme objectif de d\u00e9gager des axes pour un accueil de qualit\u00e9 et des recommandations dans ce sens. Ce 11 avril dernier, le rapport a \u00e9t\u00e9 publi\u00e9\u00a0; en voici les grandes lignes.<\/p>\n<p>Ce rapport dresse un constat sur la qualit\u00e9 de l\u2019accueil en France et propose des pistes concr\u00e8tes d\u00e9finies selon des axes prioritaires pour orienter les politiques publiques. La situation n\u2019est pas identique en F\u00e9d\u00e9ration Wallonie-Bruxelles, mais les recommandations de ce rapport sont en accord avec les recommandations de l\u2019ONE et de la FILE concernant la qualit\u00e9 de l\u2019accueil. En voici une note synth\u00e9tique.<\/p>\n<p>Le rapport dresse en effet le constat \u00ab d\u2019une qualit\u00e9 d\u2019accueil particuli\u00e8rement h\u00e9t\u00e9rog\u00e8ne dans les EAJE, le secteur pr\u00e9sentant des \u00e9tablissements de grande qualit\u00e9, port\u00e9s par une r\u00e9flexion p\u00e9dagogique approfondie, comme des \u00e9tablissements de qualit\u00e9 tr\u00e8s d\u00e9grad\u00e9e. Si la perspective du rapport consiste \u00e0 souligner les risques et les dysfonctionnements possibles au sein de ces \u00e9tablissements, ces insuffisances ne diminuent en rien la qualit\u00e9 de nombreux projets et l\u2019engagement fort de nombreux professionnel.le.s. \u00bb.<\/p>\n<h3>\u00a0<\/h3>\n<h3><u>Un d\u00e9ficit de qualit\u00e9 observ\u00e9, quelles en sont les causes\u00a0? <\/u><\/h3>\n<p><strong>Les normes d\u2019encadrement<\/strong>, <strong>la formation<\/strong> des professionnel.le.s, la diffusion des <strong>bonnes pratiques<\/strong> et des connaissances sur le jeune enfant, le pilotage <strong>administratif,<\/strong> les modalit\u00e9s de <strong>financement<\/strong>, la qualit\u00e9 du b\u00e2timent et de <strong>l\u2019am\u00e9nagement int\u00e9rieur<\/strong> et la capacit\u00e9 g\u00e9n\u00e9rale \u00e0 <strong>r\u00e9pondre aux besoins<\/strong> des enfants sont autant de facteurs influen\u00e7ant la qualit\u00e9 de l\u2019accueil.<\/p>    <\/div>\n<\/div>\n<!-- \/module text -->\t<div  data-lazy=\"1\" class=\"module_subrow themify_builder_sub_row tb_k2ph532 tf_w tf_clearfix\">\n\t    \t\t<div class=\"subrow_inner col_align_top col-count-2 tf_box tf_w\">\n\t\t\t<div  style=\"width: 29.72%\" data-lazy=\"1\" class=\"sub_column module_column tf_box col2-1 first tb_0km0533\"> \n\t    \t    \t        <div class=\"tb-column-inner tf_box tf_w\">\n\t\t    <!-- module image -->\n<div  class=\"module module-image tb_k9us390   image-top tf_mw\" data-lazy=\"1\">\n        <div class=\"image-wrap tf_rel tf_mw\">\n\t\t    <img loading=\"lazy\" decoding=\"async\" width=\"500\" height=\"500\" src=\"https:\/\/www.fileasbl.be\/membres\/wp-content\/uploads\/2023\/05\/Copie-de-Rapport-IGAS-sur-les-creches-en-France-Qualite-de-laccueil-et-prevention-de-la-maltraitance-dans-les-creches-Logo.png\" class=\"wp-post-image wp-image-30708\" title=\"Copie de Rapport IGAS sur les cr\u00e8ches\u00a0en France Qualit\u00e9 de l\u2019accueil et pr\u00e9vention de la maltraitance dans les cr\u00e8ches (Logo)\" alt=\"Copie de Rapport IGAS sur les cr\u00e8ches\u00a0en France Qualit\u00e9 de l\u2019accueil et pr\u00e9vention de la maltraitance dans les cr\u00e8ches (Logo)\" srcset=\"https:\/\/www.fileasbl.be\/membres\/wp-content\/uploads\/2023\/05\/Copie-de-Rapport-IGAS-sur-les-creches-en-France-Qualite-de-laccueil-et-prevention-de-la-maltraitance-dans-les-creches-Logo.png 500w, https:\/\/www.fileasbl.be\/membres\/wp-content\/uploads\/2023\/05\/Copie-de-Rapport-IGAS-sur-les-creches-en-France-Qualite-de-laccueil-et-prevention-de-la-maltraitance-dans-les-creches-Logo-300x300.png 300w, https:\/\/www.fileasbl.be\/membres\/wp-content\/uploads\/2023\/05\/Copie-de-Rapport-IGAS-sur-les-creches-en-France-Qualite-de-laccueil-et-prevention-de-la-maltraitance-dans-les-creches-Logo-150x150.png 150w, https:\/\/www.fileasbl.be\/membres\/wp-content\/uploads\/2023\/05\/Copie-de-Rapport-IGAS-sur-les-creches-en-France-Qualite-de-laccueil-et-prevention-de-la-maltraitance-dans-les-creches-Logo-400x400.png 400w, https:\/\/www.fileasbl.be\/membres\/wp-content\/uploads\/2023\/05\/Copie-de-Rapport-IGAS-sur-les-creches-en-France-Qualite-de-laccueil-et-prevention-de-la-maltraitance-dans-les-creches-Logo-100x100.png 100w\" sizes=\"auto, (max-width: 500px) 100vw, 500px\" \/>\t\n\t\t<\/div>\n\t<!-- \/image-wrap -->\n    \n    \t<\/div>\n<!-- \/module image -->\t        <\/div>\n\t    \t<\/div>\n\t\t<div  style=\"width: 67.08%\" data-lazy=\"1\" class=\"sub_column module_column tf_box col2-1 last tb_eydz534\"> \n\t    \t    \t        <div class=\"tb-column-inner tf_box tf_w\">\n\t\t    <!-- module text -->\n<div  class=\"module module-text tb_7lay693   \" data-lazy=\"1\">\n        <div  class=\"tb_text_wrap\">\n    <p>\u00a0<\/p>\n<p>\u00a0\u00ab\u00a0La d\u00e9gradation de la qualit\u00e9 peut entra\u00eener des <strong>carences<\/strong> dans la s\u00e9curisation affective et dans l\u2019\u00e9veil des enfants, autant qu\u2019un <strong>\u00e9puisement des professionnel.le.s,<\/strong> qui ne parviennent plus \u00e0 accueillir les enfants dans les conditions requises. De ce point de vue, la p\u00e9nurie de professionnel.le.s qui touche le secteur constitue un facteur aggravant autant qu\u2019un sympt\u00f4me. Les <strong>faibles niveaux de r\u00e9mun\u00e9ration<\/strong>, la <strong>qualit\u00e9 de vie au travail<\/strong>, le sentiment de ne pas pouvoir accorder \u00e0 l\u2019enfant le temps dont il a besoin ne permettent pas d\u2019attirer et de fid\u00e9liser le personnel.\u00a0\u00bb<\/p>    <\/div>\n<\/div>\n<!-- \/module text -->\t        <\/div>\n\t    \t<\/div>\n\t\t    <\/div>\n\t<\/div><!-- \/themify_builder_sub_row -->\n\t<!-- module text -->\n<div  class=\"module module-text tb_qc6c387   \" data-lazy=\"1\">\n        <div  class=\"tb_text_wrap\">\n    <p>Le rapport met en \u00e9vidence que ce d\u00e9ficit de qualit\u00e9 peut amener de la maltraitance\u00a0: \u00ab\u00a0n\u00e9gligence du fait de contraintes de l\u2019organisation qui priment sur les besoins de la personne accueillie, non-respect des rythmes individuels, d\u00e9valorisation, humiliation, for\u00e7age, violence verbale et physique&#8230; L\u2019accueil collectif des jeunes enfants est un secteur qui tend \u00e0 \u00eatre id\u00e9alis\u00e9, et dont on ne reconna\u00eet ni la p\u00e9nibilit\u00e9 ni les risques, au d\u00e9triment des enfants comme des professionnel.le.s. A ce titre, la mission juge essentiel d\u2019op\u00e9rer un changement de regard pour replacer les EAJE \u00e0 leur juste place, celle d\u2019un accueil de personnes en situation d\u2019extr\u00eame vuln\u00e9rabilit\u00e9 et d\u2019extr\u00eame d\u00e9pendance, et de prendre la mesure de ce que ce type d\u2019activit\u00e9s implique en termes de conditions de travail, de temps n\u00e9cessaire \u00e0 l\u2019accompagnement des personnes, de formation, de pr\u00e9vention des risques, d\u2019\u00e9valuation et de contr\u00f4le\u00a0\u00bb.<\/p>\n<p>Avec ces constats, 7 axes strat\u00e9giques ont \u00e9t\u00e9 \u00e9labor\u00e9s afin d\u2019am\u00e9liorer la qualit\u00e9 du secteur\u00a0:<\/p>    <\/div>\n<\/div>\n<!-- \/module text --><!-- module accordion -->\n<div  class=\"module module-accordion tb_aj1w781 \" data-behavior=\"toggle\" data-lazy=\"1\">\n    \n    <ul class=\"ui module-accordion plus-icon-button  tb_default_color\">\n\t\t    <li>\n\t\t\t<div class=\"accordion-title tf_rel\">\n\t\t\t\t<a href=\"#acc-aj1w781-0\" aria-controls=\"acc-aj1w781-0-content\" aria-expanded=\"false\">\n\t\t\t\t\t\t\t\t\t\t\t\t\t\t\t<span class=\"tb_title_accordion tf_w\">Axe 1 \u2013 Faire du d\u00e9veloppement et de la s\u00e9curit\u00e9 affective de l\u2019enfant un objectif prioritaire de la politique d\u2019accueil du jeune enfant <\/span>\n\t\t\t\t<\/a>\n\t\t\t<\/div><!-- .accordion-title -->\n\n\t\t\t<div id=\"acc-aj1w781-0-content\" data-id=\"acc-aj1w781-0\" aria-hidden=\"true\" class=\"accordion-content tf_hide\">\n\n\t\t\t\t\t\t\t\t\t<div\t\t\t\t\t\tclass=\"tb_text_wrap\"\n\t\t\t\t\t\t>\n\t\t\t\t\t\t<p>Cet axe propose, entre autres, de consid\u00e9rer l\u2019enfant comme une personne \u00e0 part enti\u00e8re et non comme un objet de soin, ce qui permettrait d\u2019avoir <strong>une meilleure r\u00e9ponse \u00e0 ses besoins<\/strong>. Cet objectif souligne \u00e9galement de prendre la pleine mesure des acquis des derni\u00e8res d\u00e9cennies de recherche, qui ont consid\u00e9rablement \u00e9largi la compr\u00e9hension des besoins des jeunes enfants, et de renforcer \u00e0 tous les niveaux <strong>le lien entre la recherche et le secteur de la petite enfance<\/strong>.<\/p>\n<p>La question <strong>des rythmes de l\u2019enfant<\/strong> est \u00e9galement abord\u00e9e. Le rapport stipule que \u00ab\u00a0certains enfants peuvent \u00eatre accueillis en cr\u00e8che plus de 40h par semaine, sans le r\u00e9pit r\u00e9gulier que repr\u00e9sentent les vacances scolaires pour les plus de 3 ans, \u00e0 un \u00e2ge o\u00f9 le collectif, et ce qu\u2019il implique de bruit, d\u2019agitation, de risques de surstimulation, peut \u00eatre particuli\u00e8rement exigeant. Ces pr\u00e9occupations se posent de fa\u00e7on plus aigu\u00eb encore pour les enfants de moins d\u2019un an. Pour ces enfants qui ne peuvent ni diff\u00e9rer la r\u00e9ponse \u00e0 leurs besoins, ni se d\u00e9placer lorsqu\u2019un adulte ne vient pas s\u2019occuper d\u2019eux, l\u2019accueil collectif ne para\u00eet pas n\u00e9cessairement \u00eatre, dans les conditions actuelles, le plus adapt\u00e9. Comme l\u2019a montr\u00e9 le rapport des 1 000 premiers jours, <strong>une r\u00e9vision des r\u00e8gles des cong\u00e9s maternel, paternel et des cong\u00e9s parentaux<\/strong> devrait permettre de favoriser le temps pass\u00e9 entre les enfants et les parents et d\u2019offrir la possibilit\u00e9 <strong>d\u2019une entr\u00e9e moins pr\u00e9coce en cr\u00e8che<\/strong>\u00a0\u00bb.<\/p>\t\t\t\t\t<\/div>\n\t\t\t\t\n\t\t\t<\/div><!-- .accordion-content -->\n\t    <\/li>\n\t\t    <li>\n\t\t\t<div class=\"accordion-title tf_rel\">\n\t\t\t\t<a href=\"#acc-aj1w781-1\" aria-controls=\"acc-aj1w781-1-content\" aria-expanded=\"false\">\n\t\t\t\t\t\t\t\t\t\t\t\t\t\t\t<span class=\"tb_title_accordion tf_w\">Axe 2 \u2013 Inscrire dans les objectifs de la branche famille une trajectoire vers des standards de qualit\u00e9, distinct des standards de s\u00e9curit\u00e9 <\/span>\n\t\t\t\t<\/a>\n\t\t\t<\/div><!-- .accordion-title -->\n\n\t\t\t<div id=\"acc-aj1w781-1-content\" data-id=\"acc-aj1w781-1\" aria-hidden=\"true\" class=\"accordion-content tf_hide\">\n\n\t\t\t\t\t\t\t\t\t<div\t\t\t\t\t\tclass=\"tb_text_wrap\"\n\t\t\t\t\t\t>\n\t\t\t\t\t\t<p>Ce deuxi\u00e8me axe vise \u00e0 travailler <strong>le taux d\u2019encadrement et la taille des groupes d\u2019enfants<\/strong> qui ne permettent pas de respecter le rythme de chaque enfant, d\u2019accompagner son d\u00e9veloppement et de garantir un accueil de qualit\u00e9. En effet, ces normes actuelles ne r\u00e9pondent pas aux normes indiqu\u00e9es dans les recherches scientifiques.<\/p>\t\t\t\t\t<\/div>\n\t\t\t\t\n\t\t\t<\/div><!-- .accordion-content -->\n\t    <\/li>\n\t\t    <li>\n\t\t\t<div class=\"accordion-title tf_rel\">\n\t\t\t\t<a href=\"#acc-aj1w781-2\" aria-controls=\"acc-aj1w781-2-content\" aria-expanded=\"false\">\n\t\t\t\t\t\t\t\t\t\t\t\t\t\t\t<span class=\"tb_title_accordion tf_w\"> Axe 3 \u2013 \u0152uvrer \u00e0 une mont\u00e9e en qualification globale des professionnel.le.s, en lien avec le secteur de la recherche <\/span>\n\t\t\t\t<\/a>\n\t\t\t<\/div><!-- .accordion-title -->\n\n\t\t\t<div id=\"acc-aj1w781-2-content\" data-id=\"acc-aj1w781-2\" aria-hidden=\"true\" class=\"accordion-content tf_hide\">\n\n\t\t\t\t\t\t\t\t\t<div\t\t\t\t\t\tclass=\"tb_text_wrap\"\n\t\t\t\t\t\t>\n\t\t\t\t\t\t<p>Cet axe 3 se focalise sur <strong>le niveau de qualification des professionnel.le.s<\/strong> et leur engagement dans un processus r\u00e9gulier de <strong>formation continue<\/strong>, qui sont des facteurs centraux de la qualit\u00e9. Le rapport met en \u00e9vidence que \u00ab\u00a0le niveau global de qualification des professionnel.le.s tend \u00e0 se d\u00e9grader par un mouvement d\u2019aspiration vers le haut, \u00e0 la faveur d\u2019un assouplissement continu des exigences r\u00e9glementaires\u00a0\u00bb.<\/p>\n<p>Par ailleurs, il est \u00e9galement soulign\u00e9 que la formation initiale des professionnel.le.s au d\u00e9veloppement de l\u2019enfant est globalement insuffisante, in\u00e9gale selon les types de m\u00e9tiers et insuffisamment en lien avec les derniers acquis de la recherche.<\/p>\n<p>Le rapport signale \u00ab\u00a0<span style=\"font-size: 1em;\">qu\u2019un rel\u00e8vement g\u00e9n\u00e9ral du niveau de qualification\u00a0\u00bb doit passer par plusieurs priorit\u00e9s :<\/span><\/p>\n<ul>\n<li><strong>Des exigences renforc\u00e9es en mati\u00e8re de formation continue<\/strong>. Une formation obligatoire \u00e0 l\u2019entr\u00e9e en EAJE, pour le personnel \u00ab qualifi\u00e9 \u00bb comme pour les auxiliaires de pu\u00e9riculture, peu form\u00e9s sp\u00e9cifiquement aux enjeux de l\u2019accueil collectif, pourrait \u00eatre envisag\u00e9e ;<\/li>\n<li>Une association plus syst\u00e9matique <strong>des laboratoires de recherche<\/strong> sp\u00e9cialis\u00e9s dans la petite enfance aux instituts de formation.<\/li>\n<\/ul>\n<p>Un focus est mis sur la p\u00e9nurie actuelle des professionnel.le.s. En effet, ces objectifs ne pourront pas \u00eatre atteints si cela n\u2019est pas r\u00e9solu, ce qui suppose un travail pour une augmentation tr\u00e8s importante de l\u2019appareil de formation, et un travail sur les conditions d\u2019attractivit\u00e9 et la perception sociale des m\u00e9tiers.\u00a0\u00bb<\/p>\t\t\t\t\t<\/div>\n\t\t\t\t\n\t\t\t<\/div><!-- .accordion-content -->\n\t    <\/li>\n\t\t    <li>\n\t\t\t<div class=\"accordion-title tf_rel\">\n\t\t\t\t<a href=\"#acc-aj1w781-3\" aria-controls=\"acc-aj1w781-3-content\" aria-expanded=\"false\">\n\t\t\t\t\t\t\t\t\t\t\t\t\t\t\t<span class=\"tb_title_accordion tf_w\">Axe 4 \u2013 Faire de la qualit\u00e9 le point central du financement <\/span>\n\t\t\t\t<\/a>\n\t\t\t<\/div><!-- .accordion-title -->\n\n\t\t\t<div id=\"acc-aj1w781-3-content\" data-id=\"acc-aj1w781-3\" aria-hidden=\"true\" class=\"accordion-content tf_hide\">\n\n\t\t\t\t\t\t\t\t\t<div\t\t\t\t\t\tclass=\"tb_text_wrap\"\n\t\t\t\t\t\t>\n\t\t\t\t\t\t<p>Cet axe se focalise sur la question du financement. \u00ab\u00a0Les modalit\u00e9s actuelles du financement des \u00e9tablissements ont une sensibilit\u00e9 faible \u00e0 la question de la qualit\u00e9, et peuvent m\u00eame lui devenir pr\u00e9judiciables. Cela prend peu en compte <strong>des \u00e9l\u00e9ments structurants de la qualit\u00e9<\/strong> (temps de r\u00e9flexion et de concertation des \u00e9quipes, analyse de la pratique, supervision, soutien \u00e0 la parentalit\u00e9\u2026).<\/p>\t\t\t\t\t<\/div>\n\t\t\t\t\n\t\t\t<\/div><!-- .accordion-content -->\n\t    <\/li>\n\t\t    <li>\n\t\t\t<div class=\"accordion-title tf_rel\">\n\t\t\t\t<a href=\"#acc-aj1w781-4\" aria-controls=\"acc-aj1w781-4-content\" aria-expanded=\"false\">\n\t\t\t\t\t\t\t\t\t\t\t\t\t\t\t<span class=\"tb_title_accordion tf_w\">Axe 5 \u2013 Renforcer et r\u00e9nover le contr\u00f4le et l\u2019\u00e9valuation <\/span>\n\t\t\t\t<\/a>\n\t\t\t<\/div><!-- .accordion-title -->\n\n\t\t\t<div id=\"acc-aj1w781-4-content\" data-id=\"acc-aj1w781-4\" aria-hidden=\"true\" class=\"accordion-content tf_hide\">\n\n\t\t\t\t\t\t\t\t\t<div\t\t\t\t\t\tclass=\"tb_text_wrap\"\n\t\t\t\t\t\t>\n\t\t\t\t\t\t<p>Le contr\u00f4le exerc\u00e9 par la Protection Maternelle et Infantile (PMI), actuellement centr\u00e9 sur les questions d\u2019hygi\u00e8ne et de s\u00e9curit\u00e9, \u00ab\u00a0doit \u00eatre r\u00e9nov\u00e9 pour devenir <strong>un v\u00e9ritable contr\u00f4le de la qualit\u00e9<\/strong> de l\u2019accueil, \u00e0 partir d\u2019approches d\u2019observation et d\u2019immersion renforc\u00e9es.\u00a0 Ceci implique notamment un travail sur les r\u00e9f\u00e9rentiels de bonnes pratiques professionnelles, <strong>une formation des contr\u00f4leurs et inspecteurs<\/strong>, et un recrutement plus important d\u2019\u00e9ducateurs de jeunes enfants au sein des PMI. Ces contr\u00f4les doivent par ailleurs \u00eatre soumis \u00e0 des normes de r\u00e9gularit\u00e9.\u00a0\u00bb<\/p>\t\t\t\t\t<\/div>\n\t\t\t\t\n\t\t\t<\/div><!-- .accordion-content -->\n\t    <\/li>\n\t\t    <li>\n\t\t\t<div class=\"accordion-title tf_rel\">\n\t\t\t\t<a href=\"#acc-aj1w781-5\" aria-controls=\"acc-aj1w781-5-content\" aria-expanded=\"false\">\n\t\t\t\t\t\t\t\t\t\t\t\t\t\t\t<span class=\"tb_title_accordion tf_w\">Axe 6 \u2013 Structurer le pilotage du secteur au niveau local et national<\/span>\n\t\t\t\t<\/a>\n\t\t\t<\/div><!-- .accordion-title -->\n\n\t\t\t<div id=\"acc-aj1w781-5-content\" data-id=\"acc-aj1w781-5\" aria-hidden=\"true\" class=\"accordion-content tf_hide\">\n\n\t\t\t\t\t\t\t\t\t<div\t\t\t\t\t\tclass=\"tb_text_wrap\"\n\t\t\t\t\t\t>\n\t\t\t\t\t\t<p>\u00a0\u00ab\u00a0Au niveau local, la mise en place de comit\u00e9s d\u00e9partementaux de service aux familles constitue une avanc\u00e9e significative pour structurer le pilotage. Ces comit\u00e9s devront investir de fa\u00e7on ferme le pilotage et l\u2019animation de la qualit\u00e9, en prenant notamment en charge l\u2019analyse de la pratique pour les directeurs des \u00e9tablissements, l\u2019\u00e9valuation entre pairs, et l\u2019organisation de la formation continue au niveau territorial.\u00a0\u00bb<\/p>\t\t\t\t\t<\/div>\n\t\t\t\t\n\t\t\t<\/div><!-- .accordion-content -->\n\t    <\/li>\n\t\t    <li>\n\t\t\t<div class=\"accordion-title tf_rel\">\n\t\t\t\t<a href=\"#acc-aj1w781-6\" aria-controls=\"acc-aj1w781-6-content\" aria-expanded=\"false\">\n\t\t\t\t\t\t\t\t\t\t\t\t\t\t\t<span class=\"tb_title_accordion tf_w\">Axe 7 \u2013 Penser la question de la maltraitance dans les \u00e9tablissements et renforcer la pr\u00e9vention des risques <\/span>\n\t\t\t\t<\/a>\n\t\t\t<\/div><!-- .accordion-title -->\n\n\t\t\t<div id=\"acc-aj1w781-6-content\" data-id=\"acc-aj1w781-6\" aria-hidden=\"true\" class=\"accordion-content tf_hide\">\n\n\t\t\t\t\t\t\t\t\t<div\t\t\t\t\t\tclass=\"tb_text_wrap\"\n\t\t\t\t\t\t>\n\t\t\t\t\t\t<p>Les mesures mises en \u0153uvre pour renforcer la qualit\u00e9 permettent de diminuer les facteurs de risque de maltraitance, mais ne conduiront pas \u00e0 \u00e9liminer ce risque, qui est inh\u00e9rent \u00e0 l\u2019accueil de personnes d\u00e9pendantes et vuln\u00e9rables. Ceci implique que les difficult\u00e9s ne soient pas ni\u00e9es ou euph\u00e9mis\u00e9es, et que <strong>la question soit abord\u00e9e de fa\u00e7on ouverte dans les formations initiales et continues <\/strong>des professionnel.le.s, ainsi que dans <strong>l\u2019analyse de la pratique et la supervision<\/strong>. Les circuits d\u2019alerte, de r\u00e9clamation, et de signalement doivent par ailleurs \u00eatre clarifi\u00e9s.<br><br>Les axes \u00e0 travailler pour am\u00e9liorer la qualit\u00e9 d\u2019accueil des milieux d\u2019accueil en France peuvent tout \u00e0 fait \u00eatre appliqu\u00e9s, chez nous, en Belgique. Ce rapport met en exergue tout le travail n\u00e9cessaire et indispensable afin d\u2019arriver \u00e0 une qualit\u00e9 d\u2019accueil qui met le bien-\u00eatre des enfants au centre. Du chemin reste \u00e0 parcourir\u2026<\/p>\t\t\t\t\t<\/div>\n\t\t\t\t\n\t\t\t<\/div><!-- .accordion-content -->\n\t    <\/li>\n\t    <\/ul>\n\n<\/div><!-- \/module accordion --><!-- module text -->\n<div  class=\"module module-text tb_lshw15   \" data-lazy=\"1\">\n        <div  class=\"tb_text_wrap\">\n    <p>\u00a0<\/p>\n<p>Pour lire l\u2019enti\u00e8ret\u00e9 du rapport, <a href=\"https:\/\/www.fileasbl.be\/membres\/wp-content\/uploads\/2023\/05\/2022-062r_tome_1.pdf\">c&rsquo;est par ici !<\/a><\/p>    <\/div>\n<\/div>\n<!-- \/module text --><!-- module image -->\n<div  class=\"module module-image tb_bmsz364   image-top tf_mw\" data-lazy=\"1\">\n        <div class=\"image-wrap tf_rel tf_mw\">\n\t\t    <img loading=\"lazy\" decoding=\"async\" width=\"1584\" height=\"396\" src=\"https:\/\/www.fileasbl.be\/membres\/wp-content\/uploads\/2023\/05\/Copie-de-Rapport-IGAS-sur-les-creches-en-France-Qualite-de-laccueil-et-prevention-de-la-maltraitance-dans-les-creches-1.png\" class=\"wp-post-image wp-image-30711\" title=\"Copie de Rapport IGAS sur les cr\u00e8ches\u00a0en France Qualit\u00e9 de l\u2019accueil et pr\u00e9vention de la maltraitance dans les cr\u00e8ches (1)\" alt=\"Copie de Rapport IGAS sur les cr\u00e8ches\u00a0en France Qualit\u00e9 de l\u2019accueil et pr\u00e9vention de la maltraitance dans les cr\u00e8ches (1)\" srcset=\"https:\/\/www.fileasbl.be\/membres\/wp-content\/uploads\/2023\/05\/Copie-de-Rapport-IGAS-sur-les-creches-en-France-Qualite-de-laccueil-et-prevention-de-la-maltraitance-dans-les-creches-1.png 1584w, https:\/\/www.fileasbl.be\/membres\/wp-content\/uploads\/2023\/05\/Copie-de-Rapport-IGAS-sur-les-creches-en-France-Qualite-de-laccueil-et-prevention-de-la-maltraitance-dans-les-creches-1-300x75.png 300w, https:\/\/www.fileasbl.be\/membres\/wp-content\/uploads\/2023\/05\/Copie-de-Rapport-IGAS-sur-les-creches-en-France-Qualite-de-laccueil-et-prevention-de-la-maltraitance-dans-les-creches-1-1024x256.png 1024w, https:\/\/www.fileasbl.be\/membres\/wp-content\/uploads\/2023\/05\/Copie-de-Rapport-IGAS-sur-les-creches-en-France-Qualite-de-laccueil-et-prevention-de-la-maltraitance-dans-les-creches-1-768x192.png 768w, https:\/\/www.fileasbl.be\/membres\/wp-content\/uploads\/2023\/05\/Copie-de-Rapport-IGAS-sur-les-creches-en-France-Qualite-de-laccueil-et-prevention-de-la-maltraitance-dans-les-creches-1-1536x384.png 1536w, https:\/\/www.fileasbl.be\/membres\/wp-content\/uploads\/2023\/05\/Copie-de-Rapport-IGAS-sur-les-creches-en-France-Qualite-de-laccueil-et-prevention-de-la-maltraitance-dans-les-creches-1-400x100.png 400w\" sizes=\"auto, (max-width: 1584px) 100vw, 1584px\" \/>\t\n\t\t<\/div>\n\t<!-- \/image-wrap -->\n    \n    \t<\/div>\n<!-- \/module image -->\t        <\/div>\n\t    \t<\/div>\n\t\t    <\/div>\n\t    <!-- \/row_inner -->\n\t<\/div>\n\t<!-- \/module_row -->\n\t<\/div>\n<!--\/themify_builder_content-->","protected":false},"excerpt":{"rendered":"<p>En 2022, suite \u00e0 un incident grave dans une cr\u00e8che de Lyon, le Ministre fran\u00e7ais des Solidarit\u00e9s, de l\u2019autonomie et des personnes handicap\u00e9es a confi\u00e9 \u00e0 l\u2019inspection g\u00e9n\u00e9rale des affaires sociales (IGAS) une mission \u00ab\u00a0d\u2019\u00e9valuation des processus et des mesures mis en \u0153uvre afin de garantir la s\u00e9curit\u00e9 et la bientraitance des enfants accueillis en [&hellip;]<\/p>\n","protected":false},"author":2,"featured_media":30743,"comment_status":"open","ping_status":"open","sticky":false,"template":"","format":"standard","meta":{"footnotes":""},"categories":[304,315,225,246,300,321],"tags":[],"class_list":["post-30699","post","type-post","status-publish","format-standard","has-post-thumbnail","hentry","category-bien-etre-enfant","category-droit-enfant","category-emotions-de-lenfant","category-milac","category-notes-pedagogiques","category-publication","has-post-title","has-post-date","has-post-category","has-post-tag","has-post-comment","has-post-author",""],"yoast_head":"<!-- This site is optimized with the Yoast SEO plugin v27.4 - https:\/\/yoast.com\/product\/yoast-seo-wordpress\/ -->\n<title>Rapport IGAS sur les cr\u00e8ches\u00a0en France : Qualit\u00e9 de l\u2019accueil et pr\u00e9vention de la maltraitance dans les cr\u00e8ches - Site de la FILE<\/title>\n<meta name=\"robots\" content=\"index, follow, max-snippet:-1, max-image-preview:large, max-video-preview:-1\" \/>\n<link rel=\"canonical\" href=\"https:\/\/www.fileasbl.be\/membres\/rapport-igas-sur-les-creches-en-france-qualite-de-laccueil-et-prevention-de-la-maltraitance-dans-les-creches\/\" \/>\n<meta property=\"og:locale\" content=\"fr_FR\" \/>\n<meta property=\"og:type\" content=\"article\" \/>\n<meta property=\"og:title\" content=\"Rapport IGAS sur les cr\u00e8ches\u00a0en France : Qualit\u00e9 de l\u2019accueil et pr\u00e9vention de la maltraitance dans les cr\u00e8ches - Site de la FILE\" \/>\n<meta property=\"og:description\" content=\"En 2022, suite \u00e0 un incident grave dans une cr\u00e8che de Lyon, le Ministre fran\u00e7ais des Solidarit\u00e9s, de l\u2019autonomie et des personnes handicap\u00e9es a confi\u00e9 \u00e0 l\u2019inspection g\u00e9n\u00e9rale des affaires sociales (IGAS) une mission \u00ab\u00a0d\u2019\u00e9valuation des processus et des mesures mis en \u0153uvre afin de garantir la s\u00e9curit\u00e9 et la bientraitance des enfants accueillis en [&hellip;]\" \/>\n<meta property=\"og:url\" content=\"https:\/\/www.fileasbl.be\/membres\/rapport-igas-sur-les-creches-en-france-qualite-de-laccueil-et-prevention-de-la-maltraitance-dans-les-creches\/\" \/>\n<meta property=\"og:site_name\" content=\"Site de la FILE\" \/>\n<meta property=\"article:publisher\" content=\"https:\/\/www.facebook.com\/fileasbl\/\" \/>\n<meta property=\"article:published_time\" content=\"2023-05-22T09:32:37+00:00\" \/>\n<meta property=\"article:modified_time\" content=\"2025-09-02T11:58:20+00:00\" \/>\n<meta property=\"og:image\" content=\"https:\/\/www.fileasbl.be\/membres\/wp-content\/uploads\/2023\/05\/Copie-de-Rapport-IGAS-sur-les-creches-en-France-Qualite-de-laccueil-et-prevention-de-la-maltraitance-dans-les-creches-Logo-1.png\" \/>\n\t<meta property=\"og:image:width\" content=\"500\" \/>\n\t<meta property=\"og:image:height\" content=\"500\" \/>\n\t<meta property=\"og:image:type\" content=\"image\/png\" \/>\n<meta name=\"author\" content=\"Contact FILE\" \/>\n<meta name=\"twitter:card\" content=\"summary_large_image\" \/>\n<meta name=\"twitter:label1\" content=\"\u00c9crit par\" \/>\n\t<meta name=\"twitter:data1\" content=\"Contact FILE\" \/>\n<script type=\"application\/ld+json\" class=\"yoast-schema-graph\">{\"@context\":\"https:\\\/\\\/schema.org\",\"@graph\":[{\"@type\":\"Article\",\"@id\":\"https:\\\/\\\/www.fileasbl.be\\\/membres\\\/rapport-igas-sur-les-creches-en-france-qualite-de-laccueil-et-prevention-de-la-maltraitance-dans-les-creches\\\/#article\",\"isPartOf\":{\"@id\":\"https:\\\/\\\/www.fileasbl.be\\\/membres\\\/rapport-igas-sur-les-creches-en-france-qualite-de-laccueil-et-prevention-de-la-maltraitance-dans-les-creches\\\/\"},\"author\":{\"name\":\"Contact FILE\",\"@id\":\"https:\\\/\\\/www.fileasbl.be\\\/membres\\\/#\\\/schema\\\/person\\\/5954a0c68c3a6f92f805465caa00d25f\"},\"headline\":\"Rapport IGAS sur les cr\u00e8ches\u00a0en France : Qualit\u00e9 de l\u2019accueil et pr\u00e9vention de la maltraitance dans les cr\u00e8ches\",\"datePublished\":\"2023-05-22T09:32:37+00:00\",\"dateModified\":\"2025-09-02T11:58:20+00:00\",\"mainEntityOfPage\":{\"@id\":\"https:\\\/\\\/www.fileasbl.be\\\/membres\\\/rapport-igas-sur-les-creches-en-france-qualite-de-laccueil-et-prevention-de-la-maltraitance-dans-les-creches\\\/\"},\"wordCount\":1776,\"commentCount\":0,\"image\":{\"@id\":\"https:\\\/\\\/www.fileasbl.be\\\/membres\\\/rapport-igas-sur-les-creches-en-france-qualite-de-laccueil-et-prevention-de-la-maltraitance-dans-les-creches\\\/#primaryimage\"},\"thumbnailUrl\":\"https:\\\/\\\/www.fileasbl.be\\\/membres\\\/wp-content\\\/uploads\\\/2023\\\/05\\\/Copie-de-Rapport-IGAS-sur-les-creches-en-France-Qualite-de-laccueil-et-prevention-de-la-maltraitance-dans-les-creches-Logo-1.png\",\"articleSection\":[\"Bien \u00eatre enfant\",\"Droit enfant\",\"Emotions de l'enfant\",\"Milieu d'accueil 0-3 ans\",\"Notes p\u00e9dagogiques\",\"Publications\"],\"inLanguage\":\"fr-FR\",\"potentialAction\":[{\"@type\":\"CommentAction\",\"name\":\"Comment\",\"target\":[\"https:\\\/\\\/www.fileasbl.be\\\/membres\\\/rapport-igas-sur-les-creches-en-france-qualite-de-laccueil-et-prevention-de-la-maltraitance-dans-les-creches\\\/#respond\"]}]},{\"@type\":\"WebPage\",\"@id\":\"https:\\\/\\\/www.fileasbl.be\\\/membres\\\/rapport-igas-sur-les-creches-en-france-qualite-de-laccueil-et-prevention-de-la-maltraitance-dans-les-creches\\\/\",\"url\":\"https:\\\/\\\/www.fileasbl.be\\\/membres\\\/rapport-igas-sur-les-creches-en-france-qualite-de-laccueil-et-prevention-de-la-maltraitance-dans-les-creches\\\/\",\"name\":\"Rapport IGAS sur les cr\u00e8ches\u00a0en France : Qualit\u00e9 de l\u2019accueil et pr\u00e9vention de la maltraitance dans les cr\u00e8ches - Site de la FILE\",\"isPartOf\":{\"@id\":\"https:\\\/\\\/www.fileasbl.be\\\/membres\\\/#website\"},\"primaryImageOfPage\":{\"@id\":\"https:\\\/\\\/www.fileasbl.be\\\/membres\\\/rapport-igas-sur-les-creches-en-france-qualite-de-laccueil-et-prevention-de-la-maltraitance-dans-les-creches\\\/#primaryimage\"},\"image\":{\"@id\":\"https:\\\/\\\/www.fileasbl.be\\\/membres\\\/rapport-igas-sur-les-creches-en-france-qualite-de-laccueil-et-prevention-de-la-maltraitance-dans-les-creches\\\/#primaryimage\"},\"thumbnailUrl\":\"https:\\\/\\\/www.fileasbl.be\\\/membres\\\/wp-content\\\/uploads\\\/2023\\\/05\\\/Copie-de-Rapport-IGAS-sur-les-creches-en-France-Qualite-de-laccueil-et-prevention-de-la-maltraitance-dans-les-creches-Logo-1.png\",\"datePublished\":\"2023-05-22T09:32:37+00:00\",\"dateModified\":\"2025-09-02T11:58:20+00:00\",\"author\":{\"@id\":\"https:\\\/\\\/www.fileasbl.be\\\/membres\\\/#\\\/schema\\\/person\\\/5954a0c68c3a6f92f805465caa00d25f\"},\"breadcrumb\":{\"@id\":\"https:\\\/\\\/www.fileasbl.be\\\/membres\\\/rapport-igas-sur-les-creches-en-france-qualite-de-laccueil-et-prevention-de-la-maltraitance-dans-les-creches\\\/#breadcrumb\"},\"inLanguage\":\"fr-FR\",\"potentialAction\":[{\"@type\":\"ReadAction\",\"target\":[\"https:\\\/\\\/www.fileasbl.be\\\/membres\\\/rapport-igas-sur-les-creches-en-france-qualite-de-laccueil-et-prevention-de-la-maltraitance-dans-les-creches\\\/\"]}]},{\"@type\":\"ImageObject\",\"inLanguage\":\"fr-FR\",\"@id\":\"https:\\\/\\\/www.fileasbl.be\\\/membres\\\/rapport-igas-sur-les-creches-en-france-qualite-de-laccueil-et-prevention-de-la-maltraitance-dans-les-creches\\\/#primaryimage\",\"url\":\"https:\\\/\\\/www.fileasbl.be\\\/membres\\\/wp-content\\\/uploads\\\/2023\\\/05\\\/Copie-de-Rapport-IGAS-sur-les-creches-en-France-Qualite-de-laccueil-et-prevention-de-la-maltraitance-dans-les-creches-Logo-1.png\",\"contentUrl\":\"https:\\\/\\\/www.fileasbl.be\\\/membres\\\/wp-content\\\/uploads\\\/2023\\\/05\\\/Copie-de-Rapport-IGAS-sur-les-creches-en-France-Qualite-de-laccueil-et-prevention-de-la-maltraitance-dans-les-creches-Logo-1.png\",\"width\":500,\"height\":500},{\"@type\":\"BreadcrumbList\",\"@id\":\"https:\\\/\\\/www.fileasbl.be\\\/membres\\\/rapport-igas-sur-les-creches-en-france-qualite-de-laccueil-et-prevention-de-la-maltraitance-dans-les-creches\\\/#breadcrumb\",\"itemListElement\":[{\"@type\":\"ListItem\",\"position\":1,\"name\":\"Accueil\",\"item\":\"https:\\\/\\\/www.fileasbl.be\\\/membres\\\/\"},{\"@type\":\"ListItem\",\"position\":2,\"name\":\"Rapport IGAS sur les cr\u00e8ches\u00a0en France : Qualit\u00e9 de l\u2019accueil et pr\u00e9vention de la maltraitance dans les cr\u00e8ches\"}]},{\"@type\":\"WebSite\",\"@id\":\"https:\\\/\\\/www.fileasbl.be\\\/membres\\\/#website\",\"url\":\"https:\\\/\\\/www.fileasbl.be\\\/membres\\\/\",\"name\":\"Site de la FILE\",\"description\":\"FILE Un accueil de qualit\u00e9 accessible \u00e0 tous\",\"potentialAction\":[{\"@type\":\"SearchAction\",\"target\":{\"@type\":\"EntryPoint\",\"urlTemplate\":\"https:\\\/\\\/www.fileasbl.be\\\/membres\\\/?s={search_term_string}\"},\"query-input\":{\"@type\":\"PropertyValueSpecification\",\"valueRequired\":true,\"valueName\":\"search_term_string\"}}],\"inLanguage\":\"fr-FR\"},{\"@type\":\"Person\",\"@id\":\"https:\\\/\\\/www.fileasbl.be\\\/membres\\\/#\\\/schema\\\/person\\\/5954a0c68c3a6f92f805465caa00d25f\",\"name\":\"Contact FILE\",\"url\":\"https:\\\/\\\/www.fileasbl.be\\\/membres\\\/author\\\/contactfile\\\/\"}]}<\/script>\n<!-- \/ Yoast SEO plugin. -->","yoast_head_json":{"title":"Rapport IGAS sur les cr\u00e8ches\u00a0en France : Qualit\u00e9 de l\u2019accueil et pr\u00e9vention de la maltraitance dans les cr\u00e8ches - Site de la FILE","robots":{"index":"index","follow":"follow","max-snippet":"max-snippet:-1","max-image-preview":"max-image-preview:large","max-video-preview":"max-video-preview:-1"},"canonical":"https:\/\/www.fileasbl.be\/membres\/rapport-igas-sur-les-creches-en-france-qualite-de-laccueil-et-prevention-de-la-maltraitance-dans-les-creches\/","og_locale":"fr_FR","og_type":"article","og_title":"Rapport IGAS sur les cr\u00e8ches\u00a0en France : Qualit\u00e9 de l\u2019accueil et pr\u00e9vention de la maltraitance dans les cr\u00e8ches - Site de la FILE","og_description":"En 2022, suite \u00e0 un incident grave dans une cr\u00e8che de Lyon, le Ministre fran\u00e7ais des Solidarit\u00e9s, de l\u2019autonomie et des personnes handicap\u00e9es a confi\u00e9 \u00e0 l\u2019inspection g\u00e9n\u00e9rale des affaires sociales (IGAS) une mission \u00ab\u00a0d\u2019\u00e9valuation des processus et des mesures mis en \u0153uvre afin de garantir la s\u00e9curit\u00e9 et la bientraitance des enfants accueillis en [&hellip;]","og_url":"https:\/\/www.fileasbl.be\/membres\/rapport-igas-sur-les-creches-en-france-qualite-de-laccueil-et-prevention-de-la-maltraitance-dans-les-creches\/","og_site_name":"Site de la FILE","article_publisher":"https:\/\/www.facebook.com\/fileasbl\/","article_published_time":"2023-05-22T09:32:37+00:00","article_modified_time":"2025-09-02T11:58:20+00:00","og_image":[{"width":500,"height":500,"url":"https:\/\/www.fileasbl.be\/membres\/wp-content\/uploads\/2023\/05\/Copie-de-Rapport-IGAS-sur-les-creches-en-France-Qualite-de-laccueil-et-prevention-de-la-maltraitance-dans-les-creches-Logo-1.png","type":"image\/png"}],"author":"Contact FILE","twitter_card":"summary_large_image","twitter_misc":{"\u00c9crit par":"Contact FILE"},"schema":{"@context":"https:\/\/schema.org","@graph":[{"@type":"Article","@id":"https:\/\/www.fileasbl.be\/membres\/rapport-igas-sur-les-creches-en-france-qualite-de-laccueil-et-prevention-de-la-maltraitance-dans-les-creches\/#article","isPartOf":{"@id":"https:\/\/www.fileasbl.be\/membres\/rapport-igas-sur-les-creches-en-france-qualite-de-laccueil-et-prevention-de-la-maltraitance-dans-les-creches\/"},"author":{"name":"Contact FILE","@id":"https:\/\/www.fileasbl.be\/membres\/#\/schema\/person\/5954a0c68c3a6f92f805465caa00d25f"},"headline":"Rapport IGAS sur les cr\u00e8ches\u00a0en France : Qualit\u00e9 de l\u2019accueil et pr\u00e9vention de la maltraitance dans les cr\u00e8ches","datePublished":"2023-05-22T09:32:37+00:00","dateModified":"2025-09-02T11:58:20+00:00","mainEntityOfPage":{"@id":"https:\/\/www.fileasbl.be\/membres\/rapport-igas-sur-les-creches-en-france-qualite-de-laccueil-et-prevention-de-la-maltraitance-dans-les-creches\/"},"wordCount":1776,"commentCount":0,"image":{"@id":"https:\/\/www.fileasbl.be\/membres\/rapport-igas-sur-les-creches-en-france-qualite-de-laccueil-et-prevention-de-la-maltraitance-dans-les-creches\/#primaryimage"},"thumbnailUrl":"https:\/\/www.fileasbl.be\/membres\/wp-content\/uploads\/2023\/05\/Copie-de-Rapport-IGAS-sur-les-creches-en-France-Qualite-de-laccueil-et-prevention-de-la-maltraitance-dans-les-creches-Logo-1.png","articleSection":["Bien \u00eatre enfant","Droit enfant","Emotions de l'enfant","Milieu d'accueil 0-3 ans","Notes p\u00e9dagogiques","Publications"],"inLanguage":"fr-FR","potentialAction":[{"@type":"CommentAction","name":"Comment","target":["https:\/\/www.fileasbl.be\/membres\/rapport-igas-sur-les-creches-en-france-qualite-de-laccueil-et-prevention-de-la-maltraitance-dans-les-creches\/#respond"]}]},{"@type":"WebPage","@id":"https:\/\/www.fileasbl.be\/membres\/rapport-igas-sur-les-creches-en-france-qualite-de-laccueil-et-prevention-de-la-maltraitance-dans-les-creches\/","url":"https:\/\/www.fileasbl.be\/membres\/rapport-igas-sur-les-creches-en-france-qualite-de-laccueil-et-prevention-de-la-maltraitance-dans-les-creches\/","name":"Rapport IGAS sur les cr\u00e8ches\u00a0en France : Qualit\u00e9 de l\u2019accueil et pr\u00e9vention de la maltraitance dans les cr\u00e8ches - Site de la FILE","isPartOf":{"@id":"https:\/\/www.fileasbl.be\/membres\/#website"},"primaryImageOfPage":{"@id":"https:\/\/www.fileasbl.be\/membres\/rapport-igas-sur-les-creches-en-france-qualite-de-laccueil-et-prevention-de-la-maltraitance-dans-les-creches\/#primaryimage"},"image":{"@id":"https:\/\/www.fileasbl.be\/membres\/rapport-igas-sur-les-creches-en-france-qualite-de-laccueil-et-prevention-de-la-maltraitance-dans-les-creches\/#primaryimage"},"thumbnailUrl":"https:\/\/www.fileasbl.be\/membres\/wp-content\/uploads\/2023\/05\/Copie-de-Rapport-IGAS-sur-les-creches-en-France-Qualite-de-laccueil-et-prevention-de-la-maltraitance-dans-les-creches-Logo-1.png","datePublished":"2023-05-22T09:32:37+00:00","dateModified":"2025-09-02T11:58:20+00:00","author":{"@id":"https:\/\/www.fileasbl.be\/membres\/#\/schema\/person\/5954a0c68c3a6f92f805465caa00d25f"},"breadcrumb":{"@id":"https:\/\/www.fileasbl.be\/membres\/rapport-igas-sur-les-creches-en-france-qualite-de-laccueil-et-prevention-de-la-maltraitance-dans-les-creches\/#breadcrumb"},"inLanguage":"fr-FR","potentialAction":[{"@type":"ReadAction","target":["https:\/\/www.fileasbl.be\/membres\/rapport-igas-sur-les-creches-en-france-qualite-de-laccueil-et-prevention-de-la-maltraitance-dans-les-creches\/"]}]},{"@type":"ImageObject","inLanguage":"fr-FR","@id":"https:\/\/www.fileasbl.be\/membres\/rapport-igas-sur-les-creches-en-france-qualite-de-laccueil-et-prevention-de-la-maltraitance-dans-les-creches\/#primaryimage","url":"https:\/\/www.fileasbl.be\/membres\/wp-content\/uploads\/2023\/05\/Copie-de-Rapport-IGAS-sur-les-creches-en-France-Qualite-de-laccueil-et-prevention-de-la-maltraitance-dans-les-creches-Logo-1.png","contentUrl":"https:\/\/www.fileasbl.be\/membres\/wp-content\/uploads\/2023\/05\/Copie-de-Rapport-IGAS-sur-les-creches-en-France-Qualite-de-laccueil-et-prevention-de-la-maltraitance-dans-les-creches-Logo-1.png","width":500,"height":500},{"@type":"BreadcrumbList","@id":"https:\/\/www.fileasbl.be\/membres\/rapport-igas-sur-les-creches-en-france-qualite-de-laccueil-et-prevention-de-la-maltraitance-dans-les-creches\/#breadcrumb","itemListElement":[{"@type":"ListItem","position":1,"name":"Accueil","item":"https:\/\/www.fileasbl.be\/membres\/"},{"@type":"ListItem","position":2,"name":"Rapport IGAS sur les cr\u00e8ches\u00a0en France : Qualit\u00e9 de l\u2019accueil et pr\u00e9vention de la maltraitance dans les cr\u00e8ches"}]},{"@type":"WebSite","@id":"https:\/\/www.fileasbl.be\/membres\/#website","url":"https:\/\/www.fileasbl.be\/membres\/","name":"Site de la FILE","description":"FILE Un accueil de qualit\u00e9 accessible \u00e0 tous","potentialAction":[{"@type":"SearchAction","target":{"@type":"EntryPoint","urlTemplate":"https:\/\/www.fileasbl.be\/membres\/?s={search_term_string}"},"query-input":{"@type":"PropertyValueSpecification","valueRequired":true,"valueName":"search_term_string"}}],"inLanguage":"fr-FR"},{"@type":"Person","@id":"https:\/\/www.fileasbl.be\/membres\/#\/schema\/person\/5954a0c68c3a6f92f805465caa00d25f","name":"Contact FILE","url":"https:\/\/www.fileasbl.be\/membres\/author\/contactfile\/"}]}},"builder_content":"<img loading=\"lazy\" decoding=\"async\" width=\"1584\" height=\"396\" src=\"https:\/\/www.fileasbl.be\/membres\/wp-content\/uploads\/2023\/05\/Rapport-IGAS-sur-les-creches-en-France-Qualite-de-laccueil-et-prevention-de-la-maltraitance-dans-les-creches.png\" title=\"Rapport IGAS sur les cr\u00e8ches\u00a0en France Qualit\u00e9 de l\u2019accueil et pr\u00e9vention de la maltraitance dans les cr\u00e8ches\" alt=\"Rapport IGAS sur les cr\u00e8ches\u00a0en France Qualit\u00e9 de l\u2019accueil et pr\u00e9vention de la maltraitance dans les cr\u00e8ches\" srcset=\"https:\/\/www.fileasbl.be\/membres\/wp-content\/uploads\/2023\/05\/Rapport-IGAS-sur-les-creches-en-France-Qualite-de-laccueil-et-prevention-de-la-maltraitance-dans-les-creches.png 1584w, https:\/\/www.fileasbl.be\/membres\/wp-content\/uploads\/2023\/05\/Rapport-IGAS-sur-les-creches-en-France-Qualite-de-laccueil-et-prevention-de-la-maltraitance-dans-les-creches-300x75.png 300w, https:\/\/www.fileasbl.be\/membres\/wp-content\/uploads\/2023\/05\/Rapport-IGAS-sur-les-creches-en-France-Qualite-de-laccueil-et-prevention-de-la-maltraitance-dans-les-creches-1024x256.png 1024w, https:\/\/www.fileasbl.be\/membres\/wp-content\/uploads\/2023\/05\/Rapport-IGAS-sur-les-creches-en-France-Qualite-de-laccueil-et-prevention-de-la-maltraitance-dans-les-creches-768x192.png 768w, https:\/\/www.fileasbl.be\/membres\/wp-content\/uploads\/2023\/05\/Rapport-IGAS-sur-les-creches-en-France-Qualite-de-laccueil-et-prevention-de-la-maltraitance-dans-les-creches-1536x384.png 1536w, https:\/\/www.fileasbl.be\/membres\/wp-content\/uploads\/2023\/05\/Rapport-IGAS-sur-les-creches-en-France-Qualite-de-laccueil-et-prevention-de-la-maltraitance-dans-les-creches-400x100.png 400w\" sizes=\"auto, (max-width: 1584px) 100vw, 1584px\" \/>\n\n<p>En 2022, suite \u00e0 un incident grave dans une cr\u00e8che de Lyon, le Ministre fran\u00e7ais des Solidarit\u00e9s, de l\u2019autonomie et des personnes handicap\u00e9es a confi\u00e9 \u00e0 l\u2019inspection g\u00e9n\u00e9rale des affaires sociales (IGAS) une mission \u00ab\u00a0d\u2019\u00e9valuation des processus et des mesures mis en \u0153uvre afin de garantir la s\u00e9curit\u00e9 et la bientraitance des enfants accueillis en \u00e9tablissement d\u2019accueil du jeune enfant (EAJE)\u00a0\u00bb.<\/p> <p>Cette mission avait pour but d\u2019identifier les facteurs qui influencent la qualit\u00e9 de l\u2019accueil ou qui constituent des risques de d\u00e9rives et de maltraitance individuelle et institutionnelle. Celle-ci avait \u00e9galement comme objectif de d\u00e9gager des axes pour un accueil de qualit\u00e9 et des recommandations dans ce sens. Ce 11 avril dernier, le rapport a \u00e9t\u00e9 publi\u00e9\u00a0; en voici les grandes lignes.<\/p> <p>Ce rapport dresse un constat sur la qualit\u00e9 de l\u2019accueil en France et propose des pistes concr\u00e8tes d\u00e9finies selon des axes prioritaires pour orienter les politiques publiques. La situation n\u2019est pas identique en F\u00e9d\u00e9ration Wallonie-Bruxelles, mais les recommandations de ce rapport sont en accord avec les recommandations de l\u2019ONE et de la FILE concernant la qualit\u00e9 de l\u2019accueil. En voici une note synth\u00e9tique.<\/p> <p>Le rapport dresse en effet le constat \u00ab d\u2019une qualit\u00e9 d\u2019accueil particuli\u00e8rement h\u00e9t\u00e9rog\u00e8ne dans les EAJE, le secteur pr\u00e9sentant des \u00e9tablissements de grande qualit\u00e9, port\u00e9s par une r\u00e9flexion p\u00e9dagogique approfondie, comme des \u00e9tablissements de qualit\u00e9 tr\u00e8s d\u00e9grad\u00e9e. Si la perspective du rapport consiste \u00e0 souligner les risques et les dysfonctionnements possibles au sein de ces \u00e9tablissements, ces insuffisances ne diminuent en rien la qualit\u00e9 de nombreux projets et l\u2019engagement fort de nombreux professionnel.le.s. \u00bb.<\/p> <h3>\u00a0<\/h3> <h3><u>Un d\u00e9ficit de qualit\u00e9 observ\u00e9, quelles en sont les causes\u00a0? <\/u><\/h3> <p><strong>Les normes d\u2019encadrement<\/strong>, <strong>la formation<\/strong> des professionnel.le.s, la diffusion des <strong>bonnes pratiques<\/strong> et des connaissances sur le jeune enfant, le pilotage <strong>administratif,<\/strong> les modalit\u00e9s de <strong>financement<\/strong>, la qualit\u00e9 du b\u00e2timent et de <strong>l\u2019am\u00e9nagement int\u00e9rieur<\/strong> et la capacit\u00e9 g\u00e9n\u00e9rale \u00e0 <strong>r\u00e9pondre aux besoins<\/strong> des enfants sont autant de facteurs influen\u00e7ant la qualit\u00e9 de l\u2019accueil.<\/p>\n<img loading=\"lazy\" decoding=\"async\" width=\"500\" height=\"500\" src=\"https:\/\/www.fileasbl.be\/membres\/wp-content\/uploads\/2023\/05\/Copie-de-Rapport-IGAS-sur-les-creches-en-France-Qualite-de-laccueil-et-prevention-de-la-maltraitance-dans-les-creches-Logo.png\" title=\"Copie de Rapport IGAS sur les cr\u00e8ches\u00a0en France Qualit\u00e9 de l\u2019accueil et pr\u00e9vention de la maltraitance dans les cr\u00e8ches (Logo)\" alt=\"Copie de Rapport IGAS sur les cr\u00e8ches\u00a0en France Qualit\u00e9 de l\u2019accueil et pr\u00e9vention de la maltraitance dans les cr\u00e8ches (Logo)\" srcset=\"https:\/\/www.fileasbl.be\/membres\/wp-content\/uploads\/2023\/05\/Copie-de-Rapport-IGAS-sur-les-creches-en-France-Qualite-de-laccueil-et-prevention-de-la-maltraitance-dans-les-creches-Logo.png 500w, https:\/\/www.fileasbl.be\/membres\/wp-content\/uploads\/2023\/05\/Copie-de-Rapport-IGAS-sur-les-creches-en-France-Qualite-de-laccueil-et-prevention-de-la-maltraitance-dans-les-creches-Logo-300x300.png 300w, https:\/\/www.fileasbl.be\/membres\/wp-content\/uploads\/2023\/05\/Copie-de-Rapport-IGAS-sur-les-creches-en-France-Qualite-de-laccueil-et-prevention-de-la-maltraitance-dans-les-creches-Logo-150x150.png 150w, https:\/\/www.fileasbl.be\/membres\/wp-content\/uploads\/2023\/05\/Copie-de-Rapport-IGAS-sur-les-creches-en-France-Qualite-de-laccueil-et-prevention-de-la-maltraitance-dans-les-creches-Logo-400x400.png 400w, https:\/\/www.fileasbl.be\/membres\/wp-content\/uploads\/2023\/05\/Copie-de-Rapport-IGAS-sur-les-creches-en-France-Qualite-de-laccueil-et-prevention-de-la-maltraitance-dans-les-creches-Logo-100x100.png 100w\" sizes=\"auto, (max-width: 500px) 100vw, 500px\" \/>\n<p>\u00a0<\/p> <p>\u00a0\u00ab\u00a0La d\u00e9gradation de la qualit\u00e9 peut entra\u00eener des <strong>carences<\/strong> dans la s\u00e9curisation affective et dans l\u2019\u00e9veil des enfants, autant qu\u2019un <strong>\u00e9puisement des professionnel.le.s,<\/strong> qui ne parviennent plus \u00e0 accueillir les enfants dans les conditions requises. De ce point de vue, la p\u00e9nurie de professionnel.le.s qui touche le secteur constitue un facteur aggravant autant qu\u2019un sympt\u00f4me. Les <strong>faibles niveaux de r\u00e9mun\u00e9ration<\/strong>, la <strong>qualit\u00e9 de vie au travail<\/strong>, le sentiment de ne pas pouvoir accorder \u00e0 l\u2019enfant le temps dont il a besoin ne permettent pas d\u2019attirer et de fid\u00e9liser le personnel.\u00a0\u00bb<\/p>\n<p>Le rapport met en \u00e9vidence que ce d\u00e9ficit de qualit\u00e9 peut amener de la maltraitance\u00a0: \u00ab\u00a0n\u00e9gligence du fait de contraintes de l\u2019organisation qui priment sur les besoins de la personne accueillie, non-respect des rythmes individuels, d\u00e9valorisation, humiliation, for\u00e7age, violence verbale et physique... L\u2019accueil collectif des jeunes enfants est un secteur qui tend \u00e0 \u00eatre id\u00e9alis\u00e9, et dont on ne reconna\u00eet ni la p\u00e9nibilit\u00e9 ni les risques, au d\u00e9triment des enfants comme des professionnel.le.s. A ce titre, la mission juge essentiel d\u2019op\u00e9rer un changement de regard pour replacer les EAJE \u00e0 leur juste place, celle d\u2019un accueil de personnes en situation d\u2019extr\u00eame vuln\u00e9rabilit\u00e9 et d\u2019extr\u00eame d\u00e9pendance, et de prendre la mesure de ce que ce type d\u2019activit\u00e9s implique en termes de conditions de travail, de temps n\u00e9cessaire \u00e0 l\u2019accompagnement des personnes, de formation, de pr\u00e9vention des risques, d\u2019\u00e9valuation et de contr\u00f4le\u00a0\u00bb.<\/p> <p>Avec ces constats, 7 axes strat\u00e9giques ont \u00e9t\u00e9 \u00e9labor\u00e9s afin d\u2019am\u00e9liorer la qualit\u00e9 du secteur\u00a0:<\/p>\n<ul><li><h4>Axe 1 \u2013 Faire du d\u00e9veloppement et de la s\u00e9curit\u00e9 affective de l\u2019enfant un objectif prioritaire de la politique d\u2019accueil du jeune enfant <\/h4><p>Cet axe propose, entre autres, de consid\u00e9rer l\u2019enfant comme une personne \u00e0 part enti\u00e8re et non comme un objet de soin, ce qui permettrait d\u2019avoir <strong>une meilleure r\u00e9ponse \u00e0 ses besoins<\/strong>. Cet objectif souligne \u00e9galement de prendre la pleine mesure des acquis des derni\u00e8res d\u00e9cennies de recherche, qui ont consid\u00e9rablement \u00e9largi la compr\u00e9hension des besoins des jeunes enfants, et de renforcer \u00e0 tous les niveaux <strong>le lien entre la recherche et le secteur de la petite enfance<\/strong>.<\/p> <p>La question <strong>des rythmes de l\u2019enfant<\/strong> est \u00e9galement abord\u00e9e. Le rapport stipule que \u00ab\u00a0certains enfants peuvent \u00eatre accueillis en cr\u00e8che plus de 40h par semaine, sans le r\u00e9pit r\u00e9gulier que repr\u00e9sentent les vacances scolaires pour les plus de 3 ans, \u00e0 un \u00e2ge o\u00f9 le collectif, et ce qu\u2019il implique de bruit, d\u2019agitation, de risques de surstimulation, peut \u00eatre particuli\u00e8rement exigeant. Ces pr\u00e9occupations se posent de fa\u00e7on plus aigu\u00eb encore pour les enfants de moins d\u2019un an. Pour ces enfants qui ne peuvent ni diff\u00e9rer la r\u00e9ponse \u00e0 leurs besoins, ni se d\u00e9placer lorsqu\u2019un adulte ne vient pas s\u2019occuper d\u2019eux, l\u2019accueil collectif ne para\u00eet pas n\u00e9cessairement \u00eatre, dans les conditions actuelles, le plus adapt\u00e9. Comme l\u2019a montr\u00e9 le rapport des 1 000 premiers jours, <strong>une r\u00e9vision des r\u00e8gles des cong\u00e9s maternel, paternel et des cong\u00e9s parentaux<\/strong> devrait permettre de favoriser le temps pass\u00e9 entre les enfants et les parents et d\u2019offrir la possibilit\u00e9 <strong>d\u2019une entr\u00e9e moins pr\u00e9coce en cr\u00e8che<\/strong>\u00a0\u00bb.<\/p><\/li><li><h4>Axe 2 \u2013 Inscrire dans les objectifs de la branche famille une trajectoire vers des standards de qualit\u00e9, distinct des standards de s\u00e9curit\u00e9 <\/h4><p>Ce deuxi\u00e8me axe vise \u00e0 travailler <strong>le taux d\u2019encadrement et la taille des groupes d\u2019enfants<\/strong> qui ne permettent pas de respecter le rythme de chaque enfant, d\u2019accompagner son d\u00e9veloppement et de garantir un accueil de qualit\u00e9. En effet, ces normes actuelles ne r\u00e9pondent pas aux normes indiqu\u00e9es dans les recherches scientifiques.<\/p><\/li><li><h4> Axe 3 \u2013 \u0152uvrer \u00e0 une mont\u00e9e en qualification globale des professionnel.le.s, en lien avec le secteur de la recherche <\/h4><p>Cet axe 3 se focalise sur <strong>le niveau de qualification des professionnel.le.s<\/strong> et leur engagement dans un processus r\u00e9gulier de <strong>formation continue<\/strong>, qui sont des facteurs centraux de la qualit\u00e9. Le rapport met en \u00e9vidence que \u00ab\u00a0le niveau global de qualification des professionnel.le.s tend \u00e0 se d\u00e9grader par un mouvement d\u2019aspiration vers le haut, \u00e0 la faveur d\u2019un assouplissement continu des exigences r\u00e9glementaires\u00a0\u00bb.<\/p> <p>Par ailleurs, il est \u00e9galement soulign\u00e9 que la formation initiale des professionnel.le.s au d\u00e9veloppement de l\u2019enfant est globalement insuffisante, in\u00e9gale selon les types de m\u00e9tiers et insuffisamment en lien avec les derniers acquis de la recherche.<\/p> <p>Le rapport signale \"qu\u2019un rel\u00e8vement g\u00e9n\u00e9ral du niveau de qualification\" doit passer par plusieurs priorit\u00e9s :<\/p> <ul> <li><strong>Des exigences renforc\u00e9es en mati\u00e8re de formation continue<\/strong>. Une formation obligatoire \u00e0 l\u2019entr\u00e9e en EAJE, pour le personnel \u00ab qualifi\u00e9 \u00bb comme pour les auxiliaires de pu\u00e9riculture, peu form\u00e9s sp\u00e9cifiquement aux enjeux de l\u2019accueil collectif, pourrait \u00eatre envisag\u00e9e ;<\/li> <li>Une association plus syst\u00e9matique <strong>des laboratoires de recherche<\/strong> sp\u00e9cialis\u00e9s dans la petite enfance aux instituts de formation.<\/li> <\/ul> <p>Un focus est mis sur la p\u00e9nurie actuelle des professionnel.le.s. En effet, ces objectifs ne pourront pas \u00eatre atteints si cela n\u2019est pas r\u00e9solu, ce qui suppose un travail pour une augmentation tr\u00e8s importante de l\u2019appareil de formation, et un travail sur les conditions d\u2019attractivit\u00e9 et la perception sociale des m\u00e9tiers.\u00a0\u00bb<\/p><\/li><li><h4>Axe 4 \u2013 Faire de la qualit\u00e9 le point central du financement <\/h4><p>Cet axe se focalise sur la question du financement. \u00ab\u00a0Les modalit\u00e9s actuelles du financement des \u00e9tablissements ont une sensibilit\u00e9 faible \u00e0 la question de la qualit\u00e9, et peuvent m\u00eame lui devenir pr\u00e9judiciables. Cela prend peu en compte <strong>des \u00e9l\u00e9ments structurants de la qualit\u00e9<\/strong> (temps de r\u00e9flexion et de concertation des \u00e9quipes, analyse de la pratique, supervision, soutien \u00e0 la parentalit\u00e9\u2026).<\/p><\/li><li><h4>Axe 5 \u2013 Renforcer et r\u00e9nover le contr\u00f4le et l\u2019\u00e9valuation <\/h4><p>Le contr\u00f4le exerc\u00e9 par la Protection Maternelle et Infantile (PMI), actuellement centr\u00e9 sur les questions d\u2019hygi\u00e8ne et de s\u00e9curit\u00e9, \u00ab\u00a0doit \u00eatre r\u00e9nov\u00e9 pour devenir <strong>un v\u00e9ritable contr\u00f4le de la qualit\u00e9<\/strong> de l\u2019accueil, \u00e0 partir d\u2019approches d\u2019observation et d\u2019immersion renforc\u00e9es.\u00a0 Ceci implique notamment un travail sur les r\u00e9f\u00e9rentiels de bonnes pratiques professionnelles, <strong>une formation des contr\u00f4leurs et inspecteurs<\/strong>, et un recrutement plus important d\u2019\u00e9ducateurs de jeunes enfants au sein des PMI. Ces contr\u00f4les doivent par ailleurs \u00eatre soumis \u00e0 des normes de r\u00e9gularit\u00e9.\u00a0\u00bb<\/p><\/li><li><h4>Axe 6 \u2013 Structurer le pilotage du secteur au niveau local et national<\/h4><p>\u00a0\u00ab\u00a0Au niveau local, la mise en place de comit\u00e9s d\u00e9partementaux de service aux familles constitue une avanc\u00e9e significative pour structurer le pilotage. Ces comit\u00e9s devront investir de fa\u00e7on ferme le pilotage et l\u2019animation de la qualit\u00e9, en prenant notamment en charge l\u2019analyse de la pratique pour les directeurs des \u00e9tablissements, l\u2019\u00e9valuation entre pairs, et l\u2019organisation de la formation continue au niveau territorial.\u00a0\u00bb<\/p><\/li><li><h4>Axe 7 \u2013 Penser la question de la maltraitance dans les \u00e9tablissements et renforcer la pr\u00e9vention des risques <\/h4><p>Les mesures mises en \u0153uvre pour renforcer la qualit\u00e9 permettent de diminuer les facteurs de risque de maltraitance, mais ne conduiront pas \u00e0 \u00e9liminer ce risque, qui est inh\u00e9rent \u00e0 l\u2019accueil de personnes d\u00e9pendantes et vuln\u00e9rables. Ceci implique que les difficult\u00e9s ne soient pas ni\u00e9es ou euph\u00e9mis\u00e9es, et que <strong>la question soit abord\u00e9e de fa\u00e7on ouverte dans les formations initiales et continues <\/strong>des professionnel.le.s, ainsi que dans <strong>l\u2019analyse de la pratique et la supervision<\/strong>. Les circuits d\u2019alerte, de r\u00e9clamation, et de signalement doivent par ailleurs \u00eatre clarifi\u00e9s.<br><br>Les axes \u00e0 travailler pour am\u00e9liorer la qualit\u00e9 d\u2019accueil des milieux d\u2019accueil en France peuvent tout \u00e0 fait \u00eatre appliqu\u00e9s, chez nous, en Belgique. Ce rapport met en exergue tout le travail n\u00e9cessaire et indispensable afin d\u2019arriver \u00e0 une qualit\u00e9 d\u2019accueil qui met le bien-\u00eatre des enfants au centre. Du chemin reste \u00e0 parcourir\u2026<\/p><\/li><\/ul>\n<p>\u00a0<\/p> <p>Pour lire l\u2019enti\u00e8ret\u00e9 du rapport, <a href=\"https:\/\/www.fileasbl.be\/membres\/wp-content\/uploads\/2023\/05\/2022-062r_tome_1.pdf\">c'est par ici !<\/a><\/p>\n<img loading=\"lazy\" decoding=\"async\" width=\"1584\" height=\"396\" src=\"https:\/\/www.fileasbl.be\/membres\/wp-content\/uploads\/2023\/05\/Copie-de-Rapport-IGAS-sur-les-creches-en-France-Qualite-de-laccueil-et-prevention-de-la-maltraitance-dans-les-creches-1.png\" title=\"Copie de Rapport IGAS sur les cr\u00e8ches\u00a0en France Qualit\u00e9 de l\u2019accueil et pr\u00e9vention de la maltraitance dans les cr\u00e8ches (1)\" alt=\"Copie de Rapport IGAS sur les cr\u00e8ches\u00a0en France Qualit\u00e9 de l\u2019accueil et pr\u00e9vention de la maltraitance dans les cr\u00e8ches (1)\" srcset=\"https:\/\/www.fileasbl.be\/membres\/wp-content\/uploads\/2023\/05\/Copie-de-Rapport-IGAS-sur-les-creches-en-France-Qualite-de-laccueil-et-prevention-de-la-maltraitance-dans-les-creches-1.png 1584w, https:\/\/www.fileasbl.be\/membres\/wp-content\/uploads\/2023\/05\/Copie-de-Rapport-IGAS-sur-les-creches-en-France-Qualite-de-laccueil-et-prevention-de-la-maltraitance-dans-les-creches-1-300x75.png 300w, https:\/\/www.fileasbl.be\/membres\/wp-content\/uploads\/2023\/05\/Copie-de-Rapport-IGAS-sur-les-creches-en-France-Qualite-de-laccueil-et-prevention-de-la-maltraitance-dans-les-creches-1-1024x256.png 1024w, https:\/\/www.fileasbl.be\/membres\/wp-content\/uploads\/2023\/05\/Copie-de-Rapport-IGAS-sur-les-creches-en-France-Qualite-de-laccueil-et-prevention-de-la-maltraitance-dans-les-creches-1-768x192.png 768w, https:\/\/www.fileasbl.be\/membres\/wp-content\/uploads\/2023\/05\/Copie-de-Rapport-IGAS-sur-les-creches-en-France-Qualite-de-laccueil-et-prevention-de-la-maltraitance-dans-les-creches-1-1536x384.png 1536w, https:\/\/www.fileasbl.be\/membres\/wp-content\/uploads\/2023\/05\/Copie-de-Rapport-IGAS-sur-les-creches-en-France-Qualite-de-laccueil-et-prevention-de-la-maltraitance-dans-les-creches-1-400x100.png 400w\" sizes=\"auto, (max-width: 1584px) 100vw, 1584px\" \/>","_links":{"self":[{"href":"https:\/\/www.fileasbl.be\/membres\/wp-json\/wp\/v2\/posts\/30699","targetHints":{"allow":["GET"]}}],"collection":[{"href":"https:\/\/www.fileasbl.be\/membres\/wp-json\/wp\/v2\/posts"}],"about":[{"href":"https:\/\/www.fileasbl.be\/membres\/wp-json\/wp\/v2\/types\/post"}],"author":[{"embeddable":true,"href":"https:\/\/www.fileasbl.be\/membres\/wp-json\/wp\/v2\/users\/2"}],"replies":[{"embeddable":true,"href":"https:\/\/www.fileasbl.be\/membres\/wp-json\/wp\/v2\/comments?post=30699"}],"version-history":[{"count":0,"href":"https:\/\/www.fileasbl.be\/membres\/wp-json\/wp\/v2\/posts\/30699\/revisions"}],"wp:featuredmedia":[{"embeddable":true,"href":"https:\/\/www.fileasbl.be\/membres\/wp-json\/wp\/v2\/media\/30743"}],"wp:attachment":[{"href":"https:\/\/www.fileasbl.be\/membres\/wp-json\/wp\/v2\/media?parent=30699"}],"wp:term":[{"taxonomy":"category","embeddable":true,"href":"https:\/\/www.fileasbl.be\/membres\/wp-json\/wp\/v2\/categories?post=30699"},{"taxonomy":"post_tag","embeddable":true,"href":"https:\/\/www.fileasbl.be\/membres\/wp-json\/wp\/v2\/tags?post=30699"}],"curies":[{"name":"wp","href":"https:\/\/api.w.org\/{rel}","templated":true}]}}