{"id":30769,"date":"2023-06-22T15:12:21","date_gmt":"2023-06-22T14:12:21","guid":{"rendered":"https:\/\/www.fileasbl.be\/membres\/?p=30769"},"modified":"2024-08-08T16:02:22","modified_gmt":"2024-08-08T15:02:22","slug":"lancement-du-questionnaire-sur-les-conditions-de-travail-dans-laes","status":"publish","type":"post","link":"https:\/\/www.fileasbl.be\/membres\/lancement-du-questionnaire-sur-les-conditions-de-travail-dans-laes\/","title":{"rendered":"Petite enfance : P\u00e9tition et actions ce mardi 4 octobre !"},"content":{"rendered":"<!--themify_builder_content-->\n<div id=\"themify_builder_content-30769\" data-postid=\"30769\" class=\"themify_builder_content themify_builder_content-30769 themify_builder tf_clear\">\n    \t<!-- module_row -->\n\t<div  data-lazy=\"1\" class=\"module_row themify_builder_row tb_4cd5235 tb_first tf_clearfix\" >\n\t    \t\t<div class=\"row_inner col_align_top col-count-1 tf_box tf_w tf_rel\">\n\t\t\t<div  data-lazy=\"1\" class=\"module_column tb-column col-full first tb_rdx5612 tf_box\">\n\t\t\t    \t        <div class=\"tb-column-inner tf_box tf_w\">\n\t\t    <!-- module image -->\n<div  class=\"module module-image tb_afp1943 rounded bordered  image-top auto_fullwidth tf_mw\" data-lazy=\"1\">\n        <div class=\"image-wrap tf_rel tf_mw\">\n\t\t    <img loading=\"lazy\" decoding=\"async\" width=\"6912\" height=\"3456\" src=\"https:\/\/www.fileasbl.be\/membres\/wp-content\/uploads\/2023\/06\/Grevemobilisation.png\" class=\"wp-post-image wp-image-30821\" title=\"Gr\u00e8vemobilisation\" alt=\"Gr\u00e8vemobilisation\" srcset=\"https:\/\/www.fileasbl.be\/membres\/wp-content\/uploads\/2023\/06\/Grevemobilisation.png 6912w, https:\/\/www.fileasbl.be\/membres\/wp-content\/uploads\/2023\/06\/Grevemobilisation-300x150.png 300w, https:\/\/www.fileasbl.be\/membres\/wp-content\/uploads\/2023\/06\/Grevemobilisation-1024x512.png 1024w, https:\/\/www.fileasbl.be\/membres\/wp-content\/uploads\/2023\/06\/Grevemobilisation-768x384.png 768w, https:\/\/www.fileasbl.be\/membres\/wp-content\/uploads\/2023\/06\/Grevemobilisation-1536x768.png 1536w, https:\/\/www.fileasbl.be\/membres\/wp-content\/uploads\/2023\/06\/Grevemobilisation-2048x1024.png 2048w, https:\/\/www.fileasbl.be\/membres\/wp-content\/uploads\/2023\/06\/Grevemobilisation-400x200.png 400w\" sizes=\"auto, (max-width: 6912px) 100vw, 6912px\" \/>\t\n\t\t<\/div>\n\t<!-- \/image-wrap -->\n    \n    \t<\/div>\n<!-- \/module image --><!-- module divider -->\n<div  class=\"module tf_mw module-divider tb_ig5x299 solid   \" style=\"border-width: 1px;border-color: #b5fffa;margin-top: 40px;margin-bottom: 40px;\" data-lazy=\"1\">\n    <\/div>\n<!-- \/module divider -->\n<!-- module text -->\n<div  class=\"module module-text tb_5hlj414   \" data-lazy=\"1\">\n        <div  class=\"tb_text_wrap\">\n    <p>La<strong> p\u00e9nurie de personnel dans le secteur de la petite enfance<\/strong> vient se cumuler \u00e0 la p\u00e9nurie des places d&rsquo;accueil de qualit\u00e9 pour les enfants.\u00a0La FILE, l&rsquo;UNESSA et les syndicats publics et priv\u00e9s s&rsquo;associent cette semaine de <strong>conclave budg\u00e9taire <\/strong>en F\u00e9d\u00e9ration Wallonie Bruxelles pour demander des moyens financiers \u00e0 hauteur des enjeux.\u00a0<br \/>\u00a0<\/p>\n<h2>Quelles actions ?<\/h2>\n<ul>\n<li><a href=\"https:\/\/www.change.org\/p\/petite-enfance-pas-de-bras-c-est-la-cata\">Une <strong>p\u00e9tition <\/strong>a \u00e9t\u00e9 lanc\u00e9e, nous vous invitons \u00e0 la signer et \u00e0 la diffuser le plus largement possible dans vos structures (affiches ci-dessous).\u00a0<\/a><\/li>\n<li>Une <strong>conf\u00e9rence de presse<\/strong> conjointe (partenaires sociaux) aura lieu ce mercredi 4 octobre devant le Gouvernement. Il est possible que les syndicats demandent la lib\u00e9ration de certains travailleurs.<\/li>\n<\/ul>\n<h2>Les supports visuels et affiches<\/h2>\n<ul>\n<li><a href=\"https:\/\/fileasbl.us19.list-manage.com\/track\/click?u=6ee8fd8d279afe53981b72411&amp;id=86de3885d7&amp;e=d93aa3e686\">Affiche en PNG avec QRCODE vers la p\u00e9tition<\/a><\/li>\n<li><a href=\"https:\/\/fileasbl.us19.list-manage.com\/track\/click?u=6ee8fd8d279afe53981b72411&amp;id=91b1088a39&amp;e=d93aa3e686\">Affiche en PDF avec QRCODE vers la p\u00e9tition<\/a><\/li>\n<\/ul>\n<p><br \/>Nous reviendrons vers vous \u00e0 la suite de ces actions et du conclave budg\u00e9taire,<br \/>L&rsquo;\u00e9quipe de la FILE<\/p>    <\/div>\n<\/div>\n<!-- \/module text -->\t<div  data-lazy=\"1\" class=\"module_subrow themify_builder_sub_row tb_qfj5546 tf_w tf_clearfix\">\n\t    \t\t<div class=\"subrow_inner col_align_top col-count-3 tf_box tf_w\">\n\t\t\t<div  style=\"width: 13.22%\" data-lazy=\"1\" class=\"sub_column module_column tf_box col3-1 first tb_yzd1547\"> \n\t    \t    \t<\/div>\n\t\t<div  style=\"width: 68.4%\" data-lazy=\"1\" class=\"sub_column module_column tf_box col3-1 middle tb_dlb4548\"> \n\t    \t    \t        <div class=\"tb-column-inner tf_box tf_w\">\n\t\t    <!-- module image -->\n<div  class=\"module module-image tb_hcx7628 rounded  image-full-overlay tf_mw\" data-lazy=\"1\">\n        <div class=\"image-wrap tf_rel tf_mw\">\n\t\t    <img loading=\"lazy\" decoding=\"async\" width=\"1240\" height=\"1240\" src=\"https:\/\/www.fileasbl.be\/membres\/wp-content\/uploads\/2023\/06\/PETITION.jpg\" class=\"wp-post-image wp-image-30817\" title=\"PETITION\" alt=\"PETITION\" srcset=\"https:\/\/www.fileasbl.be\/membres\/wp-content\/uploads\/2023\/06\/PETITION.jpg 1240w, https:\/\/www.fileasbl.be\/membres\/wp-content\/uploads\/2023\/06\/PETITION-300x300.jpg 300w, https:\/\/www.fileasbl.be\/membres\/wp-content\/uploads\/2023\/06\/PETITION-1024x1024.jpg 1024w, https:\/\/www.fileasbl.be\/membres\/wp-content\/uploads\/2023\/06\/PETITION-150x150.jpg 150w, https:\/\/www.fileasbl.be\/membres\/wp-content\/uploads\/2023\/06\/PETITION-768x768.jpg 768w, https:\/\/www.fileasbl.be\/membres\/wp-content\/uploads\/2023\/06\/PETITION-400x400.jpg 400w, https:\/\/www.fileasbl.be\/membres\/wp-content\/uploads\/2023\/06\/PETITION-100x100.jpg 100w, https:\/\/www.fileasbl.be\/membres\/wp-content\/uploads\/2023\/06\/PETITION-1024x1024-175x175.jpg 175w, https:\/\/www.fileasbl.be\/membres\/wp-content\/uploads\/2023\/06\/PETITION-1024x1024-50x50.jpg 50w\" sizes=\"auto, (max-width: 1240px) 100vw, 1240px\" \/>\t\n\t\t<\/div>\n\t<!-- \/image-wrap -->\n    \n    \t<\/div>\n<!-- \/module image -->\t        <\/div>\n\t    \t<\/div>\n\t\t<div  style=\"width: 11.98%\" data-lazy=\"1\" class=\"sub_column module_column tf_box col3-1 last tb_tuvr548\"> \n\t    \t    \t<\/div>\n\t\t    <\/div>\n\t<\/div><!-- \/themify_builder_sub_row -->\n\t\t        <\/div>\n\t    \t<\/div>\n\t\t    <\/div>\n\t    <!-- \/row_inner -->\n\t<\/div>\n\t<!-- \/module_row -->\n\t<\/div>\n<!--\/themify_builder_content-->","protected":false},"excerpt":{"rendered":"<p>La Plate-forme de Valorisation de l\u2019Accueil extrascolaire dresse un bilan tr\u00e8s positif de la premi\u00e8re journ\u00e9e ExtrasCOOL v\u00e9cue dans le secteur ce 24 janvier 2022. La mobilisation a \u00e9t\u00e9 magnifique : les badges, les affiches, les dessins des enfants, les post Facebook, les articles de presse, les visites de la Ministre, les arc-en-ciel de toutes sortes ont largement illumin\u00e9 cette journ\u00e9e symbolique \u2026<\/p>\n","protected":false},"author":2,"featured_media":30817,"comment_status":"open","ping_status":"open","sticky":false,"template":"","format":"standard","meta":{"footnotes":""},"categories":[322,248,304,280,300,301,303,226],"tags":[],"class_list":["post-30769","post","type-post","status-publish","format-standard","has-post-thumbnail","hentry","category-accueil-extrascolaire","category-atl","category-bien-etre-enfant","category-inegalites","category-notes-pedagogiques","category-notes-politiques","category-reforme-atl","category-rythmes-de-lenfant","has-post-title","has-post-date","has-post-category","has-post-tag","has-post-comment","has-post-author",""],"yoast_head":"<!-- This site is optimized with the Yoast SEO plugin v27.4 - https:\/\/yoast.com\/product\/yoast-seo-wordpress\/ -->\n<title>Petite enfance : P\u00e9tition et actions ce mardi 4 octobre ! - Site de la FILE<\/title>\n<meta name=\"robots\" content=\"index, follow, max-snippet:-1, max-image-preview:large, max-video-preview:-1\" \/>\n<link rel=\"canonical\" href=\"https:\/\/www.fileasbl.be\/membres\/lancement-du-questionnaire-sur-les-conditions-de-travail-dans-laes\/\" \/>\n<meta property=\"og:locale\" content=\"fr_FR\" \/>\n<meta property=\"og:type\" content=\"article\" \/>\n<meta property=\"og:title\" content=\"Petite enfance : P\u00e9tition et actions ce mardi 4 octobre ! - Site de la FILE\" \/>\n<meta property=\"og:description\" content=\"La Plate-forme de Valorisation de l\u2019Accueil extrascolaire dresse un bilan tr\u00e8s positif de la premi\u00e8re journ\u00e9e ExtrasCOOL v\u00e9cue dans le secteur ce 24 janvier 2022. La mobilisation a \u00e9t\u00e9 magnifique : les badges, les affiches, les dessins des enfants, les post Facebook, les articles de presse, les visites de la Ministre, les arc-en-ciel de toutes sortes ont largement illumin\u00e9 cette journ\u00e9e symbolique \u2026\" \/>\n<meta property=\"og:url\" content=\"https:\/\/www.fileasbl.be\/membres\/lancement-du-questionnaire-sur-les-conditions-de-travail-dans-laes\/\" \/>\n<meta property=\"og:site_name\" content=\"Site de la FILE\" \/>\n<meta property=\"article:publisher\" content=\"https:\/\/www.facebook.com\/fileasbl\/\" \/>\n<meta property=\"article:published_time\" content=\"2023-06-22T14:12:21+00:00\" \/>\n<meta property=\"article:modified_time\" content=\"2024-08-08T15:02:22+00:00\" \/>\n<meta property=\"og:image\" content=\"https:\/\/www.fileasbl.be\/membres\/wp-content\/uploads\/2023\/06\/PETITION.jpg\" \/>\n\t<meta property=\"og:image:width\" content=\"1240\" \/>\n\t<meta property=\"og:image:height\" content=\"1240\" \/>\n\t<meta property=\"og:image:type\" content=\"image\/jpeg\" \/>\n<meta name=\"author\" content=\"Contact FILE\" \/>\n<meta name=\"twitter:card\" content=\"summary_large_image\" \/>\n<meta name=\"twitter:label1\" content=\"\u00c9crit par\" \/>\n\t<meta name=\"twitter:data1\" content=\"Contact FILE\" \/>\n<script type=\"application\/ld+json\" class=\"yoast-schema-graph\">{\"@context\":\"https:\\\/\\\/schema.org\",\"@graph\":[{\"@type\":\"Article\",\"@id\":\"https:\\\/\\\/www.fileasbl.be\\\/membres\\\/lancement-du-questionnaire-sur-les-conditions-de-travail-dans-laes\\\/#article\",\"isPartOf\":{\"@id\":\"https:\\\/\\\/www.fileasbl.be\\\/membres\\\/lancement-du-questionnaire-sur-les-conditions-de-travail-dans-laes\\\/\"},\"author\":{\"name\":\"Contact FILE\",\"@id\":\"https:\\\/\\\/www.fileasbl.be\\\/membres\\\/#\\\/schema\\\/person\\\/5954a0c68c3a6f92f805465caa00d25f\"},\"headline\":\"Petite enfance : P\u00e9tition et actions ce mardi 4 octobre !\",\"datePublished\":\"2023-06-22T14:12:21+00:00\",\"dateModified\":\"2024-08-08T15:02:22+00:00\",\"mainEntityOfPage\":{\"@id\":\"https:\\\/\\\/www.fileasbl.be\\\/membres\\\/lancement-du-questionnaire-sur-les-conditions-de-travail-dans-laes\\\/\"},\"wordCount\":9,\"commentCount\":0,\"image\":{\"@id\":\"https:\\\/\\\/www.fileasbl.be\\\/membres\\\/lancement-du-questionnaire-sur-les-conditions-de-travail-dans-laes\\\/#primaryimage\"},\"thumbnailUrl\":\"https:\\\/\\\/www.fileasbl.be\\\/membres\\\/wp-content\\\/uploads\\\/2023\\\/06\\\/PETITION.jpg\",\"articleSection\":[\"Accueil extrascolaire\",\"ATL\",\"Bien \u00eatre enfant\",\"Lutte contre les in\u00e9galit\u00e9s\",\"Notes p\u00e9dagogiques\",\"Notes politiques\",\"R\u00e9forme ATL\",\"Rythmes de l'enfant\"],\"inLanguage\":\"fr-FR\",\"potentialAction\":[{\"@type\":\"CommentAction\",\"name\":\"Comment\",\"target\":[\"https:\\\/\\\/www.fileasbl.be\\\/membres\\\/lancement-du-questionnaire-sur-les-conditions-de-travail-dans-laes\\\/#respond\"]}]},{\"@type\":\"WebPage\",\"@id\":\"https:\\\/\\\/www.fileasbl.be\\\/membres\\\/lancement-du-questionnaire-sur-les-conditions-de-travail-dans-laes\\\/\",\"url\":\"https:\\\/\\\/www.fileasbl.be\\\/membres\\\/lancement-du-questionnaire-sur-les-conditions-de-travail-dans-laes\\\/\",\"name\":\"Petite enfance : P\u00e9tition et actions ce mardi 4 octobre ! - Site de la FILE\",\"isPartOf\":{\"@id\":\"https:\\\/\\\/www.fileasbl.be\\\/membres\\\/#website\"},\"primaryImageOfPage\":{\"@id\":\"https:\\\/\\\/www.fileasbl.be\\\/membres\\\/lancement-du-questionnaire-sur-les-conditions-de-travail-dans-laes\\\/#primaryimage\"},\"image\":{\"@id\":\"https:\\\/\\\/www.fileasbl.be\\\/membres\\\/lancement-du-questionnaire-sur-les-conditions-de-travail-dans-laes\\\/#primaryimage\"},\"thumbnailUrl\":\"https:\\\/\\\/www.fileasbl.be\\\/membres\\\/wp-content\\\/uploads\\\/2023\\\/06\\\/PETITION.jpg\",\"datePublished\":\"2023-06-22T14:12:21+00:00\",\"dateModified\":\"2024-08-08T15:02:22+00:00\",\"author\":{\"@id\":\"https:\\\/\\\/www.fileasbl.be\\\/membres\\\/#\\\/schema\\\/person\\\/5954a0c68c3a6f92f805465caa00d25f\"},\"breadcrumb\":{\"@id\":\"https:\\\/\\\/www.fileasbl.be\\\/membres\\\/lancement-du-questionnaire-sur-les-conditions-de-travail-dans-laes\\\/#breadcrumb\"},\"inLanguage\":\"fr-FR\",\"potentialAction\":[{\"@type\":\"ReadAction\",\"target\":[\"https:\\\/\\\/www.fileasbl.be\\\/membres\\\/lancement-du-questionnaire-sur-les-conditions-de-travail-dans-laes\\\/\"]}]},{\"@type\":\"ImageObject\",\"inLanguage\":\"fr-FR\",\"@id\":\"https:\\\/\\\/www.fileasbl.be\\\/membres\\\/lancement-du-questionnaire-sur-les-conditions-de-travail-dans-laes\\\/#primaryimage\",\"url\":\"https:\\\/\\\/www.fileasbl.be\\\/membres\\\/wp-content\\\/uploads\\\/2023\\\/06\\\/PETITION.jpg\",\"contentUrl\":\"https:\\\/\\\/www.fileasbl.be\\\/membres\\\/wp-content\\\/uploads\\\/2023\\\/06\\\/PETITION.jpg\",\"width\":1240,\"height\":1240},{\"@type\":\"BreadcrumbList\",\"@id\":\"https:\\\/\\\/www.fileasbl.be\\\/membres\\\/lancement-du-questionnaire-sur-les-conditions-de-travail-dans-laes\\\/#breadcrumb\",\"itemListElement\":[{\"@type\":\"ListItem\",\"position\":1,\"name\":\"Accueil\",\"item\":\"https:\\\/\\\/www.fileasbl.be\\\/membres\\\/\"},{\"@type\":\"ListItem\",\"position\":2,\"name\":\"Petite enfance : P\u00e9tition et actions ce mardi 4 octobre !\"}]},{\"@type\":\"WebSite\",\"@id\":\"https:\\\/\\\/www.fileasbl.be\\\/membres\\\/#website\",\"url\":\"https:\\\/\\\/www.fileasbl.be\\\/membres\\\/\",\"name\":\"Site de la FILE\",\"description\":\"FILE Un accueil de qualit\u00e9 accessible \u00e0 tous\",\"potentialAction\":[{\"@type\":\"SearchAction\",\"target\":{\"@type\":\"EntryPoint\",\"urlTemplate\":\"https:\\\/\\\/www.fileasbl.be\\\/membres\\\/?s={search_term_string}\"},\"query-input\":{\"@type\":\"PropertyValueSpecification\",\"valueRequired\":true,\"valueName\":\"search_term_string\"}}],\"inLanguage\":\"fr-FR\"},{\"@type\":\"Person\",\"@id\":\"https:\\\/\\\/www.fileasbl.be\\\/membres\\\/#\\\/schema\\\/person\\\/5954a0c68c3a6f92f805465caa00d25f\",\"name\":\"Contact FILE\",\"url\":\"https:\\\/\\\/www.fileasbl.be\\\/membres\\\/author\\\/contactfile\\\/\"}]}<\/script>\n<!-- \/ Yoast SEO plugin. -->","yoast_head_json":{"title":"Petite enfance : P\u00e9tition et actions ce mardi 4 octobre ! - Site de la FILE","robots":{"index":"index","follow":"follow","max-snippet":"max-snippet:-1","max-image-preview":"max-image-preview:large","max-video-preview":"max-video-preview:-1"},"canonical":"https:\/\/www.fileasbl.be\/membres\/lancement-du-questionnaire-sur-les-conditions-de-travail-dans-laes\/","og_locale":"fr_FR","og_type":"article","og_title":"Petite enfance : P\u00e9tition et actions ce mardi 4 octobre ! - Site de la FILE","og_description":"La Plate-forme de Valorisation de l\u2019Accueil extrascolaire dresse un bilan tr\u00e8s positif de la premi\u00e8re journ\u00e9e ExtrasCOOL v\u00e9cue dans le secteur ce 24 janvier 2022. La mobilisation a \u00e9t\u00e9 magnifique : les badges, les affiches, les dessins des enfants, les post Facebook, les articles de presse, les visites de la Ministre, les arc-en-ciel de toutes sortes ont largement illumin\u00e9 cette journ\u00e9e symbolique \u2026","og_url":"https:\/\/www.fileasbl.be\/membres\/lancement-du-questionnaire-sur-les-conditions-de-travail-dans-laes\/","og_site_name":"Site de la FILE","article_publisher":"https:\/\/www.facebook.com\/fileasbl\/","article_published_time":"2023-06-22T14:12:21+00:00","article_modified_time":"2024-08-08T15:02:22+00:00","og_image":[{"width":1240,"height":1240,"url":"https:\/\/www.fileasbl.be\/membres\/wp-content\/uploads\/2023\/06\/PETITION.jpg","type":"image\/jpeg"}],"author":"Contact FILE","twitter_card":"summary_large_image","twitter_misc":{"\u00c9crit par":"Contact FILE"},"schema":{"@context":"https:\/\/schema.org","@graph":[{"@type":"Article","@id":"https:\/\/www.fileasbl.be\/membres\/lancement-du-questionnaire-sur-les-conditions-de-travail-dans-laes\/#article","isPartOf":{"@id":"https:\/\/www.fileasbl.be\/membres\/lancement-du-questionnaire-sur-les-conditions-de-travail-dans-laes\/"},"author":{"name":"Contact FILE","@id":"https:\/\/www.fileasbl.be\/membres\/#\/schema\/person\/5954a0c68c3a6f92f805465caa00d25f"},"headline":"Petite enfance : P\u00e9tition et actions ce mardi 4 octobre !","datePublished":"2023-06-22T14:12:21+00:00","dateModified":"2024-08-08T15:02:22+00:00","mainEntityOfPage":{"@id":"https:\/\/www.fileasbl.be\/membres\/lancement-du-questionnaire-sur-les-conditions-de-travail-dans-laes\/"},"wordCount":9,"commentCount":0,"image":{"@id":"https:\/\/www.fileasbl.be\/membres\/lancement-du-questionnaire-sur-les-conditions-de-travail-dans-laes\/#primaryimage"},"thumbnailUrl":"https:\/\/www.fileasbl.be\/membres\/wp-content\/uploads\/2023\/06\/PETITION.jpg","articleSection":["Accueil extrascolaire","ATL","Bien \u00eatre enfant","Lutte contre les in\u00e9galit\u00e9s","Notes p\u00e9dagogiques","Notes politiques","R\u00e9forme ATL","Rythmes de l'enfant"],"inLanguage":"fr-FR","potentialAction":[{"@type":"CommentAction","name":"Comment","target":["https:\/\/www.fileasbl.be\/membres\/lancement-du-questionnaire-sur-les-conditions-de-travail-dans-laes\/#respond"]}]},{"@type":"WebPage","@id":"https:\/\/www.fileasbl.be\/membres\/lancement-du-questionnaire-sur-les-conditions-de-travail-dans-laes\/","url":"https:\/\/www.fileasbl.be\/membres\/lancement-du-questionnaire-sur-les-conditions-de-travail-dans-laes\/","name":"Petite enfance : P\u00e9tition et actions ce mardi 4 octobre ! - Site de la FILE","isPartOf":{"@id":"https:\/\/www.fileasbl.be\/membres\/#website"},"primaryImageOfPage":{"@id":"https:\/\/www.fileasbl.be\/membres\/lancement-du-questionnaire-sur-les-conditions-de-travail-dans-laes\/#primaryimage"},"image":{"@id":"https:\/\/www.fileasbl.be\/membres\/lancement-du-questionnaire-sur-les-conditions-de-travail-dans-laes\/#primaryimage"},"thumbnailUrl":"https:\/\/www.fileasbl.be\/membres\/wp-content\/uploads\/2023\/06\/PETITION.jpg","datePublished":"2023-06-22T14:12:21+00:00","dateModified":"2024-08-08T15:02:22+00:00","author":{"@id":"https:\/\/www.fileasbl.be\/membres\/#\/schema\/person\/5954a0c68c3a6f92f805465caa00d25f"},"breadcrumb":{"@id":"https:\/\/www.fileasbl.be\/membres\/lancement-du-questionnaire-sur-les-conditions-de-travail-dans-laes\/#breadcrumb"},"inLanguage":"fr-FR","potentialAction":[{"@type":"ReadAction","target":["https:\/\/www.fileasbl.be\/membres\/lancement-du-questionnaire-sur-les-conditions-de-travail-dans-laes\/"]}]},{"@type":"ImageObject","inLanguage":"fr-FR","@id":"https:\/\/www.fileasbl.be\/membres\/lancement-du-questionnaire-sur-les-conditions-de-travail-dans-laes\/#primaryimage","url":"https:\/\/www.fileasbl.be\/membres\/wp-content\/uploads\/2023\/06\/PETITION.jpg","contentUrl":"https:\/\/www.fileasbl.be\/membres\/wp-content\/uploads\/2023\/06\/PETITION.jpg","width":1240,"height":1240},{"@type":"BreadcrumbList","@id":"https:\/\/www.fileasbl.be\/membres\/lancement-du-questionnaire-sur-les-conditions-de-travail-dans-laes\/#breadcrumb","itemListElement":[{"@type":"ListItem","position":1,"name":"Accueil","item":"https:\/\/www.fileasbl.be\/membres\/"},{"@type":"ListItem","position":2,"name":"Petite enfance : P\u00e9tition et actions ce mardi 4 octobre !"}]},{"@type":"WebSite","@id":"https:\/\/www.fileasbl.be\/membres\/#website","url":"https:\/\/www.fileasbl.be\/membres\/","name":"Site de la FILE","description":"FILE Un accueil de qualit\u00e9 accessible \u00e0 tous","potentialAction":[{"@type":"SearchAction","target":{"@type":"EntryPoint","urlTemplate":"https:\/\/www.fileasbl.be\/membres\/?s={search_term_string}"},"query-input":{"@type":"PropertyValueSpecification","valueRequired":true,"valueName":"search_term_string"}}],"inLanguage":"fr-FR"},{"@type":"Person","@id":"https:\/\/www.fileasbl.be\/membres\/#\/schema\/person\/5954a0c68c3a6f92f805465caa00d25f","name":"Contact FILE","url":"https:\/\/www.fileasbl.be\/membres\/author\/contactfile\/"}]}},"builder_content":"<img loading=\"lazy\" decoding=\"async\" width=\"6912\" height=\"3456\" src=\"https:\/\/www.fileasbl.be\/membres\/wp-content\/uploads\/2023\/06\/Grevemobilisation.png\" title=\"Gr\u00e8vemobilisation\" alt=\"Gr\u00e8vemobilisation\" srcset=\"https:\/\/www.fileasbl.be\/membres\/wp-content\/uploads\/2023\/06\/Grevemobilisation.png 6912w, https:\/\/www.fileasbl.be\/membres\/wp-content\/uploads\/2023\/06\/Grevemobilisation-300x150.png 300w, https:\/\/www.fileasbl.be\/membres\/wp-content\/uploads\/2023\/06\/Grevemobilisation-1024x512.png 1024w, https:\/\/www.fileasbl.be\/membres\/wp-content\/uploads\/2023\/06\/Grevemobilisation-768x384.png 768w, https:\/\/www.fileasbl.be\/membres\/wp-content\/uploads\/2023\/06\/Grevemobilisation-1536x768.png 1536w, https:\/\/www.fileasbl.be\/membres\/wp-content\/uploads\/2023\/06\/Grevemobilisation-2048x1024.png 2048w, https:\/\/www.fileasbl.be\/membres\/wp-content\/uploads\/2023\/06\/Grevemobilisation-400x200.png 400w\" sizes=\"auto, (max-width: 6912px) 100vw, 6912px\" \/>\n\n<p>La<strong> p\u00e9nurie de personnel dans le secteur de la petite enfance<\/strong> vient se cumuler \u00e0 la p\u00e9nurie des places d'accueil de qualit\u00e9 pour les enfants.\u00a0La FILE, l'UNESSA et les syndicats publics et priv\u00e9s s'associent cette semaine de <strong>conclave budg\u00e9taire <\/strong>en F\u00e9d\u00e9ration Wallonie Bruxelles pour demander des moyens financiers \u00e0 hauteur des enjeux.\u00a0<br \/>\u00a0<\/p> <h2>Quelles actions ?<\/h2> <ul> <li><a href=\"https:\/\/www.change.org\/p\/petite-enfance-pas-de-bras-c-est-la-cata\">Une <strong>p\u00e9tition <\/strong>a \u00e9t\u00e9 lanc\u00e9e, nous vous invitons \u00e0 la signer et \u00e0 la diffuser le plus largement possible dans vos structures (affiches ci-dessous).\u00a0<\/a><\/li> <li>Une <strong>conf\u00e9rence de presse<\/strong> conjointe (partenaires sociaux) aura lieu ce mercredi 4 octobre devant le Gouvernement. Il est possible que les syndicats demandent la lib\u00e9ration de certains travailleurs.<\/li> <\/ul> <h2>Les supports visuels et affiches<\/h2> <ul> <li><a href=\"https:\/\/fileasbl.us19.list-manage.com\/track\/click?u=6ee8fd8d279afe53981b72411&amp;id=86de3885d7&amp;e=d93aa3e686\">Affiche en PNG avec QRCODE vers la p\u00e9tition<\/a><\/li> <li><a href=\"https:\/\/fileasbl.us19.list-manage.com\/track\/click?u=6ee8fd8d279afe53981b72411&amp;id=91b1088a39&amp;e=d93aa3e686\">Affiche en PDF avec QRCODE vers la p\u00e9tition<\/a><\/li> <\/ul> <p><br \/>Nous reviendrons vers vous \u00e0 la suite de ces actions et du conclave budg\u00e9taire,<br \/>L'\u00e9quipe de la FILE<\/p>\n<img loading=\"lazy\" decoding=\"async\" width=\"1240\" height=\"1240\" src=\"https:\/\/www.fileasbl.be\/membres\/wp-content\/uploads\/2023\/06\/PETITION.jpg\" title=\"PETITION\" alt=\"PETITION\" srcset=\"https:\/\/www.fileasbl.be\/membres\/wp-content\/uploads\/2023\/06\/PETITION.jpg 1240w, https:\/\/www.fileasbl.be\/membres\/wp-content\/uploads\/2023\/06\/PETITION-300x300.jpg 300w, https:\/\/www.fileasbl.be\/membres\/wp-content\/uploads\/2023\/06\/PETITION-1024x1024.jpg 1024w, https:\/\/www.fileasbl.be\/membres\/wp-content\/uploads\/2023\/06\/PETITION-150x150.jpg 150w, https:\/\/www.fileasbl.be\/membres\/wp-content\/uploads\/2023\/06\/PETITION-768x768.jpg 768w, https:\/\/www.fileasbl.be\/membres\/wp-content\/uploads\/2023\/06\/PETITION-400x400.jpg 400w, https:\/\/www.fileasbl.be\/membres\/wp-content\/uploads\/2023\/06\/PETITION-100x100.jpg 100w, https:\/\/www.fileasbl.be\/membres\/wp-content\/uploads\/2023\/06\/PETITION-1024x1024-175x175.jpg 175w, https:\/\/www.fileasbl.be\/membres\/wp-content\/uploads\/2023\/06\/PETITION-1024x1024-50x50.jpg 50w\" sizes=\"auto, (max-width: 1240px) 100vw, 1240px\" \/>","_links":{"self":[{"href":"https:\/\/www.fileasbl.be\/membres\/wp-json\/wp\/v2\/posts\/30769","targetHints":{"allow":["GET"]}}],"collection":[{"href":"https:\/\/www.fileasbl.be\/membres\/wp-json\/wp\/v2\/posts"}],"about":[{"href":"https:\/\/www.fileasbl.be\/membres\/wp-json\/wp\/v2\/types\/post"}],"author":[{"embeddable":true,"href":"https:\/\/www.fileasbl.be\/membres\/wp-json\/wp\/v2\/users\/2"}],"replies":[{"embeddable":true,"href":"https:\/\/www.fileasbl.be\/membres\/wp-json\/wp\/v2\/comments?post=30769"}],"version-history":[{"count":0,"href":"https:\/\/www.fileasbl.be\/membres\/wp-json\/wp\/v2\/posts\/30769\/revisions"}],"wp:featuredmedia":[{"embeddable":true,"href":"https:\/\/www.fileasbl.be\/membres\/wp-json\/wp\/v2\/media\/30817"}],"wp:attachment":[{"href":"https:\/\/www.fileasbl.be\/membres\/wp-json\/wp\/v2\/media?parent=30769"}],"wp:term":[{"taxonomy":"category","embeddable":true,"href":"https:\/\/www.fileasbl.be\/membres\/wp-json\/wp\/v2\/categories?post=30769"},{"taxonomy":"post_tag","embeddable":true,"href":"https:\/\/www.fileasbl.be\/membres\/wp-json\/wp\/v2\/tags?post=30769"}],"curies":[{"name":"wp","href":"https:\/\/api.w.org\/{rel}","templated":true}]}}