{"id":30990,"date":"2023-10-27T11:28:40","date_gmt":"2023-10-27T10:28:40","guid":{"rendered":"https:\/\/www.fileasbl.be\/membres\/?p=30990"},"modified":"2025-09-01T08:59:39","modified_gmt":"2025-09-01T07:59:39","slug":"creches-dentreprise-et-non-marchandisation-file-asb","status":"publish","type":"post","link":"https:\/\/www.fileasbl.be\/membres\/creches-dentreprise-et-non-marchandisation-file-asb\/","title":{"rendered":"Cr\u00e8ches d\u2019entreprise et non marchandisation"},"content":{"rendered":"<!--themify_builder_content-->\n<div id=\"themify_builder_content-30990\" data-postid=\"30990\" class=\"themify_builder_content themify_builder_content-30990 themify_builder tf_clear\">\n    \t<!-- module_row -->\n\t<div  data-lazy=\"1\" class=\"module_row themify_builder_row tb_fq3x493 tb_first tf_clearfix\">\n\t    \t\t<div class=\"row_inner col_align_top col-count-1 tf_box tf_w tf_rel\">\n\t\t\t<div  data-lazy=\"1\" class=\"module_column tb-column col-full first tb_vhmg494 tf_box\">\n\t\t\t    \t        <div class=\"tb-column-inner tf_box tf_w\">\n\t\t    <!-- module image -->\n<div  class=\"module module-image tb_zh8w268   image-top tf_mw\" data-lazy=\"1\">\n        <div class=\"image-wrap tf_rel tf_mw\">\n\t\t    <img loading=\"lazy\" decoding=\"async\" width=\"1584\" height=\"129\" src=\"https:\/\/www.fileasbl.be\/membres\/wp-content\/uploads\/2023\/10\/Bandes-FILE-mep-e1698397605362.png\" class=\"wp-post-image wp-image-30964\" title=\"Bandes FILE mep\" alt=\"Bandes FILE mep\" srcset=\"https:\/\/www.fileasbl.be\/membres\/wp-content\/uploads\/2023\/10\/Bandes-FILE-mep-e1698397605362.png 1584w, https:\/\/www.fileasbl.be\/membres\/wp-content\/uploads\/2023\/10\/Bandes-FILE-mep-e1698397605362-300x24.png 300w, https:\/\/www.fileasbl.be\/membres\/wp-content\/uploads\/2023\/10\/Bandes-FILE-mep-e1698397605362-1024x83.png 1024w, https:\/\/www.fileasbl.be\/membres\/wp-content\/uploads\/2023\/10\/Bandes-FILE-mep-e1698397605362-768x63.png 768w, https:\/\/www.fileasbl.be\/membres\/wp-content\/uploads\/2023\/10\/Bandes-FILE-mep-e1698397605362-1536x125.png 1536w, https:\/\/www.fileasbl.be\/membres\/wp-content\/uploads\/2023\/10\/Bandes-FILE-mep-e1698397605362-400x33.png 400w\" sizes=\"auto, (max-width: 1584px) 100vw, 1584px\" \/>\t\n\t\t<\/div>\n\t<!-- \/image-wrap -->\n    \n    \t<\/div>\n<!-- \/module image --><!-- module divider -->\n<div  class=\"module tf_mw module-divider tb_u1n1624 solid   \" style=\"border-width: 1px;border-color: #ffffff;margin-top: 15px;margin-bottom: 15px;\" data-lazy=\"1\">\n    <\/div>\n<!-- \/module divider -->\n\t<div  data-lazy=\"1\" class=\"module_subrow themify_builder_sub_row tb_0tnu151 tf_w tf_clearfix\">\n\t    \t\t<div class=\"subrow_inner col_align_top col-count-3 tf_box tf_w\">\n\t\t\t<div  style=\"width: 10.92%\" data-lazy=\"1\" class=\"sub_column module_column tf_box col3-1 first tb_lc8t152\"> \n\t    \t    \t<\/div>\n\t\t<div  style=\"width: 71.3%\" data-lazy=\"1\" class=\"sub_column module_column tf_box col3-1 middle tb_e1t9152\"> \n\t    \t    \t        <div class=\"tb-column-inner tf_box tf_w\">\n\t\t    <!-- module image -->\n<div  class=\"module module-image tb_sq95152   image-top tf_mw\" data-lazy=\"1\">\n        <div class=\"image-wrap tf_rel tf_mw\">\n\t\t    <img loading=\"lazy\" decoding=\"async\" width=\"6912\" height=\"3456\" src=\"https:\/\/www.fileasbl.be\/membres\/wp-content\/uploads\/2023\/10\/IMAGES-3.png\" class=\"wp-post-image wp-image-30992\" title=\"IMAGES\" alt=\"IMAGES\" srcset=\"https:\/\/www.fileasbl.be\/membres\/wp-content\/uploads\/2023\/10\/IMAGES-3.png 6912w, https:\/\/www.fileasbl.be\/membres\/wp-content\/uploads\/2023\/10\/IMAGES-3-300x150.png 300w, https:\/\/www.fileasbl.be\/membres\/wp-content\/uploads\/2023\/10\/IMAGES-3-1024x512.png 1024w, https:\/\/www.fileasbl.be\/membres\/wp-content\/uploads\/2023\/10\/IMAGES-3-768x384.png 768w, https:\/\/www.fileasbl.be\/membres\/wp-content\/uploads\/2023\/10\/IMAGES-3-1536x768.png 1536w, https:\/\/www.fileasbl.be\/membres\/wp-content\/uploads\/2023\/10\/IMAGES-3-2048x1024.png 2048w, https:\/\/www.fileasbl.be\/membres\/wp-content\/uploads\/2023\/10\/IMAGES-3-400x200.png 400w\" sizes=\"auto, (max-width: 6912px) 100vw, 6912px\" \/>\t\n\t\t<\/div>\n\t<!-- \/image-wrap -->\n    \n    \t<\/div>\n<!-- \/module image -->\t        <\/div>\n\t    \t<\/div>\n\t\t<div  style=\"width: 11.38%\" data-lazy=\"1\" class=\"sub_column module_column tf_box col3-1 last tb_xyue153\"> \n\t    \t    \t<\/div>\n\t\t    <\/div>\n\t<\/div><!-- \/themify_builder_sub_row -->\n\t<!-- module divider -->\n<div  class=\"module tf_mw module-divider tb_8s06724 solid   \" style=\"border-width: 1px;border-color: #ffffff;margin-top: 15px;margin-bottom: 15px;\" data-lazy=\"1\">\n    <\/div>\n<!-- \/module divider -->\n<!-- module text -->\n<div  class=\"module module-text tb_edf6506   \" data-lazy=\"1\">\n        <div  class=\"tb_text_wrap\">\n    <p><span class=\"OYPEnA text-decoration-none text-strikethrough-none\">Les \u00e9tudes scientifiques d\u00e9montrent que fr\u00e9quenter un milieu d\u2019accueil de qualit\u00e9 avant l\u2019\u00e2ge de 3 ans et l\u2019entr\u00e9e \u00e0 l\u2019\u00e9cole, repr\u00e9sente un atout pour l\u2019enfant. \u00c9tant donn\u00e9 l\u2019importance que cela rev\u00eat pour le d\u00e9veloppement de l\u2019enfant, \u00ab obtenir \u00bb une place d\u2019accueil pour son enfant \u2013 ce qui rel\u00e8ve aujourd\u2019hui souvent du parcours du combattant \u2013 ne peut pas relever de la seule responsabilit\u00e9 individuelle de chaque parent. En F\u00e9d\u00e9ration Wallonie-Bruxelles, l\u2019accueil de l\u2019enfance constitue une comp\u00e9tence communautaire. <\/span><span class=\"OYPEnA text-decoration-none text-strikethrough-none\">Son organisation, son accessibilit\u00e9 et sa qualit\u00e9 rel\u00e8vent d\u2019une responsabilit\u00e9 politique et publique. <\/span><span class=\"OYPEnA text-decoration-none text-strikethrough-none\">Toutefois, les investissements publics encore insuffisants am\u00e8nent, \u00e0 l\u2019instar d\u2019autres pays europ\u00e9ens, un secteur commercial (avec investisseurs priv\u00e9s) \u00e0 se d\u00e9velopper.<\/span><\/p>\n<p><span class=\"OYPEnA text-decoration-none text-strikethrough-none\">Le manque de places d&rsquo;accueil de la petite enfance n&rsquo;est pas \u00e0 d\u00e9montrer en FWB, malgr\u00e9 les progr\u00e8s accomplis. Face \u00e0 cette p\u00e9nurie, il est int\u00e9ressant de multiplier les approches et les ressources pour rencontrer ce droit pour les enfants \u00e0 une place d&rsquo;accueil de qualit\u00e9, et rencontrer les besoins des parents.<\/span><\/p>    <\/div>\n<\/div>\n<!-- \/module text -->\t<div  data-lazy=\"1\" class=\"module_subrow themify_builder_sub_row tb_z4fq767 tf_w tf_clearfix\">\n\t    \t\t<div class=\"subrow_inner col_align_top col-count-3 tf_box tf_w\">\n\t\t\t<div  style=\"width: 10.92%\" data-lazy=\"1\" class=\"sub_column module_column tf_box col3-1 first tb_2d1z768\"> \n\t    \t    \t<\/div>\n\t\t<div  style=\"width: 71.3%\" data-lazy=\"1\" class=\"sub_column module_column tf_box col3-1 middle tb_w0fc768\"> \n\t    \t    \t        <div class=\"tb-column-inner tf_box tf_w\">\n\t\t    <!-- module image -->\n<div  class=\"module module-image tb_3cvy769   image-top tf_mw\" data-lazy=\"1\">\n        <div class=\"image-wrap tf_rel tf_mw\">\n\t\t    <img loading=\"lazy\" decoding=\"async\" width=\"6912\" height=\"3456\" src=\"https:\/\/www.fileasbl.be\/membres\/wp-content\/uploads\/2023\/10\/IMAGES-1-2.png\" class=\"wp-post-image wp-image-30993\" title=\"IMAGES (1)\" alt=\"IMAGES (1)\" srcset=\"https:\/\/www.fileasbl.be\/membres\/wp-content\/uploads\/2023\/10\/IMAGES-1-2.png 6912w, https:\/\/www.fileasbl.be\/membres\/wp-content\/uploads\/2023\/10\/IMAGES-1-2-300x150.png 300w, https:\/\/www.fileasbl.be\/membres\/wp-content\/uploads\/2023\/10\/IMAGES-1-2-1024x512.png 1024w, https:\/\/www.fileasbl.be\/membres\/wp-content\/uploads\/2023\/10\/IMAGES-1-2-768x384.png 768w, https:\/\/www.fileasbl.be\/membres\/wp-content\/uploads\/2023\/10\/IMAGES-1-2-1536x768.png 1536w, https:\/\/www.fileasbl.be\/membres\/wp-content\/uploads\/2023\/10\/IMAGES-1-2-2048x1024.png 2048w, https:\/\/www.fileasbl.be\/membres\/wp-content\/uploads\/2023\/10\/IMAGES-1-2-400x200.png 400w\" sizes=\"auto, (max-width: 6912px) 100vw, 6912px\" \/>\t\n\t\t<\/div>\n\t<!-- \/image-wrap -->\n    \n    \t<\/div>\n<!-- \/module image -->\t        <\/div>\n\t    \t<\/div>\n\t\t<div  style=\"width: 11.38%\" data-lazy=\"1\" class=\"sub_column module_column tf_box col3-1 last tb_llgr769\"> \n\t    \t    \t<\/div>\n\t\t    <\/div>\n\t<\/div><!-- \/themify_builder_sub_row -->\n\t<!-- module text -->\n<div  class=\"module module-text tb_i4wk570   \" data-lazy=\"1\">\n        <div  class=\"tb_text_wrap\">\n    <p class=\"cvGsUA direction-ltr align-justify para-style-title\"><span class=\"OYPEnA text-decoration-none text-strikethrough-none\">N\u00e9anmoins, consciente de la r\u00e9alit\u00e9 budg\u00e9taire des diff\u00e9rents Gouvernements, la FILE r\u00e9fl\u00e9chit depuis de nombreuses ann\u00e9es \u00e0 des mod\u00e8les de structures d\u2019accueil collectif financ\u00e9s diff\u00e9remment, comme des cr\u00e8ches dites \u00ab d&rsquo;entreprise \u00bb, qui peuvent constituer une opportunit\u00e9 int\u00e9ressante sous certaines conditions.<\/span><\/p>\n<p class=\"cvGsUA direction-ltr align-justify para-style-title\"><span class=\"OYPEnA text-decoration-none text-strikethrough-none\">Si toutes les pistes sont bonnes \u00e0 explorer, il est toutefois indispensable d&rsquo;\u00eatre attentif au <b>respect de certaines balises<\/b><\/span><span class=\"OYPEnA text-decoration-none text-strikethrough-none\">, surtout dans un secteur aussi sensible que celui de l&rsquo;accueil de la petite enfance.<\/span><\/p>\n<p class=\"cvGsUA direction-ltr align-justify para-style-title\"><span class=\"OYPEnA text-decoration-none text-strikethrough-none\">Est-il n\u00e9cessaire de rappeler les situations dramatiques v\u00e9cues en Flandre, li\u00e9es notamment \u00e0 la surveillance et \u00e0 l&rsquo;accompagnement trop faible des structures d&rsquo;accueil et \u00e0 un taux d&rsquo;encadrement (nombre d&rsquo;enfants par adulte) trop \u00e9lev\u00e9 (1 pour 9 enfants) ? L&rsquo;exemple de la France &#8211; souvent cit\u00e9 &#8211; o\u00f9 des \u00ab\u00a0cha\u00eenes\u00a0\u00bb commerciales de milieux d&rsquo;accueil se sont implant\u00e9es, entrainant une baisse de la qualit\u00e9 et une insatisfaction des professionnels est parlant \u00e0 ce sujet.<\/span><\/p>\n<p class=\"cvGsUA direction-ltr align-justify para-style-title\"><span class=\"OYPEnA text-decoration-none text-strikethrough-none\">Pour la FILE, lorsque la marchandisation s&#8217;empare d&rsquo;un secteur de soins et d&rsquo;accueil de personnes aussi vuln\u00e9rables que le sont les enfants, mettant en sc\u00e8ne des acteurs qui visent &#8211; et c&rsquo;est leur job ! &#8211; \u00e0 faire fructifier de l&rsquo;argent, il y a toujours lieu d&rsquo;<b>\u00eatre vigilant et intransigeant sur les <\/b><\/span><span class=\"OYPEnA text-decoration-none text-strikethrough-none\"><b>conditions de qualit\u00e9<\/b><\/span><span class=\"OYPEnA text-decoration-none text-strikethrough-none\">. N<\/span><span style=\"background-color: initial; font-size: 1em;\">ous nous r\u00e9f\u00e9rons ainsi au secteur de l&rsquo;h\u00e9bergement des ain\u00e9s (et encore ceux-ci peuvent plus facilement s&rsquo;exprimer sur ce qu&rsquo;ils vivent\u2026).<\/span><\/p>\n<p>\u00a0<\/p>\n<p class=\"cvGsUA direction-ltr align-justify para-style-title\"><span style=\"color: #ff0000;\"><strong><span class=\"OYPEnA text-decoration-none text-strikethrough-none\">Marchandisation et qualit\u00e9<\/span><\/strong><\/span><\/p>\n<p class=\"cvGsUA direction-ltr align-justify para-style-title\"><span class=\"OYPEnA text-decoration-none text-strikethrough-none\">Rappelons tout d\u2019abord ce qu\u2019est la marchandisation. Selon la d\u00e9finition donn\u00e9e par le Larousse, <\/span><span class=\"OYPEnA text-decoration-none text-strikethrough-none\">la marchandisation est la tendance \u00e0 tirer un profit mercantile d\u2019une activit\u00e9 non marchande<\/span><span class=\"OYPEnA text-decoration-none text-strikethrough-none\">. Un profit mercantile \u00e9tant un profit anim\u00e9 par le seul app\u00e2t du gain. Quand il est question de marchandisation, il est question d\u2019investisseurs, de march\u00e9, de produits, de profits, de retomb\u00e9es financi\u00e8res ou encore de retour sur investissement,\u2026 <\/span><span class=\"OYPEnA text-decoration-none text-strikethrough-none\"><b>La marchandisation entre donc \u00e0 un moment in\u00e9vitablement en contradiction avec une pr\u00e9occupation mettant l\u2019enfant au centre.<\/b><\/span><\/p>\n<p class=\"cvGsUA direction-ltr align-justify para-style-title\"><span class=\"OYPEnA text-decoration-none text-strikethrough-none\">Soyons donc vigilants \u00e0 une certaine marchandisation du secteur de l\u2019enfance qui arriverait \u00e0 petit pas en F\u00e9d\u00e9ration Wallonie-Bruxelles : vente de livres sur le soutien \u00e0 la parentalit\u00e9, pression sur les parents pour acheter tel ou tel mat\u00e9riel pour veiller au bien \u00eatre de leur enfants, entreprises commerciales de structures de la petite enfance (fonctionnant avec des investisseurs priv\u00e9s\u2026), \u00ab titres services \u00bb dans l\u2019accueil de l\u2019enfance, \u00ab ch\u00e8ques \u00bb pour les parents pour subventionner leurs places d\u2019accueil&#8230;<\/span><\/p>\n<p class=\"cvGsUA direction-ltr align-justify para-style-title\"><span class=\"OYPEnA text-decoration-none text-strikethrough-none\">On parle \u00e9galement de plus en plus de petite enfance en<\/span><span class=\"OYPEnA text-decoration-none text-strikethrough-none\"> langage \u00e9conomique<\/span><span class=\"OYPEnA text-decoration-none text-strikethrough-none\">. En investissant dans la petite enfance, l\u2019Etat, le gouvernement, aurait un \u00ab retour sur investissement \u00bb int\u00e9ressant financi\u00e8rement. <\/span><span class=\"OYPEnA text-decoration-none text-strikethrough-none\"><b>Mais l\u2019\u00e9conomie ne peut pas \u00eatre le seul argument valable pour une politique de la petite enfance<\/b>.<\/span><\/p>\n<p class=\"cvGsUA direction-ltr align-justify para-style-title\"><span class=\"OYPEnA text-decoration-none text-strikethrough-none\">Cette approche \u00e9conomique a amen\u00e9 certains pays \u00e0 modifier la mani\u00e8re dont ils finan\u00e7aient la petite enfance : plut\u00f4t que de financer l\u2019offre (financer des structures d\u2019accueil de qualit\u00e9), on s\u2019est mis \u00e0 financer la demande (ce ne sont plus les structures mais les parents qui re\u00e7oivent l\u2019avantage financier \u2013 comme des \u00ab ch\u00e8ques cr\u00e8ches \u00bb ou des r\u00e9ductions d\u2019imp\u00f4ts), ce qui a permis \u00e0 des investisseurs financiers d\u2019entrer sur le \u00ab march\u00e9 \u00bb (VANDENBROECK, Michel, LEHRER, Joanne, et MITCHELL, Linda (2022). The Decommodification of Early Childhood Education and Care: Resisting Neoliberalism. London, Routlege publisher).<\/span><\/p>\n<p class=\"cvGsUA direction-ltr align-justify para-style-title\"><span class=\"OYPEnA text-decoration-none text-strikethrough-none\">Les \u00e9tudes d\u00e9montrent que pour pouvoir r\u00e9sister aux pressions du march\u00e9, il faut que celui-ci ne constitue qu&rsquo;une partie limit\u00e9e de l&rsquo;offre de mani\u00e8re \u00e0 ce qu&rsquo;il ne puisse pas \u00ab\u00a0imposer des r\u00e8gles\u00a0\u00bb, que la puissance publique reste \u00e0 la man\u0153uvre et puisse \u00eatre exigeante sur la qualit\u00e9 de l&rsquo;accueil.<\/span><\/p>\n<p class=\"cvGsUA direction-ltr align-justify para-style-title\"><span class=\"OYPEnA text-decoration-none text-strikethrough-none\">Et cette qualit\u00e9 va bien au-del\u00e0 de conditions op\u00e9rationnelles comme l&rsquo;infrastructure, l&rsquo;\u00e9clairage, l&rsquo;hygi\u00e8ne, etc. qui constituent des normes de base depuis de nombreuses ann\u00e9es auxquelles veille l&rsquo;ONE. Elle est fonction du <\/span><span class=\"OYPEnA text-decoration-none text-strikethrough-none\"><b>projet \u00e9ducatif port\u00e9 pleinement par des professionnels form\u00e9s, accompagn\u00e9s, qui ont du temps pour se r\u00e9unir et r\u00e9fl\u00e9chir \u00e0 leurs pratiques<\/b>.<\/span><span class=\"OYPEnA text-decoration-none text-strikethrough-none\"> Inutile de pr\u00e9ciser qu&rsquo;elle n&rsquo;est possible qu&rsquo;avec un nombre limit\u00e9 d&rsquo;enfants par pu\u00e9ricultrice et pu\u00e9riculteur, qui peuvent alors prendre du temps pour chaque enfant.<\/span><\/p>\n<p class=\"cvGsUA direction-ltr align-justify para-style-title\">\u00a0<\/p>\n<p class=\"cvGsUA direction-ltr align-justify para-style-title\"><span style=\"color: #ff0000;\"><strong><span class=\"OYPEnA text-decoration-none text-strikethrough-none\">Marchandisation et accessibilit\u00e9<\/span><\/strong><\/span><\/p>\n<p class=\"cvGsUA direction-ltr align-justify para-style-title\"><span class=\"OYPEnA text-decoration-none text-strikethrough-none\">Le secteur de la petite enfance ne fonctionne pas comme un march\u00e9<\/span><span class=\"OYPEnA text-decoration-none text-strikethrough-none\">. Les exemples du Qu\u00e9bec, des Pays-Bas et de la France montrent \u00e0 quel point cette approche \u00e9conomique a \u00e9t\u00e9 un \u00e9chec pour les pays qui s\u2019y sont engouffr\u00e9s. Les recherches ont d\u00e9montr\u00e9 que la qualit\u00e9 a baiss\u00e9, le choix des parents a diminu\u00e9, les salaires ont diminu\u00e9, le turnover augmente, la satisfaction au travail diminue, la mixit\u00e9 a baiss\u00e9, la qualit\u00e9 de l\u2019accueil a diminu\u00e9\u2026 La petite enfance est tout \u00e0 fait en contradiction avec la notion m\u00eame de commercialisation.<\/span><\/p>\n<p class=\"cvGsUA direction-ltr align-justify para-style-title\"><span class=\"OYPEnA text-decoration-none text-strikethrough-none\">La marchandisation du secteur entraine un <b>recul de l\u2019accessibilit\u00e9 <\/b>des milieux d\u2019accueil \u00e0 toutes les familles. Dans un contexte en F\u00e9d\u00e9ration Wallonie-Bruxelles o\u00f9 l\u2019accent est mis sur une accessibilit\u00e9 des milieux d\u2019accueil pour les familles les plus \u00e9loign\u00e9es, laisser de la place au \u00ab march\u00e9 \u00bb serait un retour en arri\u00e8re d\u00e9sastreux.<\/span><\/p>    <\/div>\n<\/div>\n<!-- \/module text -->\t<div  data-lazy=\"1\" class=\"module_subrow themify_builder_sub_row tb_yfok964 tf_w tf_clearfix\">\n\t    \t\t<div class=\"subrow_inner col_align_top col-count-3 tf_box tf_w\">\n\t\t\t<div  style=\"width: 10.92%\" data-lazy=\"1\" class=\"sub_column module_column tf_box col3-1 first tb_w2yo965\"> \n\t    \t    \t<\/div>\n\t\t<div  style=\"width: 71.3%\" data-lazy=\"1\" class=\"sub_column module_column tf_box col3-1 middle tb_13nn965\"> \n\t    \t    \t        <div class=\"tb-column-inner tf_box tf_w\">\n\t\t    <!-- module image -->\n<div  class=\"module module-image tb_2hb1965   image-top tf_mw\" data-lazy=\"1\">\n        <div class=\"image-wrap tf_rel tf_mw\">\n\t\t    <img loading=\"lazy\" decoding=\"async\" width=\"6912\" height=\"3456\" src=\"https:\/\/www.fileasbl.be\/membres\/wp-content\/uploads\/2023\/10\/IMAGES-2-1.png\" class=\"wp-post-image wp-image-30994\" title=\"IMAGES (2)\" alt=\"IMAGES (2)\" srcset=\"https:\/\/www.fileasbl.be\/membres\/wp-content\/uploads\/2023\/10\/IMAGES-2-1.png 6912w, https:\/\/www.fileasbl.be\/membres\/wp-content\/uploads\/2023\/10\/IMAGES-2-1-300x150.png 300w, https:\/\/www.fileasbl.be\/membres\/wp-content\/uploads\/2023\/10\/IMAGES-2-1-1024x512.png 1024w, https:\/\/www.fileasbl.be\/membres\/wp-content\/uploads\/2023\/10\/IMAGES-2-1-768x384.png 768w, https:\/\/www.fileasbl.be\/membres\/wp-content\/uploads\/2023\/10\/IMAGES-2-1-1536x768.png 1536w, https:\/\/www.fileasbl.be\/membres\/wp-content\/uploads\/2023\/10\/IMAGES-2-1-2048x1024.png 2048w, https:\/\/www.fileasbl.be\/membres\/wp-content\/uploads\/2023\/10\/IMAGES-2-1-400x200.png 400w\" sizes=\"auto, (max-width: 6912px) 100vw, 6912px\" \/>\t\n\t\t<\/div>\n\t<!-- \/image-wrap -->\n    \n    \t<\/div>\n<!-- \/module image -->\t        <\/div>\n\t    \t<\/div>\n\t\t<div  style=\"width: 11.38%\" data-lazy=\"1\" class=\"sub_column module_column tf_box col3-1 last tb_jmuv965\"> \n\t    \t    \t<\/div>\n\t\t    <\/div>\n\t<\/div><!-- \/themify_builder_sub_row -->\n\t<!-- module text -->\n<div  class=\"module module-text tb_lw95698   \" data-lazy=\"1\">\n        <div  class=\"tb_text_wrap\">\n    <p class=\"cvGsUA direction-ltr align-justify para-style-title\"><span style=\"color: #ff0000;\"><strong><span class=\"OYPEnA text-decoration-none text-strikethrough-none\">Marchandisation, secteur priv\u00e9 et cr\u00e8ches d\u2019entreprise<\/span><\/strong><\/span><\/p>\n<p class=\"cvGsUA direction-ltr align-justify para-style-title\"><span class=\"OYPEnA text-decoration-none text-strikethrough-none\">Ne confondons pas ici la marchandisation (investisseurs priv\u00e9s, financement de la demande, etc.) et le secteur priv\u00e9. Actuellement, le secteur public et le secteur priv\u00e9 (notamment associatif) s\u2019associent afin d\u2019\u00e9largir l\u2019offre d\u2019accueil de qualit\u00e9 sur notre territoire. Il ne faut pas non plus davantage confondre les cr\u00e8ches d&rsquo;entreprise et le secteur priv\u00e9 (il existe des cr\u00e8ches d&rsquo;entreprise publiques).<\/span><\/p>\n<p class=\"cvGsUA direction-ltr align-justify para-style-title\"><span class=\"OYPEnA text-decoration-none text-strikethrough-none\">Seule une cr\u00e8che d\u2019entreprise au sens strict (r\u00e9serv\u00e9e au personnel de l\u2019entreprise) existe aujourd\u2019hui \u00e0 La Hulpe et n\u2019est pas financ\u00e9e par l\u2019ONE. <\/span><span class=\"OYPEnA text-decoration-none text-strikethrough-none\">A cot\u00e9 de celle-ci, de nombreuses cr\u00e8ches li\u00e9es \u00e0 des entreprises (h\u00f4pitaux, universit\u00e9s, centres de formation, etc.) existent et son financ\u00e9es par l\u2019ONE, les R\u00e9gions (pour l\u2019emploi notamment) et les entreprises. <\/span><span class=\"OYPEnA text-decoration-none text-strikethrough-none\">Celles-ci fo<b>nctionnent avec <\/b><\/span><span class=\"OYPEnA text-decoration-none text-strikethrough-none\"><b>les balises de la r\u00e8glementation ONE des milieux d\u2019accueil, et permettent d\u2019accorder une priorit\u00e9 aux enfants des travailleurs et des travailleuses de l\u2019entreprise<\/b><\/span><span class=\"OYPEnA text-decoration-none text-strikethrough-none\"><b>. Ce mode d\u2019accueil peut \u00eatre int\u00e9ressant pour autant qu\u2019il respecte les r\u00e8gles d\u2019inscription des familles<\/b>, \u00e0 savoir une priorit\u00e9 d\u2019inscription, et pas une r\u00e9servation de toutes les places aux seuls enfants du personnel des entreprises.<\/span><\/p>\n<p class=\"cvGsUA direction-ltr align-justify para-style-title\">\u00a0<\/p>\n<p class=\"cvGsUA direction-ltr align-justify para-style-title\" style=\"text-align: center;\"><em><span style=\"color: #ff0000;\"><strong><span class=\"OYPEnA text-decoration-none text-strikethrough-none\">Pour la FILE, l\u2019accueil de l\u2019enfant ne se marchande pas. Pour \u00e9viter les d\u00e9rives de la marchandisation (qualit\u00e9 et accessibilit\u00e9) , il est indispensable de maintenir des exigences de qualit\u00e9 hautes (formation, infrastructures, taux d\u2019encadrement\u2026), d\u2019accessibilit\u00e9 (participation financi\u00e8re des parents, formations, accueil de la diversit\u00e9, priorit\u00e9s d\u2019inscription\u2026) et des balises importantes (statuts d\u2019asbl pour recevoir des subventions par exemple). Un financement massif des pouvoirs publics est n\u00e9cessaire pour une politique ambitieuse de l\u2019accueil de l\u2019enfant, mais des partenariats avec le secteur priv\u00e9 peuvent permettre de cr\u00e9er des places d\u2019accueil sur l\u2019ensemble du territoire (s\u2019ils respectent la r\u00e8glementation des milieux d\u2019accueil).<\/span><\/strong><\/span><\/em><\/p>    <\/div>\n<\/div>\n<!-- \/module text --><!-- module divider -->\n<div  class=\"module tf_mw module-divider tb_g3u0288 solid   \" style=\"border-width: 1px;border-color: #ffffff;margin-top: 15px;margin-bottom: 15px;\" data-lazy=\"1\">\n    <\/div>\n<!-- \/module divider -->\n\t<div  data-lazy=\"1\" class=\"module_subrow themify_builder_sub_row tb_hra6543 tf_w tf_clearfix\">\n\t    \t\t<div class=\"subrow_inner col_align_top col-count-3 tf_box tf_w\">\n\t\t\t<div  style=\"width: 10.92%\" data-lazy=\"1\" class=\"sub_column module_column tf_box col3-1 first tb_ntyz544\"> \n\t    \t    \t<\/div>\n\t\t<div  style=\"width: 71.3%\" data-lazy=\"1\" class=\"sub_column module_column tf_box col3-1 middle tb_4gf2544\"> \n\t    \t    \t        <div class=\"tb-column-inner tf_box tf_w\">\n\t\t    <!-- module image -->\n<div  class=\"module module-image tb_o8or15   image-top tf_mw\" data-lazy=\"1\">\n        <div class=\"image-wrap tf_rel tf_mw\">\n\t\t    <img loading=\"lazy\" decoding=\"async\" width=\"6912\" height=\"3456\" src=\"https:\/\/www.fileasbl.be\/membres\/wp-content\/uploads\/2023\/10\/Presentation-FILE.png\" class=\"wp-post-image wp-image-30960\" title=\"Pr\u00e9sentation FILE\" alt=\"Pr\u00e9sentation FILE\" srcset=\"https:\/\/www.fileasbl.be\/membres\/wp-content\/uploads\/2023\/10\/Presentation-FILE.png 6912w, https:\/\/www.fileasbl.be\/membres\/wp-content\/uploads\/2023\/10\/Presentation-FILE-300x150.png 300w, https:\/\/www.fileasbl.be\/membres\/wp-content\/uploads\/2023\/10\/Presentation-FILE-1024x512.png 1024w, https:\/\/www.fileasbl.be\/membres\/wp-content\/uploads\/2023\/10\/Presentation-FILE-768x384.png 768w, https:\/\/www.fileasbl.be\/membres\/wp-content\/uploads\/2023\/10\/Presentation-FILE-1536x768.png 1536w, https:\/\/www.fileasbl.be\/membres\/wp-content\/uploads\/2023\/10\/Presentation-FILE-2048x1024.png 2048w, https:\/\/www.fileasbl.be\/membres\/wp-content\/uploads\/2023\/10\/Presentation-FILE-400x200.png 400w\" sizes=\"auto, (max-width: 6912px) 100vw, 6912px\" \/>\t\n\t\t<\/div>\n\t<!-- \/image-wrap -->\n    \n    \t<\/div>\n<!-- \/module image -->\t        <\/div>\n\t    \t<\/div>\n\t\t<div  style=\"width: 11.38%\" data-lazy=\"1\" class=\"sub_column module_column tf_box col3-1 last tb_2yyg544\"> \n\t    \t    \t<\/div>\n\t\t    <\/div>\n\t<\/div><!-- \/themify_builder_sub_row -->\n\t<!-- module divider -->\n<div  class=\"module tf_mw module-divider tb_nw8e210 solid   \" style=\"border-width: 1px;border-color: #ffffff;margin-top: 15px;margin-bottom: 15px;\" data-lazy=\"1\">\n    <\/div>\n<!-- \/module divider -->\n<!-- module accordion -->\n<div  class=\"module module-accordion tb_utyv613 \" data-behavior=\"toggle\" data-lazy=\"1\">\n    \n    <ul class=\"ui module-accordion plus-icon-button  tb_default_color\">\n\t\t    <li>\n\t\t\t<div class=\"accordion-title tf_rel\">\n\t\t\t\t<a href=\"#acc-utyv613-0\" aria-controls=\"acc-utyv613-0-content\" aria-expanded=\"false\">\n\t\t\t\t\t\t\t\t\t\t\t\t\t\t\t<span class=\"tb_title_accordion tf_w\">Pour aller plus loin...<\/span>\n\t\t\t\t<\/a>\n\t\t\t<\/div><!-- .accordion-title -->\n\n\t\t\t<div id=\"acc-utyv613-0-content\" data-id=\"acc-utyv613-0\" aria-hidden=\"true\" class=\"accordion-content tf_hide\">\n\n\t\t\t\t\t\t\t\t\t<div\t\t\t\t\t\tclass=\"tb_text_wrap\"\n\t\t\t\t\t\t>\n\t\t\t\t\t\t<ul>\n<li>Colloque international<a href=\"https:\/\/www.canal-u.tv\/chaines\/ut2j\/bebe-petite-enfance-en-contextes\/la-marchandisation-de-la-petite-enfance-un-phenomene\">\u00ab La marchandisation de la petite enfance : un ph\u00e9nom\u00e8ne \u00ab local \u00bb et contest\u00e9\u00a0\u00bb<\/a>\u00a0avec Michel Vandenbroeck<\/li>\n<li><a href=\"https:\/\/www.mi-is.be\/fr\/themes\/pauvrete\/pauvrete-infantile\/garantie-europeenne-pour-lenfance-le-plan-daction-national-de-0#documents\">Plan d\u2019action national belge \u2013 Garantie europ\u00e9enne pour l\u2019enfance 2022-2030<\/a><\/li>\n<li>Plan d\u2019actions relatif aux droits (PADE 2020-2024) de l\u2019enfant :\u00a0<a href=\"https:\/\/www.fileasbl.be\/membres\/wp-content\/uploads\/2023\/01\/Plan-actions-droits-enfant__1_.docx\"><em>Plan-actions-droits-enfant__1_<\/em><\/a><\/li>\n<li><a href=\"https:\/\/www.mi-is.be\/fr\/themes\/pauvrete\/pauvrete-infantile\/garantie-europeenne-pour-lenfance-le-plan-daction-national-de-0#documents\">Cadre nouveau au niveau europ\u00e9en : Garantie europ\u00e9enne pour l\u2019enfance<\/a><\/li>\n<li>VANDENBROECK, Michel, LEHRER, Joanne, et MITCHELL, Linda (2022).\u00a0<em>The Decommodification of Early Childhood Education and Care: Resisting Neoliberalism<\/em>. London, Routlege publisher, 288 p.<\/li>\n<li>VANDENBROECK, Michel (2021). Les lieux d\u2019accueil et d\u2019\u00e9ducation des jeunes enfants qui peuvent faire la diff\u00e9rence, in Chantal Zaouche Gaudron, Anne Dupuy, Christine Mennesson, Michelle Kelly-Irving (dirs),\u00a0<em>Espaces de socialisation extrafamiliale<\/em>. Toulouse, \u00c9ditions \u00c9r\u00e8s, 35-54.<\/li>\n<li>Michel Vandenbroeck (2021)\u00a0<a href=\"https:\/\/biblio.ugent.be\/publication?q=parent+exact+%22La+recherche+en+%C3%A9ducation+%C3%A0+la+petite+enfance+%3A+origines%2C+m%C3%A9thodes+et+applications%22\">La recherche en \u00e9ducation \u00e0 la petite enfance : origines, m\u00e9thodes et applications<\/a>. p.735-752<\/li>\n<li><a href=\"https:\/\/biblio.ugent.be\/publication\/8743733\">Sharing the caring responsibility between the private and the public : childcare, parental choice, and inequality<\/a><\/li>\n<li><a href=\"https:\/\/biblio.ugent.be\/person\/F4340A06-F0ED-11E1-A9DE-61C894A0A6B4\">Michel Vandenbroeck<\/a>(UGent)\u00a0,\u00a0<a href=\"https:\/\/biblio.ugent.be\/publication?q=author%3D%22Van+Lancker%2C+Wim%22+or+(type+any+%22bookEditor+journalEditor+issueEditor%22+and+editor%3D%22Van+Lancker%2C+Wim%22)\">Wim Van Lancker<\/a>\u00a0and\u00a0<a href=\"https:\/\/biblio.ugent.be\/publication?q=author%3D%22Janssen%2C+Jeroen%22+or+(type+any+%22bookEditor+journalEditor+issueEditor%22+and+editor%3D%22Janssen%2C+Jeroen%22)\">Jeroen Janssen<\/a>\u00a0(<a href=\"https:\/\/biblio.ugent.be\/publication?q=year+exact+2021\">2021<\/a>)\u00a0<a href=\"https:\/\/biblio.ugent.be\/publication?q=parent+exact+%22The+Palgrave+handbook+of+family+sociology+in+Europe%22\">The Palgrave handbook of family sociology in Europe<\/a>.\u00a0p.361-375<\/li>\n<\/ul>\t\t\t\t\t<\/div>\n\t\t\t\t\n\t\t\t<\/div><!-- .accordion-content -->\n\t    <\/li>\n\t    <\/ul>\n\n<\/div><!-- \/module accordion --><!-- module image -->\n<div  class=\"module module-image tb_thh7207   image-top tf_mw\" data-lazy=\"1\">\n        <div class=\"image-wrap tf_rel tf_mw\">\n\t\t    <img loading=\"lazy\" decoding=\"async\" width=\"1584\" height=\"129\" src=\"https:\/\/www.fileasbl.be\/membres\/wp-content\/uploads\/2023\/10\/Bandes-FILE-mep-e1698397605362.png\" class=\"wp-post-image wp-image-30964\" title=\"Bandes FILE mep\" alt=\"Bandes FILE mep\" srcset=\"https:\/\/www.fileasbl.be\/membres\/wp-content\/uploads\/2023\/10\/Bandes-FILE-mep-e1698397605362.png 1584w, https:\/\/www.fileasbl.be\/membres\/wp-content\/uploads\/2023\/10\/Bandes-FILE-mep-e1698397605362-300x24.png 300w, https:\/\/www.fileasbl.be\/membres\/wp-content\/uploads\/2023\/10\/Bandes-FILE-mep-e1698397605362-1024x83.png 1024w, https:\/\/www.fileasbl.be\/membres\/wp-content\/uploads\/2023\/10\/Bandes-FILE-mep-e1698397605362-768x63.png 768w, https:\/\/www.fileasbl.be\/membres\/wp-content\/uploads\/2023\/10\/Bandes-FILE-mep-e1698397605362-1536x125.png 1536w, https:\/\/www.fileasbl.be\/membres\/wp-content\/uploads\/2023\/10\/Bandes-FILE-mep-e1698397605362-400x33.png 400w\" sizes=\"auto, (max-width: 1584px) 100vw, 1584px\" \/>\t\n\t\t<\/div>\n\t<!-- \/image-wrap -->\n    \n    \t<\/div>\n<!-- \/module image -->\t        <\/div>\n\t    \t<\/div>\n\t\t    <\/div>\n\t    <!-- \/row_inner -->\n\t<\/div>\n\t<!-- \/module_row -->\n\t<\/div>\n<!--\/themify_builder_content-->","protected":false},"excerpt":{"rendered":"<p>Les \u00e9tudes scientifiques d\u00e9montrent que fr\u00e9quenter un milieu d\u2019accueil de qualit\u00e9 avant l\u2019\u00e2ge de 3 ans et l\u2019entr\u00e9e \u00e0 l\u2019\u00e9cole, repr\u00e9sente un atout pour l\u2019enfant. \u00c9tant donn\u00e9 l\u2019importance que cela rev\u00eat pour le d\u00e9veloppement de l\u2019enfant, \u00ab obtenir \u00bb une place d\u2019accueil pour son enfant \u2013 ce qui rel\u00e8ve aujourd\u2019hui souvent du parcours du combattant [&hellip;]<\/p>\n","protected":false},"author":2,"featured_media":31217,"comment_status":"open","ping_status":"open","sticky":false,"template":"","format":"standard","meta":{"footnotes":""},"categories":[346,337,301],"tags":[],"class_list":["post-30990","post","type-post","status-publish","format-standard","has-post-thumbnail","hentry","category-legislature-2024-2029","category-marchandisation","category-notes-politiques","has-post-title","has-post-date","has-post-category","has-post-tag","has-post-comment","has-post-author",""],"yoast_head":"<!-- This site is optimized with the Yoast SEO plugin v27.5 - https:\/\/yoast.com\/product\/yoast-seo-wordpress\/ -->\n<title>Cr\u00e8ches d\u2019entreprise et non marchandisation - Site de la FILE<\/title>\n<meta name=\"robots\" content=\"index, follow, max-snippet:-1, max-image-preview:large, max-video-preview:-1\" \/>\n<link rel=\"canonical\" href=\"https:\/\/www.fileasbl.be\/membres\/creches-dentreprise-et-non-marchandisation-file-asb\/\" \/>\n<meta property=\"og:locale\" content=\"fr_FR\" \/>\n<meta property=\"og:type\" content=\"article\" \/>\n<meta property=\"og:title\" content=\"Cr\u00e8ches d\u2019entreprise et non marchandisation - Site de la FILE\" \/>\n<meta property=\"og:description\" content=\"Les \u00e9tudes scientifiques d\u00e9montrent que fr\u00e9quenter un milieu d\u2019accueil de qualit\u00e9 avant l\u2019\u00e2ge de 3 ans et l\u2019entr\u00e9e \u00e0 l\u2019\u00e9cole, repr\u00e9sente un atout pour l\u2019enfant. \u00c9tant donn\u00e9 l\u2019importance que cela rev\u00eat pour le d\u00e9veloppement de l\u2019enfant, \u00ab obtenir \u00bb une place d\u2019accueil pour son enfant \u2013 ce qui rel\u00e8ve aujourd\u2019hui souvent du parcours du combattant [&hellip;]\" \/>\n<meta property=\"og:url\" content=\"https:\/\/www.fileasbl.be\/membres\/creches-dentreprise-et-non-marchandisation-file-asb\/\" \/>\n<meta property=\"og:site_name\" content=\"Site de la FILE\" \/>\n<meta property=\"article:publisher\" content=\"https:\/\/www.facebook.com\/fileasbl\/\" \/>\n<meta property=\"article:published_time\" content=\"2023-10-27T10:28:40+00:00\" \/>\n<meta property=\"article:modified_time\" content=\"2025-09-01T07:59:39+00:00\" \/>\n<meta property=\"og:image\" content=\"https:\/\/www.fileasbl.be\/membres\/wp-content\/uploads\/2023\/10\/Image-mise-en-avant-1.png\" \/>\n\t<meta property=\"og:image:width\" content=\"500\" \/>\n\t<meta property=\"og:image:height\" content=\"500\" \/>\n\t<meta property=\"og:image:type\" content=\"image\/png\" \/>\n<meta name=\"author\" content=\"Contact FILE\" \/>\n<meta name=\"twitter:card\" content=\"summary_large_image\" \/>\n<meta name=\"twitter:label1\" content=\"\u00c9crit par\" \/>\n\t<meta name=\"twitter:data1\" content=\"Contact FILE\" \/>\n<script type=\"application\/ld+json\" class=\"yoast-schema-graph\">{\"@context\":\"https:\\\/\\\/schema.org\",\"@graph\":[{\"@type\":\"Article\",\"@id\":\"https:\\\/\\\/www.fileasbl.be\\\/membres\\\/creches-dentreprise-et-non-marchandisation-file-asb\\\/#article\",\"isPartOf\":{\"@id\":\"https:\\\/\\\/www.fileasbl.be\\\/membres\\\/creches-dentreprise-et-non-marchandisation-file-asb\\\/\"},\"author\":{\"name\":\"Contact FILE\",\"@id\":\"https:\\\/\\\/www.fileasbl.be\\\/membres\\\/#\\\/schema\\\/person\\\/5954a0c68c3a6f92f805465caa00d25f\"},\"headline\":\"Cr\u00e8ches d\u2019entreprise et non marchandisation\",\"datePublished\":\"2023-10-27T10:28:40+00:00\",\"dateModified\":\"2025-09-01T07:59:39+00:00\",\"mainEntityOfPage\":{\"@id\":\"https:\\\/\\\/www.fileasbl.be\\\/membres\\\/creches-dentreprise-et-non-marchandisation-file-asb\\\/\"},\"wordCount\":1581,\"commentCount\":0,\"image\":{\"@id\":\"https:\\\/\\\/www.fileasbl.be\\\/membres\\\/creches-dentreprise-et-non-marchandisation-file-asb\\\/#primaryimage\"},\"thumbnailUrl\":\"https:\\\/\\\/www.fileasbl.be\\\/membres\\\/wp-content\\\/uploads\\\/2023\\\/10\\\/Image-mise-en-avant-1.png\",\"articleSection\":[\"legislature 2024-2029\",\"Marchandisation\",\"Notes politiques\"],\"inLanguage\":\"fr-FR\",\"potentialAction\":[{\"@type\":\"CommentAction\",\"name\":\"Comment\",\"target\":[\"https:\\\/\\\/www.fileasbl.be\\\/membres\\\/creches-dentreprise-et-non-marchandisation-file-asb\\\/#respond\"]}]},{\"@type\":\"WebPage\",\"@id\":\"https:\\\/\\\/www.fileasbl.be\\\/membres\\\/creches-dentreprise-et-non-marchandisation-file-asb\\\/\",\"url\":\"https:\\\/\\\/www.fileasbl.be\\\/membres\\\/creches-dentreprise-et-non-marchandisation-file-asb\\\/\",\"name\":\"Cr\u00e8ches d\u2019entreprise et non marchandisation - Site de la FILE\",\"isPartOf\":{\"@id\":\"https:\\\/\\\/www.fileasbl.be\\\/membres\\\/#website\"},\"primaryImageOfPage\":{\"@id\":\"https:\\\/\\\/www.fileasbl.be\\\/membres\\\/creches-dentreprise-et-non-marchandisation-file-asb\\\/#primaryimage\"},\"image\":{\"@id\":\"https:\\\/\\\/www.fileasbl.be\\\/membres\\\/creches-dentreprise-et-non-marchandisation-file-asb\\\/#primaryimage\"},\"thumbnailUrl\":\"https:\\\/\\\/www.fileasbl.be\\\/membres\\\/wp-content\\\/uploads\\\/2023\\\/10\\\/Image-mise-en-avant-1.png\",\"datePublished\":\"2023-10-27T10:28:40+00:00\",\"dateModified\":\"2025-09-01T07:59:39+00:00\",\"author\":{\"@id\":\"https:\\\/\\\/www.fileasbl.be\\\/membres\\\/#\\\/schema\\\/person\\\/5954a0c68c3a6f92f805465caa00d25f\"},\"breadcrumb\":{\"@id\":\"https:\\\/\\\/www.fileasbl.be\\\/membres\\\/creches-dentreprise-et-non-marchandisation-file-asb\\\/#breadcrumb\"},\"inLanguage\":\"fr-FR\",\"potentialAction\":[{\"@type\":\"ReadAction\",\"target\":[\"https:\\\/\\\/www.fileasbl.be\\\/membres\\\/creches-dentreprise-et-non-marchandisation-file-asb\\\/\"]}]},{\"@type\":\"ImageObject\",\"inLanguage\":\"fr-FR\",\"@id\":\"https:\\\/\\\/www.fileasbl.be\\\/membres\\\/creches-dentreprise-et-non-marchandisation-file-asb\\\/#primaryimage\",\"url\":\"https:\\\/\\\/www.fileasbl.be\\\/membres\\\/wp-content\\\/uploads\\\/2023\\\/10\\\/Image-mise-en-avant-1.png\",\"contentUrl\":\"https:\\\/\\\/www.fileasbl.be\\\/membres\\\/wp-content\\\/uploads\\\/2023\\\/10\\\/Image-mise-en-avant-1.png\",\"width\":500,\"height\":500},{\"@type\":\"BreadcrumbList\",\"@id\":\"https:\\\/\\\/www.fileasbl.be\\\/membres\\\/creches-dentreprise-et-non-marchandisation-file-asb\\\/#breadcrumb\",\"itemListElement\":[{\"@type\":\"ListItem\",\"position\":1,\"name\":\"Accueil\",\"item\":\"https:\\\/\\\/www.fileasbl.be\\\/membres\\\/\"},{\"@type\":\"ListItem\",\"position\":2,\"name\":\"Cr\u00e8ches d\u2019entreprise et non marchandisation\"}]},{\"@type\":\"WebSite\",\"@id\":\"https:\\\/\\\/www.fileasbl.be\\\/membres\\\/#website\",\"url\":\"https:\\\/\\\/www.fileasbl.be\\\/membres\\\/\",\"name\":\"Site de la FILE\",\"description\":\"FILE Un accueil de qualit\u00e9 accessible \u00e0 tous\",\"potentialAction\":[{\"@type\":\"SearchAction\",\"target\":{\"@type\":\"EntryPoint\",\"urlTemplate\":\"https:\\\/\\\/www.fileasbl.be\\\/membres\\\/?s={search_term_string}\"},\"query-input\":{\"@type\":\"PropertyValueSpecification\",\"valueRequired\":true,\"valueName\":\"search_term_string\"}}],\"inLanguage\":\"fr-FR\"},{\"@type\":\"Person\",\"@id\":\"https:\\\/\\\/www.fileasbl.be\\\/membres\\\/#\\\/schema\\\/person\\\/5954a0c68c3a6f92f805465caa00d25f\",\"name\":\"Contact FILE\",\"url\":\"https:\\\/\\\/www.fileasbl.be\\\/membres\\\/author\\\/contactfile\\\/\"}]}<\/script>\n<!-- \/ Yoast SEO plugin. -->","yoast_head_json":{"title":"Cr\u00e8ches d\u2019entreprise et non marchandisation - Site de la FILE","robots":{"index":"index","follow":"follow","max-snippet":"max-snippet:-1","max-image-preview":"max-image-preview:large","max-video-preview":"max-video-preview:-1"},"canonical":"https:\/\/www.fileasbl.be\/membres\/creches-dentreprise-et-non-marchandisation-file-asb\/","og_locale":"fr_FR","og_type":"article","og_title":"Cr\u00e8ches d\u2019entreprise et non marchandisation - Site de la FILE","og_description":"Les \u00e9tudes scientifiques d\u00e9montrent que fr\u00e9quenter un milieu d\u2019accueil de qualit\u00e9 avant l\u2019\u00e2ge de 3 ans et l\u2019entr\u00e9e \u00e0 l\u2019\u00e9cole, repr\u00e9sente un atout pour l\u2019enfant. \u00c9tant donn\u00e9 l\u2019importance que cela rev\u00eat pour le d\u00e9veloppement de l\u2019enfant, \u00ab obtenir \u00bb une place d\u2019accueil pour son enfant \u2013 ce qui rel\u00e8ve aujourd\u2019hui souvent du parcours du combattant [&hellip;]","og_url":"https:\/\/www.fileasbl.be\/membres\/creches-dentreprise-et-non-marchandisation-file-asb\/","og_site_name":"Site de la FILE","article_publisher":"https:\/\/www.facebook.com\/fileasbl\/","article_published_time":"2023-10-27T10:28:40+00:00","article_modified_time":"2025-09-01T07:59:39+00:00","og_image":[{"width":500,"height":500,"url":"https:\/\/www.fileasbl.be\/membres\/wp-content\/uploads\/2023\/10\/Image-mise-en-avant-1.png","type":"image\/png"}],"author":"Contact FILE","twitter_card":"summary_large_image","twitter_misc":{"\u00c9crit par":"Contact FILE"},"schema":{"@context":"https:\/\/schema.org","@graph":[{"@type":"Article","@id":"https:\/\/www.fileasbl.be\/membres\/creches-dentreprise-et-non-marchandisation-file-asb\/#article","isPartOf":{"@id":"https:\/\/www.fileasbl.be\/membres\/creches-dentreprise-et-non-marchandisation-file-asb\/"},"author":{"name":"Contact FILE","@id":"https:\/\/www.fileasbl.be\/membres\/#\/schema\/person\/5954a0c68c3a6f92f805465caa00d25f"},"headline":"Cr\u00e8ches d\u2019entreprise et non marchandisation","datePublished":"2023-10-27T10:28:40+00:00","dateModified":"2025-09-01T07:59:39+00:00","mainEntityOfPage":{"@id":"https:\/\/www.fileasbl.be\/membres\/creches-dentreprise-et-non-marchandisation-file-asb\/"},"wordCount":1581,"commentCount":0,"image":{"@id":"https:\/\/www.fileasbl.be\/membres\/creches-dentreprise-et-non-marchandisation-file-asb\/#primaryimage"},"thumbnailUrl":"https:\/\/www.fileasbl.be\/membres\/wp-content\/uploads\/2023\/10\/Image-mise-en-avant-1.png","articleSection":["legislature 2024-2029","Marchandisation","Notes politiques"],"inLanguage":"fr-FR","potentialAction":[{"@type":"CommentAction","name":"Comment","target":["https:\/\/www.fileasbl.be\/membres\/creches-dentreprise-et-non-marchandisation-file-asb\/#respond"]}]},{"@type":"WebPage","@id":"https:\/\/www.fileasbl.be\/membres\/creches-dentreprise-et-non-marchandisation-file-asb\/","url":"https:\/\/www.fileasbl.be\/membres\/creches-dentreprise-et-non-marchandisation-file-asb\/","name":"Cr\u00e8ches d\u2019entreprise et non marchandisation - Site de la FILE","isPartOf":{"@id":"https:\/\/www.fileasbl.be\/membres\/#website"},"primaryImageOfPage":{"@id":"https:\/\/www.fileasbl.be\/membres\/creches-dentreprise-et-non-marchandisation-file-asb\/#primaryimage"},"image":{"@id":"https:\/\/www.fileasbl.be\/membres\/creches-dentreprise-et-non-marchandisation-file-asb\/#primaryimage"},"thumbnailUrl":"https:\/\/www.fileasbl.be\/membres\/wp-content\/uploads\/2023\/10\/Image-mise-en-avant-1.png","datePublished":"2023-10-27T10:28:40+00:00","dateModified":"2025-09-01T07:59:39+00:00","author":{"@id":"https:\/\/www.fileasbl.be\/membres\/#\/schema\/person\/5954a0c68c3a6f92f805465caa00d25f"},"breadcrumb":{"@id":"https:\/\/www.fileasbl.be\/membres\/creches-dentreprise-et-non-marchandisation-file-asb\/#breadcrumb"},"inLanguage":"fr-FR","potentialAction":[{"@type":"ReadAction","target":["https:\/\/www.fileasbl.be\/membres\/creches-dentreprise-et-non-marchandisation-file-asb\/"]}]},{"@type":"ImageObject","inLanguage":"fr-FR","@id":"https:\/\/www.fileasbl.be\/membres\/creches-dentreprise-et-non-marchandisation-file-asb\/#primaryimage","url":"https:\/\/www.fileasbl.be\/membres\/wp-content\/uploads\/2023\/10\/Image-mise-en-avant-1.png","contentUrl":"https:\/\/www.fileasbl.be\/membres\/wp-content\/uploads\/2023\/10\/Image-mise-en-avant-1.png","width":500,"height":500},{"@type":"BreadcrumbList","@id":"https:\/\/www.fileasbl.be\/membres\/creches-dentreprise-et-non-marchandisation-file-asb\/#breadcrumb","itemListElement":[{"@type":"ListItem","position":1,"name":"Accueil","item":"https:\/\/www.fileasbl.be\/membres\/"},{"@type":"ListItem","position":2,"name":"Cr\u00e8ches d\u2019entreprise et non marchandisation"}]},{"@type":"WebSite","@id":"https:\/\/www.fileasbl.be\/membres\/#website","url":"https:\/\/www.fileasbl.be\/membres\/","name":"Site de la FILE","description":"FILE Un accueil de qualit\u00e9 accessible \u00e0 tous","potentialAction":[{"@type":"SearchAction","target":{"@type":"EntryPoint","urlTemplate":"https:\/\/www.fileasbl.be\/membres\/?s={search_term_string}"},"query-input":{"@type":"PropertyValueSpecification","valueRequired":true,"valueName":"search_term_string"}}],"inLanguage":"fr-FR"},{"@type":"Person","@id":"https:\/\/www.fileasbl.be\/membres\/#\/schema\/person\/5954a0c68c3a6f92f805465caa00d25f","name":"Contact FILE","url":"https:\/\/www.fileasbl.be\/membres\/author\/contactfile\/"}]}},"builder_content":"<img loading=\"lazy\" decoding=\"async\" width=\"1584\" height=\"129\" src=\"https:\/\/www.fileasbl.be\/membres\/wp-content\/uploads\/2023\/10\/Bandes-FILE-mep-e1698397605362.png\" title=\"Bandes FILE mep\" alt=\"Bandes FILE mep\" srcset=\"https:\/\/www.fileasbl.be\/membres\/wp-content\/uploads\/2023\/10\/Bandes-FILE-mep-e1698397605362.png 1584w, https:\/\/www.fileasbl.be\/membres\/wp-content\/uploads\/2023\/10\/Bandes-FILE-mep-e1698397605362-300x24.png 300w, https:\/\/www.fileasbl.be\/membres\/wp-content\/uploads\/2023\/10\/Bandes-FILE-mep-e1698397605362-1024x83.png 1024w, https:\/\/www.fileasbl.be\/membres\/wp-content\/uploads\/2023\/10\/Bandes-FILE-mep-e1698397605362-768x63.png 768w, https:\/\/www.fileasbl.be\/membres\/wp-content\/uploads\/2023\/10\/Bandes-FILE-mep-e1698397605362-1536x125.png 1536w, https:\/\/www.fileasbl.be\/membres\/wp-content\/uploads\/2023\/10\/Bandes-FILE-mep-e1698397605362-400x33.png 400w\" sizes=\"auto, (max-width: 1584px) 100vw, 1584px\" \/>\n\n<img loading=\"lazy\" decoding=\"async\" width=\"6912\" height=\"3456\" src=\"https:\/\/www.fileasbl.be\/membres\/wp-content\/uploads\/2023\/10\/IMAGES-3.png\" title=\"IMAGES\" alt=\"IMAGES\" srcset=\"https:\/\/www.fileasbl.be\/membres\/wp-content\/uploads\/2023\/10\/IMAGES-3.png 6912w, https:\/\/www.fileasbl.be\/membres\/wp-content\/uploads\/2023\/10\/IMAGES-3-300x150.png 300w, https:\/\/www.fileasbl.be\/membres\/wp-content\/uploads\/2023\/10\/IMAGES-3-1024x512.png 1024w, https:\/\/www.fileasbl.be\/membres\/wp-content\/uploads\/2023\/10\/IMAGES-3-768x384.png 768w, https:\/\/www.fileasbl.be\/membres\/wp-content\/uploads\/2023\/10\/IMAGES-3-1536x768.png 1536w, https:\/\/www.fileasbl.be\/membres\/wp-content\/uploads\/2023\/10\/IMAGES-3-2048x1024.png 2048w, https:\/\/www.fileasbl.be\/membres\/wp-content\/uploads\/2023\/10\/IMAGES-3-400x200.png 400w\" sizes=\"auto, (max-width: 6912px) 100vw, 6912px\" \/>\n\n<p>Les \u00e9tudes scientifiques d\u00e9montrent que fr\u00e9quenter un milieu d\u2019accueil de qualit\u00e9 avant l\u2019\u00e2ge de 3 ans et l\u2019entr\u00e9e \u00e0 l\u2019\u00e9cole, repr\u00e9sente un atout pour l\u2019enfant. \u00c9tant donn\u00e9 l\u2019importance que cela rev\u00eat pour le d\u00e9veloppement de l\u2019enfant, \u00ab obtenir \u00bb une place d\u2019accueil pour son enfant \u2013 ce qui rel\u00e8ve aujourd\u2019hui souvent du parcours du combattant \u2013 ne peut pas relever de la seule responsabilit\u00e9 individuelle de chaque parent. En F\u00e9d\u00e9ration Wallonie-Bruxelles, l\u2019accueil de l\u2019enfance constitue une comp\u00e9tence communautaire. Son organisation, son accessibilit\u00e9 et sa qualit\u00e9 rel\u00e8vent d\u2019une responsabilit\u00e9 politique et publique. Toutefois, les investissements publics encore insuffisants am\u00e8nent, \u00e0 l\u2019instar d\u2019autres pays europ\u00e9ens, un secteur commercial (avec investisseurs priv\u00e9s) \u00e0 se d\u00e9velopper.<\/p> <p>Le manque de places d'accueil de la petite enfance n'est pas \u00e0 d\u00e9montrer en FWB, malgr\u00e9 les progr\u00e8s accomplis. Face \u00e0 cette p\u00e9nurie, il est int\u00e9ressant de multiplier les approches et les ressources pour rencontrer ce droit pour les enfants \u00e0 une place d'accueil de qualit\u00e9, et rencontrer les besoins des parents.<\/p>\n<img loading=\"lazy\" decoding=\"async\" width=\"6912\" height=\"3456\" src=\"https:\/\/www.fileasbl.be\/membres\/wp-content\/uploads\/2023\/10\/IMAGES-1-2.png\" title=\"IMAGES (1)\" alt=\"IMAGES (1)\" srcset=\"https:\/\/www.fileasbl.be\/membres\/wp-content\/uploads\/2023\/10\/IMAGES-1-2.png 6912w, https:\/\/www.fileasbl.be\/membres\/wp-content\/uploads\/2023\/10\/IMAGES-1-2-300x150.png 300w, https:\/\/www.fileasbl.be\/membres\/wp-content\/uploads\/2023\/10\/IMAGES-1-2-1024x512.png 1024w, https:\/\/www.fileasbl.be\/membres\/wp-content\/uploads\/2023\/10\/IMAGES-1-2-768x384.png 768w, https:\/\/www.fileasbl.be\/membres\/wp-content\/uploads\/2023\/10\/IMAGES-1-2-1536x768.png 1536w, https:\/\/www.fileasbl.be\/membres\/wp-content\/uploads\/2023\/10\/IMAGES-1-2-2048x1024.png 2048w, https:\/\/www.fileasbl.be\/membres\/wp-content\/uploads\/2023\/10\/IMAGES-1-2-400x200.png 400w\" sizes=\"auto, (max-width: 6912px) 100vw, 6912px\" \/>\n<p>N\u00e9anmoins, consciente de la r\u00e9alit\u00e9 budg\u00e9taire des diff\u00e9rents Gouvernements, la FILE r\u00e9fl\u00e9chit depuis de nombreuses ann\u00e9es \u00e0 des mod\u00e8les de structures d\u2019accueil collectif financ\u00e9s diff\u00e9remment, comme des cr\u00e8ches dites \u00ab d'entreprise \u00bb, qui peuvent constituer une opportunit\u00e9 int\u00e9ressante sous certaines conditions.<\/p> <p>Si toutes les pistes sont bonnes \u00e0 explorer, il est toutefois indispensable d'\u00eatre attentif au <b>respect de certaines balises<\/b>, surtout dans un secteur aussi sensible que celui de l'accueil de la petite enfance.<\/p> <p>Est-il n\u00e9cessaire de rappeler les situations dramatiques v\u00e9cues en Flandre, li\u00e9es notamment \u00e0 la surveillance et \u00e0 l'accompagnement trop faible des structures d'accueil et \u00e0 un taux d'encadrement (nombre d'enfants par adulte) trop \u00e9lev\u00e9 (1 pour 9 enfants) ? L'exemple de la France - souvent cit\u00e9 - o\u00f9 des \"cha\u00eenes\" commerciales de milieux d'accueil se sont implant\u00e9es, entrainant une baisse de la qualit\u00e9 et une insatisfaction des professionnels est parlant \u00e0 ce sujet.<\/p> <p>Pour la FILE, lorsque la marchandisation s'empare d'un secteur de soins et d'accueil de personnes aussi vuln\u00e9rables que le sont les enfants, mettant en sc\u00e8ne des acteurs qui visent - et c'est leur job ! - \u00e0 faire fructifier de l'argent, il y a toujours lieu d'<b>\u00eatre vigilant et intransigeant sur les <\/b><b>conditions de qualit\u00e9<\/b>. Nous nous r\u00e9f\u00e9rons ainsi au secteur de l'h\u00e9bergement des ain\u00e9s (et encore ceux-ci peuvent plus facilement s'exprimer sur ce qu'ils vivent\u2026).<\/p> <p>\u00a0<\/p> <p><strong>Marchandisation et qualit\u00e9<\/strong><\/p> <p>Rappelons tout d\u2019abord ce qu\u2019est la marchandisation. Selon la d\u00e9finition donn\u00e9e par le Larousse, la marchandisation est la tendance \u00e0 tirer un profit mercantile d\u2019une activit\u00e9 non marchande. Un profit mercantile \u00e9tant un profit anim\u00e9 par le seul app\u00e2t du gain. Quand il est question de marchandisation, il est question d\u2019investisseurs, de march\u00e9, de produits, de profits, de retomb\u00e9es financi\u00e8res ou encore de retour sur investissement,\u2026 <b>La marchandisation entre donc \u00e0 un moment in\u00e9vitablement en contradiction avec une pr\u00e9occupation mettant l\u2019enfant au centre.<\/b><\/p> <p>Soyons donc vigilants \u00e0 une certaine marchandisation du secteur de l\u2019enfance qui arriverait \u00e0 petit pas en F\u00e9d\u00e9ration Wallonie-Bruxelles : vente de livres sur le soutien \u00e0 la parentalit\u00e9, pression sur les parents pour acheter tel ou tel mat\u00e9riel pour veiller au bien \u00eatre de leur enfants, entreprises commerciales de structures de la petite enfance (fonctionnant avec des investisseurs priv\u00e9s\u2026), \u00ab titres services \u00bb dans l\u2019accueil de l\u2019enfance, \u00ab ch\u00e8ques \u00bb pour les parents pour subventionner leurs places d\u2019accueil...<\/p> <p>On parle \u00e9galement de plus en plus de petite enfance en langage \u00e9conomique. En investissant dans la petite enfance, l\u2019Etat, le gouvernement, aurait un \u00ab retour sur investissement \u00bb int\u00e9ressant financi\u00e8rement. <b>Mais l\u2019\u00e9conomie ne peut pas \u00eatre le seul argument valable pour une politique de la petite enfance<\/b>.<\/p> <p>Cette approche \u00e9conomique a amen\u00e9 certains pays \u00e0 modifier la mani\u00e8re dont ils finan\u00e7aient la petite enfance : plut\u00f4t que de financer l\u2019offre (financer des structures d\u2019accueil de qualit\u00e9), on s\u2019est mis \u00e0 financer la demande (ce ne sont plus les structures mais les parents qui re\u00e7oivent l\u2019avantage financier \u2013 comme des \u00ab ch\u00e8ques cr\u00e8ches \u00bb ou des r\u00e9ductions d\u2019imp\u00f4ts), ce qui a permis \u00e0 des investisseurs financiers d\u2019entrer sur le \u00ab march\u00e9 \u00bb (VANDENBROECK, Michel, LEHRER, Joanne, et MITCHELL, Linda (2022). The Decommodification of Early Childhood Education and Care: Resisting Neoliberalism. London, Routlege publisher).<\/p> <p>Les \u00e9tudes d\u00e9montrent que pour pouvoir r\u00e9sister aux pressions du march\u00e9, il faut que celui-ci ne constitue qu'une partie limit\u00e9e de l'offre de mani\u00e8re \u00e0 ce qu'il ne puisse pas \"imposer des r\u00e8gles\", que la puissance publique reste \u00e0 la man\u0153uvre et puisse \u00eatre exigeante sur la qualit\u00e9 de l'accueil.<\/p> <p>Et cette qualit\u00e9 va bien au-del\u00e0 de conditions op\u00e9rationnelles comme l'infrastructure, l'\u00e9clairage, l'hygi\u00e8ne, etc. qui constituent des normes de base depuis de nombreuses ann\u00e9es auxquelles veille l'ONE. Elle est fonction du <b>projet \u00e9ducatif port\u00e9 pleinement par des professionnels form\u00e9s, accompagn\u00e9s, qui ont du temps pour se r\u00e9unir et r\u00e9fl\u00e9chir \u00e0 leurs pratiques<\/b>. Inutile de pr\u00e9ciser qu'elle n'est possible qu'avec un nombre limit\u00e9 d'enfants par pu\u00e9ricultrice et pu\u00e9riculteur, qui peuvent alors prendre du temps pour chaque enfant.<\/p> <p>\u00a0<\/p> <p><strong>Marchandisation et accessibilit\u00e9<\/strong><\/p> <p>Le secteur de la petite enfance ne fonctionne pas comme un march\u00e9. Les exemples du Qu\u00e9bec, des Pays-Bas et de la France montrent \u00e0 quel point cette approche \u00e9conomique a \u00e9t\u00e9 un \u00e9chec pour les pays qui s\u2019y sont engouffr\u00e9s. Les recherches ont d\u00e9montr\u00e9 que la qualit\u00e9 a baiss\u00e9, le choix des parents a diminu\u00e9, les salaires ont diminu\u00e9, le turnover augmente, la satisfaction au travail diminue, la mixit\u00e9 a baiss\u00e9, la qualit\u00e9 de l\u2019accueil a diminu\u00e9\u2026 La petite enfance est tout \u00e0 fait en contradiction avec la notion m\u00eame de commercialisation.<\/p> <p>La marchandisation du secteur entraine un <b>recul de l\u2019accessibilit\u00e9 <\/b>des milieux d\u2019accueil \u00e0 toutes les familles. Dans un contexte en F\u00e9d\u00e9ration Wallonie-Bruxelles o\u00f9 l\u2019accent est mis sur une accessibilit\u00e9 des milieux d\u2019accueil pour les familles les plus \u00e9loign\u00e9es, laisser de la place au \u00ab march\u00e9 \u00bb serait un retour en arri\u00e8re d\u00e9sastreux.<\/p>\n<img loading=\"lazy\" decoding=\"async\" width=\"6912\" height=\"3456\" src=\"https:\/\/www.fileasbl.be\/membres\/wp-content\/uploads\/2023\/10\/IMAGES-2-1.png\" title=\"IMAGES (2)\" alt=\"IMAGES (2)\" srcset=\"https:\/\/www.fileasbl.be\/membres\/wp-content\/uploads\/2023\/10\/IMAGES-2-1.png 6912w, https:\/\/www.fileasbl.be\/membres\/wp-content\/uploads\/2023\/10\/IMAGES-2-1-300x150.png 300w, https:\/\/www.fileasbl.be\/membres\/wp-content\/uploads\/2023\/10\/IMAGES-2-1-1024x512.png 1024w, https:\/\/www.fileasbl.be\/membres\/wp-content\/uploads\/2023\/10\/IMAGES-2-1-768x384.png 768w, https:\/\/www.fileasbl.be\/membres\/wp-content\/uploads\/2023\/10\/IMAGES-2-1-1536x768.png 1536w, https:\/\/www.fileasbl.be\/membres\/wp-content\/uploads\/2023\/10\/IMAGES-2-1-2048x1024.png 2048w, https:\/\/www.fileasbl.be\/membres\/wp-content\/uploads\/2023\/10\/IMAGES-2-1-400x200.png 400w\" sizes=\"auto, (max-width: 6912px) 100vw, 6912px\" \/>\n<p><strong>Marchandisation, secteur priv\u00e9 et cr\u00e8ches d\u2019entreprise<\/strong><\/p> <p>Ne confondons pas ici la marchandisation (investisseurs priv\u00e9s, financement de la demande, etc.) et le secteur priv\u00e9. Actuellement, le secteur public et le secteur priv\u00e9 (notamment associatif) s\u2019associent afin d\u2019\u00e9largir l\u2019offre d\u2019accueil de qualit\u00e9 sur notre territoire. Il ne faut pas non plus davantage confondre les cr\u00e8ches d'entreprise et le secteur priv\u00e9 (il existe des cr\u00e8ches d'entreprise publiques).<\/p> <p>Seule une cr\u00e8che d\u2019entreprise au sens strict (r\u00e9serv\u00e9e au personnel de l\u2019entreprise) existe aujourd\u2019hui \u00e0 La Hulpe et n\u2019est pas financ\u00e9e par l\u2019ONE. A cot\u00e9 de celle-ci, de nombreuses cr\u00e8ches li\u00e9es \u00e0 des entreprises (h\u00f4pitaux, universit\u00e9s, centres de formation, etc.) existent et son financ\u00e9es par l\u2019ONE, les R\u00e9gions (pour l\u2019emploi notamment) et les entreprises. Celles-ci fo<b>nctionnent avec <\/b><b>les balises de la r\u00e8glementation ONE des milieux d\u2019accueil, et permettent d\u2019accorder une priorit\u00e9 aux enfants des travailleurs et des travailleuses de l\u2019entreprise<\/b><b>. Ce mode d\u2019accueil peut \u00eatre int\u00e9ressant pour autant qu\u2019il respecte les r\u00e8gles d\u2019inscription des familles<\/b>, \u00e0 savoir une priorit\u00e9 d\u2019inscription, et pas une r\u00e9servation de toutes les places aux seuls enfants du personnel des entreprises.<\/p> <p>\u00a0<\/p> <p style=\"text-align: center;\"><em><strong>Pour la FILE, l\u2019accueil de l\u2019enfant ne se marchande pas. Pour \u00e9viter les d\u00e9rives de la marchandisation (qualit\u00e9 et accessibilit\u00e9) , il est indispensable de maintenir des exigences de qualit\u00e9 hautes (formation, infrastructures, taux d\u2019encadrement\u2026), d\u2019accessibilit\u00e9 (participation financi\u00e8re des parents, formations, accueil de la diversit\u00e9, priorit\u00e9s d\u2019inscription\u2026) et des balises importantes (statuts d\u2019asbl pour recevoir des subventions par exemple). Un financement massif des pouvoirs publics est n\u00e9cessaire pour une politique ambitieuse de l\u2019accueil de l\u2019enfant, mais des partenariats avec le secteur priv\u00e9 peuvent permettre de cr\u00e9er des places d\u2019accueil sur l\u2019ensemble du territoire (s\u2019ils respectent la r\u00e8glementation des milieux d\u2019accueil).<\/strong><\/em><\/p>\n\n<img loading=\"lazy\" decoding=\"async\" width=\"6912\" height=\"3456\" src=\"https:\/\/www.fileasbl.be\/membres\/wp-content\/uploads\/2023\/10\/Presentation-FILE.png\" title=\"Pr\u00e9sentation FILE\" alt=\"Pr\u00e9sentation FILE\" srcset=\"https:\/\/www.fileasbl.be\/membres\/wp-content\/uploads\/2023\/10\/Presentation-FILE.png 6912w, https:\/\/www.fileasbl.be\/membres\/wp-content\/uploads\/2023\/10\/Presentation-FILE-300x150.png 300w, https:\/\/www.fileasbl.be\/membres\/wp-content\/uploads\/2023\/10\/Presentation-FILE-1024x512.png 1024w, https:\/\/www.fileasbl.be\/membres\/wp-content\/uploads\/2023\/10\/Presentation-FILE-768x384.png 768w, https:\/\/www.fileasbl.be\/membres\/wp-content\/uploads\/2023\/10\/Presentation-FILE-1536x768.png 1536w, https:\/\/www.fileasbl.be\/membres\/wp-content\/uploads\/2023\/10\/Presentation-FILE-2048x1024.png 2048w, https:\/\/www.fileasbl.be\/membres\/wp-content\/uploads\/2023\/10\/Presentation-FILE-400x200.png 400w\" sizes=\"auto, (max-width: 6912px) 100vw, 6912px\" \/>\n\n<ul><li><h4>Pour aller plus loin...<\/h4><ul> <li>Colloque international<a href=\"https:\/\/www.canal-u.tv\/chaines\/ut2j\/bebe-petite-enfance-en-contextes\/la-marchandisation-de-la-petite-enfance-un-phenomene\">\u00ab La marchandisation de la petite enfance : un ph\u00e9nom\u00e8ne \u00ab local \u00bb et contest\u00e9\u00a0\u00bb<\/a>\u00a0avec Michel Vandenbroeck<\/li> <li><a href=\"https:\/\/www.mi-is.be\/fr\/themes\/pauvrete\/pauvrete-infantile\/garantie-europeenne-pour-lenfance-le-plan-daction-national-de-0#documents\">Plan d\u2019action national belge \u2013 Garantie europ\u00e9enne pour l\u2019enfance 2022-2030<\/a><\/li> <li>Plan d\u2019actions relatif aux droits (PADE 2020-2024) de l\u2019enfant :\u00a0<a href=\"https:\/\/www.fileasbl.be\/membres\/wp-content\/uploads\/2023\/01\/Plan-actions-droits-enfant__1_.docx\"><em>Plan-actions-droits-enfant__1_<\/em><\/a><\/li> <li><a href=\"https:\/\/www.mi-is.be\/fr\/themes\/pauvrete\/pauvrete-infantile\/garantie-europeenne-pour-lenfance-le-plan-daction-national-de-0#documents\">Cadre nouveau au niveau europ\u00e9en : Garantie europ\u00e9enne pour l\u2019enfance<\/a><\/li> <li>VANDENBROECK, Michel, LEHRER, Joanne, et MITCHELL, Linda (2022).\u00a0<em>The Decommodification of Early Childhood Education and Care: Resisting Neoliberalism<\/em>. London, Routlege publisher, 288 p.<\/li> <li>VANDENBROECK, Michel (2021). Les lieux d\u2019accueil et d\u2019\u00e9ducation des jeunes enfants qui peuvent faire la diff\u00e9rence, in Chantal Zaouche Gaudron, Anne Dupuy, Christine Mennesson, Michelle Kelly-Irving (dirs),\u00a0<em>Espaces de socialisation extrafamiliale<\/em>. Toulouse, \u00c9ditions \u00c9r\u00e8s, 35-54.<\/li> <li>Michel Vandenbroeck (2021)\u00a0<a href=\"https:\/\/biblio.ugent.be\/publication?q=parent+exact+%22La+recherche+en+%C3%A9ducation+%C3%A0+la+petite+enfance+%3A+origines%2C+m%C3%A9thodes+et+applications%22\">La recherche en \u00e9ducation \u00e0 la petite enfance : origines, m\u00e9thodes et applications<\/a>. p.735-752<\/li> <li><a href=\"https:\/\/biblio.ugent.be\/publication\/8743733\">Sharing the caring responsibility between the private and the public : childcare, parental choice, and inequality<\/a><\/li> <li><a href=\"https:\/\/biblio.ugent.be\/person\/F4340A06-F0ED-11E1-A9DE-61C894A0A6B4\">Michel Vandenbroeck<\/a>(UGent)\u00a0,\u00a0<a href=\"https:\/\/biblio.ugent.be\/publication?q=author%3D%22Van+Lancker%2C+Wim%22+or+(type+any+%22bookEditor+journalEditor+issueEditor%22+and+editor%3D%22Van+Lancker%2C+Wim%22)\">Wim Van Lancker<\/a>\u00a0and\u00a0<a href=\"https:\/\/biblio.ugent.be\/publication?q=author%3D%22Janssen%2C+Jeroen%22+or+(type+any+%22bookEditor+journalEditor+issueEditor%22+and+editor%3D%22Janssen%2C+Jeroen%22)\">Jeroen Janssen<\/a>\u00a0(<a href=\"https:\/\/biblio.ugent.be\/publication?q=year+exact+2021\">2021<\/a>)\u00a0<a href=\"https:\/\/biblio.ugent.be\/publication?q=parent+exact+%22The+Palgrave+handbook+of+family+sociology+in+Europe%22\">The Palgrave handbook of family sociology in Europe<\/a>.\u00a0p.361-375<\/li> <\/ul><\/li><\/ul>\n<img loading=\"lazy\" decoding=\"async\" width=\"1584\" height=\"129\" src=\"https:\/\/www.fileasbl.be\/membres\/wp-content\/uploads\/2023\/10\/Bandes-FILE-mep-e1698397605362.png\" title=\"Bandes FILE mep\" alt=\"Bandes FILE mep\" srcset=\"https:\/\/www.fileasbl.be\/membres\/wp-content\/uploads\/2023\/10\/Bandes-FILE-mep-e1698397605362.png 1584w, https:\/\/www.fileasbl.be\/membres\/wp-content\/uploads\/2023\/10\/Bandes-FILE-mep-e1698397605362-300x24.png 300w, https:\/\/www.fileasbl.be\/membres\/wp-content\/uploads\/2023\/10\/Bandes-FILE-mep-e1698397605362-1024x83.png 1024w, https:\/\/www.fileasbl.be\/membres\/wp-content\/uploads\/2023\/10\/Bandes-FILE-mep-e1698397605362-768x63.png 768w, https:\/\/www.fileasbl.be\/membres\/wp-content\/uploads\/2023\/10\/Bandes-FILE-mep-e1698397605362-1536x125.png 1536w, https:\/\/www.fileasbl.be\/membres\/wp-content\/uploads\/2023\/10\/Bandes-FILE-mep-e1698397605362-400x33.png 400w\" sizes=\"auto, (max-width: 1584px) 100vw, 1584px\" \/>","_links":{"self":[{"href":"https:\/\/www.fileasbl.be\/membres\/wp-json\/wp\/v2\/posts\/30990","targetHints":{"allow":["GET"]}}],"collection":[{"href":"https:\/\/www.fileasbl.be\/membres\/wp-json\/wp\/v2\/posts"}],"about":[{"href":"https:\/\/www.fileasbl.be\/membres\/wp-json\/wp\/v2\/types\/post"}],"author":[{"embeddable":true,"href":"https:\/\/www.fileasbl.be\/membres\/wp-json\/wp\/v2\/users\/2"}],"replies":[{"embeddable":true,"href":"https:\/\/www.fileasbl.be\/membres\/wp-json\/wp\/v2\/comments?post=30990"}],"version-history":[{"count":0,"href":"https:\/\/www.fileasbl.be\/membres\/wp-json\/wp\/v2\/posts\/30990\/revisions"}],"wp:featuredmedia":[{"embeddable":true,"href":"https:\/\/www.fileasbl.be\/membres\/wp-json\/wp\/v2\/media\/31217"}],"wp:attachment":[{"href":"https:\/\/www.fileasbl.be\/membres\/wp-json\/wp\/v2\/media?parent=30990"}],"wp:term":[{"taxonomy":"category","embeddable":true,"href":"https:\/\/www.fileasbl.be\/membres\/wp-json\/wp\/v2\/categories?post=30990"},{"taxonomy":"post_tag","embeddable":true,"href":"https:\/\/www.fileasbl.be\/membres\/wp-json\/wp\/v2\/tags?post=30990"}],"curies":[{"name":"wp","href":"https:\/\/api.w.org\/{rel}","templated":true}]}}