{"id":31247,"date":"2024-08-01T16:09:38","date_gmt":"2024-08-01T15:09:38","guid":{"rendered":"https:\/\/www.fileasbl.be\/membres\/?p=31247"},"modified":"2024-12-27T14:17:12","modified_gmt":"2024-12-27T13:17:12","slug":"formations-2024","status":"publish","type":"post","link":"https:\/\/www.fileasbl.be\/membres\/formations-2024\/","title":{"rendered":"Formations juridiques pour Milieux d&rsquo;accueil &#8211; 2024"},"content":{"rendered":"<!--themify_builder_content-->\n<div id=\"themify_builder_content-31247\" data-postid=\"31247\" class=\"themify_builder_content themify_builder_content-31247 themify_builder tf_clear\">\n    \t<!-- module_row -->\n\t<div  data-lazy=\"1\" class=\"module_row themify_builder_row tb_plgb368 tb_first tf_clearfix\">\n\t    \t\t<div class=\"row_inner col_align_top col-count-1 tf_box tf_w tf_rel\">\n\t\t\t<div  data-lazy=\"1\" class=\"module_column tb-column col-full first tb_kbv3369 tf_box\">\n\t\t\t    \t        <div class=\"tb-column-inner tf_box tf_w\">\n\t\t    <!-- module image -->\n<div  class=\"module module-image tb_4dab305   image-top tf_mw\" data-lazy=\"1\">\n        <div class=\"image-wrap tf_rel tf_mw\">\n\t\t    <img loading=\"lazy\" decoding=\"async\" width=\"1584\" height=\"396\" src=\"https:\/\/www.fileasbl.be\/membres\/wp-content\/uploads\/2022\/02\/Formations-Juridiques.png\" class=\"wp-post-image wp-image-25377\" title=\"Formations Juridiques\" alt=\"Formations Juridiques\" srcset=\"https:\/\/www.fileasbl.be\/membres\/wp-content\/uploads\/2022\/02\/Formations-Juridiques.png 1584w, https:\/\/www.fileasbl.be\/membres\/wp-content\/uploads\/2022\/02\/Formations-Juridiques-300x75.png 300w, https:\/\/www.fileasbl.be\/membres\/wp-content\/uploads\/2022\/02\/Formations-Juridiques-1024x256.png 1024w, https:\/\/www.fileasbl.be\/membres\/wp-content\/uploads\/2022\/02\/Formations-Juridiques-768x192.png 768w, https:\/\/www.fileasbl.be\/membres\/wp-content\/uploads\/2022\/02\/Formations-Juridiques-1536x384.png 1536w, https:\/\/www.fileasbl.be\/membres\/wp-content\/uploads\/2022\/02\/Formations-Juridiques-400x100.png 400w\" sizes=\"auto, (max-width: 1584px) 100vw, 1584px\" \/>\t\n\t\t<\/div>\n\t<!-- \/image-wrap -->\n    \n    \t<\/div>\n<!-- \/module image --><!-- module divider -->\n<div  class=\"module tf_mw module-divider tb_lvwc156 solid   \" style=\"border-width: 2px;border-color: #aad3bc;margin-top: 30px;margin-bottom: 30px;\" data-lazy=\"1\">\n    <\/div>\n<!-- \/module divider -->\n<!-- module text -->\n<div  class=\"module module-text tb_6qnx776   \" data-lazy=\"1\">\n        <div  class=\"tb_text_wrap\">\n    <p>La FILE organise un cycle de formations juridiques \u00e0 destination de ses membres pour l\u2019ann\u00e9e 2024.<\/p>\n<p>Ce cycle est constitu\u00e9 de plusieurs modules de formations d\u2019une ou deux journ\u00e9es. Chaque module peut \u00eatre pris ind\u00e9pendamment des autres mais ils ont \u00e9t\u00e9 pens\u00e9s dans une logique de continuit\u00e9.<\/p>\n<p>Les modules propos\u00e9s sont les suivants\u00a0:<\/p>\n<ul>\n<li>Bilan de fonctionnement et Bien-\u00eatre au travail (1 jour)<\/li>\n<li>R\u00e9partition r\u00f4les-responsabilit\u00e9s entre CA et direction au sein d\u2019<br \/>une ASBL + Les assurances d\u2019une ASBL (2 jours)<\/li>\n<li>Les documents sociaux (1\/2 jour)<\/li>\n<li>Incapacit\u00e9 de travail de longue dur\u00e9e : trajet de r\u00e9int\u00e9gration et rupture pour force majeure m\u00e9dicale (1 jour)<\/li>\n<\/ul>\n<div>\u00a0<\/div>\n<div><b><u>Les inscriptions sont <a href=\"https:\/\/docs.google.com\/forms\/d\/e\/1FAIpQLSeeP_W6MKuoxttL2E1WON6CUmtXSML6sDvumLs_HbZlHvvzfQ\/viewform?usp=pp_url\" target=\"_blank\" rel=\"noopener\">par ici<\/a> !<\/u><\/b><\/div>    <\/div>\n<\/div>\n<!-- \/module text --><!-- module fancy heading -->\n<div  class=\"module module-fancy-heading tb_s2bn5  tb_hide_divider\" data-lazy=\"1\">\n        <h1 class=\"fancy-heading\">\n    <span class=\"main-head tf_block\">\n\t\t\t\t\tCycle de formations 2024 :\t\t    <\/span>\n\n\t\n    <span class=\"sub-head tf_block tf_rel\">\n\t\t\t\t\t\t\t    <\/span>\n    <\/h1>\n<\/div>\n<!-- \/module fancy heading -->\n\t<div  data-lazy=\"1\" class=\"module_subrow themify_builder_sub_row tb_c4il592 tf_w tf_clearfix\">\n\t    \t\t<div class=\"subrow_inner col_align_top col-count-4 tf_box tf_w\">\n\t\t\t<div  data-lazy=\"1\" class=\"sub_column module_column tf_box col4-1 first tb_mth8592\"> \n\t    \t    \t        <div class=\"tb-column-inner tf_box tf_w\">\n\t\t    <!-- module image -->\n<div  class=\"module module-image tb_pfei885 rounded bordered  image-overlay tf_mw\" data-lazy=\"1\">\n        <div class=\"image-wrap tf_rel tf_mw\">\n\t\t    <img loading=\"lazy\" decoding=\"async\" width=\"501\" height=\"708\" src=\"https:\/\/www.fileasbl.be\/membres\/wp-content\/uploads\/2023\/12\/2023-12-13-15_46_02-Cycle-de-formations-2024-A4.png\" class=\"wp-post-image wp-image-31249\" title=\"2023-12-13 15_46_02-Cycle de formations 2024 - A4\" alt=\"2023-12-13 15_46_02-Cycle de formations 2024 - A4\" srcset=\"https:\/\/www.fileasbl.be\/membres\/wp-content\/uploads\/2023\/12\/2023-12-13-15_46_02-Cycle-de-formations-2024-A4.png 501w, https:\/\/www.fileasbl.be\/membres\/wp-content\/uploads\/2023\/12\/2023-12-13-15_46_02-Cycle-de-formations-2024-A4-212x300.png 212w, https:\/\/www.fileasbl.be\/membres\/wp-content\/uploads\/2023\/12\/2023-12-13-15_46_02-Cycle-de-formations-2024-A4-400x565.png 400w\" sizes=\"auto, (max-width: 501px) 100vw, 501px\" \/>\t\n\t\n    \t\t\t<\/div>\n\t\t<!-- \/image-wrap -->\n\t<\/div>\n<!-- \/module image -->\t        <\/div>\n\t    \t<\/div>\n\t\t<div  data-lazy=\"1\" class=\"sub_column module_column tf_box col4-1 second tb_eimc593\"> \n\t    \t    \t        <div class=\"tb-column-inner tf_box tf_w\">\n\t\t    <!-- module image -->\n<div  class=\"module module-image tb_nsv6960 rounded bordered  image-top tf_mw\" data-lazy=\"1\">\n        <div class=\"image-wrap tf_rel tf_mw\">\n\t\t    <img loading=\"lazy\" decoding=\"async\" width=\"502\" height=\"710\" src=\"https:\/\/www.fileasbl.be\/membres\/wp-content\/uploads\/2023\/12\/2023-12-13-15_47_19-Cycle-de-formations-2024-A4.png\" class=\"wp-post-image wp-image-31250\" title=\"2023-12-13 15_47_19-Cycle de formations 2024 - A4\" alt=\"2023-12-13 15_47_19-Cycle de formations 2024 - A4\" srcset=\"https:\/\/www.fileasbl.be\/membres\/wp-content\/uploads\/2023\/12\/2023-12-13-15_47_19-Cycle-de-formations-2024-A4.png 502w, https:\/\/www.fileasbl.be\/membres\/wp-content\/uploads\/2023\/12\/2023-12-13-15_47_19-Cycle-de-formations-2024-A4-212x300.png 212w, https:\/\/www.fileasbl.be\/membres\/wp-content\/uploads\/2023\/12\/2023-12-13-15_47_19-Cycle-de-formations-2024-A4-400x566.png 400w\" sizes=\"auto, (max-width: 502px) 100vw, 502px\" \/>\t\n\t\t<\/div>\n\t<!-- \/image-wrap -->\n    \n    \t<\/div>\n<!-- \/module image -->\t        <\/div>\n\t    \t<\/div>\n\t\t<div  data-lazy=\"1\" class=\"sub_column module_column tf_box col4-1 third tb_3bip593\"> \n\t    \t    \t        <div class=\"tb-column-inner tf_box tf_w\">\n\t\t    <!-- module image -->\n<div  class=\"module module-image tb_3vx9245 rounded bordered  image-top tf_mw\" data-lazy=\"1\">\n        <div class=\"image-wrap tf_rel tf_mw\">\n\t\t    <img loading=\"lazy\" decoding=\"async\" width=\"502\" height=\"710\" src=\"https:\/\/www.fileasbl.be\/membres\/wp-content\/uploads\/2023\/12\/2023-12-13-15_48_02-Cycle-de-formations-2024-A4.png\" class=\"wp-post-image wp-image-31251\" title=\"2023-12-13 15_48_02-Cycle de formations 2024 - A4\" alt=\"2023-12-13 15_48_02-Cycle de formations 2024 - A4\" srcset=\"https:\/\/www.fileasbl.be\/membres\/wp-content\/uploads\/2023\/12\/2023-12-13-15_48_02-Cycle-de-formations-2024-A4.png 502w, https:\/\/www.fileasbl.be\/membres\/wp-content\/uploads\/2023\/12\/2023-12-13-15_48_02-Cycle-de-formations-2024-A4-212x300.png 212w, https:\/\/www.fileasbl.be\/membres\/wp-content\/uploads\/2023\/12\/2023-12-13-15_48_02-Cycle-de-formations-2024-A4-400x566.png 400w\" sizes=\"auto, (max-width: 502px) 100vw, 502px\" \/>\t\n\t\t<\/div>\n\t<!-- \/image-wrap -->\n    \n    \t<\/div>\n<!-- \/module image -->\t        <\/div>\n\t    \t<\/div>\n\t\t<div  data-lazy=\"1\" class=\"sub_column module_column tf_box col4-1 last tb_pxqn593\"> \n\t    \t    \t        <div class=\"tb-column-inner tf_box tf_w\">\n\t\t    <!-- module image -->\n<div  class=\"module module-image tb_qg18740   image-top tf_mw\" data-lazy=\"1\">\n        <div class=\"image-wrap tf_rel tf_mw\">\n\t\t    <img loading=\"lazy\" decoding=\"async\" width=\"490\" height=\"700\" src=\"https:\/\/www.fileasbl.be\/membres\/wp-content\/uploads\/2024\/01\/Capture-decran-2024-01-10-095205.png\" class=\"wp-post-image wp-image-31307\" title=\"Capture d&#039;\u00e9cran 2024-01-10 095205\" alt=\"Capture d&#039;\u00e9cran 2024-01-10 095205\" srcset=\"https:\/\/www.fileasbl.be\/membres\/wp-content\/uploads\/2024\/01\/Capture-decran-2024-01-10-095205.png 490w, https:\/\/www.fileasbl.be\/membres\/wp-content\/uploads\/2024\/01\/Capture-decran-2024-01-10-095205-210x300.png 210w, https:\/\/www.fileasbl.be\/membres\/wp-content\/uploads\/2024\/01\/Capture-decran-2024-01-10-095205-400x571.png 400w\" sizes=\"auto, (max-width: 490px) 100vw, 490px\" \/>\t\n\t\t<\/div>\n\t<!-- \/image-wrap -->\n    \n    \t<\/div>\n<!-- \/module image -->\t        <\/div>\n\t    \t<\/div>\n\t\t    <\/div>\n\t<\/div><!-- \/themify_builder_sub_row -->\n\t<!-- module divider -->\n<div  class=\"module tf_mw module-divider tb_5q44848 solid   \" style=\"border-width: 2px;border-color: #aad3bc;margin-top: 30px;margin-bottom: 60px;\" data-lazy=\"1\">\n    <\/div>\n<!-- \/module divider -->\n<!-- module fancy heading -->\n<div  class=\"module module-fancy-heading tb_qtpc262  tb_hide_divider\" data-lazy=\"1\">\n        <h1 class=\"fancy-heading\">\n    <span class=\"main-head tf_block\">\n\t\t\t\t\tNos formations juridiques en 2024 :\t\t    <\/span>\n\n\t\n    <span class=\"sub-head tf_block tf_rel\">\n\t\t\t\t\t\t\t    <\/span>\n    <\/h1>\n<\/div>\n<!-- \/module fancy heading -->\n<div  class=\"module tf_clearfix themify_builder_slider_wrap module-slider tb_cuiy835  slider-default  \" data-lazy=\"1\">\n        <div class=\"themify_builder_slider tf_carousel tf_swiper-container tf_rel tf_overflow\" data-lazy=\"1\"\t\t    data-tbreakpoints=\"1024\"\n\t\t    data-mbreakpoints=\"480\"\n\tdata-visible=\"1\"\n\tdata-tab-visible=\"1\"\n\tdata-mob-visible=\"1\"\n\tdata-scroll=\"1\"\n\t\t    \t\t    \tdata-speed=\"1\"\n\tdata-wrapvar=\"1\"\n\tdata-slider_nav=\"1\"\n\tdata-pager=\"1\"\n\tdata-effect=\"scroll\" \n\tdata-height=\"variable\"\n\tdata-horizontal=\"0\"\n\t\t    data-css_url=\"https:\/\/www.fileasbl.be\/membres\/wp-content\/themes\/themify-ultra\/themify\/themify-builder\/css\/modules\/sliders\/carousel.css,https:\/\/www.fileasbl.be\/membres\/wp-content\/themes\/themify-ultra\/themify\/themify-builder\/css\/modules\/sliders\/slider.css\"\n\t>\n\t\t    <div class=\"tf_swiper-wrapper tf_lazy tf_rel tf_w tf_h tf_textc\">\n\t        <!-- module slider image -->\n\n                     <div class=\"tf_swiper-slide\">\n            <div class=\"slide-inner-wrap\">\n                                    <div class=\"tf_rel tf_lazy slide-image\">\n                                                                            <img src=\"data:image\/svg+xml;charset=UTF-8,%3Csvg%20xmlns%3D%22http%3A%2F%2Fwww.w3.org%2F2000%2Fsvg%22%20width%3D%22700%22%20height%3D%221000%22%3E%3Cg%20fill%3D%22%23efae97%22%3E%3Crect%20width%3D%22233%22%20height%3D%22333%22%2F%3E%3Crect%20width%3D%22233%22%20height%3D%22333%22%20fill%3D%22%23edaba1%22%20x%3D%22233%22%2F%3E%3Crect%20width%3D%22233%22%20height%3D%22333%22%20fill%3D%22%23eeb7af%22%20x%3D%22466%22%2F%3E%3Crect%20width%3D%22233%22%20height%3D%22333%22%20fill%3D%22%23cbb396%22%20y%3D%22333%22%2F%3E%3Crect%20width%3D%22233%22%20height%3D%22333%22%20fill%3D%22%23cbb396%22%20x%3D%22233%22%20y%3D%22333%22%2F%3E%3Crect%20width%3D%22233%22%20height%3D%22333%22%20fill%3D%22%23b25d3e%22%20x%3D%22466%22%20y%3D%22333%22%2F%3E%3Crect%20width%3D%22233%22%20height%3D%22333%22%20fill%3D%22%23cbb396%22%20y%3D%22666%22%2F%3E%3Crect%20width%3D%22233%22%20height%3D%22333%22%20fill%3D%22%23cbb396%22%20x%3D%22233%22%20y%3D%22666%22%2F%3E%3Crect%20width%3D%22233%22%20height%3D%22333%22%20fill%3D%22%23b25d3e%22%20x%3D%22466%22%20y%3D%22666%22%2F%3E%3C%2Fg%3E%3C%2Fsvg%3E\" data-lazy=\"1\" loading=\"lazy\" decoding=\"async\" data-tf-src=\"https:\/\/www.fileasbl.be\/membres\/wp-content\/uploads\/2023\/12\/2023-12-13-15_52_25-Formation-BILLAC-2024-\u2013-Avast-Secure-Browser-700x1000.png\" width=\"700\" height=\"1000\" class=\"tf_svg_lazy wp-post-image wp-image-31253\" title=\"2023-12-13 15_52_25-Formation BILLAC 2024 \u2013 Avast Secure Browser\" alt=\"Formation Bilan de fonctionnement\"><noscript><img loading=\"lazy\" decoding=\"async\" data-tf-not-load src=\"https:\/\/www.fileasbl.be\/membres\/wp-content\/uploads\/2023\/12\/2023-12-13-15_52_25-Formation-BILLAC-2024-\u2013-Avast-Secure-Browser-700x1000.png\" width=\"700\" height=\"1000\" class=\"wp-post-image wp-image-31253\" title=\"2023-12-13 15_52_25-Formation BILLAC 2024 \u2013 Avast Secure Browser\" alt=\"Formation Bilan de fonctionnement\"><\/noscript>                                            <\/div><!-- \/slide-image -->\n                \n                                    <div class=\"slide-content tb_text_wrap\">\n\n                                                                                <h3 class=\"slide-title\">\n                                                                    Formation Bilan de fonctionnement                                                            <\/h3>\n                        \n                                            <\/div><!-- \/slide-content -->\n                            <\/div>\n        <\/div>\n                     <div class=\"tf_swiper-slide\">\n            <div class=\"slide-inner-wrap\">\n                                    <div class=\"tf_rel tf_lazy slide-image\">\n                                                                            <img src=\"data:image\/svg+xml;charset=UTF-8,%3Csvg%20xmlns%3D%22http%3A%2F%2Fwww.w3.org%2F2000%2Fsvg%22%20width%3D%22700%22%20height%3D%221000%22%3E%3Cg%20fill%3D%22%23e69371%22%3E%3Crect%20width%3D%22233%22%20height%3D%22333%22%2F%3E%3Crect%20width%3D%22233%22%20height%3D%22333%22%20fill%3D%22%23e1863c%22%20x%3D%22233%22%2F%3E%3Crect%20width%3D%22233%22%20height%3D%22333%22%20fill%3D%22%23d98a6e%22%20x%3D%22466%22%2F%3E%3Crect%20width%3D%22233%22%20height%3D%22333%22%20fill%3D%22%23c57744%22%20y%3D%22333%22%2F%3E%3Crect%20width%3D%22233%22%20height%3D%22333%22%20fill%3D%22%23d28868%22%20x%3D%22233%22%20y%3D%22333%22%2F%3E%3Crect%20width%3D%22233%22%20height%3D%22333%22%20fill%3D%22%23d5751a%22%20x%3D%22466%22%20y%3D%22333%22%2F%3E%3Crect%20width%3D%22233%22%20height%3D%22333%22%20fill%3D%22%23ed9a77%22%20y%3D%22666%22%2F%3E%3Crect%20width%3D%22233%22%20height%3D%22333%22%20fill%3D%22%23cb8271%22%20x%3D%22233%22%20y%3D%22666%22%2F%3E%3Crect%20width%3D%22233%22%20height%3D%22333%22%20fill%3D%22%23c4661c%22%20x%3D%22466%22%20y%3D%22666%22%2F%3E%3C%2Fg%3E%3C%2Fsvg%3E\" data-lazy=\"1\" loading=\"lazy\" decoding=\"async\" data-tf-src=\"https:\/\/www.fileasbl.be\/membres\/wp-content\/uploads\/2024\/01\/Capture-decran-2024-01-10-095332-700x1000.png\" width=\"700\" height=\"1000\" class=\"tf_svg_lazy wp-post-image wp-image-31308\" title=\"Capture d&#039;\u00e9cran 2024-01-10 095332\" alt=\"Formation Bilan de fonctionnement\" data-tf-srcset=\"https:\/\/www.fileasbl.be\/membres\/wp-content\/uploads\/2024\/01\/Capture-decran-2024-01-10-095332-700x1000.png 700w, https:\/\/www.fileasbl.be\/membres\/wp-content\/uploads\/2024\/01\/Capture-decran-2024-01-10-095332-211x300.png 211w\" data-tf-sizes=\"auto, (max-width: 700px) 100vw, 700px\" \/><noscript><img loading=\"lazy\" decoding=\"async\" data-tf-not-load src=\"https:\/\/www.fileasbl.be\/membres\/wp-content\/uploads\/2024\/01\/Capture-decran-2024-01-10-095332-700x1000.png\" width=\"700\" height=\"1000\" class=\"wp-post-image wp-image-31308\" title=\"Capture d&#039;\u00e9cran 2024-01-10 095332\" alt=\"Formation Bilan de fonctionnement\" srcset=\"https:\/\/www.fileasbl.be\/membres\/wp-content\/uploads\/2024\/01\/Capture-decran-2024-01-10-095332-700x1000.png 700w, https:\/\/www.fileasbl.be\/membres\/wp-content\/uploads\/2024\/01\/Capture-decran-2024-01-10-095332-211x300.png 211w\" sizes=\"auto, (max-width: 700px) 100vw, 700px\" \/><\/noscript>                                            <\/div><!-- \/slide-image -->\n                \n                                    <div class=\"slide-content tb_text_wrap\">\n\n                                                                                <h3 class=\"slide-title\">\n                                                                    Formation Bilan de fonctionnement                                                            <\/h3>\n                        \n                                            <\/div><!-- \/slide-content -->\n                            <\/div>\n        <\/div>\n    \t\t    <\/div>\n    <\/div>\n<\/div>\n<div  class=\"module tf_clearfix themify_builder_slider_wrap module-slider tb_x2cu236  slider-default  \" data-lazy=\"1\">\n        <div class=\"themify_builder_slider tf_carousel tf_swiper-container tf_rel tf_overflow\" data-lazy=\"1\"\t\t    data-tbreakpoints=\"1024\"\n\t\t    data-mbreakpoints=\"480\"\n\tdata-visible=\"1\"\n\tdata-tab-visible=\"1\"\n\tdata-mob-visible=\"1\"\n\tdata-scroll=\"1\"\n\t\t    \t\t    \tdata-speed=\"1\"\n\tdata-wrapvar=\"1\"\n\tdata-slider_nav=\"1\"\n\tdata-pager=\"1\"\n\tdata-effect=\"scroll\" \n\tdata-height=\"variable\"\n\tdata-horizontal=\"0\"\n\t\t    data-css_url=\"https:\/\/www.fileasbl.be\/membres\/wp-content\/themes\/themify-ultra\/themify\/themify-builder\/css\/modules\/sliders\/carousel.css,https:\/\/www.fileasbl.be\/membres\/wp-content\/themes\/themify-ultra\/themify\/themify-builder\/css\/modules\/sliders\/slider.css\"\n\t>\n\t\t    <div class=\"tf_swiper-wrapper tf_lazy tf_rel tf_w tf_h tf_textc\">\n\t        <!-- module slider image -->\n\n                     <div class=\"tf_swiper-slide\">\n            <div class=\"slide-inner-wrap\">\n                                    <div class=\"tf_rel tf_lazy slide-image\">\n                                                                            <img src=\"data:image\/svg+xml;charset=UTF-8,%3Csvg%20xmlns%3D%22http%3A%2F%2Fwww.w3.org%2F2000%2Fsvg%22%20width%3D%22700%22%20height%3D%221000%22%3E%3Cg%20fill%3D%22%23f6f7ec%22%3E%3Crect%20width%3D%22233%22%20height%3D%22333%22%2F%3E%3Crect%20width%3D%22233%22%20height%3D%22333%22%20x%3D%22233%22%2F%3E%3Crect%20width%3D%22233%22%20height%3D%22333%22%20x%3D%22466%22%2F%3E%3Crect%20width%3D%22233%22%20height%3D%22333%22%20fill%3D%22%23cbb396%22%20y%3D%22333%22%2F%3E%3Crect%20width%3D%22233%22%20height%3D%22333%22%20fill%3D%22%23cbb396%22%20x%3D%22233%22%20y%3D%22333%22%2F%3E%3Crect%20width%3D%22233%22%20height%3D%22333%22%20fill%3D%22%23b25d3e%22%20x%3D%22466%22%20y%3D%22333%22%2F%3E%3Crect%20width%3D%22233%22%20height%3D%22333%22%20fill%3D%22%23cbb396%22%20y%3D%22666%22%2F%3E%3Crect%20width%3D%22233%22%20height%3D%22333%22%20fill%3D%22%23cbb396%22%20x%3D%22233%22%20y%3D%22666%22%2F%3E%3Crect%20width%3D%22233%22%20height%3D%22333%22%20fill%3D%22%23b25d3e%22%20x%3D%22466%22%20y%3D%22666%22%2F%3E%3C%2Fg%3E%3C%2Fsvg%3E\" data-lazy=\"1\" loading=\"lazy\" decoding=\"async\" data-tf-src=\"https:\/\/www.fileasbl.be\/membres\/wp-content\/uploads\/2023\/12\/2023-12-13-15_55_24-Formation-roles-et-responsabilites-entre-CA-et-direction-2024-\u2013-Avast-Secure-Bro-700x1000.png\" width=\"700\" height=\"1000\" class=\"tf_svg_lazy wp-post-image wp-image-31255\" title=\"2023-12-13 15_55_24-Formation r\u00f4les et responsabilit\u00e9s entre CA et direction 2024 \u2013 Avast Secure Bro\" alt=\"Formation R\u00e9partition r\u00f4les-responsabilit\u00e9s entre CA et direction au sein d\u2019 une ASBL + Les assurances d\u2019une ASBL\"><noscript><img loading=\"lazy\" decoding=\"async\" data-tf-not-load src=\"https:\/\/www.fileasbl.be\/membres\/wp-content\/uploads\/2023\/12\/2023-12-13-15_55_24-Formation-roles-et-responsabilites-entre-CA-et-direction-2024-\u2013-Avast-Secure-Bro-700x1000.png\" width=\"700\" height=\"1000\" class=\"wp-post-image wp-image-31255\" title=\"2023-12-13 15_55_24-Formation r\u00f4les et responsabilit\u00e9s entre CA et direction 2024 \u2013 Avast Secure Bro\" alt=\"Formation R\u00e9partition r\u00f4les-responsabilit\u00e9s entre CA et direction au sein d\u2019 une ASBL + Les assurances d\u2019une ASBL\"><\/noscript>                                            <\/div><!-- \/slide-image -->\n                \n                                    <div class=\"slide-content tb_text_wrap\">\n\n                                                                                <h3 class=\"slide-title\">\n                                                                    Formation R\u00e9partition r\u00f4les-responsabilit\u00e9s entre CA et direction au sein d\u2019 une ASBL + Les assurances d\u2019une ASBL                                                            <\/h3>\n                        \n                                            <\/div><!-- \/slide-content -->\n                            <\/div>\n        <\/div>\n                     <div class=\"tf_swiper-slide\">\n            <div class=\"slide-inner-wrap\">\n                                    <div class=\"tf_rel tf_lazy slide-image\">\n                                                                            <img src=\"data:image\/svg+xml;charset=UTF-8,%3Csvg%20xmlns%3D%22http%3A%2F%2Fwww.w3.org%2F2000%2Fsvg%22%20width%3D%22700%22%20height%3D%221000%22%3E%3Cg%20fill%3D%22%23464896%22%3E%3Crect%20width%3D%22233%22%20height%3D%22333%22%2F%3E%3Crect%20width%3D%22233%22%20height%3D%22333%22%20fill%3D%22%23ccaa69%22%20x%3D%22233%22%2F%3E%3Crect%20width%3D%22233%22%20height%3D%22333%22%20fill%3D%22%23d4cfa9%22%20x%3D%22466%22%2F%3E%3Crect%20width%3D%22233%22%20height%3D%22333%22%20fill%3D%22%23b46213%22%20y%3D%22333%22%2F%3E%3Crect%20width%3D%22233%22%20height%3D%22333%22%20fill%3D%22%23c07427%22%20x%3D%22233%22%20y%3D%22333%22%2F%3E%3Crect%20width%3D%22233%22%20height%3D%22333%22%20fill%3D%22%23d5d28d%22%20x%3D%22466%22%20y%3D%22333%22%2F%3E%3Crect%20width%3D%22233%22%20height%3D%22333%22%20fill%3D%22%23f4f9ea%22%20y%3D%22666%22%2F%3E%3Crect%20width%3D%22233%22%20height%3D%22333%22%20fill%3D%22%23f4f9ea%22%20x%3D%22233%22%20y%3D%22666%22%2F%3E%3Crect%20width%3D%22233%22%20height%3D%22333%22%20fill%3D%22%233b3b3b%22%20x%3D%22466%22%20y%3D%22666%22%2F%3E%3C%2Fg%3E%3C%2Fsvg%3E\" data-lazy=\"1\" loading=\"lazy\" decoding=\"async\" data-tf-src=\"https:\/\/www.fileasbl.be\/membres\/wp-content\/uploads\/2024\/01\/Capture-decran-2024-01-10-095449-700x1000.png\" width=\"700\" height=\"1000\" class=\"tf_svg_lazy wp-post-image wp-image-31309\" title=\"Capture d&#039;\u00e9cran 2024-01-10 095449\" alt=\"Formation R\u00e9partition r\u00f4les-responsabilit\u00e9s entre CA et direction au sein d\u2019 une ASBL + Les assurances d\u2019une ASBL\"><noscript><img loading=\"lazy\" decoding=\"async\" data-tf-not-load src=\"https:\/\/www.fileasbl.be\/membres\/wp-content\/uploads\/2024\/01\/Capture-decran-2024-01-10-095449-700x1000.png\" width=\"700\" height=\"1000\" class=\"wp-post-image wp-image-31309\" title=\"Capture d&#039;\u00e9cran 2024-01-10 095449\" alt=\"Formation R\u00e9partition r\u00f4les-responsabilit\u00e9s entre CA et direction au sein d\u2019 une ASBL + Les assurances d\u2019une ASBL\"><\/noscript>                                            <\/div><!-- \/slide-image -->\n                \n                                    <div class=\"slide-content tb_text_wrap\">\n\n                                                                                <h3 class=\"slide-title\">\n                                                                    Formation R\u00e9partition r\u00f4les-responsabilit\u00e9s entre CA et direction au sein d\u2019 une ASBL + Les assurances d\u2019une ASBL                                                            <\/h3>\n                        \n                                            <\/div><!-- \/slide-content -->\n                            <\/div>\n        <\/div>\n    \t\t    <\/div>\n    <\/div>\n<\/div>\n<div  class=\"module tf_clearfix themify_builder_slider_wrap module-slider tb_f3gg874  slider-default  \" data-lazy=\"1\">\n        <div class=\"themify_builder_slider tf_carousel tf_swiper-container tf_rel tf_overflow\" data-lazy=\"1\"\t\t    data-tbreakpoints=\"1024\"\n\t\t    data-mbreakpoints=\"480\"\n\tdata-visible=\"1\"\n\tdata-tab-visible=\"1\"\n\tdata-mob-visible=\"1\"\n\tdata-scroll=\"1\"\n\t\t    \t\t    \tdata-speed=\"1\"\n\tdata-wrapvar=\"1\"\n\tdata-slider_nav=\"1\"\n\tdata-pager=\"1\"\n\tdata-effect=\"scroll\" \n\tdata-height=\"variable\"\n\tdata-horizontal=\"0\"\n\t\t    data-css_url=\"https:\/\/www.fileasbl.be\/membres\/wp-content\/themes\/themify-ultra\/themify\/themify-builder\/css\/modules\/sliders\/carousel.css,https:\/\/www.fileasbl.be\/membres\/wp-content\/themes\/themify-ultra\/themify\/themify-builder\/css\/modules\/sliders\/slider.css\"\n\t>\n\t\t    <div class=\"tf_swiper-wrapper tf_lazy tf_rel tf_w tf_h tf_textc\">\n\t        <!-- module slider image -->\n\n                     <div class=\"tf_swiper-slide\">\n            <div class=\"slide-inner-wrap\">\n                                    <div class=\"tf_rel tf_lazy slide-image\">\n                                                                            <img src=\"data:image\/svg+xml;charset=UTF-8,%3Csvg%20xmlns%3D%22http%3A%2F%2Fwww.w3.org%2F2000%2Fsvg%22%20width%3D%22700%22%20height%3D%221000%22%3E%3Cg%20fill%3D%22%23f6f7ec%22%3E%3Crect%20width%3D%22233%22%20height%3D%22333%22%2F%3E%3Crect%20width%3D%22233%22%20height%3D%22333%22%20x%3D%22233%22%2F%3E%3Crect%20width%3D%22233%22%20height%3D%22333%22%20x%3D%22466%22%2F%3E%3Crect%20width%3D%22233%22%20height%3D%22333%22%20fill%3D%22%23cbb296%22%20y%3D%22333%22%2F%3E%3Crect%20width%3D%22233%22%20height%3D%22333%22%20fill%3D%22%23d68eb7%22%20x%3D%22233%22%20y%3D%22333%22%2F%3E%3Crect%20width%3D%22233%22%20height%3D%22333%22%20fill%3D%22%23b25d3e%22%20x%3D%22466%22%20y%3D%22333%22%2F%3E%3Crect%20width%3D%22233%22%20height%3D%22333%22%20fill%3D%22%23c39a7d%22%20y%3D%22666%22%2F%3E%3Crect%20width%3D%22233%22%20height%3D%22333%22%20fill%3D%22%23cab396%22%20x%3D%22233%22%20y%3D%22666%22%2F%3E%3Crect%20width%3D%22233%22%20height%3D%22333%22%20fill%3D%22%23b25d3e%22%20x%3D%22466%22%20y%3D%22666%22%2F%3E%3C%2Fg%3E%3C%2Fsvg%3E\" data-lazy=\"1\" loading=\"lazy\" decoding=\"async\" data-tf-src=\"https:\/\/www.fileasbl.be\/membres\/wp-content\/uploads\/2024\/06\/Copie-de-Formation-Les-documents-sociaux-2024-724x1024-700x1000.png\" width=\"700\" height=\"1000\" class=\"tf_svg_lazy wp-post-image wp-image-31554\" title=\"Copie de Formation Les documents sociaux 2024\" alt=\"Formation Les documents sociaux\"><noscript><img loading=\"lazy\" decoding=\"async\" data-tf-not-load src=\"https:\/\/www.fileasbl.be\/membres\/wp-content\/uploads\/2024\/06\/Copie-de-Formation-Les-documents-sociaux-2024-724x1024-700x1000.png\" width=\"700\" height=\"1000\" class=\"wp-post-image wp-image-31554\" title=\"Copie de Formation Les documents sociaux 2024\" alt=\"Formation Les documents sociaux\"><\/noscript>                                            <\/div><!-- \/slide-image -->\n                \n                                    <div class=\"slide-content tb_text_wrap\">\n\n                                                                                <h3 class=\"slide-title\">\n                                                                    Formation Les documents sociaux                                                            <\/h3>\n                        \n                                            <\/div><!-- \/slide-content -->\n                            <\/div>\n        <\/div>\n                     <div class=\"tf_swiper-slide\">\n            <div class=\"slide-inner-wrap\">\n                                    <div class=\"tf_rel tf_lazy slide-image\">\n                                                                            <img src=\"data:image\/svg+xml;charset=UTF-8,%3Csvg%20xmlns%3D%22http%3A%2F%2Fwww.w3.org%2F2000%2Fsvg%22%20width%3D%22700%22%20height%3D%221000%22%3E%3Cg%20fill%3D%22%23f6f7ec%22%3E%3Crect%20width%3D%22233%22%20height%3D%22333%22%2F%3E%3Crect%20width%3D%22233%22%20height%3D%22333%22%20x%3D%22233%22%2F%3E%3Crect%20width%3D%22233%22%20height%3D%22333%22%20fill%3D%22%23d1d1d1%22%20x%3D%22466%22%2F%3E%3Crect%20width%3D%22233%22%20height%3D%22333%22%20y%3D%22333%22%2F%3E%3Crect%20width%3D%22233%22%20height%3D%22333%22%20x%3D%22233%22%20y%3D%22333%22%2F%3E%3Crect%20width%3D%22233%22%20height%3D%22333%22%20fill%3D%22%23ffffff%22%20x%3D%22466%22%20y%3D%22333%22%2F%3E%3Crect%20width%3D%22233%22%20height%3D%22333%22%20y%3D%22666%22%2F%3E%3Crect%20width%3D%22233%22%20height%3D%22333%22%20x%3D%22233%22%20y%3D%22666%22%2F%3E%3Crect%20width%3D%22233%22%20height%3D%22333%22%20x%3D%22466%22%20y%3D%22666%22%2F%3E%3C%2Fg%3E%3C%2Fsvg%3E\" data-lazy=\"1\" loading=\"lazy\" decoding=\"async\" data-tf-src=\"https:\/\/www.fileasbl.be\/membres\/wp-content\/uploads\/2023\/12\/Formation-Les-documents-sociaux-2024-1-724x1024-700x1000.png\" width=\"700\" height=\"1000\" class=\"tf_svg_lazy wp-post-image wp-image-31550\" title=\"Formation Les documents sociaux 2024 (1)\" alt=\"Formation Les documents sociaux\"><noscript><img loading=\"lazy\" decoding=\"async\" data-tf-not-load src=\"https:\/\/www.fileasbl.be\/membres\/wp-content\/uploads\/2023\/12\/Formation-Les-documents-sociaux-2024-1-724x1024-700x1000.png\" width=\"700\" height=\"1000\" class=\"wp-post-image wp-image-31550\" title=\"Formation Les documents sociaux 2024 (1)\" alt=\"Formation Les documents sociaux\"><\/noscript>                                            <\/div><!-- \/slide-image -->\n                \n                                    <div class=\"slide-content tb_text_wrap\">\n\n                                                                                <h3 class=\"slide-title\">\n                                                                    Formation Les documents sociaux                                                            <\/h3>\n                        \n                                            <\/div><!-- \/slide-content -->\n                            <\/div>\n        <\/div>\n    \t\t    <\/div>\n    <\/div>\n<\/div>\n<div  class=\"module tf_clearfix themify_builder_slider_wrap module-slider tb_9h5t264  slider-default  \" data-lazy=\"1\">\n        <div class=\"themify_builder_slider tf_carousel tf_swiper-container tf_rel tf_overflow\" data-lazy=\"1\"\t\t    data-tbreakpoints=\"1024\"\n\t\t    data-mbreakpoints=\"480\"\n\tdata-visible=\"1\"\n\tdata-tab-visible=\"1\"\n\tdata-mob-visible=\"1\"\n\tdata-scroll=\"1\"\n\t\t    \t\t    \tdata-speed=\"1\"\n\tdata-wrapvar=\"1\"\n\tdata-slider_nav=\"1\"\n\tdata-pager=\"1\"\n\tdata-effect=\"scroll\" \n\tdata-height=\"variable\"\n\tdata-horizontal=\"0\"\n\t\t    data-css_url=\"https:\/\/www.fileasbl.be\/membres\/wp-content\/themes\/themify-ultra\/themify\/themify-builder\/css\/modules\/sliders\/carousel.css,https:\/\/www.fileasbl.be\/membres\/wp-content\/themes\/themify-ultra\/themify\/themify-builder\/css\/modules\/sliders\/slider.css\"\n\t>\n\t\t    <div class=\"tf_swiper-wrapper tf_lazy tf_rel tf_w tf_h tf_textc\">\n\t        <!-- module slider image -->\n\n                     <div class=\"tf_swiper-slide\">\n            <div class=\"slide-inner-wrap\">\n                                    <div class=\"tf_rel tf_lazy slide-image\">\n                                                                            <img src=\"data:image\/svg+xml;charset=UTF-8,%3Csvg%20xmlns%3D%22http%3A%2F%2Fwww.w3.org%2F2000%2Fsvg%22%20width%3D%22700%22%20height%3D%221000%22%3E%3Cg%20fill%3D%22%23f2d2c1%22%3E%3Crect%20width%3D%22233%22%20height%3D%22333%22%2F%3E%3Crect%20width%3D%22233%22%20height%3D%22333%22%20fill%3D%22%23f6f7ec%22%20x%3D%22233%22%2F%3E%3Crect%20width%3D%22233%22%20height%3D%22333%22%20fill%3D%22%23f6f7ec%22%20x%3D%22466%22%2F%3E%3Crect%20width%3D%22233%22%20height%3D%22333%22%20fill%3D%22%23cbb396%22%20y%3D%22333%22%2F%3E%3Crect%20width%3D%22233%22%20height%3D%22333%22%20fill%3D%22%23cbb396%22%20x%3D%22233%22%20y%3D%22333%22%2F%3E%3Crect%20width%3D%22233%22%20height%3D%22333%22%20fill%3D%22%23b25d3e%22%20x%3D%22466%22%20y%3D%22333%22%2F%3E%3Crect%20width%3D%22233%22%20height%3D%22333%22%20fill%3D%22%23cbb396%22%20y%3D%22666%22%2F%3E%3Crect%20width%3D%22233%22%20height%3D%22333%22%20fill%3D%22%23cbb396%22%20x%3D%22233%22%20y%3D%22666%22%2F%3E%3Crect%20width%3D%22233%22%20height%3D%22333%22%20fill%3D%22%23b25d3e%22%20x%3D%22466%22%20y%3D%22666%22%2F%3E%3C%2Fg%3E%3C%2Fsvg%3E\" data-lazy=\"1\" loading=\"lazy\" decoding=\"async\" data-tf-src=\"https:\/\/www.fileasbl.be\/membres\/wp-content\/uploads\/2023\/12\/2023-12-13-16_07_14-Incapacite-de-travail-de-longue-duree-_-trajet-de-reintegration-et-rupture-pour--700x1000.png\" width=\"700\" height=\"1000\" class=\"tf_svg_lazy wp-post-image wp-image-31262\" title=\"2023-12-13 16_07_14-Incapacit\u00e9 de travail de longue dur\u00e9e _ trajet de r\u00e9int\u00e9gration et rupture pour\" alt=\"Formation Incapacit\u00e9 de travail de longue dur\u00e9e : trajet de r\u00e9int\u00e9gration et rupture pour force majeure m\u00e9dicale\"><noscript><img loading=\"lazy\" decoding=\"async\" data-tf-not-load src=\"https:\/\/www.fileasbl.be\/membres\/wp-content\/uploads\/2023\/12\/2023-12-13-16_07_14-Incapacite-de-travail-de-longue-duree-_-trajet-de-reintegration-et-rupture-pour--700x1000.png\" width=\"700\" height=\"1000\" class=\"wp-post-image wp-image-31262\" title=\"2023-12-13 16_07_14-Incapacit\u00e9 de travail de longue dur\u00e9e _ trajet de r\u00e9int\u00e9gration et rupture pour\" alt=\"Formation Incapacit\u00e9 de travail de longue dur\u00e9e : trajet de r\u00e9int\u00e9gration et rupture pour force majeure m\u00e9dicale\"><\/noscript>                                            <\/div><!-- \/slide-image -->\n                \n                                    <div class=\"slide-content tb_text_wrap\">\n\n                                                                                <h3 class=\"slide-title\">\n                                                                    Formation Incapacit\u00e9 de travail de longue dur\u00e9e : trajet de r\u00e9int\u00e9gration et rupture pour force majeure m\u00e9dicale                                                            <\/h3>\n                        \n                                            <\/div><!-- \/slide-content -->\n                            <\/div>\n        <\/div>\n                     <div class=\"tf_swiper-slide\">\n            <div class=\"slide-inner-wrap\">\n                                    <div class=\"tf_rel tf_lazy slide-image\">\n                                                                            <img src=\"data:image\/svg+xml;charset=UTF-8,%3Csvg%20xmlns%3D%22http%3A%2F%2Fwww.w3.org%2F2000%2Fsvg%22%20width%3D%22700%22%20height%3D%221000%22%3E%3Cg%20fill%3D%22%23e6987b%22%3E%3Crect%20width%3D%22233%22%20height%3D%22333%22%2F%3E%3Crect%20width%3D%22233%22%20height%3D%22333%22%20fill%3D%22%23bc8877%22%20x%3D%22233%22%2F%3E%3Crect%20width%3D%22233%22%20height%3D%22333%22%20fill%3D%22%23bc9278%22%20x%3D%22466%22%2F%3E%3Crect%20width%3D%22233%22%20height%3D%22333%22%20fill%3D%22%23d7d3ab%22%20y%3D%22333%22%2F%3E%3Crect%20width%3D%22233%22%20height%3D%22333%22%20fill%3D%22%23d6d2a9%22%20x%3D%22233%22%20y%3D%22333%22%2F%3E%3Crect%20width%3D%22233%22%20height%3D%22333%22%20fill%3D%22%23d7d3ab%22%20x%3D%22466%22%20y%3D%22333%22%2F%3E%3Crect%20width%3D%22233%22%20height%3D%22333%22%20fill%3D%22%23f4f9ea%22%20y%3D%22666%22%2F%3E%3Crect%20width%3D%22233%22%20height%3D%22333%22%20fill%3D%22%23f4f9ea%22%20x%3D%22233%22%20y%3D%22666%22%2F%3E%3Crect%20width%3D%22233%22%20height%3D%22333%22%20fill%3D%22%23f4f9ea%22%20x%3D%22466%22%20y%3D%22666%22%2F%3E%3C%2Fg%3E%3C%2Fsvg%3E\" data-lazy=\"1\" loading=\"lazy\" decoding=\"async\" data-tf-src=\"https:\/\/www.fileasbl.be\/membres\/wp-content\/uploads\/2024\/01\/Capture-decran-2024-01-10-100037-700x1000.png\" width=\"700\" height=\"1000\" class=\"tf_svg_lazy wp-post-image wp-image-31313\" title=\"Capture d&#039;\u00e9cran 2024-01-10 100037\" alt=\"Formation Incapacit\u00e9 de travail de longue dur\u00e9e : trajet de r\u00e9int\u00e9gration et rupture pour force majeure m\u00e9dicale\"><noscript><img loading=\"lazy\" decoding=\"async\" data-tf-not-load src=\"https:\/\/www.fileasbl.be\/membres\/wp-content\/uploads\/2024\/01\/Capture-decran-2024-01-10-100037-700x1000.png\" width=\"700\" height=\"1000\" class=\"wp-post-image wp-image-31313\" title=\"Capture d&#039;\u00e9cran 2024-01-10 100037\" alt=\"Formation Incapacit\u00e9 de travail de longue dur\u00e9e : trajet de r\u00e9int\u00e9gration et rupture pour force majeure m\u00e9dicale\"><\/noscript>                                            <\/div><!-- \/slide-image -->\n                \n                                    <div class=\"slide-content tb_text_wrap\">\n\n                                                                                <h3 class=\"slide-title\">\n                                                                    Formation Incapacit\u00e9 de travail de longue dur\u00e9e : trajet de r\u00e9int\u00e9gration et rupture pour force majeure m\u00e9dicale                                                            <\/h3>\n                        \n                                            <\/div><!-- \/slide-content -->\n                            <\/div>\n        <\/div>\n    \t\t    <\/div>\n    <\/div>\n<\/div>\n\t<div  data-lazy=\"1\" class=\"module_subrow themify_builder_sub_row tb_junu789 tf_w tf_clearfix\">\n\t    \t\t<div class=\"subrow_inner col_align_top col-count-3 tf_box tf_w\">\n\t\t\t<div  data-lazy=\"1\" class=\"sub_column module_column tf_box col3-1 first tb_j35u790\"> \n\t    \t    \t<\/div>\n\t\t<div  data-lazy=\"1\" class=\"sub_column module_column tf_box col3-1 middle tb_qu80790\"> \n\t    \t    \t        <div class=\"tb-column-inner tf_box tf_w\">\n\t\t    <!-- module buttons -->\n<div  class=\"module module-buttons tb_rcho924 buttons-horizontal solid \" data-lazy=\"1\">\n    \t<div class=\"module-buttons-item tf_inline_b\">\n\t\t\t\t\t\t\t<a href=\"https:\/\/docs.google.com\/forms\/d\/e\/1FAIpQLSeeP_W6MKuoxttL2E1WON6CUmtXSML6sDvumLs_HbZlHvvzfQ\/viewform?usp=pp_url\" class=\"ui builder_button brown\" target=\"_blank\" rel=\"noopener\">\n\t\t\t\t\t\t\t\t\t\t\t<span class=\"tf_inline_b tf_vmiddle\">Les inscriptions sont par ici ! <\/span>\n\t\t\t\t\t\t\t\t\t\t\t<\/a>\n\t\t\t    \t<\/div>\n\t<\/div>\n<!-- \/module buttons -->\n\t        <\/div>\n\t    \t<\/div>\n\t\t<div  data-lazy=\"1\" class=\"sub_column module_column tf_box col3-1 last tb_fqb6790\"> \n\t    \t    \t<\/div>\n\t\t    <\/div>\n\t<\/div><!-- \/themify_builder_sub_row -->\n\t<!-- module divider -->\n<div  class=\"module tf_mw module-divider tb_mcao333 solid   \" style=\"border-width: 2px;border-color: #aad3bc;margin-top: 30px;margin-bottom: 30px;\" data-lazy=\"1\">\n    <\/div>\n<!-- \/module divider -->\n\t        <\/div>\n\t    \t<\/div>\n\t\t    <\/div>\n\t    <!-- \/row_inner -->\n\t<\/div>\n\t<!-- \/module_row -->\n\t<\/div>\n<!--\/themify_builder_content-->","protected":false},"excerpt":{"rendered":"<p>La FILE organise un cycle de formations juridiques \u00e0 destination de ses membres pour l\u2019ann\u00e9e 2024. Ce cycle est constitu\u00e9 de plusieurs modules de formations d\u2019une ou deux journ\u00e9es. Chaque module peut \u00eatre pris ind\u00e9pendamment des autres mais ils ont \u00e9t\u00e9 pens\u00e9s dans une logique de continuit\u00e9. Les modules propos\u00e9s sont les suivants\u00a0: Bilan de [&hellip;]<\/p>\n","protected":false},"author":2,"featured_media":29917,"comment_status":"open","ping_status":"open","sticky":false,"template":"","format":"standard","meta":{"footnotes":""},"categories":[241,235,232,278,299,236,233],"tags":[],"class_list":["post-31247","post","type-post","status-publish","format-standard","has-post-thumbnail","hentry","category-asbl","category-bien-etre-au-travail","category-contrats-de-travail","category-qualification","category-notes-juridiques","category-reglement-travail","category-temps-de-travail","has-post-title","has-post-date","has-post-category","has-post-tag","has-post-comment","has-post-author",""],"yoast_head":"<!-- This site is optimized with the Yoast SEO plugin v27.5 - https:\/\/yoast.com\/product\/yoast-seo-wordpress\/ -->\n<title>Formations juridiques pour Milieux d&#039;accueil - 2024 - Site de la FILE<\/title>\n<meta name=\"description\" content=\"La FILE organise un cycle de formations juridiques \u00e0 destination de ses membres pour l&#039;ann\u00e9e 2024\" \/>\n<meta name=\"robots\" content=\"index, follow, max-snippet:-1, max-image-preview:large, max-video-preview:-1\" \/>\n<link rel=\"canonical\" href=\"https:\/\/www.fileasbl.be\/membres\/formations-2024\/\" \/>\n<meta property=\"og:locale\" content=\"fr_FR\" \/>\n<meta property=\"og:type\" content=\"article\" \/>\n<meta property=\"og:title\" content=\"Formations juridiques pour Milieux d&#039;accueil - 2024 - Site de la FILE\" \/>\n<meta property=\"og:description\" content=\"La FILE organise un cycle de formations juridiques \u00e0 destination de ses membres pour l&#039;ann\u00e9e 2024\" \/>\n<meta property=\"og:url\" content=\"https:\/\/www.fileasbl.be\/membres\/formations-2024\/\" \/>\n<meta property=\"og:site_name\" content=\"Site de la FILE\" \/>\n<meta property=\"article:publisher\" content=\"https:\/\/www.facebook.com\/fileasbl\/\" \/>\n<meta property=\"article:published_time\" content=\"2024-08-01T15:09:38+00:00\" \/>\n<meta property=\"article:modified_time\" content=\"2024-12-27T13:17:12+00:00\" \/>\n<meta property=\"og:image\" content=\"https:\/\/www.fileasbl.be\/membres\/wp-content\/uploads\/2022\/12\/Miniature-.png\" \/>\n\t<meta property=\"og:image:width\" content=\"500\" \/>\n\t<meta property=\"og:image:height\" content=\"500\" \/>\n\t<meta property=\"og:image:type\" content=\"image\/png\" \/>\n<meta name=\"author\" content=\"Contact FILE\" \/>\n<meta name=\"twitter:card\" content=\"summary_large_image\" \/>\n<meta name=\"twitter:label1\" content=\"\u00c9crit par\" \/>\n\t<meta name=\"twitter:data1\" content=\"Contact FILE\" \/>\n\t<meta name=\"twitter:label2\" content=\"Dur\u00e9e de lecture estim\u00e9e\" \/>\n\t<meta name=\"twitter:data2\" content=\"4 minutes\" \/>\n<script type=\"application\/ld+json\" class=\"yoast-schema-graph\">{\"@context\":\"https:\\\/\\\/schema.org\",\"@graph\":[{\"@type\":\"Article\",\"@id\":\"https:\\\/\\\/www.fileasbl.be\\\/membres\\\/formations-2024\\\/#article\",\"isPartOf\":{\"@id\":\"https:\\\/\\\/www.fileasbl.be\\\/membres\\\/formations-2024\\\/\"},\"author\":{\"name\":\"Contact FILE\",\"@id\":\"https:\\\/\\\/www.fileasbl.be\\\/membres\\\/#\\\/schema\\\/person\\\/5954a0c68c3a6f92f805465caa00d25f\"},\"headline\":\"Formations juridiques pour Milieux d&rsquo;accueil &#8211; 2024\",\"datePublished\":\"2024-08-01T15:09:38+00:00\",\"dateModified\":\"2024-12-27T13:17:12+00:00\",\"mainEntityOfPage\":{\"@id\":\"https:\\\/\\\/www.fileasbl.be\\\/membres\\\/formations-2024\\\/\"},\"wordCount\":231,\"commentCount\":0,\"image\":{\"@id\":\"https:\\\/\\\/www.fileasbl.be\\\/membres\\\/formations-2024\\\/#primaryimage\"},\"thumbnailUrl\":\"https:\\\/\\\/www.fileasbl.be\\\/membres\\\/wp-content\\\/uploads\\\/2022\\\/12\\\/Miniature-.png\",\"articleSection\":[\"ASBL\",\"Bien \u00eatre au travail\",\"Contrats de travail\",\"Formation juridique\",\"Notes juridiques\",\"R\u00e8glement travail\",\"Temps de travail\"],\"inLanguage\":\"fr-FR\",\"potentialAction\":[{\"@type\":\"CommentAction\",\"name\":\"Comment\",\"target\":[\"https:\\\/\\\/www.fileasbl.be\\\/membres\\\/formations-2024\\\/#respond\"]}]},{\"@type\":\"WebPage\",\"@id\":\"https:\\\/\\\/www.fileasbl.be\\\/membres\\\/formations-2024\\\/\",\"url\":\"https:\\\/\\\/www.fileasbl.be\\\/membres\\\/formations-2024\\\/\",\"name\":\"Formations juridiques pour Milieux d'accueil - 2024 - Site de la FILE\",\"isPartOf\":{\"@id\":\"https:\\\/\\\/www.fileasbl.be\\\/membres\\\/#website\"},\"primaryImageOfPage\":{\"@id\":\"https:\\\/\\\/www.fileasbl.be\\\/membres\\\/formations-2024\\\/#primaryimage\"},\"image\":{\"@id\":\"https:\\\/\\\/www.fileasbl.be\\\/membres\\\/formations-2024\\\/#primaryimage\"},\"thumbnailUrl\":\"https:\\\/\\\/www.fileasbl.be\\\/membres\\\/wp-content\\\/uploads\\\/2022\\\/12\\\/Miniature-.png\",\"datePublished\":\"2024-08-01T15:09:38+00:00\",\"dateModified\":\"2024-12-27T13:17:12+00:00\",\"author\":{\"@id\":\"https:\\\/\\\/www.fileasbl.be\\\/membres\\\/#\\\/schema\\\/person\\\/5954a0c68c3a6f92f805465caa00d25f\"},\"description\":\"La FILE organise un cycle de formations juridiques \u00e0 destination de ses membres pour l'ann\u00e9e 2024\",\"breadcrumb\":{\"@id\":\"https:\\\/\\\/www.fileasbl.be\\\/membres\\\/formations-2024\\\/#breadcrumb\"},\"inLanguage\":\"fr-FR\",\"potentialAction\":[{\"@type\":\"ReadAction\",\"target\":[\"https:\\\/\\\/www.fileasbl.be\\\/membres\\\/formations-2024\\\/\"]}]},{\"@type\":\"ImageObject\",\"inLanguage\":\"fr-FR\",\"@id\":\"https:\\\/\\\/www.fileasbl.be\\\/membres\\\/formations-2024\\\/#primaryimage\",\"url\":\"https:\\\/\\\/www.fileasbl.be\\\/membres\\\/wp-content\\\/uploads\\\/2022\\\/12\\\/Miniature-.png\",\"contentUrl\":\"https:\\\/\\\/www.fileasbl.be\\\/membres\\\/wp-content\\\/uploads\\\/2022\\\/12\\\/Miniature-.png\",\"width\":500,\"height\":500},{\"@type\":\"BreadcrumbList\",\"@id\":\"https:\\\/\\\/www.fileasbl.be\\\/membres\\\/formations-2024\\\/#breadcrumb\",\"itemListElement\":[{\"@type\":\"ListItem\",\"position\":1,\"name\":\"Accueil\",\"item\":\"https:\\\/\\\/www.fileasbl.be\\\/membres\\\/\"},{\"@type\":\"ListItem\",\"position\":2,\"name\":\"Formations juridiques pour Milieux d&rsquo;accueil &#8211; 2024\"}]},{\"@type\":\"WebSite\",\"@id\":\"https:\\\/\\\/www.fileasbl.be\\\/membres\\\/#website\",\"url\":\"https:\\\/\\\/www.fileasbl.be\\\/membres\\\/\",\"name\":\"Site de la FILE\",\"description\":\"FILE Un accueil de qualit\u00e9 accessible \u00e0 tous\",\"potentialAction\":[{\"@type\":\"SearchAction\",\"target\":{\"@type\":\"EntryPoint\",\"urlTemplate\":\"https:\\\/\\\/www.fileasbl.be\\\/membres\\\/?s={search_term_string}\"},\"query-input\":{\"@type\":\"PropertyValueSpecification\",\"valueRequired\":true,\"valueName\":\"search_term_string\"}}],\"inLanguage\":\"fr-FR\"},{\"@type\":\"Person\",\"@id\":\"https:\\\/\\\/www.fileasbl.be\\\/membres\\\/#\\\/schema\\\/person\\\/5954a0c68c3a6f92f805465caa00d25f\",\"name\":\"Contact FILE\",\"url\":\"https:\\\/\\\/www.fileasbl.be\\\/membres\\\/author\\\/contactfile\\\/\"}]}<\/script>\n<!-- \/ Yoast SEO plugin. -->","yoast_head_json":{"title":"Formations juridiques pour Milieux d'accueil - 2024 - Site de la FILE","description":"La FILE organise un cycle de formations juridiques \u00e0 destination de ses membres pour l'ann\u00e9e 2024","robots":{"index":"index","follow":"follow","max-snippet":"max-snippet:-1","max-image-preview":"max-image-preview:large","max-video-preview":"max-video-preview:-1"},"canonical":"https:\/\/www.fileasbl.be\/membres\/formations-2024\/","og_locale":"fr_FR","og_type":"article","og_title":"Formations juridiques pour Milieux d'accueil - 2024 - Site de la FILE","og_description":"La FILE organise un cycle de formations juridiques \u00e0 destination de ses membres pour l'ann\u00e9e 2024","og_url":"https:\/\/www.fileasbl.be\/membres\/formations-2024\/","og_site_name":"Site de la FILE","article_publisher":"https:\/\/www.facebook.com\/fileasbl\/","article_published_time":"2024-08-01T15:09:38+00:00","article_modified_time":"2024-12-27T13:17:12+00:00","og_image":[{"width":500,"height":500,"url":"https:\/\/www.fileasbl.be\/membres\/wp-content\/uploads\/2022\/12\/Miniature-.png","type":"image\/png"}],"author":"Contact FILE","twitter_card":"summary_large_image","twitter_misc":{"\u00c9crit par":"Contact FILE","Dur\u00e9e de lecture estim\u00e9e":"4 minutes"},"schema":{"@context":"https:\/\/schema.org","@graph":[{"@type":"Article","@id":"https:\/\/www.fileasbl.be\/membres\/formations-2024\/#article","isPartOf":{"@id":"https:\/\/www.fileasbl.be\/membres\/formations-2024\/"},"author":{"name":"Contact FILE","@id":"https:\/\/www.fileasbl.be\/membres\/#\/schema\/person\/5954a0c68c3a6f92f805465caa00d25f"},"headline":"Formations juridiques pour Milieux d&rsquo;accueil &#8211; 2024","datePublished":"2024-08-01T15:09:38+00:00","dateModified":"2024-12-27T13:17:12+00:00","mainEntityOfPage":{"@id":"https:\/\/www.fileasbl.be\/membres\/formations-2024\/"},"wordCount":231,"commentCount":0,"image":{"@id":"https:\/\/www.fileasbl.be\/membres\/formations-2024\/#primaryimage"},"thumbnailUrl":"https:\/\/www.fileasbl.be\/membres\/wp-content\/uploads\/2022\/12\/Miniature-.png","articleSection":["ASBL","Bien \u00eatre au travail","Contrats de travail","Formation juridique","Notes juridiques","R\u00e8glement travail","Temps de travail"],"inLanguage":"fr-FR","potentialAction":[{"@type":"CommentAction","name":"Comment","target":["https:\/\/www.fileasbl.be\/membres\/formations-2024\/#respond"]}]},{"@type":"WebPage","@id":"https:\/\/www.fileasbl.be\/membres\/formations-2024\/","url":"https:\/\/www.fileasbl.be\/membres\/formations-2024\/","name":"Formations juridiques pour Milieux d'accueil - 2024 - Site de la FILE","isPartOf":{"@id":"https:\/\/www.fileasbl.be\/membres\/#website"},"primaryImageOfPage":{"@id":"https:\/\/www.fileasbl.be\/membres\/formations-2024\/#primaryimage"},"image":{"@id":"https:\/\/www.fileasbl.be\/membres\/formations-2024\/#primaryimage"},"thumbnailUrl":"https:\/\/www.fileasbl.be\/membres\/wp-content\/uploads\/2022\/12\/Miniature-.png","datePublished":"2024-08-01T15:09:38+00:00","dateModified":"2024-12-27T13:17:12+00:00","author":{"@id":"https:\/\/www.fileasbl.be\/membres\/#\/schema\/person\/5954a0c68c3a6f92f805465caa00d25f"},"description":"La FILE organise un cycle de formations juridiques \u00e0 destination de ses membres pour l'ann\u00e9e 2024","breadcrumb":{"@id":"https:\/\/www.fileasbl.be\/membres\/formations-2024\/#breadcrumb"},"inLanguage":"fr-FR","potentialAction":[{"@type":"ReadAction","target":["https:\/\/www.fileasbl.be\/membres\/formations-2024\/"]}]},{"@type":"ImageObject","inLanguage":"fr-FR","@id":"https:\/\/www.fileasbl.be\/membres\/formations-2024\/#primaryimage","url":"https:\/\/www.fileasbl.be\/membres\/wp-content\/uploads\/2022\/12\/Miniature-.png","contentUrl":"https:\/\/www.fileasbl.be\/membres\/wp-content\/uploads\/2022\/12\/Miniature-.png","width":500,"height":500},{"@type":"BreadcrumbList","@id":"https:\/\/www.fileasbl.be\/membres\/formations-2024\/#breadcrumb","itemListElement":[{"@type":"ListItem","position":1,"name":"Accueil","item":"https:\/\/www.fileasbl.be\/membres\/"},{"@type":"ListItem","position":2,"name":"Formations juridiques pour Milieux d&rsquo;accueil &#8211; 2024"}]},{"@type":"WebSite","@id":"https:\/\/www.fileasbl.be\/membres\/#website","url":"https:\/\/www.fileasbl.be\/membres\/","name":"Site de la FILE","description":"FILE Un accueil de qualit\u00e9 accessible \u00e0 tous","potentialAction":[{"@type":"SearchAction","target":{"@type":"EntryPoint","urlTemplate":"https:\/\/www.fileasbl.be\/membres\/?s={search_term_string}"},"query-input":{"@type":"PropertyValueSpecification","valueRequired":true,"valueName":"search_term_string"}}],"inLanguage":"fr-FR"},{"@type":"Person","@id":"https:\/\/www.fileasbl.be\/membres\/#\/schema\/person\/5954a0c68c3a6f92f805465caa00d25f","name":"Contact FILE","url":"https:\/\/www.fileasbl.be\/membres\/author\/contactfile\/"}]}},"builder_content":"<img loading=\"lazy\" decoding=\"async\" width=\"1584\" height=\"396\" src=\"https:\/\/www.fileasbl.be\/membres\/wp-content\/uploads\/2022\/02\/Formations-Juridiques.png\" title=\"Formations Juridiques\" alt=\"Formations Juridiques\" srcset=\"https:\/\/www.fileasbl.be\/membres\/wp-content\/uploads\/2022\/02\/Formations-Juridiques.png 1584w, https:\/\/www.fileasbl.be\/membres\/wp-content\/uploads\/2022\/02\/Formations-Juridiques-300x75.png 300w, https:\/\/www.fileasbl.be\/membres\/wp-content\/uploads\/2022\/02\/Formations-Juridiques-1024x256.png 1024w, https:\/\/www.fileasbl.be\/membres\/wp-content\/uploads\/2022\/02\/Formations-Juridiques-768x192.png 768w, https:\/\/www.fileasbl.be\/membres\/wp-content\/uploads\/2022\/02\/Formations-Juridiques-1536x384.png 1536w, https:\/\/www.fileasbl.be\/membres\/wp-content\/uploads\/2022\/02\/Formations-Juridiques-400x100.png 400w\" sizes=\"auto, (max-width: 1584px) 100vw, 1584px\" \/>\n\n<p>La FILE organise un cycle de formations juridiques \u00e0 destination de ses membres pour l\u2019ann\u00e9e 2024.<\/p> <p>Ce cycle est constitu\u00e9 de plusieurs modules de formations d\u2019une ou deux journ\u00e9es. Chaque module peut \u00eatre pris ind\u00e9pendamment des autres mais ils ont \u00e9t\u00e9 pens\u00e9s dans une logique de continuit\u00e9.<\/p> <p>Les modules propos\u00e9s sont les suivants\u00a0:<\/p> <ul> <li>Bilan de fonctionnement et Bien-\u00eatre au travail (1 jour)<\/li> <li>R\u00e9partition r\u00f4les-responsabilit\u00e9s entre CA et direction au sein d\u2019<br \/>une ASBL + Les assurances d\u2019une ASBL (2 jours)<\/li> <li>Les documents sociaux (1\/2 jour)<\/li> <li>Incapacit\u00e9 de travail de longue dur\u00e9e : trajet de r\u00e9int\u00e9gration et rupture pour force majeure m\u00e9dicale (1 jour)<\/li> <\/ul> \u00a0 <b><u>Les inscriptions sont <a href=\"https:\/\/docs.google.com\/forms\/d\/e\/1FAIpQLSeeP_W6MKuoxttL2E1WON6CUmtXSML6sDvumLs_HbZlHvvzfQ\/viewform?usp=pp_url\" target=\"_blank\" rel=\"noopener\">par ici<\/a> !<\/u><\/b>\n<h1>Cycle de formations 2024 :<br\/><\/h1>\n<img loading=\"lazy\" decoding=\"async\" width=\"501\" height=\"708\" src=\"https:\/\/www.fileasbl.be\/membres\/wp-content\/uploads\/2023\/12\/2023-12-13-15_46_02-Cycle-de-formations-2024-A4.png\" title=\"2023-12-13 15_46_02-Cycle de formations 2024 - A4\" alt=\"2023-12-13 15_46_02-Cycle de formations 2024 - A4\" srcset=\"https:\/\/www.fileasbl.be\/membres\/wp-content\/uploads\/2023\/12\/2023-12-13-15_46_02-Cycle-de-formations-2024-A4.png 501w, https:\/\/www.fileasbl.be\/membres\/wp-content\/uploads\/2023\/12\/2023-12-13-15_46_02-Cycle-de-formations-2024-A4-212x300.png 212w, https:\/\/www.fileasbl.be\/membres\/wp-content\/uploads\/2023\/12\/2023-12-13-15_46_02-Cycle-de-formations-2024-A4-400x565.png 400w\" sizes=\"auto, (max-width: 501px) 100vw, 501px\" \/>\n<img loading=\"lazy\" decoding=\"async\" width=\"502\" height=\"710\" src=\"https:\/\/www.fileasbl.be\/membres\/wp-content\/uploads\/2023\/12\/2023-12-13-15_47_19-Cycle-de-formations-2024-A4.png\" title=\"2023-12-13 15_47_19-Cycle de formations 2024 - A4\" alt=\"2023-12-13 15_47_19-Cycle de formations 2024 - A4\" srcset=\"https:\/\/www.fileasbl.be\/membres\/wp-content\/uploads\/2023\/12\/2023-12-13-15_47_19-Cycle-de-formations-2024-A4.png 502w, https:\/\/www.fileasbl.be\/membres\/wp-content\/uploads\/2023\/12\/2023-12-13-15_47_19-Cycle-de-formations-2024-A4-212x300.png 212w, https:\/\/www.fileasbl.be\/membres\/wp-content\/uploads\/2023\/12\/2023-12-13-15_47_19-Cycle-de-formations-2024-A4-400x566.png 400w\" sizes=\"auto, (max-width: 502px) 100vw, 502px\" \/>\n<img loading=\"lazy\" decoding=\"async\" width=\"502\" height=\"710\" src=\"https:\/\/www.fileasbl.be\/membres\/wp-content\/uploads\/2023\/12\/2023-12-13-15_48_02-Cycle-de-formations-2024-A4.png\" title=\"2023-12-13 15_48_02-Cycle de formations 2024 - A4\" alt=\"2023-12-13 15_48_02-Cycle de formations 2024 - A4\" srcset=\"https:\/\/www.fileasbl.be\/membres\/wp-content\/uploads\/2023\/12\/2023-12-13-15_48_02-Cycle-de-formations-2024-A4.png 502w, https:\/\/www.fileasbl.be\/membres\/wp-content\/uploads\/2023\/12\/2023-12-13-15_48_02-Cycle-de-formations-2024-A4-212x300.png 212w, https:\/\/www.fileasbl.be\/membres\/wp-content\/uploads\/2023\/12\/2023-12-13-15_48_02-Cycle-de-formations-2024-A4-400x566.png 400w\" sizes=\"auto, (max-width: 502px) 100vw, 502px\" \/>\n<img loading=\"lazy\" decoding=\"async\" width=\"490\" height=\"700\" src=\"https:\/\/www.fileasbl.be\/membres\/wp-content\/uploads\/2024\/01\/Capture-decran-2024-01-10-095205.png\" title=\"Capture d&#039;\u00e9cran 2024-01-10 095205\" alt=\"Capture d&#039;\u00e9cran 2024-01-10 095205\" srcset=\"https:\/\/www.fileasbl.be\/membres\/wp-content\/uploads\/2024\/01\/Capture-decran-2024-01-10-095205.png 490w, https:\/\/www.fileasbl.be\/membres\/wp-content\/uploads\/2024\/01\/Capture-decran-2024-01-10-095205-210x300.png 210w, https:\/\/www.fileasbl.be\/membres\/wp-content\/uploads\/2024\/01\/Capture-decran-2024-01-10-095205-400x571.png 400w\" sizes=\"auto, (max-width: 490px) 100vw, 490px\" \/>\n\n<h1>Nos formations juridiques en 2024 :<br\/><\/h1>\n<img src=\"data:image\/svg+xml;charset=UTF-8,%3Csvg%20xmlns%3D%22http%3A%2F%2Fwww.w3.org%2F2000%2Fsvg%22%20width%3D%22700%22%20height%3D%221000%22%3E%3Cg%20fill%3D%22%23efae97%22%3E%3Crect%20width%3D%22233%22%20height%3D%22333%22%2F%3E%3Crect%20width%3D%22233%22%20height%3D%22333%22%20fill%3D%22%23edaba1%22%20x%3D%22233%22%2F%3E%3Crect%20width%3D%22233%22%20height%3D%22333%22%20fill%3D%22%23eeb7af%22%20x%3D%22466%22%2F%3E%3Crect%20width%3D%22233%22%20height%3D%22333%22%20fill%3D%22%23cbb396%22%20y%3D%22333%22%2F%3E%3Crect%20width%3D%22233%22%20height%3D%22333%22%20fill%3D%22%23cbb396%22%20x%3D%22233%22%20y%3D%22333%22%2F%3E%3Crect%20width%3D%22233%22%20height%3D%22333%22%20fill%3D%22%23b25d3e%22%20x%3D%22466%22%20y%3D%22333%22%2F%3E%3Crect%20width%3D%22233%22%20height%3D%22333%22%20fill%3D%22%23cbb396%22%20y%3D%22666%22%2F%3E%3Crect%20width%3D%22233%22%20height%3D%22333%22%20fill%3D%22%23cbb396%22%20x%3D%22233%22%20y%3D%22666%22%2F%3E%3Crect%20width%3D%22233%22%20height%3D%22333%22%20fill%3D%22%23b25d3e%22%20x%3D%22466%22%20y%3D%22666%22%2F%3E%3C%2Fg%3E%3C%2Fsvg%3E\" data-lazy=\"1\" loading=\"lazy\" decoding=\"async\" data-tf-src=\"https:\/\/www.fileasbl.be\/membres\/wp-content\/uploads\/2023\/12\/2023-12-13-15_52_25-Formation-BILLAC-2024-\u2013-Avast-Secure-Browser-700x1000.png\" width=\"700\" height=\"1000\" title=\"2023-12-13 15_52_25-Formation BILLAC 2024 \u2013 Avast Secure Browser\" alt=\"Formation Bilan de fonctionnement\"><noscript><img loading=\"lazy\" decoding=\"async\" data-tf-not-load src=\"https:\/\/www.fileasbl.be\/membres\/wp-content\/uploads\/2023\/12\/2023-12-13-15_52_25-Formation-BILLAC-2024-\u2013-Avast-Secure-Browser-700x1000.png\" width=\"700\" height=\"1000\" title=\"2023-12-13 15_52_25-Formation BILLAC 2024 \u2013 Avast Secure Browser\" alt=\"Formation Bilan de fonctionnement\"><\/noscript> \n <h3> Formation Bilan de fonctionnement <\/h3> <img src=\"data:image\/svg+xml;charset=UTF-8,%3Csvg%20xmlns%3D%22http%3A%2F%2Fwww.w3.org%2F2000%2Fsvg%22%20width%3D%22700%22%20height%3D%221000%22%3E%3Cg%20fill%3D%22%23e69371%22%3E%3Crect%20width%3D%22233%22%20height%3D%22333%22%2F%3E%3Crect%20width%3D%22233%22%20height%3D%22333%22%20fill%3D%22%23e1863c%22%20x%3D%22233%22%2F%3E%3Crect%20width%3D%22233%22%20height%3D%22333%22%20fill%3D%22%23d98a6e%22%20x%3D%22466%22%2F%3E%3Crect%20width%3D%22233%22%20height%3D%22333%22%20fill%3D%22%23c57744%22%20y%3D%22333%22%2F%3E%3Crect%20width%3D%22233%22%20height%3D%22333%22%20fill%3D%22%23d28868%22%20x%3D%22233%22%20y%3D%22333%22%2F%3E%3Crect%20width%3D%22233%22%20height%3D%22333%22%20fill%3D%22%23d5751a%22%20x%3D%22466%22%20y%3D%22333%22%2F%3E%3Crect%20width%3D%22233%22%20height%3D%22333%22%20fill%3D%22%23ed9a77%22%20y%3D%22666%22%2F%3E%3Crect%20width%3D%22233%22%20height%3D%22333%22%20fill%3D%22%23cb8271%22%20x%3D%22233%22%20y%3D%22666%22%2F%3E%3Crect%20width%3D%22233%22%20height%3D%22333%22%20fill%3D%22%23c4661c%22%20x%3D%22466%22%20y%3D%22666%22%2F%3E%3C%2Fg%3E%3C%2Fsvg%3E\" data-lazy=\"1\" loading=\"lazy\" decoding=\"async\" data-tf-src=\"https:\/\/www.fileasbl.be\/membres\/wp-content\/uploads\/2024\/01\/Capture-decran-2024-01-10-095332-700x1000.png\" width=\"700\" height=\"1000\" title=\"Capture d&#039;\u00e9cran 2024-01-10 095332\" alt=\"Formation Bilan de fonctionnement\" data-tf-srcset=\"https:\/\/www.fileasbl.be\/membres\/wp-content\/uploads\/2024\/01\/Capture-decran-2024-01-10-095332-700x1000.png 700w, https:\/\/www.fileasbl.be\/membres\/wp-content\/uploads\/2024\/01\/Capture-decran-2024-01-10-095332-211x300.png 211w\" data-tf-sizes=\"auto, (max-width: 700px) 100vw, 700px\" \/><noscript><img loading=\"lazy\" decoding=\"async\" data-tf-not-load src=\"https:\/\/www.fileasbl.be\/membres\/wp-content\/uploads\/2024\/01\/Capture-decran-2024-01-10-095332-700x1000.png\" width=\"700\" height=\"1000\" title=\"Capture d&#039;\u00e9cran 2024-01-10 095332\" alt=\"Formation Bilan de fonctionnement\" srcset=\"https:\/\/www.fileasbl.be\/membres\/wp-content\/uploads\/2024\/01\/Capture-decran-2024-01-10-095332-700x1000.png 700w, https:\/\/www.fileasbl.be\/membres\/wp-content\/uploads\/2024\/01\/Capture-decran-2024-01-10-095332-211x300.png 211w\" sizes=\"auto, (max-width: 700px) 100vw, 700px\" \/><\/noscript> \n <h3> Formation Bilan de fonctionnement <\/h3>\n<img src=\"data:image\/svg+xml;charset=UTF-8,%3Csvg%20xmlns%3D%22http%3A%2F%2Fwww.w3.org%2F2000%2Fsvg%22%20width%3D%22700%22%20height%3D%221000%22%3E%3Cg%20fill%3D%22%23f6f7ec%22%3E%3Crect%20width%3D%22233%22%20height%3D%22333%22%2F%3E%3Crect%20width%3D%22233%22%20height%3D%22333%22%20x%3D%22233%22%2F%3E%3Crect%20width%3D%22233%22%20height%3D%22333%22%20x%3D%22466%22%2F%3E%3Crect%20width%3D%22233%22%20height%3D%22333%22%20fill%3D%22%23cbb396%22%20y%3D%22333%22%2F%3E%3Crect%20width%3D%22233%22%20height%3D%22333%22%20fill%3D%22%23cbb396%22%20x%3D%22233%22%20y%3D%22333%22%2F%3E%3Crect%20width%3D%22233%22%20height%3D%22333%22%20fill%3D%22%23b25d3e%22%20x%3D%22466%22%20y%3D%22333%22%2F%3E%3Crect%20width%3D%22233%22%20height%3D%22333%22%20fill%3D%22%23cbb396%22%20y%3D%22666%22%2F%3E%3Crect%20width%3D%22233%22%20height%3D%22333%22%20fill%3D%22%23cbb396%22%20x%3D%22233%22%20y%3D%22666%22%2F%3E%3Crect%20width%3D%22233%22%20height%3D%22333%22%20fill%3D%22%23b25d3e%22%20x%3D%22466%22%20y%3D%22666%22%2F%3E%3C%2Fg%3E%3C%2Fsvg%3E\" data-lazy=\"1\" loading=\"lazy\" decoding=\"async\" data-tf-src=\"https:\/\/www.fileasbl.be\/membres\/wp-content\/uploads\/2023\/12\/2023-12-13-15_55_24-Formation-roles-et-responsabilites-entre-CA-et-direction-2024-\u2013-Avast-Secure-Bro-700x1000.png\" width=\"700\" height=\"1000\" title=\"2023-12-13 15_55_24-Formation r\u00f4les et responsabilit\u00e9s entre CA et direction 2024 \u2013 Avast Secure Bro\" alt=\"Formation R\u00e9partition r\u00f4les-responsabilit\u00e9s entre CA et direction au sein d\u2019 une ASBL + Les assurances d\u2019une ASBL\"><noscript><img loading=\"lazy\" decoding=\"async\" data-tf-not-load src=\"https:\/\/www.fileasbl.be\/membres\/wp-content\/uploads\/2023\/12\/2023-12-13-15_55_24-Formation-roles-et-responsabilites-entre-CA-et-direction-2024-\u2013-Avast-Secure-Bro-700x1000.png\" width=\"700\" height=\"1000\" title=\"2023-12-13 15_55_24-Formation r\u00f4les et responsabilit\u00e9s entre CA et direction 2024 \u2013 Avast Secure Bro\" alt=\"Formation R\u00e9partition r\u00f4les-responsabilit\u00e9s entre CA et direction au sein d\u2019 une ASBL + Les assurances d\u2019une ASBL\"><\/noscript> \n <h3> Formation R\u00e9partition r\u00f4les-responsabilit\u00e9s entre CA et direction au sein d\u2019 une ASBL + Les assurances d\u2019une ASBL <\/h3> <img src=\"data:image\/svg+xml;charset=UTF-8,%3Csvg%20xmlns%3D%22http%3A%2F%2Fwww.w3.org%2F2000%2Fsvg%22%20width%3D%22700%22%20height%3D%221000%22%3E%3Cg%20fill%3D%22%23464896%22%3E%3Crect%20width%3D%22233%22%20height%3D%22333%22%2F%3E%3Crect%20width%3D%22233%22%20height%3D%22333%22%20fill%3D%22%23ccaa69%22%20x%3D%22233%22%2F%3E%3Crect%20width%3D%22233%22%20height%3D%22333%22%20fill%3D%22%23d4cfa9%22%20x%3D%22466%22%2F%3E%3Crect%20width%3D%22233%22%20height%3D%22333%22%20fill%3D%22%23b46213%22%20y%3D%22333%22%2F%3E%3Crect%20width%3D%22233%22%20height%3D%22333%22%20fill%3D%22%23c07427%22%20x%3D%22233%22%20y%3D%22333%22%2F%3E%3Crect%20width%3D%22233%22%20height%3D%22333%22%20fill%3D%22%23d5d28d%22%20x%3D%22466%22%20y%3D%22333%22%2F%3E%3Crect%20width%3D%22233%22%20height%3D%22333%22%20fill%3D%22%23f4f9ea%22%20y%3D%22666%22%2F%3E%3Crect%20width%3D%22233%22%20height%3D%22333%22%20fill%3D%22%23f4f9ea%22%20x%3D%22233%22%20y%3D%22666%22%2F%3E%3Crect%20width%3D%22233%22%20height%3D%22333%22%20fill%3D%22%233b3b3b%22%20x%3D%22466%22%20y%3D%22666%22%2F%3E%3C%2Fg%3E%3C%2Fsvg%3E\" data-lazy=\"1\" loading=\"lazy\" decoding=\"async\" data-tf-src=\"https:\/\/www.fileasbl.be\/membres\/wp-content\/uploads\/2024\/01\/Capture-decran-2024-01-10-095449-700x1000.png\" width=\"700\" height=\"1000\" title=\"Capture d&#039;\u00e9cran 2024-01-10 095449\" alt=\"Formation R\u00e9partition r\u00f4les-responsabilit\u00e9s entre CA et direction au sein d\u2019 une ASBL + Les assurances d\u2019une ASBL\"><noscript><img loading=\"lazy\" decoding=\"async\" data-tf-not-load src=\"https:\/\/www.fileasbl.be\/membres\/wp-content\/uploads\/2024\/01\/Capture-decran-2024-01-10-095449-700x1000.png\" width=\"700\" height=\"1000\" title=\"Capture d&#039;\u00e9cran 2024-01-10 095449\" alt=\"Formation R\u00e9partition r\u00f4les-responsabilit\u00e9s entre CA et direction au sein d\u2019 une ASBL + Les assurances d\u2019une ASBL\"><\/noscript> \n <h3> Formation R\u00e9partition r\u00f4les-responsabilit\u00e9s entre CA et direction au sein d\u2019 une ASBL + Les assurances d\u2019une ASBL <\/h3>\n<img src=\"data:image\/svg+xml;charset=UTF-8,%3Csvg%20xmlns%3D%22http%3A%2F%2Fwww.w3.org%2F2000%2Fsvg%22%20width%3D%22700%22%20height%3D%221000%22%3E%3Cg%20fill%3D%22%23f6f7ec%22%3E%3Crect%20width%3D%22233%22%20height%3D%22333%22%2F%3E%3Crect%20width%3D%22233%22%20height%3D%22333%22%20x%3D%22233%22%2F%3E%3Crect%20width%3D%22233%22%20height%3D%22333%22%20x%3D%22466%22%2F%3E%3Crect%20width%3D%22233%22%20height%3D%22333%22%20fill%3D%22%23cbb296%22%20y%3D%22333%22%2F%3E%3Crect%20width%3D%22233%22%20height%3D%22333%22%20fill%3D%22%23d68eb7%22%20x%3D%22233%22%20y%3D%22333%22%2F%3E%3Crect%20width%3D%22233%22%20height%3D%22333%22%20fill%3D%22%23b25d3e%22%20x%3D%22466%22%20y%3D%22333%22%2F%3E%3Crect%20width%3D%22233%22%20height%3D%22333%22%20fill%3D%22%23c39a7d%22%20y%3D%22666%22%2F%3E%3Crect%20width%3D%22233%22%20height%3D%22333%22%20fill%3D%22%23cab396%22%20x%3D%22233%22%20y%3D%22666%22%2F%3E%3Crect%20width%3D%22233%22%20height%3D%22333%22%20fill%3D%22%23b25d3e%22%20x%3D%22466%22%20y%3D%22666%22%2F%3E%3C%2Fg%3E%3C%2Fsvg%3E\" data-lazy=\"1\" loading=\"lazy\" decoding=\"async\" data-tf-src=\"https:\/\/www.fileasbl.be\/membres\/wp-content\/uploads\/2024\/06\/Copie-de-Formation-Les-documents-sociaux-2024-724x1024-700x1000.png\" width=\"700\" height=\"1000\" title=\"Copie de Formation Les documents sociaux 2024\" alt=\"Formation Les documents sociaux\"><noscript><img loading=\"lazy\" decoding=\"async\" data-tf-not-load src=\"https:\/\/www.fileasbl.be\/membres\/wp-content\/uploads\/2024\/06\/Copie-de-Formation-Les-documents-sociaux-2024-724x1024-700x1000.png\" width=\"700\" height=\"1000\" title=\"Copie de Formation Les documents sociaux 2024\" alt=\"Formation Les documents sociaux\"><\/noscript> \n <h3> Formation Les documents sociaux <\/h3> <img src=\"data:image\/svg+xml;charset=UTF-8,%3Csvg%20xmlns%3D%22http%3A%2F%2Fwww.w3.org%2F2000%2Fsvg%22%20width%3D%22700%22%20height%3D%221000%22%3E%3Cg%20fill%3D%22%23f6f7ec%22%3E%3Crect%20width%3D%22233%22%20height%3D%22333%22%2F%3E%3Crect%20width%3D%22233%22%20height%3D%22333%22%20x%3D%22233%22%2F%3E%3Crect%20width%3D%22233%22%20height%3D%22333%22%20fill%3D%22%23d1d1d1%22%20x%3D%22466%22%2F%3E%3Crect%20width%3D%22233%22%20height%3D%22333%22%20y%3D%22333%22%2F%3E%3Crect%20width%3D%22233%22%20height%3D%22333%22%20x%3D%22233%22%20y%3D%22333%22%2F%3E%3Crect%20width%3D%22233%22%20height%3D%22333%22%20fill%3D%22%23ffffff%22%20x%3D%22466%22%20y%3D%22333%22%2F%3E%3Crect%20width%3D%22233%22%20height%3D%22333%22%20y%3D%22666%22%2F%3E%3Crect%20width%3D%22233%22%20height%3D%22333%22%20x%3D%22233%22%20y%3D%22666%22%2F%3E%3Crect%20width%3D%22233%22%20height%3D%22333%22%20x%3D%22466%22%20y%3D%22666%22%2F%3E%3C%2Fg%3E%3C%2Fsvg%3E\" data-lazy=\"1\" loading=\"lazy\" decoding=\"async\" data-tf-src=\"https:\/\/www.fileasbl.be\/membres\/wp-content\/uploads\/2023\/12\/Formation-Les-documents-sociaux-2024-1-724x1024-700x1000.png\" width=\"700\" height=\"1000\" title=\"Formation Les documents sociaux 2024 (1)\" alt=\"Formation Les documents sociaux\"><noscript><img loading=\"lazy\" decoding=\"async\" data-tf-not-load src=\"https:\/\/www.fileasbl.be\/membres\/wp-content\/uploads\/2023\/12\/Formation-Les-documents-sociaux-2024-1-724x1024-700x1000.png\" width=\"700\" height=\"1000\" title=\"Formation Les documents sociaux 2024 (1)\" alt=\"Formation Les documents sociaux\"><\/noscript> \n <h3> Formation Les documents sociaux <\/h3>\n<img src=\"data:image\/svg+xml;charset=UTF-8,%3Csvg%20xmlns%3D%22http%3A%2F%2Fwww.w3.org%2F2000%2Fsvg%22%20width%3D%22700%22%20height%3D%221000%22%3E%3Cg%20fill%3D%22%23f2d2c1%22%3E%3Crect%20width%3D%22233%22%20height%3D%22333%22%2F%3E%3Crect%20width%3D%22233%22%20height%3D%22333%22%20fill%3D%22%23f6f7ec%22%20x%3D%22233%22%2F%3E%3Crect%20width%3D%22233%22%20height%3D%22333%22%20fill%3D%22%23f6f7ec%22%20x%3D%22466%22%2F%3E%3Crect%20width%3D%22233%22%20height%3D%22333%22%20fill%3D%22%23cbb396%22%20y%3D%22333%22%2F%3E%3Crect%20width%3D%22233%22%20height%3D%22333%22%20fill%3D%22%23cbb396%22%20x%3D%22233%22%20y%3D%22333%22%2F%3E%3Crect%20width%3D%22233%22%20height%3D%22333%22%20fill%3D%22%23b25d3e%22%20x%3D%22466%22%20y%3D%22333%22%2F%3E%3Crect%20width%3D%22233%22%20height%3D%22333%22%20fill%3D%22%23cbb396%22%20y%3D%22666%22%2F%3E%3Crect%20width%3D%22233%22%20height%3D%22333%22%20fill%3D%22%23cbb396%22%20x%3D%22233%22%20y%3D%22666%22%2F%3E%3Crect%20width%3D%22233%22%20height%3D%22333%22%20fill%3D%22%23b25d3e%22%20x%3D%22466%22%20y%3D%22666%22%2F%3E%3C%2Fg%3E%3C%2Fsvg%3E\" data-lazy=\"1\" loading=\"lazy\" decoding=\"async\" data-tf-src=\"https:\/\/www.fileasbl.be\/membres\/wp-content\/uploads\/2023\/12\/2023-12-13-16_07_14-Incapacite-de-travail-de-longue-duree-_-trajet-de-reintegration-et-rupture-pour--700x1000.png\" width=\"700\" height=\"1000\" title=\"2023-12-13 16_07_14-Incapacit\u00e9 de travail de longue dur\u00e9e _ trajet de r\u00e9int\u00e9gration et rupture pour\" alt=\"Formation Incapacit\u00e9 de travail de longue dur\u00e9e : trajet de r\u00e9int\u00e9gration et rupture pour force majeure m\u00e9dicale\"><noscript><img loading=\"lazy\" decoding=\"async\" data-tf-not-load src=\"https:\/\/www.fileasbl.be\/membres\/wp-content\/uploads\/2023\/12\/2023-12-13-16_07_14-Incapacite-de-travail-de-longue-duree-_-trajet-de-reintegration-et-rupture-pour--700x1000.png\" width=\"700\" height=\"1000\" title=\"2023-12-13 16_07_14-Incapacit\u00e9 de travail de longue dur\u00e9e _ trajet de r\u00e9int\u00e9gration et rupture pour\" alt=\"Formation Incapacit\u00e9 de travail de longue dur\u00e9e : trajet de r\u00e9int\u00e9gration et rupture pour force majeure m\u00e9dicale\"><\/noscript> \n <h3> Formation Incapacit\u00e9 de travail de longue dur\u00e9e : trajet de r\u00e9int\u00e9gration et rupture pour force majeure m\u00e9dicale <\/h3> <img src=\"data:image\/svg+xml;charset=UTF-8,%3Csvg%20xmlns%3D%22http%3A%2F%2Fwww.w3.org%2F2000%2Fsvg%22%20width%3D%22700%22%20height%3D%221000%22%3E%3Cg%20fill%3D%22%23e6987b%22%3E%3Crect%20width%3D%22233%22%20height%3D%22333%22%2F%3E%3Crect%20width%3D%22233%22%20height%3D%22333%22%20fill%3D%22%23bc8877%22%20x%3D%22233%22%2F%3E%3Crect%20width%3D%22233%22%20height%3D%22333%22%20fill%3D%22%23bc9278%22%20x%3D%22466%22%2F%3E%3Crect%20width%3D%22233%22%20height%3D%22333%22%20fill%3D%22%23d7d3ab%22%20y%3D%22333%22%2F%3E%3Crect%20width%3D%22233%22%20height%3D%22333%22%20fill%3D%22%23d6d2a9%22%20x%3D%22233%22%20y%3D%22333%22%2F%3E%3Crect%20width%3D%22233%22%20height%3D%22333%22%20fill%3D%22%23d7d3ab%22%20x%3D%22466%22%20y%3D%22333%22%2F%3E%3Crect%20width%3D%22233%22%20height%3D%22333%22%20fill%3D%22%23f4f9ea%22%20y%3D%22666%22%2F%3E%3Crect%20width%3D%22233%22%20height%3D%22333%22%20fill%3D%22%23f4f9ea%22%20x%3D%22233%22%20y%3D%22666%22%2F%3E%3Crect%20width%3D%22233%22%20height%3D%22333%22%20fill%3D%22%23f4f9ea%22%20x%3D%22466%22%20y%3D%22666%22%2F%3E%3C%2Fg%3E%3C%2Fsvg%3E\" data-lazy=\"1\" loading=\"lazy\" decoding=\"async\" data-tf-src=\"https:\/\/www.fileasbl.be\/membres\/wp-content\/uploads\/2024\/01\/Capture-decran-2024-01-10-100037-700x1000.png\" width=\"700\" height=\"1000\" title=\"Capture d&#039;\u00e9cran 2024-01-10 100037\" alt=\"Formation Incapacit\u00e9 de travail de longue dur\u00e9e : trajet de r\u00e9int\u00e9gration et rupture pour force majeure m\u00e9dicale\"><noscript><img loading=\"lazy\" decoding=\"async\" data-tf-not-load src=\"https:\/\/www.fileasbl.be\/membres\/wp-content\/uploads\/2024\/01\/Capture-decran-2024-01-10-100037-700x1000.png\" width=\"700\" height=\"1000\" title=\"Capture d&#039;\u00e9cran 2024-01-10 100037\" alt=\"Formation Incapacit\u00e9 de travail de longue dur\u00e9e : trajet de r\u00e9int\u00e9gration et rupture pour force majeure m\u00e9dicale\"><\/noscript> \n <h3> Formation Incapacit\u00e9 de travail de longue dur\u00e9e : trajet de r\u00e9int\u00e9gration et rupture pour force majeure m\u00e9dicale <\/h3>\n<a href=\"https:\/\/docs.google.com\/forms\/d\/e\/1FAIpQLSeeP_W6MKuoxttL2E1WON6CUmtXSML6sDvumLs_HbZlHvvzfQ\/viewform?usp=pp_url\" target=\"_blank\" rel=\"noopener\"> Les inscriptions sont par ici ! <\/a>\n","_links":{"self":[{"href":"https:\/\/www.fileasbl.be\/membres\/wp-json\/wp\/v2\/posts\/31247","targetHints":{"allow":["GET"]}}],"collection":[{"href":"https:\/\/www.fileasbl.be\/membres\/wp-json\/wp\/v2\/posts"}],"about":[{"href":"https:\/\/www.fileasbl.be\/membres\/wp-json\/wp\/v2\/types\/post"}],"author":[{"embeddable":true,"href":"https:\/\/www.fileasbl.be\/membres\/wp-json\/wp\/v2\/users\/2"}],"replies":[{"embeddable":true,"href":"https:\/\/www.fileasbl.be\/membres\/wp-json\/wp\/v2\/comments?post=31247"}],"version-history":[{"count":0,"href":"https:\/\/www.fileasbl.be\/membres\/wp-json\/wp\/v2\/posts\/31247\/revisions"}],"wp:featuredmedia":[{"embeddable":true,"href":"https:\/\/www.fileasbl.be\/membres\/wp-json\/wp\/v2\/media\/29917"}],"wp:attachment":[{"href":"https:\/\/www.fileasbl.be\/membres\/wp-json\/wp\/v2\/media?parent=31247"}],"wp:term":[{"taxonomy":"category","embeddable":true,"href":"https:\/\/www.fileasbl.be\/membres\/wp-json\/wp\/v2\/categories?post=31247"},{"taxonomy":"post_tag","embeddable":true,"href":"https:\/\/www.fileasbl.be\/membres\/wp-json\/wp\/v2\/tags?post=31247"}],"curies":[{"name":"wp","href":"https:\/\/api.w.org\/{rel}","templated":true}]}}