{"id":31464,"date":"2024-03-29T09:09:21","date_gmt":"2024-03-29T08:09:21","guid":{"rendered":"https:\/\/www.fileasbl.be\/membres\/?p=31464"},"modified":"2024-08-09T11:35:23","modified_gmt":"2024-08-09T10:35:23","slug":"nouveaux-baremes-puericulture-cp332","status":"publish","type":"post","link":"https:\/\/www.fileasbl.be\/membres\/nouveaux-baremes-puericulture-cp332\/","title":{"rendered":"Nouveaux bar\u00e8mes pu\u00e9riculture CP332"},"content":{"rendered":"<!--themify_builder_content-->\n<div id=\"themify_builder_content-31464\" data-postid=\"31464\" class=\"themify_builder_content themify_builder_content-31464 themify_builder tf_clear\">\n    \t<!-- module_row -->\n\t<div  data-lazy=\"1\" class=\"module_row themify_builder_row tb_3pln926 tb_first tf_clearfix\">\n\t    \t\t<div class=\"row_inner col_align_top col-count-1 tf_box tf_w tf_rel\">\n\t\t\t<div  data-lazy=\"1\" class=\"module_column tb-column col-full first tb_2tiy926 tf_box\">\n\t\t\t    \t        <div class=\"tb-column-inner tf_box tf_w\">\n\t\t    <!-- module image -->\n<div  class=\"module module-image tb_3d2q708   image-top tf_mw\" data-lazy=\"1\">\n        <div class=\"image-wrap tf_rel tf_mw\">\n\t\t    <img loading=\"lazy\" decoding=\"async\" width=\"1584\" height=\"396\" src=\"https:\/\/www.fileasbl.be\/membres\/wp-content\/uploads\/2024\/03\/nouveaux-baremes-puericulture-CP332.png\" class=\"wp-post-image wp-image-31465\" title=\"nouveaux bar\u00e8mes pu\u00e9riculture CP332\" alt=\"nouveaux bar\u00e8mes pu\u00e9riculture CP332\" srcset=\"https:\/\/www.fileasbl.be\/membres\/wp-content\/uploads\/2024\/03\/nouveaux-baremes-puericulture-CP332.png 1584w, https:\/\/www.fileasbl.be\/membres\/wp-content\/uploads\/2024\/03\/nouveaux-baremes-puericulture-CP332-300x75.png 300w, https:\/\/www.fileasbl.be\/membres\/wp-content\/uploads\/2024\/03\/nouveaux-baremes-puericulture-CP332-1024x256.png 1024w, https:\/\/www.fileasbl.be\/membres\/wp-content\/uploads\/2024\/03\/nouveaux-baremes-puericulture-CP332-768x192.png 768w, https:\/\/www.fileasbl.be\/membres\/wp-content\/uploads\/2024\/03\/nouveaux-baremes-puericulture-CP332-1536x384.png 1536w, https:\/\/www.fileasbl.be\/membres\/wp-content\/uploads\/2024\/03\/nouveaux-baremes-puericulture-CP332-400x100.png 400w\" sizes=\"auto, (max-width: 1584px) 100vw, 1584px\" \/>\t\n\t\t<\/div>\n\t<!-- \/image-wrap -->\n    \n    \t<\/div>\n<!-- \/module image --><!-- module divider -->\n<div  class=\"module tf_mw module-divider tb_uzqf6 solid   \" style=\"border-width: 2px;border-color: #000;margin-top: 30px;margin-bottom: 30px;\" data-lazy=\"1\">\n    <\/div>\n<!-- \/module divider -->\n<!-- module login -->\n<div  class=\"module module-login tb_sdzt202 \" data-lazy=\"1\">\n\t<div classss=\"tb_login_wrap \">\n\t<h3 class=\"module-title\">Connectez vous pour d\u00e9couvrir cet article !<\/h3>\n\t\t\t\n\t\t<form class=\"tb_login_form tf_clearfix tf_box tf_clear\" name=\"loginform\" action=\"https:\/\/www.fileasbl.be\/membres\/wp-login.php\" method=\"post\">\n\t\t\t<p class=\"tb_login_username\">\n\t\t\t\t<label>\n\t\t\t\t\t<span class=\"tb_login_username_text\">Username or Email<\/span>\n\t\t\t\t\t<input type=\"text\" name=\"log\" required=\"required\">\n\t\t\t\t<\/label>\n\t\t\t<\/p>\n\t\t\t<p class=\"tb_login_password\">\n\t\t\t\t<label>\n\t\t\t\t\t<span class=\"tb_login_password_text\">Password<\/span>\n\t\t\t\t\t<input type=\"password\" name=\"pwd\" required=\"required\">\n\t\t\t\t<\/label>\n\t\t\t<\/p>\n\t\t\t<div class=\"tb_login_links tf_box tf_clear\">\n\t\t\t\t<a href=\"https:\/\/www.fileasbl.be\/membres\/wp-login.php?action=lostpassword\">Forgotten Password?<\/a>\n\t\t\t<\/div>\n\n\t\t\t\n\t\t\t\t\t\t<p class=\"tb_login_remember tf_left tf_box\">\n\t\t\t\t<label>\n\t\t\t\t\t<input name=\"rememberme\" type=\"checkbox\" value=\"forever\"> \n\t\t\t\t\t<span class=\"tb_login_remember_text\">Remember Me<\/span>\n\t\t\t\t<\/label>\n\t\t\t<\/p>\n\t\t\t\t\t\t<p class=\"tb_login_submit tf_right\">\n\t\t\t\t<button name=\"wp-submit\">Log In<\/button>\n\t\t\t\t<input type=\"hidden\" name=\"redirect_to\" value=\"\/membres\/wp-json\/wp\/v2\/posts\/31464?login_success=1\">\n\t\t\t\t<input type=\"hidden\" name=\"tb_login\" value=\"1\">\n\n\t\t\t\t\t\t\t<\/p>\n\n\t\t<\/form>\n\n\t\t<form class=\"tb_lostpassword_form tf_clearfix tf_box tf_clear\" name=\"lostpasswordform\" action=\"https:\/\/www.fileasbl.be\/membres\/wp-login.php?action=lostpassword\" method=\"post\" style=\"display:none\">\n\t\t\t<p class=\"tb_lostpassword_username\">\n\t\t\t\t<label>\n\t\t\t\t\t<span class=\"tb_lostpassword_username_text\">Username or Email<\/span>\n\t\t\t\t\t<input type=\"text\" name=\"user_login\" required=\"required\">\n\t\t\t\t<\/label>\n\t\t\t<\/p>\n\n\t\t\t\n\t\t\t\t\t\t<p class=\"tb_lostpassword_submit tf_right\">\n\t\t\t\t<button>Reset Password<\/button>\n\t\t\t<\/p>\n\n\t\t\t<div class=\"tb_login_links tf_left tf_box\">\n\t\t\t\t<a href=\"https:\/\/www.fileasbl.be\/membres\/wp-login.php\">Log In<\/a>\n\t\t\t<\/div>\n\t\t<\/form>\n\n\t    <\/div>\n<\/div><!-- \/module login --><!-- module text -->\n<div  class=\"module module-text tb_j6mk716   \" data-lazy=\"1\">\n        <div  class=\"tb_text_wrap\">\n    <p>Chers membres,<\/p>\n<p>Bonne nouvelle, suite aux diff\u00e9rentes actions et mobilisations du secteur sur l\u2019attractivit\u00e9 des m\u00e9tiers en petite enfance, de premi\u00e8res pistes de revalorisation ont \u00e9t\u00e9 trouv\u00e9es pour le personnel de pu\u00e9riculture. Il s\u2019agit d\u2019une premi\u00e8re vague.<\/p>\n<p>Un accord sectoriel entre le Gouvernement, l\u2019ONE et les partenaires sociaux du 18 d\u00e9cembre 2023 instaure des mesures de revalorisation des conditions de travail pour les pu\u00e9ricultrices.eurs du secteur.<\/p>    <\/div>\n<\/div>\n<!-- \/module text --><!-- module image -->\n<div  class=\"module module-image tb_zeds408   image-top tf_mw\" data-lazy=\"1\">\n        <div class=\"image-wrap tf_rel tf_mw\">\n\t\t    <img loading=\"lazy\" decoding=\"async\" width=\"1584\" height=\"396\" src=\"https:\/\/www.fileasbl.be\/membres\/wp-content\/uploads\/2024\/03\/Imagede-nouveaux-baremes-puericulture-CP332.png\" class=\"wp-post-image wp-image-31467\" title=\"Imagede nouveaux bar\u00e8mes pu\u00e9riculture CP332\" alt=\"Imagede nouveaux bar\u00e8mes pu\u00e9riculture CP332\" srcset=\"https:\/\/www.fileasbl.be\/membres\/wp-content\/uploads\/2024\/03\/Imagede-nouveaux-baremes-puericulture-CP332.png 1584w, https:\/\/www.fileasbl.be\/membres\/wp-content\/uploads\/2024\/03\/Imagede-nouveaux-baremes-puericulture-CP332-300x75.png 300w, https:\/\/www.fileasbl.be\/membres\/wp-content\/uploads\/2024\/03\/Imagede-nouveaux-baremes-puericulture-CP332-1024x256.png 1024w, https:\/\/www.fileasbl.be\/membres\/wp-content\/uploads\/2024\/03\/Imagede-nouveaux-baremes-puericulture-CP332-768x192.png 768w, https:\/\/www.fileasbl.be\/membres\/wp-content\/uploads\/2024\/03\/Imagede-nouveaux-baremes-puericulture-CP332-1536x384.png 1536w, https:\/\/www.fileasbl.be\/membres\/wp-content\/uploads\/2024\/03\/Imagede-nouveaux-baremes-puericulture-CP332-400x100.png 400w\" sizes=\"auto, (max-width: 1584px) 100vw, 1584px\" \/>\t\n\t\t<\/div>\n\t<!-- \/image-wrap -->\n    \n    \t<\/div>\n<!-- \/module image --><!-- module image -->\n<div  class=\"module module-image tb_wxah789   image-top tf_mw\" data-lazy=\"1\">\n        <div class=\"image-wrap tf_rel tf_mw\">\n\t\t    <img loading=\"lazy\" decoding=\"async\" width=\"1584\" height=\"396\" src=\"https:\/\/www.fileasbl.be\/membres\/wp-content\/uploads\/2024\/03\/Imagede-nouveaux-baremes-puericulture-CP332-1.png\" class=\"wp-post-image wp-image-31468\" title=\"Imagede nouveaux bar\u00e8mes pu\u00e9riculture CP332 (1)\" alt=\"Imagede nouveaux bar\u00e8mes pu\u00e9riculture CP332 (1)\" srcset=\"https:\/\/www.fileasbl.be\/membres\/wp-content\/uploads\/2024\/03\/Imagede-nouveaux-baremes-puericulture-CP332-1.png 1584w, https:\/\/www.fileasbl.be\/membres\/wp-content\/uploads\/2024\/03\/Imagede-nouveaux-baremes-puericulture-CP332-1-300x75.png 300w, https:\/\/www.fileasbl.be\/membres\/wp-content\/uploads\/2024\/03\/Imagede-nouveaux-baremes-puericulture-CP332-1-1024x256.png 1024w, https:\/\/www.fileasbl.be\/membres\/wp-content\/uploads\/2024\/03\/Imagede-nouveaux-baremes-puericulture-CP332-1-768x192.png 768w, https:\/\/www.fileasbl.be\/membres\/wp-content\/uploads\/2024\/03\/Imagede-nouveaux-baremes-puericulture-CP332-1-1536x384.png 1536w, https:\/\/www.fileasbl.be\/membres\/wp-content\/uploads\/2024\/03\/Imagede-nouveaux-baremes-puericulture-CP332-1-400x100.png 400w\" sizes=\"auto, (max-width: 1584px) 100vw, 1584px\" \/>\t\n\t\t<\/div>\n\t<!-- \/image-wrap -->\n    \n    \t<\/div>\n<!-- \/module image --><!-- module image -->\n<div  class=\"module module-image tb_n6ws723   image-top tf_mw\" data-lazy=\"1\">\n        <div class=\"image-wrap tf_rel tf_mw\">\n\t\t    <img loading=\"lazy\" decoding=\"async\" width=\"1584\" height=\"396\" src=\"https:\/\/www.fileasbl.be\/membres\/wp-content\/uploads\/2024\/03\/Imagede-nouveaux-baremes-puericulture-CP332-2.png\" class=\"wp-post-image wp-image-31469\" title=\"Imagede nouveaux bar\u00e8mes pu\u00e9riculture CP332 (2)\" alt=\"Imagede nouveaux bar\u00e8mes pu\u00e9riculture CP332 (2)\" srcset=\"https:\/\/www.fileasbl.be\/membres\/wp-content\/uploads\/2024\/03\/Imagede-nouveaux-baremes-puericulture-CP332-2.png 1584w, https:\/\/www.fileasbl.be\/membres\/wp-content\/uploads\/2024\/03\/Imagede-nouveaux-baremes-puericulture-CP332-2-300x75.png 300w, https:\/\/www.fileasbl.be\/membres\/wp-content\/uploads\/2024\/03\/Imagede-nouveaux-baremes-puericulture-CP332-2-1024x256.png 1024w, https:\/\/www.fileasbl.be\/membres\/wp-content\/uploads\/2024\/03\/Imagede-nouveaux-baremes-puericulture-CP332-2-768x192.png 768w, https:\/\/www.fileasbl.be\/membres\/wp-content\/uploads\/2024\/03\/Imagede-nouveaux-baremes-puericulture-CP332-2-1536x384.png 1536w, https:\/\/www.fileasbl.be\/membres\/wp-content\/uploads\/2024\/03\/Imagede-nouveaux-baremes-puericulture-CP332-2-400x100.png 400w\" sizes=\"auto, (max-width: 1584px) 100vw, 1584px\" \/>\t\n\t\t<\/div>\n\t<!-- \/image-wrap -->\n    \n    \t<\/div>\n<!-- \/module image --><!-- module divider -->\n<div  class=\"module tf_mw module-divider tb_3lol936 solid   \" style=\"border-width: 2px;border-color: #000;margin-top: 30px;margin-bottom: 30px;\" data-lazy=\"1\">\n    <\/div>\n<!-- \/module divider -->\n<!-- module text -->\n<div  class=\"module module-text tb_6tk672   \" data-lazy=\"1\">\n        <div  class=\"tb_text_wrap\">\n    <p>Le 22 mars 2024, les partenaires sociaux ont sign\u00e9 une <a href=\"https:\/\/www.fileasbl.be\/membres\/wp-content\/uploads\/2024\/07\/CCT-332-Accord-sectoriel-revalorisation-baremique-2024-05-16-vdepot-2024-06-12.pdf\" target=\"_blank\" rel=\"noopener\">nouvelle CCT<\/a>\u00a0(remplac\u00e9e par la CCT du 16 mai 2024) octroyant de nouveaux montants salariaux aux pu\u00e9ricultrices et pu\u00e9riculteurs de la CP332 (<u>uniquement en CP332<\/u>, pas dans le secteur public).<\/p>    <\/div>\n<\/div>\n<!-- \/module text --><!-- module box -->\n<div  class=\"module module-box tb_uxwa120 \" data-lazy=\"1\">\n        <div class=\"module-box-content ui  tb_default_color \">\n\t\t\t\t<div class=\"tb_text_wrap\"><p><strong>Documents utiles\u00a0:<\/strong><\/p>\n<ul>\n<li><a href=\"https:\/\/www.fileasbl.be\/membres\/wp-content\/uploads\/2024\/07\/CCT-332-Accord-sectoriel-revalorisation-baremique-2024-05-16-vdepot-2024-06-12.pdf\" target=\"_blank\" rel=\"noopener\">CCT du 16 mai 2024 (rempla\u00e7ant la CCT du 22 mars 2024) : bar\u00e8mes pu\u00e9riculture dans les milieux d\u2019accueil petite enfance<\/a><\/li>\n<li><a href=\"https:\/\/www.fileasbl.be\/membres\/themes\/indexation-des-baremes\/\" target=\"_blank\" rel=\"noopener\">Nouveaux bar\u00e8mes au 1er janvier 2024 pour la pu\u00e9riculture (petite enfance)<\/a><\/li>\n<li>Possibilit\u00e9 de d\u00e9rogations (<a href=\"https:\/\/www.fileasbl.be\/membres\/wp-content\/uploads\/2024\/07\/Annexe-CCT-16-mai-2024.pdf\" target=\"_blank\" rel=\"noopener\">Annexe \u00e0 la CCT du 16 mai 2024<\/a>)<\/li>\n<\/ul><\/div>\n    <\/div>\n<\/div>\n<!-- \/module box -->\n<!-- module text -->\n<div  class=\"module module-text tb_f9hg858   \" data-lazy=\"1\">\n        <div  class=\"tb_text_wrap\">\n    <p>Pour la 1ere fois, ces montants sont octroy\u00e9s via une \u00ab\u00a0allocation sp\u00e9ciale index\u00e9e\u00a0\u00bb qui s\u2019ajoute \u00e0 l\u2019ancien bar\u00e8me brut ONSS (nouvelle colonne dans notre tableau de bar\u00e8mes index\u00e9s \u2013 annexe). Il faut envoyer aux secr\u00e9tariats sociaux la somme de ces deux montants, soit la colonne \u00ab\u00a0<u>total brut ONSS mensuel ((a)+(b))<\/u>\u00a0\u00bb car c\u2019est de la <u>r\u00e9mun\u00e9ration<\/u> et non une prime. <a href=\"https:\/\/www.fileasbl.be\/membres\/themes\/indexation-des-baremes\/\" target=\"_blank\" rel=\"noopener\">Les nouveaux bar\u00e8mes se trouvent ici\u00a0<\/a>!<\/p>    <\/div>\n<\/div>\n<!-- \/module text --><!-- module box -->\n<div  class=\"module module-box tb_cwpk553 \" data-lazy=\"1\">\n        <div class=\"module-box-content ui  tb_default_color \">\n\t\t\t\t<div class=\"tb_text_wrap\"><p><strong>Que devez-vous faire\u00a0?<\/strong><\/p>\n<ul>\n<li><strong><u>Encoder correctement les donn\u00e9es dans mon \u00e9quipe<\/u><\/strong> de tout votre personnel pu\u00e9riculture, subventionn\u00e9 ou non (sur fonds propres, via le Maribel, des APE, l\u2019ONE\u2026). Le personnel sous salaire garanti est assimil\u00e9.<\/li>\n<li>Envoyer ces<strong> <u>nouveaux montants \u00e0 votre secr\u00e9tariat social afin d\u2019octroyer ces bar\u00e8mes depuis le 1<sup>er<\/sup> janvier<\/u><\/strong>, et donc r\u00e9troactivement. Vous aurez donc des fiches correctives de paie \u00e0 donner \u00e0 vos travailleurs.euses.<\/li>\n<li>Pour les <strong><u>autres fonctions en petite enfance, pour l\u2019accueil temps libre et pour le secteur public<\/u><\/strong>\u00a0: rien ne change<\/li>\n<li><strong><u>Pour <\/u><\/strong><strong><u>les milieux d\u2019accueil subventionn\u00e9s<\/u><\/strong><strong>\u00a0<\/strong>: l\u2019ONE versera automatiquement les montants des couts salariaux (1500\u20ac\/etp\/an) selon les ETP renseign\u00e9s dans votre cadastre \u00ab\u00a0Mon equipe\u00a0\u00bb, et la 1ere fois en avril sous forme de prime exceptionnelle. Il s\u2019agit d\u2019un mode de subventionnement diff\u00e9rent de celui auquel vous \u00eates habitu\u00e9.e.s\u00a0: l\u2019ONE couvre le salaire brut habituel comme pr\u00e9c\u00e9demment + ce montant suppl\u00e9mentaire sous forme d\u2019une subvention compl\u00e9mentaire par trimestre.<\/li>\n<li>Pour les <strong>milieux d\u2019accueil non subventionn\u00e9s<\/strong> (sans subvention ou avec uniquement le niveau 1), l\u2019article 4 de la CCT pr\u00e9voit une mesure pour <strong>demander un report de la mesure, au plus tard au 31\/12\/2024<\/strong>. Un dossier de demande de d\u00e9rogation doit \u00eatre envoy\u00e9 \u00e0 la CP332. Nous demandons \u00e0 nos membres concern\u00e9s de revenir vers nous afin de pr\u00e9parer ensemble ce dossier, qui doit \u00eatre envoy\u00e9 <strong>au plus tard le 17 mai 2024, report\u00e9 au 30 juin 2024 par la CCT du 16 mai 2024 (cf modalit\u00e9s dans l&rsquo;<a href=\"https:\/\/www.fileasbl.be\/membres\/wp-content\/uploads\/2024\/07\/Annexe-CCT-16-mai-2024.pdf\" target=\"_blank\" rel=\"noopener\">annexe de la CCT<\/a>)\u00a0<\/strong><\/li>\n<\/ul><\/div>\n    <\/div>\n<\/div>\n<!-- \/module box -->\n<!-- module image -->\n<div  class=\"module module-image tb_w6n7535   image-top tf_mw\" data-lazy=\"1\">\n        <div class=\"image-wrap tf_rel tf_mw\">\n\t\t    <img loading=\"lazy\" decoding=\"async\" width=\"1584\" height=\"396\" src=\"https:\/\/www.fileasbl.be\/membres\/wp-content\/uploads\/2024\/03\/Imagede-nouveaux-baremes-puericulture-CP332-3.png\" class=\"wp-post-image wp-image-31471\" title=\"Imagede nouveaux bar\u00e8mes pu\u00e9riculture CP332 (3)\" alt=\"Imagede nouveaux bar\u00e8mes pu\u00e9riculture CP332 (3)\" srcset=\"https:\/\/www.fileasbl.be\/membres\/wp-content\/uploads\/2024\/03\/Imagede-nouveaux-baremes-puericulture-CP332-3.png 1584w, https:\/\/www.fileasbl.be\/membres\/wp-content\/uploads\/2024\/03\/Imagede-nouveaux-baremes-puericulture-CP332-3-300x75.png 300w, https:\/\/www.fileasbl.be\/membres\/wp-content\/uploads\/2024\/03\/Imagede-nouveaux-baremes-puericulture-CP332-3-1024x256.png 1024w, https:\/\/www.fileasbl.be\/membres\/wp-content\/uploads\/2024\/03\/Imagede-nouveaux-baremes-puericulture-CP332-3-768x192.png 768w, https:\/\/www.fileasbl.be\/membres\/wp-content\/uploads\/2024\/03\/Imagede-nouveaux-baremes-puericulture-CP332-3-1536x384.png 1536w, https:\/\/www.fileasbl.be\/membres\/wp-content\/uploads\/2024\/03\/Imagede-nouveaux-baremes-puericulture-CP332-3-400x100.png 400w\" sizes=\"auto, (max-width: 1584px) 100vw, 1584px\" \/>\t\n\t\t<\/div>\n\t<!-- \/image-wrap -->\n    \n    \t<\/div>\n<!-- \/module image --><!-- module image -->\n<div  class=\"module module-image tb_k67h852   image-top tf_mw\" data-lazy=\"1\">\n        <div class=\"image-wrap tf_rel tf_mw\">\n\t\t    <img loading=\"lazy\" decoding=\"async\" width=\"1584\" height=\"396\" src=\"https:\/\/www.fileasbl.be\/membres\/wp-content\/uploads\/2024\/03\/Imagede-nouveaux-baremes-puericulture-CP332-4.png\" class=\"wp-post-image wp-image-31472\" title=\"Imagede nouveaux bar\u00e8mes pu\u00e9riculture CP332 (4)\" alt=\"Imagede nouveaux bar\u00e8mes pu\u00e9riculture CP332 (4)\" srcset=\"https:\/\/www.fileasbl.be\/membres\/wp-content\/uploads\/2024\/03\/Imagede-nouveaux-baremes-puericulture-CP332-4.png 1584w, https:\/\/www.fileasbl.be\/membres\/wp-content\/uploads\/2024\/03\/Imagede-nouveaux-baremes-puericulture-CP332-4-300x75.png 300w, https:\/\/www.fileasbl.be\/membres\/wp-content\/uploads\/2024\/03\/Imagede-nouveaux-baremes-puericulture-CP332-4-1024x256.png 1024w, https:\/\/www.fileasbl.be\/membres\/wp-content\/uploads\/2024\/03\/Imagede-nouveaux-baremes-puericulture-CP332-4-768x192.png 768w, https:\/\/www.fileasbl.be\/membres\/wp-content\/uploads\/2024\/03\/Imagede-nouveaux-baremes-puericulture-CP332-4-1536x384.png 1536w, https:\/\/www.fileasbl.be\/membres\/wp-content\/uploads\/2024\/03\/Imagede-nouveaux-baremes-puericulture-CP332-4-400x100.png 400w\" sizes=\"auto, (max-width: 1584px) 100vw, 1584px\" \/>\t\n\t\t<\/div>\n\t<!-- \/image-wrap -->\n    \n    \t<\/div>\n<!-- \/module image --><!-- module text -->\n<div  class=\"module module-text tb_4u0m720   \" data-lazy=\"1\">\n        <div  class=\"tb_text_wrap\">\n    <p>En 2025, suite \u00e0 un subventionnement compl\u00e9mentaire, l\u2019allocation sp\u00e9ciale index\u00e9e sera encore augment\u00e9e. Nous vous tiendrons au courant.<\/p>\n<p>\u00a0<\/p>\n<p>N\u2019h\u00e9sitez pas \u00e0 revenir vers nous au besoin,<\/p>\n<p>L\u2019\u00e9quipe de la FILE<\/p>    <\/div>\n<\/div>\n<!-- \/module text -->\t        <\/div>\n\t    \t<\/div>\n\t\t    <\/div>\n\t    <!-- \/row_inner -->\n\t<\/div>\n\t<!-- \/module_row -->\n\t<\/div>\n<!--\/themify_builder_content-->","protected":false},"excerpt":{"rendered":"<p>Chers membres, Bonne nouvelle, suite aux diff\u00e9rentes actions et mobilisations du secteur sur l\u2019attractivit\u00e9 des m\u00e9tiers en petite enfance, de premi\u00e8res pistes de revalorisation ont \u00e9t\u00e9 trouv\u00e9es pour le personnel de pu\u00e9riculture. Il s\u2019agit d\u2019une premi\u00e8re vague. Un accord sectoriel entre le Gouvernement, l\u2019ONE et les partenaires sociaux du 18 d\u00e9cembre 2023 instaure des mesures [&hellip;]<\/p>\n","protected":false},"author":2,"featured_media":31493,"comment_status":"open","ping_status":"open","sticky":false,"template":"","format":"standard","meta":{"footnotes":""},"categories":[234,246,299,321,9],"tags":[],"class_list":["post-31464","post","type-post","status-publish","format-standard","has-post-thumbnail","hentry","category-baremes-remuneration-et-frais","category-milac","category-notes-juridiques","category-publication","category-statut-des-accueillantes","has-post-title","has-post-date","has-post-category","has-post-tag","has-post-comment","has-post-author",""],"yoast_head":"<!-- This site is optimized with the Yoast SEO plugin v27.4 - https:\/\/yoast.com\/product\/yoast-seo-wordpress\/ -->\n<title>Nouveaux bar\u00e8mes pu\u00e9riculture CP332 - Site de la FILE<\/title>\n<meta name=\"robots\" content=\"index, follow, max-snippet:-1, max-image-preview:large, max-video-preview:-1\" \/>\n<link rel=\"canonical\" href=\"https:\/\/www.fileasbl.be\/membres\/nouveaux-baremes-puericulture-cp332\/\" \/>\n<meta property=\"og:locale\" content=\"fr_FR\" \/>\n<meta property=\"og:type\" content=\"article\" \/>\n<meta property=\"og:title\" content=\"Nouveaux bar\u00e8mes pu\u00e9riculture CP332 - Site de la FILE\" \/>\n<meta property=\"og:description\" content=\"Chers membres, Bonne nouvelle, suite aux diff\u00e9rentes actions et mobilisations du secteur sur l\u2019attractivit\u00e9 des m\u00e9tiers en petite enfance, de premi\u00e8res pistes de revalorisation ont \u00e9t\u00e9 trouv\u00e9es pour le personnel de pu\u00e9riculture. Il s\u2019agit d\u2019une premi\u00e8re vague. Un accord sectoriel entre le Gouvernement, l\u2019ONE et les partenaires sociaux du 18 d\u00e9cembre 2023 instaure des mesures [&hellip;]\" \/>\n<meta property=\"og:url\" content=\"https:\/\/www.fileasbl.be\/membres\/nouveaux-baremes-puericulture-cp332\/\" \/>\n<meta property=\"og:site_name\" content=\"Site de la FILE\" \/>\n<meta property=\"article:publisher\" content=\"https:\/\/www.facebook.com\/fileasbl\/\" \/>\n<meta property=\"article:published_time\" content=\"2024-03-29T08:09:21+00:00\" \/>\n<meta property=\"article:modified_time\" content=\"2024-08-09T10:35:23+00:00\" \/>\n<meta property=\"og:image\" content=\"https:\/\/www.fileasbl.be\/membres\/wp-content\/uploads\/2024\/03\/Bareme-puericultrices.png\" \/>\n\t<meta property=\"og:image:width\" content=\"500\" \/>\n\t<meta property=\"og:image:height\" content=\"500\" \/>\n\t<meta property=\"og:image:type\" content=\"image\/png\" \/>\n<meta name=\"author\" content=\"Contact FILE\" \/>\n<meta name=\"twitter:card\" content=\"summary_large_image\" \/>\n<meta name=\"twitter:label1\" content=\"\u00c9crit par\" \/>\n\t<meta name=\"twitter:data1\" content=\"Contact FILE\" \/>\n\t<meta name=\"twitter:label2\" content=\"Dur\u00e9e de lecture estim\u00e9e\" \/>\n\t<meta name=\"twitter:data2\" content=\"4 minutes\" \/>\n<script type=\"application\/ld+json\" class=\"yoast-schema-graph\">{\"@context\":\"https:\\\/\\\/schema.org\",\"@graph\":[{\"@type\":\"Article\",\"@id\":\"https:\\\/\\\/www.fileasbl.be\\\/membres\\\/nouveaux-baremes-puericulture-cp332\\\/#article\",\"isPartOf\":{\"@id\":\"https:\\\/\\\/www.fileasbl.be\\\/membres\\\/nouveaux-baremes-puericulture-cp332\\\/\"},\"author\":{\"name\":\"Contact FILE\",\"@id\":\"https:\\\/\\\/www.fileasbl.be\\\/membres\\\/#\\\/schema\\\/person\\\/5954a0c68c3a6f92f805465caa00d25f\"},\"headline\":\"Nouveaux bar\u00e8mes pu\u00e9riculture CP332\",\"datePublished\":\"2024-03-29T08:09:21+00:00\",\"dateModified\":\"2024-08-09T10:35:23+00:00\",\"mainEntityOfPage\":{\"@id\":\"https:\\\/\\\/www.fileasbl.be\\\/membres\\\/nouveaux-baremes-puericulture-cp332\\\/\"},\"wordCount\":539,\"commentCount\":0,\"image\":{\"@id\":\"https:\\\/\\\/www.fileasbl.be\\\/membres\\\/nouveaux-baremes-puericulture-cp332\\\/#primaryimage\"},\"thumbnailUrl\":\"https:\\\/\\\/www.fileasbl.be\\\/membres\\\/wp-content\\\/uploads\\\/2024\\\/03\\\/Bareme-puericultrices.png\",\"articleSection\":[\"Bar\u00e8mes r\u00e9mun\u00e9ration et frais\",\"Milieu d'accueil 0-3 ans\",\"Notes juridiques\",\"Publications\",\"Statut des accueillantes\"],\"inLanguage\":\"fr-FR\",\"potentialAction\":[{\"@type\":\"CommentAction\",\"name\":\"Comment\",\"target\":[\"https:\\\/\\\/www.fileasbl.be\\\/membres\\\/nouveaux-baremes-puericulture-cp332\\\/#respond\"]}]},{\"@type\":\"WebPage\",\"@id\":\"https:\\\/\\\/www.fileasbl.be\\\/membres\\\/nouveaux-baremes-puericulture-cp332\\\/\",\"url\":\"https:\\\/\\\/www.fileasbl.be\\\/membres\\\/nouveaux-baremes-puericulture-cp332\\\/\",\"name\":\"Nouveaux bar\u00e8mes pu\u00e9riculture CP332 - Site de la FILE\",\"isPartOf\":{\"@id\":\"https:\\\/\\\/www.fileasbl.be\\\/membres\\\/#website\"},\"primaryImageOfPage\":{\"@id\":\"https:\\\/\\\/www.fileasbl.be\\\/membres\\\/nouveaux-baremes-puericulture-cp332\\\/#primaryimage\"},\"image\":{\"@id\":\"https:\\\/\\\/www.fileasbl.be\\\/membres\\\/nouveaux-baremes-puericulture-cp332\\\/#primaryimage\"},\"thumbnailUrl\":\"https:\\\/\\\/www.fileasbl.be\\\/membres\\\/wp-content\\\/uploads\\\/2024\\\/03\\\/Bareme-puericultrices.png\",\"datePublished\":\"2024-03-29T08:09:21+00:00\",\"dateModified\":\"2024-08-09T10:35:23+00:00\",\"author\":{\"@id\":\"https:\\\/\\\/www.fileasbl.be\\\/membres\\\/#\\\/schema\\\/person\\\/5954a0c68c3a6f92f805465caa00d25f\"},\"breadcrumb\":{\"@id\":\"https:\\\/\\\/www.fileasbl.be\\\/membres\\\/nouveaux-baremes-puericulture-cp332\\\/#breadcrumb\"},\"inLanguage\":\"fr-FR\",\"potentialAction\":[{\"@type\":\"ReadAction\",\"target\":[\"https:\\\/\\\/www.fileasbl.be\\\/membres\\\/nouveaux-baremes-puericulture-cp332\\\/\"]}]},{\"@type\":\"ImageObject\",\"inLanguage\":\"fr-FR\",\"@id\":\"https:\\\/\\\/www.fileasbl.be\\\/membres\\\/nouveaux-baremes-puericulture-cp332\\\/#primaryimage\",\"url\":\"https:\\\/\\\/www.fileasbl.be\\\/membres\\\/wp-content\\\/uploads\\\/2024\\\/03\\\/Bareme-puericultrices.png\",\"contentUrl\":\"https:\\\/\\\/www.fileasbl.be\\\/membres\\\/wp-content\\\/uploads\\\/2024\\\/03\\\/Bareme-puericultrices.png\",\"width\":500,\"height\":500},{\"@type\":\"BreadcrumbList\",\"@id\":\"https:\\\/\\\/www.fileasbl.be\\\/membres\\\/nouveaux-baremes-puericulture-cp332\\\/#breadcrumb\",\"itemListElement\":[{\"@type\":\"ListItem\",\"position\":1,\"name\":\"Accueil\",\"item\":\"https:\\\/\\\/www.fileasbl.be\\\/membres\\\/\"},{\"@type\":\"ListItem\",\"position\":2,\"name\":\"Nouveaux bar\u00e8mes pu\u00e9riculture CP332\"}]},{\"@type\":\"WebSite\",\"@id\":\"https:\\\/\\\/www.fileasbl.be\\\/membres\\\/#website\",\"url\":\"https:\\\/\\\/www.fileasbl.be\\\/membres\\\/\",\"name\":\"Site de la FILE\",\"description\":\"FILE Un accueil de qualit\u00e9 accessible \u00e0 tous\",\"potentialAction\":[{\"@type\":\"SearchAction\",\"target\":{\"@type\":\"EntryPoint\",\"urlTemplate\":\"https:\\\/\\\/www.fileasbl.be\\\/membres\\\/?s={search_term_string}\"},\"query-input\":{\"@type\":\"PropertyValueSpecification\",\"valueRequired\":true,\"valueName\":\"search_term_string\"}}],\"inLanguage\":\"fr-FR\"},{\"@type\":\"Person\",\"@id\":\"https:\\\/\\\/www.fileasbl.be\\\/membres\\\/#\\\/schema\\\/person\\\/5954a0c68c3a6f92f805465caa00d25f\",\"name\":\"Contact FILE\",\"url\":\"https:\\\/\\\/www.fileasbl.be\\\/membres\\\/author\\\/contactfile\\\/\"}]}<\/script>\n<!-- \/ Yoast SEO plugin. -->","yoast_head_json":{"title":"Nouveaux bar\u00e8mes pu\u00e9riculture CP332 - Site de la FILE","robots":{"index":"index","follow":"follow","max-snippet":"max-snippet:-1","max-image-preview":"max-image-preview:large","max-video-preview":"max-video-preview:-1"},"canonical":"https:\/\/www.fileasbl.be\/membres\/nouveaux-baremes-puericulture-cp332\/","og_locale":"fr_FR","og_type":"article","og_title":"Nouveaux bar\u00e8mes pu\u00e9riculture CP332 - Site de la FILE","og_description":"Chers membres, Bonne nouvelle, suite aux diff\u00e9rentes actions et mobilisations du secteur sur l\u2019attractivit\u00e9 des m\u00e9tiers en petite enfance, de premi\u00e8res pistes de revalorisation ont \u00e9t\u00e9 trouv\u00e9es pour le personnel de pu\u00e9riculture. Il s\u2019agit d\u2019une premi\u00e8re vague. Un accord sectoriel entre le Gouvernement, l\u2019ONE et les partenaires sociaux du 18 d\u00e9cembre 2023 instaure des mesures [&hellip;]","og_url":"https:\/\/www.fileasbl.be\/membres\/nouveaux-baremes-puericulture-cp332\/","og_site_name":"Site de la FILE","article_publisher":"https:\/\/www.facebook.com\/fileasbl\/","article_published_time":"2024-03-29T08:09:21+00:00","article_modified_time":"2024-08-09T10:35:23+00:00","og_image":[{"width":500,"height":500,"url":"https:\/\/www.fileasbl.be\/membres\/wp-content\/uploads\/2024\/03\/Bareme-puericultrices.png","type":"image\/png"}],"author":"Contact FILE","twitter_card":"summary_large_image","twitter_misc":{"\u00c9crit par":"Contact FILE","Dur\u00e9e de lecture estim\u00e9e":"4 minutes"},"schema":{"@context":"https:\/\/schema.org","@graph":[{"@type":"Article","@id":"https:\/\/www.fileasbl.be\/membres\/nouveaux-baremes-puericulture-cp332\/#article","isPartOf":{"@id":"https:\/\/www.fileasbl.be\/membres\/nouveaux-baremes-puericulture-cp332\/"},"author":{"name":"Contact FILE","@id":"https:\/\/www.fileasbl.be\/membres\/#\/schema\/person\/5954a0c68c3a6f92f805465caa00d25f"},"headline":"Nouveaux bar\u00e8mes pu\u00e9riculture CP332","datePublished":"2024-03-29T08:09:21+00:00","dateModified":"2024-08-09T10:35:23+00:00","mainEntityOfPage":{"@id":"https:\/\/www.fileasbl.be\/membres\/nouveaux-baremes-puericulture-cp332\/"},"wordCount":539,"commentCount":0,"image":{"@id":"https:\/\/www.fileasbl.be\/membres\/nouveaux-baremes-puericulture-cp332\/#primaryimage"},"thumbnailUrl":"https:\/\/www.fileasbl.be\/membres\/wp-content\/uploads\/2024\/03\/Bareme-puericultrices.png","articleSection":["Bar\u00e8mes r\u00e9mun\u00e9ration et frais","Milieu d'accueil 0-3 ans","Notes juridiques","Publications","Statut des accueillantes"],"inLanguage":"fr-FR","potentialAction":[{"@type":"CommentAction","name":"Comment","target":["https:\/\/www.fileasbl.be\/membres\/nouveaux-baremes-puericulture-cp332\/#respond"]}]},{"@type":"WebPage","@id":"https:\/\/www.fileasbl.be\/membres\/nouveaux-baremes-puericulture-cp332\/","url":"https:\/\/www.fileasbl.be\/membres\/nouveaux-baremes-puericulture-cp332\/","name":"Nouveaux bar\u00e8mes pu\u00e9riculture CP332 - Site de la FILE","isPartOf":{"@id":"https:\/\/www.fileasbl.be\/membres\/#website"},"primaryImageOfPage":{"@id":"https:\/\/www.fileasbl.be\/membres\/nouveaux-baremes-puericulture-cp332\/#primaryimage"},"image":{"@id":"https:\/\/www.fileasbl.be\/membres\/nouveaux-baremes-puericulture-cp332\/#primaryimage"},"thumbnailUrl":"https:\/\/www.fileasbl.be\/membres\/wp-content\/uploads\/2024\/03\/Bareme-puericultrices.png","datePublished":"2024-03-29T08:09:21+00:00","dateModified":"2024-08-09T10:35:23+00:00","author":{"@id":"https:\/\/www.fileasbl.be\/membres\/#\/schema\/person\/5954a0c68c3a6f92f805465caa00d25f"},"breadcrumb":{"@id":"https:\/\/www.fileasbl.be\/membres\/nouveaux-baremes-puericulture-cp332\/#breadcrumb"},"inLanguage":"fr-FR","potentialAction":[{"@type":"ReadAction","target":["https:\/\/www.fileasbl.be\/membres\/nouveaux-baremes-puericulture-cp332\/"]}]},{"@type":"ImageObject","inLanguage":"fr-FR","@id":"https:\/\/www.fileasbl.be\/membres\/nouveaux-baremes-puericulture-cp332\/#primaryimage","url":"https:\/\/www.fileasbl.be\/membres\/wp-content\/uploads\/2024\/03\/Bareme-puericultrices.png","contentUrl":"https:\/\/www.fileasbl.be\/membres\/wp-content\/uploads\/2024\/03\/Bareme-puericultrices.png","width":500,"height":500},{"@type":"BreadcrumbList","@id":"https:\/\/www.fileasbl.be\/membres\/nouveaux-baremes-puericulture-cp332\/#breadcrumb","itemListElement":[{"@type":"ListItem","position":1,"name":"Accueil","item":"https:\/\/www.fileasbl.be\/membres\/"},{"@type":"ListItem","position":2,"name":"Nouveaux bar\u00e8mes pu\u00e9riculture CP332"}]},{"@type":"WebSite","@id":"https:\/\/www.fileasbl.be\/membres\/#website","url":"https:\/\/www.fileasbl.be\/membres\/","name":"Site de la FILE","description":"FILE Un accueil de qualit\u00e9 accessible \u00e0 tous","potentialAction":[{"@type":"SearchAction","target":{"@type":"EntryPoint","urlTemplate":"https:\/\/www.fileasbl.be\/membres\/?s={search_term_string}"},"query-input":{"@type":"PropertyValueSpecification","valueRequired":true,"valueName":"search_term_string"}}],"inLanguage":"fr-FR"},{"@type":"Person","@id":"https:\/\/www.fileasbl.be\/membres\/#\/schema\/person\/5954a0c68c3a6f92f805465caa00d25f","name":"Contact FILE","url":"https:\/\/www.fileasbl.be\/membres\/author\/contactfile\/"}]}},"builder_content":"<img loading=\"lazy\" decoding=\"async\" width=\"1584\" height=\"396\" src=\"https:\/\/www.fileasbl.be\/membres\/wp-content\/uploads\/2024\/03\/nouveaux-baremes-puericulture-CP332.png\" title=\"nouveaux bar\u00e8mes pu\u00e9riculture CP332\" alt=\"nouveaux bar\u00e8mes pu\u00e9riculture CP332\" srcset=\"https:\/\/www.fileasbl.be\/membres\/wp-content\/uploads\/2024\/03\/nouveaux-baremes-puericulture-CP332.png 1584w, https:\/\/www.fileasbl.be\/membres\/wp-content\/uploads\/2024\/03\/nouveaux-baremes-puericulture-CP332-300x75.png 300w, https:\/\/www.fileasbl.be\/membres\/wp-content\/uploads\/2024\/03\/nouveaux-baremes-puericulture-CP332-1024x256.png 1024w, https:\/\/www.fileasbl.be\/membres\/wp-content\/uploads\/2024\/03\/nouveaux-baremes-puericulture-CP332-768x192.png 768w, https:\/\/www.fileasbl.be\/membres\/wp-content\/uploads\/2024\/03\/nouveaux-baremes-puericulture-CP332-1536x384.png 1536w, https:\/\/www.fileasbl.be\/membres\/wp-content\/uploads\/2024\/03\/nouveaux-baremes-puericulture-CP332-400x100.png 400w\" sizes=\"auto, (max-width: 1584px) 100vw, 1584px\" \/>\n\n<p>Chers membres,<\/p> <p>Bonne nouvelle, suite aux diff\u00e9rentes actions et mobilisations du secteur sur l\u2019attractivit\u00e9 des m\u00e9tiers en petite enfance, de premi\u00e8res pistes de revalorisation ont \u00e9t\u00e9 trouv\u00e9es pour le personnel de pu\u00e9riculture. Il s\u2019agit d\u2019une premi\u00e8re vague.<\/p> <p>Un accord sectoriel entre le Gouvernement, l\u2019ONE et les partenaires sociaux du 18 d\u00e9cembre 2023 instaure des mesures de revalorisation des conditions de travail pour les pu\u00e9ricultrices.eurs du secteur.<\/p>\n<img loading=\"lazy\" decoding=\"async\" width=\"1584\" height=\"396\" src=\"https:\/\/www.fileasbl.be\/membres\/wp-content\/uploads\/2024\/03\/Imagede-nouveaux-baremes-puericulture-CP332.png\" title=\"Imagede nouveaux bar\u00e8mes pu\u00e9riculture CP332\" alt=\"Imagede nouveaux bar\u00e8mes pu\u00e9riculture CP332\" srcset=\"https:\/\/www.fileasbl.be\/membres\/wp-content\/uploads\/2024\/03\/Imagede-nouveaux-baremes-puericulture-CP332.png 1584w, https:\/\/www.fileasbl.be\/membres\/wp-content\/uploads\/2024\/03\/Imagede-nouveaux-baremes-puericulture-CP332-300x75.png 300w, https:\/\/www.fileasbl.be\/membres\/wp-content\/uploads\/2024\/03\/Imagede-nouveaux-baremes-puericulture-CP332-1024x256.png 1024w, https:\/\/www.fileasbl.be\/membres\/wp-content\/uploads\/2024\/03\/Imagede-nouveaux-baremes-puericulture-CP332-768x192.png 768w, https:\/\/www.fileasbl.be\/membres\/wp-content\/uploads\/2024\/03\/Imagede-nouveaux-baremes-puericulture-CP332-1536x384.png 1536w, https:\/\/www.fileasbl.be\/membres\/wp-content\/uploads\/2024\/03\/Imagede-nouveaux-baremes-puericulture-CP332-400x100.png 400w\" sizes=\"auto, (max-width: 1584px) 100vw, 1584px\" \/>\n<img loading=\"lazy\" decoding=\"async\" width=\"1584\" height=\"396\" src=\"https:\/\/www.fileasbl.be\/membres\/wp-content\/uploads\/2024\/03\/Imagede-nouveaux-baremes-puericulture-CP332-1.png\" title=\"Imagede nouveaux bar\u00e8mes pu\u00e9riculture CP332 (1)\" alt=\"Imagede nouveaux bar\u00e8mes pu\u00e9riculture CP332 (1)\" srcset=\"https:\/\/www.fileasbl.be\/membres\/wp-content\/uploads\/2024\/03\/Imagede-nouveaux-baremes-puericulture-CP332-1.png 1584w, https:\/\/www.fileasbl.be\/membres\/wp-content\/uploads\/2024\/03\/Imagede-nouveaux-baremes-puericulture-CP332-1-300x75.png 300w, https:\/\/www.fileasbl.be\/membres\/wp-content\/uploads\/2024\/03\/Imagede-nouveaux-baremes-puericulture-CP332-1-1024x256.png 1024w, https:\/\/www.fileasbl.be\/membres\/wp-content\/uploads\/2024\/03\/Imagede-nouveaux-baremes-puericulture-CP332-1-768x192.png 768w, https:\/\/www.fileasbl.be\/membres\/wp-content\/uploads\/2024\/03\/Imagede-nouveaux-baremes-puericulture-CP332-1-1536x384.png 1536w, https:\/\/www.fileasbl.be\/membres\/wp-content\/uploads\/2024\/03\/Imagede-nouveaux-baremes-puericulture-CP332-1-400x100.png 400w\" sizes=\"auto, (max-width: 1584px) 100vw, 1584px\" \/>\n<img loading=\"lazy\" decoding=\"async\" width=\"1584\" height=\"396\" src=\"https:\/\/www.fileasbl.be\/membres\/wp-content\/uploads\/2024\/03\/Imagede-nouveaux-baremes-puericulture-CP332-2.png\" title=\"Imagede nouveaux bar\u00e8mes pu\u00e9riculture CP332 (2)\" alt=\"Imagede nouveaux bar\u00e8mes pu\u00e9riculture CP332 (2)\" srcset=\"https:\/\/www.fileasbl.be\/membres\/wp-content\/uploads\/2024\/03\/Imagede-nouveaux-baremes-puericulture-CP332-2.png 1584w, https:\/\/www.fileasbl.be\/membres\/wp-content\/uploads\/2024\/03\/Imagede-nouveaux-baremes-puericulture-CP332-2-300x75.png 300w, https:\/\/www.fileasbl.be\/membres\/wp-content\/uploads\/2024\/03\/Imagede-nouveaux-baremes-puericulture-CP332-2-1024x256.png 1024w, https:\/\/www.fileasbl.be\/membres\/wp-content\/uploads\/2024\/03\/Imagede-nouveaux-baremes-puericulture-CP332-2-768x192.png 768w, https:\/\/www.fileasbl.be\/membres\/wp-content\/uploads\/2024\/03\/Imagede-nouveaux-baremes-puericulture-CP332-2-1536x384.png 1536w, https:\/\/www.fileasbl.be\/membres\/wp-content\/uploads\/2024\/03\/Imagede-nouveaux-baremes-puericulture-CP332-2-400x100.png 400w\" sizes=\"auto, (max-width: 1584px) 100vw, 1584px\" \/>\n\n<p>Le 22 mars 2024, les partenaires sociaux ont sign\u00e9 une <a href=\"https:\/\/www.fileasbl.be\/membres\/wp-content\/uploads\/2024\/07\/CCT-332-Accord-sectoriel-revalorisation-baremique-2024-05-16-vdepot-2024-06-12.pdf\" target=\"_blank\" rel=\"noopener\">nouvelle CCT<\/a>\u00a0(remplac\u00e9e par la CCT du 16 mai 2024) octroyant de nouveaux montants salariaux aux pu\u00e9ricultrices et pu\u00e9riculteurs de la CP332 (<u>uniquement en CP332<\/u>, pas dans le secteur public).<\/p>\n<p><strong>Documents utiles\u00a0:<\/strong><\/p> <ul> <li><a href=\"https:\/\/www.fileasbl.be\/membres\/wp-content\/uploads\/2024\/07\/CCT-332-Accord-sectoriel-revalorisation-baremique-2024-05-16-vdepot-2024-06-12.pdf\" target=\"_blank\" rel=\"noopener\">CCT du 16 mai 2024 (rempla\u00e7ant la CCT du 22 mars 2024) : bar\u00e8mes pu\u00e9riculture dans les milieux d\u2019accueil petite enfance<\/a><\/li> <li><a href=\"https:\/\/www.fileasbl.be\/membres\/themes\/indexation-des-baremes\/\" target=\"_blank\" rel=\"noopener\">Nouveaux bar\u00e8mes au 1er janvier 2024 pour la pu\u00e9riculture (petite enfance)<\/a><\/li> <li>Possibilit\u00e9 de d\u00e9rogations (<a href=\"https:\/\/www.fileasbl.be\/membres\/wp-content\/uploads\/2024\/07\/Annexe-CCT-16-mai-2024.pdf\" target=\"_blank\" rel=\"noopener\">Annexe \u00e0 la CCT du 16 mai 2024<\/a>)<\/li> <\/ul>\n<p>Pour la 1ere fois, ces montants sont octroy\u00e9s via une \u00ab\u00a0allocation sp\u00e9ciale index\u00e9e\u00a0\u00bb qui s\u2019ajoute \u00e0 l\u2019ancien bar\u00e8me brut ONSS (nouvelle colonne dans notre tableau de bar\u00e8mes index\u00e9s \u2013 annexe). Il faut envoyer aux secr\u00e9tariats sociaux la somme de ces deux montants, soit la colonne \u00ab\u00a0<u>total brut ONSS mensuel ((a)+(b))<\/u>\u00a0\u00bb car c\u2019est de la <u>r\u00e9mun\u00e9ration<\/u> et non une prime. <a href=\"https:\/\/www.fileasbl.be\/membres\/themes\/indexation-des-baremes\/\" target=\"_blank\" rel=\"noopener\">Les nouveaux bar\u00e8mes se trouvent ici\u00a0<\/a>!<\/p>\n<p><strong>Que devez-vous faire\u00a0?<\/strong><\/p> <ul> <li><strong><u>Encoder correctement les donn\u00e9es dans mon \u00e9quipe<\/u><\/strong> de tout votre personnel pu\u00e9riculture, subventionn\u00e9 ou non (sur fonds propres, via le Maribel, des APE, l\u2019ONE\u2026). Le personnel sous salaire garanti est assimil\u00e9.<\/li> <li>Envoyer ces<strong> <u>nouveaux montants \u00e0 votre secr\u00e9tariat social afin d\u2019octroyer ces bar\u00e8mes depuis le 1<sup>er<\/sup> janvier<\/u><\/strong>, et donc r\u00e9troactivement. Vous aurez donc des fiches correctives de paie \u00e0 donner \u00e0 vos travailleurs.euses.<\/li> <li>Pour les <strong><u>autres fonctions en petite enfance, pour l\u2019accueil temps libre et pour le secteur public<\/u><\/strong>\u00a0: rien ne change<\/li> <li><strong><u>Pour <\/u><\/strong><strong><u>les milieux d\u2019accueil subventionn\u00e9s<\/u><\/strong><strong>\u00a0<\/strong>: l\u2019ONE versera automatiquement les montants des couts salariaux (1500\u20ac\/etp\/an) selon les ETP renseign\u00e9s dans votre cadastre \u00ab\u00a0Mon equipe\u00a0\u00bb, et la 1ere fois en avril sous forme de prime exceptionnelle. Il s\u2019agit d\u2019un mode de subventionnement diff\u00e9rent de celui auquel vous \u00eates habitu\u00e9.e.s\u00a0: l\u2019ONE couvre le salaire brut habituel comme pr\u00e9c\u00e9demment + ce montant suppl\u00e9mentaire sous forme d\u2019une subvention compl\u00e9mentaire par trimestre.<\/li> <li>Pour les <strong>milieux d\u2019accueil non subventionn\u00e9s<\/strong> (sans subvention ou avec uniquement le niveau 1), l\u2019article 4 de la CCT pr\u00e9voit une mesure pour <strong>demander un report de la mesure, au plus tard au 31\/12\/2024<\/strong>. Un dossier de demande de d\u00e9rogation doit \u00eatre envoy\u00e9 \u00e0 la CP332. Nous demandons \u00e0 nos membres concern\u00e9s de revenir vers nous afin de pr\u00e9parer ensemble ce dossier, qui doit \u00eatre envoy\u00e9 <strong>au plus tard le 17 mai 2024, report\u00e9 au 30 juin 2024 par la CCT du 16 mai 2024 (cf modalit\u00e9s dans l'<a href=\"https:\/\/www.fileasbl.be\/membres\/wp-content\/uploads\/2024\/07\/Annexe-CCT-16-mai-2024.pdf\" target=\"_blank\" rel=\"noopener\">annexe de la CCT<\/a>)\u00a0<\/strong><\/li> <\/ul>\n<img loading=\"lazy\" decoding=\"async\" width=\"1584\" height=\"396\" src=\"https:\/\/www.fileasbl.be\/membres\/wp-content\/uploads\/2024\/03\/Imagede-nouveaux-baremes-puericulture-CP332-3.png\" title=\"Imagede nouveaux bar\u00e8mes pu\u00e9riculture CP332 (3)\" alt=\"Imagede nouveaux bar\u00e8mes pu\u00e9riculture CP332 (3)\" srcset=\"https:\/\/www.fileasbl.be\/membres\/wp-content\/uploads\/2024\/03\/Imagede-nouveaux-baremes-puericulture-CP332-3.png 1584w, https:\/\/www.fileasbl.be\/membres\/wp-content\/uploads\/2024\/03\/Imagede-nouveaux-baremes-puericulture-CP332-3-300x75.png 300w, https:\/\/www.fileasbl.be\/membres\/wp-content\/uploads\/2024\/03\/Imagede-nouveaux-baremes-puericulture-CP332-3-1024x256.png 1024w, https:\/\/www.fileasbl.be\/membres\/wp-content\/uploads\/2024\/03\/Imagede-nouveaux-baremes-puericulture-CP332-3-768x192.png 768w, https:\/\/www.fileasbl.be\/membres\/wp-content\/uploads\/2024\/03\/Imagede-nouveaux-baremes-puericulture-CP332-3-1536x384.png 1536w, https:\/\/www.fileasbl.be\/membres\/wp-content\/uploads\/2024\/03\/Imagede-nouveaux-baremes-puericulture-CP332-3-400x100.png 400w\" sizes=\"auto, (max-width: 1584px) 100vw, 1584px\" \/>\n<img loading=\"lazy\" decoding=\"async\" width=\"1584\" height=\"396\" src=\"https:\/\/www.fileasbl.be\/membres\/wp-content\/uploads\/2024\/03\/Imagede-nouveaux-baremes-puericulture-CP332-4.png\" title=\"Imagede nouveaux bar\u00e8mes pu\u00e9riculture CP332 (4)\" alt=\"Imagede nouveaux bar\u00e8mes pu\u00e9riculture CP332 (4)\" srcset=\"https:\/\/www.fileasbl.be\/membres\/wp-content\/uploads\/2024\/03\/Imagede-nouveaux-baremes-puericulture-CP332-4.png 1584w, https:\/\/www.fileasbl.be\/membres\/wp-content\/uploads\/2024\/03\/Imagede-nouveaux-baremes-puericulture-CP332-4-300x75.png 300w, https:\/\/www.fileasbl.be\/membres\/wp-content\/uploads\/2024\/03\/Imagede-nouveaux-baremes-puericulture-CP332-4-1024x256.png 1024w, https:\/\/www.fileasbl.be\/membres\/wp-content\/uploads\/2024\/03\/Imagede-nouveaux-baremes-puericulture-CP332-4-768x192.png 768w, https:\/\/www.fileasbl.be\/membres\/wp-content\/uploads\/2024\/03\/Imagede-nouveaux-baremes-puericulture-CP332-4-1536x384.png 1536w, https:\/\/www.fileasbl.be\/membres\/wp-content\/uploads\/2024\/03\/Imagede-nouveaux-baremes-puericulture-CP332-4-400x100.png 400w\" sizes=\"auto, (max-width: 1584px) 100vw, 1584px\" \/>\n<p>En 2025, suite \u00e0 un subventionnement compl\u00e9mentaire, l\u2019allocation sp\u00e9ciale index\u00e9e sera encore augment\u00e9e. Nous vous tiendrons au courant.<\/p> <p>\u00a0<\/p> <p>N\u2019h\u00e9sitez pas \u00e0 revenir vers nous au besoin,<\/p> <p>L\u2019\u00e9quipe de la FILE<\/p>","_links":{"self":[{"href":"https:\/\/www.fileasbl.be\/membres\/wp-json\/wp\/v2\/posts\/31464","targetHints":{"allow":["GET"]}}],"collection":[{"href":"https:\/\/www.fileasbl.be\/membres\/wp-json\/wp\/v2\/posts"}],"about":[{"href":"https:\/\/www.fileasbl.be\/membres\/wp-json\/wp\/v2\/types\/post"}],"author":[{"embeddable":true,"href":"https:\/\/www.fileasbl.be\/membres\/wp-json\/wp\/v2\/users\/2"}],"replies":[{"embeddable":true,"href":"https:\/\/www.fileasbl.be\/membres\/wp-json\/wp\/v2\/comments?post=31464"}],"version-history":[{"count":0,"href":"https:\/\/www.fileasbl.be\/membres\/wp-json\/wp\/v2\/posts\/31464\/revisions"}],"wp:featuredmedia":[{"embeddable":true,"href":"https:\/\/www.fileasbl.be\/membres\/wp-json\/wp\/v2\/media\/31493"}],"wp:attachment":[{"href":"https:\/\/www.fileasbl.be\/membres\/wp-json\/wp\/v2\/media?parent=31464"}],"wp:term":[{"taxonomy":"category","embeddable":true,"href":"https:\/\/www.fileasbl.be\/membres\/wp-json\/wp\/v2\/categories?post=31464"},{"taxonomy":"post_tag","embeddable":true,"href":"https:\/\/www.fileasbl.be\/membres\/wp-json\/wp\/v2\/tags?post=31464"}],"curies":[{"name":"wp","href":"https:\/\/api.w.org\/{rel}","templated":true}]}}