{"id":3152,"date":"2018-10-22T13:24:32","date_gmt":"2018-10-22T12:24:32","guid":{"rendered":"http:\/\/www.fileasbl.be\/membres\/?p=3152"},"modified":"2022-10-11T04:49:16","modified_gmt":"2022-10-11T03:49:16","slug":"le-developpement-de-lenfant-conference-21-11-2018","status":"publish","type":"post","link":"https:\/\/www.fileasbl.be\/membres\/le-developpement-de-lenfant-conference-21-11-2018\/","title":{"rendered":"Le d\u00e9veloppement de l&rsquo;Enfant &#8211; Conf\u00e9rence 21\/11\/2018"},"content":{"rendered":"<p style=\"text-align: center\"><strong>&#8211; Le d\u00e9veloppement de l&rsquo;Enfant &#8211;<br>\nExp\u00e9riences affectives, sensori-motrices, cognitives : utopie ou pragmatisme ?<br>\nLe chemin emprunt\u00e9 chez Armandia<\/strong><\/p>\n<p>8:30 &#8211; Caf\u00e9 d&rsquo;accueil<br>\n9:00 &#8211; Ouverture de la matin\u00e9e par Olivier Parvais, \u00c9chevin des Affaires Sociales<br>\n9:15 &#8211; L&rsquo;effet &lsquo;boule de neige&rsquo; chez Armandia. Notre vision pour un \u00e9tayage de qualit\u00e9<br>\n&#8211; B\u00e9n\u00e9dicte Museur, Responsable d&rsquo;Armandia, Charg\u00e9e de Cours IIP, Formatrice<br>\n9:30 &#8211; Le d\u00e9veloppement affectif, vecteur de d\u00e9veloppement et d&rsquo;apprentissages du jeune enfant<br>\n&#8211; Christine Gadisseux, Psychologue Syst\u00e9mique, Chef de travaux HE L\u00e9onard de Vinci &#8211; Parnasse-Isei<br>\n10:00 &#8211; L&rsquo;appui du d\u00e9veloppement moteur pour l&rsquo;\u00e9panouissement de l&rsquo;enfant \u2013 G\u00e9raldine Poncelet, Psychomotricienne dans les Unit\u00e9s Parents\/B\u00e9b\u00e9s \u00e0 l\u2019HUDERF, Charg\u00e9e de Cours IIP<br>\n10:30 &#8211; Pause<br>\n11:00 &#8211; L&rsquo;importance de l&rsquo;\u00e9veil sensoriel par Caravelles ASBL<br>\n11:45 &#8211; Diffusion du film r\u00e9alis\u00e9 en janvier 2018<br>\n12:00 &#8211; Soutien de la Province du Brabant Wallon pour les Milieux d&rsquo;accueil: Situation au 1er novembre 2018 &#8211; Tanguy Stuckens, D\u00e9put\u00e9 Provincial<br>\n12:15 &#8211; Conclusion par Natacha Verstraeten, Pr\u00e9sidente ONE Brabant Wallon et Pr\u00e9sidente de la <a href=\"http:\/\/www.fileasbl.be\">FILE<\/a>.<br>\n12:30 &#8211; Echanges conviviaux et petits sandwiches<\/p>\n<p>Adresse : Ferme Bertinchamps, 51 &#8211; 1421 Ophain Bois Seigneur Isaac<br>\nVaste parking gratuit \u00e0 1 minute de la sortie 23 du ring &#8211; Ophain<\/p>\n<p>Infos et inscriptions obligatoire <a href=\"mailto:benedictemuseur@hotmail.com\">benedictemuseur@hotmail.com<\/a><br>\nPrix 6\u20ac (buffet sandwiches compris)<\/p>\n<!--themify_builder_content-->\n<div id=\"themify_builder_content-3152\" data-postid=\"3152\" class=\"themify_builder_content themify_builder_content-3152 themify_builder tf_clear\">\n    <\/div>\n<!--\/themify_builder_content-->","protected":false},"excerpt":{"rendered":"<p>&#8211; Le d\u00e9veloppement de l&rsquo;Enfant &#8211; Exp\u00e9riences affectives, sensori-motrices, cognitives : utopie ou pragmatisme ? Le chemin emprunt\u00e9 chez Armandia 8:30 &#8211; Caf\u00e9 d&rsquo;accueil 9:00 &#8211; Ouverture de la matin\u00e9e par Olivier Parvais, \u00c9chevin des Affaires Sociales 9:15 &#8211; L&rsquo;effet &lsquo;boule de neige&rsquo; chez Armandia. Notre vision pour un \u00e9tayage de qualit\u00e9 &#8211; B\u00e9n\u00e9dicte Museur, [&hellip;]<\/p>\n","protected":false},"author":2,"featured_media":0,"comment_status":"open","ping_status":"open","sticky":false,"template":"","format":"standard","meta":{"footnotes":""},"categories":[304,306,226],"tags":[],"class_list":["post-3152","post","type-post","status-publish","format-standard","hentry","category-bien-etre-enfant","category-formation-continue","category-rythmes-de-lenfant","has-post-title","has-post-date","has-post-category","has-post-tag","has-post-comment","has-post-author",""],"yoast_head":"<!-- This site is optimized with the Yoast SEO plugin v27.5 - https:\/\/yoast.com\/product\/yoast-seo-wordpress\/ -->\n<title>Le d\u00e9veloppement de l&#039;Enfant - Conf\u00e9rence 21\/11\/2018 - Site de la FILE<\/title>\n<meta name=\"robots\" content=\"index, follow, max-snippet:-1, max-image-preview:large, max-video-preview:-1\" \/>\n<link rel=\"canonical\" href=\"https:\/\/www.fileasbl.be\/membres\/le-developpement-de-lenfant-conference-21-11-2018\/\" \/>\n<meta property=\"og:locale\" content=\"fr_FR\" \/>\n<meta property=\"og:type\" content=\"article\" \/>\n<meta property=\"og:title\" content=\"Le d\u00e9veloppement de l&#039;Enfant - Conf\u00e9rence 21\/11\/2018 - Site de la FILE\" \/>\n<meta property=\"og:description\" content=\"&#8211; Le d\u00e9veloppement de l&rsquo;Enfant &#8211; Exp\u00e9riences affectives, sensori-motrices, cognitives : utopie ou pragmatisme ? Le chemin emprunt\u00e9 chez Armandia 8:30 &#8211; Caf\u00e9 d&rsquo;accueil 9:00 &#8211; Ouverture de la matin\u00e9e par Olivier Parvais, \u00c9chevin des Affaires Sociales 9:15 &#8211; L&rsquo;effet &lsquo;boule de neige&rsquo; chez Armandia. Notre vision pour un \u00e9tayage de qualit\u00e9 &#8211; B\u00e9n\u00e9dicte Museur, [&hellip;]\" \/>\n<meta property=\"og:url\" content=\"https:\/\/www.fileasbl.be\/membres\/le-developpement-de-lenfant-conference-21-11-2018\/\" \/>\n<meta property=\"og:site_name\" content=\"Site de la FILE\" \/>\n<meta property=\"article:publisher\" content=\"https:\/\/www.facebook.com\/fileasbl\/\" \/>\n<meta property=\"article:published_time\" content=\"2018-10-22T12:24:32+00:00\" \/>\n<meta property=\"article:modified_time\" content=\"2022-10-11T03:49:16+00:00\" \/>\n<meta property=\"og:image\" content=\"https:\/\/www.fileasbl.be\/membres\/wp-content\/uploads\/2018\/10\/2018.10.22-Armandia.jpg\" \/>\n\t<meta property=\"og:image:width\" content=\"2560\" \/>\n\t<meta property=\"og:image:height\" content=\"1440\" \/>\n\t<meta property=\"og:image:type\" content=\"image\/jpeg\" \/>\n<meta name=\"author\" content=\"Contact FILE\" \/>\n<meta name=\"twitter:card\" content=\"summary_large_image\" \/>\n<meta name=\"twitter:label1\" content=\"\u00c9crit par\" \/>\n\t<meta name=\"twitter:data1\" content=\"Contact FILE\" \/>\n\t<meta name=\"twitter:label2\" content=\"Dur\u00e9e de lecture estim\u00e9e\" \/>\n\t<meta name=\"twitter:data2\" content=\"1 minute\" \/>\n<script type=\"application\/ld+json\" class=\"yoast-schema-graph\">{\"@context\":\"https:\\\/\\\/schema.org\",\"@graph\":[{\"@type\":\"Article\",\"@id\":\"https:\\\/\\\/www.fileasbl.be\\\/membres\\\/le-developpement-de-lenfant-conference-21-11-2018\\\/#article\",\"isPartOf\":{\"@id\":\"https:\\\/\\\/www.fileasbl.be\\\/membres\\\/le-developpement-de-lenfant-conference-21-11-2018\\\/\"},\"author\":{\"name\":\"Contact FILE\",\"@id\":\"https:\\\/\\\/www.fileasbl.be\\\/membres\\\/#\\\/schema\\\/person\\\/5954a0c68c3a6f92f805465caa00d25f\"},\"headline\":\"Le d\u00e9veloppement de l&rsquo;Enfant &#8211; Conf\u00e9rence 21\\\/11\\\/2018\",\"datePublished\":\"2018-10-22T12:24:32+00:00\",\"dateModified\":\"2022-10-11T03:49:16+00:00\",\"mainEntityOfPage\":{\"@id\":\"https:\\\/\\\/www.fileasbl.be\\\/membres\\\/le-developpement-de-lenfant-conference-21-11-2018\\\/\"},\"wordCount\":234,\"commentCount\":0,\"articleSection\":[\"Bien \u00eatre enfant\",\"Formation continue\",\"Rythmes de l'enfant\"],\"inLanguage\":\"fr-FR\",\"potentialAction\":[{\"@type\":\"CommentAction\",\"name\":\"Comment\",\"target\":[\"https:\\\/\\\/www.fileasbl.be\\\/membres\\\/le-developpement-de-lenfant-conference-21-11-2018\\\/#respond\"]}]},{\"@type\":\"WebPage\",\"@id\":\"https:\\\/\\\/www.fileasbl.be\\\/membres\\\/le-developpement-de-lenfant-conference-21-11-2018\\\/\",\"url\":\"https:\\\/\\\/www.fileasbl.be\\\/membres\\\/le-developpement-de-lenfant-conference-21-11-2018\\\/\",\"name\":\"Le d\u00e9veloppement de l'Enfant - Conf\u00e9rence 21\\\/11\\\/2018 - Site de la FILE\",\"isPartOf\":{\"@id\":\"https:\\\/\\\/www.fileasbl.be\\\/membres\\\/#website\"},\"datePublished\":\"2018-10-22T12:24:32+00:00\",\"dateModified\":\"2022-10-11T03:49:16+00:00\",\"author\":{\"@id\":\"https:\\\/\\\/www.fileasbl.be\\\/membres\\\/#\\\/schema\\\/person\\\/5954a0c68c3a6f92f805465caa00d25f\"},\"breadcrumb\":{\"@id\":\"https:\\\/\\\/www.fileasbl.be\\\/membres\\\/le-developpement-de-lenfant-conference-21-11-2018\\\/#breadcrumb\"},\"inLanguage\":\"fr-FR\",\"potentialAction\":[{\"@type\":\"ReadAction\",\"target\":[\"https:\\\/\\\/www.fileasbl.be\\\/membres\\\/le-developpement-de-lenfant-conference-21-11-2018\\\/\"]}]},{\"@type\":\"BreadcrumbList\",\"@id\":\"https:\\\/\\\/www.fileasbl.be\\\/membres\\\/le-developpement-de-lenfant-conference-21-11-2018\\\/#breadcrumb\",\"itemListElement\":[{\"@type\":\"ListItem\",\"position\":1,\"name\":\"Accueil\",\"item\":\"https:\\\/\\\/www.fileasbl.be\\\/membres\\\/\"},{\"@type\":\"ListItem\",\"position\":2,\"name\":\"Le d\u00e9veloppement de l&#8217;Enfant &#8211; Conf\u00e9rence 21\\\/11\\\/2018\"}]},{\"@type\":\"WebSite\",\"@id\":\"https:\\\/\\\/www.fileasbl.be\\\/membres\\\/#website\",\"url\":\"https:\\\/\\\/www.fileasbl.be\\\/membres\\\/\",\"name\":\"Site de la FILE\",\"description\":\"FILE Un accueil de qualit\u00e9 accessible \u00e0 tous\",\"potentialAction\":[{\"@type\":\"SearchAction\",\"target\":{\"@type\":\"EntryPoint\",\"urlTemplate\":\"https:\\\/\\\/www.fileasbl.be\\\/membres\\\/?s={search_term_string}\"},\"query-input\":{\"@type\":\"PropertyValueSpecification\",\"valueRequired\":true,\"valueName\":\"search_term_string\"}}],\"inLanguage\":\"fr-FR\"},{\"@type\":\"Person\",\"@id\":\"https:\\\/\\\/www.fileasbl.be\\\/membres\\\/#\\\/schema\\\/person\\\/5954a0c68c3a6f92f805465caa00d25f\",\"name\":\"Contact FILE\",\"url\":\"https:\\\/\\\/www.fileasbl.be\\\/membres\\\/author\\\/contactfile\\\/\"}]}<\/script>\n<!-- \/ Yoast SEO plugin. -->","yoast_head_json":{"title":"Le d\u00e9veloppement de l'Enfant - Conf\u00e9rence 21\/11\/2018 - Site de la FILE","robots":{"index":"index","follow":"follow","max-snippet":"max-snippet:-1","max-image-preview":"max-image-preview:large","max-video-preview":"max-video-preview:-1"},"canonical":"https:\/\/www.fileasbl.be\/membres\/le-developpement-de-lenfant-conference-21-11-2018\/","og_locale":"fr_FR","og_type":"article","og_title":"Le d\u00e9veloppement de l'Enfant - Conf\u00e9rence 21\/11\/2018 - Site de la FILE","og_description":"&#8211; Le d\u00e9veloppement de l&rsquo;Enfant &#8211; Exp\u00e9riences affectives, sensori-motrices, cognitives : utopie ou pragmatisme ? Le chemin emprunt\u00e9 chez Armandia 8:30 &#8211; Caf\u00e9 d&rsquo;accueil 9:00 &#8211; Ouverture de la matin\u00e9e par Olivier Parvais, \u00c9chevin des Affaires Sociales 9:15 &#8211; L&rsquo;effet &lsquo;boule de neige&rsquo; chez Armandia. Notre vision pour un \u00e9tayage de qualit\u00e9 &#8211; B\u00e9n\u00e9dicte Museur, [&hellip;]","og_url":"https:\/\/www.fileasbl.be\/membres\/le-developpement-de-lenfant-conference-21-11-2018\/","og_site_name":"Site de la FILE","article_publisher":"https:\/\/www.facebook.com\/fileasbl\/","article_published_time":"2018-10-22T12:24:32+00:00","article_modified_time":"2022-10-11T03:49:16+00:00","og_image":[{"width":2560,"height":1440,"url":"https:\/\/www.fileasbl.be\/membres\/wp-content\/uploads\/2018\/10\/2018.10.22-Armandia.jpg","type":"image\/jpeg"}],"author":"Contact FILE","twitter_card":"summary_large_image","twitter_misc":{"\u00c9crit par":"Contact FILE","Dur\u00e9e de lecture estim\u00e9e":"1 minute"},"schema":{"@context":"https:\/\/schema.org","@graph":[{"@type":"Article","@id":"https:\/\/www.fileasbl.be\/membres\/le-developpement-de-lenfant-conference-21-11-2018\/#article","isPartOf":{"@id":"https:\/\/www.fileasbl.be\/membres\/le-developpement-de-lenfant-conference-21-11-2018\/"},"author":{"name":"Contact FILE","@id":"https:\/\/www.fileasbl.be\/membres\/#\/schema\/person\/5954a0c68c3a6f92f805465caa00d25f"},"headline":"Le d\u00e9veloppement de l&rsquo;Enfant &#8211; Conf\u00e9rence 21\/11\/2018","datePublished":"2018-10-22T12:24:32+00:00","dateModified":"2022-10-11T03:49:16+00:00","mainEntityOfPage":{"@id":"https:\/\/www.fileasbl.be\/membres\/le-developpement-de-lenfant-conference-21-11-2018\/"},"wordCount":234,"commentCount":0,"articleSection":["Bien \u00eatre enfant","Formation continue","Rythmes de l'enfant"],"inLanguage":"fr-FR","potentialAction":[{"@type":"CommentAction","name":"Comment","target":["https:\/\/www.fileasbl.be\/membres\/le-developpement-de-lenfant-conference-21-11-2018\/#respond"]}]},{"@type":"WebPage","@id":"https:\/\/www.fileasbl.be\/membres\/le-developpement-de-lenfant-conference-21-11-2018\/","url":"https:\/\/www.fileasbl.be\/membres\/le-developpement-de-lenfant-conference-21-11-2018\/","name":"Le d\u00e9veloppement de l'Enfant - Conf\u00e9rence 21\/11\/2018 - Site de la FILE","isPartOf":{"@id":"https:\/\/www.fileasbl.be\/membres\/#website"},"datePublished":"2018-10-22T12:24:32+00:00","dateModified":"2022-10-11T03:49:16+00:00","author":{"@id":"https:\/\/www.fileasbl.be\/membres\/#\/schema\/person\/5954a0c68c3a6f92f805465caa00d25f"},"breadcrumb":{"@id":"https:\/\/www.fileasbl.be\/membres\/le-developpement-de-lenfant-conference-21-11-2018\/#breadcrumb"},"inLanguage":"fr-FR","potentialAction":[{"@type":"ReadAction","target":["https:\/\/www.fileasbl.be\/membres\/le-developpement-de-lenfant-conference-21-11-2018\/"]}]},{"@type":"BreadcrumbList","@id":"https:\/\/www.fileasbl.be\/membres\/le-developpement-de-lenfant-conference-21-11-2018\/#breadcrumb","itemListElement":[{"@type":"ListItem","position":1,"name":"Accueil","item":"https:\/\/www.fileasbl.be\/membres\/"},{"@type":"ListItem","position":2,"name":"Le d\u00e9veloppement de l&#8217;Enfant &#8211; Conf\u00e9rence 21\/11\/2018"}]},{"@type":"WebSite","@id":"https:\/\/www.fileasbl.be\/membres\/#website","url":"https:\/\/www.fileasbl.be\/membres\/","name":"Site de la FILE","description":"FILE Un accueil de qualit\u00e9 accessible \u00e0 tous","potentialAction":[{"@type":"SearchAction","target":{"@type":"EntryPoint","urlTemplate":"https:\/\/www.fileasbl.be\/membres\/?s={search_term_string}"},"query-input":{"@type":"PropertyValueSpecification","valueRequired":true,"valueName":"search_term_string"}}],"inLanguage":"fr-FR"},{"@type":"Person","@id":"https:\/\/www.fileasbl.be\/membres\/#\/schema\/person\/5954a0c68c3a6f92f805465caa00d25f","name":"Contact FILE","url":"https:\/\/www.fileasbl.be\/membres\/author\/contactfile\/"}]}},"builder_content":"","_links":{"self":[{"href":"https:\/\/www.fileasbl.be\/membres\/wp-json\/wp\/v2\/posts\/3152","targetHints":{"allow":["GET"]}}],"collection":[{"href":"https:\/\/www.fileasbl.be\/membres\/wp-json\/wp\/v2\/posts"}],"about":[{"href":"https:\/\/www.fileasbl.be\/membres\/wp-json\/wp\/v2\/types\/post"}],"author":[{"embeddable":true,"href":"https:\/\/www.fileasbl.be\/membres\/wp-json\/wp\/v2\/users\/2"}],"replies":[{"embeddable":true,"href":"https:\/\/www.fileasbl.be\/membres\/wp-json\/wp\/v2\/comments?post=3152"}],"version-history":[{"count":0,"href":"https:\/\/www.fileasbl.be\/membres\/wp-json\/wp\/v2\/posts\/3152\/revisions"}],"wp:attachment":[{"href":"https:\/\/www.fileasbl.be\/membres\/wp-json\/wp\/v2\/media?parent=3152"}],"wp:term":[{"taxonomy":"category","embeddable":true,"href":"https:\/\/www.fileasbl.be\/membres\/wp-json\/wp\/v2\/categories?post=3152"},{"taxonomy":"post_tag","embeddable":true,"href":"https:\/\/www.fileasbl.be\/membres\/wp-json\/wp\/v2\/tags?post=3152"}],"curies":[{"name":"wp","href":"https:\/\/api.w.org\/{rel}","templated":true}]}}