{"id":31556,"date":"2024-06-28T10:26:35","date_gmt":"2024-06-28T09:26:35","guid":{"rendered":"https:\/\/www.fileasbl.be\/membres\/?p=31556"},"modified":"2025-09-01T12:27:07","modified_gmt":"2025-09-01T11:27:07","slug":"realisation-dactes-infirmiers-et-dactes-de-la-vie-quotidienne-dans-les-structures-petite-enfance-et-atl","status":"publish","type":"post","link":"https:\/\/www.fileasbl.be\/membres\/realisation-dactes-infirmiers-et-dactes-de-la-vie-quotidienne-dans-les-structures-petite-enfance-et-atl\/","title":{"rendered":"R\u00e9alisation d\u2019actes infirmiers et d\u2019actes de la vie quotidienne dans les structures petite enfance et ATL"},"content":{"rendered":"<!--themify_builder_content-->\n<div id=\"themify_builder_content-31556\" data-postid=\"31556\" class=\"themify_builder_content themify_builder_content-31556 themify_builder tf_clear\">\n    \t<!-- module_row -->\n\t<div  data-lazy=\"1\" class=\"module_row themify_builder_row tb_g7tf349 tb_first tf_clearfix\">\n\t    \t\t<div class=\"row_inner col_align_top col-count-3 tf_box tf_w tf_rel\">\n\t\t\t<div  data-lazy=\"1\" style=\"width: 18.35%\" class=\"module_column tb-column col3-1 first tb_37cb349 tf_box\">\n\t\t\t    \t<\/div>\n\t\t<div  data-lazy=\"1\" style=\"width: 56.47%\" class=\"module_column tb-column col3-1 middle tb_ddxm350 tf_box\">\n\t\t\t    \t        <div class=\"tb-column-inner tf_box tf_w\">\n\t\t    <!-- module image -->\n<div  class=\"module module-image tb_1vue542   image-center tf_mw\" data-lazy=\"1\">\n        <div class=\"image-wrap tf_rel tf_mw\">\n\t\t    <img loading=\"lazy\" decoding=\"async\" width=\"6912\" height=\"3456\" src=\"https:\/\/www.fileasbl.be\/membres\/wp-content\/uploads\/2024\/06\/Design-sans-titre.png\" class=\"wp-post-image wp-image-31561\" title=\"Design sans titre\" alt=\"Design sans titre\" srcset=\"https:\/\/www.fileasbl.be\/membres\/wp-content\/uploads\/2024\/06\/Design-sans-titre.png 6912w, https:\/\/www.fileasbl.be\/membres\/wp-content\/uploads\/2024\/06\/Design-sans-titre-1024x512-300x150.png 300w, https:\/\/www.fileasbl.be\/membres\/wp-content\/uploads\/2024\/06\/Design-sans-titre-1024x512.png 1024w, https:\/\/www.fileasbl.be\/membres\/wp-content\/uploads\/2024\/06\/Design-sans-titre-768x384.png 768w, https:\/\/www.fileasbl.be\/membres\/wp-content\/uploads\/2024\/06\/Design-sans-titre-1536x768.png 1536w, https:\/\/www.fileasbl.be\/membres\/wp-content\/uploads\/2024\/06\/Design-sans-titre-2048x1024.png 2048w, https:\/\/www.fileasbl.be\/membres\/wp-content\/uploads\/2024\/06\/Design-sans-titre-1024x512-400x200.png 400w, https:\/\/www.fileasbl.be\/membres\/wp-content\/uploads\/2024\/06\/Design-sans-titre-1024x512-350x175.png 350w\" sizes=\"auto, (max-width: 6912px) 100vw, 6912px\" \/>\t\n\t\t<\/div>\n\t<!-- \/image-wrap -->\n    \n    \t<\/div>\n<!-- \/module image -->\t        <\/div>\n\t    \t<\/div>\n\t\t<div  data-lazy=\"1\" style=\"width: 18.78%\" class=\"module_column tb-column col3-1 last tb_wkat350 tf_box\">\n\t\t\t    \t        <div class=\"tb-column-inner tf_box tf_w\">\n\t\t    <!-- module login -->\n<div  class=\"module module-login tb_luom517 \" data-lazy=\"1\">\n\t<div classss=\"tb_login_wrap \">\n\t<h3 class=\"module-title\">Cet articles est r\u00e9serv\u00e9 aux membres de la FILE asbl. Connectez-vous !<\/h3>\n\t\t\t\n\t\t<form class=\"tb_login_form tf_clearfix tf_box tf_clear\" name=\"loginform\" action=\"https:\/\/www.fileasbl.be\/membres\/wp-login.php\" method=\"post\">\n\t\t\t<p class=\"tb_login_username\">\n\t\t\t\t<label>\n\t\t\t\t\t<span class=\"tb_login_username_text\">Username or Email<\/span>\n\t\t\t\t\t<input type=\"text\" name=\"log\" required=\"required\">\n\t\t\t\t<\/label>\n\t\t\t<\/p>\n\t\t\t<p class=\"tb_login_password\">\n\t\t\t\t<label>\n\t\t\t\t\t<span class=\"tb_login_password_text\">Password<\/span>\n\t\t\t\t\t<input type=\"password\" name=\"pwd\" required=\"required\">\n\t\t\t\t<\/label>\n\t\t\t<\/p>\n\t\t\t<div class=\"tb_login_links tf_box tf_clear\">\n\t\t\t\t<a href=\"https:\/\/www.fileasbl.be\/membres\/wp-login.php?action=lostpassword\">Forgotten Password?<\/a>\n\t\t\t<\/div>\n\n\t\t\t\n\t\t\t\t\t\t<p class=\"tb_login_remember tf_left tf_box\">\n\t\t\t\t<label>\n\t\t\t\t\t<input name=\"rememberme\" type=\"checkbox\" value=\"forever\"> \n\t\t\t\t\t<span class=\"tb_login_remember_text\">Remember Me<\/span>\n\t\t\t\t<\/label>\n\t\t\t<\/p>\n\t\t\t\t\t\t<p class=\"tb_login_submit tf_right\">\n\t\t\t\t<button name=\"wp-submit\">Log In<\/button>\n\t\t\t\t<input type=\"hidden\" name=\"redirect_to\" value=\"\/membres\/wp-json\/wp\/v2\/posts\/31556?login_success=1\">\n\t\t\t\t<input type=\"hidden\" name=\"tb_login\" value=\"1\">\n\n\t\t\t\t\t\t\t<\/p>\n\n\t\t<\/form>\n\n\t\t<form class=\"tb_lostpassword_form tf_clearfix tf_box tf_clear\" name=\"lostpasswordform\" action=\"https:\/\/www.fileasbl.be\/membres\/wp-login.php?action=lostpassword\" method=\"post\" style=\"display:none\">\n\t\t\t<p class=\"tb_lostpassword_username\">\n\t\t\t\t<label>\n\t\t\t\t\t<span class=\"tb_lostpassword_username_text\">Username or Email<\/span>\n\t\t\t\t\t<input type=\"text\" name=\"user_login\" required=\"required\">\n\t\t\t\t<\/label>\n\t\t\t<\/p>\n\n\t\t\t\n\t\t\t\t\t\t<p class=\"tb_lostpassword_submit tf_right\">\n\t\t\t\t<button>Reset Password<\/button>\n\t\t\t<\/p>\n\n\t\t\t<div class=\"tb_login_links tf_left tf_box\">\n\t\t\t\t<a href=\"https:\/\/www.fileasbl.be\/membres\/wp-login.php\">Log In<\/a>\n\t\t\t<\/div>\n\t\t<\/form>\n\n\t    <\/div>\n<\/div><!-- \/module login -->\t        <\/div>\n\t    \t<\/div>\n\t\t    <\/div>\n\t    <!-- \/row_inner -->\n\t<\/div>\n\t<!-- \/module_row -->\n\t\t<!-- module_row -->\n\t<div  data-lazy=\"1\" class=\"module_row themify_builder_row tb_fcrc699 tf_clearfix\" >\n\t    \t\t<div class=\"row_inner col_align_top col-count-1 tf_box tf_w tf_rel\">\n\t\t\t<div  data-lazy=\"1\" class=\"module_column tb-column col-full first tb_cgw0700 tf_box\">\n\t\t\t    \t        <div class=\"tb-column-inner tf_box tf_w\">\n\t\t    <!-- module divider -->\n<div  class=\"module tf_mw module-divider tb_ayuj869 dotted   \" style=\"border-width: 1px;border-color: #000;margin-top: 10px;margin-bottom: 20px;\" data-lazy=\"1\">\n    <\/div>\n<!-- \/module divider -->\n<!-- module text -->\n<div  class=\"module module-text tb_fk4u67   \" data-lazy=\"1\">\n        <div  class=\"tb_text_wrap\">\n    <p>Certaines prestations techniques de l\u2019art infirmier sont exclusivement r\u00e9serv\u00e9es aux m\u00e9decins, infirmi\u00e8res et infirmiers. C\u2019est l\u2019Arr\u00eat\u00e9 royal du 18 juin 1990<a href=\"#_ftn1\" name=\"_ftnref1\">[1]<\/a> qui \u00e9tablit la liste de ces prestations.<\/p>\n<p>En pratique, cela posait difficult\u00e9s puisque certains de ces soins doivent \u00eatre quotidiennement r\u00e9alis\u00e9s par les professionnels et professionnelles du secteur de la petite enfance et de l&rsquo;ATL.<\/p>\n<p>Pour cette raison, <strong><u>un protocole d\u2019accord avait \u00e9t\u00e9 sign\u00e9 le 24 f\u00e9vrier 2014<a href=\"#_ftn2\" name=\"_ftnref2\">[2]<\/a><\/u><\/strong> entre les Ministres de la sant\u00e9 de l\u2019Etat f\u00e9d\u00e9ral, des Communaut\u00e9s et des R\u00e9gions. Ce protocole portait entre autres sur les points d\u2019accord suivants\u00a0:<\/p>\n<ol>\n<li>Les <strong>activit\u00e9s de soutien aux activit\u00e9s de la vie quotidienne<\/strong>, qui pourraient \u00eatre \u00e9galement effectu\u00e9es par l\u2019entourage, peuvent \u00eatre effectu\u00e9es de mani\u00e8re autonome par le personnel de l\u2019enfance (ATL et petite enfance).<\/li>\n<\/ol>\n<p>Sont vis\u00e9s par exemple :<\/p>\n<ul>\n<li>Utilisation de s\u00e9rum physiologique pour d\u00e9gager le nez d\u2019un b\u00e9b\u00e9<\/li>\n<li>Application d&rsquo;une cr\u00e8me de change<\/li>\n<li>\u2026<\/li>\n<\/ul>\n<ol start=\"2\">\n<li>Les professionnelles et professionnels de la petite enfance et de l\u2019ATL doivent porter <strong>une attention particuli\u00e8re \u00e0 l\u2019apparition de certains signes caract\u00e9ristiques<\/strong> tels que des signes de rougeur, irritation de la peau, indices de probl\u00e8mes respiratoires, gonflements, l\u00e9sions etc\u2026 Si ces signaux sont observ\u00e9s, les professionnels et professionnelles ont la responsabilit\u00e9 de prendre contact avec les parents ou la personne de r\u00e9f\u00e9rence d\u00e9sign\u00e9e pour leur communiquer les sympt\u00f4mes constat\u00e9s.<\/li>\n<li><strong>Certaines activit\u00e9s et soins peuvent \u00eatre effectu\u00e9s<\/strong> par les professionnels et professionnelles de la petite enfance et de l\u2019ATL <strong>\u00e0 la condition<\/strong> qu\u2019il existe un accord clair et \u00e9crit avec une professionnelle ou un professionnel de la sant\u00e9 :\n<ul>\n<li>Surveiller et signaler les sympt\u00f4mes observables de dysfonctionnements et d\u2019effets secondaires li\u00e9s aux traitements tels que pr\u00e9cis\u00e9s par le m\u00e9decin, l\u2019infirmier ou l&rsquo;infirmi\u00e8re ;<\/li>\n<li>Administrer des m\u00e9dicaments oraux, de l\u2019oxyg\u00e8ne, des suppositoires, des a\u00e9rosols, des gouttes auriculaires ou nasales ainsi que de la pommade prescrits par un m\u00e9decin, encourager le respect du traitement et en favoriser la r\u00e9gularit\u00e9\u00a0;<\/li>\n<li>Installer un enfant dans un appareillage adapt\u00e9 \u00e0 ses besoins\u00a0;<\/li>\n<li>Prendre en charge un enfant sous monitoring cardio-respiratoire.<\/li>\n<\/ul>\n<\/li>\n<\/ol>\n<ol start=\"4\">\n<li><strong>Porter assistance \u00e0 une personne en danger<\/strong> ne rel\u00e8ve pas de l\u2019exercice ill\u00e9gal d\u2019une profession de soins de sant\u00e9. Toute d\u00e9gradation de l\u2019\u00e9tat de sant\u00e9 d\u2019une personne qui semble n\u00e9cessiter une intervention urgente doit mener \u00e0 contacter le syst\u00e8me d\u2019appels unifi\u00e9 (num\u00e9ro 112) qui \u00e9valuera la situation qui lui est pr\u00e9sent\u00e9e et enverra les moyens ad\u00e9quats.<\/li>\n<\/ol>\n<p>Dans le cadre de la r\u00e9forme de l\u2019art infirmier, <strong>deux Arr\u00eat\u00e9s royaux du 29 f\u00e9vrier 2024<\/strong> sont encore venus \u00e9tendre les possibilit\u00e9s de r\u00e9alisation d\u2019actes infirmiers au sein des structures de l\u2019accueil de la petite enfance et de l&rsquo;ATL:<\/p>\n<ol>\n<li><strong><u>Aidant qualifi\u00e9<\/u><\/strong><\/li>\n<\/ol>\n<p>Un premier Arr\u00eat\u00e9 royal<a href=\"#_ftn3\" name=\"_ftnref3\">[3]<\/a> \u00e9tablit une liste de prestations qui, sous conditions, peuvent \u00eatre accomplies par une personne que l&rsquo;on appelle \u00ab aidant qualifi\u00e9 \u00bb.<\/p>\n<p>L\u2019 aidant qualifi\u00e9 est une personne qui n\u2019est pas infirmi\u00e8re ou infirmier mais qui peut effectuer un ou plusieurs actes infirmiers dans le cadre de sa profession ou d&rsquo;une activit\u00e9 b\u00e9n\u00e9vole, en dehors d&rsquo;un \u00e9tablissement de soins. L\u2019aidant qualifi\u00e9, sur respect d\u2019un certain nombre de conditions, est prot\u00e9g\u00e9 par la loi pour r\u00e9aliser un ou plusieurs actes infirmiers bien d\u00e9finis dans l&rsquo;int\u00e9r\u00eat des patients (source: <a href=\"https:\/\/www.health.belgium.be\/fr\/aidant-qualifie\">https:\/\/www.health.belgium.be\/fr\/aidant-qualifie<\/a>).<\/p>\n<p>Un professionnel ou une professionnelle de la petite enfance et de l&rsquo;ATL qui est d\u2019accord d\u2019apporter certains soins infirmiers \u00e0 un enfant peut donc \u00e0 pr\u00e9sent, sur base de cet arr\u00eat\u00e9, devenir aidant qualifi\u00e9 le temps de l\u2019accueil de cet enfant.<\/p>\n<p>Les conditions \u00e0 respecter sont d\u00e9taill\u00e9es<a href=\"https:\/\/www.ejustice.just.fgov.be\/eli\/arrete\/2024\/02\/29\/2024001909\/justel\" target=\"_blank\" rel=\"noopener\"> dans l\u2019arr\u00eat\u00e9<\/a> ainsi que <a href=\"https:\/\/www.health.belgium.be\/fr\/aidant-qualifie\" target=\"_blank\" rel=\"noopener\">sur la page web<\/a>. L&rsquo;aidant qualifi\u00e9 doit notamment :<\/p>\n<ul>\n<li>Avoir marqu\u00e9 son accord pour pratiquer l\u2019acte infirmier ;<\/li>\n<li>Suivre une formation \u00e0 la r\u00e9alisation de l\u2019acte infirmier ou recevoir les instructions n\u00e9cessaires pour agir correctement et en toute s\u00e9curit\u00e9 ;<\/li>\n<li>\u00catre en possession d\u2019une d\u00e9l\u00e9gation d\u2019une professionnelle ou d&rsquo;un professionnel de la sant\u00e9 ;<\/li>\n<li>Disposer du consentement \u00e9crit du repr\u00e9sentant l\u00e9gal de l\u2019enfant.<\/li>\n<\/ul>\n<p>Les prestations vis\u00e9es concernent par exemple\u00a0:<\/p>\n<ul>\n<li>Mesure de param\u00e8tres (quantit\u00e9 d\u2019urine et de selles, apport hydriques et aliments,\u2026)<\/li>\n<li>Administration de m\u00e9dicaments par voie sous-cutan\u00e9e\u00a0;<\/li>\n<li>Aspirer ou surveiller les voies respiratoires\u00a0;<\/li>\n<li>\u2026.<\/li>\n<\/ul>\n<p>La liste compl\u00e8te des prestations concern\u00e9es par cet Arr\u00eat\u00e9 est d\u00e9taill\u00e9e dans<a href=\"https:\/\/www.health.belgium.be\/nl\/node\/45078\"> ce document.<\/a><\/p>\n<ol start=\"2\">\n<li><strong><u>Activit\u00e9s de la vie quotidienne<\/u><\/strong><\/li>\n<\/ol>\n<p>Un deuxi\u00e8me Arr\u00eat\u00e9 royal <a href=\"#_ftn4\" name=\"_ftnref3\">[4]<\/a> fixe la liste des activit\u00e9s qui ont trait \u00e0 la vie quotidienne et les conditions auxquelles ces activit\u00e9s doivent r\u00e9pondre pour \u00eatre consid\u00e9r\u00e9es comme telles.<\/p>\n<p>Les actes de la vie quotidienne peuvent \u00eatre r\u00e9alis\u00e9s par une personne qui n\u2019est ni une professionnelle ou un professionnel de la sant\u00e9 ni un aidant qualifi\u00e9. Aucune condition de formation ou de d\u00e9l\u00e9gation n\u2019est donc requise.<\/p>\n<p>Exemples\u00a0:<\/p>\n<ul>\n<li>Soins d\u2019hygi\u00e8nes\u00a0;<\/li>\n<li>Prise de temp\u00e9rature\u00a0;<\/li>\n<li>Administration de m\u00e9dicaments, \u00e0 l\u2019exception d\u2019opio\u00efdes, conform\u00e9ment aux instructions reprises dans la notice du m\u00e9dicament ou aux instructions d\u00e9livr\u00e9es par le pharmacien, la pharmacienne, l\u2019infirmier, l&rsquo;infirmi\u00e8re responsable des soins g\u00e9n\u00e9raux ou le m\u00e9decin prescripteur ;<\/li>\n<li>\u2026<\/li>\n<\/ul>\n<p>Pour plus de d\u00e9tails sur la d\u00e9finition, le champ d\u2019application et les conditions des actes de la vie quotidienne, nous vous invitons \u00e0 consulter <a href=\"https:\/\/www.health.belgium.be\/fr\/activites-de-la-vie-quotidienne-avq#un\">la page web du SPF Sant\u00e9 d\u00e9di\u00e9e \u00e0 la th\u00e9matique<\/a>.<\/p>\n<p>Les nouveaux Arr\u00eat\u00e9s vont donc plus loin que le protocole d\u2019accord sign\u00e9 en 2014 puisque dor\u00e9navant certains actes r\u00e9serv\u00e9s jusqu\u2019alors aux professionnelles et professionnels de la sant\u00e9 peuvent \u00eatre pratiqu\u00e9s par un professionnel ou une professionnelle de l\u2019accueil de la petite enfance ou de l&rsquo;ATL sans d\u00e9l\u00e9gation sp\u00e9cifique (il s\u2019agit des actes de la vie quotidienne) et qu\u2019une s\u00e9rie d\u2019autres actes infirmiers peuvent \u00eatre r\u00e9alis\u00e9s par le personnel d\u2019accueil des enfants qui le souhaite sous certaines conditions.<a href=\"#_ftnref1\" name=\"_ftn1\"><\/a><\/p>    <\/div>\n<\/div>\n<!-- \/module text --><!-- module divider -->\n<div  class=\"module tf_mw module-divider tb_h8hi490 dotted   \" style=\"border-width: 1px;border-color: #000;margin-top: 10px;margin-bottom: 20px;\" data-lazy=\"1\">\n    <\/div>\n<!-- \/module divider -->\n<!-- module text -->\n<div  class=\"module module-text tb_3mpw577   \" data-lazy=\"1\">\n        <div  class=\"tb_text_wrap\">\n    <p><a href=\"#_ftnref1\" name=\"_ftn1\">[1]<\/a> <a href=\"https:\/\/www.ejustice.just.fgov.be\/eli\/arrete\/1990\/06\/18\/1990022329\/justel\" target=\"_blank\" rel=\"noopener\">Arr\u00eat\u00e9 royal du 18 juin 1990 portant fixation de la liste des prestations techniques de l\u2019art infirmier et de la liste des actes pouvant \u00eatre confi\u00e9s par un m\u00e9decin ou un dentiste \u00e0 des praticiens de l\u2019art infirmier, ainsi que des modalit\u00e9s d\u2019ex\u00e9cution relatives \u00e0 ces prestations et \u00e0 ces actes et des conditions de qualification auxquelles les praticiens de l\u2019art infirmier doivent r\u00e9pondre.<\/a><\/p>\n<p><a href=\"#_ftnref2\" name=\"_ftn2\">[2]<\/a> <a href=\"https:\/\/organesdeconcertation.sante.belgique.be\/fr\/documents\/protocole-daccord-soins-pour-enfants-24-02-2014\" target=\"_blank\" rel=\"noopener\">Protocole d\u2019accord du 24 f\u00e9vrier 2014 concernant la relation entre les personnes autoris\u00e9es par l\u2019Office de la Naissance et de l\u2019Enfance, les personnes employ\u00e9es dans une garderie autoris\u00e9e ou agr\u00e9\u00e9e par Kind &amp; Gezin ou une garderie avec une attestation de surveillance de Kind &amp; Gezin, les personnes ind\u00e9pendantes ou actives au sein de services agr\u00e9\u00e9s par la Communaut\u00e9 Germanophone et les professionnels de la sant\u00e9.<\/a><\/p>\n<p><a href=\"#_ftnref3\" name=\"_ftn3\">[3]<\/a> <a href=\"https:\/\/www.ejustice.just.fgov.be\/cgi_loi\/article.pl?language=fr&amp;sum_date=&amp;pd_search=2024-03-08&amp;numac_search=2024001909&amp;page=1&amp;lg_txt=F&amp;caller=list&amp;2024001909=1&amp;trier=promulgation&amp;dt=ARRETE+ROYAL&amp;ddd=2024-02-29&amp;fr=f&amp;choix1=et\" target=\"_blank\" rel=\"noopener\">Arr\u00eat\u00e9 royal du 29 f\u00e9vrier 2024 fixant la date d&rsquo;entr\u00e9e en vigueur de la loi du 11 juin 2023 modifiant l&rsquo;article 124, 1\u00b0, de la loi relative \u00e0 l&rsquo;exercice des professions des soins de sant\u00e9, coordonn\u00e9e le 10 mai 2015, en vue d&rsquo;y adapter la l\u00e9gislation relative \u00e0 l&rsquo;exercice de prestations techniques infirmi\u00e8res par un aidant proche ou par un aidant qualifi\u00e9, et fixant la liste des prestations techniques de l&rsquo;art infirmier pouvant \u00eatre autoris\u00e9es \u00e0 un aidant qualifi\u00e9, ainsi que leurs conditions d&rsquo;exercice et les conditions de formation requises pour cette autorisation<\/a><span style=\"color: #de3333;\">.<\/span><\/p>\n<p><a href=\"#_ftnref4\" name=\"_ftn3\">[4] <\/a><a href=\"https:\/\/www.ejustice.just.fgov.be\/eli\/arrete\/2024\/02\/29\/2024001930\/justel\" target=\"_blank\" rel=\"noopener\">Arr\u00eat\u00e9 royal du 29 f\u00e9vrier 2024 fixant la liste des activit\u00e9s qui ont trait \u00e0 la vie quotidienne et les conditions auxquelles ces activit\u00e9s doivent r\u00e9pondre pour \u00eatre consid\u00e9r\u00e9es comme telles.<\/a><\/p>    <\/div>\n<\/div>\n<!-- \/module text --><!-- module divider -->\n<div  class=\"module tf_mw module-divider tb_4mjh22 dotted   \" style=\"border-width: 1px;border-color: #000;margin-top: 10px;margin-bottom: 20px;\" data-lazy=\"1\">\n    <\/div>\n<!-- \/module divider -->\n<!-- module box -->\n<div  class=\"module module-box tb_ilwv219 \" data-lazy=\"1\">\n        <div class=\"module-box-content ui  tb_default_color \">\n\t\t\t\t<div class=\"tb_text_wrap\"><p>Pour aller plus loin :<\/p>\n<ul>\n<li style=\"list-style-type: none;\">\n<ul>\n<li>\n<p><a href=\"https:\/\/www.ejustice.just.fgov.be\/cgi_loi\/article.pl?language=fr&amp;sum_date=&amp;pd_search=1990-07-26&amp;numac_search=1990022329&amp;page=1&amp;lg_txt=F&amp;caller=list&amp;1990022329=3&amp;trier=promulgation&amp;dt=ARRETE+ROYAL&amp;ddd=1990-06-18&amp;fr=f&amp;choix1=et\" target=\"_blank\" rel=\"noopener\">18 juin 1990. &#8211; Arr\u00eat\u00e9 royal portant fixation de la liste des [prestations techniques de l&rsquo;art infirmier] et de la liste des actes pouvant \u00eatre confi\u00e9s par un m\u00e9decin [ou un dentiste] \u00e0 des praticiens de l&rsquo;art infirmier, ainsi que des modalit\u00e9s d&rsquo;ex\u00e9cution relatives \u00e0 ces prestations et \u00e0 ces actes et des conditions de qualification auxquelles les praticiens de l&rsquo;art infirmier doivent r\u00e9pondre.<\/a><\/p>\n<\/li>\n<li>\n<p><a href=\"https:\/\/organesdeconcertation.sante.belgique.be\/fr\/documents\/protocole-daccord-soins-pour-enfants-24-02-2014\" target=\"_blank\" rel=\"noopener\">Protocole d\u2019accord du 24 f\u00e9vrier 2014<\/a>\u00a0<\/p>\n<\/li>\n<li>\n<p><a href=\"https:\/\/www.ejustice.just.fgov.be\/eli\/arrete\/2024\/02\/29\/2024001909\/justel\" target=\"_blank\" rel=\"noopener\">Arr\u00eat\u00e9 royal du 29 f\u00e9vrier 2024 \u00ab\u00a0aidants qualifi\u00e9s\u00a0\u00bb<\/a><\/p>\n<\/li>\n<li><a href=\"https:\/\/www.ejustice.just.fgov.be\/eli\/arrete\/2024\/02\/29\/2024001930\/justel\" target=\"_blank\" rel=\"noopener\">Arr\u00eat\u00e9 royal du 29 f\u00e9vrier 2024 \u00ab\u00a0actes de la vie quotidienne\u00a0\u00bb<\/a><\/li>\n<li>\n<p>Page web\u00a0: <a href=\"https:\/\/www.health.belgium.be\/fr\/aidant-qualifie#deux\" target=\"_blank\" rel=\"noopener\">https:\/\/www.health.belgium.be\/fr\/aidant-qualifie#deux<\/a><\/p>\n<\/li>\n<li>\n<p>Page web\u00a0: <a href=\"https:\/\/www.health.belgium.be\/fr\/activites-de-la-vie-quotidienne-avq\" target=\"_blank\" rel=\"noopener\">https:\/\/www.health.belgium.be\/fr\/activites-de-la-vie-quotidienne-avq<\/a><\/p>\n<\/li>\n<li>\n<p><a href=\"https:\/\/www.one.be\/fileadmin\/user_upload\/siteone\/PRO\/Milieux_accueil\/Flash_accueil\/Guide-juridique\/FA21-protocole-soins-sante-ma.pdf\" target=\"_blank\" rel=\"noopener\">Extrait Flash-accueil 21-2014<\/a>\u00a0<\/p>\n<\/li>\n<li><a href=\"https:\/\/www.fileasbl.be\/membres\/wp-content\/uploads\/2024\/06\/Communication-a-propos-du-statut-daidant-qualifie-aux-operateurs-accueil-temps-libre-1.pdf\" target=\"_blank\" rel=\"noopener\">Communication ONE ATL du 22 avril 2024<\/a><\/li>\n<\/ul>\n<\/li>\n<\/ul><\/div>\n    <\/div>\n<\/div>\n<!-- \/module box -->\n\t        <\/div>\n\t    \t<\/div>\n\t\t    <\/div>\n\t    <!-- \/row_inner -->\n\t<\/div>\n\t<!-- \/module_row -->\n\t<\/div>\n<!--\/themify_builder_content-->","protected":false},"excerpt":{"rendered":"<p>Certaines prestations techniques de l\u2019art infirmier sont exclusivement r\u00e9serv\u00e9es aux m\u00e9decins, infirmi\u00e8res et infirmiers. C\u2019est l\u2019Arr\u00eat\u00e9 royal du 18 juin 1990[1] qui \u00e9tablit la liste de ces prestations. En pratique, cela posait difficult\u00e9s puisque certains de ces soins doivent \u00eatre quotidiennement r\u00e9alis\u00e9s par les professionnels et professionnelles du secteur de la petite enfance et de [&hellip;]<\/p>\n","protected":false},"author":2,"featured_media":31561,"comment_status":"open","ping_status":"open","sticky":false,"template":"","format":"standard","meta":{"footnotes":""},"categories":[248,246,299,336],"tags":[],"class_list":["post-31556","post","type-post","status-publish","format-standard","has-post-thumbnail","hentry","category-atl","category-milac","category-notes-juridiques","category-sante","has-post-title","has-post-date","has-post-category","has-post-tag","has-post-comment","has-post-author",""],"yoast_head":"<!-- This site is optimized with the Yoast SEO plugin v27.5 - https:\/\/yoast.com\/product\/yoast-seo-wordpress\/ -->\n<title>R\u00e9alisation d\u2019actes infirmiers et d\u2019actes de la vie quotidienne dans les structures petite enfance et ATL - Site de la FILE<\/title>\n<meta name=\"robots\" content=\"index, follow, max-snippet:-1, max-image-preview:large, max-video-preview:-1\" \/>\n<link rel=\"canonical\" href=\"https:\/\/www.fileasbl.be\/membres\/realisation-dactes-infirmiers-et-dactes-de-la-vie-quotidienne-dans-les-structures-petite-enfance-et-atl\/\" \/>\n<meta property=\"og:locale\" content=\"fr_FR\" \/>\n<meta property=\"og:type\" content=\"article\" \/>\n<meta property=\"og:title\" content=\"R\u00e9alisation d\u2019actes infirmiers et d\u2019actes de la vie quotidienne dans les structures petite enfance et ATL - Site de la FILE\" \/>\n<meta property=\"og:description\" content=\"Certaines prestations techniques de l\u2019art infirmier sont exclusivement r\u00e9serv\u00e9es aux m\u00e9decins, infirmi\u00e8res et infirmiers. C\u2019est l\u2019Arr\u00eat\u00e9 royal du 18 juin 1990[1] qui \u00e9tablit la liste de ces prestations. En pratique, cela posait difficult\u00e9s puisque certains de ces soins doivent \u00eatre quotidiennement r\u00e9alis\u00e9s par les professionnels et professionnelles du secteur de la petite enfance et de [&hellip;]\" \/>\n<meta property=\"og:url\" content=\"https:\/\/www.fileasbl.be\/membres\/realisation-dactes-infirmiers-et-dactes-de-la-vie-quotidienne-dans-les-structures-petite-enfance-et-atl\/\" \/>\n<meta property=\"og:site_name\" content=\"Site de la FILE\" \/>\n<meta property=\"article:publisher\" content=\"https:\/\/www.facebook.com\/fileasbl\/\" \/>\n<meta property=\"article:published_time\" content=\"2024-06-28T09:26:35+00:00\" \/>\n<meta property=\"article:modified_time\" content=\"2025-09-01T11:27:07+00:00\" \/>\n<meta property=\"og:image\" content=\"https:\/\/www.fileasbl.be\/membres\/wp-content\/uploads\/2024\/06\/Design-sans-titre.png\" \/>\n\t<meta property=\"og:image:width\" content=\"6912\" \/>\n\t<meta property=\"og:image:height\" content=\"3456\" \/>\n\t<meta property=\"og:image:type\" content=\"image\/png\" \/>\n<meta name=\"author\" content=\"Contact FILE\" \/>\n<meta name=\"twitter:card\" content=\"summary_large_image\" \/>\n<meta name=\"twitter:label1\" content=\"\u00c9crit par\" \/>\n\t<meta name=\"twitter:data1\" content=\"Contact FILE\" \/>\n\t<meta name=\"twitter:label2\" content=\"Dur\u00e9e de lecture estim\u00e9e\" \/>\n\t<meta name=\"twitter:data2\" content=\"7 minutes\" \/>\n<script type=\"application\/ld+json\" class=\"yoast-schema-graph\">{\"@context\":\"https:\\\/\\\/schema.org\",\"@graph\":[{\"@type\":\"Article\",\"@id\":\"https:\\\/\\\/www.fileasbl.be\\\/membres\\\/realisation-dactes-infirmiers-et-dactes-de-la-vie-quotidienne-dans-les-structures-petite-enfance-et-atl\\\/#article\",\"isPartOf\":{\"@id\":\"https:\\\/\\\/www.fileasbl.be\\\/membres\\\/realisation-dactes-infirmiers-et-dactes-de-la-vie-quotidienne-dans-les-structures-petite-enfance-et-atl\\\/\"},\"author\":{\"name\":\"Contact FILE\",\"@id\":\"https:\\\/\\\/www.fileasbl.be\\\/membres\\\/#\\\/schema\\\/person\\\/5954a0c68c3a6f92f805465caa00d25f\"},\"headline\":\"R\u00e9alisation d\u2019actes infirmiers et d\u2019actes de la vie quotidienne dans les structures petite enfance et ATL\",\"datePublished\":\"2024-06-28T09:26:35+00:00\",\"dateModified\":\"2025-09-01T11:27:07+00:00\",\"mainEntityOfPage\":{\"@id\":\"https:\\\/\\\/www.fileasbl.be\\\/membres\\\/realisation-dactes-infirmiers-et-dactes-de-la-vie-quotidienne-dans-les-structures-petite-enfance-et-atl\\\/\"},\"wordCount\":1489,\"commentCount\":0,\"image\":{\"@id\":\"https:\\\/\\\/www.fileasbl.be\\\/membres\\\/realisation-dactes-infirmiers-et-dactes-de-la-vie-quotidienne-dans-les-structures-petite-enfance-et-atl\\\/#primaryimage\"},\"thumbnailUrl\":\"https:\\\/\\\/www.fileasbl.be\\\/membres\\\/wp-content\\\/uploads\\\/2024\\\/06\\\/Design-sans-titre.png\",\"articleSection\":[\"ATL\",\"Milieu d'accueil 0-3 ans\",\"Notes juridiques\",\"Sant\u00e9\"],\"inLanguage\":\"fr-FR\",\"potentialAction\":[{\"@type\":\"CommentAction\",\"name\":\"Comment\",\"target\":[\"https:\\\/\\\/www.fileasbl.be\\\/membres\\\/realisation-dactes-infirmiers-et-dactes-de-la-vie-quotidienne-dans-les-structures-petite-enfance-et-atl\\\/#respond\"]}]},{\"@type\":\"WebPage\",\"@id\":\"https:\\\/\\\/www.fileasbl.be\\\/membres\\\/realisation-dactes-infirmiers-et-dactes-de-la-vie-quotidienne-dans-les-structures-petite-enfance-et-atl\\\/\",\"url\":\"https:\\\/\\\/www.fileasbl.be\\\/membres\\\/realisation-dactes-infirmiers-et-dactes-de-la-vie-quotidienne-dans-les-structures-petite-enfance-et-atl\\\/\",\"name\":\"R\u00e9alisation d\u2019actes infirmiers et d\u2019actes de la vie quotidienne dans les structures petite enfance et ATL - Site de la FILE\",\"isPartOf\":{\"@id\":\"https:\\\/\\\/www.fileasbl.be\\\/membres\\\/#website\"},\"primaryImageOfPage\":{\"@id\":\"https:\\\/\\\/www.fileasbl.be\\\/membres\\\/realisation-dactes-infirmiers-et-dactes-de-la-vie-quotidienne-dans-les-structures-petite-enfance-et-atl\\\/#primaryimage\"},\"image\":{\"@id\":\"https:\\\/\\\/www.fileasbl.be\\\/membres\\\/realisation-dactes-infirmiers-et-dactes-de-la-vie-quotidienne-dans-les-structures-petite-enfance-et-atl\\\/#primaryimage\"},\"thumbnailUrl\":\"https:\\\/\\\/www.fileasbl.be\\\/membres\\\/wp-content\\\/uploads\\\/2024\\\/06\\\/Design-sans-titre.png\",\"datePublished\":\"2024-06-28T09:26:35+00:00\",\"dateModified\":\"2025-09-01T11:27:07+00:00\",\"author\":{\"@id\":\"https:\\\/\\\/www.fileasbl.be\\\/membres\\\/#\\\/schema\\\/person\\\/5954a0c68c3a6f92f805465caa00d25f\"},\"breadcrumb\":{\"@id\":\"https:\\\/\\\/www.fileasbl.be\\\/membres\\\/realisation-dactes-infirmiers-et-dactes-de-la-vie-quotidienne-dans-les-structures-petite-enfance-et-atl\\\/#breadcrumb\"},\"inLanguage\":\"fr-FR\",\"potentialAction\":[{\"@type\":\"ReadAction\",\"target\":[\"https:\\\/\\\/www.fileasbl.be\\\/membres\\\/realisation-dactes-infirmiers-et-dactes-de-la-vie-quotidienne-dans-les-structures-petite-enfance-et-atl\\\/\"]}]},{\"@type\":\"ImageObject\",\"inLanguage\":\"fr-FR\",\"@id\":\"https:\\\/\\\/www.fileasbl.be\\\/membres\\\/realisation-dactes-infirmiers-et-dactes-de-la-vie-quotidienne-dans-les-structures-petite-enfance-et-atl\\\/#primaryimage\",\"url\":\"https:\\\/\\\/www.fileasbl.be\\\/membres\\\/wp-content\\\/uploads\\\/2024\\\/06\\\/Design-sans-titre.png\",\"contentUrl\":\"https:\\\/\\\/www.fileasbl.be\\\/membres\\\/wp-content\\\/uploads\\\/2024\\\/06\\\/Design-sans-titre.png\",\"width\":6912,\"height\":3456},{\"@type\":\"BreadcrumbList\",\"@id\":\"https:\\\/\\\/www.fileasbl.be\\\/membres\\\/realisation-dactes-infirmiers-et-dactes-de-la-vie-quotidienne-dans-les-structures-petite-enfance-et-atl\\\/#breadcrumb\",\"itemListElement\":[{\"@type\":\"ListItem\",\"position\":1,\"name\":\"Accueil\",\"item\":\"https:\\\/\\\/www.fileasbl.be\\\/membres\\\/\"},{\"@type\":\"ListItem\",\"position\":2,\"name\":\"R\u00e9alisation d\u2019actes infirmiers et d\u2019actes de la vie quotidienne dans les structures petite enfance et ATL\"}]},{\"@type\":\"WebSite\",\"@id\":\"https:\\\/\\\/www.fileasbl.be\\\/membres\\\/#website\",\"url\":\"https:\\\/\\\/www.fileasbl.be\\\/membres\\\/\",\"name\":\"Site de la FILE\",\"description\":\"FILE Un accueil de qualit\u00e9 accessible \u00e0 tous\",\"potentialAction\":[{\"@type\":\"SearchAction\",\"target\":{\"@type\":\"EntryPoint\",\"urlTemplate\":\"https:\\\/\\\/www.fileasbl.be\\\/membres\\\/?s={search_term_string}\"},\"query-input\":{\"@type\":\"PropertyValueSpecification\",\"valueRequired\":true,\"valueName\":\"search_term_string\"}}],\"inLanguage\":\"fr-FR\"},{\"@type\":\"Person\",\"@id\":\"https:\\\/\\\/www.fileasbl.be\\\/membres\\\/#\\\/schema\\\/person\\\/5954a0c68c3a6f92f805465caa00d25f\",\"name\":\"Contact FILE\",\"url\":\"https:\\\/\\\/www.fileasbl.be\\\/membres\\\/author\\\/contactfile\\\/\"}]}<\/script>\n<!-- \/ Yoast SEO plugin. -->","yoast_head_json":{"title":"R\u00e9alisation d\u2019actes infirmiers et d\u2019actes de la vie quotidienne dans les structures petite enfance et ATL - Site de la FILE","robots":{"index":"index","follow":"follow","max-snippet":"max-snippet:-1","max-image-preview":"max-image-preview:large","max-video-preview":"max-video-preview:-1"},"canonical":"https:\/\/www.fileasbl.be\/membres\/realisation-dactes-infirmiers-et-dactes-de-la-vie-quotidienne-dans-les-structures-petite-enfance-et-atl\/","og_locale":"fr_FR","og_type":"article","og_title":"R\u00e9alisation d\u2019actes infirmiers et d\u2019actes de la vie quotidienne dans les structures petite enfance et ATL - Site de la FILE","og_description":"Certaines prestations techniques de l\u2019art infirmier sont exclusivement r\u00e9serv\u00e9es aux m\u00e9decins, infirmi\u00e8res et infirmiers. C\u2019est l\u2019Arr\u00eat\u00e9 royal du 18 juin 1990[1] qui \u00e9tablit la liste de ces prestations. En pratique, cela posait difficult\u00e9s puisque certains de ces soins doivent \u00eatre quotidiennement r\u00e9alis\u00e9s par les professionnels et professionnelles du secteur de la petite enfance et de [&hellip;]","og_url":"https:\/\/www.fileasbl.be\/membres\/realisation-dactes-infirmiers-et-dactes-de-la-vie-quotidienne-dans-les-structures-petite-enfance-et-atl\/","og_site_name":"Site de la FILE","article_publisher":"https:\/\/www.facebook.com\/fileasbl\/","article_published_time":"2024-06-28T09:26:35+00:00","article_modified_time":"2025-09-01T11:27:07+00:00","og_image":[{"width":6912,"height":3456,"url":"https:\/\/www.fileasbl.be\/membres\/wp-content\/uploads\/2024\/06\/Design-sans-titre.png","type":"image\/png"}],"author":"Contact FILE","twitter_card":"summary_large_image","twitter_misc":{"\u00c9crit par":"Contact FILE","Dur\u00e9e de lecture estim\u00e9e":"7 minutes"},"schema":{"@context":"https:\/\/schema.org","@graph":[{"@type":"Article","@id":"https:\/\/www.fileasbl.be\/membres\/realisation-dactes-infirmiers-et-dactes-de-la-vie-quotidienne-dans-les-structures-petite-enfance-et-atl\/#article","isPartOf":{"@id":"https:\/\/www.fileasbl.be\/membres\/realisation-dactes-infirmiers-et-dactes-de-la-vie-quotidienne-dans-les-structures-petite-enfance-et-atl\/"},"author":{"name":"Contact FILE","@id":"https:\/\/www.fileasbl.be\/membres\/#\/schema\/person\/5954a0c68c3a6f92f805465caa00d25f"},"headline":"R\u00e9alisation d\u2019actes infirmiers et d\u2019actes de la vie quotidienne dans les structures petite enfance et ATL","datePublished":"2024-06-28T09:26:35+00:00","dateModified":"2025-09-01T11:27:07+00:00","mainEntityOfPage":{"@id":"https:\/\/www.fileasbl.be\/membres\/realisation-dactes-infirmiers-et-dactes-de-la-vie-quotidienne-dans-les-structures-petite-enfance-et-atl\/"},"wordCount":1489,"commentCount":0,"image":{"@id":"https:\/\/www.fileasbl.be\/membres\/realisation-dactes-infirmiers-et-dactes-de-la-vie-quotidienne-dans-les-structures-petite-enfance-et-atl\/#primaryimage"},"thumbnailUrl":"https:\/\/www.fileasbl.be\/membres\/wp-content\/uploads\/2024\/06\/Design-sans-titre.png","articleSection":["ATL","Milieu d'accueil 0-3 ans","Notes juridiques","Sant\u00e9"],"inLanguage":"fr-FR","potentialAction":[{"@type":"CommentAction","name":"Comment","target":["https:\/\/www.fileasbl.be\/membres\/realisation-dactes-infirmiers-et-dactes-de-la-vie-quotidienne-dans-les-structures-petite-enfance-et-atl\/#respond"]}]},{"@type":"WebPage","@id":"https:\/\/www.fileasbl.be\/membres\/realisation-dactes-infirmiers-et-dactes-de-la-vie-quotidienne-dans-les-structures-petite-enfance-et-atl\/","url":"https:\/\/www.fileasbl.be\/membres\/realisation-dactes-infirmiers-et-dactes-de-la-vie-quotidienne-dans-les-structures-petite-enfance-et-atl\/","name":"R\u00e9alisation d\u2019actes infirmiers et d\u2019actes de la vie quotidienne dans les structures petite enfance et ATL - Site de la FILE","isPartOf":{"@id":"https:\/\/www.fileasbl.be\/membres\/#website"},"primaryImageOfPage":{"@id":"https:\/\/www.fileasbl.be\/membres\/realisation-dactes-infirmiers-et-dactes-de-la-vie-quotidienne-dans-les-structures-petite-enfance-et-atl\/#primaryimage"},"image":{"@id":"https:\/\/www.fileasbl.be\/membres\/realisation-dactes-infirmiers-et-dactes-de-la-vie-quotidienne-dans-les-structures-petite-enfance-et-atl\/#primaryimage"},"thumbnailUrl":"https:\/\/www.fileasbl.be\/membres\/wp-content\/uploads\/2024\/06\/Design-sans-titre.png","datePublished":"2024-06-28T09:26:35+00:00","dateModified":"2025-09-01T11:27:07+00:00","author":{"@id":"https:\/\/www.fileasbl.be\/membres\/#\/schema\/person\/5954a0c68c3a6f92f805465caa00d25f"},"breadcrumb":{"@id":"https:\/\/www.fileasbl.be\/membres\/realisation-dactes-infirmiers-et-dactes-de-la-vie-quotidienne-dans-les-structures-petite-enfance-et-atl\/#breadcrumb"},"inLanguage":"fr-FR","potentialAction":[{"@type":"ReadAction","target":["https:\/\/www.fileasbl.be\/membres\/realisation-dactes-infirmiers-et-dactes-de-la-vie-quotidienne-dans-les-structures-petite-enfance-et-atl\/"]}]},{"@type":"ImageObject","inLanguage":"fr-FR","@id":"https:\/\/www.fileasbl.be\/membres\/realisation-dactes-infirmiers-et-dactes-de-la-vie-quotidienne-dans-les-structures-petite-enfance-et-atl\/#primaryimage","url":"https:\/\/www.fileasbl.be\/membres\/wp-content\/uploads\/2024\/06\/Design-sans-titre.png","contentUrl":"https:\/\/www.fileasbl.be\/membres\/wp-content\/uploads\/2024\/06\/Design-sans-titre.png","width":6912,"height":3456},{"@type":"BreadcrumbList","@id":"https:\/\/www.fileasbl.be\/membres\/realisation-dactes-infirmiers-et-dactes-de-la-vie-quotidienne-dans-les-structures-petite-enfance-et-atl\/#breadcrumb","itemListElement":[{"@type":"ListItem","position":1,"name":"Accueil","item":"https:\/\/www.fileasbl.be\/membres\/"},{"@type":"ListItem","position":2,"name":"R\u00e9alisation d\u2019actes infirmiers et d\u2019actes de la vie quotidienne dans les structures petite enfance et ATL"}]},{"@type":"WebSite","@id":"https:\/\/www.fileasbl.be\/membres\/#website","url":"https:\/\/www.fileasbl.be\/membres\/","name":"Site de la FILE","description":"FILE Un accueil de qualit\u00e9 accessible \u00e0 tous","potentialAction":[{"@type":"SearchAction","target":{"@type":"EntryPoint","urlTemplate":"https:\/\/www.fileasbl.be\/membres\/?s={search_term_string}"},"query-input":{"@type":"PropertyValueSpecification","valueRequired":true,"valueName":"search_term_string"}}],"inLanguage":"fr-FR"},{"@type":"Person","@id":"https:\/\/www.fileasbl.be\/membres\/#\/schema\/person\/5954a0c68c3a6f92f805465caa00d25f","name":"Contact FILE","url":"https:\/\/www.fileasbl.be\/membres\/author\/contactfile\/"}]}},"builder_content":"<img loading=\"lazy\" decoding=\"async\" width=\"6912\" height=\"3456\" src=\"https:\/\/www.fileasbl.be\/membres\/wp-content\/uploads\/2024\/06\/Design-sans-titre.png\" title=\"Design sans titre\" alt=\"Design sans titre\" srcset=\"https:\/\/www.fileasbl.be\/membres\/wp-content\/uploads\/2024\/06\/Design-sans-titre.png 6912w, https:\/\/www.fileasbl.be\/membres\/wp-content\/uploads\/2024\/06\/Design-sans-titre-1024x512-300x150.png 300w, https:\/\/www.fileasbl.be\/membres\/wp-content\/uploads\/2024\/06\/Design-sans-titre-1024x512.png 1024w, https:\/\/www.fileasbl.be\/membres\/wp-content\/uploads\/2024\/06\/Design-sans-titre-768x384.png 768w, https:\/\/www.fileasbl.be\/membres\/wp-content\/uploads\/2024\/06\/Design-sans-titre-1536x768.png 1536w, https:\/\/www.fileasbl.be\/membres\/wp-content\/uploads\/2024\/06\/Design-sans-titre-2048x1024.png 2048w, https:\/\/www.fileasbl.be\/membres\/wp-content\/uploads\/2024\/06\/Design-sans-titre-1024x512-400x200.png 400w, https:\/\/www.fileasbl.be\/membres\/wp-content\/uploads\/2024\/06\/Design-sans-titre-1024x512-350x175.png 350w\" sizes=\"auto, (max-width: 6912px) 100vw, 6912px\" \/>\n\n<p>Certaines prestations techniques de l\u2019art infirmier sont exclusivement r\u00e9serv\u00e9es aux m\u00e9decins, infirmi\u00e8res et infirmiers. C\u2019est l\u2019Arr\u00eat\u00e9 royal du 18 juin 1990<a href=\"#_ftn1\" name=\"_ftnref1\">[1]<\/a> qui \u00e9tablit la liste de ces prestations.<\/p> <p>En pratique, cela posait difficult\u00e9s puisque certains de ces soins doivent \u00eatre quotidiennement r\u00e9alis\u00e9s par les professionnels et professionnelles du secteur de la petite enfance et de l'ATL.<\/p> <p>Pour cette raison, <strong><u>un protocole d\u2019accord avait \u00e9t\u00e9 sign\u00e9 le 24 f\u00e9vrier 2014<a href=\"#_ftn2\" name=\"_ftnref2\">[2]<\/a><\/u><\/strong> entre les Ministres de la sant\u00e9 de l\u2019Etat f\u00e9d\u00e9ral, des Communaut\u00e9s et des R\u00e9gions. Ce protocole portait entre autres sur les points d\u2019accord suivants\u00a0:<\/p> <ol> <li>Les <strong>activit\u00e9s de soutien aux activit\u00e9s de la vie quotidienne<\/strong>, qui pourraient \u00eatre \u00e9galement effectu\u00e9es par l\u2019entourage, peuvent \u00eatre effectu\u00e9es de mani\u00e8re autonome par le personnel de l\u2019enfance (ATL et petite enfance).<\/li> <\/ol> <p>Sont vis\u00e9s par exemple :<\/p> <ul> <li>Utilisation de s\u00e9rum physiologique pour d\u00e9gager le nez d\u2019un b\u00e9b\u00e9<\/li> <li>Application d'une cr\u00e8me de change<\/li> <li>\u2026<\/li> <\/ul> <ol start=\"2\"> <li>Les professionnelles et professionnels de la petite enfance et de l\u2019ATL doivent porter <strong>une attention particuli\u00e8re \u00e0 l\u2019apparition de certains signes caract\u00e9ristiques<\/strong> tels que des signes de rougeur, irritation de la peau, indices de probl\u00e8mes respiratoires, gonflements, l\u00e9sions etc\u2026 Si ces signaux sont observ\u00e9s, les professionnels et professionnelles ont la responsabilit\u00e9 de prendre contact avec les parents ou la personne de r\u00e9f\u00e9rence d\u00e9sign\u00e9e pour leur communiquer les sympt\u00f4mes constat\u00e9s.<\/li> <li><strong>Certaines activit\u00e9s et soins peuvent \u00eatre effectu\u00e9s<\/strong> par les professionnels et professionnelles de la petite enfance et de l\u2019ATL <strong>\u00e0 la condition<\/strong> qu\u2019il existe un accord clair et \u00e9crit avec une professionnelle ou un professionnel de la sant\u00e9 : <ul> <li>Surveiller et signaler les sympt\u00f4mes observables de dysfonctionnements et d\u2019effets secondaires li\u00e9s aux traitements tels que pr\u00e9cis\u00e9s par le m\u00e9decin, l\u2019infirmier ou l'infirmi\u00e8re ;<\/li> <li>Administrer des m\u00e9dicaments oraux, de l\u2019oxyg\u00e8ne, des suppositoires, des a\u00e9rosols, des gouttes auriculaires ou nasales ainsi que de la pommade prescrits par un m\u00e9decin, encourager le respect du traitement et en favoriser la r\u00e9gularit\u00e9\u00a0;<\/li> <li>Installer un enfant dans un appareillage adapt\u00e9 \u00e0 ses besoins\u00a0;<\/li> <li>Prendre en charge un enfant sous monitoring cardio-respiratoire.<\/li> <\/ul> <\/li> <\/ol> <ol start=\"4\"> <li><strong>Porter assistance \u00e0 une personne en danger<\/strong> ne rel\u00e8ve pas de l\u2019exercice ill\u00e9gal d\u2019une profession de soins de sant\u00e9. Toute d\u00e9gradation de l\u2019\u00e9tat de sant\u00e9 d\u2019une personne qui semble n\u00e9cessiter une intervention urgente doit mener \u00e0 contacter le syst\u00e8me d\u2019appels unifi\u00e9 (num\u00e9ro 112) qui \u00e9valuera la situation qui lui est pr\u00e9sent\u00e9e et enverra les moyens ad\u00e9quats.<\/li> <\/ol> <p>Dans le cadre de la r\u00e9forme de l\u2019art infirmier, <strong>deux Arr\u00eat\u00e9s royaux du 29 f\u00e9vrier 2024<\/strong> sont encore venus \u00e9tendre les possibilit\u00e9s de r\u00e9alisation d\u2019actes infirmiers au sein des structures de l\u2019accueil de la petite enfance et de l'ATL:<\/p> <ol> <li><strong><u>Aidant qualifi\u00e9<\/u><\/strong><\/li> <\/ol> <p>Un premier Arr\u00eat\u00e9 royal<a href=\"#_ftn3\" name=\"_ftnref3\">[3]<\/a> \u00e9tablit une liste de prestations qui, sous conditions, peuvent \u00eatre accomplies par une personne que l'on appelle \u00ab aidant qualifi\u00e9 \u00bb.<\/p> <p>L\u2019 aidant qualifi\u00e9 est une personne qui n\u2019est pas infirmi\u00e8re ou infirmier mais qui peut effectuer un ou plusieurs actes infirmiers dans le cadre de sa profession ou d'une activit\u00e9 b\u00e9n\u00e9vole, en dehors d'un \u00e9tablissement de soins. L\u2019aidant qualifi\u00e9, sur respect d\u2019un certain nombre de conditions, est prot\u00e9g\u00e9 par la loi pour r\u00e9aliser un ou plusieurs actes infirmiers bien d\u00e9finis dans l'int\u00e9r\u00eat des patients (source: <a href=\"https:\/\/www.health.belgium.be\/fr\/aidant-qualifie\">https:\/\/www.health.belgium.be\/fr\/aidant-qualifie<\/a>).<\/p> <p>Un professionnel ou une professionnelle de la petite enfance et de l'ATL qui est d\u2019accord d\u2019apporter certains soins infirmiers \u00e0 un enfant peut donc \u00e0 pr\u00e9sent, sur base de cet arr\u00eat\u00e9, devenir aidant qualifi\u00e9 le temps de l\u2019accueil de cet enfant.<\/p> <p>Les conditions \u00e0 respecter sont d\u00e9taill\u00e9es<a href=\"https:\/\/www.ejustice.just.fgov.be\/eli\/arrete\/2024\/02\/29\/2024001909\/justel\" target=\"_blank\" rel=\"noopener\"> dans l\u2019arr\u00eat\u00e9<\/a> ainsi que <a href=\"https:\/\/www.health.belgium.be\/fr\/aidant-qualifie\" target=\"_blank\" rel=\"noopener\">sur la page web<\/a>. L'aidant qualifi\u00e9 doit notamment :<\/p> <ul> <li>Avoir marqu\u00e9 son accord pour pratiquer l\u2019acte infirmier ;<\/li> <li>Suivre une formation \u00e0 la r\u00e9alisation de l\u2019acte infirmier ou recevoir les instructions n\u00e9cessaires pour agir correctement et en toute s\u00e9curit\u00e9 ;<\/li> <li>\u00catre en possession d\u2019une d\u00e9l\u00e9gation d\u2019une professionnelle ou d'un professionnel de la sant\u00e9 ;<\/li> <li>Disposer du consentement \u00e9crit du repr\u00e9sentant l\u00e9gal de l\u2019enfant.<\/li> <\/ul> <p>Les prestations vis\u00e9es concernent par exemple\u00a0:<\/p> <ul> <li>Mesure de param\u00e8tres (quantit\u00e9 d\u2019urine et de selles, apport hydriques et aliments,\u2026)<\/li> <li>Administration de m\u00e9dicaments par voie sous-cutan\u00e9e\u00a0;<\/li> <li>Aspirer ou surveiller les voies respiratoires\u00a0;<\/li> <li>\u2026.<\/li> <\/ul> <p>La liste compl\u00e8te des prestations concern\u00e9es par cet Arr\u00eat\u00e9 est d\u00e9taill\u00e9e dans<a href=\"https:\/\/www.health.belgium.be\/nl\/node\/45078\"> ce document.<\/a><\/p> <ol start=\"2\"> <li><strong><u>Activit\u00e9s de la vie quotidienne<\/u><\/strong><\/li> <\/ol> <p>Un deuxi\u00e8me Arr\u00eat\u00e9 royal <a href=\"#_ftn4\" name=\"_ftnref3\">[4]<\/a> fixe la liste des activit\u00e9s qui ont trait \u00e0 la vie quotidienne et les conditions auxquelles ces activit\u00e9s doivent r\u00e9pondre pour \u00eatre consid\u00e9r\u00e9es comme telles.<\/p> <p>Les actes de la vie quotidienne peuvent \u00eatre r\u00e9alis\u00e9s par une personne qui n\u2019est ni une professionnelle ou un professionnel de la sant\u00e9 ni un aidant qualifi\u00e9. Aucune condition de formation ou de d\u00e9l\u00e9gation n\u2019est donc requise.<\/p> <p>Exemples\u00a0:<\/p> <ul> <li>Soins d\u2019hygi\u00e8nes\u00a0;<\/li> <li>Prise de temp\u00e9rature\u00a0;<\/li> <li>Administration de m\u00e9dicaments, \u00e0 l\u2019exception d\u2019opio\u00efdes, conform\u00e9ment aux instructions reprises dans la notice du m\u00e9dicament ou aux instructions d\u00e9livr\u00e9es par le pharmacien, la pharmacienne, l\u2019infirmier, l'infirmi\u00e8re responsable des soins g\u00e9n\u00e9raux ou le m\u00e9decin prescripteur ;<\/li> <li>\u2026<\/li> <\/ul> <p>Pour plus de d\u00e9tails sur la d\u00e9finition, le champ d\u2019application et les conditions des actes de la vie quotidienne, nous vous invitons \u00e0 consulter <a href=\"https:\/\/www.health.belgium.be\/fr\/activites-de-la-vie-quotidienne-avq#un\">la page web du SPF Sant\u00e9 d\u00e9di\u00e9e \u00e0 la th\u00e9matique<\/a>.<\/p> <p>Les nouveaux Arr\u00eat\u00e9s vont donc plus loin que le protocole d\u2019accord sign\u00e9 en 2014 puisque dor\u00e9navant certains actes r\u00e9serv\u00e9s jusqu\u2019alors aux professionnelles et professionnels de la sant\u00e9 peuvent \u00eatre pratiqu\u00e9s par un professionnel ou une professionnelle de l\u2019accueil de la petite enfance ou de l'ATL sans d\u00e9l\u00e9gation sp\u00e9cifique (il s\u2019agit des actes de la vie quotidienne) et qu\u2019une s\u00e9rie d\u2019autres actes infirmiers peuvent \u00eatre r\u00e9alis\u00e9s par le personnel d\u2019accueil des enfants qui le souhaite sous certaines conditions.<a href=\"#_ftnref1\" name=\"_ftn1\"><\/a><\/p>\n\n<p><a href=\"#_ftnref1\" name=\"_ftn1\">[1]<\/a> <a href=\"https:\/\/www.ejustice.just.fgov.be\/eli\/arrete\/1990\/06\/18\/1990022329\/justel\" target=\"_blank\" rel=\"noopener\">Arr\u00eat\u00e9 royal du 18 juin 1990 portant fixation de la liste des prestations techniques de l\u2019art infirmier et de la liste des actes pouvant \u00eatre confi\u00e9s par un m\u00e9decin ou un dentiste \u00e0 des praticiens de l\u2019art infirmier, ainsi que des modalit\u00e9s d\u2019ex\u00e9cution relatives \u00e0 ces prestations et \u00e0 ces actes et des conditions de qualification auxquelles les praticiens de l\u2019art infirmier doivent r\u00e9pondre.<\/a><\/p> <p><a href=\"#_ftnref2\" name=\"_ftn2\">[2]<\/a> <a href=\"https:\/\/organesdeconcertation.sante.belgique.be\/fr\/documents\/protocole-daccord-soins-pour-enfants-24-02-2014\" target=\"_blank\" rel=\"noopener\">Protocole d\u2019accord du 24 f\u00e9vrier 2014 concernant la relation entre les personnes autoris\u00e9es par l\u2019Office de la Naissance et de l\u2019Enfance, les personnes employ\u00e9es dans une garderie autoris\u00e9e ou agr\u00e9\u00e9e par Kind &amp; Gezin ou une garderie avec une attestation de surveillance de Kind &amp; Gezin, les personnes ind\u00e9pendantes ou actives au sein de services agr\u00e9\u00e9s par la Communaut\u00e9 Germanophone et les professionnels de la sant\u00e9.<\/a><\/p> <p><a href=\"#_ftnref3\" name=\"_ftn3\">[3]<\/a> <a href=\"https:\/\/www.ejustice.just.fgov.be\/cgi_loi\/article.pl?language=fr&amp;sum_date=&amp;pd_search=2024-03-08&amp;numac_search=2024001909&amp;page=1&amp;lg_txt=F&amp;caller=list&amp;2024001909=1&amp;trier=promulgation&amp;dt=ARRETE+ROYAL&amp;ddd=2024-02-29&amp;fr=f&amp;choix1=et\" target=\"_blank\" rel=\"noopener\">Arr\u00eat\u00e9 royal du 29 f\u00e9vrier 2024 fixant la date d'entr\u00e9e en vigueur de la loi du 11 juin 2023 modifiant l'article 124, 1\u00b0, de la loi relative \u00e0 l'exercice des professions des soins de sant\u00e9, coordonn\u00e9e le 10 mai 2015, en vue d'y adapter la l\u00e9gislation relative \u00e0 l'exercice de prestations techniques infirmi\u00e8res par un aidant proche ou par un aidant qualifi\u00e9, et fixant la liste des prestations techniques de l'art infirmier pouvant \u00eatre autoris\u00e9es \u00e0 un aidant qualifi\u00e9, ainsi que leurs conditions d'exercice et les conditions de formation requises pour cette autorisation<\/a>.<\/p> <p><a href=\"#_ftnref4\" name=\"_ftn3\">[4] <\/a><a href=\"https:\/\/www.ejustice.just.fgov.be\/eli\/arrete\/2024\/02\/29\/2024001930\/justel\" target=\"_blank\" rel=\"noopener\">Arr\u00eat\u00e9 royal du 29 f\u00e9vrier 2024 fixant la liste des activit\u00e9s qui ont trait \u00e0 la vie quotidienne et les conditions auxquelles ces activit\u00e9s doivent r\u00e9pondre pour \u00eatre consid\u00e9r\u00e9es comme telles.<\/a><\/p>\n\n<p>Pour aller plus loin :<\/p> <ul> <li style=\"list-style-type: none;\"> <ul> <li> <p><a href=\"https:\/\/www.ejustice.just.fgov.be\/cgi_loi\/article.pl?language=fr&amp;sum_date=&amp;pd_search=1990-07-26&amp;numac_search=1990022329&amp;page=1&amp;lg_txt=F&amp;caller=list&amp;1990022329=3&amp;trier=promulgation&amp;dt=ARRETE+ROYAL&amp;ddd=1990-06-18&amp;fr=f&amp;choix1=et\" target=\"_blank\" rel=\"noopener\">18 juin 1990. - Arr\u00eat\u00e9 royal portant fixation de la liste des [prestations techniques de l'art infirmier] et de la liste des actes pouvant \u00eatre confi\u00e9s par un m\u00e9decin [ou un dentiste] \u00e0 des praticiens de l'art infirmier, ainsi que des modalit\u00e9s d'ex\u00e9cution relatives \u00e0 ces prestations et \u00e0 ces actes et des conditions de qualification auxquelles les praticiens de l'art infirmier doivent r\u00e9pondre.<\/a><\/p> <\/li> <li> <p><a href=\"https:\/\/organesdeconcertation.sante.belgique.be\/fr\/documents\/protocole-daccord-soins-pour-enfants-24-02-2014\" target=\"_blank\" rel=\"noopener\">Protocole d\u2019accord du 24 f\u00e9vrier 2014<\/a>\u00a0<\/p> <\/li> <li> <p><a href=\"https:\/\/www.ejustice.just.fgov.be\/eli\/arrete\/2024\/02\/29\/2024001909\/justel\" target=\"_blank\" rel=\"noopener\">Arr\u00eat\u00e9 royal du 29 f\u00e9vrier 2024 \"aidants qualifi\u00e9s\"<\/a><\/p> <\/li> <li><a href=\"https:\/\/www.ejustice.just.fgov.be\/eli\/arrete\/2024\/02\/29\/2024001930\/justel\" target=\"_blank\" rel=\"noopener\">Arr\u00eat\u00e9 royal du 29 f\u00e9vrier 2024 \"actes de la vie quotidienne\"<\/a><\/li> <li> <p>Page web\u00a0: <a href=\"https:\/\/www.health.belgium.be\/fr\/aidant-qualifie#deux\" target=\"_blank\" rel=\"noopener\">https:\/\/www.health.belgium.be\/fr\/aidant-qualifie#deux<\/a><\/p> <\/li> <li> <p>Page web\u00a0: <a href=\"https:\/\/www.health.belgium.be\/fr\/activites-de-la-vie-quotidienne-avq\" target=\"_blank\" rel=\"noopener\">https:\/\/www.health.belgium.be\/fr\/activites-de-la-vie-quotidienne-avq<\/a><\/p> <\/li> <li> <p><a href=\"https:\/\/www.one.be\/fileadmin\/user_upload\/siteone\/PRO\/Milieux_accueil\/Flash_accueil\/Guide-juridique\/FA21-protocole-soins-sante-ma.pdf\" target=\"_blank\" rel=\"noopener\">Extrait Flash-accueil 21-2014<\/a>\u00a0<\/p> <\/li> <li><a href=\"https:\/\/www.fileasbl.be\/membres\/wp-content\/uploads\/2024\/06\/Communication-a-propos-du-statut-daidant-qualifie-aux-operateurs-accueil-temps-libre-1.pdf\" target=\"_blank\" rel=\"noopener\">Communication ONE ATL du 22 avril 2024<\/a><\/li> <\/ul> <\/li> <\/ul>","_links":{"self":[{"href":"https:\/\/www.fileasbl.be\/membres\/wp-json\/wp\/v2\/posts\/31556","targetHints":{"allow":["GET"]}}],"collection":[{"href":"https:\/\/www.fileasbl.be\/membres\/wp-json\/wp\/v2\/posts"}],"about":[{"href":"https:\/\/www.fileasbl.be\/membres\/wp-json\/wp\/v2\/types\/post"}],"author":[{"embeddable":true,"href":"https:\/\/www.fileasbl.be\/membres\/wp-json\/wp\/v2\/users\/2"}],"replies":[{"embeddable":true,"href":"https:\/\/www.fileasbl.be\/membres\/wp-json\/wp\/v2\/comments?post=31556"}],"version-history":[{"count":0,"href":"https:\/\/www.fileasbl.be\/membres\/wp-json\/wp\/v2\/posts\/31556\/revisions"}],"wp:featuredmedia":[{"embeddable":true,"href":"https:\/\/www.fileasbl.be\/membres\/wp-json\/wp\/v2\/media\/31561"}],"wp:attachment":[{"href":"https:\/\/www.fileasbl.be\/membres\/wp-json\/wp\/v2\/media?parent=31556"}],"wp:term":[{"taxonomy":"category","embeddable":true,"href":"https:\/\/www.fileasbl.be\/membres\/wp-json\/wp\/v2\/categories?post=31556"},{"taxonomy":"post_tag","embeddable":true,"href":"https:\/\/www.fileasbl.be\/membres\/wp-json\/wp\/v2\/tags?post=31556"}],"curies":[{"name":"wp","href":"https:\/\/api.w.org\/{rel}","templated":true}]}}