{"id":32733,"date":"2024-10-16T13:29:29","date_gmt":"2024-10-16T12:29:29","guid":{"rendered":"https:\/\/www.fileasbl.be\/membres\/?p=32733"},"modified":"2025-02-27T14:56:58","modified_gmt":"2025-02-27T13:56:58","slug":"la-journee-extrascool-ca-continue","status":"publish","type":"post","link":"https:\/\/www.fileasbl.be\/membres\/la-journee-extrascool-ca-continue\/","title":{"rendered":"Journ\u00e9e ExtrasCOOL 2025 : rendre visible l&rsquo;invisible"},"content":{"rendered":"<!--themify_builder_content-->\n<div id=\"themify_builder_content-32733\" data-postid=\"32733\" class=\"themify_builder_content themify_builder_content-32733 themify_builder tf_clear\">\n    \t<!-- module_row -->\n\t<div  data-lazy=\"1\" class=\"module_row themify_builder_row tb_nh0i967 tb_first tf_clearfix\">\n\t    \t\t<div class=\"row_inner col_align_top col-count-1 tf_box tf_w tf_rel\">\n\t\t\t<div  data-lazy=\"1\" class=\"module_column tb-column col-full first tb_d6ae967 tf_box\">\n\t\t\t    \t        <div class=\"tb-column-inner tf_box tf_w\">\n\t\t    <!-- module image -->\n<div  class=\"module module-image tb_v6gj120 rounded circle  image-top tf_mw\" data-lazy=\"1\">\n        <div class=\"image-wrap tf_rel tf_mw\">\n\t\t    <img loading=\"lazy\" decoding=\"async\" width=\"1584\" height=\"396\" src=\"https:\/\/www.fileasbl.be\/membres\/wp-content\/uploads\/2023\/11\/Banniere-sites-1.png\" class=\"wp-post-image wp-image-31132\" title=\"Banni\u00e8re sites (1)\" alt=\"Banni\u00e8re sites (1)\" srcset=\"https:\/\/www.fileasbl.be\/membres\/wp-content\/uploads\/2023\/11\/Banniere-sites-1.png 1584w, https:\/\/www.fileasbl.be\/membres\/wp-content\/uploads\/2023\/11\/Banniere-sites-1-300x75.png 300w, https:\/\/www.fileasbl.be\/membres\/wp-content\/uploads\/2023\/11\/Banniere-sites-1-1024x256.png 1024w, https:\/\/www.fileasbl.be\/membres\/wp-content\/uploads\/2023\/11\/Banniere-sites-1-768x192.png 768w, https:\/\/www.fileasbl.be\/membres\/wp-content\/uploads\/2023\/11\/Banniere-sites-1-1536x384.png 1536w, https:\/\/www.fileasbl.be\/membres\/wp-content\/uploads\/2023\/11\/Banniere-sites-1-400x100.png 400w\" sizes=\"auto, (max-width: 1584px) 100vw, 1584px\" \/>\t\n\t\t<\/div>\n\t<!-- \/image-wrap -->\n    \n    \t<\/div>\n<!-- \/module image --><!-- module text -->\n<div  class=\"module module-text tb_5u34505   \" data-lazy=\"1\">\n        <div  class=\"tb_text_wrap\">\n    <p>La 4<sup>e<\/sup> \u00e9dition de la journ\u00e9e ExtrasCOOL aura lieu le vendredi 24 janvier 2025 !<\/p>\n<p>En 2022, nous proposions aux enfants de dessiner leur accueil extrascolaire id\u00e9al\u00a0;<\/p>\n<p>En 2023, c\u2019\u00e9tait aux professionnelles et professionnels de r\u00eaver leurs arbres \u00e0 souhait pour l\u2019AES\u00a0;<\/p>\n<p>L\u2019ann\u00e9e pass\u00e9e, un livre d\u2019or permettait aux parents de t\u00e9moigner de leur v\u00e9cu et reconnaissance aupr\u00e8s des pros du secteur\u00a0;<\/p>\n<p>Et pour 2025, nous vous proposons de \u00ab <strong>rendre visible l\u2019invisible de votre travail<\/strong>\u00a0\u00bb. Au-del\u00e0 de ce qui peut se voir et se montrer dans les accueils (activit\u00e9s, dessins, bricolages, etc.), nous vous proposons de rendre visible aupr\u00e8s des parents, de l\u2019\u00e9cole, de l\u2019ext\u00e9rieur <strong>ce qui s\u2019y vit<\/strong> : gestion des \u00e9motions des enfants, cr\u00e9ation du lien, vivre ensemble, travail \u00e9ducatif, respect du rythme et des besoins de l\u2019enfant, consoler, accompagner, \u00e9couter, \u00eatre disponible, g\u00e9rer des conflits, des transitions, les moments de s\u00e9paration\u2026 Il s\u2019agit de donner \u00e0 voir ce que personne ne voit, \u00e0 part les enfants et les animateur\u00b7rices\u00a0!<\/p>\n<p><strong>Comment<\/strong> ? <a href=\"https:\/\/www.fileasbl.be\/membres\/wp-content\/uploads\/2024\/11\/Copie-de-240124-IMAJE-site.png\">Via la Documentation p\u00e9dagogique<\/a> !<\/p>\n<p>Pour mettre en lumi\u00e8re cela, nous faisons confiance \u00e0 la cr\u00e9ativit\u00e9 des animateurs et animatrices extrascolaires : vid\u00e9os, photos, dessins, chansons, slam, po\u00e8mes, t\u00e9moignages, \u00e9crits\u2026<\/p>\n<p>\u00a0<\/p>\n<p>Les supports sont en pr\u00e9paration et le site extrascool va \u00eatre mis \u00e0 jour. N\u2019h\u00e9sitez pas \u00e0 partager d\u00e8s \u00e0 pr\u00e9sent le th\u00e8me autour de vous et \u00e0 diffuser l\u2019information.<\/p>\n<p>Des badges sont d\u00e9j\u00e0 disponibles \u00e0 la FILE (Louvain la Neuve), vous pouvez venir les chercher ou nous pouvons vous les envoyer (moyennant les frais de port). Les affiches arrivent\u2026<\/p>    <\/div>\n<\/div>\n<!-- \/module text --><!-- module image -->\n<div  class=\"module module-image tb_su3c872 rounded bordered  image-top tf_mw\" data-lazy=\"1\">\n        <div class=\"image-wrap tf_rel tf_mw\">\n\t\t    <img loading=\"lazy\" decoding=\"async\" width=\"2560\" height=\"1440\" src=\"https:\/\/www.fileasbl.be\/membres\/wp-content\/uploads\/2024\/11\/240124-IMAJE-site.png\" class=\"wp-post-image wp-image-32761\" title=\"240124 IMAJE site\" alt=\"240124 IMAJE site\" srcset=\"https:\/\/www.fileasbl.be\/membres\/wp-content\/uploads\/2024\/11\/240124-IMAJE-site.png 2560w, https:\/\/www.fileasbl.be\/membres\/wp-content\/uploads\/2024\/11\/240124-IMAJE-site-300x169.png 300w, https:\/\/www.fileasbl.be\/membres\/wp-content\/uploads\/2024\/11\/240124-IMAJE-site-1024x576.png 1024w, https:\/\/www.fileasbl.be\/membres\/wp-content\/uploads\/2024\/11\/240124-IMAJE-site-768x432.png 768w, https:\/\/www.fileasbl.be\/membres\/wp-content\/uploads\/2024\/11\/240124-IMAJE-site-1536x864.png 1536w, https:\/\/www.fileasbl.be\/membres\/wp-content\/uploads\/2024\/11\/240124-IMAJE-site-2048x1152.png 2048w, https:\/\/www.fileasbl.be\/membres\/wp-content\/uploads\/2024\/11\/240124-IMAJE-site-400x225.png 400w\" sizes=\"auto, (max-width: 2560px) 100vw, 2560px\" \/>\t\n\t\t<\/div>\n\t<!-- \/image-wrap -->\n    \n    \t<\/div>\n<!-- \/module image --><!-- module divider -->\n<div  class=\"module tf_mw module-divider tb_jqw7450 solid   \" style=\"border-width: 1px;border-color: rgba(255,255,255, 0.00);margin-top: 15px;margin-bottom: 15px;\" data-lazy=\"1\">\n    <\/div>\n<!-- \/module divider -->\n<!-- module fancy heading -->\n<div  class=\"module module-fancy-heading tb_e6xd946 \" data-lazy=\"1\">\n        <h1 class=\"fancy-heading\">\n    <span class=\"main-head tf_block\">\n\t\t\t\t\tLes documents utiles \t\t    <\/span>\n\n\t\n    <span class=\"sub-head tf_block tf_rel\">\n\t\t\t\t\t\t\t    <\/span>\n    <\/h1>\n<\/div>\n<!-- \/module fancy heading -->\n\t        <\/div>\n\t    \t<\/div>\n\t\t    <\/div>\n\t    <!-- \/row_inner -->\n\t<\/div>\n\t<!-- \/module_row -->\n\t\t<!-- module_row -->\n\t<div  data-lazy=\"1\" class=\"module_row themify_builder_row tb_x358921 tf_clearfix\">\n\t    \t\t<div class=\"row_inner col_align_top col-count-2 tf_box tf_w tf_rel\">\n\t\t\t<div  data-lazy=\"1\" style=\"width: 56.63%\" class=\"module_column tb-column col2-1 first tb_kcq0921 tf_box\">\n\t\t\t    \t        <div class=\"tb-column-inner tf_box tf_w\">\n\t\t    <!-- module accordion -->\n<div  class=\"module module-accordion tb_gxfa361 \" data-behavior=\"toggle\" data-lazy=\"1\">\n    \n    <ul class=\"ui module-accordion plus-icon-button  tb_default_color\">\n\t\t    <li>\n\t\t\t<div class=\"accordion-title tf_rel\">\n\t\t\t\t<a href=\"#acc-gxfa361-0\" aria-controls=\"acc-gxfa361-0-content\" aria-expanded=\"false\">\n\t\t\t\t\t\t\t\t\t\t\t\t\t\t\t<span class=\"tb_title_accordion tf_w\">Mod\u00e8le de courrier aux parents<\/span>\n\t\t\t\t<\/a>\n\t\t\t<\/div><!-- .accordion-title -->\n\n\t\t\t<div id=\"acc-gxfa361-0-content\" data-id=\"acc-gxfa361-0\" aria-hidden=\"true\" class=\"accordion-content tf_hide\">\n\n\t\t\t\t\t\t\t\t\t<div\t\t\t\t\t\tclass=\"tb_text_wrap\"\n\t\t\t\t\t\t>\n\t\t\t\t\t\t<p><a href=\"https:\/\/www.fileasbl.be\/membres\/wp-content\/uploads\/2024\/11\/Copie-de-Lettre-parents.pdf\" rel=\"attachment wp-att-32736\"><strong>La lettre aux parents<\/strong><\/a> \u00e0 t\u00e9l\u00e9charger ici !\u00a0<\/p>\t\t\t\t\t<\/div>\n\t\t\t\t\n\t\t\t<\/div><!-- .accordion-content -->\n\t    <\/li>\n\t    <\/ul>\n\n<\/div><!-- \/module accordion --><!-- module accordion -->\n<div  class=\"module module-accordion tb_yijw440 \" data-behavior=\"toggle\" data-lazy=\"1\">\n    \n    <ul class=\"ui module-accordion plus-icon-button  tb_default_color\">\n\t\t    <li>\n\t\t\t<div class=\"accordion-title tf_rel\">\n\t\t\t\t<a href=\"#acc-yijw440-0\" aria-controls=\"acc-yijw440-0-content\" aria-expanded=\"false\">\n\t\t\t\t\t\t\t\t\t\t\t\t\t\t\t<span class=\"tb_title_accordion tf_w\">Mod\u00e8le de courrier aux communes et aux asbl<\/span>\n\t\t\t\t<\/a>\n\t\t\t<\/div><!-- .accordion-title -->\n\n\t\t\t<div id=\"acc-yijw440-0-content\" data-id=\"acc-yijw440-0\" aria-hidden=\"true\" class=\"accordion-content tf_hide\">\n\n\t\t\t\t\t\t\t\t\t<div\t\t\t\t\t\tclass=\"tb_text_wrap\"\n\t\t\t\t\t\t>\n\t\t\t\t\t\t<p><br \/><a href=\"https:\/\/www.fileasbl.be\/membres\/?attachment_id=32737\" rel=\"attachment wp-att-32737\">La lettre aux communes \u00e0 t\u00e9l\u00e9charger ici !<\/a><\/p>\t\t\t\t\t<\/div>\n\t\t\t\t\n\t\t\t<\/div><!-- .accordion-content -->\n\t    <\/li>\n\t    <\/ul>\n\n<\/div><!-- \/module accordion --><!-- module accordion -->\n<div  class=\"module module-accordion tb_qc6w11 \" data-behavior=\"toggle\" data-lazy=\"1\">\n    \n    <ul class=\"ui module-accordion plus-icon-button  tb_default_color\">\n\t\t    <li>\n\t\t\t<div class=\"accordion-title tf_rel\">\n\t\t\t\t<a href=\"#acc-qc6w11-0\" aria-controls=\"acc-qc6w11-0-content\" aria-expanded=\"false\">\n\t\t\t\t\t\t\t\t\t\t\t\t\t\t\t<span class=\"tb_title_accordion tf_w\">L'affiche du 24 janvier\u00a0<\/span>\n\t\t\t\t<\/a>\n\t\t\t<\/div><!-- .accordion-title -->\n\n\t\t\t<div id=\"acc-qc6w11-0-content\" data-id=\"acc-qc6w11-0\" aria-hidden=\"true\" class=\"accordion-content tf_hide\">\n\n\t\t\t\t\t\t\t\t\t<div\t\t\t\t\t\tclass=\"tb_text_wrap\"\n\t\t\t\t\t\t>\n\t\t\t\t\t\t<p><a href=\"https:\/\/www.fileasbl.be\/membres\/?attachment_id=32738\" rel=\"attachment wp-att-32738\">L&rsquo;affiche 24 janvier (sans ann\u00e9e) au format A3 \u00e0 t\u00e9l\u00e9charger ici !<\/a><\/p>\n<p><a href=\"https:\/\/www.fileasbl.be\/membres\/wp-content\/uploads\/2024\/12\/2025-ExtrasCOOL-Affiche-A3-Accueillant-extrascolaire.png\">L&rsquo;affiche pour le 24 janvier 2025 se trouve ici<\/a><\/p>\t\t\t\t\t<\/div>\n\t\t\t\t\n\t\t\t<\/div><!-- .accordion-content -->\n\t    <\/li>\n\t    <\/ul>\n\n<\/div><!-- \/module accordion --><!-- module accordion -->\n<div  class=\"module module-accordion tb_ext8244 \" data-behavior=\"toggle\" data-lazy=\"1\">\n    \n    <ul class=\"ui module-accordion plus-icon-button  tb_default_color\">\n\t\t    <li>\n\t\t\t<div class=\"accordion-title tf_rel\">\n\t\t\t\t<a href=\"#acc-ext8244-0\" aria-controls=\"acc-ext8244-0-content\" aria-expanded=\"false\">\n\t\t\t\t\t\t\t\t\t\t\t\t\t\t\t<span class=\"tb_title_accordion tf_w\">Les badges ExtrasCOOL <\/span>\n\t\t\t\t<\/a>\n\t\t\t<\/div><!-- .accordion-title -->\n\n\t\t\t<div id=\"acc-ext8244-0-content\" data-id=\"acc-ext8244-0\" aria-hidden=\"true\" class=\"accordion-content tf_hide\">\n\n\t\t\t\t\t\t\t\t\t<div\t\t\t\t\t\tclass=\"tb_text_wrap\"\n\t\t\t\t\t\t>\n\t\t\t\t\t\t<p><a href=\"https:\/\/www.fileasbl.be\/membres\/?attachment_id=32739\" target=\"_blank\" rel=\"attachment noopener wp-att-32739\"><img loading=\"lazy\" decoding=\"async\" class=\"https:\/\/www.fileasbl.be\/membres\/wp-content\/uploads\/2024\/10\/Design-sans-titre.png alignnone wp-image-32739 size-medium\" src=\"https:\/\/www.fileasbl.be\/membres\/wp-content\/uploads\/2024\/10\/Design-sans-titre-300x300.png\" alt=\"\" width=\"300\" height=\"300\" srcset=\"https:\/\/www.fileasbl.be\/membres\/wp-content\/uploads\/2024\/10\/Design-sans-titre-300x300.png 300w, https:\/\/www.fileasbl.be\/membres\/wp-content\/uploads\/2024\/10\/Design-sans-titre-1024x1024.png 1024w, https:\/\/www.fileasbl.be\/membres\/wp-content\/uploads\/2024\/10\/Design-sans-titre-150x150.png 150w, https:\/\/www.fileasbl.be\/membres\/wp-content\/uploads\/2024\/10\/Design-sans-titre-768x768.png 768w, https:\/\/www.fileasbl.be\/membres\/wp-content\/uploads\/2024\/10\/Design-sans-titre-400x400.png 400w, https:\/\/www.fileasbl.be\/membres\/wp-content\/uploads\/2024\/10\/Design-sans-titre-100x100.png 100w, https:\/\/www.fileasbl.be\/membres\/wp-content\/uploads\/2024\/10\/Design-sans-titre.png 1181w\" sizes=\"auto, (max-width: 300px) 100vw, 300px\" \/><\/a><\/p>\t\t\t\t\t<\/div>\n\t\t\t\t\n\t\t\t<\/div><!-- .accordion-content -->\n\t    <\/li>\n\t    <\/ul>\n\n<\/div><!-- \/module accordion --><!-- module box -->\n<div  class=\"module module-box tb_y1bp184 \" data-lazy=\"1\">\n        <div class=\"module-box-content ui  tb_default_color \">\n\t\t\t\t<div class=\"tb_text_wrap\"><p><span style=\"color: #e0851d;\"><strong>Mail : info@extrascool.be<\/strong><\/span><\/p>\n<p><a href=\"https:\/\/www.facebook.com\/profile.php?id=61552275877502\"><span style=\"color: #e0851d;\"><strong>Facebook : Plateforme ExtrasCOOL<\/strong><\/span><\/a><\/p><\/div>\n    <\/div>\n<\/div>\n<!-- \/module box -->\n\t        <\/div>\n\t    \t<\/div>\n\t\t<div  data-lazy=\"1\" style=\"width: 40.17%\" class=\"module_column tb-column col2-1 last tb_dp4j922 tf_box\">\n\t\t\t    \t        <div class=\"tb-column-inner tf_box tf_w\">\n\t\t    \t<div  data-lazy=\"1\" class=\"module_subrow themify_builder_sub_row tb_eax82 tf_w tf_clearfix\">\n\t    \t\t<div class=\"subrow_inner col_align_top col-count-2 tf_box tf_w\">\n\t\t\t<div  data-lazy=\"1\" class=\"sub_column module_column tf_box col2-1 first tb_d1423\"> \n\t    \t    \t        <div class=\"tb-column-inner tf_box tf_w\">\n\t\t    <!-- module image -->\n<div  class=\"module module-image tb_7u0a139 rounded  image-top tf_mw\" data-lazy=\"1\">\n        <div class=\"image-wrap tf_rel tf_mw\">\n\t\t    <a href=\"https:\/\/www.fileasbl.be\/membres\/wp-content\/uploads\/2024\/12\/2025-ExtrasCOOL-Affiche-A3-Accueillant-extrascolaire.png\"\n\t       \t       >\n\t\t   \t\t<img loading=\"lazy\" decoding=\"async\" src=\"https:\/\/www.fileasbl.be\/membres\/wp-content\/uploads\/2024\/12\/2025-ExtrasCOOL-Affiche-A3-Accueillant-extrascolaire-723x1024-400x520.png\" width=\"400\" height=\"520\" class=\"wp-post-image wp-image-32891\" title=\"2025 ExtrasCOOL Affiche A3 Accueillant extrascolaire\" alt=\"2025 ExtrasCOOL Affiche A3 Accueillant extrascolaire\">\t    <\/a>\n\t\n\t\t<\/div>\n\t<!-- \/image-wrap -->\n    \n    \t<\/div>\n<!-- \/module image -->\t        <\/div>\n\t    \t<\/div>\n\t\t<div  data-lazy=\"1\" class=\"sub_column module_column tf_box col2-1 last tb_gi8u4\"> \n\t    \t    \t<\/div>\n\t\t    <\/div>\n\t<\/div><!-- \/themify_builder_sub_row -->\n\t\t        <\/div>\n\t    \t<\/div>\n\t\t    <\/div>\n\t    <!-- \/row_inner -->\n\t<\/div>\n\t<!-- \/module_row -->\n\t\t<!-- module_row -->\n\t<div  data-lazy=\"1\" class=\"module_row themify_builder_row tb_d78a149 tf_clearfix\">\n\t    \t\t<div class=\"row_inner col_align_top col-count-1 tf_box tf_w tf_rel\">\n\t\t\t<div  data-lazy=\"1\" class=\"module_column tb-column col-full first tb_ivfc150 tf_box\">\n\t\t\t    \t        <div class=\"tb-column-inner tf_box tf_w\">\n\t\t    <!-- module divider -->\n<div  class=\"module tf_mw module-divider tb_tscs863 solid   \" style=\"border-width: 1px;border-color: rgba(0,0,0, 0.00);margin-top: 15px;margin-bottom: 15px;\" data-lazy=\"1\">\n    <\/div>\n<!-- \/module divider -->\n<!-- module image -->\n<div  class=\"module module-image tb_uj98491   image-top tf_mw\" data-lazy=\"1\">\n        <div class=\"image-wrap tf_rel tf_mw\">\n\t\t    <img loading=\"lazy\" decoding=\"async\" width=\"2560\" height=\"1440\" src=\"https:\/\/www.fileasbl.be\/membres\/wp-content\/uploads\/2024\/11\/Copie-de-240124-IMAJE-site.png\" class=\"wp-post-image wp-image-32762\" title=\"Copie de 240124 IMAJE site\" alt=\"Copie de 240124 IMAJE site\" srcset=\"https:\/\/www.fileasbl.be\/membres\/wp-content\/uploads\/2024\/11\/Copie-de-240124-IMAJE-site.png 2560w, https:\/\/www.fileasbl.be\/membres\/wp-content\/uploads\/2024\/11\/Copie-de-240124-IMAJE-site-300x169.png 300w, https:\/\/www.fileasbl.be\/membres\/wp-content\/uploads\/2024\/11\/Copie-de-240124-IMAJE-site-1024x576.png 1024w, https:\/\/www.fileasbl.be\/membres\/wp-content\/uploads\/2024\/11\/Copie-de-240124-IMAJE-site-768x432.png 768w, https:\/\/www.fileasbl.be\/membres\/wp-content\/uploads\/2024\/11\/Copie-de-240124-IMAJE-site-1536x864.png 1536w, https:\/\/www.fileasbl.be\/membres\/wp-content\/uploads\/2024\/11\/Copie-de-240124-IMAJE-site-2048x1152.png 2048w, https:\/\/www.fileasbl.be\/membres\/wp-content\/uploads\/2024\/11\/Copie-de-240124-IMAJE-site-400x225.png 400w\" sizes=\"auto, (max-width: 2560px) 100vw, 2560px\" \/>\t\n\t\t<\/div>\n\t<!-- \/image-wrap -->\n    \n    \t<\/div>\n<!-- \/module image --><!-- module divider -->\n<div  class=\"module tf_mw module-divider tb_emoz167 solid   \" style=\"border-width: 1px;border-color: rgba(0,0,0, 0.00);margin-top: 15px;margin-bottom: 15px;\" data-lazy=\"1\">\n    <\/div>\n<!-- \/module divider -->\n<!-- module box -->\n<div  class=\"module module-box tb_yisr626 \" data-lazy=\"1\">\n        <div class=\"module-box-content ui  tb_default_color \">\n\t\t\t\t<div class=\"tb_text_wrap\"><p>Vous pouvez imprimer directement l\u2019affiche et les badges extrasCOOL disponibles sur cet article ou venir vous en procurer au bureau de la FILE \u00e0 Louvain-La-Neuve (Avenue de C\u00eeteaux 114 1348 Louvain-la-Neuve).<\/p>\n<p>Plus d\u2019informations via info@extrascool.be<\/p><\/div>\n    <\/div>\n<\/div>\n<!-- \/module box -->\n<!-- module divider -->\n<div  class=\"module tf_mw module-divider tb_507v408 solid   \" style=\"border-width: 1px;border-color: rgba(0,0,0, 0.00);margin-top: 15px;margin-bottom: 15px;\" data-lazy=\"1\">\n    <\/div>\n<!-- \/module divider -->\n\t        <\/div>\n\t    \t<\/div>\n\t\t    <\/div>\n\t    <!-- \/row_inner -->\n\t<\/div>\n\t<!-- \/module_row -->\n\t<\/div>\n<!--\/themify_builder_content-->","protected":false},"excerpt":{"rendered":"<p>La 4e \u00e9dition de la journ\u00e9e ExtrasCOOL aura lieu le vendredi 24 janvier 2025 ! En 2022, nous proposions aux enfants de dessiner leur accueil extrascolaire id\u00e9al\u00a0; En 2023, c\u2019\u00e9tait aux professionnelles et professionnels de r\u00eaver leurs arbres \u00e0 souhait pour l\u2019AES\u00a0; L\u2019ann\u00e9e pass\u00e9e, un livre d\u2019or permettait aux parents de t\u00e9moigner de leur v\u00e9cu [&hellip;]<\/p>\n","protected":false},"author":2,"featured_media":32827,"comment_status":"open","ping_status":"open","sticky":false,"template":"","format":"standard","meta":{"footnotes":""},"categories":[322,248,304,323,225,223,313],"tags":[],"class_list":["post-32733","post","type-post","status-publish","format-standard","has-post-thumbnail","hentry","category-accueil-extrascolaire","category-atl","category-bien-etre-enfant","category-centres-de-vacances","category-emotions-de-lenfant","category-jeu-en-exterieur","category-jeu-enfant","has-post-title","has-post-date","has-post-category","has-post-tag","has-post-comment","has-post-author",""],"yoast_head":"<!-- This site is optimized with the Yoast SEO plugin v27.5 - https:\/\/yoast.com\/product\/yoast-seo-wordpress\/ -->\n<title>Journ\u00e9e ExtrasCOOL 2025 : rendre visible l&#039;invisible - Site de la FILE<\/title>\n<meta name=\"robots\" content=\"index, follow, max-snippet:-1, max-image-preview:large, max-video-preview:-1\" \/>\n<link rel=\"canonical\" href=\"https:\/\/www.fileasbl.be\/membres\/la-journee-extrascool-ca-continue\/\" \/>\n<meta property=\"og:locale\" content=\"fr_FR\" \/>\n<meta property=\"og:type\" content=\"article\" \/>\n<meta property=\"og:title\" content=\"Journ\u00e9e ExtrasCOOL 2025 : rendre visible l&#039;invisible - Site de la FILE\" \/>\n<meta property=\"og:description\" content=\"La 4e \u00e9dition de la journ\u00e9e ExtrasCOOL aura lieu le vendredi 24 janvier 2025 ! En 2022, nous proposions aux enfants de dessiner leur accueil extrascolaire id\u00e9al\u00a0; En 2023, c\u2019\u00e9tait aux professionnelles et professionnels de r\u00eaver leurs arbres \u00e0 souhait pour l\u2019AES\u00a0; L\u2019ann\u00e9e pass\u00e9e, un livre d\u2019or permettait aux parents de t\u00e9moigner de leur v\u00e9cu [&hellip;]\" \/>\n<meta property=\"og:url\" content=\"https:\/\/www.fileasbl.be\/membres\/la-journee-extrascool-ca-continue\/\" \/>\n<meta property=\"og:site_name\" content=\"Site de la FILE\" \/>\n<meta property=\"article:publisher\" content=\"https:\/\/www.facebook.com\/fileasbl\/\" \/>\n<meta property=\"article:published_time\" content=\"2024-10-16T12:29:29+00:00\" \/>\n<meta property=\"article:modified_time\" content=\"2025-02-27T13:56:58+00:00\" \/>\n<meta property=\"og:image\" content=\"https:\/\/www.fileasbl.be\/membres\/wp-content\/uploads\/2024\/10\/Design-sans-titre-1.png\" \/>\n\t<meta property=\"og:image:width\" content=\"1181\" \/>\n\t<meta property=\"og:image:height\" content=\"1181\" \/>\n\t<meta property=\"og:image:type\" content=\"image\/png\" \/>\n<meta name=\"author\" content=\"Contact FILE\" \/>\n<meta name=\"twitter:card\" content=\"summary_large_image\" \/>\n<meta name=\"twitter:label1\" content=\"\u00c9crit par\" \/>\n\t<meta name=\"twitter:data1\" content=\"Contact FILE\" \/>\n\t<meta name=\"twitter:label2\" content=\"Dur\u00e9e de lecture estim\u00e9e\" \/>\n\t<meta name=\"twitter:data2\" content=\"3 minutes\" \/>\n<script type=\"application\/ld+json\" class=\"yoast-schema-graph\">{\"@context\":\"https:\\\/\\\/schema.org\",\"@graph\":[{\"@type\":\"Article\",\"@id\":\"https:\\\/\\\/www.fileasbl.be\\\/membres\\\/la-journee-extrascool-ca-continue\\\/#article\",\"isPartOf\":{\"@id\":\"https:\\\/\\\/www.fileasbl.be\\\/membres\\\/la-journee-extrascool-ca-continue\\\/\"},\"author\":{\"name\":\"Contact FILE\",\"@id\":\"https:\\\/\\\/www.fileasbl.be\\\/membres\\\/#\\\/schema\\\/person\\\/5954a0c68c3a6f92f805465caa00d25f\"},\"headline\":\"Journ\u00e9e ExtrasCOOL 2025 : rendre visible l&rsquo;invisible\",\"datePublished\":\"2024-10-16T12:29:29+00:00\",\"dateModified\":\"2025-02-27T13:56:58+00:00\",\"mainEntityOfPage\":{\"@id\":\"https:\\\/\\\/www.fileasbl.be\\\/membres\\\/la-journee-extrascool-ca-continue\\\/\"},\"wordCount\":387,\"commentCount\":0,\"image\":{\"@id\":\"https:\\\/\\\/www.fileasbl.be\\\/membres\\\/la-journee-extrascool-ca-continue\\\/#primaryimage\"},\"thumbnailUrl\":\"https:\\\/\\\/www.fileasbl.be\\\/membres\\\/wp-content\\\/uploads\\\/2024\\\/10\\\/Design-sans-titre-1.png\",\"articleSection\":[\"Accueil extrascolaire\",\"ATL\",\"Bien \u00eatre enfant\",\"Centres de vacances\",\"Emotions de l'enfant\",\"Jeu en ext\u00e9rieur\",\"Jeu enfant\"],\"inLanguage\":\"fr-FR\",\"potentialAction\":[{\"@type\":\"CommentAction\",\"name\":\"Comment\",\"target\":[\"https:\\\/\\\/www.fileasbl.be\\\/membres\\\/la-journee-extrascool-ca-continue\\\/#respond\"]}]},{\"@type\":\"WebPage\",\"@id\":\"https:\\\/\\\/www.fileasbl.be\\\/membres\\\/la-journee-extrascool-ca-continue\\\/\",\"url\":\"https:\\\/\\\/www.fileasbl.be\\\/membres\\\/la-journee-extrascool-ca-continue\\\/\",\"name\":\"Journ\u00e9e ExtrasCOOL 2025 : rendre visible l'invisible - Site de la FILE\",\"isPartOf\":{\"@id\":\"https:\\\/\\\/www.fileasbl.be\\\/membres\\\/#website\"},\"primaryImageOfPage\":{\"@id\":\"https:\\\/\\\/www.fileasbl.be\\\/membres\\\/la-journee-extrascool-ca-continue\\\/#primaryimage\"},\"image\":{\"@id\":\"https:\\\/\\\/www.fileasbl.be\\\/membres\\\/la-journee-extrascool-ca-continue\\\/#primaryimage\"},\"thumbnailUrl\":\"https:\\\/\\\/www.fileasbl.be\\\/membres\\\/wp-content\\\/uploads\\\/2024\\\/10\\\/Design-sans-titre-1.png\",\"datePublished\":\"2024-10-16T12:29:29+00:00\",\"dateModified\":\"2025-02-27T13:56:58+00:00\",\"author\":{\"@id\":\"https:\\\/\\\/www.fileasbl.be\\\/membres\\\/#\\\/schema\\\/person\\\/5954a0c68c3a6f92f805465caa00d25f\"},\"breadcrumb\":{\"@id\":\"https:\\\/\\\/www.fileasbl.be\\\/membres\\\/la-journee-extrascool-ca-continue\\\/#breadcrumb\"},\"inLanguage\":\"fr-FR\",\"potentialAction\":[{\"@type\":\"ReadAction\",\"target\":[\"https:\\\/\\\/www.fileasbl.be\\\/membres\\\/la-journee-extrascool-ca-continue\\\/\"]}]},{\"@type\":\"ImageObject\",\"inLanguage\":\"fr-FR\",\"@id\":\"https:\\\/\\\/www.fileasbl.be\\\/membres\\\/la-journee-extrascool-ca-continue\\\/#primaryimage\",\"url\":\"https:\\\/\\\/www.fileasbl.be\\\/membres\\\/wp-content\\\/uploads\\\/2024\\\/10\\\/Design-sans-titre-1.png\",\"contentUrl\":\"https:\\\/\\\/www.fileasbl.be\\\/membres\\\/wp-content\\\/uploads\\\/2024\\\/10\\\/Design-sans-titre-1.png\",\"width\":1181,\"height\":1181},{\"@type\":\"BreadcrumbList\",\"@id\":\"https:\\\/\\\/www.fileasbl.be\\\/membres\\\/la-journee-extrascool-ca-continue\\\/#breadcrumb\",\"itemListElement\":[{\"@type\":\"ListItem\",\"position\":1,\"name\":\"Accueil\",\"item\":\"https:\\\/\\\/www.fileasbl.be\\\/membres\\\/\"},{\"@type\":\"ListItem\",\"position\":2,\"name\":\"Journ\u00e9e ExtrasCOOL 2025 : rendre visible l&rsquo;invisible\"}]},{\"@type\":\"WebSite\",\"@id\":\"https:\\\/\\\/www.fileasbl.be\\\/membres\\\/#website\",\"url\":\"https:\\\/\\\/www.fileasbl.be\\\/membres\\\/\",\"name\":\"Site de la FILE\",\"description\":\"FILE Un accueil de qualit\u00e9 accessible \u00e0 tous\",\"potentialAction\":[{\"@type\":\"SearchAction\",\"target\":{\"@type\":\"EntryPoint\",\"urlTemplate\":\"https:\\\/\\\/www.fileasbl.be\\\/membres\\\/?s={search_term_string}\"},\"query-input\":{\"@type\":\"PropertyValueSpecification\",\"valueRequired\":true,\"valueName\":\"search_term_string\"}}],\"inLanguage\":\"fr-FR\"},{\"@type\":\"Person\",\"@id\":\"https:\\\/\\\/www.fileasbl.be\\\/membres\\\/#\\\/schema\\\/person\\\/5954a0c68c3a6f92f805465caa00d25f\",\"name\":\"Contact FILE\",\"url\":\"https:\\\/\\\/www.fileasbl.be\\\/membres\\\/author\\\/contactfile\\\/\"}]}<\/script>\n<!-- \/ Yoast SEO plugin. -->","yoast_head_json":{"title":"Journ\u00e9e ExtrasCOOL 2025 : rendre visible l'invisible - Site de la FILE","robots":{"index":"index","follow":"follow","max-snippet":"max-snippet:-1","max-image-preview":"max-image-preview:large","max-video-preview":"max-video-preview:-1"},"canonical":"https:\/\/www.fileasbl.be\/membres\/la-journee-extrascool-ca-continue\/","og_locale":"fr_FR","og_type":"article","og_title":"Journ\u00e9e ExtrasCOOL 2025 : rendre visible l'invisible - Site de la FILE","og_description":"La 4e \u00e9dition de la journ\u00e9e ExtrasCOOL aura lieu le vendredi 24 janvier 2025 ! En 2022, nous proposions aux enfants de dessiner leur accueil extrascolaire id\u00e9al\u00a0; En 2023, c\u2019\u00e9tait aux professionnelles et professionnels de r\u00eaver leurs arbres \u00e0 souhait pour l\u2019AES\u00a0; L\u2019ann\u00e9e pass\u00e9e, un livre d\u2019or permettait aux parents de t\u00e9moigner de leur v\u00e9cu [&hellip;]","og_url":"https:\/\/www.fileasbl.be\/membres\/la-journee-extrascool-ca-continue\/","og_site_name":"Site de la FILE","article_publisher":"https:\/\/www.facebook.com\/fileasbl\/","article_published_time":"2024-10-16T12:29:29+00:00","article_modified_time":"2025-02-27T13:56:58+00:00","og_image":[{"width":1181,"height":1181,"url":"https:\/\/www.fileasbl.be\/membres\/wp-content\/uploads\/2024\/10\/Design-sans-titre-1.png","type":"image\/png"}],"author":"Contact FILE","twitter_card":"summary_large_image","twitter_misc":{"\u00c9crit par":"Contact FILE","Dur\u00e9e de lecture estim\u00e9e":"3 minutes"},"schema":{"@context":"https:\/\/schema.org","@graph":[{"@type":"Article","@id":"https:\/\/www.fileasbl.be\/membres\/la-journee-extrascool-ca-continue\/#article","isPartOf":{"@id":"https:\/\/www.fileasbl.be\/membres\/la-journee-extrascool-ca-continue\/"},"author":{"name":"Contact FILE","@id":"https:\/\/www.fileasbl.be\/membres\/#\/schema\/person\/5954a0c68c3a6f92f805465caa00d25f"},"headline":"Journ\u00e9e ExtrasCOOL 2025 : rendre visible l&rsquo;invisible","datePublished":"2024-10-16T12:29:29+00:00","dateModified":"2025-02-27T13:56:58+00:00","mainEntityOfPage":{"@id":"https:\/\/www.fileasbl.be\/membres\/la-journee-extrascool-ca-continue\/"},"wordCount":387,"commentCount":0,"image":{"@id":"https:\/\/www.fileasbl.be\/membres\/la-journee-extrascool-ca-continue\/#primaryimage"},"thumbnailUrl":"https:\/\/www.fileasbl.be\/membres\/wp-content\/uploads\/2024\/10\/Design-sans-titre-1.png","articleSection":["Accueil extrascolaire","ATL","Bien \u00eatre enfant","Centres de vacances","Emotions de l'enfant","Jeu en ext\u00e9rieur","Jeu enfant"],"inLanguage":"fr-FR","potentialAction":[{"@type":"CommentAction","name":"Comment","target":["https:\/\/www.fileasbl.be\/membres\/la-journee-extrascool-ca-continue\/#respond"]}]},{"@type":"WebPage","@id":"https:\/\/www.fileasbl.be\/membres\/la-journee-extrascool-ca-continue\/","url":"https:\/\/www.fileasbl.be\/membres\/la-journee-extrascool-ca-continue\/","name":"Journ\u00e9e ExtrasCOOL 2025 : rendre visible l'invisible - Site de la FILE","isPartOf":{"@id":"https:\/\/www.fileasbl.be\/membres\/#website"},"primaryImageOfPage":{"@id":"https:\/\/www.fileasbl.be\/membres\/la-journee-extrascool-ca-continue\/#primaryimage"},"image":{"@id":"https:\/\/www.fileasbl.be\/membres\/la-journee-extrascool-ca-continue\/#primaryimage"},"thumbnailUrl":"https:\/\/www.fileasbl.be\/membres\/wp-content\/uploads\/2024\/10\/Design-sans-titre-1.png","datePublished":"2024-10-16T12:29:29+00:00","dateModified":"2025-02-27T13:56:58+00:00","author":{"@id":"https:\/\/www.fileasbl.be\/membres\/#\/schema\/person\/5954a0c68c3a6f92f805465caa00d25f"},"breadcrumb":{"@id":"https:\/\/www.fileasbl.be\/membres\/la-journee-extrascool-ca-continue\/#breadcrumb"},"inLanguage":"fr-FR","potentialAction":[{"@type":"ReadAction","target":["https:\/\/www.fileasbl.be\/membres\/la-journee-extrascool-ca-continue\/"]}]},{"@type":"ImageObject","inLanguage":"fr-FR","@id":"https:\/\/www.fileasbl.be\/membres\/la-journee-extrascool-ca-continue\/#primaryimage","url":"https:\/\/www.fileasbl.be\/membres\/wp-content\/uploads\/2024\/10\/Design-sans-titre-1.png","contentUrl":"https:\/\/www.fileasbl.be\/membres\/wp-content\/uploads\/2024\/10\/Design-sans-titre-1.png","width":1181,"height":1181},{"@type":"BreadcrumbList","@id":"https:\/\/www.fileasbl.be\/membres\/la-journee-extrascool-ca-continue\/#breadcrumb","itemListElement":[{"@type":"ListItem","position":1,"name":"Accueil","item":"https:\/\/www.fileasbl.be\/membres\/"},{"@type":"ListItem","position":2,"name":"Journ\u00e9e ExtrasCOOL 2025 : rendre visible l&rsquo;invisible"}]},{"@type":"WebSite","@id":"https:\/\/www.fileasbl.be\/membres\/#website","url":"https:\/\/www.fileasbl.be\/membres\/","name":"Site de la FILE","description":"FILE Un accueil de qualit\u00e9 accessible \u00e0 tous","potentialAction":[{"@type":"SearchAction","target":{"@type":"EntryPoint","urlTemplate":"https:\/\/www.fileasbl.be\/membres\/?s={search_term_string}"},"query-input":{"@type":"PropertyValueSpecification","valueRequired":true,"valueName":"search_term_string"}}],"inLanguage":"fr-FR"},{"@type":"Person","@id":"https:\/\/www.fileasbl.be\/membres\/#\/schema\/person\/5954a0c68c3a6f92f805465caa00d25f","name":"Contact FILE","url":"https:\/\/www.fileasbl.be\/membres\/author\/contactfile\/"}]}},"builder_content":"<img loading=\"lazy\" decoding=\"async\" width=\"1584\" height=\"396\" src=\"https:\/\/www.fileasbl.be\/membres\/wp-content\/uploads\/2023\/11\/Banniere-sites-1.png\" title=\"Banni\u00e8re sites (1)\" alt=\"Banni\u00e8re sites (1)\" srcset=\"https:\/\/www.fileasbl.be\/membres\/wp-content\/uploads\/2023\/11\/Banniere-sites-1.png 1584w, https:\/\/www.fileasbl.be\/membres\/wp-content\/uploads\/2023\/11\/Banniere-sites-1-300x75.png 300w, https:\/\/www.fileasbl.be\/membres\/wp-content\/uploads\/2023\/11\/Banniere-sites-1-1024x256.png 1024w, https:\/\/www.fileasbl.be\/membres\/wp-content\/uploads\/2023\/11\/Banniere-sites-1-768x192.png 768w, https:\/\/www.fileasbl.be\/membres\/wp-content\/uploads\/2023\/11\/Banniere-sites-1-1536x384.png 1536w, https:\/\/www.fileasbl.be\/membres\/wp-content\/uploads\/2023\/11\/Banniere-sites-1-400x100.png 400w\" sizes=\"auto, (max-width: 1584px) 100vw, 1584px\" \/>\n<p>La 4<sup>e<\/sup> \u00e9dition de la journ\u00e9e ExtrasCOOL aura lieu le vendredi 24 janvier 2025 !<\/p> <p>En 2022, nous proposions aux enfants de dessiner leur accueil extrascolaire id\u00e9al\u00a0;<\/p> <p>En 2023, c\u2019\u00e9tait aux professionnelles et professionnels de r\u00eaver leurs arbres \u00e0 souhait pour l\u2019AES\u00a0;<\/p> <p>L\u2019ann\u00e9e pass\u00e9e, un livre d\u2019or permettait aux parents de t\u00e9moigner de leur v\u00e9cu et reconnaissance aupr\u00e8s des pros du secteur\u00a0;<\/p> <p>Et pour 2025, nous vous proposons de \u00ab <strong>rendre visible l\u2019invisible de votre travail<\/strong>\u00a0\u00bb. Au-del\u00e0 de ce qui peut se voir et se montrer dans les accueils (activit\u00e9s, dessins, bricolages, etc.), nous vous proposons de rendre visible aupr\u00e8s des parents, de l\u2019\u00e9cole, de l\u2019ext\u00e9rieur <strong>ce qui s\u2019y vit<\/strong> : gestion des \u00e9motions des enfants, cr\u00e9ation du lien, vivre ensemble, travail \u00e9ducatif, respect du rythme et des besoins de l\u2019enfant, consoler, accompagner, \u00e9couter, \u00eatre disponible, g\u00e9rer des conflits, des transitions, les moments de s\u00e9paration\u2026 Il s\u2019agit de donner \u00e0 voir ce que personne ne voit, \u00e0 part les enfants et les animateur\u00b7rices\u00a0!<\/p> <p><strong>Comment<\/strong> ? <a href=\"https:\/\/www.fileasbl.be\/membres\/wp-content\/uploads\/2024\/11\/Copie-de-240124-IMAJE-site.png\">Via la Documentation p\u00e9dagogique<\/a> !<\/p> <p>Pour mettre en lumi\u00e8re cela, nous faisons confiance \u00e0 la cr\u00e9ativit\u00e9 des animateurs et animatrices extrascolaires : vid\u00e9os, photos, dessins, chansons, slam, po\u00e8mes, t\u00e9moignages, \u00e9crits\u2026<\/p> <p>\u00a0<\/p> <p>Les supports sont en pr\u00e9paration et le site extrascool va \u00eatre mis \u00e0 jour. N\u2019h\u00e9sitez pas \u00e0 partager d\u00e8s \u00e0 pr\u00e9sent le th\u00e8me autour de vous et \u00e0 diffuser l\u2019information.<\/p> <p>Des badges sont d\u00e9j\u00e0 disponibles \u00e0 la FILE (Louvain la Neuve), vous pouvez venir les chercher ou nous pouvons vous les envoyer (moyennant les frais de port). Les affiches arrivent\u2026<\/p>\n<img loading=\"lazy\" decoding=\"async\" width=\"2560\" height=\"1440\" src=\"https:\/\/www.fileasbl.be\/membres\/wp-content\/uploads\/2024\/11\/240124-IMAJE-site.png\" title=\"240124 IMAJE site\" alt=\"240124 IMAJE site\" srcset=\"https:\/\/www.fileasbl.be\/membres\/wp-content\/uploads\/2024\/11\/240124-IMAJE-site.png 2560w, https:\/\/www.fileasbl.be\/membres\/wp-content\/uploads\/2024\/11\/240124-IMAJE-site-300x169.png 300w, https:\/\/www.fileasbl.be\/membres\/wp-content\/uploads\/2024\/11\/240124-IMAJE-site-1024x576.png 1024w, https:\/\/www.fileasbl.be\/membres\/wp-content\/uploads\/2024\/11\/240124-IMAJE-site-768x432.png 768w, https:\/\/www.fileasbl.be\/membres\/wp-content\/uploads\/2024\/11\/240124-IMAJE-site-1536x864.png 1536w, https:\/\/www.fileasbl.be\/membres\/wp-content\/uploads\/2024\/11\/240124-IMAJE-site-2048x1152.png 2048w, https:\/\/www.fileasbl.be\/membres\/wp-content\/uploads\/2024\/11\/240124-IMAJE-site-400x225.png 400w\" sizes=\"auto, (max-width: 2560px) 100vw, 2560px\" \/>\n\n<h1>Les documents utiles <br\/><\/h1>\n<ul><li><h4>Mod\u00e8le de courrier aux parents<\/h4><p><a href=\"https:\/\/www.fileasbl.be\/membres\/wp-content\/uploads\/2024\/11\/Copie-de-Lettre-parents.pdf\" rel=\"attachment wp-att-32736\"><strong>La lettre aux parents<\/strong><\/a> \u00e0 t\u00e9l\u00e9charger ici !\u00a0<\/p><\/li><\/ul>\n<ul><li><h4>Mod\u00e8le de courrier aux communes et aux asbl<\/h4><p><br \/><a href=\"https:\/\/www.fileasbl.be\/membres\/?attachment_id=32737\" rel=\"attachment wp-att-32737\">La lettre aux communes \u00e0 t\u00e9l\u00e9charger ici !<\/a><\/p><\/li><\/ul>\n<ul><li><h4>L'affiche du 24 janvier\u00a0<\/h4><p><a href=\"https:\/\/www.fileasbl.be\/membres\/?attachment_id=32738\" rel=\"attachment wp-att-32738\">L'affiche 24 janvier (sans ann\u00e9e) au format A3 \u00e0 t\u00e9l\u00e9charger ici !<\/a><\/p> <p><a href=\"https:\/\/www.fileasbl.be\/membres\/wp-content\/uploads\/2024\/12\/2025-ExtrasCOOL-Affiche-A3-Accueillant-extrascolaire.png\">L'affiche pour le 24 janvier 2025 se trouve ici<\/a><\/p><\/li><\/ul>\n<ul><li><h4>Les badges ExtrasCOOL <\/h4><p><a href=\"https:\/\/www.fileasbl.be\/membres\/?attachment_id=32739\" target=\"_blank\" rel=\"attachment noopener wp-att-32739\"><img src=\"https:\/\/www.fileasbl.be\/membres\/wp-content\/uploads\/2024\/10\/Design-sans-titre-300x300.png\" alt=\"\" width=\"300\" height=\"300\" \/><\/a><\/p><\/li><\/ul>\n<p><strong>Mail : info@extrascool.be<\/strong><\/p> <p><a href=\"https:\/\/www.facebook.com\/profile.php?id=61552275877502\"><strong>Facebook : Plateforme ExtrasCOOL<\/strong><\/a><\/p>\n<a href=\"https:\/\/www.fileasbl.be\/membres\/wp-content\/uploads\/2024\/12\/2025-ExtrasCOOL-Affiche-A3-Accueillant-extrascolaire.png\" > <img loading=\"lazy\" decoding=\"async\" src=\"https:\/\/www.fileasbl.be\/membres\/wp-content\/uploads\/2024\/12\/2025-ExtrasCOOL-Affiche-A3-Accueillant-extrascolaire-723x1024-400x520.png\" width=\"400\" height=\"520\" title=\"2025 ExtrasCOOL Affiche A3 Accueillant extrascolaire\" alt=\"2025 ExtrasCOOL Affiche A3 Accueillant extrascolaire\"> <\/a>\n\n<img loading=\"lazy\" decoding=\"async\" width=\"2560\" height=\"1440\" src=\"https:\/\/www.fileasbl.be\/membres\/wp-content\/uploads\/2024\/11\/Copie-de-240124-IMAJE-site.png\" title=\"Copie de 240124 IMAJE site\" alt=\"Copie de 240124 IMAJE site\" srcset=\"https:\/\/www.fileasbl.be\/membres\/wp-content\/uploads\/2024\/11\/Copie-de-240124-IMAJE-site.png 2560w, https:\/\/www.fileasbl.be\/membres\/wp-content\/uploads\/2024\/11\/Copie-de-240124-IMAJE-site-300x169.png 300w, https:\/\/www.fileasbl.be\/membres\/wp-content\/uploads\/2024\/11\/Copie-de-240124-IMAJE-site-1024x576.png 1024w, https:\/\/www.fileasbl.be\/membres\/wp-content\/uploads\/2024\/11\/Copie-de-240124-IMAJE-site-768x432.png 768w, https:\/\/www.fileasbl.be\/membres\/wp-content\/uploads\/2024\/11\/Copie-de-240124-IMAJE-site-1536x864.png 1536w, https:\/\/www.fileasbl.be\/membres\/wp-content\/uploads\/2024\/11\/Copie-de-240124-IMAJE-site-2048x1152.png 2048w, https:\/\/www.fileasbl.be\/membres\/wp-content\/uploads\/2024\/11\/Copie-de-240124-IMAJE-site-400x225.png 400w\" sizes=\"auto, (max-width: 2560px) 100vw, 2560px\" \/>\n\n<p>Vous pouvez imprimer directement l\u2019affiche et les badges extrasCOOL disponibles sur cet article ou venir vous en procurer au bureau de la FILE \u00e0 Louvain-La-Neuve (Avenue de C\u00eeteaux 114 1348 Louvain-la-Neuve).<\/p> <p>Plus d\u2019informations via info@extrascool.be<\/p>\n","_links":{"self":[{"href":"https:\/\/www.fileasbl.be\/membres\/wp-json\/wp\/v2\/posts\/32733","targetHints":{"allow":["GET"]}}],"collection":[{"href":"https:\/\/www.fileasbl.be\/membres\/wp-json\/wp\/v2\/posts"}],"about":[{"href":"https:\/\/www.fileasbl.be\/membres\/wp-json\/wp\/v2\/types\/post"}],"author":[{"embeddable":true,"href":"https:\/\/www.fileasbl.be\/membres\/wp-json\/wp\/v2\/users\/2"}],"replies":[{"embeddable":true,"href":"https:\/\/www.fileasbl.be\/membres\/wp-json\/wp\/v2\/comments?post=32733"}],"version-history":[{"count":0,"href":"https:\/\/www.fileasbl.be\/membres\/wp-json\/wp\/v2\/posts\/32733\/revisions"}],"wp:featuredmedia":[{"embeddable":true,"href":"https:\/\/www.fileasbl.be\/membres\/wp-json\/wp\/v2\/media\/32827"}],"wp:attachment":[{"href":"https:\/\/www.fileasbl.be\/membres\/wp-json\/wp\/v2\/media?parent=32733"}],"wp:term":[{"taxonomy":"category","embeddable":true,"href":"https:\/\/www.fileasbl.be\/membres\/wp-json\/wp\/v2\/categories?post=32733"},{"taxonomy":"post_tag","embeddable":true,"href":"https:\/\/www.fileasbl.be\/membres\/wp-json\/wp\/v2\/tags?post=32733"}],"curies":[{"name":"wp","href":"https:\/\/api.w.org\/{rel}","templated":true}]}}