{"id":32749,"date":"2024-10-14T14:42:49","date_gmt":"2024-10-14T13:42:49","guid":{"rendered":"https:\/\/www.fileasbl.be\/membres\/?p=32749"},"modified":"2025-02-27T15:00:29","modified_gmt":"2025-02-27T14:00:29","slug":"direction-de-service-daccueillant%c2%b7es-formation","status":"publish","type":"post","link":"https:\/\/www.fileasbl.be\/membres\/direction-de-service-daccueillant%c2%b7es-formation\/","title":{"rendered":"Direction de Services d&rsquo;accueillant\u00b7es : formation"},"content":{"rendered":"<!--themify_builder_content-->\n<div id=\"themify_builder_content-32749\" data-postid=\"32749\" class=\"themify_builder_content themify_builder_content-32749 themify_builder tf_clear\">\n    \t<!-- module_row -->\n\t<div  data-lazy=\"1\" class=\"module_row themify_builder_row tb_plgb368 tb_first tf_clearfix\">\n\t    \t\t<div class=\"row_inner col_align_top col-count-1 tf_box tf_w tf_rel\">\n\t\t\t<div  data-lazy=\"1\" class=\"module_column tb-column col-full first tb_kbv3369 tf_box\">\n\t\t\t    \t        <div class=\"tb-column-inner tf_box tf_w\">\n\t\t    <!-- module image -->\n<div  class=\"module module-image tb_4dab305   image-top tf_mw\" data-lazy=\"1\">\n        <div class=\"image-wrap tf_rel tf_mw\">\n\t\t    <img loading=\"lazy\" decoding=\"async\" width=\"6912\" height=\"3456\" src=\"https:\/\/www.fileasbl.be\/membres\/wp-content\/uploads\/2024\/11\/Design-sans-titre.png\" class=\"wp-post-image wp-image-32752\" title=\"Design sans titre\" alt=\"Design sans titre\" srcset=\"https:\/\/www.fileasbl.be\/membres\/wp-content\/uploads\/2024\/11\/Design-sans-titre.png 6912w, https:\/\/www.fileasbl.be\/membres\/wp-content\/uploads\/2024\/11\/Design-sans-titre-300x150.png 300w, https:\/\/www.fileasbl.be\/membres\/wp-content\/uploads\/2024\/11\/Design-sans-titre-1024x512.png 1024w, https:\/\/www.fileasbl.be\/membres\/wp-content\/uploads\/2024\/11\/Design-sans-titre-768x384.png 768w, https:\/\/www.fileasbl.be\/membres\/wp-content\/uploads\/2024\/11\/Design-sans-titre-1536x768.png 1536w, https:\/\/www.fileasbl.be\/membres\/wp-content\/uploads\/2024\/11\/Design-sans-titre-2048x1024.png 2048w, https:\/\/www.fileasbl.be\/membres\/wp-content\/uploads\/2024\/11\/Design-sans-titre-1024x512-400x200.png 400w, https:\/\/www.fileasbl.be\/membres\/wp-content\/uploads\/2024\/11\/Design-sans-titre-1024x512-350x175.png 350w\" sizes=\"auto, (max-width: 6912px) 100vw, 6912px\" \/>\t\n\t\t<\/div>\n\t<!-- \/image-wrap -->\n    \n    \t<\/div>\n<!-- \/module image --><!-- module divider -->\n<div  class=\"module tf_mw module-divider tb_lvwc156 solid   \" style=\"border-width: 2px;border-color: #aad3bc;margin-top: 30px;margin-bottom: 30px;\" data-lazy=\"1\">\n    <\/div>\n<!-- \/module divider -->\n<!-- module text -->\n<div  class=\"module module-text tb_6qnx776   \" data-lazy=\"1\">\n        <div  class=\"tb_text_wrap\">\n    <table width=\"100%\">\n<tbody>\n<tr>\n<td>\n<table width=\"100%\">\n<tbody>\n<tr>\n<td width=\"600\">\n<table width=\"100%\">\n<tbody>\n<tr>\n<td>\n<p><strong>Formation destin\u00e9e aux directions\/responsables de SAE en FWB (2e \u00e9dition)<\/strong><br \/>\u00a0<\/p>\n<\/td>\n<\/tr>\n<\/tbody>\n<\/table>\n<\/td>\n<\/tr>\n<\/tbody>\n<\/table>\n<\/td>\n<\/tr>\n<\/tbody>\n<\/table>\n<p>\u00a0<\/p>\n<table width=\"100%\">\n<tbody>\n<tr>\n<td>\n<table width=\"100%\">\n<tbody>\n<tr>\n<td width=\"600\">\n<table width=\"100%\">\n<tbody>\n<tr>\n<td>\n<p>Suite \u00e0 la r\u00e9forme MILAC, une nouvelle fonction est reconnue au sein des services d\u2019accueil d\u2019enfants\u00a0: <strong><u>le poste de direction<\/u><\/strong> !<br \/><br \/>Comment accompagner sa prise de fonction\u00a0? Quels liens entre le poste de direction, son \u00e9quipe, son pouvoir organisateur\u00a0? Comment adapter son management \u00e0 distance\u00a0?\u00a0<br \/><br \/>Suite au succ\u00e8s de la premi\u00e8re \u00e9dition et afin de soutenir les directions de SAE dans leurs nouvelles fonctions, la COSEGE, la FILE et l\u2019IBEFE Hainaut Sud \u2013 coordination enfance s\u2019associent \u00e0 nouveau afin de proposer trois jours de formation autour de ces th\u00e8mes (inscriptions via <a href=\"mailto:contact@fileasbl.be\">contact@fileasbl.be<\/a>).<\/p>\n<\/td>\n<\/tr>\n<\/tbody>\n<\/table>\n<\/td>\n<\/tr>\n<\/tbody>\n<\/table>\n<\/td>\n<\/tr>\n<\/tbody>\n<\/table>    <\/div>\n<\/div>\n<!-- \/module text --><!-- module divider -->\n<div  class=\"module tf_mw module-divider tb_5q44848 solid   \" style=\"border-width: 2px;border-color: #aad3bc;margin-top: 30px;margin-bottom: 60px;\" data-lazy=\"1\">\n    <\/div>\n<!-- \/module divider -->\n\t<div  data-lazy=\"1\" class=\"module_subrow themify_builder_sub_row tb_junu789 tf_w tf_clearfix\">\n\t    \t\t<div class=\"subrow_inner col_align_top col-count-3 tf_box tf_w\">\n\t\t\t<div  data-lazy=\"1\" class=\"sub_column module_column tf_box col3-1 first tb_j35u790\"> \n\t    \t    \t        <div class=\"tb-column-inner tf_box tf_w\">\n\t\t    <!-- module image -->\n<div  class=\"module module-image tb_5857940   image-top tf_mw\" data-lazy=\"1\">\n        <div class=\"image-wrap tf_rel tf_mw\">\n\t\t    <a href=\"https:\/\/www.fileasbl.be\/membres\/wp-content\/uploads\/2024\/11\/1.png\"\n\t       \t       >\n\t\t   \t\t<img loading=\"lazy\" decoding=\"async\" width=\"1414\" height=\"2000\" src=\"https:\/\/www.fileasbl.be\/membres\/wp-content\/uploads\/2024\/11\/1.png\" class=\"wp-post-image wp-image-32753\" title=\"1\" alt=\"1\" srcset=\"https:\/\/www.fileasbl.be\/membres\/wp-content\/uploads\/2024\/11\/1.png 1414w, https:\/\/www.fileasbl.be\/membres\/wp-content\/uploads\/2024\/11\/1-212x300.png 212w, https:\/\/www.fileasbl.be\/membres\/wp-content\/uploads\/2024\/11\/1-724x1024.png 724w, https:\/\/www.fileasbl.be\/membres\/wp-content\/uploads\/2024\/11\/1-768x1086.png 768w, https:\/\/www.fileasbl.be\/membres\/wp-content\/uploads\/2024\/11\/1-1086x1536.png 1086w, https:\/\/www.fileasbl.be\/membres\/wp-content\/uploads\/2024\/11\/1-400x566.png 400w\" sizes=\"auto, (max-width: 1414px) 100vw, 1414px\" \/>\t    <\/a>\n\t\n\t\t<\/div>\n\t<!-- \/image-wrap -->\n    \n    \t<\/div>\n<!-- \/module image -->\t        <\/div>\n\t    \t<\/div>\n\t\t<div  data-lazy=\"1\" class=\"sub_column module_column tf_box col3-1 middle tb_qu80790\"> \n\t    \t    \t        <div class=\"tb-column-inner tf_box tf_w\">\n\t\t    <!-- module image -->\n<div  class=\"module module-image tb_ca9x940   image-top tf_mw\" data-lazy=\"1\">\n        <div class=\"image-wrap tf_rel tf_mw\">\n\t\t    <a href=\"https:\/\/www.fileasbl.be\/membres\/wp-content\/uploads\/2024\/11\/2.png\"\n\t       \t       >\n\t\t   \t\t<img loading=\"lazy\" decoding=\"async\" width=\"1414\" height=\"2000\" src=\"https:\/\/www.fileasbl.be\/membres\/wp-content\/uploads\/2024\/11\/2.png\" class=\"wp-post-image wp-image-32754\" title=\"2\" alt=\"2\" srcset=\"https:\/\/www.fileasbl.be\/membres\/wp-content\/uploads\/2024\/11\/2.png 1414w, https:\/\/www.fileasbl.be\/membres\/wp-content\/uploads\/2024\/11\/2-212x300.png 212w, https:\/\/www.fileasbl.be\/membres\/wp-content\/uploads\/2024\/11\/2-724x1024.png 724w, https:\/\/www.fileasbl.be\/membres\/wp-content\/uploads\/2024\/11\/2-768x1086.png 768w, https:\/\/www.fileasbl.be\/membres\/wp-content\/uploads\/2024\/11\/2-1086x1536.png 1086w, https:\/\/www.fileasbl.be\/membres\/wp-content\/uploads\/2024\/11\/2-400x566.png 400w\" sizes=\"auto, (max-width: 1414px) 100vw, 1414px\" \/>\t    <\/a>\n\t\n\t\t<\/div>\n\t<!-- \/image-wrap -->\n    \n    \t<\/div>\n<!-- \/module image -->\t        <\/div>\n\t    \t<\/div>\n\t\t<div  data-lazy=\"1\" class=\"sub_column module_column tf_box col3-1 last tb_fqb6790\"> \n\t    \t    \t        <div class=\"tb-column-inner tf_box tf_w\">\n\t\t    <!-- module text -->\n<div  class=\"module module-text tb_u3by861   \" data-lazy=\"1\">\n        <div  class=\"tb_text_wrap\">\n    <ul>\n<li>Infos : <a href=\"https:\/\/www.fileasbl.be\/membres\/wp-content\/uploads\/2024\/11\/affiche-sae-v20241114.pdf\">voir l&rsquo;affiche en PDF<\/a><\/li>\n<li><strong>Quand\u00a0?<\/strong>\u00a0 Mardi 18 f\u00e9vrier, Mardi 18 mars et Jeudi 10 avril 2025 de 9h \u00e0 16h30<\/li>\n<li><strong>O\u00f9\u00a0?\u00a0<\/strong> Direction r\u00e9gionale du FOREM\u00a0&#8211; Avenue du Prince de Li\u00e8ge, 137 \u00e0 5100 Jambes \u2013 5<sup>i\u00e8me<\/sup> \u00e9tage, bloc B\u00a0 Salle panoramique<\/li>\n<li><strong>Prix\u00a0?<\/strong> 175\u20ac pour les 3 jours<\/li>\n<li><strong>Modalit\u00e9s d&rsquo;inscription ?<\/strong>\u00a0<a href=\"mailto:contact@fileasbl.be\">contact@fileasbl.be<\/a><\/li>\n<\/ul>    <\/div>\n<\/div>\n<!-- \/module text -->\t        <\/div>\n\t    \t<\/div>\n\t\t    <\/div>\n\t<\/div><!-- \/themify_builder_sub_row -->\n\t\t        <\/div>\n\t    \t<\/div>\n\t\t    <\/div>\n\t    <!-- \/row_inner -->\n\t<\/div>\n\t<!-- \/module_row -->\n\t<\/div>\n<!--\/themify_builder_content-->","protected":false},"excerpt":{"rendered":"<p>Formation destin\u00e9e aux directions\/responsables de SAE en FWB (2e \u00e9dition)\u00a0 \u00a0 Suite \u00e0 la r\u00e9forme MILAC, une nouvelle fonction est reconnue au sein des services d\u2019accueil d\u2019enfants\u00a0: le poste de direction !Comment accompagner sa prise de fonction\u00a0? Quels liens entre le poste de direction, son \u00e9quipe, son pouvoir organisateur\u00a0? Comment adapter son management \u00e0 distance\u00a0?\u00a0Suite [&hellip;]<\/p>\n","protected":false},"author":142,"featured_media":32752,"comment_status":"open","ping_status":"open","sticky":false,"template":"","format":"standard","meta":{"footnotes":""},"categories":[241,306,278,246,9],"tags":[],"class_list":["post-32749","post","type-post","status-publish","format-standard","has-post-thumbnail","hentry","category-asbl","category-formation-continue","category-qualification","category-milac","category-statut-des-accueillantes","has-post-title","has-post-date","has-post-category","has-post-tag","has-post-comment","has-post-author",""],"yoast_head":"<!-- This site is optimized with the Yoast SEO plugin v27.5 - https:\/\/yoast.com\/product\/yoast-seo-wordpress\/ -->\n<title>Direction de Services d&#039;accueillant\u00b7es : formation - Site de la FILE<\/title>\n<meta name=\"robots\" content=\"index, follow, max-snippet:-1, max-image-preview:large, max-video-preview:-1\" \/>\n<link rel=\"canonical\" href=\"https:\/\/www.fileasbl.be\/membres\/direction-de-service-daccueillant\u00b7es-formation\/\" \/>\n<meta property=\"og:locale\" content=\"fr_FR\" \/>\n<meta property=\"og:type\" content=\"article\" \/>\n<meta property=\"og:title\" content=\"Direction de Services d&#039;accueillant\u00b7es : formation - Site de la FILE\" \/>\n<meta property=\"og:description\" content=\"Formation destin\u00e9e aux directions\/responsables de SAE en FWB (2e \u00e9dition)\u00a0 \u00a0 Suite \u00e0 la r\u00e9forme MILAC, une nouvelle fonction est reconnue au sein des services d\u2019accueil d\u2019enfants\u00a0: le poste de direction !Comment accompagner sa prise de fonction\u00a0? Quels liens entre le poste de direction, son \u00e9quipe, son pouvoir organisateur\u00a0? Comment adapter son management \u00e0 distance\u00a0?\u00a0Suite [&hellip;]\" \/>\n<meta property=\"og:url\" content=\"https:\/\/www.fileasbl.be\/membres\/direction-de-service-daccueillant\u00b7es-formation\/\" \/>\n<meta property=\"og:site_name\" content=\"Site de la FILE\" \/>\n<meta property=\"article:publisher\" content=\"https:\/\/www.facebook.com\/fileasbl\/\" \/>\n<meta property=\"article:published_time\" content=\"2024-10-14T13:42:49+00:00\" \/>\n<meta property=\"article:modified_time\" content=\"2025-02-27T14:00:29+00:00\" \/>\n<meta property=\"og:image\" content=\"https:\/\/www.fileasbl.be\/membres\/wp-content\/uploads\/2024\/11\/Design-sans-titre.png\" \/>\n\t<meta property=\"og:image:width\" content=\"6912\" \/>\n\t<meta property=\"og:image:height\" content=\"3456\" \/>\n\t<meta property=\"og:image:type\" content=\"image\/png\" \/>\n<meta name=\"author\" content=\"C\u00e9cile VH\" \/>\n<meta name=\"twitter:card\" content=\"summary_large_image\" \/>\n<meta name=\"twitter:label1\" content=\"\u00c9crit par\" \/>\n\t<meta name=\"twitter:data1\" content=\"C\u00e9cile VH\" \/>\n\t<meta name=\"twitter:label2\" content=\"Dur\u00e9e de lecture estim\u00e9e\" \/>\n\t<meta name=\"twitter:data2\" content=\"2 minutes\" \/>\n<script type=\"application\/ld+json\" class=\"yoast-schema-graph\">{\"@context\":\"https:\\\/\\\/schema.org\",\"@graph\":[{\"@type\":\"Article\",\"@id\":\"https:\\\/\\\/www.fileasbl.be\\\/membres\\\/direction-de-service-daccueillant%c2%b7es-formation\\\/#article\",\"isPartOf\":{\"@id\":\"https:\\\/\\\/www.fileasbl.be\\\/membres\\\/direction-de-service-daccueillant%c2%b7es-formation\\\/\"},\"author\":{\"name\":\"C\u00e9cile VH\",\"@id\":\"https:\\\/\\\/www.fileasbl.be\\\/membres\\\/#\\\/schema\\\/person\\\/f30b4fac0c20c2dd4731bc374c9ed234\"},\"headline\":\"Direction de Services d&rsquo;accueillant\u00b7es : formation\",\"datePublished\":\"2024-10-14T13:42:49+00:00\",\"dateModified\":\"2025-02-27T14:00:29+00:00\",\"mainEntityOfPage\":{\"@id\":\"https:\\\/\\\/www.fileasbl.be\\\/membres\\\/direction-de-service-daccueillant%c2%b7es-formation\\\/\"},\"wordCount\":7,\"commentCount\":0,\"image\":{\"@id\":\"https:\\\/\\\/www.fileasbl.be\\\/membres\\\/direction-de-service-daccueillant%c2%b7es-formation\\\/#primaryimage\"},\"thumbnailUrl\":\"https:\\\/\\\/www.fileasbl.be\\\/membres\\\/wp-content\\\/uploads\\\/2024\\\/11\\\/Design-sans-titre.png\",\"articleSection\":[\"ASBL\",\"Formation continue\",\"Formation juridique\",\"Milieu d'accueil 0-3 ans\",\"Statut des accueillantes\"],\"inLanguage\":\"fr-FR\",\"potentialAction\":[{\"@type\":\"CommentAction\",\"name\":\"Comment\",\"target\":[\"https:\\\/\\\/www.fileasbl.be\\\/membres\\\/direction-de-service-daccueillant%c2%b7es-formation\\\/#respond\"]}]},{\"@type\":\"WebPage\",\"@id\":\"https:\\\/\\\/www.fileasbl.be\\\/membres\\\/direction-de-service-daccueillant%c2%b7es-formation\\\/\",\"url\":\"https:\\\/\\\/www.fileasbl.be\\\/membres\\\/direction-de-service-daccueillant%c2%b7es-formation\\\/\",\"name\":\"Direction de Services d'accueillant\u00b7es : formation - Site de la FILE\",\"isPartOf\":{\"@id\":\"https:\\\/\\\/www.fileasbl.be\\\/membres\\\/#website\"},\"primaryImageOfPage\":{\"@id\":\"https:\\\/\\\/www.fileasbl.be\\\/membres\\\/direction-de-service-daccueillant%c2%b7es-formation\\\/#primaryimage\"},\"image\":{\"@id\":\"https:\\\/\\\/www.fileasbl.be\\\/membres\\\/direction-de-service-daccueillant%c2%b7es-formation\\\/#primaryimage\"},\"thumbnailUrl\":\"https:\\\/\\\/www.fileasbl.be\\\/membres\\\/wp-content\\\/uploads\\\/2024\\\/11\\\/Design-sans-titre.png\",\"datePublished\":\"2024-10-14T13:42:49+00:00\",\"dateModified\":\"2025-02-27T14:00:29+00:00\",\"author\":{\"@id\":\"https:\\\/\\\/www.fileasbl.be\\\/membres\\\/#\\\/schema\\\/person\\\/f30b4fac0c20c2dd4731bc374c9ed234\"},\"breadcrumb\":{\"@id\":\"https:\\\/\\\/www.fileasbl.be\\\/membres\\\/direction-de-service-daccueillant%c2%b7es-formation\\\/#breadcrumb\"},\"inLanguage\":\"fr-FR\",\"potentialAction\":[{\"@type\":\"ReadAction\",\"target\":[\"https:\\\/\\\/www.fileasbl.be\\\/membres\\\/direction-de-service-daccueillant%c2%b7es-formation\\\/\"]}]},{\"@type\":\"ImageObject\",\"inLanguage\":\"fr-FR\",\"@id\":\"https:\\\/\\\/www.fileasbl.be\\\/membres\\\/direction-de-service-daccueillant%c2%b7es-formation\\\/#primaryimage\",\"url\":\"https:\\\/\\\/www.fileasbl.be\\\/membres\\\/wp-content\\\/uploads\\\/2024\\\/11\\\/Design-sans-titre.png\",\"contentUrl\":\"https:\\\/\\\/www.fileasbl.be\\\/membres\\\/wp-content\\\/uploads\\\/2024\\\/11\\\/Design-sans-titre.png\",\"width\":6912,\"height\":3456},{\"@type\":\"BreadcrumbList\",\"@id\":\"https:\\\/\\\/www.fileasbl.be\\\/membres\\\/direction-de-service-daccueillant%c2%b7es-formation\\\/#breadcrumb\",\"itemListElement\":[{\"@type\":\"ListItem\",\"position\":1,\"name\":\"Accueil\",\"item\":\"https:\\\/\\\/www.fileasbl.be\\\/membres\\\/\"},{\"@type\":\"ListItem\",\"position\":2,\"name\":\"Direction de Services d&rsquo;accueillant\u00b7es : formation\"}]},{\"@type\":\"WebSite\",\"@id\":\"https:\\\/\\\/www.fileasbl.be\\\/membres\\\/#website\",\"url\":\"https:\\\/\\\/www.fileasbl.be\\\/membres\\\/\",\"name\":\"Site de la FILE\",\"description\":\"FILE Un accueil de qualit\u00e9 accessible \u00e0 tous\",\"potentialAction\":[{\"@type\":\"SearchAction\",\"target\":{\"@type\":\"EntryPoint\",\"urlTemplate\":\"https:\\\/\\\/www.fileasbl.be\\\/membres\\\/?s={search_term_string}\"},\"query-input\":{\"@type\":\"PropertyValueSpecification\",\"valueRequired\":true,\"valueName\":\"search_term_string\"}}],\"inLanguage\":\"fr-FR\"},{\"@type\":\"Person\",\"@id\":\"https:\\\/\\\/www.fileasbl.be\\\/membres\\\/#\\\/schema\\\/person\\\/f30b4fac0c20c2dd4731bc374c9ed234\",\"name\":\"C\u00e9cile VH\",\"sameAs\":[\"contact@fileasbl.be\"],\"url\":\"https:\\\/\\\/www.fileasbl.be\\\/membres\\\/author\\\/cecilevh\\\/\"}]}<\/script>\n<!-- \/ Yoast SEO plugin. -->","yoast_head_json":{"title":"Direction de Services d'accueillant\u00b7es : formation - Site de la FILE","robots":{"index":"index","follow":"follow","max-snippet":"max-snippet:-1","max-image-preview":"max-image-preview:large","max-video-preview":"max-video-preview:-1"},"canonical":"https:\/\/www.fileasbl.be\/membres\/direction-de-service-daccueillant\u00b7es-formation\/","og_locale":"fr_FR","og_type":"article","og_title":"Direction de Services d'accueillant\u00b7es : formation - Site de la FILE","og_description":"Formation destin\u00e9e aux directions\/responsables de SAE en FWB (2e \u00e9dition)\u00a0 \u00a0 Suite \u00e0 la r\u00e9forme MILAC, une nouvelle fonction est reconnue au sein des services d\u2019accueil d\u2019enfants\u00a0: le poste de direction !Comment accompagner sa prise de fonction\u00a0? Quels liens entre le poste de direction, son \u00e9quipe, son pouvoir organisateur\u00a0? Comment adapter son management \u00e0 distance\u00a0?\u00a0Suite [&hellip;]","og_url":"https:\/\/www.fileasbl.be\/membres\/direction-de-service-daccueillant\u00b7es-formation\/","og_site_name":"Site de la FILE","article_publisher":"https:\/\/www.facebook.com\/fileasbl\/","article_published_time":"2024-10-14T13:42:49+00:00","article_modified_time":"2025-02-27T14:00:29+00:00","og_image":[{"width":6912,"height":3456,"url":"https:\/\/www.fileasbl.be\/membres\/wp-content\/uploads\/2024\/11\/Design-sans-titre.png","type":"image\/png"}],"author":"C\u00e9cile VH","twitter_card":"summary_large_image","twitter_misc":{"\u00c9crit par":"C\u00e9cile VH","Dur\u00e9e de lecture estim\u00e9e":"2 minutes"},"schema":{"@context":"https:\/\/schema.org","@graph":[{"@type":"Article","@id":"https:\/\/www.fileasbl.be\/membres\/direction-de-service-daccueillant%c2%b7es-formation\/#article","isPartOf":{"@id":"https:\/\/www.fileasbl.be\/membres\/direction-de-service-daccueillant%c2%b7es-formation\/"},"author":{"name":"C\u00e9cile VH","@id":"https:\/\/www.fileasbl.be\/membres\/#\/schema\/person\/f30b4fac0c20c2dd4731bc374c9ed234"},"headline":"Direction de Services d&rsquo;accueillant\u00b7es : formation","datePublished":"2024-10-14T13:42:49+00:00","dateModified":"2025-02-27T14:00:29+00:00","mainEntityOfPage":{"@id":"https:\/\/www.fileasbl.be\/membres\/direction-de-service-daccueillant%c2%b7es-formation\/"},"wordCount":7,"commentCount":0,"image":{"@id":"https:\/\/www.fileasbl.be\/membres\/direction-de-service-daccueillant%c2%b7es-formation\/#primaryimage"},"thumbnailUrl":"https:\/\/www.fileasbl.be\/membres\/wp-content\/uploads\/2024\/11\/Design-sans-titre.png","articleSection":["ASBL","Formation continue","Formation juridique","Milieu d'accueil 0-3 ans","Statut des accueillantes"],"inLanguage":"fr-FR","potentialAction":[{"@type":"CommentAction","name":"Comment","target":["https:\/\/www.fileasbl.be\/membres\/direction-de-service-daccueillant%c2%b7es-formation\/#respond"]}]},{"@type":"WebPage","@id":"https:\/\/www.fileasbl.be\/membres\/direction-de-service-daccueillant%c2%b7es-formation\/","url":"https:\/\/www.fileasbl.be\/membres\/direction-de-service-daccueillant%c2%b7es-formation\/","name":"Direction de Services d'accueillant\u00b7es : formation - Site de la FILE","isPartOf":{"@id":"https:\/\/www.fileasbl.be\/membres\/#website"},"primaryImageOfPage":{"@id":"https:\/\/www.fileasbl.be\/membres\/direction-de-service-daccueillant%c2%b7es-formation\/#primaryimage"},"image":{"@id":"https:\/\/www.fileasbl.be\/membres\/direction-de-service-daccueillant%c2%b7es-formation\/#primaryimage"},"thumbnailUrl":"https:\/\/www.fileasbl.be\/membres\/wp-content\/uploads\/2024\/11\/Design-sans-titre.png","datePublished":"2024-10-14T13:42:49+00:00","dateModified":"2025-02-27T14:00:29+00:00","author":{"@id":"https:\/\/www.fileasbl.be\/membres\/#\/schema\/person\/f30b4fac0c20c2dd4731bc374c9ed234"},"breadcrumb":{"@id":"https:\/\/www.fileasbl.be\/membres\/direction-de-service-daccueillant%c2%b7es-formation\/#breadcrumb"},"inLanguage":"fr-FR","potentialAction":[{"@type":"ReadAction","target":["https:\/\/www.fileasbl.be\/membres\/direction-de-service-daccueillant%c2%b7es-formation\/"]}]},{"@type":"ImageObject","inLanguage":"fr-FR","@id":"https:\/\/www.fileasbl.be\/membres\/direction-de-service-daccueillant%c2%b7es-formation\/#primaryimage","url":"https:\/\/www.fileasbl.be\/membres\/wp-content\/uploads\/2024\/11\/Design-sans-titre.png","contentUrl":"https:\/\/www.fileasbl.be\/membres\/wp-content\/uploads\/2024\/11\/Design-sans-titre.png","width":6912,"height":3456},{"@type":"BreadcrumbList","@id":"https:\/\/www.fileasbl.be\/membres\/direction-de-service-daccueillant%c2%b7es-formation\/#breadcrumb","itemListElement":[{"@type":"ListItem","position":1,"name":"Accueil","item":"https:\/\/www.fileasbl.be\/membres\/"},{"@type":"ListItem","position":2,"name":"Direction de Services d&rsquo;accueillant\u00b7es : formation"}]},{"@type":"WebSite","@id":"https:\/\/www.fileasbl.be\/membres\/#website","url":"https:\/\/www.fileasbl.be\/membres\/","name":"Site de la FILE","description":"FILE Un accueil de qualit\u00e9 accessible \u00e0 tous","potentialAction":[{"@type":"SearchAction","target":{"@type":"EntryPoint","urlTemplate":"https:\/\/www.fileasbl.be\/membres\/?s={search_term_string}"},"query-input":{"@type":"PropertyValueSpecification","valueRequired":true,"valueName":"search_term_string"}}],"inLanguage":"fr-FR"},{"@type":"Person","@id":"https:\/\/www.fileasbl.be\/membres\/#\/schema\/person\/f30b4fac0c20c2dd4731bc374c9ed234","name":"C\u00e9cile VH","sameAs":["contact@fileasbl.be"],"url":"https:\/\/www.fileasbl.be\/membres\/author\/cecilevh\/"}]}},"builder_content":"<img loading=\"lazy\" decoding=\"async\" width=\"6912\" height=\"3456\" src=\"https:\/\/www.fileasbl.be\/membres\/wp-content\/uploads\/2024\/11\/Design-sans-titre.png\" title=\"Design sans titre\" alt=\"Design sans titre\" srcset=\"https:\/\/www.fileasbl.be\/membres\/wp-content\/uploads\/2024\/11\/Design-sans-titre.png 6912w, https:\/\/www.fileasbl.be\/membres\/wp-content\/uploads\/2024\/11\/Design-sans-titre-300x150.png 300w, https:\/\/www.fileasbl.be\/membres\/wp-content\/uploads\/2024\/11\/Design-sans-titre-1024x512.png 1024w, https:\/\/www.fileasbl.be\/membres\/wp-content\/uploads\/2024\/11\/Design-sans-titre-768x384.png 768w, https:\/\/www.fileasbl.be\/membres\/wp-content\/uploads\/2024\/11\/Design-sans-titre-1536x768.png 1536w, https:\/\/www.fileasbl.be\/membres\/wp-content\/uploads\/2024\/11\/Design-sans-titre-2048x1024.png 2048w, https:\/\/www.fileasbl.be\/membres\/wp-content\/uploads\/2024\/11\/Design-sans-titre-1024x512-400x200.png 400w, https:\/\/www.fileasbl.be\/membres\/wp-content\/uploads\/2024\/11\/Design-sans-titre-1024x512-350x175.png 350w\" sizes=\"auto, (max-width: 6912px) 100vw, 6912px\" \/>\n\n<table width=\"100%\"> <tbody> <tr> <td> <table width=\"100%\"> <tbody> <tr> <td width=\"600\"> <table width=\"100%\"> <tbody> <tr> <td> <p><strong>Formation destin\u00e9e aux directions\/responsables de SAE en FWB (2e \u00e9dition)<\/strong><br \/>\u00a0<\/p> <\/td> <\/tr> <\/tbody> <\/table> <\/td> <\/tr> <\/tbody> <\/table> <\/td> <\/tr> <\/tbody> <\/table> <p>\u00a0<\/p> <table width=\"100%\"> <tbody> <tr> <td> <table width=\"100%\"> <tbody> <tr> <td width=\"600\"> <table width=\"100%\"> <tbody> <tr> <td> <p>Suite \u00e0 la r\u00e9forme MILAC, une nouvelle fonction est reconnue au sein des services d\u2019accueil d\u2019enfants\u00a0: <strong><u>le poste de direction<\/u><\/strong> !<br \/><br \/>Comment accompagner sa prise de fonction\u00a0? Quels liens entre le poste de direction, son \u00e9quipe, son pouvoir organisateur\u00a0? Comment adapter son management \u00e0 distance\u00a0?\u00a0<br \/><br \/>Suite au succ\u00e8s de la premi\u00e8re \u00e9dition et afin de soutenir les directions de SAE dans leurs nouvelles fonctions, la COSEGE, la FILE et l\u2019IBEFE Hainaut Sud \u2013 coordination enfance s\u2019associent \u00e0 nouveau afin de proposer trois jours de formation autour de ces th\u00e8mes (inscriptions via <a href=\"mailto:contact@fileasbl.be\">contact@fileasbl.be<\/a>).<\/p> <\/td> <\/tr> <\/tbody> <\/table> <\/td> <\/tr> <\/tbody> <\/table> <\/td> <\/tr> <\/tbody> <\/table>\n\n<a href=\"https:\/\/www.fileasbl.be\/membres\/wp-content\/uploads\/2024\/11\/1.png\" > <img loading=\"lazy\" decoding=\"async\" width=\"1414\" height=\"2000\" src=\"https:\/\/www.fileasbl.be\/membres\/wp-content\/uploads\/2024\/11\/1.png\" title=\"1\" alt=\"1\" srcset=\"https:\/\/www.fileasbl.be\/membres\/wp-content\/uploads\/2024\/11\/1.png 1414w, https:\/\/www.fileasbl.be\/membres\/wp-content\/uploads\/2024\/11\/1-212x300.png 212w, https:\/\/www.fileasbl.be\/membres\/wp-content\/uploads\/2024\/11\/1-724x1024.png 724w, https:\/\/www.fileasbl.be\/membres\/wp-content\/uploads\/2024\/11\/1-768x1086.png 768w, https:\/\/www.fileasbl.be\/membres\/wp-content\/uploads\/2024\/11\/1-1086x1536.png 1086w, https:\/\/www.fileasbl.be\/membres\/wp-content\/uploads\/2024\/11\/1-400x566.png 400w\" sizes=\"auto, (max-width: 1414px) 100vw, 1414px\" \/> <\/a>\n<a href=\"https:\/\/www.fileasbl.be\/membres\/wp-content\/uploads\/2024\/11\/2.png\" > <img loading=\"lazy\" decoding=\"async\" width=\"1414\" height=\"2000\" src=\"https:\/\/www.fileasbl.be\/membres\/wp-content\/uploads\/2024\/11\/2.png\" title=\"2\" alt=\"2\" srcset=\"https:\/\/www.fileasbl.be\/membres\/wp-content\/uploads\/2024\/11\/2.png 1414w, https:\/\/www.fileasbl.be\/membres\/wp-content\/uploads\/2024\/11\/2-212x300.png 212w, https:\/\/www.fileasbl.be\/membres\/wp-content\/uploads\/2024\/11\/2-724x1024.png 724w, https:\/\/www.fileasbl.be\/membres\/wp-content\/uploads\/2024\/11\/2-768x1086.png 768w, https:\/\/www.fileasbl.be\/membres\/wp-content\/uploads\/2024\/11\/2-1086x1536.png 1086w, https:\/\/www.fileasbl.be\/membres\/wp-content\/uploads\/2024\/11\/2-400x566.png 400w\" sizes=\"auto, (max-width: 1414px) 100vw, 1414px\" \/> <\/a>\n<ul> <li>Infos : <a href=\"https:\/\/www.fileasbl.be\/membres\/wp-content\/uploads\/2024\/11\/affiche-sae-v20241114.pdf\">voir l'affiche en PDF<\/a><\/li> <li><strong>Quand\u00a0?<\/strong>\u00a0 Mardi 18 f\u00e9vrier, Mardi 18 mars et Jeudi 10 avril 2025 de 9h \u00e0 16h30<\/li> <li><strong>O\u00f9\u00a0?\u00a0<\/strong> Direction r\u00e9gionale du FOREM\u00a0- Avenue du Prince de Li\u00e8ge, 137 \u00e0 5100 Jambes \u2013 5<sup>i\u00e8me<\/sup> \u00e9tage, bloc B\u00a0 Salle panoramique<\/li> <li><strong>Prix\u00a0?<\/strong> 175\u20ac pour les 3 jours<\/li> <li><strong>Modalit\u00e9s d'inscription ?<\/strong>\u00a0<a href=\"mailto:contact@fileasbl.be\">contact@fileasbl.be<\/a><\/li> <\/ul>","_links":{"self":[{"href":"https:\/\/www.fileasbl.be\/membres\/wp-json\/wp\/v2\/posts\/32749","targetHints":{"allow":["GET"]}}],"collection":[{"href":"https:\/\/www.fileasbl.be\/membres\/wp-json\/wp\/v2\/posts"}],"about":[{"href":"https:\/\/www.fileasbl.be\/membres\/wp-json\/wp\/v2\/types\/post"}],"author":[{"embeddable":true,"href":"https:\/\/www.fileasbl.be\/membres\/wp-json\/wp\/v2\/users\/142"}],"replies":[{"embeddable":true,"href":"https:\/\/www.fileasbl.be\/membres\/wp-json\/wp\/v2\/comments?post=32749"}],"version-history":[{"count":0,"href":"https:\/\/www.fileasbl.be\/membres\/wp-json\/wp\/v2\/posts\/32749\/revisions"}],"wp:featuredmedia":[{"embeddable":true,"href":"https:\/\/www.fileasbl.be\/membres\/wp-json\/wp\/v2\/media\/32752"}],"wp:attachment":[{"href":"https:\/\/www.fileasbl.be\/membres\/wp-json\/wp\/v2\/media?parent=32749"}],"wp:term":[{"taxonomy":"category","embeddable":true,"href":"https:\/\/www.fileasbl.be\/membres\/wp-json\/wp\/v2\/categories?post=32749"},{"taxonomy":"post_tag","embeddable":true,"href":"https:\/\/www.fileasbl.be\/membres\/wp-json\/wp\/v2\/tags?post=32749"}],"curies":[{"name":"wp","href":"https:\/\/api.w.org\/{rel}","templated":true}]}}