{"id":32868,"date":"2024-11-26T14:19:47","date_gmt":"2024-11-26T13:19:47","guid":{"rendered":"https:\/\/www.fileasbl.be\/membres\/?p=32868"},"modified":"2024-12-27T14:00:26","modified_gmt":"2024-12-27T13:00:26","slug":"en-bref-secteur-prive-etablissement-et-depot-de-vos-plans-de-formation","status":"publish","type":"post","link":"https:\/\/www.fileasbl.be\/membres\/en-bref-secteur-prive-etablissement-et-depot-de-vos-plans-de-formation\/","title":{"rendered":"En bref &#8211; Secteur priv\u00e9 &#8211; Etablissement et d\u00e9p\u00f4t de vos plans de formation"},"content":{"rendered":"<!--themify_builder_content-->\n<div id=\"themify_builder_content-32868\" data-postid=\"32868\" class=\"themify_builder_content themify_builder_content-32868 themify_builder tf_clear\">\n    \t<!-- module_row -->\n\t<div  data-lazy=\"1\" class=\"module_row themify_builder_row tb_2uso728 tb_first tf_clearfix\">\n\t    \t\t<div class=\"row_inner col_align_top col-count-1 tf_box tf_w tf_rel\">\n\t\t\t<div  data-lazy=\"1\" class=\"module_column tb-column col-full first tb_mmns729 tf_box\">\n\t\t\t    \t        <div class=\"tb-column-inner tf_box tf_w\">\n\t\t    \t<div  data-lazy=\"1\" class=\"module_subrow themify_builder_sub_row tb_vcx1720 tf_w tf_clearfix\">\n\t    \t\t<div class=\"subrow_inner col_align_top col-count-2 tf_box tf_w\">\n\t\t\t<div  data-lazy=\"1\" class=\"sub_column module_column tf_box col2-1 first tb_7uri721\"> \n\t    \t    \t        <div class=\"tb-column-inner tf_box tf_w\">\n\t\t    <!-- module text -->\n<div  class=\"module module-text tb_ihq6809   \" data-lazy=\"1\">\n        <div  class=\"tb_text_wrap\">\n    <p>Contenu r\u00e9serv\u00e9 aux membres de la FILE<\/p>    <\/div>\n<\/div>\n<!-- \/module text -->\t        <\/div>\n\t    \t<\/div>\n\t\t<div  data-lazy=\"1\" class=\"sub_column module_column tf_box col2-1 last tb_n0ht722\"> \n\t    \t    \t        <div class=\"tb-column-inner tf_box tf_w\">\n\t\t    <!-- module login -->\n<div  class=\"module module-login tb_lawl282 \" data-lazy=\"1\">\n\t<div classss=\"tb_login_wrap \">\n\t\n\t\t\t\n\t\t<form class=\"tb_login_form tf_clearfix tf_box tf_clear\" name=\"loginform\" action=\"https:\/\/www.fileasbl.be\/membres\/wp-login.php\" method=\"post\">\n\t\t\t<p class=\"tb_login_username\">\n\t\t\t\t<label>\n\t\t\t\t\t<span class=\"tb_login_username_text\">Username or Email<\/span>\n\t\t\t\t\t<input type=\"text\" name=\"log\" required=\"required\">\n\t\t\t\t<\/label>\n\t\t\t<\/p>\n\t\t\t<p class=\"tb_login_password\">\n\t\t\t\t<label>\n\t\t\t\t\t<span class=\"tb_login_password_text\">Password<\/span>\n\t\t\t\t\t<input type=\"password\" name=\"pwd\" required=\"required\">\n\t\t\t\t<\/label>\n\t\t\t<\/p>\n\t\t\t<div class=\"tb_login_links tf_box tf_clear\">\n\t\t\t\t<a href=\"https:\/\/www.fileasbl.be\/membres\/wp-login.php?action=lostpassword\">Forgotten Password?<\/a>\n\t\t\t<\/div>\n\n\t\t\t\n\t\t\t\t\t\t<p class=\"tb_login_remember tf_left tf_box\">\n\t\t\t\t<label>\n\t\t\t\t\t<input name=\"rememberme\" type=\"checkbox\" value=\"forever\"> \n\t\t\t\t\t<span class=\"tb_login_remember_text\">Remember Me<\/span>\n\t\t\t\t<\/label>\n\t\t\t<\/p>\n\t\t\t\t\t\t<p class=\"tb_login_submit tf_right\">\n\t\t\t\t<button name=\"wp-submit\">Log In<\/button>\n\t\t\t\t<input type=\"hidden\" name=\"redirect_to\" value=\"\/membres\/wp-json\/wp\/v2\/posts\/32868?login_success=1\">\n\t\t\t\t<input type=\"hidden\" name=\"tb_login\" value=\"1\">\n\n\t\t\t\t\t\t\t<\/p>\n\n\t\t<\/form>\n\n\t\t<form class=\"tb_lostpassword_form tf_clearfix tf_box tf_clear\" name=\"lostpasswordform\" action=\"https:\/\/www.fileasbl.be\/membres\/wp-login.php?action=lostpassword\" method=\"post\" style=\"display:none\">\n\t\t\t<p class=\"tb_lostpassword_username\">\n\t\t\t\t<label>\n\t\t\t\t\t<span class=\"tb_lostpassword_username_text\">Username or Email<\/span>\n\t\t\t\t\t<input type=\"text\" name=\"user_login\" required=\"required\">\n\t\t\t\t<\/label>\n\t\t\t<\/p>\n\n\t\t\t\n\t\t\t\t\t\t<p class=\"tb_lostpassword_submit tf_right\">\n\t\t\t\t<button>Reset Password<\/button>\n\t\t\t<\/p>\n\n\t\t\t<div class=\"tb_login_links tf_left tf_box\">\n\t\t\t\t<a href=\"https:\/\/www.fileasbl.be\/membres\/wp-login.php\">Log In<\/a>\n\t\t\t<\/div>\n\t\t<\/form>\n\n\t    <\/div>\n<\/div><!-- \/module login -->\t        <\/div>\n\t    \t<\/div>\n\t\t    <\/div>\n\t<\/div><!-- \/themify_builder_sub_row -->\n\t<!-- module text -->\n<div  class=\"module module-text tb_2o91120   \" data-lazy=\"1\">\n        <div  class=\"tb_text_wrap\">\n    <table width=\"100%\">\n<tbody>\n<tr>\n<td>\n<table width=\"100%\">\n<tbody>\n<tr>\n<td width=\"600\">\n<table width=\"100%\">\n<tbody>\n<tr>\n<td>\n<table width=\"100%\">\n<tbody>\n<tr>\n<td>\n<table width=\"100%\">\n<tbody>\n<tr>\n<td>\n<table width=\"100%\">\n<tbody>\n<tr>\n<td>\n<table width=\"100%\">\n<tbody>\n<tr>\n<td>\n<table width=\"100%\">\n<tbody>\n<tr>\n<td>\n<table width=\"100%\">\n<tbody>\n<tr>\n<td>\n<table width=\"100%\">\n<tbody>\n<tr>\n<td>\n<table width=\"100%\">\n<tbody>\n<tr>\n<td>\n<ul>\n<li><strong>Etablissement des plans de formation pour le 31 mars <\/strong><\/li>\n<\/ul>\n<p>La loi \u00ab deal emploi \u00bb pr\u00e9voit l\u2019obligation pour les employeurs qui occupent au moins 20 travailleurs d\u2019\u00e9tablir un <strong>plan de formation chaque ann\u00e9e<\/strong> (il s&rsquo;agit d&rsquo;une obligation f\u00e9d\u00e9rale, non li\u00e9e \u00e0 vos obligations d&rsquo;agr\u00e9ment ONE).\u00a0\u00a0<br \/><br \/>Le plan de formation est un document r\u00e9dig\u00e9 soit sous forme papier, soit sous forme \u00e9lectronique, listant les formations ainsi que <strong>le groupe-cible des travailleurs<\/strong> \u00e0 qui elles sont destin\u00e9es.<br \/><br \/>Ce plan de formation doit \u00eatre \u00e9tabli par l\u2019employeur chaque ann\u00e9e avant le 31 mars apr\u00e8s consultation du conseil d\u2019entreprise ou, \u00e0 d\u00e9faut de la d\u00e9l\u00e9gation syndicale. En l\u2019absence de conseil d\u2019entreprise ou d\u2019une d\u00e9l\u00e9gation syndicale, le plan de formation est soumis aux travailleurs pour le 15 mars au plus tard.<br \/><br \/>Le plan doit \u00eatre conclu pour une dur\u00e9e de minimum 1 an.<\/p>\n<ul>\n<li><strong>D\u00e9p\u00f4t des plans de formation pour le 30 avril<\/strong><\/li>\n<\/ul>\n<p>Ce plan doit ensuite \u00eatre d\u00e9pos\u00e9 au SPF Emploi pour le 30 avril via l\u2019application\u00a0<a href=\"https:\/\/fileasbl.us19.list-manage.com\/track\/click?u=6ee8fd8d279afe53981b72411&amp;id=fdf671812d&amp;e=69624887f8\"><strong>transfert.emploi.belgique.be<\/strong><\/a>.<br \/>Cette obligation n\u2019\u00e9tait jusqu\u2019ici pas d\u2019application \u00e0 d\u00e9faut d\u2019arr\u00eat\u00e9 royal.<br \/>Le 2 septembre 2024 est paru au Moniteur Belge<a href=\"https:\/\/fileasbl.us19.list-manage.com\/track\/click?u=6ee8fd8d279afe53981b72411&amp;id=2b991421b5&amp;e=69624887f8\"><strong>, l\u2019Arr\u00eat\u00e9 Royal ex\u00e9cutant l\u2019article 38 et les articles 46 \u00e0 48 inclus de la loi de la loi du 3 octobre 2022 portant des dispositions diverses en mati\u00e8re de travail.<\/strong><\/a><br \/><br \/>Les employeurs disposent d&rsquo;un d\u00e9lai de 6 mois \u00e0 compter du 2 septembre 2024 pour d\u00e9poser leurs plans de formation relatifs aux ann\u00e9es 2023 et 2024.<br \/><br \/>Plus d&rsquo;information<strong> <a href=\"https:\/\/fileasbl.us19.list-manage.com\/track\/click?u=6ee8fd8d279afe53981b72411&amp;id=461aae0153&amp;e=69624887f8\">sur le site de l&rsquo;Unisoc<\/a><\/strong>.<\/p>\n<p>Source: Newsletter FILE membres du 26 novembre 2024<\/p>\n<\/td>\n<\/tr>\n<\/tbody>\n<\/table>\n<\/td>\n<\/tr>\n<\/tbody>\n<\/table>\n<\/td>\n<\/tr>\n<\/tbody>\n<\/table>\n<\/td>\n<\/tr>\n<\/tbody>\n<\/table>\n<\/td>\n<\/tr>\n<\/tbody>\n<\/table>\n<br \/><br \/><\/td>\n<\/tr>\n<\/tbody>\n<\/table>\n<table width=\"100%\">\n<tbody>\n<tr>\n<td>\u00a0<\/td>\n<\/tr>\n<\/tbody>\n<\/table>\n<table width=\"100%\">\n<tbody>\n<tr>\n<td>\n<table width=\"100%\">\n<tbody>\n<tr>\n<td>\u00a0<\/td>\n<\/tr>\n<\/tbody>\n<\/table>\n<\/td>\n<\/tr>\n<\/tbody>\n<\/table>\n<\/td>\n<\/tr>\n<\/tbody>\n<\/table>\n<\/td>\n<\/tr>\n<\/tbody>\n<\/table>\n<\/td>\n<\/tr>\n<\/tbody>\n<\/table>\n<\/td>\n<\/tr>\n<\/tbody>\n<\/table>\n<\/td>\n<\/tr>\n<\/tbody>\n<\/table>\n<p>\u00a0<\/p>    <\/div>\n<\/div>\n<!-- \/module text -->\t        <\/div>\n\t    \t<\/div>\n\t\t    <\/div>\n\t    <!-- \/row_inner -->\n\t<\/div>\n\t<!-- \/module_row -->\n\t\t<!-- module_row -->\n\t<div  data-lazy=\"1\" class=\"module_row themify_builder_row tb_ooip80 tf_clearfix\">\n\t    \t\t<div class=\"row_inner col_align_top col-count-2 tf_box tf_w tf_rel\">\n\t\t\t<div  data-lazy=\"1\" style=\"width: 89.91%\" class=\"module_column tb-column col2-1 first tb_rh5s81 tf_box\">\n\t\t\t    \t        <div class=\"tb-column-inner tf_box tf_w\">\n\t\t    <!-- module text -->\n<div  class=\"module module-text tb_j9ll805   \" data-lazy=\"1\">\n        <div  class=\"tb_text_wrap\">\n    <h2>Ressources :<\/h2>\n<ul>\n<li>juridique@fileasbl.be 010 22 52 02<\/li>\n<\/ul>    <\/div>\n<\/div>\n<!-- \/module text -->\t        <\/div>\n\t    \t<\/div>\n\t\t<div  data-lazy=\"1\" style=\"width: 6.89%\" class=\"module_column tb-column col2-1 last tb_lx7t81 tf_box\">\n\t\t\t    \t<\/div>\n\t\t    <\/div>\n\t    <!-- \/row_inner -->\n\t<\/div>\n\t<!-- \/module_row -->\n\t<\/div>\n<!--\/themify_builder_content-->\n\n\n<p><\/p>","protected":false},"excerpt":{"rendered":"","protected":false},"author":154,"featured_media":31217,"comment_status":"open","ping_status":"open","sticky":false,"template":"","format":"standard","meta":{"footnotes":""},"categories":[235,306],"tags":[],"class_list":["post-32868","post","type-post","status-publish","format-standard","has-post-thumbnail","hentry","category-bien-etre-au-travail","category-formation-continue","has-post-title","has-post-date","has-post-category","has-post-tag","has-post-comment","has-post-author",""],"yoast_head":"<!-- This site is optimized with the Yoast SEO plugin v27.5 - https:\/\/yoast.com\/product\/yoast-seo-wordpress\/ -->\n<title>En bref - Secteur priv\u00e9 - Etablissement et d\u00e9p\u00f4t de vos plans de formation - Site de la FILE<\/title>\n<meta name=\"description\" content=\"L\u2019obligation d&#039;\u00e9tablir et de d\u00e9poser un plan de formation concerne les employeurs qui occupent au moins 20 travailleurs\" \/>\n<meta name=\"robots\" content=\"index, follow, max-snippet:-1, max-image-preview:large, max-video-preview:-1\" \/>\n<link rel=\"canonical\" href=\"https:\/\/www.fileasbl.be\/membres\/en-bref-secteur-prive-etablissement-et-depot-de-vos-plans-de-formation\/\" \/>\n<meta property=\"og:locale\" content=\"fr_FR\" \/>\n<meta property=\"og:type\" content=\"article\" \/>\n<meta property=\"og:title\" content=\"En bref - Secteur priv\u00e9 - Etablissement et d\u00e9p\u00f4t de vos plans de formation - Site de la FILE\" \/>\n<meta property=\"og:description\" content=\"L\u2019obligation d&#039;\u00e9tablir et de d\u00e9poser un plan de formation concerne les employeurs qui occupent au moins 20 travailleurs\" \/>\n<meta property=\"og:url\" content=\"https:\/\/www.fileasbl.be\/membres\/en-bref-secteur-prive-etablissement-et-depot-de-vos-plans-de-formation\/\" \/>\n<meta property=\"og:site_name\" content=\"Site de la FILE\" \/>\n<meta property=\"article:publisher\" content=\"https:\/\/www.facebook.com\/fileasbl\/\" \/>\n<meta property=\"article:published_time\" content=\"2024-11-26T13:19:47+00:00\" \/>\n<meta property=\"article:modified_time\" content=\"2024-12-27T13:00:26+00:00\" \/>\n<meta property=\"og:image\" content=\"https:\/\/www.fileasbl.be\/membres\/wp-content\/uploads\/2023\/10\/Image-mise-en-avant-1.png\" \/>\n\t<meta property=\"og:image:width\" content=\"500\" \/>\n\t<meta property=\"og:image:height\" content=\"500\" \/>\n\t<meta property=\"og:image:type\" content=\"image\/png\" \/>\n<meta name=\"author\" content=\"Isaline De Plaen\" \/>\n<meta name=\"twitter:card\" content=\"summary_large_image\" \/>\n<meta name=\"twitter:label1\" content=\"\u00c9crit par\" \/>\n\t<meta name=\"twitter:data1\" content=\"Isaline De Plaen\" \/>\n\t<meta name=\"twitter:label2\" content=\"Dur\u00e9e de lecture estim\u00e9e\" \/>\n\t<meta name=\"twitter:data2\" content=\"2 minutes\" \/>\n<script type=\"application\/ld+json\" class=\"yoast-schema-graph\">{\"@context\":\"https:\\\/\\\/schema.org\",\"@graph\":[{\"@type\":\"Article\",\"@id\":\"https:\\\/\\\/www.fileasbl.be\\\/membres\\\/en-bref-secteur-prive-etablissement-et-depot-de-vos-plans-de-formation\\\/#article\",\"isPartOf\":{\"@id\":\"https:\\\/\\\/www.fileasbl.be\\\/membres\\\/en-bref-secteur-prive-etablissement-et-depot-de-vos-plans-de-formation\\\/\"},\"author\":{\"name\":\"Isaline De Plaen\",\"@id\":\"https:\\\/\\\/www.fileasbl.be\\\/membres\\\/#\\\/schema\\\/person\\\/fecd3c5133474ddef35b01caf39aa079\"},\"headline\":\"En bref &#8211; Secteur priv\u00e9 &#8211; Etablissement et d\u00e9p\u00f4t de vos plans de formation\",\"datePublished\":\"2024-11-26T13:19:47+00:00\",\"dateModified\":\"2024-12-27T13:00:26+00:00\",\"mainEntityOfPage\":{\"@id\":\"https:\\\/\\\/www.fileasbl.be\\\/membres\\\/en-bref-secteur-prive-etablissement-et-depot-de-vos-plans-de-formation\\\/\"},\"wordCount\":16,\"commentCount\":0,\"image\":{\"@id\":\"https:\\\/\\\/www.fileasbl.be\\\/membres\\\/en-bref-secteur-prive-etablissement-et-depot-de-vos-plans-de-formation\\\/#primaryimage\"},\"thumbnailUrl\":\"https:\\\/\\\/www.fileasbl.be\\\/membres\\\/wp-content\\\/uploads\\\/2023\\\/10\\\/Image-mise-en-avant-1.png\",\"articleSection\":[\"Bien \u00eatre au travail\",\"Formation continue\"],\"inLanguage\":\"fr-FR\",\"potentialAction\":[{\"@type\":\"CommentAction\",\"name\":\"Comment\",\"target\":[\"https:\\\/\\\/www.fileasbl.be\\\/membres\\\/en-bref-secteur-prive-etablissement-et-depot-de-vos-plans-de-formation\\\/#respond\"]}]},{\"@type\":\"WebPage\",\"@id\":\"https:\\\/\\\/www.fileasbl.be\\\/membres\\\/en-bref-secteur-prive-etablissement-et-depot-de-vos-plans-de-formation\\\/\",\"url\":\"https:\\\/\\\/www.fileasbl.be\\\/membres\\\/en-bref-secteur-prive-etablissement-et-depot-de-vos-plans-de-formation\\\/\",\"name\":\"En bref - Secteur priv\u00e9 - Etablissement et d\u00e9p\u00f4t de vos plans de formation - Site de la FILE\",\"isPartOf\":{\"@id\":\"https:\\\/\\\/www.fileasbl.be\\\/membres\\\/#website\"},\"primaryImageOfPage\":{\"@id\":\"https:\\\/\\\/www.fileasbl.be\\\/membres\\\/en-bref-secteur-prive-etablissement-et-depot-de-vos-plans-de-formation\\\/#primaryimage\"},\"image\":{\"@id\":\"https:\\\/\\\/www.fileasbl.be\\\/membres\\\/en-bref-secteur-prive-etablissement-et-depot-de-vos-plans-de-formation\\\/#primaryimage\"},\"thumbnailUrl\":\"https:\\\/\\\/www.fileasbl.be\\\/membres\\\/wp-content\\\/uploads\\\/2023\\\/10\\\/Image-mise-en-avant-1.png\",\"datePublished\":\"2024-11-26T13:19:47+00:00\",\"dateModified\":\"2024-12-27T13:00:26+00:00\",\"author\":{\"@id\":\"https:\\\/\\\/www.fileasbl.be\\\/membres\\\/#\\\/schema\\\/person\\\/fecd3c5133474ddef35b01caf39aa079\"},\"description\":\"L\u2019obligation d'\u00e9tablir et de d\u00e9poser un plan de formation concerne les employeurs qui occupent au moins 20 travailleurs\",\"breadcrumb\":{\"@id\":\"https:\\\/\\\/www.fileasbl.be\\\/membres\\\/en-bref-secteur-prive-etablissement-et-depot-de-vos-plans-de-formation\\\/#breadcrumb\"},\"inLanguage\":\"fr-FR\",\"potentialAction\":[{\"@type\":\"ReadAction\",\"target\":[\"https:\\\/\\\/www.fileasbl.be\\\/membres\\\/en-bref-secteur-prive-etablissement-et-depot-de-vos-plans-de-formation\\\/\"]}]},{\"@type\":\"ImageObject\",\"inLanguage\":\"fr-FR\",\"@id\":\"https:\\\/\\\/www.fileasbl.be\\\/membres\\\/en-bref-secteur-prive-etablissement-et-depot-de-vos-plans-de-formation\\\/#primaryimage\",\"url\":\"https:\\\/\\\/www.fileasbl.be\\\/membres\\\/wp-content\\\/uploads\\\/2023\\\/10\\\/Image-mise-en-avant-1.png\",\"contentUrl\":\"https:\\\/\\\/www.fileasbl.be\\\/membres\\\/wp-content\\\/uploads\\\/2023\\\/10\\\/Image-mise-en-avant-1.png\",\"width\":500,\"height\":500},{\"@type\":\"BreadcrumbList\",\"@id\":\"https:\\\/\\\/www.fileasbl.be\\\/membres\\\/en-bref-secteur-prive-etablissement-et-depot-de-vos-plans-de-formation\\\/#breadcrumb\",\"itemListElement\":[{\"@type\":\"ListItem\",\"position\":1,\"name\":\"Accueil\",\"item\":\"https:\\\/\\\/www.fileasbl.be\\\/membres\\\/\"},{\"@type\":\"ListItem\",\"position\":2,\"name\":\"En bref &#8211; Secteur priv\u00e9 &#8211; Etablissement et d\u00e9p\u00f4t de vos plans de formation\"}]},{\"@type\":\"WebSite\",\"@id\":\"https:\\\/\\\/www.fileasbl.be\\\/membres\\\/#website\",\"url\":\"https:\\\/\\\/www.fileasbl.be\\\/membres\\\/\",\"name\":\"Site de la FILE\",\"description\":\"FILE Un accueil de qualit\u00e9 accessible \u00e0 tous\",\"potentialAction\":[{\"@type\":\"SearchAction\",\"target\":{\"@type\":\"EntryPoint\",\"urlTemplate\":\"https:\\\/\\\/www.fileasbl.be\\\/membres\\\/?s={search_term_string}\"},\"query-input\":{\"@type\":\"PropertyValueSpecification\",\"valueRequired\":true,\"valueName\":\"search_term_string\"}}],\"inLanguage\":\"fr-FR\"},{\"@type\":\"Person\",\"@id\":\"https:\\\/\\\/www.fileasbl.be\\\/membres\\\/#\\\/schema\\\/person\\\/fecd3c5133474ddef35b01caf39aa079\",\"name\":\"Isaline De Plaen\",\"url\":\"https:\\\/\\\/www.fileasbl.be\\\/membres\\\/author\\\/assistancejuridiquefileasbl-be\\\/\"}]}<\/script>\n<!-- \/ Yoast SEO plugin. -->","yoast_head_json":{"title":"En bref - Secteur priv\u00e9 - Etablissement et d\u00e9p\u00f4t de vos plans de formation - Site de la FILE","description":"L\u2019obligation d'\u00e9tablir et de d\u00e9poser un plan de formation concerne les employeurs qui occupent au moins 20 travailleurs","robots":{"index":"index","follow":"follow","max-snippet":"max-snippet:-1","max-image-preview":"max-image-preview:large","max-video-preview":"max-video-preview:-1"},"canonical":"https:\/\/www.fileasbl.be\/membres\/en-bref-secteur-prive-etablissement-et-depot-de-vos-plans-de-formation\/","og_locale":"fr_FR","og_type":"article","og_title":"En bref - Secteur priv\u00e9 - Etablissement et d\u00e9p\u00f4t de vos plans de formation - Site de la FILE","og_description":"L\u2019obligation d'\u00e9tablir et de d\u00e9poser un plan de formation concerne les employeurs qui occupent au moins 20 travailleurs","og_url":"https:\/\/www.fileasbl.be\/membres\/en-bref-secteur-prive-etablissement-et-depot-de-vos-plans-de-formation\/","og_site_name":"Site de la FILE","article_publisher":"https:\/\/www.facebook.com\/fileasbl\/","article_published_time":"2024-11-26T13:19:47+00:00","article_modified_time":"2024-12-27T13:00:26+00:00","og_image":[{"width":500,"height":500,"url":"https:\/\/www.fileasbl.be\/membres\/wp-content\/uploads\/2023\/10\/Image-mise-en-avant-1.png","type":"image\/png"}],"author":"Isaline De Plaen","twitter_card":"summary_large_image","twitter_misc":{"\u00c9crit par":"Isaline De Plaen","Dur\u00e9e de lecture estim\u00e9e":"2 minutes"},"schema":{"@context":"https:\/\/schema.org","@graph":[{"@type":"Article","@id":"https:\/\/www.fileasbl.be\/membres\/en-bref-secteur-prive-etablissement-et-depot-de-vos-plans-de-formation\/#article","isPartOf":{"@id":"https:\/\/www.fileasbl.be\/membres\/en-bref-secteur-prive-etablissement-et-depot-de-vos-plans-de-formation\/"},"author":{"name":"Isaline De Plaen","@id":"https:\/\/www.fileasbl.be\/membres\/#\/schema\/person\/fecd3c5133474ddef35b01caf39aa079"},"headline":"En bref &#8211; Secteur priv\u00e9 &#8211; Etablissement et d\u00e9p\u00f4t de vos plans de formation","datePublished":"2024-11-26T13:19:47+00:00","dateModified":"2024-12-27T13:00:26+00:00","mainEntityOfPage":{"@id":"https:\/\/www.fileasbl.be\/membres\/en-bref-secteur-prive-etablissement-et-depot-de-vos-plans-de-formation\/"},"wordCount":16,"commentCount":0,"image":{"@id":"https:\/\/www.fileasbl.be\/membres\/en-bref-secteur-prive-etablissement-et-depot-de-vos-plans-de-formation\/#primaryimage"},"thumbnailUrl":"https:\/\/www.fileasbl.be\/membres\/wp-content\/uploads\/2023\/10\/Image-mise-en-avant-1.png","articleSection":["Bien \u00eatre au travail","Formation continue"],"inLanguage":"fr-FR","potentialAction":[{"@type":"CommentAction","name":"Comment","target":["https:\/\/www.fileasbl.be\/membres\/en-bref-secteur-prive-etablissement-et-depot-de-vos-plans-de-formation\/#respond"]}]},{"@type":"WebPage","@id":"https:\/\/www.fileasbl.be\/membres\/en-bref-secteur-prive-etablissement-et-depot-de-vos-plans-de-formation\/","url":"https:\/\/www.fileasbl.be\/membres\/en-bref-secteur-prive-etablissement-et-depot-de-vos-plans-de-formation\/","name":"En bref - Secteur priv\u00e9 - Etablissement et d\u00e9p\u00f4t de vos plans de formation - Site de la FILE","isPartOf":{"@id":"https:\/\/www.fileasbl.be\/membres\/#website"},"primaryImageOfPage":{"@id":"https:\/\/www.fileasbl.be\/membres\/en-bref-secteur-prive-etablissement-et-depot-de-vos-plans-de-formation\/#primaryimage"},"image":{"@id":"https:\/\/www.fileasbl.be\/membres\/en-bref-secteur-prive-etablissement-et-depot-de-vos-plans-de-formation\/#primaryimage"},"thumbnailUrl":"https:\/\/www.fileasbl.be\/membres\/wp-content\/uploads\/2023\/10\/Image-mise-en-avant-1.png","datePublished":"2024-11-26T13:19:47+00:00","dateModified":"2024-12-27T13:00:26+00:00","author":{"@id":"https:\/\/www.fileasbl.be\/membres\/#\/schema\/person\/fecd3c5133474ddef35b01caf39aa079"},"description":"L\u2019obligation d'\u00e9tablir et de d\u00e9poser un plan de formation concerne les employeurs qui occupent au moins 20 travailleurs","breadcrumb":{"@id":"https:\/\/www.fileasbl.be\/membres\/en-bref-secteur-prive-etablissement-et-depot-de-vos-plans-de-formation\/#breadcrumb"},"inLanguage":"fr-FR","potentialAction":[{"@type":"ReadAction","target":["https:\/\/www.fileasbl.be\/membres\/en-bref-secteur-prive-etablissement-et-depot-de-vos-plans-de-formation\/"]}]},{"@type":"ImageObject","inLanguage":"fr-FR","@id":"https:\/\/www.fileasbl.be\/membres\/en-bref-secteur-prive-etablissement-et-depot-de-vos-plans-de-formation\/#primaryimage","url":"https:\/\/www.fileasbl.be\/membres\/wp-content\/uploads\/2023\/10\/Image-mise-en-avant-1.png","contentUrl":"https:\/\/www.fileasbl.be\/membres\/wp-content\/uploads\/2023\/10\/Image-mise-en-avant-1.png","width":500,"height":500},{"@type":"BreadcrumbList","@id":"https:\/\/www.fileasbl.be\/membres\/en-bref-secteur-prive-etablissement-et-depot-de-vos-plans-de-formation\/#breadcrumb","itemListElement":[{"@type":"ListItem","position":1,"name":"Accueil","item":"https:\/\/www.fileasbl.be\/membres\/"},{"@type":"ListItem","position":2,"name":"En bref &#8211; Secteur priv\u00e9 &#8211; Etablissement et d\u00e9p\u00f4t de vos plans de formation"}]},{"@type":"WebSite","@id":"https:\/\/www.fileasbl.be\/membres\/#website","url":"https:\/\/www.fileasbl.be\/membres\/","name":"Site de la FILE","description":"FILE Un accueil de qualit\u00e9 accessible \u00e0 tous","potentialAction":[{"@type":"SearchAction","target":{"@type":"EntryPoint","urlTemplate":"https:\/\/www.fileasbl.be\/membres\/?s={search_term_string}"},"query-input":{"@type":"PropertyValueSpecification","valueRequired":true,"valueName":"search_term_string"}}],"inLanguage":"fr-FR"},{"@type":"Person","@id":"https:\/\/www.fileasbl.be\/membres\/#\/schema\/person\/fecd3c5133474ddef35b01caf39aa079","name":"Isaline De Plaen","url":"https:\/\/www.fileasbl.be\/membres\/author\/assistancejuridiquefileasbl-be\/"}]}},"builder_content":"<p>Contenu r\u00e9serv\u00e9 aux membres de la FILE<\/p>\n<table width=\"100%\"> <tbody> <tr> <td> <table width=\"100%\"> <tbody> <tr> <td width=\"600\"> <table width=\"100%\"> <tbody> <tr> <td> <table width=\"100%\"> <tbody> <tr> <td> <table width=\"100%\"> <tbody> <tr> <td> <table width=\"100%\"> <tbody> <tr> <td> <table width=\"100%\"> <tbody> <tr> <td> <table width=\"100%\"> <tbody> <tr> <td> <table width=\"100%\"> <tbody> <tr> <td> <table width=\"100%\"> <tbody> <tr> <td> <table width=\"100%\"> <tbody> <tr> <td> <ul> <li><strong>Etablissement des plans de formation pour le 31 mars <\/strong><\/li> <\/ul> <p>La loi \u00ab deal emploi \u00bb pr\u00e9voit l\u2019obligation pour les employeurs qui occupent au moins 20 travailleurs d\u2019\u00e9tablir un <strong>plan de formation chaque ann\u00e9e<\/strong> (il s'agit d'une obligation f\u00e9d\u00e9rale, non li\u00e9e \u00e0 vos obligations d'agr\u00e9ment ONE).\u00a0\u00a0<br \/><br \/>Le plan de formation est un document r\u00e9dig\u00e9 soit sous forme papier, soit sous forme \u00e9lectronique, listant les formations ainsi que <strong>le groupe-cible des travailleurs<\/strong> \u00e0 qui elles sont destin\u00e9es.<br \/><br \/>Ce plan de formation doit \u00eatre \u00e9tabli par l\u2019employeur chaque ann\u00e9e avant le 31 mars apr\u00e8s consultation du conseil d\u2019entreprise ou, \u00e0 d\u00e9faut de la d\u00e9l\u00e9gation syndicale. En l\u2019absence de conseil d\u2019entreprise ou d\u2019une d\u00e9l\u00e9gation syndicale, le plan de formation est soumis aux travailleurs pour le 15 mars au plus tard.<br \/><br \/>Le plan doit \u00eatre conclu pour une dur\u00e9e de minimum 1 an.<\/p> <ul> <li><strong>D\u00e9p\u00f4t des plans de formation pour le 30 avril<\/strong><\/li> <\/ul> <p>Ce plan doit ensuite \u00eatre d\u00e9pos\u00e9 au SPF Emploi pour le 30 avril via l\u2019application\u00a0<a href=\"https:\/\/fileasbl.us19.list-manage.com\/track\/click?u=6ee8fd8d279afe53981b72411&amp;id=fdf671812d&amp;e=69624887f8\"><strong>transfert.emploi.belgique.be<\/strong><\/a>.<br \/>Cette obligation n\u2019\u00e9tait jusqu\u2019ici pas d\u2019application \u00e0 d\u00e9faut d\u2019arr\u00eat\u00e9 royal.<br \/>Le 2 septembre 2024 est paru au Moniteur Belge<a href=\"https:\/\/fileasbl.us19.list-manage.com\/track\/click?u=6ee8fd8d279afe53981b72411&amp;id=2b991421b5&amp;e=69624887f8\"><strong>, l\u2019Arr\u00eat\u00e9 Royal ex\u00e9cutant l\u2019article 38 et les articles 46 \u00e0 48 inclus de la loi de la loi du 3 octobre 2022 portant des dispositions diverses en mati\u00e8re de travail.<\/strong><\/a><br \/><br \/>Les employeurs disposent d'un d\u00e9lai de 6 mois \u00e0 compter du 2 septembre 2024 pour d\u00e9poser leurs plans de formation relatifs aux ann\u00e9es 2023 et 2024.<br \/><br \/>Plus d'information<strong> <a href=\"https:\/\/fileasbl.us19.list-manage.com\/track\/click?u=6ee8fd8d279afe53981b72411&amp;id=461aae0153&amp;e=69624887f8\">sur le site de l'Unisoc<\/a><\/strong>.<\/p> <p>Source: Newsletter FILE membres du 26 novembre 2024<\/p> <\/td> <\/tr> <\/tbody> <\/table> <\/td> <\/tr> <\/tbody> <\/table> <\/td> <\/tr> <\/tbody> <\/table> <\/td> <\/tr> <\/tbody> <\/table> <\/td> <\/tr> <\/tbody> <\/table> <br \/><br \/><\/td> <\/tr> <\/tbody> <\/table> <table width=\"100%\"> <tbody> <tr> <td>\u00a0<\/td> <\/tr> <\/tbody> <\/table> <table width=\"100%\"> <tbody> <tr> <td> <table width=\"100%\"> <tbody> <tr> <td>\u00a0<\/td> <\/tr> <\/tbody> <\/table> <\/td> <\/tr> <\/tbody> <\/table> <\/td> <\/tr> <\/tbody> <\/table> <\/td> <\/tr> <\/tbody> <\/table> <\/td> <\/tr> <\/tbody> <\/table> <\/td> <\/tr> <\/tbody> <\/table> <\/td> <\/tr> <\/tbody> <\/table> <p>\u00a0<\/p>\n<h2>Ressources :<\/h2> <ul> <li>juridique@fileasbl.be 010 22 52 02<\/li> <\/ul>","_links":{"self":[{"href":"https:\/\/www.fileasbl.be\/membres\/wp-json\/wp\/v2\/posts\/32868","targetHints":{"allow":["GET"]}}],"collection":[{"href":"https:\/\/www.fileasbl.be\/membres\/wp-json\/wp\/v2\/posts"}],"about":[{"href":"https:\/\/www.fileasbl.be\/membres\/wp-json\/wp\/v2\/types\/post"}],"author":[{"embeddable":true,"href":"https:\/\/www.fileasbl.be\/membres\/wp-json\/wp\/v2\/users\/154"}],"replies":[{"embeddable":true,"href":"https:\/\/www.fileasbl.be\/membres\/wp-json\/wp\/v2\/comments?post=32868"}],"version-history":[{"count":0,"href":"https:\/\/www.fileasbl.be\/membres\/wp-json\/wp\/v2\/posts\/32868\/revisions"}],"wp:featuredmedia":[{"embeddable":true,"href":"https:\/\/www.fileasbl.be\/membres\/wp-json\/wp\/v2\/media\/31217"}],"wp:attachment":[{"href":"https:\/\/www.fileasbl.be\/membres\/wp-json\/wp\/v2\/media?parent=32868"}],"wp:term":[{"taxonomy":"category","embeddable":true,"href":"https:\/\/www.fileasbl.be\/membres\/wp-json\/wp\/v2\/categories?post=32868"},{"taxonomy":"post_tag","embeddable":true,"href":"https:\/\/www.fileasbl.be\/membres\/wp-json\/wp\/v2\/tags?post=32868"}],"curies":[{"name":"wp","href":"https:\/\/api.w.org\/{rel}","templated":true}]}}