{"id":32876,"date":"2024-11-26T14:23:36","date_gmt":"2024-11-26T13:23:36","guid":{"rendered":"https:\/\/www.fileasbl.be\/membres\/?p=32876"},"modified":"2025-01-09T14:53:25","modified_gmt":"2025-01-09T13:53:25","slug":"en-bref-secteur-0-3-ans-nouveau-systeme-de-pre-demandes-en-ligne","status":"publish","type":"post","link":"https:\/\/www.fileasbl.be\/membres\/en-bref-secteur-0-3-ans-nouveau-systeme-de-pre-demandes-en-ligne\/","title":{"rendered":"En bref &#8211; Secteur 0-3 ans &#8211; Nouveau syst\u00e8me de pr\u00e9-demandes en ligne"},"content":{"rendered":"<!--themify_builder_content-->\n<div id=\"themify_builder_content-32876\" data-postid=\"32876\" class=\"themify_builder_content themify_builder_content-32876 themify_builder tf_clear\">\n    \t<!-- module_row -->\n\t<div  data-lazy=\"1\" class=\"module_row themify_builder_row tb_2uso728 tb_first tf_clearfix\">\n\t    \t\t<div class=\"row_inner col_align_top col-count-1 tf_box tf_w tf_rel\">\n\t\t\t<div  data-lazy=\"1\" class=\"module_column tb-column col-full first tb_mmns729 tf_box\">\n\t\t\t    \t        <div class=\"tb-column-inner tf_box tf_w\">\n\t\t    \t<div  data-lazy=\"1\" class=\"module_subrow themify_builder_sub_row tb_vcx1720 tf_w tf_clearfix\">\n\t    \t\t<div class=\"subrow_inner col_align_top col-count-2 tf_box tf_w\">\n\t\t\t<div  data-lazy=\"1\" class=\"sub_column module_column tf_box col2-1 first tb_7uri721\"> \n\t    \t    \t        <div class=\"tb-column-inner tf_box tf_w\">\n\t\t    <!-- module text -->\n<div  class=\"module module-text tb_ihq6809   \" data-lazy=\"1\">\n        <div  class=\"tb_text_wrap\">\n    <p>Contenu r\u00e9serv\u00e9 aux membres de la FILE<\/p>    <\/div>\n<\/div>\n<!-- \/module text -->\t        <\/div>\n\t    \t<\/div>\n\t\t<div  data-lazy=\"1\" class=\"sub_column module_column tf_box col2-1 last tb_n0ht722\"> \n\t    \t    \t        <div class=\"tb-column-inner tf_box tf_w\">\n\t\t    <!-- module login -->\n<div  class=\"module module-login tb_lawl282 \" data-lazy=\"1\">\n\t<div classss=\"tb_login_wrap \">\n\t\n\t\t\t\n\t\t<form class=\"tb_login_form tf_clearfix tf_box tf_clear\" name=\"loginform\" action=\"https:\/\/www.fileasbl.be\/membres\/wp-login.php\" method=\"post\">\n\t\t\t<p class=\"tb_login_username\">\n\t\t\t\t<label>\n\t\t\t\t\t<span class=\"tb_login_username_text\">Username or Email<\/span>\n\t\t\t\t\t<input type=\"text\" name=\"log\" required=\"required\">\n\t\t\t\t<\/label>\n\t\t\t<\/p>\n\t\t\t<p class=\"tb_login_password\">\n\t\t\t\t<label>\n\t\t\t\t\t<span class=\"tb_login_password_text\">Password<\/span>\n\t\t\t\t\t<input type=\"password\" name=\"pwd\" required=\"required\">\n\t\t\t\t<\/label>\n\t\t\t<\/p>\n\t\t\t<div class=\"tb_login_links tf_box tf_clear\">\n\t\t\t\t<a href=\"https:\/\/www.fileasbl.be\/membres\/wp-login.php?action=lostpassword\">Forgotten Password?<\/a>\n\t\t\t<\/div>\n\n\t\t\t\n\t\t\t\t\t\t<p class=\"tb_login_remember tf_left tf_box\">\n\t\t\t\t<label>\n\t\t\t\t\t<input name=\"rememberme\" type=\"checkbox\" value=\"forever\"> \n\t\t\t\t\t<span class=\"tb_login_remember_text\">Remember Me<\/span>\n\t\t\t\t<\/label>\n\t\t\t<\/p>\n\t\t\t\t\t\t<p class=\"tb_login_submit tf_right\">\n\t\t\t\t<button name=\"wp-submit\">Log In<\/button>\n\t\t\t\t<input type=\"hidden\" name=\"redirect_to\" value=\"\/membres\/wp-json\/wp\/v2\/posts\/32876?login_success=1\">\n\t\t\t\t<input type=\"hidden\" name=\"tb_login\" value=\"1\">\n\n\t\t\t\t\t\t\t<\/p>\n\n\t\t<\/form>\n\n\t\t<form class=\"tb_lostpassword_form tf_clearfix tf_box tf_clear\" name=\"lostpasswordform\" action=\"https:\/\/www.fileasbl.be\/membres\/wp-login.php?action=lostpassword\" method=\"post\" style=\"display:none\">\n\t\t\t<p class=\"tb_lostpassword_username\">\n\t\t\t\t<label>\n\t\t\t\t\t<span class=\"tb_lostpassword_username_text\">Username or Email<\/span>\n\t\t\t\t\t<input type=\"text\" name=\"user_login\" required=\"required\">\n\t\t\t\t<\/label>\n\t\t\t<\/p>\n\n\t\t\t\n\t\t\t\t\t\t<p class=\"tb_lostpassword_submit tf_right\">\n\t\t\t\t<button>Reset Password<\/button>\n\t\t\t<\/p>\n\n\t\t\t<div class=\"tb_login_links tf_left tf_box\">\n\t\t\t\t<a href=\"https:\/\/www.fileasbl.be\/membres\/wp-login.php\">Log In<\/a>\n\t\t\t<\/div>\n\t\t<\/form>\n\n\t    <\/div>\n<\/div><!-- \/module login -->\t        <\/div>\n\t    \t<\/div>\n\t\t    <\/div>\n\t<\/div><!-- \/themify_builder_sub_row -->\n\t<!-- module text -->\n<div  class=\"module module-text tb_2o91120   \" data-lazy=\"1\">\n        <div  class=\"tb_text_wrap\">\n    <table width=\"100%\">\n<tbody>\n<tr>\n<td>\n<table width=\"100%\">\n<tbody>\n<tr>\n<td width=\"600\">\n<table width=\"100%\">\n<tbody>\n<tr>\n<td>\n<table width=\"100%\">\n<tbody>\n<tr>\n<td>\n<table width=\"100%\">\n<tbody>\n<tr>\n<td>\n<table width=\"100%\">\n<tbody>\n<tr>\n<td>\n<table width=\"100%\">\n<tbody>\n<tr>\n<td>\n<table width=\"100%\">\n<tbody>\n<tr>\n<td>\n<table width=\"100%\">\n<tbody>\n<tr>\n<td>\n<table width=\"100%\">\n<tbody>\n<tr>\n<td>\n<p>D\u00e8s 2025, les parents et futurs parents qui chercheront une place d\u2019accueil en cr\u00e8che ou chez un\u00b7e accueillant\u00b7e d\u2019enfants \u00e0 domicile <strong>devront passer par un syst\u00e8me de pr\u00e9-demande en ligne<\/strong> via la page ou l\u2019application <a href=\"https:\/\/my.one.be\/\">my.one.be<\/a>.<\/p>\n<p>Cette d\u00e9marche vise \u00e0 attribuer un num\u00e9ro unique d\u2019identification pour chaque enfant \u00e0 inscrire.\u00a0<\/p>\n<p>Cette d\u00e9marche constitue une \u00e9tape pr\u00e9liminaire dans le processus d\u2019inscription mais ne remplace pas la prise de contact individuelle du ou des parent.s avec chaque milieu d\u2019accueil.<\/p>\n<p>Ce nouveau syst\u00e8me aura n\u00e9anmoins des <strong>impacts sur la proc\u00e9dure d\u2019inscription<\/strong>, notamment parce qu\u2019il mettra en place un nouveau syst\u00e8me de gestion des listes d\u2019attente pour les milieux d\u2019accueil via pro.one qui sera directement li\u00e9 aux num\u00e9ros uniques d\u2019identification des enfants \u00e0 inscrire.<\/p>\n<p>Il n\u2019est donc pas inutile d\u2019y porter une attention particuli\u00e8re.<\/p>\n<p>Si la date de mise en place annonc\u00e9e par l\u2019ONE est d\u00e9but 2025, il est pr\u00e9vu que ce syst\u00e8me sera implant\u00e9 petit \u00e0 petit.<\/p>\n<p>Afin de vous pr\u00e9senter plus en d\u00e9tail cette nouveaut\u00e9, l\u2019ONE vous invite \u00e0 participer \u00e0 l\u2019une des s\u00e9ances d\u2019information qu\u2019il organise en visio ou en pr\u00e9sentiel notamment aux dates suivantes\u00a0:<\/p>\n<ul>\n<li><strong>02\/12\/24<\/strong> de <strong>9h30 \u00e0 12h30 &#8211; TEAMS<\/strong><\/li>\n<li><strong>04\/12\/24<\/strong> de <strong>9h30 \u00e0 12h30 \u2013 Ghlin<\/strong><\/li>\n<li><strong>04\/12\/24<\/strong> de <strong>9h30 \u00e0 12h30 &#8211; TEAMS<\/strong><\/li>\n<li><strong>05\/12\/24<\/strong> de<strong> 13h30 \u00e0 16h30 \u2013 Bouge<\/strong><\/li>\n<li><strong>05\/12\/24 <\/strong>de <strong>13h30 \u00e0 16h30 \u2013 TEAMS<\/strong><\/li>\n<li><strong>16\/12\/24<\/strong> de<strong> 9h30 \u00e0 12h30 \u2013 La Hulpe<\/strong><\/li>\n<li><strong>16\/12\/24 <\/strong>de <strong>9h30 \u00e0 12h30 &#8211; TEAMS<\/strong><\/li>\n<\/ul>\n<p>Lors de ces s\u00e9ances, l\u2019ONE pr\u00e9sentera \u00e9galement son nouveau logiciel EMMA. Il s\u2019agit d\u2019un logiciel de gestion gratuit d\u00e9velopp\u00e9 et mis \u00e0 disposition par l\u2019ONE qui s\u2019adresse aux milieux d\u2019accueil de la petite enfance (cr\u00e8che, service d\u2019accueil d\u2019enfants, accueillant\u00b7e\u00b7s d\u2019enfants ind\u00e9pendant\u00b7e\u00b7s).<br>Ce logiciel de gestion, qui est en cours de d\u00e9veloppement, offre d\u00e9j\u00e0 certaines fonctionnalit\u00e9s telles que l\u2019encodage des dossiers des enfants et des pr\u00e9sences, le calcul de la tarification\u2026 De nouvelles fonctionnalit\u00e9s sont attendues telles que l\u2019encodage des attestations fiscales de garde.<\/p>\n<p>Inscriptions via le lien suivant\u00a0: <a href=\"https:\/\/forms.office.com\/pages\/responsepage.aspx?id=o5K95lS89EStTIIFc5BS_EqMpGNw1UZNmNuKiAeeDD9URTVSR0I3VkFMSFNRVEtJTTNSRzM3RlBZTSQlQCN0PWcu&amp;route=shorturl\">https:\/\/forms.office.com\/pages\/responsepage.aspx?id=o5K95lS89EStTIIFc5BS_EqMpGNw1UZNmNuKiAeeDD9URTVSR0I3VkFMSFNRVEtJTTNSRzM3RlBZTSQlQCN0PWcu&amp;route=shorturl<\/a><\/p>\n<p>A la FILE nous suivons ce dossier de pr\u00e8s. N&rsquo;h\u00e9sitez donc pas \u00e0 nous adresser vos questions et difficult\u00e9s rencontr\u00e9es.<\/p>\n<p>Source: Newsletter FILE membres du 26 novembre 2024<\/p>\n<\/td>\n<\/tr>\n<\/tbody>\n<\/table>\n<\/td>\n<\/tr>\n<\/tbody>\n<\/table>\n<\/td>\n<\/tr>\n<\/tbody>\n<\/table>\n<\/td>\n<\/tr>\n<\/tbody>\n<\/table>\n<\/td>\n<\/tr>\n<\/tbody>\n<\/table>\n<table width=\"100%\">\n<tbody>\n<tr>\n<td>\u00a0<\/td>\n<\/tr>\n<\/tbody>\n<\/table>\n<table width=\"100%\">\n<tbody>\n<tr>\n<td>\n<table width=\"100%\">\n<tbody>\n<tr>\n<td>\u00a0<\/td>\n<\/tr>\n<\/tbody>\n<\/table>\n<\/td>\n<\/tr>\n<\/tbody>\n<\/table>\n<\/td>\n<\/tr>\n<\/tbody>\n<\/table>\n<\/td>\n<\/tr>\n<\/tbody>\n<\/table>\n<\/td>\n<\/tr>\n<\/tbody>\n<\/table>\n<\/td>\n<\/tr>\n<\/tbody>\n<\/table>\n<\/td>\n<\/tr>\n<\/tbody>\n<\/table>    <\/div>\n<\/div>\n<!-- \/module text -->\t        <\/div>\n\t    \t<\/div>\n\t\t    <\/div>\n\t    <!-- \/row_inner -->\n\t<\/div>\n\t<!-- \/module_row -->\n\t\t<!-- module_row -->\n\t<div  data-lazy=\"1\" class=\"module_row themify_builder_row tb_ooip80 tf_clearfix\">\n\t    \t\t<div class=\"row_inner col_align_top col-count-2 tf_box tf_w tf_rel\">\n\t\t\t<div  data-lazy=\"1\" style=\"width: 89.91%\" class=\"module_column tb-column col2-1 first tb_rh5s81 tf_box\">\n\t\t\t    \t        <div class=\"tb-column-inner tf_box tf_w\">\n\t\t    <!-- module text -->\n<div  class=\"module module-text tb_j9ll805   \" data-lazy=\"1\">\n        <div  class=\"tb_text_wrap\">\n    <h2>Ressources :<\/h2>\n<ul>\n<li>juridique@fileasbl.be 010 22 52 02<\/li>\n<\/ul>    <\/div>\n<\/div>\n<!-- \/module text -->\t        <\/div>\n\t    \t<\/div>\n\t\t<div  data-lazy=\"1\" style=\"width: 6.89%\" class=\"module_column tb-column col2-1 last tb_lx7t81 tf_box\">\n\t\t\t    \t<\/div>\n\t\t    <\/div>\n\t    <!-- \/row_inner -->\n\t<\/div>\n\t<!-- \/module_row -->\n\t<\/div>\n<!--\/themify_builder_content-->\n\n\n<p><\/p>","protected":false},"excerpt":{"rendered":"<p>Contenu r\u00e9serv\u00e9 aux membres de la FILE D\u00e8s 2025, les parents et futurs parents qui chercheront une place d\u2019accueil en cr\u00e8che ou chez un\u00b7e accueillant\u00b7e d\u2019enfants \u00e0 domicile devront passer par un syst\u00e8me de pr\u00e9-demande en ligne via la page ou l\u2019application my.one.be. Cette d\u00e9marche vise \u00e0 attribuer un num\u00e9ro unique d\u2019identification pour chaque enfant [&hellip;]<\/p>\n","protected":false},"author":154,"featured_media":31217,"comment_status":"open","ping_status":"open","sticky":false,"template":"","format":"standard","meta":{"footnotes":""},"categories":[246,302],"tags":[],"class_list":["post-32876","post","type-post","status-publish","format-standard","has-post-thumbnail","hentry","category-milac","category-reforme-milac","has-post-title","has-post-date","has-post-category","has-post-tag","has-post-comment","has-post-author",""],"yoast_head":"<!-- This site is optimized with the Yoast SEO plugin v27.5 - https:\/\/yoast.com\/product\/yoast-seo-wordpress\/ -->\n<title>En bref - Secteur 0-3 ans - Nouveau syst\u00e8me de pr\u00e9-demandes en ligne - Site de la FILE<\/title>\n<meta name=\"robots\" content=\"index, follow, max-snippet:-1, max-image-preview:large, max-video-preview:-1\" \/>\n<link rel=\"canonical\" href=\"https:\/\/www.fileasbl.be\/membres\/en-bref-secteur-0-3-ans-nouveau-systeme-de-pre-demandes-en-ligne\/\" \/>\n<meta property=\"og:locale\" content=\"fr_FR\" \/>\n<meta property=\"og:type\" content=\"article\" \/>\n<meta property=\"og:title\" content=\"En bref - Secteur 0-3 ans - Nouveau syst\u00e8me de pr\u00e9-demandes en ligne - Site de la FILE\" \/>\n<meta property=\"og:description\" content=\"Contenu r\u00e9serv\u00e9 aux membres de la FILE D\u00e8s 2025, les parents et futurs parents qui chercheront une place d\u2019accueil en cr\u00e8che ou chez un\u00b7e accueillant\u00b7e d\u2019enfants \u00e0 domicile devront passer par un syst\u00e8me de pr\u00e9-demande en ligne via la page ou l\u2019application my.one.be. Cette d\u00e9marche vise \u00e0 attribuer un num\u00e9ro unique d\u2019identification pour chaque enfant [&hellip;]\" \/>\n<meta property=\"og:url\" content=\"https:\/\/www.fileasbl.be\/membres\/en-bref-secteur-0-3-ans-nouveau-systeme-de-pre-demandes-en-ligne\/\" \/>\n<meta property=\"og:site_name\" content=\"Site de la FILE\" \/>\n<meta property=\"article:publisher\" content=\"https:\/\/www.facebook.com\/fileasbl\/\" \/>\n<meta property=\"article:published_time\" content=\"2024-11-26T13:23:36+00:00\" \/>\n<meta property=\"article:modified_time\" content=\"2025-01-09T13:53:25+00:00\" \/>\n<meta property=\"og:image\" content=\"https:\/\/www.fileasbl.be\/membres\/wp-content\/uploads\/2023\/10\/Image-mise-en-avant-1.png\" \/>\n\t<meta property=\"og:image:width\" content=\"500\" \/>\n\t<meta property=\"og:image:height\" content=\"500\" \/>\n\t<meta property=\"og:image:type\" content=\"image\/png\" \/>\n<meta name=\"author\" content=\"Isaline De Plaen\" \/>\n<meta name=\"twitter:card\" content=\"summary_large_image\" \/>\n<meta name=\"twitter:label1\" content=\"\u00c9crit par\" \/>\n\t<meta name=\"twitter:data1\" content=\"Isaline De Plaen\" \/>\n\t<meta name=\"twitter:label2\" content=\"Dur\u00e9e de lecture estim\u00e9e\" \/>\n\t<meta name=\"twitter:data2\" content=\"3 minutes\" \/>\n<script type=\"application\/ld+json\" class=\"yoast-schema-graph\">{\"@context\":\"https:\\\/\\\/schema.org\",\"@graph\":[{\"@type\":\"Article\",\"@id\":\"https:\\\/\\\/www.fileasbl.be\\\/membres\\\/en-bref-secteur-0-3-ans-nouveau-systeme-de-pre-demandes-en-ligne\\\/#article\",\"isPartOf\":{\"@id\":\"https:\\\/\\\/www.fileasbl.be\\\/membres\\\/en-bref-secteur-0-3-ans-nouveau-systeme-de-pre-demandes-en-ligne\\\/\"},\"author\":{\"name\":\"Isaline De Plaen\",\"@id\":\"https:\\\/\\\/www.fileasbl.be\\\/membres\\\/#\\\/schema\\\/person\\\/fecd3c5133474ddef35b01caf39aa079\"},\"headline\":\"En bref &#8211; Secteur 0-3 ans &#8211; Nouveau syst\u00e8me de pr\u00e9-demandes en ligne\",\"datePublished\":\"2024-11-26T13:23:36+00:00\",\"dateModified\":\"2025-01-09T13:53:25+00:00\",\"mainEntityOfPage\":{\"@id\":\"https:\\\/\\\/www.fileasbl.be\\\/membres\\\/en-bref-secteur-0-3-ans-nouveau-systeme-de-pre-demandes-en-ligne\\\/\"},\"wordCount\":445,\"commentCount\":0,\"image\":{\"@id\":\"https:\\\/\\\/www.fileasbl.be\\\/membres\\\/en-bref-secteur-0-3-ans-nouveau-systeme-de-pre-demandes-en-ligne\\\/#primaryimage\"},\"thumbnailUrl\":\"https:\\\/\\\/www.fileasbl.be\\\/membres\\\/wp-content\\\/uploads\\\/2023\\\/10\\\/Image-mise-en-avant-1.png\",\"articleSection\":[\"Milieu d'accueil 0-3 ans\",\"R\u00e9forme MILAC\"],\"inLanguage\":\"fr-FR\",\"potentialAction\":[{\"@type\":\"CommentAction\",\"name\":\"Comment\",\"target\":[\"https:\\\/\\\/www.fileasbl.be\\\/membres\\\/en-bref-secteur-0-3-ans-nouveau-systeme-de-pre-demandes-en-ligne\\\/#respond\"]}]},{\"@type\":\"WebPage\",\"@id\":\"https:\\\/\\\/www.fileasbl.be\\\/membres\\\/en-bref-secteur-0-3-ans-nouveau-systeme-de-pre-demandes-en-ligne\\\/\",\"url\":\"https:\\\/\\\/www.fileasbl.be\\\/membres\\\/en-bref-secteur-0-3-ans-nouveau-systeme-de-pre-demandes-en-ligne\\\/\",\"name\":\"En bref - Secteur 0-3 ans - Nouveau syst\u00e8me de pr\u00e9-demandes en ligne - Site de la FILE\",\"isPartOf\":{\"@id\":\"https:\\\/\\\/www.fileasbl.be\\\/membres\\\/#website\"},\"primaryImageOfPage\":{\"@id\":\"https:\\\/\\\/www.fileasbl.be\\\/membres\\\/en-bref-secteur-0-3-ans-nouveau-systeme-de-pre-demandes-en-ligne\\\/#primaryimage\"},\"image\":{\"@id\":\"https:\\\/\\\/www.fileasbl.be\\\/membres\\\/en-bref-secteur-0-3-ans-nouveau-systeme-de-pre-demandes-en-ligne\\\/#primaryimage\"},\"thumbnailUrl\":\"https:\\\/\\\/www.fileasbl.be\\\/membres\\\/wp-content\\\/uploads\\\/2023\\\/10\\\/Image-mise-en-avant-1.png\",\"datePublished\":\"2024-11-26T13:23:36+00:00\",\"dateModified\":\"2025-01-09T13:53:25+00:00\",\"author\":{\"@id\":\"https:\\\/\\\/www.fileasbl.be\\\/membres\\\/#\\\/schema\\\/person\\\/fecd3c5133474ddef35b01caf39aa079\"},\"breadcrumb\":{\"@id\":\"https:\\\/\\\/www.fileasbl.be\\\/membres\\\/en-bref-secteur-0-3-ans-nouveau-systeme-de-pre-demandes-en-ligne\\\/#breadcrumb\"},\"inLanguage\":\"fr-FR\",\"potentialAction\":[{\"@type\":\"ReadAction\",\"target\":[\"https:\\\/\\\/www.fileasbl.be\\\/membres\\\/en-bref-secteur-0-3-ans-nouveau-systeme-de-pre-demandes-en-ligne\\\/\"]}]},{\"@type\":\"ImageObject\",\"inLanguage\":\"fr-FR\",\"@id\":\"https:\\\/\\\/www.fileasbl.be\\\/membres\\\/en-bref-secteur-0-3-ans-nouveau-systeme-de-pre-demandes-en-ligne\\\/#primaryimage\",\"url\":\"https:\\\/\\\/www.fileasbl.be\\\/membres\\\/wp-content\\\/uploads\\\/2023\\\/10\\\/Image-mise-en-avant-1.png\",\"contentUrl\":\"https:\\\/\\\/www.fileasbl.be\\\/membres\\\/wp-content\\\/uploads\\\/2023\\\/10\\\/Image-mise-en-avant-1.png\",\"width\":500,\"height\":500},{\"@type\":\"BreadcrumbList\",\"@id\":\"https:\\\/\\\/www.fileasbl.be\\\/membres\\\/en-bref-secteur-0-3-ans-nouveau-systeme-de-pre-demandes-en-ligne\\\/#breadcrumb\",\"itemListElement\":[{\"@type\":\"ListItem\",\"position\":1,\"name\":\"Accueil\",\"item\":\"https:\\\/\\\/www.fileasbl.be\\\/membres\\\/\"},{\"@type\":\"ListItem\",\"position\":2,\"name\":\"En bref &#8211; Secteur 0-3 ans &#8211; Nouveau syst\u00e8me de pr\u00e9-demandes en ligne\"}]},{\"@type\":\"WebSite\",\"@id\":\"https:\\\/\\\/www.fileasbl.be\\\/membres\\\/#website\",\"url\":\"https:\\\/\\\/www.fileasbl.be\\\/membres\\\/\",\"name\":\"Site de la FILE\",\"description\":\"FILE Un accueil de qualit\u00e9 accessible \u00e0 tous\",\"potentialAction\":[{\"@type\":\"SearchAction\",\"target\":{\"@type\":\"EntryPoint\",\"urlTemplate\":\"https:\\\/\\\/www.fileasbl.be\\\/membres\\\/?s={search_term_string}\"},\"query-input\":{\"@type\":\"PropertyValueSpecification\",\"valueRequired\":true,\"valueName\":\"search_term_string\"}}],\"inLanguage\":\"fr-FR\"},{\"@type\":\"Person\",\"@id\":\"https:\\\/\\\/www.fileasbl.be\\\/membres\\\/#\\\/schema\\\/person\\\/fecd3c5133474ddef35b01caf39aa079\",\"name\":\"Isaline De Plaen\",\"url\":\"https:\\\/\\\/www.fileasbl.be\\\/membres\\\/author\\\/assistancejuridiquefileasbl-be\\\/\"}]}<\/script>\n<!-- \/ Yoast SEO plugin. -->","yoast_head_json":{"title":"En bref - Secteur 0-3 ans - Nouveau syst\u00e8me de pr\u00e9-demandes en ligne - Site de la FILE","robots":{"index":"index","follow":"follow","max-snippet":"max-snippet:-1","max-image-preview":"max-image-preview:large","max-video-preview":"max-video-preview:-1"},"canonical":"https:\/\/www.fileasbl.be\/membres\/en-bref-secteur-0-3-ans-nouveau-systeme-de-pre-demandes-en-ligne\/","og_locale":"fr_FR","og_type":"article","og_title":"En bref - Secteur 0-3 ans - Nouveau syst\u00e8me de pr\u00e9-demandes en ligne - Site de la FILE","og_description":"Contenu r\u00e9serv\u00e9 aux membres de la FILE D\u00e8s 2025, les parents et futurs parents qui chercheront une place d\u2019accueil en cr\u00e8che ou chez un\u00b7e accueillant\u00b7e d\u2019enfants \u00e0 domicile devront passer par un syst\u00e8me de pr\u00e9-demande en ligne via la page ou l\u2019application my.one.be. Cette d\u00e9marche vise \u00e0 attribuer un num\u00e9ro unique d\u2019identification pour chaque enfant [&hellip;]","og_url":"https:\/\/www.fileasbl.be\/membres\/en-bref-secteur-0-3-ans-nouveau-systeme-de-pre-demandes-en-ligne\/","og_site_name":"Site de la FILE","article_publisher":"https:\/\/www.facebook.com\/fileasbl\/","article_published_time":"2024-11-26T13:23:36+00:00","article_modified_time":"2025-01-09T13:53:25+00:00","og_image":[{"width":500,"height":500,"url":"https:\/\/www.fileasbl.be\/membres\/wp-content\/uploads\/2023\/10\/Image-mise-en-avant-1.png","type":"image\/png"}],"author":"Isaline De Plaen","twitter_card":"summary_large_image","twitter_misc":{"\u00c9crit par":"Isaline De Plaen","Dur\u00e9e de lecture estim\u00e9e":"3 minutes"},"schema":{"@context":"https:\/\/schema.org","@graph":[{"@type":"Article","@id":"https:\/\/www.fileasbl.be\/membres\/en-bref-secteur-0-3-ans-nouveau-systeme-de-pre-demandes-en-ligne\/#article","isPartOf":{"@id":"https:\/\/www.fileasbl.be\/membres\/en-bref-secteur-0-3-ans-nouveau-systeme-de-pre-demandes-en-ligne\/"},"author":{"name":"Isaline De Plaen","@id":"https:\/\/www.fileasbl.be\/membres\/#\/schema\/person\/fecd3c5133474ddef35b01caf39aa079"},"headline":"En bref &#8211; Secteur 0-3 ans &#8211; Nouveau syst\u00e8me de pr\u00e9-demandes en ligne","datePublished":"2024-11-26T13:23:36+00:00","dateModified":"2025-01-09T13:53:25+00:00","mainEntityOfPage":{"@id":"https:\/\/www.fileasbl.be\/membres\/en-bref-secteur-0-3-ans-nouveau-systeme-de-pre-demandes-en-ligne\/"},"wordCount":445,"commentCount":0,"image":{"@id":"https:\/\/www.fileasbl.be\/membres\/en-bref-secteur-0-3-ans-nouveau-systeme-de-pre-demandes-en-ligne\/#primaryimage"},"thumbnailUrl":"https:\/\/www.fileasbl.be\/membres\/wp-content\/uploads\/2023\/10\/Image-mise-en-avant-1.png","articleSection":["Milieu d'accueil 0-3 ans","R\u00e9forme MILAC"],"inLanguage":"fr-FR","potentialAction":[{"@type":"CommentAction","name":"Comment","target":["https:\/\/www.fileasbl.be\/membres\/en-bref-secteur-0-3-ans-nouveau-systeme-de-pre-demandes-en-ligne\/#respond"]}]},{"@type":"WebPage","@id":"https:\/\/www.fileasbl.be\/membres\/en-bref-secteur-0-3-ans-nouveau-systeme-de-pre-demandes-en-ligne\/","url":"https:\/\/www.fileasbl.be\/membres\/en-bref-secteur-0-3-ans-nouveau-systeme-de-pre-demandes-en-ligne\/","name":"En bref - Secteur 0-3 ans - Nouveau syst\u00e8me de pr\u00e9-demandes en ligne - Site de la FILE","isPartOf":{"@id":"https:\/\/www.fileasbl.be\/membres\/#website"},"primaryImageOfPage":{"@id":"https:\/\/www.fileasbl.be\/membres\/en-bref-secteur-0-3-ans-nouveau-systeme-de-pre-demandes-en-ligne\/#primaryimage"},"image":{"@id":"https:\/\/www.fileasbl.be\/membres\/en-bref-secteur-0-3-ans-nouveau-systeme-de-pre-demandes-en-ligne\/#primaryimage"},"thumbnailUrl":"https:\/\/www.fileasbl.be\/membres\/wp-content\/uploads\/2023\/10\/Image-mise-en-avant-1.png","datePublished":"2024-11-26T13:23:36+00:00","dateModified":"2025-01-09T13:53:25+00:00","author":{"@id":"https:\/\/www.fileasbl.be\/membres\/#\/schema\/person\/fecd3c5133474ddef35b01caf39aa079"},"breadcrumb":{"@id":"https:\/\/www.fileasbl.be\/membres\/en-bref-secteur-0-3-ans-nouveau-systeme-de-pre-demandes-en-ligne\/#breadcrumb"},"inLanguage":"fr-FR","potentialAction":[{"@type":"ReadAction","target":["https:\/\/www.fileasbl.be\/membres\/en-bref-secteur-0-3-ans-nouveau-systeme-de-pre-demandes-en-ligne\/"]}]},{"@type":"ImageObject","inLanguage":"fr-FR","@id":"https:\/\/www.fileasbl.be\/membres\/en-bref-secteur-0-3-ans-nouveau-systeme-de-pre-demandes-en-ligne\/#primaryimage","url":"https:\/\/www.fileasbl.be\/membres\/wp-content\/uploads\/2023\/10\/Image-mise-en-avant-1.png","contentUrl":"https:\/\/www.fileasbl.be\/membres\/wp-content\/uploads\/2023\/10\/Image-mise-en-avant-1.png","width":500,"height":500},{"@type":"BreadcrumbList","@id":"https:\/\/www.fileasbl.be\/membres\/en-bref-secteur-0-3-ans-nouveau-systeme-de-pre-demandes-en-ligne\/#breadcrumb","itemListElement":[{"@type":"ListItem","position":1,"name":"Accueil","item":"https:\/\/www.fileasbl.be\/membres\/"},{"@type":"ListItem","position":2,"name":"En bref &#8211; Secteur 0-3 ans &#8211; Nouveau syst\u00e8me de pr\u00e9-demandes en ligne"}]},{"@type":"WebSite","@id":"https:\/\/www.fileasbl.be\/membres\/#website","url":"https:\/\/www.fileasbl.be\/membres\/","name":"Site de la FILE","description":"FILE Un accueil de qualit\u00e9 accessible \u00e0 tous","potentialAction":[{"@type":"SearchAction","target":{"@type":"EntryPoint","urlTemplate":"https:\/\/www.fileasbl.be\/membres\/?s={search_term_string}"},"query-input":{"@type":"PropertyValueSpecification","valueRequired":true,"valueName":"search_term_string"}}],"inLanguage":"fr-FR"},{"@type":"Person","@id":"https:\/\/www.fileasbl.be\/membres\/#\/schema\/person\/fecd3c5133474ddef35b01caf39aa079","name":"Isaline De Plaen","url":"https:\/\/www.fileasbl.be\/membres\/author\/assistancejuridiquefileasbl-be\/"}]}},"builder_content":"<p>Contenu r\u00e9serv\u00e9 aux membres de la FILE<\/p>\n<table width=\"100%\"> <tbody> <tr> <td> <table width=\"100%\"> <tbody> <tr> <td width=\"600\"> <table width=\"100%\"> <tbody> <tr> <td> <table width=\"100%\"> <tbody> <tr> <td> <table width=\"100%\"> <tbody> <tr> <td> <table width=\"100%\"> <tbody> <tr> <td> <table width=\"100%\"> <tbody> <tr> <td> <table width=\"100%\"> <tbody> <tr> <td> <table width=\"100%\"> <tbody> <tr> <td> <table width=\"100%\"> <tbody> <tr> <td> <p>D\u00e8s 2025, les parents et futurs parents qui chercheront une place d\u2019accueil en cr\u00e8che ou chez un\u00b7e accueillant\u00b7e d\u2019enfants \u00e0 domicile <strong>devront passer par un syst\u00e8me de pr\u00e9-demande en ligne<\/strong> via la page ou l\u2019application <a href=\"https:\/\/my.one.be\/\">my.one.be<\/a>.<\/p> <p>Cette d\u00e9marche vise \u00e0 attribuer un num\u00e9ro unique d\u2019identification pour chaque enfant \u00e0 inscrire.\u00a0<\/p> <p>Cette d\u00e9marche constitue une \u00e9tape pr\u00e9liminaire dans le processus d\u2019inscription mais ne remplace pas la prise de contact individuelle du ou des parent.s avec chaque milieu d\u2019accueil.<\/p> <p>Ce nouveau syst\u00e8me aura n\u00e9anmoins des <strong>impacts sur la proc\u00e9dure d\u2019inscription<\/strong>, notamment parce qu\u2019il mettra en place un nouveau syst\u00e8me de gestion des listes d\u2019attente pour les milieux d\u2019accueil via pro.one qui sera directement li\u00e9 aux num\u00e9ros uniques d\u2019identification des enfants \u00e0 inscrire.<\/p> <p>Il n\u2019est donc pas inutile d\u2019y porter une attention particuli\u00e8re.<\/p> <p>Si la date de mise en place annonc\u00e9e par l\u2019ONE est d\u00e9but 2025, il est pr\u00e9vu que ce syst\u00e8me sera implant\u00e9 petit \u00e0 petit.<\/p> <p>Afin de vous pr\u00e9senter plus en d\u00e9tail cette nouveaut\u00e9, l\u2019ONE vous invite \u00e0 participer \u00e0 l\u2019une des s\u00e9ances d\u2019information qu\u2019il organise en visio ou en pr\u00e9sentiel notamment aux dates suivantes\u00a0:<\/p> <ul> <li><strong>02\/12\/24<\/strong> de <strong>9h30 \u00e0 12h30 - TEAMS<\/strong><\/li> <li><strong>04\/12\/24<\/strong> de <strong>9h30 \u00e0 12h30 \u2013 Ghlin<\/strong><\/li> <li><strong>04\/12\/24<\/strong> de <strong>9h30 \u00e0 12h30 - TEAMS<\/strong><\/li> <li><strong>05\/12\/24<\/strong> de<strong> 13h30 \u00e0 16h30 \u2013 Bouge<\/strong><\/li> <li><strong>05\/12\/24 <\/strong>de <strong>13h30 \u00e0 16h30 \u2013 TEAMS<\/strong><\/li> <li><strong>16\/12\/24<\/strong> de<strong> 9h30 \u00e0 12h30 \u2013 La Hulpe<\/strong><\/li> <li><strong>16\/12\/24 <\/strong>de <strong>9h30 \u00e0 12h30 - TEAMS<\/strong><\/li> <\/ul> <p>Lors de ces s\u00e9ances, l\u2019ONE pr\u00e9sentera \u00e9galement son nouveau logiciel EMMA. Il s\u2019agit d\u2019un logiciel de gestion gratuit d\u00e9velopp\u00e9 et mis \u00e0 disposition par l\u2019ONE qui s\u2019adresse aux milieux d\u2019accueil de la petite enfance (cr\u00e8che, service d\u2019accueil d\u2019enfants, accueillant\u00b7e\u00b7s d\u2019enfants ind\u00e9pendant\u00b7e\u00b7s).<br>Ce logiciel de gestion, qui est en cours de d\u00e9veloppement, offre d\u00e9j\u00e0 certaines fonctionnalit\u00e9s telles que l\u2019encodage des dossiers des enfants et des pr\u00e9sences, le calcul de la tarification\u2026 De nouvelles fonctionnalit\u00e9s sont attendues telles que l\u2019encodage des attestations fiscales de garde.<\/p> <p>Inscriptions via le lien suivant\u00a0: <a href=\"https:\/\/forms.office.com\/pages\/responsepage.aspx?id=o5K95lS89EStTIIFc5BS_EqMpGNw1UZNmNuKiAeeDD9URTVSR0I3VkFMSFNRVEtJTTNSRzM3RlBZTSQlQCN0PWcu&amp;route=shorturl\">https:\/\/forms.office.com\/pages\/responsepage.aspx?id=o5K95lS89EStTIIFc5BS_EqMpGNw1UZNmNuKiAeeDD9URTVSR0I3VkFMSFNRVEtJTTNSRzM3RlBZTSQlQCN0PWcu&amp;route=shorturl<\/a><\/p> <p>A la FILE nous suivons ce dossier de pr\u00e8s. N'h\u00e9sitez donc pas \u00e0 nous adresser vos questions et difficult\u00e9s rencontr\u00e9es.<\/p> <p>Source: Newsletter FILE membres du 26 novembre 2024<\/p> <\/td> <\/tr> <\/tbody> <\/table> <\/td> <\/tr> <\/tbody> <\/table> <\/td> <\/tr> <\/tbody> <\/table> <\/td> <\/tr> <\/tbody> <\/table> <\/td> <\/tr> <\/tbody> <\/table> <table width=\"100%\"> <tbody> <tr> <td>\u00a0<\/td> <\/tr> <\/tbody> <\/table> <table width=\"100%\"> <tbody> <tr> <td> <table width=\"100%\"> <tbody> <tr> <td>\u00a0<\/td> <\/tr> <\/tbody> <\/table> <\/td> <\/tr> <\/tbody> <\/table> <\/td> <\/tr> <\/tbody> <\/table> <\/td> <\/tr> <\/tbody> <\/table> <\/td> <\/tr> <\/tbody> <\/table> <\/td> <\/tr> <\/tbody> <\/table> <\/td> <\/tr> <\/tbody> <\/table>\n<h2>Ressources :<\/h2> <ul> <li>juridique@fileasbl.be 010 22 52 02<\/li> <\/ul>","_links":{"self":[{"href":"https:\/\/www.fileasbl.be\/membres\/wp-json\/wp\/v2\/posts\/32876","targetHints":{"allow":["GET"]}}],"collection":[{"href":"https:\/\/www.fileasbl.be\/membres\/wp-json\/wp\/v2\/posts"}],"about":[{"href":"https:\/\/www.fileasbl.be\/membres\/wp-json\/wp\/v2\/types\/post"}],"author":[{"embeddable":true,"href":"https:\/\/www.fileasbl.be\/membres\/wp-json\/wp\/v2\/users\/154"}],"replies":[{"embeddable":true,"href":"https:\/\/www.fileasbl.be\/membres\/wp-json\/wp\/v2\/comments?post=32876"}],"version-history":[{"count":0,"href":"https:\/\/www.fileasbl.be\/membres\/wp-json\/wp\/v2\/posts\/32876\/revisions"}],"wp:featuredmedia":[{"embeddable":true,"href":"https:\/\/www.fileasbl.be\/membres\/wp-json\/wp\/v2\/media\/31217"}],"wp:attachment":[{"href":"https:\/\/www.fileasbl.be\/membres\/wp-json\/wp\/v2\/media?parent=32876"}],"wp:term":[{"taxonomy":"category","embeddable":true,"href":"https:\/\/www.fileasbl.be\/membres\/wp-json\/wp\/v2\/categories?post=32876"},{"taxonomy":"post_tag","embeddable":true,"href":"https:\/\/www.fileasbl.be\/membres\/wp-json\/wp\/v2\/tags?post=32876"}],"curies":[{"name":"wp","href":"https:\/\/api.w.org\/{rel}","templated":true}]}}