{"id":32949,"date":"2024-12-20T14:36:58","date_gmt":"2024-12-20T13:36:58","guid":{"rendered":"https:\/\/www.fileasbl.be\/membres\/?p=32949"},"modified":"2025-09-02T10:56:37","modified_gmt":"2025-09-02T09:56:37","slug":"responsabilite-des-agents-dexecution","status":"publish","type":"post","link":"https:\/\/www.fileasbl.be\/membres\/responsabilite-des-agents-dexecution\/","title":{"rendered":"Responsabilit\u00e9 des agents d&rsquo;ex\u00e9cution"},"content":{"rendered":"<!--themify_builder_content-->\n<div id=\"themify_builder_content-32949\" data-postid=\"32949\" class=\"themify_builder_content themify_builder_content-32949 themify_builder tf_clear\">\n    \t<!-- module_row -->\n\t<div  data-lazy=\"1\" class=\"module_row themify_builder_row tb_ksae676 tb_first tf_clearfix\">\n\t    \t\t<div class=\"row_inner col_align_top col-count-1 tf_box tf_w tf_rel\">\n\t\t\t<div  data-lazy=\"1\" class=\"module_column tb-column col-full first tb_x2jj677 tf_box\">\n\t\t\t    \t        <div class=\"tb-column-inner tf_box tf_w\">\n\t\t    <!-- module text -->\n<div  class=\"module module-text tb_2d33875   \" data-lazy=\"1\">\n        <div  class=\"tb_text_wrap\">\n    <h3><strong>Qui est concern\u00e9\u00a0?<\/strong><\/h3>\n<p>Les personnes morales priv\u00e9es (ASBL, \u2026) et publiques (communes, CPAS, \u2026)\u00a0 n\u2019existent que par l\u2019interm\u00e9diaire des personnes physiques qui agissent pour elles.<\/p>\n<p>Un agent d\u2019ex\u00e9cution peut \u00eatre :<\/p>\n<ul>\n<li>un travailleur<\/li>\n<li>un administrateur<\/li>\n<li>un b\u00e9n\u00e9vole<\/li>\n<li>\u2026<\/li>\n<\/ul>\n<p>Toute personne qui agit dans le cadre d\u2019une organisation (ASBL, soci\u00e9t\u00e9, commune, \u2026) est consid\u00e9r\u00e9e comme un agent d\u2019ex\u00e9cution par le Code civil.<\/p>\n<p>Jusqu\u2019\u00e0 cette ann\u00e9e, ces personnes \u00e9taient \u00ab\u00a0prot\u00e9g\u00e9es\u00a0\u00bb en termes de responsabilit\u00e9 par la structure pour laquelle elles agissent.<\/p>\n<p>Au 1<sup>er<\/sup> janvier 2025, un contractant l\u00e9s\u00e9 peut agir en <strong>responsabilit\u00e9 extracontractuelle<\/strong> \u00e0 l\u2019encontre des agents d\u2019ex\u00e9cution.<\/p>\n<pre><span style=\"font-family: Arial, Helvetica, sans-serif;\">La responsabilit\u00e9 extracontractuelle, c\u2019est lorsqu\u2019<strong>une faute<\/strong>\u00a0(ou un fait g\u00e9n\u00e9rateur de responsabilit\u00e9) non <\/span><\/pre>\n<pre><span style=\"font-family: Arial, Helvetica, sans-serif;\">contractuelle a caus\u00e9\u00a0<strong>un dommage,\u00a0<\/strong>et qu\u2019il y a un<strong>\u00a0lien de causalit\u00e9\u00a0<\/strong>entre la faute et le dommage.<\/span><\/pre>\n<h3>\u00a0<\/h3>\n<h3><strong>Exemple<\/strong><\/h3>\n<p>La cr\u00e8che \u00ab\u00a0Vive les Petits\u00a0\u00bb organise une journ\u00e9e de formation pour son personnel et fait appel \u00e0 Madame Forma. Madame Forma se d\u00e9place en transport en commun. La directrice va la chercher \u00e0 la gare en voiture. Lors de ce trajet, un accident de voiture survient et Mme Forma subit des dommages.<\/p>\n<ul>\n<li>Jusqu\u2019\u00e0 fin 2024, Mme Forma peut demander r\u00e9paration de son dommage uniquement \u00e0 la cr\u00e8che \u00ab\u00a0Vive les Petits\u00a0\u00bb en raison du contrat entre elles.<\/li>\n<li>A partir du 1<sup>er<\/sup> janvier 2025, elle pourra aussi agir en justice \u00e0 l\u2019encontre de la directrice pour obtenir r\u00e9paration de son dommage.<\/li>\n<\/ul>\n<h3><strong>Limites de cette responsabilit\u00e9 extracontractuelle<\/strong><\/h3>\n<p>Cette nouveaut\u00e9 ouvre la porte \u00e0 de nouvelles mises en cause de la responsabilit\u00e9 des travailleurs, des volontaires, des administrateurs\u2026<\/p>\n<p>Certaines limites sont mises\u00a0: ces personnes ne seront tenues responsables que dans les limites de leur fonction.<\/p>\n<p>Ainsi<\/p>\n<ul>\n<li>un travailleur ou un volontaire ne sera responsable que de sa faute <strong>intentionnelle<\/strong>, de sa faute <strong>lourde<\/strong> ou de sa faute <strong>l\u00e9g\u00e8re habituelle<\/strong>;<\/li>\n<li>un administrateur ne sera responsable que des d\u00e9cisions, actes ou comportements qui <strong>exc\u00e8dent manifestement<\/strong> la marge dans laquelle des administrateurs normalement prudents et diligents plac\u00e9s dans les m\u00eames circonstances peuvent raisonnablement avoir une opinion divergente.<\/li>\n<\/ul>\n<h3><strong>Comment r\u00e9duire les risques\u00a0?<\/strong><\/h3>\n<p>Plusieurs pistes sont possibles\u00a0:<\/p>\n<ul>\n<li>ajouter une <strong>clause d\u2019exclusion<\/strong> de responsabilit\u00e9 dans le contrat principal\u00a0;<\/li>\n<li>ins\u00e9rer une <strong>clause de garantie<\/strong> dans le contrat entre la structure et l\u2019agent d\u2019ex\u00e9cution\u00a0;<\/li>\n<li>contacter votre compagnie d\u2019<strong>assurance<\/strong> pour adapter votre police.\n<ul>\n<li>Renseignez vous aupr\u00e8s de votre province ou de la COCOF, des <a href=\"https:\/\/www.ethias.be\/pro\/fr\/non-profit\/assurances\/benevoles\/info.html\" target=\"_blank\" rel=\"noopener\">assurances gratuites<\/a> sont souvent offertes pour les ASBL ! \u00a0<\/li>\n<\/ul>\n<\/li>\n<\/ul>\n<h3><strong>Pour aller plus loin<\/strong><\/h3>\n<p><a href=\"https:\/\/mailchi.mp\/impactadvocaten\/flashinfo-2024-juin?e=f7d38d18ca\" target=\"_blank\" rel=\"noopener\">Un article et des exemples de clauses<\/a><\/p>\n<p><a href=\"https:\/\/www.fileasbl.be\/membres\/wp-content\/uploads\/2024\/12\/Unisoc-note-responsabilite-extracontractuelle-des-agents-dexecution-2024-12-18.pdf\" target=\"_blank\" rel=\"noopener\">Un article de l&rsquo;UNISOC<\/a><\/p>\n<p><a href=\"https:\/\/justice.belgium.be\/fr\/bwcc\" target=\"_blank\" rel=\"noopener\">Livre 6 du Code civil<\/a>\u00a0<br>L\u2019agent d\u2019ex\u00e9cution est appel\u00e9 \u00ab auxiliaire \u00bb dans le Code civil.<\/p>\n<p>\u00a0<\/p>    <\/div>\n<\/div>\n<!-- \/module text -->\t        <\/div>\n\t    \t<\/div>\n\t\t    <\/div>\n\t    <!-- \/row_inner -->\n\t<\/div>\n\t<!-- \/module_row -->\n\t<\/div>\n<!--\/themify_builder_content-->","protected":false},"excerpt":{"rendered":"<p>Qui est concern\u00e9\u00a0? Les personnes morales priv\u00e9es (ASBL, \u2026) et publiques (communes, CPAS, \u2026)\u00a0 n\u2019existent que par l\u2019interm\u00e9diaire des personnes physiques qui agissent pour elles. Un agent d\u2019ex\u00e9cution peut \u00eatre : un travailleur un administrateur un b\u00e9n\u00e9vole \u2026 Toute personne qui agit dans le cadre d\u2019une organisation (ASBL, soci\u00e9t\u00e9, commune, \u2026) est consid\u00e9r\u00e9e comme un [&hellip;]<\/p>\n","protected":false},"author":148,"featured_media":0,"comment_status":"open","ping_status":"open","sticky":false,"template":"","format":"standard","meta":{"footnotes":""},"categories":[241,246,299,300,279],"tags":[],"class_list":["post-32949","post","type-post","status-publish","format-standard","hentry","category-asbl","category-milac","category-notes-juridiques","category-notes-pedagogiques","category-recrutement","has-post-title","has-post-date","has-post-category","has-post-tag","has-post-comment","has-post-author",""],"yoast_head":"<!-- This site is optimized with the Yoast SEO plugin v27.5 - https:\/\/yoast.com\/product\/yoast-seo-wordpress\/ -->\n<title>Responsabilit\u00e9 des agents d&#039;ex\u00e9cution - Site de la FILE<\/title>\n<meta name=\"robots\" content=\"index, follow, max-snippet:-1, max-image-preview:large, max-video-preview:-1\" \/>\n<link rel=\"canonical\" href=\"https:\/\/www.fileasbl.be\/membres\/responsabilite-des-agents-dexecution\/\" \/>\n<meta property=\"og:locale\" content=\"fr_FR\" \/>\n<meta property=\"og:type\" content=\"article\" \/>\n<meta property=\"og:title\" content=\"Responsabilit\u00e9 des agents d&#039;ex\u00e9cution - Site de la FILE\" \/>\n<meta property=\"og:description\" content=\"Qui est concern\u00e9\u00a0? Les personnes morales priv\u00e9es (ASBL, \u2026) et publiques (communes, CPAS, \u2026)\u00a0 n\u2019existent que par l\u2019interm\u00e9diaire des personnes physiques qui agissent pour elles. Un agent d\u2019ex\u00e9cution peut \u00eatre : un travailleur un administrateur un b\u00e9n\u00e9vole \u2026 Toute personne qui agit dans le cadre d\u2019une organisation (ASBL, soci\u00e9t\u00e9, commune, \u2026) est consid\u00e9r\u00e9e comme un [&hellip;]\" \/>\n<meta property=\"og:url\" content=\"https:\/\/www.fileasbl.be\/membres\/responsabilite-des-agents-dexecution\/\" \/>\n<meta property=\"og:site_name\" content=\"Site de la FILE\" \/>\n<meta property=\"article:publisher\" content=\"https:\/\/www.facebook.com\/fileasbl\/\" \/>\n<meta property=\"article:published_time\" content=\"2024-12-20T13:36:58+00:00\" \/>\n<meta property=\"article:modified_time\" content=\"2025-09-02T09:56:37+00:00\" \/>\n<meta name=\"author\" content=\"Carine Delr\u00e9e\" \/>\n<meta name=\"twitter:card\" content=\"summary_large_image\" \/>\n<meta name=\"twitter:label1\" content=\"\u00c9crit par\" \/>\n\t<meta name=\"twitter:data1\" content=\"Carine Delr\u00e9e\" \/>\n\t<meta name=\"twitter:label2\" content=\"Dur\u00e9e de lecture estim\u00e9e\" \/>\n\t<meta name=\"twitter:data2\" content=\"2 minutes\" \/>\n<script type=\"application\/ld+json\" class=\"yoast-schema-graph\">{\"@context\":\"https:\\\/\\\/schema.org\",\"@graph\":[{\"@type\":\"Article\",\"@id\":\"https:\\\/\\\/www.fileasbl.be\\\/membres\\\/responsabilite-des-agents-dexecution\\\/#article\",\"isPartOf\":{\"@id\":\"https:\\\/\\\/www.fileasbl.be\\\/membres\\\/responsabilite-des-agents-dexecution\\\/\"},\"author\":{\"name\":\"Carine Delr\u00e9e\",\"@id\":\"https:\\\/\\\/www.fileasbl.be\\\/membres\\\/#\\\/schema\\\/person\\\/35f9ea1c887a9c887cf2042f7d125f08\"},\"headline\":\"Responsabilit\u00e9 des agents d&rsquo;ex\u00e9cution\",\"datePublished\":\"2024-12-20T13:36:58+00:00\",\"dateModified\":\"2025-09-02T09:56:37+00:00\",\"mainEntityOfPage\":{\"@id\":\"https:\\\/\\\/www.fileasbl.be\\\/membres\\\/responsabilite-des-agents-dexecution\\\/\"},\"wordCount\":422,\"commentCount\":0,\"articleSection\":[\"ASBL\",\"Milieu d'accueil 0-3 ans\",\"Notes juridiques\",\"Notes p\u00e9dagogiques\",\"Recrutement\"],\"inLanguage\":\"fr-FR\",\"potentialAction\":[{\"@type\":\"CommentAction\",\"name\":\"Comment\",\"target\":[\"https:\\\/\\\/www.fileasbl.be\\\/membres\\\/responsabilite-des-agents-dexecution\\\/#respond\"]}]},{\"@type\":\"WebPage\",\"@id\":\"https:\\\/\\\/www.fileasbl.be\\\/membres\\\/responsabilite-des-agents-dexecution\\\/\",\"url\":\"https:\\\/\\\/www.fileasbl.be\\\/membres\\\/responsabilite-des-agents-dexecution\\\/\",\"name\":\"Responsabilit\u00e9 des agents d'ex\u00e9cution - Site de la FILE\",\"isPartOf\":{\"@id\":\"https:\\\/\\\/www.fileasbl.be\\\/membres\\\/#website\"},\"datePublished\":\"2024-12-20T13:36:58+00:00\",\"dateModified\":\"2025-09-02T09:56:37+00:00\",\"author\":{\"@id\":\"https:\\\/\\\/www.fileasbl.be\\\/membres\\\/#\\\/schema\\\/person\\\/35f9ea1c887a9c887cf2042f7d125f08\"},\"breadcrumb\":{\"@id\":\"https:\\\/\\\/www.fileasbl.be\\\/membres\\\/responsabilite-des-agents-dexecution\\\/#breadcrumb\"},\"inLanguage\":\"fr-FR\",\"potentialAction\":[{\"@type\":\"ReadAction\",\"target\":[\"https:\\\/\\\/www.fileasbl.be\\\/membres\\\/responsabilite-des-agents-dexecution\\\/\"]}]},{\"@type\":\"BreadcrumbList\",\"@id\":\"https:\\\/\\\/www.fileasbl.be\\\/membres\\\/responsabilite-des-agents-dexecution\\\/#breadcrumb\",\"itemListElement\":[{\"@type\":\"ListItem\",\"position\":1,\"name\":\"Accueil\",\"item\":\"https:\\\/\\\/www.fileasbl.be\\\/membres\\\/\"},{\"@type\":\"ListItem\",\"position\":2,\"name\":\"Responsabilit\u00e9 des agents d&rsquo;ex\u00e9cution\"}]},{\"@type\":\"WebSite\",\"@id\":\"https:\\\/\\\/www.fileasbl.be\\\/membres\\\/#website\",\"url\":\"https:\\\/\\\/www.fileasbl.be\\\/membres\\\/\",\"name\":\"Site de la FILE\",\"description\":\"FILE Un accueil de qualit\u00e9 accessible \u00e0 tous\",\"potentialAction\":[{\"@type\":\"SearchAction\",\"target\":{\"@type\":\"EntryPoint\",\"urlTemplate\":\"https:\\\/\\\/www.fileasbl.be\\\/membres\\\/?s={search_term_string}\"},\"query-input\":{\"@type\":\"PropertyValueSpecification\",\"valueRequired\":true,\"valueName\":\"search_term_string\"}}],\"inLanguage\":\"fr-FR\"},{\"@type\":\"Person\",\"@id\":\"https:\\\/\\\/www.fileasbl.be\\\/membres\\\/#\\\/schema\\\/person\\\/35f9ea1c887a9c887cf2042f7d125f08\",\"name\":\"Carine Delr\u00e9e\",\"sameAs\":[\"contact@fileasbl.be\"],\"url\":\"https:\\\/\\\/www.fileasbl.be\\\/membres\\\/author\\\/juriste\\\/\"}]}<\/script>\n<!-- \/ Yoast SEO plugin. -->","yoast_head_json":{"title":"Responsabilit\u00e9 des agents d'ex\u00e9cution - Site de la FILE","robots":{"index":"index","follow":"follow","max-snippet":"max-snippet:-1","max-image-preview":"max-image-preview:large","max-video-preview":"max-video-preview:-1"},"canonical":"https:\/\/www.fileasbl.be\/membres\/responsabilite-des-agents-dexecution\/","og_locale":"fr_FR","og_type":"article","og_title":"Responsabilit\u00e9 des agents d'ex\u00e9cution - Site de la FILE","og_description":"Qui est concern\u00e9\u00a0? Les personnes morales priv\u00e9es (ASBL, \u2026) et publiques (communes, CPAS, \u2026)\u00a0 n\u2019existent que par l\u2019interm\u00e9diaire des personnes physiques qui agissent pour elles. Un agent d\u2019ex\u00e9cution peut \u00eatre : un travailleur un administrateur un b\u00e9n\u00e9vole \u2026 Toute personne qui agit dans le cadre d\u2019une organisation (ASBL, soci\u00e9t\u00e9, commune, \u2026) est consid\u00e9r\u00e9e comme un [&hellip;]","og_url":"https:\/\/www.fileasbl.be\/membres\/responsabilite-des-agents-dexecution\/","og_site_name":"Site de la FILE","article_publisher":"https:\/\/www.facebook.com\/fileasbl\/","article_published_time":"2024-12-20T13:36:58+00:00","article_modified_time":"2025-09-02T09:56:37+00:00","author":"Carine Delr\u00e9e","twitter_card":"summary_large_image","twitter_misc":{"\u00c9crit par":"Carine Delr\u00e9e","Dur\u00e9e de lecture estim\u00e9e":"2 minutes"},"schema":{"@context":"https:\/\/schema.org","@graph":[{"@type":"Article","@id":"https:\/\/www.fileasbl.be\/membres\/responsabilite-des-agents-dexecution\/#article","isPartOf":{"@id":"https:\/\/www.fileasbl.be\/membres\/responsabilite-des-agents-dexecution\/"},"author":{"name":"Carine Delr\u00e9e","@id":"https:\/\/www.fileasbl.be\/membres\/#\/schema\/person\/35f9ea1c887a9c887cf2042f7d125f08"},"headline":"Responsabilit\u00e9 des agents d&rsquo;ex\u00e9cution","datePublished":"2024-12-20T13:36:58+00:00","dateModified":"2025-09-02T09:56:37+00:00","mainEntityOfPage":{"@id":"https:\/\/www.fileasbl.be\/membres\/responsabilite-des-agents-dexecution\/"},"wordCount":422,"commentCount":0,"articleSection":["ASBL","Milieu d'accueil 0-3 ans","Notes juridiques","Notes p\u00e9dagogiques","Recrutement"],"inLanguage":"fr-FR","potentialAction":[{"@type":"CommentAction","name":"Comment","target":["https:\/\/www.fileasbl.be\/membres\/responsabilite-des-agents-dexecution\/#respond"]}]},{"@type":"WebPage","@id":"https:\/\/www.fileasbl.be\/membres\/responsabilite-des-agents-dexecution\/","url":"https:\/\/www.fileasbl.be\/membres\/responsabilite-des-agents-dexecution\/","name":"Responsabilit\u00e9 des agents d'ex\u00e9cution - Site de la FILE","isPartOf":{"@id":"https:\/\/www.fileasbl.be\/membres\/#website"},"datePublished":"2024-12-20T13:36:58+00:00","dateModified":"2025-09-02T09:56:37+00:00","author":{"@id":"https:\/\/www.fileasbl.be\/membres\/#\/schema\/person\/35f9ea1c887a9c887cf2042f7d125f08"},"breadcrumb":{"@id":"https:\/\/www.fileasbl.be\/membres\/responsabilite-des-agents-dexecution\/#breadcrumb"},"inLanguage":"fr-FR","potentialAction":[{"@type":"ReadAction","target":["https:\/\/www.fileasbl.be\/membres\/responsabilite-des-agents-dexecution\/"]}]},{"@type":"BreadcrumbList","@id":"https:\/\/www.fileasbl.be\/membres\/responsabilite-des-agents-dexecution\/#breadcrumb","itemListElement":[{"@type":"ListItem","position":1,"name":"Accueil","item":"https:\/\/www.fileasbl.be\/membres\/"},{"@type":"ListItem","position":2,"name":"Responsabilit\u00e9 des agents d&rsquo;ex\u00e9cution"}]},{"@type":"WebSite","@id":"https:\/\/www.fileasbl.be\/membres\/#website","url":"https:\/\/www.fileasbl.be\/membres\/","name":"Site de la FILE","description":"FILE Un accueil de qualit\u00e9 accessible \u00e0 tous","potentialAction":[{"@type":"SearchAction","target":{"@type":"EntryPoint","urlTemplate":"https:\/\/www.fileasbl.be\/membres\/?s={search_term_string}"},"query-input":{"@type":"PropertyValueSpecification","valueRequired":true,"valueName":"search_term_string"}}],"inLanguage":"fr-FR"},{"@type":"Person","@id":"https:\/\/www.fileasbl.be\/membres\/#\/schema\/person\/35f9ea1c887a9c887cf2042f7d125f08","name":"Carine Delr\u00e9e","sameAs":["contact@fileasbl.be"],"url":"https:\/\/www.fileasbl.be\/membres\/author\/juriste\/"}]}},"builder_content":"<h3><strong>Qui est concern\u00e9\u00a0?<\/strong><\/h3> <p>Les personnes morales priv\u00e9es (ASBL, \u2026) et publiques (communes, CPAS, \u2026)\u00a0 n\u2019existent que par l\u2019interm\u00e9diaire des personnes physiques qui agissent pour elles.<\/p> <p>Un agent d\u2019ex\u00e9cution peut \u00eatre :<\/p> <ul> <li>un travailleur<\/li> <li>un administrateur<\/li> <li>un b\u00e9n\u00e9vole<\/li> <li>\u2026<\/li> <\/ul> <p>Toute personne qui agit dans le cadre d\u2019une organisation (ASBL, soci\u00e9t\u00e9, commune, \u2026) est consid\u00e9r\u00e9e comme un agent d\u2019ex\u00e9cution par le Code civil.<\/p> <p>Jusqu\u2019\u00e0 cette ann\u00e9e, ces personnes \u00e9taient \u00ab\u00a0prot\u00e9g\u00e9es\u00a0\u00bb en termes de responsabilit\u00e9 par la structure pour laquelle elles agissent.<\/p> <p>Au 1<sup>er<\/sup> janvier 2025, un contractant l\u00e9s\u00e9 peut agir en <strong>responsabilit\u00e9 extracontractuelle<\/strong> \u00e0 l\u2019encontre des agents d\u2019ex\u00e9cution.<\/p> <pre>La responsabilit\u00e9 extracontractuelle, c\u2019est lorsqu\u2019<strong>une faute<\/strong>\u00a0(ou un fait g\u00e9n\u00e9rateur de responsabilit\u00e9) non <\/pre> <pre>contractuelle a caus\u00e9\u00a0<strong>un dommage,\u00a0<\/strong>et qu\u2019il y a un<strong>\u00a0lien de causalit\u00e9\u00a0<\/strong>entre la faute et le dommage.<\/pre> <h3>\u00a0<\/h3> <h3><strong>Exemple<\/strong><\/h3> <p>La cr\u00e8che \u00ab\u00a0Vive les Petits\u00a0\u00bb organise une journ\u00e9e de formation pour son personnel et fait appel \u00e0 Madame Forma. Madame Forma se d\u00e9place en transport en commun. La directrice va la chercher \u00e0 la gare en voiture. Lors de ce trajet, un accident de voiture survient et Mme Forma subit des dommages.<\/p> <ul> <li>Jusqu\u2019\u00e0 fin 2024, Mme Forma peut demander r\u00e9paration de son dommage uniquement \u00e0 la cr\u00e8che \u00ab\u00a0Vive les Petits\u00a0\u00bb en raison du contrat entre elles.<\/li> <li>A partir du 1<sup>er<\/sup> janvier 2025, elle pourra aussi agir en justice \u00e0 l\u2019encontre de la directrice pour obtenir r\u00e9paration de son dommage.<\/li> <\/ul> <h3><strong>Limites de cette responsabilit\u00e9 extracontractuelle<\/strong><\/h3> <p>Cette nouveaut\u00e9 ouvre la porte \u00e0 de nouvelles mises en cause de la responsabilit\u00e9 des travailleurs, des volontaires, des administrateurs\u2026<\/p> <p>Certaines limites sont mises\u00a0: ces personnes ne seront tenues responsables que dans les limites de leur fonction.<\/p> <p>Ainsi<\/p> <ul> <li>un travailleur ou un volontaire ne sera responsable que de sa faute <strong>intentionnelle<\/strong>, de sa faute <strong>lourde<\/strong> ou de sa faute <strong>l\u00e9g\u00e8re habituelle<\/strong>;<\/li> <li>un administrateur ne sera responsable que des d\u00e9cisions, actes ou comportements qui <strong>exc\u00e8dent manifestement<\/strong> la marge dans laquelle des administrateurs normalement prudents et diligents plac\u00e9s dans les m\u00eames circonstances peuvent raisonnablement avoir une opinion divergente.<\/li> <\/ul> <h3><strong>Comment r\u00e9duire les risques\u00a0?<\/strong><\/h3> <p>Plusieurs pistes sont possibles\u00a0:<\/p> <ul> <li>ajouter une <strong>clause d\u2019exclusion<\/strong> de responsabilit\u00e9 dans le contrat principal\u00a0;<\/li> <li>ins\u00e9rer une <strong>clause de garantie<\/strong> dans le contrat entre la structure et l\u2019agent d\u2019ex\u00e9cution\u00a0;<\/li> <li>contacter votre compagnie d\u2019<strong>assurance<\/strong> pour adapter votre police. <ul> <li>Renseignez vous aupr\u00e8s de votre province ou de la COCOF, des <a href=\"https:\/\/www.ethias.be\/pro\/fr\/non-profit\/assurances\/benevoles\/info.html\" target=\"_blank\" rel=\"noopener\">assurances gratuites<\/a> sont souvent offertes pour les ASBL ! \u00a0<\/li> <\/ul> <\/li> <\/ul> <h3><strong>Pour aller plus loin<\/strong><\/h3> <p><a href=\"https:\/\/mailchi.mp\/impactadvocaten\/flashinfo-2024-juin?e=f7d38d18ca\" target=\"_blank\" rel=\"noopener\">Un article et des exemples de clauses<\/a><\/p> <p><a href=\"https:\/\/www.fileasbl.be\/membres\/wp-content\/uploads\/2024\/12\/Unisoc-note-responsabilite-extracontractuelle-des-agents-dexecution-2024-12-18.pdf\" target=\"_blank\" rel=\"noopener\">Un article de l'UNISOC<\/a><\/p> <p><a href=\"https:\/\/justice.belgium.be\/fr\/bwcc\" target=\"_blank\" rel=\"noopener\">Livre 6 du Code civil<\/a>\u00a0<br>L\u2019agent d\u2019ex\u00e9cution est appel\u00e9 \u00ab auxiliaire \u00bb dans le Code civil.<\/p> <p>\u00a0<\/p>","_links":{"self":[{"href":"https:\/\/www.fileasbl.be\/membres\/wp-json\/wp\/v2\/posts\/32949","targetHints":{"allow":["GET"]}}],"collection":[{"href":"https:\/\/www.fileasbl.be\/membres\/wp-json\/wp\/v2\/posts"}],"about":[{"href":"https:\/\/www.fileasbl.be\/membres\/wp-json\/wp\/v2\/types\/post"}],"author":[{"embeddable":true,"href":"https:\/\/www.fileasbl.be\/membres\/wp-json\/wp\/v2\/users\/148"}],"replies":[{"embeddable":true,"href":"https:\/\/www.fileasbl.be\/membres\/wp-json\/wp\/v2\/comments?post=32949"}],"version-history":[{"count":0,"href":"https:\/\/www.fileasbl.be\/membres\/wp-json\/wp\/v2\/posts\/32949\/revisions"}],"wp:attachment":[{"href":"https:\/\/www.fileasbl.be\/membres\/wp-json\/wp\/v2\/media?parent=32949"}],"wp:term":[{"taxonomy":"category","embeddable":true,"href":"https:\/\/www.fileasbl.be\/membres\/wp-json\/wp\/v2\/categories?post=32949"},{"taxonomy":"post_tag","embeddable":true,"href":"https:\/\/www.fileasbl.be\/membres\/wp-json\/wp\/v2\/tags?post=32949"}],"curies":[{"name":"wp","href":"https:\/\/api.w.org\/{rel}","templated":true}]}}