{"id":33203,"date":"2025-01-16T11:06:38","date_gmt":"2025-01-16T10:06:38","guid":{"rendered":"https:\/\/www.fileasbl.be\/membres\/?p=33203"},"modified":"2025-09-01T10:04:30","modified_gmt":"2025-09-01T09:04:30","slug":"en-bref-pfp-2025-et-quota-dabsences-justifiees-a-partir-de-2025","status":"publish","type":"post","link":"https:\/\/www.fileasbl.be\/membres\/en-bref-pfp-2025-et-quota-dabsences-justifiees-a-partir-de-2025\/","title":{"rendered":"En bref &#8211; PFP 2025 et quota d\u2019absences justifi\u00e9es \u00e0 partir de 2025"},"content":{"rendered":"<!--themify_builder_content-->\n<div id=\"themify_builder_content-33203\" data-postid=\"33203\" class=\"themify_builder_content themify_builder_content-33203 themify_builder tf_clear\">\n    \t<!-- module_row -->\n\t<div  data-lazy=\"1\" class=\"module_row themify_builder_row tb_2uso728 tb_first tf_clearfix\">\n\t    \t\t<div class=\"row_inner col_align_top col-count-1 tf_box tf_w tf_rel\">\n\t\t\t<div  data-lazy=\"1\" class=\"module_column tb-column col-full first tb_mmns729 tf_box\">\n\t\t\t    \t        <div class=\"tb-column-inner tf_box tf_w\">\n\t\t    \t<div  data-lazy=\"1\" class=\"module_subrow themify_builder_sub_row tb_vcx1720 tf_w tf_clearfix\">\n\t    \t\t<div class=\"subrow_inner col_align_top col-count-2 tf_box tf_w\">\n\t\t\t<div  data-lazy=\"1\" class=\"sub_column module_column tf_box col2-1 first tb_7uri721\"> \n\t    \t    \t        <div class=\"tb-column-inner tf_box tf_w\">\n\t\t    <!-- module text -->\n<div  class=\"module module-text tb_ihq6809   \" data-lazy=\"1\">\n        <div  class=\"tb_text_wrap\">\n    <p>Contenu r\u00e9serv\u00e9 aux membres de la FILE<\/p>    <\/div>\n<\/div>\n<!-- \/module text -->\t        <\/div>\n\t    \t<\/div>\n\t\t<div  data-lazy=\"1\" class=\"sub_column module_column tf_box col2-1 last tb_n0ht722\"> \n\t    \t    \t        <div class=\"tb-column-inner tf_box tf_w\">\n\t\t    <!-- module login -->\n<div  class=\"module module-login tb_lawl282 \" data-lazy=\"1\">\n\t<div classss=\"tb_login_wrap \">\n\t\n\t\t\t\n\t\t<form class=\"tb_login_form tf_clearfix tf_box tf_clear\" name=\"loginform\" action=\"https:\/\/www.fileasbl.be\/membres\/wp-login.php\" method=\"post\">\n\t\t\t<p class=\"tb_login_username\">\n\t\t\t\t<label>\n\t\t\t\t\t<span class=\"tb_login_username_text\">Username or Email<\/span>\n\t\t\t\t\t<input type=\"text\" name=\"log\" required=\"required\">\n\t\t\t\t<\/label>\n\t\t\t<\/p>\n\t\t\t<p class=\"tb_login_password\">\n\t\t\t\t<label>\n\t\t\t\t\t<span class=\"tb_login_password_text\">Password<\/span>\n\t\t\t\t\t<input type=\"password\" name=\"pwd\" required=\"required\">\n\t\t\t\t<\/label>\n\t\t\t<\/p>\n\t\t\t<div class=\"tb_login_links tf_box tf_clear\">\n\t\t\t\t<a href=\"https:\/\/www.fileasbl.be\/membres\/wp-login.php?action=lostpassword\">Forgotten Password?<\/a>\n\t\t\t<\/div>\n\n\t\t\t\n\t\t\t\t\t\t<p class=\"tb_login_remember tf_left tf_box\">\n\t\t\t\t<label>\n\t\t\t\t\t<input name=\"rememberme\" type=\"checkbox\" value=\"forever\"> \n\t\t\t\t\t<span class=\"tb_login_remember_text\">Remember Me<\/span>\n\t\t\t\t<\/label>\n\t\t\t<\/p>\n\t\t\t\t\t\t<p class=\"tb_login_submit tf_right\">\n\t\t\t\t<button name=\"wp-submit\">Log In<\/button>\n\t\t\t\t<input type=\"hidden\" name=\"redirect_to\" value=\"\/membres\/wp-json\/wp\/v2\/posts\/33203?login_success=1\">\n\t\t\t\t<input type=\"hidden\" name=\"tb_login\" value=\"1\">\n\n\t\t\t\t\t\t\t<\/p>\n\n\t\t<\/form>\n\n\t\t<form class=\"tb_lostpassword_form tf_clearfix tf_box tf_clear\" name=\"lostpasswordform\" action=\"https:\/\/www.fileasbl.be\/membres\/wp-login.php?action=lostpassword\" method=\"post\" style=\"display:none\">\n\t\t\t<p class=\"tb_lostpassword_username\">\n\t\t\t\t<label>\n\t\t\t\t\t<span class=\"tb_lostpassword_username_text\">Username or Email<\/span>\n\t\t\t\t\t<input type=\"text\" name=\"user_login\" required=\"required\">\n\t\t\t\t<\/label>\n\t\t\t<\/p>\n\n\t\t\t\n\t\t\t\t\t\t<p class=\"tb_lostpassword_submit tf_right\">\n\t\t\t\t<button>Reset Password<\/button>\n\t\t\t<\/p>\n\n\t\t\t<div class=\"tb_login_links tf_left tf_box\">\n\t\t\t\t<a href=\"https:\/\/www.fileasbl.be\/membres\/wp-login.php\">Log In<\/a>\n\t\t\t<\/div>\n\t\t<\/form>\n\n\t    <\/div>\n<\/div><!-- \/module login -->\t        <\/div>\n\t    \t<\/div>\n\t\t    <\/div>\n\t<\/div><!-- \/themify_builder_sub_row -->\n\t<!-- module text -->\n<div  class=\"module module-text tb_2o91120   \" data-lazy=\"1\">\n        <div  class=\"tb_text_wrap\">\n    <table class=\"mcnTextBlock\" border=\"0\" width=\"100%\" cellspacing=\"0\" cellpadding=\"0\">\n<tbody class=\"mcnTextBlockOuter\">\n<tr>\n<td class=\"mcnTextBlockInner\" valign=\"top\">\n<table class=\"mcnTextContentContainer\" border=\"0\" width=\"100%\" cellspacing=\"0\" cellpadding=\"0\" align=\"left\">\n<tbody>\n<tr>\n<td class=\"mcnTextContent\" valign=\"top\">\n<p>Avec l\u2019entr\u00e9e en vigueur de la r\u00e9forme PFP, l\u2019ann\u00e9e 2025 op\u00e8re un changement majeur pour les cr\u00e8ches subsidi\u00e9es en accessibilit\u00e9 (niveau 2-3) et les services d\u2019accueil d\u2019enfants dans la gestion de la participation financi\u00e8re des parents.<br>Dans les modifications importantes qui retiendrons votre attention d\u00e8s ce mois de janvier, il y a le\u00a0<strong>nouveau calcul\u00a0<\/strong>de la PFP pour les enfants qui entrent en milieu d\u2019accueil \u00e0 partir du 1<sup>er<\/sup>\u00a0janvier 2025.<\/p>\n<p><br>Pour ces enfants, le calcul du montant journalier de la PFP s\u2019effectue d\u2019une toute autre mani\u00e8re puisque vous devez raisonner selon des tranches progressives (<a href=\"https:\/\/mcusercontent.com\/6ee8fd8d279afe53981b72411\/files\/3a720456-7fa8-d70e-5465-aa63c496a14b\/Circulaire_PFP_2025.pdf\" target=\"_blank\" rel=\"noopener\">voir tableau page 12 de la circulaire PFP 2025<\/a>).<\/p>\n<p><br>Un exemple est plus parlant\u00a0:<br>Un enfant est \u00e0 temps plein dans votre structure. Les deux parents totalisent des revenus nets cumul\u00e9s r\u00e9els de 4.852,00 \u20ac\/mois.<br><strong><u>Si l\u2019enfant est entr\u00e9 avant le 1<sup>er<\/sup>\u00a0janvier 2025\u00a0:\u00a0<\/u><\/strong>vous vous r\u00e9f\u00e9rez\u00a0<a href=\"https:\/\/mcusercontent.com\/6ee8fd8d279afe53981b72411\/files\/1d18b4f9-e09d-eea5-f275-9ea9559f700b\/Annexe_5_Circulaire_PFP_2025_Bar_ecirc_mes_2025.pdf\" target=\"_blank\" rel=\"noopener\">\u00e0 l\u2019ancienne grille PFP<\/a>\u00a0<br>Le tarif pour une journ\u00e9e compl\u00e8te de garde sera de\u00a0<strong>26,68 \u20ac<\/strong><br><strong><u>Si l\u2019enfant est entr\u00e9 \u00e0 partir du 1<sup>er<\/sup>\u00a0janvier 2025\u00a0:<\/u><\/strong>\u00a0vous vous r\u00e9f\u00e9rez \u00e0 la nouvelle grille de calcul en raisonnant comme suit\u00a0:<br>Tranche 1\u00a0: de 0 \u00e0 1.000 \u20ac de revenus\u00a0: application du taux de 3,5% = 1.000,00 \u20ac x 3,5% = 35,00 \u20ac<br>Tranche 2\u00a0: de 1.001,00 \u20ac \u00e0 4.000,00 \u20ac\u00a0: application du taux de 12,8% = 2.999,00 \u20ac x 12,8% = 383,87\u20ac<br>Tranche 3 : 4.001,00 \u20ac \u00e0 6.500,00 \u20ac : application du taux de 13,5% = 851,00 \u20ac x 12,8% = 114,88\u20ac<br>Vous additionnez les 3 montants obtenus\u00a0: 35,00 \u20ac + 383,87 \u20ac + 114,88 \u20ac = 533,75 \u20ac \/ 20 jours =\u00a0<strong>26,69\u20ac<\/strong> par journ\u00e9e compl\u00e8te de garde<br>La v\u00e9rification peut \u00eatre faite\u00a0<a href=\"https:\/\/my.one.be\/information\/milieux-accueil\" target=\"_blank\" rel=\"noopener\">via le calculateur Myon<\/a>e\u00a0qui arrive \u00e0 26,70 \u20ac par jour pour cet enfant qui entre \u00e0 partir du 1<sup>er<\/sup>\u00a0janvier 2025.<br>(= 26,7\u20ac)<br>\u00a0<br><strong>L\u2019erreur \u00e0 ne pas commettre\u00a0<\/strong>serait de calculer le pourcentage de la tranche 3 pour l\u2019ensemble des revenus, ce qui donnerait pour cet enfant\u00a0: 13,5% x 4852,00 \u20ac\u00a0\/ 20 jours ou 32,75 \u20ac \/ jour\u00a0!<br>\u00a0<br><strong>Si vous avez des questions ou rencontrez des difficult\u00e9s, vous pouvez revenir vers nous. Nous vous aiderons \u00e0 r\u00e9aliser ou v\u00e9rifier vos calculs.<\/strong><br>\u00a0<br>Le calcul de PFP pour les enfants entr\u00e9s avant le 1<sup>er<\/sup>\u00a0janvier 2025 reste inchang\u00e9. Deux logiques tr\u00e8s diff\u00e9rentes cohabiteront donc avec une charge administrative et mentale compl\u00e9mentaire cons\u00e9quente attendue pour le personnel charg\u00e9 de la gestion quotidienne de la PFP au sein des milieux d\u2019accueil.<\/p>\n<p><br>Parmi les autres modifications, nous \u00e9pinglons \u00e9galement les\u00a0<strong>nouvelles modalit\u00e9s de facturation\u00a0<\/strong>de la PFP qui s\u2019appliqueront pour tous les enfants fr\u00e9quentant le milieu d\u2019accueil (qu\u2019ils soient rentr\u00e9s avant ou apr\u00e8s le 1<sup>er<\/sup>\u00a0janvier 2025). La PFP sera calcul\u00e9e sur base des journ\u00e9es de pr\u00e9sence pr\u00e9vues dans le contrat d\u2019accueil avec une limitation des absences justifi\u00e9es non facturables \u00e0 40 jours maximum pour un temps plein (30 jours si vous avez des fermetures collectives). La FILE continue \u00e0 demander une simplification administrative concernant cette modalit\u00e9 qui entraine une charge administrative disproportionn\u00e9e pour les structures.<\/p>\n<p><br>Le circulaire et les documents utiles se trouvent sur\u00a0<a href=\"https:\/\/www.fileasbl.be\/membres\/themes\/pfp\/\" target=\"_blank\" rel=\"noopener\">la page th\u00e9matique \u00ab\u00a0participation financi\u00e8re des parents\u00a0\u00bb<\/a>\u00a0de notre site.<br><br><\/p>\n<\/td>\n<\/tr>\n<\/tbody>\n<\/table>\n<\/td>\n<\/tr>\n<\/tbody>\n<\/table>\n<table class=\"mcnImageBlock\" border=\"0\" width=\"100%\" cellspacing=\"0\" cellpadding=\"0\">\n<tbody class=\"mcnImageBlockOuter\">\n<tr>\n<td class=\"mcnImageBlockInner\" valign=\"top\">\n<table class=\"mcnImageContentContainer\" border=\"0\" width=\"100%\" cellspacing=\"0\" cellpadding=\"0\" align=\"left\">\n<tbody>\n<tr>\n<td class=\"mcnImageContent\" valign=\"top\"><img decoding=\"async\" class=\"mcnImage aligncenter\" src=\"https:\/\/mcusercontent.com\/6ee8fd8d279afe53981b72411\/images\/e0403284-22d2-4b82-0e01-796847ef71ae.png\" alt=\"\" width=\"564\" align=\"center\"><\/td>\n<\/tr>\n<\/tbody>\n<\/table>\n<\/td>\n<\/tr>\n<\/tbody>\n<\/table>\n<table class=\"mcnBoxedTextBlock\" border=\"0\" width=\"100%\" cellspacing=\"0\" cellpadding=\"0\">\n<tbody class=\"mcnBoxedTextBlockOuter\">\n<tr>\n<td class=\"mcnBoxedTextBlockInner\" valign=\"top\">\n<table class=\"mcnBoxedTextContentContainer\" border=\"0\" width=\"100%\" cellspacing=\"0\" cellpadding=\"0\" align=\"left\">\n<tbody>\n<tr>\n<td>\n<table class=\"mcnTextContentContainer\" border=\"0\" width=\"100%\" cellspacing=\"0\">\n<tbody>\n<tr>\n<td class=\"mcnTextContent\" valign=\"top\"><em>Bien que soutenant l&rsquo;accessibilit\u00e9 financi\u00e8re pour les familles, sachez qu\u2019\u00e0 la FILE nous contestons fortement cette charge administrative cons\u00e9quente qu\u2019entraine la nouvelle l\u00e9gislation pour les milieux d\u2019accueil. Nous avons d\u00e9j\u00e0 interpell\u00e9 et continuons \u00e0 le faire. Nous pr\u00e9parons \u00e9galement une note propositionnelle de simplification administrative que nous soumettrons\u00a0 prochainement au Gouvernement et \u00e0 l\u2019ONE.<\/em><\/td>\n<\/tr>\n<\/tbody>\n<\/table>\n<\/td>\n<\/tr>\n<\/tbody>\n<\/table>\n<\/td>\n<\/tr>\n<\/tbody>\n<\/table>\n<table class=\"mcnDividerBlock\" border=\"0\" width=\"100%\" cellspacing=\"0\" cellpadding=\"0\">\n<tbody class=\"mcnDividerBlockOuter\">\n<tr>\n<td class=\"mcnDividerBlockInner\">\u00a0<\/td>\n<\/tr>\n<\/tbody>\n<\/table>    <\/div>\n<\/div>\n<!-- \/module text -->\t        <\/div>\n\t    \t<\/div>\n\t\t    <\/div>\n\t    <!-- \/row_inner -->\n\t<\/div>\n\t<!-- \/module_row -->\n\t\t<!-- module_row -->\n\t<div  data-lazy=\"1\" class=\"module_row themify_builder_row tb_ooip80 tf_clearfix\">\n\t    \t\t<div class=\"row_inner col_align_top col-count-2 tf_box tf_w tf_rel\">\n\t\t\t<div  data-lazy=\"1\" style=\"width: 91.54%\" class=\"module_column tb-column col2-1 first tb_rh5s81 tf_box\">\n\t\t\t    \t        <div class=\"tb-column-inner tf_box tf_w\">\n\t\t    <!-- module text -->\n<div  class=\"module module-text tb_j9ll805   \" data-lazy=\"1\">\n        <div  class=\"tb_text_wrap\">\n    <h2>Ressources :<\/h2>\n<ul>\n<li>juridique@fileasbl.be &#8211; 010 22 52 02<\/li>\n<\/ul>    <\/div>\n<\/div>\n<!-- \/module text -->\t        <\/div>\n\t    \t<\/div>\n\t\t<div  data-lazy=\"1\" style=\"width: 5.26%\" class=\"module_column tb-column col2-1 last tb_lx7t81 tf_box\">\n\t\t\t    \t<\/div>\n\t\t    <\/div>\n\t    <!-- \/row_inner -->\n\t<\/div>\n\t<!-- \/module_row -->\n\t<\/div>\n<!--\/themify_builder_content-->\n\n\n<p><\/p>","protected":false},"excerpt":{"rendered":"<p>Contenu r\u00e9serv\u00e9 aux membres de la FILE Avec l\u2019entr\u00e9e en vigueur de la r\u00e9forme PFP, l\u2019ann\u00e9e 2025 op\u00e8re un changement majeur pour les cr\u00e8ches subsidi\u00e9es en accessibilit\u00e9 (niveau 2-3) et les services d\u2019accueil d\u2019enfants dans la gestion de la participation financi\u00e8re des parents.Dans les modifications importantes qui retiendrons votre attention d\u00e8s ce mois de janvier, [&hellip;]<\/p>\n","protected":false},"author":154,"featured_media":31217,"comment_status":"open","ping_status":"open","sticky":false,"template":"","format":"standard","meta":{"footnotes":""},"categories":[341,246,349,302],"tags":[],"class_list":["post-33203","post","type-post","status-publish","format-standard","has-post-thumbnail","hentry","category-accessibilite","category-milac","category-pfp","category-reforme-milac","has-post-title","has-post-date","has-post-category","has-post-tag","has-post-comment","has-post-author",""],"yoast_head":"<!-- This site is optimized with the Yoast SEO plugin v27.5 - https:\/\/yoast.com\/product\/yoast-seo-wordpress\/ -->\n<title>En bref - PFP 2025 et quota d\u2019absences justifi\u00e9es \u00e0 partir de 2025 - Site de la FILE<\/title>\n<meta name=\"robots\" content=\"index, follow, max-snippet:-1, max-image-preview:large, max-video-preview:-1\" \/>\n<link rel=\"canonical\" href=\"https:\/\/www.fileasbl.be\/membres\/en-bref-pfp-2025-et-quota-dabsences-justifiees-a-partir-de-2025\/\" \/>\n<meta property=\"og:locale\" content=\"fr_FR\" \/>\n<meta property=\"og:type\" content=\"article\" \/>\n<meta property=\"og:title\" content=\"En bref - PFP 2025 et quota d\u2019absences justifi\u00e9es \u00e0 partir de 2025 - Site de la FILE\" \/>\n<meta property=\"og:description\" content=\"Contenu r\u00e9serv\u00e9 aux membres de la FILE Avec l\u2019entr\u00e9e en vigueur de la r\u00e9forme PFP, l\u2019ann\u00e9e 2025 op\u00e8re un changement majeur pour les cr\u00e8ches subsidi\u00e9es en accessibilit\u00e9 (niveau 2-3) et les services d\u2019accueil d\u2019enfants dans la gestion de la participation financi\u00e8re des parents.Dans les modifications importantes qui retiendrons votre attention d\u00e8s ce mois de janvier, [&hellip;]\" \/>\n<meta property=\"og:url\" content=\"https:\/\/www.fileasbl.be\/membres\/en-bref-pfp-2025-et-quota-dabsences-justifiees-a-partir-de-2025\/\" \/>\n<meta property=\"og:site_name\" content=\"Site de la FILE\" \/>\n<meta property=\"article:publisher\" content=\"https:\/\/www.facebook.com\/fileasbl\/\" \/>\n<meta property=\"article:published_time\" content=\"2025-01-16T10:06:38+00:00\" \/>\n<meta property=\"article:modified_time\" content=\"2025-09-01T09:04:30+00:00\" \/>\n<meta property=\"og:image\" content=\"https:\/\/www.fileasbl.be\/membres\/wp-content\/uploads\/2023\/10\/Image-mise-en-avant-1.png\" \/>\n\t<meta property=\"og:image:width\" content=\"500\" \/>\n\t<meta property=\"og:image:height\" content=\"500\" \/>\n\t<meta property=\"og:image:type\" content=\"image\/png\" \/>\n<meta name=\"author\" content=\"Isaline De Plaen\" \/>\n<meta name=\"twitter:card\" content=\"summary_large_image\" \/>\n<meta name=\"twitter:label1\" content=\"\u00c9crit par\" \/>\n\t<meta name=\"twitter:data1\" content=\"Isaline De Plaen\" \/>\n\t<meta name=\"twitter:label2\" content=\"Dur\u00e9e de lecture estim\u00e9e\" \/>\n\t<meta name=\"twitter:data2\" content=\"3 minutes\" \/>\n<script type=\"application\/ld+json\" class=\"yoast-schema-graph\">{\"@context\":\"https:\\\/\\\/schema.org\",\"@graph\":[{\"@type\":\"Article\",\"@id\":\"https:\\\/\\\/www.fileasbl.be\\\/membres\\\/en-bref-pfp-2025-et-quota-dabsences-justifiees-a-partir-de-2025\\\/#article\",\"isPartOf\":{\"@id\":\"https:\\\/\\\/www.fileasbl.be\\\/membres\\\/en-bref-pfp-2025-et-quota-dabsences-justifiees-a-partir-de-2025\\\/\"},\"author\":{\"name\":\"Isaline De Plaen\",\"@id\":\"https:\\\/\\\/www.fileasbl.be\\\/membres\\\/#\\\/schema\\\/person\\\/fecd3c5133474ddef35b01caf39aa079\"},\"headline\":\"En bref &#8211; PFP 2025 et quota d\u2019absences justifi\u00e9es \u00e0 partir de 2025\",\"datePublished\":\"2025-01-16T10:06:38+00:00\",\"dateModified\":\"2025-09-01T09:04:30+00:00\",\"mainEntityOfPage\":{\"@id\":\"https:\\\/\\\/www.fileasbl.be\\\/membres\\\/en-bref-pfp-2025-et-quota-dabsences-justifiees-a-partir-de-2025\\\/\"},\"wordCount\":566,\"commentCount\":0,\"image\":{\"@id\":\"https:\\\/\\\/www.fileasbl.be\\\/membres\\\/en-bref-pfp-2025-et-quota-dabsences-justifiees-a-partir-de-2025\\\/#primaryimage\"},\"thumbnailUrl\":\"https:\\\/\\\/www.fileasbl.be\\\/membres\\\/wp-content\\\/uploads\\\/2023\\\/10\\\/Image-mise-en-avant-1.png\",\"articleSection\":[\"Accessibilit\u00e9\",\"Milieu d'accueil 0-3 ans\",\"PFP\",\"R\u00e9forme MILAC\"],\"inLanguage\":\"fr-FR\",\"potentialAction\":[{\"@type\":\"CommentAction\",\"name\":\"Comment\",\"target\":[\"https:\\\/\\\/www.fileasbl.be\\\/membres\\\/en-bref-pfp-2025-et-quota-dabsences-justifiees-a-partir-de-2025\\\/#respond\"]}]},{\"@type\":\"WebPage\",\"@id\":\"https:\\\/\\\/www.fileasbl.be\\\/membres\\\/en-bref-pfp-2025-et-quota-dabsences-justifiees-a-partir-de-2025\\\/\",\"url\":\"https:\\\/\\\/www.fileasbl.be\\\/membres\\\/en-bref-pfp-2025-et-quota-dabsences-justifiees-a-partir-de-2025\\\/\",\"name\":\"En bref - PFP 2025 et quota d\u2019absences justifi\u00e9es \u00e0 partir de 2025 - Site de la FILE\",\"isPartOf\":{\"@id\":\"https:\\\/\\\/www.fileasbl.be\\\/membres\\\/#website\"},\"primaryImageOfPage\":{\"@id\":\"https:\\\/\\\/www.fileasbl.be\\\/membres\\\/en-bref-pfp-2025-et-quota-dabsences-justifiees-a-partir-de-2025\\\/#primaryimage\"},\"image\":{\"@id\":\"https:\\\/\\\/www.fileasbl.be\\\/membres\\\/en-bref-pfp-2025-et-quota-dabsences-justifiees-a-partir-de-2025\\\/#primaryimage\"},\"thumbnailUrl\":\"https:\\\/\\\/www.fileasbl.be\\\/membres\\\/wp-content\\\/uploads\\\/2023\\\/10\\\/Image-mise-en-avant-1.png\",\"datePublished\":\"2025-01-16T10:06:38+00:00\",\"dateModified\":\"2025-09-01T09:04:30+00:00\",\"author\":{\"@id\":\"https:\\\/\\\/www.fileasbl.be\\\/membres\\\/#\\\/schema\\\/person\\\/fecd3c5133474ddef35b01caf39aa079\"},\"breadcrumb\":{\"@id\":\"https:\\\/\\\/www.fileasbl.be\\\/membres\\\/en-bref-pfp-2025-et-quota-dabsences-justifiees-a-partir-de-2025\\\/#breadcrumb\"},\"inLanguage\":\"fr-FR\",\"potentialAction\":[{\"@type\":\"ReadAction\",\"target\":[\"https:\\\/\\\/www.fileasbl.be\\\/membres\\\/en-bref-pfp-2025-et-quota-dabsences-justifiees-a-partir-de-2025\\\/\"]}]},{\"@type\":\"ImageObject\",\"inLanguage\":\"fr-FR\",\"@id\":\"https:\\\/\\\/www.fileasbl.be\\\/membres\\\/en-bref-pfp-2025-et-quota-dabsences-justifiees-a-partir-de-2025\\\/#primaryimage\",\"url\":\"https:\\\/\\\/www.fileasbl.be\\\/membres\\\/wp-content\\\/uploads\\\/2023\\\/10\\\/Image-mise-en-avant-1.png\",\"contentUrl\":\"https:\\\/\\\/www.fileasbl.be\\\/membres\\\/wp-content\\\/uploads\\\/2023\\\/10\\\/Image-mise-en-avant-1.png\",\"width\":500,\"height\":500},{\"@type\":\"BreadcrumbList\",\"@id\":\"https:\\\/\\\/www.fileasbl.be\\\/membres\\\/en-bref-pfp-2025-et-quota-dabsences-justifiees-a-partir-de-2025\\\/#breadcrumb\",\"itemListElement\":[{\"@type\":\"ListItem\",\"position\":1,\"name\":\"Accueil\",\"item\":\"https:\\\/\\\/www.fileasbl.be\\\/membres\\\/\"},{\"@type\":\"ListItem\",\"position\":2,\"name\":\"En bref &#8211; PFP 2025 et quota d\u2019absences justifi\u00e9es \u00e0 partir de 2025\"}]},{\"@type\":\"WebSite\",\"@id\":\"https:\\\/\\\/www.fileasbl.be\\\/membres\\\/#website\",\"url\":\"https:\\\/\\\/www.fileasbl.be\\\/membres\\\/\",\"name\":\"Site de la FILE\",\"description\":\"FILE Un accueil de qualit\u00e9 accessible \u00e0 tous\",\"potentialAction\":[{\"@type\":\"SearchAction\",\"target\":{\"@type\":\"EntryPoint\",\"urlTemplate\":\"https:\\\/\\\/www.fileasbl.be\\\/membres\\\/?s={search_term_string}\"},\"query-input\":{\"@type\":\"PropertyValueSpecification\",\"valueRequired\":true,\"valueName\":\"search_term_string\"}}],\"inLanguage\":\"fr-FR\"},{\"@type\":\"Person\",\"@id\":\"https:\\\/\\\/www.fileasbl.be\\\/membres\\\/#\\\/schema\\\/person\\\/fecd3c5133474ddef35b01caf39aa079\",\"name\":\"Isaline De Plaen\",\"url\":\"https:\\\/\\\/www.fileasbl.be\\\/membres\\\/author\\\/assistancejuridiquefileasbl-be\\\/\"}]}<\/script>\n<!-- \/ Yoast SEO plugin. -->","yoast_head_json":{"title":"En bref - PFP 2025 et quota d\u2019absences justifi\u00e9es \u00e0 partir de 2025 - Site de la FILE","robots":{"index":"index","follow":"follow","max-snippet":"max-snippet:-1","max-image-preview":"max-image-preview:large","max-video-preview":"max-video-preview:-1"},"canonical":"https:\/\/www.fileasbl.be\/membres\/en-bref-pfp-2025-et-quota-dabsences-justifiees-a-partir-de-2025\/","og_locale":"fr_FR","og_type":"article","og_title":"En bref - PFP 2025 et quota d\u2019absences justifi\u00e9es \u00e0 partir de 2025 - Site de la FILE","og_description":"Contenu r\u00e9serv\u00e9 aux membres de la FILE Avec l\u2019entr\u00e9e en vigueur de la r\u00e9forme PFP, l\u2019ann\u00e9e 2025 op\u00e8re un changement majeur pour les cr\u00e8ches subsidi\u00e9es en accessibilit\u00e9 (niveau 2-3) et les services d\u2019accueil d\u2019enfants dans la gestion de la participation financi\u00e8re des parents.Dans les modifications importantes qui retiendrons votre attention d\u00e8s ce mois de janvier, [&hellip;]","og_url":"https:\/\/www.fileasbl.be\/membres\/en-bref-pfp-2025-et-quota-dabsences-justifiees-a-partir-de-2025\/","og_site_name":"Site de la FILE","article_publisher":"https:\/\/www.facebook.com\/fileasbl\/","article_published_time":"2025-01-16T10:06:38+00:00","article_modified_time":"2025-09-01T09:04:30+00:00","og_image":[{"width":500,"height":500,"url":"https:\/\/www.fileasbl.be\/membres\/wp-content\/uploads\/2023\/10\/Image-mise-en-avant-1.png","type":"image\/png"}],"author":"Isaline De Plaen","twitter_card":"summary_large_image","twitter_misc":{"\u00c9crit par":"Isaline De Plaen","Dur\u00e9e de lecture estim\u00e9e":"3 minutes"},"schema":{"@context":"https:\/\/schema.org","@graph":[{"@type":"Article","@id":"https:\/\/www.fileasbl.be\/membres\/en-bref-pfp-2025-et-quota-dabsences-justifiees-a-partir-de-2025\/#article","isPartOf":{"@id":"https:\/\/www.fileasbl.be\/membres\/en-bref-pfp-2025-et-quota-dabsences-justifiees-a-partir-de-2025\/"},"author":{"name":"Isaline De Plaen","@id":"https:\/\/www.fileasbl.be\/membres\/#\/schema\/person\/fecd3c5133474ddef35b01caf39aa079"},"headline":"En bref &#8211; PFP 2025 et quota d\u2019absences justifi\u00e9es \u00e0 partir de 2025","datePublished":"2025-01-16T10:06:38+00:00","dateModified":"2025-09-01T09:04:30+00:00","mainEntityOfPage":{"@id":"https:\/\/www.fileasbl.be\/membres\/en-bref-pfp-2025-et-quota-dabsences-justifiees-a-partir-de-2025\/"},"wordCount":566,"commentCount":0,"image":{"@id":"https:\/\/www.fileasbl.be\/membres\/en-bref-pfp-2025-et-quota-dabsences-justifiees-a-partir-de-2025\/#primaryimage"},"thumbnailUrl":"https:\/\/www.fileasbl.be\/membres\/wp-content\/uploads\/2023\/10\/Image-mise-en-avant-1.png","articleSection":["Accessibilit\u00e9","Milieu d'accueil 0-3 ans","PFP","R\u00e9forme MILAC"],"inLanguage":"fr-FR","potentialAction":[{"@type":"CommentAction","name":"Comment","target":["https:\/\/www.fileasbl.be\/membres\/en-bref-pfp-2025-et-quota-dabsences-justifiees-a-partir-de-2025\/#respond"]}]},{"@type":"WebPage","@id":"https:\/\/www.fileasbl.be\/membres\/en-bref-pfp-2025-et-quota-dabsences-justifiees-a-partir-de-2025\/","url":"https:\/\/www.fileasbl.be\/membres\/en-bref-pfp-2025-et-quota-dabsences-justifiees-a-partir-de-2025\/","name":"En bref - PFP 2025 et quota d\u2019absences justifi\u00e9es \u00e0 partir de 2025 - Site de la FILE","isPartOf":{"@id":"https:\/\/www.fileasbl.be\/membres\/#website"},"primaryImageOfPage":{"@id":"https:\/\/www.fileasbl.be\/membres\/en-bref-pfp-2025-et-quota-dabsences-justifiees-a-partir-de-2025\/#primaryimage"},"image":{"@id":"https:\/\/www.fileasbl.be\/membres\/en-bref-pfp-2025-et-quota-dabsences-justifiees-a-partir-de-2025\/#primaryimage"},"thumbnailUrl":"https:\/\/www.fileasbl.be\/membres\/wp-content\/uploads\/2023\/10\/Image-mise-en-avant-1.png","datePublished":"2025-01-16T10:06:38+00:00","dateModified":"2025-09-01T09:04:30+00:00","author":{"@id":"https:\/\/www.fileasbl.be\/membres\/#\/schema\/person\/fecd3c5133474ddef35b01caf39aa079"},"breadcrumb":{"@id":"https:\/\/www.fileasbl.be\/membres\/en-bref-pfp-2025-et-quota-dabsences-justifiees-a-partir-de-2025\/#breadcrumb"},"inLanguage":"fr-FR","potentialAction":[{"@type":"ReadAction","target":["https:\/\/www.fileasbl.be\/membres\/en-bref-pfp-2025-et-quota-dabsences-justifiees-a-partir-de-2025\/"]}]},{"@type":"ImageObject","inLanguage":"fr-FR","@id":"https:\/\/www.fileasbl.be\/membres\/en-bref-pfp-2025-et-quota-dabsences-justifiees-a-partir-de-2025\/#primaryimage","url":"https:\/\/www.fileasbl.be\/membres\/wp-content\/uploads\/2023\/10\/Image-mise-en-avant-1.png","contentUrl":"https:\/\/www.fileasbl.be\/membres\/wp-content\/uploads\/2023\/10\/Image-mise-en-avant-1.png","width":500,"height":500},{"@type":"BreadcrumbList","@id":"https:\/\/www.fileasbl.be\/membres\/en-bref-pfp-2025-et-quota-dabsences-justifiees-a-partir-de-2025\/#breadcrumb","itemListElement":[{"@type":"ListItem","position":1,"name":"Accueil","item":"https:\/\/www.fileasbl.be\/membres\/"},{"@type":"ListItem","position":2,"name":"En bref &#8211; PFP 2025 et quota d\u2019absences justifi\u00e9es \u00e0 partir de 2025"}]},{"@type":"WebSite","@id":"https:\/\/www.fileasbl.be\/membres\/#website","url":"https:\/\/www.fileasbl.be\/membres\/","name":"Site de la FILE","description":"FILE Un accueil de qualit\u00e9 accessible \u00e0 tous","potentialAction":[{"@type":"SearchAction","target":{"@type":"EntryPoint","urlTemplate":"https:\/\/www.fileasbl.be\/membres\/?s={search_term_string}"},"query-input":{"@type":"PropertyValueSpecification","valueRequired":true,"valueName":"search_term_string"}}],"inLanguage":"fr-FR"},{"@type":"Person","@id":"https:\/\/www.fileasbl.be\/membres\/#\/schema\/person\/fecd3c5133474ddef35b01caf39aa079","name":"Isaline De Plaen","url":"https:\/\/www.fileasbl.be\/membres\/author\/assistancejuridiquefileasbl-be\/"}]}},"builder_content":"<p>Contenu r\u00e9serv\u00e9 aux membres de la FILE<\/p>\n<table border=\"0\" width=\"100%\" cellspacing=\"0\" cellpadding=\"0\"> <tbody> <tr> <td valign=\"top\"> <table border=\"0\" width=\"100%\" cellspacing=\"0\" cellpadding=\"0\" align=\"left\"> <tbody> <tr> <td valign=\"top\"> <p>Avec l\u2019entr\u00e9e en vigueur de la r\u00e9forme PFP, l\u2019ann\u00e9e 2025 op\u00e8re un changement majeur pour les cr\u00e8ches subsidi\u00e9es en accessibilit\u00e9 (niveau 2-3) et les services d\u2019accueil d\u2019enfants dans la gestion de la participation financi\u00e8re des parents.<br>Dans les modifications importantes qui retiendrons votre attention d\u00e8s ce mois de janvier, il y a le\u00a0<strong>nouveau calcul\u00a0<\/strong>de la PFP pour les enfants qui entrent en milieu d\u2019accueil \u00e0 partir du 1<sup>er<\/sup>\u00a0janvier 2025.<\/p> <p><br>Pour ces enfants, le calcul du montant journalier de la PFP s\u2019effectue d\u2019une toute autre mani\u00e8re puisque vous devez raisonner selon des tranches progressives (<a href=\"https:\/\/mcusercontent.com\/6ee8fd8d279afe53981b72411\/files\/3a720456-7fa8-d70e-5465-aa63c496a14b\/Circulaire_PFP_2025.pdf\" target=\"_blank\" rel=\"noopener\">voir tableau page 12 de la circulaire PFP 2025<\/a>).<\/p> <p><br>Un exemple est plus parlant\u00a0:<br>Un enfant est \u00e0 temps plein dans votre structure. Les deux parents totalisent des revenus nets cumul\u00e9s r\u00e9els de 4.852,00 \u20ac\/mois.<br><strong><u>Si l\u2019enfant est entr\u00e9 avant le 1<sup>er<\/sup>\u00a0janvier 2025\u00a0:\u00a0<\/u><\/strong>vous vous r\u00e9f\u00e9rez\u00a0<a href=\"https:\/\/mcusercontent.com\/6ee8fd8d279afe53981b72411\/files\/1d18b4f9-e09d-eea5-f275-9ea9559f700b\/Annexe_5_Circulaire_PFP_2025_Bar_ecirc_mes_2025.pdf\" target=\"_blank\" rel=\"noopener\">\u00e0 l\u2019ancienne grille PFP<\/a>\u00a0<br>Le tarif pour une journ\u00e9e compl\u00e8te de garde sera de\u00a0<strong>26,68 \u20ac<\/strong><br><strong><u>Si l\u2019enfant est entr\u00e9 \u00e0 partir du 1<sup>er<\/sup>\u00a0janvier 2025\u00a0:<\/u><\/strong>\u00a0vous vous r\u00e9f\u00e9rez \u00e0 la nouvelle grille de calcul en raisonnant comme suit\u00a0:<br>Tranche 1\u00a0: de 0 \u00e0 1.000 \u20ac de revenus\u00a0: application du taux de 3,5% = 1.000,00 \u20ac x 3,5% = 35,00 \u20ac<br>Tranche 2\u00a0: de 1.001,00 \u20ac \u00e0 4.000,00 \u20ac\u00a0: application du taux de 12,8% = 2.999,00 \u20ac x 12,8% = 383,87\u20ac<br>Tranche 3 : 4.001,00 \u20ac \u00e0 6.500,00 \u20ac : application du taux de 13,5% = 851,00 \u20ac x 12,8% = 114,88\u20ac<br>Vous additionnez les 3 montants obtenus\u00a0: 35,00 \u20ac + 383,87 \u20ac + 114,88 \u20ac = 533,75 \u20ac \/ 20 jours =\u00a0<strong>26,69\u20ac<\/strong> par journ\u00e9e compl\u00e8te de garde<br>La v\u00e9rification peut \u00eatre faite\u00a0<a href=\"https:\/\/my.one.be\/information\/milieux-accueil\" target=\"_blank\" rel=\"noopener\">via le calculateur Myon<\/a>e\u00a0qui arrive \u00e0 26,70 \u20ac par jour pour cet enfant qui entre \u00e0 partir du 1<sup>er<\/sup>\u00a0janvier 2025.<br>(= 26,7\u20ac)<br>\u00a0<br><strong>L\u2019erreur \u00e0 ne pas commettre\u00a0<\/strong>serait de calculer le pourcentage de la tranche 3 pour l\u2019ensemble des revenus, ce qui donnerait pour cet enfant\u00a0: 13,5% x 4852,00 \u20ac\u00a0\/ 20 jours ou 32,75 \u20ac \/ jour\u00a0!<br>\u00a0<br><strong>Si vous avez des questions ou rencontrez des difficult\u00e9s, vous pouvez revenir vers nous. Nous vous aiderons \u00e0 r\u00e9aliser ou v\u00e9rifier vos calculs.<\/strong><br>\u00a0<br>Le calcul de PFP pour les enfants entr\u00e9s avant le 1<sup>er<\/sup>\u00a0janvier 2025 reste inchang\u00e9. Deux logiques tr\u00e8s diff\u00e9rentes cohabiteront donc avec une charge administrative et mentale compl\u00e9mentaire cons\u00e9quente attendue pour le personnel charg\u00e9 de la gestion quotidienne de la PFP au sein des milieux d\u2019accueil.<\/p> <p><br>Parmi les autres modifications, nous \u00e9pinglons \u00e9galement les\u00a0<strong>nouvelles modalit\u00e9s de facturation\u00a0<\/strong>de la PFP qui s\u2019appliqueront pour tous les enfants fr\u00e9quentant le milieu d\u2019accueil (qu\u2019ils soient rentr\u00e9s avant ou apr\u00e8s le 1<sup>er<\/sup>\u00a0janvier 2025). La PFP sera calcul\u00e9e sur base des journ\u00e9es de pr\u00e9sence pr\u00e9vues dans le contrat d\u2019accueil avec une limitation des absences justifi\u00e9es non facturables \u00e0 40 jours maximum pour un temps plein (30 jours si vous avez des fermetures collectives). La FILE continue \u00e0 demander une simplification administrative concernant cette modalit\u00e9 qui entraine une charge administrative disproportionn\u00e9e pour les structures.<\/p> <p><br>Le circulaire et les documents utiles se trouvent sur\u00a0<a href=\"https:\/\/www.fileasbl.be\/membres\/themes\/pfp\/\" target=\"_blank\" rel=\"noopener\">la page th\u00e9matique \u00ab\u00a0participation financi\u00e8re des parents\u00a0\u00bb<\/a>\u00a0de notre site.<br><br><\/p> <\/td> <\/tr> <\/tbody> <\/table> <\/td> <\/tr> <\/tbody> <\/table> <table border=\"0\" width=\"100%\" cellspacing=\"0\" cellpadding=\"0\"> <tbody> <tr> <td valign=\"top\"> <table border=\"0\" width=\"100%\" cellspacing=\"0\" cellpadding=\"0\" align=\"left\"> <tbody> <tr> <td valign=\"top\"><img decoding=\"async\" src=\"https:\/\/mcusercontent.com\/6ee8fd8d279afe53981b72411\/images\/e0403284-22d2-4b82-0e01-796847ef71ae.png\" alt=\"\" width=\"564\" align=\"center\"><\/td> <\/tr> <\/tbody> <\/table> <\/td> <\/tr> <\/tbody> <\/table> <table border=\"0\" width=\"100%\" cellspacing=\"0\" cellpadding=\"0\"> <tbody> <tr> <td valign=\"top\"> <table border=\"0\" width=\"100%\" cellspacing=\"0\" cellpadding=\"0\" align=\"left\"> <tbody> <tr> <td> <table border=\"0\" width=\"100%\" cellspacing=\"0\"> <tbody> <tr> <td valign=\"top\"><em>Bien que soutenant l'accessibilit\u00e9 financi\u00e8re pour les familles, sachez qu\u2019\u00e0 la FILE nous contestons fortement cette charge administrative cons\u00e9quente qu\u2019entraine la nouvelle l\u00e9gislation pour les milieux d\u2019accueil. Nous avons d\u00e9j\u00e0 interpell\u00e9 et continuons \u00e0 le faire. Nous pr\u00e9parons \u00e9galement une note propositionnelle de simplification administrative que nous soumettrons\u00a0 prochainement au Gouvernement et \u00e0 l\u2019ONE.<\/em><\/td> <\/tr> <\/tbody> <\/table> <\/td> <\/tr> <\/tbody> <\/table> <\/td> <\/tr> <\/tbody> <\/table> <table border=\"0\" width=\"100%\" cellspacing=\"0\" cellpadding=\"0\"> <tbody> <tr> <td>\u00a0<\/td> <\/tr> <\/tbody> <\/table>\n<h2>Ressources :<\/h2> <ul> <li>juridique@fileasbl.be - 010 22 52 02<\/li> <\/ul>","_links":{"self":[{"href":"https:\/\/www.fileasbl.be\/membres\/wp-json\/wp\/v2\/posts\/33203","targetHints":{"allow":["GET"]}}],"collection":[{"href":"https:\/\/www.fileasbl.be\/membres\/wp-json\/wp\/v2\/posts"}],"about":[{"href":"https:\/\/www.fileasbl.be\/membres\/wp-json\/wp\/v2\/types\/post"}],"author":[{"embeddable":true,"href":"https:\/\/www.fileasbl.be\/membres\/wp-json\/wp\/v2\/users\/154"}],"replies":[{"embeddable":true,"href":"https:\/\/www.fileasbl.be\/membres\/wp-json\/wp\/v2\/comments?post=33203"}],"version-history":[{"count":0,"href":"https:\/\/www.fileasbl.be\/membres\/wp-json\/wp\/v2\/posts\/33203\/revisions"}],"wp:featuredmedia":[{"embeddable":true,"href":"https:\/\/www.fileasbl.be\/membres\/wp-json\/wp\/v2\/media\/31217"}],"wp:attachment":[{"href":"https:\/\/www.fileasbl.be\/membres\/wp-json\/wp\/v2\/media?parent=33203"}],"wp:term":[{"taxonomy":"category","embeddable":true,"href":"https:\/\/www.fileasbl.be\/membres\/wp-json\/wp\/v2\/categories?post=33203"},{"taxonomy":"post_tag","embeddable":true,"href":"https:\/\/www.fileasbl.be\/membres\/wp-json\/wp\/v2\/tags?post=33203"}],"curies":[{"name":"wp","href":"https:\/\/api.w.org\/{rel}","templated":true}]}}