{"id":33471,"date":"2025-05-26T16:05:24","date_gmt":"2025-05-26T15:05:24","guid":{"rendered":"https:\/\/www.fileasbl.be\/membres\/?p=33471"},"modified":"2025-08-26T14:49:16","modified_gmt":"2025-08-26T13:49:16","slug":"colloque-file-asbl-2025-neurosciences-et-developpement-de-lenfant-et-si-on-tentait-litinerance-ludique","status":"publish","type":"post","link":"https:\/\/www.fileasbl.be\/membres\/colloque-file-asbl-2025-neurosciences-et-developpement-de-lenfant-et-si-on-tentait-litinerance-ludique\/","title":{"rendered":"Colloque FILE asbl\u00a02025 &#8211; \u00ab\u00a0Neurosciences et d\u00e9veloppement de l\u2019enfant :Et si on tentait l\u2019itin\u00e9rance ludique\u2026 ?\u00a0\u00bb"},"content":{"rendered":"<!--themify_builder_content-->\n<div id=\"themify_builder_content-33471\" data-postid=\"33471\" class=\"themify_builder_content themify_builder_content-33471 themify_builder tf_clear\">\n    \t<!-- module_row -->\n\t<div  data-lazy=\"1\" class=\"module_row themify_builder_row tb_daqf631 tb_first tf_clearfix\">\n\t    \t\t<div class=\"row_inner col_align_top col-count-3 tf_box tf_w tf_rel\">\n\t\t\t<div  data-lazy=\"1\" style=\"width: 12.14%\" class=\"module_column tb-column col3-1 first tb_ntby632 tf_box\">\n\t\t\t    \t<\/div>\n\t\t<div  data-lazy=\"1\" style=\"width: 68.28%\" class=\"module_column tb-column col3-1 middle tb_exfq632 tf_box\">\n\t\t\t    \t        <div class=\"tb-column-inner tf_box tf_w\">\n\t\t    <!-- module image -->\n<div  class=\"module module-image tb_12gx791   image-top tf_mw\" data-lazy=\"1\">\n        <div class=\"image-wrap tf_rel tf_mw\">\n\t\t    <img loading=\"lazy\" decoding=\"async\" width=\"1584\" height=\"396\" src=\"https:\/\/www.fileasbl.be\/membres\/wp-content\/uploads\/2025\/05\/baniere.png\" class=\"wp-post-image wp-image-33473\" title=\"bani\u00e8re\" alt=\"bani\u00e8re\" srcset=\"https:\/\/www.fileasbl.be\/membres\/wp-content\/uploads\/2025\/05\/baniere.png 1584w, https:\/\/www.fileasbl.be\/membres\/wp-content\/uploads\/2025\/05\/baniere-300x75.png 300w, https:\/\/www.fileasbl.be\/membres\/wp-content\/uploads\/2025\/05\/baniere-1024x256.png 1024w, https:\/\/www.fileasbl.be\/membres\/wp-content\/uploads\/2025\/05\/baniere-768x192.png 768w, https:\/\/www.fileasbl.be\/membres\/wp-content\/uploads\/2025\/05\/baniere-1536x384.png 1536w, https:\/\/www.fileasbl.be\/membres\/wp-content\/uploads\/2025\/05\/baniere-400x100.png 400w\" sizes=\"auto, (max-width: 1584px) 100vw, 1584px\" \/>\t\n\t\t<\/div>\n\t<!-- \/image-wrap -->\n    \n    \t<\/div>\n<!-- \/module image -->\t        <\/div>\n\t    \t<\/div>\n\t\t<div  data-lazy=\"1\" style=\"width: 13.18%\" class=\"module_column tb-column col3-1 last tb_5x0k632 tf_box\">\n\t\t\t    \t<\/div>\n\t\t    <\/div>\n\t    <!-- \/row_inner -->\n\t<\/div>\n\t<!-- \/module_row -->\n\t\t<!-- module_row -->\n\t<div  data-lazy=\"1\" class=\"module_row themify_builder_row tb_st2r155 tf_clearfix\">\n\t    \t\t<div class=\"row_inner col_align_top col-count-1 tf_box tf_w tf_rel\">\n\t\t\t<div  data-lazy=\"1\" class=\"module_column tb-column col-full first tb_u6jd156 tf_box\">\n\t\t\t    \t        <div class=\"tb-column-inner tf_box tf_w\">\n\t\t    <!-- module divider -->\n<div  class=\"module tf_mw module-divider tb_kn8x80 solid   \" style=\"border-width: 1px;border-color: #000;\" data-lazy=\"1\">\n    <\/div>\n<!-- \/module divider -->\n<!-- module text -->\n<div  class=\"module module-text tb_b88y415   \" data-lazy=\"1\">\n        <div  class=\"tb_text_wrap\">\n    <p>\u00a0<\/p>\n<p>La FILE a le plaisir de vous inviter \u00e0 son colloque annuel !<\/p>    <\/div>\n<\/div>\n<!-- \/module text --><!-- module image -->\n<div  class=\"module module-image tb_d27v384   image-center tf_mw\" data-lazy=\"1\">\n        <div class=\"image-wrap tf_rel tf_mw\">\n\t\t    <img loading=\"lazy\" decoding=\"async\" width=\"725\" height=\"139\" src=\"https:\/\/www.fileasbl.be\/membres\/wp-content\/uploads\/2025\/05\/Capture-decran-2025-05-26-162046.png\" class=\"wp-post-image wp-image-33474\" title=\"Capture d&#039;\u00e9cran 2025-05-26 162046\" alt=\"Capture d&#039;\u00e9cran 2025-05-26 162046\" srcset=\"https:\/\/www.fileasbl.be\/membres\/wp-content\/uploads\/2025\/05\/Capture-decran-2025-05-26-162046.png 725w, https:\/\/www.fileasbl.be\/membres\/wp-content\/uploads\/2025\/05\/Capture-decran-2025-05-26-162046-300x58.png 300w, https:\/\/www.fileasbl.be\/membres\/wp-content\/uploads\/2025\/05\/Capture-decran-2025-05-26-162046-400x77.png 400w\" sizes=\"auto, (max-width: 725px) 100vw, 725px\" \/>\t\n\t\t<\/div>\n\t<!-- \/image-wrap -->\n    \n    \t<\/div>\n<!-- \/module image -->\t<div  data-lazy=\"1\" class=\"module_subrow themify_builder_sub_row tb_rnpl729 tf_w tf_clearfix\">\n\t    \t\t<div class=\"subrow_inner col_align_top col-count-3 tf_box tf_w\">\n\t\t\t<div  style=\"width: 27.98%\" data-lazy=\"1\" class=\"sub_column module_column tf_box col3-1 first tb_nge4731\"> \n\t    \t    \t<\/div>\n\t\t<div  style=\"width: 41.88%\" data-lazy=\"1\" class=\"sub_column module_column tf_box col3-1 middle tb_jo4g731\"> \n\t    \t    \t        <div class=\"tb-column-inner tf_box tf_w\">\n\t\t    <!-- module image -->\n<div  class=\"module module-image tb_nvr6864   image-top tf_mw\" data-lazy=\"1\">\n        <div class=\"image-wrap tf_rel tf_mw\">\n\t\t    <img decoding=\"async\" src=\"https:\/\/www.fileasbl.be\/membres\/wp-content\/uploads\/2025\/05\/Conference-AG-2025.png\" class=\"wp-post-image wp-image-33481\" title=\"Conf\u00e9rence AG 2025\" alt=\"Conf\u00e9rence AG 2025\">\t\n\t\t<\/div>\n\t<!-- \/image-wrap -->\n    \n    \t<\/div>\n<!-- \/module image -->\t        <\/div>\n\t    \t<\/div>\n\t\t<div  style=\"width: 23.74%\" data-lazy=\"1\" class=\"sub_column module_column tf_box col3-1 last tb_re2a731\"> \n\t    \t    \t<\/div>\n\t\t    <\/div>\n\t<\/div><!-- \/themify_builder_sub_row -->\n\t\t<div  data-lazy=\"1\" class=\"module_subrow themify_builder_sub_row tb_s7mi701 tf_w tf_clearfix\">\n\t    \t\t<div class=\"subrow_inner col_align_top col-count-1 tf_box tf_w\">\n\t\t\t<div  data-lazy=\"1\" class=\"sub_column module_column tf_box col-full first tb_60dy702\"> \n\t    \t    \t        <div class=\"tb-column-inner tf_box tf_w\">\n\t\t    <!-- module text -->\n<div  class=\"module module-text tb_3lav736   \" data-lazy=\"1\">\n        <div  class=\"tb_text_wrap\">\n    <p>Cette ann\u00e9e, nous explorerons le th\u00e8me :\u00a0<strong>\u00ab Neurosciences et d\u00e9veloppement de l\u2019enfant : Et si on tentait l\u2019itin\u00e9rance ludique\u2026 ? \u00bb\u00a0<\/strong><\/p>\n<p>Pour \u00e9clairer cette journ\u00e9e de r\u00e9flexion et de partage, nous accueillerons deux intervenant.e.s passionnant.e.s :\u00a0<\/p>\n<ul>\n<li>Mathieu Cassotti, professeur en psychologie du d\u00e9veloppement \u00e0 l\u2019Institut de psychologie de l\u2019Universit\u00e9 Paris Cit\u00e9<\/li>\n<li>Laurence Rameau, pu\u00e9ricultrice, ancienne directrice de cr\u00e8che et formatrice aupr\u00e8s des professionnel\u00b7le\u00b7s de la petite enfance\u00a0<\/li>\n<\/ul>    <\/div>\n<\/div>\n<!-- \/module text --><!-- module divider -->\n<div  class=\"module tf_mw module-divider tb_xno686 solid   \" style=\"border-width: 1px;border-color: #000;\" data-lazy=\"1\">\n    <\/div>\n<!-- \/module divider -->\n<!-- module text -->\n<div  class=\"module module-text tb_io3l374   \" data-lazy=\"1\">\n        <div  class=\"tb_text_wrap\">\n    <p>Au programme de cette journ\u00e9e : une immersion dans le monde des tout-petits \u00e0 la lumi\u00e8re des d\u00e9couvertes r\u00e9centes en neurosciences.\u00a0<\/p>\n<p>Ensemble, nous nous interrogerons sur :\u00a0<\/p>\n<p>&#8211; Comment les avanc\u00e9es en neurosciences peuvent-elles enrichir les pratiques dans les milieux d\u2019accueil et \u00e9clairer le d\u00e9veloppement de l\u2019enfant ?\u00a0\u00a0<br \/>&#8211; Comment peuvent-elles \u00eatre mises au service des projets p\u00e9dagogiques des milieux d\u2019accueil?\u00a0<br \/>&#8211; Quels sont les m\u00e9canismes c\u00e9r\u00e9braux cl\u00e9s du d\u00e9veloppement de l\u2019enfant ?<br \/>&#8211;\u00a0En quoi les neurosciences peuvent-elles \u00e9clairer le d\u00e9veloppement \u00e9motionnel, la r\u00e9gulation du rythme biologique ou encore le besoin de s\u00e9curit\u00e9 affective ?<br \/>\u00a0&#8211; Comment adapter nos environnements pour favoriser l\u2019autonomie, la cr\u00e9ativit\u00e9 et la confiance en soi des enfants ?<br \/>&#8211; Qu\u2019est-ce que l\u2019itin\u00e9rance ludique, et comment la mettre concr\u00e8tement en \u0153uvre ?\u00a0<br \/>&#8211; Quels sont les d\u00e9fis de l\u2019int\u00e9gration des neurosciences dans les pratiques p\u00e9dagogiques ?\u00a0<\/p>    <\/div>\n<\/div>\n<!-- \/module text --><!-- module divider -->\n<div  class=\"module tf_mw module-divider tb_og25432 solid   \" style=\"border-width: 1px;border-color: #000;\" data-lazy=\"1\">\n    <\/div>\n<!-- \/module divider -->\n<!-- module text -->\n<div  class=\"module module-text tb_f4dq916   \" data-lazy=\"1\">\n        <div  class=\"tb_text_wrap\">\n    <p>\u00a0<\/p>\n<p>45 euros pour les membres FILE\u00a0<br \/>55 euros pour les non membres FILE<\/p>\n<p>&#8212;&#8212;&#8212;&#8212;&#8212;&#8212;&#8212;&#8212;&#8212;&#8212;&#8212;&#8212;&#8212;&#8212;&#8212;&#8212;&#8212;&#8212;&#8212;&#8212;&#8212;&#8212;&#8212;&#8212;&#8212;&#8212;&#8212;&#8212;&#8212;-<\/p>\n<p>Programme :<\/p>\n<blockquote>\n<div class=\"x_elementToProof\" data-olk-copy-source=\"MessageBody\">8h45\u00a0: Accueil caf\u00e9\/petit dej<\/div>\n<div class=\"x_elementToProof\">9h15\u00a0: Introduction de la journ\u00e9e<\/div>\n<div class=\"x_elementToProof\">9h30\u00a0: Conf\u00e9rence de Mathieu Cassotti<\/div>\n<div class=\"x_elementToProof\">10h45\u00a0: Pause caf\u00e9<\/div>\n<div class=\"x_elementToProof\">11h15\u00a0: Conf\u00e9rence de Laurence Rameau<\/div>\n<div class=\"x_elementToProof\">12h30 : Pause midi itin\u00e9rante\u00a0<\/div>\n<div class=\"x_elementToProof\">14h00\u00a0: Animation\u00a0 \u00ab\u00a0La journ\u00e9e lumineuse de Luce \u00e0 la cr\u00e8che\u00a0\u00bb\u00a0<\/div>\n<div class=\"x_elementToProof\">15h30\u00a0: Conclusions<\/div>\n<div class=\"x_elementToProof\">15h45\/16h : Fin de la journ\u00e9e<\/div>\n<\/blockquote>\n<p>Les inscriptions sont ouvertes via <a href=\"https:\/\/docs.google.com\/forms\/d\/e\/1FAIpQLSeNLxnX4oEbHJWmVu7CwCXrjmlmcJmXWWbSCcJOpYiWyJZAow\/viewform?usp=pp_u\">ce lien<\/a>\u00a0<\/p>\n<p>Nous esp\u00e9rons vous y retrouver nombreux\u00b7ses !\u00a0<\/p>    <\/div>\n<\/div>\n<!-- \/module text -->\t        <\/div>\n\t    \t<\/div>\n\t\t    <\/div>\n\t<\/div><!-- \/themify_builder_sub_row -->\n\t\t        <\/div>\n\t    \t<\/div>\n\t\t    <\/div>\n\t    <!-- \/row_inner -->\n\t<\/div>\n\t<!-- \/module_row -->\n\t<\/div>\n<!--\/themify_builder_content-->","protected":false},"excerpt":{"rendered":"<p>Mise \u00e0 jour du 19 mai 2020 &#8211; Obligations comptables des ASBL selon le Code des Soci\u00e9t\u00e9s et des Associations et son AR d\u2019ex\u00e9cution.<\/p>\n","protected":false},"author":2,"featured_media":33481,"comment_status":"open","ping_status":"open","sticky":false,"template":"","format":"standard","meta":{"footnotes":""},"categories":[275,241,299],"tags":[],"class_list":["post-33471","post","type-post","status-publish","format-standard","has-post-thumbnail","hentry","category-a-la-une","category-asbl","category-notes-juridiques","has-post-title","has-post-date","has-post-category","has-post-tag","has-post-comment","has-post-author",""],"yoast_head":"<!-- This site is optimized with the Yoast SEO plugin v27.5 - https:\/\/yoast.com\/product\/yoast-seo-wordpress\/ -->\n<title>Colloque FILE asbl\u00a02025 - &quot;Neurosciences et d\u00e9veloppement de l\u2019enfant :Et si on tentait l\u2019itin\u00e9rance ludique\u2026 ?&quot; - Site de la FILE<\/title>\n<meta name=\"robots\" content=\"index, follow, max-snippet:-1, max-image-preview:large, max-video-preview:-1\" \/>\n<link rel=\"canonical\" href=\"https:\/\/www.fileasbl.be\/membres\/colloque-file-asbl-2025-neurosciences-et-developpement-de-lenfant-et-si-on-tentait-litinerance-ludique\/\" \/>\n<meta property=\"og:locale\" content=\"fr_FR\" \/>\n<meta property=\"og:type\" content=\"article\" \/>\n<meta property=\"og:title\" content=\"Colloque FILE asbl\u00a02025 - &quot;Neurosciences et d\u00e9veloppement de l\u2019enfant :Et si on tentait l\u2019itin\u00e9rance ludique\u2026 ?&quot; - Site de la FILE\" \/>\n<meta property=\"og:description\" content=\"Mise \u00e0 jour du 19 mai 2020 - Obligations comptables des ASBL selon le Code des Soci\u00e9t\u00e9s et des Associations et son AR d\u2019ex\u00e9cution.\" \/>\n<meta property=\"og:url\" content=\"https:\/\/www.fileasbl.be\/membres\/colloque-file-asbl-2025-neurosciences-et-developpement-de-lenfant-et-si-on-tentait-litinerance-ludique\/\" \/>\n<meta property=\"og:site_name\" content=\"Site de la FILE\" \/>\n<meta property=\"article:publisher\" content=\"https:\/\/www.facebook.com\/fileasbl\/\" \/>\n<meta property=\"article:published_time\" content=\"2025-05-26T15:05:24+00:00\" \/>\n<meta property=\"article:modified_time\" content=\"2025-08-26T13:49:16+00:00\" \/>\n<meta property=\"og:image\" content=\"https:\/\/www.fileasbl.be\/membres\/wp-content\/uploads\/2025\/05\/Conference-AG-2025-e1749544356955.png\" \/>\n\t<meta property=\"og:image:width\" content=\"945\" \/>\n\t<meta property=\"og:image:height\" content=\"955\" \/>\n\t<meta property=\"og:image:type\" content=\"image\/png\" \/>\n<meta name=\"author\" content=\"Contact FILE\" \/>\n<meta name=\"twitter:card\" content=\"summary_large_image\" \/>\n<meta name=\"twitter:label1\" content=\"\u00c9crit par\" \/>\n\t<meta name=\"twitter:data1\" content=\"Contact FILE\" \/>\n\t<meta name=\"twitter:label2\" content=\"Dur\u00e9e de lecture estim\u00e9e\" \/>\n\t<meta name=\"twitter:data2\" content=\"2 minutes\" \/>\n<script type=\"application\/ld+json\" class=\"yoast-schema-graph\">{\"@context\":\"https:\\\/\\\/schema.org\",\"@graph\":[{\"@type\":\"Article\",\"@id\":\"https:\\\/\\\/www.fileasbl.be\\\/membres\\\/colloque-file-asbl-2025-neurosciences-et-developpement-de-lenfant-et-si-on-tentait-litinerance-ludique\\\/#article\",\"isPartOf\":{\"@id\":\"https:\\\/\\\/www.fileasbl.be\\\/membres\\\/colloque-file-asbl-2025-neurosciences-et-developpement-de-lenfant-et-si-on-tentait-litinerance-ludique\\\/\"},\"author\":{\"name\":\"Contact FILE\",\"@id\":\"https:\\\/\\\/www.fileasbl.be\\\/membres\\\/#\\\/schema\\\/person\\\/5954a0c68c3a6f92f805465caa00d25f\"},\"headline\":\"Colloque FILE asbl\u00a02025 &#8211; \u00ab\u00a0Neurosciences et d\u00e9veloppement de l\u2019enfant :Et si on tentait l\u2019itin\u00e9rance ludique\u2026 ?\u00a0\u00bb\",\"datePublished\":\"2025-05-26T15:05:24+00:00\",\"dateModified\":\"2025-08-26T13:49:16+00:00\",\"mainEntityOfPage\":{\"@id\":\"https:\\\/\\\/www.fileasbl.be\\\/membres\\\/colloque-file-asbl-2025-neurosciences-et-developpement-de-lenfant-et-si-on-tentait-litinerance-ludique\\\/\"},\"wordCount\":19,\"commentCount\":0,\"image\":{\"@id\":\"https:\\\/\\\/www.fileasbl.be\\\/membres\\\/colloque-file-asbl-2025-neurosciences-et-developpement-de-lenfant-et-si-on-tentait-litinerance-ludique\\\/#primaryimage\"},\"thumbnailUrl\":\"https:\\\/\\\/www.fileasbl.be\\\/membres\\\/wp-content\\\/uploads\\\/2025\\\/05\\\/Conference-AG-2025-e1749544356955.png\",\"articleSection\":[\"A la Une\",\"ASBL\",\"Notes juridiques\"],\"inLanguage\":\"fr-FR\",\"potentialAction\":[{\"@type\":\"CommentAction\",\"name\":\"Comment\",\"target\":[\"https:\\\/\\\/www.fileasbl.be\\\/membres\\\/colloque-file-asbl-2025-neurosciences-et-developpement-de-lenfant-et-si-on-tentait-litinerance-ludique\\\/#respond\"]}]},{\"@type\":\"WebPage\",\"@id\":\"https:\\\/\\\/www.fileasbl.be\\\/membres\\\/colloque-file-asbl-2025-neurosciences-et-developpement-de-lenfant-et-si-on-tentait-litinerance-ludique\\\/\",\"url\":\"https:\\\/\\\/www.fileasbl.be\\\/membres\\\/colloque-file-asbl-2025-neurosciences-et-developpement-de-lenfant-et-si-on-tentait-litinerance-ludique\\\/\",\"name\":\"Colloque FILE asbl\u00a02025 - \\\"Neurosciences et d\u00e9veloppement de l\u2019enfant :Et si on tentait l\u2019itin\u00e9rance ludique\u2026 ?\\\" - Site de la FILE\",\"isPartOf\":{\"@id\":\"https:\\\/\\\/www.fileasbl.be\\\/membres\\\/#website\"},\"primaryImageOfPage\":{\"@id\":\"https:\\\/\\\/www.fileasbl.be\\\/membres\\\/colloque-file-asbl-2025-neurosciences-et-developpement-de-lenfant-et-si-on-tentait-litinerance-ludique\\\/#primaryimage\"},\"image\":{\"@id\":\"https:\\\/\\\/www.fileasbl.be\\\/membres\\\/colloque-file-asbl-2025-neurosciences-et-developpement-de-lenfant-et-si-on-tentait-litinerance-ludique\\\/#primaryimage\"},\"thumbnailUrl\":\"https:\\\/\\\/www.fileasbl.be\\\/membres\\\/wp-content\\\/uploads\\\/2025\\\/05\\\/Conference-AG-2025-e1749544356955.png\",\"datePublished\":\"2025-05-26T15:05:24+00:00\",\"dateModified\":\"2025-08-26T13:49:16+00:00\",\"author\":{\"@id\":\"https:\\\/\\\/www.fileasbl.be\\\/membres\\\/#\\\/schema\\\/person\\\/5954a0c68c3a6f92f805465caa00d25f\"},\"breadcrumb\":{\"@id\":\"https:\\\/\\\/www.fileasbl.be\\\/membres\\\/colloque-file-asbl-2025-neurosciences-et-developpement-de-lenfant-et-si-on-tentait-litinerance-ludique\\\/#breadcrumb\"},\"inLanguage\":\"fr-FR\",\"potentialAction\":[{\"@type\":\"ReadAction\",\"target\":[\"https:\\\/\\\/www.fileasbl.be\\\/membres\\\/colloque-file-asbl-2025-neurosciences-et-developpement-de-lenfant-et-si-on-tentait-litinerance-ludique\\\/\"]}]},{\"@type\":\"ImageObject\",\"inLanguage\":\"fr-FR\",\"@id\":\"https:\\\/\\\/www.fileasbl.be\\\/membres\\\/colloque-file-asbl-2025-neurosciences-et-developpement-de-lenfant-et-si-on-tentait-litinerance-ludique\\\/#primaryimage\",\"url\":\"https:\\\/\\\/www.fileasbl.be\\\/membres\\\/wp-content\\\/uploads\\\/2025\\\/05\\\/Conference-AG-2025-e1749544356955.png\",\"contentUrl\":\"https:\\\/\\\/www.fileasbl.be\\\/membres\\\/wp-content\\\/uploads\\\/2025\\\/05\\\/Conference-AG-2025-e1749544356955.png\",\"width\":945,\"height\":955},{\"@type\":\"BreadcrumbList\",\"@id\":\"https:\\\/\\\/www.fileasbl.be\\\/membres\\\/colloque-file-asbl-2025-neurosciences-et-developpement-de-lenfant-et-si-on-tentait-litinerance-ludique\\\/#breadcrumb\",\"itemListElement\":[{\"@type\":\"ListItem\",\"position\":1,\"name\":\"Accueil\",\"item\":\"https:\\\/\\\/www.fileasbl.be\\\/membres\\\/\"},{\"@type\":\"ListItem\",\"position\":2,\"name\":\"Colloque FILE asbl\u00a02025 &#8211; \u00ab\u00a0Neurosciences et d\u00e9veloppement de l\u2019enfant :Et si on tentait l\u2019itin\u00e9rance ludique\u2026 ?\u00a0\u00bb\"}]},{\"@type\":\"WebSite\",\"@id\":\"https:\\\/\\\/www.fileasbl.be\\\/membres\\\/#website\",\"url\":\"https:\\\/\\\/www.fileasbl.be\\\/membres\\\/\",\"name\":\"Site de la FILE\",\"description\":\"FILE Un accueil de qualit\u00e9 accessible \u00e0 tous\",\"potentialAction\":[{\"@type\":\"SearchAction\",\"target\":{\"@type\":\"EntryPoint\",\"urlTemplate\":\"https:\\\/\\\/www.fileasbl.be\\\/membres\\\/?s={search_term_string}\"},\"query-input\":{\"@type\":\"PropertyValueSpecification\",\"valueRequired\":true,\"valueName\":\"search_term_string\"}}],\"inLanguage\":\"fr-FR\"},{\"@type\":\"Person\",\"@id\":\"https:\\\/\\\/www.fileasbl.be\\\/membres\\\/#\\\/schema\\\/person\\\/5954a0c68c3a6f92f805465caa00d25f\",\"name\":\"Contact FILE\",\"url\":\"https:\\\/\\\/www.fileasbl.be\\\/membres\\\/author\\\/contactfile\\\/\"}]}<\/script>\n<!-- \/ Yoast SEO plugin. -->","yoast_head_json":{"title":"Colloque FILE asbl\u00a02025 - \"Neurosciences et d\u00e9veloppement de l\u2019enfant :Et si on tentait l\u2019itin\u00e9rance ludique\u2026 ?\" - Site de la FILE","robots":{"index":"index","follow":"follow","max-snippet":"max-snippet:-1","max-image-preview":"max-image-preview:large","max-video-preview":"max-video-preview:-1"},"canonical":"https:\/\/www.fileasbl.be\/membres\/colloque-file-asbl-2025-neurosciences-et-developpement-de-lenfant-et-si-on-tentait-litinerance-ludique\/","og_locale":"fr_FR","og_type":"article","og_title":"Colloque FILE asbl\u00a02025 - \"Neurosciences et d\u00e9veloppement de l\u2019enfant :Et si on tentait l\u2019itin\u00e9rance ludique\u2026 ?\" - Site de la FILE","og_description":"Mise \u00e0 jour du 19 mai 2020 - Obligations comptables des ASBL selon le Code des Soci\u00e9t\u00e9s et des Associations et son AR d\u2019ex\u00e9cution.","og_url":"https:\/\/www.fileasbl.be\/membres\/colloque-file-asbl-2025-neurosciences-et-developpement-de-lenfant-et-si-on-tentait-litinerance-ludique\/","og_site_name":"Site de la FILE","article_publisher":"https:\/\/www.facebook.com\/fileasbl\/","article_published_time":"2025-05-26T15:05:24+00:00","article_modified_time":"2025-08-26T13:49:16+00:00","og_image":[{"width":945,"height":955,"url":"https:\/\/www.fileasbl.be\/membres\/wp-content\/uploads\/2025\/05\/Conference-AG-2025-e1749544356955.png","type":"image\/png"}],"author":"Contact FILE","twitter_card":"summary_large_image","twitter_misc":{"\u00c9crit par":"Contact FILE","Dur\u00e9e de lecture estim\u00e9e":"2 minutes"},"schema":{"@context":"https:\/\/schema.org","@graph":[{"@type":"Article","@id":"https:\/\/www.fileasbl.be\/membres\/colloque-file-asbl-2025-neurosciences-et-developpement-de-lenfant-et-si-on-tentait-litinerance-ludique\/#article","isPartOf":{"@id":"https:\/\/www.fileasbl.be\/membres\/colloque-file-asbl-2025-neurosciences-et-developpement-de-lenfant-et-si-on-tentait-litinerance-ludique\/"},"author":{"name":"Contact FILE","@id":"https:\/\/www.fileasbl.be\/membres\/#\/schema\/person\/5954a0c68c3a6f92f805465caa00d25f"},"headline":"Colloque FILE asbl\u00a02025 &#8211; \u00ab\u00a0Neurosciences et d\u00e9veloppement de l\u2019enfant :Et si on tentait l\u2019itin\u00e9rance ludique\u2026 ?\u00a0\u00bb","datePublished":"2025-05-26T15:05:24+00:00","dateModified":"2025-08-26T13:49:16+00:00","mainEntityOfPage":{"@id":"https:\/\/www.fileasbl.be\/membres\/colloque-file-asbl-2025-neurosciences-et-developpement-de-lenfant-et-si-on-tentait-litinerance-ludique\/"},"wordCount":19,"commentCount":0,"image":{"@id":"https:\/\/www.fileasbl.be\/membres\/colloque-file-asbl-2025-neurosciences-et-developpement-de-lenfant-et-si-on-tentait-litinerance-ludique\/#primaryimage"},"thumbnailUrl":"https:\/\/www.fileasbl.be\/membres\/wp-content\/uploads\/2025\/05\/Conference-AG-2025-e1749544356955.png","articleSection":["A la Une","ASBL","Notes juridiques"],"inLanguage":"fr-FR","potentialAction":[{"@type":"CommentAction","name":"Comment","target":["https:\/\/www.fileasbl.be\/membres\/colloque-file-asbl-2025-neurosciences-et-developpement-de-lenfant-et-si-on-tentait-litinerance-ludique\/#respond"]}]},{"@type":"WebPage","@id":"https:\/\/www.fileasbl.be\/membres\/colloque-file-asbl-2025-neurosciences-et-developpement-de-lenfant-et-si-on-tentait-litinerance-ludique\/","url":"https:\/\/www.fileasbl.be\/membres\/colloque-file-asbl-2025-neurosciences-et-developpement-de-lenfant-et-si-on-tentait-litinerance-ludique\/","name":"Colloque FILE asbl\u00a02025 - \"Neurosciences et d\u00e9veloppement de l\u2019enfant :Et si on tentait l\u2019itin\u00e9rance ludique\u2026 ?\" - Site de la FILE","isPartOf":{"@id":"https:\/\/www.fileasbl.be\/membres\/#website"},"primaryImageOfPage":{"@id":"https:\/\/www.fileasbl.be\/membres\/colloque-file-asbl-2025-neurosciences-et-developpement-de-lenfant-et-si-on-tentait-litinerance-ludique\/#primaryimage"},"image":{"@id":"https:\/\/www.fileasbl.be\/membres\/colloque-file-asbl-2025-neurosciences-et-developpement-de-lenfant-et-si-on-tentait-litinerance-ludique\/#primaryimage"},"thumbnailUrl":"https:\/\/www.fileasbl.be\/membres\/wp-content\/uploads\/2025\/05\/Conference-AG-2025-e1749544356955.png","datePublished":"2025-05-26T15:05:24+00:00","dateModified":"2025-08-26T13:49:16+00:00","author":{"@id":"https:\/\/www.fileasbl.be\/membres\/#\/schema\/person\/5954a0c68c3a6f92f805465caa00d25f"},"breadcrumb":{"@id":"https:\/\/www.fileasbl.be\/membres\/colloque-file-asbl-2025-neurosciences-et-developpement-de-lenfant-et-si-on-tentait-litinerance-ludique\/#breadcrumb"},"inLanguage":"fr-FR","potentialAction":[{"@type":"ReadAction","target":["https:\/\/www.fileasbl.be\/membres\/colloque-file-asbl-2025-neurosciences-et-developpement-de-lenfant-et-si-on-tentait-litinerance-ludique\/"]}]},{"@type":"ImageObject","inLanguage":"fr-FR","@id":"https:\/\/www.fileasbl.be\/membres\/colloque-file-asbl-2025-neurosciences-et-developpement-de-lenfant-et-si-on-tentait-litinerance-ludique\/#primaryimage","url":"https:\/\/www.fileasbl.be\/membres\/wp-content\/uploads\/2025\/05\/Conference-AG-2025-e1749544356955.png","contentUrl":"https:\/\/www.fileasbl.be\/membres\/wp-content\/uploads\/2025\/05\/Conference-AG-2025-e1749544356955.png","width":945,"height":955},{"@type":"BreadcrumbList","@id":"https:\/\/www.fileasbl.be\/membres\/colloque-file-asbl-2025-neurosciences-et-developpement-de-lenfant-et-si-on-tentait-litinerance-ludique\/#breadcrumb","itemListElement":[{"@type":"ListItem","position":1,"name":"Accueil","item":"https:\/\/www.fileasbl.be\/membres\/"},{"@type":"ListItem","position":2,"name":"Colloque FILE asbl\u00a02025 &#8211; \u00ab\u00a0Neurosciences et d\u00e9veloppement de l\u2019enfant :Et si on tentait l\u2019itin\u00e9rance ludique\u2026 ?\u00a0\u00bb"}]},{"@type":"WebSite","@id":"https:\/\/www.fileasbl.be\/membres\/#website","url":"https:\/\/www.fileasbl.be\/membres\/","name":"Site de la FILE","description":"FILE Un accueil de qualit\u00e9 accessible \u00e0 tous","potentialAction":[{"@type":"SearchAction","target":{"@type":"EntryPoint","urlTemplate":"https:\/\/www.fileasbl.be\/membres\/?s={search_term_string}"},"query-input":{"@type":"PropertyValueSpecification","valueRequired":true,"valueName":"search_term_string"}}],"inLanguage":"fr-FR"},{"@type":"Person","@id":"https:\/\/www.fileasbl.be\/membres\/#\/schema\/person\/5954a0c68c3a6f92f805465caa00d25f","name":"Contact FILE","url":"https:\/\/www.fileasbl.be\/membres\/author\/contactfile\/"}]}},"builder_content":"<img loading=\"lazy\" decoding=\"async\" width=\"1584\" height=\"396\" src=\"https:\/\/www.fileasbl.be\/membres\/wp-content\/uploads\/2025\/05\/baniere.png\" title=\"bani\u00e8re\" alt=\"bani\u00e8re\" srcset=\"https:\/\/www.fileasbl.be\/membres\/wp-content\/uploads\/2025\/05\/baniere.png 1584w, https:\/\/www.fileasbl.be\/membres\/wp-content\/uploads\/2025\/05\/baniere-300x75.png 300w, https:\/\/www.fileasbl.be\/membres\/wp-content\/uploads\/2025\/05\/baniere-1024x256.png 1024w, https:\/\/www.fileasbl.be\/membres\/wp-content\/uploads\/2025\/05\/baniere-768x192.png 768w, https:\/\/www.fileasbl.be\/membres\/wp-content\/uploads\/2025\/05\/baniere-1536x384.png 1536w, https:\/\/www.fileasbl.be\/membres\/wp-content\/uploads\/2025\/05\/baniere-400x100.png 400w\" sizes=\"auto, (max-width: 1584px) 100vw, 1584px\" \/>\n\n<p>\u00a0<\/p> <p>La FILE a le plaisir de vous inviter \u00e0 son colloque annuel !<\/p>\n<img loading=\"lazy\" decoding=\"async\" width=\"725\" height=\"139\" src=\"https:\/\/www.fileasbl.be\/membres\/wp-content\/uploads\/2025\/05\/Capture-decran-2025-05-26-162046.png\" title=\"Capture d&#039;\u00e9cran 2025-05-26 162046\" alt=\"Capture d&#039;\u00e9cran 2025-05-26 162046\" srcset=\"https:\/\/www.fileasbl.be\/membres\/wp-content\/uploads\/2025\/05\/Capture-decran-2025-05-26-162046.png 725w, https:\/\/www.fileasbl.be\/membres\/wp-content\/uploads\/2025\/05\/Capture-decran-2025-05-26-162046-300x58.png 300w, https:\/\/www.fileasbl.be\/membres\/wp-content\/uploads\/2025\/05\/Capture-decran-2025-05-26-162046-400x77.png 400w\" sizes=\"auto, (max-width: 725px) 100vw, 725px\" \/>\n<img decoding=\"async\" src=\"https:\/\/www.fileasbl.be\/membres\/wp-content\/uploads\/2025\/05\/Conference-AG-2025.png\" title=\"Conf\u00e9rence AG 2025\" alt=\"Conf\u00e9rence AG 2025\">\n<p>Cette ann\u00e9e, nous explorerons le th\u00e8me :\u00a0<strong>\u00ab Neurosciences et d\u00e9veloppement de l\u2019enfant : Et si on tentait l\u2019itin\u00e9rance ludique\u2026 ? \u00bb\u00a0<\/strong><\/p> <p>Pour \u00e9clairer cette journ\u00e9e de r\u00e9flexion et de partage, nous accueillerons deux intervenant.e.s passionnant.e.s :\u00a0<\/p> <ul> <li>Mathieu Cassotti, professeur en psychologie du d\u00e9veloppement \u00e0 l\u2019Institut de psychologie de l\u2019Universit\u00e9 Paris Cit\u00e9<\/li> <li>Laurence Rameau, pu\u00e9ricultrice, ancienne directrice de cr\u00e8che et formatrice aupr\u00e8s des professionnel\u00b7le\u00b7s de la petite enfance\u00a0<\/li> <\/ul>\n\n<p>Au programme de cette journ\u00e9e : une immersion dans le monde des tout-petits \u00e0 la lumi\u00e8re des d\u00e9couvertes r\u00e9centes en neurosciences.\u00a0<\/p> <p>Ensemble, nous nous interrogerons sur :\u00a0<\/p> <p>- Comment les avanc\u00e9es en neurosciences peuvent-elles enrichir les pratiques dans les milieux d\u2019accueil et \u00e9clairer le d\u00e9veloppement de l\u2019enfant ?\u00a0\u00a0<br \/>- Comment peuvent-elles \u00eatre mises au service des projets p\u00e9dagogiques des milieux d\u2019accueil?\u00a0<br \/>- Quels sont les m\u00e9canismes c\u00e9r\u00e9braux cl\u00e9s du d\u00e9veloppement de l\u2019enfant ?<br \/>-\u00a0En quoi les neurosciences peuvent-elles \u00e9clairer le d\u00e9veloppement \u00e9motionnel, la r\u00e9gulation du rythme biologique ou encore le besoin de s\u00e9curit\u00e9 affective ?<br \/>\u00a0- Comment adapter nos environnements pour favoriser l\u2019autonomie, la cr\u00e9ativit\u00e9 et la confiance en soi des enfants ?<br \/>- Qu\u2019est-ce que l\u2019itin\u00e9rance ludique, et comment la mettre concr\u00e8tement en \u0153uvre ?\u00a0<br \/>- Quels sont les d\u00e9fis de l\u2019int\u00e9gration des neurosciences dans les pratiques p\u00e9dagogiques ?\u00a0<\/p>\n\n<p>\u00a0<\/p> <p>45 euros pour les membres FILE\u00a0<br \/>55 euros pour les non membres FILE<\/p> <p>----------------------------------------------------------------------------------------<\/p> <p>Programme :<\/p> <blockquote> 8h45\u00a0: Accueil caf\u00e9\/petit dej 9h15\u00a0: Introduction de la journ\u00e9e 9h30\u00a0: Conf\u00e9rence de Mathieu Cassotti 10h45\u00a0: Pause caf\u00e9 11h15\u00a0: Conf\u00e9rence de Laurence Rameau 12h30 : Pause midi itin\u00e9rante\u00a0 14h00\u00a0: Animation\u00a0 \"La journ\u00e9e lumineuse de Luce \u00e0 la cr\u00e8che\"\u00a0 15h30\u00a0: Conclusions 15h45\/16h : Fin de la journ\u00e9e <\/blockquote> <p>Les inscriptions sont ouvertes via <a href=\"https:\/\/docs.google.com\/forms\/d\/e\/1FAIpQLSeNLxnX4oEbHJWmVu7CwCXrjmlmcJmXWWbSCcJOpYiWyJZAow\/viewform?usp=pp_u\">ce lien<\/a>\u00a0<\/p> <p>Nous esp\u00e9rons vous y retrouver nombreux\u00b7ses !\u00a0<\/p>","_links":{"self":[{"href":"https:\/\/www.fileasbl.be\/membres\/wp-json\/wp\/v2\/posts\/33471","targetHints":{"allow":["GET"]}}],"collection":[{"href":"https:\/\/www.fileasbl.be\/membres\/wp-json\/wp\/v2\/posts"}],"about":[{"href":"https:\/\/www.fileasbl.be\/membres\/wp-json\/wp\/v2\/types\/post"}],"author":[{"embeddable":true,"href":"https:\/\/www.fileasbl.be\/membres\/wp-json\/wp\/v2\/users\/2"}],"replies":[{"embeddable":true,"href":"https:\/\/www.fileasbl.be\/membres\/wp-json\/wp\/v2\/comments?post=33471"}],"version-history":[{"count":0,"href":"https:\/\/www.fileasbl.be\/membres\/wp-json\/wp\/v2\/posts\/33471\/revisions"}],"wp:featuredmedia":[{"embeddable":true,"href":"https:\/\/www.fileasbl.be\/membres\/wp-json\/wp\/v2\/media\/33481"}],"wp:attachment":[{"href":"https:\/\/www.fileasbl.be\/membres\/wp-json\/wp\/v2\/media?parent=33471"}],"wp:term":[{"taxonomy":"category","embeddable":true,"href":"https:\/\/www.fileasbl.be\/membres\/wp-json\/wp\/v2\/categories?post=33471"},{"taxonomy":"post_tag","embeddable":true,"href":"https:\/\/www.fileasbl.be\/membres\/wp-json\/wp\/v2\/tags?post=33471"}],"curies":[{"name":"wp","href":"https:\/\/api.w.org\/{rel}","templated":true}]}}