{"id":33514,"date":"2025-06-12T15:27:05","date_gmt":"2025-06-12T14:27:05","guid":{"rendered":"https:\/\/www.fileasbl.be\/membres\/?p=33514"},"modified":"2025-09-01T14:52:47","modified_gmt":"2025-09-01T13:52:47","slug":"isolement-des-familles-ensemble-pour-rompre-le-silence","status":"publish","type":"post","link":"https:\/\/www.fileasbl.be\/membres\/isolement-des-familles-ensemble-pour-rompre-le-silence\/","title":{"rendered":"Isolement des familles : Ensemble pour rompre le silence"},"content":{"rendered":"<p><strong>Retour sur le colloque de parentalite.be \u2013 1er avril 2025<\/strong><\/p>\n\n\n\n<p><\/p>\n\n\n\n<p><\/p>\n\n<!--themify_builder_content-->\n<div id=\"themify_builder_content-33514\" data-postid=\"33514\" class=\"themify_builder_content themify_builder_content-33514 themify_builder tf_clear\">\n    \t<!-- module_row -->\n\t<div  data-lazy=\"1\" class=\"module_row themify_builder_row tb_st2r155 tb_first tf_clearfix\">\n\t    \t\t<div class=\"row_inner col_align_top col-count-1 tf_box tf_w tf_rel\">\n\t\t\t<div  data-lazy=\"1\" class=\"module_column tb-column col-full first tb_u6jd156 tf_box\">\n\t\t\t    \t        <div class=\"tb-column-inner tf_box tf_w\">\n\t\t    <!-- module divider -->\n<div  class=\"module tf_mw module-divider tb_kn8x80 solid   \" style=\"border-width: 1px;border-color: #000;\" data-lazy=\"1\">\n    <\/div>\n<!-- \/module divider -->\n<!-- module text -->\n<div  class=\"module module-text tb_b88y415   \" data-lazy=\"1\">\n        <div  class=\"tb_text_wrap\">\n    <p>\u00a0<\/p>\n<p>Le 1er avril 2025, parentalite.be a organis\u00e9 un colloque riche d\u2019enseignements sur un enjeu soci\u00e9tal majeur : l\u2019isolement des familles. Une journ\u00e9e plac\u00e9e sous le signe de l\u2019\u00e9coute, de la r\u00e9flexion collective et de l\u2019engagement partag\u00e9. Retour sur cet \u00e9v\u00e9nement f\u00e9d\u00e9rateur, qui a r\u00e9uni des expert\u00b7e\u00b7s, des professionnel\u00b7le\u00b7s de terrain et des partenaires pour faire \u00e9merger des pistes d\u2019action concr\u00e8tes.<\/p>    <\/div>\n<\/div>\n<!-- \/module text --><!-- module image -->\n<div  class=\"module module-image tb_0s3s430   image-center tf_mw\" data-lazy=\"1\">\n        <div class=\"image-wrap tf_rel tf_mw\">\n\t\t    <img decoding=\"async\" src=\"https:\/\/www.fileasbl.be\/membres\/wp-content\/uploads\/2025\/06\/Isolement-familles-article-site.png\" class=\"wp-post-image wp-image-33522\" title=\"Isolement familles article site\" alt=\"Isolement familles article site\">\t\n\t\t<\/div>\n\t<!-- \/image-wrap -->\n    \n    \t<\/div>\n<!-- \/module image -->\t<div  data-lazy=\"1\" class=\"module_subrow themify_builder_sub_row tb_s7mi701 tf_w tf_clearfix\">\n\t    \t\t<div class=\"subrow_inner col_align_top col-count-1 tf_box tf_w\">\n\t\t\t<div  data-lazy=\"1\" class=\"sub_column module_column tf_box col-full first tb_60dy702\"> \n\t    \t    \t        <div class=\"tb-column-inner tf_box tf_w\">\n\t\t    <!-- module divider -->\n<div  class=\"module tf_mw module-divider tb_xno686 solid   \" style=\"border-width: 1px;border-color: #000;\" data-lazy=\"1\">\n    <\/div>\n<!-- \/module divider -->\n<!-- module text -->\n<div  class=\"module module-text tb_io3l374   \" data-lazy=\"1\">\n        <div  class=\"tb_text_wrap\">\n    <p>\u00a0<\/p>\n<p><strong>Tisser des liens, pas des murs<\/strong><\/p>    <\/div>\n<\/div>\n<!-- \/module text --><!-- module text -->\n<div  class=\"module module-text tb_mvjs994   \" data-lazy=\"1\">\n        <div  class=\"tb_text_wrap\">\n    <p>La matin\u00e9e a permis de mettre en lumi\u00e8re l\u2019action de plusieurs partenaires de terrain engag\u00e9\u00b7e\u00b7s aux c\u00f4t\u00e9s des familles :<\/p>\n<ul>\n<li>Le LREP (Lieu de Rencontre Enfant-Parent)<\/li>\n<li>Les AMO (Aide en Milieu Ouvert)<\/li>\n<li>Le SAJE (Service d\u2019Accompagnement pour Jeunes Enfants de 0 \u00e0 8 ans)<\/li>\n<li>Le CPAS \u2013 projet Miriam, parmi d\u2019autres structures engag\u00e9es<\/li>\n<\/ul>\n<p>Chacun\u00b7e, \u00e0 sa mani\u00e8re, joue un r\u00f4le cl\u00e9. Par exemple, les LREP incarnent pleinement les valeurs de la FILE en \u0153uvrant pour l\u2019inclusion des familles et le renforcement du lien familial :<\/p>\n<ul>\n<li>Ils\/elles soutiennent le lien affectif entre les enfants et leurs figures parentales dans un cadre bienveillant.<\/li>\n<li>Ils\/elles favorisent la socialisation pr\u00e9coce dans un environnement s\u00e9curisant.<\/li>\n<li>Ils\/elles proposent des espaces d\u2019\u00e9change, d\u2019\u00e9coute et d\u2019inclusion, ouverts \u00e0 toutes les familles, quels que soient leur parcours ou leur contexte social.<\/li>\n<li>Ils\/elles stimulent le d\u00e9veloppement global des enfants via des activit\u00e9s ludiques et adapt\u00e9es.<\/li>\n<\/ul>\n<p>Ces initiatives contribuent \u00e0 rompre l\u2019isolement social, \u00e0 valoriser les ressources des familles et \u00e0 cr\u00e9er des liens durables. Tous et toutes, professionnel\u00b7le\u00b7s, b\u00e9n\u00e9voles et institutions, partagent les valeurs fortes de la FILE : inclusion, co\u00e9ducation et bienveillance.<\/p>    <\/div>\n<\/div>\n<!-- \/module text --><!-- module image -->\n<div  class=\"module module-image tb_syhd381   image-center tf_mw\" data-lazy=\"1\">\n        <div class=\"image-wrap tf_rel tf_mw\">\n\t\t    <img loading=\"lazy\" decoding=\"async\" width=\"600\" height=\"200\" src=\"https:\/\/www.fileasbl.be\/membres\/wp-content\/uploads\/2025\/06\/Isolement-familles-article-site-1.png\" class=\"wp-post-image wp-image-33526\" title=\"Isolement familles article site (1)\" alt=\"Isolement familles article site (1)\" srcset=\"https:\/\/www.fileasbl.be\/membres\/wp-content\/uploads\/2025\/06\/Isolement-familles-article-site-1.png 600w, https:\/\/www.fileasbl.be\/membres\/wp-content\/uploads\/2025\/06\/Isolement-familles-article-site-1-300x100.png 300w, https:\/\/www.fileasbl.be\/membres\/wp-content\/uploads\/2025\/06\/Isolement-familles-article-site-1-400x133.png 400w\" sizes=\"auto, (max-width: 600px) 100vw, 600px\" \/>\t\n\t\t<\/div>\n\t<!-- \/image-wrap -->\n    \n    \t<\/div>\n<!-- \/module image --><!-- module divider -->\n<div  class=\"module tf_mw module-divider tb_yezj975 solid   \" style=\"border-width: 1px;border-color: #000;\" data-lazy=\"1\">\n    <\/div>\n<!-- \/module divider -->\n<!-- module text -->\n<div  class=\"module module-text tb_f4dq916   \" data-lazy=\"1\">\n        <div  class=\"tb_text_wrap\">\n    <p>\u00a0<\/p>\n<p><strong>L\u2019isolement : un ph\u00e9nom\u00e8ne complexe et syst\u00e9mique<\/strong><\/p>    <\/div>\n<\/div>\n<!-- \/module text --><!-- module text -->\n<div  class=\"module module-text tb_3zln881   \" data-lazy=\"1\">\n        <div  class=\"tb_text_wrap\">\n    <p>L\u2019apr\u00e8s-midi a \u00e9t\u00e9 rythm\u00e9e par les interventions d\u2019expert\u00b7e\u00b7s qui ont mis en \u00e9vidence les multiples causes de l\u2019isolement. Loin d\u2019\u00eatre une responsabilit\u00e9 individuelle, l\u2019isolement d\u00e9coule souvent de facteurs structurels : pr\u00e9carit\u00e9, stigmatisation, isolement relationnel, sant\u00e9 mentale, etc.<\/p>\n<p>Les familles en situation de vuln\u00e9rabilit\u00e9, ont rappel\u00e9 les intervenant\u00b7e\u00b7s, doivent \u00eatre reconnues non pas uniquement \u00e0 travers leurs difficult\u00e9s, mais comme d\u00e9tentrices de ressources et de savoirs. Leur offrir des espaces d\u2019accueil sans jugement est essentiel pour qu\u2019elles puissent reprendre confiance et redevenir actrices de leur propre trajectoire.<\/p>    <\/div>\n<\/div>\n<!-- \/module text --><!-- module image -->\n<div  class=\"module module-image tb_lem0551   image-center tf_mw\" data-lazy=\"1\">\n        <div class=\"image-wrap tf_rel tf_mw\">\n\t\t    <img loading=\"lazy\" decoding=\"async\" width=\"600\" height=\"200\" src=\"https:\/\/www.fileasbl.be\/membres\/wp-content\/uploads\/2025\/06\/Isolement-familles-article-site-2.png\" class=\"wp-post-image wp-image-33529\" title=\"Isolement familles article site (2)\" alt=\"Isolement familles article site (2)\" srcset=\"https:\/\/www.fileasbl.be\/membres\/wp-content\/uploads\/2025\/06\/Isolement-familles-article-site-2.png 600w, https:\/\/www.fileasbl.be\/membres\/wp-content\/uploads\/2025\/06\/Isolement-familles-article-site-2-300x100.png 300w, https:\/\/www.fileasbl.be\/membres\/wp-content\/uploads\/2025\/06\/Isolement-familles-article-site-2-400x133.png 400w\" sizes=\"auto, (max-width: 600px) 100vw, 600px\" \/>\t\n\t\t<\/div>\n\t<!-- \/image-wrap -->\n    \n    \t<\/div>\n<!-- \/module image --><!-- module divider -->\n<div  class=\"module tf_mw module-divider tb_kghc624 solid   \" style=\"border-width: 1px;border-color: #000;\" data-lazy=\"1\">\n    <\/div>\n<!-- \/module divider -->\n<!-- module text -->\n<div  class=\"module module-text tb_m6vj371   \" data-lazy=\"1\">\n        <div  class=\"tb_text_wrap\">\n    <p>\u00a0<\/p>\n<p><strong>Professionnel\u00b7le\u00b7s uni\u00b7e\u00b7s autour d\u2019une m\u00eame cause<\/strong><\/p>    <\/div>\n<\/div>\n<!-- \/module text --><!-- module text -->\n<div  class=\"module module-text tb_3lav736   \" data-lazy=\"1\">\n        <div  class=\"tb_text_wrap\">\n    <p>Les temps d\u2019\u00e9change entre les participant\u00b7e\u00b7s ont r\u00e9v\u00e9l\u00e9 une forte volont\u00e9 de co-construire des solutions adapt\u00e9es. \u00c9ducateur\u00b7rice\u00b7s, psychologues, responsables de cr\u00e8ches, coordinateur\u00b7rice\u00b7s ATL, travailleur\u00b7euse\u00b7s sociaux\u00b7ales et autres acteur\u00b7rice\u00b7s de l\u2019enfance ont partag\u00e9 leurs r\u00e9flexions sur l\u2019importance du lien d\u2019attachement.<\/p>\n<p>Soutenir les personnes qui exercent une parentalit\u00e9, c\u2019est aussi garantir aux enfants un cadre stable, bienveillant et s\u00e9curisant. Le lien entre l\u2019isolement v\u00e9cu par les adultes et la s\u00e9curit\u00e9 \u00e9motionnelle des enfants est fondamental. Lorsque les familles sont accompagn\u00e9es, les enfants en b\u00e9n\u00e9ficient pleinement \u2014 un pas de plus vers l\u2019\u00e9quit\u00e9.<\/p>    <\/div>\n<\/div>\n<!-- \/module text --><!-- module image -->\n<div  class=\"module module-image tb_pugv186   image-center tf_mw\" data-lazy=\"1\">\n        <div class=\"image-wrap tf_rel tf_mw\">\n\t\t    <img loading=\"lazy\" decoding=\"async\" width=\"600\" height=\"200\" src=\"https:\/\/www.fileasbl.be\/membres\/wp-content\/uploads\/2025\/06\/Isolement-familles-article-site-3.png\" class=\"wp-post-image wp-image-33531\" title=\"Isolement familles article site (3)\" alt=\"Isolement familles article site (3)\" srcset=\"https:\/\/www.fileasbl.be\/membres\/wp-content\/uploads\/2025\/06\/Isolement-familles-article-site-3.png 600w, https:\/\/www.fileasbl.be\/membres\/wp-content\/uploads\/2025\/06\/Isolement-familles-article-site-3-300x100.png 300w, https:\/\/www.fileasbl.be\/membres\/wp-content\/uploads\/2025\/06\/Isolement-familles-article-site-3-400x133.png 400w\" sizes=\"auto, (max-width: 600px) 100vw, 600px\" \/>\t\n\t\t<\/div>\n\t<!-- \/image-wrap -->\n    \n    \t<\/div>\n<!-- \/module image --><!-- module divider -->\n<div  class=\"module tf_mw module-divider tb_r2ig147 solid   \" style=\"border-width: 1px;border-color: #000;\" data-lazy=\"1\">\n    <\/div>\n<!-- \/module divider -->\n<!-- module text -->\n<div  class=\"module module-text tb_uhrh237   \" data-lazy=\"1\">\n        <div  class=\"tb_text_wrap\">\n    <p>\u00a0<\/p>\n<p><strong>Imaginer des espaces d\u2019accueil inconditionnels<\/strong><\/p>    <\/div>\n<\/div>\n<!-- \/module text --><!-- module text -->\n<div  class=\"module module-text tb_hhcr840   \" data-lazy=\"1\">\n        <div  class=\"tb_text_wrap\">\n    <p>Ce colloque a aussi \u00e9t\u00e9 l\u2019occasion de r\u00e9fl\u00e9chir \u00e0 une transformation en profondeur des pratiques d\u2019accompagnement :<\/p>\n<ul>\n<li>Offrir des accueils inconditionnels, sans jugement<\/li>\n<li>Reconna\u00eetre et valoriser les comp\u00e9tences et ressources internes des familles<\/li>\n<li>Redonner toute sa place au droit \u00e0 l\u2019erreur, pour sortir d\u2019une logique de performance<\/li>\n<\/ul>\n<p>Ensemble, il est possible de cr\u00e9er des lieux o\u00f9 chaque famille, dans sa singularit\u00e9, peut se sentir accueillie, \u00e9cout\u00e9e et soutenue.<\/p>    <\/div>\n<\/div>\n<!-- \/module text --><!-- module image -->\n<div  class=\"module module-image tb_v2o1341   image-center tf_mw\" data-lazy=\"1\">\n        <div class=\"image-wrap tf_rel tf_mw\">\n\t\t    <img loading=\"lazy\" decoding=\"async\" width=\"600\" height=\"200\" src=\"https:\/\/www.fileasbl.be\/membres\/wp-content\/uploads\/2025\/06\/Isolement-familles-article-site-4.png\" class=\"wp-post-image wp-image-33533\" title=\"Isolement familles article site (4)\" alt=\"Isolement familles article site (4)\" srcset=\"https:\/\/www.fileasbl.be\/membres\/wp-content\/uploads\/2025\/06\/Isolement-familles-article-site-4.png 600w, https:\/\/www.fileasbl.be\/membres\/wp-content\/uploads\/2025\/06\/Isolement-familles-article-site-4-300x100.png 300w, https:\/\/www.fileasbl.be\/membres\/wp-content\/uploads\/2025\/06\/Isolement-familles-article-site-4-400x133.png 400w\" sizes=\"auto, (max-width: 600px) 100vw, 600px\" \/>\t\n\t\t<\/div>\n\t<!-- \/image-wrap -->\n    \n    \t<\/div>\n<!-- \/module image --><!-- module divider -->\n<div  class=\"module tf_mw module-divider tb_og25432 solid   \" style=\"border-width: 1px;border-color: #000;\" data-lazy=\"1\">\n    <\/div>\n<!-- \/module divider -->\n<!-- module text -->\n<div  class=\"module module-text tb_vwmh393   \" data-lazy=\"1\">\n        <div  class=\"tb_text_wrap\">\n    <p>\u00a0<\/p>\n<p><strong>Et maintenant ?<\/strong><\/p>    <\/div>\n<\/div>\n<!-- \/module text --><!-- module text -->\n<div  class=\"module module-text tb_rni8956   \" data-lazy=\"1\">\n        <div  class=\"tb_text_wrap\">\n    <p>Ce colloque marque une \u00e9tape importante, mais ce n\u2019est qu\u2019un d\u00e9but. Le d\u00e9fi collectif est d\u00e9sormais de rendre ces espaces visibles, accessibles et vivants. Il est essentiel de renforcer les r\u00e9seaux autour des familles, de les inclure dans les r\u00e9flexions et de coconstruire des r\u00e9ponses adapt\u00e9es \u00e0 leurs besoins.<\/p>\n<p>La FILE d\u00e9fend des valeurs claires : <strong>solidarit\u00e9, inclusion, co\u00e9ducation<\/strong>. Ensemble, r\u00e9inventons les fa\u00e7ons d\u2019accompagner les familles, et transformons durablement leur r\u00e9alit\u00e9.<\/p>\n<p>Pour aller plus loin, retrouvez les ressources et initiatives locales sur <a href=\"http:\/\/www.parentalite.be\/\">www.parentalite.be<\/a>.<br \/>Pour toute question sur l\u2019accessibilit\u00e9 ou pour sensibiliser vos \u00e9quipes, contactez la conseill\u00e8re en accessibilit\u00e9 de la FILE : <a href=\"mailto:accessibilite@filesasbl.be\"><strong>accessibilite@filesasbl.be<\/strong><\/a><\/p>    <\/div>\n<\/div>\n<!-- \/module text -->\t        <\/div>\n\t    \t<\/div>\n\t\t    <\/div>\n\t<\/div><!-- \/themify_builder_sub_row -->\n\t\t        <\/div>\n\t    \t<\/div>\n\t\t    <\/div>\n\t    <!-- \/row_inner -->\n\t<\/div>\n\t<!-- \/module_row -->\n\t<\/div>\n<!--\/themify_builder_content-->","protected":false},"excerpt":{"rendered":"<p>Mise \u00e0 jour du 19 mai 2020 &#8211; Obligations comptables des ASBL selon le Code des Soci\u00e9t\u00e9s et des Associations et son AR d\u2019ex\u00e9cution.<\/p>\n","protected":false},"author":2,"featured_media":33522,"comment_status":"open","ping_status":"open","sticky":false,"template":"","format":"standard","meta":{"footnotes":""},"categories":[341,241,304,291,222,280,246,300],"tags":[],"class_list":["post-33514","post","type-post","status-publish","format-standard","has-post-thumbnail","hentry","category-accessibilite","category-asbl","category-bien-etre-enfant","category-colloque","category-inclusion","category-inegalites","category-milac","category-notes-pedagogiques","has-post-title","has-post-date","has-post-category","has-post-tag","has-post-comment","has-post-author",""],"yoast_head":"<!-- This site is optimized with the Yoast SEO plugin v27.5 - https:\/\/yoast.com\/product\/yoast-seo-wordpress\/ -->\n<title>Isolement des familles : Ensemble pour rompre le silence - Site de la FILE<\/title>\n<meta name=\"robots\" content=\"index, follow, max-snippet:-1, max-image-preview:large, max-video-preview:-1\" \/>\n<link rel=\"canonical\" href=\"https:\/\/www.fileasbl.be\/membres\/isolement-des-familles-ensemble-pour-rompre-le-silence\/\" \/>\n<meta property=\"og:locale\" content=\"fr_FR\" \/>\n<meta property=\"og:type\" content=\"article\" \/>\n<meta property=\"og:title\" content=\"Isolement des familles : Ensemble pour rompre le silence - Site de la FILE\" \/>\n<meta property=\"og:description\" content=\"Mise \u00e0 jour du 19 mai 2020 - Obligations comptables des ASBL selon le Code des Soci\u00e9t\u00e9s et des Associations et son AR d\u2019ex\u00e9cution.\" \/>\n<meta property=\"og:url\" content=\"https:\/\/www.fileasbl.be\/membres\/isolement-des-familles-ensemble-pour-rompre-le-silence\/\" \/>\n<meta property=\"og:site_name\" content=\"Site de la FILE\" \/>\n<meta property=\"article:publisher\" content=\"https:\/\/www.facebook.com\/fileasbl\/\" \/>\n<meta property=\"article:published_time\" content=\"2025-06-12T14:27:05+00:00\" \/>\n<meta property=\"article:modified_time\" content=\"2025-09-01T13:52:47+00:00\" \/>\n<meta property=\"og:image\" content=\"https:\/\/www.fileasbl.be\/membres\/wp-content\/uploads\/2025\/06\/Isolement-familles-article-site-e1749738419479.png\" \/>\n\t<meta property=\"og:image:width\" content=\"200\" \/>\n\t<meta property=\"og:image:height\" content=\"200\" \/>\n\t<meta property=\"og:image:type\" content=\"image\/png\" \/>\n<meta name=\"author\" content=\"Contact FILE\" \/>\n<meta name=\"twitter:card\" content=\"summary_large_image\" \/>\n<meta name=\"twitter:label1\" content=\"\u00c9crit par\" \/>\n\t<meta name=\"twitter:data1\" content=\"Contact FILE\" \/>\n\t<meta name=\"twitter:label2\" content=\"Dur\u00e9e de lecture estim\u00e9e\" \/>\n\t<meta name=\"twitter:data2\" content=\"5 minutes\" \/>\n<script type=\"application\/ld+json\" class=\"yoast-schema-graph\">{\"@context\":\"https:\\\/\\\/schema.org\",\"@graph\":[{\"@type\":\"Article\",\"@id\":\"https:\\\/\\\/www.fileasbl.be\\\/membres\\\/isolement-des-familles-ensemble-pour-rompre-le-silence\\\/#article\",\"isPartOf\":{\"@id\":\"https:\\\/\\\/www.fileasbl.be\\\/membres\\\/isolement-des-familles-ensemble-pour-rompre-le-silence\\\/\"},\"author\":{\"name\":\"Contact FILE\",\"@id\":\"https:\\\/\\\/www.fileasbl.be\\\/membres\\\/#\\\/schema\\\/person\\\/5954a0c68c3a6f92f805465caa00d25f\"},\"headline\":\"Isolement des familles : Ensemble pour rompre le silence\",\"datePublished\":\"2025-06-12T14:27:05+00:00\",\"dateModified\":\"2025-09-01T13:52:47+00:00\",\"mainEntityOfPage\":{\"@id\":\"https:\\\/\\\/www.fileasbl.be\\\/membres\\\/isolement-des-familles-ensemble-pour-rompre-le-silence\\\/\"},\"wordCount\":17,\"commentCount\":0,\"image\":{\"@id\":\"https:\\\/\\\/www.fileasbl.be\\\/membres\\\/isolement-des-familles-ensemble-pour-rompre-le-silence\\\/#primaryimage\"},\"thumbnailUrl\":\"https:\\\/\\\/www.fileasbl.be\\\/membres\\\/wp-content\\\/uploads\\\/2025\\\/06\\\/Isolement-familles-article-site-e1749738419479.png\",\"articleSection\":[\"Accessibilit\u00e9\",\"ASBL\",\"Bien \u00eatre enfant\",\"Colloque, conf\u00e9rences\",\"Inclusion\",\"Lutte contre les in\u00e9galit\u00e9s\",\"Milieu d'accueil 0-3 ans\",\"Notes p\u00e9dagogiques\"],\"inLanguage\":\"fr-FR\",\"potentialAction\":[{\"@type\":\"CommentAction\",\"name\":\"Comment\",\"target\":[\"https:\\\/\\\/www.fileasbl.be\\\/membres\\\/isolement-des-familles-ensemble-pour-rompre-le-silence\\\/#respond\"]}]},{\"@type\":\"WebPage\",\"@id\":\"https:\\\/\\\/www.fileasbl.be\\\/membres\\\/isolement-des-familles-ensemble-pour-rompre-le-silence\\\/\",\"url\":\"https:\\\/\\\/www.fileasbl.be\\\/membres\\\/isolement-des-familles-ensemble-pour-rompre-le-silence\\\/\",\"name\":\"Isolement des familles : Ensemble pour rompre le silence - Site de la FILE\",\"isPartOf\":{\"@id\":\"https:\\\/\\\/www.fileasbl.be\\\/membres\\\/#website\"},\"primaryImageOfPage\":{\"@id\":\"https:\\\/\\\/www.fileasbl.be\\\/membres\\\/isolement-des-familles-ensemble-pour-rompre-le-silence\\\/#primaryimage\"},\"image\":{\"@id\":\"https:\\\/\\\/www.fileasbl.be\\\/membres\\\/isolement-des-familles-ensemble-pour-rompre-le-silence\\\/#primaryimage\"},\"thumbnailUrl\":\"https:\\\/\\\/www.fileasbl.be\\\/membres\\\/wp-content\\\/uploads\\\/2025\\\/06\\\/Isolement-familles-article-site-e1749738419479.png\",\"datePublished\":\"2025-06-12T14:27:05+00:00\",\"dateModified\":\"2025-09-01T13:52:47+00:00\",\"author\":{\"@id\":\"https:\\\/\\\/www.fileasbl.be\\\/membres\\\/#\\\/schema\\\/person\\\/5954a0c68c3a6f92f805465caa00d25f\"},\"breadcrumb\":{\"@id\":\"https:\\\/\\\/www.fileasbl.be\\\/membres\\\/isolement-des-familles-ensemble-pour-rompre-le-silence\\\/#breadcrumb\"},\"inLanguage\":\"fr-FR\",\"potentialAction\":[{\"@type\":\"ReadAction\",\"target\":[\"https:\\\/\\\/www.fileasbl.be\\\/membres\\\/isolement-des-familles-ensemble-pour-rompre-le-silence\\\/\"]}]},{\"@type\":\"ImageObject\",\"inLanguage\":\"fr-FR\",\"@id\":\"https:\\\/\\\/www.fileasbl.be\\\/membres\\\/isolement-des-familles-ensemble-pour-rompre-le-silence\\\/#primaryimage\",\"url\":\"https:\\\/\\\/www.fileasbl.be\\\/membres\\\/wp-content\\\/uploads\\\/2025\\\/06\\\/Isolement-familles-article-site-e1749738419479.png\",\"contentUrl\":\"https:\\\/\\\/www.fileasbl.be\\\/membres\\\/wp-content\\\/uploads\\\/2025\\\/06\\\/Isolement-familles-article-site-e1749738419479.png\",\"width\":200,\"height\":200},{\"@type\":\"BreadcrumbList\",\"@id\":\"https:\\\/\\\/www.fileasbl.be\\\/membres\\\/isolement-des-familles-ensemble-pour-rompre-le-silence\\\/#breadcrumb\",\"itemListElement\":[{\"@type\":\"ListItem\",\"position\":1,\"name\":\"Accueil\",\"item\":\"https:\\\/\\\/www.fileasbl.be\\\/membres\\\/\"},{\"@type\":\"ListItem\",\"position\":2,\"name\":\"Isolement des familles : Ensemble pour rompre le silence\"}]},{\"@type\":\"WebSite\",\"@id\":\"https:\\\/\\\/www.fileasbl.be\\\/membres\\\/#website\",\"url\":\"https:\\\/\\\/www.fileasbl.be\\\/membres\\\/\",\"name\":\"Site de la FILE\",\"description\":\"FILE Un accueil de qualit\u00e9 accessible \u00e0 tous\",\"potentialAction\":[{\"@type\":\"SearchAction\",\"target\":{\"@type\":\"EntryPoint\",\"urlTemplate\":\"https:\\\/\\\/www.fileasbl.be\\\/membres\\\/?s={search_term_string}\"},\"query-input\":{\"@type\":\"PropertyValueSpecification\",\"valueRequired\":true,\"valueName\":\"search_term_string\"}}],\"inLanguage\":\"fr-FR\"},{\"@type\":\"Person\",\"@id\":\"https:\\\/\\\/www.fileasbl.be\\\/membres\\\/#\\\/schema\\\/person\\\/5954a0c68c3a6f92f805465caa00d25f\",\"name\":\"Contact FILE\",\"url\":\"https:\\\/\\\/www.fileasbl.be\\\/membres\\\/author\\\/contactfile\\\/\"}]}<\/script>\n<!-- \/ Yoast SEO plugin. -->","yoast_head_json":{"title":"Isolement des familles : Ensemble pour rompre le silence - Site de la FILE","robots":{"index":"index","follow":"follow","max-snippet":"max-snippet:-1","max-image-preview":"max-image-preview:large","max-video-preview":"max-video-preview:-1"},"canonical":"https:\/\/www.fileasbl.be\/membres\/isolement-des-familles-ensemble-pour-rompre-le-silence\/","og_locale":"fr_FR","og_type":"article","og_title":"Isolement des familles : Ensemble pour rompre le silence - Site de la FILE","og_description":"Mise \u00e0 jour du 19 mai 2020 - Obligations comptables des ASBL selon le Code des Soci\u00e9t\u00e9s et des Associations et son AR d\u2019ex\u00e9cution.","og_url":"https:\/\/www.fileasbl.be\/membres\/isolement-des-familles-ensemble-pour-rompre-le-silence\/","og_site_name":"Site de la FILE","article_publisher":"https:\/\/www.facebook.com\/fileasbl\/","article_published_time":"2025-06-12T14:27:05+00:00","article_modified_time":"2025-09-01T13:52:47+00:00","og_image":[{"width":200,"height":200,"url":"https:\/\/www.fileasbl.be\/membres\/wp-content\/uploads\/2025\/06\/Isolement-familles-article-site-e1749738419479.png","type":"image\/png"}],"author":"Contact FILE","twitter_card":"summary_large_image","twitter_misc":{"\u00c9crit par":"Contact FILE","Dur\u00e9e de lecture estim\u00e9e":"5 minutes"},"schema":{"@context":"https:\/\/schema.org","@graph":[{"@type":"Article","@id":"https:\/\/www.fileasbl.be\/membres\/isolement-des-familles-ensemble-pour-rompre-le-silence\/#article","isPartOf":{"@id":"https:\/\/www.fileasbl.be\/membres\/isolement-des-familles-ensemble-pour-rompre-le-silence\/"},"author":{"name":"Contact FILE","@id":"https:\/\/www.fileasbl.be\/membres\/#\/schema\/person\/5954a0c68c3a6f92f805465caa00d25f"},"headline":"Isolement des familles : Ensemble pour rompre le silence","datePublished":"2025-06-12T14:27:05+00:00","dateModified":"2025-09-01T13:52:47+00:00","mainEntityOfPage":{"@id":"https:\/\/www.fileasbl.be\/membres\/isolement-des-familles-ensemble-pour-rompre-le-silence\/"},"wordCount":17,"commentCount":0,"image":{"@id":"https:\/\/www.fileasbl.be\/membres\/isolement-des-familles-ensemble-pour-rompre-le-silence\/#primaryimage"},"thumbnailUrl":"https:\/\/www.fileasbl.be\/membres\/wp-content\/uploads\/2025\/06\/Isolement-familles-article-site-e1749738419479.png","articleSection":["Accessibilit\u00e9","ASBL","Bien \u00eatre enfant","Colloque, conf\u00e9rences","Inclusion","Lutte contre les in\u00e9galit\u00e9s","Milieu d'accueil 0-3 ans","Notes p\u00e9dagogiques"],"inLanguage":"fr-FR","potentialAction":[{"@type":"CommentAction","name":"Comment","target":["https:\/\/www.fileasbl.be\/membres\/isolement-des-familles-ensemble-pour-rompre-le-silence\/#respond"]}]},{"@type":"WebPage","@id":"https:\/\/www.fileasbl.be\/membres\/isolement-des-familles-ensemble-pour-rompre-le-silence\/","url":"https:\/\/www.fileasbl.be\/membres\/isolement-des-familles-ensemble-pour-rompre-le-silence\/","name":"Isolement des familles : Ensemble pour rompre le silence - Site de la FILE","isPartOf":{"@id":"https:\/\/www.fileasbl.be\/membres\/#website"},"primaryImageOfPage":{"@id":"https:\/\/www.fileasbl.be\/membres\/isolement-des-familles-ensemble-pour-rompre-le-silence\/#primaryimage"},"image":{"@id":"https:\/\/www.fileasbl.be\/membres\/isolement-des-familles-ensemble-pour-rompre-le-silence\/#primaryimage"},"thumbnailUrl":"https:\/\/www.fileasbl.be\/membres\/wp-content\/uploads\/2025\/06\/Isolement-familles-article-site-e1749738419479.png","datePublished":"2025-06-12T14:27:05+00:00","dateModified":"2025-09-01T13:52:47+00:00","author":{"@id":"https:\/\/www.fileasbl.be\/membres\/#\/schema\/person\/5954a0c68c3a6f92f805465caa00d25f"},"breadcrumb":{"@id":"https:\/\/www.fileasbl.be\/membres\/isolement-des-familles-ensemble-pour-rompre-le-silence\/#breadcrumb"},"inLanguage":"fr-FR","potentialAction":[{"@type":"ReadAction","target":["https:\/\/www.fileasbl.be\/membres\/isolement-des-familles-ensemble-pour-rompre-le-silence\/"]}]},{"@type":"ImageObject","inLanguage":"fr-FR","@id":"https:\/\/www.fileasbl.be\/membres\/isolement-des-familles-ensemble-pour-rompre-le-silence\/#primaryimage","url":"https:\/\/www.fileasbl.be\/membres\/wp-content\/uploads\/2025\/06\/Isolement-familles-article-site-e1749738419479.png","contentUrl":"https:\/\/www.fileasbl.be\/membres\/wp-content\/uploads\/2025\/06\/Isolement-familles-article-site-e1749738419479.png","width":200,"height":200},{"@type":"BreadcrumbList","@id":"https:\/\/www.fileasbl.be\/membres\/isolement-des-familles-ensemble-pour-rompre-le-silence\/#breadcrumb","itemListElement":[{"@type":"ListItem","position":1,"name":"Accueil","item":"https:\/\/www.fileasbl.be\/membres\/"},{"@type":"ListItem","position":2,"name":"Isolement des familles : Ensemble pour rompre le silence"}]},{"@type":"WebSite","@id":"https:\/\/www.fileasbl.be\/membres\/#website","url":"https:\/\/www.fileasbl.be\/membres\/","name":"Site de la FILE","description":"FILE Un accueil de qualit\u00e9 accessible \u00e0 tous","potentialAction":[{"@type":"SearchAction","target":{"@type":"EntryPoint","urlTemplate":"https:\/\/www.fileasbl.be\/membres\/?s={search_term_string}"},"query-input":{"@type":"PropertyValueSpecification","valueRequired":true,"valueName":"search_term_string"}}],"inLanguage":"fr-FR"},{"@type":"Person","@id":"https:\/\/www.fileasbl.be\/membres\/#\/schema\/person\/5954a0c68c3a6f92f805465caa00d25f","name":"Contact FILE","url":"https:\/\/www.fileasbl.be\/membres\/author\/contactfile\/"}]}},"builder_content":"\n<p>\u00a0<\/p> <p>Le 1er avril 2025, parentalite.be a organis\u00e9 un colloque riche d\u2019enseignements sur un enjeu soci\u00e9tal majeur : l\u2019isolement des familles. Une journ\u00e9e plac\u00e9e sous le signe de l\u2019\u00e9coute, de la r\u00e9flexion collective et de l\u2019engagement partag\u00e9. Retour sur cet \u00e9v\u00e9nement f\u00e9d\u00e9rateur, qui a r\u00e9uni des expert\u00b7e\u00b7s, des professionnel\u00b7le\u00b7s de terrain et des partenaires pour faire \u00e9merger des pistes d\u2019action concr\u00e8tes.<\/p>\n<img decoding=\"async\" src=\"https:\/\/www.fileasbl.be\/membres\/wp-content\/uploads\/2025\/06\/Isolement-familles-article-site.png\" title=\"Isolement familles article site\" alt=\"Isolement familles article site\">\n\n<p>\u00a0<\/p> <p><strong>Tisser des liens, pas des murs<\/strong><\/p>\n<p>La matin\u00e9e a permis de mettre en lumi\u00e8re l\u2019action de plusieurs partenaires de terrain engag\u00e9\u00b7e\u00b7s aux c\u00f4t\u00e9s des familles :<\/p> <ul> <li>Le LREP (Lieu de Rencontre Enfant-Parent)<\/li> <li>Les AMO (Aide en Milieu Ouvert)<\/li> <li>Le SAJE (Service d\u2019Accompagnement pour Jeunes Enfants de 0 \u00e0 8 ans)<\/li> <li>Le CPAS \u2013 projet Miriam, parmi d\u2019autres structures engag\u00e9es<\/li> <\/ul> <p>Chacun\u00b7e, \u00e0 sa mani\u00e8re, joue un r\u00f4le cl\u00e9. Par exemple, les LREP incarnent pleinement les valeurs de la FILE en \u0153uvrant pour l\u2019inclusion des familles et le renforcement du lien familial :<\/p> <ul> <li>Ils\/elles soutiennent le lien affectif entre les enfants et leurs figures parentales dans un cadre bienveillant.<\/li> <li>Ils\/elles favorisent la socialisation pr\u00e9coce dans un environnement s\u00e9curisant.<\/li> <li>Ils\/elles proposent des espaces d\u2019\u00e9change, d\u2019\u00e9coute et d\u2019inclusion, ouverts \u00e0 toutes les familles, quels que soient leur parcours ou leur contexte social.<\/li> <li>Ils\/elles stimulent le d\u00e9veloppement global des enfants via des activit\u00e9s ludiques et adapt\u00e9es.<\/li> <\/ul> <p>Ces initiatives contribuent \u00e0 rompre l\u2019isolement social, \u00e0 valoriser les ressources des familles et \u00e0 cr\u00e9er des liens durables. Tous et toutes, professionnel\u00b7le\u00b7s, b\u00e9n\u00e9voles et institutions, partagent les valeurs fortes de la FILE : inclusion, co\u00e9ducation et bienveillance.<\/p>\n<img loading=\"lazy\" decoding=\"async\" width=\"600\" height=\"200\" src=\"https:\/\/www.fileasbl.be\/membres\/wp-content\/uploads\/2025\/06\/Isolement-familles-article-site-1.png\" title=\"Isolement familles article site (1)\" alt=\"Isolement familles article site (1)\" srcset=\"https:\/\/www.fileasbl.be\/membres\/wp-content\/uploads\/2025\/06\/Isolement-familles-article-site-1.png 600w, https:\/\/www.fileasbl.be\/membres\/wp-content\/uploads\/2025\/06\/Isolement-familles-article-site-1-300x100.png 300w, https:\/\/www.fileasbl.be\/membres\/wp-content\/uploads\/2025\/06\/Isolement-familles-article-site-1-400x133.png 400w\" sizes=\"auto, (max-width: 600px) 100vw, 600px\" \/>\n\n<p>\u00a0<\/p> <p><strong>L\u2019isolement : un ph\u00e9nom\u00e8ne complexe et syst\u00e9mique<\/strong><\/p>\n<p>L\u2019apr\u00e8s-midi a \u00e9t\u00e9 rythm\u00e9e par les interventions d\u2019expert\u00b7e\u00b7s qui ont mis en \u00e9vidence les multiples causes de l\u2019isolement. Loin d\u2019\u00eatre une responsabilit\u00e9 individuelle, l\u2019isolement d\u00e9coule souvent de facteurs structurels : pr\u00e9carit\u00e9, stigmatisation, isolement relationnel, sant\u00e9 mentale, etc.<\/p> <p>Les familles en situation de vuln\u00e9rabilit\u00e9, ont rappel\u00e9 les intervenant\u00b7e\u00b7s, doivent \u00eatre reconnues non pas uniquement \u00e0 travers leurs difficult\u00e9s, mais comme d\u00e9tentrices de ressources et de savoirs. Leur offrir des espaces d\u2019accueil sans jugement est essentiel pour qu\u2019elles puissent reprendre confiance et redevenir actrices de leur propre trajectoire.<\/p>\n<img loading=\"lazy\" decoding=\"async\" width=\"600\" height=\"200\" src=\"https:\/\/www.fileasbl.be\/membres\/wp-content\/uploads\/2025\/06\/Isolement-familles-article-site-2.png\" title=\"Isolement familles article site (2)\" alt=\"Isolement familles article site (2)\" srcset=\"https:\/\/www.fileasbl.be\/membres\/wp-content\/uploads\/2025\/06\/Isolement-familles-article-site-2.png 600w, https:\/\/www.fileasbl.be\/membres\/wp-content\/uploads\/2025\/06\/Isolement-familles-article-site-2-300x100.png 300w, https:\/\/www.fileasbl.be\/membres\/wp-content\/uploads\/2025\/06\/Isolement-familles-article-site-2-400x133.png 400w\" sizes=\"auto, (max-width: 600px) 100vw, 600px\" \/>\n\n<p>\u00a0<\/p> <p><strong>Professionnel\u00b7le\u00b7s uni\u00b7e\u00b7s autour d\u2019une m\u00eame cause<\/strong><\/p>\n<p>Les temps d\u2019\u00e9change entre les participant\u00b7e\u00b7s ont r\u00e9v\u00e9l\u00e9 une forte volont\u00e9 de co-construire des solutions adapt\u00e9es. \u00c9ducateur\u00b7rice\u00b7s, psychologues, responsables de cr\u00e8ches, coordinateur\u00b7rice\u00b7s ATL, travailleur\u00b7euse\u00b7s sociaux\u00b7ales et autres acteur\u00b7rice\u00b7s de l\u2019enfance ont partag\u00e9 leurs r\u00e9flexions sur l\u2019importance du lien d\u2019attachement.<\/p> <p>Soutenir les personnes qui exercent une parentalit\u00e9, c\u2019est aussi garantir aux enfants un cadre stable, bienveillant et s\u00e9curisant. Le lien entre l\u2019isolement v\u00e9cu par les adultes et la s\u00e9curit\u00e9 \u00e9motionnelle des enfants est fondamental. Lorsque les familles sont accompagn\u00e9es, les enfants en b\u00e9n\u00e9ficient pleinement \u2014 un pas de plus vers l\u2019\u00e9quit\u00e9.<\/p>\n<img loading=\"lazy\" decoding=\"async\" width=\"600\" height=\"200\" src=\"https:\/\/www.fileasbl.be\/membres\/wp-content\/uploads\/2025\/06\/Isolement-familles-article-site-3.png\" title=\"Isolement familles article site (3)\" alt=\"Isolement familles article site (3)\" srcset=\"https:\/\/www.fileasbl.be\/membres\/wp-content\/uploads\/2025\/06\/Isolement-familles-article-site-3.png 600w, https:\/\/www.fileasbl.be\/membres\/wp-content\/uploads\/2025\/06\/Isolement-familles-article-site-3-300x100.png 300w, https:\/\/www.fileasbl.be\/membres\/wp-content\/uploads\/2025\/06\/Isolement-familles-article-site-3-400x133.png 400w\" sizes=\"auto, (max-width: 600px) 100vw, 600px\" \/>\n\n<p>\u00a0<\/p> <p><strong>Imaginer des espaces d\u2019accueil inconditionnels<\/strong><\/p>\n<p>Ce colloque a aussi \u00e9t\u00e9 l\u2019occasion de r\u00e9fl\u00e9chir \u00e0 une transformation en profondeur des pratiques d\u2019accompagnement :<\/p> <ul> <li>Offrir des accueils inconditionnels, sans jugement<\/li> <li>Reconna\u00eetre et valoriser les comp\u00e9tences et ressources internes des familles<\/li> <li>Redonner toute sa place au droit \u00e0 l\u2019erreur, pour sortir d\u2019une logique de performance<\/li> <\/ul> <p>Ensemble, il est possible de cr\u00e9er des lieux o\u00f9 chaque famille, dans sa singularit\u00e9, peut se sentir accueillie, \u00e9cout\u00e9e et soutenue.<\/p>\n<img loading=\"lazy\" decoding=\"async\" width=\"600\" height=\"200\" src=\"https:\/\/www.fileasbl.be\/membres\/wp-content\/uploads\/2025\/06\/Isolement-familles-article-site-4.png\" title=\"Isolement familles article site (4)\" alt=\"Isolement familles article site (4)\" srcset=\"https:\/\/www.fileasbl.be\/membres\/wp-content\/uploads\/2025\/06\/Isolement-familles-article-site-4.png 600w, https:\/\/www.fileasbl.be\/membres\/wp-content\/uploads\/2025\/06\/Isolement-familles-article-site-4-300x100.png 300w, https:\/\/www.fileasbl.be\/membres\/wp-content\/uploads\/2025\/06\/Isolement-familles-article-site-4-400x133.png 400w\" sizes=\"auto, (max-width: 600px) 100vw, 600px\" \/>\n\n<p>\u00a0<\/p> <p><strong>Et maintenant ?<\/strong><\/p>\n<p>Ce colloque marque une \u00e9tape importante, mais ce n\u2019est qu\u2019un d\u00e9but. Le d\u00e9fi collectif est d\u00e9sormais de rendre ces espaces visibles, accessibles et vivants. Il est essentiel de renforcer les r\u00e9seaux autour des familles, de les inclure dans les r\u00e9flexions et de coconstruire des r\u00e9ponses adapt\u00e9es \u00e0 leurs besoins.<\/p> <p>La FILE d\u00e9fend des valeurs claires : <strong>solidarit\u00e9, inclusion, co\u00e9ducation<\/strong>. Ensemble, r\u00e9inventons les fa\u00e7ons d\u2019accompagner les familles, et transformons durablement leur r\u00e9alit\u00e9.<\/p> <p>Pour aller plus loin, retrouvez les ressources et initiatives locales sur <a href=\"http:\/\/www.parentalite.be\/\">www.parentalite.be<\/a>.<br \/>Pour toute question sur l\u2019accessibilit\u00e9 ou pour sensibiliser vos \u00e9quipes, contactez la conseill\u00e8re en accessibilit\u00e9 de la FILE : <a href=\"mailto:accessibilite@filesasbl.be\"><strong>accessibilite@filesasbl.be<\/strong><\/a><\/p>","_links":{"self":[{"href":"https:\/\/www.fileasbl.be\/membres\/wp-json\/wp\/v2\/posts\/33514","targetHints":{"allow":["GET"]}}],"collection":[{"href":"https:\/\/www.fileasbl.be\/membres\/wp-json\/wp\/v2\/posts"}],"about":[{"href":"https:\/\/www.fileasbl.be\/membres\/wp-json\/wp\/v2\/types\/post"}],"author":[{"embeddable":true,"href":"https:\/\/www.fileasbl.be\/membres\/wp-json\/wp\/v2\/users\/2"}],"replies":[{"embeddable":true,"href":"https:\/\/www.fileasbl.be\/membres\/wp-json\/wp\/v2\/comments?post=33514"}],"version-history":[{"count":0,"href":"https:\/\/www.fileasbl.be\/membres\/wp-json\/wp\/v2\/posts\/33514\/revisions"}],"wp:featuredmedia":[{"embeddable":true,"href":"https:\/\/www.fileasbl.be\/membres\/wp-json\/wp\/v2\/media\/33522"}],"wp:attachment":[{"href":"https:\/\/www.fileasbl.be\/membres\/wp-json\/wp\/v2\/media?parent=33514"}],"wp:term":[{"taxonomy":"category","embeddable":true,"href":"https:\/\/www.fileasbl.be\/membres\/wp-json\/wp\/v2\/categories?post=33514"},{"taxonomy":"post_tag","embeddable":true,"href":"https:\/\/www.fileasbl.be\/membres\/wp-json\/wp\/v2\/tags?post=33514"}],"curies":[{"name":"wp","href":"https:\/\/api.w.org\/{rel}","templated":true}]}}