{"id":33712,"date":"2025-08-25T13:47:24","date_gmt":"2025-08-25T12:47:24","guid":{"rendered":"https:\/\/www.fileasbl.be\/membres\/?p=33712"},"modified":"2025-09-04T09:07:43","modified_gmt":"2025-09-04T08:07:43","slug":"infrastructures-subvention-exceptionnelle-2025-pour-les-creches-et-les-saspe-en-difficulte","status":"publish","type":"post","link":"https:\/\/www.fileasbl.be\/membres\/infrastructures-subvention-exceptionnelle-2025-pour-les-creches-et-les-saspe-en-difficulte\/","title":{"rendered":"Infrastructures &#8211; subvention exceptionnelle 2025 pour les cr\u00e8ches et les SASPE en difficult\u00e9\u00a0"},"content":{"rendered":"<!--themify_builder_content-->\n<div id=\"themify_builder_content-33712\" data-postid=\"33712\" class=\"themify_builder_content themify_builder_content-33712 themify_builder tf_clear\">\n    \t<!-- module_row -->\n\t<div  data-lazy=\"1\" class=\"module_row themify_builder_row tb_4j29649 tb_first tf_clearfix\">\n\t    \t\t<div class=\"row_inner col_align_top col-count-1 tf_box tf_w tf_rel\">\n\t\t\t<div  data-lazy=\"1\" class=\"module_column tb-column col-full first tb_wy0u650 tf_box\">\n\t\t\t    \t        <div class=\"tb-column-inner tf_box tf_w\">\n\t\t    <!-- module image -->\n<div  class=\"module module-image tb_52tl826   image-top tf_mw\" data-lazy=\"1\">\n        <div class=\"image-wrap tf_rel tf_mw\">\n\t\t    <img loading=\"lazy\" decoding=\"async\" width=\"1584\" height=\"396\" src=\"https:\/\/www.fileasbl.be\/membres\/wp-content\/uploads\/2025\/08\/Banniere-infrastructure-1.png\" class=\"wp-post-image wp-image-33611\" title=\"Banni\u00e8re infrastructure (1)\" alt=\"Banni\u00e8re infrastructure (1)\" srcset=\"https:\/\/www.fileasbl.be\/membres\/wp-content\/uploads\/2025\/08\/Banniere-infrastructure-1.png 1584w, https:\/\/www.fileasbl.be\/membres\/wp-content\/uploads\/2025\/08\/Banniere-infrastructure-1-300x75.png 300w, https:\/\/www.fileasbl.be\/membres\/wp-content\/uploads\/2025\/08\/Banniere-infrastructure-1-1024x256.png 1024w, https:\/\/www.fileasbl.be\/membres\/wp-content\/uploads\/2025\/08\/Banniere-infrastructure-1-768x192.png 768w, https:\/\/www.fileasbl.be\/membres\/wp-content\/uploads\/2025\/08\/Banniere-infrastructure-1-1536x384.png 1536w, https:\/\/www.fileasbl.be\/membres\/wp-content\/uploads\/2025\/08\/Banniere-infrastructure-1-400x100.png 400w\" sizes=\"auto, (max-width: 1584px) 100vw, 1584px\" \/>\t\n\t\t<\/div>\n\t<!-- \/image-wrap -->\n    \n    \t<\/div>\n<!-- \/module image -->\t<div  data-lazy=\"1\" class=\"module_subrow themify_builder_sub_row tb_ptnh123 tf_w tf_clearfix\">\n\t    \t\t<div class=\"subrow_inner col_align_top col-count-2 tf_box tf_w\">\n\t\t\t<div  data-lazy=\"1\" class=\"sub_column module_column tf_box col2-1 first tb_gq2x127\"> \n\t    \t    \t        <div class=\"tb-column-inner tf_box tf_w\">\n\t\t    <!-- module text -->\n<div  class=\"module module-text tb_zz9t594   \" data-lazy=\"1\">\n        <div  class=\"tb_text_wrap\">\n    <h3>Contenu r\u00e9serv\u00e9 aux membres de la FILE<\/h3>    <\/div>\n<\/div>\n<!-- \/module text -->\t        <\/div>\n\t    \t<\/div>\n\t\t<div  data-lazy=\"1\" class=\"sub_column module_column tf_box col2-1 last tb_5w5p127\"> \n\t    \t    \t        <div class=\"tb-column-inner tf_box tf_w\">\n\t\t    <!-- module login -->\n<div  class=\"module module-login tb_v605162 \" data-lazy=\"1\">\n\t<div classss=\"tb_login_wrap \">\n\t\n\t\t\t\n\t\t<form class=\"tb_login_form tf_clearfix tf_box tf_clear\" name=\"loginform\" action=\"https:\/\/www.fileasbl.be\/membres\/wp-login.php\" method=\"post\">\n\t\t\t<p class=\"tb_login_username\">\n\t\t\t\t<label>\n\t\t\t\t\t<span class=\"tb_login_username_text\">Username or Email<\/span>\n\t\t\t\t\t<input type=\"text\" name=\"log\" required=\"required\">\n\t\t\t\t<\/label>\n\t\t\t<\/p>\n\t\t\t<p class=\"tb_login_password\">\n\t\t\t\t<label>\n\t\t\t\t\t<span class=\"tb_login_password_text\">Password<\/span>\n\t\t\t\t\t<input type=\"password\" name=\"pwd\" required=\"required\">\n\t\t\t\t<\/label>\n\t\t\t<\/p>\n\t\t\t<div class=\"tb_login_links tf_box tf_clear\">\n\t\t\t\t<a href=\"https:\/\/www.fileasbl.be\/membres\/wp-login.php?action=lostpassword\">Forgotten Password?<\/a>\n\t\t\t<\/div>\n\n\t\t\t\n\t\t\t\t\t\t<p class=\"tb_login_remember tf_left tf_box\">\n\t\t\t\t<label>\n\t\t\t\t\t<input name=\"rememberme\" type=\"checkbox\" value=\"forever\"> \n\t\t\t\t\t<span class=\"tb_login_remember_text\">Remember Me<\/span>\n\t\t\t\t<\/label>\n\t\t\t<\/p>\n\t\t\t\t\t\t<p class=\"tb_login_submit tf_right\">\n\t\t\t\t<button name=\"wp-submit\">Log In<\/button>\n\t\t\t\t<input type=\"hidden\" name=\"redirect_to\" value=\"\/membres\/wp-json\/wp\/v2\/posts\/33712?login_success=1\">\n\t\t\t\t<input type=\"hidden\" name=\"tb_login\" value=\"1\">\n\n\t\t\t\t\t\t\t<\/p>\n\n\t\t<\/form>\n\n\t\t<form class=\"tb_lostpassword_form tf_clearfix tf_box tf_clear\" name=\"lostpasswordform\" action=\"https:\/\/www.fileasbl.be\/membres\/wp-login.php?action=lostpassword\" method=\"post\" style=\"display:none\">\n\t\t\t<p class=\"tb_lostpassword_username\">\n\t\t\t\t<label>\n\t\t\t\t\t<span class=\"tb_lostpassword_username_text\">Username or Email<\/span>\n\t\t\t\t\t<input type=\"text\" name=\"user_login\" required=\"required\">\n\t\t\t\t<\/label>\n\t\t\t<\/p>\n\n\t\t\t\n\t\t\t\t\t\t<p class=\"tb_lostpassword_submit tf_right\">\n\t\t\t\t<button>Reset Password<\/button>\n\t\t\t<\/p>\n\n\t\t\t<div class=\"tb_login_links tf_left tf_box\">\n\t\t\t\t<a href=\"https:\/\/www.fileasbl.be\/membres\/wp-login.php\">Log In<\/a>\n\t\t\t<\/div>\n\t\t<\/form>\n\n\t    <\/div>\n<\/div><!-- \/module login -->\t        <\/div>\n\t    \t<\/div>\n\t\t    <\/div>\n\t<\/div><!-- \/themify_builder_sub_row -->\n\t<!-- module text -->\n<div  class=\"module module-text tb_057n883   \" data-lazy=\"1\">\n        <div  class=\"tb_text_wrap\">\n    <p>En 2023, le <span style=\"font-weight: bold;\">syst\u00e8me de subsides \u00e0 l\u2019infrastructure<\/span> pour les cr\u00e8ches et SASPE a \u00e9t\u00e9 enti\u00e8rement revu <span style=\"font-weight: bold;\">en R\u00e9gion wallonne<\/span>.<br>Dans la foul\u00e9e, les cr\u00e8ches et les SASPE avaient \u00e9t\u00e9 invit\u00e9s \u00e0 compl\u00e9ter un cadastre de leurs infrastructures pour permettre au nouveau gouvernement d\u2019\u00e9tablir une programmation pour les cinq prochaines ann\u00e9es.<\/p>\n<p>Faute de parvenir \u00e0 \u00e9laborer un cadastre complet et avec le changement de l\u00e9gislature, il n\u2019y a pas encore de programmation.<\/p>\n<p>Pour rem\u00e9dier \u00e0 cette situation, la R\u00e9gion wallonne a pris les dispositions suivantes\u00a0:<\/p>\n<p><span style=\"color: #de4a33;\"><strong>1. Etablissement d\u2019un nouveau cadastre des infrastructures <\/strong>:<\/span><br>Vous serez prochainement invit\u00e9.e.s \u00e0 compl\u00e9ter un nouveau cadastre de vos infrastructures\u00a0; sans doute via pro.one. Cela n\u2019a pas encore \u00e9t\u00e9 confirm\u00e9 officiellement mais le d\u00e9lai pour compl\u00e9ter le cadastre serait de 3 mois et d\u00e9terminera la possibilit\u00e9 d\u2019introduire une demande de subside.<br><strong>En bref\u00a0<\/strong>:\u00a0<strong>pas de cadastre compl\u00e9t\u00e9 = pas de droit au subside<\/strong><br>Restez donc attentif.ve.s \u2013 Nous vous tenons au courant\u00a0!\u00a0<\/p>\n<p><strong style=\"color: #de4a33;\">2. Subvention exceptionnelle 2025 &#8211; Rappel et erratum :<\/strong><br>En juin, vous avez re\u00e7u une communication annon\u00e7ant un soutien financier exceptionnel de la R\u00e9gion wallonne en 2025\u00a0<a style=\"text-size-adjust: 100%; color: #007c89; text-decoration-line: underline; font-family: Helvetica;\" href=\"https:\/\/fileasbl.us19.list-manage.com\/track\/click?u=6ee8fd8d279afe53981b72411&amp;id=93c6617282&amp;e=69624887f8\" target=\"_blank\" rel=\"noopener\">pour des investissements immobiliers<\/a>.<\/p>\n<p>Cette communication concerne les\u00a0<strong>cr\u00e8ches, les SASPE et les SAE\u00a0<\/strong>(pour les projets de co-accueils visant la transformation en cr\u00e8che) situ\u00e9s\u00a0<strong>en R\u00e9gion wallonne qui se retrouveraient en difficult\u00e9<\/strong>.<\/p>\n<p>La priorit\u00e9 dans la d\u00e9cision d\u2019octroi de la subvention sera donn\u00e9e au\u00a0<strong>risque av\u00e9r\u00e9 de fermeture<\/strong>, mais nous ne savons pas comment sera \u00e9valu\u00e9 ce risque de fermeture.<\/p>\n<p>Si vous souhaitez introduire une demande, un formulaire type doit \u00eatre compl\u00e9t\u00e9 et envoy\u00e9 avec les annexes requises\u00a0<strong><u>pour le 31 ao\u00fbt 2025 \u00e0 minuit<\/u><\/strong>\u00a0au plus tard.<\/p>\n<p>Si vous rencontrez des risques de fermeture en raison de vos infrastructures, nous vous invitons \u00e0 prendre contact avec nous et \u00e0 compl\u00e9ter votre dossier de demande de subvention au plus vite. Soyez attentif.ve.s au fait que votre demande devra \u00eatre notamment\u00a0<strong>accompagn\u00e9e d\u2019un devis chiffr\u00e9<\/strong>. \u00a0<\/p>\n<p><strong>!! Erratum : Attention une erreur s\u2019est gliss\u00e9e dans la communication initiale de la R\u00e9gion wallonne :<\/strong><br><em>L\u2019adresse mail correcte pour l\u2019envoi des formulaires de demandes est :<\/em><br><a href=\"mailto:creches.subventions2025@spw.wallonie.be\"><strong><em>creches.subventions2025@spw.wallonie.be<\/em><\/strong><\/a><\/p>    <\/div>\n<\/div>\n<!-- \/module text --><!-- module text -->\n<div  class=\"module module-text tb_1k36730   \" data-lazy=\"1\">\n        <div  class=\"tb_text_wrap\">\n    <h3>Ressources:<\/h3>\n<p>juridique@fileasbl.be<\/p>    <\/div>\n<\/div>\n<!-- \/module text -->\t        <\/div>\n\t    \t<\/div>\n\t\t    <\/div>\n\t    <!-- \/row_inner -->\n\t<\/div>\n\t<!-- \/module_row -->\n\t<\/div>\n<!--\/themify_builder_content-->","protected":false},"excerpt":{"rendered":"<p>Contenu r\u00e9serv\u00e9 aux membres de la FILE En 2023, le syst\u00e8me de subsides \u00e0 l\u2019infrastructure pour les cr\u00e8ches et SASPE a \u00e9t\u00e9 enti\u00e8rement revu en R\u00e9gion wallonne.Dans la foul\u00e9e, les cr\u00e8ches et les SASPE avaient \u00e9t\u00e9 invit\u00e9s \u00e0 compl\u00e9ter un cadastre de leurs infrastructures pour permettre au nouveau gouvernement d\u2019\u00e9tablir une programmation pour les cinq [&hellip;]<\/p>\n","protected":false},"author":154,"featured_media":33762,"comment_status":"closed","ping_status":"closed","sticky":false,"template":"","format":"standard","meta":{"footnotes":""},"categories":[350,302,249],"tags":[],"class_list":["post-33712","post","type-post","status-publish","format-standard","has-post-thumbnail","hentry","category-infrastructure","category-reforme-milac","category-saspe","has-post-title","has-post-date","has-post-category","has-post-tag","has-post-comment","has-post-author",""],"yoast_head":"<!-- This site is optimized with the Yoast SEO plugin v27.4 - https:\/\/yoast.com\/product\/yoast-seo-wordpress\/ -->\n<title>Infrastructures - subvention exceptionnelle 2025 pour les cr\u00e8ches et les SASPE en difficult\u00e9\u00a0 - Site de la FILE<\/title>\n<meta name=\"robots\" content=\"index, follow, max-snippet:-1, max-image-preview:large, max-video-preview:-1\" \/>\n<link rel=\"canonical\" href=\"https:\/\/www.fileasbl.be\/membres\/infrastructures-subvention-exceptionnelle-2025-pour-les-creches-et-les-saspe-en-difficulte\/\" \/>\n<meta property=\"og:locale\" content=\"fr_FR\" \/>\n<meta property=\"og:type\" content=\"article\" \/>\n<meta property=\"og:title\" content=\"Infrastructures - subvention exceptionnelle 2025 pour les cr\u00e8ches et les SASPE en difficult\u00e9\u00a0 - Site de la FILE\" \/>\n<meta property=\"og:description\" content=\"Contenu r\u00e9serv\u00e9 aux membres de la FILE En 2023, le syst\u00e8me de subsides \u00e0 l\u2019infrastructure pour les cr\u00e8ches et SASPE a \u00e9t\u00e9 enti\u00e8rement revu en R\u00e9gion wallonne.Dans la foul\u00e9e, les cr\u00e8ches et les SASPE avaient \u00e9t\u00e9 invit\u00e9s \u00e0 compl\u00e9ter un cadastre de leurs infrastructures pour permettre au nouveau gouvernement d\u2019\u00e9tablir une programmation pour les cinq [&hellip;]\" \/>\n<meta property=\"og:url\" content=\"https:\/\/www.fileasbl.be\/membres\/infrastructures-subvention-exceptionnelle-2025-pour-les-creches-et-les-saspe-en-difficulte\/\" \/>\n<meta property=\"og:site_name\" content=\"Site de la FILE\" \/>\n<meta property=\"article:publisher\" content=\"https:\/\/www.facebook.com\/fileasbl\/\" \/>\n<meta property=\"article:published_time\" content=\"2025-08-25T12:47:24+00:00\" \/>\n<meta property=\"article:modified_time\" content=\"2025-09-04T08:07:43+00:00\" \/>\n<meta property=\"og:image\" content=\"https:\/\/www.fileasbl.be\/membres\/wp-content\/uploads\/2025\/08\/Banniere-infrastructure-1-1-e1756130784526.png\" \/>\n\t<meta property=\"og:image:width\" content=\"383\" \/>\n\t<meta property=\"og:image:height\" content=\"393\" \/>\n\t<meta property=\"og:image:type\" content=\"image\/png\" \/>\n<meta name=\"author\" content=\"Isaline De Plaen\" \/>\n<meta name=\"twitter:card\" content=\"summary_large_image\" \/>\n<meta name=\"twitter:label1\" content=\"\u00c9crit par\" \/>\n\t<meta name=\"twitter:data1\" content=\"Isaline De Plaen\" \/>\n\t<meta name=\"twitter:label2\" content=\"Dur\u00e9e de lecture estim\u00e9e\" \/>\n\t<meta name=\"twitter:data2\" content=\"2 minutes\" \/>\n<script type=\"application\/ld+json\" class=\"yoast-schema-graph\">{\"@context\":\"https:\\\/\\\/schema.org\",\"@graph\":[{\"@type\":\"Article\",\"@id\":\"https:\\\/\\\/www.fileasbl.be\\\/membres\\\/infrastructures-subvention-exceptionnelle-2025-pour-les-creches-et-les-saspe-en-difficulte\\\/#article\",\"isPartOf\":{\"@id\":\"https:\\\/\\\/www.fileasbl.be\\\/membres\\\/infrastructures-subvention-exceptionnelle-2025-pour-les-creches-et-les-saspe-en-difficulte\\\/\"},\"author\":{\"name\":\"Isaline De Plaen\",\"@id\":\"https:\\\/\\\/www.fileasbl.be\\\/membres\\\/#\\\/schema\\\/person\\\/fecd3c5133474ddef35b01caf39aa079\"},\"headline\":\"Infrastructures &#8211; subvention exceptionnelle 2025 pour les cr\u00e8ches et les SASPE en difficult\u00e9\u00a0\",\"datePublished\":\"2025-08-25T12:47:24+00:00\",\"dateModified\":\"2025-09-04T08:07:43+00:00\",\"mainEntityOfPage\":{\"@id\":\"https:\\\/\\\/www.fileasbl.be\\\/membres\\\/infrastructures-subvention-exceptionnelle-2025-pour-les-creches-et-les-saspe-en-difficulte\\\/\"},\"wordCount\":404,\"image\":{\"@id\":\"https:\\\/\\\/www.fileasbl.be\\\/membres\\\/infrastructures-subvention-exceptionnelle-2025-pour-les-creches-et-les-saspe-en-difficulte\\\/#primaryimage\"},\"thumbnailUrl\":\"https:\\\/\\\/www.fileasbl.be\\\/membres\\\/wp-content\\\/uploads\\\/2025\\\/08\\\/Banniere-infrastructure-1-1-e1756130784526.png\",\"articleSection\":[\"Infrastructure\",\"R\u00e9forme MILAC\",\"SASPE\"],\"inLanguage\":\"fr-FR\"},{\"@type\":\"WebPage\",\"@id\":\"https:\\\/\\\/www.fileasbl.be\\\/membres\\\/infrastructures-subvention-exceptionnelle-2025-pour-les-creches-et-les-saspe-en-difficulte\\\/\",\"url\":\"https:\\\/\\\/www.fileasbl.be\\\/membres\\\/infrastructures-subvention-exceptionnelle-2025-pour-les-creches-et-les-saspe-en-difficulte\\\/\",\"name\":\"Infrastructures - subvention exceptionnelle 2025 pour les cr\u00e8ches et les SASPE en difficult\u00e9\u00a0 - Site de la FILE\",\"isPartOf\":{\"@id\":\"https:\\\/\\\/www.fileasbl.be\\\/membres\\\/#website\"},\"primaryImageOfPage\":{\"@id\":\"https:\\\/\\\/www.fileasbl.be\\\/membres\\\/infrastructures-subvention-exceptionnelle-2025-pour-les-creches-et-les-saspe-en-difficulte\\\/#primaryimage\"},\"image\":{\"@id\":\"https:\\\/\\\/www.fileasbl.be\\\/membres\\\/infrastructures-subvention-exceptionnelle-2025-pour-les-creches-et-les-saspe-en-difficulte\\\/#primaryimage\"},\"thumbnailUrl\":\"https:\\\/\\\/www.fileasbl.be\\\/membres\\\/wp-content\\\/uploads\\\/2025\\\/08\\\/Banniere-infrastructure-1-1-e1756130784526.png\",\"datePublished\":\"2025-08-25T12:47:24+00:00\",\"dateModified\":\"2025-09-04T08:07:43+00:00\",\"author\":{\"@id\":\"https:\\\/\\\/www.fileasbl.be\\\/membres\\\/#\\\/schema\\\/person\\\/fecd3c5133474ddef35b01caf39aa079\"},\"breadcrumb\":{\"@id\":\"https:\\\/\\\/www.fileasbl.be\\\/membres\\\/infrastructures-subvention-exceptionnelle-2025-pour-les-creches-et-les-saspe-en-difficulte\\\/#breadcrumb\"},\"inLanguage\":\"fr-FR\",\"potentialAction\":[{\"@type\":\"ReadAction\",\"target\":[\"https:\\\/\\\/www.fileasbl.be\\\/membres\\\/infrastructures-subvention-exceptionnelle-2025-pour-les-creches-et-les-saspe-en-difficulte\\\/\"]}]},{\"@type\":\"ImageObject\",\"inLanguage\":\"fr-FR\",\"@id\":\"https:\\\/\\\/www.fileasbl.be\\\/membres\\\/infrastructures-subvention-exceptionnelle-2025-pour-les-creches-et-les-saspe-en-difficulte\\\/#primaryimage\",\"url\":\"https:\\\/\\\/www.fileasbl.be\\\/membres\\\/wp-content\\\/uploads\\\/2025\\\/08\\\/Banniere-infrastructure-1-1-e1756130784526.png\",\"contentUrl\":\"https:\\\/\\\/www.fileasbl.be\\\/membres\\\/wp-content\\\/uploads\\\/2025\\\/08\\\/Banniere-infrastructure-1-1-e1756130784526.png\",\"width\":383,\"height\":393},{\"@type\":\"BreadcrumbList\",\"@id\":\"https:\\\/\\\/www.fileasbl.be\\\/membres\\\/infrastructures-subvention-exceptionnelle-2025-pour-les-creches-et-les-saspe-en-difficulte\\\/#breadcrumb\",\"itemListElement\":[{\"@type\":\"ListItem\",\"position\":1,\"name\":\"Accueil\",\"item\":\"https:\\\/\\\/www.fileasbl.be\\\/membres\\\/\"},{\"@type\":\"ListItem\",\"position\":2,\"name\":\"Infrastructures &#8211; subvention exceptionnelle 2025 pour les cr\u00e8ches et les SASPE en difficult\u00e9\u00a0\"}]},{\"@type\":\"WebSite\",\"@id\":\"https:\\\/\\\/www.fileasbl.be\\\/membres\\\/#website\",\"url\":\"https:\\\/\\\/www.fileasbl.be\\\/membres\\\/\",\"name\":\"Site de la FILE\",\"description\":\"FILE Un accueil de qualit\u00e9 accessible \u00e0 tous\",\"potentialAction\":[{\"@type\":\"SearchAction\",\"target\":{\"@type\":\"EntryPoint\",\"urlTemplate\":\"https:\\\/\\\/www.fileasbl.be\\\/membres\\\/?s={search_term_string}\"},\"query-input\":{\"@type\":\"PropertyValueSpecification\",\"valueRequired\":true,\"valueName\":\"search_term_string\"}}],\"inLanguage\":\"fr-FR\"},{\"@type\":\"Person\",\"@id\":\"https:\\\/\\\/www.fileasbl.be\\\/membres\\\/#\\\/schema\\\/person\\\/fecd3c5133474ddef35b01caf39aa079\",\"name\":\"Isaline De Plaen\",\"url\":\"https:\\\/\\\/www.fileasbl.be\\\/membres\\\/author\\\/assistancejuridiquefileasbl-be\\\/\"}]}<\/script>\n<!-- \/ Yoast SEO plugin. -->","yoast_head_json":{"title":"Infrastructures - subvention exceptionnelle 2025 pour les cr\u00e8ches et les SASPE en difficult\u00e9\u00a0 - Site de la FILE","robots":{"index":"index","follow":"follow","max-snippet":"max-snippet:-1","max-image-preview":"max-image-preview:large","max-video-preview":"max-video-preview:-1"},"canonical":"https:\/\/www.fileasbl.be\/membres\/infrastructures-subvention-exceptionnelle-2025-pour-les-creches-et-les-saspe-en-difficulte\/","og_locale":"fr_FR","og_type":"article","og_title":"Infrastructures - subvention exceptionnelle 2025 pour les cr\u00e8ches et les SASPE en difficult\u00e9\u00a0 - Site de la FILE","og_description":"Contenu r\u00e9serv\u00e9 aux membres de la FILE En 2023, le syst\u00e8me de subsides \u00e0 l\u2019infrastructure pour les cr\u00e8ches et SASPE a \u00e9t\u00e9 enti\u00e8rement revu en R\u00e9gion wallonne.Dans la foul\u00e9e, les cr\u00e8ches et les SASPE avaient \u00e9t\u00e9 invit\u00e9s \u00e0 compl\u00e9ter un cadastre de leurs infrastructures pour permettre au nouveau gouvernement d\u2019\u00e9tablir une programmation pour les cinq [&hellip;]","og_url":"https:\/\/www.fileasbl.be\/membres\/infrastructures-subvention-exceptionnelle-2025-pour-les-creches-et-les-saspe-en-difficulte\/","og_site_name":"Site de la FILE","article_publisher":"https:\/\/www.facebook.com\/fileasbl\/","article_published_time":"2025-08-25T12:47:24+00:00","article_modified_time":"2025-09-04T08:07:43+00:00","og_image":[{"width":383,"height":393,"url":"https:\/\/www.fileasbl.be\/membres\/wp-content\/uploads\/2025\/08\/Banniere-infrastructure-1-1-e1756130784526.png","type":"image\/png"}],"author":"Isaline De Plaen","twitter_card":"summary_large_image","twitter_misc":{"\u00c9crit par":"Isaline De Plaen","Dur\u00e9e de lecture estim\u00e9e":"2 minutes"},"schema":{"@context":"https:\/\/schema.org","@graph":[{"@type":"Article","@id":"https:\/\/www.fileasbl.be\/membres\/infrastructures-subvention-exceptionnelle-2025-pour-les-creches-et-les-saspe-en-difficulte\/#article","isPartOf":{"@id":"https:\/\/www.fileasbl.be\/membres\/infrastructures-subvention-exceptionnelle-2025-pour-les-creches-et-les-saspe-en-difficulte\/"},"author":{"name":"Isaline De Plaen","@id":"https:\/\/www.fileasbl.be\/membres\/#\/schema\/person\/fecd3c5133474ddef35b01caf39aa079"},"headline":"Infrastructures &#8211; subvention exceptionnelle 2025 pour les cr\u00e8ches et les SASPE en difficult\u00e9\u00a0","datePublished":"2025-08-25T12:47:24+00:00","dateModified":"2025-09-04T08:07:43+00:00","mainEntityOfPage":{"@id":"https:\/\/www.fileasbl.be\/membres\/infrastructures-subvention-exceptionnelle-2025-pour-les-creches-et-les-saspe-en-difficulte\/"},"wordCount":404,"image":{"@id":"https:\/\/www.fileasbl.be\/membres\/infrastructures-subvention-exceptionnelle-2025-pour-les-creches-et-les-saspe-en-difficulte\/#primaryimage"},"thumbnailUrl":"https:\/\/www.fileasbl.be\/membres\/wp-content\/uploads\/2025\/08\/Banniere-infrastructure-1-1-e1756130784526.png","articleSection":["Infrastructure","R\u00e9forme MILAC","SASPE"],"inLanguage":"fr-FR"},{"@type":"WebPage","@id":"https:\/\/www.fileasbl.be\/membres\/infrastructures-subvention-exceptionnelle-2025-pour-les-creches-et-les-saspe-en-difficulte\/","url":"https:\/\/www.fileasbl.be\/membres\/infrastructures-subvention-exceptionnelle-2025-pour-les-creches-et-les-saspe-en-difficulte\/","name":"Infrastructures - subvention exceptionnelle 2025 pour les cr\u00e8ches et les SASPE en difficult\u00e9\u00a0 - Site de la FILE","isPartOf":{"@id":"https:\/\/www.fileasbl.be\/membres\/#website"},"primaryImageOfPage":{"@id":"https:\/\/www.fileasbl.be\/membres\/infrastructures-subvention-exceptionnelle-2025-pour-les-creches-et-les-saspe-en-difficulte\/#primaryimage"},"image":{"@id":"https:\/\/www.fileasbl.be\/membres\/infrastructures-subvention-exceptionnelle-2025-pour-les-creches-et-les-saspe-en-difficulte\/#primaryimage"},"thumbnailUrl":"https:\/\/www.fileasbl.be\/membres\/wp-content\/uploads\/2025\/08\/Banniere-infrastructure-1-1-e1756130784526.png","datePublished":"2025-08-25T12:47:24+00:00","dateModified":"2025-09-04T08:07:43+00:00","author":{"@id":"https:\/\/www.fileasbl.be\/membres\/#\/schema\/person\/fecd3c5133474ddef35b01caf39aa079"},"breadcrumb":{"@id":"https:\/\/www.fileasbl.be\/membres\/infrastructures-subvention-exceptionnelle-2025-pour-les-creches-et-les-saspe-en-difficulte\/#breadcrumb"},"inLanguage":"fr-FR","potentialAction":[{"@type":"ReadAction","target":["https:\/\/www.fileasbl.be\/membres\/infrastructures-subvention-exceptionnelle-2025-pour-les-creches-et-les-saspe-en-difficulte\/"]}]},{"@type":"ImageObject","inLanguage":"fr-FR","@id":"https:\/\/www.fileasbl.be\/membres\/infrastructures-subvention-exceptionnelle-2025-pour-les-creches-et-les-saspe-en-difficulte\/#primaryimage","url":"https:\/\/www.fileasbl.be\/membres\/wp-content\/uploads\/2025\/08\/Banniere-infrastructure-1-1-e1756130784526.png","contentUrl":"https:\/\/www.fileasbl.be\/membres\/wp-content\/uploads\/2025\/08\/Banniere-infrastructure-1-1-e1756130784526.png","width":383,"height":393},{"@type":"BreadcrumbList","@id":"https:\/\/www.fileasbl.be\/membres\/infrastructures-subvention-exceptionnelle-2025-pour-les-creches-et-les-saspe-en-difficulte\/#breadcrumb","itemListElement":[{"@type":"ListItem","position":1,"name":"Accueil","item":"https:\/\/www.fileasbl.be\/membres\/"},{"@type":"ListItem","position":2,"name":"Infrastructures &#8211; subvention exceptionnelle 2025 pour les cr\u00e8ches et les SASPE en difficult\u00e9\u00a0"}]},{"@type":"WebSite","@id":"https:\/\/www.fileasbl.be\/membres\/#website","url":"https:\/\/www.fileasbl.be\/membres\/","name":"Site de la FILE","description":"FILE Un accueil de qualit\u00e9 accessible \u00e0 tous","potentialAction":[{"@type":"SearchAction","target":{"@type":"EntryPoint","urlTemplate":"https:\/\/www.fileasbl.be\/membres\/?s={search_term_string}"},"query-input":{"@type":"PropertyValueSpecification","valueRequired":true,"valueName":"search_term_string"}}],"inLanguage":"fr-FR"},{"@type":"Person","@id":"https:\/\/www.fileasbl.be\/membres\/#\/schema\/person\/fecd3c5133474ddef35b01caf39aa079","name":"Isaline De Plaen","url":"https:\/\/www.fileasbl.be\/membres\/author\/assistancejuridiquefileasbl-be\/"}]}},"builder_content":"<img loading=\"lazy\" decoding=\"async\" width=\"1584\" height=\"396\" src=\"https:\/\/www.fileasbl.be\/membres\/wp-content\/uploads\/2025\/08\/Banniere-infrastructure-1.png\" title=\"Banni\u00e8re infrastructure (1)\" alt=\"Banni\u00e8re infrastructure (1)\" srcset=\"https:\/\/www.fileasbl.be\/membres\/wp-content\/uploads\/2025\/08\/Banniere-infrastructure-1.png 1584w, https:\/\/www.fileasbl.be\/membres\/wp-content\/uploads\/2025\/08\/Banniere-infrastructure-1-300x75.png 300w, https:\/\/www.fileasbl.be\/membres\/wp-content\/uploads\/2025\/08\/Banniere-infrastructure-1-1024x256.png 1024w, https:\/\/www.fileasbl.be\/membres\/wp-content\/uploads\/2025\/08\/Banniere-infrastructure-1-768x192.png 768w, https:\/\/www.fileasbl.be\/membres\/wp-content\/uploads\/2025\/08\/Banniere-infrastructure-1-1536x384.png 1536w, https:\/\/www.fileasbl.be\/membres\/wp-content\/uploads\/2025\/08\/Banniere-infrastructure-1-400x100.png 400w\" sizes=\"auto, (max-width: 1584px) 100vw, 1584px\" \/>\n<h3>Contenu r\u00e9serv\u00e9 aux membres de la FILE<\/h3>\n<p>En 2023, le syst\u00e8me de subsides \u00e0 l\u2019infrastructure pour les cr\u00e8ches et SASPE a \u00e9t\u00e9 enti\u00e8rement revu en R\u00e9gion wallonne.<br>Dans la foul\u00e9e, les cr\u00e8ches et les SASPE avaient \u00e9t\u00e9 invit\u00e9s \u00e0 compl\u00e9ter un cadastre de leurs infrastructures pour permettre au nouveau gouvernement d\u2019\u00e9tablir une programmation pour les cinq prochaines ann\u00e9es.<\/p> <p>Faute de parvenir \u00e0 \u00e9laborer un cadastre complet et avec le changement de l\u00e9gislature, il n\u2019y a pas encore de programmation.<\/p> <p>Pour rem\u00e9dier \u00e0 cette situation, la R\u00e9gion wallonne a pris les dispositions suivantes\u00a0:<\/p> <p><strong>1. Etablissement d\u2019un nouveau cadastre des infrastructures <\/strong>:<br>Vous serez prochainement invit\u00e9.e.s \u00e0 compl\u00e9ter un nouveau cadastre de vos infrastructures\u00a0; sans doute via pro.one. Cela n\u2019a pas encore \u00e9t\u00e9 confirm\u00e9 officiellement mais le d\u00e9lai pour compl\u00e9ter le cadastre serait de 3 mois et d\u00e9terminera la possibilit\u00e9 d\u2019introduire une demande de subside.<br><strong>En bref\u00a0<\/strong>:\u00a0<strong>pas de cadastre compl\u00e9t\u00e9 = pas de droit au subside<\/strong><br>Restez donc attentif.ve.s \u2013 Nous vous tenons au courant\u00a0!\u00a0<\/p> <p><strong style=\"color: #de4a33;\">2. Subvention exceptionnelle 2025 - Rappel et erratum :<\/strong><br>En juin, vous avez re\u00e7u une communication annon\u00e7ant un soutien financier exceptionnel de la R\u00e9gion wallonne en 2025\u00a0<a style=\"text-size-adjust: 100%; color: #007c89; text-decoration-line: underline; font-family: Helvetica;\" href=\"https:\/\/fileasbl.us19.list-manage.com\/track\/click?u=6ee8fd8d279afe53981b72411&amp;id=93c6617282&amp;e=69624887f8\" target=\"_blank\" rel=\"noopener\">pour des investissements immobiliers<\/a>.<\/p> <p>Cette communication concerne les\u00a0<strong>cr\u00e8ches, les SASPE et les SAE\u00a0<\/strong>(pour les projets de co-accueils visant la transformation en cr\u00e8che) situ\u00e9s\u00a0<strong>en R\u00e9gion wallonne qui se retrouveraient en difficult\u00e9<\/strong>.<\/p> <p>La priorit\u00e9 dans la d\u00e9cision d\u2019octroi de la subvention sera donn\u00e9e au\u00a0<strong>risque av\u00e9r\u00e9 de fermeture<\/strong>, mais nous ne savons pas comment sera \u00e9valu\u00e9 ce risque de fermeture.<\/p> <p>Si vous souhaitez introduire une demande, un formulaire type doit \u00eatre compl\u00e9t\u00e9 et envoy\u00e9 avec les annexes requises\u00a0<strong><u>pour le 31 ao\u00fbt 2025 \u00e0 minuit<\/u><\/strong>\u00a0au plus tard.<\/p> <p>Si vous rencontrez des risques de fermeture en raison de vos infrastructures, nous vous invitons \u00e0 prendre contact avec nous et \u00e0 compl\u00e9ter votre dossier de demande de subvention au plus vite. Soyez attentif.ve.s au fait que votre demande devra \u00eatre notamment\u00a0<strong>accompagn\u00e9e d\u2019un devis chiffr\u00e9<\/strong>. \u00a0<\/p> <p><strong>!! Erratum : Attention une erreur s\u2019est gliss\u00e9e dans la communication initiale de la R\u00e9gion wallonne :<\/strong><br><em>L\u2019adresse mail correcte pour l\u2019envoi des formulaires de demandes est :<\/em><br><a href=\"mailto:creches.subventions2025@spw.wallonie.be\"><strong><em>creches.subventions2025@spw.wallonie.be<\/em><\/strong><\/a><\/p>\n<h3>Ressources:<\/h3> <p>juridique@fileasbl.be<\/p>","_links":{"self":[{"href":"https:\/\/www.fileasbl.be\/membres\/wp-json\/wp\/v2\/posts\/33712","targetHints":{"allow":["GET"]}}],"collection":[{"href":"https:\/\/www.fileasbl.be\/membres\/wp-json\/wp\/v2\/posts"}],"about":[{"href":"https:\/\/www.fileasbl.be\/membres\/wp-json\/wp\/v2\/types\/post"}],"author":[{"embeddable":true,"href":"https:\/\/www.fileasbl.be\/membres\/wp-json\/wp\/v2\/users\/154"}],"replies":[{"embeddable":true,"href":"https:\/\/www.fileasbl.be\/membres\/wp-json\/wp\/v2\/comments?post=33712"}],"version-history":[{"count":0,"href":"https:\/\/www.fileasbl.be\/membres\/wp-json\/wp\/v2\/posts\/33712\/revisions"}],"wp:featuredmedia":[{"embeddable":true,"href":"https:\/\/www.fileasbl.be\/membres\/wp-json\/wp\/v2\/media\/33762"}],"wp:attachment":[{"href":"https:\/\/www.fileasbl.be\/membres\/wp-json\/wp\/v2\/media?parent=33712"}],"wp:term":[{"taxonomy":"category","embeddable":true,"href":"https:\/\/www.fileasbl.be\/membres\/wp-json\/wp\/v2\/categories?post=33712"},{"taxonomy":"post_tag","embeddable":true,"href":"https:\/\/www.fileasbl.be\/membres\/wp-json\/wp\/v2\/tags?post=33712"}],"curies":[{"name":"wp","href":"https:\/\/api.w.org\/{rel}","templated":true}]}}