{"id":33766,"date":"2025-08-26T09:46:49","date_gmt":"2025-08-26T08:46:49","guid":{"rendered":"https:\/\/www.fileasbl.be\/membres\/?p=33766"},"modified":"2025-09-01T15:53:02","modified_gmt":"2025-09-01T14:53:02","slug":"accueil-0-3-ans-suivi-des-fermetures-canicule-et-procedure-de-gestion-de-crise","status":"publish","type":"post","link":"https:\/\/www.fileasbl.be\/membres\/accueil-0-3-ans-suivi-des-fermetures-canicule-et-procedure-de-gestion-de-crise\/","title":{"rendered":"Accueil 0-3 ans &#8211; Suivi des fermetures canicule et proc\u00e9dure de gestion de crise"},"content":{"rendered":"<!--themify_builder_content-->\n<div id=\"themify_builder_content-33766\" data-postid=\"33766\" class=\"themify_builder_content themify_builder_content-33766 themify_builder tf_clear\">\n    \t<!-- module_row -->\n\t<div  data-lazy=\"1\" class=\"module_row themify_builder_row tb_vku7586 tb_first tf_clearfix\">\n\t    \t\t<div class=\"row_inner col_align_top col-count-1 tf_box tf_w tf_rel\">\n\t\t\t<div  data-lazy=\"1\" class=\"module_column tb-column col-full first tb_98d3587 tf_box\">\n\t\t\t    \t        <div class=\"tb-column-inner tf_box tf_w\">\n\t\t    \t<div  data-lazy=\"1\" class=\"module_subrow themify_builder_sub_row tb_txoa577 tf_w tf_clearfix\">\n\t    \t\t<div class=\"subrow_inner col_align_top col-count-2 tf_box tf_w\">\n\t\t\t<div  data-lazy=\"1\" class=\"sub_column module_column tf_box col2-1 first tb_a93r579\"> \n\t    \t    \t        <div class=\"tb-column-inner tf_box tf_w\">\n\t\t    <!-- module text -->\n<div  class=\"module module-text tb_x11u206   \" data-lazy=\"1\">\n        <div  class=\"tb_text_wrap\">\n    <h3>Contenu r\u00e9serv\u00e9 aux membres de la FILE<\/h3>    <\/div>\n<\/div>\n<!-- \/module text -->\t        <\/div>\n\t    \t<\/div>\n\t\t<div  data-lazy=\"1\" class=\"sub_column module_column tf_box col2-1 last tb_nedz580\"> \n\t    \t    \t        <div class=\"tb-column-inner tf_box tf_w\">\n\t\t    <!-- module login -->\n<div  class=\"module module-login tb_g1dj486 \" data-lazy=\"1\">\n\t<div classss=\"tb_login_wrap \">\n\t\n\t\t\t\n\t\t<form class=\"tb_login_form tf_clearfix tf_box tf_clear\" name=\"loginform\" action=\"https:\/\/www.fileasbl.be\/membres\/wp-login.php\" method=\"post\">\n\t\t\t<p class=\"tb_login_username\">\n\t\t\t\t<label>\n\t\t\t\t\t<span class=\"tb_login_username_text\">Username or Email<\/span>\n\t\t\t\t\t<input type=\"text\" name=\"log\" required=\"required\">\n\t\t\t\t<\/label>\n\t\t\t<\/p>\n\t\t\t<p class=\"tb_login_password\">\n\t\t\t\t<label>\n\t\t\t\t\t<span class=\"tb_login_password_text\">Password<\/span>\n\t\t\t\t\t<input type=\"password\" name=\"pwd\" required=\"required\">\n\t\t\t\t<\/label>\n\t\t\t<\/p>\n\t\t\t<div class=\"tb_login_links tf_box tf_clear\">\n\t\t\t\t<a href=\"https:\/\/www.fileasbl.be\/membres\/wp-login.php?action=lostpassword\">Forgotten Password?<\/a>\n\t\t\t<\/div>\n\n\t\t\t\n\t\t\t\t\t\t<p class=\"tb_login_remember tf_left tf_box\">\n\t\t\t\t<label>\n\t\t\t\t\t<input name=\"rememberme\" type=\"checkbox\" value=\"forever\"> \n\t\t\t\t\t<span class=\"tb_login_remember_text\">Remember Me<\/span>\n\t\t\t\t<\/label>\n\t\t\t<\/p>\n\t\t\t\t\t\t<p class=\"tb_login_submit tf_right\">\n\t\t\t\t<button name=\"wp-submit\">Log In<\/button>\n\t\t\t\t<input type=\"hidden\" name=\"redirect_to\" value=\"\/membres\/wp-json\/wp\/v2\/posts\/33766?login_success=1\">\n\t\t\t\t<input type=\"hidden\" name=\"tb_login\" value=\"1\">\n\n\t\t\t\t\t\t\t<\/p>\n\n\t\t<\/form>\n\n\t\t<form class=\"tb_lostpassword_form tf_clearfix tf_box tf_clear\" name=\"lostpasswordform\" action=\"https:\/\/www.fileasbl.be\/membres\/wp-login.php?action=lostpassword\" method=\"post\" style=\"display:none\">\n\t\t\t<p class=\"tb_lostpassword_username\">\n\t\t\t\t<label>\n\t\t\t\t\t<span class=\"tb_lostpassword_username_text\">Username or Email<\/span>\n\t\t\t\t\t<input type=\"text\" name=\"user_login\" required=\"required\">\n\t\t\t\t<\/label>\n\t\t\t<\/p>\n\n\t\t\t\n\t\t\t\t\t\t<p class=\"tb_lostpassword_submit tf_right\">\n\t\t\t\t<button>Reset Password<\/button>\n\t\t\t<\/p>\n\n\t\t\t<div class=\"tb_login_links tf_left tf_box\">\n\t\t\t\t<a href=\"https:\/\/www.fileasbl.be\/membres\/wp-login.php\">Log In<\/a>\n\t\t\t<\/div>\n\t\t<\/form>\n\n\t    <\/div>\n<\/div><!-- \/module login -->\t        <\/div>\n\t    \t<\/div>\n\t\t    <\/div>\n\t<\/div><!-- \/themify_builder_sub_row -->\n\t\t        <\/div>\n\t    \t<\/div>\n\t\t    <\/div>\n\t    <!-- \/row_inner -->\n\t<\/div>\n\t<!-- \/module_row -->\n\t\t<!-- module_row -->\n\t<div  data-lazy=\"1\" class=\"module_row themify_builder_row tb_xa0r708 tf_clearfix\">\n\t    \t\t<div class=\"row_inner col_align_top col-count-1 tf_box tf_w tf_rel\">\n\t\t\t<div  data-lazy=\"1\" class=\"module_column tb-column col-full first tb_7vi8709 tf_box\">\n\t\t\t    \t        <div class=\"tb-column-inner tf_box tf_w\">\n\t\t    <!-- module text -->\n<div  class=\"module module-text tb_wyeb59   \" data-lazy=\"1\">\n        <div  class=\"tb_text_wrap\">\n    <p>La Belgique a r\u00e9cemment connu un \u00e9pisode important de canicule. Les fortes chaleurs ont contraint plusieurs milieux d\u2019accueil \u00e0 fermer.<br><br>Lorsque les temp\u00e9ratures atteignent des niveaux records, c\u2019est la sant\u00e9 et la s\u00e9curit\u00e9 des enfants accueillis qui entre en jeu. Nous parlons alors d\u2019une situation de crise.<br><br>La r\u00e8glementation Milac pr\u00e9voit l\u2019obligation pour les milieux d\u2019accueil d\u2019instaurer une\u00a0<strong>proc\u00e9dure de gestion de crise<\/strong>\u00a0et de\u00a0<strong>former son personnel<\/strong>\u00a0\u00e0 la mise en \u0153uvre de cette proc\u00e9dure. Le terme crise n\u2019est pas d\u00e9fini mais il englobe par exemple\u00a0:<\/p>\n<ul>\n<li>Accident avec un enfant ou un membre du personnel,<\/li>\n<li>Gestion des \u00e9pid\u00e9mie (varicelle, rougeole mais \u00e9galement risque de m\u00e9ningite, covid,\u2026),<\/li>\n<li>Incendie, inondation,<\/li>\n<li>Risque nucl\u00e9aire, pollution de l\u2019air,<\/li>\n<li>Canicule,<\/li>\n<li>Intoxication alimentaire,<\/li>\n<li>\u2026<\/li>\n<\/ul>\n<p>Pour chaque hypoth\u00e8se de crise, une proc\u00e9dure doit \u00eatre mise en place par le pouvoir organisateur.<br><br>En ce qui concerne les \u00e9pisodes de canicule, les informations et documentations suivantes pourront vous \u00eatre utiles\u00a0:<\/p>\n<ul>\n<li><a href=\"https:\/\/www.one.be\/fileadmin\/user_upload\/siteone\/PRO\/Milieux_accueil\/Flash_accueil\/FA39-Sante-Environnement-Canicule.pdf\" target=\"_blank\" rel=\"noopener\">\u00ab\u00a0Canicule\u00a0: mettre en place un accueil propice au bien-\u00eatre des enfants\u00a0\u00bb<\/a>\u00a0Flash Accueil n\u00b039 \u2013 ann\u00e9e 2020<\/li>\n<li><a href=\"https:\/\/www.one.be\/public\/detailarticle\/news\/canicule-mettre-en-place-un-accueil-propice-au-bien-etre-des-enfants\/#:~:text=Rafra%C3%AEchir%20les%20zones%20sensibles%20avec,%C3%A9tat%20ne%20s'am%C3%A9liore%20pas.\" target=\"_blank\" rel=\"noopener\">\u00ab\u00a0Canicule\u00a0: les bons gestes \u00e0 adopter\u00a0\u00bb<\/a>\u00a0article en ligne ONE<\/li>\n<\/ul>    <\/div>\n<\/div>\n<!-- \/module text -->\t        <\/div>\n\t    \t<\/div>\n\t\t    <\/div>\n\t    <!-- \/row_inner -->\n\t<\/div>\n\t<!-- \/module_row -->\n\t<\/div>\n<!--\/themify_builder_content-->","protected":false},"excerpt":{"rendered":"<p>Contenu r\u00e9serv\u00e9 aux membres de la FILE La Belgique a r\u00e9cemment connu un \u00e9pisode important de canicule. Les fortes chaleurs ont contraint plusieurs milieux d\u2019accueil \u00e0 fermer. Lorsque les temp\u00e9ratures atteignent des niveaux records, c\u2019est la sant\u00e9 et la s\u00e9curit\u00e9 des enfants accueillis qui entre en jeu. Nous parlons alors d\u2019une situation de crise. La [&hellip;]<\/p>\n","protected":false},"author":154,"featured_media":0,"comment_status":"closed","ping_status":"closed","sticky":false,"template":"","format":"standard","meta":{"footnotes":""},"categories":[235,304,1,302,336],"tags":[],"class_list":["post-33766","post","type-post","status-publish","format-standard","hentry","category-bien-etre-au-travail","category-bien-etre-enfant","category-non-classe","category-reforme-milac","category-sante","has-post-title","has-post-date","has-post-category","has-post-tag","has-post-comment","has-post-author",""],"yoast_head":"<!-- This site is optimized with the Yoast SEO plugin v27.4 - https:\/\/yoast.com\/product\/yoast-seo-wordpress\/ -->\n<title>Accueil 0-3 ans - Suivi des fermetures canicule et proc\u00e9dure de gestion de crise - Site de la FILE<\/title>\n<meta name=\"robots\" content=\"index, follow, max-snippet:-1, max-image-preview:large, max-video-preview:-1\" \/>\n<link rel=\"canonical\" href=\"https:\/\/www.fileasbl.be\/membres\/accueil-0-3-ans-suivi-des-fermetures-canicule-et-procedure-de-gestion-de-crise\/\" \/>\n<meta property=\"og:locale\" content=\"fr_FR\" \/>\n<meta property=\"og:type\" content=\"article\" \/>\n<meta property=\"og:title\" content=\"Accueil 0-3 ans - Suivi des fermetures canicule et proc\u00e9dure de gestion de crise - Site de la FILE\" \/>\n<meta property=\"og:description\" content=\"Contenu r\u00e9serv\u00e9 aux membres de la FILE La Belgique a r\u00e9cemment connu un \u00e9pisode important de canicule. Les fortes chaleurs ont contraint plusieurs milieux d\u2019accueil \u00e0 fermer. Lorsque les temp\u00e9ratures atteignent des niveaux records, c\u2019est la sant\u00e9 et la s\u00e9curit\u00e9 des enfants accueillis qui entre en jeu. Nous parlons alors d\u2019une situation de crise. La [&hellip;]\" \/>\n<meta property=\"og:url\" content=\"https:\/\/www.fileasbl.be\/membres\/accueil-0-3-ans-suivi-des-fermetures-canicule-et-procedure-de-gestion-de-crise\/\" \/>\n<meta property=\"og:site_name\" content=\"Site de la FILE\" \/>\n<meta property=\"article:publisher\" content=\"https:\/\/www.facebook.com\/fileasbl\/\" \/>\n<meta property=\"article:published_time\" content=\"2025-08-26T08:46:49+00:00\" \/>\n<meta property=\"article:modified_time\" content=\"2025-09-01T14:53:02+00:00\" \/>\n<meta name=\"author\" content=\"Isaline De Plaen\" \/>\n<meta name=\"twitter:card\" content=\"summary_large_image\" \/>\n<meta name=\"twitter:label1\" content=\"\u00c9crit par\" \/>\n\t<meta name=\"twitter:data1\" content=\"Isaline De Plaen\" \/>\n\t<meta name=\"twitter:label2\" content=\"Dur\u00e9e de lecture estim\u00e9e\" \/>\n\t<meta name=\"twitter:data2\" content=\"1 minute\" \/>\n<script type=\"application\/ld+json\" class=\"yoast-schema-graph\">{\"@context\":\"https:\\\/\\\/schema.org\",\"@graph\":[{\"@type\":\"Article\",\"@id\":\"https:\\\/\\\/www.fileasbl.be\\\/membres\\\/accueil-0-3-ans-suivi-des-fermetures-canicule-et-procedure-de-gestion-de-crise\\\/#article\",\"isPartOf\":{\"@id\":\"https:\\\/\\\/www.fileasbl.be\\\/membres\\\/accueil-0-3-ans-suivi-des-fermetures-canicule-et-procedure-de-gestion-de-crise\\\/\"},\"author\":{\"name\":\"Isaline De Plaen\",\"@id\":\"https:\\\/\\\/www.fileasbl.be\\\/membres\\\/#\\\/schema\\\/person\\\/fecd3c5133474ddef35b01caf39aa079\"},\"headline\":\"Accueil 0-3 ans &#8211; Suivi des fermetures canicule et proc\u00e9dure de gestion de crise\",\"datePublished\":\"2025-08-26T08:46:49+00:00\",\"dateModified\":\"2025-09-01T14:53:02+00:00\",\"mainEntityOfPage\":{\"@id\":\"https:\\\/\\\/www.fileasbl.be\\\/membres\\\/accueil-0-3-ans-suivi-des-fermetures-canicule-et-procedure-de-gestion-de-crise\\\/\"},\"wordCount\":218,\"articleSection\":{\"0\":\"Bien \u00eatre au travail\",\"1\":\"Bien \u00eatre enfant\",\"3\":\"R\u00e9forme MILAC\",\"4\":\"Sant\u00e9\"},\"inLanguage\":\"fr-FR\"},{\"@type\":\"WebPage\",\"@id\":\"https:\\\/\\\/www.fileasbl.be\\\/membres\\\/accueil-0-3-ans-suivi-des-fermetures-canicule-et-procedure-de-gestion-de-crise\\\/\",\"url\":\"https:\\\/\\\/www.fileasbl.be\\\/membres\\\/accueil-0-3-ans-suivi-des-fermetures-canicule-et-procedure-de-gestion-de-crise\\\/\",\"name\":\"Accueil 0-3 ans - Suivi des fermetures canicule et proc\u00e9dure de gestion de crise - Site de la FILE\",\"isPartOf\":{\"@id\":\"https:\\\/\\\/www.fileasbl.be\\\/membres\\\/#website\"},\"datePublished\":\"2025-08-26T08:46:49+00:00\",\"dateModified\":\"2025-09-01T14:53:02+00:00\",\"author\":{\"@id\":\"https:\\\/\\\/www.fileasbl.be\\\/membres\\\/#\\\/schema\\\/person\\\/fecd3c5133474ddef35b01caf39aa079\"},\"breadcrumb\":{\"@id\":\"https:\\\/\\\/www.fileasbl.be\\\/membres\\\/accueil-0-3-ans-suivi-des-fermetures-canicule-et-procedure-de-gestion-de-crise\\\/#breadcrumb\"},\"inLanguage\":\"fr-FR\",\"potentialAction\":[{\"@type\":\"ReadAction\",\"target\":[\"https:\\\/\\\/www.fileasbl.be\\\/membres\\\/accueil-0-3-ans-suivi-des-fermetures-canicule-et-procedure-de-gestion-de-crise\\\/\"]}]},{\"@type\":\"BreadcrumbList\",\"@id\":\"https:\\\/\\\/www.fileasbl.be\\\/membres\\\/accueil-0-3-ans-suivi-des-fermetures-canicule-et-procedure-de-gestion-de-crise\\\/#breadcrumb\",\"itemListElement\":[{\"@type\":\"ListItem\",\"position\":1,\"name\":\"Accueil\",\"item\":\"https:\\\/\\\/www.fileasbl.be\\\/membres\\\/\"},{\"@type\":\"ListItem\",\"position\":2,\"name\":\"Accueil 0-3 ans &#8211; Suivi des fermetures canicule et proc\u00e9dure de gestion de crise\"}]},{\"@type\":\"WebSite\",\"@id\":\"https:\\\/\\\/www.fileasbl.be\\\/membres\\\/#website\",\"url\":\"https:\\\/\\\/www.fileasbl.be\\\/membres\\\/\",\"name\":\"Site de la FILE\",\"description\":\"FILE Un accueil de qualit\u00e9 accessible \u00e0 tous\",\"potentialAction\":[{\"@type\":\"SearchAction\",\"target\":{\"@type\":\"EntryPoint\",\"urlTemplate\":\"https:\\\/\\\/www.fileasbl.be\\\/membres\\\/?s={search_term_string}\"},\"query-input\":{\"@type\":\"PropertyValueSpecification\",\"valueRequired\":true,\"valueName\":\"search_term_string\"}}],\"inLanguage\":\"fr-FR\"},{\"@type\":\"Person\",\"@id\":\"https:\\\/\\\/www.fileasbl.be\\\/membres\\\/#\\\/schema\\\/person\\\/fecd3c5133474ddef35b01caf39aa079\",\"name\":\"Isaline De Plaen\",\"url\":\"https:\\\/\\\/www.fileasbl.be\\\/membres\\\/author\\\/assistancejuridiquefileasbl-be\\\/\"}]}<\/script>\n<!-- \/ Yoast SEO plugin. -->","yoast_head_json":{"title":"Accueil 0-3 ans - Suivi des fermetures canicule et proc\u00e9dure de gestion de crise - Site de la FILE","robots":{"index":"index","follow":"follow","max-snippet":"max-snippet:-1","max-image-preview":"max-image-preview:large","max-video-preview":"max-video-preview:-1"},"canonical":"https:\/\/www.fileasbl.be\/membres\/accueil-0-3-ans-suivi-des-fermetures-canicule-et-procedure-de-gestion-de-crise\/","og_locale":"fr_FR","og_type":"article","og_title":"Accueil 0-3 ans - Suivi des fermetures canicule et proc\u00e9dure de gestion de crise - Site de la FILE","og_description":"Contenu r\u00e9serv\u00e9 aux membres de la FILE La Belgique a r\u00e9cemment connu un \u00e9pisode important de canicule. Les fortes chaleurs ont contraint plusieurs milieux d\u2019accueil \u00e0 fermer. Lorsque les temp\u00e9ratures atteignent des niveaux records, c\u2019est la sant\u00e9 et la s\u00e9curit\u00e9 des enfants accueillis qui entre en jeu. Nous parlons alors d\u2019une situation de crise. La [&hellip;]","og_url":"https:\/\/www.fileasbl.be\/membres\/accueil-0-3-ans-suivi-des-fermetures-canicule-et-procedure-de-gestion-de-crise\/","og_site_name":"Site de la FILE","article_publisher":"https:\/\/www.facebook.com\/fileasbl\/","article_published_time":"2025-08-26T08:46:49+00:00","article_modified_time":"2025-09-01T14:53:02+00:00","author":"Isaline De Plaen","twitter_card":"summary_large_image","twitter_misc":{"\u00c9crit par":"Isaline De Plaen","Dur\u00e9e de lecture estim\u00e9e":"1 minute"},"schema":{"@context":"https:\/\/schema.org","@graph":[{"@type":"Article","@id":"https:\/\/www.fileasbl.be\/membres\/accueil-0-3-ans-suivi-des-fermetures-canicule-et-procedure-de-gestion-de-crise\/#article","isPartOf":{"@id":"https:\/\/www.fileasbl.be\/membres\/accueil-0-3-ans-suivi-des-fermetures-canicule-et-procedure-de-gestion-de-crise\/"},"author":{"name":"Isaline De Plaen","@id":"https:\/\/www.fileasbl.be\/membres\/#\/schema\/person\/fecd3c5133474ddef35b01caf39aa079"},"headline":"Accueil 0-3 ans &#8211; Suivi des fermetures canicule et proc\u00e9dure de gestion de crise","datePublished":"2025-08-26T08:46:49+00:00","dateModified":"2025-09-01T14:53:02+00:00","mainEntityOfPage":{"@id":"https:\/\/www.fileasbl.be\/membres\/accueil-0-3-ans-suivi-des-fermetures-canicule-et-procedure-de-gestion-de-crise\/"},"wordCount":218,"articleSection":{"0":"Bien \u00eatre au travail","1":"Bien \u00eatre enfant","3":"R\u00e9forme MILAC","4":"Sant\u00e9"},"inLanguage":"fr-FR"},{"@type":"WebPage","@id":"https:\/\/www.fileasbl.be\/membres\/accueil-0-3-ans-suivi-des-fermetures-canicule-et-procedure-de-gestion-de-crise\/","url":"https:\/\/www.fileasbl.be\/membres\/accueil-0-3-ans-suivi-des-fermetures-canicule-et-procedure-de-gestion-de-crise\/","name":"Accueil 0-3 ans - Suivi des fermetures canicule et proc\u00e9dure de gestion de crise - Site de la FILE","isPartOf":{"@id":"https:\/\/www.fileasbl.be\/membres\/#website"},"datePublished":"2025-08-26T08:46:49+00:00","dateModified":"2025-09-01T14:53:02+00:00","author":{"@id":"https:\/\/www.fileasbl.be\/membres\/#\/schema\/person\/fecd3c5133474ddef35b01caf39aa079"},"breadcrumb":{"@id":"https:\/\/www.fileasbl.be\/membres\/accueil-0-3-ans-suivi-des-fermetures-canicule-et-procedure-de-gestion-de-crise\/#breadcrumb"},"inLanguage":"fr-FR","potentialAction":[{"@type":"ReadAction","target":["https:\/\/www.fileasbl.be\/membres\/accueil-0-3-ans-suivi-des-fermetures-canicule-et-procedure-de-gestion-de-crise\/"]}]},{"@type":"BreadcrumbList","@id":"https:\/\/www.fileasbl.be\/membres\/accueil-0-3-ans-suivi-des-fermetures-canicule-et-procedure-de-gestion-de-crise\/#breadcrumb","itemListElement":[{"@type":"ListItem","position":1,"name":"Accueil","item":"https:\/\/www.fileasbl.be\/membres\/"},{"@type":"ListItem","position":2,"name":"Accueil 0-3 ans &#8211; Suivi des fermetures canicule et proc\u00e9dure de gestion de crise"}]},{"@type":"WebSite","@id":"https:\/\/www.fileasbl.be\/membres\/#website","url":"https:\/\/www.fileasbl.be\/membres\/","name":"Site de la FILE","description":"FILE Un accueil de qualit\u00e9 accessible \u00e0 tous","potentialAction":[{"@type":"SearchAction","target":{"@type":"EntryPoint","urlTemplate":"https:\/\/www.fileasbl.be\/membres\/?s={search_term_string}"},"query-input":{"@type":"PropertyValueSpecification","valueRequired":true,"valueName":"search_term_string"}}],"inLanguage":"fr-FR"},{"@type":"Person","@id":"https:\/\/www.fileasbl.be\/membres\/#\/schema\/person\/fecd3c5133474ddef35b01caf39aa079","name":"Isaline De Plaen","url":"https:\/\/www.fileasbl.be\/membres\/author\/assistancejuridiquefileasbl-be\/"}]}},"builder_content":"<h3>Contenu r\u00e9serv\u00e9 aux membres de la FILE<\/h3>\n<p>La Belgique a r\u00e9cemment connu un \u00e9pisode important de canicule. Les fortes chaleurs ont contraint plusieurs milieux d\u2019accueil \u00e0 fermer.<br><br>Lorsque les temp\u00e9ratures atteignent des niveaux records, c\u2019est la sant\u00e9 et la s\u00e9curit\u00e9 des enfants accueillis qui entre en jeu. Nous parlons alors d\u2019une situation de crise.<br><br>La r\u00e8glementation Milac pr\u00e9voit l\u2019obligation pour les milieux d\u2019accueil d\u2019instaurer une\u00a0<strong>proc\u00e9dure de gestion de crise<\/strong>\u00a0et de\u00a0<strong>former son personnel<\/strong>\u00a0\u00e0 la mise en \u0153uvre de cette proc\u00e9dure. Le terme crise n\u2019est pas d\u00e9fini mais il englobe par exemple\u00a0:<\/p> <ul> <li>Accident avec un enfant ou un membre du personnel,<\/li> <li>Gestion des \u00e9pid\u00e9mie (varicelle, rougeole mais \u00e9galement risque de m\u00e9ningite, covid,\u2026),<\/li> <li>Incendie, inondation,<\/li> <li>Risque nucl\u00e9aire, pollution de l\u2019air,<\/li> <li>Canicule,<\/li> <li>Intoxication alimentaire,<\/li> <li>\u2026<\/li> <\/ul> <p>Pour chaque hypoth\u00e8se de crise, une proc\u00e9dure doit \u00eatre mise en place par le pouvoir organisateur.<br><br>En ce qui concerne les \u00e9pisodes de canicule, les informations et documentations suivantes pourront vous \u00eatre utiles\u00a0:<\/p> <ul> <li><a href=\"https:\/\/www.one.be\/fileadmin\/user_upload\/siteone\/PRO\/Milieux_accueil\/Flash_accueil\/FA39-Sante-Environnement-Canicule.pdf\" target=\"_blank\" rel=\"noopener\">\u00ab\u00a0Canicule\u00a0: mettre en place un accueil propice au bien-\u00eatre des enfants\u00a0\u00bb<\/a>\u00a0Flash Accueil n\u00b039 \u2013 ann\u00e9e 2020<\/li> <li><a href=\"https:\/\/www.one.be\/public\/detailarticle\/news\/canicule-mettre-en-place-un-accueil-propice-au-bien-etre-des-enfants\/#:~:text=Rafra%C3%AEchir%20les%20zones%20sensibles%20avec,%C3%A9tat%20ne%20s'am%C3%A9liore%20pas.\" target=\"_blank\" rel=\"noopener\">\u00ab\u00a0Canicule\u00a0: les bons gestes \u00e0 adopter\u00a0\u00bb<\/a>\u00a0article en ligne ONE<\/li> <\/ul>","_links":{"self":[{"href":"https:\/\/www.fileasbl.be\/membres\/wp-json\/wp\/v2\/posts\/33766","targetHints":{"allow":["GET"]}}],"collection":[{"href":"https:\/\/www.fileasbl.be\/membres\/wp-json\/wp\/v2\/posts"}],"about":[{"href":"https:\/\/www.fileasbl.be\/membres\/wp-json\/wp\/v2\/types\/post"}],"author":[{"embeddable":true,"href":"https:\/\/www.fileasbl.be\/membres\/wp-json\/wp\/v2\/users\/154"}],"replies":[{"embeddable":true,"href":"https:\/\/www.fileasbl.be\/membres\/wp-json\/wp\/v2\/comments?post=33766"}],"version-history":[{"count":0,"href":"https:\/\/www.fileasbl.be\/membres\/wp-json\/wp\/v2\/posts\/33766\/revisions"}],"wp:attachment":[{"href":"https:\/\/www.fileasbl.be\/membres\/wp-json\/wp\/v2\/media?parent=33766"}],"wp:term":[{"taxonomy":"category","embeddable":true,"href":"https:\/\/www.fileasbl.be\/membres\/wp-json\/wp\/v2\/categories?post=33766"},{"taxonomy":"post_tag","embeddable":true,"href":"https:\/\/www.fileasbl.be\/membres\/wp-json\/wp\/v2\/tags?post=33766"}],"curies":[{"name":"wp","href":"https:\/\/api.w.org\/{rel}","templated":true}]}}