{"id":33784,"date":"2025-08-26T12:10:34","date_gmt":"2025-08-26T11:10:34","guid":{"rendered":"https:\/\/www.fileasbl.be\/membres\/?p=33784"},"modified":"2025-08-26T12:25:21","modified_gmt":"2025-08-26T11:25:21","slug":"accueil-0-12-ans-accueillir-des-stagiaires-webinaire-de-presentation-de-loutil-reperes-pour-un-tutorat-organise","status":"publish","type":"post","link":"https:\/\/www.fileasbl.be\/membres\/accueil-0-12-ans-accueillir-des-stagiaires-webinaire-de-presentation-de-loutil-reperes-pour-un-tutorat-organise\/","title":{"rendered":"Accueil 0-12 ans\u00a0: Accueillir des stagiaires &#8211; Webinaire de pr\u00e9sentation de l\u2019outil \u2018Rep\u00e8res pour un tutorat organis\u00e9\u2019"},"content":{"rendered":"<!--themify_builder_content-->\n<div id=\"themify_builder_content-33784\" data-postid=\"33784\" class=\"themify_builder_content themify_builder_content-33784 themify_builder tf_clear\">\n    \t<!-- module_row -->\n\t<div  data-lazy=\"1\" class=\"module_row themify_builder_row tb_348e365 tb_first tf_clearfix\">\n\t    \t\t<div class=\"row_inner col_align_top col-count-1 tf_box tf_w tf_rel\">\n\t\t\t<div  data-lazy=\"1\" class=\"module_column tb-column col-full first tb_d3og366 tf_box\">\n\t\t\t    \t        <div class=\"tb-column-inner tf_box tf_w\">\n\t\t    \t<div  data-lazy=\"1\" class=\"module_subrow themify_builder_sub_row tb_t1hi850 tf_w tf_clearfix\">\n\t    \t\t<div class=\"subrow_inner col_align_top col-count-2 tf_box tf_w\">\n\t\t\t<div  style=\"width: 50.34%\" data-lazy=\"1\" class=\"sub_column module_column tf_box col2-1 first tb_kru9859\"> \n\t    \t    \t        <div class=\"tb-column-inner tf_box tf_w\">\n\t\t    <!-- module text -->\n<div  class=\"module module-text tb_ylta576   \" data-lazy=\"1\">\n        <div  class=\"tb_text_wrap\">\n    <h3>Contenu r\u00e9serv\u00e9 aux membres de la FILE<\/h3>    <\/div>\n<\/div>\n<!-- \/module text -->\t        <\/div>\n\t    \t<\/div>\n\t\t<div  style=\"width: 46.46%\" data-lazy=\"1\" class=\"sub_column module_column tf_box col2-1 last tb_wjh0859\"> \n\t    \t    \t        <div class=\"tb-column-inner tf_box tf_w\">\n\t\t    <!-- module login -->\n<div  class=\"module module-login tb_walz114 \" data-lazy=\"1\">\n\t<div classss=\"tb_login_wrap \">\n\t\n\t\t\t\n\t\t<form class=\"tb_login_form tf_clearfix tf_box tf_clear\" name=\"loginform\" action=\"https:\/\/www.fileasbl.be\/membres\/wp-login.php\" method=\"post\">\n\t\t\t<p class=\"tb_login_username\">\n\t\t\t\t<label>\n\t\t\t\t\t<span class=\"tb_login_username_text\">Username or Email<\/span>\n\t\t\t\t\t<input type=\"text\" name=\"log\" required=\"required\">\n\t\t\t\t<\/label>\n\t\t\t<\/p>\n\t\t\t<p class=\"tb_login_password\">\n\t\t\t\t<label>\n\t\t\t\t\t<span class=\"tb_login_password_text\">Password<\/span>\n\t\t\t\t\t<input type=\"password\" name=\"pwd\" required=\"required\">\n\t\t\t\t<\/label>\n\t\t\t<\/p>\n\t\t\t<div class=\"tb_login_links tf_box tf_clear\">\n\t\t\t\t<a href=\"https:\/\/www.fileasbl.be\/membres\/wp-login.php?action=lostpassword\">Forgotten Password?<\/a>\n\t\t\t<\/div>\n\n\t\t\t\n\t\t\t\t\t\t<p class=\"tb_login_remember tf_left tf_box\">\n\t\t\t\t<label>\n\t\t\t\t\t<input name=\"rememberme\" type=\"checkbox\" value=\"forever\"> \n\t\t\t\t\t<span class=\"tb_login_remember_text\">Remember Me<\/span>\n\t\t\t\t<\/label>\n\t\t\t<\/p>\n\t\t\t\t\t\t<p class=\"tb_login_submit tf_right\">\n\t\t\t\t<button name=\"wp-submit\">Log In<\/button>\n\t\t\t\t<input type=\"hidden\" name=\"redirect_to\" value=\"\/membres\/wp-json\/wp\/v2\/posts\/33784?login_success=1\">\n\t\t\t\t<input type=\"hidden\" name=\"tb_login\" value=\"1\">\n\n\t\t\t\t\t\t\t<\/p>\n\n\t\t<\/form>\n\n\t\t<form class=\"tb_lostpassword_form tf_clearfix tf_box tf_clear\" name=\"lostpasswordform\" action=\"https:\/\/www.fileasbl.be\/membres\/wp-login.php?action=lostpassword\" method=\"post\" style=\"display:none\">\n\t\t\t<p class=\"tb_lostpassword_username\">\n\t\t\t\t<label>\n\t\t\t\t\t<span class=\"tb_lostpassword_username_text\">Username or Email<\/span>\n\t\t\t\t\t<input type=\"text\" name=\"user_login\" required=\"required\">\n\t\t\t\t<\/label>\n\t\t\t<\/p>\n\n\t\t\t\n\t\t\t\t\t\t<p class=\"tb_lostpassword_submit tf_right\">\n\t\t\t\t<button>Reset Password<\/button>\n\t\t\t<\/p>\n\n\t\t\t<div class=\"tb_login_links tf_left tf_box\">\n\t\t\t\t<a href=\"https:\/\/www.fileasbl.be\/membres\/wp-login.php\">Log In<\/a>\n\t\t\t<\/div>\n\t\t<\/form>\n\n\t    <\/div>\n<\/div><!-- \/module login -->\t        <\/div>\n\t    \t<\/div>\n\t\t    <\/div>\n\t<\/div><!-- \/themify_builder_sub_row -->\n\t\t        <\/div>\n\t    \t<\/div>\n\t\t    <\/div>\n\t    <!-- \/row_inner -->\n\t<\/div>\n\t<!-- \/module_row -->\n\t\t<!-- module_row -->\n\t<div  data-lazy=\"1\" class=\"module_row themify_builder_row tb_k8fg541 tf_clearfix\">\n\t    \t\t<div class=\"row_inner col_align_top col-count-1 tf_box tf_w tf_rel\">\n\t\t\t<div  data-lazy=\"1\" class=\"module_column tb-column col-full first tb_z572541 tf_box\">\n\t\t\t    \t        <div class=\"tb-column-inner tf_box tf_w\">\n\t\t    <!-- module text -->\n<div  class=\"module module-text tb_ufh4613   \" data-lazy=\"1\">\n        <div  class=\"tb_text_wrap\">\n    <p>Si vous comptez accueillir des stagiaires au sein de votre milieu d\u2019accueil, vous serez certainement int\u00e9ress\u00e9.e.s par\u00a0<a href=\"https:\/\/tutorats.org\/publications-1\/reperes-version-web-inscriptible.pdf\" target=\"_blank\" rel=\"noopener\">l\u2019outil \u00ab\u00a0Rep\u00e8res pour un tutorat organis\u00e9\u00a0\u00bb<\/a>.<br \/><br \/>Cet outil a \u00e9t\u00e9 \u00e9labor\u00e9 par l\u2019Universit\u00e9 de Li\u00e8ge en collaboration avec l\u2019APEF et d\u00e9taille les diff\u00e9rentes \u00e9tapes \u00e0 pr\u00e9voir pour un accueil de qualit\u00e9 des stagiaires.<br \/><br \/>Afin de vous familiariser avec l\u2019outil, le Fonds MAE(APEF) organise deux webinaires de pr\u00e9sentation aux dates suivantes\u00a0:<\/p>\n<ul>\n<li>Le jeudi 16 octobre 2025 de 9h30 \u00e0 11h30<\/li>\n<li>Le mardi 27 janvier 2026, de 9h30 \u00e0 11h30.<\/li>\n<\/ul>\n<p>Infos est inscription via\u00a0<a href=\"https:\/\/tutorats.org\/evenements\/webinaire-accueil-des-stagiaires-au-sein-du-secteur-de-lenfance\" target=\"_blank\" rel=\"noopener\">ce lien<\/a>.<br \/>Vous pouvez \u00e9galement visionner le\u00a0<a href=\"https:\/\/www.youtube.com\/watch?v=cG9ZfXYjMHI&amp;feature=youtu.be\" target=\"_blank\" rel=\"noopener\">webinaire organis\u00e9 par le Fonds MAE le mardi 8 avril 2025<\/a>.<\/p>    <\/div>\n<\/div>\n<!-- \/module text -->\t        <\/div>\n\t    \t<\/div>\n\t\t    <\/div>\n\t    <!-- \/row_inner -->\n\t<\/div>\n\t<!-- \/module_row -->\n\t<\/div>\n<!--\/themify_builder_content-->","protected":false},"excerpt":{"rendered":"<p>Contenu r\u00e9serv\u00e9 aux membres de la FILE Si vous comptez accueillir des stagiaires au sein de votre milieu d\u2019accueil, vous serez certainement int\u00e9ress\u00e9.e.s par\u00a0l\u2019outil \u00ab\u00a0Rep\u00e8res pour un tutorat organis\u00e9\u00a0\u00bb. Cet outil a \u00e9t\u00e9 \u00e9labor\u00e9 par l\u2019Universit\u00e9 de Li\u00e8ge en collaboration avec l\u2019APEF et d\u00e9taille les diff\u00e9rentes \u00e9tapes \u00e0 pr\u00e9voir pour un accueil de qualit\u00e9 des [&hellip;]<\/p>\n","protected":false},"author":154,"featured_media":0,"comment_status":"closed","ping_status":"closed","sticky":false,"template":"","format":"standard","meta":{"footnotes":""},"categories":[1,343],"tags":[],"class_list":["post-33784","post","type-post","status-publish","format-standard","hentry","category-non-classe","category-tutorat","has-post-title","has-post-date","has-post-category","has-post-tag","has-post-comment","has-post-author",""],"yoast_head":"<!-- This site is optimized with the Yoast SEO plugin v27.4 - https:\/\/yoast.com\/product\/yoast-seo-wordpress\/ -->\n<title>Accueil 0-12 ans\u00a0: Accueillir des stagiaires - Webinaire de pr\u00e9sentation de l\u2019outil \u2018Rep\u00e8res pour un tutorat organis\u00e9\u2019 - Site de la FILE<\/title>\n<meta name=\"robots\" content=\"index, follow, max-snippet:-1, max-image-preview:large, max-video-preview:-1\" \/>\n<link rel=\"canonical\" href=\"https:\/\/www.fileasbl.be\/membres\/accueil-0-12-ans-accueillir-des-stagiaires-webinaire-de-presentation-de-loutil-reperes-pour-un-tutorat-organise\/\" \/>\n<meta property=\"og:locale\" content=\"fr_FR\" \/>\n<meta property=\"og:type\" content=\"article\" \/>\n<meta property=\"og:title\" content=\"Accueil 0-12 ans\u00a0: Accueillir des stagiaires - Webinaire de pr\u00e9sentation de l\u2019outil \u2018Rep\u00e8res pour un tutorat organis\u00e9\u2019 - Site de la FILE\" \/>\n<meta property=\"og:description\" content=\"Contenu r\u00e9serv\u00e9 aux membres de la FILE Si vous comptez accueillir des stagiaires au sein de votre milieu d\u2019accueil, vous serez certainement int\u00e9ress\u00e9.e.s par\u00a0l\u2019outil \u00ab\u00a0Rep\u00e8res pour un tutorat organis\u00e9\u00a0\u00bb. Cet outil a \u00e9t\u00e9 \u00e9labor\u00e9 par l\u2019Universit\u00e9 de Li\u00e8ge en collaboration avec l\u2019APEF et d\u00e9taille les diff\u00e9rentes \u00e9tapes \u00e0 pr\u00e9voir pour un accueil de qualit\u00e9 des [&hellip;]\" \/>\n<meta property=\"og:url\" content=\"https:\/\/www.fileasbl.be\/membres\/accueil-0-12-ans-accueillir-des-stagiaires-webinaire-de-presentation-de-loutil-reperes-pour-un-tutorat-organise\/\" \/>\n<meta property=\"og:site_name\" content=\"Site de la FILE\" \/>\n<meta property=\"article:publisher\" content=\"https:\/\/www.facebook.com\/fileasbl\/\" \/>\n<meta property=\"article:published_time\" content=\"2025-08-26T11:10:34+00:00\" \/>\n<meta property=\"article:modified_time\" content=\"2025-08-26T11:25:21+00:00\" \/>\n<meta name=\"author\" content=\"Isaline De Plaen\" \/>\n<meta name=\"twitter:card\" content=\"summary_large_image\" \/>\n<meta name=\"twitter:label1\" content=\"\u00c9crit par\" \/>\n\t<meta name=\"twitter:data1\" content=\"Isaline De Plaen\" \/>\n\t<meta name=\"twitter:label2\" content=\"Dur\u00e9e de lecture estim\u00e9e\" \/>\n\t<meta name=\"twitter:data2\" content=\"1 minute\" \/>\n<script type=\"application\/ld+json\" class=\"yoast-schema-graph\">{\"@context\":\"https:\\\/\\\/schema.org\",\"@graph\":[{\"@type\":\"Article\",\"@id\":\"https:\\\/\\\/www.fileasbl.be\\\/membres\\\/accueil-0-12-ans-accueillir-des-stagiaires-webinaire-de-presentation-de-loutil-reperes-pour-un-tutorat-organise\\\/#article\",\"isPartOf\":{\"@id\":\"https:\\\/\\\/www.fileasbl.be\\\/membres\\\/accueil-0-12-ans-accueillir-des-stagiaires-webinaire-de-presentation-de-loutil-reperes-pour-un-tutorat-organise\\\/\"},\"author\":{\"name\":\"Isaline De Plaen\",\"@id\":\"https:\\\/\\\/www.fileasbl.be\\\/membres\\\/#\\\/schema\\\/person\\\/fecd3c5133474ddef35b01caf39aa079\"},\"headline\":\"Accueil 0-12 ans\u00a0: Accueillir des stagiaires &#8211; Webinaire de pr\u00e9sentation de l\u2019outil \u2018Rep\u00e8res pour un tutorat organis\u00e9\u2019\",\"datePublished\":\"2025-08-26T11:10:34+00:00\",\"dateModified\":\"2025-08-26T11:25:21+00:00\",\"mainEntityOfPage\":{\"@id\":\"https:\\\/\\\/www.fileasbl.be\\\/membres\\\/accueil-0-12-ans-accueillir-des-stagiaires-webinaire-de-presentation-de-loutil-reperes-pour-un-tutorat-organise\\\/\"},\"wordCount\":141,\"articleSection\":{\"1\":\"tutorat\"},\"inLanguage\":\"fr-FR\"},{\"@type\":\"WebPage\",\"@id\":\"https:\\\/\\\/www.fileasbl.be\\\/membres\\\/accueil-0-12-ans-accueillir-des-stagiaires-webinaire-de-presentation-de-loutil-reperes-pour-un-tutorat-organise\\\/\",\"url\":\"https:\\\/\\\/www.fileasbl.be\\\/membres\\\/accueil-0-12-ans-accueillir-des-stagiaires-webinaire-de-presentation-de-loutil-reperes-pour-un-tutorat-organise\\\/\",\"name\":\"Accueil 0-12 ans\u00a0: Accueillir des stagiaires - Webinaire de pr\u00e9sentation de l\u2019outil \u2018Rep\u00e8res pour un tutorat organis\u00e9\u2019 - Site de la FILE\",\"isPartOf\":{\"@id\":\"https:\\\/\\\/www.fileasbl.be\\\/membres\\\/#website\"},\"datePublished\":\"2025-08-26T11:10:34+00:00\",\"dateModified\":\"2025-08-26T11:25:21+00:00\",\"author\":{\"@id\":\"https:\\\/\\\/www.fileasbl.be\\\/membres\\\/#\\\/schema\\\/person\\\/fecd3c5133474ddef35b01caf39aa079\"},\"breadcrumb\":{\"@id\":\"https:\\\/\\\/www.fileasbl.be\\\/membres\\\/accueil-0-12-ans-accueillir-des-stagiaires-webinaire-de-presentation-de-loutil-reperes-pour-un-tutorat-organise\\\/#breadcrumb\"},\"inLanguage\":\"fr-FR\",\"potentialAction\":[{\"@type\":\"ReadAction\",\"target\":[\"https:\\\/\\\/www.fileasbl.be\\\/membres\\\/accueil-0-12-ans-accueillir-des-stagiaires-webinaire-de-presentation-de-loutil-reperes-pour-un-tutorat-organise\\\/\"]}]},{\"@type\":\"BreadcrumbList\",\"@id\":\"https:\\\/\\\/www.fileasbl.be\\\/membres\\\/accueil-0-12-ans-accueillir-des-stagiaires-webinaire-de-presentation-de-loutil-reperes-pour-un-tutorat-organise\\\/#breadcrumb\",\"itemListElement\":[{\"@type\":\"ListItem\",\"position\":1,\"name\":\"Accueil\",\"item\":\"https:\\\/\\\/www.fileasbl.be\\\/membres\\\/\"},{\"@type\":\"ListItem\",\"position\":2,\"name\":\"Accueil 0-12 ans\u00a0: Accueillir des stagiaires &#8211; Webinaire de pr\u00e9sentation de l\u2019outil \u2018Rep\u00e8res pour un tutorat organis\u00e9\u2019\"}]},{\"@type\":\"WebSite\",\"@id\":\"https:\\\/\\\/www.fileasbl.be\\\/membres\\\/#website\",\"url\":\"https:\\\/\\\/www.fileasbl.be\\\/membres\\\/\",\"name\":\"Site de la FILE\",\"description\":\"FILE Un accueil de qualit\u00e9 accessible \u00e0 tous\",\"potentialAction\":[{\"@type\":\"SearchAction\",\"target\":{\"@type\":\"EntryPoint\",\"urlTemplate\":\"https:\\\/\\\/www.fileasbl.be\\\/membres\\\/?s={search_term_string}\"},\"query-input\":{\"@type\":\"PropertyValueSpecification\",\"valueRequired\":true,\"valueName\":\"search_term_string\"}}],\"inLanguage\":\"fr-FR\"},{\"@type\":\"Person\",\"@id\":\"https:\\\/\\\/www.fileasbl.be\\\/membres\\\/#\\\/schema\\\/person\\\/fecd3c5133474ddef35b01caf39aa079\",\"name\":\"Isaline De Plaen\",\"url\":\"https:\\\/\\\/www.fileasbl.be\\\/membres\\\/author\\\/assistancejuridiquefileasbl-be\\\/\"}]}<\/script>\n<!-- \/ Yoast SEO plugin. -->","yoast_head_json":{"title":"Accueil 0-12 ans\u00a0: Accueillir des stagiaires - Webinaire de pr\u00e9sentation de l\u2019outil \u2018Rep\u00e8res pour un tutorat organis\u00e9\u2019 - Site de la FILE","robots":{"index":"index","follow":"follow","max-snippet":"max-snippet:-1","max-image-preview":"max-image-preview:large","max-video-preview":"max-video-preview:-1"},"canonical":"https:\/\/www.fileasbl.be\/membres\/accueil-0-12-ans-accueillir-des-stagiaires-webinaire-de-presentation-de-loutil-reperes-pour-un-tutorat-organise\/","og_locale":"fr_FR","og_type":"article","og_title":"Accueil 0-12 ans\u00a0: Accueillir des stagiaires - Webinaire de pr\u00e9sentation de l\u2019outil \u2018Rep\u00e8res pour un tutorat organis\u00e9\u2019 - Site de la FILE","og_description":"Contenu r\u00e9serv\u00e9 aux membres de la FILE Si vous comptez accueillir des stagiaires au sein de votre milieu d\u2019accueil, vous serez certainement int\u00e9ress\u00e9.e.s par\u00a0l\u2019outil \u00ab\u00a0Rep\u00e8res pour un tutorat organis\u00e9\u00a0\u00bb. Cet outil a \u00e9t\u00e9 \u00e9labor\u00e9 par l\u2019Universit\u00e9 de Li\u00e8ge en collaboration avec l\u2019APEF et d\u00e9taille les diff\u00e9rentes \u00e9tapes \u00e0 pr\u00e9voir pour un accueil de qualit\u00e9 des [&hellip;]","og_url":"https:\/\/www.fileasbl.be\/membres\/accueil-0-12-ans-accueillir-des-stagiaires-webinaire-de-presentation-de-loutil-reperes-pour-un-tutorat-organise\/","og_site_name":"Site de la FILE","article_publisher":"https:\/\/www.facebook.com\/fileasbl\/","article_published_time":"2025-08-26T11:10:34+00:00","article_modified_time":"2025-08-26T11:25:21+00:00","author":"Isaline De Plaen","twitter_card":"summary_large_image","twitter_misc":{"\u00c9crit par":"Isaline De Plaen","Dur\u00e9e de lecture estim\u00e9e":"1 minute"},"schema":{"@context":"https:\/\/schema.org","@graph":[{"@type":"Article","@id":"https:\/\/www.fileasbl.be\/membres\/accueil-0-12-ans-accueillir-des-stagiaires-webinaire-de-presentation-de-loutil-reperes-pour-un-tutorat-organise\/#article","isPartOf":{"@id":"https:\/\/www.fileasbl.be\/membres\/accueil-0-12-ans-accueillir-des-stagiaires-webinaire-de-presentation-de-loutil-reperes-pour-un-tutorat-organise\/"},"author":{"name":"Isaline De Plaen","@id":"https:\/\/www.fileasbl.be\/membres\/#\/schema\/person\/fecd3c5133474ddef35b01caf39aa079"},"headline":"Accueil 0-12 ans\u00a0: Accueillir des stagiaires &#8211; Webinaire de pr\u00e9sentation de l\u2019outil \u2018Rep\u00e8res pour un tutorat organis\u00e9\u2019","datePublished":"2025-08-26T11:10:34+00:00","dateModified":"2025-08-26T11:25:21+00:00","mainEntityOfPage":{"@id":"https:\/\/www.fileasbl.be\/membres\/accueil-0-12-ans-accueillir-des-stagiaires-webinaire-de-presentation-de-loutil-reperes-pour-un-tutorat-organise\/"},"wordCount":141,"articleSection":{"1":"tutorat"},"inLanguage":"fr-FR"},{"@type":"WebPage","@id":"https:\/\/www.fileasbl.be\/membres\/accueil-0-12-ans-accueillir-des-stagiaires-webinaire-de-presentation-de-loutil-reperes-pour-un-tutorat-organise\/","url":"https:\/\/www.fileasbl.be\/membres\/accueil-0-12-ans-accueillir-des-stagiaires-webinaire-de-presentation-de-loutil-reperes-pour-un-tutorat-organise\/","name":"Accueil 0-12 ans\u00a0: Accueillir des stagiaires - Webinaire de pr\u00e9sentation de l\u2019outil \u2018Rep\u00e8res pour un tutorat organis\u00e9\u2019 - Site de la FILE","isPartOf":{"@id":"https:\/\/www.fileasbl.be\/membres\/#website"},"datePublished":"2025-08-26T11:10:34+00:00","dateModified":"2025-08-26T11:25:21+00:00","author":{"@id":"https:\/\/www.fileasbl.be\/membres\/#\/schema\/person\/fecd3c5133474ddef35b01caf39aa079"},"breadcrumb":{"@id":"https:\/\/www.fileasbl.be\/membres\/accueil-0-12-ans-accueillir-des-stagiaires-webinaire-de-presentation-de-loutil-reperes-pour-un-tutorat-organise\/#breadcrumb"},"inLanguage":"fr-FR","potentialAction":[{"@type":"ReadAction","target":["https:\/\/www.fileasbl.be\/membres\/accueil-0-12-ans-accueillir-des-stagiaires-webinaire-de-presentation-de-loutil-reperes-pour-un-tutorat-organise\/"]}]},{"@type":"BreadcrumbList","@id":"https:\/\/www.fileasbl.be\/membres\/accueil-0-12-ans-accueillir-des-stagiaires-webinaire-de-presentation-de-loutil-reperes-pour-un-tutorat-organise\/#breadcrumb","itemListElement":[{"@type":"ListItem","position":1,"name":"Accueil","item":"https:\/\/www.fileasbl.be\/membres\/"},{"@type":"ListItem","position":2,"name":"Accueil 0-12 ans\u00a0: Accueillir des stagiaires &#8211; Webinaire de pr\u00e9sentation de l\u2019outil \u2018Rep\u00e8res pour un tutorat organis\u00e9\u2019"}]},{"@type":"WebSite","@id":"https:\/\/www.fileasbl.be\/membres\/#website","url":"https:\/\/www.fileasbl.be\/membres\/","name":"Site de la FILE","description":"FILE Un accueil de qualit\u00e9 accessible \u00e0 tous","potentialAction":[{"@type":"SearchAction","target":{"@type":"EntryPoint","urlTemplate":"https:\/\/www.fileasbl.be\/membres\/?s={search_term_string}"},"query-input":{"@type":"PropertyValueSpecification","valueRequired":true,"valueName":"search_term_string"}}],"inLanguage":"fr-FR"},{"@type":"Person","@id":"https:\/\/www.fileasbl.be\/membres\/#\/schema\/person\/fecd3c5133474ddef35b01caf39aa079","name":"Isaline De Plaen","url":"https:\/\/www.fileasbl.be\/membres\/author\/assistancejuridiquefileasbl-be\/"}]}},"builder_content":"<h3>Contenu r\u00e9serv\u00e9 aux membres de la FILE<\/h3>\n<p>Si vous comptez accueillir des stagiaires au sein de votre milieu d\u2019accueil, vous serez certainement int\u00e9ress\u00e9.e.s par\u00a0<a href=\"https:\/\/tutorats.org\/publications-1\/reperes-version-web-inscriptible.pdf\" target=\"_blank\" rel=\"noopener\">l\u2019outil \u00ab\u00a0Rep\u00e8res pour un tutorat organis\u00e9\u00a0\u00bb<\/a>.<br \/><br \/>Cet outil a \u00e9t\u00e9 \u00e9labor\u00e9 par l\u2019Universit\u00e9 de Li\u00e8ge en collaboration avec l\u2019APEF et d\u00e9taille les diff\u00e9rentes \u00e9tapes \u00e0 pr\u00e9voir pour un accueil de qualit\u00e9 des stagiaires.<br \/><br \/>Afin de vous familiariser avec l\u2019outil, le Fonds MAE(APEF) organise deux webinaires de pr\u00e9sentation aux dates suivantes\u00a0:<\/p> <ul> <li>Le jeudi 16 octobre 2025 de 9h30 \u00e0 11h30<\/li> <li>Le mardi 27 janvier 2026, de 9h30 \u00e0 11h30.<\/li> <\/ul> <p>Infos est inscription via\u00a0<a href=\"https:\/\/tutorats.org\/evenements\/webinaire-accueil-des-stagiaires-au-sein-du-secteur-de-lenfance\" target=\"_blank\" rel=\"noopener\">ce lien<\/a>.<br \/>Vous pouvez \u00e9galement visionner le\u00a0<a href=\"https:\/\/www.youtube.com\/watch?v=cG9ZfXYjMHI&amp;feature=youtu.be\" target=\"_blank\" rel=\"noopener\">webinaire organis\u00e9 par le Fonds MAE le mardi 8 avril 2025<\/a>.<\/p>","_links":{"self":[{"href":"https:\/\/www.fileasbl.be\/membres\/wp-json\/wp\/v2\/posts\/33784","targetHints":{"allow":["GET"]}}],"collection":[{"href":"https:\/\/www.fileasbl.be\/membres\/wp-json\/wp\/v2\/posts"}],"about":[{"href":"https:\/\/www.fileasbl.be\/membres\/wp-json\/wp\/v2\/types\/post"}],"author":[{"embeddable":true,"href":"https:\/\/www.fileasbl.be\/membres\/wp-json\/wp\/v2\/users\/154"}],"replies":[{"embeddable":true,"href":"https:\/\/www.fileasbl.be\/membres\/wp-json\/wp\/v2\/comments?post=33784"}],"version-history":[{"count":0,"href":"https:\/\/www.fileasbl.be\/membres\/wp-json\/wp\/v2\/posts\/33784\/revisions"}],"wp:attachment":[{"href":"https:\/\/www.fileasbl.be\/membres\/wp-json\/wp\/v2\/media?parent=33784"}],"wp:term":[{"taxonomy":"category","embeddable":true,"href":"https:\/\/www.fileasbl.be\/membres\/wp-json\/wp\/v2\/categories?post=33784"},{"taxonomy":"post_tag","embeddable":true,"href":"https:\/\/www.fileasbl.be\/membres\/wp-json\/wp\/v2\/tags?post=33784"}],"curies":[{"name":"wp","href":"https:\/\/api.w.org\/{rel}","templated":true}]}}