{"id":33814,"date":"2025-08-26T15:33:17","date_gmt":"2025-08-26T14:33:17","guid":{"rendered":"https:\/\/www.fileasbl.be\/membres\/?p=33814"},"modified":"2025-09-01T15:47:07","modified_gmt":"2025-09-01T14:47:07","slug":"secteur-prive-nouvelle-cct-fin-de-carriere","status":"publish","type":"post","link":"https:\/\/www.fileasbl.be\/membres\/secteur-prive-nouvelle-cct-fin-de-carriere\/","title":{"rendered":"Secteur priv\u00e9 &#8211; Nouvelle CCT fin de carri\u00e8re"},"content":{"rendered":"<!--themify_builder_content-->\n<div id=\"themify_builder_content-33814\" data-postid=\"33814\" class=\"themify_builder_content themify_builder_content-33814 themify_builder tf_clear\">\n    \t<!-- module_row -->\n\t<div  data-lazy=\"1\" class=\"module_row themify_builder_row tb_sggj158 tb_first tf_clearfix\">\n\t    \t\t<div class=\"row_inner col_align_top col-count-1 tf_box tf_w tf_rel\">\n\t\t\t<div  data-lazy=\"1\" class=\"module_column tb-column col-full first tb_k3qy159 tf_box\">\n\t\t\t    \t        <div class=\"tb-column-inner tf_box tf_w\">\n\t\t    \t<div  data-lazy=\"1\" class=\"module_subrow themify_builder_sub_row tb_bvkp213 tf_w tf_clearfix\">\n\t    \t\t<div class=\"subrow_inner col_align_top col-count-2 tf_box tf_w\">\n\t\t\t<div  data-lazy=\"1\" class=\"sub_column module_column tf_box col2-1 first tb_khfb220\"> \n\t    \t    \t        <div class=\"tb-column-inner tf_box tf_w\">\n\t\t    <!-- module text -->\n<div  class=\"module module-text tb_egk6246   \" data-lazy=\"1\">\n        <div  class=\"tb_text_wrap\">\n    <h3>Contenu r\u00e9serv\u00e9 aux membres de la FILE<\/h3>    <\/div>\n<\/div>\n<!-- \/module text -->\t        <\/div>\n\t    \t<\/div>\n\t\t<div  data-lazy=\"1\" class=\"sub_column module_column tf_box col2-1 last tb_op77220\"> \n\t    \t    \t        <div class=\"tb-column-inner tf_box tf_w\">\n\t\t    <!-- module login -->\n<div  class=\"module module-login tb_xteu115 \" data-lazy=\"1\">\n\t<div classss=\"tb_login_wrap \">\n\t\n\t\t\t\n\t\t<form class=\"tb_login_form tf_clearfix tf_box tf_clear\" name=\"loginform\" action=\"https:\/\/www.fileasbl.be\/membres\/wp-login.php\" method=\"post\">\n\t\t\t<p class=\"tb_login_username\">\n\t\t\t\t<label>\n\t\t\t\t\t<span class=\"tb_login_username_text\">Username or Email<\/span>\n\t\t\t\t\t<input type=\"text\" name=\"log\" required=\"required\">\n\t\t\t\t<\/label>\n\t\t\t<\/p>\n\t\t\t<p class=\"tb_login_password\">\n\t\t\t\t<label>\n\t\t\t\t\t<span class=\"tb_login_password_text\">Password<\/span>\n\t\t\t\t\t<input type=\"password\" name=\"pwd\" required=\"required\">\n\t\t\t\t<\/label>\n\t\t\t<\/p>\n\t\t\t<div class=\"tb_login_links tf_box tf_clear\">\n\t\t\t\t<a href=\"https:\/\/www.fileasbl.be\/membres\/wp-login.php?action=lostpassword\">Forgotten Password?<\/a>\n\t\t\t<\/div>\n\n\t\t\t\n\t\t\t\t\t\t<p class=\"tb_login_remember tf_left tf_box\">\n\t\t\t\t<label>\n\t\t\t\t\t<input name=\"rememberme\" type=\"checkbox\" value=\"forever\"> \n\t\t\t\t\t<span class=\"tb_login_remember_text\">Remember Me<\/span>\n\t\t\t\t<\/label>\n\t\t\t<\/p>\n\t\t\t\t\t\t<p class=\"tb_login_submit tf_right\">\n\t\t\t\t<button name=\"wp-submit\">Log In<\/button>\n\t\t\t\t<input type=\"hidden\" name=\"redirect_to\" value=\"\/membres\/wp-json\/wp\/v2\/posts\/33814?login_success=1\">\n\t\t\t\t<input type=\"hidden\" name=\"tb_login\" value=\"1\">\n\n\t\t\t\t\t\t\t<\/p>\n\n\t\t<\/form>\n\n\t\t<form class=\"tb_lostpassword_form tf_clearfix tf_box tf_clear\" name=\"lostpasswordform\" action=\"https:\/\/www.fileasbl.be\/membres\/wp-login.php?action=lostpassword\" method=\"post\" style=\"display:none\">\n\t\t\t<p class=\"tb_lostpassword_username\">\n\t\t\t\t<label>\n\t\t\t\t\t<span class=\"tb_lostpassword_username_text\">Username or Email<\/span>\n\t\t\t\t\t<input type=\"text\" name=\"user_login\" required=\"required\">\n\t\t\t\t<\/label>\n\t\t\t<\/p>\n\n\t\t\t\n\t\t\t\t\t\t<p class=\"tb_lostpassword_submit tf_right\">\n\t\t\t\t<button>Reset Password<\/button>\n\t\t\t<\/p>\n\n\t\t\t<div class=\"tb_login_links tf_left tf_box\">\n\t\t\t\t<a href=\"https:\/\/www.fileasbl.be\/membres\/wp-login.php\">Log In<\/a>\n\t\t\t<\/div>\n\t\t<\/form>\n\n\t    <\/div>\n<\/div><!-- \/module login -->\t        <\/div>\n\t    \t<\/div>\n\t\t    <\/div>\n\t<\/div><!-- \/themify_builder_sub_row -->\n\t\t<div  data-lazy=\"1\" class=\"module_subrow themify_builder_sub_row tb_oab1157 tf_w tf_clearfix\">\n\t    \t\t<div class=\"subrow_inner col_align_top col-count-1 tf_box tf_w\">\n\t\t\t<div  data-lazy=\"1\" class=\"sub_column module_column tf_box col-full first tb_bw5q157\"> \n\t    \t    \t        <div class=\"tb-column-inner tf_box tf_w\">\n\t\t    <!-- module text -->\n<div  class=\"module module-text tb_7hus564   \" data-lazy=\"1\">\n        <div  class=\"tb_text_wrap\">\n    <p>Les partenaires sociaux de la CP 332 ont conclu <a href=\"https:\/\/www.fileasbl.be\/membres\/wp-content\/uploads\/2025\/07\/CCT-332-Credit-temps-emploi-fin-de-carriere-MAE-ASSS-CNT-174-vDepot-2025-07-14.pdf\">une nouvelle Convention collective de travail le 14 juillet dernier<\/a> en vue de prolonger l\u2019acc\u00e8s au\u00a0<strong>cr\u00e9dit-temps fin de carri\u00e8re \u00e0 partir de 55 ans<\/strong>. Ce syst\u00e8me de cr\u00e9dit-temps permet aux travailleurs en fin de carri\u00e8re de r\u00e9duire leurs prestations de travail tout en b\u00e9n\u00e9ficiant, via le plan Tandem (Fonds Oldtimer), d&rsquo;une allocation compl\u00e9mentaire \u00e0 celle de l\u2019ONE pour diminuer la perte de revenu.<br>Ce syst\u00e8me est\u00a0prolong\u00e9\u00a0<strong>jusqu\u2019au 31 d\u00e9cembre 2025<\/strong>.<\/p>\n<p>Plus d\u2019information \u00e0 ce sujet :\u00a0<a href=\"https:\/\/apefasbl.org\/fonds\/fonds-damenagement-de-carriere\/asbloldtimer\/\">https:\/\/apefasbl.org\/fonds\/fonds-damenagement-de-carriere\/asbloldtimer\/<\/a><\/p>    <\/div>\n<\/div>\n<!-- \/module text -->\t        <\/div>\n\t    \t<\/div>\n\t\t    <\/div>\n\t<\/div><!-- \/themify_builder_sub_row -->\n\t\t        <\/div>\n\t    \t<\/div>\n\t\t    <\/div>\n\t    <!-- \/row_inner -->\n\t<\/div>\n\t<!-- \/module_row -->\n\t<\/div>\n<!--\/themify_builder_content-->","protected":false},"excerpt":{"rendered":"<p>Contenu r\u00e9serv\u00e9 aux membres de la FILE Les partenaires sociaux de la CP 332 ont conclu une nouvelle Convention collective de travail le 14 juillet dernier en vue de prolonger l\u2019acc\u00e8s au\u00a0cr\u00e9dit-temps fin de carri\u00e8re \u00e0 partir de 55 ans. Ce syst\u00e8me de cr\u00e9dit-temps permet aux travailleurs en fin de carri\u00e8re de r\u00e9duire leurs prestations [&hellip;]<\/p>\n","protected":false},"author":154,"featured_media":0,"comment_status":"closed","ping_status":"closed","sticky":false,"template":"","format":"standard","meta":{"footnotes":""},"categories":[240],"tags":[],"class_list":["post-33814","post","type-post","status-publish","format-standard","hentry","category-fin-de-carriere","has-post-title","has-post-date","has-post-category","has-post-tag","has-post-comment","has-post-author",""],"yoast_head":"<!-- This site is optimized with the Yoast SEO plugin v27.4 - https:\/\/yoast.com\/product\/yoast-seo-wordpress\/ -->\n<title>Secteur priv\u00e9 - Nouvelle CCT fin de carri\u00e8re - Site de la FILE<\/title>\n<meta name=\"robots\" content=\"index, follow, max-snippet:-1, max-image-preview:large, max-video-preview:-1\" \/>\n<link rel=\"canonical\" href=\"https:\/\/www.fileasbl.be\/membres\/secteur-prive-nouvelle-cct-fin-de-carriere\/\" \/>\n<meta property=\"og:locale\" content=\"fr_FR\" \/>\n<meta property=\"og:type\" content=\"article\" \/>\n<meta property=\"og:title\" content=\"Secteur priv\u00e9 - Nouvelle CCT fin de carri\u00e8re - Site de la FILE\" \/>\n<meta property=\"og:description\" content=\"Contenu r\u00e9serv\u00e9 aux membres de la FILE Les partenaires sociaux de la CP 332 ont conclu une nouvelle Convention collective de travail le 14 juillet dernier en vue de prolonger l\u2019acc\u00e8s au\u00a0cr\u00e9dit-temps fin de carri\u00e8re \u00e0 partir de 55 ans. Ce syst\u00e8me de cr\u00e9dit-temps permet aux travailleurs en fin de carri\u00e8re de r\u00e9duire leurs prestations [&hellip;]\" \/>\n<meta property=\"og:url\" content=\"https:\/\/www.fileasbl.be\/membres\/secteur-prive-nouvelle-cct-fin-de-carriere\/\" \/>\n<meta property=\"og:site_name\" content=\"Site de la FILE\" \/>\n<meta property=\"article:publisher\" content=\"https:\/\/www.facebook.com\/fileasbl\/\" \/>\n<meta property=\"article:published_time\" content=\"2025-08-26T14:33:17+00:00\" \/>\n<meta property=\"article:modified_time\" content=\"2025-09-01T14:47:07+00:00\" \/>\n<meta name=\"author\" content=\"Isaline De Plaen\" \/>\n<meta name=\"twitter:card\" content=\"summary_large_image\" \/>\n<meta name=\"twitter:label1\" content=\"\u00c9crit par\" \/>\n\t<meta name=\"twitter:data1\" content=\"Isaline De Plaen\" \/>\n<script type=\"application\/ld+json\" class=\"yoast-schema-graph\">{\"@context\":\"https:\\\/\\\/schema.org\",\"@graph\":[{\"@type\":\"Article\",\"@id\":\"https:\\\/\\\/www.fileasbl.be\\\/membres\\\/secteur-prive-nouvelle-cct-fin-de-carriere\\\/#article\",\"isPartOf\":{\"@id\":\"https:\\\/\\\/www.fileasbl.be\\\/membres\\\/secteur-prive-nouvelle-cct-fin-de-carriere\\\/\"},\"author\":{\"name\":\"Isaline De Plaen\",\"@id\":\"https:\\\/\\\/www.fileasbl.be\\\/membres\\\/#\\\/schema\\\/person\\\/fecd3c5133474ddef35b01caf39aa079\"},\"headline\":\"Secteur priv\u00e9 &#8211; Nouvelle CCT fin de carri\u00e8re\",\"datePublished\":\"2025-08-26T14:33:17+00:00\",\"dateModified\":\"2025-09-01T14:47:07+00:00\",\"mainEntityOfPage\":{\"@id\":\"https:\\\/\\\/www.fileasbl.be\\\/membres\\\/secteur-prive-nouvelle-cct-fin-de-carriere\\\/\"},\"wordCount\":118,\"articleSection\":[\"Fin de carri\u00e8re\"],\"inLanguage\":\"fr-FR\"},{\"@type\":\"WebPage\",\"@id\":\"https:\\\/\\\/www.fileasbl.be\\\/membres\\\/secteur-prive-nouvelle-cct-fin-de-carriere\\\/\",\"url\":\"https:\\\/\\\/www.fileasbl.be\\\/membres\\\/secteur-prive-nouvelle-cct-fin-de-carriere\\\/\",\"name\":\"Secteur priv\u00e9 - Nouvelle CCT fin de carri\u00e8re - Site de la FILE\",\"isPartOf\":{\"@id\":\"https:\\\/\\\/www.fileasbl.be\\\/membres\\\/#website\"},\"datePublished\":\"2025-08-26T14:33:17+00:00\",\"dateModified\":\"2025-09-01T14:47:07+00:00\",\"author\":{\"@id\":\"https:\\\/\\\/www.fileasbl.be\\\/membres\\\/#\\\/schema\\\/person\\\/fecd3c5133474ddef35b01caf39aa079\"},\"breadcrumb\":{\"@id\":\"https:\\\/\\\/www.fileasbl.be\\\/membres\\\/secteur-prive-nouvelle-cct-fin-de-carriere\\\/#breadcrumb\"},\"inLanguage\":\"fr-FR\",\"potentialAction\":[{\"@type\":\"ReadAction\",\"target\":[\"https:\\\/\\\/www.fileasbl.be\\\/membres\\\/secteur-prive-nouvelle-cct-fin-de-carriere\\\/\"]}]},{\"@type\":\"BreadcrumbList\",\"@id\":\"https:\\\/\\\/www.fileasbl.be\\\/membres\\\/secteur-prive-nouvelle-cct-fin-de-carriere\\\/#breadcrumb\",\"itemListElement\":[{\"@type\":\"ListItem\",\"position\":1,\"name\":\"Accueil\",\"item\":\"https:\\\/\\\/www.fileasbl.be\\\/membres\\\/\"},{\"@type\":\"ListItem\",\"position\":2,\"name\":\"Secteur priv\u00e9 &#8211; Nouvelle CCT fin de carri\u00e8re\"}]},{\"@type\":\"WebSite\",\"@id\":\"https:\\\/\\\/www.fileasbl.be\\\/membres\\\/#website\",\"url\":\"https:\\\/\\\/www.fileasbl.be\\\/membres\\\/\",\"name\":\"Site de la FILE\",\"description\":\"FILE Un accueil de qualit\u00e9 accessible \u00e0 tous\",\"potentialAction\":[{\"@type\":\"SearchAction\",\"target\":{\"@type\":\"EntryPoint\",\"urlTemplate\":\"https:\\\/\\\/www.fileasbl.be\\\/membres\\\/?s={search_term_string}\"},\"query-input\":{\"@type\":\"PropertyValueSpecification\",\"valueRequired\":true,\"valueName\":\"search_term_string\"}}],\"inLanguage\":\"fr-FR\"},{\"@type\":\"Person\",\"@id\":\"https:\\\/\\\/www.fileasbl.be\\\/membres\\\/#\\\/schema\\\/person\\\/fecd3c5133474ddef35b01caf39aa079\",\"name\":\"Isaline De Plaen\",\"url\":\"https:\\\/\\\/www.fileasbl.be\\\/membres\\\/author\\\/assistancejuridiquefileasbl-be\\\/\"}]}<\/script>\n<!-- \/ Yoast SEO plugin. -->","yoast_head_json":{"title":"Secteur priv\u00e9 - Nouvelle CCT fin de carri\u00e8re - Site de la FILE","robots":{"index":"index","follow":"follow","max-snippet":"max-snippet:-1","max-image-preview":"max-image-preview:large","max-video-preview":"max-video-preview:-1"},"canonical":"https:\/\/www.fileasbl.be\/membres\/secteur-prive-nouvelle-cct-fin-de-carriere\/","og_locale":"fr_FR","og_type":"article","og_title":"Secteur priv\u00e9 - Nouvelle CCT fin de carri\u00e8re - Site de la FILE","og_description":"Contenu r\u00e9serv\u00e9 aux membres de la FILE Les partenaires sociaux de la CP 332 ont conclu une nouvelle Convention collective de travail le 14 juillet dernier en vue de prolonger l\u2019acc\u00e8s au\u00a0cr\u00e9dit-temps fin de carri\u00e8re \u00e0 partir de 55 ans. Ce syst\u00e8me de cr\u00e9dit-temps permet aux travailleurs en fin de carri\u00e8re de r\u00e9duire leurs prestations [&hellip;]","og_url":"https:\/\/www.fileasbl.be\/membres\/secteur-prive-nouvelle-cct-fin-de-carriere\/","og_site_name":"Site de la FILE","article_publisher":"https:\/\/www.facebook.com\/fileasbl\/","article_published_time":"2025-08-26T14:33:17+00:00","article_modified_time":"2025-09-01T14:47:07+00:00","author":"Isaline De Plaen","twitter_card":"summary_large_image","twitter_misc":{"\u00c9crit par":"Isaline De Plaen"},"schema":{"@context":"https:\/\/schema.org","@graph":[{"@type":"Article","@id":"https:\/\/www.fileasbl.be\/membres\/secteur-prive-nouvelle-cct-fin-de-carriere\/#article","isPartOf":{"@id":"https:\/\/www.fileasbl.be\/membres\/secteur-prive-nouvelle-cct-fin-de-carriere\/"},"author":{"name":"Isaline De Plaen","@id":"https:\/\/www.fileasbl.be\/membres\/#\/schema\/person\/fecd3c5133474ddef35b01caf39aa079"},"headline":"Secteur priv\u00e9 &#8211; Nouvelle CCT fin de carri\u00e8re","datePublished":"2025-08-26T14:33:17+00:00","dateModified":"2025-09-01T14:47:07+00:00","mainEntityOfPage":{"@id":"https:\/\/www.fileasbl.be\/membres\/secteur-prive-nouvelle-cct-fin-de-carriere\/"},"wordCount":118,"articleSection":["Fin de carri\u00e8re"],"inLanguage":"fr-FR"},{"@type":"WebPage","@id":"https:\/\/www.fileasbl.be\/membres\/secteur-prive-nouvelle-cct-fin-de-carriere\/","url":"https:\/\/www.fileasbl.be\/membres\/secteur-prive-nouvelle-cct-fin-de-carriere\/","name":"Secteur priv\u00e9 - Nouvelle CCT fin de carri\u00e8re - Site de la FILE","isPartOf":{"@id":"https:\/\/www.fileasbl.be\/membres\/#website"},"datePublished":"2025-08-26T14:33:17+00:00","dateModified":"2025-09-01T14:47:07+00:00","author":{"@id":"https:\/\/www.fileasbl.be\/membres\/#\/schema\/person\/fecd3c5133474ddef35b01caf39aa079"},"breadcrumb":{"@id":"https:\/\/www.fileasbl.be\/membres\/secteur-prive-nouvelle-cct-fin-de-carriere\/#breadcrumb"},"inLanguage":"fr-FR","potentialAction":[{"@type":"ReadAction","target":["https:\/\/www.fileasbl.be\/membres\/secteur-prive-nouvelle-cct-fin-de-carriere\/"]}]},{"@type":"BreadcrumbList","@id":"https:\/\/www.fileasbl.be\/membres\/secteur-prive-nouvelle-cct-fin-de-carriere\/#breadcrumb","itemListElement":[{"@type":"ListItem","position":1,"name":"Accueil","item":"https:\/\/www.fileasbl.be\/membres\/"},{"@type":"ListItem","position":2,"name":"Secteur priv\u00e9 &#8211; Nouvelle CCT fin de carri\u00e8re"}]},{"@type":"WebSite","@id":"https:\/\/www.fileasbl.be\/membres\/#website","url":"https:\/\/www.fileasbl.be\/membres\/","name":"Site de la FILE","description":"FILE Un accueil de qualit\u00e9 accessible \u00e0 tous","potentialAction":[{"@type":"SearchAction","target":{"@type":"EntryPoint","urlTemplate":"https:\/\/www.fileasbl.be\/membres\/?s={search_term_string}"},"query-input":{"@type":"PropertyValueSpecification","valueRequired":true,"valueName":"search_term_string"}}],"inLanguage":"fr-FR"},{"@type":"Person","@id":"https:\/\/www.fileasbl.be\/membres\/#\/schema\/person\/fecd3c5133474ddef35b01caf39aa079","name":"Isaline De Plaen","url":"https:\/\/www.fileasbl.be\/membres\/author\/assistancejuridiquefileasbl-be\/"}]}},"builder_content":"<h3>Contenu r\u00e9serv\u00e9 aux membres de la FILE<\/h3>\n<p>Les partenaires sociaux de la CP 332 ont conclu <a href=\"https:\/\/www.fileasbl.be\/membres\/wp-content\/uploads\/2025\/07\/CCT-332-Credit-temps-emploi-fin-de-carriere-MAE-ASSS-CNT-174-vDepot-2025-07-14.pdf\">une nouvelle Convention collective de travail le 14 juillet dernier<\/a> en vue de prolonger l\u2019acc\u00e8s au\u00a0<strong>cr\u00e9dit-temps fin de carri\u00e8re \u00e0 partir de 55 ans<\/strong>. Ce syst\u00e8me de cr\u00e9dit-temps permet aux travailleurs en fin de carri\u00e8re de r\u00e9duire leurs prestations de travail tout en b\u00e9n\u00e9ficiant, via le plan Tandem (Fonds Oldtimer), d'une allocation compl\u00e9mentaire \u00e0 celle de l\u2019ONE pour diminuer la perte de revenu.<br>Ce syst\u00e8me est\u00a0prolong\u00e9\u00a0<strong>jusqu\u2019au 31 d\u00e9cembre 2025<\/strong>.<\/p> <p>Plus d\u2019information \u00e0 ce sujet :\u00a0<a href=\"https:\/\/apefasbl.org\/fonds\/fonds-damenagement-de-carriere\/asbloldtimer\/\">https:\/\/apefasbl.org\/fonds\/fonds-damenagement-de-carriere\/asbloldtimer\/<\/a><\/p>","_links":{"self":[{"href":"https:\/\/www.fileasbl.be\/membres\/wp-json\/wp\/v2\/posts\/33814","targetHints":{"allow":["GET"]}}],"collection":[{"href":"https:\/\/www.fileasbl.be\/membres\/wp-json\/wp\/v2\/posts"}],"about":[{"href":"https:\/\/www.fileasbl.be\/membres\/wp-json\/wp\/v2\/types\/post"}],"author":[{"embeddable":true,"href":"https:\/\/www.fileasbl.be\/membres\/wp-json\/wp\/v2\/users\/154"}],"replies":[{"embeddable":true,"href":"https:\/\/www.fileasbl.be\/membres\/wp-json\/wp\/v2\/comments?post=33814"}],"version-history":[{"count":0,"href":"https:\/\/www.fileasbl.be\/membres\/wp-json\/wp\/v2\/posts\/33814\/revisions"}],"wp:attachment":[{"href":"https:\/\/www.fileasbl.be\/membres\/wp-json\/wp\/v2\/media?parent=33814"}],"wp:term":[{"taxonomy":"category","embeddable":true,"href":"https:\/\/www.fileasbl.be\/membres\/wp-json\/wp\/v2\/categories?post=33814"},{"taxonomy":"post_tag","embeddable":true,"href":"https:\/\/www.fileasbl.be\/membres\/wp-json\/wp\/v2\/tags?post=33814"}],"curies":[{"name":"wp","href":"https:\/\/api.w.org\/{rel}","templated":true}]}}