{"id":33855,"date":"2025-10-14T09:01:32","date_gmt":"2025-10-14T08:01:32","guid":{"rendered":"https:\/\/www.fileasbl.be\/membres\/?p=33855"},"modified":"2025-12-05T14:24:08","modified_gmt":"2025-12-05T13:24:08","slug":"negocier-avec-les-syndicats-dans-mon-association-formation-juridique","status":"publish","type":"post","link":"https:\/\/www.fileasbl.be\/membres\/negocier-avec-les-syndicats-dans-mon-association-formation-juridique\/","title":{"rendered":"N\u00e9gocier avec les syndicats dans mon association &#8211; formation juridique"},"content":{"rendered":"<!--themify_builder_content-->\n<div id=\"themify_builder_content-33855\" data-postid=\"33855\" class=\"themify_builder_content themify_builder_content-33855 themify_builder tf_clear\">\n    \t<!-- module_row -->\n\t<div  data-lazy=\"1\" class=\"module_row themify_builder_row tb_32wo969 tb_first tf_clearfix\">\n\t    \t\t<div class=\"row_inner col_align_top col-count-1 tf_box tf_w tf_rel\">\n\t\t\t<div  data-lazy=\"1\" class=\"module_column tb-column col-full first tb_50ov969 tf_box\">\n\t\t\t    \t        <div class=\"tb-column-inner tf_box tf_w\">\n\t\t    \t<div  data-lazy=\"1\" class=\"module_subrow themify_builder_sub_row tb_u2qo543 tf_w tf_clearfix\">\n\t    \t\t<div class=\"subrow_inner col_align_top col-count-2 tf_box tf_w\">\n\t\t\t<div  data-lazy=\"1\" class=\"sub_column module_column tf_box col2-1 first tb_1n5k551\"> \n\t    \t    \t<\/div>\n\t\t<div  data-lazy=\"1\" class=\"sub_column module_column tf_box col2-1 last tb_ssmd551\"> \n\t    \t    \t<\/div>\n\t\t    <\/div>\n\t<\/div><!-- \/themify_builder_sub_row -->\n\t\t<div  data-lazy=\"1\" class=\"module_subrow themify_builder_sub_row tb_tupv422 tf_w tf_clearfix\">\n\t    \t\t<div class=\"subrow_inner col_align_top col-count-1 tf_box tf_w\">\n\t\t\t<div  data-lazy=\"1\" class=\"sub_column module_column tf_box col-full first tb_kjo1422\"> \n\t    \t    \t        <div class=\"tb-column-inner tf_box tf_w\">\n\t\t    <!-- module text -->\n<div  class=\"module module-text tb_ki94724   \" data-lazy=\"1\">\n        <div  class=\"tb_text_wrap\">\n    <h1>N\u00e9gocier avec les syndicats dans mon association<\/h1>\n<p>Une formation organis\u00e9e par une collaboration FILE-COSEGE.<\/p>\n<p>Cette formation s&rsquo;adresse aux directions et responsables RH des ASBL du secteur de l&rsquo;enfance.<\/p>\n<h2 class=\"cvGsUA direction-ltr align-justify para-style-title\"><span class=\"a_GcMg font-feature-liga-off font-feature-clig-off font-feature-calt-off text-decoration-none text-strikethrough-none\">Au programme:<\/span><\/h2>\n<h3 class=\"cvGsUA direction-ltr align-justify para-style-title\"><span class=\"a_GcMg font-feature-liga-off font-feature-clig-off font-feature-calt-off text-decoration-none text-strikethrough-none\">Comprendre les organes de concertation internes, pr\u00e9parer son argumentation et mener efficacement une n\u00e9gociation avec les repr\u00e9sentants des travailleurs.<\/span><\/h3>\n<p class=\"cvGsUA direction-ltr align-justify para-style-title\"><span class=\"a_GcMg font-feature-liga-off font-feature-clig-off font-feature-calt-off text-decoration-none text-strikethrough-none\">Les directions des ASBL du secteur de l\u2019enfance sont de plus en plus souvent confront\u00e9es \u00e0 des instances syndicales install\u00e9es au sein de leur structure, qu\u2019il s\u2019agisse d\u2019une d\u00e9l\u00e9gation syndicale, d\u2019un CPPT ou d\u2019un Conseil d\u2019Entreprise (ou les 3 en m\u00eame temps).<\/span><\/p>\n<p class=\"cvGsUA direction-ltr align-justify para-style-title\"><span class=\"a_GcMg font-feature-liga-off font-feature-clig-off font-feature-calt-off text-decoration-none text-strikethrough-none\">Cette journ\u00e9e a pour objectif de donner les cl\u00e9s pour mener \u00e0 bien les n\u00e9gociations internes :<\/span><\/p>\n<ul>\n<li><span class=\"a_GcMg font-feature-liga-off font-feature-clig-off font-feature-calt-off text-decoration-none text-strikethrough-none\">Quels sont les diff\u00e9rents organes syndicaux et quelles sont leurs missions respectives (d\u00e9l\u00e9gation syndicale, CPPT ou conseil d\u2019entreprise) ?<\/span><\/li>\n<li><span class=\"a_GcMg font-feature-liga-off font-feature-clig-off font-feature-calt-off text-decoration-none text-strikethrough-none\">Comment pr\u00e9parer une n\u00e9gociation ?<\/span><\/li>\n<li><span class=\"a_GcMg font-feature-liga-off font-feature-clig-off font-feature-calt-off text-decoration-none text-strikethrough-none\">Comment n\u00e9gocier un accord qui pr\u00e9servera la paix sociale ?<\/span><\/li>\n<li><span class=\"a_GcMg font-feature-liga-off font-feature-clig-off font-feature-calt-off text-decoration-none text-strikethrough-none\">\u2026<\/span><\/li>\n<\/ul>\n<p class=\"cvGsUA direction-ltr align-justify para-style-title\"><span class=\"a_GcMg font-feature-liga-off font-feature-clig-off font-feature-calt-off text-decoration-none text-strikethrough-none\">Une attention particuli\u00e8re sera apport\u00e9e aux sp\u00e9cificit\u00e9s de l\u2019accueil \u00e0 domicile en mati\u00e8re de d\u00e9l\u00e9gation syndicale.<\/span><\/p>\n<h2>Formateur: Pierre Malaise<\/h2>\n<p class=\"cvGsUA direction-ltr align-justify para-style-title\"><span class=\"a_GcMg font-feature-liga-off font-feature-clig-off font-feature-calt-off text-decoration-none text-strikethrough-none\">Directeur de la Conf\u00e9d\u00e9ration des Employeurs des Secteurs Sportif et SocioCulturel (CESSoC) depuis sa cr\u00e9ation en 1996 jusqu\u2019en 2024.<\/span><\/p>\n<p class=\"cvGsUA direction-ltr align-justify para-style-title\"><span class=\"a_GcMg font-feature-liga-off font-feature-clig-off font-feature-calt-off text-decoration-none text-strikethrough-none\">Charg\u00e9 de n\u00e9gociation et porte-parole \u00e0 la commission paritaire 329, dans les Fonds sociaux et aupr\u00e8s des pouvoirs publics.<\/span><\/p>\n<p class=\"cvGsUA direction-ltr align-justify para-style-title\"><span class=\"a_GcMg font-feature-liga-off font-feature-clig-off font-feature-calt-off text-decoration-none text-strikethrough-none\">Intervenant et formateur dans diverses mati\u00e8res li\u00e9es \u00e0 la gouvernance et l\u2019organisation des ASBL, aux relations collectives de travail et \u00e0 la n\u00e9gociation<\/span><\/p>\n<h2>En pratique<\/h2>\n<h4>Date<\/h4>\n<p>le 20 novembre 2025<\/p>\n<h4>Horaire<\/h4>\n<p>de 9h30 \u00e0 16h30 (accueil caf\u00e9 \u00e0 9h)<\/p>\n<h4>Lieu<\/h4>\n<p>\u00e0 la FILE, avenue de Citeaux 114 \u00e0 1348 Louvain-la-Neuve<\/p>\n<h4>Prix<\/h4>\n<p>70 \u20ac (lunch compris)<\/p>\n<h2>Pour s&rsquo;inscrire<\/h2>\n<ul>\n<li><a href=\"https:\/\/docs.google.com\/forms\/d\/e\/1FAIpQLSd-DDmRm_LKPL4MmRCF-ppbb_G0Laf4aUeC8pn-zqb-eciflA\/viewform?usp=header\">N\u00e9gocier avec les syndicats dans mon associations (20 novembre 2025) Collaboration FILE \u2013 COSEGE.\u00a0<strong>Inscriptions par ici !<\/strong><\/a><\/li>\n<\/ul>    <\/div>\n<\/div>\n<!-- \/module text --><!-- module image -->\n<div  class=\"module module-image tb_q2d2617   image-top tf_mw\" data-lazy=\"1\">\n        <div class=\"image-wrap tf_rel tf_mw\">\n\t\t    <img loading=\"lazy\" decoding=\"async\" width=\"493\" height=\"701\" src=\"https:\/\/www.fileasbl.be\/membres\/wp-content\/uploads\/2025\/07\/Capture-decran-2025-07-25-155312.png\" class=\"wp-post-image wp-image-33579\" title=\"Capture d&#039;\u00e9cran 2025-07-25 155312\" alt=\"Capture d&#039;\u00e9cran 2025-07-25 155312\" srcset=\"https:\/\/www.fileasbl.be\/membres\/wp-content\/uploads\/2025\/07\/Capture-decran-2025-07-25-155312.png 493w, https:\/\/www.fileasbl.be\/membres\/wp-content\/uploads\/2025\/07\/Capture-decran-2025-07-25-155312-211x300.png 211w, https:\/\/www.fileasbl.be\/membres\/wp-content\/uploads\/2025\/07\/Capture-decran-2025-07-25-155312-400x569.png 400w\" sizes=\"auto, (max-width: 493px) 100vw, 493px\" \/>\t\n\t\t<\/div>\n\t<!-- \/image-wrap -->\n    \n    \t<\/div>\n<!-- \/module image --><!-- module text -->\n<div  class=\"module module-text tb_gmn2602   \" data-lazy=\"1\">\n        <div  class=\"tb_text_wrap\">\n    <h2>Nos autres formations juridiques en 2025-2026<\/h2>\n<h3>Le contrat de remplacement<\/h3>\n<p>Le 13 janvier 2026 (mettre un lien)<\/p>\n<h3>La concertation sociale interne dans les milieux d&rsquo;accueil du secteur public<\/h3>\n<p>Le 30 janvier 2026 (mettre un lien)<\/p>\n<h3>L&rsquo;incapacit\u00e9 de travail<\/h3>\n<p>Le 5 mars 2026 (mettre un lien)<\/p>\n<h3>La rupture du contrat de travail<\/h3>\n<p>Le 7 avril 2026 (mettre un lien)<\/p>    <\/div>\n<\/div>\n<!-- \/module text -->\t        <\/div>\n\t    \t<\/div>\n\t\t    <\/div>\n\t<\/div><!-- \/themify_builder_sub_row -->\n\t\t        <\/div>\n\t    \t<\/div>\n\t\t    <\/div>\n\t    <!-- \/row_inner -->\n\t<\/div>\n\t<!-- \/module_row -->\n\t<\/div>\n<!--\/themify_builder_content-->","protected":false},"excerpt":{"rendered":"<p>N\u00e9gocier avec les syndicats dans mon association Une formation organis\u00e9e par une collaboration FILE-COSEGE. Cette formation s&rsquo;adresse aux directions et responsables RH des ASBL du secteur de l&rsquo;enfance. Au programme: Comprendre les organes de concertation internes, pr\u00e9parer son argumentation et mener efficacement une n\u00e9gociation avec les repr\u00e9sentants des travailleurs. Les directions des ASBL du secteur [&hellip;]<\/p>\n","protected":false},"author":148,"featured_media":33583,"comment_status":"closed","ping_status":"closed","sticky":false,"template":"","format":"standard","meta":{"footnotes":""},"categories":[275,241,278,236,9],"tags":[],"class_list":["post-33855","post","type-post","status-publish","format-standard","has-post-thumbnail","hentry","category-a-la-une","category-asbl","category-qualification","category-reglement-travail","category-statut-des-accueillantes","has-post-title","has-post-date","has-post-category","has-post-tag","has-post-comment","has-post-author",""],"yoast_head":"<!-- This site is optimized with the Yoast SEO plugin v27.5 - https:\/\/yoast.com\/product\/yoast-seo-wordpress\/ -->\n<title>N\u00e9gocier avec les syndicats dans mon association - formation juridique - Site de la FILE<\/title>\n<meta name=\"robots\" content=\"index, follow, max-snippet:-1, max-image-preview:large, max-video-preview:-1\" \/>\n<link rel=\"canonical\" href=\"https:\/\/www.fileasbl.be\/membres\/negocier-avec-les-syndicats-dans-mon-association-formation-juridique\/\" \/>\n<meta property=\"og:locale\" content=\"fr_FR\" \/>\n<meta property=\"og:type\" content=\"article\" \/>\n<meta property=\"og:title\" content=\"N\u00e9gocier avec les syndicats dans mon association - formation juridique - Site de la FILE\" \/>\n<meta property=\"og:description\" content=\"N\u00e9gocier avec les syndicats dans mon association Une formation organis\u00e9e par une collaboration FILE-COSEGE. Cette formation s&#039;adresse aux directions et responsables RH des ASBL du secteur de l&#039;enfance. Au programme: Comprendre les organes de concertation internes, pr\u00e9parer son argumentation et mener efficacement une n\u00e9gociation avec les repr\u00e9sentants des travailleurs. Les directions des ASBL du secteur [&hellip;]\" \/>\n<meta property=\"og:url\" content=\"https:\/\/www.fileasbl.be\/membres\/negocier-avec-les-syndicats-dans-mon-association-formation-juridique\/\" \/>\n<meta property=\"og:site_name\" content=\"Site de la FILE\" \/>\n<meta property=\"article:publisher\" content=\"https:\/\/www.facebook.com\/fileasbl\/\" \/>\n<meta property=\"article:published_time\" content=\"2025-10-14T08:01:32+00:00\" \/>\n<meta property=\"article:modified_time\" content=\"2025-12-05T13:24:08+00:00\" \/>\n<meta property=\"og:image\" content=\"https:\/\/www.fileasbl.be\/membres\/wp-content\/uploads\/2025\/07\/Capture-decran-2025-07-25-160115.png\" \/>\n\t<meta property=\"og:image:width\" content=\"494\" \/>\n\t<meta property=\"og:image:height\" content=\"703\" \/>\n\t<meta property=\"og:image:type\" content=\"image\/png\" \/>\n<meta name=\"author\" content=\"Carine Delr\u00e9e\" \/>\n<meta name=\"twitter:card\" content=\"summary_large_image\" \/>\n<meta name=\"twitter:label1\" content=\"\u00c9crit par\" \/>\n\t<meta name=\"twitter:data1\" content=\"Carine Delr\u00e9e\" \/>\n\t<meta name=\"twitter:label2\" content=\"Dur\u00e9e de lecture estim\u00e9e\" \/>\n\t<meta name=\"twitter:data2\" content=\"3 minutes\" \/>\n<script type=\"application\/ld+json\" class=\"yoast-schema-graph\">{\"@context\":\"https:\\\/\\\/schema.org\",\"@graph\":[{\"@type\":\"Article\",\"@id\":\"https:\\\/\\\/www.fileasbl.be\\\/membres\\\/negocier-avec-les-syndicats-dans-mon-association-formation-juridique\\\/#article\",\"isPartOf\":{\"@id\":\"https:\\\/\\\/www.fileasbl.be\\\/membres\\\/negocier-avec-les-syndicats-dans-mon-association-formation-juridique\\\/\"},\"author\":{\"name\":\"Carine Delr\u00e9e\",\"@id\":\"https:\\\/\\\/www.fileasbl.be\\\/membres\\\/#\\\/schema\\\/person\\\/35f9ea1c887a9c887cf2042f7d125f08\"},\"headline\":\"N\u00e9gocier avec les syndicats dans mon association &#8211; formation juridique\",\"datePublished\":\"2025-10-14T08:01:32+00:00\",\"dateModified\":\"2025-12-05T13:24:08+00:00\",\"mainEntityOfPage\":{\"@id\":\"https:\\\/\\\/www.fileasbl.be\\\/membres\\\/negocier-avec-les-syndicats-dans-mon-association-formation-juridique\\\/\"},\"wordCount\":11,\"image\":{\"@id\":\"https:\\\/\\\/www.fileasbl.be\\\/membres\\\/negocier-avec-les-syndicats-dans-mon-association-formation-juridique\\\/#primaryimage\"},\"thumbnailUrl\":\"https:\\\/\\\/www.fileasbl.be\\\/membres\\\/wp-content\\\/uploads\\\/2025\\\/07\\\/Capture-decran-2025-07-25-160115.png\",\"articleSection\":[\"A la Une\",\"ASBL\",\"Formation juridique\",\"R\u00e8glement travail\",\"Statut des accueillantes\"],\"inLanguage\":\"fr-FR\"},{\"@type\":\"WebPage\",\"@id\":\"https:\\\/\\\/www.fileasbl.be\\\/membres\\\/negocier-avec-les-syndicats-dans-mon-association-formation-juridique\\\/\",\"url\":\"https:\\\/\\\/www.fileasbl.be\\\/membres\\\/negocier-avec-les-syndicats-dans-mon-association-formation-juridique\\\/\",\"name\":\"N\u00e9gocier avec les syndicats dans mon association - formation juridique - Site de la FILE\",\"isPartOf\":{\"@id\":\"https:\\\/\\\/www.fileasbl.be\\\/membres\\\/#website\"},\"primaryImageOfPage\":{\"@id\":\"https:\\\/\\\/www.fileasbl.be\\\/membres\\\/negocier-avec-les-syndicats-dans-mon-association-formation-juridique\\\/#primaryimage\"},\"image\":{\"@id\":\"https:\\\/\\\/www.fileasbl.be\\\/membres\\\/negocier-avec-les-syndicats-dans-mon-association-formation-juridique\\\/#primaryimage\"},\"thumbnailUrl\":\"https:\\\/\\\/www.fileasbl.be\\\/membres\\\/wp-content\\\/uploads\\\/2025\\\/07\\\/Capture-decran-2025-07-25-160115.png\",\"datePublished\":\"2025-10-14T08:01:32+00:00\",\"dateModified\":\"2025-12-05T13:24:08+00:00\",\"author\":{\"@id\":\"https:\\\/\\\/www.fileasbl.be\\\/membres\\\/#\\\/schema\\\/person\\\/35f9ea1c887a9c887cf2042f7d125f08\"},\"breadcrumb\":{\"@id\":\"https:\\\/\\\/www.fileasbl.be\\\/membres\\\/negocier-avec-les-syndicats-dans-mon-association-formation-juridique\\\/#breadcrumb\"},\"inLanguage\":\"fr-FR\",\"potentialAction\":[{\"@type\":\"ReadAction\",\"target\":[\"https:\\\/\\\/www.fileasbl.be\\\/membres\\\/negocier-avec-les-syndicats-dans-mon-association-formation-juridique\\\/\"]}]},{\"@type\":\"ImageObject\",\"inLanguage\":\"fr-FR\",\"@id\":\"https:\\\/\\\/www.fileasbl.be\\\/membres\\\/negocier-avec-les-syndicats-dans-mon-association-formation-juridique\\\/#primaryimage\",\"url\":\"https:\\\/\\\/www.fileasbl.be\\\/membres\\\/wp-content\\\/uploads\\\/2025\\\/07\\\/Capture-decran-2025-07-25-160115.png\",\"contentUrl\":\"https:\\\/\\\/www.fileasbl.be\\\/membres\\\/wp-content\\\/uploads\\\/2025\\\/07\\\/Capture-decran-2025-07-25-160115.png\",\"width\":494,\"height\":703},{\"@type\":\"BreadcrumbList\",\"@id\":\"https:\\\/\\\/www.fileasbl.be\\\/membres\\\/negocier-avec-les-syndicats-dans-mon-association-formation-juridique\\\/#breadcrumb\",\"itemListElement\":[{\"@type\":\"ListItem\",\"position\":1,\"name\":\"Accueil\",\"item\":\"https:\\\/\\\/www.fileasbl.be\\\/membres\\\/\"},{\"@type\":\"ListItem\",\"position\":2,\"name\":\"N\u00e9gocier avec les syndicats dans mon association &#8211; formation juridique\"}]},{\"@type\":\"WebSite\",\"@id\":\"https:\\\/\\\/www.fileasbl.be\\\/membres\\\/#website\",\"url\":\"https:\\\/\\\/www.fileasbl.be\\\/membres\\\/\",\"name\":\"Site de la FILE\",\"description\":\"FILE Un accueil de qualit\u00e9 accessible \u00e0 tous\",\"potentialAction\":[{\"@type\":\"SearchAction\",\"target\":{\"@type\":\"EntryPoint\",\"urlTemplate\":\"https:\\\/\\\/www.fileasbl.be\\\/membres\\\/?s={search_term_string}\"},\"query-input\":{\"@type\":\"PropertyValueSpecification\",\"valueRequired\":true,\"valueName\":\"search_term_string\"}}],\"inLanguage\":\"fr-FR\"},{\"@type\":\"Person\",\"@id\":\"https:\\\/\\\/www.fileasbl.be\\\/membres\\\/#\\\/schema\\\/person\\\/35f9ea1c887a9c887cf2042f7d125f08\",\"name\":\"Carine Delr\u00e9e\",\"sameAs\":[\"contact@fileasbl.be\"],\"url\":\"https:\\\/\\\/www.fileasbl.be\\\/membres\\\/author\\\/juriste\\\/\"}]}<\/script>\n<!-- \/ Yoast SEO plugin. -->","yoast_head_json":{"title":"N\u00e9gocier avec les syndicats dans mon association - formation juridique - Site de la FILE","robots":{"index":"index","follow":"follow","max-snippet":"max-snippet:-1","max-image-preview":"max-image-preview:large","max-video-preview":"max-video-preview:-1"},"canonical":"https:\/\/www.fileasbl.be\/membres\/negocier-avec-les-syndicats-dans-mon-association-formation-juridique\/","og_locale":"fr_FR","og_type":"article","og_title":"N\u00e9gocier avec les syndicats dans mon association - formation juridique - Site de la FILE","og_description":"N\u00e9gocier avec les syndicats dans mon association Une formation organis\u00e9e par une collaboration FILE-COSEGE. Cette formation s'adresse aux directions et responsables RH des ASBL du secteur de l'enfance. Au programme: Comprendre les organes de concertation internes, pr\u00e9parer son argumentation et mener efficacement une n\u00e9gociation avec les repr\u00e9sentants des travailleurs. Les directions des ASBL du secteur [&hellip;]","og_url":"https:\/\/www.fileasbl.be\/membres\/negocier-avec-les-syndicats-dans-mon-association-formation-juridique\/","og_site_name":"Site de la FILE","article_publisher":"https:\/\/www.facebook.com\/fileasbl\/","article_published_time":"2025-10-14T08:01:32+00:00","article_modified_time":"2025-12-05T13:24:08+00:00","og_image":[{"width":494,"height":703,"url":"https:\/\/www.fileasbl.be\/membres\/wp-content\/uploads\/2025\/07\/Capture-decran-2025-07-25-160115.png","type":"image\/png"}],"author":"Carine Delr\u00e9e","twitter_card":"summary_large_image","twitter_misc":{"\u00c9crit par":"Carine Delr\u00e9e","Dur\u00e9e de lecture estim\u00e9e":"3 minutes"},"schema":{"@context":"https:\/\/schema.org","@graph":[{"@type":"Article","@id":"https:\/\/www.fileasbl.be\/membres\/negocier-avec-les-syndicats-dans-mon-association-formation-juridique\/#article","isPartOf":{"@id":"https:\/\/www.fileasbl.be\/membres\/negocier-avec-les-syndicats-dans-mon-association-formation-juridique\/"},"author":{"name":"Carine Delr\u00e9e","@id":"https:\/\/www.fileasbl.be\/membres\/#\/schema\/person\/35f9ea1c887a9c887cf2042f7d125f08"},"headline":"N\u00e9gocier avec les syndicats dans mon association &#8211; formation juridique","datePublished":"2025-10-14T08:01:32+00:00","dateModified":"2025-12-05T13:24:08+00:00","mainEntityOfPage":{"@id":"https:\/\/www.fileasbl.be\/membres\/negocier-avec-les-syndicats-dans-mon-association-formation-juridique\/"},"wordCount":11,"image":{"@id":"https:\/\/www.fileasbl.be\/membres\/negocier-avec-les-syndicats-dans-mon-association-formation-juridique\/#primaryimage"},"thumbnailUrl":"https:\/\/www.fileasbl.be\/membres\/wp-content\/uploads\/2025\/07\/Capture-decran-2025-07-25-160115.png","articleSection":["A la Une","ASBL","Formation juridique","R\u00e8glement travail","Statut des accueillantes"],"inLanguage":"fr-FR"},{"@type":"WebPage","@id":"https:\/\/www.fileasbl.be\/membres\/negocier-avec-les-syndicats-dans-mon-association-formation-juridique\/","url":"https:\/\/www.fileasbl.be\/membres\/negocier-avec-les-syndicats-dans-mon-association-formation-juridique\/","name":"N\u00e9gocier avec les syndicats dans mon association - formation juridique - Site de la FILE","isPartOf":{"@id":"https:\/\/www.fileasbl.be\/membres\/#website"},"primaryImageOfPage":{"@id":"https:\/\/www.fileasbl.be\/membres\/negocier-avec-les-syndicats-dans-mon-association-formation-juridique\/#primaryimage"},"image":{"@id":"https:\/\/www.fileasbl.be\/membres\/negocier-avec-les-syndicats-dans-mon-association-formation-juridique\/#primaryimage"},"thumbnailUrl":"https:\/\/www.fileasbl.be\/membres\/wp-content\/uploads\/2025\/07\/Capture-decran-2025-07-25-160115.png","datePublished":"2025-10-14T08:01:32+00:00","dateModified":"2025-12-05T13:24:08+00:00","author":{"@id":"https:\/\/www.fileasbl.be\/membres\/#\/schema\/person\/35f9ea1c887a9c887cf2042f7d125f08"},"breadcrumb":{"@id":"https:\/\/www.fileasbl.be\/membres\/negocier-avec-les-syndicats-dans-mon-association-formation-juridique\/#breadcrumb"},"inLanguage":"fr-FR","potentialAction":[{"@type":"ReadAction","target":["https:\/\/www.fileasbl.be\/membres\/negocier-avec-les-syndicats-dans-mon-association-formation-juridique\/"]}]},{"@type":"ImageObject","inLanguage":"fr-FR","@id":"https:\/\/www.fileasbl.be\/membres\/negocier-avec-les-syndicats-dans-mon-association-formation-juridique\/#primaryimage","url":"https:\/\/www.fileasbl.be\/membres\/wp-content\/uploads\/2025\/07\/Capture-decran-2025-07-25-160115.png","contentUrl":"https:\/\/www.fileasbl.be\/membres\/wp-content\/uploads\/2025\/07\/Capture-decran-2025-07-25-160115.png","width":494,"height":703},{"@type":"BreadcrumbList","@id":"https:\/\/www.fileasbl.be\/membres\/negocier-avec-les-syndicats-dans-mon-association-formation-juridique\/#breadcrumb","itemListElement":[{"@type":"ListItem","position":1,"name":"Accueil","item":"https:\/\/www.fileasbl.be\/membres\/"},{"@type":"ListItem","position":2,"name":"N\u00e9gocier avec les syndicats dans mon association &#8211; formation juridique"}]},{"@type":"WebSite","@id":"https:\/\/www.fileasbl.be\/membres\/#website","url":"https:\/\/www.fileasbl.be\/membres\/","name":"Site de la FILE","description":"FILE Un accueil de qualit\u00e9 accessible \u00e0 tous","potentialAction":[{"@type":"SearchAction","target":{"@type":"EntryPoint","urlTemplate":"https:\/\/www.fileasbl.be\/membres\/?s={search_term_string}"},"query-input":{"@type":"PropertyValueSpecification","valueRequired":true,"valueName":"search_term_string"}}],"inLanguage":"fr-FR"},{"@type":"Person","@id":"https:\/\/www.fileasbl.be\/membres\/#\/schema\/person\/35f9ea1c887a9c887cf2042f7d125f08","name":"Carine Delr\u00e9e","sameAs":["contact@fileasbl.be"],"url":"https:\/\/www.fileasbl.be\/membres\/author\/juriste\/"}]}},"builder_content":"<h1>N\u00e9gocier avec les syndicats dans mon association<\/h1> <p>Une formation organis\u00e9e par une collaboration FILE-COSEGE.<\/p> <p>Cette formation s'adresse aux directions et responsables RH des ASBL du secteur de l'enfance.<\/p> <h2>Au programme:<\/h2> <h3>Comprendre les organes de concertation internes, pr\u00e9parer son argumentation et mener efficacement une n\u00e9gociation avec les repr\u00e9sentants des travailleurs.<\/h3> <p>Les directions des ASBL du secteur de l\u2019enfance sont de plus en plus souvent confront\u00e9es \u00e0 des instances syndicales install\u00e9es au sein de leur structure, qu\u2019il s\u2019agisse d\u2019une d\u00e9l\u00e9gation syndicale, d\u2019un CPPT ou d\u2019un Conseil d\u2019Entreprise (ou les 3 en m\u00eame temps).<\/p> <p>Cette journ\u00e9e a pour objectif de donner les cl\u00e9s pour mener \u00e0 bien les n\u00e9gociations internes :<\/p> <ul> <li>Quels sont les diff\u00e9rents organes syndicaux et quelles sont leurs missions respectives (d\u00e9l\u00e9gation syndicale, CPPT ou conseil d\u2019entreprise) ?<\/li> <li>Comment pr\u00e9parer une n\u00e9gociation ?<\/li> <li>Comment n\u00e9gocier un accord qui pr\u00e9servera la paix sociale ?<\/li> <li>\u2026<\/li> <\/ul> <p>Une attention particuli\u00e8re sera apport\u00e9e aux sp\u00e9cificit\u00e9s de l\u2019accueil \u00e0 domicile en mati\u00e8re de d\u00e9l\u00e9gation syndicale.<\/p> <h2>Formateur: Pierre Malaise<\/h2> <p>Directeur de la Conf\u00e9d\u00e9ration des Employeurs des Secteurs Sportif et SocioCulturel (CESSoC) depuis sa cr\u00e9ation en 1996 jusqu\u2019en 2024.<\/p> <p>Charg\u00e9 de n\u00e9gociation et porte-parole \u00e0 la commission paritaire 329, dans les Fonds sociaux et aupr\u00e8s des pouvoirs publics.<\/p> <p>Intervenant et formateur dans diverses mati\u00e8res li\u00e9es \u00e0 la gouvernance et l\u2019organisation des ASBL, aux relations collectives de travail et \u00e0 la n\u00e9gociation<\/p> <h2>En pratique<\/h2> <h4>Date<\/h4> <p>le 20 novembre 2025<\/p> <h4>Horaire<\/h4> <p>de 9h30 \u00e0 16h30 (accueil caf\u00e9 \u00e0 9h)<\/p> <h4>Lieu<\/h4> <p>\u00e0 la FILE, avenue de Citeaux 114 \u00e0 1348 Louvain-la-Neuve<\/p> <h4>Prix<\/h4> <p>70 \u20ac (lunch compris)<\/p> <h2>Pour s'inscrire<\/h2> <ul> <li><a href=\"https:\/\/docs.google.com\/forms\/d\/e\/1FAIpQLSd-DDmRm_LKPL4MmRCF-ppbb_G0Laf4aUeC8pn-zqb-eciflA\/viewform?usp=header\">N\u00e9gocier avec les syndicats dans mon associations (20 novembre 2025) Collaboration FILE \u2013 COSEGE.\u00a0<strong>Inscriptions par ici !<\/strong><\/a><\/li> <\/ul>\n<img loading=\"lazy\" decoding=\"async\" width=\"493\" height=\"701\" src=\"https:\/\/www.fileasbl.be\/membres\/wp-content\/uploads\/2025\/07\/Capture-decran-2025-07-25-155312.png\" title=\"Capture d&#039;\u00e9cran 2025-07-25 155312\" alt=\"Capture d&#039;\u00e9cran 2025-07-25 155312\" srcset=\"https:\/\/www.fileasbl.be\/membres\/wp-content\/uploads\/2025\/07\/Capture-decran-2025-07-25-155312.png 493w, https:\/\/www.fileasbl.be\/membres\/wp-content\/uploads\/2025\/07\/Capture-decran-2025-07-25-155312-211x300.png 211w, https:\/\/www.fileasbl.be\/membres\/wp-content\/uploads\/2025\/07\/Capture-decran-2025-07-25-155312-400x569.png 400w\" sizes=\"auto, (max-width: 493px) 100vw, 493px\" \/>\n<h2>Nos autres formations juridiques en 2025-2026<\/h2> <h3>Le contrat de remplacement<\/h3> <p>Le 13 janvier 2026 (mettre un lien)<\/p> <h3>La concertation sociale interne dans les milieux d'accueil du secteur public<\/h3> <p>Le 30 janvier 2026 (mettre un lien)<\/p> <h3>L'incapacit\u00e9 de travail<\/h3> <p>Le 5 mars 2026 (mettre un lien)<\/p> <h3>La rupture du contrat de travail<\/h3> <p>Le 7 avril 2026 (mettre un lien)<\/p>","_links":{"self":[{"href":"https:\/\/www.fileasbl.be\/membres\/wp-json\/wp\/v2\/posts\/33855","targetHints":{"allow":["GET"]}}],"collection":[{"href":"https:\/\/www.fileasbl.be\/membres\/wp-json\/wp\/v2\/posts"}],"about":[{"href":"https:\/\/www.fileasbl.be\/membres\/wp-json\/wp\/v2\/types\/post"}],"author":[{"embeddable":true,"href":"https:\/\/www.fileasbl.be\/membres\/wp-json\/wp\/v2\/users\/148"}],"replies":[{"embeddable":true,"href":"https:\/\/www.fileasbl.be\/membres\/wp-json\/wp\/v2\/comments?post=33855"}],"version-history":[{"count":0,"href":"https:\/\/www.fileasbl.be\/membres\/wp-json\/wp\/v2\/posts\/33855\/revisions"}],"wp:featuredmedia":[{"embeddable":true,"href":"https:\/\/www.fileasbl.be\/membres\/wp-json\/wp\/v2\/media\/33583"}],"wp:attachment":[{"href":"https:\/\/www.fileasbl.be\/membres\/wp-json\/wp\/v2\/media?parent=33855"}],"wp:term":[{"taxonomy":"category","embeddable":true,"href":"https:\/\/www.fileasbl.be\/membres\/wp-json\/wp\/v2\/categories?post=33855"},{"taxonomy":"post_tag","embeddable":true,"href":"https:\/\/www.fileasbl.be\/membres\/wp-json\/wp\/v2\/tags?post=33855"}],"curies":[{"name":"wp","href":"https:\/\/api.w.org\/{rel}","templated":true}]}}