{"id":34099,"date":"2025-12-05T14:17:08","date_gmt":"2025-12-05T13:17:08","guid":{"rendered":"https:\/\/www.fileasbl.be\/membres\/?p=34099"},"modified":"2025-12-05T14:24:50","modified_gmt":"2025-12-05T13:24:50","slug":"extrascool-2026","status":"publish","type":"post","link":"https:\/\/www.fileasbl.be\/membres\/extrascool-2026\/","title":{"rendered":"ExtrasCOOL 2026"},"content":{"rendered":"<!--themify_builder_content-->\n<div id=\"themify_builder_content-34099\" data-postid=\"34099\" class=\"themify_builder_content themify_builder_content-34099 themify_builder tf_clear\">\n    \t<!-- module_row -->\n\t<div  data-lazy=\"1\" class=\"module_row themify_builder_row tb_f38789 tb_first tf_clearfix\">\n\t    \t\t<div class=\"row_inner col_align_top col-count-1 tf_box tf_w tf_rel\">\n\t\t\t<div  data-lazy=\"1\" class=\"module_column tb-column col-full first tb_6fgr90 tf_box\">\n\t\t\t    \t        <div class=\"tb-column-inner tf_box tf_w\">\n\t\t    <!-- module image -->\n<div  class=\"module module-image tb_k7d7777   image-center tf_mw\" data-lazy=\"1\">\n        <div class=\"image-wrap tf_rel tf_mw\">\n\t\t    <img loading=\"lazy\" decoding=\"async\" width=\"600\" height=\"200\" src=\"https:\/\/www.fileasbl.be\/membres\/wp-content\/uploads\/2025\/12\/fff6e5.png\" class=\"wp-post-image wp-image-34100\" title=\"#fff6e5\" alt=\"#fff6e5\" srcset=\"https:\/\/www.fileasbl.be\/membres\/wp-content\/uploads\/2025\/12\/fff6e5.png 600w, https:\/\/www.fileasbl.be\/membres\/wp-content\/uploads\/2025\/12\/fff6e5-300x100.png 300w, https:\/\/www.fileasbl.be\/membres\/wp-content\/uploads\/2025\/12\/fff6e5-400x133.png 400w\" sizes=\"auto, (max-width: 600px) 100vw, 600px\" \/>\t\n\t\t<\/div>\n\t<!-- \/image-wrap -->\n    \n    \t<\/div>\n<!-- \/module image --><!-- module text -->\n<div  class=\"module module-text tb_i5fd191   \" data-lazy=\"1\">\n        <div  class=\"tb_text_wrap\">\n    <hr \/><p>Cette ann\u00e9e, la journ\u00e9e ExtrasCOOL 2026 mettra en lumi\u00e8re la continuit\u00e9 des pratiques et l\u2019accompagnement : l\u2019animateur\u00b7trice est une pr\u00e9sence constante, un visage de r\u00e9f\u00e9rence pour les enfants et leurs familles.<\/p><p>Nous voulions un th\u00e8me qui valorise l\u2019engagement quotidien de nos \u00e9quipes et rappelle combien la continuit\u00e9 \u00e9ducative favorise le bien-\u00eatre et l\u2019\u00e9panouissement des enfants.<\/p>    <\/div>\n<\/div>\n<!-- \/module text --><!-- module divider -->\n<div  class=\"module tf_mw module-divider tb_cxsu113 solid   \" style=\"border-width: 1px;border-color: #000;margin-top: 20px;margin-bottom: 20px;\" data-lazy=\"1\">\n    <\/div>\n<!-- \/module divider -->\n<!-- module fancy heading -->\n<div  class=\"module module-fancy-heading tb_wmn8294 \" data-lazy=\"1\">\n        <h1 class=\"fancy-heading\">\n    <span class=\"main-head tf_block\">\n\t\t\t\t\tLa continuit\u00e9 des pratiques \t\t    <\/span>\n\n\t\n    <span class=\"sub-head tf_block tf_rel\">\n\t\t\t\t\tUn rep\u00e8re essentiel pour les enfants et leurs familles\t\t    <\/span>\n    <\/h1>\n<\/div>\n<!-- \/module fancy heading -->\n<!-- module text -->\n<div  class=\"module module-text tb_aqeq587   \" data-lazy=\"1\">\n        <div  class=\"tb_text_wrap\">\n    <p>Pour les enfants, la r\u00e9p\u00e9tition des m\u00eames pratiques \u00e9ducatives n\u2019est pas une routine vide : c\u2019est un point d\u2019ancrage.<br \/>Les animateurs,trices, en \u00e9tant pr\u00e9sents r\u00e9guli\u00e8rement, incarnent des figures de r\u00e9f\u00e9rence. Ils savent rep\u00e9rer les besoins, reconna\u00eetre les \u00e9motions, comprendre les habitudes de chaque enfant.<\/p><p>Cette stabilit\u00e9, ce rep\u00e8re :<\/p><p>\u2022 apaise les transitions (arriv\u00e9es, d\u00e9parts, changements d\u2019activit\u00e9),<br \/>\u2022 favorise l&rsquo;autonomie, car l\u2019enfant sait \u00e0 quoi s\u2019attendre,<br \/>\u2022 renforce la s\u00e9curit\u00e9 affective, indispensable \u00e0 tout apprentissage,<br \/>\u2022 soutient la confiance, condition essentielle pour oser explorer et s\u2019exprimer.<\/p><p>Un enfant qui retrouve un animateur,trice qu\u2019il conna\u00eet bien est un enfant qui se sent autoris\u00e9 \u00e0 grandir.<\/p>    <\/div>\n<\/div>\n<!-- \/module text --><!-- module fancy heading -->\n<div  class=\"module module-fancy-heading tb_4mk2227 \" data-lazy=\"1\">\n        <h1 class=\"fancy-heading\">\n    <span class=\"main-head tf_block\">\n\t\t\t\t\t\t\t    <\/span>\n\n\t\n    <span class=\"sub-head tf_block tf_rel\">\n\t\t\t\t\tUne relation de confiance avec les familles\t\t    <\/span>\n    <\/h1>\n<\/div>\n<!-- \/module fancy heading -->\n<!-- module text -->\n<div  class=\"module module-text tb_ocia522   \" data-lazy=\"1\">\n        <div  class=\"tb_text_wrap\">\n    <p>La continuit\u00e9 des pratiques est tout aussi pr\u00e9cieuse pour les parents.<br \/>Savoir que l\u2019\u00e9quipe est pr\u00e9sente, adopte les m\u00eames gestes, les m\u00eames valeurs \u00e9ducatives, les m\u00eames modes d\u2019accompagnement cr\u00e9e un sentiment de s\u00e9curit\u00e9 et de coh\u00e9rence.<\/p><p>Les familles trouvent dans les animateurs :<br \/>\u2022 des relais \u00e9ducatifs stables,<br \/>\u2022 des professionnels qui suivent l\u2019\u00e9volution de leur enfant dans le temps,<br \/>\u2022 des partenaires avec qui \u00e9changer, questionner, r\u00e9fl\u00e9chir.<\/p><p>Cette proximit\u00e9 favorise une communication fluide, apaise les inqui\u00e9tudes et consolide le lien entre la maison et ce 3i\u00e8me lieu de vie de l\u2019enfant.<\/p>    <\/div>\n<\/div>\n<!-- \/module text --><!-- module image -->\n<div  class=\"module module-image tb_kks0322   image-center tf_mw\" data-lazy=\"1\">\n        <div class=\"image-wrap tf_rel tf_mw\">\n\t\t    <img loading=\"lazy\" decoding=\"async\" width=\"1920\" height=\"1080\" src=\"https:\/\/www.fileasbl.be\/membres\/wp-content\/uploads\/2025\/12\/230126.gif\" class=\"wp-post-image wp-image-34102\" title=\"230126\" alt=\"230126\">\t\n\t\t<\/div>\n\t<!-- \/image-wrap -->\n    \n    \t<\/div>\n<!-- \/module image --><!-- module text -->\n<div  class=\"module module-text tb_j93q496   \" data-lazy=\"1\">\n        <div  class=\"tb_text_wrap\">\n    <p>\u00a0<\/p>\n<p>Pour mettre en lumi\u00e8re cela, nous faisons confiance \u00e0 la cr\u00e9ativit\u00e9 des animateurs et animatrices extrascolaires ! Voici quelques inspirations si vous n\u00e9cessitez un peu plus de guidance dans la r\u00e9alisation de votre calendrier de l\u2019Apr\u00e8s !<\/p>    <\/div>\n<\/div>\n<!-- \/module text --><!-- module gallery -->\n<div  class=\"module gallery module-gallery tb_zgym72 layout-grid  \" data-lazy=\"1\">\n    <div class=\"module-gallery-grid gallery-columns-4 tf_clear\">\n\t\t\t<dl class=\"gallery-item\">\n\t\t\t<dt class=\"gallery-icon\">\n\t\t\t<a data-title=\"\" title=\"\" href=\"https:\/\/www.fileasbl.be\/membres\/wp-content\/uploads\/2025\/12\/telechargement.jpg\" data-rel=\"tb_zgym72\" class=\"themify_lightbox\"><img loading=\"lazy\" decoding=\"async\" src=\"https:\/\/www.fileasbl.be\/membres\/wp-content\/uploads\/2025\/12\/telechargement-576x1024-300x200.jpg\" width=\"300\" height=\"200\" class=\"wp-post-image wp-image-34107\" title=\"t\u00e9l\u00e9chargement\" alt=\"t\u00e9l\u00e9chargement\"><\/a>\t\t\t<\/dt>\n\t\t\t<dd>\n\t\t\t\t\t\t\t\t\t\t\t<\/dd>\n\t\t<\/dl>\n\t\t\t<dl class=\"gallery-item\">\n\t\t\t<dt class=\"gallery-icon\">\n\t\t\t<a data-title=\"\" title=\"\" href=\"https:\/\/www.fileasbl.be\/membres\/wp-content\/uploads\/2025\/12\/cd9a974972cf479eaf42f8264ce1d556.jpg\" data-rel=\"tb_zgym72\" class=\"themify_lightbox\"><img loading=\"lazy\" decoding=\"async\" src=\"https:\/\/www.fileasbl.be\/membres\/wp-content\/uploads\/2025\/12\/cd9a974972cf479eaf42f8264ce1d556-768x1024-300x200.jpg\" width=\"300\" height=\"200\" class=\"wp-post-image wp-image-34106\" title=\"cd9a974972cf479eaf42f8264ce1d556\" alt=\"cd9a974972cf479eaf42f8264ce1d556\"><\/a>\t\t\t<\/dt>\n\t\t\t<dd>\n\t\t\t\t\t\t\t\t\t\t\t<\/dd>\n\t\t<\/dl>\n\t\t\t<dl class=\"gallery-item\">\n\t\t\t<dt class=\"gallery-icon\">\n\t\t\t<a data-title=\"\" title=\"\" href=\"https:\/\/www.fileasbl.be\/membres\/wp-content\/uploads\/2025\/12\/206671f57a24e3b50d0446673da380f4.jpg\" data-rel=\"tb_zgym72\" class=\"themify_lightbox\"><img loading=\"lazy\" decoding=\"async\" src=\"https:\/\/www.fileasbl.be\/membres\/wp-content\/uploads\/2025\/12\/206671f57a24e3b50d0446673da380f4-683x1024-300x200.jpg\" width=\"300\" height=\"200\" class=\"wp-post-image wp-image-34105\" title=\"206671f57a24e3b50d0446673da380f4\" alt=\"206671f57a24e3b50d0446673da380f4\"><\/a>\t\t\t<\/dt>\n\t\t\t<dd>\n\t\t\t\t\t\t\t\t\t\t\t<\/dd>\n\t\t<\/dl>\n\t\t\t<dl class=\"gallery-item\">\n\t\t\t<dt class=\"gallery-icon\">\n\t\t\t<a data-title=\"\" title=\"\" href=\"https:\/\/www.fileasbl.be\/membres\/wp-content\/uploads\/2025\/12\/24ba393425eacfabc92ed185a6c77e6b.jpg\" data-rel=\"tb_zgym72\" class=\"themify_lightbox\"><img loading=\"lazy\" decoding=\"async\" src=\"https:\/\/www.fileasbl.be\/membres\/wp-content\/uploads\/2025\/12\/24ba393425eacfabc92ed185a6c77e6b-300x200.jpg\" width=\"300\" height=\"200\" class=\"wp-post-image wp-image-34104\" title=\"24ba393425eacfabc92ed185a6c77e6b\" alt=\"24ba393425eacfabc92ed185a6c77e6b\"><\/a>\t\t\t<\/dt>\n\t\t\t<dd>\n\t\t\t\t\t\t\t\t\t\t\t<\/dd>\n\t\t<\/dl>\n\t\t\t<dl class=\"gallery-item\">\n\t\t\t<dt class=\"gallery-icon\">\n\t\t\t<a data-title=\"\" title=\"\" href=\"https:\/\/www.fileasbl.be\/membres\/wp-content\/uploads\/2025\/12\/3b3872a8448d2c203d9fd4df5d7335fe.jpg\" data-rel=\"tb_zgym72\" class=\"themify_lightbox\"><img loading=\"lazy\" decoding=\"async\" src=\"https:\/\/www.fileasbl.be\/membres\/wp-content\/uploads\/2025\/12\/3b3872a8448d2c203d9fd4df5d7335fe-768x1024-300x200.jpg\" width=\"300\" height=\"200\" class=\"wp-post-image wp-image-34103\" title=\"3b3872a8448d2c203d9fd4df5d7335fe\" alt=\"3b3872a8448d2c203d9fd4df5d7335fe\"><\/a>\t\t\t<\/dt>\n\t\t\t<dd>\n\t\t\t\t\t\t\t\t\t\t\t<\/dd>\n\t\t<\/dl>\n\t<\/div>\n<\/div>\n<!-- \/module gallery --><!-- module divider -->\n<div  class=\"module tf_mw module-divider tb_hth7537 solid   \" style=\"border-width: 1px;border-color: #000;margin-top: 20px;margin-bottom: 20px;\" data-lazy=\"1\">\n    <\/div>\n<!-- \/module divider -->\n\t<div  data-lazy=\"1\" class=\"module_subrow themify_builder_sub_row tb_uyss61 tf_w tf_clearfix\">\n\t    \t\t<div class=\"subrow_inner col_align_top col-count-2 tf_box tf_w\">\n\t\t\t<div  data-lazy=\"1\" class=\"sub_column module_column tf_box col2-1 first tb_jlsa2\"> \n\t    \t    \t        <div class=\"tb-column-inner tf_box tf_w\">\n\t\t    <!-- module accordion -->\n<div  class=\"module module-accordion tb_13nn3 \" data-behavior=\"toggle\" data-lazy=\"1\">\n    \n    <ul class=\"ui module-accordion plus-icon-button  tb_default_color\">\n\t\t    <li>\n\t\t\t<div class=\"accordion-title tf_rel\">\n\t\t\t\t<a href=\"#acc-13nn3-0\" aria-controls=\"acc-13nn3-0-content\" aria-expanded=\"false\">\n\t\t\t\t\t\t\t\t\t\t\t\t\t\t\t<span class=\"tb_title_accordion tf_w\">L'affiche du 24 janvier\u00a0<\/span>\n\t\t\t\t<\/a>\n\t\t\t<\/div><!-- .accordion-title -->\n\n\t\t\t<div id=\"acc-13nn3-0-content\" data-id=\"acc-13nn3-0\" aria-hidden=\"true\" class=\"accordion-content tf_hide\">\n\n\t\t\t\t\t\t\t\t\t<div\t\t\t\t\t\tclass=\"tb_text_wrap\"\n\t\t\t\t\t\t>\n\t\t\t\t\t\t<p><a href=\"https:\/\/www.fileasbl.be\/membres\/?attachment_id=34108\" rel=\"attachment wp-att-34108\">Affiche 2026 Plateforme de Valorisation de l&rsquo;accueil extrascolaire<\/a><\/p>\t\t\t\t\t<\/div>\n\t\t\t\t\n\t\t\t<\/div><!-- .accordion-content -->\n\t    <\/li>\n\t    <\/ul>\n\n<\/div><!-- \/module accordion --><!-- module accordion -->\n<div  class=\"module module-accordion tb_v0zq724 \" data-behavior=\"toggle\" data-lazy=\"1\">\n    \n    <ul class=\"ui module-accordion plus-icon-button  tb_default_color\">\n\t\t    <li>\n\t\t\t<div class=\"accordion-title tf_rel\">\n\t\t\t\t<a href=\"#acc-v0zq724-0\" aria-controls=\"acc-v0zq724-0-content\" aria-expanded=\"false\">\n\t\t\t\t\t\t\t\t\t\t\t\t\t\t\t<span class=\"tb_title_accordion tf_w\">Les badges ExtrasCOOL <\/span>\n\t\t\t\t<\/a>\n\t\t\t<\/div><!-- .accordion-title -->\n\n\t\t\t<div id=\"acc-v0zq724-0-content\" data-id=\"acc-v0zq724-0\" aria-hidden=\"true\" class=\"accordion-content tf_hide\">\n\n\t\t\t\t\t\t\t\t\t<div\t\t\t\t\t\tclass=\"tb_text_wrap\"\n\t\t\t\t\t\t>\n\t\t\t\t\t\t<p><a href=\"https:\/\/www.fileasbl.be\/membres\/?attachment_id=32739\" target=\"_blank\" rel=\"attachment noopener wp-att-32739\"><img loading=\"lazy\" decoding=\"async\" class=\"https:\/\/www.fileasbl.be\/membres\/wp-content\/uploads\/2024\/10\/Design-sans-titre.png alignnone wp-image-32739 size-medium\" src=\"https:\/\/www.fileasbl.be\/membres\/wp-content\/uploads\/2024\/10\/Design-sans-titre-300x300.png\" alt=\"\" width=\"300\" height=\"300\" srcset=\"https:\/\/www.fileasbl.be\/membres\/wp-content\/uploads\/2024\/10\/Design-sans-titre-300x300.png 300w, https:\/\/www.fileasbl.be\/membres\/wp-content\/uploads\/2024\/10\/Design-sans-titre-1024x1024.png 1024w, https:\/\/www.fileasbl.be\/membres\/wp-content\/uploads\/2024\/10\/Design-sans-titre-150x150.png 150w, https:\/\/www.fileasbl.be\/membres\/wp-content\/uploads\/2024\/10\/Design-sans-titre-768x768.png 768w, https:\/\/www.fileasbl.be\/membres\/wp-content\/uploads\/2024\/10\/Design-sans-titre-400x400.png 400w, https:\/\/www.fileasbl.be\/membres\/wp-content\/uploads\/2024\/10\/Design-sans-titre-100x100.png 100w, https:\/\/www.fileasbl.be\/membres\/wp-content\/uploads\/2024\/10\/Design-sans-titre.png 1181w\" sizes=\"auto, (max-width: 300px) 100vw, 300px\" \/><\/a><\/p>\t\t\t\t\t<\/div>\n\t\t\t\t\n\t\t\t<\/div><!-- .accordion-content -->\n\t    <\/li>\n\t    <\/ul>\n\n<\/div><!-- \/module accordion --><!-- module accordion -->\n<div  class=\"module module-accordion tb_phdt2 \" data-behavior=\"toggle\" data-lazy=\"1\">\n    \n    <ul class=\"ui module-accordion plus-icon-button  tb_default_color\">\n\t\t    <li>\n\t\t\t<div class=\"accordion-title tf_rel\">\n\t\t\t\t<a href=\"#acc-phdt2-0\" aria-controls=\"acc-phdt2-0-content\" aria-expanded=\"false\">\n\t\t\t\t\t\t\t\t\t\t\t\t\t\t\t<span class=\"tb_title_accordion tf_w\">Mod\u00e8le de courrier aux parents<\/span>\n\t\t\t\t<\/a>\n\t\t\t<\/div><!-- .accordion-title -->\n\n\t\t\t<div id=\"acc-phdt2-0-content\" data-id=\"acc-phdt2-0\" aria-hidden=\"true\" class=\"accordion-content tf_hide\">\n\n\t\t\t\t\t\t\t\t\t<div\t\t\t\t\t\tclass=\"tb_text_wrap\"\n\t\t\t\t\t\t>\n\t\t\t\t\t\t<p><a href=\"https:\/\/www.fileasbl.be\/membres\/wp-content\/uploads\/2024\/11\/Copie-de-Lettre-parents.pdf\" rel=\"attachment wp-att-32736\"><strong>La lettre aux parents<\/strong><\/a> \u00e0 t\u00e9l\u00e9charger ici !\u00a0<\/p>\t\t\t\t\t<\/div>\n\t\t\t\t\n\t\t\t<\/div><!-- .accordion-content -->\n\t    <\/li>\n\t    <\/ul>\n\n<\/div><!-- \/module accordion --><!-- module accordion -->\n<div  class=\"module module-accordion tb_81mu3 \" data-behavior=\"toggle\" data-lazy=\"1\">\n    \n    <ul class=\"ui module-accordion plus-icon-button  tb_default_color\">\n\t\t    <li>\n\t\t\t<div class=\"accordion-title tf_rel\">\n\t\t\t\t<a href=\"#acc-81mu3-0\" aria-controls=\"acc-81mu3-0-content\" aria-expanded=\"false\">\n\t\t\t\t\t\t\t\t\t\t\t\t\t\t\t<span class=\"tb_title_accordion tf_w\">Mod\u00e8le de courrier aux communes et aux asbl<\/span>\n\t\t\t\t<\/a>\n\t\t\t<\/div><!-- .accordion-title -->\n\n\t\t\t<div id=\"acc-81mu3-0-content\" data-id=\"acc-81mu3-0\" aria-hidden=\"true\" class=\"accordion-content tf_hide\">\n\n\t\t\t\t\t\t\t\t\t<div\t\t\t\t\t\tclass=\"tb_text_wrap\"\n\t\t\t\t\t\t>\n\t\t\t\t\t\t<p><br \/><a href=\"https:\/\/www.fileasbl.be\/membres\/?attachment_id=32737\" rel=\"attachment wp-att-32737\">La lettre aux communes \u00e0 t\u00e9l\u00e9charger ici !<\/a><\/p>\t\t\t\t\t<\/div>\n\t\t\t\t\n\t\t\t<\/div><!-- .accordion-content -->\n\t    <\/li>\n\t    <\/ul>\n\n<\/div><!-- \/module accordion -->\t        <\/div>\n\t    \t<\/div>\n\t\t<div  data-lazy=\"1\" class=\"sub_column module_column tf_box col2-1 last tb_sd1j62\"> \n\t    \t    \t        <div class=\"tb-column-inner tf_box tf_w\">\n\t\t    <!-- module image -->\n<div  class=\"module module-image tb_yrzh543   image-top tf_mw\" data-lazy=\"1\">\n        <div class=\"image-wrap tf_rel tf_mw\">\n\t\t    <img loading=\"lazy\" decoding=\"async\" width=\"580\" height=\"820\" src=\"https:\/\/www.fileasbl.be\/membres\/wp-content\/uploads\/2025\/12\/Capture-decran-2025-12-04-111021.png\" class=\"wp-post-image wp-image-34109\" title=\"Capture d&#039;\u00e9cran 2025-12-04 111021\" alt=\"Capture d&#039;\u00e9cran 2025-12-04 111021\" srcset=\"https:\/\/www.fileasbl.be\/membres\/wp-content\/uploads\/2025\/12\/Capture-decran-2025-12-04-111021.png 580w, https:\/\/www.fileasbl.be\/membres\/wp-content\/uploads\/2025\/12\/Capture-decran-2025-12-04-111021-212x300.png 212w, https:\/\/www.fileasbl.be\/membres\/wp-content\/uploads\/2025\/12\/Capture-decran-2025-12-04-111021-400x566.png 400w, https:\/\/www.fileasbl.be\/membres\/wp-content\/uploads\/2025\/12\/Capture-decran-2025-12-04-111021-123x175.png 123w\" sizes=\"auto, (max-width: 580px) 100vw, 580px\" \/>\t\n\t\t<\/div>\n\t<!-- \/image-wrap -->\n    \n    \t<\/div>\n<!-- \/module image -->\t        <\/div>\n\t    \t<\/div>\n\t\t    <\/div>\n\t<\/div><!-- \/themify_builder_sub_row -->\n\t<!-- module divider -->\n<div  class=\"module tf_mw module-divider tb_kkfr838 solid   \" style=\"border-width: 1px;border-color: #000;margin-top: 20px;margin-bottom: 20px;\" data-lazy=\"1\">\n    <\/div>\n<!-- \/module divider -->\n<!-- module image -->\n<div  class=\"module module-image tb_o16i210   image-center tf_mw\" data-lazy=\"1\">\n        <div class=\"image-wrap tf_rel tf_mw\">\n\t\t    <img loading=\"lazy\" decoding=\"async\" width=\"1920\" height=\"1080\" src=\"https:\/\/www.fileasbl.be\/membres\/wp-content\/uploads\/2025\/12\/230126-bis.gif\" class=\"wp-post-image wp-image-34110\" title=\"230126 bis\" alt=\"230126 bis\">\t\n\t\t<\/div>\n\t<!-- \/image-wrap -->\n    \n    \t<\/div>\n<!-- \/module image --><!-- module divider -->\n<div  class=\"module tf_mw module-divider tb_grzr608 solid   \" style=\"border-width: 1px;border-color: #000;margin-top: 20px;margin-bottom: 20px;\" data-lazy=\"1\">\n    <\/div>\n<!-- \/module divider -->\n<!-- module box -->\n<div  class=\"module module-box tb_wxng3 \" data-lazy=\"1\">\n        <div class=\"module-box-content ui  tb_default_color \">\n\t\t\t\t<div class=\"tb_text_wrap\"><p><span style=\"color: #e0851d;\"><strong>Mail : contact@fileasbl.be<\/strong><\/span><\/p>\n<p><a href=\"https:\/\/www.facebook.com\/profile.php?id=61552275877502\"><span style=\"color: #e0851d;\"><strong>Facebook : Plateforme ExtrasCOOL<\/strong><\/span><\/a><\/p><\/div>\n    <\/div>\n<\/div>\n<!-- \/module box -->\n\t        <\/div>\n\t    \t<\/div>\n\t\t    <\/div>\n\t    <!-- \/row_inner -->\n\t<\/div>\n\t<!-- \/module_row -->\n\t<\/div>\n<!--\/themify_builder_content-->","protected":false},"excerpt":{"rendered":"<p>Cette ann\u00e9e, la journ\u00e9e ExtrasCOOL 2026 mettra en lumi\u00e8re la continuit\u00e9 des pratiques et l\u2019accompagnement : l\u2019animateur\u00b7trice est une pr\u00e9sence constante, un visage de r\u00e9f\u00e9rence pour les enfants et leurs familles.Nous voulions un th\u00e8me qui valorise l\u2019engagement quotidien de nos \u00e9quipes et rappelle combien la continuit\u00e9 \u00e9ducative favorise le bien-\u00eatre et l\u2019\u00e9panouissement des enfants.<\/p>\n","protected":false},"author":2,"featured_media":34109,"comment_status":"closed","ping_status":"closed","sticky":false,"template":"","format":"standard","meta":{"footnotes":""},"categories":[275,322,248,323,319,1],"tags":[],"class_list":["post-34099","post","type-post","status-publish","format-standard","has-post-thumbnail","hentry","category-a-la-une","category-accueil-extrascolaire","category-atl","category-centres-de-vacances","category-ecole-devoirs","category-non-classe","has-post-title","has-post-date","has-post-category","has-post-tag","has-post-comment","has-post-author",""],"yoast_head":"<!-- This site is optimized with the Yoast SEO plugin v27.4 - https:\/\/yoast.com\/product\/yoast-seo-wordpress\/ -->\n<title>ExtrasCOOL 2026 - Site de la FILE<\/title>\n<meta name=\"robots\" content=\"index, follow, max-snippet:-1, max-image-preview:large, max-video-preview:-1\" \/>\n<link rel=\"canonical\" href=\"https:\/\/www.fileasbl.be\/membres\/extrascool-2026\/\" \/>\n<meta property=\"og:locale\" content=\"fr_FR\" \/>\n<meta property=\"og:type\" content=\"article\" \/>\n<meta property=\"og:title\" content=\"ExtrasCOOL 2026 - Site de la FILE\" \/>\n<meta property=\"og:description\" content=\"Cette ann\u00e9e, la journ\u00e9e ExtrasCOOL 2026 mettra en lumi\u00e8re la continuit\u00e9 des pratiques et l\u2019accompagnement : l\u2019animateur\u00b7trice est une pr\u00e9sence constante, un visage de r\u00e9f\u00e9rence pour les enfants et leurs familles.Nous voulions un th\u00e8me qui valorise l\u2019engagement quotidien de nos \u00e9quipes et rappelle combien la continuit\u00e9 \u00e9ducative favorise le bien-\u00eatre et l\u2019\u00e9panouissement des enfants.\" \/>\n<meta property=\"og:url\" content=\"https:\/\/www.fileasbl.be\/membres\/extrascool-2026\/\" \/>\n<meta property=\"og:site_name\" content=\"Site de la FILE\" \/>\n<meta property=\"article:publisher\" content=\"https:\/\/www.facebook.com\/fileasbl\/\" \/>\n<meta property=\"article:published_time\" content=\"2025-12-05T13:17:08+00:00\" \/>\n<meta property=\"article:modified_time\" content=\"2025-12-05T13:24:50+00:00\" \/>\n<meta property=\"og:image\" content=\"https:\/\/www.fileasbl.be\/membres\/wp-content\/uploads\/2025\/12\/Capture-decran-2025-12-04-111021.png\" \/>\n\t<meta property=\"og:image:width\" content=\"580\" \/>\n\t<meta property=\"og:image:height\" content=\"820\" \/>\n\t<meta property=\"og:image:type\" content=\"image\/png\" \/>\n<meta name=\"author\" content=\"Contact FILE\" \/>\n<meta name=\"twitter:card\" content=\"summary_large_image\" \/>\n<meta name=\"twitter:label1\" content=\"\u00c9crit par\" \/>\n\t<meta name=\"twitter:data1\" content=\"Contact FILE\" \/>\n\t<meta name=\"twitter:label2\" content=\"Dur\u00e9e de lecture estim\u00e9e\" \/>\n\t<meta name=\"twitter:data2\" content=\"3 minutes\" \/>\n<script type=\"application\/ld+json\" class=\"yoast-schema-graph\">{\"@context\":\"https:\\\/\\\/schema.org\",\"@graph\":[{\"@type\":\"Article\",\"@id\":\"https:\\\/\\\/www.fileasbl.be\\\/membres\\\/extrascool-2026\\\/#article\",\"isPartOf\":{\"@id\":\"https:\\\/\\\/www.fileasbl.be\\\/membres\\\/extrascool-2026\\\/\"},\"author\":{\"name\":\"Contact FILE\",\"@id\":\"https:\\\/\\\/www.fileasbl.be\\\/membres\\\/#\\\/schema\\\/person\\\/5954a0c68c3a6f92f805465caa00d25f\"},\"headline\":\"ExtrasCOOL 2026\",\"datePublished\":\"2025-12-05T13:17:08+00:00\",\"dateModified\":\"2025-12-05T13:24:50+00:00\",\"mainEntityOfPage\":{\"@id\":\"https:\\\/\\\/www.fileasbl.be\\\/membres\\\/extrascool-2026\\\/\"},\"wordCount\":1,\"image\":{\"@id\":\"https:\\\/\\\/www.fileasbl.be\\\/membres\\\/extrascool-2026\\\/#primaryimage\"},\"thumbnailUrl\":\"https:\\\/\\\/www.fileasbl.be\\\/membres\\\/wp-content\\\/uploads\\\/2025\\\/12\\\/Capture-decran-2025-12-04-111021.png\",\"articleSection\":[\"A la Une\",\"Accueil extrascolaire\",\"ATL\",\"Centres de vacances\",\"Ecole devoirs\"],\"inLanguage\":\"fr-FR\"},{\"@type\":\"WebPage\",\"@id\":\"https:\\\/\\\/www.fileasbl.be\\\/membres\\\/extrascool-2026\\\/\",\"url\":\"https:\\\/\\\/www.fileasbl.be\\\/membres\\\/extrascool-2026\\\/\",\"name\":\"ExtrasCOOL 2026 - Site de la FILE\",\"isPartOf\":{\"@id\":\"https:\\\/\\\/www.fileasbl.be\\\/membres\\\/#website\"},\"primaryImageOfPage\":{\"@id\":\"https:\\\/\\\/www.fileasbl.be\\\/membres\\\/extrascool-2026\\\/#primaryimage\"},\"image\":{\"@id\":\"https:\\\/\\\/www.fileasbl.be\\\/membres\\\/extrascool-2026\\\/#primaryimage\"},\"thumbnailUrl\":\"https:\\\/\\\/www.fileasbl.be\\\/membres\\\/wp-content\\\/uploads\\\/2025\\\/12\\\/Capture-decran-2025-12-04-111021.png\",\"datePublished\":\"2025-12-05T13:17:08+00:00\",\"dateModified\":\"2025-12-05T13:24:50+00:00\",\"author\":{\"@id\":\"https:\\\/\\\/www.fileasbl.be\\\/membres\\\/#\\\/schema\\\/person\\\/5954a0c68c3a6f92f805465caa00d25f\"},\"breadcrumb\":{\"@id\":\"https:\\\/\\\/www.fileasbl.be\\\/membres\\\/extrascool-2026\\\/#breadcrumb\"},\"inLanguage\":\"fr-FR\",\"potentialAction\":[{\"@type\":\"ReadAction\",\"target\":[\"https:\\\/\\\/www.fileasbl.be\\\/membres\\\/extrascool-2026\\\/\"]}]},{\"@type\":\"ImageObject\",\"inLanguage\":\"fr-FR\",\"@id\":\"https:\\\/\\\/www.fileasbl.be\\\/membres\\\/extrascool-2026\\\/#primaryimage\",\"url\":\"https:\\\/\\\/www.fileasbl.be\\\/membres\\\/wp-content\\\/uploads\\\/2025\\\/12\\\/Capture-decran-2025-12-04-111021.png\",\"contentUrl\":\"https:\\\/\\\/www.fileasbl.be\\\/membres\\\/wp-content\\\/uploads\\\/2025\\\/12\\\/Capture-decran-2025-12-04-111021.png\",\"width\":580,\"height\":820},{\"@type\":\"BreadcrumbList\",\"@id\":\"https:\\\/\\\/www.fileasbl.be\\\/membres\\\/extrascool-2026\\\/#breadcrumb\",\"itemListElement\":[{\"@type\":\"ListItem\",\"position\":1,\"name\":\"Accueil\",\"item\":\"https:\\\/\\\/www.fileasbl.be\\\/membres\\\/\"},{\"@type\":\"ListItem\",\"position\":2,\"name\":\"ExtrasCOOL 2026\"}]},{\"@type\":\"WebSite\",\"@id\":\"https:\\\/\\\/www.fileasbl.be\\\/membres\\\/#website\",\"url\":\"https:\\\/\\\/www.fileasbl.be\\\/membres\\\/\",\"name\":\"Site de la FILE\",\"description\":\"FILE Un accueil de qualit\u00e9 accessible \u00e0 tous\",\"potentialAction\":[{\"@type\":\"SearchAction\",\"target\":{\"@type\":\"EntryPoint\",\"urlTemplate\":\"https:\\\/\\\/www.fileasbl.be\\\/membres\\\/?s={search_term_string}\"},\"query-input\":{\"@type\":\"PropertyValueSpecification\",\"valueRequired\":true,\"valueName\":\"search_term_string\"}}],\"inLanguage\":\"fr-FR\"},{\"@type\":\"Person\",\"@id\":\"https:\\\/\\\/www.fileasbl.be\\\/membres\\\/#\\\/schema\\\/person\\\/5954a0c68c3a6f92f805465caa00d25f\",\"name\":\"Contact FILE\",\"url\":\"https:\\\/\\\/www.fileasbl.be\\\/membres\\\/author\\\/contactfile\\\/\"}]}<\/script>\n<!-- \/ Yoast SEO plugin. -->","yoast_head_json":{"title":"ExtrasCOOL 2026 - Site de la FILE","robots":{"index":"index","follow":"follow","max-snippet":"max-snippet:-1","max-image-preview":"max-image-preview:large","max-video-preview":"max-video-preview:-1"},"canonical":"https:\/\/www.fileasbl.be\/membres\/extrascool-2026\/","og_locale":"fr_FR","og_type":"article","og_title":"ExtrasCOOL 2026 - Site de la FILE","og_description":"Cette ann\u00e9e, la journ\u00e9e ExtrasCOOL 2026 mettra en lumi\u00e8re la continuit\u00e9 des pratiques et l\u2019accompagnement : l\u2019animateur\u00b7trice est une pr\u00e9sence constante, un visage de r\u00e9f\u00e9rence pour les enfants et leurs familles.Nous voulions un th\u00e8me qui valorise l\u2019engagement quotidien de nos \u00e9quipes et rappelle combien la continuit\u00e9 \u00e9ducative favorise le bien-\u00eatre et l\u2019\u00e9panouissement des enfants.","og_url":"https:\/\/www.fileasbl.be\/membres\/extrascool-2026\/","og_site_name":"Site de la FILE","article_publisher":"https:\/\/www.facebook.com\/fileasbl\/","article_published_time":"2025-12-05T13:17:08+00:00","article_modified_time":"2025-12-05T13:24:50+00:00","og_image":[{"width":580,"height":820,"url":"https:\/\/www.fileasbl.be\/membres\/wp-content\/uploads\/2025\/12\/Capture-decran-2025-12-04-111021.png","type":"image\/png"}],"author":"Contact FILE","twitter_card":"summary_large_image","twitter_misc":{"\u00c9crit par":"Contact FILE","Dur\u00e9e de lecture estim\u00e9e":"3 minutes"},"schema":{"@context":"https:\/\/schema.org","@graph":[{"@type":"Article","@id":"https:\/\/www.fileasbl.be\/membres\/extrascool-2026\/#article","isPartOf":{"@id":"https:\/\/www.fileasbl.be\/membres\/extrascool-2026\/"},"author":{"name":"Contact FILE","@id":"https:\/\/www.fileasbl.be\/membres\/#\/schema\/person\/5954a0c68c3a6f92f805465caa00d25f"},"headline":"ExtrasCOOL 2026","datePublished":"2025-12-05T13:17:08+00:00","dateModified":"2025-12-05T13:24:50+00:00","mainEntityOfPage":{"@id":"https:\/\/www.fileasbl.be\/membres\/extrascool-2026\/"},"wordCount":1,"image":{"@id":"https:\/\/www.fileasbl.be\/membres\/extrascool-2026\/#primaryimage"},"thumbnailUrl":"https:\/\/www.fileasbl.be\/membres\/wp-content\/uploads\/2025\/12\/Capture-decran-2025-12-04-111021.png","articleSection":["A la Une","Accueil extrascolaire","ATL","Centres de vacances","Ecole devoirs"],"inLanguage":"fr-FR"},{"@type":"WebPage","@id":"https:\/\/www.fileasbl.be\/membres\/extrascool-2026\/","url":"https:\/\/www.fileasbl.be\/membres\/extrascool-2026\/","name":"ExtrasCOOL 2026 - Site de la FILE","isPartOf":{"@id":"https:\/\/www.fileasbl.be\/membres\/#website"},"primaryImageOfPage":{"@id":"https:\/\/www.fileasbl.be\/membres\/extrascool-2026\/#primaryimage"},"image":{"@id":"https:\/\/www.fileasbl.be\/membres\/extrascool-2026\/#primaryimage"},"thumbnailUrl":"https:\/\/www.fileasbl.be\/membres\/wp-content\/uploads\/2025\/12\/Capture-decran-2025-12-04-111021.png","datePublished":"2025-12-05T13:17:08+00:00","dateModified":"2025-12-05T13:24:50+00:00","author":{"@id":"https:\/\/www.fileasbl.be\/membres\/#\/schema\/person\/5954a0c68c3a6f92f805465caa00d25f"},"breadcrumb":{"@id":"https:\/\/www.fileasbl.be\/membres\/extrascool-2026\/#breadcrumb"},"inLanguage":"fr-FR","potentialAction":[{"@type":"ReadAction","target":["https:\/\/www.fileasbl.be\/membres\/extrascool-2026\/"]}]},{"@type":"ImageObject","inLanguage":"fr-FR","@id":"https:\/\/www.fileasbl.be\/membres\/extrascool-2026\/#primaryimage","url":"https:\/\/www.fileasbl.be\/membres\/wp-content\/uploads\/2025\/12\/Capture-decran-2025-12-04-111021.png","contentUrl":"https:\/\/www.fileasbl.be\/membres\/wp-content\/uploads\/2025\/12\/Capture-decran-2025-12-04-111021.png","width":580,"height":820},{"@type":"BreadcrumbList","@id":"https:\/\/www.fileasbl.be\/membres\/extrascool-2026\/#breadcrumb","itemListElement":[{"@type":"ListItem","position":1,"name":"Accueil","item":"https:\/\/www.fileasbl.be\/membres\/"},{"@type":"ListItem","position":2,"name":"ExtrasCOOL 2026"}]},{"@type":"WebSite","@id":"https:\/\/www.fileasbl.be\/membres\/#website","url":"https:\/\/www.fileasbl.be\/membres\/","name":"Site de la FILE","description":"FILE Un accueil de qualit\u00e9 accessible \u00e0 tous","potentialAction":[{"@type":"SearchAction","target":{"@type":"EntryPoint","urlTemplate":"https:\/\/www.fileasbl.be\/membres\/?s={search_term_string}"},"query-input":{"@type":"PropertyValueSpecification","valueRequired":true,"valueName":"search_term_string"}}],"inLanguage":"fr-FR"},{"@type":"Person","@id":"https:\/\/www.fileasbl.be\/membres\/#\/schema\/person\/5954a0c68c3a6f92f805465caa00d25f","name":"Contact FILE","url":"https:\/\/www.fileasbl.be\/membres\/author\/contactfile\/"}]}},"builder_content":"<img loading=\"lazy\" decoding=\"async\" width=\"600\" height=\"200\" src=\"https:\/\/www.fileasbl.be\/membres\/wp-content\/uploads\/2025\/12\/fff6e5.png\" title=\"#fff6e5\" alt=\"#fff6e5\" srcset=\"https:\/\/www.fileasbl.be\/membres\/wp-content\/uploads\/2025\/12\/fff6e5.png 600w, https:\/\/www.fileasbl.be\/membres\/wp-content\/uploads\/2025\/12\/fff6e5-300x100.png 300w, https:\/\/www.fileasbl.be\/membres\/wp-content\/uploads\/2025\/12\/fff6e5-400x133.png 400w\" sizes=\"auto, (max-width: 600px) 100vw, 600px\" \/>\n<hr \/><p>Cette ann\u00e9e, la journ\u00e9e ExtrasCOOL 2026 mettra en lumi\u00e8re la continuit\u00e9 des pratiques et l\u2019accompagnement : l\u2019animateur\u00b7trice est une pr\u00e9sence constante, un visage de r\u00e9f\u00e9rence pour les enfants et leurs familles.<\/p><p>Nous voulions un th\u00e8me qui valorise l\u2019engagement quotidien de nos \u00e9quipes et rappelle combien la continuit\u00e9 \u00e9ducative favorise le bien-\u00eatre et l\u2019\u00e9panouissement des enfants.<\/p>\n\n<h1>La continuit\u00e9 des pratiques <br\/>Un rep\u00e8re essentiel pour les enfants et leurs familles<\/h1>\n<p>Pour les enfants, la r\u00e9p\u00e9tition des m\u00eames pratiques \u00e9ducatives n\u2019est pas une routine vide : c\u2019est un point d\u2019ancrage.<br \/>Les animateurs,trices, en \u00e9tant pr\u00e9sents r\u00e9guli\u00e8rement, incarnent des figures de r\u00e9f\u00e9rence. Ils savent rep\u00e9rer les besoins, reconna\u00eetre les \u00e9motions, comprendre les habitudes de chaque enfant.<\/p><p>Cette stabilit\u00e9, ce rep\u00e8re :<\/p><p>\u2022 apaise les transitions (arriv\u00e9es, d\u00e9parts, changements d\u2019activit\u00e9),<br \/>\u2022 favorise l'autonomie, car l\u2019enfant sait \u00e0 quoi s\u2019attendre,<br \/>\u2022 renforce la s\u00e9curit\u00e9 affective, indispensable \u00e0 tout apprentissage,<br \/>\u2022 soutient la confiance, condition essentielle pour oser explorer et s\u2019exprimer.<\/p><p>Un enfant qui retrouve un animateur,trice qu\u2019il conna\u00eet bien est un enfant qui se sent autoris\u00e9 \u00e0 grandir.<\/p>\n<h1><br\/>Une relation de confiance avec les familles<\/h1>\n<p>La continuit\u00e9 des pratiques est tout aussi pr\u00e9cieuse pour les parents.<br \/>Savoir que l\u2019\u00e9quipe est pr\u00e9sente, adopte les m\u00eames gestes, les m\u00eames valeurs \u00e9ducatives, les m\u00eames modes d\u2019accompagnement cr\u00e9e un sentiment de s\u00e9curit\u00e9 et de coh\u00e9rence.<\/p><p>Les familles trouvent dans les animateurs :<br \/>\u2022 des relais \u00e9ducatifs stables,<br \/>\u2022 des professionnels qui suivent l\u2019\u00e9volution de leur enfant dans le temps,<br \/>\u2022 des partenaires avec qui \u00e9changer, questionner, r\u00e9fl\u00e9chir.<\/p><p>Cette proximit\u00e9 favorise une communication fluide, apaise les inqui\u00e9tudes et consolide le lien entre la maison et ce 3i\u00e8me lieu de vie de l\u2019enfant.<\/p>\n<img loading=\"lazy\" decoding=\"async\" width=\"1920\" height=\"1080\" src=\"https:\/\/www.fileasbl.be\/membres\/wp-content\/uploads\/2025\/12\/230126.gif\" title=\"230126\" alt=\"230126\">\n<p>\u00a0<\/p> <p>Pour mettre en lumi\u00e8re cela, nous faisons confiance \u00e0 la cr\u00e9ativit\u00e9 des animateurs et animatrices extrascolaires ! Voici quelques inspirations si vous n\u00e9cessitez un peu plus de guidance dans la r\u00e9alisation de votre calendrier de l\u2019Apr\u00e8s !<\/p>\n[gallery ids=\"34107,34106,34105,34104,34103\"]\n\n<ul><li><h4>L'affiche du 24 janvier\u00a0<\/h4><p><a href=\"https:\/\/www.fileasbl.be\/membres\/?attachment_id=34108\" rel=\"attachment wp-att-34108\">Affiche 2026 Plateforme de Valorisation de l'accueil extrascolaire<\/a><\/p><\/li><\/ul>\n<ul><li><h4>Les badges ExtrasCOOL <\/h4><p><a href=\"https:\/\/www.fileasbl.be\/membres\/?attachment_id=32739\" target=\"_blank\" rel=\"attachment noopener wp-att-32739\"><img src=\"https:\/\/www.fileasbl.be\/membres\/wp-content\/uploads\/2024\/10\/Design-sans-titre-300x300.png\" alt=\"\" width=\"300\" height=\"300\" \/><\/a><\/p><\/li><\/ul>\n<ul><li><h4>Mod\u00e8le de courrier aux parents<\/h4><p><a href=\"https:\/\/www.fileasbl.be\/membres\/wp-content\/uploads\/2024\/11\/Copie-de-Lettre-parents.pdf\" rel=\"attachment wp-att-32736\"><strong>La lettre aux parents<\/strong><\/a> \u00e0 t\u00e9l\u00e9charger ici !\u00a0<\/p><\/li><\/ul>\n<ul><li><h4>Mod\u00e8le de courrier aux communes et aux asbl<\/h4><p><br \/><a href=\"https:\/\/www.fileasbl.be\/membres\/?attachment_id=32737\" rel=\"attachment wp-att-32737\">La lettre aux communes \u00e0 t\u00e9l\u00e9charger ici !<\/a><\/p><\/li><\/ul>\n<img loading=\"lazy\" decoding=\"async\" width=\"580\" height=\"820\" src=\"https:\/\/www.fileasbl.be\/membres\/wp-content\/uploads\/2025\/12\/Capture-decran-2025-12-04-111021.png\" title=\"Capture d&#039;\u00e9cran 2025-12-04 111021\" alt=\"Capture d&#039;\u00e9cran 2025-12-04 111021\" srcset=\"https:\/\/www.fileasbl.be\/membres\/wp-content\/uploads\/2025\/12\/Capture-decran-2025-12-04-111021.png 580w, https:\/\/www.fileasbl.be\/membres\/wp-content\/uploads\/2025\/12\/Capture-decran-2025-12-04-111021-212x300.png 212w, https:\/\/www.fileasbl.be\/membres\/wp-content\/uploads\/2025\/12\/Capture-decran-2025-12-04-111021-400x566.png 400w, https:\/\/www.fileasbl.be\/membres\/wp-content\/uploads\/2025\/12\/Capture-decran-2025-12-04-111021-123x175.png 123w\" sizes=\"auto, (max-width: 580px) 100vw, 580px\" \/>\n\n<img loading=\"lazy\" decoding=\"async\" width=\"1920\" height=\"1080\" src=\"https:\/\/www.fileasbl.be\/membres\/wp-content\/uploads\/2025\/12\/230126-bis.gif\" title=\"230126 bis\" alt=\"230126 bis\">\n\n<p><strong>Mail : contact@fileasbl.be<\/strong><\/p> <p><a href=\"https:\/\/www.facebook.com\/profile.php?id=61552275877502\"><strong>Facebook : Plateforme ExtrasCOOL<\/strong><\/a><\/p>","_links":{"self":[{"href":"https:\/\/www.fileasbl.be\/membres\/wp-json\/wp\/v2\/posts\/34099","targetHints":{"allow":["GET"]}}],"collection":[{"href":"https:\/\/www.fileasbl.be\/membres\/wp-json\/wp\/v2\/posts"}],"about":[{"href":"https:\/\/www.fileasbl.be\/membres\/wp-json\/wp\/v2\/types\/post"}],"author":[{"embeddable":true,"href":"https:\/\/www.fileasbl.be\/membres\/wp-json\/wp\/v2\/users\/2"}],"replies":[{"embeddable":true,"href":"https:\/\/www.fileasbl.be\/membres\/wp-json\/wp\/v2\/comments?post=34099"}],"version-history":[{"count":0,"href":"https:\/\/www.fileasbl.be\/membres\/wp-json\/wp\/v2\/posts\/34099\/revisions"}],"wp:featuredmedia":[{"embeddable":true,"href":"https:\/\/www.fileasbl.be\/membres\/wp-json\/wp\/v2\/media\/34109"}],"wp:attachment":[{"href":"https:\/\/www.fileasbl.be\/membres\/wp-json\/wp\/v2\/media?parent=34099"}],"wp:term":[{"taxonomy":"category","embeddable":true,"href":"https:\/\/www.fileasbl.be\/membres\/wp-json\/wp\/v2\/categories?post=34099"},{"taxonomy":"post_tag","embeddable":true,"href":"https:\/\/www.fileasbl.be\/membres\/wp-json\/wp\/v2\/tags?post=34099"}],"curies":[{"name":"wp","href":"https:\/\/api.w.org\/{rel}","templated":true}]}}