{"id":34239,"date":"2026-03-17T16:16:15","date_gmt":"2026-03-17T15:16:15","guid":{"rendered":"https:\/\/www.fileasbl.be\/membres\/?p=34239"},"modified":"2026-03-17T16:16:16","modified_gmt":"2026-03-17T15:16:16","slug":"les-creches-un-enjeu-de-societe-pas-un-marche","status":"publish","type":"post","link":"https:\/\/www.fileasbl.be\/membres\/les-creches-un-enjeu-de-societe-pas-un-marche\/","title":{"rendered":"Les cr\u00e8ches : un enjeu de soci\u00e9t\u00e9, pas un march\u00e9"},"content":{"rendered":"<p>Garantir un accueil de qualit\u00e9 n\u2019est pas une utopie : <strong>c\u2019est un choix politique<\/strong><\/p>\n\n\n\n<p><em>\u00ab&nbsp;L\u2019accueil de l\u2019enfant a un co\u00fbt, si on le fait correctement, il n\u2019y a pas de b\u00e9n\u00e9fices financiers pour r\u00e9mun\u00e9rer des actionnaires. La logique marchande n\u2019est pas une solution au contexte budg\u00e9taire pour la petite enfance<\/em>&nbsp;\u00bb. NATACHA VERSTRAETEN, pr\u00e9sidente de la FILE, a \u00e9t\u00e9 interrog\u00e9e dans le cadre du reportage <em>Investigation<\/em> \u00ab La couche est pleine \u00bb (<a href=\"https:\/\/auvio.rtbf.be\/media\/investigation-investigation-3448023\">https:\/\/auvio.rtbf.be\/media\/investigation-investigation-3448023<\/a>) , diffus\u00e9 sur la RTBF le 11 mars 2026, qui met en lumi\u00e8re la difficile r\u00e9alit\u00e9 du secteur. Elle y rappelle le danger de la marchandisation, pour le moment encore \u00e9vit\u00e9 en FWB gr\u00e2ce aux balises de l\u2019ONE et de la r\u00e9forme MILAC, et souligne l\u2019importance d\u2019investir pour soutenir la qualit\u00e9 de l\u2019accueil des enfants, qui constitue le premier guide de nos r\u00e9flexions et de nos actions.\u00a0\u00bb<\/p>\n\n\n\n<figure class=\"wp-block-image size-large\"><a href=\"https:\/\/www.fileasbl.be\/membres\/wp-content\/uploads\/2026\/03\/Article-GL-marchandisation-scaled.png\"><img loading=\"lazy\" decoding=\"async\" width=\"1024\" height=\"512\" src=\"https:\/\/www.fileasbl.be\/membres\/wp-content\/uploads\/2026\/03\/Article-GL-marchandisation-1024x512.png\" alt=\"\" class=\"wp-image-34250\" srcset=\"https:\/\/www.fileasbl.be\/membres\/wp-content\/uploads\/2026\/03\/Article-GL-marchandisation-1024x512.png 1024w, https:\/\/www.fileasbl.be\/membres\/wp-content\/uploads\/2026\/03\/Article-GL-marchandisation-300x150.png 300w, https:\/\/www.fileasbl.be\/membres\/wp-content\/uploads\/2026\/03\/Article-GL-marchandisation-768x384.png 768w, https:\/\/www.fileasbl.be\/membres\/wp-content\/uploads\/2026\/03\/Article-GL-marchandisation-1536x768.png 1536w, https:\/\/www.fileasbl.be\/membres\/wp-content\/uploads\/2026\/03\/Article-GL-marchandisation-2048x1024.png 2048w, https:\/\/www.fileasbl.be\/membres\/wp-content\/uploads\/2026\/03\/Article-GL-marchandisation-1024x512-400x200.png 400w, https:\/\/www.fileasbl.be\/membres\/wp-content\/uploads\/2026\/03\/Article-GL-marchandisation-1024x512-350x175.png 350w\" sizes=\"auto, (max-width: 1024px) 100vw, 1024px\" \/><\/a><\/figure>\n\n\n\n<p><strong>Ce que le reportage met en lumi\u00e8re<\/strong><strong><\/strong><\/p>\n\n\n\n<p>Ce reportage met en lumi\u00e8re une r\u00e9alit\u00e9 pr\u00e9occupante : l\u2019accueil de la petite enfance traverse aujourd\u2019hui une crise profonde. Derri\u00e8re les images et les t\u00e9moignages, une question essentielle appara\u00eet : <strong>quelle place notre soci\u00e9t\u00e9 accorde-t-elle r\u00e9ellement aux tout-petits ?<\/strong><\/p>\n\n\n\n<ul class=\"wp-block-list\">\n<li>La premi\u00e8re difficult\u00e9 soulign\u00e9e est celle du <strong>manque de places<\/strong>. En F\u00e9d\u00e9ration Wallonie Bxl, on estime qu\u2019il manque pr\u00e8s de 15 000 places en cr\u00e8che. Pour de nombreuses familles, trouver un milieu d\u2019accueil rel\u00e8ve du parcours du combattant. Les d\u00e9marches sont complexes et l\u2019offre reste insuffisante. Beaucoup de parents, et particuli\u00e8rement des m\u00e8res, se voient contraints de r\u00e9duire ou d\u2019interrompre leur activit\u00e9 professionnelle faute de solution de garde. Cela interroge directement l\u2019\u00e9galit\u00e9 entre les femmes et les hommes, mais aussi la place accord\u00e9e aux familles dans notre organisation sociale.<\/li>\n\n\n\n<li>La question de <strong>l\u2019accessibilit\u00e9<\/strong> doit \u00e9galement \u00eatre pos\u00e9e avec force. Les milieux d\u2019accueil doivent pouvoir accueillir toutes les familles, y compris celles confront\u00e9es \u00e0 des situations de handicap, de pr\u00e9carit\u00e9, de migration, de fragilit\u00e9 sociale ou de sant\u00e9. Dans une perspective d\u2019\u00e9galit\u00e9 des droits des enfants, l\u2019accueil de la petite enfance doit \u00eatre pens\u00e9 comme un levier d\u2019inclusion et de justice sociale.<\/li>\n\n\n\n<li>Au-del\u00e0 du manque de places, la question de la <strong>qualit\u00e9<\/strong> de l\u2019accueil est une priorit\u00e9. Travailler aupr\u00e8s de jeunes enfants est un m\u00e9tier exigeant qui demande des comp\u00e9tences, de la disponibilit\u00e9 et une grande qualit\u00e9 de pr\u00e9sence. Pourtant, les professionnel\u00b7les du secteur sont souvent confront\u00e9s \u00e0 des conditions difficiles : manque de personnel, salaires peu attractifs et charge de travail importante. Il faut le dire clairement : <strong>un ratio d\u2019encadrement de 1 adulte pour 7 b\u00e9b\u00e9s n\u2019est pas seulement difficile, il peut devenir maltraitant.<\/strong><br>Comment r\u00e9pondre aux pleurs, accompagner les rythmes de sommeil, nourrir, consoler et s\u00e9curiser chaque b\u00e9b\u00e9 dans ces conditions ? C\u2019est pourquoi <strong>la FILE affirme avec force sa volont\u00e9 d\u2019am\u00e9liorer l\u2019encadrement vers un ratio de 1 adulte pour 5 enfants <\/strong><a href=\"https:\/\/www.fileasbl.be\/membres\/placer-lenfant-au-coeur-despolitiques-publics-en-investissantmassivement-dans-le-secteur-delenfance\/\">https:\/\/www.fileasbl.be\/membres\/placer-lenfant-au-coeur-despolitiques-publics-en-investissantmassivement-dans-le-secteur-delenfance\/<\/a><strong> chez les plus petits, avec un subventionnement public.<\/strong><br>Garantir un accueil de qualit\u00e9 n\u2019est pas une utopie : <strong>c\u2019est un choix politique<\/strong>.  Dans ces conditions, il ne s\u2019agit pas de pointer du doigt les professionnels, qui font souvent de leur mieux dans des conditions complexes, mais bien de questionner un syst\u00e8me qui ne leur donne pas toujours les ressources n\u00e9cessaires.<\/li>\n\n\n\n<li>Un autre point soulev\u00e9 par le reportage concerne la <strong>marchandisation<\/strong> du secteur. L\u2019apparition et l\u2019expansion de grands groupes priv\u00e9s posent la question du mod\u00e8le que nous souhaitons pour l\u2019accueil de la petite enfance.<br>Peut-on accepter que des structures accueillant des enfants fonctionnent selon une logique de rentabilit\u00e9, avec de l\u2019argent public qui contribue directement au versement de dividendes ? De nombreux acteurs du secteur d\u00e9fendent au contraire une vision diff\u00e9rente : celle d\u2019un accueil pens\u00e9 comme un service public ou associatif, centr\u00e9 sur les besoins des enfants et des familles (<a href=\"https:\/\/www.fileasbl.be\/membres\/creches-dentreprise-et-non-marchandisation-file-asb\/\">https:\/\/www.fileasbl.be\/membres\/creches-dentreprise-et-non-marchandisation-file-asb\/<\/a>).<br>L\u2019objectif n\u2019est pas seulement de garder les enfants pendant que les parents travaillent, mais de leur offrir un environnement s\u00e9curisant, stimulant et respectueux de leur d\u00e9veloppement.<\/li>\n<\/ul>\n\n\n\n<blockquote class=\"wp-block-quote is-layout-flow wp-block-quote-is-layout-flow\">\n<figure class=\"wp-block-image size-large is-style-default\"><a href=\"https:\/\/www.fileasbl.be\/membres\/wp-content\/uploads\/2026\/03\/Article-GL-marchandisation-1-scaled.png\"><img loading=\"lazy\" decoding=\"async\" width=\"1024\" height=\"512\" src=\"https:\/\/www.fileasbl.be\/membres\/wp-content\/uploads\/2026\/03\/Article-GL-marchandisation-1-1024x512.png\" alt=\"\" class=\"wp-image-34251\" srcset=\"https:\/\/www.fileasbl.be\/membres\/wp-content\/uploads\/2026\/03\/Article-GL-marchandisation-1-1024x512.png 1024w, https:\/\/www.fileasbl.be\/membres\/wp-content\/uploads\/2026\/03\/Article-GL-marchandisation-1-300x150.png 300w, https:\/\/www.fileasbl.be\/membres\/wp-content\/uploads\/2026\/03\/Article-GL-marchandisation-1-768x384.png 768w, https:\/\/www.fileasbl.be\/membres\/wp-content\/uploads\/2026\/03\/Article-GL-marchandisation-1-1536x768.png 1536w, https:\/\/www.fileasbl.be\/membres\/wp-content\/uploads\/2026\/03\/Article-GL-marchandisation-1-2048x1024.png 2048w, https:\/\/www.fileasbl.be\/membres\/wp-content\/uploads\/2026\/03\/Article-GL-marchandisation-1-400x200.png 400w\" sizes=\"auto, (max-width: 1024px) 100vw, 1024px\" \/><\/a><\/figure>\n\n\n\n<p><strong>La FILE d\u00e9fend une vision claire : celle d\u2019un accueil pens\u00e9 comme un service d\u2019int\u00e9r\u00eat collectif, port\u00e9 par des initiatives publiques ou associatives et centr\u00e9 avant tout sur les besoins des enfants et des familles.<\/strong><\/p>\n\n\n\n<p>L\u2019objectif ne peut se limiter \u00e0 permettre aux parents de travailler. Il s\u2019agit d\u2019offrir aux enfants un environnement s\u00e9curisant, stimulant et respectueux de leur d\u00e9veloppement, tout en valorisant la diversit\u00e9 des parcours et des r\u00e9alit\u00e9s familiales.<\/p>\n\n\n\n<p><strong>Mais certaines questions essentielles restent encore trop peu abord\u00e9es dans le d\u00e9bat public.<\/strong><\/p>\n\n\n\n<p><strong>\u00c0 quel \u00e2ge les b\u00e9b\u00e9s entrent-ils aujourd\u2019hui en cr\u00e8che ?<\/strong><br>Dans de nombreuses situations, les enfants sont accueillis d\u00e8s l\u2019\u00e2ge de trois mois, parfois m\u00eame plus t\u00f4t, en raison de la dur\u00e9e limit\u00e9e du cong\u00e9 de maternit\u00e9.<\/p>\n\n\n\n<p>Cette r\u00e9alit\u00e9 m\u00e9rite d\u2019\u00eatre interrog\u00e9e collectivement.<br>Quelle soci\u00e9t\u00e9 demande \u00e0 des b\u00e9b\u00e9s de trois mois de passer leurs journ\u00e9es en collectivit\u00e9 faute d\u2019alternative ?<br>Quelle place accordons-nous r\u00e9ellement aux premiers liens, \u00e0 l\u2019attachement, aux rythmes du tout-petit ?<\/p>\n\n\n\n<p>La question du cong\u00e9 de maternit\u00e9, de co parent et du cong\u00e9 parental fait donc pleinement partie du d\u00e9bat sur la petite enfance. Cette question doit \u00eatre abord\u00e9e dans toutes ses dimensions, aussi sur les cons\u00e9quences sur l\u2019\u00e9galit\u00e9 des genres. Elle touche directement au droit des enfants \u00e0 un d\u00e9but de vie respectueux de leurs besoins fondamentaux. \u00c0 cet \u00e9gard, l\u2019exp\u00e9rience de l\u2019approche de Reggio Emilia ou de Pisto\u00efa rappelle l\u2019importance du temps accord\u00e9 aux plus jeunes : dans ce mod\u00e8le, l\u2019accueil collectif commence g\u00e9n\u00e9ralement plus tard, afin de permettre aux enfants de vivre leurs premiers mois dans un environnement familial stable et s\u00e9curisant. &nbsp;<a href=\"https:\/\/www.fileasbl.be\/membres\/note-de-position-file-asbl-a-quel-age-entrer-en-milieu-daccueil\/\">https:\/\/www.fileasbl.be\/membres\/note-de-position-file-asbl-a-quel-age-entrer-en-milieu-daccueil\/<\/a><\/p>\n\n\n\n<p class=\"has-medium-font-size\"><strong>Un d\u00e9bat de soci\u00e9t\u00e9, politique<\/strong><\/p>\n\n\n\n<p><strong>Car au fond, la question d\u00e9passe largement celle des cr\u00e8ches : <\/strong><strong>elle concerne les droits des enfants et la place que notre soci\u00e9t\u00e9 leur accorde<\/strong><strong>.<\/strong><\/p>\n\n\n\n<p>Les premi\u00e8res ann\u00e9es de vie sont d\u00e9terminantes pour le d\u00e9veloppement affectif, social et cognitif. Investir dans la petite enfance, ce n\u2019est pas seulement soutenir les parents : <strong>c\u2019est reconna\u00eetre les enfants comme des citoyens \u00e0 part enti\u00e8re, d\u00e8s le d\u00e9but de leur vie<\/strong>.<\/p>\n\n\n\n<p>Dans ce contexte, le r\u00f4le de l\u2019Office de la Naissance et de l\u2019Enfance (ONE) est souvent questionn\u00e9. Entre contr\u00f4le, accompagnement et r\u00e9glementation, l\u2019institution doit composer avec un syst\u00e8me complexe et une p\u00e9nurie de places qui rend parfois les d\u00e9cisions difficiles.<\/p>\n\n\n\n<p>Face \u00e0 ces d\u00e9fis, une \u00e9vidence s\u2019impose : <strong>investir dans la petite enfance doit devenir une priorit\u00e9 politique, en y octroyant des moyens financiers \u00e0 hauteur des enjeux<\/strong>.<\/p>\n\n\n\n<p>Plut\u00f4t que de consid\u00e9rer les cr\u00e8ches comme un simple service parmi d\u2019autres, il serait temps de les reconna\u00eetre pour ce qu\u2019elles sont r\u00e9ellement : <strong>un pilier fondamental de notre syst\u00e8me \u00e9ducatif, social et d\u00e9mocratique<\/strong>.<\/p>\n\n\n\n<p>Investir dans la qualit\u00e9 de l\u2019accueil, soutenir et valoriser les professionnel\u00b7les, am\u00e9liorer les ratios d\u2019encadrement et garantir un acc\u00e8s \u00e9quitable pour toutes les familles, <strong>ce n\u2019est pas une d\u00e9pense : c\u2019est un investissement dans l\u2019avenir de toute la soci\u00e9t\u00e9.<\/strong><\/p>\n<\/blockquote>\n\n<!--themify_builder_content-->\n<div id=\"themify_builder_content-34239\" data-postid=\"34239\" class=\"themify_builder_content themify_builder_content-34239 themify_builder tf_clear\">\n    <\/div>\n<!--\/themify_builder_content-->","protected":false},"excerpt":{"rendered":"<p>Garantir un accueil de qualit\u00e9 n\u2019est pas une utopie : c\u2019est un choix politique \u00ab&nbsp;L\u2019accueil de l\u2019enfant a un co\u00fbt, si on le fait correctement, il n\u2019y a pas de b\u00e9n\u00e9fices financiers pour r\u00e9mun\u00e9rer des actionnaires. La logique marchande n\u2019est pas une solution au contexte budg\u00e9taire pour la petite enfance&nbsp;\u00bb. NATACHA VERSTRAETEN, pr\u00e9sidente de la [&hellip;]<\/p>\n","protected":false},"author":2,"featured_media":34250,"comment_status":"closed","ping_status":"closed","sticky":false,"template":"","format":"standard","meta":{"footnotes":""},"categories":[275,341,338,304,222,280,337,246,1,301,321],"tags":[],"class_list":["post-34239","post","type-post","status-publish","format-standard","has-post-thumbnail","hentry","category-a-la-une","category-accessibilite","category-age-creche","category-bien-etre-enfant","category-inclusion","category-inegalites","category-marchandisation","category-milac","category-non-classe","category-notes-politiques","category-publication","has-post-title","has-post-date","has-post-category","has-post-tag","has-post-comment","has-post-author",""],"yoast_head":"<!-- This site is optimized with the Yoast SEO plugin v27.5 - https:\/\/yoast.com\/product\/yoast-seo-wordpress\/ -->\n<title>Les cr\u00e8ches : un enjeu de soci\u00e9t\u00e9, pas un march\u00e9 - Site de la FILE<\/title>\n<meta name=\"robots\" content=\"index, follow, max-snippet:-1, max-image-preview:large, max-video-preview:-1\" \/>\n<link rel=\"canonical\" href=\"https:\/\/www.fileasbl.be\/membres\/les-creches-un-enjeu-de-societe-pas-un-marche\/\" \/>\n<meta property=\"og:locale\" content=\"fr_FR\" \/>\n<meta property=\"og:type\" content=\"article\" \/>\n<meta property=\"og:title\" content=\"Les cr\u00e8ches : un enjeu de soci\u00e9t\u00e9, pas un march\u00e9 - Site de la FILE\" \/>\n<meta property=\"og:description\" content=\"Garantir un accueil de qualit\u00e9 n\u2019est pas une utopie : c\u2019est un choix politique \u00ab&nbsp;L\u2019accueil de l\u2019enfant a un co\u00fbt, si on le fait correctement, il n\u2019y a pas de b\u00e9n\u00e9fices financiers pour r\u00e9mun\u00e9rer des actionnaires. La logique marchande n\u2019est pas une solution au contexte budg\u00e9taire pour la petite enfance&nbsp;\u00bb. NATACHA VERSTRAETEN, pr\u00e9sidente de la [&hellip;]\" \/>\n<meta property=\"og:url\" content=\"https:\/\/www.fileasbl.be\/membres\/les-creches-un-enjeu-de-societe-pas-un-marche\/\" \/>\n<meta property=\"og:site_name\" content=\"Site de la FILE\" \/>\n<meta property=\"article:publisher\" content=\"https:\/\/www.facebook.com\/fileasbl\/\" \/>\n<meta property=\"article:published_time\" content=\"2026-03-17T15:16:15+00:00\" \/>\n<meta property=\"article:modified_time\" content=\"2026-03-17T15:16:16+00:00\" \/>\n<meta property=\"og:image\" content=\"https:\/\/www.fileasbl.be\/membres\/wp-content\/uploads\/2026\/03\/Article-GL-marchandisation-scaled.png\" \/>\n\t<meta property=\"og:image:width\" content=\"2560\" \/>\n\t<meta property=\"og:image:height\" content=\"1280\" \/>\n\t<meta property=\"og:image:type\" content=\"image\/png\" \/>\n<meta name=\"author\" content=\"Contact FILE\" \/>\n<meta name=\"twitter:card\" content=\"summary_large_image\" \/>\n<meta name=\"twitter:label1\" content=\"\u00c9crit par\" \/>\n\t<meta name=\"twitter:data1\" content=\"Contact FILE\" \/>\n\t<meta name=\"twitter:label2\" content=\"Dur\u00e9e de lecture estim\u00e9e\" \/>\n\t<meta name=\"twitter:data2\" content=\"4 minutes\" \/>\n<script type=\"application\/ld+json\" class=\"yoast-schema-graph\">{\"@context\":\"https:\\\/\\\/schema.org\",\"@graph\":[{\"@type\":\"Article\",\"@id\":\"https:\\\/\\\/www.fileasbl.be\\\/membres\\\/les-creches-un-enjeu-de-societe-pas-un-marche\\\/#article\",\"isPartOf\":{\"@id\":\"https:\\\/\\\/www.fileasbl.be\\\/membres\\\/les-creches-un-enjeu-de-societe-pas-un-marche\\\/\"},\"author\":{\"name\":\"Contact FILE\",\"@id\":\"https:\\\/\\\/www.fileasbl.be\\\/membres\\\/#\\\/schema\\\/person\\\/5954a0c68c3a6f92f805465caa00d25f\"},\"headline\":\"Les cr\u00e8ches : un enjeu de soci\u00e9t\u00e9, pas un march\u00e9\",\"datePublished\":\"2026-03-17T15:16:15+00:00\",\"dateModified\":\"2026-03-17T15:16:16+00:00\",\"mainEntityOfPage\":{\"@id\":\"https:\\\/\\\/www.fileasbl.be\\\/membres\\\/les-creches-un-enjeu-de-societe-pas-un-marche\\\/\"},\"wordCount\":1297,\"image\":{\"@id\":\"https:\\\/\\\/www.fileasbl.be\\\/membres\\\/les-creches-un-enjeu-de-societe-pas-un-marche\\\/#primaryimage\"},\"thumbnailUrl\":\"https:\\\/\\\/www.fileasbl.be\\\/membres\\\/wp-content\\\/uploads\\\/2026\\\/03\\\/Article-GL-marchandisation-scaled.png\",\"articleSection\":{\"0\":\"A la Une\",\"1\":\"Accessibilit\u00e9\",\"2\":\"Age cr\u00e8che\",\"3\":\"Bien \u00eatre enfant\",\"4\":\"Inclusion\",\"5\":\"Lutte contre les in\u00e9galit\u00e9s\",\"6\":\"Marchandisation\",\"7\":\"Milieu d'accueil 0-3 ans\",\"9\":\"Notes politiques\",\"10\":\"Publications\"},\"inLanguage\":\"fr-FR\"},{\"@type\":\"WebPage\",\"@id\":\"https:\\\/\\\/www.fileasbl.be\\\/membres\\\/les-creches-un-enjeu-de-societe-pas-un-marche\\\/\",\"url\":\"https:\\\/\\\/www.fileasbl.be\\\/membres\\\/les-creches-un-enjeu-de-societe-pas-un-marche\\\/\",\"name\":\"Les cr\u00e8ches : un enjeu de soci\u00e9t\u00e9, pas un march\u00e9 - Site de la FILE\",\"isPartOf\":{\"@id\":\"https:\\\/\\\/www.fileasbl.be\\\/membres\\\/#website\"},\"primaryImageOfPage\":{\"@id\":\"https:\\\/\\\/www.fileasbl.be\\\/membres\\\/les-creches-un-enjeu-de-societe-pas-un-marche\\\/#primaryimage\"},\"image\":{\"@id\":\"https:\\\/\\\/www.fileasbl.be\\\/membres\\\/les-creches-un-enjeu-de-societe-pas-un-marche\\\/#primaryimage\"},\"thumbnailUrl\":\"https:\\\/\\\/www.fileasbl.be\\\/membres\\\/wp-content\\\/uploads\\\/2026\\\/03\\\/Article-GL-marchandisation-scaled.png\",\"datePublished\":\"2026-03-17T15:16:15+00:00\",\"dateModified\":\"2026-03-17T15:16:16+00:00\",\"author\":{\"@id\":\"https:\\\/\\\/www.fileasbl.be\\\/membres\\\/#\\\/schema\\\/person\\\/5954a0c68c3a6f92f805465caa00d25f\"},\"breadcrumb\":{\"@id\":\"https:\\\/\\\/www.fileasbl.be\\\/membres\\\/les-creches-un-enjeu-de-societe-pas-un-marche\\\/#breadcrumb\"},\"inLanguage\":\"fr-FR\",\"potentialAction\":[{\"@type\":\"ReadAction\",\"target\":[\"https:\\\/\\\/www.fileasbl.be\\\/membres\\\/les-creches-un-enjeu-de-societe-pas-un-marche\\\/\"]}]},{\"@type\":\"ImageObject\",\"inLanguage\":\"fr-FR\",\"@id\":\"https:\\\/\\\/www.fileasbl.be\\\/membres\\\/les-creches-un-enjeu-de-societe-pas-un-marche\\\/#primaryimage\",\"url\":\"https:\\\/\\\/www.fileasbl.be\\\/membres\\\/wp-content\\\/uploads\\\/2026\\\/03\\\/Article-GL-marchandisation-scaled.png\",\"contentUrl\":\"https:\\\/\\\/www.fileasbl.be\\\/membres\\\/wp-content\\\/uploads\\\/2026\\\/03\\\/Article-GL-marchandisation-scaled.png\",\"width\":2560,\"height\":1280},{\"@type\":\"BreadcrumbList\",\"@id\":\"https:\\\/\\\/www.fileasbl.be\\\/membres\\\/les-creches-un-enjeu-de-societe-pas-un-marche\\\/#breadcrumb\",\"itemListElement\":[{\"@type\":\"ListItem\",\"position\":1,\"name\":\"Accueil\",\"item\":\"https:\\\/\\\/www.fileasbl.be\\\/membres\\\/\"},{\"@type\":\"ListItem\",\"position\":2,\"name\":\"Les cr\u00e8ches : un enjeu de soci\u00e9t\u00e9, pas un march\u00e9\"}]},{\"@type\":\"WebSite\",\"@id\":\"https:\\\/\\\/www.fileasbl.be\\\/membres\\\/#website\",\"url\":\"https:\\\/\\\/www.fileasbl.be\\\/membres\\\/\",\"name\":\"Site de la FILE\",\"description\":\"FILE Un accueil de qualit\u00e9 accessible \u00e0 tous\",\"potentialAction\":[{\"@type\":\"SearchAction\",\"target\":{\"@type\":\"EntryPoint\",\"urlTemplate\":\"https:\\\/\\\/www.fileasbl.be\\\/membres\\\/?s={search_term_string}\"},\"query-input\":{\"@type\":\"PropertyValueSpecification\",\"valueRequired\":true,\"valueName\":\"search_term_string\"}}],\"inLanguage\":\"fr-FR\"},{\"@type\":\"Person\",\"@id\":\"https:\\\/\\\/www.fileasbl.be\\\/membres\\\/#\\\/schema\\\/person\\\/5954a0c68c3a6f92f805465caa00d25f\",\"name\":\"Contact FILE\",\"url\":\"https:\\\/\\\/www.fileasbl.be\\\/membres\\\/author\\\/contactfile\\\/\"}]}<\/script>\n<!-- \/ Yoast SEO plugin. -->","yoast_head_json":{"title":"Les cr\u00e8ches : un enjeu de soci\u00e9t\u00e9, pas un march\u00e9 - Site de la FILE","robots":{"index":"index","follow":"follow","max-snippet":"max-snippet:-1","max-image-preview":"max-image-preview:large","max-video-preview":"max-video-preview:-1"},"canonical":"https:\/\/www.fileasbl.be\/membres\/les-creches-un-enjeu-de-societe-pas-un-marche\/","og_locale":"fr_FR","og_type":"article","og_title":"Les cr\u00e8ches : un enjeu de soci\u00e9t\u00e9, pas un march\u00e9 - Site de la FILE","og_description":"Garantir un accueil de qualit\u00e9 n\u2019est pas une utopie : c\u2019est un choix politique \u00ab&nbsp;L\u2019accueil de l\u2019enfant a un co\u00fbt, si on le fait correctement, il n\u2019y a pas de b\u00e9n\u00e9fices financiers pour r\u00e9mun\u00e9rer des actionnaires. La logique marchande n\u2019est pas une solution au contexte budg\u00e9taire pour la petite enfance&nbsp;\u00bb. NATACHA VERSTRAETEN, pr\u00e9sidente de la [&hellip;]","og_url":"https:\/\/www.fileasbl.be\/membres\/les-creches-un-enjeu-de-societe-pas-un-marche\/","og_site_name":"Site de la FILE","article_publisher":"https:\/\/www.facebook.com\/fileasbl\/","article_published_time":"2026-03-17T15:16:15+00:00","article_modified_time":"2026-03-17T15:16:16+00:00","og_image":[{"width":2560,"height":1280,"url":"https:\/\/www.fileasbl.be\/membres\/wp-content\/uploads\/2026\/03\/Article-GL-marchandisation-scaled.png","type":"image\/png"}],"author":"Contact FILE","twitter_card":"summary_large_image","twitter_misc":{"\u00c9crit par":"Contact FILE","Dur\u00e9e de lecture estim\u00e9e":"4 minutes"},"schema":{"@context":"https:\/\/schema.org","@graph":[{"@type":"Article","@id":"https:\/\/www.fileasbl.be\/membres\/les-creches-un-enjeu-de-societe-pas-un-marche\/#article","isPartOf":{"@id":"https:\/\/www.fileasbl.be\/membres\/les-creches-un-enjeu-de-societe-pas-un-marche\/"},"author":{"name":"Contact FILE","@id":"https:\/\/www.fileasbl.be\/membres\/#\/schema\/person\/5954a0c68c3a6f92f805465caa00d25f"},"headline":"Les cr\u00e8ches : un enjeu de soci\u00e9t\u00e9, pas un march\u00e9","datePublished":"2026-03-17T15:16:15+00:00","dateModified":"2026-03-17T15:16:16+00:00","mainEntityOfPage":{"@id":"https:\/\/www.fileasbl.be\/membres\/les-creches-un-enjeu-de-societe-pas-un-marche\/"},"wordCount":1297,"image":{"@id":"https:\/\/www.fileasbl.be\/membres\/les-creches-un-enjeu-de-societe-pas-un-marche\/#primaryimage"},"thumbnailUrl":"https:\/\/www.fileasbl.be\/membres\/wp-content\/uploads\/2026\/03\/Article-GL-marchandisation-scaled.png","articleSection":{"0":"A la Une","1":"Accessibilit\u00e9","2":"Age cr\u00e8che","3":"Bien \u00eatre enfant","4":"Inclusion","5":"Lutte contre les in\u00e9galit\u00e9s","6":"Marchandisation","7":"Milieu d'accueil 0-3 ans","9":"Notes politiques","10":"Publications"},"inLanguage":"fr-FR"},{"@type":"WebPage","@id":"https:\/\/www.fileasbl.be\/membres\/les-creches-un-enjeu-de-societe-pas-un-marche\/","url":"https:\/\/www.fileasbl.be\/membres\/les-creches-un-enjeu-de-societe-pas-un-marche\/","name":"Les cr\u00e8ches : un enjeu de soci\u00e9t\u00e9, pas un march\u00e9 - Site de la FILE","isPartOf":{"@id":"https:\/\/www.fileasbl.be\/membres\/#website"},"primaryImageOfPage":{"@id":"https:\/\/www.fileasbl.be\/membres\/les-creches-un-enjeu-de-societe-pas-un-marche\/#primaryimage"},"image":{"@id":"https:\/\/www.fileasbl.be\/membres\/les-creches-un-enjeu-de-societe-pas-un-marche\/#primaryimage"},"thumbnailUrl":"https:\/\/www.fileasbl.be\/membres\/wp-content\/uploads\/2026\/03\/Article-GL-marchandisation-scaled.png","datePublished":"2026-03-17T15:16:15+00:00","dateModified":"2026-03-17T15:16:16+00:00","author":{"@id":"https:\/\/www.fileasbl.be\/membres\/#\/schema\/person\/5954a0c68c3a6f92f805465caa00d25f"},"breadcrumb":{"@id":"https:\/\/www.fileasbl.be\/membres\/les-creches-un-enjeu-de-societe-pas-un-marche\/#breadcrumb"},"inLanguage":"fr-FR","potentialAction":[{"@type":"ReadAction","target":["https:\/\/www.fileasbl.be\/membres\/les-creches-un-enjeu-de-societe-pas-un-marche\/"]}]},{"@type":"ImageObject","inLanguage":"fr-FR","@id":"https:\/\/www.fileasbl.be\/membres\/les-creches-un-enjeu-de-societe-pas-un-marche\/#primaryimage","url":"https:\/\/www.fileasbl.be\/membres\/wp-content\/uploads\/2026\/03\/Article-GL-marchandisation-scaled.png","contentUrl":"https:\/\/www.fileasbl.be\/membres\/wp-content\/uploads\/2026\/03\/Article-GL-marchandisation-scaled.png","width":2560,"height":1280},{"@type":"BreadcrumbList","@id":"https:\/\/www.fileasbl.be\/membres\/les-creches-un-enjeu-de-societe-pas-un-marche\/#breadcrumb","itemListElement":[{"@type":"ListItem","position":1,"name":"Accueil","item":"https:\/\/www.fileasbl.be\/membres\/"},{"@type":"ListItem","position":2,"name":"Les cr\u00e8ches : un enjeu de soci\u00e9t\u00e9, pas un march\u00e9"}]},{"@type":"WebSite","@id":"https:\/\/www.fileasbl.be\/membres\/#website","url":"https:\/\/www.fileasbl.be\/membres\/","name":"Site de la FILE","description":"FILE Un accueil de qualit\u00e9 accessible \u00e0 tous","potentialAction":[{"@type":"SearchAction","target":{"@type":"EntryPoint","urlTemplate":"https:\/\/www.fileasbl.be\/membres\/?s={search_term_string}"},"query-input":{"@type":"PropertyValueSpecification","valueRequired":true,"valueName":"search_term_string"}}],"inLanguage":"fr-FR"},{"@type":"Person","@id":"https:\/\/www.fileasbl.be\/membres\/#\/schema\/person\/5954a0c68c3a6f92f805465caa00d25f","name":"Contact FILE","url":"https:\/\/www.fileasbl.be\/membres\/author\/contactfile\/"}]}},"builder_content":"","_links":{"self":[{"href":"https:\/\/www.fileasbl.be\/membres\/wp-json\/wp\/v2\/posts\/34239","targetHints":{"allow":["GET"]}}],"collection":[{"href":"https:\/\/www.fileasbl.be\/membres\/wp-json\/wp\/v2\/posts"}],"about":[{"href":"https:\/\/www.fileasbl.be\/membres\/wp-json\/wp\/v2\/types\/post"}],"author":[{"embeddable":true,"href":"https:\/\/www.fileasbl.be\/membres\/wp-json\/wp\/v2\/users\/2"}],"replies":[{"embeddable":true,"href":"https:\/\/www.fileasbl.be\/membres\/wp-json\/wp\/v2\/comments?post=34239"}],"version-history":[{"count":0,"href":"https:\/\/www.fileasbl.be\/membres\/wp-json\/wp\/v2\/posts\/34239\/revisions"}],"wp:featuredmedia":[{"embeddable":true,"href":"https:\/\/www.fileasbl.be\/membres\/wp-json\/wp\/v2\/media\/34250"}],"wp:attachment":[{"href":"https:\/\/www.fileasbl.be\/membres\/wp-json\/wp\/v2\/media?parent=34239"}],"wp:term":[{"taxonomy":"category","embeddable":true,"href":"https:\/\/www.fileasbl.be\/membres\/wp-json\/wp\/v2\/categories?post=34239"},{"taxonomy":"post_tag","embeddable":true,"href":"https:\/\/www.fileasbl.be\/membres\/wp-json\/wp\/v2\/tags?post=34239"}],"curies":[{"name":"wp","href":"https:\/\/api.w.org\/{rel}","templated":true}]}}