{"id":34322,"date":"2026-04-28T13:13:26","date_gmt":"2026-04-28T12:13:26","guid":{"rendered":"https:\/\/www.fileasbl.be\/membres\/?p=34322"},"modified":"2026-04-28T13:13:27","modified_gmt":"2026-04-28T12:13:27","slug":"colloque-file-asbl-13-octobre-2026-bitume-paquerettes-et-si-chaque-espace-exterieur-devenait-une-opportunite","status":"publish","type":"post","link":"https:\/\/www.fileasbl.be\/membres\/colloque-file-asbl-13-octobre-2026-bitume-paquerettes-et-si-chaque-espace-exterieur-devenait-une-opportunite\/","title":{"rendered":"Colloque FILE asbl 13 octobre 2026 \u00ab\u00a0Bitume &amp; P\u00e2querettes : Et si chaque espace ext\u00e9rieur devenait une opportunit\u00e9 ?\u00a0\u00bb"},"content":{"rendered":"<!--themify_builder_content-->\n<div id=\"themify_builder_content-34322\" data-postid=\"34322\" class=\"themify_builder_content themify_builder_content-34322 themify_builder tf_clear\">\n    <\/div>\n<!--\/themify_builder_content-->\n\n<div class=\"wp-block-image\">\n<figure class=\"aligncenter size-full is-resized\"><a href=\"https:\/\/www.fileasbl.be\/membres\/wp-content\/uploads\/2026\/04\/545454-1-scaled.png\"><img loading=\"lazy\" decoding=\"async\" width=\"2560\" height=\"1280\" src=\"https:\/\/www.fileasbl.be\/membres\/wp-content\/uploads\/2026\/04\/545454-1-scaled.png\" alt=\"\" class=\"wp-image-34324\" style=\"width:701px;height:auto\" srcset=\"https:\/\/www.fileasbl.be\/membres\/wp-content\/uploads\/2026\/04\/545454-1-scaled.png 2560w, https:\/\/www.fileasbl.be\/membres\/wp-content\/uploads\/2026\/04\/545454-1-300x150.png 300w, https:\/\/www.fileasbl.be\/membres\/wp-content\/uploads\/2026\/04\/545454-1-1024x512.png 1024w, https:\/\/www.fileasbl.be\/membres\/wp-content\/uploads\/2026\/04\/545454-1-768x384.png 768w, https:\/\/www.fileasbl.be\/membres\/wp-content\/uploads\/2026\/04\/545454-1-1536x768.png 1536w, https:\/\/www.fileasbl.be\/membres\/wp-content\/uploads\/2026\/04\/545454-1-2048x1024.png 2048w, https:\/\/www.fileasbl.be\/membres\/wp-content\/uploads\/2026\/04\/545454-1-1024x512-400x200.png 400w, https:\/\/www.fileasbl.be\/membres\/wp-content\/uploads\/2026\/04\/545454-1-1024x512-350x175.png 350w\" sizes=\"auto, (max-width: 2560px) 100vw, 2560px\" \/><\/a><\/figure>\n<\/div>\n\n\n<hr class=\"wp-block-separator has-alpha-channel-opacity\"\/>\n\n\n\n<p>La FILE a le plaisir de vous convier \u00e0 son prochain colloque :\u00a0<strong>\u00ab\u00a0<\/strong><em>Bitume &amp; P\u00e2querette\u00a0<\/em>:<strong>\u00a0<\/strong>Et si chaque espace ext\u00e9rieur devenait une opportunit\u00e9 ?<strong>\u00a0\u00bb<\/strong>\u00a0&#x1f33f;<\/p>\n\n\n\n<p><br>Et si chaque espace ext\u00e9rieur devenait une opportunit\u00e9 ?<br>Qu\u2019il soit\u00a0urbain ou naturel, le dehors offre une infinit\u00e9 de possibles pour soutenir le d\u00e9veloppement, l&rsquo;apprentissage du risque, la curiosit\u00e9 et le bien-\u00eatre des enfants.<\/p>\n\n\n\n<hr class=\"wp-block-separator has-alpha-channel-opacity\"\/>\n\n\n\n<div class=\"wp-block-media-text is-stacked-on-mobile\" style=\"grid-template-columns:40% auto\"><figure class=\"wp-block-media-text__media\"><img loading=\"lazy\" decoding=\"async\" width=\"724\" height=\"1024\" src=\"https:\/\/www.fileasbl.be\/membres\/wp-content\/uploads\/2026\/04\/Fete-du-Printemps-2-2-724x1024.png\" alt=\"\" class=\"wp-image-34329 size-full\" srcset=\"https:\/\/www.fileasbl.be\/membres\/wp-content\/uploads\/2026\/04\/Fete-du-Printemps-2-2-724x1024.png 724w, https:\/\/www.fileasbl.be\/membres\/wp-content\/uploads\/2026\/04\/Fete-du-Printemps-2-2-212x300.png 212w, https:\/\/www.fileasbl.be\/membres\/wp-content\/uploads\/2026\/04\/Fete-du-Printemps-2-2-768x1086.png 768w, https:\/\/www.fileasbl.be\/membres\/wp-content\/uploads\/2026\/04\/Fete-du-Printemps-2-2-1086x1536.png 1086w, https:\/\/www.fileasbl.be\/membres\/wp-content\/uploads\/2026\/04\/Fete-du-Printemps-2-2-400x566.png 400w, https:\/\/www.fileasbl.be\/membres\/wp-content\/uploads\/2026\/04\/Fete-du-Printemps-2-2.png 1414w\" sizes=\"auto, (max-width: 724px) 100vw, 724px\" \/><\/figure><div class=\"wp-block-media-text__content\">\n<p>&#x1f4c5;\u00a0<strong>Le 13 octobre 2026<\/strong><br>&#x1f4cd; Aula Magna \u00e0 Louvain-la-Neuve<br>&#x1f558; De 8h45 \u00e0 16h<\/p>\n<\/div><\/div>\n\n\n\n<hr class=\"wp-block-separator has-alpha-channel-opacity\"\/>\n\n\n<div class=\"wp-block-image\">\n<figure class=\"aligncenter size-large\"><a href=\"https:\/\/www.fileasbl.be\/membres\/wp-content\/uploads\/2026\/04\/Fete-du-Printemps-1.png\"><img loading=\"lazy\" decoding=\"async\" width=\"724\" height=\"1024\" src=\"https:\/\/www.fileasbl.be\/membres\/wp-content\/uploads\/2026\/04\/Fete-du-Printemps-1-724x1024.png\" alt=\"\" class=\"wp-image-34327\" srcset=\"https:\/\/www.fileasbl.be\/membres\/wp-content\/uploads\/2026\/04\/Fete-du-Printemps-1-724x1024.png 724w, https:\/\/www.fileasbl.be\/membres\/wp-content\/uploads\/2026\/04\/Fete-du-Printemps-1-212x300.png 212w, https:\/\/www.fileasbl.be\/membres\/wp-content\/uploads\/2026\/04\/Fete-du-Printemps-1-768x1086.png 768w, https:\/\/www.fileasbl.be\/membres\/wp-content\/uploads\/2026\/04\/Fete-du-Printemps-1-1086x1536.png 1086w, https:\/\/www.fileasbl.be\/membres\/wp-content\/uploads\/2026\/04\/Fete-du-Printemps-1-400x566.png 400w, https:\/\/www.fileasbl.be\/membres\/wp-content\/uploads\/2026\/04\/Fete-du-Printemps-1.png 1414w\" sizes=\"auto, (max-width: 724px) 100vw, 724px\" \/><\/a><\/figure>\n<\/div>\n\n\n<hr class=\"wp-block-separator has-alpha-channel-opacity\"\/>\n\n\n\n<p>Ce colloque vous propose d\u2019explorer autrement ces environnements du quotidien, de questionner nos pratiques et d\u2019ouvrir de nouvelles perspectives pour investir pleinement le dehors, du bitume aux p\u00e2querettes.<\/p>\n\n\n\n<p><br>Au programme :<\/p>\n\n\n\n<ul class=\"wp-block-list\">\n<li>Une matin\u00e9e inspirante avec \u00c9lise Mareuil<\/li>\n\n\n\n<li>Une apr\u00e8s-midi d\u2019ateliers d\u2019exp\u00e9rimentation<\/li>\n<\/ul>\n\n\n\n<p><br>Le tout dans une ambiance propice \u00e0 la rencontre, \u00e0 la <strong>convivialit\u00e9<\/strong> et au <strong>l\u00e2cher-prise<\/strong>.<br><br>Nous vous invitons \u00e0 <strong><u>r\u00e9server cette date dans votre agenda !<\/u><\/strong><\/p>\n\n\n\n<hr class=\"wp-block-separator has-alpha-channel-opacity\"\/>\n\n\n<div class=\"wp-block-image\">\n<figure class=\"aligncenter size-large is-resized\"><a href=\"https:\/\/www.fileasbl.be\/membres\/wp-content\/uploads\/2026\/04\/545454-1-2-scaled.png\"><img loading=\"lazy\" decoding=\"async\" width=\"1024\" height=\"512\" src=\"https:\/\/www.fileasbl.be\/membres\/wp-content\/uploads\/2026\/04\/545454-1-2-1024x512.png\" alt=\"\" class=\"wp-image-34331\" style=\"width:717px;height:auto\" srcset=\"https:\/\/www.fileasbl.be\/membres\/wp-content\/uploads\/2026\/04\/545454-1-2-1024x512.png 1024w, https:\/\/www.fileasbl.be\/membres\/wp-content\/uploads\/2026\/04\/545454-1-2-300x150.png 300w, https:\/\/www.fileasbl.be\/membres\/wp-content\/uploads\/2026\/04\/545454-1-2-768x384.png 768w, https:\/\/www.fileasbl.be\/membres\/wp-content\/uploads\/2026\/04\/545454-1-2-1536x768.png 1536w, https:\/\/www.fileasbl.be\/membres\/wp-content\/uploads\/2026\/04\/545454-1-2-2048x1024.png 2048w, https:\/\/www.fileasbl.be\/membres\/wp-content\/uploads\/2026\/04\/545454-1-2-400x200.png 400w\" sizes=\"auto, (max-width: 1024px) 100vw, 1024px\" \/><\/a><\/figure>\n<\/div>","protected":false},"excerpt":{"rendered":"<p>La FILE a le plaisir de vous convier \u00e0 son prochain colloque :\u00a0\u00ab\u00a0Bitume &amp; P\u00e2querette\u00a0:\u00a0Et si chaque espace ext\u00e9rieur devenait une opportunit\u00e9 ?\u00a0\u00bb\u00a0&#x1f33f; Et si chaque espace ext\u00e9rieur devenait une opportunit\u00e9 ?Qu\u2019il soit\u00a0urbain ou naturel, le dehors offre une infinit\u00e9 de possibles pour soutenir le d\u00e9veloppement, l&rsquo;apprentissage du risque, la curiosit\u00e9 et le bien-\u00eatre des [&hellip;]<\/p>\n","protected":false},"author":2,"featured_media":34324,"comment_status":"closed","ping_status":"closed","sticky":false,"template":"","format":"standard","meta":{"footnotes":""},"categories":[275,1],"tags":[],"class_list":["post-34322","post","type-post","status-publish","format-standard","has-post-thumbnail","hentry","category-a-la-une","category-non-classe","has-post-title","has-post-date","has-post-category","has-post-tag","has-post-comment","has-post-author",""],"yoast_head":"<!-- This site is optimized with the Yoast SEO plugin v27.4 - https:\/\/yoast.com\/product\/yoast-seo-wordpress\/ -->\n<title>Colloque FILE asbl 13 octobre 2026 &quot;Bitume &amp; P\u00e2querettes : Et si chaque espace ext\u00e9rieur devenait une opportunit\u00e9 ?&quot; - Site de la FILE<\/title>\n<meta name=\"robots\" content=\"index, follow, max-snippet:-1, max-image-preview:large, max-video-preview:-1\" \/>\n<link rel=\"canonical\" href=\"https:\/\/www.fileasbl.be\/membres\/colloque-file-asbl-13-octobre-2026-bitume-paquerettes-et-si-chaque-espace-exterieur-devenait-une-opportunite\/\" \/>\n<meta property=\"og:locale\" content=\"fr_FR\" \/>\n<meta property=\"og:type\" content=\"article\" \/>\n<meta property=\"og:title\" content=\"Colloque FILE asbl 13 octobre 2026 &quot;Bitume &amp; P\u00e2querettes : Et si chaque espace ext\u00e9rieur devenait une opportunit\u00e9 ?&quot; - Site de la FILE\" \/>\n<meta property=\"og:description\" content=\"La FILE a le plaisir de vous convier \u00e0 son prochain colloque :\u00a0\u00ab\u00a0Bitume &amp; P\u00e2querette\u00a0:\u00a0Et si chaque espace ext\u00e9rieur devenait une opportunit\u00e9 ?\u00a0\u00bb\u00a0&#x1f33f; Et si chaque espace ext\u00e9rieur devenait une opportunit\u00e9 ?Qu\u2019il soit\u00a0urbain ou naturel, le dehors offre une infinit\u00e9 de possibles pour soutenir le d\u00e9veloppement, l&rsquo;apprentissage du risque, la curiosit\u00e9 et le bien-\u00eatre des [&hellip;]\" \/>\n<meta property=\"og:url\" content=\"https:\/\/www.fileasbl.be\/membres\/colloque-file-asbl-13-octobre-2026-bitume-paquerettes-et-si-chaque-espace-exterieur-devenait-une-opportunite\/\" \/>\n<meta property=\"og:site_name\" content=\"Site de la FILE\" \/>\n<meta property=\"article:publisher\" content=\"https:\/\/www.facebook.com\/fileasbl\/\" \/>\n<meta property=\"article:published_time\" content=\"2026-04-28T12:13:26+00:00\" \/>\n<meta property=\"article:modified_time\" content=\"2026-04-28T12:13:27+00:00\" \/>\n<meta property=\"og:image\" content=\"https:\/\/www.fileasbl.be\/membres\/wp-content\/uploads\/2026\/04\/545454-1-scaled.png\" \/>\n\t<meta property=\"og:image:width\" content=\"2560\" \/>\n\t<meta property=\"og:image:height\" content=\"1280\" \/>\n\t<meta property=\"og:image:type\" content=\"image\/png\" \/>\n<meta name=\"author\" content=\"Contact FILE\" \/>\n<meta name=\"twitter:card\" content=\"summary_large_image\" \/>\n<meta name=\"twitter:label1\" content=\"\u00c9crit par\" \/>\n\t<meta name=\"twitter:data1\" content=\"Contact FILE\" \/>\n\t<meta name=\"twitter:label2\" content=\"Dur\u00e9e de lecture estim\u00e9e\" \/>\n\t<meta name=\"twitter:data2\" content=\"2 minutes\" \/>\n<script type=\"application\/ld+json\" class=\"yoast-schema-graph\">{\"@context\":\"https:\\\/\\\/schema.org\",\"@graph\":[{\"@type\":\"Article\",\"@id\":\"https:\\\/\\\/www.fileasbl.be\\\/membres\\\/colloque-file-asbl-13-octobre-2026-bitume-paquerettes-et-si-chaque-espace-exterieur-devenait-une-opportunite\\\/#article\",\"isPartOf\":{\"@id\":\"https:\\\/\\\/www.fileasbl.be\\\/membres\\\/colloque-file-asbl-13-octobre-2026-bitume-paquerettes-et-si-chaque-espace-exterieur-devenait-une-opportunite\\\/\"},\"author\":{\"name\":\"Contact FILE\",\"@id\":\"https:\\\/\\\/www.fileasbl.be\\\/membres\\\/#\\\/schema\\\/person\\\/5954a0c68c3a6f92f805465caa00d25f\"},\"headline\":\"Colloque FILE asbl 13 octobre 2026 \u00ab\u00a0Bitume &amp; P\u00e2querettes : Et si chaque espace ext\u00e9rieur devenait une opportunit\u00e9 ?\u00a0\u00bb\",\"datePublished\":\"2026-04-28T12:13:26+00:00\",\"dateModified\":\"2026-04-28T12:13:27+00:00\",\"mainEntityOfPage\":{\"@id\":\"https:\\\/\\\/www.fileasbl.be\\\/membres\\\/colloque-file-asbl-13-octobre-2026-bitume-paquerettes-et-si-chaque-espace-exterieur-devenait-une-opportunite\\\/\"},\"wordCount\":171,\"image\":{\"@id\":\"https:\\\/\\\/www.fileasbl.be\\\/membres\\\/colloque-file-asbl-13-octobre-2026-bitume-paquerettes-et-si-chaque-espace-exterieur-devenait-une-opportunite\\\/#primaryimage\"},\"thumbnailUrl\":\"https:\\\/\\\/www.fileasbl.be\\\/membres\\\/wp-content\\\/uploads\\\/2026\\\/04\\\/545454-1-scaled.png\",\"articleSection\":[\"A la Une\"],\"inLanguage\":\"fr-FR\"},{\"@type\":\"WebPage\",\"@id\":\"https:\\\/\\\/www.fileasbl.be\\\/membres\\\/colloque-file-asbl-13-octobre-2026-bitume-paquerettes-et-si-chaque-espace-exterieur-devenait-une-opportunite\\\/\",\"url\":\"https:\\\/\\\/www.fileasbl.be\\\/membres\\\/colloque-file-asbl-13-octobre-2026-bitume-paquerettes-et-si-chaque-espace-exterieur-devenait-une-opportunite\\\/\",\"name\":\"Colloque FILE asbl 13 octobre 2026 \\\"Bitume &amp; P\u00e2querettes : Et si chaque espace ext\u00e9rieur devenait une opportunit\u00e9 ?\\\" - Site de la FILE\",\"isPartOf\":{\"@id\":\"https:\\\/\\\/www.fileasbl.be\\\/membres\\\/#website\"},\"primaryImageOfPage\":{\"@id\":\"https:\\\/\\\/www.fileasbl.be\\\/membres\\\/colloque-file-asbl-13-octobre-2026-bitume-paquerettes-et-si-chaque-espace-exterieur-devenait-une-opportunite\\\/#primaryimage\"},\"image\":{\"@id\":\"https:\\\/\\\/www.fileasbl.be\\\/membres\\\/colloque-file-asbl-13-octobre-2026-bitume-paquerettes-et-si-chaque-espace-exterieur-devenait-une-opportunite\\\/#primaryimage\"},\"thumbnailUrl\":\"https:\\\/\\\/www.fileasbl.be\\\/membres\\\/wp-content\\\/uploads\\\/2026\\\/04\\\/545454-1-scaled.png\",\"datePublished\":\"2026-04-28T12:13:26+00:00\",\"dateModified\":\"2026-04-28T12:13:27+00:00\",\"author\":{\"@id\":\"https:\\\/\\\/www.fileasbl.be\\\/membres\\\/#\\\/schema\\\/person\\\/5954a0c68c3a6f92f805465caa00d25f\"},\"breadcrumb\":{\"@id\":\"https:\\\/\\\/www.fileasbl.be\\\/membres\\\/colloque-file-asbl-13-octobre-2026-bitume-paquerettes-et-si-chaque-espace-exterieur-devenait-une-opportunite\\\/#breadcrumb\"},\"inLanguage\":\"fr-FR\",\"potentialAction\":[{\"@type\":\"ReadAction\",\"target\":[\"https:\\\/\\\/www.fileasbl.be\\\/membres\\\/colloque-file-asbl-13-octobre-2026-bitume-paquerettes-et-si-chaque-espace-exterieur-devenait-une-opportunite\\\/\"]}]},{\"@type\":\"ImageObject\",\"inLanguage\":\"fr-FR\",\"@id\":\"https:\\\/\\\/www.fileasbl.be\\\/membres\\\/colloque-file-asbl-13-octobre-2026-bitume-paquerettes-et-si-chaque-espace-exterieur-devenait-une-opportunite\\\/#primaryimage\",\"url\":\"https:\\\/\\\/www.fileasbl.be\\\/membres\\\/wp-content\\\/uploads\\\/2026\\\/04\\\/545454-1-scaled.png\",\"contentUrl\":\"https:\\\/\\\/www.fileasbl.be\\\/membres\\\/wp-content\\\/uploads\\\/2026\\\/04\\\/545454-1-scaled.png\",\"width\":2560,\"height\":1280},{\"@type\":\"BreadcrumbList\",\"@id\":\"https:\\\/\\\/www.fileasbl.be\\\/membres\\\/colloque-file-asbl-13-octobre-2026-bitume-paquerettes-et-si-chaque-espace-exterieur-devenait-une-opportunite\\\/#breadcrumb\",\"itemListElement\":[{\"@type\":\"ListItem\",\"position\":1,\"name\":\"Accueil\",\"item\":\"https:\\\/\\\/www.fileasbl.be\\\/membres\\\/\"},{\"@type\":\"ListItem\",\"position\":2,\"name\":\"Colloque FILE asbl 13 octobre 2026 \u00ab\u00a0Bitume &amp; P\u00e2querettes : Et si chaque espace ext\u00e9rieur devenait une opportunit\u00e9 ?\u00a0\u00bb\"}]},{\"@type\":\"WebSite\",\"@id\":\"https:\\\/\\\/www.fileasbl.be\\\/membres\\\/#website\",\"url\":\"https:\\\/\\\/www.fileasbl.be\\\/membres\\\/\",\"name\":\"Site de la FILE\",\"description\":\"FILE Un accueil de qualit\u00e9 accessible \u00e0 tous\",\"potentialAction\":[{\"@type\":\"SearchAction\",\"target\":{\"@type\":\"EntryPoint\",\"urlTemplate\":\"https:\\\/\\\/www.fileasbl.be\\\/membres\\\/?s={search_term_string}\"},\"query-input\":{\"@type\":\"PropertyValueSpecification\",\"valueRequired\":true,\"valueName\":\"search_term_string\"}}],\"inLanguage\":\"fr-FR\"},{\"@type\":\"Person\",\"@id\":\"https:\\\/\\\/www.fileasbl.be\\\/membres\\\/#\\\/schema\\\/person\\\/5954a0c68c3a6f92f805465caa00d25f\",\"name\":\"Contact FILE\",\"url\":\"https:\\\/\\\/www.fileasbl.be\\\/membres\\\/author\\\/contactfile\\\/\"}]}<\/script>\n<!-- \/ Yoast SEO plugin. -->","yoast_head_json":{"title":"Colloque FILE asbl 13 octobre 2026 \"Bitume &amp; P\u00e2querettes : Et si chaque espace ext\u00e9rieur devenait une opportunit\u00e9 ?\" - Site de la FILE","robots":{"index":"index","follow":"follow","max-snippet":"max-snippet:-1","max-image-preview":"max-image-preview:large","max-video-preview":"max-video-preview:-1"},"canonical":"https:\/\/www.fileasbl.be\/membres\/colloque-file-asbl-13-octobre-2026-bitume-paquerettes-et-si-chaque-espace-exterieur-devenait-une-opportunite\/","og_locale":"fr_FR","og_type":"article","og_title":"Colloque FILE asbl 13 octobre 2026 \"Bitume &amp; P\u00e2querettes : Et si chaque espace ext\u00e9rieur devenait une opportunit\u00e9 ?\" - Site de la FILE","og_description":"La FILE a le plaisir de vous convier \u00e0 son prochain colloque :\u00a0\u00ab\u00a0Bitume &amp; P\u00e2querette\u00a0:\u00a0Et si chaque espace ext\u00e9rieur devenait une opportunit\u00e9 ?\u00a0\u00bb\u00a0&#x1f33f; Et si chaque espace ext\u00e9rieur devenait une opportunit\u00e9 ?Qu\u2019il soit\u00a0urbain ou naturel, le dehors offre une infinit\u00e9 de possibles pour soutenir le d\u00e9veloppement, l&rsquo;apprentissage du risque, la curiosit\u00e9 et le bien-\u00eatre des [&hellip;]","og_url":"https:\/\/www.fileasbl.be\/membres\/colloque-file-asbl-13-octobre-2026-bitume-paquerettes-et-si-chaque-espace-exterieur-devenait-une-opportunite\/","og_site_name":"Site de la FILE","article_publisher":"https:\/\/www.facebook.com\/fileasbl\/","article_published_time":"2026-04-28T12:13:26+00:00","article_modified_time":"2026-04-28T12:13:27+00:00","og_image":[{"width":2560,"height":1280,"url":"https:\/\/www.fileasbl.be\/membres\/wp-content\/uploads\/2026\/04\/545454-1-scaled.png","type":"image\/png"}],"author":"Contact FILE","twitter_card":"summary_large_image","twitter_misc":{"\u00c9crit par":"Contact FILE","Dur\u00e9e de lecture estim\u00e9e":"2 minutes"},"schema":{"@context":"https:\/\/schema.org","@graph":[{"@type":"Article","@id":"https:\/\/www.fileasbl.be\/membres\/colloque-file-asbl-13-octobre-2026-bitume-paquerettes-et-si-chaque-espace-exterieur-devenait-une-opportunite\/#article","isPartOf":{"@id":"https:\/\/www.fileasbl.be\/membres\/colloque-file-asbl-13-octobre-2026-bitume-paquerettes-et-si-chaque-espace-exterieur-devenait-une-opportunite\/"},"author":{"name":"Contact FILE","@id":"https:\/\/www.fileasbl.be\/membres\/#\/schema\/person\/5954a0c68c3a6f92f805465caa00d25f"},"headline":"Colloque FILE asbl 13 octobre 2026 \u00ab\u00a0Bitume &amp; P\u00e2querettes : Et si chaque espace ext\u00e9rieur devenait une opportunit\u00e9 ?\u00a0\u00bb","datePublished":"2026-04-28T12:13:26+00:00","dateModified":"2026-04-28T12:13:27+00:00","mainEntityOfPage":{"@id":"https:\/\/www.fileasbl.be\/membres\/colloque-file-asbl-13-octobre-2026-bitume-paquerettes-et-si-chaque-espace-exterieur-devenait-une-opportunite\/"},"wordCount":171,"image":{"@id":"https:\/\/www.fileasbl.be\/membres\/colloque-file-asbl-13-octobre-2026-bitume-paquerettes-et-si-chaque-espace-exterieur-devenait-une-opportunite\/#primaryimage"},"thumbnailUrl":"https:\/\/www.fileasbl.be\/membres\/wp-content\/uploads\/2026\/04\/545454-1-scaled.png","articleSection":["A la Une"],"inLanguage":"fr-FR"},{"@type":"WebPage","@id":"https:\/\/www.fileasbl.be\/membres\/colloque-file-asbl-13-octobre-2026-bitume-paquerettes-et-si-chaque-espace-exterieur-devenait-une-opportunite\/","url":"https:\/\/www.fileasbl.be\/membres\/colloque-file-asbl-13-octobre-2026-bitume-paquerettes-et-si-chaque-espace-exterieur-devenait-une-opportunite\/","name":"Colloque FILE asbl 13 octobre 2026 \"Bitume &amp; P\u00e2querettes : Et si chaque espace ext\u00e9rieur devenait une opportunit\u00e9 ?\" - Site de la FILE","isPartOf":{"@id":"https:\/\/www.fileasbl.be\/membres\/#website"},"primaryImageOfPage":{"@id":"https:\/\/www.fileasbl.be\/membres\/colloque-file-asbl-13-octobre-2026-bitume-paquerettes-et-si-chaque-espace-exterieur-devenait-une-opportunite\/#primaryimage"},"image":{"@id":"https:\/\/www.fileasbl.be\/membres\/colloque-file-asbl-13-octobre-2026-bitume-paquerettes-et-si-chaque-espace-exterieur-devenait-une-opportunite\/#primaryimage"},"thumbnailUrl":"https:\/\/www.fileasbl.be\/membres\/wp-content\/uploads\/2026\/04\/545454-1-scaled.png","datePublished":"2026-04-28T12:13:26+00:00","dateModified":"2026-04-28T12:13:27+00:00","author":{"@id":"https:\/\/www.fileasbl.be\/membres\/#\/schema\/person\/5954a0c68c3a6f92f805465caa00d25f"},"breadcrumb":{"@id":"https:\/\/www.fileasbl.be\/membres\/colloque-file-asbl-13-octobre-2026-bitume-paquerettes-et-si-chaque-espace-exterieur-devenait-une-opportunite\/#breadcrumb"},"inLanguage":"fr-FR","potentialAction":[{"@type":"ReadAction","target":["https:\/\/www.fileasbl.be\/membres\/colloque-file-asbl-13-octobre-2026-bitume-paquerettes-et-si-chaque-espace-exterieur-devenait-une-opportunite\/"]}]},{"@type":"ImageObject","inLanguage":"fr-FR","@id":"https:\/\/www.fileasbl.be\/membres\/colloque-file-asbl-13-octobre-2026-bitume-paquerettes-et-si-chaque-espace-exterieur-devenait-une-opportunite\/#primaryimage","url":"https:\/\/www.fileasbl.be\/membres\/wp-content\/uploads\/2026\/04\/545454-1-scaled.png","contentUrl":"https:\/\/www.fileasbl.be\/membres\/wp-content\/uploads\/2026\/04\/545454-1-scaled.png","width":2560,"height":1280},{"@type":"BreadcrumbList","@id":"https:\/\/www.fileasbl.be\/membres\/colloque-file-asbl-13-octobre-2026-bitume-paquerettes-et-si-chaque-espace-exterieur-devenait-une-opportunite\/#breadcrumb","itemListElement":[{"@type":"ListItem","position":1,"name":"Accueil","item":"https:\/\/www.fileasbl.be\/membres\/"},{"@type":"ListItem","position":2,"name":"Colloque FILE asbl 13 octobre 2026 \u00ab\u00a0Bitume &amp; P\u00e2querettes : Et si chaque espace ext\u00e9rieur devenait une opportunit\u00e9 ?\u00a0\u00bb"}]},{"@type":"WebSite","@id":"https:\/\/www.fileasbl.be\/membres\/#website","url":"https:\/\/www.fileasbl.be\/membres\/","name":"Site de la FILE","description":"FILE Un accueil de qualit\u00e9 accessible \u00e0 tous","potentialAction":[{"@type":"SearchAction","target":{"@type":"EntryPoint","urlTemplate":"https:\/\/www.fileasbl.be\/membres\/?s={search_term_string}"},"query-input":{"@type":"PropertyValueSpecification","valueRequired":true,"valueName":"search_term_string"}}],"inLanguage":"fr-FR"},{"@type":"Person","@id":"https:\/\/www.fileasbl.be\/membres\/#\/schema\/person\/5954a0c68c3a6f92f805465caa00d25f","name":"Contact FILE","url":"https:\/\/www.fileasbl.be\/membres\/author\/contactfile\/"}]}},"builder_content":"","_links":{"self":[{"href":"https:\/\/www.fileasbl.be\/membres\/wp-json\/wp\/v2\/posts\/34322","targetHints":{"allow":["GET"]}}],"collection":[{"href":"https:\/\/www.fileasbl.be\/membres\/wp-json\/wp\/v2\/posts"}],"about":[{"href":"https:\/\/www.fileasbl.be\/membres\/wp-json\/wp\/v2\/types\/post"}],"author":[{"embeddable":true,"href":"https:\/\/www.fileasbl.be\/membres\/wp-json\/wp\/v2\/users\/2"}],"replies":[{"embeddable":true,"href":"https:\/\/www.fileasbl.be\/membres\/wp-json\/wp\/v2\/comments?post=34322"}],"version-history":[{"count":7,"href":"https:\/\/www.fileasbl.be\/membres\/wp-json\/wp\/v2\/posts\/34322\/revisions"}],"predecessor-version":[{"id":34354,"href":"https:\/\/www.fileasbl.be\/membres\/wp-json\/wp\/v2\/posts\/34322\/revisions\/34354"}],"wp:featuredmedia":[{"embeddable":true,"href":"https:\/\/www.fileasbl.be\/membres\/wp-json\/wp\/v2\/media\/34324"}],"wp:attachment":[{"href":"https:\/\/www.fileasbl.be\/membres\/wp-json\/wp\/v2\/media?parent=34322"}],"wp:term":[{"taxonomy":"category","embeddable":true,"href":"https:\/\/www.fileasbl.be\/membres\/wp-json\/wp\/v2\/categories?post=34322"},{"taxonomy":"post_tag","embeddable":true,"href":"https:\/\/www.fileasbl.be\/membres\/wp-json\/wp\/v2\/tags?post=34322"}],"curies":[{"name":"wp","href":"https:\/\/api.w.org\/{rel}","templated":true}]}}