{"id":34336,"date":"2026-04-29T10:21:28","date_gmt":"2026-04-29T09:21:28","guid":{"rendered":"https:\/\/www.fileasbl.be\/membres\/?p=34336"},"modified":"2026-04-29T10:21:29","modified_gmt":"2026-04-29T09:21:29","slug":"11-juin-2026-ag-de-la-file-et-conference-arnaud-deroo","status":"publish","type":"post","link":"https:\/\/www.fileasbl.be\/membres\/11-juin-2026-ag-de-la-file-et-conference-arnaud-deroo\/","title":{"rendered":"11 juin 2026 &#8211; AG de la FILE et Conf\u00e9rence Arnaud Deroo"},"content":{"rendered":"<!--themify_builder_content-->\n<div id=\"themify_builder_content-34336\" data-postid=\"34336\" class=\"themify_builder_content themify_builder_content-34336 themify_builder tf_clear\">\n    \t<!-- module_row -->\n\t<div  data-lazy=\"1\" class=\"module_row themify_builder_row tb_i2q4342 tb_first tf_clearfix\">\n\t    \t\t<div class=\"row_inner col_align_top col-count-1 tf_box tf_w tf_rel\">\n\t\t\t<div  data-lazy=\"1\" class=\"module_column tb-column col-full first tb_z5wq343 tf_box\">\n\t\t\t    \t        <div class=\"tb-column-inner tf_box tf_w\">\n\t\t    \t<div  data-lazy=\"1\" class=\"module_subrow themify_builder_sub_row tb_0mqb750 tf_w tf_clearfix\">\n\t    \t\t<div class=\"subrow_inner col_align_top col-count-3 tf_box tf_w\">\n\t\t\t<div  style=\"width: 21.55%\" data-lazy=\"1\" class=\"sub_column module_column tf_box col3-1 first tb_icha751\"> \n\t    \t    \t<\/div>\n\t\t<div  style=\"width: 50.7%\" data-lazy=\"1\" class=\"sub_column module_column tf_box col3-1 middle tb_6rlw752\"> \n\t    \t    \t        <div class=\"tb-column-inner tf_box tf_w\">\n\t\t    <!-- module image -->\n<div  class=\"module module-image tb_nvd9789   image-center tf_mw\" data-lazy=\"1\">\n        <div class=\"image-wrap tf_rel tf_mw\">\n\t\t    <img loading=\"lazy\" decoding=\"async\" width=\"2560\" height=\"1280\" src=\"https:\/\/www.fileasbl.be\/membres\/wp-content\/uploads\/2026\/04\/Save-scaled.png\" class=\"wp-post-image wp-image-34337\" title=\"Save\" alt=\"Save\" srcset=\"https:\/\/www.fileasbl.be\/membres\/wp-content\/uploads\/2026\/04\/Save-scaled.png 2560w, https:\/\/www.fileasbl.be\/membres\/wp-content\/uploads\/2026\/04\/Save-300x150.png 300w, https:\/\/www.fileasbl.be\/membres\/wp-content\/uploads\/2026\/04\/Save-1024x512.png 1024w, https:\/\/www.fileasbl.be\/membres\/wp-content\/uploads\/2026\/04\/Save-768x384.png 768w, https:\/\/www.fileasbl.be\/membres\/wp-content\/uploads\/2026\/04\/Save-1536x768.png 1536w, https:\/\/www.fileasbl.be\/membres\/wp-content\/uploads\/2026\/04\/Save-2048x1024.png 2048w, https:\/\/www.fileasbl.be\/membres\/wp-content\/uploads\/2026\/04\/Save-1024x512-400x200.png 400w, https:\/\/www.fileasbl.be\/membres\/wp-content\/uploads\/2026\/04\/Save-1024x512-350x175.png 350w\" sizes=\"auto, (max-width: 2560px) 100vw, 2560px\" \/>\t\n\t\t<\/div>\n\t<!-- \/image-wrap -->\n    \n    \t<\/div>\n<!-- \/module image -->\t        <\/div>\n\t    \t<\/div>\n\t\t<div  style=\"width: 21.35%\" data-lazy=\"1\" class=\"sub_column module_column tf_box col3-1 last tb_tgm7752\"> \n\t    \t    \t<\/div>\n\t\t    <\/div>\n\t<\/div><!-- \/themify_builder_sub_row -->\n\t<!-- module divider -->\n<div  class=\"module tf_mw module-divider tb_t51c864 solid   \" style=\"border-width: 1px;border-color: #000000;margin-top: 30px;margin-bottom: 30px;\" data-lazy=\"1\">\n    <\/div>\n<!-- \/module divider -->\n<!-- module login -->\n<div  class=\"module module-login tb_dpzo661 \" data-lazy=\"1\">\n\t<div classss=\"tb_login_wrap \">\n\t<h3 class=\"module-title\">Connectez-vous pour d\u00e9couvrir cet article ! <\/h3>\n\t\t\t\n\t\t<form class=\"tb_login_form tf_clearfix tf_box tf_clear\" name=\"loginform\" action=\"https:\/\/www.fileasbl.be\/membres\/wp-login.php\" method=\"post\">\n\t\t\t<p class=\"tb_login_username\">\n\t\t\t\t<label>\n\t\t\t\t\t<span class=\"tb_login_username_text\">Username or Email<\/span>\n\t\t\t\t\t<input type=\"text\" name=\"log\" required=\"required\">\n\t\t\t\t<\/label>\n\t\t\t<\/p>\n\t\t\t<p class=\"tb_login_password\">\n\t\t\t\t<label>\n\t\t\t\t\t<span class=\"tb_login_password_text\">Password<\/span>\n\t\t\t\t\t<input type=\"password\" name=\"pwd\" required=\"required\">\n\t\t\t\t<\/label>\n\t\t\t<\/p>\n\t\t\t<div class=\"tb_login_links tf_box tf_clear\">\n\t\t\t\t<a href=\"https:\/\/www.fileasbl.be\/membres\/wp-login.php?action=lostpassword\">Forgotten Password?<\/a>\n\t\t\t<\/div>\n\n\t\t\t\n\t\t\t\t\t\t<p class=\"tb_login_remember tf_left tf_box\">\n\t\t\t\t<label>\n\t\t\t\t\t<input name=\"rememberme\" type=\"checkbox\" value=\"forever\"> \n\t\t\t\t\t<span class=\"tb_login_remember_text\">Remember Me<\/span>\n\t\t\t\t<\/label>\n\t\t\t<\/p>\n\t\t\t\t\t\t<p class=\"tb_login_submit tf_right\">\n\t\t\t\t<button name=\"wp-submit\">Log In<\/button>\n\t\t\t\t<input type=\"hidden\" name=\"redirect_to\" value=\"\/membres\/wp-json\/wp\/v2\/posts\/34336?login_success=1\">\n\t\t\t\t<input type=\"hidden\" name=\"tb_login\" value=\"1\">\n\n\t\t\t\t\t\t\t<\/p>\n\n\t\t<\/form>\n\n\t\t<form class=\"tb_lostpassword_form tf_clearfix tf_box tf_clear\" name=\"lostpasswordform\" action=\"https:\/\/www.fileasbl.be\/membres\/wp-login.php?action=lostpassword\" method=\"post\" style=\"display:none\">\n\t\t\t<p class=\"tb_lostpassword_username\">\n\t\t\t\t<label>\n\t\t\t\t\t<span class=\"tb_lostpassword_username_text\">Username or Email<\/span>\n\t\t\t\t\t<input type=\"text\" name=\"user_login\" required=\"required\">\n\t\t\t\t<\/label>\n\t\t\t<\/p>\n\n\t\t\t\n\t\t\t\t\t\t<p class=\"tb_lostpassword_submit tf_right\">\n\t\t\t\t<button>Reset Password<\/button>\n\t\t\t<\/p>\n\n\t\t\t<div class=\"tb_login_links tf_left tf_box\">\n\t\t\t\t<a href=\"https:\/\/www.fileasbl.be\/membres\/wp-login.php\">Log In<\/a>\n\t\t\t<\/div>\n\t\t<\/form>\n\n\t    <\/div>\n<\/div><!-- \/module login -->\t        <\/div>\n\t    \t<\/div>\n\t\t    <\/div>\n\t    <!-- \/row_inner -->\n\t<\/div>\n\t<!-- \/module_row -->\n\t\t<!-- module_row -->\n\t<div  data-lazy=\"1\" class=\"module_row themify_builder_row tb_x1z4208 tf_clearfix\" >\n\t    \t\t<div class=\"row_inner col_align_top col-count-1 tf_box tf_w tf_rel\">\n\t\t\t<div  data-lazy=\"1\" class=\"module_column tb-column col-full first tb_jrnr209 tf_box\">\n\t\t\t    \t        <div class=\"tb-column-inner tf_box tf_w\">\n\t\t    \t<div  data-lazy=\"1\" class=\"module_subrow themify_builder_sub_row tb_1rm9329 tf_w tf_clearfix\">\n\t    \t\t<div class=\"subrow_inner col_align_top col-count-2 tf_box tf_w\">\n\t\t\t<div  data-lazy=\"1\" class=\"sub_column module_column tf_box col4-2 first tb_43id330\"> \n\t    \t    \t        <div class=\"tb-column-inner tf_box tf_w\">\n\t\t    <!-- module text -->\n<div  class=\"module module-text tb_bujv222   \" data-lazy=\"1\">\n        <div  class=\"tb_text_wrap\">\n    <p><!-- wp:paragraph --><\/p>\n<p><em>Le\u00a0<\/em><strong><em>jeudi 11 juin prochain<\/em><\/strong><em>\u00a0en matin\u00e9e \u00e0 Louvain la Neuve (centre MONNET\u00a0Avenue Jean Monnet, 1348 \u2013 Louvain-la-Neuve),\u00a0la FILE a le plaisir de vous inviter \u00e0 une conf\u00e9rence gratuite de Arnaud Deroo\u00a0<\/em>sur la posture \u00e9ducative autour des sanctions et punitions dans les milieux d&rsquo;accueil (0-12 ans) !<\/p>\n<p><!-- \/wp:paragraph --><!-- wp:paragraph --><\/p>\n<p><em>La conf\u00e9rence et l\u2019AG de la FILE sont gratuites pour nos membres, ouvertes \u00e0 tous et toutes sur inscriptions par email \u00e0 contact@fileasbl.be. Plusieurs participant.es par institution membre de la FILE sont les bienvenu.es (dans un premier temps, limit\u00e9 \u00e0 3 personnes \/ institution). Les places sont limit\u00e9es, n&rsquo;oubliez pas de vous inscrire rapidement.<\/em><\/p>\n<p><!-- \/wp:paragraph --><\/p>    <\/div>\n<\/div>\n<!-- \/module text -->\t        <\/div>\n\t    \t<\/div>\n\t\t<div  data-lazy=\"1\" class=\"sub_column module_column tf_box col4-2 last tb_zsa1331\"> \n\t    \t    \t        <div class=\"tb-column-inner tf_box tf_w\">\n\t\t    <!-- module image -->\n<div  class=\"module module-image tb_gme3827   image-center tf_mw\" data-lazy=\"1\">\n        <div class=\"image-wrap tf_rel tf_mw\">\n\t\t    <img loading=\"lazy\" decoding=\"async\" width=\"2560\" height=\"1280\" src=\"https:\/\/www.fileasbl.be\/membres\/wp-content\/uploads\/2026\/04\/Save-1-1-scaled.png\" class=\"wp-post-image wp-image-34339\" title=\"Save (1)\" alt=\"Save (1)\" srcset=\"https:\/\/www.fileasbl.be\/membres\/wp-content\/uploads\/2026\/04\/Save-1-1-scaled.png 2560w, https:\/\/www.fileasbl.be\/membres\/wp-content\/uploads\/2026\/04\/Save-1-1-300x150.png 300w, https:\/\/www.fileasbl.be\/membres\/wp-content\/uploads\/2026\/04\/Save-1-1-1024x512.png 1024w, https:\/\/www.fileasbl.be\/membres\/wp-content\/uploads\/2026\/04\/Save-1-1-768x384.png 768w, https:\/\/www.fileasbl.be\/membres\/wp-content\/uploads\/2026\/04\/Save-1-1-1536x768.png 1536w, https:\/\/www.fileasbl.be\/membres\/wp-content\/uploads\/2026\/04\/Save-1-1-2048x1024.png 2048w, https:\/\/www.fileasbl.be\/membres\/wp-content\/uploads\/2026\/04\/Save-1-1-400x200.png 400w\" sizes=\"auto, (max-width: 2560px) 100vw, 2560px\" \/>\t\n\t\t<\/div>\n\t<!-- \/image-wrap -->\n    \n    \t<\/div>\n<!-- \/module image -->\t        <\/div>\n\t    \t<\/div>\n\t\t    <\/div>\n\t<\/div><!-- \/themify_builder_sub_row -->\n\t<!-- module divider -->\n<div  class=\"module tf_mw module-divider tb_dq68922 solid   \" style=\"border-width: 1px;border-color: #000000;margin-top: 30px;margin-bottom: 30px;\" data-lazy=\"1\">\n    <\/div>\n<!-- \/module divider -->\n\t<div  data-lazy=\"1\" class=\"module_subrow themify_builder_sub_row tb_gwjl391 tf_w tf_clearfix\">\n\t    \t\t<div class=\"subrow_inner col_align_top col-count-3 tf_box tf_w\">\n\t\t\t<div  data-lazy=\"1\" class=\"sub_column module_column tf_box col3-1 first tb_iucl392\"> \n\t    \t    \t<\/div>\n\t\t<div  data-lazy=\"1\" class=\"sub_column module_column tf_box col3-1 middle tb_ls9j392\"> \n\t    \t    \t        <div class=\"tb-column-inner tf_box tf_w\">\n\t\t    <!-- module image -->\n<div  class=\"module module-image tb_a1bo395   image-center auto_fullwidth tf_mw\" data-lazy=\"1\">\n        <div class=\"image-wrap tf_rel tf_mw\">\n\t\t    <img loading=\"lazy\" decoding=\"async\" src=\"https:\/\/www.fileasbl.be\/membres\/wp-content\/uploads\/2026\/04\/deroo_0-1024x598-300x175.jpg\" width=\"300\" height=\"175\" class=\"wp-post-image wp-image-34340\" title=\"Conf\u00e9rence de Arnaud Deroo\u00ab\u00a0Sanction\/punition, bien plus qu\u2019une question de vocabulaire\u00a0: une vision de soci\u00e9t\u00e9\u00a0\u00bb\" alt=\"Conf\u00e9rence de Arnaud Deroo\u00ab\u00a0Sanction\/punition, bien plus qu\u2019une question de vocabulaire\u00a0: une vision de soci\u00e9t\u00e9\u00a0\u00bb\" srcset=\"https:\/\/www.fileasbl.be\/membres\/wp-content\/uploads\/2026\/04\/deroo_0-1024x598-300x175.jpg 300w, https:\/\/www.fileasbl.be\/membres\/wp-content\/uploads\/2026\/04\/deroo_0-1024x598.jpg 1024w, https:\/\/www.fileasbl.be\/membres\/wp-content\/uploads\/2026\/04\/deroo_0-768x449.jpg 768w, https:\/\/www.fileasbl.be\/membres\/wp-content\/uploads\/2026\/04\/deroo_0-400x234.jpg 400w, https:\/\/www.fileasbl.be\/membres\/wp-content\/uploads\/2026\/04\/deroo_0.jpg 1500w\" sizes=\"auto, (max-width: 300px) 100vw, 300px\" \/>\t\n\t\t<\/div>\n\t<!-- \/image-wrap -->\n    \n    \t<div class=\"image-content\">\n\t    \t\t\t<h3 class=\"image-title\">\n\t\t\t\t\t\t\t\t\tConf\u00e9rence de Arnaud Deroo\u00ab\u00a0Sanction\/punition, bien plus qu\u2019une question de vocabulaire\u00a0: une vision de soci\u00e9t\u00e9\u00a0\u00bb\t\t\t\t\t\t\t<\/h3>\n\t    \n\t    \t<\/div>\n\t<!-- \/image-content -->\n    \t<\/div>\n<!-- \/module image -->\t        <\/div>\n\t    \t<\/div>\n\t\t<div  data-lazy=\"1\" class=\"sub_column module_column tf_box col3-1 last tb_ramk393\"> \n\t    \t    \t<\/div>\n\t\t    <\/div>\n\t<\/div><!-- \/themify_builder_sub_row -->\n\t\t        <\/div>\n\t    \t<\/div>\n\t\t    <\/div>\n\t    <!-- \/row_inner -->\n\t<\/div>\n\t<!-- \/module_row -->\n\t<\/div>\n<!--\/themify_builder_content-->","protected":false},"excerpt":{"rendered":"<p>Le\u00a0jeudi 11 juin prochain\u00a0en matin\u00e9e \u00e0 Louvain la Neuve (centre MONNET\u00a0Avenue Jean Monnet, 1348 \u2013 Louvain-la-Neuve),\u00a0la FILE a le plaisir de vous inviter \u00e0 une conf\u00e9rence gratuite de Arnaud Deroo\u00a0sur la posture \u00e9ducative autour des sanctions et punitions dans les milieux d&rsquo;accueil (0-12 ans) ! La conf\u00e9rence et l\u2019AG de la FILE sont gratuites pour [&hellip;]<\/p>\n","protected":false},"author":2,"featured_media":34337,"comment_status":"closed","ping_status":"closed","sticky":false,"template":"","format":"standard","meta":{"footnotes":""},"categories":[275,1,300],"tags":[],"class_list":["post-34336","post","type-post","status-publish","format-standard","has-post-thumbnail","hentry","category-a-la-une","category-non-classe","category-notes-pedagogiques","has-post-title","has-post-date","has-post-category","has-post-tag","has-post-comment","has-post-author",""],"yoast_head":"<!-- This site is optimized with the Yoast SEO plugin v27.4 - https:\/\/yoast.com\/product\/yoast-seo-wordpress\/ -->\n<title>11 juin 2026 - AG de la FILE et Conf\u00e9rence Arnaud Deroo - Site de la FILE<\/title>\n<meta name=\"robots\" content=\"index, follow, max-snippet:-1, max-image-preview:large, max-video-preview:-1\" \/>\n<link rel=\"canonical\" href=\"https:\/\/www.fileasbl.be\/membres\/11-juin-2026-ag-de-la-file-et-conference-arnaud-deroo\/\" \/>\n<meta property=\"og:locale\" content=\"fr_FR\" \/>\n<meta property=\"og:type\" content=\"article\" \/>\n<meta property=\"og:title\" content=\"11 juin 2026 - AG de la FILE et Conf\u00e9rence Arnaud Deroo - Site de la FILE\" \/>\n<meta property=\"og:description\" content=\"Le\u00a0jeudi 11 juin prochain\u00a0en matin\u00e9e \u00e0 Louvain la Neuve (centre MONNET\u00a0Avenue Jean Monnet, 1348 \u2013 Louvain-la-Neuve),\u00a0la FILE a le plaisir de vous inviter \u00e0 une conf\u00e9rence gratuite de Arnaud Deroo\u00a0sur la posture \u00e9ducative autour des sanctions et punitions dans les milieux d&#039;accueil (0-12 ans) ! La conf\u00e9rence et l\u2019AG de la FILE sont gratuites pour [&hellip;]\" \/>\n<meta property=\"og:url\" content=\"https:\/\/www.fileasbl.be\/membres\/11-juin-2026-ag-de-la-file-et-conference-arnaud-deroo\/\" \/>\n<meta property=\"og:site_name\" content=\"Site de la FILE\" \/>\n<meta property=\"article:publisher\" content=\"https:\/\/www.facebook.com\/fileasbl\/\" \/>\n<meta property=\"article:published_time\" content=\"2026-04-29T09:21:28+00:00\" \/>\n<meta property=\"article:modified_time\" content=\"2026-04-29T09:21:29+00:00\" \/>\n<meta property=\"og:image\" content=\"https:\/\/www.fileasbl.be\/membres\/wp-content\/uploads\/2026\/04\/Save-scaled.png\" \/>\n\t<meta property=\"og:image:width\" content=\"2560\" \/>\n\t<meta property=\"og:image:height\" content=\"1280\" \/>\n\t<meta property=\"og:image:type\" content=\"image\/png\" \/>\n<meta name=\"author\" content=\"Contact FILE\" \/>\n<meta name=\"twitter:card\" content=\"summary_large_image\" \/>\n<meta name=\"twitter:label1\" content=\"\u00c9crit par\" \/>\n\t<meta name=\"twitter:data1\" content=\"Contact FILE\" \/>\n\t<meta name=\"twitter:label2\" content=\"Dur\u00e9e de lecture estim\u00e9e\" \/>\n\t<meta name=\"twitter:data2\" content=\"1 minute\" \/>\n<script type=\"application\/ld+json\" class=\"yoast-schema-graph\">{\"@context\":\"https:\\\/\\\/schema.org\",\"@graph\":[{\"@type\":\"Article\",\"@id\":\"https:\\\/\\\/www.fileasbl.be\\\/membres\\\/11-juin-2026-ag-de-la-file-et-conference-arnaud-deroo\\\/#article\",\"isPartOf\":{\"@id\":\"https:\\\/\\\/www.fileasbl.be\\\/membres\\\/11-juin-2026-ag-de-la-file-et-conference-arnaud-deroo\\\/\"},\"author\":{\"name\":\"Contact FILE\",\"@id\":\"https:\\\/\\\/www.fileasbl.be\\\/membres\\\/#\\\/schema\\\/person\\\/5954a0c68c3a6f92f805465caa00d25f\"},\"headline\":\"11 juin 2026 &#8211; AG de la FILE et Conf\u00e9rence Arnaud Deroo\",\"datePublished\":\"2026-04-29T09:21:28+00:00\",\"dateModified\":\"2026-04-29T09:21:29+00:00\",\"mainEntityOfPage\":{\"@id\":\"https:\\\/\\\/www.fileasbl.be\\\/membres\\\/11-juin-2026-ag-de-la-file-et-conference-arnaud-deroo\\\/\"},\"wordCount\":11,\"image\":{\"@id\":\"https:\\\/\\\/www.fileasbl.be\\\/membres\\\/11-juin-2026-ag-de-la-file-et-conference-arnaud-deroo\\\/#primaryimage\"},\"thumbnailUrl\":\"https:\\\/\\\/www.fileasbl.be\\\/membres\\\/wp-content\\\/uploads\\\/2026\\\/04\\\/Save-scaled.png\",\"articleSection\":{\"0\":\"A la Une\",\"2\":\"Notes p\u00e9dagogiques\"},\"inLanguage\":\"fr-FR\"},{\"@type\":\"WebPage\",\"@id\":\"https:\\\/\\\/www.fileasbl.be\\\/membres\\\/11-juin-2026-ag-de-la-file-et-conference-arnaud-deroo\\\/\",\"url\":\"https:\\\/\\\/www.fileasbl.be\\\/membres\\\/11-juin-2026-ag-de-la-file-et-conference-arnaud-deroo\\\/\",\"name\":\"11 juin 2026 - AG de la FILE et Conf\u00e9rence Arnaud Deroo - Site de la FILE\",\"isPartOf\":{\"@id\":\"https:\\\/\\\/www.fileasbl.be\\\/membres\\\/#website\"},\"primaryImageOfPage\":{\"@id\":\"https:\\\/\\\/www.fileasbl.be\\\/membres\\\/11-juin-2026-ag-de-la-file-et-conference-arnaud-deroo\\\/#primaryimage\"},\"image\":{\"@id\":\"https:\\\/\\\/www.fileasbl.be\\\/membres\\\/11-juin-2026-ag-de-la-file-et-conference-arnaud-deroo\\\/#primaryimage\"},\"thumbnailUrl\":\"https:\\\/\\\/www.fileasbl.be\\\/membres\\\/wp-content\\\/uploads\\\/2026\\\/04\\\/Save-scaled.png\",\"datePublished\":\"2026-04-29T09:21:28+00:00\",\"dateModified\":\"2026-04-29T09:21:29+00:00\",\"author\":{\"@id\":\"https:\\\/\\\/www.fileasbl.be\\\/membres\\\/#\\\/schema\\\/person\\\/5954a0c68c3a6f92f805465caa00d25f\"},\"breadcrumb\":{\"@id\":\"https:\\\/\\\/www.fileasbl.be\\\/membres\\\/11-juin-2026-ag-de-la-file-et-conference-arnaud-deroo\\\/#breadcrumb\"},\"inLanguage\":\"fr-FR\",\"potentialAction\":[{\"@type\":\"ReadAction\",\"target\":[\"https:\\\/\\\/www.fileasbl.be\\\/membres\\\/11-juin-2026-ag-de-la-file-et-conference-arnaud-deroo\\\/\"]}]},{\"@type\":\"ImageObject\",\"inLanguage\":\"fr-FR\",\"@id\":\"https:\\\/\\\/www.fileasbl.be\\\/membres\\\/11-juin-2026-ag-de-la-file-et-conference-arnaud-deroo\\\/#primaryimage\",\"url\":\"https:\\\/\\\/www.fileasbl.be\\\/membres\\\/wp-content\\\/uploads\\\/2026\\\/04\\\/Save-scaled.png\",\"contentUrl\":\"https:\\\/\\\/www.fileasbl.be\\\/membres\\\/wp-content\\\/uploads\\\/2026\\\/04\\\/Save-scaled.png\",\"width\":2560,\"height\":1280},{\"@type\":\"BreadcrumbList\",\"@id\":\"https:\\\/\\\/www.fileasbl.be\\\/membres\\\/11-juin-2026-ag-de-la-file-et-conference-arnaud-deroo\\\/#breadcrumb\",\"itemListElement\":[{\"@type\":\"ListItem\",\"position\":1,\"name\":\"Accueil\",\"item\":\"https:\\\/\\\/www.fileasbl.be\\\/membres\\\/\"},{\"@type\":\"ListItem\",\"position\":2,\"name\":\"11 juin 2026 &#8211; AG de la FILE et Conf\u00e9rence Arnaud Deroo\"}]},{\"@type\":\"WebSite\",\"@id\":\"https:\\\/\\\/www.fileasbl.be\\\/membres\\\/#website\",\"url\":\"https:\\\/\\\/www.fileasbl.be\\\/membres\\\/\",\"name\":\"Site de la FILE\",\"description\":\"FILE Un accueil de qualit\u00e9 accessible \u00e0 tous\",\"potentialAction\":[{\"@type\":\"SearchAction\",\"target\":{\"@type\":\"EntryPoint\",\"urlTemplate\":\"https:\\\/\\\/www.fileasbl.be\\\/membres\\\/?s={search_term_string}\"},\"query-input\":{\"@type\":\"PropertyValueSpecification\",\"valueRequired\":true,\"valueName\":\"search_term_string\"}}],\"inLanguage\":\"fr-FR\"},{\"@type\":\"Person\",\"@id\":\"https:\\\/\\\/www.fileasbl.be\\\/membres\\\/#\\\/schema\\\/person\\\/5954a0c68c3a6f92f805465caa00d25f\",\"name\":\"Contact FILE\",\"url\":\"https:\\\/\\\/www.fileasbl.be\\\/membres\\\/author\\\/contactfile\\\/\"}]}<\/script>\n<!-- \/ Yoast SEO plugin. -->","yoast_head_json":{"title":"11 juin 2026 - AG de la FILE et Conf\u00e9rence Arnaud Deroo - Site de la FILE","robots":{"index":"index","follow":"follow","max-snippet":"max-snippet:-1","max-image-preview":"max-image-preview:large","max-video-preview":"max-video-preview:-1"},"canonical":"https:\/\/www.fileasbl.be\/membres\/11-juin-2026-ag-de-la-file-et-conference-arnaud-deroo\/","og_locale":"fr_FR","og_type":"article","og_title":"11 juin 2026 - AG de la FILE et Conf\u00e9rence Arnaud Deroo - Site de la FILE","og_description":"Le\u00a0jeudi 11 juin prochain\u00a0en matin\u00e9e \u00e0 Louvain la Neuve (centre MONNET\u00a0Avenue Jean Monnet, 1348 \u2013 Louvain-la-Neuve),\u00a0la FILE a le plaisir de vous inviter \u00e0 une conf\u00e9rence gratuite de Arnaud Deroo\u00a0sur la posture \u00e9ducative autour des sanctions et punitions dans les milieux d'accueil (0-12 ans) ! La conf\u00e9rence et l\u2019AG de la FILE sont gratuites pour [&hellip;]","og_url":"https:\/\/www.fileasbl.be\/membres\/11-juin-2026-ag-de-la-file-et-conference-arnaud-deroo\/","og_site_name":"Site de la FILE","article_publisher":"https:\/\/www.facebook.com\/fileasbl\/","article_published_time":"2026-04-29T09:21:28+00:00","article_modified_time":"2026-04-29T09:21:29+00:00","og_image":[{"width":2560,"height":1280,"url":"https:\/\/www.fileasbl.be\/membres\/wp-content\/uploads\/2026\/04\/Save-scaled.png","type":"image\/png"}],"author":"Contact FILE","twitter_card":"summary_large_image","twitter_misc":{"\u00c9crit par":"Contact FILE","Dur\u00e9e de lecture estim\u00e9e":"1 minute"},"schema":{"@context":"https:\/\/schema.org","@graph":[{"@type":"Article","@id":"https:\/\/www.fileasbl.be\/membres\/11-juin-2026-ag-de-la-file-et-conference-arnaud-deroo\/#article","isPartOf":{"@id":"https:\/\/www.fileasbl.be\/membres\/11-juin-2026-ag-de-la-file-et-conference-arnaud-deroo\/"},"author":{"name":"Contact FILE","@id":"https:\/\/www.fileasbl.be\/membres\/#\/schema\/person\/5954a0c68c3a6f92f805465caa00d25f"},"headline":"11 juin 2026 &#8211; AG de la FILE et Conf\u00e9rence Arnaud Deroo","datePublished":"2026-04-29T09:21:28+00:00","dateModified":"2026-04-29T09:21:29+00:00","mainEntityOfPage":{"@id":"https:\/\/www.fileasbl.be\/membres\/11-juin-2026-ag-de-la-file-et-conference-arnaud-deroo\/"},"wordCount":11,"image":{"@id":"https:\/\/www.fileasbl.be\/membres\/11-juin-2026-ag-de-la-file-et-conference-arnaud-deroo\/#primaryimage"},"thumbnailUrl":"https:\/\/www.fileasbl.be\/membres\/wp-content\/uploads\/2026\/04\/Save-scaled.png","articleSection":{"0":"A la Une","2":"Notes p\u00e9dagogiques"},"inLanguage":"fr-FR"},{"@type":"WebPage","@id":"https:\/\/www.fileasbl.be\/membres\/11-juin-2026-ag-de-la-file-et-conference-arnaud-deroo\/","url":"https:\/\/www.fileasbl.be\/membres\/11-juin-2026-ag-de-la-file-et-conference-arnaud-deroo\/","name":"11 juin 2026 - AG de la FILE et Conf\u00e9rence Arnaud Deroo - Site de la FILE","isPartOf":{"@id":"https:\/\/www.fileasbl.be\/membres\/#website"},"primaryImageOfPage":{"@id":"https:\/\/www.fileasbl.be\/membres\/11-juin-2026-ag-de-la-file-et-conference-arnaud-deroo\/#primaryimage"},"image":{"@id":"https:\/\/www.fileasbl.be\/membres\/11-juin-2026-ag-de-la-file-et-conference-arnaud-deroo\/#primaryimage"},"thumbnailUrl":"https:\/\/www.fileasbl.be\/membres\/wp-content\/uploads\/2026\/04\/Save-scaled.png","datePublished":"2026-04-29T09:21:28+00:00","dateModified":"2026-04-29T09:21:29+00:00","author":{"@id":"https:\/\/www.fileasbl.be\/membres\/#\/schema\/person\/5954a0c68c3a6f92f805465caa00d25f"},"breadcrumb":{"@id":"https:\/\/www.fileasbl.be\/membres\/11-juin-2026-ag-de-la-file-et-conference-arnaud-deroo\/#breadcrumb"},"inLanguage":"fr-FR","potentialAction":[{"@type":"ReadAction","target":["https:\/\/www.fileasbl.be\/membres\/11-juin-2026-ag-de-la-file-et-conference-arnaud-deroo\/"]}]},{"@type":"ImageObject","inLanguage":"fr-FR","@id":"https:\/\/www.fileasbl.be\/membres\/11-juin-2026-ag-de-la-file-et-conference-arnaud-deroo\/#primaryimage","url":"https:\/\/www.fileasbl.be\/membres\/wp-content\/uploads\/2026\/04\/Save-scaled.png","contentUrl":"https:\/\/www.fileasbl.be\/membres\/wp-content\/uploads\/2026\/04\/Save-scaled.png","width":2560,"height":1280},{"@type":"BreadcrumbList","@id":"https:\/\/www.fileasbl.be\/membres\/11-juin-2026-ag-de-la-file-et-conference-arnaud-deroo\/#breadcrumb","itemListElement":[{"@type":"ListItem","position":1,"name":"Accueil","item":"https:\/\/www.fileasbl.be\/membres\/"},{"@type":"ListItem","position":2,"name":"11 juin 2026 &#8211; AG de la FILE et Conf\u00e9rence Arnaud Deroo"}]},{"@type":"WebSite","@id":"https:\/\/www.fileasbl.be\/membres\/#website","url":"https:\/\/www.fileasbl.be\/membres\/","name":"Site de la FILE","description":"FILE Un accueil de qualit\u00e9 accessible \u00e0 tous","potentialAction":[{"@type":"SearchAction","target":{"@type":"EntryPoint","urlTemplate":"https:\/\/www.fileasbl.be\/membres\/?s={search_term_string}"},"query-input":{"@type":"PropertyValueSpecification","valueRequired":true,"valueName":"search_term_string"}}],"inLanguage":"fr-FR"},{"@type":"Person","@id":"https:\/\/www.fileasbl.be\/membres\/#\/schema\/person\/5954a0c68c3a6f92f805465caa00d25f","name":"Contact FILE","url":"https:\/\/www.fileasbl.be\/membres\/author\/contactfile\/"}]}},"builder_content":"<img loading=\"lazy\" decoding=\"async\" width=\"2560\" height=\"1280\" src=\"https:\/\/www.fileasbl.be\/membres\/wp-content\/uploads\/2026\/04\/Save-scaled.png\" title=\"Save\" alt=\"Save\" srcset=\"https:\/\/www.fileasbl.be\/membres\/wp-content\/uploads\/2026\/04\/Save-scaled.png 2560w, https:\/\/www.fileasbl.be\/membres\/wp-content\/uploads\/2026\/04\/Save-300x150.png 300w, https:\/\/www.fileasbl.be\/membres\/wp-content\/uploads\/2026\/04\/Save-1024x512.png 1024w, https:\/\/www.fileasbl.be\/membres\/wp-content\/uploads\/2026\/04\/Save-768x384.png 768w, https:\/\/www.fileasbl.be\/membres\/wp-content\/uploads\/2026\/04\/Save-1536x768.png 1536w, https:\/\/www.fileasbl.be\/membres\/wp-content\/uploads\/2026\/04\/Save-2048x1024.png 2048w, https:\/\/www.fileasbl.be\/membres\/wp-content\/uploads\/2026\/04\/Save-1024x512-400x200.png 400w, https:\/\/www.fileasbl.be\/membres\/wp-content\/uploads\/2026\/04\/Save-1024x512-350x175.png 350w\" sizes=\"auto, (max-width: 2560px) 100vw, 2560px\" \/>\n\n<p><\/p> <p><em>Le\u00a0<\/em><strong><em>jeudi 11 juin prochain<\/em><\/strong><em>\u00a0en matin\u00e9e \u00e0 Louvain la Neuve (centre MONNET\u00a0Avenue Jean Monnet, 1348 \u2013 Louvain-la-Neuve),\u00a0la FILE a le plaisir de vous inviter \u00e0 une conf\u00e9rence gratuite de Arnaud Deroo\u00a0<\/em>sur la posture \u00e9ducative autour des sanctions et punitions dans les milieux d'accueil (0-12 ans) !<\/p> <p><\/p> <p><em>La conf\u00e9rence et l\u2019AG de la FILE sont gratuites pour nos membres, ouvertes \u00e0 tous et toutes sur inscriptions par email \u00e0 contact@fileasbl.be. Plusieurs participant.es par institution membre de la FILE sont les bienvenu.es (dans un premier temps, limit\u00e9 \u00e0 3 personnes \/ institution). Les places sont limit\u00e9es, n'oubliez pas de vous inscrire rapidement.<\/em><\/p> <p><\/p>\n<img loading=\"lazy\" decoding=\"async\" width=\"2560\" height=\"1280\" src=\"https:\/\/www.fileasbl.be\/membres\/wp-content\/uploads\/2026\/04\/Save-1-1-scaled.png\" title=\"Save (1)\" alt=\"Save (1)\" srcset=\"https:\/\/www.fileasbl.be\/membres\/wp-content\/uploads\/2026\/04\/Save-1-1-scaled.png 2560w, https:\/\/www.fileasbl.be\/membres\/wp-content\/uploads\/2026\/04\/Save-1-1-300x150.png 300w, https:\/\/www.fileasbl.be\/membres\/wp-content\/uploads\/2026\/04\/Save-1-1-1024x512.png 1024w, https:\/\/www.fileasbl.be\/membres\/wp-content\/uploads\/2026\/04\/Save-1-1-768x384.png 768w, https:\/\/www.fileasbl.be\/membres\/wp-content\/uploads\/2026\/04\/Save-1-1-1536x768.png 1536w, https:\/\/www.fileasbl.be\/membres\/wp-content\/uploads\/2026\/04\/Save-1-1-2048x1024.png 2048w, https:\/\/www.fileasbl.be\/membres\/wp-content\/uploads\/2026\/04\/Save-1-1-400x200.png 400w\" sizes=\"auto, (max-width: 2560px) 100vw, 2560px\" \/>\n\n<img loading=\"lazy\" decoding=\"async\" src=\"https:\/\/www.fileasbl.be\/membres\/wp-content\/uploads\/2026\/04\/deroo_0-1024x598-300x175.jpg\" width=\"300\" height=\"175\" title=\"Conf\u00e9rence de Arnaud Deroo\u00ab\u00a0Sanction\/punition, bien plus qu\u2019une question de vocabulaire\u00a0: une vision de soci\u00e9t\u00e9\u00a0\u00bb\" alt=\"Conf\u00e9rence de Arnaud Deroo\u00ab\u00a0Sanction\/punition, bien plus qu\u2019une question de vocabulaire\u00a0: une vision de soci\u00e9t\u00e9\u00a0\u00bb\" srcset=\"https:\/\/www.fileasbl.be\/membres\/wp-content\/uploads\/2026\/04\/deroo_0-1024x598-300x175.jpg 300w, https:\/\/www.fileasbl.be\/membres\/wp-content\/uploads\/2026\/04\/deroo_0-1024x598.jpg 1024w, https:\/\/www.fileasbl.be\/membres\/wp-content\/uploads\/2026\/04\/deroo_0-768x449.jpg 768w, https:\/\/www.fileasbl.be\/membres\/wp-content\/uploads\/2026\/04\/deroo_0-400x234.jpg 400w, https:\/\/www.fileasbl.be\/membres\/wp-content\/uploads\/2026\/04\/deroo_0.jpg 1500w\" sizes=\"auto, (max-width: 300px) 100vw, 300px\" \/> <h3> Conf\u00e9rence de Arnaud Deroo\u00ab\u00a0Sanction\/punition, bien plus qu\u2019une question de vocabulaire\u00a0: une vision de soci\u00e9t\u00e9\u00a0\u00bb <\/h3>","_links":{"self":[{"href":"https:\/\/www.fileasbl.be\/membres\/wp-json\/wp\/v2\/posts\/34336","targetHints":{"allow":["GET"]}}],"collection":[{"href":"https:\/\/www.fileasbl.be\/membres\/wp-json\/wp\/v2\/posts"}],"about":[{"href":"https:\/\/www.fileasbl.be\/membres\/wp-json\/wp\/v2\/types\/post"}],"author":[{"embeddable":true,"href":"https:\/\/www.fileasbl.be\/membres\/wp-json\/wp\/v2\/users\/2"}],"replies":[{"embeddable":true,"href":"https:\/\/www.fileasbl.be\/membres\/wp-json\/wp\/v2\/comments?post=34336"}],"version-history":[{"count":14,"href":"https:\/\/www.fileasbl.be\/membres\/wp-json\/wp\/v2\/posts\/34336\/revisions"}],"predecessor-version":[{"id":34370,"href":"https:\/\/www.fileasbl.be\/membres\/wp-json\/wp\/v2\/posts\/34336\/revisions\/34370"}],"wp:featuredmedia":[{"embeddable":true,"href":"https:\/\/www.fileasbl.be\/membres\/wp-json\/wp\/v2\/media\/34337"}],"wp:attachment":[{"href":"https:\/\/www.fileasbl.be\/membres\/wp-json\/wp\/v2\/media?parent=34336"}],"wp:term":[{"taxonomy":"category","embeddable":true,"href":"https:\/\/www.fileasbl.be\/membres\/wp-json\/wp\/v2\/categories?post=34336"},{"taxonomy":"post_tag","embeddable":true,"href":"https:\/\/www.fileasbl.be\/membres\/wp-json\/wp\/v2\/tags?post=34336"}],"curies":[{"name":"wp","href":"https:\/\/api.w.org\/{rel}","templated":true}]}}