{"id":34345,"date":"2026-04-29T10:33:07","date_gmt":"2026-04-29T09:33:07","guid":{"rendered":"https:\/\/www.fileasbl.be\/membres\/?p=34345"},"modified":"2026-04-29T10:33:07","modified_gmt":"2026-04-29T09:33:07","slug":"journee-bulle-dair-pour-les-directions-2026-ouverture-des-inscriptions","status":"publish","type":"post","link":"https:\/\/www.fileasbl.be\/membres\/journee-bulle-dair-pour-les-directions-2026-ouverture-des-inscriptions\/","title":{"rendered":"Journ\u00e9e bulle d&rsquo;air pour les directions 2026 : ouverture des inscriptions"},"content":{"rendered":"<!--themify_builder_content-->\n<div id=\"themify_builder_content-34345\" data-postid=\"34345\" class=\"themify_builder_content themify_builder_content-34345 themify_builder tf_clear\">\n    \t<!-- module_row -->\n\t<div  data-lazy=\"1\" class=\"module_row themify_builder_row tb_eyuh215 tb_first tf_clearfix\">\n\t    \t\t<div class=\"row_inner col_align_top col-count-1 tf_box tf_w tf_rel\">\n\t\t\t<div  data-lazy=\"1\" class=\"module_column tb-column col-full first tb_gsel216 tf_box\">\n\t\t\t    \t        <div class=\"tb-column-inner tf_box tf_w\">\n\t\t    \t<div  data-lazy=\"1\" class=\"module_subrow themify_builder_sub_row tb_3557753 tf_w tf_clearfix\">\n\t    \t\t<div class=\"subrow_inner col_align_top col-count-3 tf_box tf_w\">\n\t\t\t<div  style=\"width: 19.44%\" data-lazy=\"1\" class=\"sub_column module_column tf_box col3-1 first tb_ji4c755\"> \n\t    \t    \t<\/div>\n\t\t<div  style=\"width: 56.34%\" data-lazy=\"1\" class=\"sub_column module_column tf_box col3-1 middle tb_5fxo755\"> \n\t    \t    \t        <div class=\"tb-column-inner tf_box tf_w\">\n\t\t    <!-- module image -->\n<div  class=\"module module-image tb_91w8731   image-center tf_mw\" data-lazy=\"1\">\n        <div class=\"image-wrap tf_rel tf_mw\">\n\t\t    <img loading=\"lazy\" decoding=\"async\" width=\"1107\" height=\"506\" src=\"https:\/\/www.fileasbl.be\/membres\/wp-content\/uploads\/2026\/04\/b3225344-5590-01b8-b8f8-1435604180e2.png\" class=\"wp-post-image wp-image-34347\" title=\"b3225344-5590-01b8-b8f8-1435604180e2\" alt=\"b3225344-5590-01b8-b8f8-1435604180e2\" srcset=\"https:\/\/www.fileasbl.be\/membres\/wp-content\/uploads\/2026\/04\/b3225344-5590-01b8-b8f8-1435604180e2.png 1107w, https:\/\/www.fileasbl.be\/membres\/wp-content\/uploads\/2026\/04\/b3225344-5590-01b8-b8f8-1435604180e2-300x137.png 300w, https:\/\/www.fileasbl.be\/membres\/wp-content\/uploads\/2026\/04\/b3225344-5590-01b8-b8f8-1435604180e2-1024x468.png 1024w, https:\/\/www.fileasbl.be\/membres\/wp-content\/uploads\/2026\/04\/b3225344-5590-01b8-b8f8-1435604180e2-768x351.png 768w, https:\/\/www.fileasbl.be\/membres\/wp-content\/uploads\/2026\/04\/b3225344-5590-01b8-b8f8-1435604180e2-400x183.png 400w, https:\/\/www.fileasbl.be\/membres\/wp-content\/uploads\/2026\/04\/b3225344-5590-01b8-b8f8-1435604180e2-1024x468-382x175.png 382w\" sizes=\"auto, (max-width: 1107px) 100vw, 1107px\" \/>\t\n\t\t<\/div>\n\t<!-- \/image-wrap -->\n    \n    \t<\/div>\n<!-- \/module image -->\t        <\/div>\n\t    \t<\/div>\n\t\t<div  style=\"width: 17.82%\" data-lazy=\"1\" class=\"sub_column module_column tf_box col3-1 last tb_c5ay755\"> \n\t    \t    \t<\/div>\n\t\t    <\/div>\n\t<\/div><!-- \/themify_builder_sub_row -->\n\t<!-- module divider -->\n<div  class=\"module tf_mw module-divider tb_v5rv10 solid   \" style=\"border-width: 1px;border-color: #000;margin-top: 30px;margin-bottom: 30px;\" data-lazy=\"1\">\n    <\/div>\n<!-- \/module divider -->\n<!-- module login -->\n<div  class=\"module module-login tb_mche694 \" data-lazy=\"1\">\n\t<div classss=\"tb_login_wrap \">\n\t<h3 class=\"module-title\">Connectez-vous pour d\u00e9couvrir cet article ! <\/h3>\n\t\t\t\n\t\t<form class=\"tb_login_form tf_clearfix tf_box tf_clear\" name=\"loginform\" action=\"https:\/\/www.fileasbl.be\/membres\/wp-login.php\" method=\"post\">\n\t\t\t<p class=\"tb_login_username\">\n\t\t\t\t<label>\n\t\t\t\t\t<span class=\"tb_login_username_text\">Username or Email<\/span>\n\t\t\t\t\t<input type=\"text\" name=\"log\" required=\"required\">\n\t\t\t\t<\/label>\n\t\t\t<\/p>\n\t\t\t<p class=\"tb_login_password\">\n\t\t\t\t<label>\n\t\t\t\t\t<span class=\"tb_login_password_text\">Password<\/span>\n\t\t\t\t\t<input type=\"password\" name=\"pwd\" required=\"required\">\n\t\t\t\t<\/label>\n\t\t\t<\/p>\n\t\t\t<div class=\"tb_login_links tf_box tf_clear\">\n\t\t\t\t<a href=\"https:\/\/www.fileasbl.be\/membres\/wp-login.php?action=lostpassword\">Forgotten Password?<\/a>\n\t\t\t<\/div>\n\n\t\t\t\n\t\t\t\t\t\t<p class=\"tb_login_remember tf_left tf_box\">\n\t\t\t\t<label>\n\t\t\t\t\t<input name=\"rememberme\" type=\"checkbox\" value=\"forever\"> \n\t\t\t\t\t<span class=\"tb_login_remember_text\">Remember Me<\/span>\n\t\t\t\t<\/label>\n\t\t\t<\/p>\n\t\t\t\t\t\t<p class=\"tb_login_submit tf_right\">\n\t\t\t\t<button name=\"wp-submit\">Log In<\/button>\n\t\t\t\t<input type=\"hidden\" name=\"redirect_to\" value=\"\/membres\/wp-json\/wp\/v2\/posts\/34345?login_success=1\">\n\t\t\t\t<input type=\"hidden\" name=\"tb_login\" value=\"1\">\n\n\t\t\t\t\t\t\t<\/p>\n\n\t\t<\/form>\n\n\t\t<form class=\"tb_lostpassword_form tf_clearfix tf_box tf_clear\" name=\"lostpasswordform\" action=\"https:\/\/www.fileasbl.be\/membres\/wp-login.php?action=lostpassword\" method=\"post\" style=\"display:none\">\n\t\t\t<p class=\"tb_lostpassword_username\">\n\t\t\t\t<label>\n\t\t\t\t\t<span class=\"tb_lostpassword_username_text\">Username or Email<\/span>\n\t\t\t\t\t<input type=\"text\" name=\"user_login\" required=\"required\">\n\t\t\t\t<\/label>\n\t\t\t<\/p>\n\n\t\t\t\n\t\t\t\t\t\t<p class=\"tb_lostpassword_submit tf_right\">\n\t\t\t\t<button>Reset Password<\/button>\n\t\t\t<\/p>\n\n\t\t\t<div class=\"tb_login_links tf_left tf_box\">\n\t\t\t\t<a href=\"https:\/\/www.fileasbl.be\/membres\/wp-login.php\">Log In<\/a>\n\t\t\t<\/div>\n\t\t<\/form>\n\n\t    <\/div>\n<\/div><!-- \/module login -->\t        <\/div>\n\t    \t<\/div>\n\t\t    <\/div>\n\t    <!-- \/row_inner -->\n\t<\/div>\n\t<!-- \/module_row -->\n\t\t<!-- module_row -->\n\t<div  data-lazy=\"1\" class=\"module_row themify_builder_row tb_8voh901 tf_clearfix\" >\n\t    \t\t<div class=\"row_inner col_align_top col-count-1 tf_box tf_w tf_rel\">\n\t\t\t<div  data-lazy=\"1\" class=\"module_column tb-column col-full first tb_4ucf901 tf_box\">\n\t\t\t    \t        <div class=\"tb-column-inner tf_box tf_w\">\n\t\t    \t<div  data-lazy=\"1\" class=\"module_subrow themify_builder_sub_row tb_oij7523 tf_w tf_clearfix\">\n\t    \t\t<div class=\"subrow_inner col_align_top col-count-1 tf_box tf_w\">\n\t\t\t<div  data-lazy=\"1\" class=\"sub_column module_column tf_box col-full first tb_lasx524\"> \n\t    \t    \t        <div class=\"tb-column-inner tf_box tf_w\">\n\t\t    <!-- module text -->\n<div  class=\"module module-text tb_o9o6495   \" data-lazy=\"1\">\n        <div  class=\"tb_text_wrap\">\n    <p>La FILE\u00a0vous invite \u00e0 une journ\u00e9e \u00ab\u00a0bulle d&rsquo;air\u00a0\u00bb pour les directions de milieux d&rsquo;accueil, le 25 juin 2026. Une vraie pause pour souffler, \u00e9changer et prendre du recul\u00a0sur votre r\u00f4le de direction !<\/p>    <\/div>\n<\/div>\n<!-- \/module text -->\t        <\/div>\n\t    \t<\/div>\n\t\t    <\/div>\n\t<\/div><!-- \/themify_builder_sub_row -->\n\t\t<div  data-lazy=\"1\" class=\"module_subrow themify_builder_sub_row tb_rtxm323 tf_w tf_clearfix\">\n\t    \t\t<div class=\"subrow_inner col_align_top col-count-3 tf_box tf_w\">\n\t\t\t<div  style=\"width: 24.49%\" data-lazy=\"1\" class=\"sub_column module_column tf_box col3-1 first tb_17bd324\"> \n\t    \t    \t<\/div>\n\t\t<div  style=\"width: 44.25%\" data-lazy=\"1\" class=\"sub_column module_column tf_box col3-1 middle tb_zp07324\"> \n\t    \t    \t        <div class=\"tb-column-inner tf_box tf_w\">\n\t\t    <!-- module image -->\n<div  class=\"module module-image tb_lmgg570   image-top tf_mw\" data-lazy=\"1\">\n        <div class=\"image-wrap tf_rel tf_mw\">\n\t\t    <img loading=\"lazy\" decoding=\"async\" width=\"1080\" height=\"1080\" src=\"https:\/\/www.fileasbl.be\/membres\/wp-content\/uploads\/2026\/04\/Journee-direction-2026.png\" class=\"wp-post-image wp-image-34346\" title=\"Journ\u00e9e direction 2026\" alt=\"Journ\u00e9e direction 2026\" srcset=\"https:\/\/www.fileasbl.be\/membres\/wp-content\/uploads\/2026\/04\/Journee-direction-2026.png 1080w, https:\/\/www.fileasbl.be\/membres\/wp-content\/uploads\/2026\/04\/Journee-direction-2026-300x300.png 300w, https:\/\/www.fileasbl.be\/membres\/wp-content\/uploads\/2026\/04\/Journee-direction-2026-1024x1024.png 1024w, https:\/\/www.fileasbl.be\/membres\/wp-content\/uploads\/2026\/04\/Journee-direction-2026-150x150.png 150w, https:\/\/www.fileasbl.be\/membres\/wp-content\/uploads\/2026\/04\/Journee-direction-2026-768x768.png 768w, https:\/\/www.fileasbl.be\/membres\/wp-content\/uploads\/2026\/04\/Journee-direction-2026-400x400.png 400w, https:\/\/www.fileasbl.be\/membres\/wp-content\/uploads\/2026\/04\/Journee-direction-2026-100x100.png 100w\" sizes=\"auto, (max-width: 1080px) 100vw, 1080px\" \/>\t\n\t\t<\/div>\n\t<!-- \/image-wrap -->\n    \n    \t<\/div>\n<!-- \/module image -->\t        <\/div>\n\t    \t<\/div>\n\t\t<div  style=\"width: 24.86%\" data-lazy=\"1\" class=\"sub_column module_column tf_box col3-1 last tb_wt03324\"> \n\t    \t    \t<\/div>\n\t\t    <\/div>\n\t<\/div><!-- \/themify_builder_sub_row -->\n\t<!-- module divider -->\n<div  class=\"module tf_mw module-divider tb_6by9586 solid   \" style=\"border-width: 1px;border-color: #000;margin-top: 30px;margin-bottom: 30px;\" data-lazy=\"1\">\n    <\/div>\n<!-- \/module divider -->\n<!-- module text -->\n<div  class=\"module module-text tb_srqu90   \" data-lazy=\"1\">\n        <div  class=\"tb_text_wrap\">\n    <p><!-- wp:group {\"layout\":{\"type\":\"constrained\"}} --><\/p>\n<div class=\"wp-block-group\"><!-- wp:paragraph -->\n<p><strong>Au programme :<\/strong><\/p>\n<!-- \/wp:paragraph --> <!-- wp:list -->\n<ul class=\"wp-block-list\"><!-- wp:list-item -->\n<li>Travailler sa posture de leadership<\/li>\n<!-- \/wp:list-item --> <!-- wp:list-item -->\n<li>Partager entre pairs des situations concr\u00e8tes<\/li>\n<!-- \/wp:list-item --> <!-- wp:list-item -->\n<li>Mieux accompagner ses \u00e9quipes au quotidien<\/li>\n<!-- \/wp:list-item --> <!-- wp:list-item -->\n<li>Trouver l\u2019\u00e9quilibre entre cadre, autonomie et responsabilisation<\/li>\n<!-- \/wp:list-item --><\/ul>\n<!-- \/wp:list --><\/div>\n<p><!-- \/wp:group --> <!-- wp:paragraph {\"align\":\"center\"} --><\/p>\n<p class=\"has-text-align-center\"><strong>INSCRIPTIONS : pedagogie@fileasbl.be<\/strong><\/p>\n<p><!-- \/wp:paragraph --><\/p>    <\/div>\n<\/div>\n<!-- \/module text --><!-- module divider -->\n<div  class=\"module tf_mw module-divider tb_n1wz374 solid   \" style=\"border-width: 1px;border-color: #000;margin-top: 30px;margin-bottom: 30px;\" data-lazy=\"1\">\n    <\/div>\n<!-- \/module divider -->\n\t<div  data-lazy=\"1\" class=\"module_subrow themify_builder_sub_row tb_xqd0250 tf_w tf_clearfix\">\n\t    \t\t<div class=\"subrow_inner col_align_top col-count-2 tf_box tf_w\">\n\t\t\t<div  data-lazy=\"1\" class=\"sub_column module_column tf_box col2-1 first tb_0l05251\"> \n\t    \t    \t        <div class=\"tb-column-inner tf_box tf_w\">\n\t\t    <!-- module image -->\n<div  class=\"module module-image tb_vtke565   image-top tf_mw\" data-lazy=\"1\">\n        <div class=\"image-wrap tf_rel tf_mw\">\n\t\t    <img loading=\"lazy\" decoding=\"async\" width=\"1080\" height=\"1080\" src=\"https:\/\/www.fileasbl.be\/membres\/wp-content\/uploads\/2026\/04\/Copie-de-Publication-Instagram-Annonce-Evenement-Atelier-Sophrologie-Relaxation-Simple-Illustre-Floral-elegant-1-1.png\" class=\"wp-post-image wp-image-34349\" title=\"Copie de Publication Instagram Annonce Ev\u00e8nement Atelier Sophrologie Relaxation Simple Illustr\u00e9 Floral \u00e9l\u00e9gant\" alt=\"Copie de Publication Instagram Annonce Ev\u00e8nement Atelier Sophrologie Relaxation Simple Illustr\u00e9 Floral \u00e9l\u00e9gant\" srcset=\"https:\/\/www.fileasbl.be\/membres\/wp-content\/uploads\/2026\/04\/Copie-de-Publication-Instagram-Annonce-Evenement-Atelier-Sophrologie-Relaxation-Simple-Illustre-Floral-elegant-1-1.png 1080w, https:\/\/www.fileasbl.be\/membres\/wp-content\/uploads\/2026\/04\/Copie-de-Publication-Instagram-Annonce-Evenement-Atelier-Sophrologie-Relaxation-Simple-Illustre-Floral-elegant-1-1-300x300.png 300w, https:\/\/www.fileasbl.be\/membres\/wp-content\/uploads\/2026\/04\/Copie-de-Publication-Instagram-Annonce-Evenement-Atelier-Sophrologie-Relaxation-Simple-Illustre-Floral-elegant-1-1-1024x1024.png 1024w, https:\/\/www.fileasbl.be\/membres\/wp-content\/uploads\/2026\/04\/Copie-de-Publication-Instagram-Annonce-Evenement-Atelier-Sophrologie-Relaxation-Simple-Illustre-Floral-elegant-1-1-150x150.png 150w, https:\/\/www.fileasbl.be\/membres\/wp-content\/uploads\/2026\/04\/Copie-de-Publication-Instagram-Annonce-Evenement-Atelier-Sophrologie-Relaxation-Simple-Illustre-Floral-elegant-1-1-768x768.png 768w, https:\/\/www.fileasbl.be\/membres\/wp-content\/uploads\/2026\/04\/Copie-de-Publication-Instagram-Annonce-Evenement-Atelier-Sophrologie-Relaxation-Simple-Illustre-Floral-elegant-1-1-400x400.png 400w, https:\/\/www.fileasbl.be\/membres\/wp-content\/uploads\/2026\/04\/Copie-de-Publication-Instagram-Annonce-Evenement-Atelier-Sophrologie-Relaxation-Simple-Illustre-Floral-elegant-1-1-100x100.png 100w\" sizes=\"auto, (max-width: 1080px) 100vw, 1080px\" \/>\t\n\t\t<\/div>\n\t<!-- \/image-wrap -->\n    \n    \t<\/div>\n<!-- \/module image -->\t        <\/div>\n\t    \t<\/div>\n\t\t<div  data-lazy=\"1\" class=\"sub_column module_column tf_box col2-1 last tb_plza251\"> \n\t    \t    \t        <div class=\"tb-column-inner tf_box tf_w\">\n\t\t    <!-- module image -->\n<div  class=\"module module-image tb_zmm3532   image-top tf_mw\" data-lazy=\"1\">\n        <div class=\"image-wrap tf_rel tf_mw\">\n\t\t    <img loading=\"lazy\" decoding=\"async\" width=\"1080\" height=\"1080\" src=\"https:\/\/www.fileasbl.be\/membres\/wp-content\/uploads\/2026\/04\/Copie-de-Copie-de-Copie-de-Publication-Instagram-Annonce-Evenement-Atelier-Sophrologie-Relaxation-Simple-Illustre-Floral-elegant-.png\" class=\"wp-post-image wp-image-34350\" title=\"Copie de Copie de Copie de Publication Instagram Annonce Ev\u00e8nement Atelier Sophrologie Relaxation Simple Illustr\u00e9 Floral \u00e9l\u00e9gant\" alt=\"Copie de Copie de Copie de Publication Instagram Annonce Ev\u00e8nement Atelier Sophrologie Relaxation Simple Illustr\u00e9 Floral \u00e9l\u00e9gant\" srcset=\"https:\/\/www.fileasbl.be\/membres\/wp-content\/uploads\/2026\/04\/Copie-de-Copie-de-Copie-de-Publication-Instagram-Annonce-Evenement-Atelier-Sophrologie-Relaxation-Simple-Illustre-Floral-elegant-.png 1080w, https:\/\/www.fileasbl.be\/membres\/wp-content\/uploads\/2026\/04\/Copie-de-Copie-de-Copie-de-Publication-Instagram-Annonce-Evenement-Atelier-Sophrologie-Relaxation-Simple-Illustre-Floral-elegant--300x300.png 300w, https:\/\/www.fileasbl.be\/membres\/wp-content\/uploads\/2026\/04\/Copie-de-Copie-de-Copie-de-Publication-Instagram-Annonce-Evenement-Atelier-Sophrologie-Relaxation-Simple-Illustre-Floral-elegant--1024x1024.png 1024w, https:\/\/www.fileasbl.be\/membres\/wp-content\/uploads\/2026\/04\/Copie-de-Copie-de-Copie-de-Publication-Instagram-Annonce-Evenement-Atelier-Sophrologie-Relaxation-Simple-Illustre-Floral-elegant--150x150.png 150w, https:\/\/www.fileasbl.be\/membres\/wp-content\/uploads\/2026\/04\/Copie-de-Copie-de-Copie-de-Publication-Instagram-Annonce-Evenement-Atelier-Sophrologie-Relaxation-Simple-Illustre-Floral-elegant--768x768.png 768w, https:\/\/www.fileasbl.be\/membres\/wp-content\/uploads\/2026\/04\/Copie-de-Copie-de-Copie-de-Publication-Instagram-Annonce-Evenement-Atelier-Sophrologie-Relaxation-Simple-Illustre-Floral-elegant--400x400.png 400w, https:\/\/www.fileasbl.be\/membres\/wp-content\/uploads\/2026\/04\/Copie-de-Copie-de-Copie-de-Publication-Instagram-Annonce-Evenement-Atelier-Sophrologie-Relaxation-Simple-Illustre-Floral-elegant--100x100.png 100w\" sizes=\"auto, (max-width: 1080px) 100vw, 1080px\" \/>\t\n\t\t<\/div>\n\t<!-- \/image-wrap -->\n    \n    \t<\/div>\n<!-- \/module image -->\t        <\/div>\n\t    \t<\/div>\n\t\t    <\/div>\n\t<\/div><!-- \/themify_builder_sub_row -->\n\t\t        <\/div>\n\t    \t<\/div>\n\t\t    <\/div>\n\t    <!-- \/row_inner -->\n\t<\/div>\n\t<!-- \/module_row -->\n\t<\/div>\n<!--\/themify_builder_content-->","protected":false},"excerpt":{"rendered":"<p>La FILE\u00a0vous invite \u00e0 une journ\u00e9e \u00ab\u00a0bulle d&rsquo;air\u00a0\u00bb pour les directions de milieux d&rsquo;accueil, le 25 juin 2026. Une vraie pause pour souffler, \u00e9changer et prendre du recul\u00a0sur votre r\u00f4le de direction !<\/p>\n","protected":false},"author":2,"featured_media":34347,"comment_status":"closed","ping_status":"closed","sticky":false,"template":"","format":"standard","meta":{"footnotes":""},"categories":[275,300],"tags":[],"class_list":["post-34345","post","type-post","status-publish","format-standard","has-post-thumbnail","hentry","category-a-la-une","category-notes-pedagogiques","has-post-title","has-post-date","has-post-category","has-post-tag","has-post-comment","has-post-author",""],"yoast_head":"<!-- This site is optimized with the Yoast SEO plugin v27.4 - https:\/\/yoast.com\/product\/yoast-seo-wordpress\/ -->\n<title>Journ\u00e9e bulle d&#039;air pour les directions 2026 : ouverture des inscriptions - Site de la FILE<\/title>\n<meta name=\"robots\" content=\"index, follow, max-snippet:-1, max-image-preview:large, max-video-preview:-1\" \/>\n<link rel=\"canonical\" href=\"https:\/\/www.fileasbl.be\/membres\/journee-bulle-dair-pour-les-directions-2026-ouverture-des-inscriptions\/\" \/>\n<meta property=\"og:locale\" content=\"fr_FR\" \/>\n<meta property=\"og:type\" content=\"article\" \/>\n<meta property=\"og:title\" content=\"Journ\u00e9e bulle d&#039;air pour les directions 2026 : ouverture des inscriptions - Site de la FILE\" \/>\n<meta property=\"og:description\" content=\"La FILE\u00a0vous invite \u00e0 une journ\u00e9e &quot;bulle d&#039;air&quot; pour les directions de milieux d&#039;accueil, le 25 juin 2026. Une vraie pause pour souffler, \u00e9changer et prendre du recul\u00a0sur votre r\u00f4le de direction !\" \/>\n<meta property=\"og:url\" content=\"https:\/\/www.fileasbl.be\/membres\/journee-bulle-dair-pour-les-directions-2026-ouverture-des-inscriptions\/\" \/>\n<meta property=\"og:site_name\" content=\"Site de la FILE\" \/>\n<meta property=\"article:publisher\" content=\"https:\/\/www.facebook.com\/fileasbl\/\" \/>\n<meta property=\"article:published_time\" content=\"2026-04-29T09:33:07+00:00\" \/>\n<meta property=\"og:image\" content=\"https:\/\/www.fileasbl.be\/membres\/wp-content\/uploads\/2026\/04\/b3225344-5590-01b8-b8f8-1435604180e2.png\" \/>\n\t<meta property=\"og:image:width\" content=\"1107\" \/>\n\t<meta property=\"og:image:height\" content=\"506\" \/>\n\t<meta property=\"og:image:type\" content=\"image\/png\" \/>\n<meta name=\"author\" content=\"Contact FILE\" \/>\n<meta name=\"twitter:card\" content=\"summary_large_image\" \/>\n<meta name=\"twitter:label1\" content=\"\u00c9crit par\" \/>\n\t<meta name=\"twitter:data1\" content=\"Contact FILE\" \/>\n\t<meta name=\"twitter:label2\" content=\"Dur\u00e9e de lecture estim\u00e9e\" \/>\n\t<meta name=\"twitter:data2\" content=\"1 minute\" \/>\n<script type=\"application\/ld+json\" class=\"yoast-schema-graph\">{\"@context\":\"https:\\\/\\\/schema.org\",\"@graph\":[{\"@type\":\"Article\",\"@id\":\"https:\\\/\\\/www.fileasbl.be\\\/membres\\\/journee-bulle-dair-pour-les-directions-2026-ouverture-des-inscriptions\\\/#article\",\"isPartOf\":{\"@id\":\"https:\\\/\\\/www.fileasbl.be\\\/membres\\\/journee-bulle-dair-pour-les-directions-2026-ouverture-des-inscriptions\\\/\"},\"author\":{\"name\":\"Contact FILE\",\"@id\":\"https:\\\/\\\/www.fileasbl.be\\\/membres\\\/#\\\/schema\\\/person\\\/5954a0c68c3a6f92f805465caa00d25f\"},\"headline\":\"Journ\u00e9e bulle d&rsquo;air pour les directions 2026 : ouverture des inscriptions\",\"datePublished\":\"2026-04-29T09:33:07+00:00\",\"mainEntityOfPage\":{\"@id\":\"https:\\\/\\\/www.fileasbl.be\\\/membres\\\/journee-bulle-dair-pour-les-directions-2026-ouverture-des-inscriptions\\\/\"},\"wordCount\":11,\"image\":{\"@id\":\"https:\\\/\\\/www.fileasbl.be\\\/membres\\\/journee-bulle-dair-pour-les-directions-2026-ouverture-des-inscriptions\\\/#primaryimage\"},\"thumbnailUrl\":\"https:\\\/\\\/www.fileasbl.be\\\/membres\\\/wp-content\\\/uploads\\\/2026\\\/04\\\/b3225344-5590-01b8-b8f8-1435604180e2.png\",\"articleSection\":[\"A la Une\",\"Notes p\u00e9dagogiques\"],\"inLanguage\":\"fr-FR\"},{\"@type\":\"WebPage\",\"@id\":\"https:\\\/\\\/www.fileasbl.be\\\/membres\\\/journee-bulle-dair-pour-les-directions-2026-ouverture-des-inscriptions\\\/\",\"url\":\"https:\\\/\\\/www.fileasbl.be\\\/membres\\\/journee-bulle-dair-pour-les-directions-2026-ouverture-des-inscriptions\\\/\",\"name\":\"Journ\u00e9e bulle d'air pour les directions 2026 : ouverture des inscriptions - Site de la FILE\",\"isPartOf\":{\"@id\":\"https:\\\/\\\/www.fileasbl.be\\\/membres\\\/#website\"},\"primaryImageOfPage\":{\"@id\":\"https:\\\/\\\/www.fileasbl.be\\\/membres\\\/journee-bulle-dair-pour-les-directions-2026-ouverture-des-inscriptions\\\/#primaryimage\"},\"image\":{\"@id\":\"https:\\\/\\\/www.fileasbl.be\\\/membres\\\/journee-bulle-dair-pour-les-directions-2026-ouverture-des-inscriptions\\\/#primaryimage\"},\"thumbnailUrl\":\"https:\\\/\\\/www.fileasbl.be\\\/membres\\\/wp-content\\\/uploads\\\/2026\\\/04\\\/b3225344-5590-01b8-b8f8-1435604180e2.png\",\"datePublished\":\"2026-04-29T09:33:07+00:00\",\"author\":{\"@id\":\"https:\\\/\\\/www.fileasbl.be\\\/membres\\\/#\\\/schema\\\/person\\\/5954a0c68c3a6f92f805465caa00d25f\"},\"breadcrumb\":{\"@id\":\"https:\\\/\\\/www.fileasbl.be\\\/membres\\\/journee-bulle-dair-pour-les-directions-2026-ouverture-des-inscriptions\\\/#breadcrumb\"},\"inLanguage\":\"fr-FR\",\"potentialAction\":[{\"@type\":\"ReadAction\",\"target\":[\"https:\\\/\\\/www.fileasbl.be\\\/membres\\\/journee-bulle-dair-pour-les-directions-2026-ouverture-des-inscriptions\\\/\"]}]},{\"@type\":\"ImageObject\",\"inLanguage\":\"fr-FR\",\"@id\":\"https:\\\/\\\/www.fileasbl.be\\\/membres\\\/journee-bulle-dair-pour-les-directions-2026-ouverture-des-inscriptions\\\/#primaryimage\",\"url\":\"https:\\\/\\\/www.fileasbl.be\\\/membres\\\/wp-content\\\/uploads\\\/2026\\\/04\\\/b3225344-5590-01b8-b8f8-1435604180e2.png\",\"contentUrl\":\"https:\\\/\\\/www.fileasbl.be\\\/membres\\\/wp-content\\\/uploads\\\/2026\\\/04\\\/b3225344-5590-01b8-b8f8-1435604180e2.png\",\"width\":1107,\"height\":506},{\"@type\":\"BreadcrumbList\",\"@id\":\"https:\\\/\\\/www.fileasbl.be\\\/membres\\\/journee-bulle-dair-pour-les-directions-2026-ouverture-des-inscriptions\\\/#breadcrumb\",\"itemListElement\":[{\"@type\":\"ListItem\",\"position\":1,\"name\":\"Accueil\",\"item\":\"https:\\\/\\\/www.fileasbl.be\\\/membres\\\/\"},{\"@type\":\"ListItem\",\"position\":2,\"name\":\"Journ\u00e9e bulle d&rsquo;air pour les directions 2026 : ouverture des inscriptions\"}]},{\"@type\":\"WebSite\",\"@id\":\"https:\\\/\\\/www.fileasbl.be\\\/membres\\\/#website\",\"url\":\"https:\\\/\\\/www.fileasbl.be\\\/membres\\\/\",\"name\":\"Site de la FILE\",\"description\":\"FILE Un accueil de qualit\u00e9 accessible \u00e0 tous\",\"potentialAction\":[{\"@type\":\"SearchAction\",\"target\":{\"@type\":\"EntryPoint\",\"urlTemplate\":\"https:\\\/\\\/www.fileasbl.be\\\/membres\\\/?s={search_term_string}\"},\"query-input\":{\"@type\":\"PropertyValueSpecification\",\"valueRequired\":true,\"valueName\":\"search_term_string\"}}],\"inLanguage\":\"fr-FR\"},{\"@type\":\"Person\",\"@id\":\"https:\\\/\\\/www.fileasbl.be\\\/membres\\\/#\\\/schema\\\/person\\\/5954a0c68c3a6f92f805465caa00d25f\",\"name\":\"Contact FILE\",\"url\":\"https:\\\/\\\/www.fileasbl.be\\\/membres\\\/author\\\/contactfile\\\/\"}]}<\/script>\n<!-- \/ Yoast SEO plugin. -->","yoast_head_json":{"title":"Journ\u00e9e bulle d'air pour les directions 2026 : ouverture des inscriptions - Site de la FILE","robots":{"index":"index","follow":"follow","max-snippet":"max-snippet:-1","max-image-preview":"max-image-preview:large","max-video-preview":"max-video-preview:-1"},"canonical":"https:\/\/www.fileasbl.be\/membres\/journee-bulle-dair-pour-les-directions-2026-ouverture-des-inscriptions\/","og_locale":"fr_FR","og_type":"article","og_title":"Journ\u00e9e bulle d'air pour les directions 2026 : ouverture des inscriptions - Site de la FILE","og_description":"La FILE\u00a0vous invite \u00e0 une journ\u00e9e \"bulle d'air\" pour les directions de milieux d'accueil, le 25 juin 2026. Une vraie pause pour souffler, \u00e9changer et prendre du recul\u00a0sur votre r\u00f4le de direction !","og_url":"https:\/\/www.fileasbl.be\/membres\/journee-bulle-dair-pour-les-directions-2026-ouverture-des-inscriptions\/","og_site_name":"Site de la FILE","article_publisher":"https:\/\/www.facebook.com\/fileasbl\/","article_published_time":"2026-04-29T09:33:07+00:00","og_image":[{"width":1107,"height":506,"url":"https:\/\/www.fileasbl.be\/membres\/wp-content\/uploads\/2026\/04\/b3225344-5590-01b8-b8f8-1435604180e2.png","type":"image\/png"}],"author":"Contact FILE","twitter_card":"summary_large_image","twitter_misc":{"\u00c9crit par":"Contact FILE","Dur\u00e9e de lecture estim\u00e9e":"1 minute"},"schema":{"@context":"https:\/\/schema.org","@graph":[{"@type":"Article","@id":"https:\/\/www.fileasbl.be\/membres\/journee-bulle-dair-pour-les-directions-2026-ouverture-des-inscriptions\/#article","isPartOf":{"@id":"https:\/\/www.fileasbl.be\/membres\/journee-bulle-dair-pour-les-directions-2026-ouverture-des-inscriptions\/"},"author":{"name":"Contact FILE","@id":"https:\/\/www.fileasbl.be\/membres\/#\/schema\/person\/5954a0c68c3a6f92f805465caa00d25f"},"headline":"Journ\u00e9e bulle d&rsquo;air pour les directions 2026 : ouverture des inscriptions","datePublished":"2026-04-29T09:33:07+00:00","mainEntityOfPage":{"@id":"https:\/\/www.fileasbl.be\/membres\/journee-bulle-dair-pour-les-directions-2026-ouverture-des-inscriptions\/"},"wordCount":11,"image":{"@id":"https:\/\/www.fileasbl.be\/membres\/journee-bulle-dair-pour-les-directions-2026-ouverture-des-inscriptions\/#primaryimage"},"thumbnailUrl":"https:\/\/www.fileasbl.be\/membres\/wp-content\/uploads\/2026\/04\/b3225344-5590-01b8-b8f8-1435604180e2.png","articleSection":["A la Une","Notes p\u00e9dagogiques"],"inLanguage":"fr-FR"},{"@type":"WebPage","@id":"https:\/\/www.fileasbl.be\/membres\/journee-bulle-dair-pour-les-directions-2026-ouverture-des-inscriptions\/","url":"https:\/\/www.fileasbl.be\/membres\/journee-bulle-dair-pour-les-directions-2026-ouverture-des-inscriptions\/","name":"Journ\u00e9e bulle d'air pour les directions 2026 : ouverture des inscriptions - Site de la FILE","isPartOf":{"@id":"https:\/\/www.fileasbl.be\/membres\/#website"},"primaryImageOfPage":{"@id":"https:\/\/www.fileasbl.be\/membres\/journee-bulle-dair-pour-les-directions-2026-ouverture-des-inscriptions\/#primaryimage"},"image":{"@id":"https:\/\/www.fileasbl.be\/membres\/journee-bulle-dair-pour-les-directions-2026-ouverture-des-inscriptions\/#primaryimage"},"thumbnailUrl":"https:\/\/www.fileasbl.be\/membres\/wp-content\/uploads\/2026\/04\/b3225344-5590-01b8-b8f8-1435604180e2.png","datePublished":"2026-04-29T09:33:07+00:00","author":{"@id":"https:\/\/www.fileasbl.be\/membres\/#\/schema\/person\/5954a0c68c3a6f92f805465caa00d25f"},"breadcrumb":{"@id":"https:\/\/www.fileasbl.be\/membres\/journee-bulle-dair-pour-les-directions-2026-ouverture-des-inscriptions\/#breadcrumb"},"inLanguage":"fr-FR","potentialAction":[{"@type":"ReadAction","target":["https:\/\/www.fileasbl.be\/membres\/journee-bulle-dair-pour-les-directions-2026-ouverture-des-inscriptions\/"]}]},{"@type":"ImageObject","inLanguage":"fr-FR","@id":"https:\/\/www.fileasbl.be\/membres\/journee-bulle-dair-pour-les-directions-2026-ouverture-des-inscriptions\/#primaryimage","url":"https:\/\/www.fileasbl.be\/membres\/wp-content\/uploads\/2026\/04\/b3225344-5590-01b8-b8f8-1435604180e2.png","contentUrl":"https:\/\/www.fileasbl.be\/membres\/wp-content\/uploads\/2026\/04\/b3225344-5590-01b8-b8f8-1435604180e2.png","width":1107,"height":506},{"@type":"BreadcrumbList","@id":"https:\/\/www.fileasbl.be\/membres\/journee-bulle-dair-pour-les-directions-2026-ouverture-des-inscriptions\/#breadcrumb","itemListElement":[{"@type":"ListItem","position":1,"name":"Accueil","item":"https:\/\/www.fileasbl.be\/membres\/"},{"@type":"ListItem","position":2,"name":"Journ\u00e9e bulle d&rsquo;air pour les directions 2026 : ouverture des inscriptions"}]},{"@type":"WebSite","@id":"https:\/\/www.fileasbl.be\/membres\/#website","url":"https:\/\/www.fileasbl.be\/membres\/","name":"Site de la FILE","description":"FILE Un accueil de qualit\u00e9 accessible \u00e0 tous","potentialAction":[{"@type":"SearchAction","target":{"@type":"EntryPoint","urlTemplate":"https:\/\/www.fileasbl.be\/membres\/?s={search_term_string}"},"query-input":{"@type":"PropertyValueSpecification","valueRequired":true,"valueName":"search_term_string"}}],"inLanguage":"fr-FR"},{"@type":"Person","@id":"https:\/\/www.fileasbl.be\/membres\/#\/schema\/person\/5954a0c68c3a6f92f805465caa00d25f","name":"Contact FILE","url":"https:\/\/www.fileasbl.be\/membres\/author\/contactfile\/"}]}},"builder_content":"<img loading=\"lazy\" decoding=\"async\" width=\"1107\" height=\"506\" src=\"https:\/\/www.fileasbl.be\/membres\/wp-content\/uploads\/2026\/04\/b3225344-5590-01b8-b8f8-1435604180e2.png\" title=\"b3225344-5590-01b8-b8f8-1435604180e2\" alt=\"b3225344-5590-01b8-b8f8-1435604180e2\" srcset=\"https:\/\/www.fileasbl.be\/membres\/wp-content\/uploads\/2026\/04\/b3225344-5590-01b8-b8f8-1435604180e2.png 1107w, https:\/\/www.fileasbl.be\/membres\/wp-content\/uploads\/2026\/04\/b3225344-5590-01b8-b8f8-1435604180e2-300x137.png 300w, https:\/\/www.fileasbl.be\/membres\/wp-content\/uploads\/2026\/04\/b3225344-5590-01b8-b8f8-1435604180e2-1024x468.png 1024w, https:\/\/www.fileasbl.be\/membres\/wp-content\/uploads\/2026\/04\/b3225344-5590-01b8-b8f8-1435604180e2-768x351.png 768w, https:\/\/www.fileasbl.be\/membres\/wp-content\/uploads\/2026\/04\/b3225344-5590-01b8-b8f8-1435604180e2-400x183.png 400w, https:\/\/www.fileasbl.be\/membres\/wp-content\/uploads\/2026\/04\/b3225344-5590-01b8-b8f8-1435604180e2-1024x468-382x175.png 382w\" sizes=\"auto, (max-width: 1107px) 100vw, 1107px\" \/>\n\n<p>La FILE\u00a0vous invite \u00e0 une journ\u00e9e \"bulle d'air\" pour les directions de milieux d'accueil, le 25 juin 2026. Une vraie pause pour souffler, \u00e9changer et prendre du recul\u00a0sur votre r\u00f4le de direction !<\/p>\n<img loading=\"lazy\" decoding=\"async\" width=\"1080\" height=\"1080\" src=\"https:\/\/www.fileasbl.be\/membres\/wp-content\/uploads\/2026\/04\/Journee-direction-2026.png\" title=\"Journ\u00e9e direction 2026\" alt=\"Journ\u00e9e direction 2026\" srcset=\"https:\/\/www.fileasbl.be\/membres\/wp-content\/uploads\/2026\/04\/Journee-direction-2026.png 1080w, https:\/\/www.fileasbl.be\/membres\/wp-content\/uploads\/2026\/04\/Journee-direction-2026-300x300.png 300w, https:\/\/www.fileasbl.be\/membres\/wp-content\/uploads\/2026\/04\/Journee-direction-2026-1024x1024.png 1024w, https:\/\/www.fileasbl.be\/membres\/wp-content\/uploads\/2026\/04\/Journee-direction-2026-150x150.png 150w, https:\/\/www.fileasbl.be\/membres\/wp-content\/uploads\/2026\/04\/Journee-direction-2026-768x768.png 768w, https:\/\/www.fileasbl.be\/membres\/wp-content\/uploads\/2026\/04\/Journee-direction-2026-400x400.png 400w, https:\/\/www.fileasbl.be\/membres\/wp-content\/uploads\/2026\/04\/Journee-direction-2026-100x100.png 100w\" sizes=\"auto, (max-width: 1080px) 100vw, 1080px\" \/>\n\n<p><\/p>\n<p><strong>Au programme :<\/strong><\/p> <ul> <li>Travailler sa posture de leadership<\/li> <li>Partager entre pairs des situations concr\u00e8tes<\/li> <li>Mieux accompagner ses \u00e9quipes au quotidien<\/li> <li>Trouver l\u2019\u00e9quilibre entre cadre, autonomie et responsabilisation<\/li> <\/ul>\n<p> <\/p> <p><strong>INSCRIPTIONS : pedagogie@fileasbl.be<\/strong><\/p> <p><\/p>\n\n<img loading=\"lazy\" decoding=\"async\" width=\"1080\" height=\"1080\" src=\"https:\/\/www.fileasbl.be\/membres\/wp-content\/uploads\/2026\/04\/Copie-de-Publication-Instagram-Annonce-Evenement-Atelier-Sophrologie-Relaxation-Simple-Illustre-Floral-elegant-1-1.png\" title=\"Copie de Publication Instagram Annonce Ev\u00e8nement Atelier Sophrologie Relaxation Simple Illustr\u00e9 Floral \u00e9l\u00e9gant\" alt=\"Copie de Publication Instagram Annonce Ev\u00e8nement Atelier Sophrologie Relaxation Simple Illustr\u00e9 Floral \u00e9l\u00e9gant\" srcset=\"https:\/\/www.fileasbl.be\/membres\/wp-content\/uploads\/2026\/04\/Copie-de-Publication-Instagram-Annonce-Evenement-Atelier-Sophrologie-Relaxation-Simple-Illustre-Floral-elegant-1-1.png 1080w, https:\/\/www.fileasbl.be\/membres\/wp-content\/uploads\/2026\/04\/Copie-de-Publication-Instagram-Annonce-Evenement-Atelier-Sophrologie-Relaxation-Simple-Illustre-Floral-elegant-1-1-300x300.png 300w, https:\/\/www.fileasbl.be\/membres\/wp-content\/uploads\/2026\/04\/Copie-de-Publication-Instagram-Annonce-Evenement-Atelier-Sophrologie-Relaxation-Simple-Illustre-Floral-elegant-1-1-1024x1024.png 1024w, https:\/\/www.fileasbl.be\/membres\/wp-content\/uploads\/2026\/04\/Copie-de-Publication-Instagram-Annonce-Evenement-Atelier-Sophrologie-Relaxation-Simple-Illustre-Floral-elegant-1-1-150x150.png 150w, https:\/\/www.fileasbl.be\/membres\/wp-content\/uploads\/2026\/04\/Copie-de-Publication-Instagram-Annonce-Evenement-Atelier-Sophrologie-Relaxation-Simple-Illustre-Floral-elegant-1-1-768x768.png 768w, https:\/\/www.fileasbl.be\/membres\/wp-content\/uploads\/2026\/04\/Copie-de-Publication-Instagram-Annonce-Evenement-Atelier-Sophrologie-Relaxation-Simple-Illustre-Floral-elegant-1-1-400x400.png 400w, https:\/\/www.fileasbl.be\/membres\/wp-content\/uploads\/2026\/04\/Copie-de-Publication-Instagram-Annonce-Evenement-Atelier-Sophrologie-Relaxation-Simple-Illustre-Floral-elegant-1-1-100x100.png 100w\" sizes=\"auto, (max-width: 1080px) 100vw, 1080px\" \/>\n<img loading=\"lazy\" decoding=\"async\" width=\"1080\" height=\"1080\" src=\"https:\/\/www.fileasbl.be\/membres\/wp-content\/uploads\/2026\/04\/Copie-de-Copie-de-Copie-de-Publication-Instagram-Annonce-Evenement-Atelier-Sophrologie-Relaxation-Simple-Illustre-Floral-elegant-.png\" title=\"Copie de Copie de Copie de Publication Instagram Annonce Ev\u00e8nement Atelier Sophrologie Relaxation Simple Illustr\u00e9 Floral \u00e9l\u00e9gant\" alt=\"Copie de Copie de Copie de Publication Instagram Annonce Ev\u00e8nement Atelier Sophrologie Relaxation Simple Illustr\u00e9 Floral \u00e9l\u00e9gant\" srcset=\"https:\/\/www.fileasbl.be\/membres\/wp-content\/uploads\/2026\/04\/Copie-de-Copie-de-Copie-de-Publication-Instagram-Annonce-Evenement-Atelier-Sophrologie-Relaxation-Simple-Illustre-Floral-elegant-.png 1080w, https:\/\/www.fileasbl.be\/membres\/wp-content\/uploads\/2026\/04\/Copie-de-Copie-de-Copie-de-Publication-Instagram-Annonce-Evenement-Atelier-Sophrologie-Relaxation-Simple-Illustre-Floral-elegant--300x300.png 300w, https:\/\/www.fileasbl.be\/membres\/wp-content\/uploads\/2026\/04\/Copie-de-Copie-de-Copie-de-Publication-Instagram-Annonce-Evenement-Atelier-Sophrologie-Relaxation-Simple-Illustre-Floral-elegant--1024x1024.png 1024w, https:\/\/www.fileasbl.be\/membres\/wp-content\/uploads\/2026\/04\/Copie-de-Copie-de-Copie-de-Publication-Instagram-Annonce-Evenement-Atelier-Sophrologie-Relaxation-Simple-Illustre-Floral-elegant--150x150.png 150w, https:\/\/www.fileasbl.be\/membres\/wp-content\/uploads\/2026\/04\/Copie-de-Copie-de-Copie-de-Publication-Instagram-Annonce-Evenement-Atelier-Sophrologie-Relaxation-Simple-Illustre-Floral-elegant--768x768.png 768w, https:\/\/www.fileasbl.be\/membres\/wp-content\/uploads\/2026\/04\/Copie-de-Copie-de-Copie-de-Publication-Instagram-Annonce-Evenement-Atelier-Sophrologie-Relaxation-Simple-Illustre-Floral-elegant--400x400.png 400w, https:\/\/www.fileasbl.be\/membres\/wp-content\/uploads\/2026\/04\/Copie-de-Copie-de-Copie-de-Publication-Instagram-Annonce-Evenement-Atelier-Sophrologie-Relaxation-Simple-Illustre-Floral-elegant--100x100.png 100w\" sizes=\"auto, (max-width: 1080px) 100vw, 1080px\" \/>","_links":{"self":[{"href":"https:\/\/www.fileasbl.be\/membres\/wp-json\/wp\/v2\/posts\/34345","targetHints":{"allow":["GET"]}}],"collection":[{"href":"https:\/\/www.fileasbl.be\/membres\/wp-json\/wp\/v2\/posts"}],"about":[{"href":"https:\/\/www.fileasbl.be\/membres\/wp-json\/wp\/v2\/types\/post"}],"author":[{"embeddable":true,"href":"https:\/\/www.fileasbl.be\/membres\/wp-json\/wp\/v2\/users\/2"}],"replies":[{"embeddable":true,"href":"https:\/\/www.fileasbl.be\/membres\/wp-json\/wp\/v2\/comments?post=34345"}],"version-history":[{"count":5,"href":"https:\/\/www.fileasbl.be\/membres\/wp-json\/wp\/v2\/posts\/34345\/revisions"}],"predecessor-version":[{"id":34372,"href":"https:\/\/www.fileasbl.be\/membres\/wp-json\/wp\/v2\/posts\/34345\/revisions\/34372"}],"wp:featuredmedia":[{"embeddable":true,"href":"https:\/\/www.fileasbl.be\/membres\/wp-json\/wp\/v2\/media\/34347"}],"wp:attachment":[{"href":"https:\/\/www.fileasbl.be\/membres\/wp-json\/wp\/v2\/media?parent=34345"}],"wp:term":[{"taxonomy":"category","embeddable":true,"href":"https:\/\/www.fileasbl.be\/membres\/wp-json\/wp\/v2\/categories?post=34345"},{"taxonomy":"post_tag","embeddable":true,"href":"https:\/\/www.fileasbl.be\/membres\/wp-json\/wp\/v2\/tags?post=34345"}],"curies":[{"name":"wp","href":"https:\/\/api.w.org\/{rel}","templated":true}]}}