{"id":3479,"date":"2018-12-21T15:02:14","date_gmt":"2018-12-21T14:02:14","guid":{"rendered":"http:\/\/www.fileasbl.be\/membres\/?p=3479"},"modified":"2020-06-16T06:16:09","modified_gmt":"2020-06-16T05:16:09","slug":"comment-rendre-nos-milieux-daccueil-plus-inclusifs-pour-les-enfants-en-situation-de-handicap","status":"publish","type":"post","link":"https:\/\/www.fileasbl.be\/membres\/comment-rendre-nos-milieux-daccueil-plus-inclusifs-pour-les-enfants-en-situation-de-handicap\/","title":{"rendered":"Plus d&rsquo;inclusion pour enfants en situation handicap ?"},"content":{"rendered":"<p>Il reste quelques places pour notre formation \u00ab\u00a0Comment rendre nos milieux d\u2019accueil plus inclusifs pour les enfants en situation de handicap ?\u00a0\u00bb qui aura lieu les <strong>4 et 18 f\u00e9vrier 2019<\/strong> au Domaine de Chastre, rue de Gembloux, 2.<\/p>\n<p>C&rsquo;est une formation du <strong>catalogue ONE en collaboration avec le service ISBW<\/strong> et destin\u00e9e aux professionnels de la petite enfance.<\/p>\n<p><a href=\"https:\/\/www.fileasbl.be\/membres\/wp-content\/uploads\/2018\/12\/banner.jpg\"><img loading=\"lazy\" decoding=\"async\" class=\"aligncenter wp-image-3484 size-full\" src=\"https:\/\/www.fileasbl.be\/membres\/wp-content\/uploads\/2018\/12\/banner.jpg\" alt=\"\" width=\"1024\" height=\"309\"><\/a><\/p>\n<p>Voici ce que nous proposons plus en d\u00e9tail :<\/p>\n<p><strong>Contenu :<\/strong> Apr\u00e8s avoir d\u00e9fini la notion d\u2019inclusion, nous d\u00e9couvrirons la richesse pour tous les enfants d\u2019un tel accueil. Nous partagerons les pistes de pratiques int\u00e9ressantes dans le cadre de l\u2019inclusion : r\u00e9fl\u00e9chir \u00e0 l\u2019am\u00e9nagement du local, affiner l\u2019observation, utiliser des outils tels que les livres, les malles-outils pour l\u2019\u00e9veil sensoriel, l\u2019intensification des rep\u00e8res spatio-temporels,\u2026 Nous \u00e9voquerons \u00e9galement les ressources que le r\u00e9seau peut apporter sur le terrain.<\/p>\n<p><strong>Objectifs :<\/strong> Se pr\u00e9parer \u00e0 l\u2019accueil d\u2019un enfant en situation de handicap, partager nos repr\u00e9sentations, d\u00e9passer nos inqui\u00e9tudes, adapter le projet d\u2019accueil,\u2026 ; \u0192 Proposer et faire d\u00e9couvrir des outils pour favoriser l\u2019inclusion des enfants en situation de handicap dans le milieu d\u2019accueil ; \u0192 Conna\u00eetre le r\u00e9seau disponible pour \u00eatre soutenu dans la d\u00e9marche.<\/p>\n<p><strong>M\u00e9thodologie :<\/strong> &nbsp;D\u00e9marche participative et dynamique \u00e0 partir du questionnement et de l\u2019exp\u00e9rience de chacun, du projet p\u00e9dagogique et des ressources de chaque lieu d\u2019accueil \u0192 Approche ludique et cr\u00e9ative : photolangage, mises en situation, manipulation de mat\u00e9riel pratique autour des rep\u00e8res et de l\u2019\u00e9veil sensoriels. \u0192P\u00e9dagogie active via des t\u00e9moignages, brainstorming \u00e0 partir de la pratique et des connaissances des participants \u00c9clairage th\u00e9orique, support vid\u00e9os et partage d\u2019exp\u00e9riences v\u00e9cues par l\u2019asbl Caravelles dans son travail d\u2019accompagnement de projets d\u2019inclusion des milieux.<\/p>\n<p>Dur\u00e9e: 2 jours \u0192 Heures : de 9h30 \u00e0 16h00 \u0192 Animation : Anne TERNEST et une pu\u00e9ricultrice de l\u2019ASBL \u00abCaravelles\u00bb dont le travail est d\u2019accompagner les projets d\u2019inclusion au sein des milieux d\u2019accueil<\/p>\n<p>N&rsquo;h\u00e9sitez pas \u00e0 partager l&rsquo;information.<\/p>\n<p><a href=\"https:\/\/www.fileasbl.be\/membres\/wp-content\/uploads\/2018\/12\/Formation-ISBW_Caravelles_mod1-2017_0-3.pdf\">Document PDF<\/a><\/p>\n<p>Je vous remercie d&rsquo;avance et je vous souhaite de belles f\u00eates de fin d&rsquo;ann\u00e9e,<\/p>\n<p><a href=\"https:\/\/www.fileasbl.be\/membres\/wp-content\/uploads\/2018\/12\/caravelles.jpg\"><img loading=\"lazy\" decoding=\"async\" class=\"alignnone size-medium wp-image-3482\" src=\"https:\/\/www.fileasbl.be\/membres\/wp-content\/uploads\/2018\/12\/caravelles-300x185.jpg\" alt=\"\" width=\"300\" height=\"185\"><\/a><\/p>\n<!--themify_builder_content-->\n<div id=\"themify_builder_content-3479\" data-postid=\"3479\" class=\"themify_builder_content themify_builder_content-3479 themify_builder tf_clear\">\n    <\/div>\n<!--\/themify_builder_content-->","protected":false},"excerpt":{"rendered":"<p>Formations f\u00e9vrier 2019.<\/p>\n","protected":false},"author":2,"featured_media":0,"comment_status":"open","ping_status":"open","sticky":false,"template":"","format":"standard","meta":{"footnotes":""},"categories":[248,304,315,306,222,246,300],"tags":[],"class_list":["post-3479","post","type-post","status-publish","format-standard","hentry","category-atl","category-bien-etre-enfant","category-droit-enfant","category-formation-continue","category-inclusion","category-milac","category-notes-pedagogiques","has-post-title","has-post-date","has-post-category","has-post-tag","has-post-comment","has-post-author",""],"yoast_head":"<!-- This site is optimized with the Yoast SEO plugin v27.5 - https:\/\/yoast.com\/product\/yoast-seo-wordpress\/ -->\n<title>Plus d&#039;inclusion pour enfants en situation handicap ? - Site de la FILE<\/title>\n<meta name=\"robots\" content=\"index, follow, max-snippet:-1, max-image-preview:large, max-video-preview:-1\" \/>\n<link rel=\"canonical\" href=\"https:\/\/www.fileasbl.be\/membres\/comment-rendre-nos-milieux-daccueil-plus-inclusifs-pour-les-enfants-en-situation-de-handicap\/\" \/>\n<meta property=\"og:locale\" content=\"fr_FR\" \/>\n<meta property=\"og:type\" content=\"article\" \/>\n<meta property=\"og:title\" content=\"Plus d&#039;inclusion pour enfants en situation handicap ? - Site de la FILE\" \/>\n<meta property=\"og:description\" content=\"Formations f\u00e9vrier 2019.\" \/>\n<meta property=\"og:url\" content=\"https:\/\/www.fileasbl.be\/membres\/comment-rendre-nos-milieux-daccueil-plus-inclusifs-pour-les-enfants-en-situation-de-handicap\/\" \/>\n<meta property=\"og:site_name\" content=\"Site de la FILE\" \/>\n<meta property=\"article:publisher\" content=\"https:\/\/www.facebook.com\/fileasbl\/\" \/>\n<meta property=\"article:published_time\" content=\"2018-12-21T14:02:14+00:00\" \/>\n<meta property=\"article:modified_time\" content=\"2020-06-16T05:16:09+00:00\" \/>\n<meta property=\"og:image\" content=\"https:\/\/www.fileasbl.be\/membres\/wp-content\/uploads\/2018\/12\/Caravelles-une.jpg\" \/>\n\t<meta property=\"og:image:width\" content=\"1200\" \/>\n\t<meta property=\"og:image:height\" content=\"628\" \/>\n\t<meta property=\"og:image:type\" content=\"image\/jpeg\" \/>\n<meta name=\"author\" content=\"Contact FILE\" \/>\n<meta name=\"twitter:card\" content=\"summary_large_image\" \/>\n<meta name=\"twitter:label1\" content=\"\u00c9crit par\" \/>\n\t<meta name=\"twitter:data1\" content=\"Contact FILE\" \/>\n\t<meta name=\"twitter:label2\" content=\"Dur\u00e9e de lecture estim\u00e9e\" \/>\n\t<meta name=\"twitter:data2\" content=\"2 minutes\" \/>\n<script type=\"application\/ld+json\" class=\"yoast-schema-graph\">{\"@context\":\"https:\\\/\\\/schema.org\",\"@graph\":[{\"@type\":\"Article\",\"@id\":\"https:\\\/\\\/www.fileasbl.be\\\/membres\\\/comment-rendre-nos-milieux-daccueil-plus-inclusifs-pour-les-enfants-en-situation-de-handicap\\\/#article\",\"isPartOf\":{\"@id\":\"https:\\\/\\\/www.fileasbl.be\\\/membres\\\/comment-rendre-nos-milieux-daccueil-plus-inclusifs-pour-les-enfants-en-situation-de-handicap\\\/\"},\"author\":{\"name\":\"Contact FILE\",\"@id\":\"https:\\\/\\\/www.fileasbl.be\\\/membres\\\/#\\\/schema\\\/person\\\/5954a0c68c3a6f92f805465caa00d25f\"},\"headline\":\"Plus d&rsquo;inclusion pour enfants en situation handicap ?\",\"datePublished\":\"2018-12-21T14:02:14+00:00\",\"dateModified\":\"2020-06-16T05:16:09+00:00\",\"mainEntityOfPage\":{\"@id\":\"https:\\\/\\\/www.fileasbl.be\\\/membres\\\/comment-rendre-nos-milieux-daccueil-plus-inclusifs-pour-les-enfants-en-situation-de-handicap\\\/\"},\"wordCount\":377,\"commentCount\":0,\"image\":{\"@id\":\"https:\\\/\\\/www.fileasbl.be\\\/membres\\\/comment-rendre-nos-milieux-daccueil-plus-inclusifs-pour-les-enfants-en-situation-de-handicap\\\/#primaryimage\"},\"thumbnailUrl\":\"http:\\\/\\\/www.fileasbl.be\\\/membres\\\/wp-content\\\/uploads\\\/2018\\\/12\\\/banner.jpg\",\"articleSection\":[\"ATL\",\"Bien \u00eatre enfant\",\"Droit enfant\",\"Formation continue\",\"Inclusion\",\"Milieu d'accueil 0-3 ans\",\"Notes p\u00e9dagogiques\"],\"inLanguage\":\"fr-FR\",\"potentialAction\":[{\"@type\":\"CommentAction\",\"name\":\"Comment\",\"target\":[\"https:\\\/\\\/www.fileasbl.be\\\/membres\\\/comment-rendre-nos-milieux-daccueil-plus-inclusifs-pour-les-enfants-en-situation-de-handicap\\\/#respond\"]}]},{\"@type\":\"WebPage\",\"@id\":\"https:\\\/\\\/www.fileasbl.be\\\/membres\\\/comment-rendre-nos-milieux-daccueil-plus-inclusifs-pour-les-enfants-en-situation-de-handicap\\\/\",\"url\":\"https:\\\/\\\/www.fileasbl.be\\\/membres\\\/comment-rendre-nos-milieux-daccueil-plus-inclusifs-pour-les-enfants-en-situation-de-handicap\\\/\",\"name\":\"Plus d'inclusion pour enfants en situation handicap ? - Site de la FILE\",\"isPartOf\":{\"@id\":\"https:\\\/\\\/www.fileasbl.be\\\/membres\\\/#website\"},\"primaryImageOfPage\":{\"@id\":\"https:\\\/\\\/www.fileasbl.be\\\/membres\\\/comment-rendre-nos-milieux-daccueil-plus-inclusifs-pour-les-enfants-en-situation-de-handicap\\\/#primaryimage\"},\"image\":{\"@id\":\"https:\\\/\\\/www.fileasbl.be\\\/membres\\\/comment-rendre-nos-milieux-daccueil-plus-inclusifs-pour-les-enfants-en-situation-de-handicap\\\/#primaryimage\"},\"thumbnailUrl\":\"http:\\\/\\\/www.fileasbl.be\\\/membres\\\/wp-content\\\/uploads\\\/2018\\\/12\\\/banner.jpg\",\"datePublished\":\"2018-12-21T14:02:14+00:00\",\"dateModified\":\"2020-06-16T05:16:09+00:00\",\"author\":{\"@id\":\"https:\\\/\\\/www.fileasbl.be\\\/membres\\\/#\\\/schema\\\/person\\\/5954a0c68c3a6f92f805465caa00d25f\"},\"breadcrumb\":{\"@id\":\"https:\\\/\\\/www.fileasbl.be\\\/membres\\\/comment-rendre-nos-milieux-daccueil-plus-inclusifs-pour-les-enfants-en-situation-de-handicap\\\/#breadcrumb\"},\"inLanguage\":\"fr-FR\",\"potentialAction\":[{\"@type\":\"ReadAction\",\"target\":[\"https:\\\/\\\/www.fileasbl.be\\\/membres\\\/comment-rendre-nos-milieux-daccueil-plus-inclusifs-pour-les-enfants-en-situation-de-handicap\\\/\"]}]},{\"@type\":\"ImageObject\",\"inLanguage\":\"fr-FR\",\"@id\":\"https:\\\/\\\/www.fileasbl.be\\\/membres\\\/comment-rendre-nos-milieux-daccueil-plus-inclusifs-pour-les-enfants-en-situation-de-handicap\\\/#primaryimage\",\"url\":\"http:\\\/\\\/www.fileasbl.be\\\/membres\\\/wp-content\\\/uploads\\\/2018\\\/12\\\/banner.jpg\",\"contentUrl\":\"http:\\\/\\\/www.fileasbl.be\\\/membres\\\/wp-content\\\/uploads\\\/2018\\\/12\\\/banner.jpg\"},{\"@type\":\"BreadcrumbList\",\"@id\":\"https:\\\/\\\/www.fileasbl.be\\\/membres\\\/comment-rendre-nos-milieux-daccueil-plus-inclusifs-pour-les-enfants-en-situation-de-handicap\\\/#breadcrumb\",\"itemListElement\":[{\"@type\":\"ListItem\",\"position\":1,\"name\":\"Accueil\",\"item\":\"https:\\\/\\\/www.fileasbl.be\\\/membres\\\/\"},{\"@type\":\"ListItem\",\"position\":2,\"name\":\"Plus d&#8217;inclusion pour enfants en situation handicap ?\"}]},{\"@type\":\"WebSite\",\"@id\":\"https:\\\/\\\/www.fileasbl.be\\\/membres\\\/#website\",\"url\":\"https:\\\/\\\/www.fileasbl.be\\\/membres\\\/\",\"name\":\"Site de la FILE\",\"description\":\"FILE Un accueil de qualit\u00e9 accessible \u00e0 tous\",\"potentialAction\":[{\"@type\":\"SearchAction\",\"target\":{\"@type\":\"EntryPoint\",\"urlTemplate\":\"https:\\\/\\\/www.fileasbl.be\\\/membres\\\/?s={search_term_string}\"},\"query-input\":{\"@type\":\"PropertyValueSpecification\",\"valueRequired\":true,\"valueName\":\"search_term_string\"}}],\"inLanguage\":\"fr-FR\"},{\"@type\":\"Person\",\"@id\":\"https:\\\/\\\/www.fileasbl.be\\\/membres\\\/#\\\/schema\\\/person\\\/5954a0c68c3a6f92f805465caa00d25f\",\"name\":\"Contact FILE\",\"url\":\"https:\\\/\\\/www.fileasbl.be\\\/membres\\\/author\\\/contactfile\\\/\"}]}<\/script>\n<!-- \/ Yoast SEO plugin. -->","yoast_head_json":{"title":"Plus d'inclusion pour enfants en situation handicap ? - Site de la FILE","robots":{"index":"index","follow":"follow","max-snippet":"max-snippet:-1","max-image-preview":"max-image-preview:large","max-video-preview":"max-video-preview:-1"},"canonical":"https:\/\/www.fileasbl.be\/membres\/comment-rendre-nos-milieux-daccueil-plus-inclusifs-pour-les-enfants-en-situation-de-handicap\/","og_locale":"fr_FR","og_type":"article","og_title":"Plus d'inclusion pour enfants en situation handicap ? - Site de la FILE","og_description":"Formations f\u00e9vrier 2019.","og_url":"https:\/\/www.fileasbl.be\/membres\/comment-rendre-nos-milieux-daccueil-plus-inclusifs-pour-les-enfants-en-situation-de-handicap\/","og_site_name":"Site de la FILE","article_publisher":"https:\/\/www.facebook.com\/fileasbl\/","article_published_time":"2018-12-21T14:02:14+00:00","article_modified_time":"2020-06-16T05:16:09+00:00","og_image":[{"width":1200,"height":628,"url":"https:\/\/www.fileasbl.be\/membres\/wp-content\/uploads\/2018\/12\/Caravelles-une.jpg","type":"image\/jpeg"}],"author":"Contact FILE","twitter_card":"summary_large_image","twitter_misc":{"\u00c9crit par":"Contact FILE","Dur\u00e9e de lecture estim\u00e9e":"2 minutes"},"schema":{"@context":"https:\/\/schema.org","@graph":[{"@type":"Article","@id":"https:\/\/www.fileasbl.be\/membres\/comment-rendre-nos-milieux-daccueil-plus-inclusifs-pour-les-enfants-en-situation-de-handicap\/#article","isPartOf":{"@id":"https:\/\/www.fileasbl.be\/membres\/comment-rendre-nos-milieux-daccueil-plus-inclusifs-pour-les-enfants-en-situation-de-handicap\/"},"author":{"name":"Contact FILE","@id":"https:\/\/www.fileasbl.be\/membres\/#\/schema\/person\/5954a0c68c3a6f92f805465caa00d25f"},"headline":"Plus d&rsquo;inclusion pour enfants en situation handicap ?","datePublished":"2018-12-21T14:02:14+00:00","dateModified":"2020-06-16T05:16:09+00:00","mainEntityOfPage":{"@id":"https:\/\/www.fileasbl.be\/membres\/comment-rendre-nos-milieux-daccueil-plus-inclusifs-pour-les-enfants-en-situation-de-handicap\/"},"wordCount":377,"commentCount":0,"image":{"@id":"https:\/\/www.fileasbl.be\/membres\/comment-rendre-nos-milieux-daccueil-plus-inclusifs-pour-les-enfants-en-situation-de-handicap\/#primaryimage"},"thumbnailUrl":"http:\/\/www.fileasbl.be\/membres\/wp-content\/uploads\/2018\/12\/banner.jpg","articleSection":["ATL","Bien \u00eatre enfant","Droit enfant","Formation continue","Inclusion","Milieu d'accueil 0-3 ans","Notes p\u00e9dagogiques"],"inLanguage":"fr-FR","potentialAction":[{"@type":"CommentAction","name":"Comment","target":["https:\/\/www.fileasbl.be\/membres\/comment-rendre-nos-milieux-daccueil-plus-inclusifs-pour-les-enfants-en-situation-de-handicap\/#respond"]}]},{"@type":"WebPage","@id":"https:\/\/www.fileasbl.be\/membres\/comment-rendre-nos-milieux-daccueil-plus-inclusifs-pour-les-enfants-en-situation-de-handicap\/","url":"https:\/\/www.fileasbl.be\/membres\/comment-rendre-nos-milieux-daccueil-plus-inclusifs-pour-les-enfants-en-situation-de-handicap\/","name":"Plus d'inclusion pour enfants en situation handicap ? - Site de la FILE","isPartOf":{"@id":"https:\/\/www.fileasbl.be\/membres\/#website"},"primaryImageOfPage":{"@id":"https:\/\/www.fileasbl.be\/membres\/comment-rendre-nos-milieux-daccueil-plus-inclusifs-pour-les-enfants-en-situation-de-handicap\/#primaryimage"},"image":{"@id":"https:\/\/www.fileasbl.be\/membres\/comment-rendre-nos-milieux-daccueil-plus-inclusifs-pour-les-enfants-en-situation-de-handicap\/#primaryimage"},"thumbnailUrl":"http:\/\/www.fileasbl.be\/membres\/wp-content\/uploads\/2018\/12\/banner.jpg","datePublished":"2018-12-21T14:02:14+00:00","dateModified":"2020-06-16T05:16:09+00:00","author":{"@id":"https:\/\/www.fileasbl.be\/membres\/#\/schema\/person\/5954a0c68c3a6f92f805465caa00d25f"},"breadcrumb":{"@id":"https:\/\/www.fileasbl.be\/membres\/comment-rendre-nos-milieux-daccueil-plus-inclusifs-pour-les-enfants-en-situation-de-handicap\/#breadcrumb"},"inLanguage":"fr-FR","potentialAction":[{"@type":"ReadAction","target":["https:\/\/www.fileasbl.be\/membres\/comment-rendre-nos-milieux-daccueil-plus-inclusifs-pour-les-enfants-en-situation-de-handicap\/"]}]},{"@type":"ImageObject","inLanguage":"fr-FR","@id":"https:\/\/www.fileasbl.be\/membres\/comment-rendre-nos-milieux-daccueil-plus-inclusifs-pour-les-enfants-en-situation-de-handicap\/#primaryimage","url":"http:\/\/www.fileasbl.be\/membres\/wp-content\/uploads\/2018\/12\/banner.jpg","contentUrl":"http:\/\/www.fileasbl.be\/membres\/wp-content\/uploads\/2018\/12\/banner.jpg"},{"@type":"BreadcrumbList","@id":"https:\/\/www.fileasbl.be\/membres\/comment-rendre-nos-milieux-daccueil-plus-inclusifs-pour-les-enfants-en-situation-de-handicap\/#breadcrumb","itemListElement":[{"@type":"ListItem","position":1,"name":"Accueil","item":"https:\/\/www.fileasbl.be\/membres\/"},{"@type":"ListItem","position":2,"name":"Plus d&#8217;inclusion pour enfants en situation handicap ?"}]},{"@type":"WebSite","@id":"https:\/\/www.fileasbl.be\/membres\/#website","url":"https:\/\/www.fileasbl.be\/membres\/","name":"Site de la FILE","description":"FILE Un accueil de qualit\u00e9 accessible \u00e0 tous","potentialAction":[{"@type":"SearchAction","target":{"@type":"EntryPoint","urlTemplate":"https:\/\/www.fileasbl.be\/membres\/?s={search_term_string}"},"query-input":{"@type":"PropertyValueSpecification","valueRequired":true,"valueName":"search_term_string"}}],"inLanguage":"fr-FR"},{"@type":"Person","@id":"https:\/\/www.fileasbl.be\/membres\/#\/schema\/person\/5954a0c68c3a6f92f805465caa00d25f","name":"Contact FILE","url":"https:\/\/www.fileasbl.be\/membres\/author\/contactfile\/"}]}},"builder_content":"","_links":{"self":[{"href":"https:\/\/www.fileasbl.be\/membres\/wp-json\/wp\/v2\/posts\/3479","targetHints":{"allow":["GET"]}}],"collection":[{"href":"https:\/\/www.fileasbl.be\/membres\/wp-json\/wp\/v2\/posts"}],"about":[{"href":"https:\/\/www.fileasbl.be\/membres\/wp-json\/wp\/v2\/types\/post"}],"author":[{"embeddable":true,"href":"https:\/\/www.fileasbl.be\/membres\/wp-json\/wp\/v2\/users\/2"}],"replies":[{"embeddable":true,"href":"https:\/\/www.fileasbl.be\/membres\/wp-json\/wp\/v2\/comments?post=3479"}],"version-history":[{"count":0,"href":"https:\/\/www.fileasbl.be\/membres\/wp-json\/wp\/v2\/posts\/3479\/revisions"}],"wp:attachment":[{"href":"https:\/\/www.fileasbl.be\/membres\/wp-json\/wp\/v2\/media?parent=3479"}],"wp:term":[{"taxonomy":"category","embeddable":true,"href":"https:\/\/www.fileasbl.be\/membres\/wp-json\/wp\/v2\/categories?post=3479"},{"taxonomy":"post_tag","embeddable":true,"href":"https:\/\/www.fileasbl.be\/membres\/wp-json\/wp\/v2\/tags?post=3479"}],"curies":[{"name":"wp","href":"https:\/\/api.w.org\/{rel}","templated":true}]}}