{"id":4980,"date":"2019-02-10T12:43:50","date_gmt":"2019-02-10T11:43:50","guid":{"rendered":"http:\/\/www.fileasbl.be\/membres\/?p=4980"},"modified":"2025-09-04T08:49:20","modified_gmt":"2025-09-04T07:49:20","slug":"gifle-fessee-humiliations-la-violence-nest-jamais-educative","status":"publish","type":"post","link":"https:\/\/www.fileasbl.be\/membres\/gifle-fessee-humiliations-la-violence-nest-jamais-educative\/","title":{"rendered":"Gifle, fess\u00e9e, humiliations\u2026 la violence jamais \u00e9ducative."},"content":{"rendered":"<!--themify_builder_content-->\n<div id=\"themify_builder_content-4980\" data-postid=\"4980\" class=\"themify_builder_content themify_builder_content-4980 themify_builder tf_clear\">\n    \t<!-- module_row -->\n\t<div  data-lazy=\"1\" class=\"module_row themify_builder_row tb_7nav108 tb_first tf_clearfix\">\n\t    \t\t<div class=\"row_inner col_align_top col-count-1 tf_box tf_w tf_rel\">\n\t\t\t<div  data-lazy=\"1\" class=\"module_column tb-column col-full first tb_a2fi109 tf_box\">\n\t\t\t    \t        <div class=\"tb-column-inner tf_box tf_w\">\n\t\t    <!-- module text -->\n<div  class=\"module module-text tb_e0cz724   \" data-lazy=\"1\">\n    <h3 class=\"module-title\">\"Elle doit \u00eatre explicitement interdite.\" C\u2019est l\u2019avis du D\u00e9l\u00e9gu\u00e9 g\u00e9n\u00e9ral aux droits de l\u2019enfant.<\/h3>    <div  class=\"tb_text_wrap\">\n    <p><strong><a href=\"http:\/\/www.fileasbl.be\/membres\/wp-content\/uploads\/2019\/07\/LOGO_D\u00e9l\u00e9gu\u00e9_g\u00e9n\u00e9ral_aux_droits_de_lenfant.png\"><img loading=\"lazy\" decoding=\"async\" class=\" wp-image-4988 alignright\" src=\"http:\/\/www.fileasbl.be\/membres\/wp-content\/uploads\/2019\/07\/LOGO_D\u00e9l\u00e9gu\u00e9_g\u00e9n\u00e9ral_aux_droits_de_lenfant-296x300.png\" alt=\"\" width=\"155\" height=\"159\"><\/a>La Belgique est au ban des nations qui ont interdit les violences \u00e9ducatives<\/strong>. Ces violences ordinaires questionnent la place de l\u2019enfant dans notre soci\u00e9t\u00e9. Laisser entendre que l\u2019usage de la violence pour \u00e9duquer serait \u00ab pour le bien \u00bb de l\u2019enfant revient \u00e0 remettre en question sa qualit\u00e9 de sujet de droit \u00e0 part enti\u00e8re<strong>. L\u2019enfant n\u2019est ni un \u00ab\u00a0mini-adulte\u00a0\u00bb ni une \u00ab\u00a0quasi-personne\u00a0\u00bb<\/strong>. Il est titulaire de droits subjectifs. L\u2019enfant nait et demeure \u00e9gal en droits et en dignit\u00e9 \u00e0 l\u2019adulte qui a le devoir de prendre en compte ses besoins sp\u00e9cifiques et son extr\u00eame vuln\u00e9rabilit\u00e9. Et, parfois, malheureusement, <strong>la violence dite \u00e9ducative tue encore dans notre pays<\/strong>.<\/p>\n<p>Quoi qu\u2019en disent ses adeptes, la violence dite \u00e9ducative n\u2019est pas \u00ab\u00a0normale\u00a0\u00bb ou naturelle. C\u2019est une construction sociale. Elle n\u2019est ni utile, ni pertinente, ni n\u00e9cessaire. <strong>Elle est toujours synonyme d\u2019\u00e9chec<\/strong>. Elle n\u2019est pas efficace, au contraire, son caract\u00e8re contre-productif a \u00e9t\u00e9 d\u00e9montr\u00e9 par de nombreux scientifiques. La violence fragilise la confiance en soi, l\u2019estime de soi et l\u2019image que l\u2019enfant a de lui-m\u00eame. <strong>Elle alt\u00e8re la relation entre l\u2019enfant et l\u2019adulte et peut causer des d\u00e9g\u00e2ts, parfois irr\u00e9versibles<\/strong>, \u00e0 l\u2019int\u00e9grit\u00e9 physique, psychique, psychologique, \u00e9motionnelle, morale et affective des enfants qui en sont victimes.<\/p>\n<p>En revanche, il est aussi prouv\u00e9 que les adultes qui sont capables d\u2019apaiser, d\u2019\u00e9couter, de rassurer, de s\u00e9curiser et de consoler l\u2019enfant participent grandement au processus de maturation de son cerveau. Ils deviennent ainsi acteur du d\u00e9veloppement de ses capacit\u00e9s sociales, cognitives et affectives. <strong>L\u2019enfant a besoin de se sentir compris, soutenu et encourag\u00e9. Il a besoin d\u2019amour et d\u2019affection<\/strong>. Il a besoin d\u2019une \u00e9coute active et empathique, d\u2019un cadre structur\u00e9 et structurant au moyen de r\u00e8gles qui font sens.<\/p>\n<p><strong>Eduquer sans violence ce n\u2019est pas, pour autant, \u00eatre laxiste ou tout accepter<\/strong>. Eduquer positivement implique, au contraire, de fixer clairement des r\u00e8gles et des interdits. Les enfants ont besoin de balises et de se confronter \u00e0 des adultes qui font barrage et veillent au respect du cadre qui les prot\u00e8ge. <strong>Il est possible d\u2019\u00eatre \u00e0 la fois strict et bienveillant<\/strong>.<\/p>\n<p>Il est illusoire de penser que nous allons convaincre et nous d\u00e9barrasser de la fess\u00e9e du jour au lendemain. Le D\u00e9l\u00e9gu\u00e9 g\u00e9n\u00e9ral aux droits de l\u2019enfant n\u2019entend pas se substituer aux parents ou fournir des recettes simples qui auraient valeur d\u2019incantations. Il rel\u00e8ve de ses missions de permettre\u00a0\u00e0 la Belgique d\u2019entrer dans la liste pays europ\u00e9ens qui ont franchi le pas de l\u2019interdiction des violences dites \u00e9ducatives dans leur l\u00e9gislation. Par ailleurs, <strong>interdire les violences \u00e9ducatives ordinaires dans notre cadre l\u00e9gal doit s\u2019accompagner de campagnes de sensibilisation et d\u2019outils de \u00ab capacitation \u00bb et d\u2019accompagnement des familles et des professionnels de l\u2019enfance et de la jeunesse<\/strong>.<\/p>\n<p>Le D\u00e9l\u00e9gu\u00e9 g\u00e9n\u00e9ral en publiant cet avis, fait offre de service pour accompagner celles et ceux qui prendront la d\u00e9cision courageuse de <strong>faire<\/strong> <strong>avancer notre pays vers le progr\u00e8s et une \u00e9ducation non violente pour tous nos enfants<\/strong>.<\/p>\n<p><a class=\"download\" title=\"Initiates file download\" href=\"http:\/\/www.dgde.cfwb.be\/index.php?eID=tx_nawsecuredl&amp;u=0&amp;g=0&amp;hash=78e450120347085525b920367a90f66ac44fac83&amp;file=fileadmin\/sites\/dgde\/upload\/dgde_super_editor\/dgde_editor\/documents\/avis\/VersionDEF_DGDE_Avis_VEO_30042019.pdf\" target=\"_blank\" rel=\"noopener\">Le texte de l&rsquo;avis.pdf<\/a><\/p>    <\/div>\n<\/div>\n<!-- \/module text -->\t        <\/div>\n\t    \t<\/div>\n\t\t    <\/div>\n\t    <!-- \/row_inner -->\n\t<\/div>\n\t<!-- \/module_row -->\n\t<\/div>\n<!--\/themify_builder_content-->","protected":false},"excerpt":{"rendered":"<p>Elle doit \u00eatre explicitement interdite.\u00bb C\u2019est l\u2019avis du D\u00e9l\u00e9gu\u00e9 g\u00e9n\u00e9ral aux droits de l\u2019enfant.<\/p>\n","protected":false},"author":2,"featured_media":0,"comment_status":"open","ping_status":"open","sticky":false,"template":"","format":"standard","meta":{"footnotes":""},"categories":[248,304,315,225,313,280,246,300,226],"tags":[],"class_list":["post-4980","post","type-post","status-publish","format-standard","hentry","category-atl","category-bien-etre-enfant","category-droit-enfant","category-emotions-de-lenfant","category-jeu-enfant","category-inegalites","category-milac","category-notes-pedagogiques","category-rythmes-de-lenfant","has-post-title","has-post-date","has-post-category","has-post-tag","has-post-comment","has-post-author",""],"yoast_head":"<!-- This site is optimized with the Yoast SEO plugin v27.4 - https:\/\/yoast.com\/product\/yoast-seo-wordpress\/ -->\n<title>Gifle, fess\u00e9e, humiliations\u2026 la violence jamais \u00e9ducative. - Site de la FILE<\/title>\n<meta name=\"robots\" content=\"index, follow, max-snippet:-1, max-image-preview:large, max-video-preview:-1\" \/>\n<link rel=\"canonical\" href=\"https:\/\/www.fileasbl.be\/membres\/gifle-fessee-humiliations-la-violence-nest-jamais-educative\/\" \/>\n<meta property=\"og:locale\" content=\"fr_FR\" \/>\n<meta property=\"og:type\" content=\"article\" \/>\n<meta property=\"og:title\" content=\"Gifle, fess\u00e9e, humiliations\u2026 la violence jamais \u00e9ducative. - Site de la FILE\" \/>\n<meta property=\"og:description\" content=\"Elle doit \u00eatre explicitement interdite.\u00bb C\u2019est l\u2019avis du D\u00e9l\u00e9gu\u00e9 g\u00e9n\u00e9ral aux droits de l\u2019enfant.\" \/>\n<meta property=\"og:url\" content=\"https:\/\/www.fileasbl.be\/membres\/gifle-fessee-humiliations-la-violence-nest-jamais-educative\/\" \/>\n<meta property=\"og:site_name\" content=\"Site de la FILE\" \/>\n<meta property=\"article:publisher\" content=\"https:\/\/www.facebook.com\/fileasbl\/\" \/>\n<meta property=\"article:published_time\" content=\"2019-02-10T11:43:50+00:00\" \/>\n<meta property=\"article:modified_time\" content=\"2025-09-04T07:49:20+00:00\" \/>\n<meta name=\"author\" content=\"Contact FILE\" \/>\n<meta name=\"twitter:card\" content=\"summary_large_image\" \/>\n<meta name=\"twitter:label1\" content=\"\u00c9crit par\" \/>\n\t<meta name=\"twitter:data1\" content=\"Contact FILE\" \/>\n\t<meta name=\"twitter:label2\" content=\"Dur\u00e9e de lecture estim\u00e9e\" \/>\n\t<meta name=\"twitter:data2\" content=\"3 minutes\" \/>\n<script type=\"application\/ld+json\" class=\"yoast-schema-graph\">{\"@context\":\"https:\\\/\\\/schema.org\",\"@graph\":[{\"@type\":\"Article\",\"@id\":\"https:\\\/\\\/www.fileasbl.be\\\/membres\\\/gifle-fessee-humiliations-la-violence-nest-jamais-educative\\\/#article\",\"isPartOf\":{\"@id\":\"https:\\\/\\\/www.fileasbl.be\\\/membres\\\/gifle-fessee-humiliations-la-violence-nest-jamais-educative\\\/\"},\"author\":{\"name\":\"Contact FILE\",\"@id\":\"https:\\\/\\\/www.fileasbl.be\\\/membres\\\/#\\\/schema\\\/person\\\/5954a0c68c3a6f92f805465caa00d25f\"},\"headline\":\"Gifle, fess\u00e9e, humiliations\u2026 la violence jamais \u00e9ducative.\",\"datePublished\":\"2019-02-10T11:43:50+00:00\",\"dateModified\":\"2025-09-04T07:49:20+00:00\",\"mainEntityOfPage\":{\"@id\":\"https:\\\/\\\/www.fileasbl.be\\\/membres\\\/gifle-fessee-humiliations-la-violence-nest-jamais-educative\\\/\"},\"wordCount\":586,\"commentCount\":0,\"articleSection\":[\"ATL\",\"Bien \u00eatre enfant\",\"Droit enfant\",\"Emotions de l'enfant\",\"Jeu enfant\",\"Lutte contre les in\u00e9galit\u00e9s\",\"Milieu d'accueil 0-3 ans\",\"Notes p\u00e9dagogiques\",\"Rythmes de l'enfant\"],\"inLanguage\":\"fr-FR\",\"potentialAction\":[{\"@type\":\"CommentAction\",\"name\":\"Comment\",\"target\":[\"https:\\\/\\\/www.fileasbl.be\\\/membres\\\/gifle-fessee-humiliations-la-violence-nest-jamais-educative\\\/#respond\"]}]},{\"@type\":\"WebPage\",\"@id\":\"https:\\\/\\\/www.fileasbl.be\\\/membres\\\/gifle-fessee-humiliations-la-violence-nest-jamais-educative\\\/\",\"url\":\"https:\\\/\\\/www.fileasbl.be\\\/membres\\\/gifle-fessee-humiliations-la-violence-nest-jamais-educative\\\/\",\"name\":\"Gifle, fess\u00e9e, humiliations\u2026 la violence jamais \u00e9ducative. - Site de la FILE\",\"isPartOf\":{\"@id\":\"https:\\\/\\\/www.fileasbl.be\\\/membres\\\/#website\"},\"datePublished\":\"2019-02-10T11:43:50+00:00\",\"dateModified\":\"2025-09-04T07:49:20+00:00\",\"author\":{\"@id\":\"https:\\\/\\\/www.fileasbl.be\\\/membres\\\/#\\\/schema\\\/person\\\/5954a0c68c3a6f92f805465caa00d25f\"},\"breadcrumb\":{\"@id\":\"https:\\\/\\\/www.fileasbl.be\\\/membres\\\/gifle-fessee-humiliations-la-violence-nest-jamais-educative\\\/#breadcrumb\"},\"inLanguage\":\"fr-FR\",\"potentialAction\":[{\"@type\":\"ReadAction\",\"target\":[\"https:\\\/\\\/www.fileasbl.be\\\/membres\\\/gifle-fessee-humiliations-la-violence-nest-jamais-educative\\\/\"]}]},{\"@type\":\"BreadcrumbList\",\"@id\":\"https:\\\/\\\/www.fileasbl.be\\\/membres\\\/gifle-fessee-humiliations-la-violence-nest-jamais-educative\\\/#breadcrumb\",\"itemListElement\":[{\"@type\":\"ListItem\",\"position\":1,\"name\":\"Accueil\",\"item\":\"https:\\\/\\\/www.fileasbl.be\\\/membres\\\/\"},{\"@type\":\"ListItem\",\"position\":2,\"name\":\"Gifle, fess\u00e9e, humiliations\u2026 la violence jamais \u00e9ducative.\"}]},{\"@type\":\"WebSite\",\"@id\":\"https:\\\/\\\/www.fileasbl.be\\\/membres\\\/#website\",\"url\":\"https:\\\/\\\/www.fileasbl.be\\\/membres\\\/\",\"name\":\"Site de la FILE\",\"description\":\"FILE Un accueil de qualit\u00e9 accessible \u00e0 tous\",\"potentialAction\":[{\"@type\":\"SearchAction\",\"target\":{\"@type\":\"EntryPoint\",\"urlTemplate\":\"https:\\\/\\\/www.fileasbl.be\\\/membres\\\/?s={search_term_string}\"},\"query-input\":{\"@type\":\"PropertyValueSpecification\",\"valueRequired\":true,\"valueName\":\"search_term_string\"}}],\"inLanguage\":\"fr-FR\"},{\"@type\":\"Person\",\"@id\":\"https:\\\/\\\/www.fileasbl.be\\\/membres\\\/#\\\/schema\\\/person\\\/5954a0c68c3a6f92f805465caa00d25f\",\"name\":\"Contact FILE\",\"url\":\"https:\\\/\\\/www.fileasbl.be\\\/membres\\\/author\\\/contactfile\\\/\"}]}<\/script>\n<!-- \/ Yoast SEO plugin. -->","yoast_head_json":{"title":"Gifle, fess\u00e9e, humiliations\u2026 la violence jamais \u00e9ducative. - Site de la FILE","robots":{"index":"index","follow":"follow","max-snippet":"max-snippet:-1","max-image-preview":"max-image-preview:large","max-video-preview":"max-video-preview:-1"},"canonical":"https:\/\/www.fileasbl.be\/membres\/gifle-fessee-humiliations-la-violence-nest-jamais-educative\/","og_locale":"fr_FR","og_type":"article","og_title":"Gifle, fess\u00e9e, humiliations\u2026 la violence jamais \u00e9ducative. - Site de la FILE","og_description":"Elle doit \u00eatre explicitement interdite.\u00bb C\u2019est l\u2019avis du D\u00e9l\u00e9gu\u00e9 g\u00e9n\u00e9ral aux droits de l\u2019enfant.","og_url":"https:\/\/www.fileasbl.be\/membres\/gifle-fessee-humiliations-la-violence-nest-jamais-educative\/","og_site_name":"Site de la FILE","article_publisher":"https:\/\/www.facebook.com\/fileasbl\/","article_published_time":"2019-02-10T11:43:50+00:00","article_modified_time":"2025-09-04T07:49:20+00:00","author":"Contact FILE","twitter_card":"summary_large_image","twitter_misc":{"\u00c9crit par":"Contact FILE","Dur\u00e9e de lecture estim\u00e9e":"3 minutes"},"schema":{"@context":"https:\/\/schema.org","@graph":[{"@type":"Article","@id":"https:\/\/www.fileasbl.be\/membres\/gifle-fessee-humiliations-la-violence-nest-jamais-educative\/#article","isPartOf":{"@id":"https:\/\/www.fileasbl.be\/membres\/gifle-fessee-humiliations-la-violence-nest-jamais-educative\/"},"author":{"name":"Contact FILE","@id":"https:\/\/www.fileasbl.be\/membres\/#\/schema\/person\/5954a0c68c3a6f92f805465caa00d25f"},"headline":"Gifle, fess\u00e9e, humiliations\u2026 la violence jamais \u00e9ducative.","datePublished":"2019-02-10T11:43:50+00:00","dateModified":"2025-09-04T07:49:20+00:00","mainEntityOfPage":{"@id":"https:\/\/www.fileasbl.be\/membres\/gifle-fessee-humiliations-la-violence-nest-jamais-educative\/"},"wordCount":586,"commentCount":0,"articleSection":["ATL","Bien \u00eatre enfant","Droit enfant","Emotions de l'enfant","Jeu enfant","Lutte contre les in\u00e9galit\u00e9s","Milieu d'accueil 0-3 ans","Notes p\u00e9dagogiques","Rythmes de l'enfant"],"inLanguage":"fr-FR","potentialAction":[{"@type":"CommentAction","name":"Comment","target":["https:\/\/www.fileasbl.be\/membres\/gifle-fessee-humiliations-la-violence-nest-jamais-educative\/#respond"]}]},{"@type":"WebPage","@id":"https:\/\/www.fileasbl.be\/membres\/gifle-fessee-humiliations-la-violence-nest-jamais-educative\/","url":"https:\/\/www.fileasbl.be\/membres\/gifle-fessee-humiliations-la-violence-nest-jamais-educative\/","name":"Gifle, fess\u00e9e, humiliations\u2026 la violence jamais \u00e9ducative. - Site de la FILE","isPartOf":{"@id":"https:\/\/www.fileasbl.be\/membres\/#website"},"datePublished":"2019-02-10T11:43:50+00:00","dateModified":"2025-09-04T07:49:20+00:00","author":{"@id":"https:\/\/www.fileasbl.be\/membres\/#\/schema\/person\/5954a0c68c3a6f92f805465caa00d25f"},"breadcrumb":{"@id":"https:\/\/www.fileasbl.be\/membres\/gifle-fessee-humiliations-la-violence-nest-jamais-educative\/#breadcrumb"},"inLanguage":"fr-FR","potentialAction":[{"@type":"ReadAction","target":["https:\/\/www.fileasbl.be\/membres\/gifle-fessee-humiliations-la-violence-nest-jamais-educative\/"]}]},{"@type":"BreadcrumbList","@id":"https:\/\/www.fileasbl.be\/membres\/gifle-fessee-humiliations-la-violence-nest-jamais-educative\/#breadcrumb","itemListElement":[{"@type":"ListItem","position":1,"name":"Accueil","item":"https:\/\/www.fileasbl.be\/membres\/"},{"@type":"ListItem","position":2,"name":"Gifle, fess\u00e9e, humiliations\u2026 la violence jamais \u00e9ducative."}]},{"@type":"WebSite","@id":"https:\/\/www.fileasbl.be\/membres\/#website","url":"https:\/\/www.fileasbl.be\/membres\/","name":"Site de la FILE","description":"FILE Un accueil de qualit\u00e9 accessible \u00e0 tous","potentialAction":[{"@type":"SearchAction","target":{"@type":"EntryPoint","urlTemplate":"https:\/\/www.fileasbl.be\/membres\/?s={search_term_string}"},"query-input":{"@type":"PropertyValueSpecification","valueRequired":true,"valueName":"search_term_string"}}],"inLanguage":"fr-FR"},{"@type":"Person","@id":"https:\/\/www.fileasbl.be\/membres\/#\/schema\/person\/5954a0c68c3a6f92f805465caa00d25f","name":"Contact FILE","url":"https:\/\/www.fileasbl.be\/membres\/author\/contactfile\/"}]}},"builder_content":"<h3>\"Elle doit \u00eatre explicitement interdite.\" C\u2019est l\u2019avis du D\u00e9l\u00e9gu\u00e9 g\u00e9n\u00e9ral aux droits de l\u2019enfant.<\/h3> <p><strong><a href=\"http:\/\/www.fileasbl.be\/membres\/wp-content\/uploads\/2019\/07\/LOGO_D\u00e9l\u00e9gu\u00e9_g\u00e9n\u00e9ral_aux_droits_de_lenfant.png\"><img loading=\"lazy\" decoding=\"async\" src=\"http:\/\/www.fileasbl.be\/membres\/wp-content\/uploads\/2019\/07\/LOGO_D\u00e9l\u00e9gu\u00e9_g\u00e9n\u00e9ral_aux_droits_de_lenfant-296x300.png\" alt=\"\" width=\"155\" height=\"159\"><\/a>La Belgique est au ban des nations qui ont interdit les violences \u00e9ducatives<\/strong>. Ces violences ordinaires questionnent la place de l\u2019enfant dans notre soci\u00e9t\u00e9. Laisser entendre que l\u2019usage de la violence pour \u00e9duquer serait \u00ab pour le bien \u00bb de l\u2019enfant revient \u00e0 remettre en question sa qualit\u00e9 de sujet de droit \u00e0 part enti\u00e8re<strong>. L\u2019enfant n\u2019est ni un \u00ab\u00a0mini-adulte\u00a0\u00bb ni une \u00ab\u00a0quasi-personne\u00a0\u00bb<\/strong>. Il est titulaire de droits subjectifs. L\u2019enfant nait et demeure \u00e9gal en droits et en dignit\u00e9 \u00e0 l\u2019adulte qui a le devoir de prendre en compte ses besoins sp\u00e9cifiques et son extr\u00eame vuln\u00e9rabilit\u00e9. Et, parfois, malheureusement, <strong>la violence dite \u00e9ducative tue encore dans notre pays<\/strong>.<\/p> <p>Quoi qu\u2019en disent ses adeptes, la violence dite \u00e9ducative n\u2019est pas \u00ab\u00a0normale\u00a0\u00bb ou naturelle. C\u2019est une construction sociale. Elle n\u2019est ni utile, ni pertinente, ni n\u00e9cessaire. <strong>Elle est toujours synonyme d\u2019\u00e9chec<\/strong>. Elle n\u2019est pas efficace, au contraire, son caract\u00e8re contre-productif a \u00e9t\u00e9 d\u00e9montr\u00e9 par de nombreux scientifiques. La violence fragilise la confiance en soi, l\u2019estime de soi et l\u2019image que l\u2019enfant a de lui-m\u00eame. <strong>Elle alt\u00e8re la relation entre l\u2019enfant et l\u2019adulte et peut causer des d\u00e9g\u00e2ts, parfois irr\u00e9versibles<\/strong>, \u00e0 l\u2019int\u00e9grit\u00e9 physique, psychique, psychologique, \u00e9motionnelle, morale et affective des enfants qui en sont victimes.<\/p> <p>En revanche, il est aussi prouv\u00e9 que les adultes qui sont capables d\u2019apaiser, d\u2019\u00e9couter, de rassurer, de s\u00e9curiser et de consoler l\u2019enfant participent grandement au processus de maturation de son cerveau. Ils deviennent ainsi acteur du d\u00e9veloppement de ses capacit\u00e9s sociales, cognitives et affectives. <strong>L\u2019enfant a besoin de se sentir compris, soutenu et encourag\u00e9. Il a besoin d\u2019amour et d\u2019affection<\/strong>. Il a besoin d\u2019une \u00e9coute active et empathique, d\u2019un cadre structur\u00e9 et structurant au moyen de r\u00e8gles qui font sens.<\/p> <p><strong>Eduquer sans violence ce n\u2019est pas, pour autant, \u00eatre laxiste ou tout accepter<\/strong>. Eduquer positivement implique, au contraire, de fixer clairement des r\u00e8gles et des interdits. Les enfants ont besoin de balises et de se confronter \u00e0 des adultes qui font barrage et veillent au respect du cadre qui les prot\u00e8ge. <strong>Il est possible d\u2019\u00eatre \u00e0 la fois strict et bienveillant<\/strong>.<\/p> <p>Il est illusoire de penser que nous allons convaincre et nous d\u00e9barrasser de la fess\u00e9e du jour au lendemain. Le D\u00e9l\u00e9gu\u00e9 g\u00e9n\u00e9ral aux droits de l\u2019enfant n\u2019entend pas se substituer aux parents ou fournir des recettes simples qui auraient valeur d\u2019incantations. Il rel\u00e8ve de ses missions de permettre\u00a0\u00e0 la Belgique d\u2019entrer dans la liste pays europ\u00e9ens qui ont franchi le pas de l\u2019interdiction des violences dites \u00e9ducatives dans leur l\u00e9gislation. Par ailleurs, <strong>interdire les violences \u00e9ducatives ordinaires dans notre cadre l\u00e9gal doit s\u2019accompagner de campagnes de sensibilisation et d\u2019outils de \u00ab capacitation \u00bb et d\u2019accompagnement des familles et des professionnels de l\u2019enfance et de la jeunesse<\/strong>.<\/p> <p>Le D\u00e9l\u00e9gu\u00e9 g\u00e9n\u00e9ral en publiant cet avis, fait offre de service pour accompagner celles et ceux qui prendront la d\u00e9cision courageuse de <strong>faire<\/strong> <strong>avancer notre pays vers le progr\u00e8s et une \u00e9ducation non violente pour tous nos enfants<\/strong>.<\/p> <p><a title=\"Initiates file download\" href=\"http:\/\/www.dgde.cfwb.be\/index.php?eID=tx_nawsecuredl&amp;u=0&amp;g=0&amp;hash=78e450120347085525b920367a90f66ac44fac83&amp;file=fileadmin\/sites\/dgde\/upload\/dgde_super_editor\/dgde_editor\/documents\/avis\/VersionDEF_DGDE_Avis_VEO_30042019.pdf\" target=\"_blank\" rel=\"noopener\">Le texte de l'avis.pdf<\/a><\/p>","_links":{"self":[{"href":"https:\/\/www.fileasbl.be\/membres\/wp-json\/wp\/v2\/posts\/4980","targetHints":{"allow":["GET"]}}],"collection":[{"href":"https:\/\/www.fileasbl.be\/membres\/wp-json\/wp\/v2\/posts"}],"about":[{"href":"https:\/\/www.fileasbl.be\/membres\/wp-json\/wp\/v2\/types\/post"}],"author":[{"embeddable":true,"href":"https:\/\/www.fileasbl.be\/membres\/wp-json\/wp\/v2\/users\/2"}],"replies":[{"embeddable":true,"href":"https:\/\/www.fileasbl.be\/membres\/wp-json\/wp\/v2\/comments?post=4980"}],"version-history":[{"count":0,"href":"https:\/\/www.fileasbl.be\/membres\/wp-json\/wp\/v2\/posts\/4980\/revisions"}],"wp:attachment":[{"href":"https:\/\/www.fileasbl.be\/membres\/wp-json\/wp\/v2\/media?parent=4980"}],"wp:term":[{"taxonomy":"category","embeddable":true,"href":"https:\/\/www.fileasbl.be\/membres\/wp-json\/wp\/v2\/categories?post=4980"},{"taxonomy":"post_tag","embeddable":true,"href":"https:\/\/www.fileasbl.be\/membres\/wp-json\/wp\/v2\/tags?post=4980"}],"curies":[{"name":"wp","href":"https:\/\/api.w.org\/{rel}","templated":true}]}}