{"id":6763,"date":"2019-08-27T15:30:55","date_gmt":"2019-08-27T14:30:55","guid":{"rendered":"http:\/\/www.fileasbl.be\/membres\/?p=6763"},"modified":"2022-07-28T11:09:34","modified_gmt":"2022-07-28T10:09:34","slug":"conference-lapproche-montessori-pour-les-enfants-de-0-a-6-ans","status":"publish","type":"post","link":"https:\/\/www.fileasbl.be\/membres\/conference-lapproche-montessori-pour-les-enfants-de-0-a-6-ans\/","title":{"rendered":"L\u2019approche Montessori pour les enfants de 0 \u00e0 6 ans"},"content":{"rendered":"<!--themify_builder_content-->\n<div id=\"themify_builder_content-6763\" data-postid=\"6763\" class=\"themify_builder_content themify_builder_content-6763 themify_builder tf_clear\">\n    \t<!-- module_row -->\n\t<div  data-lazy=\"1\" class=\"module_row themify_builder_row tb_wwip63 tb_first tf_clearfix\">\n\t    \t\t<div class=\"row_inner col_align_top col-count-1 tf_box tf_w tf_rel\">\n\t\t\t<div  data-lazy=\"1\" class=\"module_column tb-column col-full first tb_caob64 tf_box\">\n\t\t\t    \t        <div class=\"tb-column-inner tf_box tf_w\">\n\t\t    \t<div  data-lazy=\"1\" class=\"module_subrow themify_builder_sub_row tb_af73462 tf_w tf_clearfix\">\n\t    \t\t<div class=\"subrow_inner col_align_top col-count-2 tf_box tf_w\">\n\t\t\t<div  data-lazy=\"1\" class=\"sub_column module_column tf_box col2-1 first tb_2gty464\"> \n\t    \t    \t        <div class=\"tb-column-inner tf_box tf_w\">\n\t\t    <!-- module text -->\n<div  class=\"module module-text tb_osgl288   \" data-lazy=\"1\">\n        <div  class=\"tb_text_wrap\">\n    <p>Durant les mois de mai et octobre 2018, la FILE a eu le plaisir d\u2019accueillir Laurence Randoux dans le cadre de deux matin\u00e9es de conf\u00e9rence autour de l\u2019approche Montessori \u00e0 l\u2019attention des professionnels des secteurs de l\u2019accueil de l\u2019enfance de 0 \u00e0 6 ans (pu\u00e9ricultrices, responsables, coordinateurs p\u00e9dagogiques, animateurs, \u00e9ducateurs\u2026). Suite au succ\u00e8s de la premi\u00e8re matin\u00e9e (4 mai 2018) qui a rassembl\u00e9 137 personnes, une deuxi\u00e8me session a \u00e9t\u00e9 propos\u00e9e le 05 octobre 2018 avec la participation de 66 personnes.<\/p>    <\/div>\n<\/div>\n<!-- \/module text -->\t        <\/div>\n\t    \t<\/div>\n\t\t<div  data-lazy=\"1\" class=\"sub_column module_column tf_box col2-1 last tb_u7mb467\" > \n\t    \t    \t        <div class=\"tb-column-inner tf_box tf_w\">\n\t\t    <!-- module text -->\n<div  class=\"module module-text tb_dzty810   \" data-lazy=\"1\">\n        <div  class=\"tb_text_wrap\">\n    <h2>Contact \u00e0 la FILE<\/h2>\n<p>Laur\u00e8ne Trevisan<br \/>Conseill\u00e8re p\u00e9dagogique<\/p>\n<p>contact(at)fileasbl.be<br \/>010 22 52 02<\/p>    <\/div>\n<\/div>\n<!-- \/module text -->\t        <\/div>\n\t    \t<\/div>\n\t\t    <\/div>\n\t<\/div><!-- \/themify_builder_sub_row -->\n\t\t<div  data-lazy=\"1\" class=\"module_subrow themify_builder_sub_row tb_74en330 tf_w tf_clearfix\">\n\t    \t\t<div class=\"subrow_inner col_align_top col-count-2 tf_box tf_w\">\n\t\t\t<div  data-lazy=\"1\" class=\"sub_column module_column tf_box col2-1 first tb_iz9t331\"> \n\t    \t    \t        <div class=\"tb-column-inner tf_box tf_w\">\n\t\t    <!-- module text -->\n<div  class=\"module module-text tb_0a6m430   \" data-lazy=\"1\">\n        <div  class=\"tb_text_wrap\">\n    <p>Lors de ces matin\u00e9es, Laurence Randoux, fondatrice et directrice de \u00ab Montessori Kids Belgique asbl \u00bb et formatrice dans diff\u00e9rents centres de formation, a pr\u00e9sent\u00e9 Maria Montessori et les grands principes de sa proposition \u00e9ducative. Celle-ci s\u2019est ensuite focalis\u00e9e sur cette approche pour les enfants de la naissance \u00e0 trois ans, puis de trois \u00e0 six ans, de fa\u00e7on th\u00e9orique mais aussi tr\u00e8s pratique. Pour terminer, de riches moments d\u2019\u00e9changes avec le public ont permis d\u2019approfondir la th\u00e9matique en fonction des r\u00e9alit\u00e9s de chacun.\u00a0<\/p>\n<p>Ces interventions visaient en priorit\u00e9 \u00e0 promouvoir, de mani\u00e8re p\u00e9dagogique et non commerciale, un \u00e9tat d\u2019esprit profond\u00e9ment respectueux de l\u2019enfant, favorable \u00e0 la paix, \u00e0 la collaboration, \u00e0 l\u2019autonomie et \u00e0 l\u2019\u00e9panouissement serein des potentiels de chacun. Elles invitaient tous ceux qui c\u00f4toyaient des enfants \u00e0 poser sur eux un nouveau regard, rempli de bienveillance et de confiance.\u00a0 L\u2019approche Montessori est avant tout un \u00e9tat d\u2019esprit qui proc\u00e8de d\u2019une mani\u00e8re particuli\u00e8re de regarder chaque enfant. Il ne s\u2019agit pas d\u2019une m\u00e9thode ou d\u2019une recette miracle mais d\u2019une fa\u00e7on de consid\u00e9rer l\u2019enfant, d\u2019un point de vue physique et psychique.<\/p>    <\/div>\n<\/div>\n<!-- \/module text -->\t        <\/div>\n\t    \t<\/div>\n\t\t<div  data-lazy=\"1\" class=\"sub_column module_column tf_box col2-1 last tb_v4fj332\"> \n\t    \t    \t        <div class=\"tb-column-inner tf_box tf_w\">\n\t\t    <!-- module image -->\n<div  class=\"module module-image tb_fcrm543   image-top tf_mw\" data-lazy=\"1\">\n        <div class=\"image-wrap tf_rel tf_mw\">\n\t\t    <img loading=\"lazy\" decoding=\"async\" src=\"http:\/\/www.fileasbl.be\/membres\/wp-content\/uploads\/2018\/08\/Montessori-20180504-02.jpg\" width=\"1000\" height=\"667\" title=\"Conf\u00e9rence Montessori\" alt=\"Conf\u00e9rence Montessori\">\t\n\t\t<\/div>\n\t<!-- \/image-wrap -->\n    \n    \t<div class=\"image-content\">\n\t    \t\t\t<h3 class=\"image-title\">\n\t\t\t\t\t\t\t\t\tConf\u00e9rence Montessori\t\t\t\t\t\t\t<\/h3>\n\t    \n\t    \t<\/div>\n\t<!-- \/image-content -->\n    \t<\/div>\n<!-- \/module image -->\t        <\/div>\n\t    \t<\/div>\n\t\t    <\/div>\n\t<\/div><!-- \/themify_builder_sub_row -->\n\t<!-- module gallery -->\n<div  class=\"module gallery module-gallery tb_kvja126 layout-slider  \" data-lazy=\"1\">\n                <div class=\"themify_builder_slider_vertical tf_rel\">\n    <div class=\"tf_swiper-container tf_carousel themify_builder_slider themify_builder_slider_vertical tf_rel tf_overflow\"\n\tdata-pager=\"0\"\n\t data-lazy=\"1\"\t\t\tdata-thumbs=\"tb_kvja126_thumbs\"\n\t\tdata-effect=\"scroll\" \n\t\tdata-css_url=\"https:\/\/www.fileasbl.be\/membres\/wp-content\/themes\/themify-ultra\/themify\/themify-builder\/css\/modules\/sliders\/carousel.css,https:\/\/www.fileasbl.be\/membres\/wp-content\/themes\/themify-ultra\/themify\/themify-builder\/css\/modules\/sliders\/gallery.css\"\n\t\t\t\tdata-auto=\"4\"\n\t\tdata-pause_hover=\"1\"\n\t\t\t\tdata-speed=\"1\"\n\tdata-wrapvar=\"1\"\n\tdata-slider_nav=\"1\"\n\tdata-height=\"variable\"\n\t>\n\t<div class=\"tf_swiper-wrapper tf_lazy tf_rel tf_w tf_h tf_textc\">\n\t\t\t\t\t<div class=\"tf_swiper-slide\">\n\t\t\t<div class=\"slide-inner-wrap\">\n\t\t\t\t<div class=\"tf_lazy slide-image gallery-icon\"><a href=\"https:\/\/www.fileasbl.be\/membres\/wp-content\/uploads\/2019\/08\/DSC_0239-300x200.jpg\" class=\"themify_lightbox\"><img loading=\"lazy\" decoding=\"async\" src=\"https:\/\/www.fileasbl.be\/membres\/wp-content\/uploads\/2019\/08\/DSC_0239-1024x683-600x400.jpg\" width=\"600\" height=\"400\" class=\"wp-post-image wp-image-6777\" title=\"DSC_0239\" data-tf-not-load=\"1\" alt=\"DSC_0239\" srcset=\"https:\/\/www.fileasbl.be\/membres\/wp-content\/uploads\/2019\/08\/DSC_0239-1024x683-600x400.jpg 600w, https:\/\/www.fileasbl.be\/membres\/wp-content\/uploads\/2019\/08\/DSC_0239-1024x683-300x200.jpg 300w, https:\/\/www.fileasbl.be\/membres\/wp-content\/uploads\/2019\/08\/DSC_0239-768x512.jpg 768w, https:\/\/www.fileasbl.be\/membres\/wp-content\/uploads\/2019\/08\/DSC_0239-1024x683.jpg 1024w, https:\/\/www.fileasbl.be\/membres\/wp-content\/uploads\/2019\/08\/DSC_0239-400x267.jpg 400w, https:\/\/www.fileasbl.be\/membres\/wp-content\/uploads\/2019\/08\/DSC_0239-1024x683-150x100.jpg 150w\" sizes=\"auto, (max-width: 600px) 100vw, 600px\" \/><\/a>\t\t\t\t<\/div>\n\t\t\t\t\t\t\t\t\t<div class=\"slide-content tf_opacity tf_texl tf_abs\">\n\t\t\t\t\t\t\n\t\t\t\t\t\t\t\t\t\t\t\t\t<p>Chastre &#8211; 05-2018<\/p>\n\t\t\t\t\t\t\t\t\t\t\t<\/div><!-- \/slide-content -->\n\t\t\t\t\t\t\t<\/div><\/div>\n\t\t\t\t\t<div class=\"tf_swiper-slide\">\n\t\t\t<div class=\"slide-inner-wrap\">\n\t\t\t\t<div class=\"tf_lazy slide-image gallery-icon\"><a href=\"https:\/\/www.fileasbl.be\/membres\/wp-content\/uploads\/2019\/08\/DSC_0244-300x200.jpg\" class=\"themify_lightbox\"><img loading=\"lazy\" decoding=\"async\" src=\"https:\/\/www.fileasbl.be\/membres\/wp-content\/uploads\/2019\/08\/DSC_0244-1024x683-600x400.jpg\" width=\"600\" height=\"400\" class=\"wp-post-image wp-image-6778\" title=\"DSC_0244\" data-tf-not-load=\"1\" alt=\"DSC_0244\" srcset=\"https:\/\/www.fileasbl.be\/membres\/wp-content\/uploads\/2019\/08\/DSC_0244-1024x683-600x400.jpg 600w, https:\/\/www.fileasbl.be\/membres\/wp-content\/uploads\/2019\/08\/DSC_0244-1024x683-300x200.jpg 300w, https:\/\/www.fileasbl.be\/membres\/wp-content\/uploads\/2019\/08\/DSC_0244-768x512.jpg 768w, https:\/\/www.fileasbl.be\/membres\/wp-content\/uploads\/2019\/08\/DSC_0244-1024x683.jpg 1024w, https:\/\/www.fileasbl.be\/membres\/wp-content\/uploads\/2019\/08\/DSC_0244-400x267.jpg 400w, https:\/\/www.fileasbl.be\/membres\/wp-content\/uploads\/2019\/08\/DSC_0244-1024x683-150x100.jpg 150w\" sizes=\"auto, (max-width: 600px) 100vw, 600px\" \/><\/a>\t\t\t\t<\/div>\n\t\t\t\t\t\t\t\t\t<div class=\"slide-content tf_opacity tf_texl tf_abs\">\n\t\t\t\t\t\t\n\t\t\t\t\t\t\t\t\t\t\t\t\t<p>Chastre &#8211; 05-2018<\/p>\n\t\t\t\t\t\t\t\t\t\t\t<\/div><!-- \/slide-content -->\n\t\t\t\t\t\t\t<\/div><\/div>\n\t\t\t\t\t<div class=\"tf_swiper-slide\">\n\t\t\t<div class=\"slide-inner-wrap\">\n\t\t\t\t<div class=\"tf_lazy slide-image gallery-icon\"><a href=\"https:\/\/www.fileasbl.be\/membres\/wp-content\/uploads\/2019\/08\/DSC_0245-300x200.jpg\" class=\"themify_lightbox\"><img loading=\"lazy\" decoding=\"async\" src=\"https:\/\/www.fileasbl.be\/membres\/wp-content\/uploads\/2019\/08\/DSC_0245-1024x683-600x400.jpg\" width=\"600\" height=\"400\" class=\"wp-post-image wp-image-6779\" title=\"DSC_0245\" data-tf-not-load=\"1\" alt=\"DSC_0245\" srcset=\"https:\/\/www.fileasbl.be\/membres\/wp-content\/uploads\/2019\/08\/DSC_0245-1024x683-600x400.jpg 600w, https:\/\/www.fileasbl.be\/membres\/wp-content\/uploads\/2019\/08\/DSC_0245-1024x683-300x200.jpg 300w, https:\/\/www.fileasbl.be\/membres\/wp-content\/uploads\/2019\/08\/DSC_0245-768x512.jpg 768w, https:\/\/www.fileasbl.be\/membres\/wp-content\/uploads\/2019\/08\/DSC_0245-1024x683.jpg 1024w, https:\/\/www.fileasbl.be\/membres\/wp-content\/uploads\/2019\/08\/DSC_0245-400x267.jpg 400w, https:\/\/www.fileasbl.be\/membres\/wp-content\/uploads\/2019\/08\/DSC_0245-1024x683-150x100.jpg 150w\" sizes=\"auto, (max-width: 600px) 100vw, 600px\" \/><\/a>\t\t\t\t<\/div>\n\t\t\t\t\t\t\t\t\t<div class=\"slide-content tf_opacity tf_texl tf_abs\">\n\t\t\t\t\t\t\n\t\t\t\t\t\t\t\t\t\t\t\t\t<p>Chastre &#8211; 05-2018<\/p>\n\t\t\t\t\t\t\t\t\t\t\t<\/div><!-- \/slide-content -->\n\t\t\t\t\t\t\t<\/div><\/div>\n\t\t\t\t\t<div class=\"tf_swiper-slide\">\n\t\t\t<div class=\"slide-inner-wrap\">\n\t\t\t\t<div class=\"tf_lazy slide-image gallery-icon\"><a href=\"https:\/\/www.fileasbl.be\/membres\/wp-content\/uploads\/2019\/08\/DSC_0249-300x200.jpg\" class=\"themify_lightbox\"><img loading=\"lazy\" decoding=\"async\" src=\"https:\/\/www.fileasbl.be\/membres\/wp-content\/uploads\/2019\/08\/DSC_0249-1024x683-600x400.jpg\" width=\"600\" height=\"400\" class=\"wp-post-image wp-image-6780\" title=\"DSC_0249\" data-tf-not-load=\"1\" alt=\"DSC_0249\" srcset=\"https:\/\/www.fileasbl.be\/membres\/wp-content\/uploads\/2019\/08\/DSC_0249-1024x683-600x400.jpg 600w, https:\/\/www.fileasbl.be\/membres\/wp-content\/uploads\/2019\/08\/DSC_0249-1024x683-300x200.jpg 300w, https:\/\/www.fileasbl.be\/membres\/wp-content\/uploads\/2019\/08\/DSC_0249-768x512.jpg 768w, https:\/\/www.fileasbl.be\/membres\/wp-content\/uploads\/2019\/08\/DSC_0249-1024x683.jpg 1024w, https:\/\/www.fileasbl.be\/membres\/wp-content\/uploads\/2019\/08\/DSC_0249-400x267.jpg 400w, https:\/\/www.fileasbl.be\/membres\/wp-content\/uploads\/2019\/08\/DSC_0249-1024x683-150x100.jpg 150w\" sizes=\"auto, (max-width: 600px) 100vw, 600px\" \/><\/a>\t\t\t\t<\/div>\n\t\t\t\t\t\t\t\t\t<div class=\"slide-content tf_opacity tf_texl tf_abs\">\n\t\t\t\t\t\t\n\t\t\t\t\t\t\t\t\t\t\t\t\t<p>Chastre &#8211; 05-2018<\/p>\n\t\t\t\t\t\t\t\t\t\t\t<\/div><!-- \/slide-content -->\n\t\t\t\t\t\t\t<\/div><\/div>\n\t\t\t<\/div>\n<\/div>\n            <\/div>\n        <div class=\"tf_swiper-container tf_carousel themify_builder_slider tb_kvja126_thumbs tf_rel tf_overflow\"\n\tdata-pager=\"1\"\n\t data-lazy=\"1\"\t\t\t        data-thumbs-id=\"tb_kvja126_thumbs\"\n\t\tdata-visible=\"7\" \n\t\tdata-tbreakpoints=\"1024\"\n\t\tdata-mbreakpoints=\"480\"\n\t\tdata-tab-visible=\"\"\n\t\tdata-mob-visible=\"0\"\n\t\t\t\tdata-auto=\"4\"\n\t\tdata-pause_hover=\"1\"\n\t\t\t\t\tdata-controller=\"0\"\n\t\t\t\tdata-speed=\"1\"\n\tdata-wrapvar=\"1\"\n\tdata-slider_nav=\"0\"\n\tdata-height=\"variable\"\n\t>\n\t<div class=\"tf_swiper-wrapper tf_lazy tf_rel tf_w tf_h tf_textc\">\n\t\t\t\t\t<div class=\"tf_swiper-slide\">\n\t\t\t<div class=\"slide-inner-wrap\">\n\t\t\t\t<div class=\"tf_lazy slide-image gallery-icon\"><img loading=\"lazy\" decoding=\"async\" src=\"https:\/\/www.fileasbl.be\/membres\/wp-content\/uploads\/2019\/08\/DSC_0239-1024x683-150x100.jpg\" width=\"150\" height=\"100\" class=\"wp-post-image wp-image-6777\" title=\"DSC_0239\" data-tf-not-load=\"1\" alt=\"DSC_0239\" srcset=\"https:\/\/www.fileasbl.be\/membres\/wp-content\/uploads\/2019\/08\/DSC_0239-1024x683-150x100.jpg 150w, https:\/\/www.fileasbl.be\/membres\/wp-content\/uploads\/2019\/08\/DSC_0239-1024x683-300x200.jpg 300w, https:\/\/www.fileasbl.be\/membres\/wp-content\/uploads\/2019\/08\/DSC_0239-768x512.jpg 768w, https:\/\/www.fileasbl.be\/membres\/wp-content\/uploads\/2019\/08\/DSC_0239-1024x683.jpg 1024w, https:\/\/www.fileasbl.be\/membres\/wp-content\/uploads\/2019\/08\/DSC_0239-400x267.jpg 400w, https:\/\/www.fileasbl.be\/membres\/wp-content\/uploads\/2019\/08\/DSC_0239-1024x683-600x400.jpg 600w\" sizes=\"auto, (max-width: 150px) 100vw, 150px\" \/>\t\t\t\t<\/div>\n\t\t\t\t\t\t\t<\/div><\/div>\n\t\t\t\t\t<div class=\"tf_swiper-slide\">\n\t\t\t<div class=\"slide-inner-wrap\">\n\t\t\t\t<div class=\"tf_lazy slide-image gallery-icon\"><img loading=\"lazy\" decoding=\"async\" src=\"https:\/\/www.fileasbl.be\/membres\/wp-content\/uploads\/2019\/08\/DSC_0244-1024x683-150x100.jpg\" width=\"150\" height=\"100\" class=\"wp-post-image wp-image-6778\" title=\"DSC_0244\" data-tf-not-load=\"1\" alt=\"DSC_0244\" srcset=\"https:\/\/www.fileasbl.be\/membres\/wp-content\/uploads\/2019\/08\/DSC_0244-1024x683-150x100.jpg 150w, https:\/\/www.fileasbl.be\/membres\/wp-content\/uploads\/2019\/08\/DSC_0244-1024x683-300x200.jpg 300w, https:\/\/www.fileasbl.be\/membres\/wp-content\/uploads\/2019\/08\/DSC_0244-768x512.jpg 768w, https:\/\/www.fileasbl.be\/membres\/wp-content\/uploads\/2019\/08\/DSC_0244-1024x683.jpg 1024w, https:\/\/www.fileasbl.be\/membres\/wp-content\/uploads\/2019\/08\/DSC_0244-400x267.jpg 400w, https:\/\/www.fileasbl.be\/membres\/wp-content\/uploads\/2019\/08\/DSC_0244-1024x683-600x400.jpg 600w\" sizes=\"auto, (max-width: 150px) 100vw, 150px\" \/>\t\t\t\t<\/div>\n\t\t\t\t\t\t\t<\/div><\/div>\n\t\t\t\t\t<div class=\"tf_swiper-slide\">\n\t\t\t<div class=\"slide-inner-wrap\">\n\t\t\t\t<div class=\"tf_lazy slide-image gallery-icon\"><img loading=\"lazy\" decoding=\"async\" src=\"https:\/\/www.fileasbl.be\/membres\/wp-content\/uploads\/2019\/08\/DSC_0245-1024x683-150x100.jpg\" width=\"150\" height=\"100\" class=\"wp-post-image wp-image-6779\" title=\"DSC_0245\" data-tf-not-load=\"1\" alt=\"DSC_0245\" srcset=\"https:\/\/www.fileasbl.be\/membres\/wp-content\/uploads\/2019\/08\/DSC_0245-1024x683-150x100.jpg 150w, https:\/\/www.fileasbl.be\/membres\/wp-content\/uploads\/2019\/08\/DSC_0245-1024x683-300x200.jpg 300w, https:\/\/www.fileasbl.be\/membres\/wp-content\/uploads\/2019\/08\/DSC_0245-768x512.jpg 768w, https:\/\/www.fileasbl.be\/membres\/wp-content\/uploads\/2019\/08\/DSC_0245-1024x683.jpg 1024w, https:\/\/www.fileasbl.be\/membres\/wp-content\/uploads\/2019\/08\/DSC_0245-400x267.jpg 400w, https:\/\/www.fileasbl.be\/membres\/wp-content\/uploads\/2019\/08\/DSC_0245-1024x683-600x400.jpg 600w\" sizes=\"auto, (max-width: 150px) 100vw, 150px\" \/>\t\t\t\t<\/div>\n\t\t\t\t\t\t\t<\/div><\/div>\n\t\t\t\t\t<div class=\"tf_swiper-slide\">\n\t\t\t<div class=\"slide-inner-wrap\">\n\t\t\t\t<div class=\"tf_lazy slide-image gallery-icon\"><img loading=\"lazy\" decoding=\"async\" src=\"https:\/\/www.fileasbl.be\/membres\/wp-content\/uploads\/2019\/08\/DSC_0249-1024x683-150x100.jpg\" width=\"150\" height=\"100\" class=\"wp-post-image wp-image-6780\" title=\"DSC_0249\" data-tf-not-load=\"1\" alt=\"DSC_0249\" srcset=\"https:\/\/www.fileasbl.be\/membres\/wp-content\/uploads\/2019\/08\/DSC_0249-1024x683-150x100.jpg 150w, https:\/\/www.fileasbl.be\/membres\/wp-content\/uploads\/2019\/08\/DSC_0249-1024x683-300x200.jpg 300w, https:\/\/www.fileasbl.be\/membres\/wp-content\/uploads\/2019\/08\/DSC_0249-768x512.jpg 768w, https:\/\/www.fileasbl.be\/membres\/wp-content\/uploads\/2019\/08\/DSC_0249-1024x683.jpg 1024w, https:\/\/www.fileasbl.be\/membres\/wp-content\/uploads\/2019\/08\/DSC_0249-400x267.jpg 400w, https:\/\/www.fileasbl.be\/membres\/wp-content\/uploads\/2019\/08\/DSC_0249-1024x683-600x400.jpg 600w\" sizes=\"auto, (max-width: 150px) 100vw, 150px\" \/>\t\t\t\t<\/div>\n\t\t\t\t\t\t\t<\/div><\/div>\n\t\t\t<\/div>\n<\/div>\n    <\/div>\n<!-- \/module gallery -->\t        <\/div>\n\t    \t<\/div>\n\t\t    <\/div>\n\t    <!-- \/row_inner -->\n\t<\/div>\n\t<!-- \/module_row -->\n\t<\/div>\n<!--\/themify_builder_content-->","protected":false},"excerpt":{"rendered":"<p>Qu\u2019est-ce que l\u2019approche Montessori ?<\/p>\n","protected":false},"author":2,"featured_media":0,"comment_status":"open","ping_status":"open","sticky":false,"template":"","format":"standard","meta":{"footnotes":""},"categories":[304,306,320,313,246,308,300,226],"tags":[],"class_list":["post-6763","post","type-post","status-publish","format-standard","hentry","category-bien-etre-enfant","category-formation-continue","category-jeu-en-ma","category-jeu-enfant","category-milac","category-montessori","category-notes-pedagogiques","category-rythmes-de-lenfant","has-post-title","has-post-date","has-post-category","has-post-tag","has-post-comment","has-post-author",""],"yoast_head":"<!-- This site is optimized with the Yoast SEO plugin v27.5 - https:\/\/yoast.com\/product\/yoast-seo-wordpress\/ -->\n<title>L\u2019approche Montessori pour les enfants de 0 \u00e0 6 ans - Site de la FILE<\/title>\n<meta name=\"robots\" content=\"index, follow, max-snippet:-1, max-image-preview:large, max-video-preview:-1\" \/>\n<link rel=\"canonical\" href=\"https:\/\/www.fileasbl.be\/membres\/conference-lapproche-montessori-pour-les-enfants-de-0-a-6-ans\/\" \/>\n<meta property=\"og:locale\" content=\"fr_FR\" \/>\n<meta property=\"og:type\" content=\"article\" \/>\n<meta property=\"og:title\" content=\"L\u2019approche Montessori pour les enfants de 0 \u00e0 6 ans - Site de la FILE\" \/>\n<meta property=\"og:description\" content=\"Qu\u2019est-ce que l\u2019approche Montessori ?\" \/>\n<meta property=\"og:url\" content=\"https:\/\/www.fileasbl.be\/membres\/conference-lapproche-montessori-pour-les-enfants-de-0-a-6-ans\/\" \/>\n<meta property=\"og:site_name\" content=\"Site de la FILE\" \/>\n<meta property=\"article:publisher\" content=\"https:\/\/www.facebook.com\/fileasbl\/\" \/>\n<meta property=\"article:published_time\" content=\"2019-08-27T14:30:55+00:00\" \/>\n<meta property=\"article:modified_time\" content=\"2022-07-28T10:09:34+00:00\" \/>\n<meta property=\"og:image\" content=\"https:\/\/www.fileasbl.be\/membres\/wp-content\/uploads\/2019\/08\/Montessori-une.jpg\" \/>\n\t<meta property=\"og:image:width\" content=\"1200\" \/>\n\t<meta property=\"og:image:height\" content=\"628\" \/>\n\t<meta property=\"og:image:type\" content=\"image\/jpeg\" \/>\n<meta name=\"author\" content=\"Contact FILE\" \/>\n<meta name=\"twitter:card\" content=\"summary_large_image\" \/>\n<meta name=\"twitter:label1\" content=\"\u00c9crit par\" \/>\n\t<meta name=\"twitter:data1\" content=\"Contact FILE\" \/>\n\t<meta name=\"twitter:label2\" content=\"Dur\u00e9e de lecture estim\u00e9e\" \/>\n\t<meta name=\"twitter:data2\" content=\"2 minutes\" \/>\n<script type=\"application\/ld+json\" class=\"yoast-schema-graph\">{\"@context\":\"https:\\\/\\\/schema.org\",\"@graph\":[{\"@type\":\"Article\",\"@id\":\"https:\\\/\\\/www.fileasbl.be\\\/membres\\\/conference-lapproche-montessori-pour-les-enfants-de-0-a-6-ans\\\/#article\",\"isPartOf\":{\"@id\":\"https:\\\/\\\/www.fileasbl.be\\\/membres\\\/conference-lapproche-montessori-pour-les-enfants-de-0-a-6-ans\\\/\"},\"author\":{\"name\":\"Contact FILE\",\"@id\":\"https:\\\/\\\/www.fileasbl.be\\\/membres\\\/#\\\/schema\\\/person\\\/5954a0c68c3a6f92f805465caa00d25f\"},\"headline\":\"L\u2019approche Montessori pour les enfants de 0 \u00e0 6 ans\",\"datePublished\":\"2019-08-27T14:30:55+00:00\",\"dateModified\":\"2022-07-28T10:09:34+00:00\",\"mainEntityOfPage\":{\"@id\":\"https:\\\/\\\/www.fileasbl.be\\\/membres\\\/conference-lapproche-montessori-pour-les-enfants-de-0-a-6-ans\\\/\"},\"wordCount\":318,\"commentCount\":0,\"image\":{\"@id\":\"https:\\\/\\\/www.fileasbl.be\\\/membres\\\/conference-lapproche-montessori-pour-les-enfants-de-0-a-6-ans\\\/#primaryimage\"},\"thumbnailUrl\":\"http:\\\/\\\/www.fileasbl.be\\\/membres\\\/wp-content\\\/uploads\\\/2018\\\/08\\\/Montessori-20180504-02.jpg\",\"articleSection\":[\"Bien \u00eatre enfant\",\"Formation continue\",\"Jeu en MA\",\"Jeu enfant\",\"Milieu d'accueil 0-3 ans\",\"Montessori\",\"Notes p\u00e9dagogiques\",\"Rythmes de l'enfant\"],\"inLanguage\":\"fr-FR\",\"potentialAction\":[{\"@type\":\"CommentAction\",\"name\":\"Comment\",\"target\":[\"https:\\\/\\\/www.fileasbl.be\\\/membres\\\/conference-lapproche-montessori-pour-les-enfants-de-0-a-6-ans\\\/#respond\"]}]},{\"@type\":\"WebPage\",\"@id\":\"https:\\\/\\\/www.fileasbl.be\\\/membres\\\/conference-lapproche-montessori-pour-les-enfants-de-0-a-6-ans\\\/\",\"url\":\"https:\\\/\\\/www.fileasbl.be\\\/membres\\\/conference-lapproche-montessori-pour-les-enfants-de-0-a-6-ans\\\/\",\"name\":\"L\u2019approche Montessori pour les enfants de 0 \u00e0 6 ans - Site de la FILE\",\"isPartOf\":{\"@id\":\"https:\\\/\\\/www.fileasbl.be\\\/membres\\\/#website\"},\"primaryImageOfPage\":{\"@id\":\"https:\\\/\\\/www.fileasbl.be\\\/membres\\\/conference-lapproche-montessori-pour-les-enfants-de-0-a-6-ans\\\/#primaryimage\"},\"image\":{\"@id\":\"https:\\\/\\\/www.fileasbl.be\\\/membres\\\/conference-lapproche-montessori-pour-les-enfants-de-0-a-6-ans\\\/#primaryimage\"},\"thumbnailUrl\":\"http:\\\/\\\/www.fileasbl.be\\\/membres\\\/wp-content\\\/uploads\\\/2018\\\/08\\\/Montessori-20180504-02.jpg\",\"datePublished\":\"2019-08-27T14:30:55+00:00\",\"dateModified\":\"2022-07-28T10:09:34+00:00\",\"author\":{\"@id\":\"https:\\\/\\\/www.fileasbl.be\\\/membres\\\/#\\\/schema\\\/person\\\/5954a0c68c3a6f92f805465caa00d25f\"},\"breadcrumb\":{\"@id\":\"https:\\\/\\\/www.fileasbl.be\\\/membres\\\/conference-lapproche-montessori-pour-les-enfants-de-0-a-6-ans\\\/#breadcrumb\"},\"inLanguage\":\"fr-FR\",\"potentialAction\":[{\"@type\":\"ReadAction\",\"target\":[\"https:\\\/\\\/www.fileasbl.be\\\/membres\\\/conference-lapproche-montessori-pour-les-enfants-de-0-a-6-ans\\\/\"]}]},{\"@type\":\"ImageObject\",\"inLanguage\":\"fr-FR\",\"@id\":\"https:\\\/\\\/www.fileasbl.be\\\/membres\\\/conference-lapproche-montessori-pour-les-enfants-de-0-a-6-ans\\\/#primaryimage\",\"url\":\"http:\\\/\\\/www.fileasbl.be\\\/membres\\\/wp-content\\\/uploads\\\/2018\\\/08\\\/Montessori-20180504-02.jpg\",\"contentUrl\":\"http:\\\/\\\/www.fileasbl.be\\\/membres\\\/wp-content\\\/uploads\\\/2018\\\/08\\\/Montessori-20180504-02.jpg\"},{\"@type\":\"BreadcrumbList\",\"@id\":\"https:\\\/\\\/www.fileasbl.be\\\/membres\\\/conference-lapproche-montessori-pour-les-enfants-de-0-a-6-ans\\\/#breadcrumb\",\"itemListElement\":[{\"@type\":\"ListItem\",\"position\":1,\"name\":\"Accueil\",\"item\":\"https:\\\/\\\/www.fileasbl.be\\\/membres\\\/\"},{\"@type\":\"ListItem\",\"position\":2,\"name\":\"L\u2019approche Montessori pour les enfants de 0 \u00e0 6 ans\"}]},{\"@type\":\"WebSite\",\"@id\":\"https:\\\/\\\/www.fileasbl.be\\\/membres\\\/#website\",\"url\":\"https:\\\/\\\/www.fileasbl.be\\\/membres\\\/\",\"name\":\"Site de la FILE\",\"description\":\"FILE Un accueil de qualit\u00e9 accessible \u00e0 tous\",\"potentialAction\":[{\"@type\":\"SearchAction\",\"target\":{\"@type\":\"EntryPoint\",\"urlTemplate\":\"https:\\\/\\\/www.fileasbl.be\\\/membres\\\/?s={search_term_string}\"},\"query-input\":{\"@type\":\"PropertyValueSpecification\",\"valueRequired\":true,\"valueName\":\"search_term_string\"}}],\"inLanguage\":\"fr-FR\"},{\"@type\":\"Person\",\"@id\":\"https:\\\/\\\/www.fileasbl.be\\\/membres\\\/#\\\/schema\\\/person\\\/5954a0c68c3a6f92f805465caa00d25f\",\"name\":\"Contact FILE\",\"url\":\"https:\\\/\\\/www.fileasbl.be\\\/membres\\\/author\\\/contactfile\\\/\"}]}<\/script>\n<!-- \/ Yoast SEO plugin. -->","yoast_head_json":{"title":"L\u2019approche Montessori pour les enfants de 0 \u00e0 6 ans - Site de la FILE","robots":{"index":"index","follow":"follow","max-snippet":"max-snippet:-1","max-image-preview":"max-image-preview:large","max-video-preview":"max-video-preview:-1"},"canonical":"https:\/\/www.fileasbl.be\/membres\/conference-lapproche-montessori-pour-les-enfants-de-0-a-6-ans\/","og_locale":"fr_FR","og_type":"article","og_title":"L\u2019approche Montessori pour les enfants de 0 \u00e0 6 ans - Site de la FILE","og_description":"Qu\u2019est-ce que l\u2019approche Montessori ?","og_url":"https:\/\/www.fileasbl.be\/membres\/conference-lapproche-montessori-pour-les-enfants-de-0-a-6-ans\/","og_site_name":"Site de la FILE","article_publisher":"https:\/\/www.facebook.com\/fileasbl\/","article_published_time":"2019-08-27T14:30:55+00:00","article_modified_time":"2022-07-28T10:09:34+00:00","og_image":[{"width":1200,"height":628,"url":"https:\/\/www.fileasbl.be\/membres\/wp-content\/uploads\/2019\/08\/Montessori-une.jpg","type":"image\/jpeg"}],"author":"Contact FILE","twitter_card":"summary_large_image","twitter_misc":{"\u00c9crit par":"Contact FILE","Dur\u00e9e de lecture estim\u00e9e":"2 minutes"},"schema":{"@context":"https:\/\/schema.org","@graph":[{"@type":"Article","@id":"https:\/\/www.fileasbl.be\/membres\/conference-lapproche-montessori-pour-les-enfants-de-0-a-6-ans\/#article","isPartOf":{"@id":"https:\/\/www.fileasbl.be\/membres\/conference-lapproche-montessori-pour-les-enfants-de-0-a-6-ans\/"},"author":{"name":"Contact FILE","@id":"https:\/\/www.fileasbl.be\/membres\/#\/schema\/person\/5954a0c68c3a6f92f805465caa00d25f"},"headline":"L\u2019approche Montessori pour les enfants de 0 \u00e0 6 ans","datePublished":"2019-08-27T14:30:55+00:00","dateModified":"2022-07-28T10:09:34+00:00","mainEntityOfPage":{"@id":"https:\/\/www.fileasbl.be\/membres\/conference-lapproche-montessori-pour-les-enfants-de-0-a-6-ans\/"},"wordCount":318,"commentCount":0,"image":{"@id":"https:\/\/www.fileasbl.be\/membres\/conference-lapproche-montessori-pour-les-enfants-de-0-a-6-ans\/#primaryimage"},"thumbnailUrl":"http:\/\/www.fileasbl.be\/membres\/wp-content\/uploads\/2018\/08\/Montessori-20180504-02.jpg","articleSection":["Bien \u00eatre enfant","Formation continue","Jeu en MA","Jeu enfant","Milieu d'accueil 0-3 ans","Montessori","Notes p\u00e9dagogiques","Rythmes de l'enfant"],"inLanguage":"fr-FR","potentialAction":[{"@type":"CommentAction","name":"Comment","target":["https:\/\/www.fileasbl.be\/membres\/conference-lapproche-montessori-pour-les-enfants-de-0-a-6-ans\/#respond"]}]},{"@type":"WebPage","@id":"https:\/\/www.fileasbl.be\/membres\/conference-lapproche-montessori-pour-les-enfants-de-0-a-6-ans\/","url":"https:\/\/www.fileasbl.be\/membres\/conference-lapproche-montessori-pour-les-enfants-de-0-a-6-ans\/","name":"L\u2019approche Montessori pour les enfants de 0 \u00e0 6 ans - Site de la FILE","isPartOf":{"@id":"https:\/\/www.fileasbl.be\/membres\/#website"},"primaryImageOfPage":{"@id":"https:\/\/www.fileasbl.be\/membres\/conference-lapproche-montessori-pour-les-enfants-de-0-a-6-ans\/#primaryimage"},"image":{"@id":"https:\/\/www.fileasbl.be\/membres\/conference-lapproche-montessori-pour-les-enfants-de-0-a-6-ans\/#primaryimage"},"thumbnailUrl":"http:\/\/www.fileasbl.be\/membres\/wp-content\/uploads\/2018\/08\/Montessori-20180504-02.jpg","datePublished":"2019-08-27T14:30:55+00:00","dateModified":"2022-07-28T10:09:34+00:00","author":{"@id":"https:\/\/www.fileasbl.be\/membres\/#\/schema\/person\/5954a0c68c3a6f92f805465caa00d25f"},"breadcrumb":{"@id":"https:\/\/www.fileasbl.be\/membres\/conference-lapproche-montessori-pour-les-enfants-de-0-a-6-ans\/#breadcrumb"},"inLanguage":"fr-FR","potentialAction":[{"@type":"ReadAction","target":["https:\/\/www.fileasbl.be\/membres\/conference-lapproche-montessori-pour-les-enfants-de-0-a-6-ans\/"]}]},{"@type":"ImageObject","inLanguage":"fr-FR","@id":"https:\/\/www.fileasbl.be\/membres\/conference-lapproche-montessori-pour-les-enfants-de-0-a-6-ans\/#primaryimage","url":"http:\/\/www.fileasbl.be\/membres\/wp-content\/uploads\/2018\/08\/Montessori-20180504-02.jpg","contentUrl":"http:\/\/www.fileasbl.be\/membres\/wp-content\/uploads\/2018\/08\/Montessori-20180504-02.jpg"},{"@type":"BreadcrumbList","@id":"https:\/\/www.fileasbl.be\/membres\/conference-lapproche-montessori-pour-les-enfants-de-0-a-6-ans\/#breadcrumb","itemListElement":[{"@type":"ListItem","position":1,"name":"Accueil","item":"https:\/\/www.fileasbl.be\/membres\/"},{"@type":"ListItem","position":2,"name":"L\u2019approche Montessori pour les enfants de 0 \u00e0 6 ans"}]},{"@type":"WebSite","@id":"https:\/\/www.fileasbl.be\/membres\/#website","url":"https:\/\/www.fileasbl.be\/membres\/","name":"Site de la FILE","description":"FILE Un accueil de qualit\u00e9 accessible \u00e0 tous","potentialAction":[{"@type":"SearchAction","target":{"@type":"EntryPoint","urlTemplate":"https:\/\/www.fileasbl.be\/membres\/?s={search_term_string}"},"query-input":{"@type":"PropertyValueSpecification","valueRequired":true,"valueName":"search_term_string"}}],"inLanguage":"fr-FR"},{"@type":"Person","@id":"https:\/\/www.fileasbl.be\/membres\/#\/schema\/person\/5954a0c68c3a6f92f805465caa00d25f","name":"Contact FILE","url":"https:\/\/www.fileasbl.be\/membres\/author\/contactfile\/"}]}},"builder_content":"<p>Durant les mois de mai et octobre 2018, la FILE a eu le plaisir d\u2019accueillir Laurence Randoux dans le cadre de deux matin\u00e9es de conf\u00e9rence autour de l\u2019approche Montessori \u00e0 l\u2019attention des professionnels des secteurs de l\u2019accueil de l\u2019enfance de 0 \u00e0 6 ans (pu\u00e9ricultrices, responsables, coordinateurs p\u00e9dagogiques, animateurs, \u00e9ducateurs\u2026). Suite au succ\u00e8s de la premi\u00e8re matin\u00e9e (4 mai 2018) qui a rassembl\u00e9 137 personnes, une deuxi\u00e8me session a \u00e9t\u00e9 propos\u00e9e le 05 octobre 2018 avec la participation de 66 personnes.<\/p>\n<h2>Contact \u00e0 la FILE<\/h2> <p>Laur\u00e8ne Trevisan<br \/>Conseill\u00e8re p\u00e9dagogique<\/p> <p>contact(at)fileasbl.be<br \/>010 22 52 02<\/p>\n<p>Lors de ces matin\u00e9es, Laurence Randoux, fondatrice et directrice de \u00ab Montessori Kids Belgique asbl \u00bb et formatrice dans diff\u00e9rents centres de formation, a pr\u00e9sent\u00e9 Maria Montessori et les grands principes de sa proposition \u00e9ducative. Celle-ci s\u2019est ensuite focalis\u00e9e sur cette approche pour les enfants de la naissance \u00e0 trois ans, puis de trois \u00e0 six ans, de fa\u00e7on th\u00e9orique mais aussi tr\u00e8s pratique. Pour terminer, de riches moments d\u2019\u00e9changes avec le public ont permis d\u2019approfondir la th\u00e9matique en fonction des r\u00e9alit\u00e9s de chacun.\u00a0<\/p> <p>Ces interventions visaient en priorit\u00e9 \u00e0 promouvoir, de mani\u00e8re p\u00e9dagogique et non commerciale, un \u00e9tat d\u2019esprit profond\u00e9ment respectueux de l\u2019enfant, favorable \u00e0 la paix, \u00e0 la collaboration, \u00e0 l\u2019autonomie et \u00e0 l\u2019\u00e9panouissement serein des potentiels de chacun. Elles invitaient tous ceux qui c\u00f4toyaient des enfants \u00e0 poser sur eux un nouveau regard, rempli de bienveillance et de confiance.\u00a0 L\u2019approche Montessori est avant tout un \u00e9tat d\u2019esprit qui proc\u00e8de d\u2019une mani\u00e8re particuli\u00e8re de regarder chaque enfant. Il ne s\u2019agit pas d\u2019une m\u00e9thode ou d\u2019une recette miracle mais d\u2019une fa\u00e7on de consid\u00e9rer l\u2019enfant, d\u2019un point de vue physique et psychique.<\/p>\n<img src=\"http:\/\/www.fileasbl.be\/membres\/wp-content\/uploads\/2018\/08\/Montessori-20180504-02.jpg\" width=\"1000\" height=\"667\" title=\"Conf\u00e9rence Montessori\" alt=\"Conf\u00e9rence Montessori\"> <h3> Conf\u00e9rence Montessori <\/h3>\n[gallery ids=\"6777,6778,6779,6780,6783\"]","_links":{"self":[{"href":"https:\/\/www.fileasbl.be\/membres\/wp-json\/wp\/v2\/posts\/6763","targetHints":{"allow":["GET"]}}],"collection":[{"href":"https:\/\/www.fileasbl.be\/membres\/wp-json\/wp\/v2\/posts"}],"about":[{"href":"https:\/\/www.fileasbl.be\/membres\/wp-json\/wp\/v2\/types\/post"}],"author":[{"embeddable":true,"href":"https:\/\/www.fileasbl.be\/membres\/wp-json\/wp\/v2\/users\/2"}],"replies":[{"embeddable":true,"href":"https:\/\/www.fileasbl.be\/membres\/wp-json\/wp\/v2\/comments?post=6763"}],"version-history":[{"count":0,"href":"https:\/\/www.fileasbl.be\/membres\/wp-json\/wp\/v2\/posts\/6763\/revisions"}],"wp:attachment":[{"href":"https:\/\/www.fileasbl.be\/membres\/wp-json\/wp\/v2\/media?parent=6763"}],"wp:term":[{"taxonomy":"category","embeddable":true,"href":"https:\/\/www.fileasbl.be\/membres\/wp-json\/wp\/v2\/categories?post=6763"},{"taxonomy":"post_tag","embeddable":true,"href":"https:\/\/www.fileasbl.be\/membres\/wp-json\/wp\/v2\/tags?post=6763"}],"curies":[{"name":"wp","href":"https:\/\/api.w.org\/{rel}","templated":true}]}}