{"id":741,"date":"2016-05-03T12:05:11","date_gmt":"2016-05-03T11:05:11","guid":{"rendered":"http:\/\/www.fileasbl.be\/membres\/?p=741"},"modified":"2022-07-28T10:54:30","modified_gmt":"2022-07-28T09:54:30","slug":"discours-de-jacques-ternest-le-17-decembre-2015","status":"publish","type":"post","link":"https:\/\/www.fileasbl.be\/membres\/discours-de-jacques-ternest-le-17-decembre-2015\/","title":{"rendered":"Discours de Jacques Ternest le 17 d\u00e9cembre 2015"},"content":{"rendered":"<h1>Discours de Jacques Ternest le 17\/12\/2015<\/h1>\n<p style=\"text-align: justify;\">Jacques Ternest a pass\u00e9 le flambeau de la Pr\u00e9sidence de la FILE \u00e0 Natacha Verstraeten en juin 2015. La matin\u00e9e de la FILE du 17 d\u00e9cembre 2015 au Palais du Gouverneur \u00e0 Wavre est pour lui l&rsquo;occasion de remercier les personnes qui lui ont permis de grandir et qui ont chemin\u00e9 avec lui.<\/p>\n<p style=\"text-align: justify;\">Avec \u00e9motion, Jacques revient sur des moments cl\u00e9s de la FILE. Il rappelle les valeurs de la F\u00e9d\u00e9ration et son importance dans une soci\u00e9t\u00e9 inclusive. Il termine en souhaitant \u00e0 la nouvelle \u00e9quipe que la d\u00e9marche continue \u00e0 s&rsquo;intensifier.<\/p>\n<p style=\"text-align: justify;\">Merci \u00e0 Jacques pour son implication depuis toutes ces ann\u00e9es et pour ce discours.<\/p>\n<p><\/p>\n<!--themify_builder_content-->\n<div id=\"themify_builder_content-741\" data-postid=\"741\" class=\"themify_builder_content themify_builder_content-741 themify_builder tf_clear\">\n    \t<!-- module_row -->\n\t<div  data-lazy=\"1\" class=\"module_row themify_builder_row tb_66pf260 tb_first tf_clearfix\">\n\t    \t\t<div class=\"row_inner col_align_top col-count-3 tf_box tf_w tf_rel\">\n\t\t\t<div  data-lazy=\"1\" class=\"module_column tb-column col4-1 first tb_yxg5209 tf_box\">\n\t\t\t    \t<\/div>\n\t\t<div  data-lazy=\"1\" class=\"module_column tb-column col4-2 middle tb_w3c0295 tf_box\">\n\t\t\t    \t        <div class=\"tb-column-inner tf_box tf_w\">\n\t\t    <!-- module callout -->\n<div  class=\"module ui module-callout tb_7juy566 button-bottom-center tb_default_color  rounded  wow\" data-tf-animation=\"zoomIn\" data-lazy=\"1\">\n    \n    <div class=\"callout-inner\">\n\t<div class=\"callout-content tf_left\">\n\t    <h3 class=\"callout-heading\">Discours de Jacques Ternest<\/h3>\n\t    <div class=\"tb_text_wrap\">\n\t\t\tRevivez ou d\u00e9couvrez le discours de Jacques Ternest prononc\u00e9 le 17\/12\/2015 lors de la matin\u00e9e de la FILE\t    <\/div>\n\t<\/div>\n\t<!-- \/callout-content -->\n\t\t    <div class=\"callout-button tf_right tf_textr\">\n\t\t    <a href=\"http:\/\/www.fileasbl.be\/membres\/?p=630\" class=\"ui builder_button  red\">\n\t\t\t\t<span class=\"tb_callout_text\">Le discours de Jacques<\/span>\n\t\t    <\/a>\n\t\t<\/div>\n\t        <\/div>\n    <!-- \/callout-content -->\n<\/div>\n<!-- \/module callout -->\n\t        <\/div>\n\t    \t<\/div>\n\t\t<div  data-lazy=\"1\" class=\"module_column tb-column col4-1 last tb_el0b666 tf_box\">\n\t\t\t    \t<\/div>\n\t\t    <\/div>\n\t    <!-- \/row_inner -->\n\t<\/div>\n\t<!-- \/module_row -->\n\t<\/div>\n<!--\/themify_builder_content-->","protected":false},"excerpt":{"rendered":"<p>Discours de Jacques Ternest le 17\/12\/2015 Jacques Ternest a pass\u00e9 le flambeau de la Pr\u00e9sidence de la FILE \u00e0 Natacha Verstraeten en juin 2015. La matin\u00e9e de la FILE du 17 d\u00e9cembre 2015 au Palais du Gouverneur \u00e0 Wavre est pour lui l&rsquo;occasion de remercier les personnes qui lui ont permis de grandir et qui [&hellip;]<\/p>\n","protected":false},"author":1,"featured_media":0,"comment_status":"open","ping_status":"open","sticky":false,"template":"","format":"standard","meta":{"footnotes":""},"categories":[291,300,301,281],"tags":[],"class_list":["post-741","post","type-post","status-publish","format-standard","hentry","category-colloque","category-notes-pedagogiques","category-notes-politiques","category-file","has-post-title","has-post-date","has-post-category","has-post-tag","has-post-comment","has-post-author",""],"yoast_head":"<!-- This site is optimized with the Yoast SEO plugin v27.5 - https:\/\/yoast.com\/product\/yoast-seo-wordpress\/ -->\n<title>Discours de Jacques Ternest le 17 d\u00e9cembre 2015 - Site de la FILE<\/title>\n<meta name=\"description\" content=\"Jacques Ternest revient sur des moments cl\u00e9s de la FILE. Il rappelle les valeurs de la F\u00e9d\u00e9ration et son importance dans une soci\u00e9t\u00e9 inclusive.\" \/>\n<meta name=\"robots\" content=\"index, follow, max-snippet:-1, max-image-preview:large, max-video-preview:-1\" \/>\n<link rel=\"canonical\" href=\"https:\/\/www.fileasbl.be\/membres\/discours-de-jacques-ternest-le-17-decembre-2015\/\" \/>\n<meta property=\"og:locale\" content=\"fr_FR\" \/>\n<meta property=\"og:type\" content=\"article\" \/>\n<meta property=\"og:title\" content=\"Discours de Jacques Ternest le 17 d\u00e9cembre 2015 - Site de la FILE\" \/>\n<meta property=\"og:description\" content=\"Jacques Ternest revient sur des moments cl\u00e9s de la FILE. Il rappelle les valeurs de la F\u00e9d\u00e9ration et son importance dans une soci\u00e9t\u00e9 inclusive.\" \/>\n<meta property=\"og:url\" content=\"https:\/\/www.fileasbl.be\/membres\/discours-de-jacques-ternest-le-17-decembre-2015\/\" \/>\n<meta property=\"og:site_name\" content=\"Site de la FILE\" \/>\n<meta property=\"article:publisher\" content=\"https:\/\/www.facebook.com\/fileasbl\/\" \/>\n<meta property=\"article:published_time\" content=\"2016-05-03T11:05:11+00:00\" \/>\n<meta property=\"article:modified_time\" content=\"2022-07-28T09:54:30+00:00\" \/>\n<meta property=\"og:image\" content=\"https:\/\/www.fileasbl.be\/membres\/wp-content\/uploads\/2016\/03\/FILE-Matinee-20151217__0243.jpg\" \/>\n\t<meta property=\"og:image:width\" content=\"500\" \/>\n\t<meta property=\"og:image:height\" content=\"332\" \/>\n\t<meta property=\"og:image:type\" content=\"image\/jpeg\" \/>\n<meta name=\"author\" content=\"sd@membresfile\" \/>\n<meta name=\"twitter:card\" content=\"summary_large_image\" \/>\n<meta name=\"twitter:label1\" content=\"\u00c9crit par\" \/>\n\t<meta name=\"twitter:data1\" content=\"sd@membresfile\" \/>\n\t<meta name=\"twitter:label2\" content=\"Dur\u00e9e de lecture estim\u00e9e\" \/>\n\t<meta name=\"twitter:data2\" content=\"1 minute\" \/>\n<script type=\"application\/ld+json\" class=\"yoast-schema-graph\">{\"@context\":\"https:\\\/\\\/schema.org\",\"@graph\":[{\"@type\":\"Article\",\"@id\":\"https:\\\/\\\/www.fileasbl.be\\\/membres\\\/discours-de-jacques-ternest-le-17-decembre-2015\\\/#article\",\"isPartOf\":{\"@id\":\"https:\\\/\\\/www.fileasbl.be\\\/membres\\\/discours-de-jacques-ternest-le-17-decembre-2015\\\/\"},\"author\":{\"name\":\"sd@membresfile\",\"@id\":\"https:\\\/\\\/www.fileasbl.be\\\/membres\\\/#\\\/schema\\\/person\\\/603dde223e96764c2a7d9c35d264266d\"},\"headline\":\"Discours de Jacques Ternest le 17 d\u00e9cembre 2015\",\"datePublished\":\"2016-05-03T11:05:11+00:00\",\"dateModified\":\"2022-07-28T09:54:30+00:00\",\"mainEntityOfPage\":{\"@id\":\"https:\\\/\\\/www.fileasbl.be\\\/membres\\\/discours-de-jacques-ternest-le-17-decembre-2015\\\/\"},\"wordCount\":148,\"commentCount\":0,\"articleSection\":[\"Colloque, conf\u00e9rences\",\"Notes p\u00e9dagogiques\",\"Notes politiques\",\"Presentation de la FILE\"],\"inLanguage\":\"fr-FR\",\"potentialAction\":[{\"@type\":\"CommentAction\",\"name\":\"Comment\",\"target\":[\"https:\\\/\\\/www.fileasbl.be\\\/membres\\\/discours-de-jacques-ternest-le-17-decembre-2015\\\/#respond\"]}]},{\"@type\":\"WebPage\",\"@id\":\"https:\\\/\\\/www.fileasbl.be\\\/membres\\\/discours-de-jacques-ternest-le-17-decembre-2015\\\/\",\"url\":\"https:\\\/\\\/www.fileasbl.be\\\/membres\\\/discours-de-jacques-ternest-le-17-decembre-2015\\\/\",\"name\":\"Discours de Jacques Ternest le 17 d\u00e9cembre 2015 - Site de la FILE\",\"isPartOf\":{\"@id\":\"https:\\\/\\\/www.fileasbl.be\\\/membres\\\/#website\"},\"datePublished\":\"2016-05-03T11:05:11+00:00\",\"dateModified\":\"2022-07-28T09:54:30+00:00\",\"author\":{\"@id\":\"https:\\\/\\\/www.fileasbl.be\\\/membres\\\/#\\\/schema\\\/person\\\/603dde223e96764c2a7d9c35d264266d\"},\"description\":\"Jacques Ternest revient sur des moments cl\u00e9s de la FILE. Il rappelle les valeurs de la F\u00e9d\u00e9ration et son importance dans une soci\u00e9t\u00e9 inclusive.\",\"breadcrumb\":{\"@id\":\"https:\\\/\\\/www.fileasbl.be\\\/membres\\\/discours-de-jacques-ternest-le-17-decembre-2015\\\/#breadcrumb\"},\"inLanguage\":\"fr-FR\",\"potentialAction\":[{\"@type\":\"ReadAction\",\"target\":[\"https:\\\/\\\/www.fileasbl.be\\\/membres\\\/discours-de-jacques-ternest-le-17-decembre-2015\\\/\"]}]},{\"@type\":\"BreadcrumbList\",\"@id\":\"https:\\\/\\\/www.fileasbl.be\\\/membres\\\/discours-de-jacques-ternest-le-17-decembre-2015\\\/#breadcrumb\",\"itemListElement\":[{\"@type\":\"ListItem\",\"position\":1,\"name\":\"Accueil\",\"item\":\"https:\\\/\\\/www.fileasbl.be\\\/membres\\\/\"},{\"@type\":\"ListItem\",\"position\":2,\"name\":\"Discours de Jacques Ternest le 17 d\u00e9cembre 2015\"}]},{\"@type\":\"WebSite\",\"@id\":\"https:\\\/\\\/www.fileasbl.be\\\/membres\\\/#website\",\"url\":\"https:\\\/\\\/www.fileasbl.be\\\/membres\\\/\",\"name\":\"Site de la FILE\",\"description\":\"FILE Un accueil de qualit\u00e9 accessible \u00e0 tous\",\"potentialAction\":[{\"@type\":\"SearchAction\",\"target\":{\"@type\":\"EntryPoint\",\"urlTemplate\":\"https:\\\/\\\/www.fileasbl.be\\\/membres\\\/?s={search_term_string}\"},\"query-input\":{\"@type\":\"PropertyValueSpecification\",\"valueRequired\":true,\"valueName\":\"search_term_string\"}}],\"inLanguage\":\"fr-FR\"},{\"@type\":\"Person\",\"@id\":\"https:\\\/\\\/www.fileasbl.be\\\/membres\\\/#\\\/schema\\\/person\\\/603dde223e96764c2a7d9c35d264266d\",\"name\":\"sd@membresfile\",\"url\":\"https:\\\/\\\/www.fileasbl.be\\\/membres\\\/author\\\/sdmembresfile\\\/\"}]}<\/script>\n<!-- \/ Yoast SEO plugin. -->","yoast_head_json":{"title":"Discours de Jacques Ternest le 17 d\u00e9cembre 2015 - Site de la FILE","description":"Jacques Ternest revient sur des moments cl\u00e9s de la FILE. Il rappelle les valeurs de la F\u00e9d\u00e9ration et son importance dans une soci\u00e9t\u00e9 inclusive.","robots":{"index":"index","follow":"follow","max-snippet":"max-snippet:-1","max-image-preview":"max-image-preview:large","max-video-preview":"max-video-preview:-1"},"canonical":"https:\/\/www.fileasbl.be\/membres\/discours-de-jacques-ternest-le-17-decembre-2015\/","og_locale":"fr_FR","og_type":"article","og_title":"Discours de Jacques Ternest le 17 d\u00e9cembre 2015 - Site de la FILE","og_description":"Jacques Ternest revient sur des moments cl\u00e9s de la FILE. Il rappelle les valeurs de la F\u00e9d\u00e9ration et son importance dans une soci\u00e9t\u00e9 inclusive.","og_url":"https:\/\/www.fileasbl.be\/membres\/discours-de-jacques-ternest-le-17-decembre-2015\/","og_site_name":"Site de la FILE","article_publisher":"https:\/\/www.facebook.com\/fileasbl\/","article_published_time":"2016-05-03T11:05:11+00:00","article_modified_time":"2022-07-28T09:54:30+00:00","og_image":[{"width":500,"height":332,"url":"https:\/\/www.fileasbl.be\/membres\/wp-content\/uploads\/2016\/03\/FILE-Matinee-20151217__0243.jpg","type":"image\/jpeg"}],"author":"sd@membresfile","twitter_card":"summary_large_image","twitter_misc":{"\u00c9crit par":"sd@membresfile","Dur\u00e9e de lecture estim\u00e9e":"1 minute"},"schema":{"@context":"https:\/\/schema.org","@graph":[{"@type":"Article","@id":"https:\/\/www.fileasbl.be\/membres\/discours-de-jacques-ternest-le-17-decembre-2015\/#article","isPartOf":{"@id":"https:\/\/www.fileasbl.be\/membres\/discours-de-jacques-ternest-le-17-decembre-2015\/"},"author":{"name":"sd@membresfile","@id":"https:\/\/www.fileasbl.be\/membres\/#\/schema\/person\/603dde223e96764c2a7d9c35d264266d"},"headline":"Discours de Jacques Ternest le 17 d\u00e9cembre 2015","datePublished":"2016-05-03T11:05:11+00:00","dateModified":"2022-07-28T09:54:30+00:00","mainEntityOfPage":{"@id":"https:\/\/www.fileasbl.be\/membres\/discours-de-jacques-ternest-le-17-decembre-2015\/"},"wordCount":148,"commentCount":0,"articleSection":["Colloque, conf\u00e9rences","Notes p\u00e9dagogiques","Notes politiques","Presentation de la FILE"],"inLanguage":"fr-FR","potentialAction":[{"@type":"CommentAction","name":"Comment","target":["https:\/\/www.fileasbl.be\/membres\/discours-de-jacques-ternest-le-17-decembre-2015\/#respond"]}]},{"@type":"WebPage","@id":"https:\/\/www.fileasbl.be\/membres\/discours-de-jacques-ternest-le-17-decembre-2015\/","url":"https:\/\/www.fileasbl.be\/membres\/discours-de-jacques-ternest-le-17-decembre-2015\/","name":"Discours de Jacques Ternest le 17 d\u00e9cembre 2015 - Site de la FILE","isPartOf":{"@id":"https:\/\/www.fileasbl.be\/membres\/#website"},"datePublished":"2016-05-03T11:05:11+00:00","dateModified":"2022-07-28T09:54:30+00:00","author":{"@id":"https:\/\/www.fileasbl.be\/membres\/#\/schema\/person\/603dde223e96764c2a7d9c35d264266d"},"description":"Jacques Ternest revient sur des moments cl\u00e9s de la FILE. Il rappelle les valeurs de la F\u00e9d\u00e9ration et son importance dans une soci\u00e9t\u00e9 inclusive.","breadcrumb":{"@id":"https:\/\/www.fileasbl.be\/membres\/discours-de-jacques-ternest-le-17-decembre-2015\/#breadcrumb"},"inLanguage":"fr-FR","potentialAction":[{"@type":"ReadAction","target":["https:\/\/www.fileasbl.be\/membres\/discours-de-jacques-ternest-le-17-decembre-2015\/"]}]},{"@type":"BreadcrumbList","@id":"https:\/\/www.fileasbl.be\/membres\/discours-de-jacques-ternest-le-17-decembre-2015\/#breadcrumb","itemListElement":[{"@type":"ListItem","position":1,"name":"Accueil","item":"https:\/\/www.fileasbl.be\/membres\/"},{"@type":"ListItem","position":2,"name":"Discours de Jacques Ternest le 17 d\u00e9cembre 2015"}]},{"@type":"WebSite","@id":"https:\/\/www.fileasbl.be\/membres\/#website","url":"https:\/\/www.fileasbl.be\/membres\/","name":"Site de la FILE","description":"FILE Un accueil de qualit\u00e9 accessible \u00e0 tous","potentialAction":[{"@type":"SearchAction","target":{"@type":"EntryPoint","urlTemplate":"https:\/\/www.fileasbl.be\/membres\/?s={search_term_string}"},"query-input":{"@type":"PropertyValueSpecification","valueRequired":true,"valueName":"search_term_string"}}],"inLanguage":"fr-FR"},{"@type":"Person","@id":"https:\/\/www.fileasbl.be\/membres\/#\/schema\/person\/603dde223e96764c2a7d9c35d264266d","name":"sd@membresfile","url":"https:\/\/www.fileasbl.be\/membres\/author\/sdmembresfile\/"}]}},"builder_content":"<h3>Discours de Jacques Ternest<\/h3> Revivez ou d\u00e9couvrez le discours de Jacques Ternest prononc\u00e9 le 17\/12\/2015 lors de la matin\u00e9e de la FILE <a href=\"http:\/\/www.fileasbl.be\/membres\/?p=630\"> Le discours de Jacques <\/a>","_links":{"self":[{"href":"https:\/\/www.fileasbl.be\/membres\/wp-json\/wp\/v2\/posts\/741","targetHints":{"allow":["GET"]}}],"collection":[{"href":"https:\/\/www.fileasbl.be\/membres\/wp-json\/wp\/v2\/posts"}],"about":[{"href":"https:\/\/www.fileasbl.be\/membres\/wp-json\/wp\/v2\/types\/post"}],"author":[{"embeddable":true,"href":"https:\/\/www.fileasbl.be\/membres\/wp-json\/wp\/v2\/users\/1"}],"replies":[{"embeddable":true,"href":"https:\/\/www.fileasbl.be\/membres\/wp-json\/wp\/v2\/comments?post=741"}],"version-history":[{"count":0,"href":"https:\/\/www.fileasbl.be\/membres\/wp-json\/wp\/v2\/posts\/741\/revisions"}],"wp:attachment":[{"href":"https:\/\/www.fileasbl.be\/membres\/wp-json\/wp\/v2\/media?parent=741"}],"wp:term":[{"taxonomy":"category","embeddable":true,"href":"https:\/\/www.fileasbl.be\/membres\/wp-json\/wp\/v2\/categories?post=741"},{"taxonomy":"post_tag","embeddable":true,"href":"https:\/\/www.fileasbl.be\/membres\/wp-json\/wp\/v2\/tags?post=741"}],"curies":[{"name":"wp","href":"https:\/\/api.w.org\/{rel}","templated":true}]}}