{"id":9308,"date":"2020-01-30T15:36:40","date_gmt":"2020-01-30T14:36:40","guid":{"rendered":"http:\/\/www.fileasbl.be\/membres\/?p=9308"},"modified":"2020-05-15T16:00:45","modified_gmt":"2020-05-15T15:00:45","slug":"formations-employeurs-2020","status":"publish","type":"post","link":"https:\/\/www.fileasbl.be\/membres\/formations-employeurs-2020\/","title":{"rendered":"Les Formations Directions 2020"},"content":{"rendered":"<!--themify_builder_content-->\n<div id=\"themify_builder_content-9308\" data-postid=\"9308\" class=\"themify_builder_content themify_builder_content-9308 themify_builder tf_clear\">\n    \t<!-- module_row -->\n\t<div  data-lazy=\"1\" class=\"module_row themify_builder_row tb_p04q744 tb_first tf_clearfix\">\n\t    \t\t<div class=\"row_inner col_align_top col-count-1 tf_box tf_w tf_rel\">\n\t\t\t<div  data-lazy=\"1\" class=\"module_column tb-column col-full first tb_n3qx745 tf_box\">\n\t\t\t    \t        <div class=\"tb-column-inner tf_box tf_w\">\n\t\t    <!-- module image -->\n<div  class=\"module module-image tb_sfdc743   image-top auto_fullwidth tf_mw\" data-lazy=\"1\">\n        <div class=\"image-wrap tf_rel tf_mw\">\n\t\t    <img loading=\"lazy\" decoding=\"async\" src=\"http:\/\/www.fileasbl.be\/membres\/wp-content\/uploads\/2020\/01\/2020-Site-article-800x200-Formations-2020.jpg\" width=\"1067\" height=\"267\" title=\"Les Formations Directions 2020\" alt=\"Les Formations Directions 2020\">\t\n\t\t<\/div>\n\t<!-- \/image-wrap -->\n    \n    \t<\/div>\n<!-- \/module image --><!-- module text -->\n<div  class=\"module module-text tb_fxj0631   \" data-lazy=\"1\">\n        <div  class=\"tb_text_wrap\">\n    <h2><span style=\"color: #ff6600;\"><strong>&#8212;\u00a0 Les formations Directions de la FILE 2020 sont programm\u00e9es !\u00a0 &#8212;<\/strong><\/span><\/h2>    <\/div>\n<\/div>\n<!-- \/module text --><!-- module text -->\n<div  class=\"module module-text tb_2vmc627   \" data-lazy=\"1\">\n        <div  class=\"tb_text_wrap\">\n    <p>\u00a0<\/p>\n<hr \/>\n<h2 style=\"text-align: left;\"><span style=\"color: #333399;\"><strong>1. Le temps de travail :<\/strong><\/span><\/h2>\n<p>\u00a0<\/p>\n<ul>\n<li>Deux travailleurs souhaitent prendre cong\u00e9 le m\u00eame jour,<\/li>\n<li>Deux animateurs souhaitent \u00e9changer leur horaire,<\/li>\n<li>&#8230;<\/li>\n<\/ul>\n<p><strong>Qui est responsable de la cr\u00e9ation et du respect des horaires ? Y a-t-il des zones de libert\u00e9 pour les travailleurs ?<\/strong><\/p>\n<ul>\n<li>Des parents sont en retard, l\u2019animateur doit les attendre avant de partir,<\/li>\n<li>Une animatrice d\u00e9marre une heure plus t\u00f4t pour se rendre \u00e0 une formation,<\/li>\n<li>Comment g\u00e9rer les modifications d\u2019horaires ?<\/li>\n<li>&#8230;<\/li>\n<\/ul>\n<p>Une formation en deux dates : 21\/4\/2020<strong> et <\/strong>07\/5\/2020<\/p>\n<p>O\u00f9 :<\/p>\n<ul>\n<li>21 avril (mardi) :\u00a0<strong>Ch\u00e2teau d\u2019Oupeye<\/strong>\u00a0(<strong>rue du Roi Albert 127 \u00e0 Oupeye<\/strong>)<\/li>\n<li>7 \u00a0mai (jeudi) : Salle polyvalente des ateliers (<strong>rue du Roi Albert 50 \u00e0 Oupeye<\/strong>)<\/li>\n<\/ul>\n<p><a href=\"http:\/\/www.fileasbl.be\/membres\/produit\/le-temps-de-travail-21-4-et-7-5-2020\/\">Descriptif et inscriptions<\/a><\/p>\n<p>\u00a0<\/p>\n<hr \/>\n<h2 style=\"text-align: left;\"><span style=\"color: #333399;\"><strong>2. Les diff\u00e9rentes sortes de cong\u00e9s :<\/strong><\/span><\/h2>\n<p>Parmi les causes de suspension du contrat de travail que l\u2019on qualifie, parfois inad\u00e9quatement, de \u00ab\u00a0cong\u00e9s\u00a0\u00bb, l\u2019on peut \u00e9num\u00e9rer\u00a0:<\/p>\n<ul>\n<li>Les vacances l\u00e9gales, les vacances sectorielles, les vacances propres \u00e0 l\u2019institution\u00a0;<\/li>\n<li>Les jours f\u00e9ri\u00e9s\u00a0;<\/li>\n<li>Les jours de circonstance ou \u00ab\u00a0petits ch\u00f4mages\u00a0\u00bb\u00a0;<\/li>\n<li>Les cr\u00e9dit temps et les cong\u00e9s th\u00e9matiques\u00a0;<\/li>\n<li>Les raisons imp\u00e9rieuses\u00a0;<\/li>\n<li>Les cong\u00e9s sans solde\u00a0;<\/li>\n<li>L\u2019\u00e9cartement, le repos de maternit\u00e9, le cong\u00e9 d\u2019allaitement, les pauses d\u2019allaitement.<\/li>\n<li>&#8230;<\/li>\n<\/ul>\n<p>Une formation en deux dates : 22 <strong>et<\/strong> 29\/9\/2020<\/p>\n<p>O\u00f9 : Charleroi, Hainaut (\u00e0 d\u00e9terminer)<\/p>\n<p><a href=\"http:\/\/www.fileasbl.be\/membres\/produit\/les-differentes-sortes-de-conges\/\">Descriptif et inscriptions<\/a><\/p>\n<p>\u00a0<\/p>\n<hr \/>\n<h2 style=\"text-align: left;\"><span style=\"color: #333399;\"><strong>3. Le RGPD :<\/strong><\/span><\/h2>\n<p>Le RGPD constitue, dans les faits, une continuit\u00e9 de la protection des donn\u00e9es personnelles telle que pr\u00e9vue par la loi f\u00e9d\u00e9rale du 8 d\u00e9cembre 1992.<\/p>\n<p>La diff\u00e9rence avec l\u2019entr\u00e9e en vigueur du R\u00e8glement europ\u00e9en est la sanction administrative li\u00e9e au non respect de la protection des donn\u00e9es priv\u00e9es.<\/p>\n<p>Ce n\u2019est pas tant la mise en ordre administrative qui pose probl\u00e8mes aux institutions, mais bien l\u2019\u00e9ventuelle remise en question des pratiques et des modes de fonctionnement.<\/p>\n<p>\u00a0<\/p>\n<p>Une formation en une journ\u00e9e : <strong>22\/10\/2020<\/strong><\/p>\n<p>O\u00f9 : Wavre &#8211; Chauss\u00e9e de Louvain 9\u00a0 &#8211; 1300 Wavre (bureaux P&amp;V Assurances)<\/p>\n<p><a href=\"http:\/\/www.fileasbl.be\/membres\/produit\/formation-rgpd-22-10-2020\/\">Descriptif et inscriptions<\/a><\/p>\n<hr \/>\n<p><a href=\"http:\/\/www.fileasbl.be\/membres\/formations-de-la-file\/\">La page des formations<\/a><\/p>    <\/div>\n<\/div>\n<!-- \/module text -->\t        <\/div>\n\t    \t<\/div>\n\t\t    <\/div>\n\t    <!-- \/row_inner -->\n\t<\/div>\n\t<!-- \/module_row -->\n\t<\/div>\n<!--\/themify_builder_content-->","protected":false},"excerpt":{"rendered":"<p>Formations employeurs 2018-2019 de la FILE : r\u00e8glement de travail, bien-\u00eatre, temps de travail, contrat de travail&#8230;<\/p>\n","protected":false},"author":2,"featured_media":0,"comment_status":"open","ping_status":"open","sticky":false,"template":"","format":"standard","meta":{"footnotes":""},"categories":[241,235,288,231,232,306,278,314,299,236,238,233],"tags":[],"class_list":["post-9308","post","type-post","status-publish","format-standard","hentry","category-asbl","category-bien-etre-au-travail","category-conge-parental","category-conges","category-contrats-de-travail","category-formation-continue","category-qualification","category-jours-feries","category-notes-juridiques","category-reglement-travail","category-rgpd","category-temps-de-travail","has-post-title","has-post-date","has-post-category","has-post-tag","has-post-comment","has-post-author",""],"yoast_head":"<!-- This site is optimized with the Yoast SEO plugin v27.5 - https:\/\/yoast.com\/product\/yoast-seo-wordpress\/ -->\n<title>Les Formations Directions 2020 - Site de la FILE<\/title>\n<meta name=\"description\" content=\"La FILE propose 4 nouvelles formations cette ann\u00e9e pour les employeurs : Les asbl, Le temps de travail, les sortes de cong\u00e9s, le RGPD.\" \/>\n<meta name=\"robots\" content=\"index, follow, max-snippet:-1, max-image-preview:large, max-video-preview:-1\" \/>\n<link rel=\"canonical\" href=\"https:\/\/www.fileasbl.be\/membres\/formations-employeurs-2020\/\" \/>\n<meta property=\"og:locale\" content=\"fr_FR\" \/>\n<meta property=\"og:type\" content=\"article\" \/>\n<meta property=\"og:title\" content=\"Les Formations Directions 2020 - Site de la FILE\" \/>\n<meta property=\"og:description\" content=\"La FILE propose 4 nouvelles formations cette ann\u00e9e pour les employeurs : Les asbl, Le temps de travail, les sortes de cong\u00e9s, le RGPD.\" \/>\n<meta property=\"og:url\" content=\"https:\/\/www.fileasbl.be\/membres\/formations-employeurs-2020\/\" \/>\n<meta property=\"og:site_name\" content=\"Site de la FILE\" \/>\n<meta property=\"article:publisher\" content=\"https:\/\/www.facebook.com\/fileasbl\/\" \/>\n<meta property=\"article:published_time\" content=\"2020-01-30T14:36:40+00:00\" \/>\n<meta property=\"article:modified_time\" content=\"2020-05-15T15:00:45+00:00\" \/>\n<meta property=\"og:image\" content=\"https:\/\/www.fileasbl.be\/membres\/wp-content\/uploads\/2020\/01\/2020-Site-A-la-une-Formations-2020.jpg\" \/>\n\t<meta property=\"og:image:width\" content=\"1600\" \/>\n\t<meta property=\"og:image:height\" content=\"837\" \/>\n\t<meta property=\"og:image:type\" content=\"image\/jpeg\" \/>\n<meta name=\"author\" content=\"Contact FILE\" \/>\n<meta name=\"twitter:card\" content=\"summary_large_image\" \/>\n<meta name=\"twitter:label1\" content=\"\u00c9crit par\" \/>\n\t<meta name=\"twitter:data1\" content=\"Contact FILE\" \/>\n\t<meta name=\"twitter:label2\" content=\"Dur\u00e9e de lecture estim\u00e9e\" \/>\n\t<meta name=\"twitter:data2\" content=\"2 minutes\" \/>\n<script type=\"application\/ld+json\" class=\"yoast-schema-graph\">{\"@context\":\"https:\\\/\\\/schema.org\",\"@graph\":[{\"@type\":\"Article\",\"@id\":\"https:\\\/\\\/www.fileasbl.be\\\/membres\\\/formations-employeurs-2020\\\/#article\",\"isPartOf\":{\"@id\":\"https:\\\/\\\/www.fileasbl.be\\\/membres\\\/formations-employeurs-2020\\\/\"},\"author\":{\"name\":\"Contact FILE\",\"@id\":\"https:\\\/\\\/www.fileasbl.be\\\/membres\\\/#\\\/schema\\\/person\\\/5954a0c68c3a6f92f805465caa00d25f\"},\"headline\":\"Les Formations Directions 2020\",\"datePublished\":\"2020-01-30T14:36:40+00:00\",\"dateModified\":\"2020-05-15T15:00:45+00:00\",\"mainEntityOfPage\":{\"@id\":\"https:\\\/\\\/www.fileasbl.be\\\/membres\\\/formations-employeurs-2020\\\/\"},\"wordCount\":341,\"commentCount\":0,\"image\":{\"@id\":\"https:\\\/\\\/www.fileasbl.be\\\/membres\\\/formations-employeurs-2020\\\/#primaryimage\"},\"thumbnailUrl\":\"http:\\\/\\\/www.fileasbl.be\\\/membres\\\/wp-content\\\/uploads\\\/2020\\\/01\\\/2020-Site-article-800x200-Formations-2020.jpg\",\"articleSection\":[\"ASBL\",\"Bien \u00eatre au travail\",\"Cong\u00e9 parental\",\"Cong\u00e9s\",\"Contrats de travail\",\"Formation continue\",\"Formation juridique\",\"Jours f\u00e9ri\u00e9s\",\"Notes juridiques\",\"R\u00e8glement travail\",\"RGPD\",\"Temps de travail\"],\"inLanguage\":\"fr-FR\",\"potentialAction\":[{\"@type\":\"CommentAction\",\"name\":\"Comment\",\"target\":[\"https:\\\/\\\/www.fileasbl.be\\\/membres\\\/formations-employeurs-2020\\\/#respond\"]}]},{\"@type\":\"WebPage\",\"@id\":\"https:\\\/\\\/www.fileasbl.be\\\/membres\\\/formations-employeurs-2020\\\/\",\"url\":\"https:\\\/\\\/www.fileasbl.be\\\/membres\\\/formations-employeurs-2020\\\/\",\"name\":\"Les Formations Directions 2020 - Site de la FILE\",\"isPartOf\":{\"@id\":\"https:\\\/\\\/www.fileasbl.be\\\/membres\\\/#website\"},\"primaryImageOfPage\":{\"@id\":\"https:\\\/\\\/www.fileasbl.be\\\/membres\\\/formations-employeurs-2020\\\/#primaryimage\"},\"image\":{\"@id\":\"https:\\\/\\\/www.fileasbl.be\\\/membres\\\/formations-employeurs-2020\\\/#primaryimage\"},\"thumbnailUrl\":\"http:\\\/\\\/www.fileasbl.be\\\/membres\\\/wp-content\\\/uploads\\\/2020\\\/01\\\/2020-Site-article-800x200-Formations-2020.jpg\",\"datePublished\":\"2020-01-30T14:36:40+00:00\",\"dateModified\":\"2020-05-15T15:00:45+00:00\",\"author\":{\"@id\":\"https:\\\/\\\/www.fileasbl.be\\\/membres\\\/#\\\/schema\\\/person\\\/5954a0c68c3a6f92f805465caa00d25f\"},\"description\":\"La FILE propose 4 nouvelles formations cette ann\u00e9e pour les employeurs : Les asbl, Le temps de travail, les sortes de cong\u00e9s, le RGPD.\",\"breadcrumb\":{\"@id\":\"https:\\\/\\\/www.fileasbl.be\\\/membres\\\/formations-employeurs-2020\\\/#breadcrumb\"},\"inLanguage\":\"fr-FR\",\"potentialAction\":[{\"@type\":\"ReadAction\",\"target\":[\"https:\\\/\\\/www.fileasbl.be\\\/membres\\\/formations-employeurs-2020\\\/\"]}]},{\"@type\":\"ImageObject\",\"inLanguage\":\"fr-FR\",\"@id\":\"https:\\\/\\\/www.fileasbl.be\\\/membres\\\/formations-employeurs-2020\\\/#primaryimage\",\"url\":\"http:\\\/\\\/www.fileasbl.be\\\/membres\\\/wp-content\\\/uploads\\\/2020\\\/01\\\/2020-Site-article-800x200-Formations-2020.jpg\",\"contentUrl\":\"http:\\\/\\\/www.fileasbl.be\\\/membres\\\/wp-content\\\/uploads\\\/2020\\\/01\\\/2020-Site-article-800x200-Formations-2020.jpg\"},{\"@type\":\"BreadcrumbList\",\"@id\":\"https:\\\/\\\/www.fileasbl.be\\\/membres\\\/formations-employeurs-2020\\\/#breadcrumb\",\"itemListElement\":[{\"@type\":\"ListItem\",\"position\":1,\"name\":\"Accueil\",\"item\":\"https:\\\/\\\/www.fileasbl.be\\\/membres\\\/\"},{\"@type\":\"ListItem\",\"position\":2,\"name\":\"Les Formations Directions 2020\"}]},{\"@type\":\"WebSite\",\"@id\":\"https:\\\/\\\/www.fileasbl.be\\\/membres\\\/#website\",\"url\":\"https:\\\/\\\/www.fileasbl.be\\\/membres\\\/\",\"name\":\"Site de la FILE\",\"description\":\"FILE Un accueil de qualit\u00e9 accessible \u00e0 tous\",\"potentialAction\":[{\"@type\":\"SearchAction\",\"target\":{\"@type\":\"EntryPoint\",\"urlTemplate\":\"https:\\\/\\\/www.fileasbl.be\\\/membres\\\/?s={search_term_string}\"},\"query-input\":{\"@type\":\"PropertyValueSpecification\",\"valueRequired\":true,\"valueName\":\"search_term_string\"}}],\"inLanguage\":\"fr-FR\"},{\"@type\":\"Person\",\"@id\":\"https:\\\/\\\/www.fileasbl.be\\\/membres\\\/#\\\/schema\\\/person\\\/5954a0c68c3a6f92f805465caa00d25f\",\"name\":\"Contact FILE\",\"url\":\"https:\\\/\\\/www.fileasbl.be\\\/membres\\\/author\\\/contactfile\\\/\"}]}<\/script>\n<!-- \/ Yoast SEO plugin. -->","yoast_head_json":{"title":"Les Formations Directions 2020 - Site de la FILE","description":"La FILE propose 4 nouvelles formations cette ann\u00e9e pour les employeurs : Les asbl, Le temps de travail, les sortes de cong\u00e9s, le RGPD.","robots":{"index":"index","follow":"follow","max-snippet":"max-snippet:-1","max-image-preview":"max-image-preview:large","max-video-preview":"max-video-preview:-1"},"canonical":"https:\/\/www.fileasbl.be\/membres\/formations-employeurs-2020\/","og_locale":"fr_FR","og_type":"article","og_title":"Les Formations Directions 2020 - Site de la FILE","og_description":"La FILE propose 4 nouvelles formations cette ann\u00e9e pour les employeurs : Les asbl, Le temps de travail, les sortes de cong\u00e9s, le RGPD.","og_url":"https:\/\/www.fileasbl.be\/membres\/formations-employeurs-2020\/","og_site_name":"Site de la FILE","article_publisher":"https:\/\/www.facebook.com\/fileasbl\/","article_published_time":"2020-01-30T14:36:40+00:00","article_modified_time":"2020-05-15T15:00:45+00:00","og_image":[{"width":1600,"height":837,"url":"https:\/\/www.fileasbl.be\/membres\/wp-content\/uploads\/2020\/01\/2020-Site-A-la-une-Formations-2020.jpg","type":"image\/jpeg"}],"author":"Contact FILE","twitter_card":"summary_large_image","twitter_misc":{"\u00c9crit par":"Contact FILE","Dur\u00e9e de lecture estim\u00e9e":"2 minutes"},"schema":{"@context":"https:\/\/schema.org","@graph":[{"@type":"Article","@id":"https:\/\/www.fileasbl.be\/membres\/formations-employeurs-2020\/#article","isPartOf":{"@id":"https:\/\/www.fileasbl.be\/membres\/formations-employeurs-2020\/"},"author":{"name":"Contact FILE","@id":"https:\/\/www.fileasbl.be\/membres\/#\/schema\/person\/5954a0c68c3a6f92f805465caa00d25f"},"headline":"Les Formations Directions 2020","datePublished":"2020-01-30T14:36:40+00:00","dateModified":"2020-05-15T15:00:45+00:00","mainEntityOfPage":{"@id":"https:\/\/www.fileasbl.be\/membres\/formations-employeurs-2020\/"},"wordCount":341,"commentCount":0,"image":{"@id":"https:\/\/www.fileasbl.be\/membres\/formations-employeurs-2020\/#primaryimage"},"thumbnailUrl":"http:\/\/www.fileasbl.be\/membres\/wp-content\/uploads\/2020\/01\/2020-Site-article-800x200-Formations-2020.jpg","articleSection":["ASBL","Bien \u00eatre au travail","Cong\u00e9 parental","Cong\u00e9s","Contrats de travail","Formation continue","Formation juridique","Jours f\u00e9ri\u00e9s","Notes juridiques","R\u00e8glement travail","RGPD","Temps de travail"],"inLanguage":"fr-FR","potentialAction":[{"@type":"CommentAction","name":"Comment","target":["https:\/\/www.fileasbl.be\/membres\/formations-employeurs-2020\/#respond"]}]},{"@type":"WebPage","@id":"https:\/\/www.fileasbl.be\/membres\/formations-employeurs-2020\/","url":"https:\/\/www.fileasbl.be\/membres\/formations-employeurs-2020\/","name":"Les Formations Directions 2020 - Site de la FILE","isPartOf":{"@id":"https:\/\/www.fileasbl.be\/membres\/#website"},"primaryImageOfPage":{"@id":"https:\/\/www.fileasbl.be\/membres\/formations-employeurs-2020\/#primaryimage"},"image":{"@id":"https:\/\/www.fileasbl.be\/membres\/formations-employeurs-2020\/#primaryimage"},"thumbnailUrl":"http:\/\/www.fileasbl.be\/membres\/wp-content\/uploads\/2020\/01\/2020-Site-article-800x200-Formations-2020.jpg","datePublished":"2020-01-30T14:36:40+00:00","dateModified":"2020-05-15T15:00:45+00:00","author":{"@id":"https:\/\/www.fileasbl.be\/membres\/#\/schema\/person\/5954a0c68c3a6f92f805465caa00d25f"},"description":"La FILE propose 4 nouvelles formations cette ann\u00e9e pour les employeurs : Les asbl, Le temps de travail, les sortes de cong\u00e9s, le RGPD.","breadcrumb":{"@id":"https:\/\/www.fileasbl.be\/membres\/formations-employeurs-2020\/#breadcrumb"},"inLanguage":"fr-FR","potentialAction":[{"@type":"ReadAction","target":["https:\/\/www.fileasbl.be\/membres\/formations-employeurs-2020\/"]}]},{"@type":"ImageObject","inLanguage":"fr-FR","@id":"https:\/\/www.fileasbl.be\/membres\/formations-employeurs-2020\/#primaryimage","url":"http:\/\/www.fileasbl.be\/membres\/wp-content\/uploads\/2020\/01\/2020-Site-article-800x200-Formations-2020.jpg","contentUrl":"http:\/\/www.fileasbl.be\/membres\/wp-content\/uploads\/2020\/01\/2020-Site-article-800x200-Formations-2020.jpg"},{"@type":"BreadcrumbList","@id":"https:\/\/www.fileasbl.be\/membres\/formations-employeurs-2020\/#breadcrumb","itemListElement":[{"@type":"ListItem","position":1,"name":"Accueil","item":"https:\/\/www.fileasbl.be\/membres\/"},{"@type":"ListItem","position":2,"name":"Les Formations Directions 2020"}]},{"@type":"WebSite","@id":"https:\/\/www.fileasbl.be\/membres\/#website","url":"https:\/\/www.fileasbl.be\/membres\/","name":"Site de la FILE","description":"FILE Un accueil de qualit\u00e9 accessible \u00e0 tous","potentialAction":[{"@type":"SearchAction","target":{"@type":"EntryPoint","urlTemplate":"https:\/\/www.fileasbl.be\/membres\/?s={search_term_string}"},"query-input":{"@type":"PropertyValueSpecification","valueRequired":true,"valueName":"search_term_string"}}],"inLanguage":"fr-FR"},{"@type":"Person","@id":"https:\/\/www.fileasbl.be\/membres\/#\/schema\/person\/5954a0c68c3a6f92f805465caa00d25f","name":"Contact FILE","url":"https:\/\/www.fileasbl.be\/membres\/author\/contactfile\/"}]}},"builder_content":"<img src=\"http:\/\/www.fileasbl.be\/membres\/wp-content\/uploads\/2020\/01\/2020-Site-article-800x200-Formations-2020.jpg\" width=\"1067\" height=\"267\" title=\"Les Formations Directions 2020\" alt=\"Les Formations Directions 2020\">\n<h2><strong>--\u00a0 Les formations Directions de la FILE 2020 sont programm\u00e9es !\u00a0 --<\/strong><\/h2>\n<p>\u00a0<\/p> <hr \/> <h2 style=\"text-align: left;\"><strong>1. Le temps de travail :<\/strong><\/h2> <p>\u00a0<\/p> <ul> <li>Deux travailleurs souhaitent prendre cong\u00e9 le m\u00eame jour,<\/li> <li>Deux animateurs souhaitent \u00e9changer leur horaire,<\/li> <li>...<\/li> <\/ul> <p><strong>Qui est responsable de la cr\u00e9ation et du respect des horaires ? Y a-t-il des zones de libert\u00e9 pour les travailleurs ?<\/strong><\/p> <ul> <li>Des parents sont en retard, l\u2019animateur doit les attendre avant de partir,<\/li> <li>Une animatrice d\u00e9marre une heure plus t\u00f4t pour se rendre \u00e0 une formation,<\/li> <li>Comment g\u00e9rer les modifications d\u2019horaires ?<\/li> <li>...<\/li> <\/ul> <p>Une formation en deux dates : 21\/4\/2020<strong> et <\/strong>07\/5\/2020<\/p> <p>O\u00f9 :<\/p> <ul> <li>21 avril (mardi) :\u00a0<strong>Ch\u00e2teau d\u2019Oupeye<\/strong>\u00a0(<strong>rue du Roi Albert 127 \u00e0 Oupeye<\/strong>)<\/li> <li>7 \u00a0mai (jeudi) : Salle polyvalente des ateliers (<strong>rue du Roi Albert 50 \u00e0 Oupeye<\/strong>)<\/li> <\/ul> <p><a href=\"http:\/\/www.fileasbl.be\/membres\/produit\/le-temps-de-travail-21-4-et-7-5-2020\/\">Descriptif et inscriptions<\/a><\/p> <p>\u00a0<\/p> <hr \/> <h2 style=\"text-align: left;\"><strong>2. Les diff\u00e9rentes sortes de cong\u00e9s :<\/strong><\/h2> <p>Parmi les causes de suspension du contrat de travail que l\u2019on qualifie, parfois inad\u00e9quatement, de \u00ab\u00a0cong\u00e9s\u00a0\u00bb, l\u2019on peut \u00e9num\u00e9rer\u00a0:<\/p> <ul> <li>Les vacances l\u00e9gales, les vacances sectorielles, les vacances propres \u00e0 l\u2019institution\u00a0;<\/li> <li>Les jours f\u00e9ri\u00e9s\u00a0;<\/li> <li>Les jours de circonstance ou \u00ab\u00a0petits ch\u00f4mages\u00a0\u00bb\u00a0;<\/li> <li>Les cr\u00e9dit temps et les cong\u00e9s th\u00e9matiques\u00a0;<\/li> <li>Les raisons imp\u00e9rieuses\u00a0;<\/li> <li>Les cong\u00e9s sans solde\u00a0;<\/li> <li>L\u2019\u00e9cartement, le repos de maternit\u00e9, le cong\u00e9 d\u2019allaitement, les pauses d\u2019allaitement.<\/li> <li>...<\/li> <\/ul> <p>Une formation en deux dates : 22 <strong>et<\/strong> 29\/9\/2020<\/p> <p>O\u00f9 : Charleroi, Hainaut (\u00e0 d\u00e9terminer)<\/p> <p><a href=\"http:\/\/www.fileasbl.be\/membres\/produit\/les-differentes-sortes-de-conges\/\">Descriptif et inscriptions<\/a><\/p> <p>\u00a0<\/p> <hr \/> <h2 style=\"text-align: left;\"><strong>3. Le RGPD :<\/strong><\/h2> <p>Le RGPD constitue, dans les faits, une continuit\u00e9 de la protection des donn\u00e9es personnelles telle que pr\u00e9vue par la loi f\u00e9d\u00e9rale du 8 d\u00e9cembre 1992.<\/p> <p>La diff\u00e9rence avec l\u2019entr\u00e9e en vigueur du R\u00e8glement europ\u00e9en est la sanction administrative li\u00e9e au non respect de la protection des donn\u00e9es priv\u00e9es.<\/p> <p>Ce n\u2019est pas tant la mise en ordre administrative qui pose probl\u00e8mes aux institutions, mais bien l\u2019\u00e9ventuelle remise en question des pratiques et des modes de fonctionnement.<\/p> <p>\u00a0<\/p> <p>Une formation en une journ\u00e9e : <strong>22\/10\/2020<\/strong><\/p> <p>O\u00f9 : Wavre - Chauss\u00e9e de Louvain 9\u00a0 - 1300 Wavre (bureaux P&amp;V Assurances)<\/p> <p><a href=\"http:\/\/www.fileasbl.be\/membres\/produit\/formation-rgpd-22-10-2020\/\">Descriptif et inscriptions<\/a><\/p> <hr \/> <p><a href=\"http:\/\/www.fileasbl.be\/membres\/formations-de-la-file\/\">La page des formations<\/a><\/p>","_links":{"self":[{"href":"https:\/\/www.fileasbl.be\/membres\/wp-json\/wp\/v2\/posts\/9308","targetHints":{"allow":["GET"]}}],"collection":[{"href":"https:\/\/www.fileasbl.be\/membres\/wp-json\/wp\/v2\/posts"}],"about":[{"href":"https:\/\/www.fileasbl.be\/membres\/wp-json\/wp\/v2\/types\/post"}],"author":[{"embeddable":true,"href":"https:\/\/www.fileasbl.be\/membres\/wp-json\/wp\/v2\/users\/2"}],"replies":[{"embeddable":true,"href":"https:\/\/www.fileasbl.be\/membres\/wp-json\/wp\/v2\/comments?post=9308"}],"version-history":[{"count":0,"href":"https:\/\/www.fileasbl.be\/membres\/wp-json\/wp\/v2\/posts\/9308\/revisions"}],"wp:attachment":[{"href":"https:\/\/www.fileasbl.be\/membres\/wp-json\/wp\/v2\/media?parent=9308"}],"wp:term":[{"taxonomy":"category","embeddable":true,"href":"https:\/\/www.fileasbl.be\/membres\/wp-json\/wp\/v2\/categories?post=9308"},{"taxonomy":"post_tag","embeddable":true,"href":"https:\/\/www.fileasbl.be\/membres\/wp-json\/wp\/v2\/tags?post=9308"}],"curies":[{"name":"wp","href":"https:\/\/api.w.org\/{rel}","templated":true}]}}