{"id":9863,"date":"2020-02-27T17:18:51","date_gmt":"2020-02-27T16:18:51","guid":{"rendered":"http:\/\/www.fileasbl.be\/membres\/?p=9863"},"modified":"2020-05-03T20:08:31","modified_gmt":"2020-05-03T19:08:31","slug":"reforme-milac-en-route-pour-la-premiere-vague-de-transformation","status":"publish","type":"post","link":"https:\/\/www.fileasbl.be\/membres\/reforme-milac-en-route-pour-la-premiere-vague-de-transformation\/","title":{"rendered":"R\u00e9forme MILAC : premi\u00e8re vague !"},"content":{"rendered":"<!--themify_builder_content-->\n<div id=\"themify_builder_content-9863\" data-postid=\"9863\" class=\"themify_builder_content themify_builder_content-9863 themify_builder tf_clear\">\n    \t<!-- module_row -->\n\t<div  data-lazy=\"1\" class=\"module_row themify_builder_row tb_wwip63 tb_first tf_clearfix\">\n\t    \t\t<div class=\"row_inner col_align_top col-count-1 tf_box tf_w tf_rel\">\n\t\t\t<div  data-lazy=\"1\" class=\"module_column tb-column col-full first tb_caob64 tf_box\">\n\t\t\t    \t        <div class=\"tb-column-inner tf_box tf_w\">\n\t\t    <!-- module image -->\n<div  class=\"module module-image tb_41xg953   image-top auto_fullwidth tf_mw\" data-lazy=\"1\">\n        <div class=\"image-wrap tf_rel tf_mw\">\n\t\t    <img decoding=\"async\" src=\"http:\/\/www.fileasbl.be\/membres\/wp-content\/uploads\/2020\/02\/2020-Site-article-800x200-Milac-Premiere-vague.jpg\" title=\"R\u00e9forme MILAC : premi\u00e8re vague !\" alt=\"R\u00e9forme MILAC : premi\u00e8re vague !\">\t\n\t\t<\/div>\n\t<!-- \/image-wrap -->\n    \n    \t<\/div>\n<!-- \/module image -->\t<div  data-lazy=\"1\" class=\"module_subrow themify_builder_sub_row tb_af73462 tf_w tf_clearfix\">\n\t    \t\t<div class=\"subrow_inner col_align_top col-count-2 tf_box tf_w\">\n\t\t\t<div  style=\"width: 63.8%\" data-lazy=\"1\" class=\"sub_column module_column tf_box col2-1 first tb_2gty464\"> \n\t    \t    \t        <div class=\"tb-column-inner tf_box tf_w\">\n\t\t    <!-- module text -->\n<div  class=\"module module-text tb_2sbh679   \" data-lazy=\"1\">\n        <div  class=\"tb_text_wrap\">\n    <h3><span style=\"color: #333399;\"><strong>La premi\u00e8re vague de transformation 2020-2022 est lanc\u00e9e.<\/strong><\/span><\/h3>\n<p>\u00a0<\/p>\n<p>Elle concerne\u00a0:<\/p>\n<ul>\n<li>Les services d\u2019accueillant(e)s d\u2019enfants conventionn\u00e9(e)s (avec ou sans lien avec une cr\u00e8che\/MCAE) qui souhaitent transformer un\/des co-accueil(s) en cr\u00e8che de niveau 2\u00a0;<\/li>\n<li>Les cr\u00e8ches\u00a0;<\/li>\n<li>Les MCAE, pr\u00e9gardiennat, cr\u00e8ches parentales, milieux d\u2019accueil fonds de solidarit\u00e9 2\u00a0;<\/li>\n<li>Les maisons d\u2019enfants et haltes accueil disposant d\u2019un subside ex. FESC (urgence\/flexible), ex FSE et\/ou halte accueil ou disposant d\u2019assez d\u2019APE\/ACS\u00a0qui souhaitent se transformer en cr\u00e8che de niveau 2 ou 3.<\/li>\n<\/ul>\n<p><strong>Au niveau autorisation<\/strong>, cette vague de transformation vise \u00e0\u00a0:<\/p>\n<ul>\n<li>Pour les cr\u00e8ches : ouvrir la possibilit\u00e9 d\u2019augmenter la capacit\u00e9 jusqu\u2019\u00e0 la tranche de 7 places sup\u00e9rieure ;<\/li>\n<li>Pour les autres milieux d\u2019accueil concern\u00e9s\u00a0:<\/li>\n<\/ul>\n<ol>\n<li style=\"list-style-type: none;\">\n<ol>\n<li>Remplacer leurs autorisations par des autorisations CRECHES-anciennes normes ;<\/li>\n<li>Ouvrir la possibilit\u00e9 d\u2019augmenter la capacit\u00e9 jusqu\u2019\u00e0 la tranche de 7 places sup\u00e9rieure.\u00a0<\/li>\n<\/ol>\n<\/li>\n<\/ol>\n<p><strong>Au niveau subventionnement<\/strong>, l\u2019entr\u00e9e dans le processus de transformation vous permettra de b\u00e9n\u00e9ficier d\u00e8s cette ann\u00e9e du syst\u00e8me de financement progressif mis en \u0153uvre par la r\u00e9forme sur la p\u00e9riode 2020-2025.<\/p>\n<p>Pour rappel, cette subvention couvre des frais de personnel et non des frais de fonctionnement.<\/p>\n<p>Pour 2020, une premi\u00e8re tranche de financement est lib\u00e9r\u00e9e \u00e0 concurrence de 250 euros par place, dont l\u2019utilisation est \u00e0 justifier en frais de personnel.<\/p>    <\/div>\n<\/div>\n<!-- \/module text -->\t        <\/div>\n\t    \t<\/div>\n\t\t<div  style=\"width: 33%\" data-lazy=\"1\" class=\"sub_column module_column tf_box col2-1 last tb_u7mb467\" > \n\t    \t    \t        <div class=\"tb-column-inner tf_box tf_w\">\n\t\t    <!-- module text -->\n<div  class=\"module module-text tb_osgl288   \" data-lazy=\"1\">\n        <div  class=\"tb_text_wrap\">\n    <h2>\u00a0 \u00a0 Personnes de contact \u00e0 la FILE<\/h2>\n<p>\u00a0 \u00a0 \u00a0<strong>Isaline De Plaen<\/strong>, Assistante juridique<\/p>\n<p>\u00a0 \u00a0 \u00a0<strong>C\u00e9cile Van Honst\u00e9<\/strong>, Directrice<\/p>\n<p style=\"padding-left: 40px;\">contact(at)fileasbl.be<\/p>    <\/div>\n<\/div>\n<!-- \/module text --><!-- module text -->\n<div  class=\"module module-text tb_3jkp823   \" data-lazy=\"1\">\n        <div  class=\"tb_text_wrap\">\n    <h2 style=\"padding-left: 40px; text-align: center;\">Documents utiles<\/h2>\n<p>\u00a0<\/p>\n<ul>\n<li><a href=\"https:\/\/www.one.be\/professionnel\/milieux-daccueil\/accueil-en-transition\/transformation\/\">La page \u00ab transformation \u00bb du site de l&rsquo;ONE<\/a><\/li>\n<li><a href=\"http:\/\/www.fileasbl.be\/membres\/wp-content\/uploads\/2019\/12\/2019-12-12-Position-politique-FILE-r\u00e9forme-Milac.pdf\" target=\"_blank\" rel=\"noopener\">Position de la FILE sur la r\u00e9forme<\/a><\/li>\n<\/ul>    <\/div>\n<\/div>\n<!-- \/module text -->\t        <\/div>\n\t    \t<\/div>\n\t\t    <\/div>\n\t<\/div><!-- \/themify_builder_sub_row -->\n\t<!-- module text -->\n<div  class=\"module module-text tb_dyu1549   \" data-lazy=\"1\">\n        <div  class=\"tb_text_wrap\">\n    <p><span style=\"color: #333399;\">!! Pour les milieux d\u2019accueil qui b\u00e9n\u00e9ficient d\u2019un subside ex-fesc, ex-fse, ex-halte accueil, ayez \u00e0 l\u2019esprit qu\u2019en int\u00e9grant le processus de transformation d\u00e8s 2020, vos subsides seront transform\u00e9s en subsides r\u00e9forme, c\u2019est-\u00e0-dire en frais de personnel exclusivement. Il serait donc int\u00e9ressant de v\u00e9rifier si un passage en mod\u00e8le r\u00e9forme d\u00e8s \u00e0 pr\u00e9sent est avantageux ou s\u2019il est pr\u00e9f\u00e9rable de maintenir vos subsides actuels et d\u2019attendre le 31 d\u00e9cembre 2022 (date butoir pour que l\u2019ONE d\u00e9livre les nouvelles autorisations).<\/span><\/p>    <\/div>\n<\/div>\n<!-- \/module text --><!-- module text -->\n<div  class=\"module module-text tb_4rq1268   \" data-lazy=\"1\">\n        <div  class=\"tb_text_wrap\">\n    <p>Si vous souhaitez entrer dans le processus de transformation, et \u00e9ventuellement augmenter le nombre de places, une d\u00e9claration d\u2019intention est \u00e0 renvoyer \u00e0 l\u2019ONE (Administration Centrale-D\u00e9partement Accueil Direction Appui et Conseil) <strong><u>pour le 30 avril 2020 au plus tard<\/u><\/strong>.<\/p>\n<p>Les formulaires de d\u00e9claration d\u2019intention sont disponibles sur la page \u00ab\u00a0<a href=\"https:\/\/www.one.be\/professionnel\/milieux-daccueil\/accueil-en-transition\/transformation\/\" target=\"_blank\" rel=\"noopener\">transformation<\/a>\u00a0\u00bb du site ONE.<\/p>\n<p>Vous trouverez \u00e9galement sur cette page\u00a0:<\/p>\n<ul>\n<li>Un <a href=\"https:\/\/www.one.be\/fileadmin\/user_upload\/siteone\/PRO\/Milieux_accueil\/Reforme\/Formations-initiales-CRECHE-SUBSIDE-ACCESSIBILITE.pdf\" target=\"_blank\" rel=\"noopener\">r\u00e9capitulatif des qualifications reconnues<\/a> pour les cr\u00e8ches de niveau 2 et 3 ;<\/li>\n<li>Des guides pratiques de transformation par type de structure :\n<ul>\n<li>Le <a href=\"https:\/\/www.one.be\/fileadmin\/user_upload\/siteone\/PRO\/Milieux_accueil\/Reforme\/Guide-creche.pdf\" target=\"_blank\" rel=\"noopener\">guide \u00ab cr\u00e8che \u00bb<\/a><\/li>\n<li>Le <a href=\"https:\/\/www.one.be\/fileadmin\/user_upload\/siteone\/PRO\/Milieux_accueil\/Reforme\/Guide-Co-accueil.pdf\" target=\"_blank\" rel=\"noopener\">guide \u00ab co-accueil \u00bb<\/a><\/li>\n<li>Les <a href=\"https:\/\/www.one.be\/fileadmin\/user_upload\/siteone\/PRO\/Milieux_accueil\/Reforme\/Guide-MCAE.pdf\" target=\"_blank\" rel=\"noopener\">guides \u00ab MCAE \u00bb, \u00ab pr\u00e9gardiennat \u00bb, \u00ab cr\u00e8che parentale \u00bb, \u00ab fonds de solidarit\u00e9 2 \u00bb<\/a><\/li>\n<li>Les <a href=\"https:\/\/www.one.be\/fileadmin\/user_upload\/siteone\/PRO\/Milieux_accueil\/Reforme\/Guide-Halte-accueil.pdf\" target=\"_blank\" rel=\"noopener\">guides \u00ab Halte d\u2019accueil \u00bb et \u00ab maisons d\u2019enfants \u00bb<\/a><\/li>\n<\/ul>\n<\/li>\n<\/ul>    <\/div>\n<\/div>\n<!-- \/module text -->\t        <\/div>\n\t    \t<\/div>\n\t\t    <\/div>\n\t    <!-- \/row_inner -->\n\t<\/div>\n\t<!-- \/module_row -->\n\t<\/div>\n<!--\/themify_builder_content-->","protected":false},"excerpt":{"rendered":"<p>R\u00e9forme maintenue<\/p>\n","protected":false},"author":2,"featured_media":0,"comment_status":"open","ping_status":"open","sticky":false,"template":"","format":"standard","meta":{"footnotes":""},"categories":[10,246,299,301,302,9],"tags":[],"class_list":["post-9863","post","type-post","status-publish","format-standard","hentry","category-fesc","category-milac","category-notes-juridiques","category-notes-politiques","category-reforme-milac","category-statut-des-accueillantes","has-post-title","has-post-date","has-post-category","has-post-tag","has-post-comment","has-post-author",""],"yoast_head":"<!-- This site is optimized with the Yoast SEO plugin v27.5 - https:\/\/yoast.com\/product\/yoast-seo-wordpress\/ -->\n<title>R\u00e9forme MILAC : premi\u00e8re vague ! - Site de la FILE<\/title>\n<meta name=\"description\" content=\"Bonne nouvelle pour les milieux d&#039;accueil de la petite enfance : la r\u00e9forme est maintenue !\" \/>\n<meta name=\"robots\" content=\"index, follow, max-snippet:-1, max-image-preview:large, max-video-preview:-1\" \/>\n<link rel=\"canonical\" href=\"https:\/\/www.fileasbl.be\/membres\/reforme-milac-en-route-pour-la-premiere-vague-de-transformation\/\" \/>\n<meta property=\"og:locale\" content=\"fr_FR\" \/>\n<meta property=\"og:type\" content=\"article\" \/>\n<meta property=\"og:title\" content=\"R\u00e9forme MILAC : premi\u00e8re vague ! - Site de la FILE\" \/>\n<meta property=\"og:description\" content=\"Bonne nouvelle pour les milieux d&#039;accueil de la petite enfance : la r\u00e9forme est maintenue !\" \/>\n<meta property=\"og:url\" content=\"https:\/\/www.fileasbl.be\/membres\/reforme-milac-en-route-pour-la-premiere-vague-de-transformation\/\" \/>\n<meta property=\"og:site_name\" content=\"Site de la FILE\" \/>\n<meta property=\"article:publisher\" content=\"https:\/\/www.facebook.com\/fileasbl\/\" \/>\n<meta property=\"article:published_time\" content=\"2020-02-27T16:18:51+00:00\" \/>\n<meta property=\"article:modified_time\" content=\"2020-05-03T19:08:31+00:00\" \/>\n<meta property=\"og:image\" content=\"https:\/\/www.fileasbl.be\/membres\/wp-content\/uploads\/2020\/02\/2020-Site-A-la-une-Milac-Premiere-Vague-1024x536.jpg\" \/>\n\t<meta property=\"og:image:width\" content=\"1024\" \/>\n\t<meta property=\"og:image:height\" content=\"536\" \/>\n\t<meta property=\"og:image:type\" content=\"image\/jpeg\" \/>\n<meta name=\"author\" content=\"Contact FILE\" \/>\n<meta name=\"twitter:card\" content=\"summary_large_image\" \/>\n<meta name=\"twitter:label1\" content=\"\u00c9crit par\" \/>\n\t<meta name=\"twitter:data1\" content=\"Contact FILE\" \/>\n\t<meta name=\"twitter:label2\" content=\"Dur\u00e9e de lecture estim\u00e9e\" \/>\n\t<meta name=\"twitter:data2\" content=\"2 minutes\" \/>\n<script type=\"application\/ld+json\" class=\"yoast-schema-graph\">{\"@context\":\"https:\\\/\\\/schema.org\",\"@graph\":[{\"@type\":\"Article\",\"@id\":\"https:\\\/\\\/www.fileasbl.be\\\/membres\\\/reforme-milac-en-route-pour-la-premiere-vague-de-transformation\\\/#article\",\"isPartOf\":{\"@id\":\"https:\\\/\\\/www.fileasbl.be\\\/membres\\\/reforme-milac-en-route-pour-la-premiere-vague-de-transformation\\\/\"},\"author\":{\"name\":\"Contact FILE\",\"@id\":\"https:\\\/\\\/www.fileasbl.be\\\/membres\\\/#\\\/schema\\\/person\\\/5954a0c68c3a6f92f805465caa00d25f\"},\"headline\":\"R\u00e9forme MILAC : premi\u00e8re vague !\",\"datePublished\":\"2020-02-27T16:18:51+00:00\",\"dateModified\":\"2020-05-03T19:08:31+00:00\",\"mainEntityOfPage\":{\"@id\":\"https:\\\/\\\/www.fileasbl.be\\\/membres\\\/reforme-milac-en-route-pour-la-premiere-vague-de-transformation\\\/\"},\"wordCount\":484,\"commentCount\":0,\"image\":{\"@id\":\"https:\\\/\\\/www.fileasbl.be\\\/membres\\\/reforme-milac-en-route-pour-la-premiere-vague-de-transformation\\\/#primaryimage\"},\"thumbnailUrl\":\"http:\\\/\\\/www.fileasbl.be\\\/membres\\\/wp-content\\\/uploads\\\/2020\\\/02\\\/2020-Site-article-800x200-Milac-Premiere-vague.jpg\",\"articleSection\":[\"FESC\",\"Milieu d'accueil 0-3 ans\",\"Notes juridiques\",\"Notes politiques\",\"R\u00e9forme MILAC\",\"Statut des accueillantes\"],\"inLanguage\":\"fr-FR\",\"potentialAction\":[{\"@type\":\"CommentAction\",\"name\":\"Comment\",\"target\":[\"https:\\\/\\\/www.fileasbl.be\\\/membres\\\/reforme-milac-en-route-pour-la-premiere-vague-de-transformation\\\/#respond\"]}]},{\"@type\":\"WebPage\",\"@id\":\"https:\\\/\\\/www.fileasbl.be\\\/membres\\\/reforme-milac-en-route-pour-la-premiere-vague-de-transformation\\\/\",\"url\":\"https:\\\/\\\/www.fileasbl.be\\\/membres\\\/reforme-milac-en-route-pour-la-premiere-vague-de-transformation\\\/\",\"name\":\"R\u00e9forme MILAC : premi\u00e8re vague ! - Site de la FILE\",\"isPartOf\":{\"@id\":\"https:\\\/\\\/www.fileasbl.be\\\/membres\\\/#website\"},\"primaryImageOfPage\":{\"@id\":\"https:\\\/\\\/www.fileasbl.be\\\/membres\\\/reforme-milac-en-route-pour-la-premiere-vague-de-transformation\\\/#primaryimage\"},\"image\":{\"@id\":\"https:\\\/\\\/www.fileasbl.be\\\/membres\\\/reforme-milac-en-route-pour-la-premiere-vague-de-transformation\\\/#primaryimage\"},\"thumbnailUrl\":\"http:\\\/\\\/www.fileasbl.be\\\/membres\\\/wp-content\\\/uploads\\\/2020\\\/02\\\/2020-Site-article-800x200-Milac-Premiere-vague.jpg\",\"datePublished\":\"2020-02-27T16:18:51+00:00\",\"dateModified\":\"2020-05-03T19:08:31+00:00\",\"author\":{\"@id\":\"https:\\\/\\\/www.fileasbl.be\\\/membres\\\/#\\\/schema\\\/person\\\/5954a0c68c3a6f92f805465caa00d25f\"},\"description\":\"Bonne nouvelle pour les milieux d'accueil de la petite enfance : la r\u00e9forme est maintenue !\",\"breadcrumb\":{\"@id\":\"https:\\\/\\\/www.fileasbl.be\\\/membres\\\/reforme-milac-en-route-pour-la-premiere-vague-de-transformation\\\/#breadcrumb\"},\"inLanguage\":\"fr-FR\",\"potentialAction\":[{\"@type\":\"ReadAction\",\"target\":[\"https:\\\/\\\/www.fileasbl.be\\\/membres\\\/reforme-milac-en-route-pour-la-premiere-vague-de-transformation\\\/\"]}]},{\"@type\":\"ImageObject\",\"inLanguage\":\"fr-FR\",\"@id\":\"https:\\\/\\\/www.fileasbl.be\\\/membres\\\/reforme-milac-en-route-pour-la-premiere-vague-de-transformation\\\/#primaryimage\",\"url\":\"http:\\\/\\\/www.fileasbl.be\\\/membres\\\/wp-content\\\/uploads\\\/2020\\\/02\\\/2020-Site-article-800x200-Milac-Premiere-vague.jpg\",\"contentUrl\":\"http:\\\/\\\/www.fileasbl.be\\\/membres\\\/wp-content\\\/uploads\\\/2020\\\/02\\\/2020-Site-article-800x200-Milac-Premiere-vague.jpg\"},{\"@type\":\"BreadcrumbList\",\"@id\":\"https:\\\/\\\/www.fileasbl.be\\\/membres\\\/reforme-milac-en-route-pour-la-premiere-vague-de-transformation\\\/#breadcrumb\",\"itemListElement\":[{\"@type\":\"ListItem\",\"position\":1,\"name\":\"Accueil\",\"item\":\"https:\\\/\\\/www.fileasbl.be\\\/membres\\\/\"},{\"@type\":\"ListItem\",\"position\":2,\"name\":\"R\u00e9forme MILAC : premi\u00e8re vague !\"}]},{\"@type\":\"WebSite\",\"@id\":\"https:\\\/\\\/www.fileasbl.be\\\/membres\\\/#website\",\"url\":\"https:\\\/\\\/www.fileasbl.be\\\/membres\\\/\",\"name\":\"Site de la FILE\",\"description\":\"FILE Un accueil de qualit\u00e9 accessible \u00e0 tous\",\"potentialAction\":[{\"@type\":\"SearchAction\",\"target\":{\"@type\":\"EntryPoint\",\"urlTemplate\":\"https:\\\/\\\/www.fileasbl.be\\\/membres\\\/?s={search_term_string}\"},\"query-input\":{\"@type\":\"PropertyValueSpecification\",\"valueRequired\":true,\"valueName\":\"search_term_string\"}}],\"inLanguage\":\"fr-FR\"},{\"@type\":\"Person\",\"@id\":\"https:\\\/\\\/www.fileasbl.be\\\/membres\\\/#\\\/schema\\\/person\\\/5954a0c68c3a6f92f805465caa00d25f\",\"name\":\"Contact FILE\",\"url\":\"https:\\\/\\\/www.fileasbl.be\\\/membres\\\/author\\\/contactfile\\\/\"}]}<\/script>\n<!-- \/ Yoast SEO plugin. -->","yoast_head_json":{"title":"R\u00e9forme MILAC : premi\u00e8re vague ! - Site de la FILE","description":"Bonne nouvelle pour les milieux d'accueil de la petite enfance : la r\u00e9forme est maintenue !","robots":{"index":"index","follow":"follow","max-snippet":"max-snippet:-1","max-image-preview":"max-image-preview:large","max-video-preview":"max-video-preview:-1"},"canonical":"https:\/\/www.fileasbl.be\/membres\/reforme-milac-en-route-pour-la-premiere-vague-de-transformation\/","og_locale":"fr_FR","og_type":"article","og_title":"R\u00e9forme MILAC : premi\u00e8re vague ! - Site de la FILE","og_description":"Bonne nouvelle pour les milieux d'accueil de la petite enfance : la r\u00e9forme est maintenue !","og_url":"https:\/\/www.fileasbl.be\/membres\/reforme-milac-en-route-pour-la-premiere-vague-de-transformation\/","og_site_name":"Site de la FILE","article_publisher":"https:\/\/www.facebook.com\/fileasbl\/","article_published_time":"2020-02-27T16:18:51+00:00","article_modified_time":"2020-05-03T19:08:31+00:00","og_image":[{"width":1024,"height":536,"url":"https:\/\/www.fileasbl.be\/membres\/wp-content\/uploads\/2020\/02\/2020-Site-A-la-une-Milac-Premiere-Vague-1024x536.jpg","type":"image\/jpeg"}],"author":"Contact FILE","twitter_card":"summary_large_image","twitter_misc":{"\u00c9crit par":"Contact FILE","Dur\u00e9e de lecture estim\u00e9e":"2 minutes"},"schema":{"@context":"https:\/\/schema.org","@graph":[{"@type":"Article","@id":"https:\/\/www.fileasbl.be\/membres\/reforme-milac-en-route-pour-la-premiere-vague-de-transformation\/#article","isPartOf":{"@id":"https:\/\/www.fileasbl.be\/membres\/reforme-milac-en-route-pour-la-premiere-vague-de-transformation\/"},"author":{"name":"Contact FILE","@id":"https:\/\/www.fileasbl.be\/membres\/#\/schema\/person\/5954a0c68c3a6f92f805465caa00d25f"},"headline":"R\u00e9forme MILAC : premi\u00e8re vague !","datePublished":"2020-02-27T16:18:51+00:00","dateModified":"2020-05-03T19:08:31+00:00","mainEntityOfPage":{"@id":"https:\/\/www.fileasbl.be\/membres\/reforme-milac-en-route-pour-la-premiere-vague-de-transformation\/"},"wordCount":484,"commentCount":0,"image":{"@id":"https:\/\/www.fileasbl.be\/membres\/reforme-milac-en-route-pour-la-premiere-vague-de-transformation\/#primaryimage"},"thumbnailUrl":"http:\/\/www.fileasbl.be\/membres\/wp-content\/uploads\/2020\/02\/2020-Site-article-800x200-Milac-Premiere-vague.jpg","articleSection":["FESC","Milieu d'accueil 0-3 ans","Notes juridiques","Notes politiques","R\u00e9forme MILAC","Statut des accueillantes"],"inLanguage":"fr-FR","potentialAction":[{"@type":"CommentAction","name":"Comment","target":["https:\/\/www.fileasbl.be\/membres\/reforme-milac-en-route-pour-la-premiere-vague-de-transformation\/#respond"]}]},{"@type":"WebPage","@id":"https:\/\/www.fileasbl.be\/membres\/reforme-milac-en-route-pour-la-premiere-vague-de-transformation\/","url":"https:\/\/www.fileasbl.be\/membres\/reforme-milac-en-route-pour-la-premiere-vague-de-transformation\/","name":"R\u00e9forme MILAC : premi\u00e8re vague ! - Site de la FILE","isPartOf":{"@id":"https:\/\/www.fileasbl.be\/membres\/#website"},"primaryImageOfPage":{"@id":"https:\/\/www.fileasbl.be\/membres\/reforme-milac-en-route-pour-la-premiere-vague-de-transformation\/#primaryimage"},"image":{"@id":"https:\/\/www.fileasbl.be\/membres\/reforme-milac-en-route-pour-la-premiere-vague-de-transformation\/#primaryimage"},"thumbnailUrl":"http:\/\/www.fileasbl.be\/membres\/wp-content\/uploads\/2020\/02\/2020-Site-article-800x200-Milac-Premiere-vague.jpg","datePublished":"2020-02-27T16:18:51+00:00","dateModified":"2020-05-03T19:08:31+00:00","author":{"@id":"https:\/\/www.fileasbl.be\/membres\/#\/schema\/person\/5954a0c68c3a6f92f805465caa00d25f"},"description":"Bonne nouvelle pour les milieux d'accueil de la petite enfance : la r\u00e9forme est maintenue !","breadcrumb":{"@id":"https:\/\/www.fileasbl.be\/membres\/reforme-milac-en-route-pour-la-premiere-vague-de-transformation\/#breadcrumb"},"inLanguage":"fr-FR","potentialAction":[{"@type":"ReadAction","target":["https:\/\/www.fileasbl.be\/membres\/reforme-milac-en-route-pour-la-premiere-vague-de-transformation\/"]}]},{"@type":"ImageObject","inLanguage":"fr-FR","@id":"https:\/\/www.fileasbl.be\/membres\/reforme-milac-en-route-pour-la-premiere-vague-de-transformation\/#primaryimage","url":"http:\/\/www.fileasbl.be\/membres\/wp-content\/uploads\/2020\/02\/2020-Site-article-800x200-Milac-Premiere-vague.jpg","contentUrl":"http:\/\/www.fileasbl.be\/membres\/wp-content\/uploads\/2020\/02\/2020-Site-article-800x200-Milac-Premiere-vague.jpg"},{"@type":"BreadcrumbList","@id":"https:\/\/www.fileasbl.be\/membres\/reforme-milac-en-route-pour-la-premiere-vague-de-transformation\/#breadcrumb","itemListElement":[{"@type":"ListItem","position":1,"name":"Accueil","item":"https:\/\/www.fileasbl.be\/membres\/"},{"@type":"ListItem","position":2,"name":"R\u00e9forme MILAC : premi\u00e8re vague !"}]},{"@type":"WebSite","@id":"https:\/\/www.fileasbl.be\/membres\/#website","url":"https:\/\/www.fileasbl.be\/membres\/","name":"Site de la FILE","description":"FILE Un accueil de qualit\u00e9 accessible \u00e0 tous","potentialAction":[{"@type":"SearchAction","target":{"@type":"EntryPoint","urlTemplate":"https:\/\/www.fileasbl.be\/membres\/?s={search_term_string}"},"query-input":{"@type":"PropertyValueSpecification","valueRequired":true,"valueName":"search_term_string"}}],"inLanguage":"fr-FR"},{"@type":"Person","@id":"https:\/\/www.fileasbl.be\/membres\/#\/schema\/person\/5954a0c68c3a6f92f805465caa00d25f","name":"Contact FILE","url":"https:\/\/www.fileasbl.be\/membres\/author\/contactfile\/"}]}},"builder_content":"<img src=\"http:\/\/www.fileasbl.be\/membres\/wp-content\/uploads\/2020\/02\/2020-Site-article-800x200-Milac-Premiere-vague.jpg\" title=\"R\u00e9forme MILAC : premi\u00e8re vague !\" alt=\"R\u00e9forme MILAC : premi\u00e8re vague !\">\n<h3><strong>La premi\u00e8re vague de transformation 2020-2022 est lanc\u00e9e.<\/strong><\/h3> <p>\u00a0<\/p> <p>Elle concerne\u00a0:<\/p> <ul> <li>Les services d\u2019accueillant(e)s d\u2019enfants conventionn\u00e9(e)s (avec ou sans lien avec une cr\u00e8che\/MCAE) qui souhaitent transformer un\/des co-accueil(s) en cr\u00e8che de niveau 2\u00a0;<\/li> <li>Les cr\u00e8ches\u00a0;<\/li> <li>Les MCAE, pr\u00e9gardiennat, cr\u00e8ches parentales, milieux d\u2019accueil fonds de solidarit\u00e9 2\u00a0;<\/li> <li>Les maisons d\u2019enfants et haltes accueil disposant d\u2019un subside ex. FESC (urgence\/flexible), ex FSE et\/ou halte accueil ou disposant d\u2019assez d\u2019APE\/ACS\u00a0qui souhaitent se transformer en cr\u00e8che de niveau 2 ou 3.<\/li> <\/ul> <p><strong>Au niveau autorisation<\/strong>, cette vague de transformation vise \u00e0\u00a0:<\/p> <ul> <li>Pour les cr\u00e8ches : ouvrir la possibilit\u00e9 d\u2019augmenter la capacit\u00e9 jusqu\u2019\u00e0 la tranche de 7 places sup\u00e9rieure ;<\/li> <li>Pour les autres milieux d\u2019accueil concern\u00e9s\u00a0:<\/li> <\/ul> <ol> <li style=\"list-style-type: none;\"> <ol> <li>Remplacer leurs autorisations par des autorisations CRECHES-anciennes normes ;<\/li> <li>Ouvrir la possibilit\u00e9 d\u2019augmenter la capacit\u00e9 jusqu\u2019\u00e0 la tranche de 7 places sup\u00e9rieure.\u00a0<\/li> <\/ol> <\/li> <\/ol> <p><strong>Au niveau subventionnement<\/strong>, l\u2019entr\u00e9e dans le processus de transformation vous permettra de b\u00e9n\u00e9ficier d\u00e8s cette ann\u00e9e du syst\u00e8me de financement progressif mis en \u0153uvre par la r\u00e9forme sur la p\u00e9riode 2020-2025.<\/p> <p>Pour rappel, cette subvention couvre des frais de personnel et non des frais de fonctionnement.<\/p> <p>Pour 2020, une premi\u00e8re tranche de financement est lib\u00e9r\u00e9e \u00e0 concurrence de 250 euros par place, dont l\u2019utilisation est \u00e0 justifier en frais de personnel.<\/p>\n<h2>\u00a0 \u00a0 Personnes de contact \u00e0 la FILE<\/h2> <p>\u00a0 \u00a0 \u00a0<strong>Isaline De Plaen<\/strong>, Assistante juridique<\/p> <p>\u00a0 \u00a0 \u00a0<strong>C\u00e9cile Van Honst\u00e9<\/strong>, Directrice<\/p> <p style=\"padding-left: 40px;\">contact(at)fileasbl.be<\/p>\n<h2 style=\"padding-left: 40px; text-align: center;\">Documents utiles<\/h2> <p>\u00a0<\/p> <ul> <li><a href=\"https:\/\/www.one.be\/professionnel\/milieux-daccueil\/accueil-en-transition\/transformation\/\">La page \u00ab transformation \u00bb du site de l'ONE<\/a><\/li> <li><a href=\"http:\/\/www.fileasbl.be\/membres\/wp-content\/uploads\/2019\/12\/2019-12-12-Position-politique-FILE-r\u00e9forme-Milac.pdf\" target=\"_blank\" rel=\"noopener\">Position de la FILE sur la r\u00e9forme<\/a><\/li> <\/ul>\n<p>!! Pour les milieux d\u2019accueil qui b\u00e9n\u00e9ficient d\u2019un subside ex-fesc, ex-fse, ex-halte accueil, ayez \u00e0 l\u2019esprit qu\u2019en int\u00e9grant le processus de transformation d\u00e8s 2020, vos subsides seront transform\u00e9s en subsides r\u00e9forme, c\u2019est-\u00e0-dire en frais de personnel exclusivement. Il serait donc int\u00e9ressant de v\u00e9rifier si un passage en mod\u00e8le r\u00e9forme d\u00e8s \u00e0 pr\u00e9sent est avantageux ou s\u2019il est pr\u00e9f\u00e9rable de maintenir vos subsides actuels et d\u2019attendre le 31 d\u00e9cembre 2022 (date butoir pour que l\u2019ONE d\u00e9livre les nouvelles autorisations).<\/p>\n<p>Si vous souhaitez entrer dans le processus de transformation, et \u00e9ventuellement augmenter le nombre de places, une d\u00e9claration d\u2019intention est \u00e0 renvoyer \u00e0 l\u2019ONE (Administration Centrale-D\u00e9partement Accueil Direction Appui et Conseil) <strong><u>pour le 30 avril 2020 au plus tard<\/u><\/strong>.<\/p> <p>Les formulaires de d\u00e9claration d\u2019intention sont disponibles sur la page \u00ab\u00a0<a href=\"https:\/\/www.one.be\/professionnel\/milieux-daccueil\/accueil-en-transition\/transformation\/\" target=\"_blank\" rel=\"noopener\">transformation<\/a>\u00a0\u00bb du site ONE.<\/p> <p>Vous trouverez \u00e9galement sur cette page\u00a0:<\/p> <ul> <li>Un <a href=\"https:\/\/www.one.be\/fileadmin\/user_upload\/siteone\/PRO\/Milieux_accueil\/Reforme\/Formations-initiales-CRECHE-SUBSIDE-ACCESSIBILITE.pdf\" target=\"_blank\" rel=\"noopener\">r\u00e9capitulatif des qualifications reconnues<\/a> pour les cr\u00e8ches de niveau 2 et 3 ;<\/li> <li>Des guides pratiques de transformation par type de structure : <ul> <li>Le <a href=\"https:\/\/www.one.be\/fileadmin\/user_upload\/siteone\/PRO\/Milieux_accueil\/Reforme\/Guide-creche.pdf\" target=\"_blank\" rel=\"noopener\">guide \u00ab cr\u00e8che \u00bb<\/a><\/li> <li>Le <a href=\"https:\/\/www.one.be\/fileadmin\/user_upload\/siteone\/PRO\/Milieux_accueil\/Reforme\/Guide-Co-accueil.pdf\" target=\"_blank\" rel=\"noopener\">guide \u00ab co-accueil \u00bb<\/a><\/li> <li>Les <a href=\"https:\/\/www.one.be\/fileadmin\/user_upload\/siteone\/PRO\/Milieux_accueil\/Reforme\/Guide-MCAE.pdf\" target=\"_blank\" rel=\"noopener\">guides \u00ab MCAE \u00bb, \u00ab pr\u00e9gardiennat \u00bb, \u00ab cr\u00e8che parentale \u00bb, \u00ab fonds de solidarit\u00e9 2 \u00bb<\/a><\/li> <li>Les <a href=\"https:\/\/www.one.be\/fileadmin\/user_upload\/siteone\/PRO\/Milieux_accueil\/Reforme\/Guide-Halte-accueil.pdf\" target=\"_blank\" rel=\"noopener\">guides \u00ab Halte d\u2019accueil \u00bb et \u00ab maisons d\u2019enfants \u00bb<\/a><\/li> <\/ul> <\/li> <\/ul>","_links":{"self":[{"href":"https:\/\/www.fileasbl.be\/membres\/wp-json\/wp\/v2\/posts\/9863","targetHints":{"allow":["GET"]}}],"collection":[{"href":"https:\/\/www.fileasbl.be\/membres\/wp-json\/wp\/v2\/posts"}],"about":[{"href":"https:\/\/www.fileasbl.be\/membres\/wp-json\/wp\/v2\/types\/post"}],"author":[{"embeddable":true,"href":"https:\/\/www.fileasbl.be\/membres\/wp-json\/wp\/v2\/users\/2"}],"replies":[{"embeddable":true,"href":"https:\/\/www.fileasbl.be\/membres\/wp-json\/wp\/v2\/comments?post=9863"}],"version-history":[{"count":0,"href":"https:\/\/www.fileasbl.be\/membres\/wp-json\/wp\/v2\/posts\/9863\/revisions"}],"wp:attachment":[{"href":"https:\/\/www.fileasbl.be\/membres\/wp-json\/wp\/v2\/media?parent=9863"}],"wp:term":[{"taxonomy":"category","embeddable":true,"href":"https:\/\/www.fileasbl.be\/membres\/wp-json\/wp\/v2\/categories?post=9863"},{"taxonomy":"post_tag","embeddable":true,"href":"https:\/\/www.fileasbl.be\/membres\/wp-json\/wp\/v2\/tags?post=9863"}],"curies":[{"name":"wp","href":"https:\/\/api.w.org\/{rel}","templated":true}]}}